{"id":8403,"date":"2019-10-25T06:00:17","date_gmt":"2019-10-25T04:00:17","guid":{"rendered":"https:\/\/blogs.uef.fi\/ueflibrary\/?p=8403"},"modified":"2026-01-14T16:01:17","modified_gmt":"2026-01-14T14:01:17","slug":"avoimen-tieteen-edistaja-2019-open-science-award-2019","status":"publish","type":"post","link":"https:\/\/blogs.uef.fi\/ueflibrary\/avoimen-tieteen-edistaja-2019-open-science-award-2019\/","title":{"rendered":"Avoimen tieteen edist\u00e4j\u00e4 2019 | Open Science Award 2019"},"content":{"rendered":"\n<p><bdo lang=\"en\" dir=\"ltr\">(Please, scroll down to read in English.)<\/bdo><\/p>\n\n\n\n<p>Vuotuisella <a href=\"https:\/\/www.uef.fi\/fi\/web\/kirjasto\/etusivu\/-\/asset_publisher\/ETeG7U6qDdWL\/content\/kansainvalinen-open-access-viikko-21-27-10-2019?inheritRedirect=false&amp;redirect=https%3A%2F%2Fwww.uef.fi%2Ffi%2Fweb%2Fkirjasto%2Fetusivu%3Fp_p_id%3D101_INSTANCE_ETeG7U6qDdWL%26p_p_lifecycle%3D0%26p_p_state%3Dnormal%26p_p_mode%3Dview%26p_p_col_id%3Dcolumn-1%26p_p_col_count%3D3\" target=\"_blank\" rel=\"noopener\">Avoimen tieteen teemaviikolla<\/a> palkittiin t\u00e4n\u00e4 vuonna jo nelj\u00e4nnen kerran yliopiston taho, joka on ty\u00f6ll\u00e4\u00e4n ajanut tieteen avoimuuden asiaa eteenp\u00e4in. J\u00e4rjestyksess\u00e4\u00e4n nelj\u00e4s avoimen tieteen edist\u00e4j\u00e4n kunniakirja luovutettiin eilen yliopiston kirjastolle.<\/p>\n\n\n\n<p>It\u00e4-Suomen yliopiston kirjasto on toiminut aktiivisena avoimen tieteen ja tutkimuksen edist\u00e4j\u00e4n\u00e4 koko yliopistomme toiminnan ajan. Kirjasto edisti avointa julkaisemista jo yliopiston suunnitteluvaiheessa. Rinnakkaistallentaminen eteni kansallisen avoimen tieteen ja tutkimuksen (ATT) rahoittamalla yhteishankkeella. Viime vuosina yliopiston kirjasto on koordinoinut avoimen tieteen palveluita yliopistossa ja luonut yhdess\u00e4 yliopiston muiden toimijoiden kanssa palvelut avoimen tieteen toteuttamiselle ja samalla edist\u00e4nyt aihealueen osaamista koulutuksillaan. Lis\u00e4ksi kirjaston ty\u00f6ntekij\u00f6it\u00e4 on mukana vaikuttamassa kansallisissa ja kansainv\u00e4lisiss\u00e4 avoimen tieteen toimielimiss\u00e4.<\/p>\n\n\n\n<figure class=\"wp-block-image alignnone wp-image-8417\"><img loading=\"lazy\" decoding=\"async\" width=\"4032\" height=\"3024\" src=\"https:\/\/blogs.uef.fi\/ueflibrary\/wp-content\/uploads\/sites\/18\/2019\/10\/2019-10-24_Avoimen_tieteen_edistaja_Kirjasto_Kunniakirja_AnuLiikanen_JarmoSaarti.jpg\" alt=\"Kirjasto, rullajuliste, iloinen, nainen, mies, kunniakirja. Library, roll-up, happy, woman, man, award.\" class=\"wp-image-8417\" srcset=\"https:\/\/blogs.uef.fi\/ueflibrary\/wp-content\/uploads\/sites\/18\/2019\/10\/2019-10-24_Avoimen_tieteen_edistaja_Kirjasto_Kunniakirja_AnuLiikanen_JarmoSaarti.jpg 4032w, https:\/\/blogs.uef.fi\/ueflibrary\/wp-content\/uploads\/sites\/18\/2019\/10\/2019-10-24_Avoimen_tieteen_edistaja_Kirjasto_Kunniakirja_AnuLiikanen_JarmoSaarti-151x113.jpg 151w, https:\/\/blogs.uef.fi\/ueflibrary\/wp-content\/uploads\/sites\/18\/2019\/10\/2019-10-24_Avoimen_tieteen_edistaja_Kirjasto_Kunniakirja_AnuLiikanen_JarmoSaarti-768x576.jpg 768w, https:\/\/blogs.uef.fi\/ueflibrary\/wp-content\/uploads\/sites\/18\/2019\/10\/2019-10-24_Avoimen_tieteen_edistaja_Kirjasto_Kunniakirja_AnuLiikanen_JarmoSaarti-300x225.jpg 300w, https:\/\/blogs.uef.fi\/ueflibrary\/wp-content\/uploads\/sites\/18\/2019\/10\/2019-10-24_Avoimen_tieteen_edistaja_Kirjasto_Kunniakirja_AnuLiikanen_JarmoSaarti-850x638.jpg 850w\" sizes=\"auto, (max-width: 4032px) 100vw, 4032px\" \/><figcaption class=\"wp-element-caption\">Kunniakirjan luovutti kirjastonjohtaja Jarmo Saartille tutkimuksen kehitt\u00e4misp\u00e4\u00e4likk\u00f6 Anu Liikanen. | <bdo lang=\"en\" dir=\"ltr\">The certificate of honour was handed over to Library Director Jarmo Saarti by Research Development Manager Anu Liikanen.<\/bdo><\/figcaption><\/figure>\n\n\n\n<p>Aiemmin palkitut | <bdo lang=\"en\" dir=\"ltr\">Previously awarded<\/bdo><\/p>\n\n\n\n<ul class=\"wp-block-list\">\n<li><a href=\"https:\/\/blogs.uef.fi\/ueflibrary\/ita-suomen-yliopisto-aloitti-rinnakkaistallentamisen-uef-launches-self-archiving-of-scientific-articles\/\" target=\"_blank\" rel=\"noopener\">2016 Digitarium<\/a><\/li>\n\n\n\n<li><a href=\"https:\/\/blogs.uef.fi\/ueflibrary\/avoimen-tieteen-edistaja-valittu-vuodelle-2017-open-science-award-2017-winner-chosen\/\" target=\"_blank\" rel=\"noopener\">2017 Tuula Honkanen<\/a><\/li>\n\n\n\n<li><a href=\"https:\/\/blogs.uef.fi\/ueflibrary\/avoimen-tieteen-edistaja-2018-open-science-award-2018-winner\/\" target=\"_blank\" rel=\"noopener\">2018 Tomi Kinnunen<\/a><\/li>\n<\/ul>\n\n\n\n<p><bdo lang=\"en\" dir=\"ltr\">This year 2019, the UEF Library is awarded the contributor for open science and open access. The award is now given for the fourth time in a row during the <a href=\"http:\/\/www.openaccessweek.org\/\" target=\"_blank\" rel=\"noopener\">International Open Access Week<\/a>.<\/bdo><\/p>\n\n\n\n<p><bdo lang=\"en\" dir=\"ltr\">The University of Eastern Finland Library actively promotes open science and research. The library advanced open publishing already at the planning stage of the UEF. In recent years, the Library has co-ordinated open science services at the University and, together with other University actors, has created services for the implementation of open science. By providing training the library has a role in increasing the competence in open science. In addition, members of the library staff are involved in the national open science working groups and in international networks.<\/bdo><\/p>\n\n\n\n<p>Tuula Rissanen, tietoasiantuntija | <bdo lang=\"en\" dir=\"ltr\">Information Specialist<\/bdo><br \/>Tuulevi Ovaska, erityistietoasiantuntija |<bdo lang=\"en\" dir=\"ltr\"> Communications Coordinator &amp; Information Specialist<\/bdo><br \/>Opetus- ja tietopalvelut | <bdo lang=\"en\" dir=\"ltr\">Training &amp; Information Services<\/bdo><\/p>\n","protected":false},"excerpt":{"rendered":"<p>(Please, scroll down to read in English.) Vuotuisella Avoimen tieteen teemaviikolla palkittiin t\u00e4n\u00e4 vuonna jo nelj\u00e4nnen kerran yliopiston taho, joka on ty\u00f6ll\u00e4\u00e4n ajanut tieteen avoimuuden asiaa eteenp\u00e4in. J\u00e4rjestyksess\u00e4\u00e4n nelj\u00e4s avoimen tieteen edist\u00e4j\u00e4n kunniakirja luovutettiin eilen yliopiston kirjastolle. It\u00e4-Suomen yliopiston kirjasto on toiminut aktiivisena avoimen tieteen ja tutkimuksen edist\u00e4j\u00e4n\u00e4 koko yliopistomme toiminnan ajan. Kirjasto edisti avointa [&hellip;]<\/p>\n","protected":false},"author":72,"featured_media":0,"comment_status":"open","ping_status":"open","sticky":false,"template":"","format":"standard","meta":{"_acf_changed":false,"footnotes":""},"categories":[410],"tags":[32,409],"class_list":["post-8403","post","type-post","status-publish","format-standard","hentry","category-ajankohtaista","tag-avoin-tiede","tag-open-science"],"acf":[],"yoast_head":"<!-- This site is optimized with the Yoast SEO plugin v27.3 - https:\/\/yoast.com\/product\/yoast-seo-wordpress\/ -->\n<title>Avoimen tieteen edist\u00e4j\u00e4 2019 | Open Science Award 2019 | UEF Library<\/title>\n<meta name=\"robots\" content=\"index, follow, max-snippet:-1, max-image-preview:large, max-video-preview:-1\" \/>\n<link rel=\"canonical\" href=\"https:\/\/blogs.uef.fi\/ueflibrary\/avoimen-tieteen-edistaja-2019-open-science-award-2019\/\" \/>\n<meta property=\"og:locale\" content=\"fi_FI\" \/>\n<meta property=\"og:type\" content=\"article\" \/>\n<meta property=\"og:title\" content=\"Avoimen tieteen edist\u00e4j\u00e4 2019 | Open Science Award 2019 | UEF Library\" \/>\n<meta property=\"og:description\" content=\"(Please, scroll down to read in English.) Vuotuisella Avoimen tieteen teemaviikolla palkittiin t\u00e4n\u00e4 vuonna jo nelj\u00e4nnen kerran yliopiston taho, joka on ty\u00f6ll\u00e4\u00e4n ajanut tieteen avoimuuden asiaa eteenp\u00e4in. J\u00e4rjestyksess\u00e4\u00e4n nelj\u00e4s avoimen tieteen edist\u00e4j\u00e4n kunniakirja luovutettiin eilen yliopiston kirjastolle. It\u00e4-Suomen yliopiston kirjasto on toiminut aktiivisena avoimen tieteen ja tutkimuksen edist\u00e4j\u00e4n\u00e4 koko yliopistomme toiminnan ajan. Kirjasto edisti avointa [&hellip;]\" \/>\n<meta property=\"og:url\" content=\"https:\/\/blogs.uef.fi\/ueflibrary\/avoimen-tieteen-edistaja-2019-open-science-award-2019\/\" \/>\n<meta property=\"og:site_name\" content=\"UEF Library\" \/>\n<meta property=\"article:publisher\" content=\"https:\/\/www.facebook.com\/ueflibrary\" \/>\n<meta property=\"article:published_time\" content=\"2019-10-25T04:00:17+00:00\" \/>\n<meta property=\"article:modified_time\" content=\"2026-01-14T14:01:17+00:00\" \/>\n<meta property=\"og:image\" content=\"https:\/\/blogs.uef.fi\/ueflibrary\/wp-content\/uploads\/sites\/18\/2019\/10\/2019-10-24_Avoimen_tieteen_edistaja_Kirjasto_Kunniakirja_AnuLiikanen_JarmoSaarti.jpg\" \/>\n\t<meta property=\"og:image:width\" content=\"2500\" \/>\n\t<meta property=\"og:image:height\" content=\"1875\" \/>\n\t<meta property=\"og:image:type\" content=\"image\/jpeg\" \/>\n<meta name=\"author\" content=\"ueflibrary\" \/>\n<meta name=\"twitter:card\" content=\"summary_large_image\" \/>\n<meta name=\"twitter:creator\" content=\"@ueflibrary\" \/>\n<meta name=\"twitter:site\" content=\"@ueflibrary\" \/>\n<meta name=\"twitter:label1\" content=\"Kirjoittanut\" \/>\n\t<meta name=\"twitter:data1\" content=\"ueflibrary\" \/>\n\t<meta name=\"twitter:label2\" content=\"Arvioitu lukuaika\" \/>\n\t<meta name=\"twitter:data2\" content=\"3 minuuttia\" \/>\n<script type=\"application\/ld+json\" class=\"yoast-schema-graph\">{\"@context\":\"https:\\\/\\\/schema.org\",\"@graph\":[{\"@type\":\"Article\",\"@id\":\"https:\\\/\\\/blogs.uef.fi\\\/ueflibrary\\\/avoimen-tieteen-edistaja-2019-open-science-award-2019\\\/#article\",\"isPartOf\":{\"@id\":\"https:\\\/\\\/blogs.uef.fi\\\/ueflibrary\\\/avoimen-tieteen-edistaja-2019-open-science-award-2019\\\/\"},\"author\":{\"name\":\"ueflibrary\",\"@id\":\"https:\\\/\\\/blogs.uef.fi\\\/ueflibrary\\\/#\\\/schema\\\/person\\\/a8e211011f90578da5fdd0c5aacfeee3\"},\"headline\":\"Avoimen tieteen edist\u00e4j\u00e4 2019 | Open Science Award 2019\",\"datePublished\":\"2019-10-25T04:00:17+00:00\",\"dateModified\":\"2026-01-14T14:01:17+00:00\",\"mainEntityOfPage\":{\"@id\":\"https:\\\/\\\/blogs.uef.fi\\\/ueflibrary\\\/avoimen-tieteen-edistaja-2019-open-science-award-2019\\\/\"},\"wordCount\":312,\"commentCount\":0,\"publisher\":{\"@id\":\"https:\\\/\\\/blogs.uef.fi\\\/ueflibrary\\\/#organization\"},\"image\":{\"@id\":\"https:\\\/\\\/blogs.uef.fi\\\/ueflibrary\\\/avoimen-tieteen-edistaja-2019-open-science-award-2019\\\/#primaryimage\"},\"thumbnailUrl\":\"https:\\\/\\\/blogs.uef.fi\\\/ueflibrary\\\/wp-content\\\/uploads\\\/sites\\\/18\\\/2019\\\/10\\\/2019-10-24_Avoimen_tieteen_edistaja_Kirjasto_Kunniakirja_AnuLiikanen_JarmoSaarti.jpg\",\"keywords\":[\"avoin tiede\",\"open science\"],\"articleSection\":[\"Ajankohtaista | News\"],\"inLanguage\":\"fi\",\"potentialAction\":[{\"@type\":\"CommentAction\",\"name\":\"Comment\",\"target\":[\"https:\\\/\\\/blogs.uef.fi\\\/ueflibrary\\\/avoimen-tieteen-edistaja-2019-open-science-award-2019\\\/#respond\"]}]},{\"@type\":\"WebPage\",\"@id\":\"https:\\\/\\\/blogs.uef.fi\\\/ueflibrary\\\/avoimen-tieteen-edistaja-2019-open-science-award-2019\\\/\",\"url\":\"https:\\\/\\\/blogs.uef.fi\\\/ueflibrary\\\/avoimen-tieteen-edistaja-2019-open-science-award-2019\\\/\",\"name\":\"Avoimen tieteen edist\u00e4j\u00e4 2019 | Open Science Award 2019 | UEF Library\",\"isPartOf\":{\"@id\":\"https:\\\/\\\/blogs.uef.fi\\\/ueflibrary\\\/#website\"},\"primaryImageOfPage\":{\"@id\":\"https:\\\/\\\/blogs.uef.fi\\\/ueflibrary\\\/avoimen-tieteen-edistaja-2019-open-science-award-2019\\\/#primaryimage\"},\"image\":{\"@id\":\"https:\\\/\\\/blogs.uef.fi\\\/ueflibrary\\\/avoimen-tieteen-edistaja-2019-open-science-award-2019\\\/#primaryimage\"},\"thumbnailUrl\":\"https:\\\/\\\/blogs.uef.fi\\\/ueflibrary\\\/wp-content\\\/uploads\\\/sites\\\/18\\\/2019\\\/10\\\/2019-10-24_Avoimen_tieteen_edistaja_Kirjasto_Kunniakirja_AnuLiikanen_JarmoSaarti.jpg\",\"datePublished\":\"2019-10-25T04:00:17+00:00\",\"dateModified\":\"2026-01-14T14:01:17+00:00\",\"inLanguage\":\"fi\",\"potentialAction\":[{\"@type\":\"ReadAction\",\"target\":[\"https:\\\/\\\/blogs.uef.fi\\\/ueflibrary\\\/avoimen-tieteen-edistaja-2019-open-science-award-2019\\\/\"]}]},{\"@type\":\"ImageObject\",\"inLanguage\":\"fi\",\"@id\":\"https:\\\/\\\/blogs.uef.fi\\\/ueflibrary\\\/avoimen-tieteen-edistaja-2019-open-science-award-2019\\\/#primaryimage\",\"url\":\"https:\\\/\\\/blogs.uef.fi\\\/ueflibrary\\\/wp-content\\\/uploads\\\/sites\\\/18\\\/2019\\\/10\\\/2019-10-24_Avoimen_tieteen_edistaja_Kirjasto_Kunniakirja_AnuLiikanen_JarmoSaarti.jpg\",\"contentUrl\":\"https:\\\/\\\/blogs.uef.fi\\\/ueflibrary\\\/wp-content\\\/uploads\\\/sites\\\/18\\\/2019\\\/10\\\/2019-10-24_Avoimen_tieteen_edistaja_Kirjasto_Kunniakirja_AnuLiikanen_JarmoSaarti.jpg\",\"width\":4032,\"height\":3024},{\"@type\":\"WebSite\",\"@id\":\"https:\\\/\\\/blogs.uef.fi\\\/ueflibrary\\\/#website\",\"url\":\"https:\\\/\\\/blogs.uef.fi\\\/ueflibrary\\\/\",\"name\":\"UEF Library\",\"description\":\"Open science for open minds\",\"publisher\":{\"@id\":\"https:\\\/\\\/blogs.uef.fi\\\/ueflibrary\\\/#organization\"},\"potentialAction\":[{\"@type\":\"SearchAction\",\"target\":{\"@type\":\"EntryPoint\",\"urlTemplate\":\"https:\\\/\\\/blogs.uef.fi\\\/ueflibrary\\\/?s={search_term_string}\"},\"query-input\":{\"@type\":\"PropertyValueSpecification\",\"valueRequired\":true,\"valueName\":\"search_term_string\"}}],\"inLanguage\":\"fi\"},{\"@type\":\"Organization\",\"@id\":\"https:\\\/\\\/blogs.uef.fi\\\/ueflibrary\\\/#organization\",\"name\":\"UEF Library\",\"url\":\"https:\\\/\\\/blogs.uef.fi\\\/ueflibrary\\\/\",\"logo\":{\"@type\":\"ImageObject\",\"inLanguage\":\"fi\",\"@id\":\"https:\\\/\\\/blogs.uef.fi\\\/ueflibrary\\\/#\\\/schema\\\/logo\\\/image\\\/\",\"url\":\"https:\\\/\\\/blogs.uef.fi\\\/ueflibrary\\\/wp-content\\\/uploads\\\/sites\\\/18\\\/2018\\\/04\\\/Logo-kirjasto.png\",\"contentUrl\":\"https:\\\/\\\/blogs.uef.fi\\\/ueflibrary\\\/wp-content\\\/uploads\\\/sites\\\/18\\\/2018\\\/04\\\/Logo-kirjasto.png\",\"width\":300,\"height\":300,\"caption\":\"UEF Library\"},\"image\":{\"@id\":\"https:\\\/\\\/blogs.uef.fi\\\/ueflibrary\\\/#\\\/schema\\\/logo\\\/image\\\/\"},\"sameAs\":[\"https:\\\/\\\/www.facebook.com\\\/ueflibrary\",\"https:\\\/\\\/x.com\\\/ueflibrary\",\"https:\\\/\\\/www.instagram.com\\\/ueflibrary\\\/\",\"https:\\\/\\\/www.youtube.com\\\/user\\\/UEFLibrary\"]},{\"@type\":\"Person\",\"@id\":\"https:\\\/\\\/blogs.uef.fi\\\/ueflibrary\\\/#\\\/schema\\\/person\\\/a8e211011f90578da5fdd0c5aacfeee3\",\"name\":\"ueflibrary\",\"image\":{\"@type\":\"ImageObject\",\"inLanguage\":\"fi\",\"@id\":\"https:\\\/\\\/secure.gravatar.com\\\/avatar\\\/1c4267db9d0c1de64a30db93f9480cb1dc4a079fcec0109e406050c596cb2ca7?s=96&d=blank&r=g\",\"url\":\"https:\\\/\\\/secure.gravatar.com\\\/avatar\\\/1c4267db9d0c1de64a30db93f9480cb1dc4a079fcec0109e406050c596cb2ca7?s=96&d=blank&r=g\",\"contentUrl\":\"https:\\\/\\\/secure.gravatar.com\\\/avatar\\\/1c4267db9d0c1de64a30db93f9480cb1dc4a079fcec0109e406050c596cb2ca7?s=96&d=blank&r=g\",\"caption\":\"ueflibrary\"},\"description\":\"The UEF Library is a public academic library offering state-of-the-art library and information services especially for the university's staff members and students. However, the library is also open to everyone else who is seeking information. The UEF Library campus libraries are in Joensuu, Kuopio and Savonlinna, and in the Kuopio there is also the KUH Medical Library. The electronic collections can be accessed also off-campus by UEF staff and students.\",\"sameAs\":[\"http:\\\/\\\/www.uef.fi\\\/en\\\/web\\\/kirjasto\"],\"url\":\"https:\\\/\\\/blogs.uef.fi\\\/ueflibrary\\\/author\\\/ueflibrary\\\/\"}]}<\/script>\n<!-- \/ Yoast SEO plugin. -->","yoast_head_json":{"title":"Avoimen tieteen edist\u00e4j\u00e4 2019 | Open Science Award 2019 | UEF Library","robots":{"index":"index","follow":"follow","max-snippet":"max-snippet:-1","max-image-preview":"max-image-preview:large","max-video-preview":"max-video-preview:-1"},"canonical":"https:\/\/blogs.uef.fi\/ueflibrary\/avoimen-tieteen-edistaja-2019-open-science-award-2019\/","og_locale":"fi_FI","og_type":"article","og_title":"Avoimen tieteen edist\u00e4j\u00e4 2019 | Open Science Award 2019 | UEF Library","og_description":"(Please, scroll down to read in English.) Vuotuisella Avoimen tieteen teemaviikolla palkittiin t\u00e4n\u00e4 vuonna jo nelj\u00e4nnen kerran yliopiston taho, joka on ty\u00f6ll\u00e4\u00e4n ajanut tieteen avoimuuden asiaa eteenp\u00e4in. J\u00e4rjestyksess\u00e4\u00e4n nelj\u00e4s avoimen tieteen edist\u00e4j\u00e4n kunniakirja luovutettiin eilen yliopiston kirjastolle. It\u00e4-Suomen yliopiston kirjasto on toiminut aktiivisena avoimen tieteen ja tutkimuksen edist\u00e4j\u00e4n\u00e4 koko yliopistomme toiminnan ajan. Kirjasto edisti avointa [&hellip;]","og_url":"https:\/\/blogs.uef.fi\/ueflibrary\/avoimen-tieteen-edistaja-2019-open-science-award-2019\/","og_site_name":"UEF Library","article_publisher":"https:\/\/www.facebook.com\/ueflibrary","article_published_time":"2019-10-25T04:00:17+00:00","article_modified_time":"2026-01-14T14:01:17+00:00","og_image":[{"url":"https:\/\/blogs.uef.fi\/ueflibrary\/wp-content\/uploads\/sites\/18\/2019\/10\/2019-10-24_Avoimen_tieteen_edistaja_Kirjasto_Kunniakirja_AnuLiikanen_JarmoSaarti.jpg","width":2500,"height":1875,"type":"image\/jpeg"}],"author":"ueflibrary","twitter_card":"summary_large_image","twitter_creator":"@ueflibrary","twitter_site":"@ueflibrary","twitter_misc":{"Kirjoittanut":"ueflibrary","Arvioitu lukuaika":"3 minuuttia"},"schema":{"@context":"https:\/\/schema.org","@graph":[{"@type":"Article","@id":"https:\/\/blogs.uef.fi\/ueflibrary\/avoimen-tieteen-edistaja-2019-open-science-award-2019\/#article","isPartOf":{"@id":"https:\/\/blogs.uef.fi\/ueflibrary\/avoimen-tieteen-edistaja-2019-open-science-award-2019\/"},"author":{"name":"ueflibrary","@id":"https:\/\/blogs.uef.fi\/ueflibrary\/#\/schema\/person\/a8e211011f90578da5fdd0c5aacfeee3"},"headline":"Avoimen tieteen edist\u00e4j\u00e4 2019 | Open Science Award 2019","datePublished":"2019-10-25T04:00:17+00:00","dateModified":"2026-01-14T14:01:17+00:00","mainEntityOfPage":{"@id":"https:\/\/blogs.uef.fi\/ueflibrary\/avoimen-tieteen-edistaja-2019-open-science-award-2019\/"},"wordCount":312,"commentCount":0,"publisher":{"@id":"https:\/\/blogs.uef.fi\/ueflibrary\/#organization"},"image":{"@id":"https:\/\/blogs.uef.fi\/ueflibrary\/avoimen-tieteen-edistaja-2019-open-science-award-2019\/#primaryimage"},"thumbnailUrl":"https:\/\/blogs.uef.fi\/ueflibrary\/wp-content\/uploads\/sites\/18\/2019\/10\/2019-10-24_Avoimen_tieteen_edistaja_Kirjasto_Kunniakirja_AnuLiikanen_JarmoSaarti.jpg","keywords":["avoin tiede","open science"],"articleSection":["Ajankohtaista | News"],"inLanguage":"fi","potentialAction":[{"@type":"CommentAction","name":"Comment","target":["https:\/\/blogs.uef.fi\/ueflibrary\/avoimen-tieteen-edistaja-2019-open-science-award-2019\/#respond"]}]},{"@type":"WebPage","@id":"https:\/\/blogs.uef.fi\/ueflibrary\/avoimen-tieteen-edistaja-2019-open-science-award-2019\/","url":"https:\/\/blogs.uef.fi\/ueflibrary\/avoimen-tieteen-edistaja-2019-open-science-award-2019\/","name":"Avoimen tieteen edist\u00e4j\u00e4 2019 | Open Science Award 2019 | UEF Library","isPartOf":{"@id":"https:\/\/blogs.uef.fi\/ueflibrary\/#website"},"primaryImageOfPage":{"@id":"https:\/\/blogs.uef.fi\/ueflibrary\/avoimen-tieteen-edistaja-2019-open-science-award-2019\/#primaryimage"},"image":{"@id":"https:\/\/blogs.uef.fi\/ueflibrary\/avoimen-tieteen-edistaja-2019-open-science-award-2019\/#primaryimage"},"thumbnailUrl":"https:\/\/blogs.uef.fi\/ueflibrary\/wp-content\/uploads\/sites\/18\/2019\/10\/2019-10-24_Avoimen_tieteen_edistaja_Kirjasto_Kunniakirja_AnuLiikanen_JarmoSaarti.jpg","datePublished":"2019-10-25T04:00:17+00:00","dateModified":"2026-01-14T14:01:17+00:00","inLanguage":"fi","potentialAction":[{"@type":"ReadAction","target":["https:\/\/blogs.uef.fi\/ueflibrary\/avoimen-tieteen-edistaja-2019-open-science-award-2019\/"]}]},{"@type":"ImageObject","inLanguage":"fi","@id":"https:\/\/blogs.uef.fi\/ueflibrary\/avoimen-tieteen-edistaja-2019-open-science-award-2019\/#primaryimage","url":"https:\/\/blogs.uef.fi\/ueflibrary\/wp-content\/uploads\/sites\/18\/2019\/10\/2019-10-24_Avoimen_tieteen_edistaja_Kirjasto_Kunniakirja_AnuLiikanen_JarmoSaarti.jpg","contentUrl":"https:\/\/blogs.uef.fi\/ueflibrary\/wp-content\/uploads\/sites\/18\/2019\/10\/2019-10-24_Avoimen_tieteen_edistaja_Kirjasto_Kunniakirja_AnuLiikanen_JarmoSaarti.jpg","width":4032,"height":3024},{"@type":"WebSite","@id":"https:\/\/blogs.uef.fi\/ueflibrary\/#website","url":"https:\/\/blogs.uef.fi\/ueflibrary\/","name":"UEF Library","description":"Open science for open minds","publisher":{"@id":"https:\/\/blogs.uef.fi\/ueflibrary\/#organization"},"potentialAction":[{"@type":"SearchAction","target":{"@type":"EntryPoint","urlTemplate":"https:\/\/blogs.uef.fi\/ueflibrary\/?s={search_term_string}"},"query-input":{"@type":"PropertyValueSpecification","valueRequired":true,"valueName":"search_term_string"}}],"inLanguage":"fi"},{"@type":"Organization","@id":"https:\/\/blogs.uef.fi\/ueflibrary\/#organization","name":"UEF Library","url":"https:\/\/blogs.uef.fi\/ueflibrary\/","logo":{"@type":"ImageObject","inLanguage":"fi","@id":"https:\/\/blogs.uef.fi\/ueflibrary\/#\/schema\/logo\/image\/","url":"https:\/\/blogs.uef.fi\/ueflibrary\/wp-content\/uploads\/sites\/18\/2018\/04\/Logo-kirjasto.png","contentUrl":"https:\/\/blogs.uef.fi\/ueflibrary\/wp-content\/uploads\/sites\/18\/2018\/04\/Logo-kirjasto.png","width":300,"height":300,"caption":"UEF Library"},"image":{"@id":"https:\/\/blogs.uef.fi\/ueflibrary\/#\/schema\/logo\/image\/"},"sameAs":["https:\/\/www.facebook.com\/ueflibrary","https:\/\/x.com\/ueflibrary","https:\/\/www.instagram.com\/ueflibrary\/","https:\/\/www.youtube.com\/user\/UEFLibrary"]},{"@type":"Person","@id":"https:\/\/blogs.uef.fi\/ueflibrary\/#\/schema\/person\/a8e211011f90578da5fdd0c5aacfeee3","name":"ueflibrary","image":{"@type":"ImageObject","inLanguage":"fi","@id":"https:\/\/secure.gravatar.com\/avatar\/1c4267db9d0c1de64a30db93f9480cb1dc4a079fcec0109e406050c596cb2ca7?s=96&d=blank&r=g","url":"https:\/\/secure.gravatar.com\/avatar\/1c4267db9d0c1de64a30db93f9480cb1dc4a079fcec0109e406050c596cb2ca7?s=96&d=blank&r=g","contentUrl":"https:\/\/secure.gravatar.com\/avatar\/1c4267db9d0c1de64a30db93f9480cb1dc4a079fcec0109e406050c596cb2ca7?s=96&d=blank&r=g","caption":"ueflibrary"},"description":"The UEF Library is a public academic library offering state-of-the-art library and information services especially for the university's staff members and students. However, the library is also open to everyone else who is seeking information. The UEF Library campus libraries are in Joensuu, Kuopio and Savonlinna, and in the Kuopio there is also the KUH Medical Library. The electronic collections can be accessed also off-campus by UEF staff and students.","sameAs":["http:\/\/www.uef.fi\/en\/web\/kirjasto"],"url":"https:\/\/blogs.uef.fi\/ueflibrary\/author\/ueflibrary\/"}]}},"_links":{"self":[{"href":"https:\/\/blogs.uef.fi\/ueflibrary\/wp-json\/wp\/v2\/posts\/8403","targetHints":{"allow":["GET"]}}],"collection":[{"href":"https:\/\/blogs.uef.fi\/ueflibrary\/wp-json\/wp\/v2\/posts"}],"about":[{"href":"https:\/\/blogs.uef.fi\/ueflibrary\/wp-json\/wp\/v2\/types\/post"}],"author":[{"embeddable":true,"href":"https:\/\/blogs.uef.fi\/ueflibrary\/wp-json\/wp\/v2\/users\/72"}],"replies":[{"embeddable":true,"href":"https:\/\/blogs.uef.fi\/ueflibrary\/wp-json\/wp\/v2\/comments?post=8403"}],"version-history":[{"count":1,"href":"https:\/\/blogs.uef.fi\/ueflibrary\/wp-json\/wp\/v2\/posts\/8403\/revisions"}],"predecessor-version":[{"id":25282,"href":"https:\/\/blogs.uef.fi\/ueflibrary\/wp-json\/wp\/v2\/posts\/8403\/revisions\/25282"}],"wp:attachment":[{"href":"https:\/\/blogs.uef.fi\/ueflibrary\/wp-json\/wp\/v2\/media?parent=8403"}],"wp:term":[{"taxonomy":"category","embeddable":true,"href":"https:\/\/blogs.uef.fi\/ueflibrary\/wp-json\/wp\/v2\/categories?post=8403"},{"taxonomy":"post_tag","embeddable":true,"href":"https:\/\/blogs.uef.fi\/ueflibrary\/wp-json\/wp\/v2\/tags?post=8403"}],"curies":[{"name":"wp","href":"https:\/\/api.w.org\/{rel}","templated":true}]}}