{"id":4091,"date":"2017-06-16T09:45:03","date_gmt":"2017-06-16T07:45:03","guid":{"rendered":"https:\/\/blogs.uef.fi\/ueflibrary\/?p=4091"},"modified":"2026-01-22T13:58:17","modified_gmt":"2026-01-22T11:58:17","slug":"paikat-muutoksen-puhurissa-osa-1","status":"publish","type":"post","link":"https:\/\/blogs.uef.fi\/ueflibrary\/paikat-muutoksen-puhurissa-osa-1\/","title":{"rendered":"Paikat muutoksen puhurissa &#8211; osa 1"},"content":{"rendered":"\n<p>Joensuun kampuskirjaston ensimm\u00e4isen kerroksen remontti&nbsp; on alkanut kaluste- ja kirjasiirroilla. Varsinaisesti remontti sulkee&nbsp; kirjaston ovet 22.6.&nbsp; Elokuussa avaamme uusituilla ja entist\u00e4 paremmilla opiskelutiloilla.<\/p>\n\n\n\n<figure class=\"wp-block-image wp-image-4097 size-full\"><img loading=\"lazy\" decoding=\"async\" width=\"1562\" height=\"729\" src=\"https:\/\/blogs.uef.fi\/ueflibrary\/wp-content\/uploads\/sites\/18\/2017\/06\/Itseopiskelutila.jpg\" alt=\"\" class=\"wp-image-4097\" srcset=\"https:\/\/blogs.uef.fi\/ueflibrary\/wp-content\/uploads\/sites\/18\/2017\/06\/Itseopiskelutila.jpg 1562w, https:\/\/blogs.uef.fi\/ueflibrary\/wp-content\/uploads\/sites\/18\/2017\/06\/Itseopiskelutila-768x358.jpg 768w\" sizes=\"auto, (max-width: 1562px) 100vw, 1562px\" \/><figcaption class=\"wp-element-caption\">Pohjapiirros uusituista tiloista<\/figcaption><\/figure>\n\n\n\n<p>Kurssikirjalukusalista aloitettiin.<\/p>\n\n\n\n<figure class=\"wp-block-image wp-image-4099 size-full\"><img loading=\"lazy\" decoding=\"async\" width=\"2592\" height=\"3456\" src=\"https:\/\/blogs.uef.fi\/ueflibrary\/wp-content\/uploads\/sites\/18\/2017\/06\/IMG_1863.jpg\" alt=\"\" class=\"wp-image-4099\" srcset=\"https:\/\/blogs.uef.fi\/ueflibrary\/wp-content\/uploads\/sites\/18\/2017\/06\/IMG_1863.jpg 2592w, https:\/\/blogs.uef.fi\/ueflibrary\/wp-content\/uploads\/sites\/18\/2017\/06\/IMG_1863-768x1024.jpg 768w\" sizes=\"auto, (max-width: 2592px) 100vw, 2592px\" \/><figcaption class=\"wp-element-caption\">Remontissa on aina omat harminsa&#8230;<\/figcaption><\/figure>\n\n\n\n<figure class=\"wp-block-image wp-image-4101 size-full\"><img loading=\"lazy\" decoding=\"async\" width=\"3456\" height=\"2592\" src=\"https:\/\/blogs.uef.fi\/ueflibrary\/wp-content\/uploads\/sites\/18\/2017\/06\/IMG_1738.jpg\" alt=\"\" class=\"wp-image-4101\" srcset=\"https:\/\/blogs.uef.fi\/ueflibrary\/wp-content\/uploads\/sites\/18\/2017\/06\/IMG_1738.jpg 3456w, https:\/\/blogs.uef.fi\/ueflibrary\/wp-content\/uploads\/sites\/18\/2017\/06\/IMG_1738-768x576.jpg 768w\" sizes=\"auto, (max-width: 3456px) 100vw, 3456px\" \/><figcaption class=\"wp-element-caption\">Alku<\/figcaption><\/figure>\n\n\n\n<figure class=\"wp-block-image wp-image-4103 size-full\"><img loading=\"lazy\" decoding=\"async\" width=\"3456\" height=\"2592\" src=\"https:\/\/blogs.uef.fi\/ueflibrary\/wp-content\/uploads\/sites\/18\/2017\/06\/IMG_1877.jpg\" alt=\"\" class=\"wp-image-4103\" srcset=\"https:\/\/blogs.uef.fi\/ueflibrary\/wp-content\/uploads\/sites\/18\/2017\/06\/IMG_1877.jpg 3456w, https:\/\/blogs.uef.fi\/ueflibrary\/wp-content\/uploads\/sites\/18\/2017\/06\/IMG_1877-768x576.jpg 768w\" sizes=\"auto, (max-width: 3456px) 100vw, 3456px\" \/><figcaption class=\"wp-element-caption\">Lukusalin uusi ilme<\/figcaption><\/figure>\n\n\n\n<p>Kurssikirjojen lukusalikappaleet on siirretty lukusaliin, jossa ne jatkossakin tulevat sijaitsemaan. Sali s\u00e4ilyy hiljaisena lukusalina. Hyllyjen taustalevytykset tehd\u00e4\u00e4n akustiikkalevyill\u00e4, \u00e4\u00e4nimaailman vaimentamiseksi.<\/p>\n\n\n\n<p>Kurssikirjojen lainakappaleet siirtyv\u00e4t my\u00f6s uusille paikoille. Siirtojen my\u00f6t\u00e4 opiskelulle ja ty\u00f6skentelylle aukeaa lis\u00e4tilaa kirjastosaliin.<\/p>\n\n\n\n<figure class=\"wp-block-image\"><img loading=\"lazy\" decoding=\"async\" width=\"2592\" height=\"3456\" src=\"https:\/\/blogs.uef.fi\/ueflibrary\/wp-content\/uploads\/sites\/18\/2017\/06\/IMG_1845.jpg\" alt=\"\" class=\"wp-image-4113\" srcset=\"https:\/\/blogs.uef.fi\/ueflibrary\/wp-content\/uploads\/sites\/18\/2017\/06\/IMG_1845.jpg 2592w, https:\/\/blogs.uef.fi\/ueflibrary\/wp-content\/uploads\/sites\/18\/2017\/06\/IMG_1845-768x1024.jpg 768w\" sizes=\"auto, (max-width: 2592px) 100vw, 2592px\" \/><\/figure>\n\n\n\n<p>Tietokonep\u00f6yd\u00e4t ovat paikoillaan, my\u00f6s osa hyllyist\u00e4 ja kirjoista odottaa viel\u00e4 siirt\u00e4mist\u00e4. Viikon kuluttua kaiken on oltava poissa.<\/p>\n\n\n\n<p>Riitta Porkka, palvelup\u00e4\u00e4llikk\u00f6<br \/>Tietoaineistopalvelut<\/p>\n\n\n\n<p>Kuvat: Ilpo Suihko<\/p>\n","protected":false},"excerpt":{"rendered":"<p>Joensuun kampuskirjaston ensimm\u00e4isen kerroksen remontti&nbsp; on alkanut kaluste- ja kirjasiirroilla. Varsinaisesti remontti sulkee&nbsp; kirjaston ovet 22.6.&nbsp; Elokuussa avaamme uusituilla ja entist\u00e4 paremmilla opiskelutiloilla. Kurssikirjalukusalista aloitettiin. Kurssikirjojen lukusalikappaleet on siirretty lukusaliin, jossa ne jatkossakin tulevat sijaitsemaan. Sali s\u00e4ilyy hiljaisena lukusalina. Hyllyjen taustalevytykset tehd\u00e4\u00e4n akustiikkalevyill\u00e4, \u00e4\u00e4nimaailman vaimentamiseksi. Kurssikirjojen lainakappaleet siirtyv\u00e4t my\u00f6s uusille paikoille. Siirtojen my\u00f6t\u00e4 opiskelulle ja [&hellip;]<\/p>\n","protected":false},"author":72,"featured_media":0,"comment_status":"open","ping_status":"open","sticky":false,"template":"","format":"standard","meta":{"_acf_changed":false,"footnotes":""},"categories":[410],"tags":[427,429],"class_list":["post-4091","post","type-post","status-publish","format-standard","hentry","category-ajankohtaista","tag-joensuun-kampuskirjasto","tag-remontit"],"acf":[],"yoast_head":"<!-- This site is optimized with the Yoast SEO plugin v27.3 - https:\/\/yoast.com\/product\/yoast-seo-wordpress\/ -->\n<title>Paikat muutoksen puhurissa - osa 1 | UEF Library<\/title>\n<meta name=\"robots\" content=\"index, follow, max-snippet:-1, max-image-preview:large, max-video-preview:-1\" \/>\n<link rel=\"canonical\" href=\"https:\/\/blogs.uef.fi\/ueflibrary\/paikat-muutoksen-puhurissa-osa-1\/\" \/>\n<meta property=\"og:locale\" content=\"fi_FI\" \/>\n<meta property=\"og:type\" content=\"article\" \/>\n<meta property=\"og:title\" content=\"Paikat muutoksen puhurissa - osa 1 | UEF Library\" \/>\n<meta property=\"og:description\" content=\"Joensuun kampuskirjaston ensimm\u00e4isen kerroksen remontti&nbsp; on alkanut kaluste- ja kirjasiirroilla. Varsinaisesti remontti sulkee&nbsp; kirjaston ovet 22.6.&nbsp; Elokuussa avaamme uusituilla ja entist\u00e4 paremmilla opiskelutiloilla. Kurssikirjalukusalista aloitettiin. Kurssikirjojen lukusalikappaleet on siirretty lukusaliin, jossa ne jatkossakin tulevat sijaitsemaan. Sali s\u00e4ilyy hiljaisena lukusalina. Hyllyjen taustalevytykset tehd\u00e4\u00e4n akustiikkalevyill\u00e4, \u00e4\u00e4nimaailman vaimentamiseksi. Kurssikirjojen lainakappaleet siirtyv\u00e4t my\u00f6s uusille paikoille. Siirtojen my\u00f6t\u00e4 opiskelulle ja [&hellip;]\" \/>\n<meta property=\"og:url\" content=\"https:\/\/blogs.uef.fi\/ueflibrary\/paikat-muutoksen-puhurissa-osa-1\/\" \/>\n<meta property=\"og:site_name\" content=\"UEF Library\" \/>\n<meta property=\"article:publisher\" content=\"https:\/\/www.facebook.com\/ueflibrary\" \/>\n<meta property=\"article:published_time\" content=\"2017-06-16T07:45:03+00:00\" \/>\n<meta property=\"article:modified_time\" content=\"2026-01-22T11:58:17+00:00\" \/>\n<meta property=\"og:image\" content=\"https:\/\/blogs.uef.fi\/ueflibrary\/wp-content\/uploads\/sites\/18\/2017\/06\/Itseopiskelutila.jpg\" \/>\n\t<meta property=\"og:image:width\" content=\"1562\" \/>\n\t<meta property=\"og:image:height\" content=\"729\" \/>\n\t<meta property=\"og:image:type\" content=\"image\/jpeg\" \/>\n<meta name=\"author\" content=\"ueflibrary\" \/>\n<meta name=\"twitter:card\" content=\"summary_large_image\" \/>\n<meta name=\"twitter:creator\" content=\"@ueflibrary\" \/>\n<meta name=\"twitter:site\" content=\"@ueflibrary\" \/>\n<meta name=\"twitter:label1\" content=\"Kirjoittanut\" \/>\n\t<meta name=\"twitter:data1\" content=\"ueflibrary\" \/>\n\t<meta name=\"twitter:label2\" content=\"Arvioitu lukuaika\" \/>\n\t<meta name=\"twitter:data2\" content=\"2 minuuttia\" \/>\n<script type=\"application\/ld+json\" class=\"yoast-schema-graph\">{\"@context\":\"https:\\\/\\\/schema.org\",\"@graph\":[{\"@type\":\"Article\",\"@id\":\"https:\\\/\\\/blogs.uef.fi\\\/ueflibrary\\\/paikat-muutoksen-puhurissa-osa-1\\\/#article\",\"isPartOf\":{\"@id\":\"https:\\\/\\\/blogs.uef.fi\\\/ueflibrary\\\/paikat-muutoksen-puhurissa-osa-1\\\/\"},\"author\":{\"name\":\"ueflibrary\",\"@id\":\"https:\\\/\\\/blogs.uef.fi\\\/ueflibrary\\\/#\\\/schema\\\/person\\\/a8e211011f90578da5fdd0c5aacfeee3\"},\"headline\":\"Paikat muutoksen puhurissa &#8211; osa 1\",\"datePublished\":\"2017-06-16T07:45:03+00:00\",\"dateModified\":\"2026-01-22T11:58:17+00:00\",\"mainEntityOfPage\":{\"@id\":\"https:\\\/\\\/blogs.uef.fi\\\/ueflibrary\\\/paikat-muutoksen-puhurissa-osa-1\\\/\"},\"wordCount\":115,\"commentCount\":0,\"publisher\":{\"@id\":\"https:\\\/\\\/blogs.uef.fi\\\/ueflibrary\\\/#organization\"},\"image\":{\"@id\":\"https:\\\/\\\/blogs.uef.fi\\\/ueflibrary\\\/paikat-muutoksen-puhurissa-osa-1\\\/#primaryimage\"},\"thumbnailUrl\":\"https:\\\/\\\/blogs.uef.fi\\\/ueflibrary\\\/wp-content\\\/uploads\\\/sites\\\/18\\\/2017\\\/06\\\/Itseopiskelutila.jpg\",\"keywords\":[\"Joensuun kampuskirjasto\",\"remontit\"],\"articleSection\":[\"Ajankohtaista | News\"],\"inLanguage\":\"fi\",\"potentialAction\":[{\"@type\":\"CommentAction\",\"name\":\"Comment\",\"target\":[\"https:\\\/\\\/blogs.uef.fi\\\/ueflibrary\\\/paikat-muutoksen-puhurissa-osa-1\\\/#respond\"]}]},{\"@type\":\"WebPage\",\"@id\":\"https:\\\/\\\/blogs.uef.fi\\\/ueflibrary\\\/paikat-muutoksen-puhurissa-osa-1\\\/\",\"url\":\"https:\\\/\\\/blogs.uef.fi\\\/ueflibrary\\\/paikat-muutoksen-puhurissa-osa-1\\\/\",\"name\":\"Paikat muutoksen puhurissa - osa 1 | UEF Library\",\"isPartOf\":{\"@id\":\"https:\\\/\\\/blogs.uef.fi\\\/ueflibrary\\\/#website\"},\"primaryImageOfPage\":{\"@id\":\"https:\\\/\\\/blogs.uef.fi\\\/ueflibrary\\\/paikat-muutoksen-puhurissa-osa-1\\\/#primaryimage\"},\"image\":{\"@id\":\"https:\\\/\\\/blogs.uef.fi\\\/ueflibrary\\\/paikat-muutoksen-puhurissa-osa-1\\\/#primaryimage\"},\"thumbnailUrl\":\"https:\\\/\\\/blogs.uef.fi\\\/ueflibrary\\\/wp-content\\\/uploads\\\/sites\\\/18\\\/2017\\\/06\\\/Itseopiskelutila.jpg\",\"datePublished\":\"2017-06-16T07:45:03+00:00\",\"dateModified\":\"2026-01-22T11:58:17+00:00\",\"inLanguage\":\"fi\",\"potentialAction\":[{\"@type\":\"ReadAction\",\"target\":[\"https:\\\/\\\/blogs.uef.fi\\\/ueflibrary\\\/paikat-muutoksen-puhurissa-osa-1\\\/\"]}]},{\"@type\":\"ImageObject\",\"inLanguage\":\"fi\",\"@id\":\"https:\\\/\\\/blogs.uef.fi\\\/ueflibrary\\\/paikat-muutoksen-puhurissa-osa-1\\\/#primaryimage\",\"url\":\"https:\\\/\\\/blogs.uef.fi\\\/ueflibrary\\\/wp-content\\\/uploads\\\/sites\\\/18\\\/2017\\\/06\\\/Itseopiskelutila.jpg\",\"contentUrl\":\"https:\\\/\\\/blogs.uef.fi\\\/ueflibrary\\\/wp-content\\\/uploads\\\/sites\\\/18\\\/2017\\\/06\\\/Itseopiskelutila.jpg\",\"width\":1562,\"height\":729},{\"@type\":\"WebSite\",\"@id\":\"https:\\\/\\\/blogs.uef.fi\\\/ueflibrary\\\/#website\",\"url\":\"https:\\\/\\\/blogs.uef.fi\\\/ueflibrary\\\/\",\"name\":\"UEF Library\",\"description\":\"Open science for open minds\",\"publisher\":{\"@id\":\"https:\\\/\\\/blogs.uef.fi\\\/ueflibrary\\\/#organization\"},\"potentialAction\":[{\"@type\":\"SearchAction\",\"target\":{\"@type\":\"EntryPoint\",\"urlTemplate\":\"https:\\\/\\\/blogs.uef.fi\\\/ueflibrary\\\/?s={search_term_string}\"},\"query-input\":{\"@type\":\"PropertyValueSpecification\",\"valueRequired\":true,\"valueName\":\"search_term_string\"}}],\"inLanguage\":\"fi\"},{\"@type\":\"Organization\",\"@id\":\"https:\\\/\\\/blogs.uef.fi\\\/ueflibrary\\\/#organization\",\"name\":\"UEF Library\",\"url\":\"https:\\\/\\\/blogs.uef.fi\\\/ueflibrary\\\/\",\"logo\":{\"@type\":\"ImageObject\",\"inLanguage\":\"fi\",\"@id\":\"https:\\\/\\\/blogs.uef.fi\\\/ueflibrary\\\/#\\\/schema\\\/logo\\\/image\\\/\",\"url\":\"https:\\\/\\\/blogs.uef.fi\\\/ueflibrary\\\/wp-content\\\/uploads\\\/sites\\\/18\\\/2018\\\/04\\\/Logo-kirjasto.png\",\"contentUrl\":\"https:\\\/\\\/blogs.uef.fi\\\/ueflibrary\\\/wp-content\\\/uploads\\\/sites\\\/18\\\/2018\\\/04\\\/Logo-kirjasto.png\",\"width\":300,\"height\":300,\"caption\":\"UEF Library\"},\"image\":{\"@id\":\"https:\\\/\\\/blogs.uef.fi\\\/ueflibrary\\\/#\\\/schema\\\/logo\\\/image\\\/\"},\"sameAs\":[\"https:\\\/\\\/www.facebook.com\\\/ueflibrary\",\"https:\\\/\\\/x.com\\\/ueflibrary\",\"https:\\\/\\\/www.instagram.com\\\/ueflibrary\\\/\",\"https:\\\/\\\/www.youtube.com\\\/user\\\/UEFLibrary\"]},{\"@type\":\"Person\",\"@id\":\"https:\\\/\\\/blogs.uef.fi\\\/ueflibrary\\\/#\\\/schema\\\/person\\\/a8e211011f90578da5fdd0c5aacfeee3\",\"name\":\"ueflibrary\",\"image\":{\"@type\":\"ImageObject\",\"inLanguage\":\"fi\",\"@id\":\"https:\\\/\\\/secure.gravatar.com\\\/avatar\\\/1c4267db9d0c1de64a30db93f9480cb1dc4a079fcec0109e406050c596cb2ca7?s=96&d=blank&r=g\",\"url\":\"https:\\\/\\\/secure.gravatar.com\\\/avatar\\\/1c4267db9d0c1de64a30db93f9480cb1dc4a079fcec0109e406050c596cb2ca7?s=96&d=blank&r=g\",\"contentUrl\":\"https:\\\/\\\/secure.gravatar.com\\\/avatar\\\/1c4267db9d0c1de64a30db93f9480cb1dc4a079fcec0109e406050c596cb2ca7?s=96&d=blank&r=g\",\"caption\":\"ueflibrary\"},\"description\":\"The UEF Library is a public academic library offering state-of-the-art library and information services especially for the university's staff members and students. However, the library is also open to everyone else who is seeking information. The UEF Library campus libraries are in Joensuu, Kuopio and Savonlinna, and in the Kuopio there is also the KUH Medical Library. The electronic collections can be accessed also off-campus by UEF staff and students.\",\"sameAs\":[\"http:\\\/\\\/www.uef.fi\\\/en\\\/web\\\/kirjasto\"],\"url\":\"https:\\\/\\\/blogs.uef.fi\\\/ueflibrary\\\/author\\\/ueflibrary\\\/\"}]}<\/script>\n<!-- \/ Yoast SEO plugin. -->","yoast_head_json":{"title":"Paikat muutoksen puhurissa - osa 1 | UEF Library","robots":{"index":"index","follow":"follow","max-snippet":"max-snippet:-1","max-image-preview":"max-image-preview:large","max-video-preview":"max-video-preview:-1"},"canonical":"https:\/\/blogs.uef.fi\/ueflibrary\/paikat-muutoksen-puhurissa-osa-1\/","og_locale":"fi_FI","og_type":"article","og_title":"Paikat muutoksen puhurissa - osa 1 | UEF Library","og_description":"Joensuun kampuskirjaston ensimm\u00e4isen kerroksen remontti&nbsp; on alkanut kaluste- ja kirjasiirroilla. Varsinaisesti remontti sulkee&nbsp; kirjaston ovet 22.6.&nbsp; Elokuussa avaamme uusituilla ja entist\u00e4 paremmilla opiskelutiloilla. Kurssikirjalukusalista aloitettiin. Kurssikirjojen lukusalikappaleet on siirretty lukusaliin, jossa ne jatkossakin tulevat sijaitsemaan. Sali s\u00e4ilyy hiljaisena lukusalina. Hyllyjen taustalevytykset tehd\u00e4\u00e4n akustiikkalevyill\u00e4, \u00e4\u00e4nimaailman vaimentamiseksi. Kurssikirjojen lainakappaleet siirtyv\u00e4t my\u00f6s uusille paikoille. Siirtojen my\u00f6t\u00e4 opiskelulle ja [&hellip;]","og_url":"https:\/\/blogs.uef.fi\/ueflibrary\/paikat-muutoksen-puhurissa-osa-1\/","og_site_name":"UEF Library","article_publisher":"https:\/\/www.facebook.com\/ueflibrary","article_published_time":"2017-06-16T07:45:03+00:00","article_modified_time":"2026-01-22T11:58:17+00:00","og_image":[{"width":1562,"height":729,"url":"https:\/\/blogs.uef.fi\/ueflibrary\/wp-content\/uploads\/sites\/18\/2017\/06\/Itseopiskelutila.jpg","type":"image\/jpeg"}],"author":"ueflibrary","twitter_card":"summary_large_image","twitter_creator":"@ueflibrary","twitter_site":"@ueflibrary","twitter_misc":{"Kirjoittanut":"ueflibrary","Arvioitu lukuaika":"2 minuuttia"},"schema":{"@context":"https:\/\/schema.org","@graph":[{"@type":"Article","@id":"https:\/\/blogs.uef.fi\/ueflibrary\/paikat-muutoksen-puhurissa-osa-1\/#article","isPartOf":{"@id":"https:\/\/blogs.uef.fi\/ueflibrary\/paikat-muutoksen-puhurissa-osa-1\/"},"author":{"name":"ueflibrary","@id":"https:\/\/blogs.uef.fi\/ueflibrary\/#\/schema\/person\/a8e211011f90578da5fdd0c5aacfeee3"},"headline":"Paikat muutoksen puhurissa &#8211; osa 1","datePublished":"2017-06-16T07:45:03+00:00","dateModified":"2026-01-22T11:58:17+00:00","mainEntityOfPage":{"@id":"https:\/\/blogs.uef.fi\/ueflibrary\/paikat-muutoksen-puhurissa-osa-1\/"},"wordCount":115,"commentCount":0,"publisher":{"@id":"https:\/\/blogs.uef.fi\/ueflibrary\/#organization"},"image":{"@id":"https:\/\/blogs.uef.fi\/ueflibrary\/paikat-muutoksen-puhurissa-osa-1\/#primaryimage"},"thumbnailUrl":"https:\/\/blogs.uef.fi\/ueflibrary\/wp-content\/uploads\/sites\/18\/2017\/06\/Itseopiskelutila.jpg","keywords":["Joensuun kampuskirjasto","remontit"],"articleSection":["Ajankohtaista | News"],"inLanguage":"fi","potentialAction":[{"@type":"CommentAction","name":"Comment","target":["https:\/\/blogs.uef.fi\/ueflibrary\/paikat-muutoksen-puhurissa-osa-1\/#respond"]}]},{"@type":"WebPage","@id":"https:\/\/blogs.uef.fi\/ueflibrary\/paikat-muutoksen-puhurissa-osa-1\/","url":"https:\/\/blogs.uef.fi\/ueflibrary\/paikat-muutoksen-puhurissa-osa-1\/","name":"Paikat muutoksen puhurissa - osa 1 | UEF Library","isPartOf":{"@id":"https:\/\/blogs.uef.fi\/ueflibrary\/#website"},"primaryImageOfPage":{"@id":"https:\/\/blogs.uef.fi\/ueflibrary\/paikat-muutoksen-puhurissa-osa-1\/#primaryimage"},"image":{"@id":"https:\/\/blogs.uef.fi\/ueflibrary\/paikat-muutoksen-puhurissa-osa-1\/#primaryimage"},"thumbnailUrl":"https:\/\/blogs.uef.fi\/ueflibrary\/wp-content\/uploads\/sites\/18\/2017\/06\/Itseopiskelutila.jpg","datePublished":"2017-06-16T07:45:03+00:00","dateModified":"2026-01-22T11:58:17+00:00","inLanguage":"fi","potentialAction":[{"@type":"ReadAction","target":["https:\/\/blogs.uef.fi\/ueflibrary\/paikat-muutoksen-puhurissa-osa-1\/"]}]},{"@type":"ImageObject","inLanguage":"fi","@id":"https:\/\/blogs.uef.fi\/ueflibrary\/paikat-muutoksen-puhurissa-osa-1\/#primaryimage","url":"https:\/\/blogs.uef.fi\/ueflibrary\/wp-content\/uploads\/sites\/18\/2017\/06\/Itseopiskelutila.jpg","contentUrl":"https:\/\/blogs.uef.fi\/ueflibrary\/wp-content\/uploads\/sites\/18\/2017\/06\/Itseopiskelutila.jpg","width":1562,"height":729},{"@type":"WebSite","@id":"https:\/\/blogs.uef.fi\/ueflibrary\/#website","url":"https:\/\/blogs.uef.fi\/ueflibrary\/","name":"UEF Library","description":"Open science for open minds","publisher":{"@id":"https:\/\/blogs.uef.fi\/ueflibrary\/#organization"},"potentialAction":[{"@type":"SearchAction","target":{"@type":"EntryPoint","urlTemplate":"https:\/\/blogs.uef.fi\/ueflibrary\/?s={search_term_string}"},"query-input":{"@type":"PropertyValueSpecification","valueRequired":true,"valueName":"search_term_string"}}],"inLanguage":"fi"},{"@type":"Organization","@id":"https:\/\/blogs.uef.fi\/ueflibrary\/#organization","name":"UEF Library","url":"https:\/\/blogs.uef.fi\/ueflibrary\/","logo":{"@type":"ImageObject","inLanguage":"fi","@id":"https:\/\/blogs.uef.fi\/ueflibrary\/#\/schema\/logo\/image\/","url":"https:\/\/blogs.uef.fi\/ueflibrary\/wp-content\/uploads\/sites\/18\/2018\/04\/Logo-kirjasto.png","contentUrl":"https:\/\/blogs.uef.fi\/ueflibrary\/wp-content\/uploads\/sites\/18\/2018\/04\/Logo-kirjasto.png","width":300,"height":300,"caption":"UEF Library"},"image":{"@id":"https:\/\/blogs.uef.fi\/ueflibrary\/#\/schema\/logo\/image\/"},"sameAs":["https:\/\/www.facebook.com\/ueflibrary","https:\/\/x.com\/ueflibrary","https:\/\/www.instagram.com\/ueflibrary\/","https:\/\/www.youtube.com\/user\/UEFLibrary"]},{"@type":"Person","@id":"https:\/\/blogs.uef.fi\/ueflibrary\/#\/schema\/person\/a8e211011f90578da5fdd0c5aacfeee3","name":"ueflibrary","image":{"@type":"ImageObject","inLanguage":"fi","@id":"https:\/\/secure.gravatar.com\/avatar\/1c4267db9d0c1de64a30db93f9480cb1dc4a079fcec0109e406050c596cb2ca7?s=96&d=blank&r=g","url":"https:\/\/secure.gravatar.com\/avatar\/1c4267db9d0c1de64a30db93f9480cb1dc4a079fcec0109e406050c596cb2ca7?s=96&d=blank&r=g","contentUrl":"https:\/\/secure.gravatar.com\/avatar\/1c4267db9d0c1de64a30db93f9480cb1dc4a079fcec0109e406050c596cb2ca7?s=96&d=blank&r=g","caption":"ueflibrary"},"description":"The UEF Library is a public academic library offering state-of-the-art library and information services especially for the university's staff members and students. However, the library is also open to everyone else who is seeking information. The UEF Library campus libraries are in Joensuu, Kuopio and Savonlinna, and in the Kuopio there is also the KUH Medical Library. The electronic collections can be accessed also off-campus by UEF staff and students.","sameAs":["http:\/\/www.uef.fi\/en\/web\/kirjasto"],"url":"https:\/\/blogs.uef.fi\/ueflibrary\/author\/ueflibrary\/"}]}},"_links":{"self":[{"href":"https:\/\/blogs.uef.fi\/ueflibrary\/wp-json\/wp\/v2\/posts\/4091","targetHints":{"allow":["GET"]}}],"collection":[{"href":"https:\/\/blogs.uef.fi\/ueflibrary\/wp-json\/wp\/v2\/posts"}],"about":[{"href":"https:\/\/blogs.uef.fi\/ueflibrary\/wp-json\/wp\/v2\/types\/post"}],"author":[{"embeddable":true,"href":"https:\/\/blogs.uef.fi\/ueflibrary\/wp-json\/wp\/v2\/users\/72"}],"replies":[{"embeddable":true,"href":"https:\/\/blogs.uef.fi\/ueflibrary\/wp-json\/wp\/v2\/comments?post=4091"}],"version-history":[{"count":2,"href":"https:\/\/blogs.uef.fi\/ueflibrary\/wp-json\/wp\/v2\/posts\/4091\/revisions"}],"predecessor-version":[{"id":25473,"href":"https:\/\/blogs.uef.fi\/ueflibrary\/wp-json\/wp\/v2\/posts\/4091\/revisions\/25473"}],"wp:attachment":[{"href":"https:\/\/blogs.uef.fi\/ueflibrary\/wp-json\/wp\/v2\/media?parent=4091"}],"wp:term":[{"taxonomy":"category","embeddable":true,"href":"https:\/\/blogs.uef.fi\/ueflibrary\/wp-json\/wp\/v2\/categories?post=4091"},{"taxonomy":"post_tag","embeddable":true,"href":"https:\/\/blogs.uef.fi\/ueflibrary\/wp-json\/wp\/v2\/tags?post=4091"}],"curies":[{"name":"wp","href":"https:\/\/api.w.org\/{rel}","templated":true}]}}