{"id":3116,"date":"2016-10-24T04:40:53","date_gmt":"2016-10-24T04:40:53","guid":{"rendered":"https:\/\/blogs.uef.fi\/ueflibrary\/?p=3116"},"modified":"2026-01-23T11:25:57","modified_gmt":"2026-01-23T09:25:57","slug":"kansainvalinen-open-access-viikko-24-10-2016-international-open-access-week-ocotber-24-30-2016","status":"publish","type":"post","link":"https:\/\/blogs.uef.fi\/ueflibrary\/kansainvalinen-open-access-viikko-24-10-2016-international-open-access-week-ocotber-24-30-2016\/","title":{"rendered":"Kansainv\u00e4linen open access -viikko 24.-30.10.2016 | International Open Access Week October 24-30, 2016"},"content":{"rendered":"\n<p>T\u00e4m\u00e4nvuotisen OA-viikon teema on <bdo lang=\"en\" dir=\"ltr\"><strong>Open in Action<\/strong><\/bdo>.| <bdo lang=\"en\" dir=\"ltr\">The theme of the OA week this year is<\/bdo> <strong>Open in Action<\/strong>.<\/p>\n\n\n\n<h2 class=\"wp-block-heading\">Open in Action<\/h2>\n\n\n\n<figure class=\"wp-block-image size-large is-resized\"><img loading=\"lazy\" decoding=\"async\" width=\"655\" height=\"1024\" src=\"https:\/\/blogs.uef.fi\/ueflibrary\/wp-content\/uploads\/sites\/18\/2016\/10\/oa-655x1024.png\" alt=\"\" class=\"wp-image-3118\" style=\"width:191px;height:auto\" srcset=\"https:\/\/blogs.uef.fi\/ueflibrary\/wp-content\/uploads\/sites\/18\/2016\/10\/oa-655x1024.png 655w, https:\/\/blogs.uef.fi\/ueflibrary\/wp-content\/uploads\/sites\/18\/2016\/10\/oa-192x300.png 192w, https:\/\/blogs.uef.fi\/ueflibrary\/wp-content\/uploads\/sites\/18\/2016\/10\/oa-768x1200.png 768w, https:\/\/blogs.uef.fi\/ueflibrary\/wp-content\/uploads\/sites\/18\/2016\/10\/oa.png 2000w\" sizes=\"auto, (max-width: 655px) 100vw, 655px\" \/><\/figure>\n\n\n\n<p>Katso viikon aluksi vaikkapa n\u00e4m\u00e4 kaksi videota. | <bdo lang=\"en\" dir=\"ltr\">Start the week for example by watching these two videos.<\/bdo><\/p>\n\n\n\n<h3 class=\"wp-block-heading\"><a href=\"https:\/\/www.dmptuuli.fi\/\" target=\"_blank\" rel=\"noopener\"><bdo lang=\"en\" dir=\"ltr\">Data management planning tool Tuuli will help you write data management plans<\/bdo><\/a><\/h3>\n\n\n\n<ul class=\"wp-block-list\">\n<li><bdo lang=\"en\" dir=\"ltr\">Data management plan (DMP) will help you manage your data, meet funder requirements and help others use your data if shared. DMPTuuli will help you write data management plans.<br \/>DMPTuuli is provided by the Finnish Tuuli project. The project has worked closely with researchers and research funders to produce guidance and templates that assist researchers to produce an effective data management plan (DMP) to cater for the whole lifecycle of a project, from bid-preparation stage through to completion.<\/bdo><\/li>\n\n\n\n<li>Etuk\u00e4teen suunnittelemalla tuotetaan tutkimuksen tarvitsema data tehokkaasti ja saadaan selke\u00e4\u00e4, my\u00f6s jaettavaksi sopivaa, tuotosta (dataa, menetelmi\u00e4, algoritmeja). Suunnittelemalla v\u00e4ltyt\u00e4\u00e4n monilta virheilt\u00e4 ja potentiaalisilta kiistoilta. Ehk\u00e4p\u00e4 n\u00e4ist\u00e4 syist\u00e4 johtuen monet tutkimusrahoittajat vaativat rahoitushakemuksen liitteeksi suunnitelman my\u00f6s tutkimusdatan osalta (aineistonhallintasuunnitelma, DMP).<\/li>\n<\/ul>\n\n\n\n<h3 class=\"wp-block-heading\"><bdo lang=\"en\" dir=\"ltr\"><a href=\"https:\/\/vimeo.com\/97150912\" target=\"_blank\" rel=\"noopener\">What is ORCID? <\/a><\/bdo><\/h3>\n\n\n\n<ul class=\"wp-block-list\">\n<li><bdo lang=\"en\" dir=\"ltr\">Names are not enough to ensure credit for your work and are inadequate for reliably connecting researchers with their research outputs. Learn how the ORCID identifier can ensure that your publications, datasets, and other research outputs are connected with you every time. Register for your unique and free ORCID iD at <a href=\"https:\/\/orcid.org\/register\" target=\"_blank\" rel=\"noopener\">orcid.org\/register<\/a>.<\/bdo><\/li>\n\n\n\n<li>Samannimisi\u00e4 tutkijoita on useita, Miten juuri sinun tutkimuksesi linkittyy sinuun? Siin\u00e4 auttaa tutkijatunniste ORCID. Luo oma tunnisteesi osoitteessa <a href=\"https:\/\/tutkijatunniste.fi\/\" target=\"_blank\" rel=\"noopener\">tutkijatunniste.fi\/<\/a>.<\/li>\n<\/ul>\n\n\n\n<figure class=\"wp-block-image\"><img loading=\"lazy\" decoding=\"async\" width=\"865\" height=\"180\" src=\"https:\/\/blogs.uef.fi\/ueflibrary\/wp-content\/uploads\/sites\/18\/2016\/10\/oaweek.jpg\" alt=\"Open access week\" class=\"wp-image-3119\" srcset=\"https:\/\/blogs.uef.fi\/ueflibrary\/wp-content\/uploads\/sites\/18\/2016\/10\/oaweek.jpg 865w, https:\/\/blogs.uef.fi\/ueflibrary\/wp-content\/uploads\/sites\/18\/2016\/10\/oaweek-300x62.jpg 300w, https:\/\/blogs.uef.fi\/ueflibrary\/wp-content\/uploads\/sites\/18\/2016\/10\/oaweek-768x160.jpg 768w\" sizes=\"auto, (max-width: 865px) 100vw, 865px\" \/><\/figure>\n\n\n\n<p>Avoimuus lis\u00e4\u00e4 n\u00e4kyvyytt\u00e4 ja vaikuttavuutta. Ja toisin p\u00e4in. | <bdo lang=\"en\" dir=\"ltr\">Openness increases visibility and impact. And vice versa.<\/bdo><\/p>\n\n\n\n<p>Tuulevi Ovaska, tietoasiantuntija, palvelup\u00e4\u00e4llikk\u00f6 | <bdo lang=\"en\" dir=\"ltr\">Information specialist, Head of services<\/bdo><\/p>\n","protected":false},"excerpt":{"rendered":"<p>T\u00e4m\u00e4nvuotisen OA-viikon teema on Open in Action.| The theme of the OA week this year is Open in Action. Open in Action Katso viikon aluksi vaikkapa n\u00e4m\u00e4 kaksi videota. | Start the week for example by watching these two videos. Data management planning tool Tuuli will help you write data management plans What is ORCID? [&hellip;]<\/p>\n","protected":false},"author":72,"featured_media":0,"comment_status":"open","ping_status":"open","sticky":false,"template":"","format":"standard","meta":{"_acf_changed":false,"footnotes":""},"categories":[5],"tags":[377,372,371,125,144,216,376,373,246,288,374,303,305,370],"class_list":["post-3116","post","type-post","status-publish","format-standard","hentry","category-julkaisutoiminta","tag-data-management-plan","tag-dmp","tag-dmptuuli","tag-julkaiseminen","tag-kayttoliittymat","tag-open-access","tag-open-in-action","tag-orcid","tag-research-data-management","tag-tieteellinen-julkaisutoiminta","tag-tutkijatunniste","tag-tutkimus","tag-tutkimusaineistot","tag-tuuli"],"acf":[],"yoast_head":"<!-- This site is optimized with the Yoast SEO plugin v27.3 - https:\/\/yoast.com\/product\/yoast-seo-wordpress\/ -->\n<title>Kansainv\u00e4linen open access -viikko 24.-30.10.2016 | International Open Access Week October 24-30, 2016 | UEF Library<\/title>\n<meta name=\"robots\" content=\"index, follow, max-snippet:-1, max-image-preview:large, max-video-preview:-1\" \/>\n<link rel=\"canonical\" href=\"https:\/\/blogs.uef.fi\/ueflibrary\/kansainvalinen-open-access-viikko-24-10-2016-international-open-access-week-ocotber-24-30-2016\/\" \/>\n<meta property=\"og:locale\" content=\"fi_FI\" \/>\n<meta property=\"og:type\" content=\"article\" \/>\n<meta property=\"og:title\" content=\"Kansainv\u00e4linen open access -viikko 24.-30.10.2016 | International Open Access Week October 24-30, 2016 | UEF Library\" \/>\n<meta property=\"og:description\" content=\"T\u00e4m\u00e4nvuotisen OA-viikon teema on Open in Action.| The theme of the OA week this year is Open in Action. Open in Action Katso viikon aluksi vaikkapa n\u00e4m\u00e4 kaksi videota. | Start the week for example by watching these two videos. Data management planning tool Tuuli will help you write data management plans What is ORCID? [&hellip;]\" \/>\n<meta property=\"og:url\" content=\"https:\/\/blogs.uef.fi\/ueflibrary\/kansainvalinen-open-access-viikko-24-10-2016-international-open-access-week-ocotber-24-30-2016\/\" \/>\n<meta property=\"og:site_name\" content=\"UEF Library\" \/>\n<meta property=\"article:publisher\" content=\"https:\/\/www.facebook.com\/ueflibrary\" \/>\n<meta property=\"article:published_time\" content=\"2016-10-24T04:40:53+00:00\" \/>\n<meta property=\"article:modified_time\" content=\"2026-01-23T09:25:57+00:00\" \/>\n<meta property=\"og:image\" content=\"https:\/\/blogs.uef.fi\/ueflibrary\/wp-content\/uploads\/sites\/18\/2016\/10\/oa.png\" \/>\n\t<meta property=\"og:image:width\" content=\"2000\" \/>\n\t<meta property=\"og:image:height\" content=\"3125\" \/>\n\t<meta property=\"og:image:type\" content=\"image\/png\" \/>\n<meta name=\"author\" content=\"ueflibrary\" \/>\n<meta name=\"twitter:card\" content=\"summary_large_image\" \/>\n<meta name=\"twitter:creator\" content=\"@ueflibrary\" \/>\n<meta name=\"twitter:site\" content=\"@ueflibrary\" \/>\n<meta name=\"twitter:label1\" content=\"Kirjoittanut\" \/>\n\t<meta name=\"twitter:data1\" content=\"ueflibrary\" \/>\n\t<meta name=\"twitter:label2\" content=\"Arvioitu lukuaika\" \/>\n\t<meta name=\"twitter:data2\" content=\"3 minuuttia\" \/>\n<script type=\"application\/ld+json\" class=\"yoast-schema-graph\">{\"@context\":\"https:\\\/\\\/schema.org\",\"@graph\":[{\"@type\":\"Article\",\"@id\":\"https:\\\/\\\/blogs.uef.fi\\\/ueflibrary\\\/kansainvalinen-open-access-viikko-24-10-2016-international-open-access-week-ocotber-24-30-2016\\\/#article\",\"isPartOf\":{\"@id\":\"https:\\\/\\\/blogs.uef.fi\\\/ueflibrary\\\/kansainvalinen-open-access-viikko-24-10-2016-international-open-access-week-ocotber-24-30-2016\\\/\"},\"author\":{\"name\":\"ueflibrary\",\"@id\":\"https:\\\/\\\/blogs.uef.fi\\\/ueflibrary\\\/#\\\/schema\\\/person\\\/a8e211011f90578da5fdd0c5aacfeee3\"},\"headline\":\"Kansainv\u00e4linen open access -viikko 24.-30.10.2016 | International Open Access Week October 24-30, 2016\",\"datePublished\":\"2016-10-24T04:40:53+00:00\",\"dateModified\":\"2026-01-23T09:25:57+00:00\",\"mainEntityOfPage\":{\"@id\":\"https:\\\/\\\/blogs.uef.fi\\\/ueflibrary\\\/kansainvalinen-open-access-viikko-24-10-2016-international-open-access-week-ocotber-24-30-2016\\\/\"},\"wordCount\":295,\"commentCount\":0,\"publisher\":{\"@id\":\"https:\\\/\\\/blogs.uef.fi\\\/ueflibrary\\\/#organization\"},\"image\":{\"@id\":\"https:\\\/\\\/blogs.uef.fi\\\/ueflibrary\\\/kansainvalinen-open-access-viikko-24-10-2016-international-open-access-week-ocotber-24-30-2016\\\/#primaryimage\"},\"thumbnailUrl\":\"https:\\\/\\\/blogs.uef.fi\\\/ueflibrary\\\/wp-content\\\/uploads\\\/sites\\\/18\\\/2016\\\/10\\\/oa-655x1024.png\",\"keywords\":[\"data management plan\",\"DMP\",\"DMPTuuli\",\"julkaiseminen\",\"k\u00e4ytt\u00f6liittym\u00e4t\",\"Open Access\",\"Open in action\",\"ORCID\",\"research data management\",\"tieteellinen julkaisutoiminta\",\"tutkijatunniste\",\"tutkimus\",\"tutkimusaineistot\",\"Tuuli\"],\"articleSection\":[\"Julkaisutoiminta | Publishing\"],\"inLanguage\":\"fi\",\"potentialAction\":[{\"@type\":\"CommentAction\",\"name\":\"Comment\",\"target\":[\"https:\\\/\\\/blogs.uef.fi\\\/ueflibrary\\\/kansainvalinen-open-access-viikko-24-10-2016-international-open-access-week-ocotber-24-30-2016\\\/#respond\"]}]},{\"@type\":\"WebPage\",\"@id\":\"https:\\\/\\\/blogs.uef.fi\\\/ueflibrary\\\/kansainvalinen-open-access-viikko-24-10-2016-international-open-access-week-ocotber-24-30-2016\\\/\",\"url\":\"https:\\\/\\\/blogs.uef.fi\\\/ueflibrary\\\/kansainvalinen-open-access-viikko-24-10-2016-international-open-access-week-ocotber-24-30-2016\\\/\",\"name\":\"Kansainv\u00e4linen open access -viikko 24.-30.10.2016 | International Open Access Week October 24-30, 2016 | UEF Library\",\"isPartOf\":{\"@id\":\"https:\\\/\\\/blogs.uef.fi\\\/ueflibrary\\\/#website\"},\"primaryImageOfPage\":{\"@id\":\"https:\\\/\\\/blogs.uef.fi\\\/ueflibrary\\\/kansainvalinen-open-access-viikko-24-10-2016-international-open-access-week-ocotber-24-30-2016\\\/#primaryimage\"},\"image\":{\"@id\":\"https:\\\/\\\/blogs.uef.fi\\\/ueflibrary\\\/kansainvalinen-open-access-viikko-24-10-2016-international-open-access-week-ocotber-24-30-2016\\\/#primaryimage\"},\"thumbnailUrl\":\"https:\\\/\\\/blogs.uef.fi\\\/ueflibrary\\\/wp-content\\\/uploads\\\/sites\\\/18\\\/2016\\\/10\\\/oa-655x1024.png\",\"datePublished\":\"2016-10-24T04:40:53+00:00\",\"dateModified\":\"2026-01-23T09:25:57+00:00\",\"inLanguage\":\"fi\",\"potentialAction\":[{\"@type\":\"ReadAction\",\"target\":[\"https:\\\/\\\/blogs.uef.fi\\\/ueflibrary\\\/kansainvalinen-open-access-viikko-24-10-2016-international-open-access-week-ocotber-24-30-2016\\\/\"]}]},{\"@type\":\"ImageObject\",\"inLanguage\":\"fi\",\"@id\":\"https:\\\/\\\/blogs.uef.fi\\\/ueflibrary\\\/kansainvalinen-open-access-viikko-24-10-2016-international-open-access-week-ocotber-24-30-2016\\\/#primaryimage\",\"url\":\"https:\\\/\\\/blogs.uef.fi\\\/ueflibrary\\\/wp-content\\\/uploads\\\/sites\\\/18\\\/2016\\\/10\\\/oa.png\",\"contentUrl\":\"https:\\\/\\\/blogs.uef.fi\\\/ueflibrary\\\/wp-content\\\/uploads\\\/sites\\\/18\\\/2016\\\/10\\\/oa.png\",\"width\":2000,\"height\":3125},{\"@type\":\"WebSite\",\"@id\":\"https:\\\/\\\/blogs.uef.fi\\\/ueflibrary\\\/#website\",\"url\":\"https:\\\/\\\/blogs.uef.fi\\\/ueflibrary\\\/\",\"name\":\"UEF Library\",\"description\":\"Open science for open minds\",\"publisher\":{\"@id\":\"https:\\\/\\\/blogs.uef.fi\\\/ueflibrary\\\/#organization\"},\"potentialAction\":[{\"@type\":\"SearchAction\",\"target\":{\"@type\":\"EntryPoint\",\"urlTemplate\":\"https:\\\/\\\/blogs.uef.fi\\\/ueflibrary\\\/?s={search_term_string}\"},\"query-input\":{\"@type\":\"PropertyValueSpecification\",\"valueRequired\":true,\"valueName\":\"search_term_string\"}}],\"inLanguage\":\"fi\"},{\"@type\":\"Organization\",\"@id\":\"https:\\\/\\\/blogs.uef.fi\\\/ueflibrary\\\/#organization\",\"name\":\"UEF Library\",\"url\":\"https:\\\/\\\/blogs.uef.fi\\\/ueflibrary\\\/\",\"logo\":{\"@type\":\"ImageObject\",\"inLanguage\":\"fi\",\"@id\":\"https:\\\/\\\/blogs.uef.fi\\\/ueflibrary\\\/#\\\/schema\\\/logo\\\/image\\\/\",\"url\":\"https:\\\/\\\/blogs.uef.fi\\\/ueflibrary\\\/wp-content\\\/uploads\\\/sites\\\/18\\\/2018\\\/04\\\/Logo-kirjasto.png\",\"contentUrl\":\"https:\\\/\\\/blogs.uef.fi\\\/ueflibrary\\\/wp-content\\\/uploads\\\/sites\\\/18\\\/2018\\\/04\\\/Logo-kirjasto.png\",\"width\":300,\"height\":300,\"caption\":\"UEF Library\"},\"image\":{\"@id\":\"https:\\\/\\\/blogs.uef.fi\\\/ueflibrary\\\/#\\\/schema\\\/logo\\\/image\\\/\"},\"sameAs\":[\"https:\\\/\\\/www.facebook.com\\\/ueflibrary\",\"https:\\\/\\\/x.com\\\/ueflibrary\",\"https:\\\/\\\/www.instagram.com\\\/ueflibrary\\\/\",\"https:\\\/\\\/www.youtube.com\\\/user\\\/UEFLibrary\"]},{\"@type\":\"Person\",\"@id\":\"https:\\\/\\\/blogs.uef.fi\\\/ueflibrary\\\/#\\\/schema\\\/person\\\/a8e211011f90578da5fdd0c5aacfeee3\",\"name\":\"ueflibrary\",\"image\":{\"@type\":\"ImageObject\",\"inLanguage\":\"fi\",\"@id\":\"https:\\\/\\\/secure.gravatar.com\\\/avatar\\\/1c4267db9d0c1de64a30db93f9480cb1dc4a079fcec0109e406050c596cb2ca7?s=96&d=blank&r=g\",\"url\":\"https:\\\/\\\/secure.gravatar.com\\\/avatar\\\/1c4267db9d0c1de64a30db93f9480cb1dc4a079fcec0109e406050c596cb2ca7?s=96&d=blank&r=g\",\"contentUrl\":\"https:\\\/\\\/secure.gravatar.com\\\/avatar\\\/1c4267db9d0c1de64a30db93f9480cb1dc4a079fcec0109e406050c596cb2ca7?s=96&d=blank&r=g\",\"caption\":\"ueflibrary\"},\"description\":\"The UEF Library is a public academic library offering state-of-the-art library and information services especially for the university's staff members and students. However, the library is also open to everyone else who is seeking information. The UEF Library campus libraries are in Joensuu, Kuopio and Savonlinna, and in the Kuopio there is also the KUH Medical Library. The electronic collections can be accessed also off-campus by UEF staff and students.\",\"sameAs\":[\"http:\\\/\\\/www.uef.fi\\\/en\\\/web\\\/kirjasto\"],\"url\":\"https:\\\/\\\/blogs.uef.fi\\\/ueflibrary\\\/author\\\/ueflibrary\\\/\"}]}<\/script>\n<!-- \/ Yoast SEO plugin. -->","yoast_head_json":{"title":"Kansainv\u00e4linen open access -viikko 24.-30.10.2016 | International Open Access Week October 24-30, 2016 | UEF Library","robots":{"index":"index","follow":"follow","max-snippet":"max-snippet:-1","max-image-preview":"max-image-preview:large","max-video-preview":"max-video-preview:-1"},"canonical":"https:\/\/blogs.uef.fi\/ueflibrary\/kansainvalinen-open-access-viikko-24-10-2016-international-open-access-week-ocotber-24-30-2016\/","og_locale":"fi_FI","og_type":"article","og_title":"Kansainv\u00e4linen open access -viikko 24.-30.10.2016 | International Open Access Week October 24-30, 2016 | UEF Library","og_description":"T\u00e4m\u00e4nvuotisen OA-viikon teema on Open in Action.| The theme of the OA week this year is Open in Action. Open in Action Katso viikon aluksi vaikkapa n\u00e4m\u00e4 kaksi videota. | Start the week for example by watching these two videos. Data management planning tool Tuuli will help you write data management plans What is ORCID? [&hellip;]","og_url":"https:\/\/blogs.uef.fi\/ueflibrary\/kansainvalinen-open-access-viikko-24-10-2016-international-open-access-week-ocotber-24-30-2016\/","og_site_name":"UEF Library","article_publisher":"https:\/\/www.facebook.com\/ueflibrary","article_published_time":"2016-10-24T04:40:53+00:00","article_modified_time":"2026-01-23T09:25:57+00:00","og_image":[{"width":2000,"height":3125,"url":"https:\/\/blogs.uef.fi\/ueflibrary\/wp-content\/uploads\/sites\/18\/2016\/10\/oa.png","type":"image\/png"}],"author":"ueflibrary","twitter_card":"summary_large_image","twitter_creator":"@ueflibrary","twitter_site":"@ueflibrary","twitter_misc":{"Kirjoittanut":"ueflibrary","Arvioitu lukuaika":"3 minuuttia"},"schema":{"@context":"https:\/\/schema.org","@graph":[{"@type":"Article","@id":"https:\/\/blogs.uef.fi\/ueflibrary\/kansainvalinen-open-access-viikko-24-10-2016-international-open-access-week-ocotber-24-30-2016\/#article","isPartOf":{"@id":"https:\/\/blogs.uef.fi\/ueflibrary\/kansainvalinen-open-access-viikko-24-10-2016-international-open-access-week-ocotber-24-30-2016\/"},"author":{"name":"ueflibrary","@id":"https:\/\/blogs.uef.fi\/ueflibrary\/#\/schema\/person\/a8e211011f90578da5fdd0c5aacfeee3"},"headline":"Kansainv\u00e4linen open access -viikko 24.-30.10.2016 | International Open Access Week October 24-30, 2016","datePublished":"2016-10-24T04:40:53+00:00","dateModified":"2026-01-23T09:25:57+00:00","mainEntityOfPage":{"@id":"https:\/\/blogs.uef.fi\/ueflibrary\/kansainvalinen-open-access-viikko-24-10-2016-international-open-access-week-ocotber-24-30-2016\/"},"wordCount":295,"commentCount":0,"publisher":{"@id":"https:\/\/blogs.uef.fi\/ueflibrary\/#organization"},"image":{"@id":"https:\/\/blogs.uef.fi\/ueflibrary\/kansainvalinen-open-access-viikko-24-10-2016-international-open-access-week-ocotber-24-30-2016\/#primaryimage"},"thumbnailUrl":"https:\/\/blogs.uef.fi\/ueflibrary\/wp-content\/uploads\/sites\/18\/2016\/10\/oa-655x1024.png","keywords":["data management plan","DMP","DMPTuuli","julkaiseminen","k\u00e4ytt\u00f6liittym\u00e4t","Open Access","Open in action","ORCID","research data management","tieteellinen julkaisutoiminta","tutkijatunniste","tutkimus","tutkimusaineistot","Tuuli"],"articleSection":["Julkaisutoiminta | Publishing"],"inLanguage":"fi","potentialAction":[{"@type":"CommentAction","name":"Comment","target":["https:\/\/blogs.uef.fi\/ueflibrary\/kansainvalinen-open-access-viikko-24-10-2016-international-open-access-week-ocotber-24-30-2016\/#respond"]}]},{"@type":"WebPage","@id":"https:\/\/blogs.uef.fi\/ueflibrary\/kansainvalinen-open-access-viikko-24-10-2016-international-open-access-week-ocotber-24-30-2016\/","url":"https:\/\/blogs.uef.fi\/ueflibrary\/kansainvalinen-open-access-viikko-24-10-2016-international-open-access-week-ocotber-24-30-2016\/","name":"Kansainv\u00e4linen open access -viikko 24.-30.10.2016 | International Open Access Week October 24-30, 2016 | UEF Library","isPartOf":{"@id":"https:\/\/blogs.uef.fi\/ueflibrary\/#website"},"primaryImageOfPage":{"@id":"https:\/\/blogs.uef.fi\/ueflibrary\/kansainvalinen-open-access-viikko-24-10-2016-international-open-access-week-ocotber-24-30-2016\/#primaryimage"},"image":{"@id":"https:\/\/blogs.uef.fi\/ueflibrary\/kansainvalinen-open-access-viikko-24-10-2016-international-open-access-week-ocotber-24-30-2016\/#primaryimage"},"thumbnailUrl":"https:\/\/blogs.uef.fi\/ueflibrary\/wp-content\/uploads\/sites\/18\/2016\/10\/oa-655x1024.png","datePublished":"2016-10-24T04:40:53+00:00","dateModified":"2026-01-23T09:25:57+00:00","inLanguage":"fi","potentialAction":[{"@type":"ReadAction","target":["https:\/\/blogs.uef.fi\/ueflibrary\/kansainvalinen-open-access-viikko-24-10-2016-international-open-access-week-ocotber-24-30-2016\/"]}]},{"@type":"ImageObject","inLanguage":"fi","@id":"https:\/\/blogs.uef.fi\/ueflibrary\/kansainvalinen-open-access-viikko-24-10-2016-international-open-access-week-ocotber-24-30-2016\/#primaryimage","url":"https:\/\/blogs.uef.fi\/ueflibrary\/wp-content\/uploads\/sites\/18\/2016\/10\/oa.png","contentUrl":"https:\/\/blogs.uef.fi\/ueflibrary\/wp-content\/uploads\/sites\/18\/2016\/10\/oa.png","width":2000,"height":3125},{"@type":"WebSite","@id":"https:\/\/blogs.uef.fi\/ueflibrary\/#website","url":"https:\/\/blogs.uef.fi\/ueflibrary\/","name":"UEF Library","description":"Open science for open minds","publisher":{"@id":"https:\/\/blogs.uef.fi\/ueflibrary\/#organization"},"potentialAction":[{"@type":"SearchAction","target":{"@type":"EntryPoint","urlTemplate":"https:\/\/blogs.uef.fi\/ueflibrary\/?s={search_term_string}"},"query-input":{"@type":"PropertyValueSpecification","valueRequired":true,"valueName":"search_term_string"}}],"inLanguage":"fi"},{"@type":"Organization","@id":"https:\/\/blogs.uef.fi\/ueflibrary\/#organization","name":"UEF Library","url":"https:\/\/blogs.uef.fi\/ueflibrary\/","logo":{"@type":"ImageObject","inLanguage":"fi","@id":"https:\/\/blogs.uef.fi\/ueflibrary\/#\/schema\/logo\/image\/","url":"https:\/\/blogs.uef.fi\/ueflibrary\/wp-content\/uploads\/sites\/18\/2018\/04\/Logo-kirjasto.png","contentUrl":"https:\/\/blogs.uef.fi\/ueflibrary\/wp-content\/uploads\/sites\/18\/2018\/04\/Logo-kirjasto.png","width":300,"height":300,"caption":"UEF Library"},"image":{"@id":"https:\/\/blogs.uef.fi\/ueflibrary\/#\/schema\/logo\/image\/"},"sameAs":["https:\/\/www.facebook.com\/ueflibrary","https:\/\/x.com\/ueflibrary","https:\/\/www.instagram.com\/ueflibrary\/","https:\/\/www.youtube.com\/user\/UEFLibrary"]},{"@type":"Person","@id":"https:\/\/blogs.uef.fi\/ueflibrary\/#\/schema\/person\/a8e211011f90578da5fdd0c5aacfeee3","name":"ueflibrary","image":{"@type":"ImageObject","inLanguage":"fi","@id":"https:\/\/secure.gravatar.com\/avatar\/1c4267db9d0c1de64a30db93f9480cb1dc4a079fcec0109e406050c596cb2ca7?s=96&d=blank&r=g","url":"https:\/\/secure.gravatar.com\/avatar\/1c4267db9d0c1de64a30db93f9480cb1dc4a079fcec0109e406050c596cb2ca7?s=96&d=blank&r=g","contentUrl":"https:\/\/secure.gravatar.com\/avatar\/1c4267db9d0c1de64a30db93f9480cb1dc4a079fcec0109e406050c596cb2ca7?s=96&d=blank&r=g","caption":"ueflibrary"},"description":"The UEF Library is a public academic library offering state-of-the-art library and information services especially for the university's staff members and students. However, the library is also open to everyone else who is seeking information. The UEF Library campus libraries are in Joensuu, Kuopio and Savonlinna, and in the Kuopio there is also the KUH Medical Library. The electronic collections can be accessed also off-campus by UEF staff and students.","sameAs":["http:\/\/www.uef.fi\/en\/web\/kirjasto"],"url":"https:\/\/blogs.uef.fi\/ueflibrary\/author\/ueflibrary\/"}]}},"_links":{"self":[{"href":"https:\/\/blogs.uef.fi\/ueflibrary\/wp-json\/wp\/v2\/posts\/3116","targetHints":{"allow":["GET"]}}],"collection":[{"href":"https:\/\/blogs.uef.fi\/ueflibrary\/wp-json\/wp\/v2\/posts"}],"about":[{"href":"https:\/\/blogs.uef.fi\/ueflibrary\/wp-json\/wp\/v2\/types\/post"}],"author":[{"embeddable":true,"href":"https:\/\/blogs.uef.fi\/ueflibrary\/wp-json\/wp\/v2\/users\/72"}],"replies":[{"embeddable":true,"href":"https:\/\/blogs.uef.fi\/ueflibrary\/wp-json\/wp\/v2\/comments?post=3116"}],"version-history":[{"count":2,"href":"https:\/\/blogs.uef.fi\/ueflibrary\/wp-json\/wp\/v2\/posts\/3116\/revisions"}],"predecessor-version":[{"id":25562,"href":"https:\/\/blogs.uef.fi\/ueflibrary\/wp-json\/wp\/v2\/posts\/3116\/revisions\/25562"}],"wp:attachment":[{"href":"https:\/\/blogs.uef.fi\/ueflibrary\/wp-json\/wp\/v2\/media?parent=3116"}],"wp:term":[{"taxonomy":"category","embeddable":true,"href":"https:\/\/blogs.uef.fi\/ueflibrary\/wp-json\/wp\/v2\/categories?post=3116"},{"taxonomy":"post_tag","embeddable":true,"href":"https:\/\/blogs.uef.fi\/ueflibrary\/wp-json\/wp\/v2\/tags?post=3116"}],"curies":[{"name":"wp","href":"https:\/\/api.w.org\/{rel}","templated":true}]}}