{"id":2984,"date":"2016-07-04T07:59:28","date_gmt":"2016-07-04T07:59:28","guid":{"rendered":"https:\/\/blogs.uef.fi\/ueflibrary\/?p=2984"},"modified":"2026-01-23T11:51:49","modified_gmt":"2026-01-23T09:51:49","slug":"ellibs-palvelun-e-kirjojen-kaytto-muuttuu-18-7-ellibs-e-book-service-usage-customs-will-be-updated-on-18th-july","status":"publish","type":"post","link":"https:\/\/blogs.uef.fi\/ueflibrary\/ellibs-palvelun-e-kirjojen-kaytto-muuttuu-18-7-ellibs-e-book-service-usage-customs-will-be-updated-on-18th-july\/","title":{"rendered":"Ellibs-palvelun e-kirjojen k\u00e4ytt\u00f6 muuttuu 18.7. | Ellibs e-book service usage customs will be updated on 18th July"},"content":{"rendered":"\n<figure class=\"wp-block-image\"><img loading=\"lazy\" decoding=\"async\" width=\"300\" height=\"150\" src=\"https:\/\/blogs.uef.fi\/ueflibrary\/wp-content\/uploads\/sites\/18\/2016\/07\/ellibs-logo-iso-300x150.png\" alt=\"ellibs-logo-iso\" class=\"wp-image-3006\" srcset=\"https:\/\/blogs.uef.fi\/ueflibrary\/wp-content\/uploads\/sites\/18\/2016\/07\/ellibs-logo-iso-300x150.png 300w, https:\/\/blogs.uef.fi\/ueflibrary\/wp-content\/uploads\/sites\/18\/2016\/07\/ellibs-logo-iso.png 400w\" sizes=\"auto, (max-width: 300px) 100vw, 300px\" \/><\/figure>\n\n\n\n<p><bdo lang=\"en\" dir=\"ltr\">(Please, scroll down to read in English.)<\/bdo><\/p>\n\n\n\n<p>Asiakkaiden toivomuksista ja k\u00e4yt\u00e4nteiden yhten\u00e4ist\u00e4miseksi <a href=\"https:\/\/www.ellibslibrary.com\/uef\" target=\"_blank\" rel=\"noopener\">Ellibs-palvelun<\/a> e-kirjojen k\u00e4yt\u00f6ss\u00e4 <strong>siirryt\u00e4\u00e4n kirjastokorttiin perustuvasta k\u00e4yt\u00f6st\u00e4 yliopistoyhteis\u00f6n j\u00e4senyyteen perustuvaan k\u00e4ytt\u00f6\u00f6n.<\/strong> Muutoksen j\u00e4lkeen kirjoja p\u00e4\u00e4sev\u00e4t lukemaan vain yliopistoyhteis\u00f6n j\u00e4senet (tutkinto-opiskelijat, avoimen yliopiston opiskelijat sek\u00e4 henkil\u00f6kunta) ja KYSin henkil\u00f6kunta. Muut henkil\u00f6t voivat lukea kirjoja ainoastaan paikan p\u00e4\u00e4ll\u00e4 yliopiston kirjastoissa.<\/p>\n\n\n\n<p>My\u00f6s jatkossa Ellibsin k\u00e4ytt\u00f6 edellytt\u00e4\u00e4 kirjautumista palveluun. Avattaessa Ellibs-palvelu ensimm\u00e4ist\u00e4 kertaa muutoksen j\u00e4lkeen palvelu pyyt\u00e4\u00e4 luomaan uuden henkil\u00f6kohtaisen k\u00e4ytt\u00e4j\u00e4tilin. Tiliin annettavaa s\u00e4hk\u00f6postiosoitetta ja salasanaa tarvitaan palveluun kirjautumisessa esimerkiksi aloitettaessa kirjan lukeminen. Lis\u00e4ksi yliopiston verkon ulkopuolella on ensin kirjauduttava et\u00e4k\u00e4ytt\u00f6\u00f6n yliopiston\/KYSin kirjautumistunnuksilla. <a href=\"http:\/\/josku.linneanet.fi\/\" target=\"_blank\" rel=\"noopener\">Josku-tietokannassa<\/a> et\u00e4k\u00e4ytt\u00f6 avautuu yliopiston k\u00e4ytt\u00e4j\u00e4tunnuksella siirrytt\u00e4ess\u00e4 kirjaan Joskun linkist\u00e4. <a href=\"http:\/\/www.nelliportaali.fi\/\" target=\"_blank\" rel=\"noopener\">Nelli-portaalissa <\/a>ja <a href=\"http:\/\/uef.finna.fi\" target=\"_blank\" rel=\"noopener\">UEF-Finna-tietokannassa<\/a> et\u00e4k\u00e4ytt\u00f6 avautuu kirjauduttaessa palveluun yliopiston k\u00e4ytt\u00e4j\u00e4tunnuksella. KYSin henkil\u00f6kunta avaa et\u00e4k\u00e4ytt\u00f6yhteyden aina erillisen <a href=\"http:\/\/www.uef.fi\/fi\/web\/kirjasto\/kokoelmat\/e-kokoelmat\/e-aineistojen-kayttooikeudet\" target=\"_blank\" rel=\"noopener\">et\u00e4k\u00e4ytt\u00f6sivun<\/a> kautta.<\/p>\n\n\n\n<p>Nykyiset kirjastokorttitunnistautumiseen perustuvat k\u00e4ytt\u00e4jien tilit (oman kirjahyllyn tiedot kuten lainaushistoria, selaushistoria ja suositellut kirjat) menetet\u00e4\u00e4n muutoksen yhteydess\u00e4.<\/p>\n\n\n\n<p>Muutoshetken lainat eiv\u00e4t automaattisesti katkea, mik\u00e4li kirja on ladattu lukuohjelmaan. Muutoksen j\u00e4lkeen ei kuitenkaan p\u00e4\u00e4se en\u00e4\u00e4 kirjastokortin tunnuksilla omaan kirjahyllyyn, joten varaukset ja mahdolliset selainlukijassa voimassa olevat lainat menetet\u00e4\u00e4n.<\/p>\n\n\n\n<p>Muutos astuu voimaan maanantaina 18.7.<\/p>\n\n\n\n<p>Ellibs-palvelun k\u00e4yt\u00f6ss\u00e4 voi ilmet\u00e4 muutoksesta johtuvia h\u00e4iri\u00f6it\u00e4.<\/p>\n\n\n\n<p><span style=\"text-decoration: underline\">Esimerkki Ellibs-kirjan avaamisesta vaihe vaiheelta Josku- tai UEF-Finna-tietokannassa (yliopistoyhteis\u00f6n j\u00e4senen\u00e4):<\/span><\/p>\n\n\n\n<p>1. UEF-Finna: Kirjaudu UEF-Finnaan yliopiston k\u00e4ytt\u00e4j\u00e4tunnuksellasi, jolloin et\u00e4k\u00e4ytt\u00f6 avautuu.<\/p>\n\n\n\n<p>2. UEF-Finna ja Josku: Siirry kirjan tietoihin linkist\u00e4: It\u00e4-Suomen yliopiston kokoteksti Ellibs-palvelussa | University of Eastern Finland Full Text in Ellibs<\/p>\n\n\n\n<p>3. Josku: Jos olet yliopiston verkon ulkopuolella, palvelu kysyy sinulta yliopiston kirjautumistunnukset et\u00e4k\u00e4yt\u00f6n avaamista varten.<\/p>\n\n\n\n<p>4. UEF-Finna ja Josku: Siirtyess\u00e4si lukemaan kirjaa palvelu pyyt\u00e4\u00e4 luomasi kirjautumistunnukset (s\u00e4hk\u00f6postiosoite ja salasana). Jos k\u00e4yt\u00e4t Ellibs-palvelua ensimm\u00e4ist\u00e4 kertaa (muutoksen j\u00e4lkeen), joudut luomaan em. tunnukset itsellesi.<\/p>\n\n\n\n<p>******************<\/p>\n\n\n\n<p><bdo lang=\"en\" dir=\"ltr\">Due to customer request and in order to standardise customs in e-book usage, <strong>signing in to the <a href=\"https:\/\/www.ellibslibrary.com\/en\/collection\">Ellibs service<\/a> with library card information will be replaced with university community membership login information.<\/strong> Following the update, books can be accessed by only the members of the university community (degree students, open university students and personnel) and the KUH staff. Other individuals can read books only at the university libraries.<\/bdo><\/p>\n\n\n\n<p><bdo lang=\"en\" dir=\"ltr\">In future also the use of Ellibs requires signing in to the service. When accessing the Ellibs service for the first time, the service will present a request to create a new personal user account. The e-mail address and password provided for the account will be required, for example, when signing in to read a book. In addition, UEF\/KUH login information is needed for remote access outside the campus network. In the <a href=\"http:\/\/josku.linneanet.fi\/\" target=\"_blank\" rel=\"noopener\">Josku database <\/a>the remote access environment can be accessed via a link and using UEF login information. In the <a href=\"http:\/\/www.nelliportaali.fi\/\" target=\"_blank\" rel=\"noopener\">Nelli portal<\/a> and the <a href=\"http:\/\/uef.finna.fi\" target=\"_blank\" rel=\"noopener\">UEF-Finna database<\/a> the remote access will open when signing in using UEF login information. The KUH staff opens the remote access connection always using a separate <a href=\"http:\/\/www.uef.fi\/en\/web\/kirjasto\/kokoelmat\/e-kokoelmat\/e-aineistojen-kayttooikeudet\" target=\"_blank\" rel=\"noopener\">remote access site<\/a>.<\/bdo><\/p>\n\n\n\n<p><bdo lang=\"en\" dir=\"ltr\">The current library card identification-based user accounts (personal bookshelf information, such as loan history, browsing history and titles of interest) will be lost in the course of the update.<\/bdo><\/p>\n\n\n\n<p><bdo lang=\"en\" dir=\"ltr\">E-book loans will not be automatically cut off during the update, if the book has been downloaded into a reader program. However, after the update\u00a0personal bookshelves cannot be accessed using library card information, and thus reservations and possible web browser e-book loans will be terminated.<\/bdo><\/p>\n\n\n\n<p><bdo lang=\"en\" dir=\"ltr\">The update will come into effect from Monday 18th July.<\/bdo><\/p>\n\n\n\n<p><bdo lang=\"en\" dir=\"ltr\">The Ellibs service may encounter errors due to the update.<\/bdo><\/p>\n\n\n\n<p><span style=\"text-decoration: underline\"><bdo lang=\"en\" dir=\"ltr\">Below is a step-by-step example of accessing an Ellibs e-book in the Josku database or UEF-Finna (as a member of the university community):<\/bdo><\/span><\/p>\n\n\n\n<p><bdo lang=\"en\" dir=\"ltr\">1. UEF-Finna: Sign in to the UEF-Finna using your university login information in order to open the remote access connection.<\/bdo><\/p>\n\n\n\n<p><bdo lang=\"en\" dir=\"ltr\">2. UEF-Finna and Josku: Go to the book details via the link, It\u00e4-Suomen yliopiston kokoteksti Ellibs-palvelussa | University of Eastern Finland Full Text in Ellibs<\/bdo><\/p>\n\n\n\n<p><bdo lang=\"en\" dir=\"ltr\">3. Josku: If you are outside the campus network, the service will enquire your UEF login information for remote access.<\/bdo><\/p>\n\n\n\n<p><bdo lang=\"en\" dir=\"ltr\">4. UEF-Finna and Josku: When moving on to read a book, the service will enquire the login information you have registered (e-mail address and password). If you are using the Ellibs service for the first time (after the update), you will have to register the aforementioned information to your account.<\/bdo><\/p>\n\n\n\n<p>Lis\u00e4tietoja. \/<bdo lang=\"en\" dir=\"ltr\"> For more information: nelli (at) uef.fi<\/bdo><\/p>\n\n\n\n<p>Kaarina Meril\u00e4inen<br \/>Tietoasiantuntija \/<bdo lang=\"en\" dir=\"ltr\"> Information Specialist<\/bdo><br \/>Verkkoresurssipalvelut \/<bdo lang=\"en\" dir=\"ltr\"> Online resource services<\/bdo><\/p>\n","protected":false},"excerpt":{"rendered":"<p>(Please, scroll down to read in English.) Asiakkaiden toivomuksista ja k\u00e4yt\u00e4nteiden yhten\u00e4ist\u00e4miseksi Ellibs-palvelun e-kirjojen k\u00e4yt\u00f6ss\u00e4 siirryt\u00e4\u00e4n kirjastokorttiin perustuvasta k\u00e4yt\u00f6st\u00e4 yliopistoyhteis\u00f6n j\u00e4senyyteen perustuvaan k\u00e4ytt\u00f6\u00f6n. Muutoksen j\u00e4lkeen kirjoja p\u00e4\u00e4sev\u00e4t lukemaan vain yliopistoyhteis\u00f6n j\u00e4senet (tutkinto-opiskelijat, avoimen yliopiston opiskelijat sek\u00e4 henkil\u00f6kunta) ja KYSin henkil\u00f6kunta. Muut henkil\u00f6t voivat lukea kirjoja ainoastaan paikan p\u00e4\u00e4ll\u00e4 yliopiston kirjastoissa. My\u00f6s jatkossa Ellibsin k\u00e4ytt\u00f6 edellytt\u00e4\u00e4 [&hellip;]<\/p>\n","protected":false},"author":72,"featured_media":0,"comment_status":"open","ping_status":"open","sticky":false,"template":"","format":"standard","meta":{"_acf_changed":false,"footnotes":""},"categories":[2,3,6,8,9],"tags":[60,62,72],"class_list":["post-2984","post","type-post","status-publish","format-standard","hentry","category-e-aineistot","category-humanistiset-tieteet-ja-teologia","category-luonnontieteet-ja-metsatieteet","category-terveystieteet","category-yhteiskunta-ja-kauppatieteet","tag-e-books","tag-e-kirjat","tag-ellibs"],"acf":[],"yoast_head":"<!-- This site is optimized with the Yoast SEO plugin v27.3 - https:\/\/yoast.com\/product\/yoast-seo-wordpress\/ -->\n<title>Ellibs-palvelun e-kirjojen k\u00e4ytt\u00f6 muuttuu 18.7. | Ellibs e-book service usage customs will be updated on 18th July | UEF Library<\/title>\n<meta name=\"robots\" content=\"index, follow, max-snippet:-1, max-image-preview:large, max-video-preview:-1\" \/>\n<link rel=\"canonical\" href=\"https:\/\/blogs.uef.fi\/ueflibrary\/ellibs-palvelun-e-kirjojen-kaytto-muuttuu-18-7-ellibs-e-book-service-usage-customs-will-be-updated-on-18th-july\/\" \/>\n<meta property=\"og:locale\" content=\"fi_FI\" \/>\n<meta property=\"og:type\" content=\"article\" \/>\n<meta property=\"og:title\" content=\"Ellibs-palvelun e-kirjojen k\u00e4ytt\u00f6 muuttuu 18.7. | Ellibs e-book service usage customs will be updated on 18th July | UEF Library\" \/>\n<meta property=\"og:description\" content=\"(Please, scroll down to read in English.) Asiakkaiden toivomuksista ja k\u00e4yt\u00e4nteiden yhten\u00e4ist\u00e4miseksi Ellibs-palvelun e-kirjojen k\u00e4yt\u00f6ss\u00e4 siirryt\u00e4\u00e4n kirjastokorttiin perustuvasta k\u00e4yt\u00f6st\u00e4 yliopistoyhteis\u00f6n j\u00e4senyyteen perustuvaan k\u00e4ytt\u00f6\u00f6n. Muutoksen j\u00e4lkeen kirjoja p\u00e4\u00e4sev\u00e4t lukemaan vain yliopistoyhteis\u00f6n j\u00e4senet (tutkinto-opiskelijat, avoimen yliopiston opiskelijat sek\u00e4 henkil\u00f6kunta) ja KYSin henkil\u00f6kunta. Muut henkil\u00f6t voivat lukea kirjoja ainoastaan paikan p\u00e4\u00e4ll\u00e4 yliopiston kirjastoissa. My\u00f6s jatkossa Ellibsin k\u00e4ytt\u00f6 edellytt\u00e4\u00e4 [&hellip;]\" \/>\n<meta property=\"og:url\" content=\"https:\/\/blogs.uef.fi\/ueflibrary\/ellibs-palvelun-e-kirjojen-kaytto-muuttuu-18-7-ellibs-e-book-service-usage-customs-will-be-updated-on-18th-july\/\" \/>\n<meta property=\"og:site_name\" content=\"UEF Library\" \/>\n<meta property=\"article:publisher\" content=\"https:\/\/www.facebook.com\/ueflibrary\" \/>\n<meta property=\"article:published_time\" content=\"2016-07-04T07:59:28+00:00\" \/>\n<meta property=\"article:modified_time\" content=\"2026-01-23T09:51:49+00:00\" \/>\n<meta property=\"og:image\" content=\"https:\/\/blogs.uef.fi\/ueflibrary\/wp-content\/uploads\/sites\/18\/2016\/07\/ellibs-logo-iso.png\" \/>\n\t<meta property=\"og:image:width\" content=\"400\" \/>\n\t<meta property=\"og:image:height\" content=\"200\" \/>\n\t<meta property=\"og:image:type\" content=\"image\/png\" \/>\n<meta name=\"author\" content=\"ueflibrary\" \/>\n<meta name=\"twitter:card\" content=\"summary_large_image\" \/>\n<meta name=\"twitter:creator\" content=\"@ueflibrary\" \/>\n<meta name=\"twitter:site\" content=\"@ueflibrary\" \/>\n<meta name=\"twitter:label1\" content=\"Kirjoittanut\" \/>\n\t<meta name=\"twitter:data1\" content=\"ueflibrary\" \/>\n\t<meta name=\"twitter:label2\" content=\"Arvioitu lukuaika\" \/>\n\t<meta name=\"twitter:data2\" content=\"5 minuuttia\" \/>\n<script type=\"application\/ld+json\" class=\"yoast-schema-graph\">{\"@context\":\"https:\\\/\\\/schema.org\",\"@graph\":[{\"@type\":\"Article\",\"@id\":\"https:\\\/\\\/blogs.uef.fi\\\/ueflibrary\\\/ellibs-palvelun-e-kirjojen-kaytto-muuttuu-18-7-ellibs-e-book-service-usage-customs-will-be-updated-on-18th-july\\\/#article\",\"isPartOf\":{\"@id\":\"https:\\\/\\\/blogs.uef.fi\\\/ueflibrary\\\/ellibs-palvelun-e-kirjojen-kaytto-muuttuu-18-7-ellibs-e-book-service-usage-customs-will-be-updated-on-18th-july\\\/\"},\"author\":{\"name\":\"ueflibrary\",\"@id\":\"https:\\\/\\\/blogs.uef.fi\\\/ueflibrary\\\/#\\\/schema\\\/person\\\/a8e211011f90578da5fdd0c5aacfeee3\"},\"headline\":\"Ellibs-palvelun e-kirjojen k\u00e4ytt\u00f6 muuttuu 18.7. | Ellibs e-book service usage customs will be updated on 18th July\",\"datePublished\":\"2016-07-04T07:59:28+00:00\",\"dateModified\":\"2026-01-23T09:51:49+00:00\",\"mainEntityOfPage\":{\"@id\":\"https:\\\/\\\/blogs.uef.fi\\\/ueflibrary\\\/ellibs-palvelun-e-kirjojen-kaytto-muuttuu-18-7-ellibs-e-book-service-usage-customs-will-be-updated-on-18th-july\\\/\"},\"wordCount\":791,\"commentCount\":0,\"publisher\":{\"@id\":\"https:\\\/\\\/blogs.uef.fi\\\/ueflibrary\\\/#organization\"},\"image\":{\"@id\":\"https:\\\/\\\/blogs.uef.fi\\\/ueflibrary\\\/ellibs-palvelun-e-kirjojen-kaytto-muuttuu-18-7-ellibs-e-book-service-usage-customs-will-be-updated-on-18th-july\\\/#primaryimage\"},\"thumbnailUrl\":\"https:\\\/\\\/blogs.uef.fi\\\/ueflibrary\\\/wp-content\\\/uploads\\\/sites\\\/18\\\/2016\\\/07\\\/ellibs-logo-iso-300x150.png\",\"keywords\":[\"e-books\",\"e-kirjat\",\"Ellibs\"],\"articleSection\":[\"E-aineistot | Electronic resources\",\"Humanistiset tieteet ja teologia | Humanities and theology\",\"Luonnontieteet ja mets\u00e4tieteet | Natural sciences and forestry\",\"Terveystieteet | Health sciences\",\"Yhteiskunta- ja kauppatieteet | Social sciences and business studies\"],\"inLanguage\":\"fi\",\"potentialAction\":[{\"@type\":\"CommentAction\",\"name\":\"Comment\",\"target\":[\"https:\\\/\\\/blogs.uef.fi\\\/ueflibrary\\\/ellibs-palvelun-e-kirjojen-kaytto-muuttuu-18-7-ellibs-e-book-service-usage-customs-will-be-updated-on-18th-july\\\/#respond\"]}]},{\"@type\":\"WebPage\",\"@id\":\"https:\\\/\\\/blogs.uef.fi\\\/ueflibrary\\\/ellibs-palvelun-e-kirjojen-kaytto-muuttuu-18-7-ellibs-e-book-service-usage-customs-will-be-updated-on-18th-july\\\/\",\"url\":\"https:\\\/\\\/blogs.uef.fi\\\/ueflibrary\\\/ellibs-palvelun-e-kirjojen-kaytto-muuttuu-18-7-ellibs-e-book-service-usage-customs-will-be-updated-on-18th-july\\\/\",\"name\":\"Ellibs-palvelun e-kirjojen k\u00e4ytt\u00f6 muuttuu 18.7. | Ellibs e-book service usage customs will be updated on 18th July | UEF Library\",\"isPartOf\":{\"@id\":\"https:\\\/\\\/blogs.uef.fi\\\/ueflibrary\\\/#website\"},\"primaryImageOfPage\":{\"@id\":\"https:\\\/\\\/blogs.uef.fi\\\/ueflibrary\\\/ellibs-palvelun-e-kirjojen-kaytto-muuttuu-18-7-ellibs-e-book-service-usage-customs-will-be-updated-on-18th-july\\\/#primaryimage\"},\"image\":{\"@id\":\"https:\\\/\\\/blogs.uef.fi\\\/ueflibrary\\\/ellibs-palvelun-e-kirjojen-kaytto-muuttuu-18-7-ellibs-e-book-service-usage-customs-will-be-updated-on-18th-july\\\/#primaryimage\"},\"thumbnailUrl\":\"https:\\\/\\\/blogs.uef.fi\\\/ueflibrary\\\/wp-content\\\/uploads\\\/sites\\\/18\\\/2016\\\/07\\\/ellibs-logo-iso-300x150.png\",\"datePublished\":\"2016-07-04T07:59:28+00:00\",\"dateModified\":\"2026-01-23T09:51:49+00:00\",\"inLanguage\":\"fi\",\"potentialAction\":[{\"@type\":\"ReadAction\",\"target\":[\"https:\\\/\\\/blogs.uef.fi\\\/ueflibrary\\\/ellibs-palvelun-e-kirjojen-kaytto-muuttuu-18-7-ellibs-e-book-service-usage-customs-will-be-updated-on-18th-july\\\/\"]}]},{\"@type\":\"ImageObject\",\"inLanguage\":\"fi\",\"@id\":\"https:\\\/\\\/blogs.uef.fi\\\/ueflibrary\\\/ellibs-palvelun-e-kirjojen-kaytto-muuttuu-18-7-ellibs-e-book-service-usage-customs-will-be-updated-on-18th-july\\\/#primaryimage\",\"url\":\"https:\\\/\\\/blogs.uef.fi\\\/ueflibrary\\\/wp-content\\\/uploads\\\/sites\\\/18\\\/2016\\\/07\\\/ellibs-logo-iso.png\",\"contentUrl\":\"https:\\\/\\\/blogs.uef.fi\\\/ueflibrary\\\/wp-content\\\/uploads\\\/sites\\\/18\\\/2016\\\/07\\\/ellibs-logo-iso.png\",\"width\":400,\"height\":200},{\"@type\":\"WebSite\",\"@id\":\"https:\\\/\\\/blogs.uef.fi\\\/ueflibrary\\\/#website\",\"url\":\"https:\\\/\\\/blogs.uef.fi\\\/ueflibrary\\\/\",\"name\":\"UEF Library\",\"description\":\"Open science for open minds\",\"publisher\":{\"@id\":\"https:\\\/\\\/blogs.uef.fi\\\/ueflibrary\\\/#organization\"},\"potentialAction\":[{\"@type\":\"SearchAction\",\"target\":{\"@type\":\"EntryPoint\",\"urlTemplate\":\"https:\\\/\\\/blogs.uef.fi\\\/ueflibrary\\\/?s={search_term_string}\"},\"query-input\":{\"@type\":\"PropertyValueSpecification\",\"valueRequired\":true,\"valueName\":\"search_term_string\"}}],\"inLanguage\":\"fi\"},{\"@type\":\"Organization\",\"@id\":\"https:\\\/\\\/blogs.uef.fi\\\/ueflibrary\\\/#organization\",\"name\":\"UEF Library\",\"url\":\"https:\\\/\\\/blogs.uef.fi\\\/ueflibrary\\\/\",\"logo\":{\"@type\":\"ImageObject\",\"inLanguage\":\"fi\",\"@id\":\"https:\\\/\\\/blogs.uef.fi\\\/ueflibrary\\\/#\\\/schema\\\/logo\\\/image\\\/\",\"url\":\"https:\\\/\\\/blogs.uef.fi\\\/ueflibrary\\\/wp-content\\\/uploads\\\/sites\\\/18\\\/2018\\\/04\\\/Logo-kirjasto.png\",\"contentUrl\":\"https:\\\/\\\/blogs.uef.fi\\\/ueflibrary\\\/wp-content\\\/uploads\\\/sites\\\/18\\\/2018\\\/04\\\/Logo-kirjasto.png\",\"width\":300,\"height\":300,\"caption\":\"UEF Library\"},\"image\":{\"@id\":\"https:\\\/\\\/blogs.uef.fi\\\/ueflibrary\\\/#\\\/schema\\\/logo\\\/image\\\/\"},\"sameAs\":[\"https:\\\/\\\/www.facebook.com\\\/ueflibrary\",\"https:\\\/\\\/x.com\\\/ueflibrary\",\"https:\\\/\\\/www.instagram.com\\\/ueflibrary\\\/\",\"https:\\\/\\\/www.youtube.com\\\/user\\\/UEFLibrary\"]},{\"@type\":\"Person\",\"@id\":\"https:\\\/\\\/blogs.uef.fi\\\/ueflibrary\\\/#\\\/schema\\\/person\\\/a8e211011f90578da5fdd0c5aacfeee3\",\"name\":\"ueflibrary\",\"image\":{\"@type\":\"ImageObject\",\"inLanguage\":\"fi\",\"@id\":\"https:\\\/\\\/secure.gravatar.com\\\/avatar\\\/1c4267db9d0c1de64a30db93f9480cb1dc4a079fcec0109e406050c596cb2ca7?s=96&d=blank&r=g\",\"url\":\"https:\\\/\\\/secure.gravatar.com\\\/avatar\\\/1c4267db9d0c1de64a30db93f9480cb1dc4a079fcec0109e406050c596cb2ca7?s=96&d=blank&r=g\",\"contentUrl\":\"https:\\\/\\\/secure.gravatar.com\\\/avatar\\\/1c4267db9d0c1de64a30db93f9480cb1dc4a079fcec0109e406050c596cb2ca7?s=96&d=blank&r=g\",\"caption\":\"ueflibrary\"},\"description\":\"The UEF Library is a public academic library offering state-of-the-art library and information services especially for the university's staff members and students. However, the library is also open to everyone else who is seeking information. The UEF Library campus libraries are in Joensuu, Kuopio and Savonlinna, and in the Kuopio there is also the KUH Medical Library. The electronic collections can be accessed also off-campus by UEF staff and students.\",\"sameAs\":[\"http:\\\/\\\/www.uef.fi\\\/en\\\/web\\\/kirjasto\"],\"url\":\"https:\\\/\\\/blogs.uef.fi\\\/ueflibrary\\\/author\\\/ueflibrary\\\/\"}]}<\/script>\n<!-- \/ Yoast SEO plugin. -->","yoast_head_json":{"title":"Ellibs-palvelun e-kirjojen k\u00e4ytt\u00f6 muuttuu 18.7. | Ellibs e-book service usage customs will be updated on 18th July | UEF Library","robots":{"index":"index","follow":"follow","max-snippet":"max-snippet:-1","max-image-preview":"max-image-preview:large","max-video-preview":"max-video-preview:-1"},"canonical":"https:\/\/blogs.uef.fi\/ueflibrary\/ellibs-palvelun-e-kirjojen-kaytto-muuttuu-18-7-ellibs-e-book-service-usage-customs-will-be-updated-on-18th-july\/","og_locale":"fi_FI","og_type":"article","og_title":"Ellibs-palvelun e-kirjojen k\u00e4ytt\u00f6 muuttuu 18.7. | Ellibs e-book service usage customs will be updated on 18th July | UEF Library","og_description":"(Please, scroll down to read in English.) Asiakkaiden toivomuksista ja k\u00e4yt\u00e4nteiden yhten\u00e4ist\u00e4miseksi Ellibs-palvelun e-kirjojen k\u00e4yt\u00f6ss\u00e4 siirryt\u00e4\u00e4n kirjastokorttiin perustuvasta k\u00e4yt\u00f6st\u00e4 yliopistoyhteis\u00f6n j\u00e4senyyteen perustuvaan k\u00e4ytt\u00f6\u00f6n. Muutoksen j\u00e4lkeen kirjoja p\u00e4\u00e4sev\u00e4t lukemaan vain yliopistoyhteis\u00f6n j\u00e4senet (tutkinto-opiskelijat, avoimen yliopiston opiskelijat sek\u00e4 henkil\u00f6kunta) ja KYSin henkil\u00f6kunta. Muut henkil\u00f6t voivat lukea kirjoja ainoastaan paikan p\u00e4\u00e4ll\u00e4 yliopiston kirjastoissa. My\u00f6s jatkossa Ellibsin k\u00e4ytt\u00f6 edellytt\u00e4\u00e4 [&hellip;]","og_url":"https:\/\/blogs.uef.fi\/ueflibrary\/ellibs-palvelun-e-kirjojen-kaytto-muuttuu-18-7-ellibs-e-book-service-usage-customs-will-be-updated-on-18th-july\/","og_site_name":"UEF Library","article_publisher":"https:\/\/www.facebook.com\/ueflibrary","article_published_time":"2016-07-04T07:59:28+00:00","article_modified_time":"2026-01-23T09:51:49+00:00","og_image":[{"width":400,"height":200,"url":"https:\/\/blogs.uef.fi\/ueflibrary\/wp-content\/uploads\/sites\/18\/2016\/07\/ellibs-logo-iso.png","type":"image\/png"}],"author":"ueflibrary","twitter_card":"summary_large_image","twitter_creator":"@ueflibrary","twitter_site":"@ueflibrary","twitter_misc":{"Kirjoittanut":"ueflibrary","Arvioitu lukuaika":"5 minuuttia"},"schema":{"@context":"https:\/\/schema.org","@graph":[{"@type":"Article","@id":"https:\/\/blogs.uef.fi\/ueflibrary\/ellibs-palvelun-e-kirjojen-kaytto-muuttuu-18-7-ellibs-e-book-service-usage-customs-will-be-updated-on-18th-july\/#article","isPartOf":{"@id":"https:\/\/blogs.uef.fi\/ueflibrary\/ellibs-palvelun-e-kirjojen-kaytto-muuttuu-18-7-ellibs-e-book-service-usage-customs-will-be-updated-on-18th-july\/"},"author":{"name":"ueflibrary","@id":"https:\/\/blogs.uef.fi\/ueflibrary\/#\/schema\/person\/a8e211011f90578da5fdd0c5aacfeee3"},"headline":"Ellibs-palvelun e-kirjojen k\u00e4ytt\u00f6 muuttuu 18.7. | Ellibs e-book service usage customs will be updated on 18th July","datePublished":"2016-07-04T07:59:28+00:00","dateModified":"2026-01-23T09:51:49+00:00","mainEntityOfPage":{"@id":"https:\/\/blogs.uef.fi\/ueflibrary\/ellibs-palvelun-e-kirjojen-kaytto-muuttuu-18-7-ellibs-e-book-service-usage-customs-will-be-updated-on-18th-july\/"},"wordCount":791,"commentCount":0,"publisher":{"@id":"https:\/\/blogs.uef.fi\/ueflibrary\/#organization"},"image":{"@id":"https:\/\/blogs.uef.fi\/ueflibrary\/ellibs-palvelun-e-kirjojen-kaytto-muuttuu-18-7-ellibs-e-book-service-usage-customs-will-be-updated-on-18th-july\/#primaryimage"},"thumbnailUrl":"https:\/\/blogs.uef.fi\/ueflibrary\/wp-content\/uploads\/sites\/18\/2016\/07\/ellibs-logo-iso-300x150.png","keywords":["e-books","e-kirjat","Ellibs"],"articleSection":["E-aineistot | Electronic resources","Humanistiset tieteet ja teologia | Humanities and theology","Luonnontieteet ja mets\u00e4tieteet | Natural sciences and forestry","Terveystieteet | Health sciences","Yhteiskunta- ja kauppatieteet | Social sciences and business studies"],"inLanguage":"fi","potentialAction":[{"@type":"CommentAction","name":"Comment","target":["https:\/\/blogs.uef.fi\/ueflibrary\/ellibs-palvelun-e-kirjojen-kaytto-muuttuu-18-7-ellibs-e-book-service-usage-customs-will-be-updated-on-18th-july\/#respond"]}]},{"@type":"WebPage","@id":"https:\/\/blogs.uef.fi\/ueflibrary\/ellibs-palvelun-e-kirjojen-kaytto-muuttuu-18-7-ellibs-e-book-service-usage-customs-will-be-updated-on-18th-july\/","url":"https:\/\/blogs.uef.fi\/ueflibrary\/ellibs-palvelun-e-kirjojen-kaytto-muuttuu-18-7-ellibs-e-book-service-usage-customs-will-be-updated-on-18th-july\/","name":"Ellibs-palvelun e-kirjojen k\u00e4ytt\u00f6 muuttuu 18.7. | Ellibs e-book service usage customs will be updated on 18th July | UEF Library","isPartOf":{"@id":"https:\/\/blogs.uef.fi\/ueflibrary\/#website"},"primaryImageOfPage":{"@id":"https:\/\/blogs.uef.fi\/ueflibrary\/ellibs-palvelun-e-kirjojen-kaytto-muuttuu-18-7-ellibs-e-book-service-usage-customs-will-be-updated-on-18th-july\/#primaryimage"},"image":{"@id":"https:\/\/blogs.uef.fi\/ueflibrary\/ellibs-palvelun-e-kirjojen-kaytto-muuttuu-18-7-ellibs-e-book-service-usage-customs-will-be-updated-on-18th-july\/#primaryimage"},"thumbnailUrl":"https:\/\/blogs.uef.fi\/ueflibrary\/wp-content\/uploads\/sites\/18\/2016\/07\/ellibs-logo-iso-300x150.png","datePublished":"2016-07-04T07:59:28+00:00","dateModified":"2026-01-23T09:51:49+00:00","inLanguage":"fi","potentialAction":[{"@type":"ReadAction","target":["https:\/\/blogs.uef.fi\/ueflibrary\/ellibs-palvelun-e-kirjojen-kaytto-muuttuu-18-7-ellibs-e-book-service-usage-customs-will-be-updated-on-18th-july\/"]}]},{"@type":"ImageObject","inLanguage":"fi","@id":"https:\/\/blogs.uef.fi\/ueflibrary\/ellibs-palvelun-e-kirjojen-kaytto-muuttuu-18-7-ellibs-e-book-service-usage-customs-will-be-updated-on-18th-july\/#primaryimage","url":"https:\/\/blogs.uef.fi\/ueflibrary\/wp-content\/uploads\/sites\/18\/2016\/07\/ellibs-logo-iso.png","contentUrl":"https:\/\/blogs.uef.fi\/ueflibrary\/wp-content\/uploads\/sites\/18\/2016\/07\/ellibs-logo-iso.png","width":400,"height":200},{"@type":"WebSite","@id":"https:\/\/blogs.uef.fi\/ueflibrary\/#website","url":"https:\/\/blogs.uef.fi\/ueflibrary\/","name":"UEF Library","description":"Open science for open minds","publisher":{"@id":"https:\/\/blogs.uef.fi\/ueflibrary\/#organization"},"potentialAction":[{"@type":"SearchAction","target":{"@type":"EntryPoint","urlTemplate":"https:\/\/blogs.uef.fi\/ueflibrary\/?s={search_term_string}"},"query-input":{"@type":"PropertyValueSpecification","valueRequired":true,"valueName":"search_term_string"}}],"inLanguage":"fi"},{"@type":"Organization","@id":"https:\/\/blogs.uef.fi\/ueflibrary\/#organization","name":"UEF Library","url":"https:\/\/blogs.uef.fi\/ueflibrary\/","logo":{"@type":"ImageObject","inLanguage":"fi","@id":"https:\/\/blogs.uef.fi\/ueflibrary\/#\/schema\/logo\/image\/","url":"https:\/\/blogs.uef.fi\/ueflibrary\/wp-content\/uploads\/sites\/18\/2018\/04\/Logo-kirjasto.png","contentUrl":"https:\/\/blogs.uef.fi\/ueflibrary\/wp-content\/uploads\/sites\/18\/2018\/04\/Logo-kirjasto.png","width":300,"height":300,"caption":"UEF Library"},"image":{"@id":"https:\/\/blogs.uef.fi\/ueflibrary\/#\/schema\/logo\/image\/"},"sameAs":["https:\/\/www.facebook.com\/ueflibrary","https:\/\/x.com\/ueflibrary","https:\/\/www.instagram.com\/ueflibrary\/","https:\/\/www.youtube.com\/user\/UEFLibrary"]},{"@type":"Person","@id":"https:\/\/blogs.uef.fi\/ueflibrary\/#\/schema\/person\/a8e211011f90578da5fdd0c5aacfeee3","name":"ueflibrary","image":{"@type":"ImageObject","inLanguage":"fi","@id":"https:\/\/secure.gravatar.com\/avatar\/1c4267db9d0c1de64a30db93f9480cb1dc4a079fcec0109e406050c596cb2ca7?s=96&d=blank&r=g","url":"https:\/\/secure.gravatar.com\/avatar\/1c4267db9d0c1de64a30db93f9480cb1dc4a079fcec0109e406050c596cb2ca7?s=96&d=blank&r=g","contentUrl":"https:\/\/secure.gravatar.com\/avatar\/1c4267db9d0c1de64a30db93f9480cb1dc4a079fcec0109e406050c596cb2ca7?s=96&d=blank&r=g","caption":"ueflibrary"},"description":"The UEF Library is a public academic library offering state-of-the-art library and information services especially for the university's staff members and students. However, the library is also open to everyone else who is seeking information. The UEF Library campus libraries are in Joensuu, Kuopio and Savonlinna, and in the Kuopio there is also the KUH Medical Library. The electronic collections can be accessed also off-campus by UEF staff and students.","sameAs":["http:\/\/www.uef.fi\/en\/web\/kirjasto"],"url":"https:\/\/blogs.uef.fi\/ueflibrary\/author\/ueflibrary\/"}]}},"_links":{"self":[{"href":"https:\/\/blogs.uef.fi\/ueflibrary\/wp-json\/wp\/v2\/posts\/2984","targetHints":{"allow":["GET"]}}],"collection":[{"href":"https:\/\/blogs.uef.fi\/ueflibrary\/wp-json\/wp\/v2\/posts"}],"about":[{"href":"https:\/\/blogs.uef.fi\/ueflibrary\/wp-json\/wp\/v2\/types\/post"}],"author":[{"embeddable":true,"href":"https:\/\/blogs.uef.fi\/ueflibrary\/wp-json\/wp\/v2\/users\/72"}],"replies":[{"embeddable":true,"href":"https:\/\/blogs.uef.fi\/ueflibrary\/wp-json\/wp\/v2\/comments?post=2984"}],"version-history":[{"count":1,"href":"https:\/\/blogs.uef.fi\/ueflibrary\/wp-json\/wp\/v2\/posts\/2984\/revisions"}],"predecessor-version":[{"id":25576,"href":"https:\/\/blogs.uef.fi\/ueflibrary\/wp-json\/wp\/v2\/posts\/2984\/revisions\/25576"}],"wp:attachment":[{"href":"https:\/\/blogs.uef.fi\/ueflibrary\/wp-json\/wp\/v2\/media?parent=2984"}],"wp:term":[{"taxonomy":"category","embeddable":true,"href":"https:\/\/blogs.uef.fi\/ueflibrary\/wp-json\/wp\/v2\/categories?post=2984"},{"taxonomy":"post_tag","embeddable":true,"href":"https:\/\/blogs.uef.fi\/ueflibrary\/wp-json\/wp\/v2\/tags?post=2984"}],"curies":[{"name":"wp","href":"https:\/\/api.w.org\/{rel}","templated":true}]}}