{"id":2506,"date":"2016-01-05T16:28:44","date_gmt":"2016-01-05T14:28:44","guid":{"rendered":"https:\/\/ueflibrary.wordpress.com\/?p=2506"},"modified":"2026-01-23T14:58:43","modified_gmt":"2026-01-23T12:58:43","slug":"kysin-tieteellinen-kirjasto-muuttaa-osa-3-viivastys-kuh-medical-library-is-moving-part-3-delay","status":"publish","type":"post","link":"https:\/\/blogs.uef.fi\/ueflibrary\/kysin-tieteellinen-kirjasto-muuttaa-osa-3-viivastys-kuh-medical-library-is-moving-part-3-delay\/","title":{"rendered":"KYSin tieteellinen kirjasto muuttaa &#8211; osa 3: VIIV\u00c4STYS \/ KUH Medical Library is moving &#8211; part 3: DELAY"},"content":{"rendered":"\n<p>Nyt ei mene kirjastossa niin kuin Str\u00f6ms\u00f6ss\u00e4. Arvio uuden tilan uusien kirjahyllyjen saapumis- ja asennusaikataulusta osoittautui t\u00e4n\u00e4\u00e4n ylioptimistiseksi. Alkuper\u00e4isen aikataulun mukaan meid\u00e4n piti t\u00e4ll\u00e4 viikolla jo hyllytt\u00e4\u00e4 kirjoja ja lehti\u00e4 paikoilleen, mutta hyllymme seilaavatkin viel\u00e4 maailman merill\u00e4.<\/p>\n\n\n\n<p>Koska kirjasto on edelleen tupaten t\u00e4ynn\u00e4 nelj\u00e4n muuttolaatikon torneja, on tilassa ahdasta eik\u00e4 aineisto ole saatavilla. Avausp\u00e4iv\u00e4 siirtyy viikolla ja on nykyisen tiedon mukaan maanantai 18.1.2016. Olemme pahoillamme, mutta toivomme, ett\u00e4 hyv\u00e4\u00e4 kannattaa odottaa.<\/p>\n\n\n\n<figure class=\"wp-block-image size-large\"><img loading=\"lazy\" decoding=\"async\" width=\"704\" height=\"1024\" src=\"https:\/\/blogs.uef.fi\/ueflibrary\/wp-content\/uploads\/sites\/18\/2016\/01\/kirjat-odottavat-laatikoissa-704x1024.jpg\" alt=\"\" class=\"wp-image-2539\" srcset=\"https:\/\/blogs.uef.fi\/ueflibrary\/wp-content\/uploads\/sites\/18\/2016\/01\/kirjat-odottavat-laatikoissa-704x1024.jpg 704w, https:\/\/blogs.uef.fi\/ueflibrary\/wp-content\/uploads\/sites\/18\/2016\/01\/kirjat-odottavat-laatikoissa-206x300.jpg 206w, https:\/\/blogs.uef.fi\/ueflibrary\/wp-content\/uploads\/sites\/18\/2016\/01\/kirjat-odottavat-laatikoissa-768x1118.jpg 768w, https:\/\/blogs.uef.fi\/ueflibrary\/wp-content\/uploads\/sites\/18\/2016\/01\/kirjat-odottavat-laatikoissa.jpg 907w\" sizes=\"auto, (max-width: 704px) 100vw, 704px\" \/><figcaption class=\"wp-element-caption\">Muuttolaatikoiden sekaan ei juuri mahdu. <bdo lang=\"en\" dir=\"ltr\">Very little space between the boxes.<\/bdo><\/figcaption><\/figure>\n\n\n\n<figure class=\"wp-block-image size-large\"><img loading=\"lazy\" decoding=\"async\" width=\"1024\" height=\"792\" src=\"https:\/\/blogs.uef.fi\/ueflibrary\/wp-content\/uploads\/sites\/18\/2016\/01\/hyvc3a4c3a4-kannattaa-odottaa-1024x792.jpg\" alt=\"\" class=\"wp-image-2537\" srcset=\"https:\/\/blogs.uef.fi\/ueflibrary\/wp-content\/uploads\/sites\/18\/2016\/01\/hyvc3a4c3a4-kannattaa-odottaa-1024x792.jpg 1024w, https:\/\/blogs.uef.fi\/ueflibrary\/wp-content\/uploads\/sites\/18\/2016\/01\/hyvc3a4c3a4-kannattaa-odottaa-300x232.jpg 300w, https:\/\/blogs.uef.fi\/ueflibrary\/wp-content\/uploads\/sites\/18\/2016\/01\/hyvc3a4c3a4-kannattaa-odottaa-768x594.jpg 768w, https:\/\/blogs.uef.fi\/ueflibrary\/wp-content\/uploads\/sites\/18\/2016\/01\/hyvc3a4c3a4-kannattaa-odottaa.jpg 1181w\" sizes=\"auto, (max-width: 1024px) 100vw, 1024px\" \/><figcaption class=\"wp-element-caption\">Hyv\u00e4\u00e4 kannattaa odottaa. <bdo lang=\"en\" dir=\"ltr\">Good is worth waiting.<\/bdo><\/figcaption><\/figure>\n\n\n\n<figure class=\"wp-block-image size-large\"><img loading=\"lazy\" decoding=\"async\" width=\"619\" height=\"1024\" src=\"https:\/\/blogs.uef.fi\/ueflibrary\/wp-content\/uploads\/sites\/18\/2016\/01\/palvelupiste-ei-ole-ihan-valmis-vielc3a4-619x1024.jpg\" alt=\"\" class=\"wp-image-2538\" srcset=\"https:\/\/blogs.uef.fi\/ueflibrary\/wp-content\/uploads\/sites\/18\/2016\/01\/palvelupiste-ei-ole-ihan-valmis-vielc3a4-619x1024.jpg 619w, https:\/\/blogs.uef.fi\/ueflibrary\/wp-content\/uploads\/sites\/18\/2016\/01\/palvelupiste-ei-ole-ihan-valmis-vielc3a4-181x300.jpg 181w, https:\/\/blogs.uef.fi\/ueflibrary\/wp-content\/uploads\/sites\/18\/2016\/01\/palvelupiste-ei-ole-ihan-valmis-vielc3a4-768x1271.jpg 768w, https:\/\/blogs.uef.fi\/ueflibrary\/wp-content\/uploads\/sites\/18\/2016\/01\/palvelupiste-ei-ole-ihan-valmis-vielc3a4.jpg 904w\" sizes=\"auto, (max-width: 619px) 100vw, 619px\" \/><figcaption class=\"wp-element-caption\">Palvelupiste ei viel\u00e4 palvele.<bdo lang=\"en\" dir=\"ltr\"> No service yet at the service desk.<\/bdo><\/figcaption><\/figure>\n\n\n\n<figure class=\"wp-block-image size-large\"><img loading=\"lazy\" decoding=\"async\" width=\"683\" height=\"1024\" src=\"https:\/\/blogs.uef.fi\/ueflibrary\/wp-content\/uploads\/sites\/18\/2016\/01\/tieteellinen-kirjasto-683x1024.jpg\" alt=\"\" class=\"wp-image-2541\" srcset=\"https:\/\/blogs.uef.fi\/ueflibrary\/wp-content\/uploads\/sites\/18\/2016\/01\/tieteellinen-kirjasto-683x1024.jpg 683w, https:\/\/blogs.uef.fi\/ueflibrary\/wp-content\/uploads\/sites\/18\/2016\/01\/tieteellinen-kirjasto-200x300.jpg 200w, https:\/\/blogs.uef.fi\/ueflibrary\/wp-content\/uploads\/sites\/18\/2016\/01\/tieteellinen-kirjasto-768x1152.jpg 768w, https:\/\/blogs.uef.fi\/ueflibrary\/wp-content\/uploads\/sites\/18\/2016\/01\/tieteellinen-kirjasto.jpg 909w\" sizes=\"auto, (max-width: 683px) 100vw, 683px\" \/><figcaption class=\"wp-element-caption\">Hohtaa uutuuttaan. <bdo lang=\"en\" dir=\"ltr\">New and shiny.<\/bdo><\/figcaption><\/figure>\n\n\n\n<figure class=\"wp-block-image size-large\"><img loading=\"lazy\" decoding=\"async\" width=\"709\" height=\"1024\" src=\"https:\/\/blogs.uef.fi\/ueflibrary\/wp-content\/uploads\/sites\/18\/2016\/01\/space-chickens-with-comfy-chairs-709x1024.jpg\" alt=\"\" class=\"wp-image-2535\" srcset=\"https:\/\/blogs.uef.fi\/ueflibrary\/wp-content\/uploads\/sites\/18\/2016\/01\/space-chickens-with-comfy-chairs-709x1024.jpg 709w, https:\/\/blogs.uef.fi\/ueflibrary\/wp-content\/uploads\/sites\/18\/2016\/01\/space-chickens-with-comfy-chairs-208x300.jpg 208w, https:\/\/blogs.uef.fi\/ueflibrary\/wp-content\/uploads\/sites\/18\/2016\/01\/space-chickens-with-comfy-chairs.jpg 722w\" sizes=\"auto, (max-width: 709px) 100vw, 709px\" \/><figcaption class=\"wp-element-caption\"><bdo lang=\"en\" dir=\"ltr\">Space chickens with comfy chairs.<\/bdo><\/figcaption><\/figure>\n\n\n\n<figure class=\"wp-block-image size-large\"><img loading=\"lazy\" decoding=\"async\" width=\"679\" height=\"1024\" src=\"https:\/\/blogs.uef.fi\/ueflibrary\/wp-content\/uploads\/sites\/18\/2016\/01\/hiljaisia-lukupaikkoja-679x1024.jpg\" alt=\"\" class=\"wp-image-2536\" srcset=\"https:\/\/blogs.uef.fi\/ueflibrary\/wp-content\/uploads\/sites\/18\/2016\/01\/hiljaisia-lukupaikkoja-679x1024.jpg 679w, https:\/\/blogs.uef.fi\/ueflibrary\/wp-content\/uploads\/sites\/18\/2016\/01\/hiljaisia-lukupaikkoja-199x300.jpg 199w, https:\/\/blogs.uef.fi\/ueflibrary\/wp-content\/uploads\/sites\/18\/2016\/01\/hiljaisia-lukupaikkoja-768x1158.jpg 768w, https:\/\/blogs.uef.fi\/ueflibrary\/wp-content\/uploads\/sites\/18\/2016\/01\/hiljaisia-lukupaikkoja.jpg 882w\" sizes=\"auto, (max-width: 679px) 100vw, 679px\" \/><figcaption class=\"wp-element-caption\">Hiljaisia lukupaikkoja. <bdo lang=\"en\" dir=\"ltr\">Silent reading booths.<\/bdo><\/figcaption><\/figure>\n\n\n\n<figure class=\"wp-block-image size-large\"><img loading=\"lazy\" decoding=\"async\" width=\"637\" height=\"1024\" src=\"https:\/\/blogs.uef.fi\/ueflibrary\/wp-content\/uploads\/sites\/18\/2016\/01\/onhan-tc3a4ssc3a4-tc3a4mc3a4-yksi-erikoishylly-alias-labyrintti-637x1024.jpg\" alt=\"\" class=\"wp-image-2534\" srcset=\"https:\/\/blogs.uef.fi\/ueflibrary\/wp-content\/uploads\/sites\/18\/2016\/01\/onhan-tc3a4ssc3a4-tc3a4mc3a4-yksi-erikoishylly-alias-labyrintti-637x1024.jpg 637w, https:\/\/blogs.uef.fi\/ueflibrary\/wp-content\/uploads\/sites\/18\/2016\/01\/onhan-tc3a4ssc3a4-tc3a4mc3a4-yksi-erikoishylly-alias-labyrintti-187x300.jpg 187w, https:\/\/blogs.uef.fi\/ueflibrary\/wp-content\/uploads\/sites\/18\/2016\/01\/onhan-tc3a4ssc3a4-tc3a4mc3a4-yksi-erikoishylly-alias-labyrintti-768x1235.jpg 768w, https:\/\/blogs.uef.fi\/ueflibrary\/wp-content\/uploads\/sites\/18\/2016\/01\/onhan-tc3a4ssc3a4-tc3a4mc3a4-yksi-erikoishylly-alias-labyrintti.jpg 910w\" sizes=\"auto, (max-width: 637px) 100vw, 637px\" \/><figcaption class=\"wp-element-caption\">Onhan meill\u00e4 t\u00e4m\u00e4 labyrintti-hylly&#8230; <bdo lang=\"en\" dir=\"ltr\">Well, we have this one labyrith shelve.<\/bdo><\/figcaption><\/figure>\n\n\n\n<p><bdo lang=\"en\" dir=\"ltr\">Things do not always turn out as planned. Today we learned that the estimated time of the arrival and mounting of the new shelves of the new library was too optimistic. We were supposed to be shelving the books and periodicals this week, but the shelves are still sailing.<\/bdo><\/p>\n\n\n\n<p><bdo lang=\"en\" dir=\"ltr\">The library is full of removal box turrets and therefore cramped, with no access to the books and journals. We have to postpone the opening day by one week so that, according to current information, we will open on Monday 18th January, 2016. We are sorry and we hope the new library is worth waiting.<\/bdo><\/p>\n\n\n\n<p>Tuulevi Ovaska<br \/>palvelup\u00e4\u00e4llikk\u00f6\/<bdo lang=\"en\" dir=\"ltr\">head of services<\/bdo><br \/>KYSin tieteellinen kirjasto\/<bdo lang=\"en\" dir=\"ltr\">KUH medical library<\/bdo><\/p>\n","protected":false},"excerpt":{"rendered":"<p>Nyt ei mene kirjastossa niin kuin Str\u00f6ms\u00f6ss\u00e4. Arvio uuden tilan uusien kirjahyllyjen saapumis- ja asennusaikataulusta osoittautui t\u00e4n\u00e4\u00e4n ylioptimistiseksi. Alkuper\u00e4isen aikataulun mukaan meid\u00e4n piti t\u00e4ll\u00e4 viikolla jo hyllytt\u00e4\u00e4 kirjoja ja lehti\u00e4 paikoilleen, mutta hyllymme seilaavatkin viel\u00e4 maailman merill\u00e4. Koska kirjasto on edelleen tupaten t\u00e4ynn\u00e4 nelj\u00e4n muuttolaatikon torneja, on tilassa ahdasta eik\u00e4 aineisto ole saatavilla. Avausp\u00e4iv\u00e4 siirtyy [&hellip;]<\/p>\n","protected":false},"author":72,"featured_media":2549,"comment_status":"open","ping_status":"open","sticky":false,"template":"","format":"standard","meta":{"_acf_changed":false,"footnotes":""},"categories":[8],"tags":[30,157,158,167,172,175,176,193,195,219,273,274,294,296],"class_list":["post-2506","post","type-post","status-publish","format-standard","has-post-thumbnail","hentry","category-terveystieteet","tag-aukioloajat","tag-kirjastot","tag-kirjastotila","tag-kuh-medical-library","tag-kysin-tieteellinen-kirjasto","tag-libraries","tag-library-space","tag-moving","tag-muutto","tag-opening-hours","tag-space-changes","tag-space-planning","tag-tilamuutokset","tag-tilasuunnittelu"],"acf":[],"yoast_head":"<!-- This site is optimized with the Yoast SEO plugin v27.3 - https:\/\/yoast.com\/product\/yoast-seo-wordpress\/ -->\n<title>KYSin tieteellinen kirjasto muuttaa - osa 3: VIIV\u00c4STYS \/ KUH Medical Library is moving - part 3: DELAY | UEF Library<\/title>\n<meta name=\"robots\" content=\"index, follow, max-snippet:-1, max-image-preview:large, max-video-preview:-1\" \/>\n<link rel=\"canonical\" href=\"https:\/\/blogs.uef.fi\/ueflibrary\/kysin-tieteellinen-kirjasto-muuttaa-osa-3-viivastys-kuh-medical-library-is-moving-part-3-delay\/\" \/>\n<meta property=\"og:locale\" content=\"fi_FI\" \/>\n<meta property=\"og:type\" content=\"article\" \/>\n<meta property=\"og:title\" content=\"KYSin tieteellinen kirjasto muuttaa - osa 3: VIIV\u00c4STYS \/ KUH Medical Library is moving - part 3: DELAY | UEF Library\" \/>\n<meta property=\"og:description\" content=\"Nyt ei mene kirjastossa niin kuin Str\u00f6ms\u00f6ss\u00e4. Arvio uuden tilan uusien kirjahyllyjen saapumis- ja asennusaikataulusta osoittautui t\u00e4n\u00e4\u00e4n ylioptimistiseksi. Alkuper\u00e4isen aikataulun mukaan meid\u00e4n piti t\u00e4ll\u00e4 viikolla jo hyllytt\u00e4\u00e4 kirjoja ja lehti\u00e4 paikoilleen, mutta hyllymme seilaavatkin viel\u00e4 maailman merill\u00e4. Koska kirjasto on edelleen tupaten t\u00e4ynn\u00e4 nelj\u00e4n muuttolaatikon torneja, on tilassa ahdasta eik\u00e4 aineisto ole saatavilla. Avausp\u00e4iv\u00e4 siirtyy [&hellip;]\" \/>\n<meta property=\"og:url\" content=\"https:\/\/blogs.uef.fi\/ueflibrary\/kysin-tieteellinen-kirjasto-muuttaa-osa-3-viivastys-kuh-medical-library-is-moving-part-3-delay\/\" \/>\n<meta property=\"og:site_name\" content=\"UEF Library\" \/>\n<meta property=\"article:publisher\" content=\"https:\/\/www.facebook.com\/ueflibrary\" \/>\n<meta property=\"article:published_time\" content=\"2016-01-05T14:28:44+00:00\" \/>\n<meta property=\"article:modified_time\" content=\"2026-01-23T12:58:43+00:00\" \/>\n<meta property=\"og:image\" content=\"https:\/\/blogs.uef.fi\/ueflibrary\/wp-content\/uploads\/sites\/18\/2016\/01\/tynn.jpg\" \/>\n\t<meta property=\"og:image:width\" content=\"1624\" \/>\n\t<meta property=\"og:image:height\" content=\"819\" \/>\n\t<meta property=\"og:image:type\" content=\"image\/jpeg\" \/>\n<meta name=\"author\" content=\"ueflibrary\" \/>\n<meta name=\"twitter:card\" content=\"summary_large_image\" \/>\n<meta name=\"twitter:creator\" content=\"@ueflibrary\" \/>\n<meta name=\"twitter:site\" content=\"@ueflibrary\" \/>\n<meta name=\"twitter:label1\" content=\"Kirjoittanut\" \/>\n\t<meta name=\"twitter:data1\" content=\"ueflibrary\" \/>\n\t<meta name=\"twitter:label2\" content=\"Arvioitu lukuaika\" \/>\n\t<meta name=\"twitter:data2\" content=\"4 minuuttia\" \/>\n<script type=\"application\/ld+json\" class=\"yoast-schema-graph\">{\"@context\":\"https:\\\/\\\/schema.org\",\"@graph\":[{\"@type\":\"Article\",\"@id\":\"https:\\\/\\\/blogs.uef.fi\\\/ueflibrary\\\/kysin-tieteellinen-kirjasto-muuttaa-osa-3-viivastys-kuh-medical-library-is-moving-part-3-delay\\\/#article\",\"isPartOf\":{\"@id\":\"https:\\\/\\\/blogs.uef.fi\\\/ueflibrary\\\/kysin-tieteellinen-kirjasto-muuttaa-osa-3-viivastys-kuh-medical-library-is-moving-part-3-delay\\\/\"},\"author\":{\"name\":\"ueflibrary\",\"@id\":\"https:\\\/\\\/blogs.uef.fi\\\/ueflibrary\\\/#\\\/schema\\\/person\\\/a8e211011f90578da5fdd0c5aacfeee3\"},\"headline\":\"KYSin tieteellinen kirjasto muuttaa &#8211; osa 3: VIIV\u00c4STYS \\\/ KUH Medical Library is moving &#8211; part 3: DELAY\",\"datePublished\":\"2016-01-05T14:28:44+00:00\",\"dateModified\":\"2026-01-23T12:58:43+00:00\",\"mainEntityOfPage\":{\"@id\":\"https:\\\/\\\/blogs.uef.fi\\\/ueflibrary\\\/kysin-tieteellinen-kirjasto-muuttaa-osa-3-viivastys-kuh-medical-library-is-moving-part-3-delay\\\/\"},\"wordCount\":267,\"commentCount\":0,\"publisher\":{\"@id\":\"https:\\\/\\\/blogs.uef.fi\\\/ueflibrary\\\/#organization\"},\"image\":{\"@id\":\"https:\\\/\\\/blogs.uef.fi\\\/ueflibrary\\\/kysin-tieteellinen-kirjasto-muuttaa-osa-3-viivastys-kuh-medical-library-is-moving-part-3-delay\\\/#primaryimage\"},\"thumbnailUrl\":\"https:\\\/\\\/blogs.uef.fi\\\/ueflibrary\\\/wp-content\\\/uploads\\\/sites\\\/18\\\/2016\\\/01\\\/tynn.jpg\",\"keywords\":[\"aukioloajat\",\"kirjastot\",\"kirjastotila\",\"KUH Medical Library\",\"KYSin tieteellinen kirjasto\",\"libraries\",\"library space\",\"moving\",\"muutto\",\"opening hours\",\"space changes\",\"space planning\",\"tilamuutokset\",\"tilasuunnittelu\"],\"articleSection\":[\"Terveystieteet | Health sciences\"],\"inLanguage\":\"fi\",\"potentialAction\":[{\"@type\":\"CommentAction\",\"name\":\"Comment\",\"target\":[\"https:\\\/\\\/blogs.uef.fi\\\/ueflibrary\\\/kysin-tieteellinen-kirjasto-muuttaa-osa-3-viivastys-kuh-medical-library-is-moving-part-3-delay\\\/#respond\"]}]},{\"@type\":\"WebPage\",\"@id\":\"https:\\\/\\\/blogs.uef.fi\\\/ueflibrary\\\/kysin-tieteellinen-kirjasto-muuttaa-osa-3-viivastys-kuh-medical-library-is-moving-part-3-delay\\\/\",\"url\":\"https:\\\/\\\/blogs.uef.fi\\\/ueflibrary\\\/kysin-tieteellinen-kirjasto-muuttaa-osa-3-viivastys-kuh-medical-library-is-moving-part-3-delay\\\/\",\"name\":\"KYSin tieteellinen kirjasto muuttaa - osa 3: VIIV\u00c4STYS \\\/ KUH Medical Library is moving - part 3: DELAY | UEF Library\",\"isPartOf\":{\"@id\":\"https:\\\/\\\/blogs.uef.fi\\\/ueflibrary\\\/#website\"},\"primaryImageOfPage\":{\"@id\":\"https:\\\/\\\/blogs.uef.fi\\\/ueflibrary\\\/kysin-tieteellinen-kirjasto-muuttaa-osa-3-viivastys-kuh-medical-library-is-moving-part-3-delay\\\/#primaryimage\"},\"image\":{\"@id\":\"https:\\\/\\\/blogs.uef.fi\\\/ueflibrary\\\/kysin-tieteellinen-kirjasto-muuttaa-osa-3-viivastys-kuh-medical-library-is-moving-part-3-delay\\\/#primaryimage\"},\"thumbnailUrl\":\"https:\\\/\\\/blogs.uef.fi\\\/ueflibrary\\\/wp-content\\\/uploads\\\/sites\\\/18\\\/2016\\\/01\\\/tynn.jpg\",\"datePublished\":\"2016-01-05T14:28:44+00:00\",\"dateModified\":\"2026-01-23T12:58:43+00:00\",\"inLanguage\":\"fi\",\"potentialAction\":[{\"@type\":\"ReadAction\",\"target\":[\"https:\\\/\\\/blogs.uef.fi\\\/ueflibrary\\\/kysin-tieteellinen-kirjasto-muuttaa-osa-3-viivastys-kuh-medical-library-is-moving-part-3-delay\\\/\"]}]},{\"@type\":\"ImageObject\",\"inLanguage\":\"fi\",\"@id\":\"https:\\\/\\\/blogs.uef.fi\\\/ueflibrary\\\/kysin-tieteellinen-kirjasto-muuttaa-osa-3-viivastys-kuh-medical-library-is-moving-part-3-delay\\\/#primaryimage\",\"url\":\"https:\\\/\\\/blogs.uef.fi\\\/ueflibrary\\\/wp-content\\\/uploads\\\/sites\\\/18\\\/2016\\\/01\\\/tynn.jpg\",\"contentUrl\":\"https:\\\/\\\/blogs.uef.fi\\\/ueflibrary\\\/wp-content\\\/uploads\\\/sites\\\/18\\\/2016\\\/01\\\/tynn.jpg\",\"width\":1624,\"height\":819},{\"@type\":\"WebSite\",\"@id\":\"https:\\\/\\\/blogs.uef.fi\\\/ueflibrary\\\/#website\",\"url\":\"https:\\\/\\\/blogs.uef.fi\\\/ueflibrary\\\/\",\"name\":\"UEF Library\",\"description\":\"Open science for open minds\",\"publisher\":{\"@id\":\"https:\\\/\\\/blogs.uef.fi\\\/ueflibrary\\\/#organization\"},\"potentialAction\":[{\"@type\":\"SearchAction\",\"target\":{\"@type\":\"EntryPoint\",\"urlTemplate\":\"https:\\\/\\\/blogs.uef.fi\\\/ueflibrary\\\/?s={search_term_string}\"},\"query-input\":{\"@type\":\"PropertyValueSpecification\",\"valueRequired\":true,\"valueName\":\"search_term_string\"}}],\"inLanguage\":\"fi\"},{\"@type\":\"Organization\",\"@id\":\"https:\\\/\\\/blogs.uef.fi\\\/ueflibrary\\\/#organization\",\"name\":\"UEF Library\",\"url\":\"https:\\\/\\\/blogs.uef.fi\\\/ueflibrary\\\/\",\"logo\":{\"@type\":\"ImageObject\",\"inLanguage\":\"fi\",\"@id\":\"https:\\\/\\\/blogs.uef.fi\\\/ueflibrary\\\/#\\\/schema\\\/logo\\\/image\\\/\",\"url\":\"https:\\\/\\\/blogs.uef.fi\\\/ueflibrary\\\/wp-content\\\/uploads\\\/sites\\\/18\\\/2018\\\/04\\\/Logo-kirjasto.png\",\"contentUrl\":\"https:\\\/\\\/blogs.uef.fi\\\/ueflibrary\\\/wp-content\\\/uploads\\\/sites\\\/18\\\/2018\\\/04\\\/Logo-kirjasto.png\",\"width\":300,\"height\":300,\"caption\":\"UEF Library\"},\"image\":{\"@id\":\"https:\\\/\\\/blogs.uef.fi\\\/ueflibrary\\\/#\\\/schema\\\/logo\\\/image\\\/\"},\"sameAs\":[\"https:\\\/\\\/www.facebook.com\\\/ueflibrary\",\"https:\\\/\\\/x.com\\\/ueflibrary\",\"https:\\\/\\\/www.instagram.com\\\/ueflibrary\\\/\",\"https:\\\/\\\/www.youtube.com\\\/user\\\/UEFLibrary\"]},{\"@type\":\"Person\",\"@id\":\"https:\\\/\\\/blogs.uef.fi\\\/ueflibrary\\\/#\\\/schema\\\/person\\\/a8e211011f90578da5fdd0c5aacfeee3\",\"name\":\"ueflibrary\",\"image\":{\"@type\":\"ImageObject\",\"inLanguage\":\"fi\",\"@id\":\"https:\\\/\\\/secure.gravatar.com\\\/avatar\\\/1c4267db9d0c1de64a30db93f9480cb1dc4a079fcec0109e406050c596cb2ca7?s=96&d=blank&r=g\",\"url\":\"https:\\\/\\\/secure.gravatar.com\\\/avatar\\\/1c4267db9d0c1de64a30db93f9480cb1dc4a079fcec0109e406050c596cb2ca7?s=96&d=blank&r=g\",\"contentUrl\":\"https:\\\/\\\/secure.gravatar.com\\\/avatar\\\/1c4267db9d0c1de64a30db93f9480cb1dc4a079fcec0109e406050c596cb2ca7?s=96&d=blank&r=g\",\"caption\":\"ueflibrary\"},\"description\":\"The UEF Library is a public academic library offering state-of-the-art library and information services especially for the university's staff members and students. However, the library is also open to everyone else who is seeking information. The UEF Library campus libraries are in Joensuu, Kuopio and Savonlinna, and in the Kuopio there is also the KUH Medical Library. The electronic collections can be accessed also off-campus by UEF staff and students.\",\"sameAs\":[\"http:\\\/\\\/www.uef.fi\\\/en\\\/web\\\/kirjasto\"],\"url\":\"https:\\\/\\\/blogs.uef.fi\\\/ueflibrary\\\/author\\\/ueflibrary\\\/\"}]}<\/script>\n<!-- \/ Yoast SEO plugin. -->","yoast_head_json":{"title":"KYSin tieteellinen kirjasto muuttaa - osa 3: VIIV\u00c4STYS \/ KUH Medical Library is moving - part 3: DELAY | UEF Library","robots":{"index":"index","follow":"follow","max-snippet":"max-snippet:-1","max-image-preview":"max-image-preview:large","max-video-preview":"max-video-preview:-1"},"canonical":"https:\/\/blogs.uef.fi\/ueflibrary\/kysin-tieteellinen-kirjasto-muuttaa-osa-3-viivastys-kuh-medical-library-is-moving-part-3-delay\/","og_locale":"fi_FI","og_type":"article","og_title":"KYSin tieteellinen kirjasto muuttaa - osa 3: VIIV\u00c4STYS \/ KUH Medical Library is moving - part 3: DELAY | UEF Library","og_description":"Nyt ei mene kirjastossa niin kuin Str\u00f6ms\u00f6ss\u00e4. Arvio uuden tilan uusien kirjahyllyjen saapumis- ja asennusaikataulusta osoittautui t\u00e4n\u00e4\u00e4n ylioptimistiseksi. Alkuper\u00e4isen aikataulun mukaan meid\u00e4n piti t\u00e4ll\u00e4 viikolla jo hyllytt\u00e4\u00e4 kirjoja ja lehti\u00e4 paikoilleen, mutta hyllymme seilaavatkin viel\u00e4 maailman merill\u00e4. Koska kirjasto on edelleen tupaten t\u00e4ynn\u00e4 nelj\u00e4n muuttolaatikon torneja, on tilassa ahdasta eik\u00e4 aineisto ole saatavilla. Avausp\u00e4iv\u00e4 siirtyy [&hellip;]","og_url":"https:\/\/blogs.uef.fi\/ueflibrary\/kysin-tieteellinen-kirjasto-muuttaa-osa-3-viivastys-kuh-medical-library-is-moving-part-3-delay\/","og_site_name":"UEF Library","article_publisher":"https:\/\/www.facebook.com\/ueflibrary","article_published_time":"2016-01-05T14:28:44+00:00","article_modified_time":"2026-01-23T12:58:43+00:00","og_image":[{"width":1624,"height":819,"url":"https:\/\/blogs.uef.fi\/ueflibrary\/wp-content\/uploads\/sites\/18\/2016\/01\/tynn.jpg","type":"image\/jpeg"}],"author":"ueflibrary","twitter_card":"summary_large_image","twitter_creator":"@ueflibrary","twitter_site":"@ueflibrary","twitter_misc":{"Kirjoittanut":"ueflibrary","Arvioitu lukuaika":"4 minuuttia"},"schema":{"@context":"https:\/\/schema.org","@graph":[{"@type":"Article","@id":"https:\/\/blogs.uef.fi\/ueflibrary\/kysin-tieteellinen-kirjasto-muuttaa-osa-3-viivastys-kuh-medical-library-is-moving-part-3-delay\/#article","isPartOf":{"@id":"https:\/\/blogs.uef.fi\/ueflibrary\/kysin-tieteellinen-kirjasto-muuttaa-osa-3-viivastys-kuh-medical-library-is-moving-part-3-delay\/"},"author":{"name":"ueflibrary","@id":"https:\/\/blogs.uef.fi\/ueflibrary\/#\/schema\/person\/a8e211011f90578da5fdd0c5aacfeee3"},"headline":"KYSin tieteellinen kirjasto muuttaa &#8211; osa 3: VIIV\u00c4STYS \/ KUH Medical Library is moving &#8211; part 3: DELAY","datePublished":"2016-01-05T14:28:44+00:00","dateModified":"2026-01-23T12:58:43+00:00","mainEntityOfPage":{"@id":"https:\/\/blogs.uef.fi\/ueflibrary\/kysin-tieteellinen-kirjasto-muuttaa-osa-3-viivastys-kuh-medical-library-is-moving-part-3-delay\/"},"wordCount":267,"commentCount":0,"publisher":{"@id":"https:\/\/blogs.uef.fi\/ueflibrary\/#organization"},"image":{"@id":"https:\/\/blogs.uef.fi\/ueflibrary\/kysin-tieteellinen-kirjasto-muuttaa-osa-3-viivastys-kuh-medical-library-is-moving-part-3-delay\/#primaryimage"},"thumbnailUrl":"https:\/\/blogs.uef.fi\/ueflibrary\/wp-content\/uploads\/sites\/18\/2016\/01\/tynn.jpg","keywords":["aukioloajat","kirjastot","kirjastotila","KUH Medical Library","KYSin tieteellinen kirjasto","libraries","library space","moving","muutto","opening hours","space changes","space planning","tilamuutokset","tilasuunnittelu"],"articleSection":["Terveystieteet | Health sciences"],"inLanguage":"fi","potentialAction":[{"@type":"CommentAction","name":"Comment","target":["https:\/\/blogs.uef.fi\/ueflibrary\/kysin-tieteellinen-kirjasto-muuttaa-osa-3-viivastys-kuh-medical-library-is-moving-part-3-delay\/#respond"]}]},{"@type":"WebPage","@id":"https:\/\/blogs.uef.fi\/ueflibrary\/kysin-tieteellinen-kirjasto-muuttaa-osa-3-viivastys-kuh-medical-library-is-moving-part-3-delay\/","url":"https:\/\/blogs.uef.fi\/ueflibrary\/kysin-tieteellinen-kirjasto-muuttaa-osa-3-viivastys-kuh-medical-library-is-moving-part-3-delay\/","name":"KYSin tieteellinen kirjasto muuttaa - osa 3: VIIV\u00c4STYS \/ KUH Medical Library is moving - part 3: DELAY | UEF Library","isPartOf":{"@id":"https:\/\/blogs.uef.fi\/ueflibrary\/#website"},"primaryImageOfPage":{"@id":"https:\/\/blogs.uef.fi\/ueflibrary\/kysin-tieteellinen-kirjasto-muuttaa-osa-3-viivastys-kuh-medical-library-is-moving-part-3-delay\/#primaryimage"},"image":{"@id":"https:\/\/blogs.uef.fi\/ueflibrary\/kysin-tieteellinen-kirjasto-muuttaa-osa-3-viivastys-kuh-medical-library-is-moving-part-3-delay\/#primaryimage"},"thumbnailUrl":"https:\/\/blogs.uef.fi\/ueflibrary\/wp-content\/uploads\/sites\/18\/2016\/01\/tynn.jpg","datePublished":"2016-01-05T14:28:44+00:00","dateModified":"2026-01-23T12:58:43+00:00","inLanguage":"fi","potentialAction":[{"@type":"ReadAction","target":["https:\/\/blogs.uef.fi\/ueflibrary\/kysin-tieteellinen-kirjasto-muuttaa-osa-3-viivastys-kuh-medical-library-is-moving-part-3-delay\/"]}]},{"@type":"ImageObject","inLanguage":"fi","@id":"https:\/\/blogs.uef.fi\/ueflibrary\/kysin-tieteellinen-kirjasto-muuttaa-osa-3-viivastys-kuh-medical-library-is-moving-part-3-delay\/#primaryimage","url":"https:\/\/blogs.uef.fi\/ueflibrary\/wp-content\/uploads\/sites\/18\/2016\/01\/tynn.jpg","contentUrl":"https:\/\/blogs.uef.fi\/ueflibrary\/wp-content\/uploads\/sites\/18\/2016\/01\/tynn.jpg","width":1624,"height":819},{"@type":"WebSite","@id":"https:\/\/blogs.uef.fi\/ueflibrary\/#website","url":"https:\/\/blogs.uef.fi\/ueflibrary\/","name":"UEF Library","description":"Open science for open minds","publisher":{"@id":"https:\/\/blogs.uef.fi\/ueflibrary\/#organization"},"potentialAction":[{"@type":"SearchAction","target":{"@type":"EntryPoint","urlTemplate":"https:\/\/blogs.uef.fi\/ueflibrary\/?s={search_term_string}"},"query-input":{"@type":"PropertyValueSpecification","valueRequired":true,"valueName":"search_term_string"}}],"inLanguage":"fi"},{"@type":"Organization","@id":"https:\/\/blogs.uef.fi\/ueflibrary\/#organization","name":"UEF Library","url":"https:\/\/blogs.uef.fi\/ueflibrary\/","logo":{"@type":"ImageObject","inLanguage":"fi","@id":"https:\/\/blogs.uef.fi\/ueflibrary\/#\/schema\/logo\/image\/","url":"https:\/\/blogs.uef.fi\/ueflibrary\/wp-content\/uploads\/sites\/18\/2018\/04\/Logo-kirjasto.png","contentUrl":"https:\/\/blogs.uef.fi\/ueflibrary\/wp-content\/uploads\/sites\/18\/2018\/04\/Logo-kirjasto.png","width":300,"height":300,"caption":"UEF Library"},"image":{"@id":"https:\/\/blogs.uef.fi\/ueflibrary\/#\/schema\/logo\/image\/"},"sameAs":["https:\/\/www.facebook.com\/ueflibrary","https:\/\/x.com\/ueflibrary","https:\/\/www.instagram.com\/ueflibrary\/","https:\/\/www.youtube.com\/user\/UEFLibrary"]},{"@type":"Person","@id":"https:\/\/blogs.uef.fi\/ueflibrary\/#\/schema\/person\/a8e211011f90578da5fdd0c5aacfeee3","name":"ueflibrary","image":{"@type":"ImageObject","inLanguage":"fi","@id":"https:\/\/secure.gravatar.com\/avatar\/1c4267db9d0c1de64a30db93f9480cb1dc4a079fcec0109e406050c596cb2ca7?s=96&d=blank&r=g","url":"https:\/\/secure.gravatar.com\/avatar\/1c4267db9d0c1de64a30db93f9480cb1dc4a079fcec0109e406050c596cb2ca7?s=96&d=blank&r=g","contentUrl":"https:\/\/secure.gravatar.com\/avatar\/1c4267db9d0c1de64a30db93f9480cb1dc4a079fcec0109e406050c596cb2ca7?s=96&d=blank&r=g","caption":"ueflibrary"},"description":"The UEF Library is a public academic library offering state-of-the-art library and information services especially for the university's staff members and students. However, the library is also open to everyone else who is seeking information. The UEF Library campus libraries are in Joensuu, Kuopio and Savonlinna, and in the Kuopio there is also the KUH Medical Library. The electronic collections can be accessed also off-campus by UEF staff and students.","sameAs":["http:\/\/www.uef.fi\/en\/web\/kirjasto"],"url":"https:\/\/blogs.uef.fi\/ueflibrary\/author\/ueflibrary\/"}]}},"_links":{"self":[{"href":"https:\/\/blogs.uef.fi\/ueflibrary\/wp-json\/wp\/v2\/posts\/2506","targetHints":{"allow":["GET"]}}],"collection":[{"href":"https:\/\/blogs.uef.fi\/ueflibrary\/wp-json\/wp\/v2\/posts"}],"about":[{"href":"https:\/\/blogs.uef.fi\/ueflibrary\/wp-json\/wp\/v2\/types\/post"}],"author":[{"embeddable":true,"href":"https:\/\/blogs.uef.fi\/ueflibrary\/wp-json\/wp\/v2\/users\/72"}],"replies":[{"embeddable":true,"href":"https:\/\/blogs.uef.fi\/ueflibrary\/wp-json\/wp\/v2\/comments?post=2506"}],"version-history":[{"count":1,"href":"https:\/\/blogs.uef.fi\/ueflibrary\/wp-json\/wp\/v2\/posts\/2506\/revisions"}],"predecessor-version":[{"id":25613,"href":"https:\/\/blogs.uef.fi\/ueflibrary\/wp-json\/wp\/v2\/posts\/2506\/revisions\/25613"}],"wp:featuredmedia":[{"embeddable":true,"href":"https:\/\/blogs.uef.fi\/ueflibrary\/wp-json\/wp\/v2\/media\/2549"}],"wp:attachment":[{"href":"https:\/\/blogs.uef.fi\/ueflibrary\/wp-json\/wp\/v2\/media?parent=2506"}],"wp:term":[{"taxonomy":"category","embeddable":true,"href":"https:\/\/blogs.uef.fi\/ueflibrary\/wp-json\/wp\/v2\/categories?post=2506"},{"taxonomy":"post_tag","embeddable":true,"href":"https:\/\/blogs.uef.fi\/ueflibrary\/wp-json\/wp\/v2\/tags?post=2506"}],"curies":[{"name":"wp","href":"https:\/\/api.w.org\/{rel}","templated":true}]}}