{"id":19368,"date":"2023-10-23T07:30:00","date_gmt":"2023-10-23T05:30:00","guid":{"rendered":"https:\/\/blogs.uef.fi\/ueflibrary\/?p=19368"},"modified":"2025-10-17T14:39:26","modified_gmt":"2025-10-17T12:39:26","slug":"yhteisot-edella-kohti-avoimen-tieteen-viikkoa-communities-ahead-towards-open-access-week","status":"publish","type":"post","link":"https:\/\/blogs.uef.fi\/ueflibrary\/yhteisot-edella-kohti-avoimen-tieteen-viikkoa-communities-ahead-towards-open-access-week\/","title":{"rendered":"Yhteis\u00f6t edell\u00e4 kohti avoimen tieteen viikkoa | Communities ahead towards Open Access Week"},"content":{"rendered":"\n<p><bdo lang=\"en\" dir=\"ltr\">(Please, scroll down to read in English.)<\/bdo><\/p>\n\n\n\n<p>T\u00e4n\u00e4 vuonna <a href=\"https:\/\/www.openaccessweek.org\/\">kansainv\u00e4lisen avoimen tieteen viikon<\/a> (23.\u201329.10.2023) teemana on <strong>Yhteis\u00f6 ennen kaupallistamista<\/strong> (<bdo lang=\"en\" dir=\"ltr\">Community over Commercialization<\/bdo>). Olen se tyyppi, joka tulee aina hieman j\u00e4lkijunassa tekniikan kehityksen suhteen, joten rohkaisen nyt mieleni ja kysyn teko\u00e4lylt\u00e4 (ChatGPT), mit\u00e4 se tiet\u00e4\u00e4 aiheesta. Tiivist\u00e4en vastaus on t\u00e4m\u00e4:<\/p>\n\n\n\n<p><bdo lang=\"en\" dir=\"ltr\">Community over Commercialization<\/bdo> -ilmaisu viittaa siihen, ett\u00e4 yhteis\u00f6n hyvinvointi ja tarpeet asetetaan etusijalle ennen kaupallisia tarkoitusperi\u00e4. T\u00e4m\u00e4 periaate voi korostua esimerkiksi seuraavissa yhteyksiss\u00e4:<\/p>\n\n\n\n<ol class=\"wp-block-list\">\n<li>Tutkimuksen avoimuus: Tieteellinen tutkimus perustuu avoimuuteen ja tietojen jakamiseen yhteis\u00f6ss\u00e4. &#8221;Yhteis\u00f6 ennen kaupallistamista&#8221; voi ilmet\u00e4 avoimen tieteen periaatteena, jossa tutkijat jakavat tuloksiaan, tietojaan ja menetelmi\u00e4\u00e4n avoimesti muiden tutkijoiden ja yhteis\u00f6n k\u00e4ytt\u00f6\u00f6n.<\/li>\n\n\n\n<li>Avoin julkaiseminen: Tieteellisen tiedon avoin julkaiseminen kaikkien saataville ilman rajoituksia mahdollistaa laajemman yleis\u00f6n p\u00e4\u00e4syn tieteelliseen tietoon.<\/li>\n\n\n\n<li>Tutkimuseettisyys: Tutkijat noudattavat eettisi\u00e4 periaatteita ja k\u00e4yt\u00e4nt\u00f6j\u00e4, ja arvioivat tutkimuksensa vaikutuksia yhteis\u00f6ihin ennen kaupallisia intressej\u00e4.<\/li>\n\n\n\n<li>Kansainv\u00e4linen yhteisty\u00f6: Tieteellinen yhteis\u00f6 perustuu usein kansainv\u00e4liseen yhteisty\u00f6h\u00f6n ja tiedonvaihtoon. Esimerkiksi yhteisty\u00f6n mahdollistavat verkkoymp\u00e4rist\u00f6t edist\u00e4v\u00e4t tutkijoiden ja tiedeyhteis\u00f6n v\u00e4list\u00e4 yhteisty\u00f6t\u00e4 ja tiedon jakamista.<\/li>\n\n\n\n<li>Kansalaistiede (<bdo lang=\"en\" dir=\"ltr\">citizen science<\/bdo>): Kansalaistiede rohkaisee yhteis\u00f6n j\u00e4seni\u00e4 osallistumaan tieteelliseen tutkimukseen ja edist\u00e4m\u00e4\u00e4n yhteis\u00f6ns\u00e4 hyvinvointia tiedon avulla.<\/li>\n\n\n\n<li>Avoin l\u00e4hdekoodi (<bdo lang=\"en\" dir=\"ltr\">Open Source<\/bdo>): Ohjelmistoja kehitet\u00e4\u00e4n ja yll\u00e4pidet\u00e4\u00e4n yhteis\u00f6jen ja vapaaehtoisten voimin avoimena l\u00e4hdekoodina, sen sijaan ett\u00e4 ne suljettaisiin kaupallisiin ymp\u00e4rist\u00f6ihin.<\/li>\n\n\n\n<li>Koulutus: Opetus ja oppiminen keskittyv\u00e4t ensisijaisesti oppijoiden ja yhteis\u00f6jen tarpeisiin ja hyvinvointiin kaupallisten etujen tavoittelun sijaan. Esimerkkin\u00e4 avoimesta oppimisesta ovat MOOC (<bdo lang=\"en\" dir=\"ltr\">Massive Open Online Courses<\/bdo>) -kurssit.<\/li>\n\n\n\n<li>Ymp\u00e4rist\u00f6nsuojelu ja kest\u00e4v\u00e4 kehitys: Ymp\u00e4rist\u00f6n ja paikallisten yhteis\u00f6jen hyvinvointi on asetettava etusijalle ennen taloudellista voittoa. Esimerkiksi vastustetaan kaupallisia hankkeita, jotka saattaisivat vahingoittaa ymp\u00e4rist\u00f6\u00e4 tai yhteis\u00f6j\u00e4.<\/li>\n\n\n\n<li>Yhteis\u00f6pohjainen kehitys: Kehitysty\u00f6ss\u00e4 painotetaan yhteis\u00f6jen osallistumista ja p\u00e4\u00e4t\u00f6ksentekoa omista tarpeistaan ja kehityksest\u00e4\u00e4n, sen sijaan ett\u00e4 ulkopuoliset kaupalliset tahot sanelevat kehityshankkeita.<\/li>\n\n\n\n<li>Kansalaisosallistuminen: Yhteis\u00f6jen osallistuminen p\u00e4\u00e4t\u00f6ksentekoon ja vaikuttamiseen omassa elinymp\u00e4rist\u00f6ss\u00e4\u00e4n voi tarkoittaa esimerkiksi paikallisia kuulemisia ja p\u00e4\u00e4t\u00f6ksenteon avoimuutta.<\/li>\n\n\n\n<li>Sosiaalinen oikeudenmukaisuus: Kaikki yhteiskunnan j\u00e4senet hy\u00f6tyv\u00e4t tasapuolisesti resursseista ja mahdollisuuksista.<\/li>\n\n\n\n<li>Paikallinen elinkeinotoiminta: Painotetaan paikallisia ty\u00f6paikkoja ja palveluita yhteis\u00f6jen hyvinvoinnin edist\u00e4miseksi.<\/li>\n<\/ol>\n\n\n\n<p>Ent\u00e4p\u00e4 sitten se teko\u00e4ly? Omat ajatukset viikon teemaan painottuivat tieteen n\u00e4k\u00f6kulmaan, mutta liittyih\u00e4n siihen paljon muutakin. Teko\u00e4lyn k\u00e4yt\u00f6st\u00e4 j\u00e4i kokemus, ett\u00e4 se voi toimia hyv\u00e4n\u00e4 apuna ideoinnissa. Toisaalta on pakko my\u00f6nt\u00e4\u00e4, ett\u00e4 olo on v\u00e4h\u00e4n vilpillinen, kun \u201dajatukset\u201d tulevat valmiina ja itselle j\u00e4i teht\u00e4v\u00e4ksi vain sis\u00e4ll\u00f6n muokkaaminen. Luomisen tuska j\u00e4i siis v\u00e4h\u00e4lle. My\u00f6s k\u00e4\u00e4nt\u00e4minen sujui n\u00e4pp\u00e4r\u00e4sti. Parhaimmillaan teko\u00e4ly rikastaa ja tehostaa ty\u00f6skentely\u00e4 tai oppimista, mutta tiedon tuottamisen prosessi ottaa aikamoisia oikoteit\u00e4, mik\u00e4 ei v\u00e4ltt\u00e4m\u00e4tt\u00e4 aina ole hyv\u00e4 asia.<\/p>\n\n\n\n<p>Mutta palataan itse aiheeseen: Miten sin\u00e4 voisit edist\u00e4\u00e4 tieteen yhteis\u00f6llisyytt\u00e4 ja saavutettavuutta?<\/p>\n\n\n\n<figure class=\"wp-block-image size-full is-style-default\"><img loading=\"lazy\" decoding=\"async\" width=\"2400\" height=\"1350\" src=\"https:\/\/blogs.uef.fi\/ueflibrary\/wp-content\/uploads\/sites\/18\/2023\/10\/16-9-Twitter-English.png\" alt=\"International Open Access Week &quot;Community over Commercialization&quot;, October 23-29, 2023, #OAWeek.\" class=\"wp-image-19374\" srcset=\"https:\/\/blogs.uef.fi\/ueflibrary\/wp-content\/uploads\/sites\/18\/2023\/10\/16-9-Twitter-English.png 2400w, https:\/\/blogs.uef.fi\/ueflibrary\/wp-content\/uploads\/sites\/18\/2023\/10\/16-9-Twitter-English-1250x703.png 1250w, https:\/\/blogs.uef.fi\/ueflibrary\/wp-content\/uploads\/sites\/18\/2023\/10\/16-9-Twitter-English-151x85.png 151w, https:\/\/blogs.uef.fi\/ueflibrary\/wp-content\/uploads\/sites\/18\/2023\/10\/16-9-Twitter-English-768x432.png 768w, https:\/\/blogs.uef.fi\/ueflibrary\/wp-content\/uploads\/sites\/18\/2023\/10\/16-9-Twitter-English-1536x864.png 1536w, https:\/\/blogs.uef.fi\/ueflibrary\/wp-content\/uploads\/sites\/18\/2023\/10\/16-9-Twitter-English-2048x1152.png 2048w\" sizes=\"auto, (max-width: 2400px) 100vw, 2400px\" \/><figcaption class=\"wp-element-caption\">Suunnittelu | Design by: Kim Henze. CC BY.<\/figcaption><\/figure>\n\n\n\n<p><bdo lang=\"en\" dir=\"ltr\">This year, during <a href=\"https:\/\/www.openaccessweek.org\/\">International Open Access Week<\/a> (October 23-29, 2023), the theme is &#8221;Community over Commercialization.&#8221; I&#8217;m the type of person who always lags a bit behind in keeping up with technological advancements, so I&#8217;m now mustering the courage to ask artificial intelligence (ChatGPT) what it knows about the topic. In summary, the answer is this:<\/bdo><\/p>\n\n\n\n<p><bdo lang=\"en\" dir=\"ltr\">The expression &#8221;Community over Commercialization&#8221; refers to prioritizing the well-being and needs of the community over commercial purposes. This principle can be emphasized in the following contexts, for example:<\/bdo><\/p>\n\n\n\n<ol class=\"wp-block-list\">\n<li><bdo lang=\"en\" dir=\"ltr\">Research Openness: Scientific research is built on openness and sharing data within the community. &#8221;Community over Commercialization&#8221; can manifest as a principle of open science, where researchers openly share their findings, data, and methods for the benefit of other researchers and the community.<\/bdo><\/li>\n\n\n\n<li><bdo lang=\"en\" dir=\"ltr\">Open Access Publishing: Making scientific knowledge openly accessible to everyone without restrictions enables a broader audience to access scientific information.<\/bdo><\/li>\n\n\n\n<li><bdo lang=\"en\" dir=\"ltr\">Research Ethics: Researchers adhere to ethical principles and practices, evaluating the impact of their research on communities before commercial interests.<\/bdo><\/li>\n\n\n\n<li><bdo lang=\"en\" dir=\"ltr\">International Collaboration: The scientific community often relies on international collaboration and knowledge exchange. For example, online platforms that facilitate collaboration promote cooperation among researchers and the sharing of knowledge.<\/bdo><\/li>\n\n\n\n<li><bdo lang=\"en\" dir=\"ltr\">Citizen Science: Citizen science encourages community members to participate in scientific research and promote the well-being of their community through the use of information.<\/bdo><\/li>\n\n\n\n<li><bdo lang=\"en\" dir=\"ltr\">Open Source: Software is developed and maintained by communities and volunteers as open-source, rather than being confined to commercial environments.<\/bdo><\/li>\n\n\n\n<li><bdo lang=\"en\" dir=\"ltr\">Education: Teaching and learning prioritize the needs and well-being of learners and communities over pursuing commercial interests. Massive Open Online Courses (MOOCs) represent one example of open learning.<\/bdo><\/li>\n\n\n\n<li><bdo lang=\"en\" dir=\"ltr\">Environmental Conservation and Sustainable Development: The well-being of the environment and local communities takes precedence over economic gain. For instance, opposition to commercial projects that could harm the environment or communities.<\/bdo><\/li>\n\n\n\n<li><bdo lang=\"en\" dir=\"ltr\">Community-Based Development: Development work emphasizes community participation and decision-making in addressing their own needs and progress, rather than external commercial entities dictating development projects.<\/bdo><\/li>\n\n\n\n<li><bdo lang=\"en\" dir=\"ltr\">Civic Engagement: Community involvement in decision-making and influencing their own living environment may involve local consultations and transparent decision-making.<\/bdo><\/li>\n\n\n\n<li><bdo lang=\"en\" dir=\"ltr\">Social Justice: All members of society benefit equitably from resources and opportunities.<\/bdo><\/li>\n\n\n\n<li><bdo lang=\"en\" dir=\"ltr\">Local Business: Emphasis is placed on local jobs and services to promote community well-being.<\/bdo><\/li>\n<\/ol>\n\n\n\n<p><bdo lang=\"en\" dir=\"ltr\">Regarding artificial intelligence, my own thoughts on the theme of the week focused on the scientific perspective, but there&#8217;s much more to it. I got the impression from the use of artificial intelligence that it can serve as a valuable tool in brainstorming. On the other hand, I must admit that I feel a bit deceptive when the &#8221;thoughts&#8221; come ready-made, leaving me with the task of merely editing the content. The agony of creation was therefore minimal. The translation went smoothly as well. At its best, artificial intelligence enriches and enhances work or learning, but the process of generating knowledge takes some significant shortcuts, which may not always be a good thing.<\/bdo><\/p>\n\n\n\n<p><bdo lang=\"en\" dir=\"ltr\">But let&#8217;s get back to the topic: How could you promote the community and accessibility of science?<\/bdo><\/p>\n\n\n\n<p>Kaisa Hartikainen, tietoasiantuntija | <bdo lang=\"en\" dir=\"ltr\">Information Specialist<\/bdo><br \/>Opetus- ja tietopalvelut | <bdo lang=\"en\" dir=\"ltr\">Training and information services<\/bdo><\/p>\n","protected":false},"excerpt":{"rendered":"<p>(Please, scroll down to read in English.) T\u00e4n\u00e4 vuonna kansainv\u00e4lisen avoimen tieteen viikon (23.\u201329.10.2023) teemana on Yhteis\u00f6 ennen kaupallistamista (Community over Commercialization). Olen se tyyppi, joka tulee aina hieman j\u00e4lkijunassa tekniikan kehityksen suhteen, joten rohkaisen nyt mieleni ja kysyn teko\u00e4lylt\u00e4 (ChatGPT), mit\u00e4 se tiet\u00e4\u00e4 aiheesta. Tiivist\u00e4en vastaus on t\u00e4m\u00e4: Community over Commercialization -ilmaisu viittaa siihen, [&hellip;]<\/p>\n","protected":false},"author":72,"featured_media":0,"comment_status":"open","ping_status":"open","sticky":false,"template":"","format":"standard","meta":{"_acf_changed":false,"footnotes":""},"categories":[410],"tags":[941,32,1108,216,1105,409,935],"class_list":["post-19368","post","type-post","status-publish","format-standard","hentry","category-ajankohtaista","tag-accessibility","tag-avoin-tiede","tag-oa-viikko","tag-open-access","tag-open-access-week","tag-open-science","tag-saavutettavuus"],"acf":[],"yoast_head":"<!-- This site is optimized with the Yoast SEO plugin v27.3 - https:\/\/yoast.com\/product\/yoast-seo-wordpress\/ -->\n<title>Yhteis\u00f6t edell\u00e4 kohti avoimen tieteen viikkoa | Communities ahead towards Open Access Week | UEF Library<\/title>\n<meta name=\"robots\" content=\"index, follow, max-snippet:-1, max-image-preview:large, max-video-preview:-1\" \/>\n<link rel=\"canonical\" href=\"https:\/\/blogs.uef.fi\/ueflibrary\/yhteisot-edella-kohti-avoimen-tieteen-viikkoa-communities-ahead-towards-open-access-week\/\" \/>\n<meta property=\"og:locale\" content=\"fi_FI\" \/>\n<meta property=\"og:type\" content=\"article\" \/>\n<meta property=\"og:title\" content=\"Yhteis\u00f6t edell\u00e4 kohti avoimen tieteen viikkoa | Communities ahead towards Open Access Week | UEF Library\" \/>\n<meta property=\"og:description\" content=\"(Please, scroll down to read in English.) T\u00e4n\u00e4 vuonna kansainv\u00e4lisen avoimen tieteen viikon (23.\u201329.10.2023) teemana on Yhteis\u00f6 ennen kaupallistamista (Community over Commercialization). Olen se tyyppi, joka tulee aina hieman j\u00e4lkijunassa tekniikan kehityksen suhteen, joten rohkaisen nyt mieleni ja kysyn teko\u00e4lylt\u00e4 (ChatGPT), mit\u00e4 se tiet\u00e4\u00e4 aiheesta. Tiivist\u00e4en vastaus on t\u00e4m\u00e4: Community over Commercialization -ilmaisu viittaa siihen, [&hellip;]\" \/>\n<meta property=\"og:url\" content=\"https:\/\/blogs.uef.fi\/ueflibrary\/yhteisot-edella-kohti-avoimen-tieteen-viikkoa-communities-ahead-towards-open-access-week\/\" \/>\n<meta property=\"og:site_name\" content=\"UEF Library\" \/>\n<meta property=\"article:publisher\" content=\"https:\/\/www.facebook.com\/ueflibrary\" \/>\n<meta property=\"article:published_time\" content=\"2023-10-23T05:30:00+00:00\" \/>\n<meta property=\"article:modified_time\" content=\"2025-10-17T12:39:26+00:00\" \/>\n<meta property=\"og:image\" content=\"https:\/\/blogs.uef.fi\/ueflibrary\/wp-content\/uploads\/sites\/18\/2023\/10\/16-9-Twitter-English.png\" \/>\n\t<meta property=\"og:image:width\" content=\"2400\" \/>\n\t<meta property=\"og:image:height\" content=\"1350\" \/>\n\t<meta property=\"og:image:type\" content=\"image\/png\" \/>\n<meta name=\"author\" content=\"ueflibrary\" \/>\n<meta name=\"twitter:card\" content=\"summary_large_image\" \/>\n<meta name=\"twitter:creator\" content=\"@ueflibrary\" \/>\n<meta name=\"twitter:site\" content=\"@ueflibrary\" \/>\n<meta name=\"twitter:label1\" content=\"Kirjoittanut\" \/>\n\t<meta name=\"twitter:data1\" content=\"ueflibrary\" \/>\n\t<meta name=\"twitter:label2\" content=\"Arvioitu lukuaika\" \/>\n\t<meta name=\"twitter:data2\" content=\"6 minuuttia\" \/>\n<script type=\"application\/ld+json\" class=\"yoast-schema-graph\">{\"@context\":\"https:\\\/\\\/schema.org\",\"@graph\":[{\"@type\":\"Article\",\"@id\":\"https:\\\/\\\/blogs.uef.fi\\\/ueflibrary\\\/yhteisot-edella-kohti-avoimen-tieteen-viikkoa-communities-ahead-towards-open-access-week\\\/#article\",\"isPartOf\":{\"@id\":\"https:\\\/\\\/blogs.uef.fi\\\/ueflibrary\\\/yhteisot-edella-kohti-avoimen-tieteen-viikkoa-communities-ahead-towards-open-access-week\\\/\"},\"author\":{\"name\":\"ueflibrary\",\"@id\":\"https:\\\/\\\/blogs.uef.fi\\\/ueflibrary\\\/#\\\/schema\\\/person\\\/a8e211011f90578da5fdd0c5aacfeee3\"},\"headline\":\"Yhteis\u00f6t edell\u00e4 kohti avoimen tieteen viikkoa | Communities ahead towards Open Access Week\",\"datePublished\":\"2023-10-23T05:30:00+00:00\",\"dateModified\":\"2025-10-17T12:39:26+00:00\",\"mainEntityOfPage\":{\"@id\":\"https:\\\/\\\/blogs.uef.fi\\\/ueflibrary\\\/yhteisot-edella-kohti-avoimen-tieteen-viikkoa-communities-ahead-towards-open-access-week\\\/\"},\"wordCount\":1031,\"commentCount\":0,\"publisher\":{\"@id\":\"https:\\\/\\\/blogs.uef.fi\\\/ueflibrary\\\/#organization\"},\"image\":{\"@id\":\"https:\\\/\\\/blogs.uef.fi\\\/ueflibrary\\\/yhteisot-edella-kohti-avoimen-tieteen-viikkoa-communities-ahead-towards-open-access-week\\\/#primaryimage\"},\"thumbnailUrl\":\"https:\\\/\\\/blogs.uef.fi\\\/ueflibrary\\\/wp-content\\\/uploads\\\/sites\\\/18\\\/2023\\\/10\\\/16-9-Twitter-English.png\",\"keywords\":[\"accessibility\",\"avoin tiede\",\"OA-viikko\",\"Open Access\",\"Open Access week\",\"open science\",\"saavutettavuus\"],\"articleSection\":[\"Ajankohtaista | News\"],\"inLanguage\":\"fi\",\"potentialAction\":[{\"@type\":\"CommentAction\",\"name\":\"Comment\",\"target\":[\"https:\\\/\\\/blogs.uef.fi\\\/ueflibrary\\\/yhteisot-edella-kohti-avoimen-tieteen-viikkoa-communities-ahead-towards-open-access-week\\\/#respond\"]}]},{\"@type\":\"WebPage\",\"@id\":\"https:\\\/\\\/blogs.uef.fi\\\/ueflibrary\\\/yhteisot-edella-kohti-avoimen-tieteen-viikkoa-communities-ahead-towards-open-access-week\\\/\",\"url\":\"https:\\\/\\\/blogs.uef.fi\\\/ueflibrary\\\/yhteisot-edella-kohti-avoimen-tieteen-viikkoa-communities-ahead-towards-open-access-week\\\/\",\"name\":\"Yhteis\u00f6t edell\u00e4 kohti avoimen tieteen viikkoa | Communities ahead towards Open Access Week | UEF Library\",\"isPartOf\":{\"@id\":\"https:\\\/\\\/blogs.uef.fi\\\/ueflibrary\\\/#website\"},\"primaryImageOfPage\":{\"@id\":\"https:\\\/\\\/blogs.uef.fi\\\/ueflibrary\\\/yhteisot-edella-kohti-avoimen-tieteen-viikkoa-communities-ahead-towards-open-access-week\\\/#primaryimage\"},\"image\":{\"@id\":\"https:\\\/\\\/blogs.uef.fi\\\/ueflibrary\\\/yhteisot-edella-kohti-avoimen-tieteen-viikkoa-communities-ahead-towards-open-access-week\\\/#primaryimage\"},\"thumbnailUrl\":\"https:\\\/\\\/blogs.uef.fi\\\/ueflibrary\\\/wp-content\\\/uploads\\\/sites\\\/18\\\/2023\\\/10\\\/16-9-Twitter-English.png\",\"datePublished\":\"2023-10-23T05:30:00+00:00\",\"dateModified\":\"2025-10-17T12:39:26+00:00\",\"inLanguage\":\"fi\",\"potentialAction\":[{\"@type\":\"ReadAction\",\"target\":[\"https:\\\/\\\/blogs.uef.fi\\\/ueflibrary\\\/yhteisot-edella-kohti-avoimen-tieteen-viikkoa-communities-ahead-towards-open-access-week\\\/\"]}]},{\"@type\":\"ImageObject\",\"inLanguage\":\"fi\",\"@id\":\"https:\\\/\\\/blogs.uef.fi\\\/ueflibrary\\\/yhteisot-edella-kohti-avoimen-tieteen-viikkoa-communities-ahead-towards-open-access-week\\\/#primaryimage\",\"url\":\"https:\\\/\\\/blogs.uef.fi\\\/ueflibrary\\\/wp-content\\\/uploads\\\/sites\\\/18\\\/2023\\\/10\\\/16-9-Twitter-English.png\",\"contentUrl\":\"https:\\\/\\\/blogs.uef.fi\\\/ueflibrary\\\/wp-content\\\/uploads\\\/sites\\\/18\\\/2023\\\/10\\\/16-9-Twitter-English.png\",\"width\":2400,\"height\":1350},{\"@type\":\"WebSite\",\"@id\":\"https:\\\/\\\/blogs.uef.fi\\\/ueflibrary\\\/#website\",\"url\":\"https:\\\/\\\/blogs.uef.fi\\\/ueflibrary\\\/\",\"name\":\"UEF Library\",\"description\":\"Open science for open minds\",\"publisher\":{\"@id\":\"https:\\\/\\\/blogs.uef.fi\\\/ueflibrary\\\/#organization\"},\"potentialAction\":[{\"@type\":\"SearchAction\",\"target\":{\"@type\":\"EntryPoint\",\"urlTemplate\":\"https:\\\/\\\/blogs.uef.fi\\\/ueflibrary\\\/?s={search_term_string}\"},\"query-input\":{\"@type\":\"PropertyValueSpecification\",\"valueRequired\":true,\"valueName\":\"search_term_string\"}}],\"inLanguage\":\"fi\"},{\"@type\":\"Organization\",\"@id\":\"https:\\\/\\\/blogs.uef.fi\\\/ueflibrary\\\/#organization\",\"name\":\"UEF Library\",\"url\":\"https:\\\/\\\/blogs.uef.fi\\\/ueflibrary\\\/\",\"logo\":{\"@type\":\"ImageObject\",\"inLanguage\":\"fi\",\"@id\":\"https:\\\/\\\/blogs.uef.fi\\\/ueflibrary\\\/#\\\/schema\\\/logo\\\/image\\\/\",\"url\":\"https:\\\/\\\/blogs.uef.fi\\\/ueflibrary\\\/wp-content\\\/uploads\\\/sites\\\/18\\\/2018\\\/04\\\/Logo-kirjasto.png\",\"contentUrl\":\"https:\\\/\\\/blogs.uef.fi\\\/ueflibrary\\\/wp-content\\\/uploads\\\/sites\\\/18\\\/2018\\\/04\\\/Logo-kirjasto.png\",\"width\":300,\"height\":300,\"caption\":\"UEF Library\"},\"image\":{\"@id\":\"https:\\\/\\\/blogs.uef.fi\\\/ueflibrary\\\/#\\\/schema\\\/logo\\\/image\\\/\"},\"sameAs\":[\"https:\\\/\\\/www.facebook.com\\\/ueflibrary\",\"https:\\\/\\\/x.com\\\/ueflibrary\",\"https:\\\/\\\/www.instagram.com\\\/ueflibrary\\\/\",\"https:\\\/\\\/www.youtube.com\\\/user\\\/UEFLibrary\"]},{\"@type\":\"Person\",\"@id\":\"https:\\\/\\\/blogs.uef.fi\\\/ueflibrary\\\/#\\\/schema\\\/person\\\/a8e211011f90578da5fdd0c5aacfeee3\",\"name\":\"ueflibrary\",\"image\":{\"@type\":\"ImageObject\",\"inLanguage\":\"fi\",\"@id\":\"https:\\\/\\\/secure.gravatar.com\\\/avatar\\\/1c4267db9d0c1de64a30db93f9480cb1dc4a079fcec0109e406050c596cb2ca7?s=96&d=blank&r=g\",\"url\":\"https:\\\/\\\/secure.gravatar.com\\\/avatar\\\/1c4267db9d0c1de64a30db93f9480cb1dc4a079fcec0109e406050c596cb2ca7?s=96&d=blank&r=g\",\"contentUrl\":\"https:\\\/\\\/secure.gravatar.com\\\/avatar\\\/1c4267db9d0c1de64a30db93f9480cb1dc4a079fcec0109e406050c596cb2ca7?s=96&d=blank&r=g\",\"caption\":\"ueflibrary\"},\"description\":\"The UEF Library is a public academic library offering state-of-the-art library and information services especially for the university's staff members and students. However, the library is also open to everyone else who is seeking information. The UEF Library campus libraries are in Joensuu, Kuopio and Savonlinna, and in the Kuopio there is also the KUH Medical Library. The electronic collections can be accessed also off-campus by UEF staff and students.\",\"sameAs\":[\"http:\\\/\\\/www.uef.fi\\\/en\\\/web\\\/kirjasto\"],\"url\":\"https:\\\/\\\/blogs.uef.fi\\\/ueflibrary\\\/author\\\/ueflibrary\\\/\"}]}<\/script>\n<!-- \/ Yoast SEO plugin. -->","yoast_head_json":{"title":"Yhteis\u00f6t edell\u00e4 kohti avoimen tieteen viikkoa | Communities ahead towards Open Access Week | UEF Library","robots":{"index":"index","follow":"follow","max-snippet":"max-snippet:-1","max-image-preview":"max-image-preview:large","max-video-preview":"max-video-preview:-1"},"canonical":"https:\/\/blogs.uef.fi\/ueflibrary\/yhteisot-edella-kohti-avoimen-tieteen-viikkoa-communities-ahead-towards-open-access-week\/","og_locale":"fi_FI","og_type":"article","og_title":"Yhteis\u00f6t edell\u00e4 kohti avoimen tieteen viikkoa | Communities ahead towards Open Access Week | UEF Library","og_description":"(Please, scroll down to read in English.) T\u00e4n\u00e4 vuonna kansainv\u00e4lisen avoimen tieteen viikon (23.\u201329.10.2023) teemana on Yhteis\u00f6 ennen kaupallistamista (Community over Commercialization). Olen se tyyppi, joka tulee aina hieman j\u00e4lkijunassa tekniikan kehityksen suhteen, joten rohkaisen nyt mieleni ja kysyn teko\u00e4lylt\u00e4 (ChatGPT), mit\u00e4 se tiet\u00e4\u00e4 aiheesta. Tiivist\u00e4en vastaus on t\u00e4m\u00e4: Community over Commercialization -ilmaisu viittaa siihen, [&hellip;]","og_url":"https:\/\/blogs.uef.fi\/ueflibrary\/yhteisot-edella-kohti-avoimen-tieteen-viikkoa-communities-ahead-towards-open-access-week\/","og_site_name":"UEF Library","article_publisher":"https:\/\/www.facebook.com\/ueflibrary","article_published_time":"2023-10-23T05:30:00+00:00","article_modified_time":"2025-10-17T12:39:26+00:00","og_image":[{"url":"https:\/\/blogs.uef.fi\/ueflibrary\/wp-content\/uploads\/sites\/18\/2023\/10\/16-9-Twitter-English.png","width":2400,"height":1350,"type":"image\/png"}],"author":"ueflibrary","twitter_card":"summary_large_image","twitter_creator":"@ueflibrary","twitter_site":"@ueflibrary","twitter_misc":{"Kirjoittanut":"ueflibrary","Arvioitu lukuaika":"6 minuuttia"},"schema":{"@context":"https:\/\/schema.org","@graph":[{"@type":"Article","@id":"https:\/\/blogs.uef.fi\/ueflibrary\/yhteisot-edella-kohti-avoimen-tieteen-viikkoa-communities-ahead-towards-open-access-week\/#article","isPartOf":{"@id":"https:\/\/blogs.uef.fi\/ueflibrary\/yhteisot-edella-kohti-avoimen-tieteen-viikkoa-communities-ahead-towards-open-access-week\/"},"author":{"name":"ueflibrary","@id":"https:\/\/blogs.uef.fi\/ueflibrary\/#\/schema\/person\/a8e211011f90578da5fdd0c5aacfeee3"},"headline":"Yhteis\u00f6t edell\u00e4 kohti avoimen tieteen viikkoa | Communities ahead towards Open Access Week","datePublished":"2023-10-23T05:30:00+00:00","dateModified":"2025-10-17T12:39:26+00:00","mainEntityOfPage":{"@id":"https:\/\/blogs.uef.fi\/ueflibrary\/yhteisot-edella-kohti-avoimen-tieteen-viikkoa-communities-ahead-towards-open-access-week\/"},"wordCount":1031,"commentCount":0,"publisher":{"@id":"https:\/\/blogs.uef.fi\/ueflibrary\/#organization"},"image":{"@id":"https:\/\/blogs.uef.fi\/ueflibrary\/yhteisot-edella-kohti-avoimen-tieteen-viikkoa-communities-ahead-towards-open-access-week\/#primaryimage"},"thumbnailUrl":"https:\/\/blogs.uef.fi\/ueflibrary\/wp-content\/uploads\/sites\/18\/2023\/10\/16-9-Twitter-English.png","keywords":["accessibility","avoin tiede","OA-viikko","Open Access","Open Access week","open science","saavutettavuus"],"articleSection":["Ajankohtaista | News"],"inLanguage":"fi","potentialAction":[{"@type":"CommentAction","name":"Comment","target":["https:\/\/blogs.uef.fi\/ueflibrary\/yhteisot-edella-kohti-avoimen-tieteen-viikkoa-communities-ahead-towards-open-access-week\/#respond"]}]},{"@type":"WebPage","@id":"https:\/\/blogs.uef.fi\/ueflibrary\/yhteisot-edella-kohti-avoimen-tieteen-viikkoa-communities-ahead-towards-open-access-week\/","url":"https:\/\/blogs.uef.fi\/ueflibrary\/yhteisot-edella-kohti-avoimen-tieteen-viikkoa-communities-ahead-towards-open-access-week\/","name":"Yhteis\u00f6t edell\u00e4 kohti avoimen tieteen viikkoa | Communities ahead towards Open Access Week | UEF Library","isPartOf":{"@id":"https:\/\/blogs.uef.fi\/ueflibrary\/#website"},"primaryImageOfPage":{"@id":"https:\/\/blogs.uef.fi\/ueflibrary\/yhteisot-edella-kohti-avoimen-tieteen-viikkoa-communities-ahead-towards-open-access-week\/#primaryimage"},"image":{"@id":"https:\/\/blogs.uef.fi\/ueflibrary\/yhteisot-edella-kohti-avoimen-tieteen-viikkoa-communities-ahead-towards-open-access-week\/#primaryimage"},"thumbnailUrl":"https:\/\/blogs.uef.fi\/ueflibrary\/wp-content\/uploads\/sites\/18\/2023\/10\/16-9-Twitter-English.png","datePublished":"2023-10-23T05:30:00+00:00","dateModified":"2025-10-17T12:39:26+00:00","inLanguage":"fi","potentialAction":[{"@type":"ReadAction","target":["https:\/\/blogs.uef.fi\/ueflibrary\/yhteisot-edella-kohti-avoimen-tieteen-viikkoa-communities-ahead-towards-open-access-week\/"]}]},{"@type":"ImageObject","inLanguage":"fi","@id":"https:\/\/blogs.uef.fi\/ueflibrary\/yhteisot-edella-kohti-avoimen-tieteen-viikkoa-communities-ahead-towards-open-access-week\/#primaryimage","url":"https:\/\/blogs.uef.fi\/ueflibrary\/wp-content\/uploads\/sites\/18\/2023\/10\/16-9-Twitter-English.png","contentUrl":"https:\/\/blogs.uef.fi\/ueflibrary\/wp-content\/uploads\/sites\/18\/2023\/10\/16-9-Twitter-English.png","width":2400,"height":1350},{"@type":"WebSite","@id":"https:\/\/blogs.uef.fi\/ueflibrary\/#website","url":"https:\/\/blogs.uef.fi\/ueflibrary\/","name":"UEF Library","description":"Open science for open minds","publisher":{"@id":"https:\/\/blogs.uef.fi\/ueflibrary\/#organization"},"potentialAction":[{"@type":"SearchAction","target":{"@type":"EntryPoint","urlTemplate":"https:\/\/blogs.uef.fi\/ueflibrary\/?s={search_term_string}"},"query-input":{"@type":"PropertyValueSpecification","valueRequired":true,"valueName":"search_term_string"}}],"inLanguage":"fi"},{"@type":"Organization","@id":"https:\/\/blogs.uef.fi\/ueflibrary\/#organization","name":"UEF Library","url":"https:\/\/blogs.uef.fi\/ueflibrary\/","logo":{"@type":"ImageObject","inLanguage":"fi","@id":"https:\/\/blogs.uef.fi\/ueflibrary\/#\/schema\/logo\/image\/","url":"https:\/\/blogs.uef.fi\/ueflibrary\/wp-content\/uploads\/sites\/18\/2018\/04\/Logo-kirjasto.png","contentUrl":"https:\/\/blogs.uef.fi\/ueflibrary\/wp-content\/uploads\/sites\/18\/2018\/04\/Logo-kirjasto.png","width":300,"height":300,"caption":"UEF Library"},"image":{"@id":"https:\/\/blogs.uef.fi\/ueflibrary\/#\/schema\/logo\/image\/"},"sameAs":["https:\/\/www.facebook.com\/ueflibrary","https:\/\/x.com\/ueflibrary","https:\/\/www.instagram.com\/ueflibrary\/","https:\/\/www.youtube.com\/user\/UEFLibrary"]},{"@type":"Person","@id":"https:\/\/blogs.uef.fi\/ueflibrary\/#\/schema\/person\/a8e211011f90578da5fdd0c5aacfeee3","name":"ueflibrary","image":{"@type":"ImageObject","inLanguage":"fi","@id":"https:\/\/secure.gravatar.com\/avatar\/1c4267db9d0c1de64a30db93f9480cb1dc4a079fcec0109e406050c596cb2ca7?s=96&d=blank&r=g","url":"https:\/\/secure.gravatar.com\/avatar\/1c4267db9d0c1de64a30db93f9480cb1dc4a079fcec0109e406050c596cb2ca7?s=96&d=blank&r=g","contentUrl":"https:\/\/secure.gravatar.com\/avatar\/1c4267db9d0c1de64a30db93f9480cb1dc4a079fcec0109e406050c596cb2ca7?s=96&d=blank&r=g","caption":"ueflibrary"},"description":"The UEF Library is a public academic library offering state-of-the-art library and information services especially for the university's staff members and students. However, the library is also open to everyone else who is seeking information. The UEF Library campus libraries are in Joensuu, Kuopio and Savonlinna, and in the Kuopio there is also the KUH Medical Library. The electronic collections can be accessed also off-campus by UEF staff and students.","sameAs":["http:\/\/www.uef.fi\/en\/web\/kirjasto"],"url":"https:\/\/blogs.uef.fi\/ueflibrary\/author\/ueflibrary\/"}]}},"_links":{"self":[{"href":"https:\/\/blogs.uef.fi\/ueflibrary\/wp-json\/wp\/v2\/posts\/19368","targetHints":{"allow":["GET"]}}],"collection":[{"href":"https:\/\/blogs.uef.fi\/ueflibrary\/wp-json\/wp\/v2\/posts"}],"about":[{"href":"https:\/\/blogs.uef.fi\/ueflibrary\/wp-json\/wp\/v2\/types\/post"}],"author":[{"embeddable":true,"href":"https:\/\/blogs.uef.fi\/ueflibrary\/wp-json\/wp\/v2\/users\/72"}],"replies":[{"embeddable":true,"href":"https:\/\/blogs.uef.fi\/ueflibrary\/wp-json\/wp\/v2\/comments?post=19368"}],"version-history":[{"count":1,"href":"https:\/\/blogs.uef.fi\/ueflibrary\/wp-json\/wp\/v2\/posts\/19368\/revisions"}],"predecessor-version":[{"id":24436,"href":"https:\/\/blogs.uef.fi\/ueflibrary\/wp-json\/wp\/v2\/posts\/19368\/revisions\/24436"}],"wp:attachment":[{"href":"https:\/\/blogs.uef.fi\/ueflibrary\/wp-json\/wp\/v2\/media?parent=19368"}],"wp:term":[{"taxonomy":"category","embeddable":true,"href":"https:\/\/blogs.uef.fi\/ueflibrary\/wp-json\/wp\/v2\/categories?post=19368"},{"taxonomy":"post_tag","embeddable":true,"href":"https:\/\/blogs.uef.fi\/ueflibrary\/wp-json\/wp\/v2\/tags?post=19368"}],"curies":[{"name":"wp","href":"https:\/\/api.w.org\/{rel}","templated":true}]}}