{"id":18462,"date":"2023-05-23T09:48:16","date_gmt":"2023-05-23T07:48:16","guid":{"rendered":"https:\/\/blogs.uef.fi\/ueflibrary\/?p=18462"},"modified":"2025-10-21T16:02:06","modified_gmt":"2025-10-21T14:02:06","slug":"kirjaston-henkilokunnan-luennot-esitelmat-konferenssiosallistumiset-ja-asiantuntijatehtavat-2022-library-staffs-lectures-presentations-conference-participation-and-expert-activities-in","status":"publish","type":"post","link":"https:\/\/blogs.uef.fi\/ueflibrary\/kirjaston-henkilokunnan-luennot-esitelmat-konferenssiosallistumiset-ja-asiantuntijatehtavat-2022-library-staffs-lectures-presentations-conference-participation-and-expert-activities-in\/","title":{"rendered":"Kirjaston henkil\u00f6kunnan luennot, esitelm\u00e4t, konferenssiosallistumiset ja asiantuntijateht\u00e4v\u00e4t 2022 | Library staff\u2019s lectures, presentations, conference participation and expert activities in 2022"},"content":{"rendered":"\n<p><bdo lang=\"en\" dir=\"ltr\">(Please, scroll down to read in English)<\/bdo><\/p>\n\n\n\n<h3 class=\"wp-block-heading\">Luennot ja esitelm\u00e4t<\/h3>\n\n\n\n<p>It\u00e4-Suomen yliopiston kirjastolaiset luennoivat ja esitelm\u00f6iv\u00e4t vuonna 2022 p\u00e4\u00e4asiassa ammatillissa konferensseissa ja seminaareissa. Esitelmi\u00e4 pidettiin sek\u00e4 kansallisissa ett\u00e4 kansainv\u00e4lisiss\u00e4 tapahtumissa.<\/p>\n\n\n\n<ul class=\"wp-block-list\">\n<li>BMF (Bibliothecarii Medicinae Fenniae) ry:n opintovierailu Kuopiossa 8.4.2022. <strong>Taisa Sallinen<\/strong>: <a href=\"https:\/\/bmfry.files.wordpress.com\/2022\/04\/uef-datatuen-kehittaminen_ts_8.4.2022_bmf.pdf\">UEFin datatukihanke<\/a><\/li>\n\n\n\n<li>Kuvailun tiedotusp\u00e4iv\u00e4 10.5.2022, et\u00e4yhteys. <strong>Katja Hyv\u00e4rinen<\/strong>, Jaska J\u00e4rvilehto: <a href=\"https:\/\/www.kiwi.fi\/pages\/viewpage.action?pageId=270630978&amp;preview=\/270630978\/276563199\/Kuvailun%20tiedotusp%C3%A4iv%C3%A4%2010.5.2022%20-%20KUMEAn%20ja%20Muusan%20puheenvuorot.pdf\">Kuvailun ohjaus yhteisty\u00f6n\u00e4, kansallisten kuvailun asiantuntijaryhm\u00e4n vahvistuva rooli: Kumean ja Muusan puheenvuorot<\/a><\/li>\n\n\n\n<li>EAHIL 2022 (<bdo lang=\"en\" dir=\"ltr\">European Association for Health Information and Libraries) Conference \u201cBroaden the horizons \u2013 diversity, partnership and innovation with a human touch<\/bdo>\u201d 1. \u20133.6. 2022. <strong>Tuulevi Ovaska<\/strong>: <a href=\"https:\/\/www.conftool.net\/eahil2022\/index.php?page=browseSessions&amp;presentations=show&amp;search=ovaska\"><bdo lang=\"en\" dir=\"ltr\">Coordinating and developing university library communications \u2014 my job, everybody&#8217;s task<\/bdo><\/a><\/li>\n\n\n\n<li><bdo lang=\"en\" dir=\"ltr\">26th International Conference on Science, Technology and Innovation Indicators (STI 2022) 7.\u20139.9.2022.\u00a0 Maria Pietil\u00e4, <strong>Katri Rintam\u00e4ki<\/strong>, Ra\u00fal Aguilera, Ra\u00fal; Bel\u00e9n Fern\u00e1ndez del Pino, Eva M\u00e9ndez, Eva &amp; N\u00faria Bautista-Puig:\u00a0 <a href=\"https:\/\/doi.org\/10.5281\/zenodo.6974766\">Open Science Assessment and Incentives at the YUFE Alliance<\/a><\/bdo><\/li>\n\n\n\n<li><bdo lang=\"en\" dir=\"ltr\">BETH <\/bdo>(<bdo lang=\"fr\" dir=\"ltr\">Biblioth\u00e8ques Europ\u00e9ennes de Th\u00e9ologie<\/bdo>) <bdo lang=\"en\" dir=\"ltr\">annual conference<\/bdo> 10.\u201314.9.2022. <strong>Jussi Hyv\u00e4rinen<\/strong> &amp; Matti Myllykoski:\u00a0 <a href=\"https:\/\/beth.eu\/wp-content\/uploads\/2022\/10\/From-Collections-to-Connections.pdf\">From Collections to Connections: Theological Materials in Finnish University Libraries<\/a><\/li>\n\n\n\n<li><bdo lang=\"en\" dir=\"ltr\">Bibliometrics and Research Policy, Nordic Workshop<\/bdo> NWB2022 21.\u201323.9.2022. Maria Pietil\u00e4,\u00a0 Jouni Kek\u00e4le &amp; <strong>Katri Rintam\u00e4ki<\/strong>: <a href=\"https:\/\/figshare.com\/articles\/presentation\/NWB2022_Pietil_et_al\/21293310\/1\"><bdo lang=\"en\" dir=\"ltr\">High hopes and unmet expectations: adding open science elements in individual-level research assessment<\/bdo><\/a><\/li>\n\n\n\n<li>BMF (Bibliothecarii Medicinae Fenniae) ry:n syysseminaari &#8221;Vain muutos on pysyv\u00e4\u00e4&#8221; 11.11.2022. <strong>Tuulevi Ovaska<\/strong>: <a href=\"https:\/\/bmfry.files.wordpress.com\/2022\/11\/2022-11-11_bmf_syys_ovaska.pdf\">Kirjaston viestint\u00e4suunnitelma \u2013 toimenpiteet toimeksi<\/a>. <strong>Taisa Sallinen<\/strong>: <a href=\"https:\/\/bmfry.files.wordpress.com\/2022\/11\/sallinen-taisa_perusopiskelijoiden-tutkimusaineistonhallinnan-opetus-ja-ohjaus-ita-suomen-yliopistossa-selvityskyselyn-tuloksia.pdf\">Perusopiskelijoiden tutkimusaineistonhallinnan opetus ja ohjaus It\u00e4-Suomen yliopistossa \u2013 selvityskyselyn tuloksia<\/a><\/li>\n\n\n\n<li>Yhteist\u00e4 metatietoa rakentaen \u2013 Melinda 10 vuotta -juhlawebinaari 30.11.2022, et\u00e4yhteys. <strong>Katja Hyv\u00e4rinen<\/strong>: <a href=\"https:\/\/www.kiwi.fi\/pages\/viewpage.action?pageId=303300925&amp;preview=\/303300925\/314048529\/Alma-kirjastot_Melinda_juhlawebinaari.pdf\">Alma-kirjastojen n\u00e4kemyksi\u00e4 Melinda-yhteisty\u00f6h\u00f6n<\/a><\/li>\n\n\n\n<li>L\u00e4\u00e4kealan turvallisuus- ja kehitt\u00e4miskeskus Fimea ja Rationaalisen l\u00e4\u00e4kehoidon tutkimusverkosto, <a href=\"https:\/\/www.fimea.fi\/-\/systemaattisen-kirjallisuuskatsauksen-menetelmista-tarjolla-etakurssi-joulukuussa-2022\">Systemaattisen kirjallisuuskatsauksen menetelmien perusteet<\/a> -kurssi 1.12.2022, et\u00e4yhteys. <strong>Heikki Laitinen<\/strong>: Luento systemaattisesta kirjallisuushausta<\/li>\n<\/ul>\n\n\n\n<h3 class=\"wp-block-heading\">Kansainv\u00e4liset konferenssit ja muut tapahtumat<\/h3>\n\n\n\n<p>Pandemiarajoitusten lievennytty\u00e4 konferensseihin pystyttiin matkustamaan paikan p\u00e4\u00e4lle, mutta moniin osallistuttiin my\u00f6s et\u00e4yhteydell\u00e4.<\/p>\n\n\n\n<ul class=\"wp-block-list\">\n<li><bdo lang=\"en\" dir=\"ltr\">National Policies relevant to EOSC deployment Status, gaps, and steps towards harmonisation<\/bdo>, 1.5. 2022, et\u00e4yhteys. Osallistuja: <strong>Tomi Rosti <\/strong><\/li>\n\n\n\n<li>YUFERING (<bdo lang=\"en\" dir=\"ltr\">YUFE Transforming Research and Innovation through Europe-wide KNowledGe Transfer) Annual Progress Meeting<\/bdo> 9.\u201310.5. 2022, <bdo lang=\"en\" dir=\"ltr\">Nicosia, Cyprus<\/bdo>. Osallistuja: <strong>Katri Rintam\u00e4ki<\/strong><\/li>\n\n\n\n<li>EAHIL 2022 (<bdo lang=\"en\" dir=\"ltr\">European Association for Health Information and Libaries) Conference \u201cBroaden the horizons &#8211; diversity, partnership and innovation with a human touch<\/bdo>\u201d 1.\u20133.6. 2022, Rotterdam,<bdo lang=\"en\" dir=\"ltr\"> The Netherlands<\/bdo>. Osallistuja: <strong>Tuulevi Ovaska <\/strong><a href=\"https:\/\/blogs.uef.fi\/ueflibrary\/nakoaloja-laajentamassa-eahil-2022-konferenssi-broadening-horizons-eahil-2022-conference\/\">Raportti<\/a><\/li>\n\n\n\n<li>LIBER (<bdo lang=\"fr\" dir=\"ltr\">Ligue des Biblioth\u00e8ques Europ\u00e9ennes de Recherche<\/bdo>) <bdo lang=\"en\" dir=\"ltr\">annual conference<\/bdo> 6.\u20138.7. 2022, Odense, Denmark. Osallistujat: <strong>Heta Mikkonen<\/strong> ja <strong>Tomi Rosti <\/strong><a href=\"https:\/\/blogs.uef.fi\/ueflibrary\/liber-2022\/\">Raportti<\/a><\/li>\n\n\n\n<li>Tutkimuspalvelup\u00e4iv\u00e4t, 15.\u201317.8., Oulu. Osallistujat: <strong>Niina Nurmi <\/strong>ja <strong>Manna Satama <\/strong><a href=\"https:\/\/blogs.uef.fi\/ueflibrary\/uef-datatuen-muotoilu-esilla-tutkimuspalvelupaivilla-2022-oulussa-designing-uef-datasupport-presented-at-the-research-service-days-2022-in-oulu\/\">Raportti<\/a><\/li>\n\n\n\n<li>Eurooppa-foorumi 24.\u201326.8.2022, Turku. Osallistuja: <strong>Tapani Toivanen <\/strong><a href=\"https:\/\/blogs.uef.fi\/ueflibrary\/eurooppa-foorumi-2022-europe-forum-2022\/\">Raportti<\/a><\/li>\n\n\n\n<li>CHER 2022 (<bdo lang=\"en\" dir=\"ltr\">Consortium for Higher Education Researchers) Conference<\/bdo> 1.-2.9.\u00a0 2022, et\u00e4yhteys. Osallistuja: <strong>Katri Rintam\u00e4ki<\/strong><\/li>\n\n\n\n<li><bdo lang=\"es\" dir=\"ltr\">Universidad Carlos III de Madrid<\/bdo> (<bdo lang=\"en\" dir=\"ltr\">Erasmus staff exchange<\/bdo>) 5.\u20136. 9. 2022, Madrid, <bdo lang=\"en\" dir=\"ltr\">Spain<\/bdo>. Osallistuja: <strong>Katri Rintam\u00e4ki<\/strong><\/li>\n\n\n\n<li>STI 2022 (<bdo lang=\"en\" dir=\"ltr\">International Conference on Science, Technology and Innovation Indicators<\/bdo>) 7.\u20139. 9. 2022, Granada, <bdo lang=\"en\" dir=\"ltr\">Spain<\/bdo>. Osallistuja: <strong>Katri Rintam\u00e4ki<\/strong><\/li>\n\n\n\n<li>BETH (<bdo lang=\"fr\" dir=\"ltr\">Biblioth\u00e8ques Europ\u00e9ennes de Th\u00e9ologie<\/bdo>) <bdo lang=\"en\" dir=\"ltr\">annual conference<\/bdo> 10.\u201314. 9. 2022, Kerkrade, <bdo lang=\"en\" dir=\"ltr\">The Netherlands<\/bdo>. Osallistuja: <strong>Jussi Hyv\u00e4rinen <\/strong><a href=\"https:\/\/blogs.uef.fi\/ueflibrary\/mita-painettujen-kokoelmien-jalkeen-hollannissa-keskusteltiin-teologisten-kirjastojen-tulevaisuudesta-the-future-of-theological-libraries-was-discussed-in-netherlands\/\">Raportti<\/a><\/li>\n\n\n\n<li>IGeLU 2022 (<bdo lang=\"en\" dir=\"ltr\">The International Group of Ex Libris Users) Hybrid Conference and Developers&#8217; Day <\/bdo>12.\u201315.9. 2022. Osallistuja: <strong>Marja Kuittinen<\/strong><\/li>\n\n\n\n<li>NWB 2022 (<bdo lang=\"en\" dir=\"ltr\">Nordic Workshop on Bibliometrics and Research Policy<\/bdo>) 21.\u201323. 9. 2022, Turku, Finland. Osallistujat: <strong>Marja Kuittinen <\/strong>ja <strong>Katri Rintam\u00e4ki<\/strong><\/li>\n\n\n\n<li><bdo lang=\"en\" dir=\"ltr\">Science Europe Conference on Open Science<\/bdo>, 18.\u201319. 10. 2022, et\u00e4yhteys. Osallistuja: <strong>Tomi Rosti<\/strong><\/li>\n\n\n\n<li>EARMA <bdo lang=\"en\" dir=\"ltr\">Early Stage Research Administrator Masterclass<\/bdo>, 25.\u201327. 10. 2022, Prague, <bdo lang=\"en\" dir=\"ltr\">Czech Republic<\/bdo>. Osallistujat: <strong>Niina Nurmi <\/strong>ja <strong>Manna Satama <\/strong><a href=\"https:\/\/blogs.uef.fi\/ueflibrary\/tutkimushallinnon-esram-koulutuksessa-prahassa-getting-to-know-research-administration-during-esram-training-in-prague\/\">Raportti<\/a><\/li>\n\n\n\n<li><bdo lang=\"en\" dir=\"ltr\">The EOSC-Nordic Final Event<\/bdo>, 5.10. 2022, Tallinn, Estonia. Osallistuja: <strong>Tomi Rosti<\/strong><\/li>\n\n\n\n<li><bdo lang=\"en\" dir=\"ltr\">Where Do We Meet? Perspectives from Software Developers and Subject Specialists on Creating Machine Learning Projects <\/bdo>9.11. 2022, et\u00e4yhteys. Osallistuja: <strong>Tarja Turunen<\/strong><\/li>\n\n\n\n<li><bdo lang=\"en\" dir=\"ltr\">Training seminar for European Documentation Centres<\/bdo>, 16.\u201317.11. 2022, Brussels, Belgium. Osallistuja: <strong>Marika Mahlavuori <\/strong><a href=\"https:\/\/blogs.uef.fi\/ueflibrary\/eu-tallekirjastojen-tuoreita-tuulahduksia-brysselista-hear-the-latest-about-european-documentation-centres-from-brussels\/\">Raportti<\/a><\/li>\n\n\n\n<li><bdo lang=\"en\" dir=\"ltr\">The DIOSI MODEL for Early Career Researchers Final Event at<\/bdo> <bdo lang=\"es\" dir=\"ltr\">Universidad Carlos III de Madrid<\/bdo>, 29.\u201330.11. 2022, Madrid, Spain. Osallistuja: <strong>Tomi Rosti<\/strong><\/li>\n<\/ul>\n\n\n\n<h3 class=\"wp-block-heading\">Asiantuntijateht\u00e4v\u00e4t<\/h3>\n\n\n\n<p>Monet kirjastolaiset toimivat aktiivisesti yliopiston erilaisissa kehitt\u00e4misryhmiss\u00e4, koordinointiryhmiss\u00e4 ja ty\u00f6ryhmiss\u00e4 sek\u00e4 toimikunnissa ja verkostoissa. Kirjaston henkil\u00f6kuntaa kuuluu my\u00f6s kansallisiin kirjastoalan, tutkimuksen tuen ja avoimen tieteen asiantuntija- ja ty\u00f6ryhmiin. Kirjaston henkil\u00f6kunnassa on my\u00f6s luottamusmiehi\u00e4 sek\u00e4 ammattiliittojen ja yhdistysten johtokuntien ja hallitusten puheenjohtajia ja j\u00e4seni\u00e4. Lis\u00e4ksi kirjaston henkil\u00f6st\u00f6\u00e4 toimii kansainv\u00e4lisiss\u00e4 organisaatioissa ja konferenssien kansainv\u00e4lisiss\u00e4 ohjelmakomiteoissa sek\u00e4 tieteellisten ja ammatillisten julkaisujen vertaisarvioijina ja toimituskuntien j\u00e4senin\u00e4.<\/p>\n\n\n\n<p><strong>Aho,&nbsp; Marja<br \/><\/strong>Informaatioalan akateemiset (INA) ry, johtokunnan varaj\u00e4sen 2022\u2013<br \/>It\u00e4-Suomen yliopiston kollegio, j\u00e4sen 2022\u2013<br \/><strong>Hartikainen, Kaisa<br \/><\/strong>Tieteellisten seurain valtuuskunta, avoimen tieteen asiantuntijaryhm\u00e4: data, j\u00e4sen 2020\u2013<br \/><strong>Hirvonen, Helena<br \/><\/strong>It\u00e4-Suomen yliopiston ty\u00f6suojeluvaltuutettu 2022<br \/>It\u00e4-Suomen yliopiston yhteistoimintaneuvottelukunnan j\u00e4sen 2013\u20132022<br \/>It\u00e4-Suomen yliopistoyhteis\u00f6n henkil\u00f6st\u00f6yhdistys, varsinainen luottamusmies 1.7.2019\u20132022<br \/><strong>Holopainen, Riitta<br \/><\/strong>It\u00e4-Suomen yliopisto, tasa-arvo- ja yhdenvertaisuustoimikunta, j\u00e4sen 2021\u2013Suomen tieteellinen kirjastoseura, informaatiolukutaitoty\u00f6ryhm\u00e4, j\u00e4sen 2020\u2013<strong><br \/>Hyv\u00e4rinen, Jussi<br \/><\/strong>BETH (Biblioth\u00e8ques Europ\u00e9ennes de Th\u00e9ologie), board member 2022\u2013Informaatioalan akateemiset (INA) ry, johtokunnan j\u00e4sen 2019\u2013, puheenjohtaja 2022\u2013<br \/>Suomen kirjastoseura, Minerva-ryhm\u00e4, j\u00e4sen 2022\u2013<br \/>Tieteentekij\u00f6iden liitto ry, hallituksen j\u00e4sen 2022\u2013<br \/>Tieteentekij\u00f6iden liitto ry, Informaatioalan ja avoimen tieteen ty\u00f6ryhm\u00e4, puheenjohtaja 2022<br \/><strong>Hyv\u00e4rinen, Katja<br \/><\/strong>Kuvailevan metatiedon asiantuntijaryhm\u00e4n (Kumea) j\u00e4sen 2018\u2013, puheenjohtaja 2020\u2013<br \/><strong>Jussila, Juho<br \/><\/strong>Tieteellisten seurain valtuuskunta, avoimen tieteen asiantuntijaryhm\u00e4: julkaisemisen avoimuus, j\u00e4sen 2020\u2013<br \/><strong>J\u00e4ntti, Helena<br \/><\/strong>Tieteellisten seurain valtuuskunta, avoimen tieteen asiantuntijaryhm\u00e4: avoimet oppimateriaalit, j\u00e4sen 2021\u2013<br \/>Suomen vesiyhdistys, Limnologian alajaosto: hallituksen j\u00e4sen 2015\u2013 (aiemmin Suomen limnologinen yhdistys)<br \/><strong>Kananen, Jukka<br \/><\/strong>Tieteentekij\u00f6iden liitto ry. Informaatioalan ja avoimen tieteen ty\u00f6ryhm\u00e4n j\u00e4sen 2020\u20132022<br \/><strong>Karhap\u00e4\u00e4, Anne<\/strong><br \/>Tieteellisten seurain valtuuskunta, avoimen tieteen asiantuntijaryhm\u00e4: data, j\u00e4sen 2018\u2013<br \/><strong>Kuittinen, Marja<br \/><\/strong>It\u00e4-Suomen yliopiston opetusalan alueyhdistys ry, hallituksen j\u00e4sen 2008\u2013<br \/>It\u00e4-Suomen yliopiston opetusalan alueyhdistys ry, taloudenhoitaja 2010\u2013<br \/>Finn-ARMA-verkosto, julkaisumetriikkaty\u00f6ryhm\u00e4, j\u00e4sen 2019\u2013<br \/><strong>Laurila, Antti<br \/><\/strong>Tieteellisten seurain valtuuskunta, avoimen tieteen asiantuntijaryhm\u00e4 julkaisujen avoimuus, j\u00e4sen 2018\u2013<br \/><strong>Mahlavuori, Marika<br \/><\/strong>It\u00e4-Suomen yliopiston ohjauksen koordinointi- ja kehitt\u00e4misryhm\u00e4<br \/>(OKKE), j\u00e4sen 2022<br \/><strong>Meril\u00e4inen, Kaarina<br \/><\/strong>FinELib, Full OA \u2013projekti, j\u00e4sen 2020\u2013<br \/>Tieteellisten seurain valtuuskunta, avoimen tieteen asiantuntijaryhm\u00e4 julkaisemisen avoimuus, j\u00e4sen 2018\u2013<br \/><strong>Mikkonen, Heta<br \/><\/strong>Suomen tieteellinen kirjastoseura (STKS), Tutkijapalveluiden ty\u00f6ryhm\u00e4 2021\u2013<br \/><strong>Muhonen, Ari<br \/><\/strong>Ilmavoimamuseon s\u00e4\u00e4ti\u00f6, hallituksen j\u00e4sen 2020\u2013<br \/>Kokooma- ja yksitt\u00e4isteosten avoimen saatavuuden osalinjauksen ty\u00f6ryhm\u00e4, j\u00e4sen 2021\u20132022<br \/>Sanastokeskus ry, hallituksen puheenjohtaja 2003\u2013<br \/>Suomen yliopistokirjastojen verkosto, FUN, puheenjohtaja 2021\u2013<br \/>Tieteellisten kirjastojen tilastointiryhm\u00e4, puheenjohtaja 1.4.2021\u2013Varastokirjasto, johtokunnan puheenjohtaja 2019\u2013<br \/><strong>Nurmi, Niina<br \/><\/strong>Tieteellisten seurain valtuuskunta, avoimen tieteen asiantuntijaryhm\u00e4, datanhallinnan asiantuntijan ammatillisen p\u00e4tev\u00f6itymisen tiekartta, j\u00e4sen 2022\u2013<br \/>Tieteellisten seurain valtuuskunta, avoimen tieteen ty\u00f6ryhm\u00e4, vuorovaikutus p\u00e4\u00e4t\u00f6ksentekij\u00f6ihin ja avoin hallinto, puheenjohtaja 2022\u2013<br \/><strong>Ovaska, Tuulevi<br \/><\/strong>ASIS&amp;T Annual Meeting, peer reviewer, 2015\u20132022<br \/>Signum, toimitusverkosto, j\u00e4sen, 2020\u2013<br \/>EAHIL 2023 workshop, international programme committee, j\u00e4sen, 2021\u2013 2023<br \/>UEF, Ty\u00f6yhteis\u00f6viestint\u00e4 -ryhm\u00e4 2022\u2013<br \/>UEF, Opiskelijaviestinn\u00e4n koordinaatio -ryhm\u00e4 2022\u2013<br \/>Tiedejulkaisemisen p\u00e4iv\u00e4t 2022, ty\u00f6ryhm\u00e4 2022<br \/><strong>Parikka, Laura<br \/><\/strong>It\u00e4-Suomen yliopiston oppimisymp\u00e4rist\u00f6ty\u00f6ryhm\u00e4, j\u00e4sen 2019\u2013<br \/><strong>Parviainen, Harri<br \/><\/strong>Hansel, kausijulkaisujen v\u00e4lityspalveluiden asiakasty\u00f6ryhm\u00e4, j\u00e4sen 2019\u2013<strong>Piirainen, Elli<br \/><\/strong>It\u00e4-Suomen yliopisto, Joensuun kampus, 2. varaty\u00f6suojeluvaltuutettu 2022\u2013<strong>Porkka, Riitta<br \/><\/strong>It\u00e4-Suomen yliopisto, Koulutuksen kehitt\u00e4misen toimikunta, FILO, j\u00e4sen 2022\u2013It\u00e4-Suomen yliopisto, Koulutuksen kehitt\u00e4misen toimikunta, LUMET, j\u00e4sen 2022\u2013<br \/>It\u00e4-Suomen yliopisto, Koulutuksen kehitt\u00e4misen toimikunta, YHKA, j\u00e4sen 2022\u2013<br \/>YUFE libraries working group, j\u00e4sen 2021\u2013<br \/><strong>Putous, Maarit<br \/><\/strong>It\u00e4-Suomen yliopisto. Muun henkil\u00f6st\u00f6n arviointiryhm\u00e4, varaj\u00e4sen 2012\u2013<br \/>It\u00e4-Suomen yliopiston kollegio, j\u00e4sen 2014\u2013<br \/>It\u00e4-Suomen yliopiston ohjauksen koordinointi- ja kehitt\u00e4misryhm\u00e4, varaj\u00e4sen 2014\u2013<br \/><strong>Rintam\u00e4ki, Katri<br \/><\/strong>It\u00e4-Suomen yliopisto. Opintoasioista vastaavien ty\u00f6ryhm\u00e4, j\u00e4sen 2021\u2013<br \/>It\u00e4-Suomen yliopisto. Osaamisen kehitt\u00e4misen ty\u00f6ryhm\u00e4, j\u00e4sen 2021\u2013<br \/>It\u00e4-Suomen yliopisto. Pedajohtajaverkosto, j\u00e4sen 2022\u2013<br \/>It\u00e4-Suomen yliopisto, Koulutuksen kehitt\u00e4misen toimikunta, FILO, varaj\u00e4sen 2022\u2013<br \/>It\u00e4-Suomen yliopisto, Koulutuksen kehitt\u00e4misen toimikunta, LUMET, varaj\u00e4sen 2022\u2013<br \/>It\u00e4-Suomen yliopisto, Koulutuksen kehitt\u00e4misen toimikunta, YHKA, varaj\u00e4sen 2022\u2013<br \/>Tieteellisten seurain valtuuskunta, avoimen tieteen asiantuntijaryhm\u00e4, Vastuullinen arviointi ja kannustimet, j\u00e4sen 2022\u2013<br \/>YERUN Open Science ad hoc group, j\u00e4sen 2021\u2013<br \/>YUFE libraries working group, varaj\u00e4sen 2021\u2013<br \/>YUFERING WP5 working group, j\u00e4sen 2021\u2013<br \/><strong>Rosti, Tomi<br \/><\/strong>Ammattiliitto Pro, aluejohtokunta, j\u00e4sen 2019\u2013<br \/>Ammattiliitto Pro, yliopistojen neuvottelukunta, j\u00e4sen 2019\u2013<br \/>DMP-konsortio, ohjausryhm\u00e4, j\u00e4sen, varapuheenjohtaja, 2022\u2013<br \/>Finn-ARMA-verkosto, julkaisumetriikkaty\u00f6ryhm\u00e4, j\u00e4sen 2014\u2013<br \/>Finn-ARMA-verkosto, tutkimuksen arviointiryhm\u00e4, j\u00e4sen 2014\u2013<br \/>Finn-ARMA-verkosto, tutkimushallinnon tietomallity\u00f6ryhm\u00e4, j\u00e4sen 2014\u2013<br \/>Finn-ARMA-verkosto, tutkimushallinnon tietomallity\u00f6ryhm\u00e4, puheenjohtaja 2022\u2013<br \/>It\u00e4-Suomen yliopisto, avoimen tieteen ty\u00f6ryhm\u00e4, j\u00e4sen 2022\u2013<br \/>It\u00e4-Suomen yliopiston hallitus, j\u00e4sen 2014\u2013<br \/>It\u00e4-Suomen yliopiston muun henkil\u00f6st\u00f6n arviointiryhm\u00e4, j\u00e4sen 2010\u2013<br \/>It\u00e4-Suomen yliopistoyhteis\u00f6n henkil\u00f6st\u00f6yhdistys ry (ISYHY), puheenjohtaja 2009\u2013<br \/>It\u00e4-Suomen yliopistoyhteis\u00f6n henkil\u00f6st\u00f6yhdistys ry (ISYHY), varap\u00e4\u00e4luottamusmies 2010\u2013<br \/>Opetus- ja kulttuuriministeri\u00f6, Tutkimushallinnon tietovirtojen ja tutkimustietovarannon ohjausryhm\u00e4, j\u00e4sen 2021\u2013<br \/>Pohjois-Karjalan Nuorisoty\u00f6n Tuki -s\u00e4\u00e4ti\u00f6, varapuheenjohtaja, 2019\u2013<br \/>Pohjois-Karjalan maakuntaliitto, Pohjois-Karjalan maakuntaohjelman POKAT koulutusryhm\u00e4, j\u00e4sen 2022\u20132025<br \/>Tieteellisten seurain valtuuskunta, avoimen tieteen asiantuntijaryhm\u00e4: julkaisujen avoimuus, j\u00e4sen 2018\u2013<br \/>Tieteellisten seurain valtuuskunta, avoimen tieteen asiantuntijaryhm\u00e4: julkaisujen avoimuus: Opinn\u00e4ytet\u00f6iden avoimuuden osalinjaus -ty\u00f6ryhm\u00e4, puheenjohtaja 2022\u2013<br \/>Tieteellisten seurain valtuuskunta, avoimen tieteen asiantuntijaryhm\u00e4: tutkimusaineistojen avoimuus, j\u00e4sen 2018\u2013<br \/>Tieteellisten seurain valtuuskunta, avoimen tieteen asiantuntijaryhm\u00e4: toimintakulttuurin avoimuus, j\u00e4sen 2018\u2013<br \/>Ty\u00f6tt\u00f6myyskassa Pro, hallituksen 2. varaj\u00e4sen, 2020\u2013<br \/>YERUN Open Science ad hoc group, j\u00e4sen 2021\u2013<br \/>Yliopistojen ja tutkimusalan henkil\u00f6st\u00f6liitto YHL ry, hallituksen j\u00e4sen 2009\u2013Yliopistojen ja tutkimusalan henkil\u00f6st\u00f6liitto YHL ry, ty\u00f6valiokunnan j\u00e4sen 2009\u2013<br \/>Yliopistojen ja tutkimusalan henkil\u00f6st\u00f6liitto YHL ry, varapuheenjohtaja 2009\u2013<br \/><strong>Sahlman, Taina<br \/><\/strong>Tieteellisten seurain valtuuskunta, avoimen tieteen asiantuntijaryhm\u00e4 julkaisemisen avoimuus, j\u00e4sen 2018\u2013<br \/>Tieteellisten seurain valtuuskunta, avoimen tieteen asiantuntijaryhm\u00e4: Opinn\u00e4ytet\u00f6iden avoimuuden osalinjaus (yhteisty\u00f6ss\u00e4 julkaisemisen avoimuuden asiantuntijaryhm\u00e4n kanssa), j\u00e4sen 2022\u2013<br \/><strong>Sallinen, Taisa<br \/><\/strong>Tieteellisten seurain valtuuskunta, avoimen tieteen asiantuntijaryhm\u00e4, tutkijan datapalveluiden markkinointi, j\u00e4sen 2020\u20132022<br \/>Finn-ARMA, avoimen tieteen asiantuntijaryhm\u00e4, datakoulutukset (alaty\u00f6ryhm\u00e4\/osaamistavoitteet), j\u00e4sen 2021\u2013<br \/>Finn-ARMA, avoimen tieteen asiantuntijaryhm\u00e4, Arkaluonteisten tutkimusaineistojen hallinnan ohjep\u00e4ivitys -ty\u00f6ryhm\u00e4, sihteeri 2022\u2013<br \/><strong>Satama, Manna<br \/><\/strong>Tieteellisten seurain valtuuskunta, avoimen tieteen asiantuntijaryhm\u00e4, tutkijan datapalveluiden markkinointi, j\u00e4sen 2021\u20132022<br \/>Tieteellisten seurain valtuuskunta, avoimen tieteen asiantuntijaryhm\u00e4, datakoulutukset, j\u00e4sen 2021\u20132022<br \/>Tieteellisten seurain valtuuskunta, avoimen tieteen asiantuntijaryhm\u00e4, datanhallinnan asiantuntijan ammatillisen p\u00e4tev\u00f6itymisen tiekartta, j\u00e4sen 2022\u2013<br \/>Tieteellisten seurain valtuuskunta, avoimen tieteen asiantuntijaryhm\u00e4, avoimen tieteen termit, j\u00e4sen 2022\u2013<br \/>Bysantin tutkimuksen seura, hallituksen j\u00e4sen 2010\u20132022<br \/><strong>Tiihonen, Jari<br \/><\/strong>TyKe-henkil\u00f6\/Kirjasto (TyKe = ty\u00f6hyvinvoinnin kehitt\u00e4j\u00e4), It\u00e4-Suomen yliopiston ty\u00f6hyvinvoinnin kehitt\u00e4j\u00e4 -verkoston j\u00e4sen 2017\u2013<br \/><strong>Tolvanen, Suvi<br \/><\/strong>TyKe-henkil\u00f6\/Kirjasto (TyKe = ty\u00f6hyvinvoinnin kehitt\u00e4j\u00e4), It\u00e4-Suomen yliopiston ty\u00f6hyvinvoinnin kehitt\u00e4j\u00e4 -verkoston j\u00e4sen 2021\u2013<br \/><strong>Turunen, Tarja<br \/><\/strong>Sis\u00e4ll\u00f6nkuvailun asiantuntijaryhm\u00e4, j\u00e4sen 2020\u2013<\/p>\n\n\n\n<figure class=\"wp-block-image\"><a href=\"https:\/\/blogs.uef.fi\/ueflibrary\/wp-content\/uploads\/sites\/18\/2023\/05\/EAHIL2022_ehdo-scaled.jpg\"><img loading=\"lazy\" decoding=\"async\" width=\"2560\" height=\"1920\" src=\"https:\/\/blogs.uef.fi\/ueflibrary\/wp-content\/uploads\/sites\/18\/2023\/05\/EAHIL2022_ehdo-scaled.jpg\" alt=\"Henkil\u00f6 pit\u00e4\u00e4 esitelm\u00e4\u00e4 auditoriossa. | A person giving a presentation in an auditorium.\" class=\"wp-image-18552\" srcset=\"https:\/\/blogs.uef.fi\/ueflibrary\/wp-content\/uploads\/sites\/18\/2023\/05\/EAHIL2022_ehdo-scaled.jpg 2560w, https:\/\/blogs.uef.fi\/ueflibrary\/wp-content\/uploads\/sites\/18\/2023\/05\/EAHIL2022_ehdo-151x113.jpg 151w, https:\/\/blogs.uef.fi\/ueflibrary\/wp-content\/uploads\/sites\/18\/2023\/05\/EAHIL2022_ehdo-768x576.jpg 768w, https:\/\/blogs.uef.fi\/ueflibrary\/wp-content\/uploads\/sites\/18\/2023\/05\/EAHIL2022_ehdo-1536x1152.jpg 1536w, https:\/\/blogs.uef.fi\/ueflibrary\/wp-content\/uploads\/sites\/18\/2023\/05\/EAHIL2022_ehdo-2048x1536.jpg 2048w\" sizes=\"auto, (max-width: 2560px) 100vw, 2560px\" \/><\/a><figcaption class=\"wp-element-caption\">EAHIL-konferenssi kes\u00e4kuussa 2022 | EAHIL conference in June 2022. Kuva | Photo: Tuulevi Ovaska.<\/figcaption><\/figure>\n\n\n\n<h3 class=\"wp-block-heading\"><bdo lang=\"en\" dir=\"ltr\">Lectures and presentations<\/bdo><\/h3>\n\n\n\n<p><bdo lang=\"en\" dir=\"ltr\">Library staff lectured and presented mainly at professional conferences and other events. Presentations were held at both national and international level.<\/bdo><\/p>\n\n\n\n<ul class=\"wp-block-list\">\n<li>BMF (Bibliothecarii Medicinae Fenniae) ry:n opintovierailu Kuopiossa 8 April 2022. <strong>Taisa Sallinen<\/strong>: UEFin datatukihanke<\/li>\n\n\n\n<li>Kuvailun tiedotusp\u00e4iv\u00e4 10 May 2022, online. <strong>Katja Hyv\u00e4rinen<\/strong>, Jaska J\u00e4rvilehto: <a href=\"https:\/\/www.kiwi.fi\/pages\/viewpage.action?pageId=270630978&amp;preview=\/270630978\/276563199\/Kuvailun%20tiedotusp%C3%A4iv%C3%A4%2010.5.2022%20-%20KUMEAn%20ja%20Muusan%20puheenvuorot.pdf\">Kuvailun ohjaus yhteisty\u00f6n\u00e4, kansallisten kuvailun asiantuntijaryhm\u00e4n vahvistuva rooli: Kumean ja Muusan puheenvuorot<\/a><\/li>\n\n\n\n<li><bdo lang=\"en\" dir=\"ltr\">EAHIL 2022 (European Association for Health Information and Libraries) Conference <a href=\"https:\/\/eahil2022.nl\/program\/\">\u201cBroaden the horizons \u2013 diversity, partnership and innovation with a human touch\u201d<\/a> 1\u20136. 2022. <strong>Tuulevi Ovaska<\/strong>: Coordinating and developing university library communications \u2014 my job, everybody&#8217;s task<\/bdo><\/li>\n\n\n\n<li><bdo lang=\"en\" dir=\"ltr\">26th International Conference on Science, Technology and Innovation Indicators (STI 2022) 7.\u20139.9.2022.&nbsp; Maria Pietil\u00e4, <strong>Katri Rintam\u00e4ki<\/strong>, Ra\u00fal Aguilera, Ra\u00fal; Bel\u00e9n Fern\u00e1ndez del Pino, Eva M\u00e9ndez, Eva &amp; N\u00faria Bautista-Puig:&nbsp; Open Science Assessment and Incentives at the YUFE Alliance.&nbsp; <a href=\"https:\/\/doi.org\/10.5281\/zenodo.6974766\">https:\/\/doi.org\/10.5281\/zenodo.6974766<\/a><\/bdo><\/li>\n\n\n\n<li>BETH (<bdo lang=\"fr\" dir=\"ltr\">Biblioth\u00e8ques Europ\u00e9ennes de Th\u00e9ologie<\/bdo>) <bdo lang=\"en\" dir=\"ltr\">annual conference 10.\u201314.9.2022. <strong>Jussi Hyv\u00e4rinen<\/strong> &amp; Matti Myllykoski:&nbsp; <a href=\"https:\/\/beth.eu\/wp-content\/uploads\/2022\/10\/From-Collections-to-Connections.pdf\">From Collections to Connections: Theological Materials in Finnish University Libraries<\/a>.<\/bdo><\/li>\n\n\n\n<li><bdo lang=\"en\" dir=\"ltr\">Bibliometrics and Research Policy, Nordic Workshop NWB2022 21.\u201323.9.2022. Maria Pietil\u00e4,&nbsp; Jouni Kek\u00e4le &amp; <strong>Katri Rintam\u00e4ki<\/strong>: <a href=\"https:\/\/figshare.com\/articles\/presentation\/NWB2022_Pietil_et_al\/21293310\/1\">High hopes and unmet expectations: adding open science elements in individual-level research assessment<\/a>.<\/bdo><\/li>\n\n\n\n<li>BMF (Bibliothecarii Medicinae Fenniae) ry:n syysseminaari &#8221;<a href=\"https:\/\/bmfry.files.wordpress.com\/2022\/11\/2022-syysseminaari_ohjelma-1.pdf\">Vain muutos on pysyv\u00e4\u00e4<\/a>&#8221; 11.11.2022. <strong>Tuulevi Ovaska<\/strong>: Kirjaston viestint\u00e4suunnitelma \u2013 toimenpiteet toimeksi<\/li>\n\n\n\n<li>BMF (Bibliothecarii Medicinae Fenniae) ry:n syysseminaari <a href=\"https:\/\/bmfry.files.wordpress.com\/2022\/11\/2022-syysseminaari_ohjelma-1.pdf\">&#8221;Vain muutos on pysyv\u00e4\u00e4&#8221;<\/a> 11.11.2022. <strong>Taisa Sallinen<\/strong>: Perusopiskelijoiden tutkimusaineistonhallinnan opetus ja ohjaus It\u00e4-Suomen yliopistossa \u2013 selvityskyselyn tuloksia<\/li>\n\n\n\n<li>Yhteist\u00e4 metatietoa rakentaen \u2013 Melinda 10 vuotta -juhlawebinaari 30.11.2022, et\u00e4yhteys. <strong>Katja Hyv\u00e4rinen<\/strong>: <a href=\"https:\/\/www.kiwi.fi\/pages\/viewpage.action?pageId=303300925&amp;preview=\/303300925\/314048529\/Alma-kirjastot_Melinda_juhlawebinaari.pdf\">Alma-kirjastojen n\u00e4kemyksi\u00e4 Melinda-yhteisty\u00f6h\u00f6n.<\/a><\/li>\n\n\n\n<li>L\u00e4\u00e4kealan turvallisuus- ja kehitt\u00e4miskeskus Fimea ja Rationaalisen l\u00e4\u00e4kehoidon tutkimusverkosto, <a href=\"https:\/\/www.fimea.fi\/-\/systemaattisen-kirjallisuuskatsauksen-menetelmista-tarjolla-etakurssi-joulukuussa-2022\">Systemaattisen kirjallisuuskatsauksen menetelmien perusteet<\/a> -kurssi 1.12.2022, et\u00e4yhteys. <strong>Heikki Laitinen<\/strong>: Luento systemaattisesta kirjallisuushausta.<\/li>\n<\/ul>\n\n\n\n<h3 class=\"wp-block-heading\"><bdo lang=\"en\" dir=\"ltr\">International conferences and events<\/bdo><\/h3>\n\n\n\n<p><bdo lang=\"en\" dir=\"ltr\">The reduction of the Covid-19 pandemic restrictions enabled library staff to participate international conferences on-site, but some of them were also attended online.<\/bdo><\/p>\n\n\n\n<ul class=\"wp-block-list\">\n<li><bdo lang=\"en\" dir=\"ltr\">National Policies relevant to EOSC deployment Status, gaps, and steps towards harmonisation, 4 May 2022, online. Attendee: <strong>Tomi Rosti<\/strong><\/bdo><\/li>\n\n\n\n<li><bdo lang=\"en\" dir=\"ltr\">YUFERING (YUFE Transforming Research and Innovation through Europe-wide KNowledGe Transfer) Annual Progress Meeting 9\u201310 May 2022, Nicosia, Cyprus. Attendee: <strong>Katri Rintam\u00e4ki<\/strong><\/bdo><\/li>\n\n\n\n<li><bdo lang=\"en\" dir=\"ltr\">EAHIL 2022 (European Association for Health Information and Libaries) Conference \u201cBroaden the horizons &#8211; diversity, partnership and innovation with a human touch\u201d 1\u20133 June 2022, Rotterdam, The Netherlands. Attendee: <strong>Tuulevi Ovaska <\/strong><a href=\"https:\/\/blogs.uef.fi\/ueflibrary\/nakoaloja-laajentamassa-eahil-2022-konferenssi-broadening-horizons-eahil-2022-conference\/\">Report<\/a><\/bdo><\/li>\n\n\n\n<li><bdo lang=\"en\" dir=\"ltr\">LIBER (<\/bdo><bdo lang=\"fr\" dir=\"ltr\">Ligue des Biblioth\u00e8ques Europ\u00e9ennes de Recherche<\/bdo>) <bdo lang=\"en\" dir=\"ltr\">annual conference 6\u20138 July 2022, Odense, Denmark. Attendee: <strong>Heta Mikkonen<\/strong> ja <strong>Tomi Rosti <\/strong><a href=\"https:\/\/blogs.uef.fi\/ueflibrary\/liber-2022\/\">Report<\/a><\/bdo><\/li>\n\n\n\n<li>Tutkimuspalvelup\u00e4iv\u00e4t, <bdo lang=\"en\" dir=\"ltr\">15\u201317 August 2022, Oulu. Attendees: <strong>Niina Nurmi <\/strong>ja <strong>Manna Satama <\/strong><a href=\"https:\/\/blogs.uef.fi\/ueflibrary\/uef-datatuen-muotoilu-esilla-tutkimuspalvelupaivilla-2022-oulussa-designing-uef-datasupport-presented-at-the-research-service-days-2022-in-oulu\/\">Report<\/a><\/bdo><\/li>\n\n\n\n<li>Eurooppa-foorumi 24\u201326 August 2022, Turku. <bdo lang=\"en\" dir=\"ltr\">Attendee: <strong>Tapani Toivanen <\/strong><a href=\"https:\/\/blogs.uef.fi\/ueflibrary\/eurooppa-foorumi-2022-europe-forum-2022\/\">Report<\/a><\/bdo><\/li>\n\n\n\n<li><bdo lang=\"en\" dir=\"ltr\">CHER 2022 (Consortium for Higher Education Researchers) Conference 1\u20132 September 2022, online. Attendee: <strong>Katri Rintam\u00e4ki<\/strong><\/bdo><\/li>\n\n\n\n<li><bdo lang=\"es\" dir=\"ltr\">Universidad Carlos III de Madrid<\/bdo> (<bdo lang=\"en\" dir=\"ltr\">Erasmus staff exchange) 5\u20136 September 2022, Madrid, Spain. Attendee: <strong>Katri Rintam\u00e4ki<\/strong><\/bdo><\/li>\n\n\n\n<li>STI 2022 (<bdo lang=\"en\" dir=\"ltr\">International Conference on Science, Technology and Innovation Indicators) 7\u20139 September 2022, Granada, Spain. Attendee: <strong>Katri Rintam\u00e4ki<\/strong><\/bdo><\/li>\n\n\n\n<li>BETH (<bdo lang=\"fr\" dir=\"ltr\">Biblioth\u00e8ques Europ\u00e9ennes de Th\u00e9ologie<\/bdo>) <bdo lang=\"en\" dir=\"ltr\">annual conference 10\u201314 September 2022, Kerkrade, The Netherlands. Attendee: <strong>Jussi Hyv\u00e4rinen <\/strong><a href=\"https:\/\/blogs.uef.fi\/ueflibrary\/mita-painettujen-kokoelmien-jalkeen-hollannissa-keskusteltiin-teologisten-kirjastojen-tulevaisuudesta-the-future-of-theological-libraries-was-discussed-in-netherlands\/\">Report<\/a><\/bdo><\/li>\n\n\n\n<li><bdo lang=\"en\" dir=\"ltr\">IGeLU 2022 (The International Group of Ex Libris Users) Hybrid Conference and Developers&#8217; Day 12\u201315 September 2022. Attendee: <strong>Marja Kuittinen<\/strong><\/bdo><\/li>\n\n\n\n<li><bdo lang=\"en\" dir=\"ltr\">NWB 2022 (Nordic Workshop on Bibliometrics and Research Policy) 21\u201323 September 2022, Turku, Finland. Attendees: <strong>Marja Kuittinen <\/strong>and <strong>Katri Rintam\u00e4ki<\/strong><\/bdo><\/li>\n\n\n\n<li><bdo lang=\"en\" dir=\"ltr\">Science Europe Conference on Open Science, 18 and 19 October 2022, online. Attendee: <strong>Tomi Rosti<\/strong><\/bdo><\/li>\n\n\n\n<li><bdo lang=\"en\" dir=\"ltr\">EARMA Early Stage Research Administrator Masterclass, 25\u201327 October 2022, Prague, Czech Republic. Attendees: <strong>Niina Nurmi <\/strong>and <strong>Manna Satama <\/strong><a href=\"https:\/\/blogs.uef.fi\/ueflibrary\/tutkimushallinnon-esram-koulutuksessa-prahassa-getting-to-know-research-administration-during-esram-training-in-prague\/\">Report<\/a><\/bdo><\/li>\n\n\n\n<li><bdo lang=\"en\" dir=\"ltr\">The EOSC-Nordic Final Event, 5 October 2022, Tallinn, Estonia. Attendee: <strong>Tomi Rosti<\/strong><\/bdo><\/li>\n\n\n\n<li><bdo lang=\"en\" dir=\"ltr\">Where Do We Meet? Perspectives from Software Developers and Subject Specialists on Creating Machine Learning Projects 9 November 2022, online. Attendee: <strong>Tarja Turunen<\/strong><\/bdo><\/li>\n\n\n\n<li><bdo lang=\"en\" dir=\"ltr\">Training seminar for European Documentation Centres, 16\u201317 November 2022, Brussels, Belgium. Attendee: <strong>Marika Mahlavuori <\/strong><a href=\"https:\/\/blogs.uef.fi\/ueflibrary\/eu-tallekirjastojen-tuoreita-tuulahduksia-brysselista-hear-the-latest-about-european-documentation-centres-from-brussels\/\">Report<\/a><\/bdo><\/li>\n\n\n\n<li><bdo lang=\"en\" dir=\"ltr\">The DIOSI MODEL for Early Career Researchers Final Event at Universidad Carlos III de Madrid, 29\u201330 November 2022, Madrid, Spain. Attendee: <strong>Tomi Rosti<\/strong><\/bdo><\/li>\n<\/ul>\n\n\n\n<h3 class=\"wp-block-heading\">Expert activities<\/h3>\n\n\n\n<p><bdo lang=\"en\" dir=\"ltr\">Many library staff members are active in the university\u2019s various development, coordination and working groups, committees and networks. The library staff also participates in many expert and working groups related to the library field, to research support and to open science on national level. There are library staff members who are employees\u2019 representatives, chairpersons and board members of trade unions and associations. Some staff members are also active in international organizations and members of the international programme committees of conferences as well peer reviewers for scientific and professional publications, and members of editorial boards. (See the list of these expert activities above the picture.)<\/bdo><\/p>\n\n\n\n<p>Jussi Hyv\u00e4rinen, tietoasiantuntija | <bdo lang=\"en\" dir=\"ltr\">Information specialist<\/bdo><br \/>Tuulevi Ovaska, erityistietoasiantuntija | <bdo lang=\"en\" dir=\"ltr\">Senior information specialist<\/bdo><br \/>Opetus- ja tietopalvelut | <bdo lang=\"en\" dir=\"ltr\">Training and information services<\/bdo><br \/>Mikko Meril\u00e4inen, tietoasiantuntija | Information specialist<br \/>Tietoaineistopalvelut | <bdo lang=\"en\" dir=\"ltr\">Collection services<\/bdo><\/p>\n","protected":false},"excerpt":{"rendered":"<p>(Please, scroll down to read in English) Luennot ja esitelm\u00e4t It\u00e4-Suomen yliopiston kirjastolaiset luennoivat ja esitelm\u00f6iv\u00e4t vuonna 2022 p\u00e4\u00e4asiassa ammatillissa konferensseissa ja seminaareissa. Esitelmi\u00e4 pidettiin sek\u00e4 kansallisissa ett\u00e4 kansainv\u00e4lisiss\u00e4 tapahtumissa. Kansainv\u00e4liset konferenssit ja muut tapahtumat Pandemiarajoitusten lievennytty\u00e4 konferensseihin pystyttiin matkustamaan paikan p\u00e4\u00e4lle, mutta moniin osallistuttiin my\u00f6s et\u00e4yhteydell\u00e4. Asiantuntijateht\u00e4v\u00e4t Monet kirjastolaiset toimivat aktiivisesti yliopiston erilaisissa kehitt\u00e4misryhmiss\u00e4, [&hellip;]<\/p>\n","protected":false},"author":72,"featured_media":0,"comment_status":"open","ping_status":"open","sticky":false,"template":"","format":"standard","meta":{"_acf_changed":false,"footnotes":""},"categories":[1371],"tags":[1424,639,76,1433,165,1436,1427,835],"class_list":["post-18462","post","type-post","status-publish","format-standard","hentry","category-vuosikertomukset-annual-reports","tag-asiantuntijatehtavat","tag-conferences","tag-esitelmat","tag-expert-tasks","tag-konferenssit","tag-lectures","tag-luennot","tag-presentations"],"acf":[],"yoast_head":"<!-- This site is optimized with the Yoast SEO plugin v27.3 - https:\/\/yoast.com\/product\/yoast-seo-wordpress\/ -->\n<title>Kirjaston henkil\u00f6kunnan luennot, esitelm\u00e4t, konferenssiosallistumiset ja asiantuntijateht\u00e4v\u00e4t 2022 | Library staff\u2019s lectures, presentations, conference participation and expert activities in 2022 | UEF Library<\/title>\n<meta name=\"robots\" content=\"index, follow, max-snippet:-1, max-image-preview:large, max-video-preview:-1\" \/>\n<link rel=\"canonical\" href=\"https:\/\/blogs.uef.fi\/ueflibrary\/kirjaston-henkilokunnan-luennot-esitelmat-konferenssiosallistumiset-ja-asiantuntijatehtavat-2022-library-staffs-lectures-presentations-conference-participation-and-expert-activities-in\/\" \/>\n<meta property=\"og:locale\" content=\"fi_FI\" \/>\n<meta property=\"og:type\" content=\"article\" \/>\n<meta property=\"og:title\" content=\"Kirjaston henkil\u00f6kunnan luennot, esitelm\u00e4t, konferenssiosallistumiset ja asiantuntijateht\u00e4v\u00e4t 2022 | Library staff\u2019s lectures, presentations, conference participation and expert activities in 2022 | UEF Library\" \/>\n<meta property=\"og:description\" content=\"(Please, scroll down to read in English) Luennot ja esitelm\u00e4t It\u00e4-Suomen yliopiston kirjastolaiset luennoivat ja esitelm\u00f6iv\u00e4t vuonna 2022 p\u00e4\u00e4asiassa ammatillissa konferensseissa ja seminaareissa. Esitelmi\u00e4 pidettiin sek\u00e4 kansallisissa ett\u00e4 kansainv\u00e4lisiss\u00e4 tapahtumissa. Kansainv\u00e4liset konferenssit ja muut tapahtumat Pandemiarajoitusten lievennytty\u00e4 konferensseihin pystyttiin matkustamaan paikan p\u00e4\u00e4lle, mutta moniin osallistuttiin my\u00f6s et\u00e4yhteydell\u00e4. Asiantuntijateht\u00e4v\u00e4t Monet kirjastolaiset toimivat aktiivisesti yliopiston erilaisissa kehitt\u00e4misryhmiss\u00e4, [&hellip;]\" \/>\n<meta property=\"og:url\" content=\"https:\/\/blogs.uef.fi\/ueflibrary\/kirjaston-henkilokunnan-luennot-esitelmat-konferenssiosallistumiset-ja-asiantuntijatehtavat-2022-library-staffs-lectures-presentations-conference-participation-and-expert-activities-in\/\" \/>\n<meta property=\"og:site_name\" content=\"UEF Library\" \/>\n<meta property=\"article:publisher\" content=\"https:\/\/www.facebook.com\/ueflibrary\" \/>\n<meta property=\"article:published_time\" content=\"2023-05-23T07:48:16+00:00\" \/>\n<meta property=\"article:modified_time\" content=\"2025-10-21T14:02:06+00:00\" \/>\n<meta property=\"og:image\" content=\"https:\/\/blogs.uef.fi\/ueflibrary\/wp-content\/uploads\/sites\/18\/2023\/05\/EAHIL2022_ehdo-scaled.jpg\" \/>\n\t<meta property=\"og:image:width\" content=\"2560\" \/>\n\t<meta property=\"og:image:height\" content=\"1920\" \/>\n\t<meta property=\"og:image:type\" content=\"image\/jpeg\" \/>\n<meta name=\"author\" content=\"ueflibrary\" \/>\n<meta name=\"twitter:card\" content=\"summary_large_image\" \/>\n<meta name=\"twitter:creator\" content=\"@ueflibrary\" \/>\n<meta name=\"twitter:site\" content=\"@ueflibrary\" \/>\n<meta name=\"twitter:label1\" content=\"Kirjoittanut\" \/>\n\t<meta name=\"twitter:data1\" content=\"ueflibrary\" \/>\n\t<meta name=\"twitter:label2\" content=\"Arvioitu lukuaika\" \/>\n\t<meta name=\"twitter:data2\" content=\"14 minuuttia\" \/>\n<script type=\"application\/ld+json\" class=\"yoast-schema-graph\">{\"@context\":\"https:\\\/\\\/schema.org\",\"@graph\":[{\"@type\":\"Article\",\"@id\":\"https:\\\/\\\/blogs.uef.fi\\\/ueflibrary\\\/kirjaston-henkilokunnan-luennot-esitelmat-konferenssiosallistumiset-ja-asiantuntijatehtavat-2022-library-staffs-lectures-presentations-conference-participation-and-expert-activities-in\\\/#article\",\"isPartOf\":{\"@id\":\"https:\\\/\\\/blogs.uef.fi\\\/ueflibrary\\\/kirjaston-henkilokunnan-luennot-esitelmat-konferenssiosallistumiset-ja-asiantuntijatehtavat-2022-library-staffs-lectures-presentations-conference-participation-and-expert-activities-in\\\/\"},\"author\":{\"name\":\"ueflibrary\",\"@id\":\"https:\\\/\\\/blogs.uef.fi\\\/ueflibrary\\\/#\\\/schema\\\/person\\\/a8e211011f90578da5fdd0c5aacfeee3\"},\"headline\":\"Kirjaston henkil\u00f6kunnan luennot, esitelm\u00e4t, konferenssiosallistumiset ja asiantuntijateht\u00e4v\u00e4t 2022 | Library staff\u2019s lectures, presentations, conference participation and expert activities in 2022\",\"datePublished\":\"2023-05-23T07:48:16+00:00\",\"dateModified\":\"2025-10-21T14:02:06+00:00\",\"mainEntityOfPage\":{\"@id\":\"https:\\\/\\\/blogs.uef.fi\\\/ueflibrary\\\/kirjaston-henkilokunnan-luennot-esitelmat-konferenssiosallistumiset-ja-asiantuntijatehtavat-2022-library-staffs-lectures-presentations-conference-participation-and-expert-activities-in\\\/\"},\"wordCount\":2352,\"commentCount\":0,\"publisher\":{\"@id\":\"https:\\\/\\\/blogs.uef.fi\\\/ueflibrary\\\/#organization\"},\"image\":{\"@id\":\"https:\\\/\\\/blogs.uef.fi\\\/ueflibrary\\\/kirjaston-henkilokunnan-luennot-esitelmat-konferenssiosallistumiset-ja-asiantuntijatehtavat-2022-library-staffs-lectures-presentations-conference-participation-and-expert-activities-in\\\/#primaryimage\"},\"thumbnailUrl\":\"https:\\\/\\\/blogs.uef.fi\\\/ueflibrary\\\/wp-content\\\/uploads\\\/sites\\\/18\\\/2023\\\/05\\\/EAHIL2022_ehdo-scaled.jpg\",\"keywords\":[\"asiantuntijateht\u00e4v\u00e4t\",\"conferences\",\"esitelm\u00e4t\",\"expert tasks\",\"konferenssit\",\"lectures\",\"luennot\",\"presentations\"],\"articleSection\":[\"Vuosikertomukset | Annual reports\"],\"inLanguage\":\"fi\",\"potentialAction\":[{\"@type\":\"CommentAction\",\"name\":\"Comment\",\"target\":[\"https:\\\/\\\/blogs.uef.fi\\\/ueflibrary\\\/kirjaston-henkilokunnan-luennot-esitelmat-konferenssiosallistumiset-ja-asiantuntijatehtavat-2022-library-staffs-lectures-presentations-conference-participation-and-expert-activities-in\\\/#respond\"]}]},{\"@type\":\"WebPage\",\"@id\":\"https:\\\/\\\/blogs.uef.fi\\\/ueflibrary\\\/kirjaston-henkilokunnan-luennot-esitelmat-konferenssiosallistumiset-ja-asiantuntijatehtavat-2022-library-staffs-lectures-presentations-conference-participation-and-expert-activities-in\\\/\",\"url\":\"https:\\\/\\\/blogs.uef.fi\\\/ueflibrary\\\/kirjaston-henkilokunnan-luennot-esitelmat-konferenssiosallistumiset-ja-asiantuntijatehtavat-2022-library-staffs-lectures-presentations-conference-participation-and-expert-activities-in\\\/\",\"name\":\"Kirjaston henkil\u00f6kunnan luennot, esitelm\u00e4t, konferenssiosallistumiset ja asiantuntijateht\u00e4v\u00e4t 2022 | Library staff\u2019s lectures, presentations, conference participation and expert activities in 2022 | UEF Library\",\"isPartOf\":{\"@id\":\"https:\\\/\\\/blogs.uef.fi\\\/ueflibrary\\\/#website\"},\"primaryImageOfPage\":{\"@id\":\"https:\\\/\\\/blogs.uef.fi\\\/ueflibrary\\\/kirjaston-henkilokunnan-luennot-esitelmat-konferenssiosallistumiset-ja-asiantuntijatehtavat-2022-library-staffs-lectures-presentations-conference-participation-and-expert-activities-in\\\/#primaryimage\"},\"image\":{\"@id\":\"https:\\\/\\\/blogs.uef.fi\\\/ueflibrary\\\/kirjaston-henkilokunnan-luennot-esitelmat-konferenssiosallistumiset-ja-asiantuntijatehtavat-2022-library-staffs-lectures-presentations-conference-participation-and-expert-activities-in\\\/#primaryimage\"},\"thumbnailUrl\":\"https:\\\/\\\/blogs.uef.fi\\\/ueflibrary\\\/wp-content\\\/uploads\\\/sites\\\/18\\\/2023\\\/05\\\/EAHIL2022_ehdo-scaled.jpg\",\"datePublished\":\"2023-05-23T07:48:16+00:00\",\"dateModified\":\"2025-10-21T14:02:06+00:00\",\"inLanguage\":\"fi\",\"potentialAction\":[{\"@type\":\"ReadAction\",\"target\":[\"https:\\\/\\\/blogs.uef.fi\\\/ueflibrary\\\/kirjaston-henkilokunnan-luennot-esitelmat-konferenssiosallistumiset-ja-asiantuntijatehtavat-2022-library-staffs-lectures-presentations-conference-participation-and-expert-activities-in\\\/\"]}]},{\"@type\":\"ImageObject\",\"inLanguage\":\"fi\",\"@id\":\"https:\\\/\\\/blogs.uef.fi\\\/ueflibrary\\\/kirjaston-henkilokunnan-luennot-esitelmat-konferenssiosallistumiset-ja-asiantuntijatehtavat-2022-library-staffs-lectures-presentations-conference-participation-and-expert-activities-in\\\/#primaryimage\",\"url\":\"https:\\\/\\\/blogs.uef.fi\\\/ueflibrary\\\/wp-content\\\/uploads\\\/sites\\\/18\\\/2023\\\/05\\\/EAHIL2022_ehdo-scaled.jpg\",\"contentUrl\":\"https:\\\/\\\/blogs.uef.fi\\\/ueflibrary\\\/wp-content\\\/uploads\\\/sites\\\/18\\\/2023\\\/05\\\/EAHIL2022_ehdo-scaled.jpg\",\"width\":2560,\"height\":1920},{\"@type\":\"WebSite\",\"@id\":\"https:\\\/\\\/blogs.uef.fi\\\/ueflibrary\\\/#website\",\"url\":\"https:\\\/\\\/blogs.uef.fi\\\/ueflibrary\\\/\",\"name\":\"UEF Library\",\"description\":\"Open science for open minds\",\"publisher\":{\"@id\":\"https:\\\/\\\/blogs.uef.fi\\\/ueflibrary\\\/#organization\"},\"potentialAction\":[{\"@type\":\"SearchAction\",\"target\":{\"@type\":\"EntryPoint\",\"urlTemplate\":\"https:\\\/\\\/blogs.uef.fi\\\/ueflibrary\\\/?s={search_term_string}\"},\"query-input\":{\"@type\":\"PropertyValueSpecification\",\"valueRequired\":true,\"valueName\":\"search_term_string\"}}],\"inLanguage\":\"fi\"},{\"@type\":\"Organization\",\"@id\":\"https:\\\/\\\/blogs.uef.fi\\\/ueflibrary\\\/#organization\",\"name\":\"UEF Library\",\"url\":\"https:\\\/\\\/blogs.uef.fi\\\/ueflibrary\\\/\",\"logo\":{\"@type\":\"ImageObject\",\"inLanguage\":\"fi\",\"@id\":\"https:\\\/\\\/blogs.uef.fi\\\/ueflibrary\\\/#\\\/schema\\\/logo\\\/image\\\/\",\"url\":\"https:\\\/\\\/blogs.uef.fi\\\/ueflibrary\\\/wp-content\\\/uploads\\\/sites\\\/18\\\/2018\\\/04\\\/Logo-kirjasto.png\",\"contentUrl\":\"https:\\\/\\\/blogs.uef.fi\\\/ueflibrary\\\/wp-content\\\/uploads\\\/sites\\\/18\\\/2018\\\/04\\\/Logo-kirjasto.png\",\"width\":300,\"height\":300,\"caption\":\"UEF Library\"},\"image\":{\"@id\":\"https:\\\/\\\/blogs.uef.fi\\\/ueflibrary\\\/#\\\/schema\\\/logo\\\/image\\\/\"},\"sameAs\":[\"https:\\\/\\\/www.facebook.com\\\/ueflibrary\",\"https:\\\/\\\/x.com\\\/ueflibrary\",\"https:\\\/\\\/www.instagram.com\\\/ueflibrary\\\/\",\"https:\\\/\\\/www.youtube.com\\\/user\\\/UEFLibrary\"]},{\"@type\":\"Person\",\"@id\":\"https:\\\/\\\/blogs.uef.fi\\\/ueflibrary\\\/#\\\/schema\\\/person\\\/a8e211011f90578da5fdd0c5aacfeee3\",\"name\":\"ueflibrary\",\"image\":{\"@type\":\"ImageObject\",\"inLanguage\":\"fi\",\"@id\":\"https:\\\/\\\/secure.gravatar.com\\\/avatar\\\/1c4267db9d0c1de64a30db93f9480cb1dc4a079fcec0109e406050c596cb2ca7?s=96&d=blank&r=g\",\"url\":\"https:\\\/\\\/secure.gravatar.com\\\/avatar\\\/1c4267db9d0c1de64a30db93f9480cb1dc4a079fcec0109e406050c596cb2ca7?s=96&d=blank&r=g\",\"contentUrl\":\"https:\\\/\\\/secure.gravatar.com\\\/avatar\\\/1c4267db9d0c1de64a30db93f9480cb1dc4a079fcec0109e406050c596cb2ca7?s=96&d=blank&r=g\",\"caption\":\"ueflibrary\"},\"description\":\"The UEF Library is a public academic library offering state-of-the-art library and information services especially for the university's staff members and students. However, the library is also open to everyone else who is seeking information. The UEF Library campus libraries are in Joensuu, Kuopio and Savonlinna, and in the Kuopio there is also the KUH Medical Library. The electronic collections can be accessed also off-campus by UEF staff and students.\",\"sameAs\":[\"http:\\\/\\\/www.uef.fi\\\/en\\\/web\\\/kirjasto\"],\"url\":\"https:\\\/\\\/blogs.uef.fi\\\/ueflibrary\\\/author\\\/ueflibrary\\\/\"}]}<\/script>\n<!-- \/ Yoast SEO plugin. -->","yoast_head_json":{"title":"Kirjaston henkil\u00f6kunnan luennot, esitelm\u00e4t, konferenssiosallistumiset ja asiantuntijateht\u00e4v\u00e4t 2022 | Library staff\u2019s lectures, presentations, conference participation and expert activities in 2022 | UEF Library","robots":{"index":"index","follow":"follow","max-snippet":"max-snippet:-1","max-image-preview":"max-image-preview:large","max-video-preview":"max-video-preview:-1"},"canonical":"https:\/\/blogs.uef.fi\/ueflibrary\/kirjaston-henkilokunnan-luennot-esitelmat-konferenssiosallistumiset-ja-asiantuntijatehtavat-2022-library-staffs-lectures-presentations-conference-participation-and-expert-activities-in\/","og_locale":"fi_FI","og_type":"article","og_title":"Kirjaston henkil\u00f6kunnan luennot, esitelm\u00e4t, konferenssiosallistumiset ja asiantuntijateht\u00e4v\u00e4t 2022 | Library staff\u2019s lectures, presentations, conference participation and expert activities in 2022 | UEF Library","og_description":"(Please, scroll down to read in English) Luennot ja esitelm\u00e4t It\u00e4-Suomen yliopiston kirjastolaiset luennoivat ja esitelm\u00f6iv\u00e4t vuonna 2022 p\u00e4\u00e4asiassa ammatillissa konferensseissa ja seminaareissa. Esitelmi\u00e4 pidettiin sek\u00e4 kansallisissa ett\u00e4 kansainv\u00e4lisiss\u00e4 tapahtumissa. Kansainv\u00e4liset konferenssit ja muut tapahtumat Pandemiarajoitusten lievennytty\u00e4 konferensseihin pystyttiin matkustamaan paikan p\u00e4\u00e4lle, mutta moniin osallistuttiin my\u00f6s et\u00e4yhteydell\u00e4. Asiantuntijateht\u00e4v\u00e4t Monet kirjastolaiset toimivat aktiivisesti yliopiston erilaisissa kehitt\u00e4misryhmiss\u00e4, [&hellip;]","og_url":"https:\/\/blogs.uef.fi\/ueflibrary\/kirjaston-henkilokunnan-luennot-esitelmat-konferenssiosallistumiset-ja-asiantuntijatehtavat-2022-library-staffs-lectures-presentations-conference-participation-and-expert-activities-in\/","og_site_name":"UEF Library","article_publisher":"https:\/\/www.facebook.com\/ueflibrary","article_published_time":"2023-05-23T07:48:16+00:00","article_modified_time":"2025-10-21T14:02:06+00:00","og_image":[{"width":2560,"height":1920,"url":"https:\/\/blogs.uef.fi\/ueflibrary\/wp-content\/uploads\/sites\/18\/2023\/05\/EAHIL2022_ehdo-scaled.jpg","type":"image\/jpeg"}],"author":"ueflibrary","twitter_card":"summary_large_image","twitter_creator":"@ueflibrary","twitter_site":"@ueflibrary","twitter_misc":{"Kirjoittanut":"ueflibrary","Arvioitu lukuaika":"14 minuuttia"},"schema":{"@context":"https:\/\/schema.org","@graph":[{"@type":"Article","@id":"https:\/\/blogs.uef.fi\/ueflibrary\/kirjaston-henkilokunnan-luennot-esitelmat-konferenssiosallistumiset-ja-asiantuntijatehtavat-2022-library-staffs-lectures-presentations-conference-participation-and-expert-activities-in\/#article","isPartOf":{"@id":"https:\/\/blogs.uef.fi\/ueflibrary\/kirjaston-henkilokunnan-luennot-esitelmat-konferenssiosallistumiset-ja-asiantuntijatehtavat-2022-library-staffs-lectures-presentations-conference-participation-and-expert-activities-in\/"},"author":{"name":"ueflibrary","@id":"https:\/\/blogs.uef.fi\/ueflibrary\/#\/schema\/person\/a8e211011f90578da5fdd0c5aacfeee3"},"headline":"Kirjaston henkil\u00f6kunnan luennot, esitelm\u00e4t, konferenssiosallistumiset ja asiantuntijateht\u00e4v\u00e4t 2022 | Library staff\u2019s lectures, presentations, conference participation and expert activities in 2022","datePublished":"2023-05-23T07:48:16+00:00","dateModified":"2025-10-21T14:02:06+00:00","mainEntityOfPage":{"@id":"https:\/\/blogs.uef.fi\/ueflibrary\/kirjaston-henkilokunnan-luennot-esitelmat-konferenssiosallistumiset-ja-asiantuntijatehtavat-2022-library-staffs-lectures-presentations-conference-participation-and-expert-activities-in\/"},"wordCount":2352,"commentCount":0,"publisher":{"@id":"https:\/\/blogs.uef.fi\/ueflibrary\/#organization"},"image":{"@id":"https:\/\/blogs.uef.fi\/ueflibrary\/kirjaston-henkilokunnan-luennot-esitelmat-konferenssiosallistumiset-ja-asiantuntijatehtavat-2022-library-staffs-lectures-presentations-conference-participation-and-expert-activities-in\/#primaryimage"},"thumbnailUrl":"https:\/\/blogs.uef.fi\/ueflibrary\/wp-content\/uploads\/sites\/18\/2023\/05\/EAHIL2022_ehdo-scaled.jpg","keywords":["asiantuntijateht\u00e4v\u00e4t","conferences","esitelm\u00e4t","expert tasks","konferenssit","lectures","luennot","presentations"],"articleSection":["Vuosikertomukset | Annual reports"],"inLanguage":"fi","potentialAction":[{"@type":"CommentAction","name":"Comment","target":["https:\/\/blogs.uef.fi\/ueflibrary\/kirjaston-henkilokunnan-luennot-esitelmat-konferenssiosallistumiset-ja-asiantuntijatehtavat-2022-library-staffs-lectures-presentations-conference-participation-and-expert-activities-in\/#respond"]}]},{"@type":"WebPage","@id":"https:\/\/blogs.uef.fi\/ueflibrary\/kirjaston-henkilokunnan-luennot-esitelmat-konferenssiosallistumiset-ja-asiantuntijatehtavat-2022-library-staffs-lectures-presentations-conference-participation-and-expert-activities-in\/","url":"https:\/\/blogs.uef.fi\/ueflibrary\/kirjaston-henkilokunnan-luennot-esitelmat-konferenssiosallistumiset-ja-asiantuntijatehtavat-2022-library-staffs-lectures-presentations-conference-participation-and-expert-activities-in\/","name":"Kirjaston henkil\u00f6kunnan luennot, esitelm\u00e4t, konferenssiosallistumiset ja asiantuntijateht\u00e4v\u00e4t 2022 | Library staff\u2019s lectures, presentations, conference participation and expert activities in 2022 | UEF Library","isPartOf":{"@id":"https:\/\/blogs.uef.fi\/ueflibrary\/#website"},"primaryImageOfPage":{"@id":"https:\/\/blogs.uef.fi\/ueflibrary\/kirjaston-henkilokunnan-luennot-esitelmat-konferenssiosallistumiset-ja-asiantuntijatehtavat-2022-library-staffs-lectures-presentations-conference-participation-and-expert-activities-in\/#primaryimage"},"image":{"@id":"https:\/\/blogs.uef.fi\/ueflibrary\/kirjaston-henkilokunnan-luennot-esitelmat-konferenssiosallistumiset-ja-asiantuntijatehtavat-2022-library-staffs-lectures-presentations-conference-participation-and-expert-activities-in\/#primaryimage"},"thumbnailUrl":"https:\/\/blogs.uef.fi\/ueflibrary\/wp-content\/uploads\/sites\/18\/2023\/05\/EAHIL2022_ehdo-scaled.jpg","datePublished":"2023-05-23T07:48:16+00:00","dateModified":"2025-10-21T14:02:06+00:00","inLanguage":"fi","potentialAction":[{"@type":"ReadAction","target":["https:\/\/blogs.uef.fi\/ueflibrary\/kirjaston-henkilokunnan-luennot-esitelmat-konferenssiosallistumiset-ja-asiantuntijatehtavat-2022-library-staffs-lectures-presentations-conference-participation-and-expert-activities-in\/"]}]},{"@type":"ImageObject","inLanguage":"fi","@id":"https:\/\/blogs.uef.fi\/ueflibrary\/kirjaston-henkilokunnan-luennot-esitelmat-konferenssiosallistumiset-ja-asiantuntijatehtavat-2022-library-staffs-lectures-presentations-conference-participation-and-expert-activities-in\/#primaryimage","url":"https:\/\/blogs.uef.fi\/ueflibrary\/wp-content\/uploads\/sites\/18\/2023\/05\/EAHIL2022_ehdo-scaled.jpg","contentUrl":"https:\/\/blogs.uef.fi\/ueflibrary\/wp-content\/uploads\/sites\/18\/2023\/05\/EAHIL2022_ehdo-scaled.jpg","width":2560,"height":1920},{"@type":"WebSite","@id":"https:\/\/blogs.uef.fi\/ueflibrary\/#website","url":"https:\/\/blogs.uef.fi\/ueflibrary\/","name":"UEF Library","description":"Open science for open minds","publisher":{"@id":"https:\/\/blogs.uef.fi\/ueflibrary\/#organization"},"potentialAction":[{"@type":"SearchAction","target":{"@type":"EntryPoint","urlTemplate":"https:\/\/blogs.uef.fi\/ueflibrary\/?s={search_term_string}"},"query-input":{"@type":"PropertyValueSpecification","valueRequired":true,"valueName":"search_term_string"}}],"inLanguage":"fi"},{"@type":"Organization","@id":"https:\/\/blogs.uef.fi\/ueflibrary\/#organization","name":"UEF Library","url":"https:\/\/blogs.uef.fi\/ueflibrary\/","logo":{"@type":"ImageObject","inLanguage":"fi","@id":"https:\/\/blogs.uef.fi\/ueflibrary\/#\/schema\/logo\/image\/","url":"https:\/\/blogs.uef.fi\/ueflibrary\/wp-content\/uploads\/sites\/18\/2018\/04\/Logo-kirjasto.png","contentUrl":"https:\/\/blogs.uef.fi\/ueflibrary\/wp-content\/uploads\/sites\/18\/2018\/04\/Logo-kirjasto.png","width":300,"height":300,"caption":"UEF Library"},"image":{"@id":"https:\/\/blogs.uef.fi\/ueflibrary\/#\/schema\/logo\/image\/"},"sameAs":["https:\/\/www.facebook.com\/ueflibrary","https:\/\/x.com\/ueflibrary","https:\/\/www.instagram.com\/ueflibrary\/","https:\/\/www.youtube.com\/user\/UEFLibrary"]},{"@type":"Person","@id":"https:\/\/blogs.uef.fi\/ueflibrary\/#\/schema\/person\/a8e211011f90578da5fdd0c5aacfeee3","name":"ueflibrary","image":{"@type":"ImageObject","inLanguage":"fi","@id":"https:\/\/secure.gravatar.com\/avatar\/1c4267db9d0c1de64a30db93f9480cb1dc4a079fcec0109e406050c596cb2ca7?s=96&d=blank&r=g","url":"https:\/\/secure.gravatar.com\/avatar\/1c4267db9d0c1de64a30db93f9480cb1dc4a079fcec0109e406050c596cb2ca7?s=96&d=blank&r=g","contentUrl":"https:\/\/secure.gravatar.com\/avatar\/1c4267db9d0c1de64a30db93f9480cb1dc4a079fcec0109e406050c596cb2ca7?s=96&d=blank&r=g","caption":"ueflibrary"},"description":"The UEF Library is a public academic library offering state-of-the-art library and information services especially for the university's staff members and students. However, the library is also open to everyone else who is seeking information. The UEF Library campus libraries are in Joensuu, Kuopio and Savonlinna, and in the Kuopio there is also the KUH Medical Library. The electronic collections can be accessed also off-campus by UEF staff and students.","sameAs":["http:\/\/www.uef.fi\/en\/web\/kirjasto"],"url":"https:\/\/blogs.uef.fi\/ueflibrary\/author\/ueflibrary\/"}]}},"_links":{"self":[{"href":"https:\/\/blogs.uef.fi\/ueflibrary\/wp-json\/wp\/v2\/posts\/18462","targetHints":{"allow":["GET"]}}],"collection":[{"href":"https:\/\/blogs.uef.fi\/ueflibrary\/wp-json\/wp\/v2\/posts"}],"about":[{"href":"https:\/\/blogs.uef.fi\/ueflibrary\/wp-json\/wp\/v2\/types\/post"}],"author":[{"embeddable":true,"href":"https:\/\/blogs.uef.fi\/ueflibrary\/wp-json\/wp\/v2\/users\/72"}],"replies":[{"embeddable":true,"href":"https:\/\/blogs.uef.fi\/ueflibrary\/wp-json\/wp\/v2\/comments?post=18462"}],"version-history":[{"count":1,"href":"https:\/\/blogs.uef.fi\/ueflibrary\/wp-json\/wp\/v2\/posts\/18462\/revisions"}],"predecessor-version":[{"id":24521,"href":"https:\/\/blogs.uef.fi\/ueflibrary\/wp-json\/wp\/v2\/posts\/18462\/revisions\/24521"}],"wp:attachment":[{"href":"https:\/\/blogs.uef.fi\/ueflibrary\/wp-json\/wp\/v2\/media?parent=18462"}],"wp:term":[{"taxonomy":"category","embeddable":true,"href":"https:\/\/blogs.uef.fi\/ueflibrary\/wp-json\/wp\/v2\/categories?post=18462"},{"taxonomy":"post_tag","embeddable":true,"href":"https:\/\/blogs.uef.fi\/ueflibrary\/wp-json\/wp\/v2\/tags?post=18462"}],"curies":[{"name":"wp","href":"https:\/\/api.w.org\/{rel}","templated":true}]}}