{"id":16342,"date":"2022-09-02T07:00:17","date_gmt":"2022-09-02T05:00:17","guid":{"rendered":"https:\/\/blogs.uef.fi\/ueflibrary\/?p=16342"},"modified":"2025-11-08T12:51:15","modified_gmt":"2025-11-08T10:51:15","slug":"eurooppa-foorumi-2022-europe-forum-2022","status":"publish","type":"post","link":"https:\/\/blogs.uef.fi\/ueflibrary\/eurooppa-foorumi-2022-europe-forum-2022\/","title":{"rendered":"Eurooppa-foorumi 2022 | Europe Forum 2022"},"content":{"rendered":"\n<p><bdo lang=\"en\" dir=\"ltr\">(<span class=\"TextRun BCX2 SCXO114148762\" lang=\"FI-FI\" xml:lang=\"FI-FI\" data-contrast=\"auto\"><span class=\"NormalTextRun BCX2 SCXO114148762\">Please, scroll down to read a brief<\/span><\/span><\/bdo><bdo lang=\"en\" dir=\"ltr\"><span class=\"TextRun BCX2 SCXO114148762\" lang=\"FI-FI\" xml:lang=\"FI-FI\" data-contrast=\"auto\"><span class=\"NormalTextRun BCX2 SCXO114148762\"> <\/span><\/span><\/bdo><bdo lang=\"en\" dir=\"ltr\"><span class=\"TextRun BCX2 SCXO114148762\" lang=\"FI-FI\" xml:lang=\"FI-FI\" data-contrast=\"auto\"><span class=\"NormalTextRun BCX2 SCXO114148762\">summary in English.<\/span><\/span>)<\/bdo><\/p>\n\n\n\n<figure class=\"wp-block-image\"><img loading=\"lazy\" decoding=\"async\" width=\"2362\" height=\"1575\" src=\"https:\/\/blogs.uef.fi\/ueflibrary\/wp-content\/uploads\/sites\/18\/2022\/08\/yleiskuvaa-eurooppa-foorumi-turku-2022.jpg\" alt=\"Yleiskuvaa Eurooppa-foorumista vuonna 2022. Ihmisi\u00e4, foorumin nimi ja paikka.\" class=\"wp-image-16345\" srcset=\"https:\/\/blogs.uef.fi\/ueflibrary\/wp-content\/uploads\/sites\/18\/2022\/08\/yleiskuvaa-eurooppa-foorumi-turku-2022.jpg 2362w, https:\/\/blogs.uef.fi\/ueflibrary\/wp-content\/uploads\/sites\/18\/2022\/08\/yleiskuvaa-eurooppa-foorumi-turku-2022-151x101.jpg 151w, https:\/\/blogs.uef.fi\/ueflibrary\/wp-content\/uploads\/sites\/18\/2022\/08\/yleiskuvaa-eurooppa-foorumi-turku-2022-768x512.jpg 768w, https:\/\/blogs.uef.fi\/ueflibrary\/wp-content\/uploads\/sites\/18\/2022\/08\/yleiskuvaa-eurooppa-foorumi-turku-2022-1536x1024.jpg 1536w, https:\/\/blogs.uef.fi\/ueflibrary\/wp-content\/uploads\/sites\/18\/2022\/08\/yleiskuvaa-eurooppa-foorumi-turku-2022-2048x1366.jpg 2048w\" sizes=\"auto, (max-width: 2362px) 100vw, 2362px\" \/><\/figure>\n\n\n\n<p><a href=\"https:\/\/europeforum.fi\/\">Eurooppa-foorumi<\/a> j\u00e4rjestettiin Turussa 24.-26.8. nyt jo viidett\u00e4 kertaa, ja se on vakiinnuttanut asemansa Suomen poliittisen keskustelun syksyn avaajana. Esiintyjien joukossa ovat s\u00e4\u00e4nn\u00f6llisesti johtavat poliitikot ja virkamiehet sek\u00e4 televisioistakin tutut asiantuntijat.<\/p>\n\n\n\n<p>Koronapandemiasta tuli ainakin se hy\u00f6ty, ett\u00e4 yh\u00e4 useammat tapahtumat ja konferenssit ovat <strong>kokonaan seurattavissa verkon kautta<\/strong>. Vaikka kotona tietokoneen \u00e4\u00e4ress\u00e4 ei p\u00e4\u00e4sek\u00e4\u00e4n osalliseksi esimerkiksi hy\u00f6dyllisist\u00e4 k\u00e4yt\u00e4v\u00e4keskusteluista ja verkostoitumisesta kollegoiden kanssa, niin monesti itse esitykset ja paneelikeskustelut ovat et\u00e4n\u00e4 huomattavasti helpommin seurattavissa kuin paikan p\u00e4\u00e4ll\u00e4. Eurooppa-foorumissa oli parhaillaan kiinnostavia tapahtumia ainakin kolmessa eri paikassa yht\u00e4 aikaa, joten fyysinen siirtyminen nopeasti esityspaikasta toiseen olisi voinut olla hankalaa. Lis\u00e4ksi surullisen turvaton nykyaikamme on aiheuttanut sen, ett\u00e4 huippupoliitikkojen esiintyess\u00e4 tapahtumaan pit\u00e4\u00e4 ilmoittautua etuk\u00e4teen, paikkoja on vain rajatusti saatavilla ja paikalle pit\u00e4\u00e4 my\u00f6s saapua hyviss\u00e4 ajoin ennen kuin ovet suljetaan. Lis\u00e4etuna konferenssien et\u00e4seuraamisesta on sekin, ett\u00e4 kun ymm\u00e4rt\u00e4m\u00e4t\u00f6n ulkomaailma v\u00e4lill\u00e4 aiheuttaa h\u00e4iri\u00f6it\u00e4, voi yritt\u00e4\u00e4 kiri\u00e4 keskeytetty\u00e4 <bdo lang=\"en\" dir=\"ltr\">YouTube<\/bdo>-esityst\u00e4 kiinni katsomalla sit\u00e4 1,25- tai jopa 1,5-kertaisella nopeudella.<\/p>\n\n\n\n<p>T\u00e4t\u00e4 kirjoittaessa Eurooppa-foorumin eri esityksi\u00e4 voi katsoa <a href=\"https:\/\/event.prospectumlive.com\/europeforum\/lobby\">p\u00e4iv\u00e4kohtaisina striimein\u00e4<\/a>, mutta ne tullaan piakkoin toimittamaan tapahtumakohtaisiksi videoiksi. Uutuutena t\u00e4n\u00e4 vuonna k\u00e4yt\u00f6ss\u00e4 oli my\u00f6s simultaanitulkkaus suomesta englanniksi ja p\u00e4invastoin. Lis\u00e4tietoja (ja luultavasti my\u00f6hemmin suorat linkit eri tapahtumiin) l\u00f6ytyy <a href=\"https:\/\/europeforum.fi\/ohjelma\/\">foorumin ohjelmasivulta.<\/a><\/p>\n\n\n\n<p>Jo perinteiseen tapaan foorumi oli jaettu eri teemap\u00e4iviin. <strong>Keskiviikko 24.8. oli tiedep\u00e4iv\u00e4<\/strong>. Aluksi seurasin esityksi\u00e4 Radisson <a href=\"https:\/\/event.prospectumlive.com\/europeforum\/room\/4450\">Blu Marina Palace -hotellin Meri-lavalta<\/a>. <strong>P\u00e4iv\u00e4n avauksessa<\/strong> (tallenteessa kohdasta 18:05 alkaen) Eurooppa-foorumin avasivat Turun yliopiston ja \u00c5bo Akademin rehtorit ja heid\u00e4n j\u00e4lkeens\u00e4 foorumin ensimm\u00e4inen keynote-puhuja, pitk\u00e4aikainen EU-tuomioistuimen tuomari <strong>Allan Rosas<\/strong>. H\u00e4n esitelm\u00f6i voimank\u00e4yt\u00f6n ja laillisuusperiaatteen kamppailusta maailmanpolitiikassa. T\u00e4rkeit\u00e4 merkkipaaluja sotien vastustamisessa olivat ensimm\u00e4isen maailmansodan j\u00e4lkeen Kansainliiton perustaminen ja Kellogg-Briand-sopimus, joka kielsi sodank\u00e4ynnin politiikan v\u00e4lineen\u00e4. T\u00e4m\u00e4n j\u00e4lkeen on k\u00e4yty hyvin v\u00e4h\u00e4n rehellisi\u00e4 valloitussotia, vaan niille on yritetty keksi\u00e4 edes jonkinlaista n\u00e4enn\u00e4ist\u00e4 oikeutusta. Erityisesti it\u00e4inen naapurimme on hyvin herk\u00e4sti turvautunut voimapolitiikkaan vuosikymmenest\u00e4 toiseen.<\/p>\n\n\n\n<p>Foorumi jatkui (kohdassa 1.17:06) mielenkiintoisella paneelikeskustelulla <strong>merituulivoiman rakentamisesta It\u00e4merelle<\/strong>. Me it\u00e4suomalaiset olemme olleet k\u00e4\u00e4rmeiss\u00e4mme siit\u00e4, ett\u00e4 puolustusvoimat kielt\u00e4v\u00e4t meilt\u00e4 tuulipuistojen rakentamisen kun taas L\u00e4nsi-Suomen kunnat saavat nauttia niiden verotuotoista. Piakkoin tuulipuistojen rakentamisen painopiste siirtynee kuitenkin maalta avomerelle. Merell\u00e4 tuulipuistot eiv\u00e4t h\u00e4iritse asutusta ja tuuli on voimakkaampaa ja tasaisempaa. Rakentaminen ja j\u00e4\u00e4olot vaativat kuitenkin viel\u00e4 tekniikan kehitt\u00e4mist\u00e4, luontoa on suojeltava ja lupaprosesseja nopeutettava.<\/p>\n\n\n\n<p>Seuraavana (kohdassa 2:47:55) oli vuorossa keskustelu siit\u00e4, <strong>tarvitaanko Suomessa omaa l\u00e4\u00e4kekehityst\u00e4 ja l\u00e4\u00e4kevalmistusta<\/strong>, vai pit\u00e4\u00e4k\u00f6 EU tarpeistamme huolen. Suurin osa Suomen omista l\u00e4\u00e4kkeist\u00e4 onkin Turun seudulla kehitettyj\u00e4. Ilman pitk\u00e4aikaista l\u00e4\u00e4ketutkimusta uusia l\u00e4\u00e4kkeit\u00e4 ei saada. Eurooppa ei voi j\u00e4\u00e4d\u00e4 l\u00e4\u00e4kekehityksess\u00e4 Aasian ja USA:n varaan, mutta toisaalta t\u00e4\u00e4ll\u00e4 ei kannata valmistaa halpoja rinnakkaisl\u00e4\u00e4kkeit\u00e4. L\u00e4\u00e4kkeiden raaka-aineiden valmistus on vaarallisesti keskittynyt, sill\u00e4 esimerkiksi koko maailman penisilliinin tuotannossa tarvittavaa v\u00e4liainetta valmistetaan vain muutamassa tehtaassa Kiinassa. Kaikkein t\u00e4rkeimpien l\u00e4\u00e4kkeiden valmistusketjun vaiheita pit\u00e4isi tuoda meit\u00e4 l\u00e4hemm\u00e4ksi, ja EU:ssa tarvitaan ty\u00f6njakoa l\u00e4\u00e4keturvallisuuden takaamiseksi kriisiaikoina.<\/p>\n\n\n\n<figure class=\"wp-block-image size-full\"><img loading=\"lazy\" decoding=\"async\" width=\"2362\" height=\"1575\" src=\"https:\/\/blogs.uef.fi\/ueflibrary\/wp-content\/uploads\/sites\/18\/2022\/08\/ilmastofoorumi.jpg\" alt=\"Ilmastofoorumi Eurooppa-Foorumissa 2022.\" class=\"wp-image-16354\" srcset=\"https:\/\/blogs.uef.fi\/ueflibrary\/wp-content\/uploads\/sites\/18\/2022\/08\/ilmastofoorumi.jpg 2362w, https:\/\/blogs.uef.fi\/ueflibrary\/wp-content\/uploads\/sites\/18\/2022\/08\/ilmastofoorumi-151x101.jpg 151w, https:\/\/blogs.uef.fi\/ueflibrary\/wp-content\/uploads\/sites\/18\/2022\/08\/ilmastofoorumi-768x512.jpg 768w, https:\/\/blogs.uef.fi\/ueflibrary\/wp-content\/uploads\/sites\/18\/2022\/08\/ilmastofoorumi-1536x1024.jpg 1536w, https:\/\/blogs.uef.fi\/ueflibrary\/wp-content\/uploads\/sites\/18\/2022\/08\/ilmastofoorumi-2048x1366.jpg 2048w\" sizes=\"auto, (max-width: 2362px) 100vw, 2362px\" \/><\/figure>\n\n\n\n<p>Iltap\u00e4iv\u00e4ll\u00e4 siirryin seuraamaan <a href=\"https:\/\/event.prospectumlive.com\/europeforum\/room\/4451\">Kaupunginteatterin l\u00e4mpi\u00f6ss\u00e4<\/a> pidetty\u00e4 <strong>Turun ilmastofoorumia<\/strong> (kohdassa 3:17:05). Turku on kuunnostautunut ilmastoty\u00f6ss\u00e4 ja on saanut siit\u00e4 kansainv\u00e4list\u00e4 tunnustustakin. Se tavoittelee ilmastopositiivisuutta ensimm\u00e4isen\u00e4 suomalaisena kaupunkina. Yleens\u00e4kin kaupungit ovat olleet edell\u00e4k\u00e4vij\u00f6in\u00e4 ilmastonsuojelussa jopa niiss\u00e4kin maissa, joissa asian t\u00e4rkeytt\u00e4 ei muuten ole tiedostettu. T\u00e4m\u00e4 onkin hyv\u00e4, koska kaupungeissa ja niiden liepeill\u00e4 tuotetaan yli 70 % kasvihuonep\u00e4\u00e4st\u00f6ist\u00e4 ja arviolta 70 % maailman v\u00e4est\u00f6st\u00e4 tulee asumaan kaupungeissa vuoteen 2050 menness\u00e4. Turun seudulla vaikuttavat yritykset kertoivat esimerkkej\u00e4 ilmastoteoistaan. Paneelikeskustelussa kysyttiin, onko nyt ilmastoh\u00e4t\u00e4tila? Er\u00e4s keskustelija vastasi, ett\u00e4 jos <a href=\"https:\/\/www.bbc.com\/news\/uk-england-london-62162687\">Iso-Britanniassakin piti alkaa peitt\u00e4\u00e4 sillan rakenteita foliolla ett\u00e4 ne eiv\u00e4t murtuisi<\/a>, ei h\u00e4t\u00e4tilan olemassaolosta en\u00e4\u00e4 voi olla ep\u00e4ilyst\u00e4. Keskusteluissa annettiin my\u00f6s erimerkkej\u00e4 siit\u00e4 millaisia ilmastotekoja arjessa ja ty\u00f6paikoilla voi tehd\u00e4.<\/p>\n\n\n\n<p>Seuraavana vuorossa (kohdassa 5:17:30) oli esityksi\u00e4 <strong>It\u00e4merellisest\u00e4 yhteisty\u00f6st\u00e4 ja Euroopasta<\/strong>. EU:n It\u00e4meri-strategian kuvailu meni syv\u00e4lle sopimusten ja politiikka-alojen sy\u00f6vereihin, eik\u00e4 suoraan sanottuna antanut kovin paljoa n\u00e4iden suhteen maallikolle. Sit\u00e4kin antoisampi oli (kohdasta 6:18:14) p\u00e4iv\u00e4n viimeinen esitys <strong>eurooppalaisista yliopistoalliansseista ja EU:n yliopistostrategiasta<\/strong>. Varmastikin l\u00e4hes kaikki UEFin henkil\u00f6kunnan j\u00e4senet ja toivon mukaan suurin osa opiskelijoistakin tiet\u00e4\u00e4, ett\u00e4 yliopistomme kuuluu yhdeks\u00e4n muun yliopiston ohella yhteenliittym\u00e4\u00e4n <a href=\"https:\/\/yufe.eu\/\">YUFE eli Young Universities for the Future of Europe<\/a>. T\u00e4m\u00e4n verran min\u00e4kin kyll\u00e4 tiesin, mutta se onkin vain yksi 44 allianssista, joihin kuuluu jo yli 340 eurooppalaista oppilaitosta. Vuoteen 2024 menness\u00e4 alliansseja pit\u00e4isi olla jo 60 ja niiss\u00e4 yli 500 korkeakoulua. Kaiken takana on <a href=\"https:\/\/www.oph.fi\/fi\/ohjelmat\/eurooppalaiset-yliopistot\">Euroopan unionin Eurooppalaiset yliopistot -hanke<\/a>&nbsp; ja houkuttimena konsulteista paras ja tehokkain eli raha. Kukin yliopisto voi kuulua varsinaisena j\u00e4senen\u00e4 vain yhteen allianssiin ja siksi niit\u00e4 tarvitaan niin paljon. Allianssien pit\u00e4\u00e4 laatia ty\u00f6suunnitelma, jota EU rahoittaa. Tavoitteena on edist\u00e4\u00e4 eurooppalaisten yliopistojen uudistumista ja sit\u00e4 kautta lis\u00e4t\u00e4 kilpailukyky\u00e4mme.<\/p>\n\n\n\n<p><strong>Torstain 25.8. teemana oli \u201dEurooppa maailmassa\u201d<\/strong>. Aloitin <a href=\"https:\/\/event.prospectumlive.com\/europeforum\/room\/4500\">Kaupunginteatterin l\u00e4mpi\u00f6ss\u00e4<\/a>&nbsp; j\u00e4rjestetyll\u00e4 paneelikeskustelulla (kohdasta 1:02:18)<strong> Euroopasta muuttuvassa geopoliittisessa ymp\u00e4rist\u00f6ss\u00e4.<\/strong> Iso-Britannian suurl\u00e4hetyst\u00f6n j\u00e4rjest\u00e4m\u00e4n paneelikeskustelun yhten\u00e4 osallistujana oli oikea brittilordi, eli el\u00e4k\u00f6idytty\u00e4\u00e4n yl\u00e4huoneeseen korotettu <a href=\"https:\/\/en.wikipedia.org\/wiki\/Peter_Ricketts\">paroni Ricketts<\/a>. H\u00e4nt\u00e4 pidet\u00e4\u00e4n Iso-Britannian diplomaattipiireiss\u00e4 el\u00e4v\u00e4n\u00e4 legendana. Lordi Rickettsin mukaan olemme tietyss\u00e4 mieless\u00e4 menossa uuteen kylm\u00e4n sodan ajanjaksoon, joskin edelliseen verrattuna on my\u00f6s eroja. Nyt maailma on moninapainen, ja pitk\u00e4ss\u00e4 juoksussa Kiina voi olla Euroopalle Ven\u00e4j\u00e4\u00e4 suurempi uhka. Eurooppa on nyt taloudellisesti ja poliittisesti valmiimpi kuin edellisen kylm\u00e4n sodan aikana. Ik\u00e4v\u00e4 kyll\u00e4 Ven\u00e4j\u00e4 ei haasta meit\u00e4 taloudellisesti vaan sotilaallisesti. Vaikka Iso-Britannia Brexitin j\u00e4lkeen korostaa eroaan EU:hun n\u00e4hden, se pit\u00e4\u00e4 itse\u00e4\u00e4n edelleen eurooppalaisena valtiona. Euroopan ja USAn edut Kiinan suhteen voivat olla joskus erilaisia, mutta tiukan paikan tullen (esim. Kiinan hy\u00f6kk\u00e4ys Taiwaniin) meid\u00e4n olisi pakko asettua USAn puolelle. Iso-Britannian tuleva uusi p\u00e4\u00e4ministeri enn\u00e4tt\u00e4\u00e4 keskitty\u00e4 ulkopolitiikkaan (kuten Pohjois-Irlannin EU-rajakysymykseen) vasta joskus ensi vuoden puolella.<\/p>\n\n\n\n<figure class=\"wp-block-image size-full\"><img loading=\"lazy\" decoding=\"async\" width=\"2362\" height=\"1575\" src=\"https:\/\/blogs.uef.fi\/ueflibrary\/wp-content\/uploads\/sites\/18\/2022\/08\/tytti-tuppurainen.jpg\" alt=\"Ministeri Tytti Tuppurainen Eurooppa-foorumissa.\" class=\"wp-image-16351\" srcset=\"https:\/\/blogs.uef.fi\/ueflibrary\/wp-content\/uploads\/sites\/18\/2022\/08\/tytti-tuppurainen.jpg 2362w, https:\/\/blogs.uef.fi\/ueflibrary\/wp-content\/uploads\/sites\/18\/2022\/08\/tytti-tuppurainen-151x101.jpg 151w, https:\/\/blogs.uef.fi\/ueflibrary\/wp-content\/uploads\/sites\/18\/2022\/08\/tytti-tuppurainen-768x512.jpg 768w, https:\/\/blogs.uef.fi\/ueflibrary\/wp-content\/uploads\/sites\/18\/2022\/08\/tytti-tuppurainen-1536x1024.jpg 1536w, https:\/\/blogs.uef.fi\/ueflibrary\/wp-content\/uploads\/sites\/18\/2022\/08\/tytti-tuppurainen-2048x1366.jpg 2048w\" sizes=\"auto, (max-width: 2362px) 100vw, 2362px\" \/><\/figure>\n\n\n\n<p>Hypp\u00e4sin sitten v\u00e4lill\u00e4 <a href=\"https:\/\/event.prospectumlive.com\/europeforum\/room\/4499\">Radisson Blu Marina Palace -hotellin Meri-lavan<\/a> puolelle kuuntelemaan (kohdassa 2:14:11) Eurooppa- ja omistajaohjausministeri <strong>Tytti Tuppuraisen<\/strong> keynote-puhetta Suomen hallituksen EU-politiikasta pandemian ja Ukrainan sodan ajassa. EU ei hajonnut pandemiaan eik\u00e4 my\u00f6sk\u00e4\u00e4n Ven\u00e4j\u00e4n hy\u00f6kk\u00e4ykseen Ukrainaan, vaan p\u00e4invastoin yhdisti voimansa tiukan paikan tullen. Uusia ehdokkaita EU:n j\u00e4senmaiksi on tulossa jonoksi asti. Pyrkij\u00f6iden ja my\u00f6s nykyisten j\u00e4senmaiden on sitouduttava oikeusvaltioperiaatteeseen. Toisaalta vaihtoehtona ei ole my\u00f6sk\u00e4\u00e4n olemassa mink\u00e4\u00e4nlaista autorit\u00e4\u00e4risten valtioiden luotettavaa liittoa. Ukrainan on ehdottomasti voitettava sota, jossa se puolustaa my\u00f6s yhteisi\u00e4 eurooppalaisia arvoja. Suomen ja Ruotsin liittyminen Natoon selkiytt\u00e4\u00e4 Euroopan turvallisuuspoliittista tilannetta. Ven\u00e4j\u00e4 tahtomattaan nopeutti Euroopan vihre\u00e4\u00e4 siirtym\u00e4\u00e4 fossiilisista polttoaineista uusiutuviin, mutta uuden energiainfran rakentaminen tulee olemaan pitk\u00e4 ja kallis prosessi. Suomen etu on vahva ja yhten\u00e4inen EU, joka on my\u00f6s uskottava globaali toimija.<\/p>\n\n\n\n<p>T\u00e4m\u00e4n j\u00e4lkeen palasin <a href=\"https:\/\/event.prospectumlive.com\/europeforum\/room\/4500\">kaupunginteatterin l\u00e4mpi\u00f6n<\/a> videostriimiin ja Suomen Pankin perinteiseen <strong>Esko Antola -luentoon<\/strong> (kohdassa 2:27:40), jonka piti Suomen Pankin johtokunnan j\u00e4sen <strong>Tuomas V\u00e4lim\u00e4ki<\/strong> otsikkonaan \u201dTalous ja rahapolitiikka uuden edess\u00e4\u201d. Euroopan v\u00e4est\u00f6 ik\u00e4\u00e4ntyy ja vanhemmilla ihmisill\u00e4 on luonnostaan taipumusta s\u00e4\u00e4st\u00e4\u00e4. T\u00e4m\u00e4n vuoksi talouden luonnollinen korkotaso laskee ja se v\u00e4hent\u00e4\u00e4 keskuspankkien mahdollisuuksia inflaation s\u00e4\u00e4telemiseen 2 % tuntumaan. Kaikille yll\u00e4tyksen\u00e4 inflaatio on nyt hyp\u00e4nnyt yli 8 prosenttiin, mutta pitk\u00e4ll\u00e4 t\u00e4ht\u00e4imell\u00e4 sen odotetaan palaavan halutulle tasolle. Ainoa toivo tilanteen pysyv\u00e4mm\u00e4ksi korjaamiseksi on talouskasvu. Seuranneessa paneelikeskustelussa tuotiin esille, ett\u00e4 vakavan taantuman mahdollisuus ei ole t\u00e4ysin poissuljettu. 1030-luvun lamasta opittiin ainakin se, ett\u00e4 rahapolitiikkaa kannattaa kriiseiss\u00e4 mieluummin tehd\u00e4 liikaa kuin liian v\u00e4h\u00e4n. Kiinan tilalle huolestuttaa, sill\u00e4 se aikoo noudattaa tiukkaa koronasulkua jopa vuoteen 2025 asti ja vanhemman v\u00e4est\u00f6n massarokotuksista ei ole mit\u00e4\u00e4n merkkej\u00e4.<\/p>\n\n\n\n<p>Siirryin sitten taas <a href=\"https:\/\/event.prospectumlive.com\/europeforum\/room\/4499\">Radisson Blu Marina Palace -hotellin Meri-lavan<\/a> puolelle kuuntelemaan esityst\u00e4 <strong>EU:n vihre\u00e4st\u00e4 siirtym\u00e4st\u00e4<\/strong> (kohdassa 4:42:25). Keskustelussa k\u00e4vi ilmi, ett\u00e4 EU on talouden muutoksen suhteen kaukana edell\u00e4 kilpailijoistaan. Esimerkiksi energiatehokkuusdirektiivi on pakottanut ulkopuoliset suuret valmistajat tekem\u00e4\u00e4n kaikki tuotteensa meid\u00e4n vaatimuksiamme vastaaviksi, ja n\u00e4in koko maailman energiatehokkuus parantuu. EU on tarpeeksi suuri markkina-alue pysty\u00e4kseen toteuttamaan tehokasta s\u00e4\u00e4tely\u00e4: kun me m\u00e4\u00e4r\u00e4\u00e4mme, niin Kiinankin on pakko valmistaa kolme vuotta k\u00e4ytt\u00f6\u00e4 kest\u00e4vi\u00e4 k\u00e4nnyk\u00f6it\u00e4.<\/p>\n\n\n\n<p>Seuraavaksi hypp\u00e4sin <a href=\"https:\/\/event.prospectumlive.com\/europeforum\/room\/4501\">Radisson Blu Marina Palace -hotellin Virta-lavan<\/a> videosy\u00f6tteeseen seuraamaan tilaisuutta \u201d<strong>Energians\u00e4\u00e4st\u00f6 NYT<\/strong>\u201d (kohdassa 4:37:13). Tilaisuuden avasi et\u00e4yhteydell\u00e4 elinkeinoministeri <strong>Mika Lintil\u00e4<\/strong>. H\u00e4nen mukaansa vanhoihin energian hintoihin ei ole en\u00e4\u00e4 paluuta. Suomi ei ole suljettu talous ja Keski-Euroopan nousseet hinnat heijastuvat meillekin. Monissa EU-maissa maakaasua k\u00e4ytet\u00e4\u00e4n laajalti kotitalouksissa, ja sill\u00e4 tuotetaan my\u00f6s kalliisti s\u00e4hk\u00f6\u00e4. Lintil\u00e4 kutsuu pian kaikki yhteiskunnan sektorit mukaan py\u00f6re\u00e4n p\u00f6yd\u00e4n neuvotteluihin energian s\u00e4\u00e4st\u00e4miseksi niin, ett\u00e4 tulevasta talvesta selvit\u00e4\u00e4n.<\/p>\n\n\n\n<p>Johtaja<strong> Heikki V\u00e4is\u00e4nen<\/strong> Energiavirastosta varoitti, ett\u00e4 monet halkokauppiaat tarjoavat jo \u201dei oota\u201d tai toimitusta vasta ensi vuoden maaliskuulle. L\u00e4mmitys\u00f6ljyn hinta on noussut 80 prosentilla viimevuotisesta. Mahdolliset ajoitetut s\u00e4hk\u00f6katkokset tulisivat iskem\u00e4\u00e4n erityisen kovasti niihin, jotka pystyv\u00e4t asumaan kotonaan vain s\u00e4hk\u00f6isten l\u00e4\u00e4kinn\u00e4llisten apuv\u00e4lineiden turvin. Kaikki mahdolliset toimenpiteet on siis teht\u00e4v\u00e4 s\u00e4hk\u00f6pulan v\u00e4ltt\u00e4miseksi. Meill\u00e4 tilanne on poikkeuksellinen, mutta monissa muissa Euroopan maissa se on karmea.<\/p>\n\n\n\n<p>Tilaisuudessa annettiin my\u00f6s maistiaisia 10.10. lanseerattavasta energians\u00e4\u00e4st\u00f6kampanjasta, jonka sanomana on \u201d<a href=\"https:\/\/www.astettaalemmas.fi\/\">Astetta alemmas<\/a>\u201d. Lyhyell\u00e4 aikav\u00e4lill\u00e4 pyrit\u00e4\u00e4n siihen ett\u00e4 75 % suomalaisista alkaisi s\u00e4\u00e4st\u00e4\u00e4 energiaa, mutta lopullisena tavoitteena on pysyv\u00e4sti alempi energiankulutus ja s\u00e4hk\u00f6n tehohuippujen madaltaminen. Kampanja alkaa siis lokakuussa Energians\u00e4\u00e4st\u00f6viikolla, mutta s\u00e4\u00e4st\u00e4misen saa aloittaa jo t\u00e4n\u00e4\u00e4n!<\/p>\n\n\n\n<p>Lopuksi palasin viel\u00e4 <a href=\"https:\/\/event.prospectumlive.com\/europeforum\/room\/4500\">kaupunginteatterin l\u00e4mpi\u00f6n<\/a> videostriimiin ja esitykseen <strong>Ukrainan sodan vaikutuksista EU:n globaaliin rooliin<\/strong> (kohdassa 6:19:00) T\u00e4ll\u00e4 hetkell\u00e4 vain tietyill\u00e4 kansainv\u00e4lisill\u00e4 toimijoilla (kuten Kanainv\u00e4linen Punainen Risti ja IAEA) on jonkinlainen keskusteluyhteys sodan molempiin osapuoliin. Kun YK \u00e4\u00e4nesti Ven\u00e4j\u00e4n hy\u00f6kk\u00e4yssodan tuomitsemista, niin huomio kiinnittyi siihen kuinka suuri osa Afrikan maista pid\u00e4tt\u00e4ytyi \u00e4\u00e4nestyksest\u00e4. N\u00e4ille kriisi saattaa n\u00e4ytt\u00e4yty\u00e4 kovin kaukaisena omien ongelmien rinnalla ja my\u00f6s kulttuuriset siteet entiseen Neuvostoliittoon vaikuttavat. YK:n ongelmana on turvallisuusneuvosto, monesti se toimii kriiseiss\u00e4 parhaiten kentt\u00e4tasolla. Yhten\u00e4 tavoitteena voisi olla edes pysyv\u00e4 (esim. YK:n valvoma) tulitauko kuten Golanilla, vaikka ei saataisi edes rauhansopimustakaan.<\/p>\n\n\n\n<figure class=\"wp-block-image size-full\"><img loading=\"lazy\" decoding=\"async\" width=\"2362\" height=\"1575\" src=\"https:\/\/blogs.uef.fi\/ueflibrary\/wp-content\/uploads\/sites\/18\/2022\/08\/jutta-urpilainen-ja-anders-blom.jpg\" alt=\"Jutta Urpilainen ja Anders Blom Eurooppa-foorumissa 2022.\" class=\"wp-image-16357\" srcset=\"https:\/\/blogs.uef.fi\/ueflibrary\/wp-content\/uploads\/sites\/18\/2022\/08\/jutta-urpilainen-ja-anders-blom.jpg 2362w, https:\/\/blogs.uef.fi\/ueflibrary\/wp-content\/uploads\/sites\/18\/2022\/08\/jutta-urpilainen-ja-anders-blom-151x101.jpg 151w, https:\/\/blogs.uef.fi\/ueflibrary\/wp-content\/uploads\/sites\/18\/2022\/08\/jutta-urpilainen-ja-anders-blom-768x512.jpg 768w, https:\/\/blogs.uef.fi\/ueflibrary\/wp-content\/uploads\/sites\/18\/2022\/08\/jutta-urpilainen-ja-anders-blom-1536x1024.jpg 1536w, https:\/\/blogs.uef.fi\/ueflibrary\/wp-content\/uploads\/sites\/18\/2022\/08\/jutta-urpilainen-ja-anders-blom-2048x1366.jpg 2048w\" sizes=\"auto, (max-width: 2362px) 100vw, 2362px\" \/><\/figure>\n\n\n\n<p><strong>Perjantai 26.8. oli Euroopa-foorumissa nimetty \u201dSuomi Euroopassa\u201d -p\u00e4iv\u00e4ksi.<\/strong> <a href=\"https:\/\/event.prospectumlive.com\/europeforum\/room\/4505\">Radisson Blu Marina Palace -hotellin Meri-lavalla<\/a> p\u00e4iv\u00e4n aloitti (kohdassa 20:17) komissaari <strong>Jutta Urpilainen<\/strong> keynote-puheenvuorollaan. H\u00e4n totesi ett\u00e4 EU on monesti kokenut muutoksia murrosaikoina. Ennen pandemiaa terveyspolitiikka ei ollut uuden komission keski\u00f6ss\u00e4. Kuitenkin tilanteen muututtua onnistuttiin EU:nkin avulla kehitt\u00e4m\u00e4\u00e4n rokote 10 kuukaudessa tavanomaisten 10 vuoden sijaan. Lis\u00e4ksi organisoitiin yhteishankinnat, jotka turvasivat kaikille j\u00e4senmaille asukaslukuihin suhteutetut rokotem\u00e4\u00e4r\u00e4t. Vihre\u00e4 siirtym\u00e4 on edelleen komission k\u00e4rkihanke, ja pyrkimys eroon Ven\u00e4j\u00e4n fossiilisesta energiasta on entisest\u00e4\u00e4n korostanut sen t\u00e4rkeytt\u00e4. EU on sopinut seitsem\u00e4st\u00e4 painavasta pakotekokonaisuudesta Ven\u00e4j\u00e4\u00e4 vastaan ja vahvistaa my\u00f6s omaa puolustus- ja turvallisuusyhteisty\u00f6t\u00e4\u00e4n. Suomen ja EU:n etu on kaksinapaisen maailman sijaan moninapainen maailma. EU haluaa vahvistaa kansainv\u00e4lisi\u00e4 kumppanuuksia eik\u00e4 jakaa maailmaa blokkeihin.<\/p>\n\n\n\n<figure class=\"wp-block-image size-full\"><img loading=\"lazy\" decoding=\"async\" width=\"2362\" height=\"1575\" src=\"https:\/\/blogs.uef.fi\/ueflibrary\/wp-content\/uploads\/sites\/18\/2022\/08\/suomesta-reilun-datatalouden-veturi-euroopassa.-jyrki-katainen.jpg\" alt=\"Jyrki Katainen Eurooppa-foorumissa 2022.\" class=\"wp-image-16363\" srcset=\"https:\/\/blogs.uef.fi\/ueflibrary\/wp-content\/uploads\/sites\/18\/2022\/08\/suomesta-reilun-datatalouden-veturi-euroopassa.-jyrki-katainen.jpg 2362w, https:\/\/blogs.uef.fi\/ueflibrary\/wp-content\/uploads\/sites\/18\/2022\/08\/suomesta-reilun-datatalouden-veturi-euroopassa.-jyrki-katainen-151x101.jpg 151w, https:\/\/blogs.uef.fi\/ueflibrary\/wp-content\/uploads\/sites\/18\/2022\/08\/suomesta-reilun-datatalouden-veturi-euroopassa.-jyrki-katainen-768x512.jpg 768w, https:\/\/blogs.uef.fi\/ueflibrary\/wp-content\/uploads\/sites\/18\/2022\/08\/suomesta-reilun-datatalouden-veturi-euroopassa.-jyrki-katainen-1536x1024.jpg 1536w, https:\/\/blogs.uef.fi\/ueflibrary\/wp-content\/uploads\/sites\/18\/2022\/08\/suomesta-reilun-datatalouden-veturi-euroopassa.-jyrki-katainen-2048x1366.jpg 2048w\" sizes=\"auto, (max-width: 2362px) 100vw, 2362px\" \/><\/figure>\n\n\n\n<p>Samassa salissa jatkettiin (kohdassa 52:41) <strong>reilusta datataloudesta Euroopassa<\/strong>. Sitran yliasiamies (ja entinen komissaari) <strong>Jyrki Katainen<\/strong> totesi, ett\u00e4 seuraavan kahden vuoden aikana jo olemassa olevan datan m\u00e4\u00e4r\u00e4 yli 40-kertaistuu. Jo saatavissa olevalla terveysdatalla voitaisiin esim. ennakoida tulevia terveysongelmia. T\u00e4ll\u00e4 hetkell\u00e4 pelataan edell\u00e4k\u00e4vij\u00e4yritysten itse luomilla s\u00e4\u00e4nn\u00f6ill\u00e4, jotka eiv\u00e4t ole reiluja. Jos EU onnistuu datatalouden s\u00e4\u00e4telyss\u00e4, siit\u00e4 voi hyvin tulla maailmanlaajuinen standardi. Europarlamentaarikko <strong>Miapetra Kumpula-Natri<\/strong> ehdotti matkapuhelinten roamingin kaltaista terveysdata-avaruutta, jossa espanjalainen l\u00e4\u00e4k\u00e4ri n\u00e4kisi tarvittaessa suomalaisen potilaan terveys- ja reseptitiedot omalla \u00e4idinkielell\u00e4\u00e4n.<\/p>\n\n\n\n<p>Samalla areenalla (kohdassa 1:50:07) keskusteltiin seuraavaksi <strong>EU:n puolustuksen ty\u00f6kalupakista<\/strong>. Komissio on jo pitk\u00e4\u00e4n tehnyt puolustuspoliittisia ehdotuksia, mutta t\u00e4h\u00e4n asti ne ovat edenneet nihke\u00e4sti j\u00e4senmaissa. Nyt n\u00e4kemykset uhista ovat l\u00e4hentyneet toisiaan, mutta yksimielisyysperiaate hidastaa p\u00e4\u00e4t\u00f6ksentekoa. Sit\u00e4 kierret\u00e4\u00e4n perustamalla hankkeita, joihin jokainen halukas j\u00e4senmaa voi tulla mukaan. Nyt n\u00e4it\u00e4 hankkeita on noin 60, ja niiden pohjalta kehittynee v\u00e4hitellen virallisempaa yhteisty\u00f6t\u00e4. Siirtymist\u00e4 puolustusasioissa enemmist\u00f6p\u00e4\u00e4t\u00f6sten suuntaan pit\u00e4isi harkita.<\/p>\n\n\n\n<p>Seuraavaksi (kohdassa 2:51:28) alkoi ennalta paljon odotettu <strong>EU-poliittinen p\u00e4\u00e4ministeritentti<\/strong>, jossa <strong>nelj\u00e4n suurimman puolueen puheenjohtajat<\/strong> ottivat yhteen. T\u00e4m\u00e4 n\u00e4ytettiin suorana monissa Suomen (verkko)tiedotusv\u00e4lineiss\u00e4. Omalta kannaltani katsottuna se muistutti l\u00e4hinn\u00e4 ensi huhtikuun eduskuntavaalien tv-puheenjohtajav\u00e4ittely\u00e4 etuajassa, joten siit\u00e4 ei sen enemp\u00e4\u00e4.<\/p>\n\n\n\n<p>T\u00e4m\u00e4n j\u00e4lkeen hypp\u00e4sin<a href=\"https:\/\/event.prospectumlive.com\/europeforum\/room\/4506\"> kaupunginteatterin l\u00e4mpi\u00f6n<\/a> videosy\u00f6tteeseen (kohdassa 3:19:00), jossa keskustelitiin siit\u00e4 <strong>mit\u00e4 tulee Suomen perinteisen Ven\u00e4j\u00e4-politiikan tilalle<\/strong>. Euroopan perinteiset turvallisuusrakenteet ovat luhistuneet ja Ven\u00e4j\u00e4n tulevaisuutta on vaikea ennustaa. Putin l\u00e4ksi sotaan kuuntelematta omia talousasiantuntijoitaan. Jos Ven\u00e4j\u00e4n valtaj\u00e4rjestelm\u00e4 alkaa luhistua, seurauksena voi olla sis\u00e4ist\u00e4 verenvuodatusta. Edess\u00e4 ovat vaikeat ja ep\u00e4varmat ajat, mutta onneksi Suomi on tehnyt suuria turvallisuuspoliittisia ratkaisuja.<\/p>\n\n\n\n<p>Sitten viel\u00e4 lopuksi takaisin <a href=\"https:\/\/event.prospectumlive.com\/europeforum\/room\/4505\">Radisson Blu Marina Palace -hotellin Meri-lavalle<\/a> jossa (kohdassa 5:50:00) keskusteltiin <strong>Suomen ulko-, turvallisuus- ja puolustuspolitiikan perusteiden murroksesta<\/strong>. Suomi ei esitt\u00e4nyt varaumia etuk\u00e4teen Nato-j\u00e4senyyden suhteen (kuten esimerkiksi Norja aikoinaan) ja t\u00e4m\u00e4 lienee viisasta. Nato on parhaillaan muuttumassa ja t\u00e4h\u00e4n Suomikin voi j\u00e4senen\u00e4 vaikuttaa. Ukrainan kriisin vakauttamisessa pit\u00e4\u00e4 varautua k\u00e4ytt\u00e4m\u00e4\u00e4n sek\u00e4 pehme\u00e4\u00e4 ett\u00e4 kovaa voimaa: diplomatiaa ja sotilaallista varustautumista. <strong>Eurooppa-foorumin p\u00e4\u00e4t\u00f6ssanoissa<\/strong> (kohdassa 7:34:25) kerrottiin ett\u00e4 ensi vuonna Eurooppa-foorumi j\u00e4rjestet\u00e4\u00e4n <strong>30.8.-1.9.2023<\/strong> ja silloin aiheena tulevat olemaan <strong>transatlanttiset suhteet<\/strong>. Kaikki joukolla sit\u00e4 seuraamaan, joko Turussa tai netiss\u00e4!<\/p>\n\n\n\n<figure class=\"wp-block-image\"><img loading=\"lazy\" decoding=\"async\" width=\"2362\" height=\"1575\" src=\"https:\/\/blogs.uef.fi\/ueflibrary\/wp-content\/uploads\/sites\/18\/2022\/08\/yleisoa-eurooppa-foorumissa-2022.jpg\" alt=\"Yleiskuvaa Eurooppa-foorumista 2022. Ihmisi\u00e4, yleis\u00f6, kiinnostus.\" class=\"wp-image-16366\" srcset=\"https:\/\/blogs.uef.fi\/ueflibrary\/wp-content\/uploads\/sites\/18\/2022\/08\/yleisoa-eurooppa-foorumissa-2022.jpg 2362w, https:\/\/blogs.uef.fi\/ueflibrary\/wp-content\/uploads\/sites\/18\/2022\/08\/yleisoa-eurooppa-foorumissa-2022-151x101.jpg 151w, https:\/\/blogs.uef.fi\/ueflibrary\/wp-content\/uploads\/sites\/18\/2022\/08\/yleisoa-eurooppa-foorumissa-2022-768x512.jpg 768w, https:\/\/blogs.uef.fi\/ueflibrary\/wp-content\/uploads\/sites\/18\/2022\/08\/yleisoa-eurooppa-foorumissa-2022-1536x1024.jpg 1536w, https:\/\/blogs.uef.fi\/ueflibrary\/wp-content\/uploads\/sites\/18\/2022\/08\/yleisoa-eurooppa-foorumissa-2022-2048x1366.jpg 2048w\" sizes=\"auto, (max-width: 2362px) 100vw, 2362px\" \/><\/figure>\n\n\n\n<p><bdo lang=\"en\" dir=\"ltr\"><a href=\"https:\/\/europeforum.fi\/en\/europe-forum\/\">Europe Forum<\/a> at the former Finnish capital Turku is an annual discussion forum about Finland and her role in European politics. All the talks can be found later at YouTube and before that from<a href=\"https:\/\/event.prospectumlive.com\/europeforum\/lobby\"> live streams<\/a> . Most of them were held in Finnish, but for the first time the talks were also interpreted to English when necessary.<\/bdo><\/p>\n\n\n\n<p>Tapani Toivanen, tietoasiantuntija | <bdo lang=\"en\" dir=\"ltr\">information specialist<\/bdo><br \/>Opetus- ja tietopalvelut | <bdo lang=\"en\" dir=\"ltr\">Training and information services<\/bdo><\/p>\n","protected":false},"excerpt":{"rendered":"<p>(Please, scroll down to read a brief summary in English.) Eurooppa-foorumi j\u00e4rjestettiin Turussa 24.-26.8. nyt jo viidett\u00e4 kertaa, ja se on vakiinnuttanut asemansa Suomen poliittisen keskustelun syksyn avaajana. Esiintyjien joukossa ovat s\u00e4\u00e4nn\u00f6llisesti johtavat poliitikot ja virkamiehet sek\u00e4 televisioistakin tutut asiantuntijat. Koronapandemiasta tuli ainakin se hy\u00f6ty, ett\u00e4 yh\u00e4 useammat tapahtumat ja konferenssit ovat kokonaan seurattavissa verkon [&hellip;]<\/p>\n","protected":false},"author":72,"featured_media":0,"comment_status":"open","ping_status":"open","sticky":false,"template":"","format":"standard","meta":{"_acf_changed":false,"footnotes":""},"categories":[410,7,6,465],"tags":[639,82,969,1313,967,165,1486,1310],"class_list":["post-16342","post","type-post","status-publish","format-standard","hentry","category-ajankohtaista","category-matkakertomukset","category-luonnontieteet-ja-metsatieteet","category-oikeustieteet","tag-conferences","tag-euroopan-unioni","tag-eurooppa-foorumi","tag-europe-forum","tag-european-union","tag-konferenssit","tag-politics","tag-politiikka"],"acf":[],"yoast_head":"<!-- This site is optimized with the Yoast SEO plugin v27.3 - https:\/\/yoast.com\/product\/yoast-seo-wordpress\/ -->\n<title>Eurooppa-foorumi 2022 | Europe Forum 2022 | UEF Library<\/title>\n<meta name=\"robots\" content=\"index, follow, max-snippet:-1, max-image-preview:large, max-video-preview:-1\" \/>\n<link rel=\"canonical\" href=\"https:\/\/blogs.uef.fi\/ueflibrary\/eurooppa-foorumi-2022-europe-forum-2022\/\" \/>\n<meta property=\"og:locale\" content=\"fi_FI\" \/>\n<meta property=\"og:type\" content=\"article\" \/>\n<meta property=\"og:title\" content=\"Eurooppa-foorumi 2022 | Europe Forum 2022 | UEF Library\" \/>\n<meta property=\"og:description\" content=\"(Please, scroll down to read a brief summary in English.) Eurooppa-foorumi j\u00e4rjestettiin Turussa 24.-26.8. nyt jo viidett\u00e4 kertaa, ja se on vakiinnuttanut asemansa Suomen poliittisen keskustelun syksyn avaajana. Esiintyjien joukossa ovat s\u00e4\u00e4nn\u00f6llisesti johtavat poliitikot ja virkamiehet sek\u00e4 televisioistakin tutut asiantuntijat. Koronapandemiasta tuli ainakin se hy\u00f6ty, ett\u00e4 yh\u00e4 useammat tapahtumat ja konferenssit ovat kokonaan seurattavissa verkon [&hellip;]\" \/>\n<meta property=\"og:url\" content=\"https:\/\/blogs.uef.fi\/ueflibrary\/eurooppa-foorumi-2022-europe-forum-2022\/\" \/>\n<meta property=\"og:site_name\" content=\"UEF Library\" \/>\n<meta property=\"article:publisher\" content=\"https:\/\/www.facebook.com\/ueflibrary\" \/>\n<meta property=\"article:published_time\" content=\"2022-09-02T05:00:17+00:00\" \/>\n<meta property=\"article:modified_time\" content=\"2025-11-08T10:51:15+00:00\" \/>\n<meta property=\"og:image\" content=\"https:\/\/blogs.uef.fi\/ueflibrary\/wp-content\/uploads\/sites\/18\/2022\/08\/yleiskuvaa-eurooppa-foorumi-turku-2022.jpg\" \/>\n\t<meta property=\"og:image:width\" content=\"2362\" \/>\n\t<meta property=\"og:image:height\" content=\"1575\" \/>\n\t<meta property=\"og:image:type\" content=\"image\/jpeg\" \/>\n<meta name=\"author\" content=\"ueflibrary\" \/>\n<meta name=\"twitter:card\" content=\"summary_large_image\" \/>\n<meta name=\"twitter:creator\" content=\"@ueflibrary\" \/>\n<meta name=\"twitter:site\" content=\"@ueflibrary\" \/>\n<meta name=\"twitter:label1\" content=\"Kirjoittanut\" \/>\n\t<meta name=\"twitter:data1\" content=\"ueflibrary\" \/>\n\t<meta name=\"twitter:label2\" content=\"Arvioitu lukuaika\" \/>\n\t<meta name=\"twitter:data2\" content=\"14 minuuttia\" \/>\n<script type=\"application\/ld+json\" class=\"yoast-schema-graph\">{\"@context\":\"https:\\\/\\\/schema.org\",\"@graph\":[{\"@type\":\"Article\",\"@id\":\"https:\\\/\\\/blogs.uef.fi\\\/ueflibrary\\\/eurooppa-foorumi-2022-europe-forum-2022\\\/#article\",\"isPartOf\":{\"@id\":\"https:\\\/\\\/blogs.uef.fi\\\/ueflibrary\\\/eurooppa-foorumi-2022-europe-forum-2022\\\/\"},\"author\":{\"name\":\"ueflibrary\",\"@id\":\"https:\\\/\\\/blogs.uef.fi\\\/ueflibrary\\\/#\\\/schema\\\/person\\\/a8e211011f90578da5fdd0c5aacfeee3\"},\"headline\":\"Eurooppa-foorumi 2022 | Europe Forum 2022\",\"datePublished\":\"2022-09-02T05:00:17+00:00\",\"dateModified\":\"2025-11-08T10:51:15+00:00\",\"mainEntityOfPage\":{\"@id\":\"https:\\\/\\\/blogs.uef.fi\\\/ueflibrary\\\/eurooppa-foorumi-2022-europe-forum-2022\\\/\"},\"wordCount\":2324,\"commentCount\":0,\"publisher\":{\"@id\":\"https:\\\/\\\/blogs.uef.fi\\\/ueflibrary\\\/#organization\"},\"image\":{\"@id\":\"https:\\\/\\\/blogs.uef.fi\\\/ueflibrary\\\/eurooppa-foorumi-2022-europe-forum-2022\\\/#primaryimage\"},\"thumbnailUrl\":\"https:\\\/\\\/blogs.uef.fi\\\/ueflibrary\\\/wp-content\\\/uploads\\\/sites\\\/18\\\/2022\\\/08\\\/yleiskuvaa-eurooppa-foorumi-turku-2022.jpg\",\"keywords\":[\"conferences\",\"Euroopan unioni\",\"Eurooppa-foorumi\",\"Europe Forum\",\"European Union\",\"konferenssit\",\"politics\",\"politiikka\"],\"articleSection\":[\"Ajankohtaista | News\",\"Konferenssi- ja seminaariraportit | Conference and seminar reports\",\"Luonnontieteet ja mets\u00e4tieteet | Natural sciences and forestry\",\"Oikeustieteet | Law and legal sciences\"],\"inLanguage\":\"fi\",\"potentialAction\":[{\"@type\":\"CommentAction\",\"name\":\"Comment\",\"target\":[\"https:\\\/\\\/blogs.uef.fi\\\/ueflibrary\\\/eurooppa-foorumi-2022-europe-forum-2022\\\/#respond\"]}]},{\"@type\":\"WebPage\",\"@id\":\"https:\\\/\\\/blogs.uef.fi\\\/ueflibrary\\\/eurooppa-foorumi-2022-europe-forum-2022\\\/\",\"url\":\"https:\\\/\\\/blogs.uef.fi\\\/ueflibrary\\\/eurooppa-foorumi-2022-europe-forum-2022\\\/\",\"name\":\"Eurooppa-foorumi 2022 | Europe Forum 2022 | UEF Library\",\"isPartOf\":{\"@id\":\"https:\\\/\\\/blogs.uef.fi\\\/ueflibrary\\\/#website\"},\"primaryImageOfPage\":{\"@id\":\"https:\\\/\\\/blogs.uef.fi\\\/ueflibrary\\\/eurooppa-foorumi-2022-europe-forum-2022\\\/#primaryimage\"},\"image\":{\"@id\":\"https:\\\/\\\/blogs.uef.fi\\\/ueflibrary\\\/eurooppa-foorumi-2022-europe-forum-2022\\\/#primaryimage\"},\"thumbnailUrl\":\"https:\\\/\\\/blogs.uef.fi\\\/ueflibrary\\\/wp-content\\\/uploads\\\/sites\\\/18\\\/2022\\\/08\\\/yleiskuvaa-eurooppa-foorumi-turku-2022.jpg\",\"datePublished\":\"2022-09-02T05:00:17+00:00\",\"dateModified\":\"2025-11-08T10:51:15+00:00\",\"inLanguage\":\"fi\",\"potentialAction\":[{\"@type\":\"ReadAction\",\"target\":[\"https:\\\/\\\/blogs.uef.fi\\\/ueflibrary\\\/eurooppa-foorumi-2022-europe-forum-2022\\\/\"]}]},{\"@type\":\"ImageObject\",\"inLanguage\":\"fi\",\"@id\":\"https:\\\/\\\/blogs.uef.fi\\\/ueflibrary\\\/eurooppa-foorumi-2022-europe-forum-2022\\\/#primaryimage\",\"url\":\"https:\\\/\\\/blogs.uef.fi\\\/ueflibrary\\\/wp-content\\\/uploads\\\/sites\\\/18\\\/2022\\\/08\\\/yleiskuvaa-eurooppa-foorumi-turku-2022.jpg\",\"contentUrl\":\"https:\\\/\\\/blogs.uef.fi\\\/ueflibrary\\\/wp-content\\\/uploads\\\/sites\\\/18\\\/2022\\\/08\\\/yleiskuvaa-eurooppa-foorumi-turku-2022.jpg\",\"width\":2362,\"height\":1575,\"caption\":\"Yleiskuvaa Eurooppa-foorumista vuonna 2022.\"},{\"@type\":\"WebSite\",\"@id\":\"https:\\\/\\\/blogs.uef.fi\\\/ueflibrary\\\/#website\",\"url\":\"https:\\\/\\\/blogs.uef.fi\\\/ueflibrary\\\/\",\"name\":\"UEF Library\",\"description\":\"Open science for open minds\",\"publisher\":{\"@id\":\"https:\\\/\\\/blogs.uef.fi\\\/ueflibrary\\\/#organization\"},\"potentialAction\":[{\"@type\":\"SearchAction\",\"target\":{\"@type\":\"EntryPoint\",\"urlTemplate\":\"https:\\\/\\\/blogs.uef.fi\\\/ueflibrary\\\/?s={search_term_string}\"},\"query-input\":{\"@type\":\"PropertyValueSpecification\",\"valueRequired\":true,\"valueName\":\"search_term_string\"}}],\"inLanguage\":\"fi\"},{\"@type\":\"Organization\",\"@id\":\"https:\\\/\\\/blogs.uef.fi\\\/ueflibrary\\\/#organization\",\"name\":\"UEF Library\",\"url\":\"https:\\\/\\\/blogs.uef.fi\\\/ueflibrary\\\/\",\"logo\":{\"@type\":\"ImageObject\",\"inLanguage\":\"fi\",\"@id\":\"https:\\\/\\\/blogs.uef.fi\\\/ueflibrary\\\/#\\\/schema\\\/logo\\\/image\\\/\",\"url\":\"https:\\\/\\\/blogs.uef.fi\\\/ueflibrary\\\/wp-content\\\/uploads\\\/sites\\\/18\\\/2018\\\/04\\\/Logo-kirjasto.png\",\"contentUrl\":\"https:\\\/\\\/blogs.uef.fi\\\/ueflibrary\\\/wp-content\\\/uploads\\\/sites\\\/18\\\/2018\\\/04\\\/Logo-kirjasto.png\",\"width\":300,\"height\":300,\"caption\":\"UEF Library\"},\"image\":{\"@id\":\"https:\\\/\\\/blogs.uef.fi\\\/ueflibrary\\\/#\\\/schema\\\/logo\\\/image\\\/\"},\"sameAs\":[\"https:\\\/\\\/www.facebook.com\\\/ueflibrary\",\"https:\\\/\\\/x.com\\\/ueflibrary\",\"https:\\\/\\\/www.instagram.com\\\/ueflibrary\\\/\",\"https:\\\/\\\/www.youtube.com\\\/user\\\/UEFLibrary\"]},{\"@type\":\"Person\",\"@id\":\"https:\\\/\\\/blogs.uef.fi\\\/ueflibrary\\\/#\\\/schema\\\/person\\\/a8e211011f90578da5fdd0c5aacfeee3\",\"name\":\"ueflibrary\",\"image\":{\"@type\":\"ImageObject\",\"inLanguage\":\"fi\",\"@id\":\"https:\\\/\\\/secure.gravatar.com\\\/avatar\\\/1c4267db9d0c1de64a30db93f9480cb1dc4a079fcec0109e406050c596cb2ca7?s=96&d=blank&r=g\",\"url\":\"https:\\\/\\\/secure.gravatar.com\\\/avatar\\\/1c4267db9d0c1de64a30db93f9480cb1dc4a079fcec0109e406050c596cb2ca7?s=96&d=blank&r=g\",\"contentUrl\":\"https:\\\/\\\/secure.gravatar.com\\\/avatar\\\/1c4267db9d0c1de64a30db93f9480cb1dc4a079fcec0109e406050c596cb2ca7?s=96&d=blank&r=g\",\"caption\":\"ueflibrary\"},\"description\":\"The UEF Library is a public academic library offering state-of-the-art library and information services especially for the university's staff members and students. However, the library is also open to everyone else who is seeking information. The UEF Library campus libraries are in Joensuu, Kuopio and Savonlinna, and in the Kuopio there is also the KUH Medical Library. The electronic collections can be accessed also off-campus by UEF staff and students.\",\"sameAs\":[\"http:\\\/\\\/www.uef.fi\\\/en\\\/web\\\/kirjasto\"],\"url\":\"https:\\\/\\\/blogs.uef.fi\\\/ueflibrary\\\/author\\\/ueflibrary\\\/\"}]}<\/script>\n<!-- \/ Yoast SEO plugin. -->","yoast_head_json":{"title":"Eurooppa-foorumi 2022 | Europe Forum 2022 | UEF Library","robots":{"index":"index","follow":"follow","max-snippet":"max-snippet:-1","max-image-preview":"max-image-preview:large","max-video-preview":"max-video-preview:-1"},"canonical":"https:\/\/blogs.uef.fi\/ueflibrary\/eurooppa-foorumi-2022-europe-forum-2022\/","og_locale":"fi_FI","og_type":"article","og_title":"Eurooppa-foorumi 2022 | Europe Forum 2022 | UEF Library","og_description":"(Please, scroll down to read a brief summary in English.) Eurooppa-foorumi j\u00e4rjestettiin Turussa 24.-26.8. nyt jo viidett\u00e4 kertaa, ja se on vakiinnuttanut asemansa Suomen poliittisen keskustelun syksyn avaajana. Esiintyjien joukossa ovat s\u00e4\u00e4nn\u00f6llisesti johtavat poliitikot ja virkamiehet sek\u00e4 televisioistakin tutut asiantuntijat. Koronapandemiasta tuli ainakin se hy\u00f6ty, ett\u00e4 yh\u00e4 useammat tapahtumat ja konferenssit ovat kokonaan seurattavissa verkon [&hellip;]","og_url":"https:\/\/blogs.uef.fi\/ueflibrary\/eurooppa-foorumi-2022-europe-forum-2022\/","og_site_name":"UEF Library","article_publisher":"https:\/\/www.facebook.com\/ueflibrary","article_published_time":"2022-09-02T05:00:17+00:00","article_modified_time":"2025-11-08T10:51:15+00:00","og_image":[{"width":2362,"height":1575,"url":"https:\/\/blogs.uef.fi\/ueflibrary\/wp-content\/uploads\/sites\/18\/2022\/08\/yleiskuvaa-eurooppa-foorumi-turku-2022.jpg","type":"image\/jpeg"}],"author":"ueflibrary","twitter_card":"summary_large_image","twitter_creator":"@ueflibrary","twitter_site":"@ueflibrary","twitter_misc":{"Kirjoittanut":"ueflibrary","Arvioitu lukuaika":"14 minuuttia"},"schema":{"@context":"https:\/\/schema.org","@graph":[{"@type":"Article","@id":"https:\/\/blogs.uef.fi\/ueflibrary\/eurooppa-foorumi-2022-europe-forum-2022\/#article","isPartOf":{"@id":"https:\/\/blogs.uef.fi\/ueflibrary\/eurooppa-foorumi-2022-europe-forum-2022\/"},"author":{"name":"ueflibrary","@id":"https:\/\/blogs.uef.fi\/ueflibrary\/#\/schema\/person\/a8e211011f90578da5fdd0c5aacfeee3"},"headline":"Eurooppa-foorumi 2022 | Europe Forum 2022","datePublished":"2022-09-02T05:00:17+00:00","dateModified":"2025-11-08T10:51:15+00:00","mainEntityOfPage":{"@id":"https:\/\/blogs.uef.fi\/ueflibrary\/eurooppa-foorumi-2022-europe-forum-2022\/"},"wordCount":2324,"commentCount":0,"publisher":{"@id":"https:\/\/blogs.uef.fi\/ueflibrary\/#organization"},"image":{"@id":"https:\/\/blogs.uef.fi\/ueflibrary\/eurooppa-foorumi-2022-europe-forum-2022\/#primaryimage"},"thumbnailUrl":"https:\/\/blogs.uef.fi\/ueflibrary\/wp-content\/uploads\/sites\/18\/2022\/08\/yleiskuvaa-eurooppa-foorumi-turku-2022.jpg","keywords":["conferences","Euroopan unioni","Eurooppa-foorumi","Europe Forum","European Union","konferenssit","politics","politiikka"],"articleSection":["Ajankohtaista | News","Konferenssi- ja seminaariraportit | Conference and seminar reports","Luonnontieteet ja mets\u00e4tieteet | Natural sciences and forestry","Oikeustieteet | Law and legal sciences"],"inLanguage":"fi","potentialAction":[{"@type":"CommentAction","name":"Comment","target":["https:\/\/blogs.uef.fi\/ueflibrary\/eurooppa-foorumi-2022-europe-forum-2022\/#respond"]}]},{"@type":"WebPage","@id":"https:\/\/blogs.uef.fi\/ueflibrary\/eurooppa-foorumi-2022-europe-forum-2022\/","url":"https:\/\/blogs.uef.fi\/ueflibrary\/eurooppa-foorumi-2022-europe-forum-2022\/","name":"Eurooppa-foorumi 2022 | Europe Forum 2022 | UEF Library","isPartOf":{"@id":"https:\/\/blogs.uef.fi\/ueflibrary\/#website"},"primaryImageOfPage":{"@id":"https:\/\/blogs.uef.fi\/ueflibrary\/eurooppa-foorumi-2022-europe-forum-2022\/#primaryimage"},"image":{"@id":"https:\/\/blogs.uef.fi\/ueflibrary\/eurooppa-foorumi-2022-europe-forum-2022\/#primaryimage"},"thumbnailUrl":"https:\/\/blogs.uef.fi\/ueflibrary\/wp-content\/uploads\/sites\/18\/2022\/08\/yleiskuvaa-eurooppa-foorumi-turku-2022.jpg","datePublished":"2022-09-02T05:00:17+00:00","dateModified":"2025-11-08T10:51:15+00:00","inLanguage":"fi","potentialAction":[{"@type":"ReadAction","target":["https:\/\/blogs.uef.fi\/ueflibrary\/eurooppa-foorumi-2022-europe-forum-2022\/"]}]},{"@type":"ImageObject","inLanguage":"fi","@id":"https:\/\/blogs.uef.fi\/ueflibrary\/eurooppa-foorumi-2022-europe-forum-2022\/#primaryimage","url":"https:\/\/blogs.uef.fi\/ueflibrary\/wp-content\/uploads\/sites\/18\/2022\/08\/yleiskuvaa-eurooppa-foorumi-turku-2022.jpg","contentUrl":"https:\/\/blogs.uef.fi\/ueflibrary\/wp-content\/uploads\/sites\/18\/2022\/08\/yleiskuvaa-eurooppa-foorumi-turku-2022.jpg","width":2362,"height":1575,"caption":"Yleiskuvaa Eurooppa-foorumista vuonna 2022."},{"@type":"WebSite","@id":"https:\/\/blogs.uef.fi\/ueflibrary\/#website","url":"https:\/\/blogs.uef.fi\/ueflibrary\/","name":"UEF Library","description":"Open science for open minds","publisher":{"@id":"https:\/\/blogs.uef.fi\/ueflibrary\/#organization"},"potentialAction":[{"@type":"SearchAction","target":{"@type":"EntryPoint","urlTemplate":"https:\/\/blogs.uef.fi\/ueflibrary\/?s={search_term_string}"},"query-input":{"@type":"PropertyValueSpecification","valueRequired":true,"valueName":"search_term_string"}}],"inLanguage":"fi"},{"@type":"Organization","@id":"https:\/\/blogs.uef.fi\/ueflibrary\/#organization","name":"UEF Library","url":"https:\/\/blogs.uef.fi\/ueflibrary\/","logo":{"@type":"ImageObject","inLanguage":"fi","@id":"https:\/\/blogs.uef.fi\/ueflibrary\/#\/schema\/logo\/image\/","url":"https:\/\/blogs.uef.fi\/ueflibrary\/wp-content\/uploads\/sites\/18\/2018\/04\/Logo-kirjasto.png","contentUrl":"https:\/\/blogs.uef.fi\/ueflibrary\/wp-content\/uploads\/sites\/18\/2018\/04\/Logo-kirjasto.png","width":300,"height":300,"caption":"UEF Library"},"image":{"@id":"https:\/\/blogs.uef.fi\/ueflibrary\/#\/schema\/logo\/image\/"},"sameAs":["https:\/\/www.facebook.com\/ueflibrary","https:\/\/x.com\/ueflibrary","https:\/\/www.instagram.com\/ueflibrary\/","https:\/\/www.youtube.com\/user\/UEFLibrary"]},{"@type":"Person","@id":"https:\/\/blogs.uef.fi\/ueflibrary\/#\/schema\/person\/a8e211011f90578da5fdd0c5aacfeee3","name":"ueflibrary","image":{"@type":"ImageObject","inLanguage":"fi","@id":"https:\/\/secure.gravatar.com\/avatar\/1c4267db9d0c1de64a30db93f9480cb1dc4a079fcec0109e406050c596cb2ca7?s=96&d=blank&r=g","url":"https:\/\/secure.gravatar.com\/avatar\/1c4267db9d0c1de64a30db93f9480cb1dc4a079fcec0109e406050c596cb2ca7?s=96&d=blank&r=g","contentUrl":"https:\/\/secure.gravatar.com\/avatar\/1c4267db9d0c1de64a30db93f9480cb1dc4a079fcec0109e406050c596cb2ca7?s=96&d=blank&r=g","caption":"ueflibrary"},"description":"The UEF Library is a public academic library offering state-of-the-art library and information services especially for the university's staff members and students. However, the library is also open to everyone else who is seeking information. The UEF Library campus libraries are in Joensuu, Kuopio and Savonlinna, and in the Kuopio there is also the KUH Medical Library. The electronic collections can be accessed also off-campus by UEF staff and students.","sameAs":["http:\/\/www.uef.fi\/en\/web\/kirjasto"],"url":"https:\/\/blogs.uef.fi\/ueflibrary\/author\/ueflibrary\/"}]}},"_links":{"self":[{"href":"https:\/\/blogs.uef.fi\/ueflibrary\/wp-json\/wp\/v2\/posts\/16342","targetHints":{"allow":["GET"]}}],"collection":[{"href":"https:\/\/blogs.uef.fi\/ueflibrary\/wp-json\/wp\/v2\/posts"}],"about":[{"href":"https:\/\/blogs.uef.fi\/ueflibrary\/wp-json\/wp\/v2\/types\/post"}],"author":[{"embeddable":true,"href":"https:\/\/blogs.uef.fi\/ueflibrary\/wp-json\/wp\/v2\/users\/72"}],"replies":[{"embeddable":true,"href":"https:\/\/blogs.uef.fi\/ueflibrary\/wp-json\/wp\/v2\/comments?post=16342"}],"version-history":[{"count":1,"href":"https:\/\/blogs.uef.fi\/ueflibrary\/wp-json\/wp\/v2\/posts\/16342\/revisions"}],"predecessor-version":[{"id":24841,"href":"https:\/\/blogs.uef.fi\/ueflibrary\/wp-json\/wp\/v2\/posts\/16342\/revisions\/24841"}],"wp:attachment":[{"href":"https:\/\/blogs.uef.fi\/ueflibrary\/wp-json\/wp\/v2\/media?parent=16342"}],"wp:term":[{"taxonomy":"category","embeddable":true,"href":"https:\/\/blogs.uef.fi\/ueflibrary\/wp-json\/wp\/v2\/categories?post=16342"},{"taxonomy":"post_tag","embeddable":true,"href":"https:\/\/blogs.uef.fi\/ueflibrary\/wp-json\/wp\/v2\/tags?post=16342"}],"curies":[{"name":"wp","href":"https:\/\/api.w.org\/{rel}","templated":true}]}}