{"id":1541,"date":"2014-11-27T14:09:34","date_gmt":"2014-11-27T12:09:34","guid":{"rendered":"http:\/\/ueflibrary.wordpress.com\/?p=1541"},"modified":"2025-06-24T13:00:05","modified_gmt":"2025-06-24T11:00:05","slug":"mihin-sina-kirjastossa-istuutuisit","status":"publish","type":"post","link":"https:\/\/blogs.uef.fi\/ueflibrary\/mihin-sina-kirjastossa-istuutuisit\/","title":{"rendered":"Mihin sin\u00e4 kirjastossa istuutuisit?"},"content":{"rendered":"\n<p>Min\u00e4 istuutuisin ikkunan \u00e4\u00e4reen. Mukavalle tuolille (mielell\u00e4\u00e4n turkoosille). Niin, ett\u00e4 syliss\u00e4ni olisi kirja. Tai l\u00e4pp\u00e4ri. Ohitseni kulkisi ihmisi\u00e4, eiv\u00e4tk\u00e4 \u00e4\u00e4net haittaisi. Ikkunasta katselisin lukemisen ohessa kampuksen el\u00e4m\u00e4\u00e4. Tuolini vieress\u00e4 olisi valo, sellainen talvenpehme\u00e4. Nen\u00e4ss\u00e4ni viiv\u00e4ht\u00e4isi sanomalehden tuoksu, tai viereisen istujan kahvin. Tai pullan, oi!<\/p>\n\n\n\n<figure class=\"wp-block-image\"><a href=\"https:\/\/blogs.uef.fi\/ueflibrary\/wp-content\/uploads\/sites\/18\/2014\/11\/pallotuoli.jpg\"><img loading=\"lazy\" decoding=\"async\" width=\"200\" height=\"200\" src=\"https:\/\/blogs.uef.fi\/ueflibrary\/wp-content\/uploads\/sites\/18\/2014\/11\/pallotuoli.jpg\" alt=\"pallotuoli\" class=\"wp-image-1544\" srcset=\"https:\/\/blogs.uef.fi\/ueflibrary\/wp-content\/uploads\/sites\/18\/2014\/11\/pallotuoli.jpg 200w, https:\/\/blogs.uef.fi\/ueflibrary\/wp-content\/uploads\/sites\/18\/2014\/11\/pallotuoli-150x150.jpg 150w\" sizes=\"auto, (max-width: 200px) 100vw, 200px\" \/><\/a><\/figure>\n\n\n\n<figure class=\"wp-block-image\"><a href=\"https:\/\/blogs.uef.fi\/ueflibrary\/wp-content\/uploads\/sites\/18\/2014\/11\/keinutuoli1.jpg\"><img loading=\"lazy\" decoding=\"async\" width=\"160\" height=\"160\" src=\"https:\/\/blogs.uef.fi\/ueflibrary\/wp-content\/uploads\/sites\/18\/2014\/11\/keinutuoli1.jpg\" alt=\"keinutuoli\" class=\"wp-image-1546\" srcset=\"https:\/\/blogs.uef.fi\/ueflibrary\/wp-content\/uploads\/sites\/18\/2014\/11\/keinutuoli1.jpg 160w, https:\/\/blogs.uef.fi\/ueflibrary\/wp-content\/uploads\/sites\/18\/2014\/11\/keinutuoli1-150x150.jpg 150w\" sizes=\"auto, (max-width: 160px) 100vw, 160px\" \/><\/a><\/figure>\n\n\n\n<figure class=\"wp-block-image\"><a href=\"https:\/\/blogs.uef.fi\/ueflibrary\/wp-content\/uploads\/sites\/18\/2014\/11\/nojatuoli2.jpg\"><img loading=\"lazy\" decoding=\"async\" width=\"150\" height=\"150\" src=\"https:\/\/blogs.uef.fi\/ueflibrary\/wp-content\/uploads\/sites\/18\/2014\/11\/nojatuoli2.jpg\" alt=\"nojatuoli2\" class=\"wp-image-1547\" \/><\/a><\/figure>\n\n\n\n<figure class=\"wp-block-image\"><a href=\"https:\/\/blogs.uef.fi\/ueflibrary\/wp-content\/uploads\/sites\/18\/2014\/11\/nojatuoli3.jpg\"><img loading=\"lazy\" decoding=\"async\" width=\"745\" height=\"374\" src=\"https:\/\/blogs.uef.fi\/ueflibrary\/wp-content\/uploads\/sites\/18\/2014\/11\/nojatuoli3.jpg?w=300\" alt=\"nojatuoli3\" class=\"wp-image-1548\" srcset=\"https:\/\/blogs.uef.fi\/ueflibrary\/wp-content\/uploads\/sites\/18\/2014\/11\/nojatuoli3.jpg 745w, https:\/\/blogs.uef.fi\/ueflibrary\/wp-content\/uploads\/sites\/18\/2014\/11\/nojatuoli3-300x151.jpg 300w\" sizes=\"auto, (max-width: 745px) 100vw, 745px\" \/><\/a><\/figure>\n\n\n\n<p>Tiesittek\u00f6, ett\u00e4 asioita voi tehd\u00e4 eri tavalla, jos haluaa? Min\u00e4 tiesin, mutta tarvitsin kuulla sen viel\u00e4 kerran Aalto-yliopiston taiteiden ja suunnittelun korkeakoulun professorin Martti Raevaaran suusta. H\u00e4n puhui eilen muiden mielenkiintoisten esiintyjien ohella Jyv\u00e4skyl\u00e4ss\u00e4 j\u00e4rjestetyss\u00e4 seminaarissa \u201dOppimista, oleilua, oivalluksia \u2013 tulevaisuuden kirjastotila\u201d. Miten hienoja tiloja, ratkaisuja, sisustuksia ja olemisen paikkoja maailman kirjastoissa onkaan! Ja huh, millainen kirjasto Helsingin el\u00e4v\u00e4\u00e4n keskustaan nouseekaan. Katso vaikka itse:<a href=\"\/\/keskustakirjasto.fi\/2014\/09\/11\/kay-peremmalle-keskustakirjastoon\/\" target=\"_blank\" rel=\"noopener\"> http:\/\/keskustakirjasto.fi\/2014\/09\/11\/kay-peremmalle-keskustakirjastoon\/<\/a><\/p>\n\n\n\n<p>Mutta se eri tavalla tekeminen. Ja se oman tuolin l\u00f6yt\u00e4minen. Min\u00e4 l\u00f6yd\u00e4n sen omasta kirjastostani, t\u00e4\u00e4lt\u00e4 Joensuusta, kunhan v\u00e4h\u00e4n puuhaillaan. Ja esimiehen sek\u00e4 rahakirstunvartijan helpotukseksi: ei tarvitse edes kaataa seini\u00e4! Seminaarissa esiintynyt arkkitehti, Jyv\u00e4skyl\u00e4n yliopiston tutkija Mirja Lievonen sanoi eilen jotain pys\u00e4ytt\u00e4v\u00e4\u00e4: k\u00e4ytt\u00e4k\u00e4\u00e4 kirjastossa ne tilat, joista voi katsoa ulos, hyvin. Ihminen tarvitsee perspektiivi\u00e4 ja tilaa hengitt\u00e4\u00e4. Perspektiivi ja hengitt\u00e4misen tila l\u00f6ytyv\u00e4t vaikka kuinka pienest\u00e4 tilasta, jos sielt\u00e4 vain n\u00e4kee ulos. Bingo! Olen l\u00f6yt\u00e4nyt oman kirjastopaikkani. Arvatkaa, miss\u00e4 se on? (tai ei se oikeastaan viel\u00e4 aikuisten oikeasti ole, mutta on se jo minun mieless\u00e4ni. Puolivalmis siis!) Sielt\u00e4 n\u00e4kee ulos. Siell\u00e4 voi (toivottavasti pian) istua mukavasti. Siell\u00e4 voi tuoksua sanomalehti. Ja kahvi. Ja kuuluu siell\u00e4 el\u00e4m\u00e4n \u00e4\u00e4ni\u00e4kin.<\/p>\n\n\n\n<figure class=\"wp-block-image\"><a href=\"https:\/\/blogs.uef.fi\/ueflibrary\/wp-content\/uploads\/sites\/18\/2014\/11\/kahvi.png\"><img loading=\"lazy\" decoding=\"async\" width=\"241\" height=\"209\" src=\"https:\/\/blogs.uef.fi\/ueflibrary\/wp-content\/uploads\/sites\/18\/2014\/11\/kahvi.png\" alt=\"kahvi\" class=\"wp-image-1555\" \/><\/a><\/figure>\n\n\n\n<figure class=\"wp-block-image\"><a href=\"https:\/\/blogs.uef.fi\/ueflibrary\/wp-content\/uploads\/sites\/18\/2014\/11\/taivas.png\"><img loading=\"lazy\" decoding=\"async\" width=\"259\" height=\"194\" src=\"https:\/\/blogs.uef.fi\/ueflibrary\/wp-content\/uploads\/sites\/18\/2014\/11\/taivas.png\" alt=\"taivas\" class=\"wp-image-1556\" \/><\/a><\/figure>\n\n\n\n<figure class=\"wp-block-image\"><a href=\"https:\/\/blogs.uef.fi\/ueflibrary\/wp-content\/uploads\/sites\/18\/2014\/11\/valo.jpg\"><img loading=\"lazy\" decoding=\"async\" width=\"225\" height=\"225\" src=\"https:\/\/blogs.uef.fi\/ueflibrary\/wp-content\/uploads\/sites\/18\/2014\/11\/valo.jpg\" alt=\"valo\" class=\"wp-image-1557\" srcset=\"https:\/\/blogs.uef.fi\/ueflibrary\/wp-content\/uploads\/sites\/18\/2014\/11\/valo.jpg 225w, https:\/\/blogs.uef.fi\/ueflibrary\/wp-content\/uploads\/sites\/18\/2014\/11\/valo-150x150.jpg 150w\" sizes=\"auto, (max-width: 225px) 100vw, 225px\" \/><\/a><\/figure>\n\n\n\n<figure class=\"wp-block-image\"><a href=\"https:\/\/blogs.uef.fi\/ueflibrary\/wp-content\/uploads\/sites\/18\/2014\/11\/sanomalehti.jpg\"><img loading=\"lazy\" decoding=\"async\" width=\"259\" height=\"194\" src=\"https:\/\/blogs.uef.fi\/ueflibrary\/wp-content\/uploads\/sites\/18\/2014\/11\/sanomalehti.jpg\" alt=\"sanomalehti\" class=\"wp-image-1558\" \/><\/a><\/figure>\n\n\n\n<p>Minun tulevaisuuden kirjastotilani l\u00f6ytyy sanomalehtisalista. Jos ette usko, k\u00e4yk\u00e4\u00e4 katsomassa: siell\u00e4 on kaikki ne aihiot, mit\u00e4 kirjaston syd\u00e4meksi tarvitaan. Siell\u00e4 on ikkunat ja n\u00e4kym\u00e4 suoraan kampuksen syd\u00e4meen, alkukiville. Sinne n\u00e4kee suoraan Carelia-rakennuksen aulasta: se on kuin kirjaston n\u00e4yteikkuna. Siell\u00e4 on tilaa mukaville tuoleille, p\u00f6ydille, valaisimille, lehdille ja niiden lukijoille, siell\u00e4 voi kokoontua, siell\u00e4 saa (kyll\u00e4! kyll\u00e4!) pit\u00e4\u00e4 \u00e4\u00e4nt\u00e4kin. Siit\u00e4 voi tulla ja tulee ihan mit\u00e4 vain. Tehd\u00e4\u00e4n siit\u00e4 kirjastomme olohuone; oppimisen, oleilun ja oivaltamisen paikka. Tehd\u00e4\u00e4nh\u00e4n?<\/p>\n\n\n\n<p>Riitta Holopainen<\/p>\n\n\n\n<p>Tietoasiantuntija, opetus- ja tietopalvelut<\/p>\n","protected":false},"excerpt":{"rendered":"<p>Min\u00e4 istuutuisin ikkunan \u00e4\u00e4reen. Mukavalle tuolille (mielell\u00e4\u00e4n turkoosille). Niin, ett\u00e4 syliss\u00e4ni olisi kirja. Tai l\u00e4pp\u00e4ri. Ohitseni kulkisi ihmisi\u00e4, eiv\u00e4tk\u00e4 \u00e4\u00e4net haittaisi. Ikkunasta katselisin lukemisen ohessa kampuksen el\u00e4m\u00e4\u00e4. Tuolini vieress\u00e4 olisi valo, sellainen talvenpehme\u00e4. Nen\u00e4ss\u00e4ni viiv\u00e4ht\u00e4isi sanomalehden tuoksu, tai viereisen istujan kahvin. Tai pullan, oi! Tiesittek\u00f6, ett\u00e4 asioita voi tehd\u00e4 eri tavalla, jos haluaa? Min\u00e4 tiesin, [&hellip;]<\/p>\n","protected":false},"author":72,"featured_media":0,"comment_status":"open","ping_status":"open","sticky":false,"template":"","format":"standard","meta":{"_acf_changed":false,"footnotes":""},"categories":[410],"tags":[],"class_list":["post-1541","post","type-post","status-publish","format-standard","hentry","category-ajankohtaista"],"acf":[],"yoast_head":"<!-- This site is optimized with the Yoast SEO plugin v27.3 - https:\/\/yoast.com\/product\/yoast-seo-wordpress\/ -->\n<title>Mihin sin\u00e4 kirjastossa istuutuisit? | UEF Library<\/title>\n<meta name=\"robots\" content=\"index, follow, max-snippet:-1, max-image-preview:large, max-video-preview:-1\" \/>\n<link rel=\"canonical\" href=\"https:\/\/blogs.uef.fi\/ueflibrary\/mihin-sina-kirjastossa-istuutuisit\/\" \/>\n<meta property=\"og:locale\" content=\"fi_FI\" \/>\n<meta property=\"og:type\" content=\"article\" \/>\n<meta property=\"og:title\" content=\"Mihin sin\u00e4 kirjastossa istuutuisit? | UEF Library\" \/>\n<meta property=\"og:description\" content=\"Min\u00e4 istuutuisin ikkunan \u00e4\u00e4reen. Mukavalle tuolille (mielell\u00e4\u00e4n turkoosille). Niin, ett\u00e4 syliss\u00e4ni olisi kirja. Tai l\u00e4pp\u00e4ri. Ohitseni kulkisi ihmisi\u00e4, eiv\u00e4tk\u00e4 \u00e4\u00e4net haittaisi. Ikkunasta katselisin lukemisen ohessa kampuksen el\u00e4m\u00e4\u00e4. Tuolini vieress\u00e4 olisi valo, sellainen talvenpehme\u00e4. Nen\u00e4ss\u00e4ni viiv\u00e4ht\u00e4isi sanomalehden tuoksu, tai viereisen istujan kahvin. Tai pullan, oi! Tiesittek\u00f6, ett\u00e4 asioita voi tehd\u00e4 eri tavalla, jos haluaa? Min\u00e4 tiesin, [&hellip;]\" \/>\n<meta property=\"og:url\" content=\"https:\/\/blogs.uef.fi\/ueflibrary\/mihin-sina-kirjastossa-istuutuisit\/\" \/>\n<meta property=\"og:site_name\" content=\"UEF Library\" \/>\n<meta property=\"article:publisher\" content=\"https:\/\/www.facebook.com\/ueflibrary\" \/>\n<meta property=\"article:published_time\" content=\"2014-11-27T12:09:34+00:00\" \/>\n<meta property=\"article:modified_time\" content=\"2025-06-24T11:00:05+00:00\" \/>\n<meta property=\"og:image\" content=\"https:\/\/blogs.uef.fi\/ueflibrary\/wp-content\/uploads\/sites\/18\/2014\/11\/pallotuoli.jpg\" \/>\n\t<meta property=\"og:image:width\" content=\"200\" \/>\n\t<meta property=\"og:image:height\" content=\"200\" \/>\n\t<meta property=\"og:image:type\" content=\"image\/jpeg\" \/>\n<meta name=\"author\" content=\"ueflibrary\" \/>\n<meta name=\"twitter:card\" content=\"summary_large_image\" \/>\n<meta name=\"twitter:creator\" content=\"@ueflibrary\" \/>\n<meta name=\"twitter:site\" content=\"@ueflibrary\" \/>\n<meta name=\"twitter:label1\" content=\"Kirjoittanut\" \/>\n\t<meta name=\"twitter:data1\" content=\"ueflibrary\" \/>\n\t<meta name=\"twitter:label2\" content=\"Arvioitu lukuaika\" \/>\n\t<meta name=\"twitter:data2\" content=\"3 minuuttia\" \/>\n<script type=\"application\/ld+json\" class=\"yoast-schema-graph\">{\"@context\":\"https:\\\/\\\/schema.org\",\"@graph\":[{\"@type\":\"Article\",\"@id\":\"https:\\\/\\\/blogs.uef.fi\\\/ueflibrary\\\/mihin-sina-kirjastossa-istuutuisit\\\/#article\",\"isPartOf\":{\"@id\":\"https:\\\/\\\/blogs.uef.fi\\\/ueflibrary\\\/mihin-sina-kirjastossa-istuutuisit\\\/\"},\"author\":{\"name\":\"ueflibrary\",\"@id\":\"https:\\\/\\\/blogs.uef.fi\\\/ueflibrary\\\/#\\\/schema\\\/person\\\/a8e211011f90578da5fdd0c5aacfeee3\"},\"headline\":\"Mihin sin\u00e4 kirjastossa istuutuisit?\",\"datePublished\":\"2014-11-27T12:09:34+00:00\",\"dateModified\":\"2025-06-24T11:00:05+00:00\",\"mainEntityOfPage\":{\"@id\":\"https:\\\/\\\/blogs.uef.fi\\\/ueflibrary\\\/mihin-sina-kirjastossa-istuutuisit\\\/\"},\"wordCount\":365,\"commentCount\":1,\"publisher\":{\"@id\":\"https:\\\/\\\/blogs.uef.fi\\\/ueflibrary\\\/#organization\"},\"image\":{\"@id\":\"https:\\\/\\\/blogs.uef.fi\\\/ueflibrary\\\/mihin-sina-kirjastossa-istuutuisit\\\/#primaryimage\"},\"thumbnailUrl\":\"https:\\\/\\\/blogs.uef.fi\\\/ueflibrary\\\/wp-content\\\/uploads\\\/sites\\\/18\\\/2014\\\/11\\\/pallotuoli.jpg\",\"articleSection\":[\"Ajankohtaista | News\"],\"inLanguage\":\"fi\",\"potentialAction\":[{\"@type\":\"CommentAction\",\"name\":\"Comment\",\"target\":[\"https:\\\/\\\/blogs.uef.fi\\\/ueflibrary\\\/mihin-sina-kirjastossa-istuutuisit\\\/#respond\"]}]},{\"@type\":\"WebPage\",\"@id\":\"https:\\\/\\\/blogs.uef.fi\\\/ueflibrary\\\/mihin-sina-kirjastossa-istuutuisit\\\/\",\"url\":\"https:\\\/\\\/blogs.uef.fi\\\/ueflibrary\\\/mihin-sina-kirjastossa-istuutuisit\\\/\",\"name\":\"Mihin sin\u00e4 kirjastossa istuutuisit? | UEF Library\",\"isPartOf\":{\"@id\":\"https:\\\/\\\/blogs.uef.fi\\\/ueflibrary\\\/#website\"},\"primaryImageOfPage\":{\"@id\":\"https:\\\/\\\/blogs.uef.fi\\\/ueflibrary\\\/mihin-sina-kirjastossa-istuutuisit\\\/#primaryimage\"},\"image\":{\"@id\":\"https:\\\/\\\/blogs.uef.fi\\\/ueflibrary\\\/mihin-sina-kirjastossa-istuutuisit\\\/#primaryimage\"},\"thumbnailUrl\":\"https:\\\/\\\/blogs.uef.fi\\\/ueflibrary\\\/wp-content\\\/uploads\\\/sites\\\/18\\\/2014\\\/11\\\/pallotuoli.jpg\",\"datePublished\":\"2014-11-27T12:09:34+00:00\",\"dateModified\":\"2025-06-24T11:00:05+00:00\",\"inLanguage\":\"fi\",\"potentialAction\":[{\"@type\":\"ReadAction\",\"target\":[\"https:\\\/\\\/blogs.uef.fi\\\/ueflibrary\\\/mihin-sina-kirjastossa-istuutuisit\\\/\"]}]},{\"@type\":\"ImageObject\",\"inLanguage\":\"fi\",\"@id\":\"https:\\\/\\\/blogs.uef.fi\\\/ueflibrary\\\/mihin-sina-kirjastossa-istuutuisit\\\/#primaryimage\",\"url\":\"https:\\\/\\\/blogs.uef.fi\\\/ueflibrary\\\/wp-content\\\/uploads\\\/sites\\\/18\\\/2014\\\/11\\\/pallotuoli.jpg\",\"contentUrl\":\"https:\\\/\\\/blogs.uef.fi\\\/ueflibrary\\\/wp-content\\\/uploads\\\/sites\\\/18\\\/2014\\\/11\\\/pallotuoli.jpg\",\"width\":200,\"height\":200},{\"@type\":\"WebSite\",\"@id\":\"https:\\\/\\\/blogs.uef.fi\\\/ueflibrary\\\/#website\",\"url\":\"https:\\\/\\\/blogs.uef.fi\\\/ueflibrary\\\/\",\"name\":\"UEF Library\",\"description\":\"Open science for open minds\",\"publisher\":{\"@id\":\"https:\\\/\\\/blogs.uef.fi\\\/ueflibrary\\\/#organization\"},\"potentialAction\":[{\"@type\":\"SearchAction\",\"target\":{\"@type\":\"EntryPoint\",\"urlTemplate\":\"https:\\\/\\\/blogs.uef.fi\\\/ueflibrary\\\/?s={search_term_string}\"},\"query-input\":{\"@type\":\"PropertyValueSpecification\",\"valueRequired\":true,\"valueName\":\"search_term_string\"}}],\"inLanguage\":\"fi\"},{\"@type\":\"Organization\",\"@id\":\"https:\\\/\\\/blogs.uef.fi\\\/ueflibrary\\\/#organization\",\"name\":\"UEF Library\",\"url\":\"https:\\\/\\\/blogs.uef.fi\\\/ueflibrary\\\/\",\"logo\":{\"@type\":\"ImageObject\",\"inLanguage\":\"fi\",\"@id\":\"https:\\\/\\\/blogs.uef.fi\\\/ueflibrary\\\/#\\\/schema\\\/logo\\\/image\\\/\",\"url\":\"https:\\\/\\\/blogs.uef.fi\\\/ueflibrary\\\/wp-content\\\/uploads\\\/sites\\\/18\\\/2018\\\/04\\\/Logo-kirjasto.png\",\"contentUrl\":\"https:\\\/\\\/blogs.uef.fi\\\/ueflibrary\\\/wp-content\\\/uploads\\\/sites\\\/18\\\/2018\\\/04\\\/Logo-kirjasto.png\",\"width\":300,\"height\":300,\"caption\":\"UEF Library\"},\"image\":{\"@id\":\"https:\\\/\\\/blogs.uef.fi\\\/ueflibrary\\\/#\\\/schema\\\/logo\\\/image\\\/\"},\"sameAs\":[\"https:\\\/\\\/www.facebook.com\\\/ueflibrary\",\"https:\\\/\\\/x.com\\\/ueflibrary\",\"https:\\\/\\\/www.instagram.com\\\/ueflibrary\\\/\",\"https:\\\/\\\/www.youtube.com\\\/user\\\/UEFLibrary\"]},{\"@type\":\"Person\",\"@id\":\"https:\\\/\\\/blogs.uef.fi\\\/ueflibrary\\\/#\\\/schema\\\/person\\\/a8e211011f90578da5fdd0c5aacfeee3\",\"name\":\"ueflibrary\",\"image\":{\"@type\":\"ImageObject\",\"inLanguage\":\"fi\",\"@id\":\"https:\\\/\\\/secure.gravatar.com\\\/avatar\\\/1c4267db9d0c1de64a30db93f9480cb1dc4a079fcec0109e406050c596cb2ca7?s=96&d=blank&r=g\",\"url\":\"https:\\\/\\\/secure.gravatar.com\\\/avatar\\\/1c4267db9d0c1de64a30db93f9480cb1dc4a079fcec0109e406050c596cb2ca7?s=96&d=blank&r=g\",\"contentUrl\":\"https:\\\/\\\/secure.gravatar.com\\\/avatar\\\/1c4267db9d0c1de64a30db93f9480cb1dc4a079fcec0109e406050c596cb2ca7?s=96&d=blank&r=g\",\"caption\":\"ueflibrary\"},\"description\":\"The UEF Library is a public academic library offering state-of-the-art library and information services especially for the university's staff members and students. However, the library is also open to everyone else who is seeking information. The UEF Library campus libraries are in Joensuu, Kuopio and Savonlinna, and in the Kuopio there is also the KUH Medical Library. The electronic collections can be accessed also off-campus by UEF staff and students.\",\"sameAs\":[\"http:\\\/\\\/www.uef.fi\\\/en\\\/web\\\/kirjasto\"],\"url\":\"https:\\\/\\\/blogs.uef.fi\\\/ueflibrary\\\/author\\\/ueflibrary\\\/\"}]}<\/script>\n<!-- \/ Yoast SEO plugin. -->","yoast_head_json":{"title":"Mihin sin\u00e4 kirjastossa istuutuisit? | UEF Library","robots":{"index":"index","follow":"follow","max-snippet":"max-snippet:-1","max-image-preview":"max-image-preview:large","max-video-preview":"max-video-preview:-1"},"canonical":"https:\/\/blogs.uef.fi\/ueflibrary\/mihin-sina-kirjastossa-istuutuisit\/","og_locale":"fi_FI","og_type":"article","og_title":"Mihin sin\u00e4 kirjastossa istuutuisit? | UEF Library","og_description":"Min\u00e4 istuutuisin ikkunan \u00e4\u00e4reen. Mukavalle tuolille (mielell\u00e4\u00e4n turkoosille). Niin, ett\u00e4 syliss\u00e4ni olisi kirja. Tai l\u00e4pp\u00e4ri. Ohitseni kulkisi ihmisi\u00e4, eiv\u00e4tk\u00e4 \u00e4\u00e4net haittaisi. Ikkunasta katselisin lukemisen ohessa kampuksen el\u00e4m\u00e4\u00e4. Tuolini vieress\u00e4 olisi valo, sellainen talvenpehme\u00e4. Nen\u00e4ss\u00e4ni viiv\u00e4ht\u00e4isi sanomalehden tuoksu, tai viereisen istujan kahvin. Tai pullan, oi! Tiesittek\u00f6, ett\u00e4 asioita voi tehd\u00e4 eri tavalla, jos haluaa? Min\u00e4 tiesin, [&hellip;]","og_url":"https:\/\/blogs.uef.fi\/ueflibrary\/mihin-sina-kirjastossa-istuutuisit\/","og_site_name":"UEF Library","article_publisher":"https:\/\/www.facebook.com\/ueflibrary","article_published_time":"2014-11-27T12:09:34+00:00","article_modified_time":"2025-06-24T11:00:05+00:00","og_image":[{"width":200,"height":200,"url":"https:\/\/blogs.uef.fi\/ueflibrary\/wp-content\/uploads\/sites\/18\/2014\/11\/pallotuoli.jpg","type":"image\/jpeg"}],"author":"ueflibrary","twitter_card":"summary_large_image","twitter_creator":"@ueflibrary","twitter_site":"@ueflibrary","twitter_misc":{"Kirjoittanut":"ueflibrary","Arvioitu lukuaika":"3 minuuttia"},"schema":{"@context":"https:\/\/schema.org","@graph":[{"@type":"Article","@id":"https:\/\/blogs.uef.fi\/ueflibrary\/mihin-sina-kirjastossa-istuutuisit\/#article","isPartOf":{"@id":"https:\/\/blogs.uef.fi\/ueflibrary\/mihin-sina-kirjastossa-istuutuisit\/"},"author":{"name":"ueflibrary","@id":"https:\/\/blogs.uef.fi\/ueflibrary\/#\/schema\/person\/a8e211011f90578da5fdd0c5aacfeee3"},"headline":"Mihin sin\u00e4 kirjastossa istuutuisit?","datePublished":"2014-11-27T12:09:34+00:00","dateModified":"2025-06-24T11:00:05+00:00","mainEntityOfPage":{"@id":"https:\/\/blogs.uef.fi\/ueflibrary\/mihin-sina-kirjastossa-istuutuisit\/"},"wordCount":365,"commentCount":1,"publisher":{"@id":"https:\/\/blogs.uef.fi\/ueflibrary\/#organization"},"image":{"@id":"https:\/\/blogs.uef.fi\/ueflibrary\/mihin-sina-kirjastossa-istuutuisit\/#primaryimage"},"thumbnailUrl":"https:\/\/blogs.uef.fi\/ueflibrary\/wp-content\/uploads\/sites\/18\/2014\/11\/pallotuoli.jpg","articleSection":["Ajankohtaista | News"],"inLanguage":"fi","potentialAction":[{"@type":"CommentAction","name":"Comment","target":["https:\/\/blogs.uef.fi\/ueflibrary\/mihin-sina-kirjastossa-istuutuisit\/#respond"]}]},{"@type":"WebPage","@id":"https:\/\/blogs.uef.fi\/ueflibrary\/mihin-sina-kirjastossa-istuutuisit\/","url":"https:\/\/blogs.uef.fi\/ueflibrary\/mihin-sina-kirjastossa-istuutuisit\/","name":"Mihin sin\u00e4 kirjastossa istuutuisit? | UEF Library","isPartOf":{"@id":"https:\/\/blogs.uef.fi\/ueflibrary\/#website"},"primaryImageOfPage":{"@id":"https:\/\/blogs.uef.fi\/ueflibrary\/mihin-sina-kirjastossa-istuutuisit\/#primaryimage"},"image":{"@id":"https:\/\/blogs.uef.fi\/ueflibrary\/mihin-sina-kirjastossa-istuutuisit\/#primaryimage"},"thumbnailUrl":"https:\/\/blogs.uef.fi\/ueflibrary\/wp-content\/uploads\/sites\/18\/2014\/11\/pallotuoli.jpg","datePublished":"2014-11-27T12:09:34+00:00","dateModified":"2025-06-24T11:00:05+00:00","inLanguage":"fi","potentialAction":[{"@type":"ReadAction","target":["https:\/\/blogs.uef.fi\/ueflibrary\/mihin-sina-kirjastossa-istuutuisit\/"]}]},{"@type":"ImageObject","inLanguage":"fi","@id":"https:\/\/blogs.uef.fi\/ueflibrary\/mihin-sina-kirjastossa-istuutuisit\/#primaryimage","url":"https:\/\/blogs.uef.fi\/ueflibrary\/wp-content\/uploads\/sites\/18\/2014\/11\/pallotuoli.jpg","contentUrl":"https:\/\/blogs.uef.fi\/ueflibrary\/wp-content\/uploads\/sites\/18\/2014\/11\/pallotuoli.jpg","width":200,"height":200},{"@type":"WebSite","@id":"https:\/\/blogs.uef.fi\/ueflibrary\/#website","url":"https:\/\/blogs.uef.fi\/ueflibrary\/","name":"UEF Library","description":"Open science for open minds","publisher":{"@id":"https:\/\/blogs.uef.fi\/ueflibrary\/#organization"},"potentialAction":[{"@type":"SearchAction","target":{"@type":"EntryPoint","urlTemplate":"https:\/\/blogs.uef.fi\/ueflibrary\/?s={search_term_string}"},"query-input":{"@type":"PropertyValueSpecification","valueRequired":true,"valueName":"search_term_string"}}],"inLanguage":"fi"},{"@type":"Organization","@id":"https:\/\/blogs.uef.fi\/ueflibrary\/#organization","name":"UEF Library","url":"https:\/\/blogs.uef.fi\/ueflibrary\/","logo":{"@type":"ImageObject","inLanguage":"fi","@id":"https:\/\/blogs.uef.fi\/ueflibrary\/#\/schema\/logo\/image\/","url":"https:\/\/blogs.uef.fi\/ueflibrary\/wp-content\/uploads\/sites\/18\/2018\/04\/Logo-kirjasto.png","contentUrl":"https:\/\/blogs.uef.fi\/ueflibrary\/wp-content\/uploads\/sites\/18\/2018\/04\/Logo-kirjasto.png","width":300,"height":300,"caption":"UEF Library"},"image":{"@id":"https:\/\/blogs.uef.fi\/ueflibrary\/#\/schema\/logo\/image\/"},"sameAs":["https:\/\/www.facebook.com\/ueflibrary","https:\/\/x.com\/ueflibrary","https:\/\/www.instagram.com\/ueflibrary\/","https:\/\/www.youtube.com\/user\/UEFLibrary"]},{"@type":"Person","@id":"https:\/\/blogs.uef.fi\/ueflibrary\/#\/schema\/person\/a8e211011f90578da5fdd0c5aacfeee3","name":"ueflibrary","image":{"@type":"ImageObject","inLanguage":"fi","@id":"https:\/\/secure.gravatar.com\/avatar\/1c4267db9d0c1de64a30db93f9480cb1dc4a079fcec0109e406050c596cb2ca7?s=96&d=blank&r=g","url":"https:\/\/secure.gravatar.com\/avatar\/1c4267db9d0c1de64a30db93f9480cb1dc4a079fcec0109e406050c596cb2ca7?s=96&d=blank&r=g","contentUrl":"https:\/\/secure.gravatar.com\/avatar\/1c4267db9d0c1de64a30db93f9480cb1dc4a079fcec0109e406050c596cb2ca7?s=96&d=blank&r=g","caption":"ueflibrary"},"description":"The UEF Library is a public academic library offering state-of-the-art library and information services especially for the university's staff members and students. However, the library is also open to everyone else who is seeking information. The UEF Library campus libraries are in Joensuu, Kuopio and Savonlinna, and in the Kuopio there is also the KUH Medical Library. The electronic collections can be accessed also off-campus by UEF staff and students.","sameAs":["http:\/\/www.uef.fi\/en\/web\/kirjasto"],"url":"https:\/\/blogs.uef.fi\/ueflibrary\/author\/ueflibrary\/"}]}},"_links":{"self":[{"href":"https:\/\/blogs.uef.fi\/ueflibrary\/wp-json\/wp\/v2\/posts\/1541","targetHints":{"allow":["GET"]}}],"collection":[{"href":"https:\/\/blogs.uef.fi\/ueflibrary\/wp-json\/wp\/v2\/posts"}],"about":[{"href":"https:\/\/blogs.uef.fi\/ueflibrary\/wp-json\/wp\/v2\/types\/post"}],"author":[{"embeddable":true,"href":"https:\/\/blogs.uef.fi\/ueflibrary\/wp-json\/wp\/v2\/users\/72"}],"replies":[{"embeddable":true,"href":"https:\/\/blogs.uef.fi\/ueflibrary\/wp-json\/wp\/v2\/comments?post=1541"}],"version-history":[{"count":1,"href":"https:\/\/blogs.uef.fi\/ueflibrary\/wp-json\/wp\/v2\/posts\/1541\/revisions"}],"predecessor-version":[{"id":23351,"href":"https:\/\/blogs.uef.fi\/ueflibrary\/wp-json\/wp\/v2\/posts\/1541\/revisions\/23351"}],"wp:attachment":[{"href":"https:\/\/blogs.uef.fi\/ueflibrary\/wp-json\/wp\/v2\/media?parent=1541"}],"wp:term":[{"taxonomy":"category","embeddable":true,"href":"https:\/\/blogs.uef.fi\/ueflibrary\/wp-json\/wp\/v2\/categories?post=1541"},{"taxonomy":"post_tag","embeddable":true,"href":"https:\/\/blogs.uef.fi\/ueflibrary\/wp-json\/wp\/v2\/tags?post=1541"}],"curies":[{"name":"wp","href":"https:\/\/api.w.org\/{rel}","templated":true}]}}