{"id":12238,"date":"2021-04-12T10:04:55","date_gmt":"2021-04-12T08:04:55","guid":{"rendered":"https:\/\/blogs.uef.fi\/ueflibrary\/?p=12238"},"modified":"2026-02-27T10:34:00","modified_gmt":"2026-02-27T08:34:00","slug":"kampuksien-remonttityot-muutetah-kirjastojen-ruatoaikua-ta-laihina-aikoja-seka-tilojen-kayttyo-kampuksien-remonturuavot-vaikutetah-kirjastoloin-ruadoaigah-da-laihinaigoih-sego-tiloin-kayttamizeh","status":"publish","type":"post","link":"https:\/\/blogs.uef.fi\/ueflibrary\/kampuksien-remonttityot-muutetah-kirjastojen-ruatoaikua-ta-laihina-aikoja-seka-tilojen-kayttyo-kampuksien-remonturuavot-vaikutetah-kirjastoloin-ruadoaigah-da-laihinaigoih-sego-tiloin-kayttamizeh\/","title":{"rendered":"Kampuksien remonttity\u00f6t muutetah kirja\u0161tojen ruatoaikua ta laihina-aikoja, \u0161ek\u00e4 tilojen k\u00e4ytty\u00f6 | Kampuksien remonturuavot vaikutetah kirjastoloin ruadoaigah da laihinaigoih sego tiloin k\u00e4ytt\u00e4mizeh"},"content":{"rendered":"\n<p>(<a href=\"https:\/\/www.uef.fi\/fi\/artikkeli\/kampusten-remonttien-vaikutukset-kirjastojen-aukiolo-ja-laina-aikoihin-seka-tilojen-kayttoon\">Suomeksi<\/a>)<br \/><bdo lang=\"en\" dir=\"ltr\">(<a href=\"https:\/\/www.uef.fi\/en\/article\/effects-of-campus-renovations-on-libraries-opening-hours-loan-periods-and-use-of-facilities\">In English<\/a>)<\/bdo><\/p>\n\n\n\n<p>Kirja\u0161tot ollah toi\u010d\u010di \u0161alvattu, kulkutiet kirja\u0161toloih muututah ta voit olla ni metelie.<\/p>\n\n\n\n<p><bdo lang=\"krl\" dir=\"ltr\"><strong>Kuopion kampuskirja\u0161to on kokonah \u0161alvattu 1.5.<\/strong>\u2013<strong>4.6.2021 ta Joven\u0161uun kampuskirja\u0161to on kokonah \u0161alvattu 10.5.<\/strong>\u2013<strong>4.6.2021.<\/strong><\/bdo><\/p>\n\n\n\n<p><bdo lang=\"krl\" dir=\"ltr\">Kohennu\u0161varu\u0161\u0161uk\u0161ien t\u00e4hen Joven\u0161uun kampuskirja\u0161to ta Kuopion kampuskirja\u0161to \u0161iirryt\u00e4h ke\u0161\u00e4ruatoaikoih 19.4.2021. <a href=\"https:\/\/www.uef.fi\/fi\/kirjasto\/aukioloajat\">Ke\u0161\u00e4ruatoajat<\/a> ollah Kuopion kampuskirja\u0161to\u0161\u0161a 19.4.\u201330.4. ta Joven\u0161uun kampuskirja\u0161to\u0161\u0161a 19.4.\u20137.5. \u0161ek\u00e4 molommissa 7.6. alkuan 31.8.2021 \u0161uaten.<\/bdo><\/p>\n\n\n\n<p><bdo lang=\"krl\" dir=\"ltr\">Remontti jatkuu koko ke\u0161\u00e4n, ni \u0161ent\u00e4h kampuskirja\u0161toloissa ei \u0161uata ruatua rauha\u0161\u0161a. Lis\u00e4tietuo kampuksien muista <a href=\"https:\/\/kamu.uef.fi\/student-book\/itseopiskelutilat\/\">i\u010deopa\u0161\u0161untatiloista<\/a> l\u00f6yvv\u00e4t Kamusta.<\/bdo><\/p>\n\n\n\n<p><bdo lang=\"krl\" dir=\"ltr\">Laihina-aikoja jatetah \u0161alvatun ajan yli\u010d\u010di.<\/bdo><\/p>\n\n\n\n<p><bdo lang=\"krl\" dir=\"ltr\"><a href=\"https:\/\/www.uef.fi\/fi\/kirjasto\/asiakkaana#accordion-8458\">Varauk\u0161ie<\/a> voi luatie vain 20.4.2021 \u0161uaten. Rajoitu\u0161 ko\u0161ettau ni KYSin tiijollisen kirja\u0161ton ainehistoja.<\/bdo><\/p>\n\n\n\n<p><bdo lang=\"krl\" dir=\"ltr\">20.4.2021 klo 17.00 \u0161uaten luajitut varauk\u0161et paikalla olijoih kirjoih toimitetah varauk\u0161en luatijan toivomah ruatokohtah. Varauk\u0161ie ei voi luatie 21.4.\u20136.6.2021. Varauk\u0161ie voipi uuvve\u0161tah ruveta luatimah 7.6.2021 alkuan.<\/bdo><\/p>\n\n\n\n<p><bdo lang=\"krl\" dir=\"ltr\">Luku\u0161alikirjoja annetah laihinah kotih \u0161alvatun ajan yli\u010d\u010di. Niit\u00e4 voi ottua laihinah viimesen\u00e4 ruatop\u00e4iv\u00e4n\u00e4 klo 12.00 j\u00e4lkeh. Luku\u0161alikirjah pit\u00e4y luatie varau\u0161 varau\u0161j\u00e4rje\u0161\u0161elm\u00e4\u0161\u0161\u00e4 kirja\u0161to\u0161\u0161a. Kirjoja voi \u0161alvattuna aikana ty\u00f6nty\u00e4 kampuskirja\u0161toloissa olijoih loutih. Huomua Kuopion kampuskirja\u0161ton louvan muuttunut paikka!<\/bdo><\/p>\n\n\n\n<p><bdo lang=\"krl\" dir=\"ltr\">Jovensuu\u0161\u0161a Oppari ta tietotekniikkapalvelu palvellah uuvve\u0161\u0161a tila\u0161\u0161a Agora\u0161\u0161a 21.4. alkuan iell\u00e4hp\u00e4in. Oppari ta Tipa tiijotetah as\u2019s\u2019a\u0161ta tarkempah.<\/bdo><\/p>\n\n\n\n<p><bdo lang=\"krl\" dir=\"ltr\">\u0160ek\u00e4 Joven\u0161uun ta Kuopion kampuksella remonttie luajitah kevy\u00e4n ta ke\u0161\u00e4n aikana. Kuopion kampuksen Snellmania-rakennuk\u0161en hollah luajittavat muutok\u0161et ta Joven\u0161uun kampuksella uuvven konservatorion rakentamini Carelia-rakennuk\u0161en yhtevyteh niisi vaikutetah kirja\u0161tojen tiloih ta ruantah. Ruavot jatutah kev\u00e4tkuu\u0161ta elokuun loppuh.<\/bdo><\/p>\n\n\n\n<p><bdo lang=\"krl\" dir=\"ltr\">Kun tarvinnet painettuo ainehistuo, varauvu palvelujen muutok\u0161ih ta aikanah ota laihinah kirjat, kumpasie tarvi\u010det.<\/bdo><\/p>\n\n\n\n<p><bdo lang=\"krl\" dir=\"ltr\">Palveluloih voi tulla muutok\u0161ie. \u0160eurua tiijotu\u0161ta kirja\u0161ton <a href=\"https:\/\/www.uef.fi\/fi\/artikkeli\/kampusten-remonttien-vaikutukset-kirjastojen-aukiolo-ja-laina-aikoihin-seka-tilojen-kayttoon\">verkko\u0161ivulla<\/a>, sosialise\u0161\u0161a media\u0161\u0161a ta Yammerissa.<\/bdo><\/p>\n\n\n\n<p><bdo lang=\"krl\" dir=\"ltr\"><a href=\"https:\/\/biteable.com\/watch\/remonttikevat-ja-kesa-2021-2778287\/f3aff8df6be14ea2a128a81e565979b3\">Kohennuk\u0161ien vaikutukset kirja\u0161toh<\/a> (video)<\/bdo><br \/><bdo lang=\"krl\" dir=\"ltr\">Lis\u00e4tietuo<\/bdo>: <a href=\"mailto:kirjasto@uef.fi\">kirjasto@uef.fi<\/a><\/p>\n\n\n\n<p>Vienankarjalaksi k\u00e4\u00e4nt\u00e4nyt Elena Rapa<\/p>\n\n\n\n<figure class=\"wp-block-image\"><img loading=\"lazy\" decoding=\"async\" width=\"601\" height=\"593\" src=\"https:\/\/blogs.uef.fi\/ueflibrary\/wp-content\/uploads\/sites\/18\/2021\/04\/Joerem.png\" alt=\"levylle k\u00e4sinkirjoitettu teksti kulku kielletty putoamisvaara! stop\" class=\"wp-image-12244\" srcset=\"https:\/\/blogs.uef.fi\/ueflibrary\/wp-content\/uploads\/sites\/18\/2021\/04\/Joerem.png 601w, https:\/\/blogs.uef.fi\/ueflibrary\/wp-content\/uploads\/sites\/18\/2021\/04\/Joerem-151x150.png 151w, https:\/\/blogs.uef.fi\/ueflibrary\/wp-content\/uploads\/sites\/18\/2021\/04\/Joerem-100x100.png 100w\" sizes=\"auto, (max-width: 601px) 100vw, 601px\" \/><\/figure>\n\n\n\n<figure class=\"wp-block-image\"><img loading=\"lazy\" decoding=\"async\" width=\"599\" height=\"588\" src=\"https:\/\/blogs.uef.fi\/ueflibrary\/wp-content\/uploads\/sites\/18\/2021\/04\/Kuorem.png\" alt=\"Snellmania-rakennus, sis\u00e4\u00e4nk\u00e4ynti, verkkoaidata, kyltti ty\u00f6maa-alue\" class=\"wp-image-12247\" srcset=\"https:\/\/blogs.uef.fi\/ueflibrary\/wp-content\/uploads\/sites\/18\/2021\/04\/Kuorem.png 599w, https:\/\/blogs.uef.fi\/ueflibrary\/wp-content\/uploads\/sites\/18\/2021\/04\/Kuorem-151x148.png 151w\" sizes=\"auto, (max-width: 599px) 100vw, 599px\" \/><\/figure>\n\n\n\n<p><bdo lang=\"olo\" dir=\"ltr\">Kirjastot toi\u010di ollah salvas, kulgudorogat kirjastoloih muututah da h\u00e4lyygi se\u017eo&nbsp;voibi kuuluo.<\/bdo><\/p>\n\n\n\n<p><strong><bdo lang=\"olo\" dir=\"ltr\">Kuopion kampuksen kirjasto on kogonah salvas&nbsp;1.5.\u20134.6.2021<br \/>Jovensuun kampuksen kirjasto on kogonah salvas 10.5.\u20134.6.2021.<\/bdo><\/strong><\/p>\n\n\n\n<p><bdo lang=\"olo\" dir=\"ltr\">Kohenduksien varustandan t\u00e4h Jovensuun kampuskirjasto da Kuopion kampuskirjasto siirryt\u00e4h kez\u00e4ruadoaigah 19.4.2021. Kez\u00e4ruadoaijat ollah Kuopion kampuskirjastos 19.4.\u201330.4. da Jovensuun kampuskirjastos 19.4.\u20137.5. sego mollembis 7.6.\u201331.8.2021.<\/bdo><\/p>\n\n\n\n<p><bdo lang=\"olo\" dir=\"ltr\">Kohendusruavot jatkutah kogo kez\u00e4n aigua, da send\u00e4h kirjastolois ei v\u00e4lt\u00e4m\u00e4tt\u00e4h rodei t\u00e4ytty hil\u2019l\u2019a\u017euttu. Li\u017ei\u00e4 tieduo kampuksien toizis i\u010deopastundukohtis l\u00f6vv\u00e4t Kamus.<\/bdo><\/p>\n\n\n\n<p><bdo lang=\"olo\" dir=\"ltr\">Laihinaigoi pitkendet\u00e4h salbavoaijan yli\u010di.<\/bdo><\/p>\n\n\n\n<p><bdo lang=\"olo\" dir=\"ltr\">Kniigoi voibi zaka\u017eie vaigu 20.4.2021 sah. Rajoitus koskou se\u017eo KYSan kirjaston tiijollistu materjualua. Enne 20.4.2021 17.00 aigua paikal olijat zaka\u017eitut kniigat ty\u00f6t\u00e4h sih ruadokohtah, kuduah klientu tahtou. Kniigoi et voi zaka\u017eie 21.4.\u20136.6.2021. Zaka\u017eie uvvessah voit 7.6.2021.<\/bdo><\/p>\n\n\n\n<p><bdo lang=\"olo\" dir=\"ltr\">Luguzualas olijat kniigat annetah laihinah kodih salbavon aijakse. Niil\u00f6i voibi ottua laihinah j\u00e4lgim\u00e4zenny avvoiolendup\u00e4iv\u00e4nny 12.00 algajen. Luguzualas olii kniigu pid\u00e4y zaka\u017eie tilavussistieman kauti kirjastos.<\/bdo><\/p>\n\n\n\n<p><bdo lang=\"olo\" dir=\"ltr\">Kniigoi voit tuvva&nbsp; kirjastoh salbavon aigua kampuksil olijoih vakkoih. Ota huomavoh Kuopion kampuskirjaston vakan uuzi kohtu!<\/bdo><\/p>\n\n\n\n<p><bdo lang=\"olo\" dir=\"ltr\">Jovensuus Oppari da tiedotiehniekkupalvelu ruatah uvves kohtas Agoras 21.4. algajen. Oppari da Tipa tiijoitetah dielos tarkembah.<\/bdo><\/p>\n\n\n\n<p><bdo lang=\"olo\" dir=\"ltr\">Jovensuun da Kuopion kampuksil luajitah remontua kevi\u00e4n da kez\u00e4n aigua. Kuopion kampuksen Snellmania-huonuksen zualan kohendusruavot da Jovensuun kampuksel uvven konservatourien srojindu Carelia-huonuksen bokkah vaikutetah se\u017eo kirjastoloin tiloih da ruandah. Kohendusruavot kestet\u00e4h kev\u00e4tkuus elokuun loppussah.<\/bdo><\/p>\n\n\n\n<p><bdo lang=\"olo\" dir=\"ltr\">Tarvinnet painettuu materjualua, ole valmis palveluloin muutoksih da ota kniigat kirjastosp\u00e4i aijalleh.<\/bdo><\/p>\n\n\n\n<p><bdo lang=\"olo\" dir=\"ltr\">Palveluloih voibi tulla muutoksii. Ka\u010do tiijoituksii kirjaston verkosivul, somes da Yammeris.<\/bdo><\/p>\n\n\n\n<p><bdo lang=\"olo\" dir=\"ltr\">Kohendusruadoloin vaikutukset kirjastoh (video)<br \/>Li\u017ei\u00e4 tieduo:&nbsp;<a href=\"mailto:kirjasto@uef.fi\">kirjasto@uef.fi<\/a><\/bdo><\/p>\n\n\n\n<p>Livvinkarjalaksi k\u00e4\u00e4nt\u00e4nyt Heidi Kuosmanen<\/p>\n\n\n\n<p><\/p>\n","protected":false},"excerpt":{"rendered":"<p>(Suomeksi)(In English) Kirja\u0161tot ollah toi\u010d\u010di \u0161alvattu, kulkutiet kirja\u0161toloih muututah ta voit olla ni metelie. Kuopion kampuskirja\u0161to on kokonah \u0161alvattu 1.5.\u20134.6.2021 ta Joven\u0161uun kampuskirja\u0161to on kokonah \u0161alvattu 10.5.\u20134.6.2021. Kohennu\u0161varu\u0161\u0161uk\u0161ien t\u00e4hen Joven\u0161uun kampuskirja\u0161to ta Kuopion kampuskirja\u0161to \u0161iirryt\u00e4h ke\u0161\u00e4ruatoaikoih 19.4.2021. Ke\u0161\u00e4ruatoajat ollah Kuopion kampuskirja\u0161to\u0161\u0161a 19.4.\u201330.4. ta Joven\u0161uun kampuskirja\u0161to\u0161\u0161a 19.4.\u20137.5. \u0161ek\u00e4 molommissa 7.6. alkuan 31.8.2021 \u0161uaten. Remontti jatkuu koko [&hellip;]<\/p>\n","protected":false},"author":72,"featured_media":0,"comment_status":"open","ping_status":"open","sticky":false,"template":"","format":"standard","meta":{"_acf_changed":false,"footnotes":""},"categories":[410],"tags":[1270,1267,429,1111],"class_list":["post-12238","post","type-post","status-publish","format-standard","hentry","category-ajankohtaista","tag-karelian-languages","tag-karjalan-kielet","tag-remontit","tag-renovations"],"acf":[],"yoast_head":"<!-- This site is optimized with the Yoast SEO plugin v27.3 - https:\/\/yoast.com\/product\/yoast-seo-wordpress\/ -->\n<title>Kampuksien remonttity\u00f6t muutetah kirja\u0161tojen ruatoaikua ta laihina-aikoja, \u0161ek\u00e4 tilojen k\u00e4ytty\u00f6 | Kampuksien remonturuavot vaikutetah kirjastoloin ruadoaigah da laihinaigoih sego tiloin k\u00e4ytt\u00e4mizeh | UEF Library<\/title>\n<meta name=\"robots\" content=\"index, follow, max-snippet:-1, max-image-preview:large, max-video-preview:-1\" \/>\n<link rel=\"canonical\" href=\"https:\/\/blogs.uef.fi\/ueflibrary\/kampuksien-remonttityot-muutetah-kirjastojen-ruatoaikua-ta-laihina-aikoja-seka-tilojen-kayttyo-kampuksien-remonturuavot-vaikutetah-kirjastoloin-ruadoaigah-da-laihinaigoih-sego-tiloin-kayttamizeh\/\" \/>\n<meta property=\"og:locale\" content=\"fi_FI\" \/>\n<meta property=\"og:type\" content=\"article\" \/>\n<meta property=\"og:title\" content=\"Kampuksien remonttity\u00f6t muutetah kirja\u0161tojen ruatoaikua ta laihina-aikoja, \u0161ek\u00e4 tilojen k\u00e4ytty\u00f6 | Kampuksien remonturuavot vaikutetah kirjastoloin ruadoaigah da laihinaigoih sego tiloin k\u00e4ytt\u00e4mizeh | UEF Library\" \/>\n<meta property=\"og:description\" content=\"(Suomeksi)(In English) Kirja\u0161tot ollah toi\u010d\u010di \u0161alvattu, kulkutiet kirja\u0161toloih muututah ta voit olla ni metelie. Kuopion kampuskirja\u0161to on kokonah \u0161alvattu 1.5.\u20134.6.2021 ta Joven\u0161uun kampuskirja\u0161to on kokonah \u0161alvattu 10.5.\u20134.6.2021. Kohennu\u0161varu\u0161\u0161uk\u0161ien t\u00e4hen Joven\u0161uun kampuskirja\u0161to ta Kuopion kampuskirja\u0161to \u0161iirryt\u00e4h ke\u0161\u00e4ruatoaikoih 19.4.2021. Ke\u0161\u00e4ruatoajat ollah Kuopion kampuskirja\u0161to\u0161\u0161a 19.4.\u201330.4. ta Joven\u0161uun kampuskirja\u0161to\u0161\u0161a 19.4.\u20137.5. \u0161ek\u00e4 molommissa 7.6. alkuan 31.8.2021 \u0161uaten. Remontti jatkuu koko [&hellip;]\" \/>\n<meta property=\"og:url\" content=\"https:\/\/blogs.uef.fi\/ueflibrary\/kampuksien-remonttityot-muutetah-kirjastojen-ruatoaikua-ta-laihina-aikoja-seka-tilojen-kayttyo-kampuksien-remonturuavot-vaikutetah-kirjastoloin-ruadoaigah-da-laihinaigoih-sego-tiloin-kayttamizeh\/\" \/>\n<meta property=\"og:site_name\" content=\"UEF Library\" \/>\n<meta property=\"article:publisher\" content=\"https:\/\/www.facebook.com\/ueflibrary\" \/>\n<meta property=\"article:published_time\" content=\"2021-04-12T08:04:55+00:00\" \/>\n<meta property=\"article:modified_time\" content=\"2026-02-27T08:34:00+00:00\" \/>\n<meta property=\"og:image\" content=\"https:\/\/blogs.uef.fi\/ueflibrary\/wp-content\/uploads\/sites\/18\/2021\/04\/Joerem.png\" \/>\n\t<meta property=\"og:image:width\" content=\"601\" \/>\n\t<meta property=\"og:image:height\" content=\"593\" \/>\n\t<meta property=\"og:image:type\" content=\"image\/png\" \/>\n<meta name=\"author\" content=\"ueflibrary\" \/>\n<meta name=\"twitter:card\" content=\"summary_large_image\" \/>\n<meta name=\"twitter:creator\" content=\"@ueflibrary\" \/>\n<meta name=\"twitter:site\" content=\"@ueflibrary\" \/>\n<meta name=\"twitter:label1\" content=\"Kirjoittanut\" \/>\n\t<meta name=\"twitter:data1\" content=\"ueflibrary\" \/>\n\t<meta name=\"twitter:label2\" content=\"Arvioitu lukuaika\" \/>\n\t<meta name=\"twitter:data2\" content=\"4 minuuttia\" \/>\n<script type=\"application\/ld+json\" class=\"yoast-schema-graph\">{\"@context\":\"https:\\\/\\\/schema.org\",\"@graph\":[{\"@type\":\"Article\",\"@id\":\"https:\\\/\\\/blogs.uef.fi\\\/ueflibrary\\\/kampuksien-remonttityot-muutetah-kirjastojen-ruatoaikua-ta-laihina-aikoja-seka-tilojen-kayttyo-kampuksien-remonturuavot-vaikutetah-kirjastoloin-ruadoaigah-da-laihinaigoih-sego-tiloin-kayttamizeh\\\/#article\",\"isPartOf\":{\"@id\":\"https:\\\/\\\/blogs.uef.fi\\\/ueflibrary\\\/kampuksien-remonttityot-muutetah-kirjastojen-ruatoaikua-ta-laihina-aikoja-seka-tilojen-kayttyo-kampuksien-remonturuavot-vaikutetah-kirjastoloin-ruadoaigah-da-laihinaigoih-sego-tiloin-kayttamizeh\\\/\"},\"author\":{\"name\":\"ueflibrary\",\"@id\":\"https:\\\/\\\/blogs.uef.fi\\\/ueflibrary\\\/#\\\/schema\\\/person\\\/a8e211011f90578da5fdd0c5aacfeee3\"},\"headline\":\"Kampuksien remonttity\u00f6t muutetah kirja\u0161tojen ruatoaikua ta laihina-aikoja, \u0161ek\u00e4 tilojen k\u00e4ytty\u00f6 | Kampuksien remonturuavot vaikutetah kirjastoloin ruadoaigah da laihinaigoih sego tiloin k\u00e4ytt\u00e4mizeh\",\"datePublished\":\"2021-04-12T08:04:55+00:00\",\"dateModified\":\"2026-02-27T08:34:00+00:00\",\"mainEntityOfPage\":{\"@id\":\"https:\\\/\\\/blogs.uef.fi\\\/ueflibrary\\\/kampuksien-remonttityot-muutetah-kirjastojen-ruatoaikua-ta-laihina-aikoja-seka-tilojen-kayttyo-kampuksien-remonturuavot-vaikutetah-kirjastoloin-ruadoaigah-da-laihinaigoih-sego-tiloin-kayttamizeh\\\/\"},\"wordCount\":611,\"commentCount\":0,\"publisher\":{\"@id\":\"https:\\\/\\\/blogs.uef.fi\\\/ueflibrary\\\/#organization\"},\"image\":{\"@id\":\"https:\\\/\\\/blogs.uef.fi\\\/ueflibrary\\\/kampuksien-remonttityot-muutetah-kirjastojen-ruatoaikua-ta-laihina-aikoja-seka-tilojen-kayttyo-kampuksien-remonturuavot-vaikutetah-kirjastoloin-ruadoaigah-da-laihinaigoih-sego-tiloin-kayttamizeh\\\/#primaryimage\"},\"thumbnailUrl\":\"https:\\\/\\\/blogs.uef.fi\\\/ueflibrary\\\/wp-content\\\/uploads\\\/sites\\\/18\\\/2021\\\/04\\\/Joerem.png\",\"keywords\":[\"Karelian languages\",\"karjalan kielet\",\"remontit\",\"renovations\"],\"articleSection\":[\"Ajankohtaista | News\"],\"inLanguage\":\"fi\",\"potentialAction\":[{\"@type\":\"CommentAction\",\"name\":\"Comment\",\"target\":[\"https:\\\/\\\/blogs.uef.fi\\\/ueflibrary\\\/kampuksien-remonttityot-muutetah-kirjastojen-ruatoaikua-ta-laihina-aikoja-seka-tilojen-kayttyo-kampuksien-remonturuavot-vaikutetah-kirjastoloin-ruadoaigah-da-laihinaigoih-sego-tiloin-kayttamizeh\\\/#respond\"]}]},{\"@type\":\"WebPage\",\"@id\":\"https:\\\/\\\/blogs.uef.fi\\\/ueflibrary\\\/kampuksien-remonttityot-muutetah-kirjastojen-ruatoaikua-ta-laihina-aikoja-seka-tilojen-kayttyo-kampuksien-remonturuavot-vaikutetah-kirjastoloin-ruadoaigah-da-laihinaigoih-sego-tiloin-kayttamizeh\\\/\",\"url\":\"https:\\\/\\\/blogs.uef.fi\\\/ueflibrary\\\/kampuksien-remonttityot-muutetah-kirjastojen-ruatoaikua-ta-laihina-aikoja-seka-tilojen-kayttyo-kampuksien-remonturuavot-vaikutetah-kirjastoloin-ruadoaigah-da-laihinaigoih-sego-tiloin-kayttamizeh\\\/\",\"name\":\"Kampuksien remonttity\u00f6t muutetah kirja\u0161tojen ruatoaikua ta laihina-aikoja, \u0161ek\u00e4 tilojen k\u00e4ytty\u00f6 | Kampuksien remonturuavot vaikutetah kirjastoloin ruadoaigah da laihinaigoih sego tiloin k\u00e4ytt\u00e4mizeh | UEF Library\",\"isPartOf\":{\"@id\":\"https:\\\/\\\/blogs.uef.fi\\\/ueflibrary\\\/#website\"},\"primaryImageOfPage\":{\"@id\":\"https:\\\/\\\/blogs.uef.fi\\\/ueflibrary\\\/kampuksien-remonttityot-muutetah-kirjastojen-ruatoaikua-ta-laihina-aikoja-seka-tilojen-kayttyo-kampuksien-remonturuavot-vaikutetah-kirjastoloin-ruadoaigah-da-laihinaigoih-sego-tiloin-kayttamizeh\\\/#primaryimage\"},\"image\":{\"@id\":\"https:\\\/\\\/blogs.uef.fi\\\/ueflibrary\\\/kampuksien-remonttityot-muutetah-kirjastojen-ruatoaikua-ta-laihina-aikoja-seka-tilojen-kayttyo-kampuksien-remonturuavot-vaikutetah-kirjastoloin-ruadoaigah-da-laihinaigoih-sego-tiloin-kayttamizeh\\\/#primaryimage\"},\"thumbnailUrl\":\"https:\\\/\\\/blogs.uef.fi\\\/ueflibrary\\\/wp-content\\\/uploads\\\/sites\\\/18\\\/2021\\\/04\\\/Joerem.png\",\"datePublished\":\"2021-04-12T08:04:55+00:00\",\"dateModified\":\"2026-02-27T08:34:00+00:00\",\"inLanguage\":\"fi\",\"potentialAction\":[{\"@type\":\"ReadAction\",\"target\":[\"https:\\\/\\\/blogs.uef.fi\\\/ueflibrary\\\/kampuksien-remonttityot-muutetah-kirjastojen-ruatoaikua-ta-laihina-aikoja-seka-tilojen-kayttyo-kampuksien-remonturuavot-vaikutetah-kirjastoloin-ruadoaigah-da-laihinaigoih-sego-tiloin-kayttamizeh\\\/\"]}]},{\"@type\":\"ImageObject\",\"inLanguage\":\"fi\",\"@id\":\"https:\\\/\\\/blogs.uef.fi\\\/ueflibrary\\\/kampuksien-remonttityot-muutetah-kirjastojen-ruatoaikua-ta-laihina-aikoja-seka-tilojen-kayttyo-kampuksien-remonturuavot-vaikutetah-kirjastoloin-ruadoaigah-da-laihinaigoih-sego-tiloin-kayttamizeh\\\/#primaryimage\",\"url\":\"https:\\\/\\\/blogs.uef.fi\\\/ueflibrary\\\/wp-content\\\/uploads\\\/sites\\\/18\\\/2021\\\/04\\\/Joerem.png\",\"contentUrl\":\"https:\\\/\\\/blogs.uef.fi\\\/ueflibrary\\\/wp-content\\\/uploads\\\/sites\\\/18\\\/2021\\\/04\\\/Joerem.png\",\"width\":601,\"height\":593,\"caption\":\"levylle k\u00e4sinkirjoitettu teksti kulku kielletty putoamisvaara! stop\"},{\"@type\":\"WebSite\",\"@id\":\"https:\\\/\\\/blogs.uef.fi\\\/ueflibrary\\\/#website\",\"url\":\"https:\\\/\\\/blogs.uef.fi\\\/ueflibrary\\\/\",\"name\":\"UEF Library\",\"description\":\"Open science for open minds\",\"publisher\":{\"@id\":\"https:\\\/\\\/blogs.uef.fi\\\/ueflibrary\\\/#organization\"},\"potentialAction\":[{\"@type\":\"SearchAction\",\"target\":{\"@type\":\"EntryPoint\",\"urlTemplate\":\"https:\\\/\\\/blogs.uef.fi\\\/ueflibrary\\\/?s={search_term_string}\"},\"query-input\":{\"@type\":\"PropertyValueSpecification\",\"valueRequired\":true,\"valueName\":\"search_term_string\"}}],\"inLanguage\":\"fi\"},{\"@type\":\"Organization\",\"@id\":\"https:\\\/\\\/blogs.uef.fi\\\/ueflibrary\\\/#organization\",\"name\":\"UEF Library\",\"url\":\"https:\\\/\\\/blogs.uef.fi\\\/ueflibrary\\\/\",\"logo\":{\"@type\":\"ImageObject\",\"inLanguage\":\"fi\",\"@id\":\"https:\\\/\\\/blogs.uef.fi\\\/ueflibrary\\\/#\\\/schema\\\/logo\\\/image\\\/\",\"url\":\"https:\\\/\\\/blogs.uef.fi\\\/ueflibrary\\\/wp-content\\\/uploads\\\/sites\\\/18\\\/2018\\\/04\\\/Logo-kirjasto.png\",\"contentUrl\":\"https:\\\/\\\/blogs.uef.fi\\\/ueflibrary\\\/wp-content\\\/uploads\\\/sites\\\/18\\\/2018\\\/04\\\/Logo-kirjasto.png\",\"width\":300,\"height\":300,\"caption\":\"UEF Library\"},\"image\":{\"@id\":\"https:\\\/\\\/blogs.uef.fi\\\/ueflibrary\\\/#\\\/schema\\\/logo\\\/image\\\/\"},\"sameAs\":[\"https:\\\/\\\/www.facebook.com\\\/ueflibrary\",\"https:\\\/\\\/x.com\\\/ueflibrary\",\"https:\\\/\\\/www.instagram.com\\\/ueflibrary\\\/\",\"https:\\\/\\\/www.youtube.com\\\/user\\\/UEFLibrary\"]},{\"@type\":\"Person\",\"@id\":\"https:\\\/\\\/blogs.uef.fi\\\/ueflibrary\\\/#\\\/schema\\\/person\\\/a8e211011f90578da5fdd0c5aacfeee3\",\"name\":\"ueflibrary\",\"image\":{\"@type\":\"ImageObject\",\"inLanguage\":\"fi\",\"@id\":\"https:\\\/\\\/secure.gravatar.com\\\/avatar\\\/1c4267db9d0c1de64a30db93f9480cb1dc4a079fcec0109e406050c596cb2ca7?s=96&d=blank&r=g\",\"url\":\"https:\\\/\\\/secure.gravatar.com\\\/avatar\\\/1c4267db9d0c1de64a30db93f9480cb1dc4a079fcec0109e406050c596cb2ca7?s=96&d=blank&r=g\",\"contentUrl\":\"https:\\\/\\\/secure.gravatar.com\\\/avatar\\\/1c4267db9d0c1de64a30db93f9480cb1dc4a079fcec0109e406050c596cb2ca7?s=96&d=blank&r=g\",\"caption\":\"ueflibrary\"},\"description\":\"The UEF Library is a public academic library offering state-of-the-art library and information services especially for the university's staff members and students. However, the library is also open to everyone else who is seeking information. The UEF Library campus libraries are in Joensuu, Kuopio and Savonlinna, and in the Kuopio there is also the KUH Medical Library. The electronic collections can be accessed also off-campus by UEF staff and students.\",\"sameAs\":[\"http:\\\/\\\/www.uef.fi\\\/en\\\/web\\\/kirjasto\"],\"url\":\"https:\\\/\\\/blogs.uef.fi\\\/ueflibrary\\\/author\\\/ueflibrary\\\/\"}]}<\/script>\n<!-- \/ Yoast SEO plugin. -->","yoast_head_json":{"title":"Kampuksien remonttity\u00f6t muutetah kirja\u0161tojen ruatoaikua ta laihina-aikoja, \u0161ek\u00e4 tilojen k\u00e4ytty\u00f6 | Kampuksien remonturuavot vaikutetah kirjastoloin ruadoaigah da laihinaigoih sego tiloin k\u00e4ytt\u00e4mizeh | UEF Library","robots":{"index":"index","follow":"follow","max-snippet":"max-snippet:-1","max-image-preview":"max-image-preview:large","max-video-preview":"max-video-preview:-1"},"canonical":"https:\/\/blogs.uef.fi\/ueflibrary\/kampuksien-remonttityot-muutetah-kirjastojen-ruatoaikua-ta-laihina-aikoja-seka-tilojen-kayttyo-kampuksien-remonturuavot-vaikutetah-kirjastoloin-ruadoaigah-da-laihinaigoih-sego-tiloin-kayttamizeh\/","og_locale":"fi_FI","og_type":"article","og_title":"Kampuksien remonttity\u00f6t muutetah kirja\u0161tojen ruatoaikua ta laihina-aikoja, \u0161ek\u00e4 tilojen k\u00e4ytty\u00f6 | Kampuksien remonturuavot vaikutetah kirjastoloin ruadoaigah da laihinaigoih sego tiloin k\u00e4ytt\u00e4mizeh | UEF Library","og_description":"(Suomeksi)(In English) Kirja\u0161tot ollah toi\u010d\u010di \u0161alvattu, kulkutiet kirja\u0161toloih muututah ta voit olla ni metelie. Kuopion kampuskirja\u0161to on kokonah \u0161alvattu 1.5.\u20134.6.2021 ta Joven\u0161uun kampuskirja\u0161to on kokonah \u0161alvattu 10.5.\u20134.6.2021. Kohennu\u0161varu\u0161\u0161uk\u0161ien t\u00e4hen Joven\u0161uun kampuskirja\u0161to ta Kuopion kampuskirja\u0161to \u0161iirryt\u00e4h ke\u0161\u00e4ruatoaikoih 19.4.2021. Ke\u0161\u00e4ruatoajat ollah Kuopion kampuskirja\u0161to\u0161\u0161a 19.4.\u201330.4. ta Joven\u0161uun kampuskirja\u0161to\u0161\u0161a 19.4.\u20137.5. \u0161ek\u00e4 molommissa 7.6. alkuan 31.8.2021 \u0161uaten. Remontti jatkuu koko [&hellip;]","og_url":"https:\/\/blogs.uef.fi\/ueflibrary\/kampuksien-remonttityot-muutetah-kirjastojen-ruatoaikua-ta-laihina-aikoja-seka-tilojen-kayttyo-kampuksien-remonturuavot-vaikutetah-kirjastoloin-ruadoaigah-da-laihinaigoih-sego-tiloin-kayttamizeh\/","og_site_name":"UEF Library","article_publisher":"https:\/\/www.facebook.com\/ueflibrary","article_published_time":"2021-04-12T08:04:55+00:00","article_modified_time":"2026-02-27T08:34:00+00:00","og_image":[{"width":601,"height":593,"url":"https:\/\/blogs.uef.fi\/ueflibrary\/wp-content\/uploads\/sites\/18\/2021\/04\/Joerem.png","type":"image\/png"}],"author":"ueflibrary","twitter_card":"summary_large_image","twitter_creator":"@ueflibrary","twitter_site":"@ueflibrary","twitter_misc":{"Kirjoittanut":"ueflibrary","Arvioitu lukuaika":"4 minuuttia"},"schema":{"@context":"https:\/\/schema.org","@graph":[{"@type":"Article","@id":"https:\/\/blogs.uef.fi\/ueflibrary\/kampuksien-remonttityot-muutetah-kirjastojen-ruatoaikua-ta-laihina-aikoja-seka-tilojen-kayttyo-kampuksien-remonturuavot-vaikutetah-kirjastoloin-ruadoaigah-da-laihinaigoih-sego-tiloin-kayttamizeh\/#article","isPartOf":{"@id":"https:\/\/blogs.uef.fi\/ueflibrary\/kampuksien-remonttityot-muutetah-kirjastojen-ruatoaikua-ta-laihina-aikoja-seka-tilojen-kayttyo-kampuksien-remonturuavot-vaikutetah-kirjastoloin-ruadoaigah-da-laihinaigoih-sego-tiloin-kayttamizeh\/"},"author":{"name":"ueflibrary","@id":"https:\/\/blogs.uef.fi\/ueflibrary\/#\/schema\/person\/a8e211011f90578da5fdd0c5aacfeee3"},"headline":"Kampuksien remonttity\u00f6t muutetah kirja\u0161tojen ruatoaikua ta laihina-aikoja, \u0161ek\u00e4 tilojen k\u00e4ytty\u00f6 | Kampuksien remonturuavot vaikutetah kirjastoloin ruadoaigah da laihinaigoih sego tiloin k\u00e4ytt\u00e4mizeh","datePublished":"2021-04-12T08:04:55+00:00","dateModified":"2026-02-27T08:34:00+00:00","mainEntityOfPage":{"@id":"https:\/\/blogs.uef.fi\/ueflibrary\/kampuksien-remonttityot-muutetah-kirjastojen-ruatoaikua-ta-laihina-aikoja-seka-tilojen-kayttyo-kampuksien-remonturuavot-vaikutetah-kirjastoloin-ruadoaigah-da-laihinaigoih-sego-tiloin-kayttamizeh\/"},"wordCount":611,"commentCount":0,"publisher":{"@id":"https:\/\/blogs.uef.fi\/ueflibrary\/#organization"},"image":{"@id":"https:\/\/blogs.uef.fi\/ueflibrary\/kampuksien-remonttityot-muutetah-kirjastojen-ruatoaikua-ta-laihina-aikoja-seka-tilojen-kayttyo-kampuksien-remonturuavot-vaikutetah-kirjastoloin-ruadoaigah-da-laihinaigoih-sego-tiloin-kayttamizeh\/#primaryimage"},"thumbnailUrl":"https:\/\/blogs.uef.fi\/ueflibrary\/wp-content\/uploads\/sites\/18\/2021\/04\/Joerem.png","keywords":["Karelian languages","karjalan kielet","remontit","renovations"],"articleSection":["Ajankohtaista | News"],"inLanguage":"fi","potentialAction":[{"@type":"CommentAction","name":"Comment","target":["https:\/\/blogs.uef.fi\/ueflibrary\/kampuksien-remonttityot-muutetah-kirjastojen-ruatoaikua-ta-laihina-aikoja-seka-tilojen-kayttyo-kampuksien-remonturuavot-vaikutetah-kirjastoloin-ruadoaigah-da-laihinaigoih-sego-tiloin-kayttamizeh\/#respond"]}]},{"@type":"WebPage","@id":"https:\/\/blogs.uef.fi\/ueflibrary\/kampuksien-remonttityot-muutetah-kirjastojen-ruatoaikua-ta-laihina-aikoja-seka-tilojen-kayttyo-kampuksien-remonturuavot-vaikutetah-kirjastoloin-ruadoaigah-da-laihinaigoih-sego-tiloin-kayttamizeh\/","url":"https:\/\/blogs.uef.fi\/ueflibrary\/kampuksien-remonttityot-muutetah-kirjastojen-ruatoaikua-ta-laihina-aikoja-seka-tilojen-kayttyo-kampuksien-remonturuavot-vaikutetah-kirjastoloin-ruadoaigah-da-laihinaigoih-sego-tiloin-kayttamizeh\/","name":"Kampuksien remonttity\u00f6t muutetah kirja\u0161tojen ruatoaikua ta laihina-aikoja, \u0161ek\u00e4 tilojen k\u00e4ytty\u00f6 | Kampuksien remonturuavot vaikutetah kirjastoloin ruadoaigah da laihinaigoih sego tiloin k\u00e4ytt\u00e4mizeh | UEF Library","isPartOf":{"@id":"https:\/\/blogs.uef.fi\/ueflibrary\/#website"},"primaryImageOfPage":{"@id":"https:\/\/blogs.uef.fi\/ueflibrary\/kampuksien-remonttityot-muutetah-kirjastojen-ruatoaikua-ta-laihina-aikoja-seka-tilojen-kayttyo-kampuksien-remonturuavot-vaikutetah-kirjastoloin-ruadoaigah-da-laihinaigoih-sego-tiloin-kayttamizeh\/#primaryimage"},"image":{"@id":"https:\/\/blogs.uef.fi\/ueflibrary\/kampuksien-remonttityot-muutetah-kirjastojen-ruatoaikua-ta-laihina-aikoja-seka-tilojen-kayttyo-kampuksien-remonturuavot-vaikutetah-kirjastoloin-ruadoaigah-da-laihinaigoih-sego-tiloin-kayttamizeh\/#primaryimage"},"thumbnailUrl":"https:\/\/blogs.uef.fi\/ueflibrary\/wp-content\/uploads\/sites\/18\/2021\/04\/Joerem.png","datePublished":"2021-04-12T08:04:55+00:00","dateModified":"2026-02-27T08:34:00+00:00","inLanguage":"fi","potentialAction":[{"@type":"ReadAction","target":["https:\/\/blogs.uef.fi\/ueflibrary\/kampuksien-remonttityot-muutetah-kirjastojen-ruatoaikua-ta-laihina-aikoja-seka-tilojen-kayttyo-kampuksien-remonturuavot-vaikutetah-kirjastoloin-ruadoaigah-da-laihinaigoih-sego-tiloin-kayttamizeh\/"]}]},{"@type":"ImageObject","inLanguage":"fi","@id":"https:\/\/blogs.uef.fi\/ueflibrary\/kampuksien-remonttityot-muutetah-kirjastojen-ruatoaikua-ta-laihina-aikoja-seka-tilojen-kayttyo-kampuksien-remonturuavot-vaikutetah-kirjastoloin-ruadoaigah-da-laihinaigoih-sego-tiloin-kayttamizeh\/#primaryimage","url":"https:\/\/blogs.uef.fi\/ueflibrary\/wp-content\/uploads\/sites\/18\/2021\/04\/Joerem.png","contentUrl":"https:\/\/blogs.uef.fi\/ueflibrary\/wp-content\/uploads\/sites\/18\/2021\/04\/Joerem.png","width":601,"height":593,"caption":"levylle k\u00e4sinkirjoitettu teksti kulku kielletty putoamisvaara! stop"},{"@type":"WebSite","@id":"https:\/\/blogs.uef.fi\/ueflibrary\/#website","url":"https:\/\/blogs.uef.fi\/ueflibrary\/","name":"UEF Library","description":"Open science for open minds","publisher":{"@id":"https:\/\/blogs.uef.fi\/ueflibrary\/#organization"},"potentialAction":[{"@type":"SearchAction","target":{"@type":"EntryPoint","urlTemplate":"https:\/\/blogs.uef.fi\/ueflibrary\/?s={search_term_string}"},"query-input":{"@type":"PropertyValueSpecification","valueRequired":true,"valueName":"search_term_string"}}],"inLanguage":"fi"},{"@type":"Organization","@id":"https:\/\/blogs.uef.fi\/ueflibrary\/#organization","name":"UEF Library","url":"https:\/\/blogs.uef.fi\/ueflibrary\/","logo":{"@type":"ImageObject","inLanguage":"fi","@id":"https:\/\/blogs.uef.fi\/ueflibrary\/#\/schema\/logo\/image\/","url":"https:\/\/blogs.uef.fi\/ueflibrary\/wp-content\/uploads\/sites\/18\/2018\/04\/Logo-kirjasto.png","contentUrl":"https:\/\/blogs.uef.fi\/ueflibrary\/wp-content\/uploads\/sites\/18\/2018\/04\/Logo-kirjasto.png","width":300,"height":300,"caption":"UEF Library"},"image":{"@id":"https:\/\/blogs.uef.fi\/ueflibrary\/#\/schema\/logo\/image\/"},"sameAs":["https:\/\/www.facebook.com\/ueflibrary","https:\/\/x.com\/ueflibrary","https:\/\/www.instagram.com\/ueflibrary\/","https:\/\/www.youtube.com\/user\/UEFLibrary"]},{"@type":"Person","@id":"https:\/\/blogs.uef.fi\/ueflibrary\/#\/schema\/person\/a8e211011f90578da5fdd0c5aacfeee3","name":"ueflibrary","image":{"@type":"ImageObject","inLanguage":"fi","@id":"https:\/\/secure.gravatar.com\/avatar\/1c4267db9d0c1de64a30db93f9480cb1dc4a079fcec0109e406050c596cb2ca7?s=96&d=blank&r=g","url":"https:\/\/secure.gravatar.com\/avatar\/1c4267db9d0c1de64a30db93f9480cb1dc4a079fcec0109e406050c596cb2ca7?s=96&d=blank&r=g","contentUrl":"https:\/\/secure.gravatar.com\/avatar\/1c4267db9d0c1de64a30db93f9480cb1dc4a079fcec0109e406050c596cb2ca7?s=96&d=blank&r=g","caption":"ueflibrary"},"description":"The UEF Library is a public academic library offering state-of-the-art library and information services especially for the university's staff members and students. However, the library is also open to everyone else who is seeking information. The UEF Library campus libraries are in Joensuu, Kuopio and Savonlinna, and in the Kuopio there is also the KUH Medical Library. The electronic collections can be accessed also off-campus by UEF staff and students.","sameAs":["http:\/\/www.uef.fi\/en\/web\/kirjasto"],"url":"https:\/\/blogs.uef.fi\/ueflibrary\/author\/ueflibrary\/"}]}},"_links":{"self":[{"href":"https:\/\/blogs.uef.fi\/ueflibrary\/wp-json\/wp\/v2\/posts\/12238","targetHints":{"allow":["GET"]}}],"collection":[{"href":"https:\/\/blogs.uef.fi\/ueflibrary\/wp-json\/wp\/v2\/posts"}],"about":[{"href":"https:\/\/blogs.uef.fi\/ueflibrary\/wp-json\/wp\/v2\/types\/post"}],"author":[{"embeddable":true,"href":"https:\/\/blogs.uef.fi\/ueflibrary\/wp-json\/wp\/v2\/users\/72"}],"replies":[{"embeddable":true,"href":"https:\/\/blogs.uef.fi\/ueflibrary\/wp-json\/wp\/v2\/comments?post=12238"}],"version-history":[{"count":2,"href":"https:\/\/blogs.uef.fi\/ueflibrary\/wp-json\/wp\/v2\/posts\/12238\/revisions"}],"predecessor-version":[{"id":26316,"href":"https:\/\/blogs.uef.fi\/ueflibrary\/wp-json\/wp\/v2\/posts\/12238\/revisions\/26316"}],"wp:attachment":[{"href":"https:\/\/blogs.uef.fi\/ueflibrary\/wp-json\/wp\/v2\/media?parent=12238"}],"wp:term":[{"taxonomy":"category","embeddable":true,"href":"https:\/\/blogs.uef.fi\/ueflibrary\/wp-json\/wp\/v2\/categories?post=12238"},{"taxonomy":"post_tag","embeddable":true,"href":"https:\/\/blogs.uef.fi\/ueflibrary\/wp-json\/wp\/v2\/tags?post=12238"}],"curies":[{"name":"wp","href":"https:\/\/api.w.org\/{rel}","templated":true}]}}