{"id":10355,"date":"2020-06-22T07:00:16","date_gmt":"2020-06-22T05:00:16","guid":{"rendered":"https:\/\/blogs.uef.fi\/ueflibrary\/?p=10355"},"modified":"2025-12-18T10:15:45","modified_gmt":"2025-12-18T08:15:45","slug":"hymy-ja-valitusviikot-kevat-2020","status":"publish","type":"post","link":"https:\/\/blogs.uef.fi\/ueflibrary\/hymy-ja-valitusviikot-kevat-2020\/","title":{"rendered":"Hymy- ja valitusviikot kev\u00e4t 2020 &#8211; vastaajina Arja Juntunen, Jukka Kananen ja Riitta Porkka | Smiles and Complaints Week, spring 2020 \u2013 responses by Arja Juntunen, Jukka Kananen and Riitta Porkka"},"content":{"rendered":"\n<p><bdo lang=\"en\" dir=\"ltr\">(Please, scroll down to read in English.)<\/bdo><\/p>\n\n\n\n<h3 class=\"wp-block-heading\">Joensuu<\/h3>\n\n\n\n<p><strong>Olisi hyv\u00e4 saada kirjaston materiaalia enemm\u00e4n s\u00e4hk\u00f6iseen muotoon.<\/strong><br \/>Valitettavasti kaikkea opetuksessa ja tutkimuksessa t\u00e4ll\u00e4 hetkell\u00e4 tarvittavaa aineistoa ei ole saatavana s\u00e4hk\u00f6isen\u00e4. Hankintaperiaatteemme on, ett\u00e4 kaikki aineistot hankitaan s\u00e4hk\u00f6isen\u00e4 aina kun se on mahdollista. Teemme my\u00f6s koko ajan yhteisty\u00f6t\u00e4 oppiaineiden kanssa niin, ett\u00e4 entist\u00e4 suurempi osa opiskelussa vaadittavasta aineistosta olisi s\u00e4hk\u00f6isess\u00e4 muodossa.<\/p>\n\n\n\n<p><strong>Hyv\u00e4, ett\u00e4 teill\u00e4 on paljon verkkokirjoja ja ett\u00e4 Liukulan artikkeleita on my\u00f6s mahdollista saada luettaviksi s\u00e4hk\u00f6isin\u00e4!<\/strong><br \/>Kiitos palautteesta. Artikkeleiden, my\u00f6s vanhempia, s\u00e4hk\u00f6inen saatavuus paranee koko ajan. T\u00e4ss\u00e4 yhteydess\u00e4 voisin my\u00f6s mainostaa, ett\u00e4 UEF on mukana kansallisessa <a href=\"https:\/\/blogs.uef.fi\/ueflibrary\/tutkain-hanke-avaa-kahdeksan-miljoonaa-uutta-sivua-uefilaisille\/\" target=\"_blank\" rel=\"noopener noreferrer\">Tutkain-hankkeessa<\/a>, joka huimasti kasvattaa kotimaisten artikkeleiden s\u00e4hk\u00f6ist\u00e4 saatavuutta.<\/p>\n\n\n\n<p><strong>Kirjaston toisen ja kolmannen kerroksen A- ja B-saleissa on kylm\u00e4. Lis\u00e4ksi kirjaston valaistusta tulisi parantaa. Ylip\u00e4\u00e4t\u00e4\u00e4n kirjaston viihtyvyytt\u00e4 olisi mielest\u00e4ni pyritt\u00e4v\u00e4 parantamaan ainakin nyt ensisijaisesti valaistuksen ja l\u00e4mp\u00f6tilan osalta. Muuten kirjaston palvelut toimivat hyvin.<\/strong><br \/>Viemme palautteesta tietoa eteenp\u00e4in. Ongelma ei ole helposti ratkaistavissa, koska rakennus alkaa olla jo vanha ja vaatisi ehk\u00e4 peruskorjaustason ratkaisuja. Yritet\u00e4\u00e4n kuitenkin edist\u00e4\u00e4 t\u00e4t\u00e4 siin\u00e4 m\u00e4\u00e4rin kuin se on mahdollista.<\/p>\n\n\n\n<p><strong>The library or at least parts of it should be open to students for 24\/7 regardless of having a badge. Especially during Finnish winter the current situation is a huge safety risk. If a student were to accidentally leave keys and\/or cell phone inside they may not be able to get into their building at home (as the key pads are deactivated at night), which for some students is an hour walk away already. Relying on deposits for badges and fines for opening the doors is asinine at best. It puts undue strain on us as students when all we want is a study place that is warm and maybe has access to a printer.<br \/><\/strong>Kun nykyinen k\u00e4yt\u00e4nt\u00f6 on suunniteltu, on siin\u00e4 haluttu huomioida k\u00e4ytt\u00e4jien turvallisuus kokonaisvaltaisesti. Siihen liittyy my\u00f6s se, ett\u00e4 k\u00e4ytt\u00f6oikeus on rajattu kulkutunnuksen lunastaneille ja sen my\u00f6t\u00e4 k\u00e4ytt\u00f6s\u00e4\u00e4nn\u00f6t hyv\u00e4ksyneille turvallisuusohjeisiin perehtyneille henkil\u00f6ille. Kulkutunnistetta ja avainta ei saa unohtaa kirjastoon, se on osa k\u00e4ytt\u00e4j\u00e4n vastuuta.<\/p>\n\n\n\n<p><strong>Kiitos ihana kirjaston henkil\u00f6kunta! Kirjastoon kokee aina olevansa tervetullut, vaikka tulisi luimistellen vino pino r\u00e4stikirjoja repussa, aina otatte l\u00e4mpim\u00e4sti vastaan ja autatte asiassa kuin asiassa.<\/strong><br \/>Kiitos, v\u00e4lit\u00e4mme palautteen henkil\u00f6kunnalle. Ja ei tarvitse luimistella, koska t\u00e4m\u00e4 on meille kirjastossa ty\u00f6skenteleville tutuksi tullutta p\u00e4ivitt\u00e4ist\u00e4 toimintaa. Et siis ole t\u00e4ss\u00e4 tapauksessa \u201cainutkertainen\u201d<\/p>\n\n\n\n<p><strong>Olisi todella mukavaa, jos yliopiston rakennuksissa olisi sellaisia pieni\u00e4 \u00e4\u00e4nieristettyj\u00e4 &#8221;puhelinkoppeja&#8221;. (Olen n\u00e4hnyt t\u00e4llaisia Karelia AMK Tikkarinteen kampuksella) Nykyisell\u00e4\u00e4n ei ole oikein mit\u00e4\u00e4n paikkaa, miss\u00e4 voisi k\u00e4yd\u00e4 rauhassa soittamassa t\u00e4rkeit\u00e4 puheluita. Toivoisin, ett\u00e4 kirjaston lukusali ja yl\u00e4kerran salit voisivat olla l\u00e4mpim\u00e4mpi\u00e4. V\u00e4lttelen noissa paikoissa opiskelemista siksi, ett\u00e4 en tarkene olla siell\u00e4 ilman lapasia ja takkia.<\/strong><br \/>V\u00e4litet\u00e4\u00e4n puhelinkoppitoive eteenp\u00e4in, samoin kuin tilojen l\u00e4mp\u00f6tilaongelmat.<\/p>\n\n\n\n<p><strong>En aina pysty keskittym\u00e4\u00e4n opiskeluihini, kun kirjastossa saatetaan vain jutella ja hihitell\u00e4 kesken\u00e4\u00e4n.<\/strong><br \/>Joensuun kampuskirjaston ensimm\u00e4inen kerroshan on jaettu \u00e4\u00e4nivy\u00f6hykkeisiin, joissa osasta saa jutella ja hihitell\u00e4kin, toki toiset k\u00e4ytt\u00e4j\u00e4t huomioon ottaen. Lukusali taas on t\u00e4ysin hiljainen tila. Auttaisikohan siirtyminen sinne asiaa?<\/p>\n\n\n\n<h3 class=\"wp-block-heading\">UEF-Primo<\/h3>\n\n\n\n<p><strong>Primo on aivan hirvitt\u00e4v\u00e4n huono k\u00e4ytett\u00e4v\u00e4. Se on ep\u00e4selv\u00e4 ja mill\u00e4 tahansa laitteella sit\u00e4 k\u00e4ytt\u00e4\u00e4kin, sivusto p\u00e4ivittyy automaattisesti tai siirtyy hakutulosten alkuun itsekseen, mik\u00e4 vaikeuttaa teosten etsimist\u00e4 tai tarkastelua. Huono k\u00e4ytett\u00e4vyys ei innosta etsim\u00e4\u00e4n teoksia lainkaan.<\/strong><br \/>Ik\u00e4v\u00e4 kuulla. En saanut kommentistasi tarpeeksi tietoa, jotta voisimme selvitt\u00e4\u00e4, onko kyseess\u00e4 vika vaiko ominaisuus. Sivusto ei \u201cp\u00e4ivity\u201d automaattisesti, eik\u00e4 siirry hakutuloksen alkuun itsekseen, t\u00e4llaisia toimintoja ei Primoon ole rakennettu. Ks. <a href=\"https:\/\/www3.uef.fi\/fi\/web\/kirjasto\/primo-pikaopas\" target=\"_blank\" rel=\"noopener noreferrer\">pikaopas<\/a> ja <a href=\"https:\/\/www3.uef.fi\/fi\/web\/kirjasto\/primo-haut\" target=\"_blank\" rel=\"noopener noreferrer\">hakuohjeet<\/a>.<\/p>\n\n\n\n<p><strong>Primo on melko haastava k\u00e4ytt\u00e4\u00e4 ja etenkin mobiililaitteella sen selaaminen on kankeaa. Toivoisin my\u00f6s enemm\u00e4n aineistoja s\u00e4hk\u00f6isess\u00e4 muodossa. Kirjaston ty\u00f6ntekij\u00e4t ovat kuitenkin ihania ja auttavaisia!<\/strong><br \/>Mobiilipuolen toiminta ei ole viel\u00e4 t\u00e4ysin kunnossa, mutta k\u00e4ytt\u00f6liittym\u00e4n skaalautuvuutta ja toimintaa kehitet\u00e4\u00e4n koko ajan k\u00e4ytt\u00e4j\u00e4yst\u00e4v\u00e4llisemp\u00e4\u00e4n suuntaan.<\/p>\n\n\n\n<h3 class=\"wp-block-heading\">Koronakev\u00e4t<\/h3>\n\n\n\n<p><strong>Kirjaston materiaalia pit\u00e4isi saada enemm\u00e4n s\u00e4hk\u00f6iseksi, monet eiv\u00e4t saaneet kurssikirjoja, kun kirjastot sulkeutuivat ja kirjoja on rajattu m\u00e4\u00e4r\u00e4, koska monet veiv\u00e4t itselleen kotiin &#8221;miljoona&#8221; kirjaa ja muille ei j\u00e4\u00e4nyt oikein mit\u00e4\u00e4n. Monien opinnot venyv\u00e4t sen takia, koska kaikkia materiaaleja ei ole saatavilla.<\/strong><br \/>Koronan takia yliopistossa ja kirjastossa jouduttiin toteuttamaan nopeassa aikataulussa tilojen sulkeminen, ja t\u00e4m\u00e4 on varmasti vaikeuttanut monen opiskelujen etenemist\u00e4. Kev\u00e4\u00e4n ajan olemme aktiivisesti laajentaneet s\u00e4hk\u00f6isi\u00e4 kokoelmiamme. Valitettavasti t\u00e4ysin painettuja kokoelmia ei voi korvata e-versiolla, asiaa valaistu jo t\u00e4m\u00e4n artikkelin alussa. Nyt 14.5. alkava kirjojen noutopalvelu tuo helpotusta painettujen aineistojen saatavuusongelmaan.<\/p>\n\n\n\n<p><strong>Olisi todella hienoa, jos olisi mahdollista saada kirjaston paperisia kirjoja lainaan my\u00f6s t\u00e4ss\u00e4 et\u00e4opiskelutilanteessa. Esimerkiksi pient\u00e4 maksua vastaan postissa tai noutopisteelt\u00e4. Se helpottaisi tutkielman valmistumista!<\/strong><br \/>Rajoitettu kirjojen noutopalvelu on alkanut 14.5. Maksua siit\u00e4 ei perit\u00e4. Toivotaan, ett\u00e4 palvelusta on apua t\u00e4ss\u00e4 poikkeustilanteessa. Palvelu on my\u00f6s meille kirjastolaisille uuden oppimistilanne, ja p\u00e4ivitt\u00e4in tulee uusia asioita ratkottavaksi.<\/p>\n\n\n\n<p><strong>Huh, onneksi lainoja ei tarvinnut palauttaa yliopiston sulkeutumisen ajaksi. Kiitos siit\u00e4kin.<\/strong><br \/>T\u00e4m\u00e4 oli v\u00e4hint\u00e4, mit\u00e4 t\u00e4ss\u00e4 nopeasti tulleessa tilanteessa saatoimme tehd\u00e4.<\/p>\n\n\n\n<p><strong>Tsemppi\u00e4 hankaliin aikoihin.<\/strong><br \/>Kiitos ja samoin teille hyv\u00e4 asiakkaamme. Pysyt\u00e4\u00e4n tervein\u00e4.<\/p>\n\n\n\n<figure class=\"wp-block-image\"><img loading=\"lazy\" decoding=\"async\" width=\"1920\" height=\"1275\" src=\"https:\/\/blogs.uef.fi\/ueflibrary\/wp-content\/uploads\/sites\/18\/2020\/06\/feedback.jpg\" alt=\"Ruutuspaperilla kolme hymynaamapiirroskuvaa (suupielet yl\u00f6sp\u00e4in, suu viivana, suupielet alasp\u00e4in) ja niiden vieress\u00e4 ruudut, joihin voi piirt\u00e4\u00e4 ruksin.\" class=\"wp-image-10468\" srcset=\"https:\/\/blogs.uef.fi\/ueflibrary\/wp-content\/uploads\/sites\/18\/2020\/06\/feedback.jpg 1920w, https:\/\/blogs.uef.fi\/ueflibrary\/wp-content\/uploads\/sites\/18\/2020\/06\/feedback-151x100.jpg 151w, https:\/\/blogs.uef.fi\/ueflibrary\/wp-content\/uploads\/sites\/18\/2020\/06\/feedback-768x510.jpg 768w, https:\/\/blogs.uef.fi\/ueflibrary\/wp-content\/uploads\/sites\/18\/2020\/06\/feedback-1536x1020.jpg 1536w\" sizes=\"auto, (max-width: 1920px) 100vw, 1920px\" \/><\/figure>\n\n\n\n<h3 class=\"wp-block-heading\">Joensuu<\/h3>\n\n\n\n<p><bdo lang=\"en\" dir=\"ltr\"><strong>It would be nice to have more library materials available in electronic format.<br \/><\/strong>Unfortunately, not all the materials currently needed in teaching and research are available electronically. Our procurement principle is to purchase all materials in electronic format whenever possible. We are also always cooperating with university subjects to make even more of the materials needed in studies available in electronic format.<\/bdo><\/p>\n\n\n\n<p><bdo lang=\"en\" dir=\"ltr\"><strong>It is good that you have a lot of online books and that Liukula\u2019s articles are also available electronically!<br \/><\/strong>Thank you for your feedback. The electronic availability of articles, including older ones, is continuously improving. I will also take this opportunity to advertise that UEF is participating in the national <a href=\"https:\/\/blogs.uef.fi\/ueflibrary\/tutkain-hanke-avaa-kahdeksan-miljoonaa-uutta-sivua-uefilaisille\/\" target=\"_blank\" rel=\"noopener noreferrer\">Tutkain project<\/a> that is increasing the electronic availability of Finnish articles tremendously. <strong><br \/><\/strong><\/bdo><\/p>\n\n\n\n<p><bdo lang=\"en\" dir=\"ltr\"><strong>It is cold in halls A and B on the library\u2019s second and third floors. The lighting in the library should also be improved. In general, I think that the comfort of the library should be improved, at least primarily with regard to lighting and temperature. Apart from that, the library\u2019s services function well.<\/strong><br \/>We will pass this feedback on. This problem is not easy to resolve, as the building is starting to get \u2018old\u2019 and would perhaps require solutions at the level of a renovation. However, we will try to promote this to the extent possible.<\/bdo><\/p>\n\n\n\n<p><bdo lang=\"en\" dir=\"ltr\"><strong>The library or at least parts of it should be open to students for 24\/7 regardless of having a badge. Especially during Finnish winter the current situation is a huge safety risk. If a student were to accidentally leave keys and\/or cell phone inside they may not be able to get into their building at home (as the key pads are deactivated at night), which for some students is an hour walk away already. Relying on deposits for badges and fines for opening the doors is asinine at best. It puts undue strain on us as students when all we want is a study place that is warm and maybe has access to a printer.<\/strong><br \/>When this current practice was designed, the intention was to take the safety of the users comprehensively into account. This also involves the right of access being limited to those who have paid the deposit fee for an access badge and, through this, individuals who have accepted the terms of use and familiarised themselves with the safety instructions. It is part of the user\u2019s responsibility not to forget their access badge and key in the library.<\/bdo><\/p>\n\n\n\n<p><bdo lang=\"en\" dir=\"ltr\"><strong>Thank you, lovely library staff! I always feel welcome at the library. Even if I enter warily with a stack of overdue books in my backpack, you always give a warm welcome and assistance, regardless of the issue.<\/strong><br \/>Thank you, we will pass the feedback on to the staff. And there is no need to be wary, since this is a daily occurrence that we who work at the library are familiar with. So you are not \u2018unique\u2019 in this respect.<\/bdo><\/p>\n\n\n\n<p><bdo lang=\"en\" dir=\"ltr\"><strong>It would be really nice if the university buildings had small soundproof \u2018phone booths\u2019. (I\u2019ve seen some on the Tikkarinne Campus of Karelia University of Applied Sciences.) Right now, there really are no places where you can go to make important calls in peace. I would like the library\u2019s reading area and the halls upstairs to be warmer. I avoid studying in those places because it is too cold there without mittens and a coat.<\/strong><br \/>We will pass on the wish for a phone booth and the feedback about the facility temperature issues.<\/bdo><\/p>\n\n\n\n<p><bdo lang=\"en\" dir=\"ltr\"><strong>I am not always able to focus on my studies because people might be talking and giggling amongst themselves at the library.<\/strong><\/bdo><\/p>\n\n\n\n<p><bdo lang=\"en\" dir=\"ltr\">The first floor of the Joensuu Campus Library is divided into noise zones, some of which allow talking and even giggling, though the other users naturally have to be taken into consideration. The reading area, on the other hand, is a completely silent space. Perhaps moving there would help matters?<\/bdo><\/p>\n\n\n\n<h3 class=\"wp-block-heading\"><bdo lang=\"en\" dir=\"ltr\">UEF Primo<\/bdo><\/h3>\n\n\n\n<p><bdo lang=\"en\" dir=\"ltr\"><strong>Primo is absolutely awful to use. It is unclear and no matter what device you use it on, the website updates itself automatically or goes back to the start of the search results by itself, which makes it difficult to search for or examine works. The poor usability does not inspire you to search for works at all.<\/strong><br \/>We are sorry to hear that. Your comment did not provide me with enough information to determine whether this is a defect or a feature. The website does not \u2018update\u2019 automatically, nor does it move to the start of the search results by itself. Such features are not built into Primo. For search instructions, see <a href=\"https:\/\/www3.uef.fi\/en\/web\/kirjasto\/primo-pikaopas\" target=\"_blank\" rel=\"noopener noreferrer\">Quick guide<\/a> and <a href=\"https:\/\/www3.uef.fi\/en\/web\/kirjasto\/primo-haut\" target=\"_blank\" rel=\"noopener noreferrer\">Search in UEF Primo<\/a>.<\/bdo><\/p>\n\n\n\n<p><bdo lang=\"en\" dir=\"ltr\"><strong>Primo is pretty challenging to use and awkward to browse, particularly on mobile devices. I would also like to see more materials in electronic format. However, the library\u2019s employees are lovely and helpful!<\/strong><br \/>The mobile service is not completely ideal yet, but the scalability and operation of the user interface is being developed to be more user-oriented.<\/bdo><\/p>\n\n\n\n<h3 class=\"wp-block-heading\"><bdo lang=\"en\" dir=\"ltr\">COVID-19 spring<\/bdo><\/h3>\n\n\n\n<p><bdo lang=\"en\" dir=\"ltr\"><strong>More of the library materials should be made available in electronic format. Many were unable to get course books when the libraries closed, and there is a limited number of books because many people took \u2018a million\u2019 books home with them, not leaving much of anything for the rest. The studies of many people are being delayed because not all materials are available.<\/strong><br \/>Due to COVID-19, the university and library had to close down the facilities on a tight schedule, which has definitely affected the progress of many people\u2019s studies. We have been actively expanding our electronic collections this spring. Unfortunately, fully printed collections cannot be replaced with electronic versions, which is already explained at the beginning of this article. The book pick-up service launched on 14 May will alleviate the issue in the availability of printed materials.<\/bdo><\/p>\n\n\n\n<p><bdo lang=\"en\" dir=\"ltr\"><strong>It would be really great if it were possible to also borrow the library\u2019s paper books during this distance learning situation. For example against a small fee via Posti or a pick-up point. It would make it easier to complete my thesis!<\/strong><br \/>A limited book pick-up service started on 14 May. No fee is charged for it. We hope that this service will assist in this exceptional situation. The service is also a new learning situation for us at the library, and we come across new things in need of solving every day.<\/bdo><\/p>\n\n\n\n<p><bdo lang=\"en\" dir=\"ltr\"><strong>Huh, I am glad we did not have to return borrowed books because of the university closing. Thanks for that too.<br \/><\/strong>It was the least we could do in this situation that came upon us so quickly.<\/bdo><\/p>\n\n\n\n<p><bdo lang=\"en\" dir=\"ltr\"><strong>Good luck with these difficult times.<\/strong><br \/>Thank you and likewise, our dear customer. Let us all stay healthy.<\/bdo><\/p>\n\n\n\n<p>Arja Juntunen, palvelup\u00e4\u00e4llikk\u00f6 | <bdo lang=\"en\" dir=\"ltr\">Head of Services<\/bdo><br \/>Asiakaspalvelut | <bdo lang=\"en\" dir=\"ltr\">Customer Services<\/bdo><br \/>Riitta Porkka, palvelup\u00e4\u00e4llikk\u00f6 | <bdo lang=\"en\" dir=\"ltr\">Head of Services<\/bdo><br \/>Tietoaineistopalvelut | <bdo lang=\"en\" dir=\"ltr\">Collection Services<\/bdo><br \/>Jukka Kananen, palvelup\u00e4\u00e4llikk\u00f6 | <bdo lang=\"en\" dir=\"ltr\">Head of Services<\/bdo><br \/>Verkko- ja julkaisupalvelut | Library IT and Publishing Services<\/p>\n","protected":false},"excerpt":{"rendered":"<p>(Please, scroll down to read in English.) Joensuu Olisi hyv\u00e4 saada kirjaston materiaalia enemm\u00e4n s\u00e4hk\u00f6iseen muotoon.Valitettavasti kaikkea opetuksessa ja tutkimuksessa t\u00e4ll\u00e4 hetkell\u00e4 tarvittavaa aineistoa ei ole saatavana s\u00e4hk\u00f6isen\u00e4. Hankintaperiaatteemme on, ett\u00e4 kaikki aineistot hankitaan s\u00e4hk\u00f6isen\u00e4 aina kun se on mahdollista. Teemme my\u00f6s koko ajan yhteisty\u00f6t\u00e4 oppiaineiden kanssa niin, ett\u00e4 entist\u00e4 suurempi osa opiskelussa vaadittavasta aineistosta [&hellip;]<\/p>\n","protected":false},"author":1,"featured_media":0,"comment_status":"open","ping_status":"open","sticky":false,"template":"","format":"standard","meta":{"_acf_changed":false,"footnotes":""},"categories":[410],"tags":[549,547,228,1007],"class_list":["post-10355","post","type-post","status-publish","format-standard","hentry","category-ajankohtaista","tag-feedback","tag-hymy-ja-valitusviikot","tag-palautteet","tag-smiles-and-complaints-weeks"],"acf":[],"yoast_head":"<!-- This site is optimized with the Yoast SEO plugin v27.3 - https:\/\/yoast.com\/product\/yoast-seo-wordpress\/ -->\n<title>Hymy- ja valitusviikot kev\u00e4t 2020 - vastaajina Arja Juntunen, Jukka Kananen ja Riitta Porkka | Smiles and Complaints Week, spring 2020 \u2013 responses by Arja Juntunen, Jukka Kananen and Riitta Porkka | UEF Library<\/title>\n<meta name=\"robots\" content=\"index, follow, max-snippet:-1, max-image-preview:large, max-video-preview:-1\" \/>\n<link rel=\"canonical\" href=\"https:\/\/blogs.uef.fi\/ueflibrary\/hymy-ja-valitusviikot-kevat-2020\/\" \/>\n<meta property=\"og:locale\" content=\"fi_FI\" \/>\n<meta property=\"og:type\" content=\"article\" \/>\n<meta property=\"og:title\" content=\"Hymy- ja valitusviikot kev\u00e4t 2020 - vastaajina Arja Juntunen, Jukka Kananen ja Riitta Porkka | Smiles and Complaints Week, spring 2020 \u2013 responses by Arja Juntunen, Jukka Kananen and Riitta Porkka | UEF Library\" \/>\n<meta property=\"og:description\" content=\"(Please, scroll down to read in English.) Joensuu Olisi hyv\u00e4 saada kirjaston materiaalia enemm\u00e4n s\u00e4hk\u00f6iseen muotoon.Valitettavasti kaikkea opetuksessa ja tutkimuksessa t\u00e4ll\u00e4 hetkell\u00e4 tarvittavaa aineistoa ei ole saatavana s\u00e4hk\u00f6isen\u00e4. Hankintaperiaatteemme on, ett\u00e4 kaikki aineistot hankitaan s\u00e4hk\u00f6isen\u00e4 aina kun se on mahdollista. Teemme my\u00f6s koko ajan yhteisty\u00f6t\u00e4 oppiaineiden kanssa niin, ett\u00e4 entist\u00e4 suurempi osa opiskelussa vaadittavasta aineistosta [&hellip;]\" \/>\n<meta property=\"og:url\" content=\"https:\/\/blogs.uef.fi\/ueflibrary\/hymy-ja-valitusviikot-kevat-2020\/\" \/>\n<meta property=\"og:site_name\" content=\"UEF Library\" \/>\n<meta property=\"article:publisher\" content=\"https:\/\/www.facebook.com\/ueflibrary\" \/>\n<meta property=\"article:published_time\" content=\"2020-06-22T05:00:16+00:00\" \/>\n<meta property=\"article:modified_time\" content=\"2025-12-18T08:15:45+00:00\" \/>\n<meta property=\"og:image\" content=\"https:\/\/blogs.uef.fi\/ueflibrary\/wp-content\/uploads\/sites\/18\/2020\/06\/feedback.jpg\" \/>\n\t<meta property=\"og:image:width\" content=\"1920\" \/>\n\t<meta property=\"og:image:height\" content=\"1275\" \/>\n\t<meta property=\"og:image:type\" content=\"image\/jpeg\" \/>\n<meta name=\"author\" content=\"uef-admin\" \/>\n<meta name=\"twitter:card\" content=\"summary_large_image\" \/>\n<meta name=\"twitter:creator\" content=\"@ueflibrary\" \/>\n<meta name=\"twitter:site\" content=\"@ueflibrary\" \/>\n<meta name=\"twitter:label1\" content=\"Kirjoittanut\" \/>\n\t<meta name=\"twitter:data1\" content=\"uef-admin\" \/>\n\t<meta name=\"twitter:label2\" content=\"Arvioitu lukuaika\" \/>\n\t<meta name=\"twitter:data2\" content=\"13 minuuttia\" \/>\n<script type=\"application\/ld+json\" class=\"yoast-schema-graph\">{\"@context\":\"https:\\\/\\\/schema.org\",\"@graph\":[{\"@type\":\"Article\",\"@id\":\"https:\\\/\\\/blogs.uef.fi\\\/ueflibrary\\\/hymy-ja-valitusviikot-kevat-2020\\\/#article\",\"isPartOf\":{\"@id\":\"https:\\\/\\\/blogs.uef.fi\\\/ueflibrary\\\/hymy-ja-valitusviikot-kevat-2020\\\/\"},\"author\":{\"name\":\"uef-admin\",\"@id\":\"https:\\\/\\\/blogs.uef.fi\\\/ueflibrary\\\/#\\\/schema\\\/person\\\/68b9405b92c78017eecd7b0679c34075\"},\"headline\":\"Hymy- ja valitusviikot kev\u00e4t 2020 &#8211; vastaajina Arja Juntunen, Jukka Kananen ja Riitta Porkka | Smiles and Complaints Week, spring 2020 \u2013 responses by Arja Juntunen, Jukka Kananen and Riitta Porkka\",\"datePublished\":\"2020-06-22T05:00:16+00:00\",\"dateModified\":\"2025-12-18T08:15:45+00:00\",\"mainEntityOfPage\":{\"@id\":\"https:\\\/\\\/blogs.uef.fi\\\/ueflibrary\\\/hymy-ja-valitusviikot-kevat-2020\\\/\"},\"wordCount\":2111,\"commentCount\":0,\"publisher\":{\"@id\":\"https:\\\/\\\/blogs.uef.fi\\\/ueflibrary\\\/#organization\"},\"image\":{\"@id\":\"https:\\\/\\\/blogs.uef.fi\\\/ueflibrary\\\/hymy-ja-valitusviikot-kevat-2020\\\/#primaryimage\"},\"thumbnailUrl\":\"https:\\\/\\\/blogs.uef.fi\\\/ueflibrary\\\/wp-content\\\/uploads\\\/sites\\\/18\\\/2020\\\/06\\\/feedback.jpg\",\"keywords\":[\"feedback\",\"Hymy- ja valitusviikot\",\"palautteet\",\"Smiles and complaints Weeks\"],\"articleSection\":[\"Ajankohtaista | News\"],\"inLanguage\":\"fi\",\"potentialAction\":[{\"@type\":\"CommentAction\",\"name\":\"Comment\",\"target\":[\"https:\\\/\\\/blogs.uef.fi\\\/ueflibrary\\\/hymy-ja-valitusviikot-kevat-2020\\\/#respond\"]}]},{\"@type\":\"WebPage\",\"@id\":\"https:\\\/\\\/blogs.uef.fi\\\/ueflibrary\\\/hymy-ja-valitusviikot-kevat-2020\\\/\",\"url\":\"https:\\\/\\\/blogs.uef.fi\\\/ueflibrary\\\/hymy-ja-valitusviikot-kevat-2020\\\/\",\"name\":\"Hymy- ja valitusviikot kev\u00e4t 2020 - vastaajina Arja Juntunen, Jukka Kananen ja Riitta Porkka | Smiles and Complaints Week, spring 2020 \u2013 responses by Arja Juntunen, Jukka Kananen and Riitta Porkka | UEF Library\",\"isPartOf\":{\"@id\":\"https:\\\/\\\/blogs.uef.fi\\\/ueflibrary\\\/#website\"},\"primaryImageOfPage\":{\"@id\":\"https:\\\/\\\/blogs.uef.fi\\\/ueflibrary\\\/hymy-ja-valitusviikot-kevat-2020\\\/#primaryimage\"},\"image\":{\"@id\":\"https:\\\/\\\/blogs.uef.fi\\\/ueflibrary\\\/hymy-ja-valitusviikot-kevat-2020\\\/#primaryimage\"},\"thumbnailUrl\":\"https:\\\/\\\/blogs.uef.fi\\\/ueflibrary\\\/wp-content\\\/uploads\\\/sites\\\/18\\\/2020\\\/06\\\/feedback.jpg\",\"datePublished\":\"2020-06-22T05:00:16+00:00\",\"dateModified\":\"2025-12-18T08:15:45+00:00\",\"inLanguage\":\"fi\",\"potentialAction\":[{\"@type\":\"ReadAction\",\"target\":[\"https:\\\/\\\/blogs.uef.fi\\\/ueflibrary\\\/hymy-ja-valitusviikot-kevat-2020\\\/\"]}]},{\"@type\":\"ImageObject\",\"inLanguage\":\"fi\",\"@id\":\"https:\\\/\\\/blogs.uef.fi\\\/ueflibrary\\\/hymy-ja-valitusviikot-kevat-2020\\\/#primaryimage\",\"url\":\"https:\\\/\\\/blogs.uef.fi\\\/ueflibrary\\\/wp-content\\\/uploads\\\/sites\\\/18\\\/2020\\\/06\\\/feedback.jpg\",\"contentUrl\":\"https:\\\/\\\/blogs.uef.fi\\\/ueflibrary\\\/wp-content\\\/uploads\\\/sites\\\/18\\\/2020\\\/06\\\/feedback.jpg\",\"width\":1920,\"height\":1275,\"caption\":\"Ruutuspaperilla kolme hymynaamapiirroskuvaa (suupielet yl\u00f6sp\u00e4in, suu viivana, suupielet alasp\u00e4in) ja niiden vieress\u00e4 ruudut, joihin voi piirt\u00e4\u00e4 ruksin.\"},{\"@type\":\"WebSite\",\"@id\":\"https:\\\/\\\/blogs.uef.fi\\\/ueflibrary\\\/#website\",\"url\":\"https:\\\/\\\/blogs.uef.fi\\\/ueflibrary\\\/\",\"name\":\"UEF Library\",\"description\":\"Open science for open minds\",\"publisher\":{\"@id\":\"https:\\\/\\\/blogs.uef.fi\\\/ueflibrary\\\/#organization\"},\"potentialAction\":[{\"@type\":\"SearchAction\",\"target\":{\"@type\":\"EntryPoint\",\"urlTemplate\":\"https:\\\/\\\/blogs.uef.fi\\\/ueflibrary\\\/?s={search_term_string}\"},\"query-input\":{\"@type\":\"PropertyValueSpecification\",\"valueRequired\":true,\"valueName\":\"search_term_string\"}}],\"inLanguage\":\"fi\"},{\"@type\":\"Organization\",\"@id\":\"https:\\\/\\\/blogs.uef.fi\\\/ueflibrary\\\/#organization\",\"name\":\"UEF Library\",\"url\":\"https:\\\/\\\/blogs.uef.fi\\\/ueflibrary\\\/\",\"logo\":{\"@type\":\"ImageObject\",\"inLanguage\":\"fi\",\"@id\":\"https:\\\/\\\/blogs.uef.fi\\\/ueflibrary\\\/#\\\/schema\\\/logo\\\/image\\\/\",\"url\":\"https:\\\/\\\/blogs.uef.fi\\\/ueflibrary\\\/wp-content\\\/uploads\\\/sites\\\/18\\\/2018\\\/04\\\/Logo-kirjasto.png\",\"contentUrl\":\"https:\\\/\\\/blogs.uef.fi\\\/ueflibrary\\\/wp-content\\\/uploads\\\/sites\\\/18\\\/2018\\\/04\\\/Logo-kirjasto.png\",\"width\":300,\"height\":300,\"caption\":\"UEF Library\"},\"image\":{\"@id\":\"https:\\\/\\\/blogs.uef.fi\\\/ueflibrary\\\/#\\\/schema\\\/logo\\\/image\\\/\"},\"sameAs\":[\"https:\\\/\\\/www.facebook.com\\\/ueflibrary\",\"https:\\\/\\\/x.com\\\/ueflibrary\",\"https:\\\/\\\/www.instagram.com\\\/ueflibrary\\\/\",\"https:\\\/\\\/www.youtube.com\\\/user\\\/UEFLibrary\"]},{\"@type\":\"Person\",\"@id\":\"https:\\\/\\\/blogs.uef.fi\\\/ueflibrary\\\/#\\\/schema\\\/person\\\/68b9405b92c78017eecd7b0679c34075\",\"name\":\"uef-admin\",\"image\":{\"@type\":\"ImageObject\",\"inLanguage\":\"fi\",\"@id\":\"https:\\\/\\\/secure.gravatar.com\\\/avatar\\\/6c9f5016c320b72333096361e494f2c004505657367d2847a11e96de0655f758?s=96&d=blank&r=g\",\"url\":\"https:\\\/\\\/secure.gravatar.com\\\/avatar\\\/6c9f5016c320b72333096361e494f2c004505657367d2847a11e96de0655f758?s=96&d=blank&r=g\",\"contentUrl\":\"https:\\\/\\\/secure.gravatar.com\\\/avatar\\\/6c9f5016c320b72333096361e494f2c004505657367d2847a11e96de0655f758?s=96&d=blank&r=g\",\"caption\":\"uef-admin\"},\"url\":\"https:\\\/\\\/blogs.uef.fi\\\/ueflibrary\\\/author\\\/uef-admin\\\/\"}]}<\/script>\n<!-- \/ Yoast SEO plugin. -->","yoast_head_json":{"title":"Hymy- ja valitusviikot kev\u00e4t 2020 - vastaajina Arja Juntunen, Jukka Kananen ja Riitta Porkka | Smiles and Complaints Week, spring 2020 \u2013 responses by Arja Juntunen, Jukka Kananen and Riitta Porkka | UEF Library","robots":{"index":"index","follow":"follow","max-snippet":"max-snippet:-1","max-image-preview":"max-image-preview:large","max-video-preview":"max-video-preview:-1"},"canonical":"https:\/\/blogs.uef.fi\/ueflibrary\/hymy-ja-valitusviikot-kevat-2020\/","og_locale":"fi_FI","og_type":"article","og_title":"Hymy- ja valitusviikot kev\u00e4t 2020 - vastaajina Arja Juntunen, Jukka Kananen ja Riitta Porkka | Smiles and Complaints Week, spring 2020 \u2013 responses by Arja Juntunen, Jukka Kananen and Riitta Porkka | UEF Library","og_description":"(Please, scroll down to read in English.) Joensuu Olisi hyv\u00e4 saada kirjaston materiaalia enemm\u00e4n s\u00e4hk\u00f6iseen muotoon.Valitettavasti kaikkea opetuksessa ja tutkimuksessa t\u00e4ll\u00e4 hetkell\u00e4 tarvittavaa aineistoa ei ole saatavana s\u00e4hk\u00f6isen\u00e4. Hankintaperiaatteemme on, ett\u00e4 kaikki aineistot hankitaan s\u00e4hk\u00f6isen\u00e4 aina kun se on mahdollista. Teemme my\u00f6s koko ajan yhteisty\u00f6t\u00e4 oppiaineiden kanssa niin, ett\u00e4 entist\u00e4 suurempi osa opiskelussa vaadittavasta aineistosta [&hellip;]","og_url":"https:\/\/blogs.uef.fi\/ueflibrary\/hymy-ja-valitusviikot-kevat-2020\/","og_site_name":"UEF Library","article_publisher":"https:\/\/www.facebook.com\/ueflibrary","article_published_time":"2020-06-22T05:00:16+00:00","article_modified_time":"2025-12-18T08:15:45+00:00","og_image":[{"width":1920,"height":1275,"url":"https:\/\/blogs.uef.fi\/ueflibrary\/wp-content\/uploads\/sites\/18\/2020\/06\/feedback.jpg","type":"image\/jpeg"}],"author":"uef-admin","twitter_card":"summary_large_image","twitter_creator":"@ueflibrary","twitter_site":"@ueflibrary","twitter_misc":{"Kirjoittanut":"uef-admin","Arvioitu lukuaika":"13 minuuttia"},"schema":{"@context":"https:\/\/schema.org","@graph":[{"@type":"Article","@id":"https:\/\/blogs.uef.fi\/ueflibrary\/hymy-ja-valitusviikot-kevat-2020\/#article","isPartOf":{"@id":"https:\/\/blogs.uef.fi\/ueflibrary\/hymy-ja-valitusviikot-kevat-2020\/"},"author":{"name":"uef-admin","@id":"https:\/\/blogs.uef.fi\/ueflibrary\/#\/schema\/person\/68b9405b92c78017eecd7b0679c34075"},"headline":"Hymy- ja valitusviikot kev\u00e4t 2020 &#8211; vastaajina Arja Juntunen, Jukka Kananen ja Riitta Porkka | Smiles and Complaints Week, spring 2020 \u2013 responses by Arja Juntunen, Jukka Kananen and Riitta Porkka","datePublished":"2020-06-22T05:00:16+00:00","dateModified":"2025-12-18T08:15:45+00:00","mainEntityOfPage":{"@id":"https:\/\/blogs.uef.fi\/ueflibrary\/hymy-ja-valitusviikot-kevat-2020\/"},"wordCount":2111,"commentCount":0,"publisher":{"@id":"https:\/\/blogs.uef.fi\/ueflibrary\/#organization"},"image":{"@id":"https:\/\/blogs.uef.fi\/ueflibrary\/hymy-ja-valitusviikot-kevat-2020\/#primaryimage"},"thumbnailUrl":"https:\/\/blogs.uef.fi\/ueflibrary\/wp-content\/uploads\/sites\/18\/2020\/06\/feedback.jpg","keywords":["feedback","Hymy- ja valitusviikot","palautteet","Smiles and complaints Weeks"],"articleSection":["Ajankohtaista | News"],"inLanguage":"fi","potentialAction":[{"@type":"CommentAction","name":"Comment","target":["https:\/\/blogs.uef.fi\/ueflibrary\/hymy-ja-valitusviikot-kevat-2020\/#respond"]}]},{"@type":"WebPage","@id":"https:\/\/blogs.uef.fi\/ueflibrary\/hymy-ja-valitusviikot-kevat-2020\/","url":"https:\/\/blogs.uef.fi\/ueflibrary\/hymy-ja-valitusviikot-kevat-2020\/","name":"Hymy- ja valitusviikot kev\u00e4t 2020 - vastaajina Arja Juntunen, Jukka Kananen ja Riitta Porkka | Smiles and Complaints Week, spring 2020 \u2013 responses by Arja Juntunen, Jukka Kananen and Riitta Porkka | UEF Library","isPartOf":{"@id":"https:\/\/blogs.uef.fi\/ueflibrary\/#website"},"primaryImageOfPage":{"@id":"https:\/\/blogs.uef.fi\/ueflibrary\/hymy-ja-valitusviikot-kevat-2020\/#primaryimage"},"image":{"@id":"https:\/\/blogs.uef.fi\/ueflibrary\/hymy-ja-valitusviikot-kevat-2020\/#primaryimage"},"thumbnailUrl":"https:\/\/blogs.uef.fi\/ueflibrary\/wp-content\/uploads\/sites\/18\/2020\/06\/feedback.jpg","datePublished":"2020-06-22T05:00:16+00:00","dateModified":"2025-12-18T08:15:45+00:00","inLanguage":"fi","potentialAction":[{"@type":"ReadAction","target":["https:\/\/blogs.uef.fi\/ueflibrary\/hymy-ja-valitusviikot-kevat-2020\/"]}]},{"@type":"ImageObject","inLanguage":"fi","@id":"https:\/\/blogs.uef.fi\/ueflibrary\/hymy-ja-valitusviikot-kevat-2020\/#primaryimage","url":"https:\/\/blogs.uef.fi\/ueflibrary\/wp-content\/uploads\/sites\/18\/2020\/06\/feedback.jpg","contentUrl":"https:\/\/blogs.uef.fi\/ueflibrary\/wp-content\/uploads\/sites\/18\/2020\/06\/feedback.jpg","width":1920,"height":1275,"caption":"Ruutuspaperilla kolme hymynaamapiirroskuvaa (suupielet yl\u00f6sp\u00e4in, suu viivana, suupielet alasp\u00e4in) ja niiden vieress\u00e4 ruudut, joihin voi piirt\u00e4\u00e4 ruksin."},{"@type":"WebSite","@id":"https:\/\/blogs.uef.fi\/ueflibrary\/#website","url":"https:\/\/blogs.uef.fi\/ueflibrary\/","name":"UEF Library","description":"Open science for open minds","publisher":{"@id":"https:\/\/blogs.uef.fi\/ueflibrary\/#organization"},"potentialAction":[{"@type":"SearchAction","target":{"@type":"EntryPoint","urlTemplate":"https:\/\/blogs.uef.fi\/ueflibrary\/?s={search_term_string}"},"query-input":{"@type":"PropertyValueSpecification","valueRequired":true,"valueName":"search_term_string"}}],"inLanguage":"fi"},{"@type":"Organization","@id":"https:\/\/blogs.uef.fi\/ueflibrary\/#organization","name":"UEF Library","url":"https:\/\/blogs.uef.fi\/ueflibrary\/","logo":{"@type":"ImageObject","inLanguage":"fi","@id":"https:\/\/blogs.uef.fi\/ueflibrary\/#\/schema\/logo\/image\/","url":"https:\/\/blogs.uef.fi\/ueflibrary\/wp-content\/uploads\/sites\/18\/2018\/04\/Logo-kirjasto.png","contentUrl":"https:\/\/blogs.uef.fi\/ueflibrary\/wp-content\/uploads\/sites\/18\/2018\/04\/Logo-kirjasto.png","width":300,"height":300,"caption":"UEF Library"},"image":{"@id":"https:\/\/blogs.uef.fi\/ueflibrary\/#\/schema\/logo\/image\/"},"sameAs":["https:\/\/www.facebook.com\/ueflibrary","https:\/\/x.com\/ueflibrary","https:\/\/www.instagram.com\/ueflibrary\/","https:\/\/www.youtube.com\/user\/UEFLibrary"]},{"@type":"Person","@id":"https:\/\/blogs.uef.fi\/ueflibrary\/#\/schema\/person\/68b9405b92c78017eecd7b0679c34075","name":"uef-admin","image":{"@type":"ImageObject","inLanguage":"fi","@id":"https:\/\/secure.gravatar.com\/avatar\/6c9f5016c320b72333096361e494f2c004505657367d2847a11e96de0655f758?s=96&d=blank&r=g","url":"https:\/\/secure.gravatar.com\/avatar\/6c9f5016c320b72333096361e494f2c004505657367d2847a11e96de0655f758?s=96&d=blank&r=g","contentUrl":"https:\/\/secure.gravatar.com\/avatar\/6c9f5016c320b72333096361e494f2c004505657367d2847a11e96de0655f758?s=96&d=blank&r=g","caption":"uef-admin"},"url":"https:\/\/blogs.uef.fi\/ueflibrary\/author\/uef-admin\/"}]}},"_links":{"self":[{"href":"https:\/\/blogs.uef.fi\/ueflibrary\/wp-json\/wp\/v2\/posts\/10355","targetHints":{"allow":["GET"]}}],"collection":[{"href":"https:\/\/blogs.uef.fi\/ueflibrary\/wp-json\/wp\/v2\/posts"}],"about":[{"href":"https:\/\/blogs.uef.fi\/ueflibrary\/wp-json\/wp\/v2\/types\/post"}],"author":[{"embeddable":true,"href":"https:\/\/blogs.uef.fi\/ueflibrary\/wp-json\/wp\/v2\/users\/1"}],"replies":[{"embeddable":true,"href":"https:\/\/blogs.uef.fi\/ueflibrary\/wp-json\/wp\/v2\/comments?post=10355"}],"version-history":[{"count":1,"href":"https:\/\/blogs.uef.fi\/ueflibrary\/wp-json\/wp\/v2\/posts\/10355\/revisions"}],"predecessor-version":[{"id":25184,"href":"https:\/\/blogs.uef.fi\/ueflibrary\/wp-json\/wp\/v2\/posts\/10355\/revisions\/25184"}],"wp:attachment":[{"href":"https:\/\/blogs.uef.fi\/ueflibrary\/wp-json\/wp\/v2\/media?parent=10355"}],"wp:term":[{"taxonomy":"category","embeddable":true,"href":"https:\/\/blogs.uef.fi\/ueflibrary\/wp-json\/wp\/v2\/categories?post=10355"},{"taxonomy":"post_tag","embeddable":true,"href":"https:\/\/blogs.uef.fi\/ueflibrary\/wp-json\/wp\/v2\/tags?post=10355"}],"curies":[{"name":"wp","href":"https:\/\/api.w.org\/{rel}","templated":true}]}}