{"id":6864,"date":"2024-12-10T14:14:46","date_gmt":"2024-12-10T12:14:46","guid":{"rendered":"https:\/\/blogs.uef.fi\/ueflahettilaat\/?p=6864"},"modified":"2024-12-10T14:14:47","modified_gmt":"2024-12-10T12:14:47","slug":"generalistialojen-ihmeellinen-maailma","status":"publish","type":"post","link":"https:\/\/blogs.uef.fi\/ueflahettilaat\/2024\/12\/10\/generalistialojen-ihmeellinen-maailma\/","title":{"rendered":"Generalistialojen ihmeellinen maailma"},"content":{"rendered":"Monien alojen opiskelijoille on selv\u00e4\u00e4 mik\u00e4 heist\u00e4 tulee isona. Suunnitelmana voi olla valmistua l\u00e4\u00e4k\u00e4riksi tai vaikkapa opettajaksi. N\u00e4m\u00e4 ovat esimerkkej\u00e4 professioaloista. Kaikille asia ei kuitenkaan ole niin selv\u00e4. Onkin olemassa my\u00f6s valtavan pitk\u00e4 lista aloja, jotka ei valmista suoraan tiettyyn ammattiin &#8211; n\u00e4it\u00e4 aloja kutsutaan hienosti sanottuna generalistialoiksi. <br \/><br \/>Generalistialojen opiskelijoiden inhokkikysymys saattaa usein olla, ett\u00e4 mik\u00e4 sinusta tulee isona. Siihen ei oikeastaan ole monella muuta vastausta, kuin ett\u00e4 noh, asiantuntija. Asiantuntijuus ei kuitenkaan todellakaan ole huono asia, vaan se vain kertoo ihmisen korkeatasoisesta tiedosta tai taidosta johonkin alaan liittyen.<br \/><br \/>My\u00f6s itse ymp\u00e4rist\u00f6politiikan opiskelijana edustan generalistialaa. Itse\u00e4nikin aina v\u00e4lill\u00e4 oma tulevaisuuden ty\u00f6el\u00e4m\u00e4 mietitytt\u00e4\u00e4, mutta ainakin t\u00e4ll\u00e4 hetkell\u00e4 olen p\u00e4\u00e4tynyt pisteeseen, etten ota siit\u00e4 stressi\u00e4. Asiantuntija-aloilla on paljon my\u00f6s hyvi\u00e4 puolia, kuten se, ett\u00e4 ty\u00f6llistymismahdollisuudet on niin laajat. Meid\u00e4n alalta voikin ty\u00f6llisty\u00e4 esimerkiksi tutkimus-, valmistelu-, kehitys- koordinointi- ja johtoteht\u00e4viin esimerkiksi mediaan, EU:lle, kansalaisj\u00e4rjest\u00f6ihin, kansainv\u00e4lisiin j\u00e4rjest\u00f6ihin, julkishallintoon, tutkimuslaitoksiin ja erilaisiin yrityksiin. Itsell\u00e4ni ep\u00e4varmuuden kanssa auttaa lis\u00e4ksi se, ett\u00e4 ymp\u00e4rist\u00f6politiikka on sellainen tulevaisuuden ala, joka kehittyy jatkuvasti. Voikin siis olla, ett\u00e4 viel\u00e4 nyt ei ole olemassakaan kaikkia niit\u00e4 t\u00f6it\u00e4, joita tulen tulevaisuudessa tekem\u00e4\u00e4n.<br \/><br \/>Generalistialoilla voi sivuaineiden avulla suunnata omaa osaamistaan ty\u00f6el\u00e4m\u00e4\u00e4 varten. Itse olen valinnut sivuaineikseni johtamisen ja projektiosaamisen kokonaisuuden, joista j\u00e4lkimm\u00e4inen pit\u00e4\u00e4 sis\u00e4ll\u00e4\u00e4n esimerkiksi mediakirjoittamista, ty\u00f6el\u00e4m\u00e4n viestint\u00e4\u00e4, markkinointia ja s\u00e4hk\u00f6isen julkaisemisen perusteita. Johtaminen on sivuaineena ehk\u00e4 v\u00e4h\u00e4n yksiselitteisempi, mutta siihen kuuluu kursseja hyvin eri tasojen johtamisesta, pit\u00e4en sis\u00e4ll\u00e4\u00e4n esimerkiksi henkil\u00f6st\u00f6johtamista, tiimien johtamista ja muutoksen johtamista. Valitsin sivuaineeni sen mukaan, ett\u00e4 toivoisin p\u00e4\u00e4sev\u00e4ni tulevaisuuden ty\u00f6el\u00e4m\u00e4ss\u00e4ni toimimaan jossain johtoteht\u00e4v\u00e4ss\u00e4 ja mahdollisesti projektiluonteisessa ty\u00f6ss\u00e4, mink\u00e4 luulisin sopivan itselleni hyvin. Olenkin pohtinut, ett\u00e4 esimerkiksi projektikoordinaattorin ty\u00f6 jossain ymp\u00e4rist\u00f6j\u00e4rjest\u00f6ss\u00e4 voisi sopia minulle hyvin. <br \/><br \/>Haluaisinkin kannustaa kaikkia n\u00e4kem\u00e4\u00e4n generelistialojen positiiviset puolet, ja ymm\u00e4rt\u00e4m\u00e4\u00e4n sen, ett\u00e4 kyll\u00e4 yliopisto niihin ty\u00f6el\u00e4m\u00e4n tarpeisiin osaajia valmistaa, my\u00f6s generalistialoilla!<br \/><br \/><br \/>Terkuin UEF-l\u00e4hettil\u00e4s Iiris &lt;3<br \/>","protected":false},"excerpt":{"rendered":"<p>Monien alojen opiskelijoille on selv\u00e4\u00e4 mik\u00e4 heist\u00e4 tulee isona. Suunnitelmana voi olla valmistua l\u00e4\u00e4k\u00e4riksi tai vaikkapa opettajaksi. N\u00e4m\u00e4 ovat esimerkkej\u00e4 professioaloista. Kaikille asia ei kuitenkaan ole niin selv\u00e4. Onkin olemassa my\u00f6s valtavan pitk\u00e4 lista aloja, jotka ei valmista suoraan tiettyyn ammattiin &#8211; n\u00e4it\u00e4 aloja kutsutaan hienosti sanottuna generalistialoiksi. Generalistialojen opiskelijoiden inhokkikysymys saattaa usein olla, ett\u00e4 [&hellip;]<\/p>\n","protected":false},"author":692,"featured_media":6873,"comment_status":"open","ping_status":"closed","sticky":false,"template":"","format":"standard","meta":{"_acf_changed":false,"footnotes":""},"categories":[1],"tags":[],"class_list":["post-6864","post","type-post","status-publish","format-standard","has-post-thumbnail","hentry","category-uncategorized"],"acf":[],"yoast_head":"<!-- This site is optimized with the Yoast SEO plugin v27.3 - https:\/\/yoast.com\/product\/yoast-seo-wordpress\/ -->\n<title>Generalistialojen ihmeellinen maailma - UEF-l\u00e4hettil\u00e4\u00e4t<\/title>\n<meta name=\"robots\" content=\"index, follow, max-snippet:-1, max-image-preview:large, max-video-preview:-1\" \/>\n<link rel=\"canonical\" href=\"https:\/\/blogs.uef.fi\/ueflahettilaat\/2024\/12\/10\/generalistialojen-ihmeellinen-maailma\/\" \/>\n<meta property=\"og:locale\" content=\"fi_FI\" \/>\n<meta property=\"og:type\" content=\"article\" \/>\n<meta property=\"og:title\" content=\"Generalistialojen ihmeellinen maailma - UEF-l\u00e4hettil\u00e4\u00e4t\" \/>\n<meta property=\"og:description\" content=\"Monien alojen opiskelijoille on selv\u00e4\u00e4 mik\u00e4 heist\u00e4 tulee isona. Suunnitelmana voi olla valmistua l\u00e4\u00e4k\u00e4riksi tai vaikkapa opettajaksi. N\u00e4m\u00e4 ovat esimerkkej\u00e4 professioaloista. Kaikille asia ei kuitenkaan ole niin selv\u00e4. Onkin olemassa my\u00f6s valtavan pitk\u00e4 lista aloja, jotka ei valmista suoraan tiettyyn ammattiin &#8211; n\u00e4it\u00e4 aloja kutsutaan hienosti sanottuna generalistialoiksi. Generalistialojen opiskelijoiden inhokkikysymys saattaa usein olla, ett\u00e4 [&hellip;]\" \/>\n<meta property=\"og:url\" content=\"https:\/\/blogs.uef.fi\/ueflahettilaat\/2024\/12\/10\/generalistialojen-ihmeellinen-maailma\/\" \/>\n<meta property=\"og:site_name\" content=\"UEF-l\u00e4hettil\u00e4\u00e4t\" \/>\n<meta property=\"article:published_time\" content=\"2024-12-10T12:14:46+00:00\" \/>\n<meta property=\"article:modified_time\" content=\"2024-12-10T12:14:47+00:00\" \/>\n<meta property=\"og:image\" content=\"https:\/\/blogs.uef.fi\/ueflahettilaat\/wp-content\/uploads\/sites\/7\/2024\/12\/IMG_8639-1.jpg\" \/>\n\t<meta property=\"og:image:width\" content=\"2016\" \/>\n\t<meta property=\"og:image:height\" content=\"1512\" \/>\n\t<meta property=\"og:image:type\" content=\"image\/jpeg\" \/>\n<meta name=\"author\" content=\"iirisso\" \/>\n<meta name=\"twitter:card\" content=\"summary_large_image\" \/>\n<meta name=\"twitter:label1\" content=\"Kirjoittanut\" \/>\n\t<meta name=\"twitter:data1\" content=\"iirisso\" \/>\n\t<meta name=\"twitter:label2\" content=\"Arvioitu lukuaika\" \/>\n\t<meta name=\"twitter:data2\" content=\"2 minuuttia\" \/>\n<script type=\"application\/ld+json\" class=\"yoast-schema-graph\">{\"@context\":\"https:\\\/\\\/schema.org\",\"@graph\":[{\"@type\":\"Article\",\"@id\":\"https:\\\/\\\/blogs.uef.fi\\\/ueflahettilaat\\\/2024\\\/12\\\/10\\\/generalistialojen-ihmeellinen-maailma\\\/#article\",\"isPartOf\":{\"@id\":\"https:\\\/\\\/blogs.uef.fi\\\/ueflahettilaat\\\/2024\\\/12\\\/10\\\/generalistialojen-ihmeellinen-maailma\\\/\"},\"author\":{\"name\":\"iirisso\",\"@id\":\"https:\\\/\\\/blogs.uef.fi\\\/ueflahettilaat\\\/#\\\/schema\\\/person\\\/9b748f10b2f9af5191f6c4f5849b8761\"},\"headline\":\"Generalistialojen ihmeellinen maailma\",\"datePublished\":\"2024-12-10T12:14:46+00:00\",\"dateModified\":\"2024-12-10T12:14:47+00:00\",\"mainEntityOfPage\":{\"@id\":\"https:\\\/\\\/blogs.uef.fi\\\/ueflahettilaat\\\/2024\\\/12\\\/10\\\/generalistialojen-ihmeellinen-maailma\\\/\"},\"wordCount\":366,\"commentCount\":0,\"image\":{\"@id\":\"https:\\\/\\\/blogs.uef.fi\\\/ueflahettilaat\\\/2024\\\/12\\\/10\\\/generalistialojen-ihmeellinen-maailma\\\/#primaryimage\"},\"thumbnailUrl\":\"https:\\\/\\\/blogs.uef.fi\\\/ueflahettilaat\\\/wp-content\\\/uploads\\\/sites\\\/7\\\/2024\\\/12\\\/IMG_8639-1.jpg\",\"articleSection\":[\"Uncategorized\"],\"inLanguage\":\"fi\",\"potentialAction\":[{\"@type\":\"CommentAction\",\"name\":\"Comment\",\"target\":[\"https:\\\/\\\/blogs.uef.fi\\\/ueflahettilaat\\\/2024\\\/12\\\/10\\\/generalistialojen-ihmeellinen-maailma\\\/#respond\"]}]},{\"@type\":\"WebPage\",\"@id\":\"https:\\\/\\\/blogs.uef.fi\\\/ueflahettilaat\\\/2024\\\/12\\\/10\\\/generalistialojen-ihmeellinen-maailma\\\/\",\"url\":\"https:\\\/\\\/blogs.uef.fi\\\/ueflahettilaat\\\/2024\\\/12\\\/10\\\/generalistialojen-ihmeellinen-maailma\\\/\",\"name\":\"Generalistialojen ihmeellinen maailma - UEF-l\u00e4hettil\u00e4\u00e4t\",\"isPartOf\":{\"@id\":\"https:\\\/\\\/blogs.uef.fi\\\/ueflahettilaat\\\/#website\"},\"primaryImageOfPage\":{\"@id\":\"https:\\\/\\\/blogs.uef.fi\\\/ueflahettilaat\\\/2024\\\/12\\\/10\\\/generalistialojen-ihmeellinen-maailma\\\/#primaryimage\"},\"image\":{\"@id\":\"https:\\\/\\\/blogs.uef.fi\\\/ueflahettilaat\\\/2024\\\/12\\\/10\\\/generalistialojen-ihmeellinen-maailma\\\/#primaryimage\"},\"thumbnailUrl\":\"https:\\\/\\\/blogs.uef.fi\\\/ueflahettilaat\\\/wp-content\\\/uploads\\\/sites\\\/7\\\/2024\\\/12\\\/IMG_8639-1.jpg\",\"datePublished\":\"2024-12-10T12:14:46+00:00\",\"dateModified\":\"2024-12-10T12:14:47+00:00\",\"author\":{\"@id\":\"https:\\\/\\\/blogs.uef.fi\\\/ueflahettilaat\\\/#\\\/schema\\\/person\\\/9b748f10b2f9af5191f6c4f5849b8761\"},\"breadcrumb\":{\"@id\":\"https:\\\/\\\/blogs.uef.fi\\\/ueflahettilaat\\\/2024\\\/12\\\/10\\\/generalistialojen-ihmeellinen-maailma\\\/#breadcrumb\"},\"inLanguage\":\"fi\",\"potentialAction\":[{\"@type\":\"ReadAction\",\"target\":[\"https:\\\/\\\/blogs.uef.fi\\\/ueflahettilaat\\\/2024\\\/12\\\/10\\\/generalistialojen-ihmeellinen-maailma\\\/\"]}]},{\"@type\":\"ImageObject\",\"inLanguage\":\"fi\",\"@id\":\"https:\\\/\\\/blogs.uef.fi\\\/ueflahettilaat\\\/2024\\\/12\\\/10\\\/generalistialojen-ihmeellinen-maailma\\\/#primaryimage\",\"url\":\"https:\\\/\\\/blogs.uef.fi\\\/ueflahettilaat\\\/wp-content\\\/uploads\\\/sites\\\/7\\\/2024\\\/12\\\/IMG_8639-1.jpg\",\"contentUrl\":\"https:\\\/\\\/blogs.uef.fi\\\/ueflahettilaat\\\/wp-content\\\/uploads\\\/sites\\\/7\\\/2024\\\/12\\\/IMG_8639-1.jpg\",\"width\":2016,\"height\":1512},{\"@type\":\"BreadcrumbList\",\"@id\":\"https:\\\/\\\/blogs.uef.fi\\\/ueflahettilaat\\\/2024\\\/12\\\/10\\\/generalistialojen-ihmeellinen-maailma\\\/#breadcrumb\",\"itemListElement\":[{\"@type\":\"ListItem\",\"position\":1,\"name\":\"Home\",\"item\":\"https:\\\/\\\/blogs.uef.fi\\\/ueflahettilaat\\\/\"},{\"@type\":\"ListItem\",\"position\":2,\"name\":\"Generalistialojen ihmeellinen maailma\"}]},{\"@type\":\"WebSite\",\"@id\":\"https:\\\/\\\/blogs.uef.fi\\\/ueflahettilaat\\\/#website\",\"url\":\"https:\\\/\\\/blogs.uef.fi\\\/ueflahettilaat\\\/\",\"name\":\"UEF-l\u00e4hettil\u00e4\u00e4t\",\"description\":\"\",\"potentialAction\":[{\"@type\":\"SearchAction\",\"target\":{\"@type\":\"EntryPoint\",\"urlTemplate\":\"https:\\\/\\\/blogs.uef.fi\\\/ueflahettilaat\\\/?s={search_term_string}\"},\"query-input\":{\"@type\":\"PropertyValueSpecification\",\"valueRequired\":true,\"valueName\":\"search_term_string\"}}],\"inLanguage\":\"fi\"},{\"@type\":\"Person\",\"@id\":\"https:\\\/\\\/blogs.uef.fi\\\/ueflahettilaat\\\/#\\\/schema\\\/person\\\/9b748f10b2f9af5191f6c4f5849b8761\",\"name\":\"iirisso\",\"url\":\"https:\\\/\\\/blogs.uef.fi\\\/ueflahettilaat\\\/author\\\/iirisso\\\/\"}]}<\/script>\n<!-- \/ Yoast SEO plugin. -->","yoast_head_json":{"title":"Generalistialojen ihmeellinen maailma - UEF-l\u00e4hettil\u00e4\u00e4t","robots":{"index":"index","follow":"follow","max-snippet":"max-snippet:-1","max-image-preview":"max-image-preview:large","max-video-preview":"max-video-preview:-1"},"canonical":"https:\/\/blogs.uef.fi\/ueflahettilaat\/2024\/12\/10\/generalistialojen-ihmeellinen-maailma\/","og_locale":"fi_FI","og_type":"article","og_title":"Generalistialojen ihmeellinen maailma - UEF-l\u00e4hettil\u00e4\u00e4t","og_description":"Monien alojen opiskelijoille on selv\u00e4\u00e4 mik\u00e4 heist\u00e4 tulee isona. Suunnitelmana voi olla valmistua l\u00e4\u00e4k\u00e4riksi tai vaikkapa opettajaksi. N\u00e4m\u00e4 ovat esimerkkej\u00e4 professioaloista. Kaikille asia ei kuitenkaan ole niin selv\u00e4. Onkin olemassa my\u00f6s valtavan pitk\u00e4 lista aloja, jotka ei valmista suoraan tiettyyn ammattiin &#8211; n\u00e4it\u00e4 aloja kutsutaan hienosti sanottuna generalistialoiksi. Generalistialojen opiskelijoiden inhokkikysymys saattaa usein olla, ett\u00e4 [&hellip;]","og_url":"https:\/\/blogs.uef.fi\/ueflahettilaat\/2024\/12\/10\/generalistialojen-ihmeellinen-maailma\/","og_site_name":"UEF-l\u00e4hettil\u00e4\u00e4t","article_published_time":"2024-12-10T12:14:46+00:00","article_modified_time":"2024-12-10T12:14:47+00:00","og_image":[{"width":2016,"height":1512,"url":"https:\/\/blogs.uef.fi\/ueflahettilaat\/wp-content\/uploads\/sites\/7\/2024\/12\/IMG_8639-1.jpg","type":"image\/jpeg"}],"author":"iirisso","twitter_card":"summary_large_image","twitter_misc":{"Kirjoittanut":"iirisso","Arvioitu lukuaika":"2 minuuttia"},"schema":{"@context":"https:\/\/schema.org","@graph":[{"@type":"Article","@id":"https:\/\/blogs.uef.fi\/ueflahettilaat\/2024\/12\/10\/generalistialojen-ihmeellinen-maailma\/#article","isPartOf":{"@id":"https:\/\/blogs.uef.fi\/ueflahettilaat\/2024\/12\/10\/generalistialojen-ihmeellinen-maailma\/"},"author":{"name":"iirisso","@id":"https:\/\/blogs.uef.fi\/ueflahettilaat\/#\/schema\/person\/9b748f10b2f9af5191f6c4f5849b8761"},"headline":"Generalistialojen ihmeellinen maailma","datePublished":"2024-12-10T12:14:46+00:00","dateModified":"2024-12-10T12:14:47+00:00","mainEntityOfPage":{"@id":"https:\/\/blogs.uef.fi\/ueflahettilaat\/2024\/12\/10\/generalistialojen-ihmeellinen-maailma\/"},"wordCount":366,"commentCount":0,"image":{"@id":"https:\/\/blogs.uef.fi\/ueflahettilaat\/2024\/12\/10\/generalistialojen-ihmeellinen-maailma\/#primaryimage"},"thumbnailUrl":"https:\/\/blogs.uef.fi\/ueflahettilaat\/wp-content\/uploads\/sites\/7\/2024\/12\/IMG_8639-1.jpg","articleSection":["Uncategorized"],"inLanguage":"fi","potentialAction":[{"@type":"CommentAction","name":"Comment","target":["https:\/\/blogs.uef.fi\/ueflahettilaat\/2024\/12\/10\/generalistialojen-ihmeellinen-maailma\/#respond"]}]},{"@type":"WebPage","@id":"https:\/\/blogs.uef.fi\/ueflahettilaat\/2024\/12\/10\/generalistialojen-ihmeellinen-maailma\/","url":"https:\/\/blogs.uef.fi\/ueflahettilaat\/2024\/12\/10\/generalistialojen-ihmeellinen-maailma\/","name":"Generalistialojen ihmeellinen maailma - UEF-l\u00e4hettil\u00e4\u00e4t","isPartOf":{"@id":"https:\/\/blogs.uef.fi\/ueflahettilaat\/#website"},"primaryImageOfPage":{"@id":"https:\/\/blogs.uef.fi\/ueflahettilaat\/2024\/12\/10\/generalistialojen-ihmeellinen-maailma\/#primaryimage"},"image":{"@id":"https:\/\/blogs.uef.fi\/ueflahettilaat\/2024\/12\/10\/generalistialojen-ihmeellinen-maailma\/#primaryimage"},"thumbnailUrl":"https:\/\/blogs.uef.fi\/ueflahettilaat\/wp-content\/uploads\/sites\/7\/2024\/12\/IMG_8639-1.jpg","datePublished":"2024-12-10T12:14:46+00:00","dateModified":"2024-12-10T12:14:47+00:00","author":{"@id":"https:\/\/blogs.uef.fi\/ueflahettilaat\/#\/schema\/person\/9b748f10b2f9af5191f6c4f5849b8761"},"breadcrumb":{"@id":"https:\/\/blogs.uef.fi\/ueflahettilaat\/2024\/12\/10\/generalistialojen-ihmeellinen-maailma\/#breadcrumb"},"inLanguage":"fi","potentialAction":[{"@type":"ReadAction","target":["https:\/\/blogs.uef.fi\/ueflahettilaat\/2024\/12\/10\/generalistialojen-ihmeellinen-maailma\/"]}]},{"@type":"ImageObject","inLanguage":"fi","@id":"https:\/\/blogs.uef.fi\/ueflahettilaat\/2024\/12\/10\/generalistialojen-ihmeellinen-maailma\/#primaryimage","url":"https:\/\/blogs.uef.fi\/ueflahettilaat\/wp-content\/uploads\/sites\/7\/2024\/12\/IMG_8639-1.jpg","contentUrl":"https:\/\/blogs.uef.fi\/ueflahettilaat\/wp-content\/uploads\/sites\/7\/2024\/12\/IMG_8639-1.jpg","width":2016,"height":1512},{"@type":"BreadcrumbList","@id":"https:\/\/blogs.uef.fi\/ueflahettilaat\/2024\/12\/10\/generalistialojen-ihmeellinen-maailma\/#breadcrumb","itemListElement":[{"@type":"ListItem","position":1,"name":"Home","item":"https:\/\/blogs.uef.fi\/ueflahettilaat\/"},{"@type":"ListItem","position":2,"name":"Generalistialojen ihmeellinen maailma"}]},{"@type":"WebSite","@id":"https:\/\/blogs.uef.fi\/ueflahettilaat\/#website","url":"https:\/\/blogs.uef.fi\/ueflahettilaat\/","name":"UEF-l\u00e4hettil\u00e4\u00e4t","description":"","potentialAction":[{"@type":"SearchAction","target":{"@type":"EntryPoint","urlTemplate":"https:\/\/blogs.uef.fi\/ueflahettilaat\/?s={search_term_string}"},"query-input":{"@type":"PropertyValueSpecification","valueRequired":true,"valueName":"search_term_string"}}],"inLanguage":"fi"},{"@type":"Person","@id":"https:\/\/blogs.uef.fi\/ueflahettilaat\/#\/schema\/person\/9b748f10b2f9af5191f6c4f5849b8761","name":"iirisso","url":"https:\/\/blogs.uef.fi\/ueflahettilaat\/author\/iirisso\/"}]}},"_links":{"self":[{"href":"https:\/\/blogs.uef.fi\/ueflahettilaat\/wp-json\/wp\/v2\/posts\/6864","targetHints":{"allow":["GET"]}}],"collection":[{"href":"https:\/\/blogs.uef.fi\/ueflahettilaat\/wp-json\/wp\/v2\/posts"}],"about":[{"href":"https:\/\/blogs.uef.fi\/ueflahettilaat\/wp-json\/wp\/v2\/types\/post"}],"author":[{"embeddable":true,"href":"https:\/\/blogs.uef.fi\/ueflahettilaat\/wp-json\/wp\/v2\/users\/692"}],"replies":[{"embeddable":true,"href":"https:\/\/blogs.uef.fi\/ueflahettilaat\/wp-json\/wp\/v2\/comments?post=6864"}],"version-history":[{"count":1,"href":"https:\/\/blogs.uef.fi\/ueflahettilaat\/wp-json\/wp\/v2\/posts\/6864\/revisions"}],"predecessor-version":[{"id":6867,"href":"https:\/\/blogs.uef.fi\/ueflahettilaat\/wp-json\/wp\/v2\/posts\/6864\/revisions\/6867"}],"wp:featuredmedia":[{"embeddable":true,"href":"https:\/\/blogs.uef.fi\/ueflahettilaat\/wp-json\/wp\/v2\/media\/6873"}],"wp:attachment":[{"href":"https:\/\/blogs.uef.fi\/ueflahettilaat\/wp-json\/wp\/v2\/media?parent=6864"}],"wp:term":[{"taxonomy":"category","embeddable":true,"href":"https:\/\/blogs.uef.fi\/ueflahettilaat\/wp-json\/wp\/v2\/categories?post=6864"},{"taxonomy":"post_tag","embeddable":true,"href":"https:\/\/blogs.uef.fi\/ueflahettilaat\/wp-json\/wp\/v2\/tags?post=6864"}],"curies":[{"name":"wp","href":"https:\/\/api.w.org\/{rel}","templated":true}]}}