{"id":5929,"date":"2023-09-27T11:40:52","date_gmt":"2023-09-27T08:40:52","guid":{"rendered":"https:\/\/blogs.uef.fi\/ueflahettilaat\/?p=5929"},"modified":"2023-09-27T11:40:53","modified_gmt":"2023-09-27T08:40:53","slug":"vinkkeja-ryhmatoiden-tekemiseen","status":"publish","type":"post","link":"https:\/\/blogs.uef.fi\/ueflahettilaat\/2023\/09\/27\/vinkkeja-ryhmatoiden-tekemiseen\/","title":{"rendered":"Vinkkej\u00e4 ryhm\u00e4t\u00f6iden tekemiseen"},"content":{"rendered":"\n<p>Hei! Syksy on saapunut ja kampukset ovat t\u00e4yttyneet opiskelijoista. Kurssit ovat alkaneet py\u00f6rim\u00e4\u00e4n ja moniin kursseihin kuuluu osasuorituksena erilaiset ryhm\u00e4ty\u00f6t.<\/p>\n\n\n\n<p>Yhteiskuntatieteiden opinnoissa olen p\u00e4\u00e4ssyt tekem\u00e4\u00e4n useita erilaisia ryhm\u00e4t\u00f6it\u00e4 mm. opintopiirej\u00e4 luentojen tai artikkeleiden sis\u00e4ll\u00f6ist\u00e4, seminaariesityksi\u00e4 eri aiheista sek\u00e4 ryhm\u00e4esseit\u00e4. Olen tyk\u00e4nnyt, kun olen p\u00e4\u00e4ssyt opiskelemaan eri opiskelijoiden kanssa ja n\u00e4in tutustumaan laajemmin kurssikavereihin. Lis\u00e4ksi ryhm\u00e4ty\u00f6t tuovat kivaa vaihtelua kirjatentteihin ja perinteiseen luento-opetukseen.<\/p>\n\n\n\n<p>T\u00e4n\u00e4\u00e4n ajattelinkin kertoa mink\u00e4laisia asioita kannattaa ottaa huomioon ryhm\u00e4t\u00f6iden tekemisess\u00e4, jotta yhteisty\u00f6skentely on mahdollisimman mutkatonta ja ty\u00f6t valmistuvat ajallaan.<\/p>\n\n\n\n<p><\/p>\n\n\n\n<p><strong>Ota rohkeasti yhteytt\u00e4 omaan ryhm\u00e4\u00e4n<\/strong><\/p>\n\n\n\n<p>Ryhm\u00e4t\u00f6iden tekeminen j\u00e4\u00e4 yleens\u00e4 opettajan ohjeistuksen j\u00e4lkeen t\u00e4ysin ryhm\u00e4l\u00e4isten vastuulle. Aina ei kannata j\u00e4\u00e4d\u00e4 odottamaan muiden yhteydenottoa vaan v\u00e4lill\u00e4 voi my\u00f6s itse olla rohkea ja ottaa yhteytt\u00e4 oman ryhm\u00e4n j\u00e4seniin sek\u00e4 alkaa sopimaan heid\u00e4n kanssa ryhm\u00e4t\u00f6ihin liittyvist\u00e4 asioista.<\/p>\n\n\n\n<p><strong>Esitt\u00e4ydy ryhm\u00e4llesi<\/strong><\/p>\n\n\n\n<p>Joillakin kursseilla ryhm\u00e4t\u00f6it\u00e4 saatetaan tehd\u00e4 ennest\u00e4\u00e4n tuntemattomissa ryhmiss\u00e4, jolloin on hyv\u00e4 esitt\u00e4yty\u00e4 toisille. T\u00e4m\u00e4n j\u00e4lkeen on mukavampaa jatkaa yhdess\u00e4 ty\u00f6skentely\u00e4 eteenp\u00e4in. Hyv\u00e4ll\u00e4 tuurilla saatat saada jopa uusia kavereita. <br><\/p>\n\n\n\n<p><strong>Aloittakaa ajoissa<\/strong><\/p>\n\n\n\n<p>T\u00e4m\u00e4 vinkki on hyvin tyypillinen, mutta sit\u00e4kin hy\u00f6dyllisempi. Ryhm\u00e4ty\u00f6n aloittaminen ajoissa on t\u00e4rke\u00e4\u00e4, koska silloin ei tule kiire ja ty\u00f6skentely tuntuu mielekk\u00e4\u00e4mm\u00e4lt\u00e4. Suosittelen aloittamaan ryhm\u00e4t\u00f6iden tekemisen heti ryhmien muodostumisen ja ohjeiden saamisen j\u00e4lkeen edes pienesti j\u00e4rjest\u00e4ytym\u00e4ll\u00e4 ja suunnittelemalla ryhm\u00e4ty\u00f6n eri vaiheita.<\/p>\n\n\n\n<p><strong>Perehtyk\u00e4\u00e4 huolellisesti ohjeisiin ja sopikaa aikataulut<\/strong><\/p>\n\n\n\n<p>Ohjeisiin perehtyminen auttaa hahmottamaan ryhm\u00e4ty\u00f6n kokonaiskuvaa ja siihen vaadittavaa ty\u00f6m\u00e4\u00e4r\u00e4\u00e4. Ep\u00e4selviin ohjeistuksiin kannattaa kysy\u00e4 tarkennuksia opettajalta jottei ty\u00f6nteko ala junnaamaan. T\u00e4m\u00e4n lis\u00e4ksi on t\u00e4rke\u00e4\u00e4 aikatauluttaa ty\u00f6ntekoa yhdess\u00e4 ryhm\u00e4l\u00e4isten kanssa sek\u00e4 sopia mahdolliset yhteiset tapaamiset ajoissa, jotta l\u00f6ydet\u00e4\u00e4n kaikille sopivat aikataulut.<\/p>\n\n\n\n<p><strong>Muista, ett\u00e4 jokainen on erilainen oppija<\/strong><\/p>\n\n\n\n<p>Jokaisella meist\u00e4 on omia vahvuuksia ja heikkouksia. On t\u00e4rke\u00e4\u00e4 huomioida ja arvostaa jokaisen omaa tyyli\u00e4 tehd\u00e4 t\u00f6it\u00e4 ja opiskella. My\u00f6s riitt\u00e4v\u00e4n v\u00e4lj\u00e4 aikataulutus auttaa kaikkia ryhm\u00e4l\u00e4isi\u00e4 pysym\u00e4\u00e4n vauhdissa mukana ja hoitamaan oman osuutensa.<\/p>\n\n\n\n<p><strong>Tehk\u00e4\u00e4 yhdess\u00e4 ja keskustelkaa<\/strong><\/p>\n\n\n\n<p>Vaikka jakaisittekin ryhm\u00e4n sis\u00e4ll\u00e4 erilaisia vastuualueita, k\u00e4ytt\u00e4k\u00e4\u00e4 aikaa my\u00f6s yhdess\u00e4 tekemiseen ja keskusteluun. T\u00e4ll\u00f6in saatte ryhm\u00e4ty\u00f6n tekemisest\u00e4 paljon enemm\u00e4n irti ja voitte oppia paljon uutta. Auttakaa toinen toisianne ja n\u00e4in p\u00e4\u00e4sette teht\u00e4v\u00e4ss\u00e4 eteenp\u00e4in.<\/p>\n\n\n\n<p><strong>Kiitt\u00e4k\u00e4\u00e4 ryhm\u00e4\u00e4<\/strong><\/p>\n\n\n\n<p>Lopuksi on t\u00e4rke\u00e4\u00e4 p\u00e4\u00e4tt\u00e4\u00e4 ryhm\u00e4ty\u00f6 ja kiitt\u00e4\u00e4 ryhm\u00e4l\u00e4isi\u00e4 heid\u00e4n panoksestaan ja onnistuneesta yhteisty\u00f6st\u00e4. T\u00e4st\u00e4 tulee takuulla hyv\u00e4 mieli kaikille.<\/p>\n\n\n\n<p>Onko teill\u00e4 kertoa lis\u00e4\u00e4 vinkkej\u00e4 onnistuneisiin ryhm\u00e4t\u00f6ihin? Kommentoithan vinkkisi alle!<br>Toivottavasti n\u00e4m\u00e4 vinkit siivitt\u00e4v\u00e4t sujuviin ja antoisiin ryhm\u00e4t\u00f6ihin! <\/p>\n\n\n\n<p>-Suvi \/ yhteiskuntatieteet<\/p>\n","protected":false},"excerpt":{"rendered":"<p>Hei! Syksy on saapunut ja kampukset ovat t\u00e4yttyneet opiskelijoista. Kurssit ovat alkaneet py\u00f6rim\u00e4\u00e4n ja moniin kursseihin kuuluu osasuorituksena erilaiset ryhm\u00e4ty\u00f6t. Yhteiskuntatieteiden opinnoissa olen p\u00e4\u00e4ssyt tekem\u00e4\u00e4n useita erilaisia ryhm\u00e4t\u00f6it\u00e4 mm. opintopiirej\u00e4 luentojen tai artikkeleiden sis\u00e4ll\u00f6ist\u00e4, seminaariesityksi\u00e4 eri aiheista sek\u00e4 ryhm\u00e4esseit\u00e4. Olen tyk\u00e4nnyt, kun olen p\u00e4\u00e4ssyt opiskelemaan eri opiskelijoiden kanssa ja n\u00e4in tutustumaan laajemmin kurssikavereihin. Lis\u00e4ksi ryhm\u00e4ty\u00f6t [&hellip;]<\/p>\n","protected":false},"author":622,"featured_media":5932,"comment_status":"open","ping_status":"closed","sticky":false,"template":"","format":"standard","meta":{"_acf_changed":false,"footnotes":""},"categories":[1],"tags":[703,31,700,557,5,463,49],"class_list":["post-5929","post","type-post","status-publish","format-standard","has-post-thumbnail","hentry","category-uncategorized","tag-703","tag-opiskelu","tag-ryhmatyot","tag-sosiaalipsykologia","tag-uef-lahettilas","tag-yhteiskuntatieteet","tag-yliopisto"],"acf":[],"yoast_head":"<!-- This site is optimized with the Yoast SEO plugin v27.3 - https:\/\/yoast.com\/product\/yoast-seo-wordpress\/ -->\n<title>Vinkkej\u00e4 ryhm\u00e4t\u00f6iden tekemiseen - UEF-l\u00e4hettil\u00e4\u00e4t<\/title>\n<meta name=\"description\" content=\"Kirjoituksessa kerron vinkkej\u00e4 opiskeluun liittyvien ryhm\u00e4t\u00f6iden tekemiseen.\" \/>\n<meta name=\"robots\" content=\"index, follow, max-snippet:-1, max-image-preview:large, max-video-preview:-1\" \/>\n<link rel=\"canonical\" href=\"https:\/\/blogs.uef.fi\/ueflahettilaat\/2023\/09\/27\/vinkkeja-ryhmatoiden-tekemiseen\/\" \/>\n<meta property=\"og:locale\" content=\"fi_FI\" \/>\n<meta property=\"og:type\" content=\"article\" \/>\n<meta property=\"og:title\" content=\"Vinkkej\u00e4 ryhm\u00e4t\u00f6iden tekemiseen - UEF-l\u00e4hettil\u00e4\u00e4t\" \/>\n<meta property=\"og:description\" content=\"Kirjoituksessa kerron vinkkej\u00e4 opiskeluun liittyvien ryhm\u00e4t\u00f6iden tekemiseen.\" \/>\n<meta property=\"og:url\" content=\"https:\/\/blogs.uef.fi\/ueflahettilaat\/2023\/09\/27\/vinkkeja-ryhmatoiden-tekemiseen\/\" \/>\n<meta property=\"og:site_name\" content=\"UEF-l\u00e4hettil\u00e4\u00e4t\" \/>\n<meta property=\"article:published_time\" content=\"2023-09-27T08:40:52+00:00\" \/>\n<meta property=\"article:modified_time\" content=\"2023-09-27T08:40:53+00:00\" \/>\n<meta property=\"og:image\" content=\"https:\/\/blogs.uef.fi\/ueflahettilaat\/wp-content\/uploads\/sites\/7\/2023\/09\/IMG_0001-scaled-e1695803925966.jpeg\" \/>\n\t<meta property=\"og:image:width\" content=\"2035\" \/>\n\t<meta property=\"og:image:height\" content=\"1442\" \/>\n\t<meta property=\"og:image:type\" content=\"image\/jpeg\" \/>\n<meta name=\"author\" content=\"suvilei\" \/>\n<meta name=\"twitter:card\" content=\"summary_large_image\" \/>\n<meta name=\"twitter:label1\" content=\"Kirjoittanut\" \/>\n\t<meta name=\"twitter:data1\" content=\"suvilei\" \/>\n\t<meta name=\"twitter:label2\" content=\"Arvioitu lukuaika\" \/>\n\t<meta name=\"twitter:data2\" content=\"3 minuuttia\" \/>\n<script type=\"application\/ld+json\" class=\"yoast-schema-graph\">{\"@context\":\"https:\\\/\\\/schema.org\",\"@graph\":[{\"@type\":\"Article\",\"@id\":\"https:\\\/\\\/blogs.uef.fi\\\/ueflahettilaat\\\/2023\\\/09\\\/27\\\/vinkkeja-ryhmatoiden-tekemiseen\\\/#article\",\"isPartOf\":{\"@id\":\"https:\\\/\\\/blogs.uef.fi\\\/ueflahettilaat\\\/2023\\\/09\\\/27\\\/vinkkeja-ryhmatoiden-tekemiseen\\\/\"},\"author\":{\"name\":\"suvilei\",\"@id\":\"https:\\\/\\\/blogs.uef.fi\\\/ueflahettilaat\\\/#\\\/schema\\\/person\\\/5ddd20b90bfdfbc0cde2ea40d21d6d74\"},\"headline\":\"Vinkkej\u00e4 ryhm\u00e4t\u00f6iden tekemiseen\",\"datePublished\":\"2023-09-27T08:40:52+00:00\",\"dateModified\":\"2023-09-27T08:40:53+00:00\",\"mainEntityOfPage\":{\"@id\":\"https:\\\/\\\/blogs.uef.fi\\\/ueflahettilaat\\\/2023\\\/09\\\/27\\\/vinkkeja-ryhmatoiden-tekemiseen\\\/\"},\"wordCount\":489,\"commentCount\":0,\"image\":{\"@id\":\"https:\\\/\\\/blogs.uef.fi\\\/ueflahettilaat\\\/2023\\\/09\\\/27\\\/vinkkeja-ryhmatoiden-tekemiseen\\\/#primaryimage\"},\"thumbnailUrl\":\"https:\\\/\\\/blogs.uef.fi\\\/ueflahettilaat\\\/wp-content\\\/uploads\\\/sites\\\/7\\\/2023\\\/09\\\/IMG_0001-scaled-e1695803925966.jpeg\",\"keywords\":[\"2023\",\"opiskelu\",\"Ryhm\u00e4ty\u00f6t\",\"sosiaalipsykologia\",\"uef-l\u00e4hettil\u00e4s\",\"yhteiskuntatieteet\",\"yliopisto\"],\"articleSection\":[\"Uncategorized\"],\"inLanguage\":\"fi\",\"potentialAction\":[{\"@type\":\"CommentAction\",\"name\":\"Comment\",\"target\":[\"https:\\\/\\\/blogs.uef.fi\\\/ueflahettilaat\\\/2023\\\/09\\\/27\\\/vinkkeja-ryhmatoiden-tekemiseen\\\/#respond\"]}]},{\"@type\":\"WebPage\",\"@id\":\"https:\\\/\\\/blogs.uef.fi\\\/ueflahettilaat\\\/2023\\\/09\\\/27\\\/vinkkeja-ryhmatoiden-tekemiseen\\\/\",\"url\":\"https:\\\/\\\/blogs.uef.fi\\\/ueflahettilaat\\\/2023\\\/09\\\/27\\\/vinkkeja-ryhmatoiden-tekemiseen\\\/\",\"name\":\"Vinkkej\u00e4 ryhm\u00e4t\u00f6iden tekemiseen - UEF-l\u00e4hettil\u00e4\u00e4t\",\"isPartOf\":{\"@id\":\"https:\\\/\\\/blogs.uef.fi\\\/ueflahettilaat\\\/#website\"},\"primaryImageOfPage\":{\"@id\":\"https:\\\/\\\/blogs.uef.fi\\\/ueflahettilaat\\\/2023\\\/09\\\/27\\\/vinkkeja-ryhmatoiden-tekemiseen\\\/#primaryimage\"},\"image\":{\"@id\":\"https:\\\/\\\/blogs.uef.fi\\\/ueflahettilaat\\\/2023\\\/09\\\/27\\\/vinkkeja-ryhmatoiden-tekemiseen\\\/#primaryimage\"},\"thumbnailUrl\":\"https:\\\/\\\/blogs.uef.fi\\\/ueflahettilaat\\\/wp-content\\\/uploads\\\/sites\\\/7\\\/2023\\\/09\\\/IMG_0001-scaled-e1695803925966.jpeg\",\"datePublished\":\"2023-09-27T08:40:52+00:00\",\"dateModified\":\"2023-09-27T08:40:53+00:00\",\"author\":{\"@id\":\"https:\\\/\\\/blogs.uef.fi\\\/ueflahettilaat\\\/#\\\/schema\\\/person\\\/5ddd20b90bfdfbc0cde2ea40d21d6d74\"},\"description\":\"Kirjoituksessa kerron vinkkej\u00e4 opiskeluun liittyvien ryhm\u00e4t\u00f6iden tekemiseen.\",\"breadcrumb\":{\"@id\":\"https:\\\/\\\/blogs.uef.fi\\\/ueflahettilaat\\\/2023\\\/09\\\/27\\\/vinkkeja-ryhmatoiden-tekemiseen\\\/#breadcrumb\"},\"inLanguage\":\"fi\",\"potentialAction\":[{\"@type\":\"ReadAction\",\"target\":[\"https:\\\/\\\/blogs.uef.fi\\\/ueflahettilaat\\\/2023\\\/09\\\/27\\\/vinkkeja-ryhmatoiden-tekemiseen\\\/\"]}]},{\"@type\":\"ImageObject\",\"inLanguage\":\"fi\",\"@id\":\"https:\\\/\\\/blogs.uef.fi\\\/ueflahettilaat\\\/2023\\\/09\\\/27\\\/vinkkeja-ryhmatoiden-tekemiseen\\\/#primaryimage\",\"url\":\"https:\\\/\\\/blogs.uef.fi\\\/ueflahettilaat\\\/wp-content\\\/uploads\\\/sites\\\/7\\\/2023\\\/09\\\/IMG_0001-scaled-e1695803925966.jpeg\",\"contentUrl\":\"https:\\\/\\\/blogs.uef.fi\\\/ueflahettilaat\\\/wp-content\\\/uploads\\\/sites\\\/7\\\/2023\\\/09\\\/IMG_0001-scaled-e1695803925966.jpeg\",\"width\":2035,\"height\":1442,\"caption\":\"Kuvassa UEF-l\u00e4hettil\u00e4\u00e4t istumassa kirjaston portaissa. He hymyilev\u00e4t.\"},{\"@type\":\"BreadcrumbList\",\"@id\":\"https:\\\/\\\/blogs.uef.fi\\\/ueflahettilaat\\\/2023\\\/09\\\/27\\\/vinkkeja-ryhmatoiden-tekemiseen\\\/#breadcrumb\",\"itemListElement\":[{\"@type\":\"ListItem\",\"position\":1,\"name\":\"Home\",\"item\":\"https:\\\/\\\/blogs.uef.fi\\\/ueflahettilaat\\\/\"},{\"@type\":\"ListItem\",\"position\":2,\"name\":\"Vinkkej\u00e4 ryhm\u00e4t\u00f6iden tekemiseen\"}]},{\"@type\":\"WebSite\",\"@id\":\"https:\\\/\\\/blogs.uef.fi\\\/ueflahettilaat\\\/#website\",\"url\":\"https:\\\/\\\/blogs.uef.fi\\\/ueflahettilaat\\\/\",\"name\":\"UEF-l\u00e4hettil\u00e4\u00e4t\",\"description\":\"\",\"potentialAction\":[{\"@type\":\"SearchAction\",\"target\":{\"@type\":\"EntryPoint\",\"urlTemplate\":\"https:\\\/\\\/blogs.uef.fi\\\/ueflahettilaat\\\/?s={search_term_string}\"},\"query-input\":{\"@type\":\"PropertyValueSpecification\",\"valueRequired\":true,\"valueName\":\"search_term_string\"}}],\"inLanguage\":\"fi\"},{\"@type\":\"Person\",\"@id\":\"https:\\\/\\\/blogs.uef.fi\\\/ueflahettilaat\\\/#\\\/schema\\\/person\\\/5ddd20b90bfdfbc0cde2ea40d21d6d74\",\"name\":\"suvilei\",\"url\":\"https:\\\/\\\/blogs.uef.fi\\\/ueflahettilaat\\\/author\\\/suvilei\\\/\"}]}<\/script>\n<!-- \/ Yoast SEO plugin. -->","yoast_head_json":{"title":"Vinkkej\u00e4 ryhm\u00e4t\u00f6iden tekemiseen - UEF-l\u00e4hettil\u00e4\u00e4t","description":"Kirjoituksessa kerron vinkkej\u00e4 opiskeluun liittyvien ryhm\u00e4t\u00f6iden tekemiseen.","robots":{"index":"index","follow":"follow","max-snippet":"max-snippet:-1","max-image-preview":"max-image-preview:large","max-video-preview":"max-video-preview:-1"},"canonical":"https:\/\/blogs.uef.fi\/ueflahettilaat\/2023\/09\/27\/vinkkeja-ryhmatoiden-tekemiseen\/","og_locale":"fi_FI","og_type":"article","og_title":"Vinkkej\u00e4 ryhm\u00e4t\u00f6iden tekemiseen - UEF-l\u00e4hettil\u00e4\u00e4t","og_description":"Kirjoituksessa kerron vinkkej\u00e4 opiskeluun liittyvien ryhm\u00e4t\u00f6iden tekemiseen.","og_url":"https:\/\/blogs.uef.fi\/ueflahettilaat\/2023\/09\/27\/vinkkeja-ryhmatoiden-tekemiseen\/","og_site_name":"UEF-l\u00e4hettil\u00e4\u00e4t","article_published_time":"2023-09-27T08:40:52+00:00","article_modified_time":"2023-09-27T08:40:53+00:00","og_image":[{"width":2035,"height":1442,"url":"https:\/\/blogs.uef.fi\/ueflahettilaat\/wp-content\/uploads\/sites\/7\/2023\/09\/IMG_0001-scaled-e1695803925966.jpeg","type":"image\/jpeg"}],"author":"suvilei","twitter_card":"summary_large_image","twitter_misc":{"Kirjoittanut":"suvilei","Arvioitu lukuaika":"3 minuuttia"},"schema":{"@context":"https:\/\/schema.org","@graph":[{"@type":"Article","@id":"https:\/\/blogs.uef.fi\/ueflahettilaat\/2023\/09\/27\/vinkkeja-ryhmatoiden-tekemiseen\/#article","isPartOf":{"@id":"https:\/\/blogs.uef.fi\/ueflahettilaat\/2023\/09\/27\/vinkkeja-ryhmatoiden-tekemiseen\/"},"author":{"name":"suvilei","@id":"https:\/\/blogs.uef.fi\/ueflahettilaat\/#\/schema\/person\/5ddd20b90bfdfbc0cde2ea40d21d6d74"},"headline":"Vinkkej\u00e4 ryhm\u00e4t\u00f6iden tekemiseen","datePublished":"2023-09-27T08:40:52+00:00","dateModified":"2023-09-27T08:40:53+00:00","mainEntityOfPage":{"@id":"https:\/\/blogs.uef.fi\/ueflahettilaat\/2023\/09\/27\/vinkkeja-ryhmatoiden-tekemiseen\/"},"wordCount":489,"commentCount":0,"image":{"@id":"https:\/\/blogs.uef.fi\/ueflahettilaat\/2023\/09\/27\/vinkkeja-ryhmatoiden-tekemiseen\/#primaryimage"},"thumbnailUrl":"https:\/\/blogs.uef.fi\/ueflahettilaat\/wp-content\/uploads\/sites\/7\/2023\/09\/IMG_0001-scaled-e1695803925966.jpeg","keywords":["2023","opiskelu","Ryhm\u00e4ty\u00f6t","sosiaalipsykologia","uef-l\u00e4hettil\u00e4s","yhteiskuntatieteet","yliopisto"],"articleSection":["Uncategorized"],"inLanguage":"fi","potentialAction":[{"@type":"CommentAction","name":"Comment","target":["https:\/\/blogs.uef.fi\/ueflahettilaat\/2023\/09\/27\/vinkkeja-ryhmatoiden-tekemiseen\/#respond"]}]},{"@type":"WebPage","@id":"https:\/\/blogs.uef.fi\/ueflahettilaat\/2023\/09\/27\/vinkkeja-ryhmatoiden-tekemiseen\/","url":"https:\/\/blogs.uef.fi\/ueflahettilaat\/2023\/09\/27\/vinkkeja-ryhmatoiden-tekemiseen\/","name":"Vinkkej\u00e4 ryhm\u00e4t\u00f6iden tekemiseen - UEF-l\u00e4hettil\u00e4\u00e4t","isPartOf":{"@id":"https:\/\/blogs.uef.fi\/ueflahettilaat\/#website"},"primaryImageOfPage":{"@id":"https:\/\/blogs.uef.fi\/ueflahettilaat\/2023\/09\/27\/vinkkeja-ryhmatoiden-tekemiseen\/#primaryimage"},"image":{"@id":"https:\/\/blogs.uef.fi\/ueflahettilaat\/2023\/09\/27\/vinkkeja-ryhmatoiden-tekemiseen\/#primaryimage"},"thumbnailUrl":"https:\/\/blogs.uef.fi\/ueflahettilaat\/wp-content\/uploads\/sites\/7\/2023\/09\/IMG_0001-scaled-e1695803925966.jpeg","datePublished":"2023-09-27T08:40:52+00:00","dateModified":"2023-09-27T08:40:53+00:00","author":{"@id":"https:\/\/blogs.uef.fi\/ueflahettilaat\/#\/schema\/person\/5ddd20b90bfdfbc0cde2ea40d21d6d74"},"description":"Kirjoituksessa kerron vinkkej\u00e4 opiskeluun liittyvien ryhm\u00e4t\u00f6iden tekemiseen.","breadcrumb":{"@id":"https:\/\/blogs.uef.fi\/ueflahettilaat\/2023\/09\/27\/vinkkeja-ryhmatoiden-tekemiseen\/#breadcrumb"},"inLanguage":"fi","potentialAction":[{"@type":"ReadAction","target":["https:\/\/blogs.uef.fi\/ueflahettilaat\/2023\/09\/27\/vinkkeja-ryhmatoiden-tekemiseen\/"]}]},{"@type":"ImageObject","inLanguage":"fi","@id":"https:\/\/blogs.uef.fi\/ueflahettilaat\/2023\/09\/27\/vinkkeja-ryhmatoiden-tekemiseen\/#primaryimage","url":"https:\/\/blogs.uef.fi\/ueflahettilaat\/wp-content\/uploads\/sites\/7\/2023\/09\/IMG_0001-scaled-e1695803925966.jpeg","contentUrl":"https:\/\/blogs.uef.fi\/ueflahettilaat\/wp-content\/uploads\/sites\/7\/2023\/09\/IMG_0001-scaled-e1695803925966.jpeg","width":2035,"height":1442,"caption":"Kuvassa UEF-l\u00e4hettil\u00e4\u00e4t istumassa kirjaston portaissa. He hymyilev\u00e4t."},{"@type":"BreadcrumbList","@id":"https:\/\/blogs.uef.fi\/ueflahettilaat\/2023\/09\/27\/vinkkeja-ryhmatoiden-tekemiseen\/#breadcrumb","itemListElement":[{"@type":"ListItem","position":1,"name":"Home","item":"https:\/\/blogs.uef.fi\/ueflahettilaat\/"},{"@type":"ListItem","position":2,"name":"Vinkkej\u00e4 ryhm\u00e4t\u00f6iden tekemiseen"}]},{"@type":"WebSite","@id":"https:\/\/blogs.uef.fi\/ueflahettilaat\/#website","url":"https:\/\/blogs.uef.fi\/ueflahettilaat\/","name":"UEF-l\u00e4hettil\u00e4\u00e4t","description":"","potentialAction":[{"@type":"SearchAction","target":{"@type":"EntryPoint","urlTemplate":"https:\/\/blogs.uef.fi\/ueflahettilaat\/?s={search_term_string}"},"query-input":{"@type":"PropertyValueSpecification","valueRequired":true,"valueName":"search_term_string"}}],"inLanguage":"fi"},{"@type":"Person","@id":"https:\/\/blogs.uef.fi\/ueflahettilaat\/#\/schema\/person\/5ddd20b90bfdfbc0cde2ea40d21d6d74","name":"suvilei","url":"https:\/\/blogs.uef.fi\/ueflahettilaat\/author\/suvilei\/"}]}},"_links":{"self":[{"href":"https:\/\/blogs.uef.fi\/ueflahettilaat\/wp-json\/wp\/v2\/posts\/5929","targetHints":{"allow":["GET"]}}],"collection":[{"href":"https:\/\/blogs.uef.fi\/ueflahettilaat\/wp-json\/wp\/v2\/posts"}],"about":[{"href":"https:\/\/blogs.uef.fi\/ueflahettilaat\/wp-json\/wp\/v2\/types\/post"}],"author":[{"embeddable":true,"href":"https:\/\/blogs.uef.fi\/ueflahettilaat\/wp-json\/wp\/v2\/users\/622"}],"replies":[{"embeddable":true,"href":"https:\/\/blogs.uef.fi\/ueflahettilaat\/wp-json\/wp\/v2\/comments?post=5929"}],"version-history":[{"count":1,"href":"https:\/\/blogs.uef.fi\/ueflahettilaat\/wp-json\/wp\/v2\/posts\/5929\/revisions"}],"predecessor-version":[{"id":5935,"href":"https:\/\/blogs.uef.fi\/ueflahettilaat\/wp-json\/wp\/v2\/posts\/5929\/revisions\/5935"}],"wp:featuredmedia":[{"embeddable":true,"href":"https:\/\/blogs.uef.fi\/ueflahettilaat\/wp-json\/wp\/v2\/media\/5932"}],"wp:attachment":[{"href":"https:\/\/blogs.uef.fi\/ueflahettilaat\/wp-json\/wp\/v2\/media?parent=5929"}],"wp:term":[{"taxonomy":"category","embeddable":true,"href":"https:\/\/blogs.uef.fi\/ueflahettilaat\/wp-json\/wp\/v2\/categories?post=5929"},{"taxonomy":"post_tag","embeddable":true,"href":"https:\/\/blogs.uef.fi\/ueflahettilaat\/wp-json\/wp\/v2\/tags?post=5929"}],"curies":[{"name":"wp","href":"https:\/\/api.w.org\/{rel}","templated":true}]}}