{"id":5264,"date":"2022-10-28T15:18:17","date_gmt":"2022-10-28T12:18:17","guid":{"rendered":"https:\/\/blogs.uef.fi\/ueflahettilaat\/?p=5264"},"modified":"2022-10-28T15:18:17","modified_gmt":"2022-10-28T12:18:17","slug":"psykologian-opiskelijan-arkea","status":"publish","type":"post","link":"https:\/\/blogs.uef.fi\/ueflahettilaat\/2022\/10\/28\/psykologian-opiskelijan-arkea\/","title":{"rendered":"Psykologian opiskelijan arkea"},"content":{"rendered":"<p style=\"text-align: center\"><strong>Arkiviikko<\/strong><\/p>\n<p>T\u00e4ss\u00e4 postauksessa kerron, milt\u00e4 voi n\u00e4ytt\u00e4\u00e4 psykologian opiskelijan tavallinen arkiviikko. Opiskelen Joensuun kampuksella toisen vuoden psykologian opintoja. Opiskelijoiden viikot vaihtelevat paljon esimerkiksi sivuaineen, vuosikurssin ja oman ty\u00f6skentelytavan suhteen.<\/p>\n<p>Tervetuloa mukaan viikkooni!<\/p>\n<div id=\"attachment_5267\" style=\"width: 2010px\" class=\"wp-caption alignnone\"><img loading=\"lazy\" decoding=\"async\" aria-describedby=\"caption-attachment-5267\" class=\"size-full wp-image-5267\" src=\"https:\/\/blogs.uef.fi\/ueflahettilaat\/wp-content\/uploads\/sites\/7\/2022\/10\/Lukujarjestys.png\" alt=\"Kuvassa n\u00e4kyy opiskelijan lukuj\u00e4rjestys. Lukuj\u00e4rjestyksen sis\u00e4lt\u00f6 avataan tekstiss\u00e4.\" width=\"2000\" height=\"1414\" srcset=\"https:\/\/blogs.uef.fi\/ueflahettilaat\/wp-content\/uploads\/sites\/7\/2022\/10\/Lukujarjestys.png 2000w, https:\/\/blogs.uef.fi\/ueflahettilaat\/wp-content\/uploads\/sites\/7\/2022\/10\/Lukujarjestys-768x543.png 768w, https:\/\/blogs.uef.fi\/ueflahettilaat\/wp-content\/uploads\/sites\/7\/2022\/10\/Lukujarjestys-1536x1086.png 1536w\" sizes=\"auto, (max-width: 2000px) 100vw, 2000px\" \/><p id=\"caption-attachment-5267\" class=\"wp-caption-text\">Lukuj\u00e4rjestys<\/p><\/div>\n<p style=\"text-align: center\"><strong>Maanantai:<\/strong><\/p>\n<p>Yleens\u00e4 maanantait aloitan s\u00e4hk\u00f6postien lukemisella, ja samalla suunnittelen sek\u00e4 valmistelen mahdolliset ty\u00f6h\u00f6n liittyv\u00e4t asiat. Ty\u00f6skentelen opintojen ohella UEF-l\u00e4hettil\u00e4\u00e4n\u00e4. Minulla py\u00f6rii kuukauden aikana noin nelj\u00e4 kurssia, mutta t\u00e4m\u00e4 voi vaihdella paljon opiskelijoiden v\u00e4lill\u00e4.<\/p>\n<p>Opintojen osalta luin maanantaina persoonallisuuspsykologiaa (Pepsy2) ja kirjoitin oppimisp\u00e4iv\u00e4kirjaa oman osaamisen tunnistamisen (OOT) kurssille. Suoritustavat vaihtelevat paljon kurssin mukaan, mik\u00e4 tuo n\u00e4kemykseni mukaan sopivaa vaihtelua opintoihin. N\u00e4kemykseni mukaan psykologian koulutukseen kuuluu melko paljon itsen\u00e4ist\u00e4 ty\u00f6skentely\u00e4.<\/p>\n<p>Iltap\u00e4iv\u00e4ll\u00e4 menin viel\u00e4 yst\u00e4vien kanssa Sykkeen ryhm\u00e4liikuntatunnille. Sykkeen kautta opiskelijat saavat Joensuussa ja Kuopiossa kohtuulliseen hintaan erilaisia liikuntapalveluita.<\/p>\n<div id=\"attachment_5276\" style=\"width: 970px\" class=\"wp-caption alignnone\"><img loading=\"lazy\" decoding=\"async\" aria-describedby=\"caption-attachment-5276\" class=\"size-full wp-image-5276\" src=\"https:\/\/blogs.uef.fi\/ueflahettilaat\/wp-content\/uploads\/sites\/7\/2022\/10\/Image-10.jpeg\" alt=\"Kuvituskuva opiskeluhetkest\u00e4.\" width=\"960\" height=\"1792\" srcset=\"https:\/\/blogs.uef.fi\/ueflahettilaat\/wp-content\/uploads\/sites\/7\/2022\/10\/Image-10.jpeg 960w, https:\/\/blogs.uef.fi\/ueflahettilaat\/wp-content\/uploads\/sites\/7\/2022\/10\/Image-10-768x1434.jpeg 768w, https:\/\/blogs.uef.fi\/ueflahettilaat\/wp-content\/uploads\/sites\/7\/2022\/10\/Image-10-823x1536.jpeg 823w\" sizes=\"auto, (max-width: 960px) 100vw, 960px\" \/><p id=\"caption-attachment-5276\" class=\"wp-caption-text\">Kirjastolla opiskelemassa yhdess\u00e4 yst\u00e4vien kanssa.<\/p><\/div>\n<p style=\"text-align: center\"><strong>Tiistai:<\/strong><\/p>\n<p>Tiistaina nukuin hieman pidemp\u00e4\u00e4n, jonka j\u00e4lkeen menin yhdess\u00e4 yst\u00e4vien kanssa kirjastolle. Itsen\u00e4isist\u00e4 opinnoista huolimatta, opiskelemme l\u00e4hes poikkeuksetta kurssikavereiden kanssa yhdess\u00e4 kirjastolla. Aamup\u00e4iv\u00e4ll\u00e4 opiskelimme yhdess\u00e4 persoonallisuuspsykologian (Pepsy2) v\u00e4litenttiin. Jaoimme luettavan alueen puoliksi, jolloin ty\u00f6m\u00e4\u00e4r\u00e4 pienenee ja oppiminen on monipuolisempaa.<\/p>\n<p>Lounaan j\u00e4lkeen oli my\u00f6s pitk\u00e4 luento ammatillinen vuorovaikutus kaksi (AV2) kurssiin liittyen. T\u00e4ll\u00e4 kurssilla harjoitellaan el\u00e4m\u00e4kerrallisen haastattelun toteuttamista t\u00e4ysin tuntemattoman henkil\u00f6n kanssa. Lis\u00e4ksi tutustutaan esimerkiksi haastattelun anonymisointiin ja haastattelun eettisiin kysymyksiin. T\u00e4m\u00e4 on n\u00e4kemykseni mukaan syksyn mielenkiintoisin ja k\u00e4yt\u00e4nn\u00f6nl\u00e4heisin opintojakso.<\/p>\n<p>Illalla ainej\u00e4rjest\u00f6mme Oidipus ry j\u00e4rjesti j\u00e4senilleen K\u00e4mpp\u00e4approt, joihin menin pit\u00e4m\u00e4\u00e4n rastia. Opiskelijael\u00e4m\u00e4 Joensuussa on vilkasta, ja Oidipus j\u00e4rjest\u00e4\u00e4kin viikoittain tapahtumia psykologian opiskelijoille. Ilta meni mukavasti tapahtumassa.<\/p>\n<div id=\"attachment_5270\" style=\"width: 1826px\" class=\"wp-caption alignnone\"><img loading=\"lazy\" decoding=\"async\" aria-describedby=\"caption-attachment-5270\" class=\"size-full wp-image-5270\" src=\"https:\/\/blogs.uef.fi\/ueflahettilaat\/wp-content\/uploads\/sites\/7\/2022\/10\/Image-k.jpeg\" alt=\"Kuvituskuva opiskelijatapahtumasta haalarit jalassa ja tonttuasut p\u00e4\u00e4ll\u00e4.\" width=\"1816\" height=\"2420\" srcset=\"https:\/\/blogs.uef.fi\/ueflahettilaat\/wp-content\/uploads\/sites\/7\/2022\/10\/Image-k.jpeg 1816w, https:\/\/blogs.uef.fi\/ueflahettilaat\/wp-content\/uploads\/sites\/7\/2022\/10\/Image-k-768x1023.jpeg 768w, https:\/\/blogs.uef.fi\/ueflahettilaat\/wp-content\/uploads\/sites\/7\/2022\/10\/Image-k-1153x1536.jpeg 1153w, https:\/\/blogs.uef.fi\/ueflahettilaat\/wp-content\/uploads\/sites\/7\/2022\/10\/Image-k-1537x2048.jpeg 1537w\" sizes=\"auto, (max-width: 1816px) 100vw, 1816px\" \/><p id=\"caption-attachment-5270\" class=\"wp-caption-text\">K\u00e4mpp\u00e4approt olivat juhlapyh\u00e4-teemalla. Meid\u00e4n rastilla vietettiin joulua.\u00a0<\/p><\/div>\n<p style=\"text-align: center\"><strong>Keskiviikko:<\/strong><\/p>\n<p>Keskiviikko alkoi et\u00e4esittelyll\u00e4 er\u00e4\u00e4seen lukioon. Kerroimme kauppatieteiden l\u00e4hettil\u00e4\u00e4n kanssa It\u00e4-Suomen yliopistosta ja yliopistossa opiskelusta. T\u00e4m\u00e4n j\u00e4lkeen jatkoin kirjastolla oman osaamisen tunnistamisen (OOT) kurssin oppimisp\u00e4iv\u00e4kirjan kirjoittamista. Lounas sy\u00f6d\u00e4\u00e4n aina yhdess\u00e4 opiskelukavereiden kanssa kampusravintolassa. Iltap\u00e4iv\u00e4ll\u00e4 jatkoin ammatillinen vuorovaikutus yksi (AV1) kurssin materiaaleihin tutustumista ja tein siihen liittyen muutaman v\u00e4liteht\u00e4v\u00e4n. T\u00e4ll\u00e4 kurssilla puolestaan harjoitellaan erilaisia asiakaskohtaamisia pienryhmiss\u00e4. Vuorovaikutustilanteiden harjoittelu on keskeist\u00e4 ammatti-identiteetin kehittymisen kannalta.<\/p>\n<p>Opiskelen p\u00e4\u00e4osin vain arkip\u00e4ivisin klo 8\u201316, ja iltap\u00e4iv\u00e4t ja viikonloput pyhit\u00e4n vapaa-ajalle. Opinnot vaativat paljon itseohjautuvuutta, mutta toisaalta opinnot ovat monipuolisia ja hyvin mielenkiintoisia. Illalla menin viel\u00e4 yhdess\u00e4 yst\u00e4v\u00e4n kanssa Sykkeen kautta Taekwondo-tunnille.<\/p>\n<p>&nbsp;<\/p>\n<p style=\"text-align: center\"><strong>Torstai:<\/strong><\/p>\n<p>Aamup\u00e4iv\u00e4 meni j\u00e4lleen persoonallisuuspsykologian (Pepsy2) parissa. Kurssilla syvennyt\u00e4\u00e4n persoonallisuuspsykologiaan perusopintoja syvemmin. Opintojaksoon kuuluu viisi v\u00e4litentti\u00e4, ja lopuksi suoritetaan lopputeht\u00e4v\u00e4. Psykologian kandivaiheeseen kuuluu paljon lukemista niin suomeksi kuin englanniksikin.<\/p>\n<p>Lounaan j\u00e4lkeen jatkoin oman osaamisen tunnistamisen (OOT) kurssin parissa. Kurssi kuuluu ty\u00f6- ja organisaatiopsykologian sivuaineeseen, joka on toinen sivuaineeni. Psykologian opintoihin kuuluu kaksi lyhytt\u00e4 tai yksi pitk\u00e4 vapaasti valittava sivuaine. Tutkinnon laajuutta ei ole kuitenkaan rajattu, joten halutessaan voi lukea my\u00f6s muita sivuaineita. It\u00e4-Suomen yliopistolla on vapaa sivuaineoikeus, joka oli itselleni yksi kriteereist\u00e4, kun valitsin yliopistoa.<\/p>\n<p>Illalla tapasin yst\u00e4vi\u00e4, ja menimme yhdess\u00e4 Oidipuksen kanssa keilaamaan Joensuun keskustaan. Ainej\u00e4rjest\u00f6toiminta on isossa roolissa omassa opiskelijael\u00e4m\u00e4ss\u00e4. Ainej\u00e4rjest\u00f6jen kautta opiskelijat saavat haalarit, uusia yst\u00e4vi\u00e4 sek\u00e4 hienoja kokemuksia, ja lis\u00e4ksi samalla verkostoituu tuleviin ty\u00f6kavereihin.<\/p>\n<div id=\"attachment_5273\" style=\"width: 1826px\" class=\"wp-caption alignnone\"><img loading=\"lazy\" decoding=\"async\" aria-describedby=\"caption-attachment-5273\" class=\"size-full wp-image-5273\" src=\"https:\/\/blogs.uef.fi\/ueflahettilaat\/wp-content\/uploads\/sites\/7\/2022\/10\/Image-9.jpeg\" alt=\"Kuvassa keilaratoja.\" width=\"1816\" height=\"2420\" srcset=\"https:\/\/blogs.uef.fi\/ueflahettilaat\/wp-content\/uploads\/sites\/7\/2022\/10\/Image-9.jpeg 1816w, https:\/\/blogs.uef.fi\/ueflahettilaat\/wp-content\/uploads\/sites\/7\/2022\/10\/Image-9-768x1023.jpeg 768w, https:\/\/blogs.uef.fi\/ueflahettilaat\/wp-content\/uploads\/sites\/7\/2022\/10\/Image-9-1153x1536.jpeg 1153w, https:\/\/blogs.uef.fi\/ueflahettilaat\/wp-content\/uploads\/sites\/7\/2022\/10\/Image-9-1537x2048.jpeg 1537w\" sizes=\"auto, (max-width: 1816px) 100vw, 1816px\" \/><p id=\"caption-attachment-5273\" class=\"wp-caption-text\">Keilaamassa Oidipuksen kanssa.<\/p><\/div>\n<p style=\"text-align: center\"><strong>Perjantai:<\/strong><\/p>\n<p>Aamu alkoi palaverilla ty\u00f6kavereiden kanssa. Muutoin pyrin pit\u00e4m\u00e4\u00e4n perjantait mahdollisimman kevyin\u00e4 ja laskeutua viikonlopun viettoon. Viikonloput ovat minulla l\u00e4ht\u00f6kohtaisesti vapaita opiskelusta. Aamup\u00e4iv\u00e4n jatkoin persoonallisuuspsykologian (Pepsy2) parissa. Iltap\u00e4iv\u00e4ll\u00e4 suunnittelin l\u00e4hinn\u00e4 seuraavan viikon opiskeluaikataulun valmiiksi ja lopettelin p\u00e4iv\u00e4n kouluty\u00f6t ajoissa.<\/p>\n<div id=\"attachment_5279\" style=\"width: 1826px\" class=\"wp-caption alignnone\"><img loading=\"lazy\" decoding=\"async\" aria-describedby=\"caption-attachment-5279\" class=\"size-full wp-image-5279\" src=\"https:\/\/blogs.uef.fi\/ueflahettilaat\/wp-content\/uploads\/sites\/7\/2022\/10\/Image-koulu.jpeg\" alt=\"Kuva Joensuun kampusalueesta.\" width=\"1816\" height=\"2420\" srcset=\"https:\/\/blogs.uef.fi\/ueflahettilaat\/wp-content\/uploads\/sites\/7\/2022\/10\/Image-koulu.jpeg 1816w, https:\/\/blogs.uef.fi\/ueflahettilaat\/wp-content\/uploads\/sites\/7\/2022\/10\/Image-koulu-768x1023.jpeg 768w, https:\/\/blogs.uef.fi\/ueflahettilaat\/wp-content\/uploads\/sites\/7\/2022\/10\/Image-koulu-1153x1536.jpeg 1153w, https:\/\/blogs.uef.fi\/ueflahettilaat\/wp-content\/uploads\/sites\/7\/2022\/10\/Image-koulu-1537x2048.jpeg 1537w\" sizes=\"auto, (max-width: 1816px) 100vw, 1816px\" \/><p id=\"caption-attachment-5279\" class=\"wp-caption-text\">Carelia-rakennus kampuksella.<\/p><\/div>\n<p>Kiitos kun seurasit viikkoani! Instagramin puolella voi laittaa viesti\u00e4, jos opinnoista her\u00e4\u00e4 kysytt\u00e4v\u00e4\u00e4, vastailen mielell\u00e4ni. Lis\u00e4tietoa psykologian opinnoista l\u00f6yd\u00e4t osoitteesta: https:\/\/www.uef.fi\/fi\/koulutus\/psykologia<\/p>\n<p>IG: ueflahettilas<\/p>\n<p><em>\/\/Tuuli, psykologia<\/em><\/p>\n","protected":false},"excerpt":{"rendered":"<p>Arkiviikko T\u00e4ss\u00e4 postauksessa kerron, milt\u00e4 voi n\u00e4ytt\u00e4\u00e4 psykologian opiskelijan tavallinen arkiviikko. Opiskelen Joensuun kampuksella toisen vuoden psykologian opintoja. Opiskelijoiden viikot vaihtelevat paljon esimerkiksi sivuaineen, vuosikurssin ja oman ty\u00f6skentelytavan suhteen. Tervetuloa mukaan viikkooni! Maanantai: Yleens\u00e4 maanantait aloitan s\u00e4hk\u00f6postien lukemisella, ja samalla suunnittelen sek\u00e4 valmistelen mahdolliset ty\u00f6h\u00f6n liittyv\u00e4t asiat. Ty\u00f6skentelen opintojen ohella UEF-l\u00e4hettil\u00e4\u00e4n\u00e4. Minulla py\u00f6rii kuukauden aikana [&hellip;]<\/p>\n","protected":false},"author":582,"featured_media":0,"comment_status":"open","ping_status":"closed","sticky":false,"template":"","format":"standard","meta":{"_acf_changed":false,"footnotes":""},"categories":[1],"tags":[31,65,7],"class_list":["post-5264","post","type-post","status-publish","format-standard","hentry","category-uncategorized","tag-opiskelu","tag-psykologia","tag-uef"],"acf":[],"yoast_head":"<!-- This site is optimized with the Yoast SEO plugin v27.3 - https:\/\/yoast.com\/product\/yoast-seo-wordpress\/ -->\n<title>Psykologian opiskelijan arkea - UEF-l\u00e4hettil\u00e4\u00e4t<\/title>\n<meta name=\"robots\" content=\"index, follow, max-snippet:-1, max-image-preview:large, max-video-preview:-1\" \/>\n<link rel=\"canonical\" href=\"https:\/\/blogs.uef.fi\/ueflahettilaat\/2022\/10\/28\/psykologian-opiskelijan-arkea\/\" \/>\n<meta property=\"og:locale\" content=\"fi_FI\" \/>\n<meta property=\"og:type\" content=\"article\" \/>\n<meta property=\"og:title\" content=\"Psykologian opiskelijan arkea - UEF-l\u00e4hettil\u00e4\u00e4t\" \/>\n<meta property=\"og:description\" content=\"Arkiviikko T\u00e4ss\u00e4 postauksessa kerron, milt\u00e4 voi n\u00e4ytt\u00e4\u00e4 psykologian opiskelijan tavallinen arkiviikko. Opiskelen Joensuun kampuksella toisen vuoden psykologian opintoja. Opiskelijoiden viikot vaihtelevat paljon esimerkiksi sivuaineen, vuosikurssin ja oman ty\u00f6skentelytavan suhteen. Tervetuloa mukaan viikkooni! Maanantai: Yleens\u00e4 maanantait aloitan s\u00e4hk\u00f6postien lukemisella, ja samalla suunnittelen sek\u00e4 valmistelen mahdolliset ty\u00f6h\u00f6n liittyv\u00e4t asiat. Ty\u00f6skentelen opintojen ohella UEF-l\u00e4hettil\u00e4\u00e4n\u00e4. Minulla py\u00f6rii kuukauden aikana [&hellip;]\" \/>\n<meta property=\"og:url\" content=\"https:\/\/blogs.uef.fi\/ueflahettilaat\/2022\/10\/28\/psykologian-opiskelijan-arkea\/\" \/>\n<meta property=\"og:site_name\" content=\"UEF-l\u00e4hettil\u00e4\u00e4t\" \/>\n<meta property=\"article:published_time\" content=\"2022-10-28T12:18:17+00:00\" \/>\n<meta property=\"og:image\" content=\"https:\/\/blogs.uef.fi\/ueflahettilaat\/wp-content\/uploads\/sites\/7\/2022\/10\/Lukujarjestys.png\" \/>\n<meta name=\"author\" content=\"tuuliuut\" \/>\n<meta name=\"twitter:card\" content=\"summary_large_image\" \/>\n<meta name=\"twitter:label1\" content=\"Kirjoittanut\" \/>\n\t<meta name=\"twitter:data1\" content=\"tuuliuut\" \/>\n\t<meta name=\"twitter:label2\" content=\"Arvioitu lukuaika\" \/>\n\t<meta name=\"twitter:data2\" content=\"4 minuuttia\" \/>\n<script type=\"application\/ld+json\" class=\"yoast-schema-graph\">{\"@context\":\"https:\\\/\\\/schema.org\",\"@graph\":[{\"@type\":\"Article\",\"@id\":\"https:\\\/\\\/blogs.uef.fi\\\/ueflahettilaat\\\/2022\\\/10\\\/28\\\/psykologian-opiskelijan-arkea\\\/#article\",\"isPartOf\":{\"@id\":\"https:\\\/\\\/blogs.uef.fi\\\/ueflahettilaat\\\/2022\\\/10\\\/28\\\/psykologian-opiskelijan-arkea\\\/\"},\"author\":{\"name\":\"tuuliuut\",\"@id\":\"https:\\\/\\\/blogs.uef.fi\\\/ueflahettilaat\\\/#\\\/schema\\\/person\\\/b17298390245439f83af9aedf7ac4a33\"},\"headline\":\"Psykologian opiskelijan arkea\",\"datePublished\":\"2022-10-28T12:18:17+00:00\",\"mainEntityOfPage\":{\"@id\":\"https:\\\/\\\/blogs.uef.fi\\\/ueflahettilaat\\\/2022\\\/10\\\/28\\\/psykologian-opiskelijan-arkea\\\/\"},\"wordCount\":689,\"commentCount\":0,\"image\":{\"@id\":\"https:\\\/\\\/blogs.uef.fi\\\/ueflahettilaat\\\/2022\\\/10\\\/28\\\/psykologian-opiskelijan-arkea\\\/#primaryimage\"},\"thumbnailUrl\":\"https:\\\/\\\/blogs.uef.fi\\\/ueflahettilaat\\\/wp-content\\\/uploads\\\/sites\\\/7\\\/2022\\\/10\\\/Lukujarjestys.png\",\"keywords\":[\"opiskelu\",\"psykologia\",\"uef\"],\"articleSection\":[\"Uncategorized\"],\"inLanguage\":\"fi\",\"potentialAction\":[{\"@type\":\"CommentAction\",\"name\":\"Comment\",\"target\":[\"https:\\\/\\\/blogs.uef.fi\\\/ueflahettilaat\\\/2022\\\/10\\\/28\\\/psykologian-opiskelijan-arkea\\\/#respond\"]}]},{\"@type\":\"WebPage\",\"@id\":\"https:\\\/\\\/blogs.uef.fi\\\/ueflahettilaat\\\/2022\\\/10\\\/28\\\/psykologian-opiskelijan-arkea\\\/\",\"url\":\"https:\\\/\\\/blogs.uef.fi\\\/ueflahettilaat\\\/2022\\\/10\\\/28\\\/psykologian-opiskelijan-arkea\\\/\",\"name\":\"Psykologian opiskelijan arkea - UEF-l\u00e4hettil\u00e4\u00e4t\",\"isPartOf\":{\"@id\":\"https:\\\/\\\/blogs.uef.fi\\\/ueflahettilaat\\\/#website\"},\"primaryImageOfPage\":{\"@id\":\"https:\\\/\\\/blogs.uef.fi\\\/ueflahettilaat\\\/2022\\\/10\\\/28\\\/psykologian-opiskelijan-arkea\\\/#primaryimage\"},\"image\":{\"@id\":\"https:\\\/\\\/blogs.uef.fi\\\/ueflahettilaat\\\/2022\\\/10\\\/28\\\/psykologian-opiskelijan-arkea\\\/#primaryimage\"},\"thumbnailUrl\":\"https:\\\/\\\/blogs.uef.fi\\\/ueflahettilaat\\\/wp-content\\\/uploads\\\/sites\\\/7\\\/2022\\\/10\\\/Lukujarjestys.png\",\"datePublished\":\"2022-10-28T12:18:17+00:00\",\"author\":{\"@id\":\"https:\\\/\\\/blogs.uef.fi\\\/ueflahettilaat\\\/#\\\/schema\\\/person\\\/b17298390245439f83af9aedf7ac4a33\"},\"breadcrumb\":{\"@id\":\"https:\\\/\\\/blogs.uef.fi\\\/ueflahettilaat\\\/2022\\\/10\\\/28\\\/psykologian-opiskelijan-arkea\\\/#breadcrumb\"},\"inLanguage\":\"fi\",\"potentialAction\":[{\"@type\":\"ReadAction\",\"target\":[\"https:\\\/\\\/blogs.uef.fi\\\/ueflahettilaat\\\/2022\\\/10\\\/28\\\/psykologian-opiskelijan-arkea\\\/\"]}]},{\"@type\":\"ImageObject\",\"inLanguage\":\"fi\",\"@id\":\"https:\\\/\\\/blogs.uef.fi\\\/ueflahettilaat\\\/2022\\\/10\\\/28\\\/psykologian-opiskelijan-arkea\\\/#primaryimage\",\"url\":\"https:\\\/\\\/blogs.uef.fi\\\/ueflahettilaat\\\/wp-content\\\/uploads\\\/sites\\\/7\\\/2022\\\/10\\\/Lukujarjestys.png\",\"contentUrl\":\"https:\\\/\\\/blogs.uef.fi\\\/ueflahettilaat\\\/wp-content\\\/uploads\\\/sites\\\/7\\\/2022\\\/10\\\/Lukujarjestys.png\",\"width\":2000,\"height\":1414,\"caption\":\"Lukuj\u00e4rjestys\"},{\"@type\":\"BreadcrumbList\",\"@id\":\"https:\\\/\\\/blogs.uef.fi\\\/ueflahettilaat\\\/2022\\\/10\\\/28\\\/psykologian-opiskelijan-arkea\\\/#breadcrumb\",\"itemListElement\":[{\"@type\":\"ListItem\",\"position\":1,\"name\":\"Home\",\"item\":\"https:\\\/\\\/blogs.uef.fi\\\/ueflahettilaat\\\/\"},{\"@type\":\"ListItem\",\"position\":2,\"name\":\"Psykologian opiskelijan arkea\"}]},{\"@type\":\"WebSite\",\"@id\":\"https:\\\/\\\/blogs.uef.fi\\\/ueflahettilaat\\\/#website\",\"url\":\"https:\\\/\\\/blogs.uef.fi\\\/ueflahettilaat\\\/\",\"name\":\"UEF-l\u00e4hettil\u00e4\u00e4t\",\"description\":\"\",\"potentialAction\":[{\"@type\":\"SearchAction\",\"target\":{\"@type\":\"EntryPoint\",\"urlTemplate\":\"https:\\\/\\\/blogs.uef.fi\\\/ueflahettilaat\\\/?s={search_term_string}\"},\"query-input\":{\"@type\":\"PropertyValueSpecification\",\"valueRequired\":true,\"valueName\":\"search_term_string\"}}],\"inLanguage\":\"fi\"},{\"@type\":\"Person\",\"@id\":\"https:\\\/\\\/blogs.uef.fi\\\/ueflahettilaat\\\/#\\\/schema\\\/person\\\/b17298390245439f83af9aedf7ac4a33\",\"name\":\"tuuliuut\",\"url\":\"https:\\\/\\\/blogs.uef.fi\\\/ueflahettilaat\\\/author\\\/tuuliuut\\\/\"}]}<\/script>\n<!-- \/ Yoast SEO plugin. -->","yoast_head_json":{"title":"Psykologian opiskelijan arkea - UEF-l\u00e4hettil\u00e4\u00e4t","robots":{"index":"index","follow":"follow","max-snippet":"max-snippet:-1","max-image-preview":"max-image-preview:large","max-video-preview":"max-video-preview:-1"},"canonical":"https:\/\/blogs.uef.fi\/ueflahettilaat\/2022\/10\/28\/psykologian-opiskelijan-arkea\/","og_locale":"fi_FI","og_type":"article","og_title":"Psykologian opiskelijan arkea - UEF-l\u00e4hettil\u00e4\u00e4t","og_description":"Arkiviikko T\u00e4ss\u00e4 postauksessa kerron, milt\u00e4 voi n\u00e4ytt\u00e4\u00e4 psykologian opiskelijan tavallinen arkiviikko. Opiskelen Joensuun kampuksella toisen vuoden psykologian opintoja. Opiskelijoiden viikot vaihtelevat paljon esimerkiksi sivuaineen, vuosikurssin ja oman ty\u00f6skentelytavan suhteen. Tervetuloa mukaan viikkooni! Maanantai: Yleens\u00e4 maanantait aloitan s\u00e4hk\u00f6postien lukemisella, ja samalla suunnittelen sek\u00e4 valmistelen mahdolliset ty\u00f6h\u00f6n liittyv\u00e4t asiat. Ty\u00f6skentelen opintojen ohella UEF-l\u00e4hettil\u00e4\u00e4n\u00e4. Minulla py\u00f6rii kuukauden aikana [&hellip;]","og_url":"https:\/\/blogs.uef.fi\/ueflahettilaat\/2022\/10\/28\/psykologian-opiskelijan-arkea\/","og_site_name":"UEF-l\u00e4hettil\u00e4\u00e4t","article_published_time":"2022-10-28T12:18:17+00:00","og_image":[{"url":"https:\/\/blogs.uef.fi\/ueflahettilaat\/wp-content\/uploads\/sites\/7\/2022\/10\/Lukujarjestys.png","type":"","width":"","height":""}],"author":"tuuliuut","twitter_card":"summary_large_image","twitter_misc":{"Kirjoittanut":"tuuliuut","Arvioitu lukuaika":"4 minuuttia"},"schema":{"@context":"https:\/\/schema.org","@graph":[{"@type":"Article","@id":"https:\/\/blogs.uef.fi\/ueflahettilaat\/2022\/10\/28\/psykologian-opiskelijan-arkea\/#article","isPartOf":{"@id":"https:\/\/blogs.uef.fi\/ueflahettilaat\/2022\/10\/28\/psykologian-opiskelijan-arkea\/"},"author":{"name":"tuuliuut","@id":"https:\/\/blogs.uef.fi\/ueflahettilaat\/#\/schema\/person\/b17298390245439f83af9aedf7ac4a33"},"headline":"Psykologian opiskelijan arkea","datePublished":"2022-10-28T12:18:17+00:00","mainEntityOfPage":{"@id":"https:\/\/blogs.uef.fi\/ueflahettilaat\/2022\/10\/28\/psykologian-opiskelijan-arkea\/"},"wordCount":689,"commentCount":0,"image":{"@id":"https:\/\/blogs.uef.fi\/ueflahettilaat\/2022\/10\/28\/psykologian-opiskelijan-arkea\/#primaryimage"},"thumbnailUrl":"https:\/\/blogs.uef.fi\/ueflahettilaat\/wp-content\/uploads\/sites\/7\/2022\/10\/Lukujarjestys.png","keywords":["opiskelu","psykologia","uef"],"articleSection":["Uncategorized"],"inLanguage":"fi","potentialAction":[{"@type":"CommentAction","name":"Comment","target":["https:\/\/blogs.uef.fi\/ueflahettilaat\/2022\/10\/28\/psykologian-opiskelijan-arkea\/#respond"]}]},{"@type":"WebPage","@id":"https:\/\/blogs.uef.fi\/ueflahettilaat\/2022\/10\/28\/psykologian-opiskelijan-arkea\/","url":"https:\/\/blogs.uef.fi\/ueflahettilaat\/2022\/10\/28\/psykologian-opiskelijan-arkea\/","name":"Psykologian opiskelijan arkea - UEF-l\u00e4hettil\u00e4\u00e4t","isPartOf":{"@id":"https:\/\/blogs.uef.fi\/ueflahettilaat\/#website"},"primaryImageOfPage":{"@id":"https:\/\/blogs.uef.fi\/ueflahettilaat\/2022\/10\/28\/psykologian-opiskelijan-arkea\/#primaryimage"},"image":{"@id":"https:\/\/blogs.uef.fi\/ueflahettilaat\/2022\/10\/28\/psykologian-opiskelijan-arkea\/#primaryimage"},"thumbnailUrl":"https:\/\/blogs.uef.fi\/ueflahettilaat\/wp-content\/uploads\/sites\/7\/2022\/10\/Lukujarjestys.png","datePublished":"2022-10-28T12:18:17+00:00","author":{"@id":"https:\/\/blogs.uef.fi\/ueflahettilaat\/#\/schema\/person\/b17298390245439f83af9aedf7ac4a33"},"breadcrumb":{"@id":"https:\/\/blogs.uef.fi\/ueflahettilaat\/2022\/10\/28\/psykologian-opiskelijan-arkea\/#breadcrumb"},"inLanguage":"fi","potentialAction":[{"@type":"ReadAction","target":["https:\/\/blogs.uef.fi\/ueflahettilaat\/2022\/10\/28\/psykologian-opiskelijan-arkea\/"]}]},{"@type":"ImageObject","inLanguage":"fi","@id":"https:\/\/blogs.uef.fi\/ueflahettilaat\/2022\/10\/28\/psykologian-opiskelijan-arkea\/#primaryimage","url":"https:\/\/blogs.uef.fi\/ueflahettilaat\/wp-content\/uploads\/sites\/7\/2022\/10\/Lukujarjestys.png","contentUrl":"https:\/\/blogs.uef.fi\/ueflahettilaat\/wp-content\/uploads\/sites\/7\/2022\/10\/Lukujarjestys.png","width":2000,"height":1414,"caption":"Lukuj\u00e4rjestys"},{"@type":"BreadcrumbList","@id":"https:\/\/blogs.uef.fi\/ueflahettilaat\/2022\/10\/28\/psykologian-opiskelijan-arkea\/#breadcrumb","itemListElement":[{"@type":"ListItem","position":1,"name":"Home","item":"https:\/\/blogs.uef.fi\/ueflahettilaat\/"},{"@type":"ListItem","position":2,"name":"Psykologian opiskelijan arkea"}]},{"@type":"WebSite","@id":"https:\/\/blogs.uef.fi\/ueflahettilaat\/#website","url":"https:\/\/blogs.uef.fi\/ueflahettilaat\/","name":"UEF-l\u00e4hettil\u00e4\u00e4t","description":"","potentialAction":[{"@type":"SearchAction","target":{"@type":"EntryPoint","urlTemplate":"https:\/\/blogs.uef.fi\/ueflahettilaat\/?s={search_term_string}"},"query-input":{"@type":"PropertyValueSpecification","valueRequired":true,"valueName":"search_term_string"}}],"inLanguage":"fi"},{"@type":"Person","@id":"https:\/\/blogs.uef.fi\/ueflahettilaat\/#\/schema\/person\/b17298390245439f83af9aedf7ac4a33","name":"tuuliuut","url":"https:\/\/blogs.uef.fi\/ueflahettilaat\/author\/tuuliuut\/"}]}},"_links":{"self":[{"href":"https:\/\/blogs.uef.fi\/ueflahettilaat\/wp-json\/wp\/v2\/posts\/5264","targetHints":{"allow":["GET"]}}],"collection":[{"href":"https:\/\/blogs.uef.fi\/ueflahettilaat\/wp-json\/wp\/v2\/posts"}],"about":[{"href":"https:\/\/blogs.uef.fi\/ueflahettilaat\/wp-json\/wp\/v2\/types\/post"}],"author":[{"embeddable":true,"href":"https:\/\/blogs.uef.fi\/ueflahettilaat\/wp-json\/wp\/v2\/users\/582"}],"replies":[{"embeddable":true,"href":"https:\/\/blogs.uef.fi\/ueflahettilaat\/wp-json\/wp\/v2\/comments?post=5264"}],"version-history":[{"count":1,"href":"https:\/\/blogs.uef.fi\/ueflahettilaat\/wp-json\/wp\/v2\/posts\/5264\/revisions"}],"predecessor-version":[{"id":5282,"href":"https:\/\/blogs.uef.fi\/ueflahettilaat\/wp-json\/wp\/v2\/posts\/5264\/revisions\/5282"}],"wp:attachment":[{"href":"https:\/\/blogs.uef.fi\/ueflahettilaat\/wp-json\/wp\/v2\/media?parent=5264"}],"wp:term":[{"taxonomy":"category","embeddable":true,"href":"https:\/\/blogs.uef.fi\/ueflahettilaat\/wp-json\/wp\/v2\/categories?post=5264"},{"taxonomy":"post_tag","embeddable":true,"href":"https:\/\/blogs.uef.fi\/ueflahettilaat\/wp-json\/wp\/v2\/tags?post=5264"}],"curies":[{"name":"wp","href":"https:\/\/api.w.org\/{rel}","templated":true}]}}