{"id":4431,"date":"2020-11-11T17:39:17","date_gmt":"2020-11-11T15:39:17","guid":{"rendered":"https:\/\/blogs.uef.fi\/ueflahettilaat\/?p=4431"},"modified":"2021-08-02T15:38:10","modified_gmt":"2021-08-02T12:38:10","slug":"miten-paadyin-farmasialle","status":"publish","type":"post","link":"https:\/\/blogs.uef.fi\/ueflahettilaat\/2020\/11\/11\/miten-paadyin-farmasialle\/","title":{"rendered":"Miten p\u00e4\u00e4dyin farmasialle?"},"content":{"rendered":"<p>Heippa!<\/p>\n<p>T\u00e4\u00e4ll\u00e4 kirjottelee UEF-l\u00e4hettil\u00e4s <strong>Nina<\/strong>, ja oon <strong>toisen vuoden farmasian opiskelija<\/strong> It\u00e4-Suomen yliopistossa Kuopion kampuksella. Oon syntyny vuonna 1997, eli t\u00e4ll\u00e4 hetkell\u00e4 oon 23-vuotta nuori (meid\u00e4n l\u00e4hettil\u00e4ist\u00e4 Jenina sanoi n\u00e4in Instagramissa, ja nyt haluun itekin sanoa olevani nuori enk\u00e4 vanha! :D). Oon kotoisin Helsingist\u00e4, ja siell\u00e4 oon varttunu ihanassa Oulunkyl\u00e4ss\u00e4. Peruskoulun ja lukion oon suorittanu Englantilaisessa koulussa, ja lukiosta oon valmistunu vuonna 2016.<\/p>\n<div id=\"attachment_4434\" style=\"width: 245px\" class=\"wp-caption alignright\"><img loading=\"lazy\" decoding=\"async\" aria-describedby=\"caption-attachment-4434\" class=\"wp-image-4434\" style=\"font-size: 1rem\" src=\"https:\/\/blogs.uef.fi\/ueflahettilaat\/wp-content\/uploads\/sites\/7\/2020\/11\/FBC5707F-2CBA-4754-8E42-EA506DBFDFCB-scaled.jpg\" alt=\"Kuvassa Nina Vuori\" width=\"235\" height=\"294\" srcset=\"https:\/\/blogs.uef.fi\/ueflahettilaat\/wp-content\/uploads\/sites\/7\/2020\/11\/FBC5707F-2CBA-4754-8E42-EA506DBFDFCB-scaled.jpg 2048w, https:\/\/blogs.uef.fi\/ueflahettilaat\/wp-content\/uploads\/sites\/7\/2020\/11\/FBC5707F-2CBA-4754-8E42-EA506DBFDFCB-768x960.jpg 768w, https:\/\/blogs.uef.fi\/ueflahettilaat\/wp-content\/uploads\/sites\/7\/2020\/11\/FBC5707F-2CBA-4754-8E42-EA506DBFDFCB-1229x1536.jpg 1229w, https:\/\/blogs.uef.fi\/ueflahettilaat\/wp-content\/uploads\/sites\/7\/2020\/11\/FBC5707F-2CBA-4754-8E42-EA506DBFDFCB-1638x2048.jpg 1638w\" sizes=\"auto, (max-width: 235px) 100vw, 235px\" \/><p id=\"caption-attachment-4434\" class=\"wp-caption-text\">M\u00e4 t\u00e4ss\u00e4 moi!<\/p><\/div>\n<p>Miksi juuri farmasia? Farmasialle tajusin oikeastaan siin\u00e4 lukion loppupuolella haluavani, mutta jotenkin j\u00e4in sit\u00e4 kuitenkin sitten viel\u00e4 mietiskelem\u00e4\u00e4n. Is\u00e4 kannusti mua t\u00e4lle alalle l\u00e4htem\u00e4\u00e4n, kun sanoin, ett\u00e4 <strong>mua kiinnostaa ihmisen biologia ja l\u00e4\u00e4kkeet<\/strong>. Kemia ja bilsa oli aina ollu mun lemppariaineita lukiossa, vaikka en kauheen suurella menestyksell\u00e4 niit\u00e4 lukiossa opiskellukaan. V\u00e4livuosien aikana t\u00f6it\u00e4 tehdess\u00e4 asiakaspalvelu tuntu ihan omalta jutulta. Mink\u00e4laiset paper<span style=\"font-size: 1rem\">it oon kirjottanu ja miten oon sit p\u00e4\u00e4ssy farmasialle?<\/span><\/p>\n<p>Vuonna 2016 kun valmistuin lukiosta niin en hakenu farmasialle, tai no hain, mutta olin niin uupunu ylpp\u00e4reiden j\u00e4lkeen, ett\u00e4 en opiskellu yht\u00e4\u00e4n p\u00e4\u00e4sykokeita varten. P\u00e4\u00e4sykokeet tuntu tosi vaikeilta, ja syksyll\u00e4 p\u00e4\u00e4tin, ett\u00e4 alan opiskelemaan ihan kunnolla. Kev\u00e4\u00e4ll\u00e4 2017 yritin uudelleen, mutta mulla oli ollu aivan <strong>v\u00e4\u00e4r\u00e4nlaiset opiskelutyylit<\/strong> enk\u00e4 ollu oppinu riitt\u00e4v\u00e4n tehokkaasti. Syksyll\u00e4 2017 p\u00e4\u00e4tin, ett\u00e4 vaihdan v\u00e4h\u00e4n taktiikkaa, ja se kyll\u00e4 sit kantoi hedelm\u00e4\u00e4: olin ihan super hyv\u00e4ss\u00e4 iskussa, osasin kemiaa enemm\u00e4n kuin koskaan aiemmin, ja k\u00e4vin korottamassa mun kemian arvosanaa. Mun <strong>lukion yo-paperit<\/strong> ei ollu omasta mielest\u00e4ni mitk\u00e4\u00e4n menestyksekk\u00e4\u00e4t, eli t\u00e4h\u00e4n v\u00e4liin voin kertoa, ett\u00e4 l\u00e4hin lukiosta C:n kemialla (sillon kun m\u00e4 olin lukiossa, niin ylpp\u00e4rit ei kauheesti motivoinu ja my\u00f6nn\u00e4n luistelleeni lukion l\u00e4pi hatarasti, kun yo-todistusvalinnalla oli siihen aikaan viel\u00e4 niin pieni painotus ja p\u00e4\u00e4sykokeet merkitsi eniten). Korotin kemian ja kirjotin pisteen vajaan E (en ollu opiskellu s\u00e4hk\u00f6kemiaa ollenkaan eik\u00e4 puskuriliuoslaskutkaan ollu sillon hallussa), eli v\u00e4livuosien aikana on oikeesti mahdollista my\u00f6s k\u00e4yd\u00e4 hyv\u00e4ll\u00e4kin menestyksell\u00e4 korottelemassa arvosanoja \u2013 ei siis kannata lannistua, jos ei omasta mielest\u00e4\u00e4n tullu hyv\u00e4t paperit.<\/p>\n<div id=\"attachment_4440\" style=\"width: 329px\" class=\"wp-caption alignleft\"><img loading=\"lazy\" decoding=\"async\" aria-describedby=\"caption-attachment-4440\" class=\"wp-image-4440\" src=\"https:\/\/blogs.uef.fi\/ueflahettilaat\/wp-content\/uploads\/sites\/7\/2020\/11\/IMG_3062-scaled.jpg\" alt=\"Ihmisen fysiologian ja anatomian opiskelutilojen anatomisia malleja\" width=\"319\" height=\"445\" srcset=\"https:\/\/blogs.uef.fi\/ueflahettilaat\/wp-content\/uploads\/sites\/7\/2020\/11\/IMG_3062-scaled.jpg 1836w, https:\/\/blogs.uef.fi\/ueflahettilaat\/wp-content\/uploads\/sites\/7\/2020\/11\/IMG_3062-768x1071.jpg 768w, https:\/\/blogs.uef.fi\/ueflahettilaat\/wp-content\/uploads\/sites\/7\/2020\/11\/IMG_3062-1102x1536.jpg 1102w, https:\/\/blogs.uef.fi\/ueflahettilaat\/wp-content\/uploads\/sites\/7\/2020\/11\/IMG_3062-1469x2048.jpg 1469w\" sizes=\"auto, (max-width: 319px) 100vw, 319px\" \/><p id=\"caption-attachment-4440\" class=\"wp-caption-text\">Ihmisen fysiologian ja anatomian opiskelutiloja<\/p><\/div>\n<p><strong>Mit\u00e4 tapahtui kev\u00e4\u00e4ll\u00e4 2018?<\/strong> Menin itsevarmana p\u00e4\u00e4sykokeisiin, ja kun sain p\u00e4\u00e4sykokeen mun eteen, niin paniikki valtas mun p\u00e4\u00e4n. Ensimm\u00e4inen kemian teht\u00e4v\u00e4 liitty kiraliakeskukseen, ja olin ihan ett\u00e4 \u201dMik\u00e4 ihmeen kiraalinen hiili?? En VARMASTI oo sellasesta kuullukaan?\u201d. Selasin p\u00e4\u00e4sykoetta eteenp\u00e4in ja paniikki vaan ylty ja ylty. Siin\u00e4 vaiheessa p\u00e4\u00e4tin, ett\u00e4 jotain on saatava laskettua. Vuonna 2018 oli my\u00f6s ensimm\u00e4ist\u00e4 kertaa aineistokoe, ja se aineisto osoittautu mulle suureksi kompastuskiveksi. En vaan mill\u00e4\u00e4n l\u00f6yt\u00e4ny niit\u00e4 vastauksia sielt\u00e4 tekstist\u00e4, ja kun aikaa oli vaan 3h, niin se ei riitt\u00e4ny mulle ollenkaan. Lopputuloksena l\u00e4hin p\u00e4\u00e4sykokeista tosi pettyneen\u00e4 ja kyyneleet silmill\u00e4.<\/p>\n<p>Syksyll\u00e4 2018 p\u00e4\u00e4tin, ett\u00e4 haluun kuitenkin l\u00e4htee opiskelemaan, koska mulla oli ollu jo pari v\u00e4livuotta. P\u00e4\u00e4tin, ett\u00e4 haen opiskelemaan ensihoitoa Turun ammattikorkeakouluun, koska halusin l\u00e4hte\u00e4 pois p\u00e4\u00e4kaupunkiseudulta. Mulla k\u00e4vi tuuri, ja p\u00e4\u00e4sin mun yo-papereilla sinne suoraan, ja olin NIIN onnellinen sek\u00e4 huojentunu siit\u00e4, ett\u00e4 mun ei tarvinnu menn\u00e4 p\u00e4\u00e4sykokeisiin. Monet varmaan sit miettii, ett\u00e4 miks hain opiskelemaan ensihoitoa, kun kuitenkin vaihdoin sielt\u00e4 pois? Oon aina ollu tosi aktiivinen ihminen ja auttaminen on ollu aina l\u00e4hell\u00e4 mun syd\u00e4nt\u00e4, ja hoitajaopinnot vaan kutsu. Ajattelin, ett\u00e4 jos farmasia ei oo se mun juttu, niin sit sen on oltava ensihoito. Sillon ku olin pieni, niin olin is\u00e4lt\u00e4 kysyny, miks autotiell\u00e4 makaa j\u00e4nis. \u201dMit\u00e4 sille vois sit sun mielest\u00e4 tehd\u00e4?\u201d \u201dNo mun mielest\u00e4 sille vois soittaa ambulanssin!!\u201d. Olin ehk\u00e4 jotain 4v \ud83d\ude00<\/p>\n<p>Mik\u00e4 sai mut kuitenkin hakemaan viel\u00e4 farmasialle? <strong>Farmasia on aina ollu mun ykk\u00f6sunelma-ala<\/strong>, vaikka pidinki ensihoidosta ihan \u00e4lytt\u00f6m\u00e4n paljon. Ajattelin, ett\u00e4 jos en en\u00e4\u00e4 vuonna 2019 hae, niin heit\u00e4n hukkaan mun kaikki p\u00e4\u00e4sykoelukemiset. Mietin, ett\u00e4 meen vaan ihan rauhassa sen p\u00e4\u00e4sykokeen tekem\u00e4\u00e4n ja katon miten k\u00e4y. Kertasin kemiaa kev\u00e4\u00e4ll\u00e4 2019, ja sit koittikin p\u00e4\u00e4sykoep\u00e4iv\u00e4. Olin aika rauhallisin mielin, tein kokeen tosi huolellisesti, ja vastasin aineistossa vaan sellasiin kysymyksiin, mit\u00e4 oikeesti tiesin. Yhdess\u00e4 kemian teht\u00e4v\u00e4ss\u00e4 otin tosi ison riskin: tiesin, miten t\u00e4\u00e4 teht\u00e4v\u00e4 tehd\u00e4\u00e4n, mutta aikaa oli vaan 5 minuuttia j\u00e4ljell\u00e4, ja ihmisi\u00e4 alko siit\u00e4 p\u00e4\u00e4sykoesalista valumaan pois. Tein sen teht\u00e4v\u00e4n niin, ett\u00e4 hakkasin paperia kyn\u00e4ll\u00e4 10 sekuntia, nousin seisomaan ja p\u00e4\u00e4stin ihmiset siin\u00e4 luentosalissa ohi, jatkoin 10 sekuntia, sit taas joku k\u00e4veli ohi, sit jatkoin, sit nousin yl\u00f6s\u2026 Mutta sain sen tehty\u00e4, ja siit\u00e4 j\u00e4i melko varma olo. Aika loppu just, ja kerkesin kyll\u00e4 kattomaan, ett\u00e4 olin t\u00e4ytt\u00e4ny optisen vastauslomakkeen.<\/p>\n<div id=\"attachment_4437\" style=\"width: 299px\" class=\"wp-caption alignleft\"><img loading=\"lazy\" decoding=\"async\" aria-describedby=\"caption-attachment-4437\" class=\"wp-image-4437\" src=\"https:\/\/blogs.uef.fi\/ueflahettilaat\/wp-content\/uploads\/sites\/7\/2020\/11\/E9A24741-AD8C-4DA2-9B7F-F4868B317963-scaled.jpg\" alt=\"Kuva opiskelijan tekem\u00e4st\u00e4 asetyylisalisyylihappojauheesta\" width=\"289\" height=\"360\" srcset=\"https:\/\/blogs.uef.fi\/ueflahettilaat\/wp-content\/uploads\/sites\/7\/2020\/11\/E9A24741-AD8C-4DA2-9B7F-F4868B317963-scaled.jpg 2059w, https:\/\/blogs.uef.fi\/ueflahettilaat\/wp-content\/uploads\/sites\/7\/2020\/11\/E9A24741-AD8C-4DA2-9B7F-F4868B317963-768x955.jpg 768w, https:\/\/blogs.uef.fi\/ueflahettilaat\/wp-content\/uploads\/sites\/7\/2020\/11\/E9A24741-AD8C-4DA2-9B7F-F4868B317963-1236x1536.jpg 1236w, https:\/\/blogs.uef.fi\/ueflahettilaat\/wp-content\/uploads\/sites\/7\/2020\/11\/E9A24741-AD8C-4DA2-9B7F-F4868B317963-1648x2048.jpg 1648w\" sizes=\"auto, (max-width: 289px) 100vw, 289px\" \/><p id=\"caption-attachment-4437\" class=\"wp-caption-text\">Ekana farmasian opiskeluvuotena mun ite tekem\u00e4 asetyylisalisyylihappo!<\/p><\/div>\n<p>Mulle j\u00e4i silloin tosi hyv\u00e4 fiilis. Otin sellasen asenteen, ett\u00e4 ei haittaa vaikka en p\u00e4\u00e4se, koska ensihoito on my\u00f6s sellanen, mit\u00e4 haluisin tehd\u00e4. Kes\u00e4kuussa tuli sit tulokset, ja <strong>j\u00e4in 7. varasijalle<\/strong>. NIIN l\u00e4hell\u00e4. Ajattelin, ett\u00e4 mun tuuria. Ja kyll\u00e4, t\u00e4\u00e4 oli j\u00e4\u00e4ny juurikin tuosta yhdest\u00e4 teht\u00e4v\u00e4st\u00e4 kiinni, koska multa tais puuttua vaan joku 0,5p, eli jos en olis vastannu, en olis joutunu varasijoille, koska se teht\u00e4v\u00e4 meni v\u00e4\u00e4rin; olin vastannu ns. &#8221;oikean v\u00e4\u00e4r\u00e4n\u201d vastauksen. Tietyll\u00e4 tapaa olin v\u00e4h\u00e4n pettyny, mutta olin samaan aikaan tosi ilonen, ett\u00e4 p\u00e4\u00e4sen jatkamaan mun opintoja Turkuun hoitajaopintojen pariin.<\/p>\n<p><strong>9.7.2019<\/strong> her\u00e4sin joskus ysin j\u00e4lkeen, ja tuttuun tapaan otin puhelimen heti ekana k\u00e4teen. Kerkesin hipasta mun puhelinta, ja n\u00e4ytt\u00f6 v\u00e4l\u00e4hti p\u00e4\u00e4lle. Ruudulle oli ilmestyny Opintopolusta viesti, jossa luki: <strong>\u201dOpiskelupaikka vastaanotettavissa opintopolussa\u201d.<\/strong> Nousin salamana istumaan yl\u00f6s, ja mun eka kommentti tyhj\u00e4ss\u00e4 talossa: \u201dM\u00e4 muutan Kuopioon\u201d. Itkin onnesta, koska mun suurin unelma oli VIHDOIN t\u00e4yttyny. Muistan viel\u00e4kin sen p\u00e4iv\u00e4n ja fiiliksen niin hyvin, kun p\u00e4\u00e4sin opiskelemaan farmasiaa. Se p\u00e4iv\u00e4 tuntu ihan unelta, ja pelk\u00e4sin, ett\u00e4 jossain vaiheessa her\u00e4\u00e4n ja kaikki onki ollu vaan unta. Menin salille treenaamaan mun yst\u00e4v\u00e4n kanssa, mutta siit\u00e4 ei tullu mun kohalla yht\u00e4\u00e4n mit\u00e4\u00e4n, kun tuijottelin tuota Opintopolun s\u00e4hk\u00f6postia vaan koko ajan. Samaan aikaan mua pelotti ihan super paljon ja suretti my\u00f6s, koska jouduin sanomaan heipat mun rakkaille ensihoitajakamuille. Otin paikan vastaan joskus puolenp\u00e4iv\u00e4n j\u00e4lkeen, ja t\u00e4\u00e4ll\u00e4 sit\u00e4 nyt ollaan, onnellisesti t\u00e4ll\u00e4 tiell\u00e4.<\/p>\n<div id=\"attachment_4446\" style=\"width: 337px\" class=\"wp-caption alignright\"><img loading=\"lazy\" decoding=\"async\" aria-describedby=\"caption-attachment-4446\" class=\"wp-image-4446\" src=\"https:\/\/blogs.uef.fi\/ueflahettilaat\/wp-content\/uploads\/sites\/7\/2020\/11\/6953CA76-620A-41CF-9469-48BBEECA0A09.jpg\" alt=\"Kuva opiskelijan itse tekem\u00e4st\u00e4 emulsiovoidetuubista \" width=\"327\" height=\"472\" srcset=\"https:\/\/blogs.uef.fi\/ueflahettilaat\/wp-content\/uploads\/sites\/7\/2020\/11\/6953CA76-620A-41CF-9469-48BBEECA0A09.jpg 828w, https:\/\/blogs.uef.fi\/ueflahettilaat\/wp-content\/uploads\/sites\/7\/2020\/11\/6953CA76-620A-41CF-9469-48BBEECA0A09-768x1110.jpg 768w\" sizes=\"auto, (max-width: 327px) 100vw, 327px\" \/><p id=\"caption-attachment-4446\" class=\"wp-caption-text\">Ite tehty emulsiovoide l\u00e4\u00e4kemuodot ja niiden valmistaminen -kurssilla<\/p><\/div>\n<p><strong>Miks It\u00e4-Suomen yliopisto? <\/strong>L\u00e4hdin t\u00e4nne rehellisesti sanottuna ala edell\u00e4, mutta hetke\u00e4k\u00e4\u00e4n en oo katunu. Se syy miks varmaan uskalsin t\u00e4nne l\u00e4hte\u00e4 oli se, ett\u00e4 olin jo asunu Turussa hetken. Mutta jos t\u00e4t\u00e4 teksti\u00e4 lukee joku, joka tulee kauempaa ja tuntuu pelottavalta l\u00e4hte\u00e4 pois sielt\u00e4 kotipaikkakunnalta, niin turhaan pelk\u00e4\u00e4t! T\u00e4\u00e4 on ollu mun <strong>el\u00e4m\u00e4ni suurin seikkailu<\/strong>, vaikka t\u00e4\u00e4 ehk\u00e4 v\u00e4h\u00e4n tyhm\u00e4lt\u00e4 kuulostaakin. <strong>Kuopio<\/strong> on ihana kaupunki, vaikka aluks olinki j\u00e4rkyttyny, koska Helsinki on niin paljon isompi kaupunki t\u00e4h\u00e4n verrattuna. Oon kuitenki oppinu arvostamaan lyhyit\u00e4 v\u00e4limatkoja, helppoa arkea ja oon kavereiden avulla bongannu maailman ihanimmat kahvilat t\u00e4\u00e4lt\u00e4. Luonto on l\u00e4hell\u00e4, mik\u00e4 on plussaa, koska tykk\u00e4\u00e4n lenkkeill\u00e4. <strong>Opiskelijayhteis\u00f6<\/strong> t\u00e4\u00e4ll\u00e4 on super tiivis, ja oonkin p\u00e4\u00e4ssy aktiivitoimintaan mukaan meid\u00e4n vuosikurssin toimikunnan ja tuutoroinnin parissa. Poikkitieteellisyys on t\u00e4\u00e4ll\u00e4 normaalitilanteessa arkip\u00e4iv\u00e4\u00e4, eli kampuksella p\u00e4\u00e4see tutustumaan muidenkin ainej\u00e4rjest\u00f6jen opiskelijoihin. Oon tyk\u00e4styny pienemp\u00e4\u00e4n kaupunkiin niin paljon, ett\u00e4 en ehk\u00e4 tulevaisuudessa en\u00e4\u00e4 haluais edes muuttaa takasin p\u00e4\u00e4kaupunkiseudulle. Mulla onkin kakkosharkkapaikka odottelemassa Porissa, mihin suuntaan kev\u00e4\u00e4ll\u00e4 2022, vaikka ykk\u00f6sharkan teen p\u00e4\u00e4kaupunkiseudulla kev\u00e4\u00e4ll\u00e4 2021.<\/p>\n<p>Farmasian opinnot on ylitt\u00e4ny mun odotukset, koska t\u00e4\u00e4ll\u00e4 on tullu opiskeltua niin paljon juttuja, mitk\u00e4 on mielenkiintoisempia kuin mit\u00e4 osasin odottaa. On <strong>labraa, l\u00e4\u00e4kkeenvalmistusta, farmakologiaa ja toksikologiaa, biofarmasiaa<\/strong>\u2026 Niin paljon kaikkea uutta ja ihmeellist\u00e4! Ja koska t\u00e4\u00e4 on sellanen <strong>ala, joka kehittyy koko ajan<\/strong>, saa omaa osaamistaan kehitt\u00e4\u00e4 my\u00f6s jatkuvasti. Oman osaamisen kehitt\u00e4minen ei tarkoita t\u00e4ysp\u00e4iv\u00e4ist\u00e4 opiskelua t\u00f6iden ohella valmistumisen j\u00e4lkeen, vaan sit\u00e4, ett\u00e4 pit\u00e4\u00e4 itsens\u00e4 ajantasalla ja osallistuu esimerkiks erilaisiin koulutuksiin ja ty\u00f6nantajan tarjoamille kursseille aina silloin t\u00e4ll\u00f6in.<\/p>\n<div id=\"attachment_4443\" style=\"width: 319px\" class=\"wp-caption alignleft\"><img loading=\"lazy\" decoding=\"async\" aria-describedby=\"caption-attachment-4443\" class=\"wp-image-4443\" src=\"https:\/\/blogs.uef.fi\/ueflahettilaat\/wp-content\/uploads\/sites\/7\/2020\/11\/613E3E6B-F2EA-4675-BEC9-D4A170030FB0-scaled.jpg\" alt=\"Kuopion Puijon tornista otettu kuva, lasissa teksti: Citycenter - Mualiman napa\" width=\"309\" height=\"386\" srcset=\"https:\/\/blogs.uef.fi\/ueflahettilaat\/wp-content\/uploads\/sites\/7\/2020\/11\/613E3E6B-F2EA-4675-BEC9-D4A170030FB0-scaled.jpg 2048w, https:\/\/blogs.uef.fi\/ueflahettilaat\/wp-content\/uploads\/sites\/7\/2020\/11\/613E3E6B-F2EA-4675-BEC9-D4A170030FB0-768x960.jpg 768w, https:\/\/blogs.uef.fi\/ueflahettilaat\/wp-content\/uploads\/sites\/7\/2020\/11\/613E3E6B-F2EA-4675-BEC9-D4A170030FB0-1229x1536.jpg 1229w, https:\/\/blogs.uef.fi\/ueflahettilaat\/wp-content\/uploads\/sites\/7\/2020\/11\/613E3E6B-F2EA-4675-BEC9-D4A170030FB0-1638x2048.jpg 1638w\" sizes=\"auto, (max-width: 309px) 100vw, 309px\" \/><p id=\"caption-attachment-4443\" class=\"wp-caption-text\">Kuopion Puijon tornista otettu kuva \ud83d\ude42<\/p><\/div>\n<p>Oon t\u00e4ll\u00e4 alalla, koska <strong>haluun auttaa ihmisi\u00e4, ja mua kiinnostaa l\u00e4\u00e4kemaailma<\/strong>. Oonko ik\u00e4v\u00f6iny hoitajaopintoja? Rehellisesti sanottuna niit\u00e4kin on ollu ik\u00e4v\u00e4. Kuka tiet\u00e4\u00e4, jos suorittaisin viel\u00e4 sairaanhoitajatutkinnon loppuun ja l\u00e4htisin sit viel\u00e4 vaikka opiskelemaan <strong>hoitotieteit\u00e4<\/strong> \u2013 hoitotiedett\u00e4 voi my\u00f6s t\u00e4\u00e4ll\u00e4 ihanassa Kuopiossa opiskella It\u00e4-Suomen yliopistossa, ja siit\u00e4 saa kandin sek\u00e4 maisterin paperit, mutta pohjalla pit\u00e4\u00e4 olla esimerkiksi AMK-pohjainen sairaanhoitajatutkinto. Farmasian ohella haluisin kuitenkin hakea viel\u00e4 <strong>proviisoriksi<\/strong>. T\u00e4t\u00e4 menoa olisin varmaan ikuinen opiskelija, mutta antaa el\u00e4m\u00e4n vied\u00e4 p\u00e4iv\u00e4 kerrallaan ja katellaan, mit\u00e4 tulevaisuus tuo tullessaan!<\/p>\n<p>Jos sua kiinnostaa farmasia ja haluut <strong>vinkkej\u00e4 p\u00e4\u00e4sykokeisiin<\/strong> valmistautumiseen, tai tiet\u00e4\u00e4 ylip\u00e4\u00e4t\u00e4\u00e4n lis\u00e4\u00e4 p\u00e4\u00e4sykokeista, niin pysyh\u00e4n kuulolla meid\u00e4n somekanavissa! Teen p\u00e4\u00e4sykokeisiin liittyv\u00e4n blogipostauksen my\u00f6hemmin.<\/p>\n<p>Ihanaa joulun odotusta kaikille sinne! \ud83d\ude42<\/p>\n<p><em>Nina<\/em><\/p>\n","protected":false},"excerpt":{"rendered":"<p>Heippa! T\u00e4\u00e4ll\u00e4 kirjottelee UEF-l\u00e4hettil\u00e4s Nina, ja oon toisen vuoden farmasian opiskelija It\u00e4-Suomen yliopistossa Kuopion kampuksella. Oon syntyny vuonna 1997, eli t\u00e4ll\u00e4 hetkell\u00e4 oon 23-vuotta nuori (meid\u00e4n l\u00e4hettil\u00e4ist\u00e4 Jenina sanoi n\u00e4in Instagramissa, ja nyt haluun itekin sanoa olevani nuori enk\u00e4 vanha! :D). Oon kotoisin Helsingist\u00e4, ja siell\u00e4 oon varttunu ihanassa Oulunkyl\u00e4ss\u00e4. Peruskoulun ja lukion oon suorittanu [&hellip;]<\/p>\n","protected":false},"author":375,"featured_media":0,"comment_status":"open","ping_status":"closed","sticky":false,"template":"","format":"standard","meta":{"_acf_changed":false,"footnotes":""},"categories":[1],"tags":[],"class_list":["post-4431","post","type-post","status-publish","format-standard","hentry","category-uncategorized"],"acf":[],"yoast_head":"<!-- This site is optimized with the Yoast SEO plugin v27.3 - https:\/\/yoast.com\/product\/yoast-seo-wordpress\/ -->\n<title>Miten p\u00e4\u00e4dyin farmasialle? - UEF-l\u00e4hettil\u00e4\u00e4t<\/title>\n<meta name=\"robots\" content=\"index, follow, max-snippet:-1, max-image-preview:large, max-video-preview:-1\" \/>\n<link rel=\"canonical\" href=\"https:\/\/blogs.uef.fi\/ueflahettilaat\/2020\/11\/11\/miten-paadyin-farmasialle\/\" \/>\n<meta property=\"og:locale\" content=\"fi_FI\" \/>\n<meta property=\"og:type\" content=\"article\" \/>\n<meta property=\"og:title\" content=\"Miten p\u00e4\u00e4dyin farmasialle? - UEF-l\u00e4hettil\u00e4\u00e4t\" \/>\n<meta property=\"og:description\" content=\"Heippa! T\u00e4\u00e4ll\u00e4 kirjottelee UEF-l\u00e4hettil\u00e4s Nina, ja oon toisen vuoden farmasian opiskelija It\u00e4-Suomen yliopistossa Kuopion kampuksella. Oon syntyny vuonna 1997, eli t\u00e4ll\u00e4 hetkell\u00e4 oon 23-vuotta nuori (meid\u00e4n l\u00e4hettil\u00e4ist\u00e4 Jenina sanoi n\u00e4in Instagramissa, ja nyt haluun itekin sanoa olevani nuori enk\u00e4 vanha! :D). Oon kotoisin Helsingist\u00e4, ja siell\u00e4 oon varttunu ihanassa Oulunkyl\u00e4ss\u00e4. Peruskoulun ja lukion oon suorittanu [&hellip;]\" \/>\n<meta property=\"og:url\" content=\"https:\/\/blogs.uef.fi\/ueflahettilaat\/2020\/11\/11\/miten-paadyin-farmasialle\/\" \/>\n<meta property=\"og:site_name\" content=\"UEF-l\u00e4hettil\u00e4\u00e4t\" \/>\n<meta property=\"article:published_time\" content=\"2020-11-11T15:39:17+00:00\" \/>\n<meta property=\"article:modified_time\" content=\"2021-08-02T12:38:10+00:00\" \/>\n<meta property=\"og:image\" content=\"https:\/\/blogs.uef.fi\/ueflahettilaat\/wp-content\/uploads\/sites\/7\/2020\/11\/FBC5707F-2CBA-4754-8E42-EA506DBFDFCB-scaled.jpg\" \/>\n<meta name=\"author\" content=\"ninavuo\" \/>\n<meta name=\"twitter:card\" content=\"summary_large_image\" \/>\n<meta name=\"twitter:label1\" content=\"Kirjoittanut\" \/>\n\t<meta name=\"twitter:data1\" content=\"ninavuo\" \/>\n\t<meta name=\"twitter:label2\" content=\"Arvioitu lukuaika\" \/>\n\t<meta name=\"twitter:data2\" content=\"8 minuuttia\" \/>\n<script type=\"application\/ld+json\" class=\"yoast-schema-graph\">{\"@context\":\"https:\\\/\\\/schema.org\",\"@graph\":[{\"@type\":\"Article\",\"@id\":\"https:\\\/\\\/blogs.uef.fi\\\/ueflahettilaat\\\/2020\\\/11\\\/11\\\/miten-paadyin-farmasialle\\\/#article\",\"isPartOf\":{\"@id\":\"https:\\\/\\\/blogs.uef.fi\\\/ueflahettilaat\\\/2020\\\/11\\\/11\\\/miten-paadyin-farmasialle\\\/\"},\"author\":{\"name\":\"ninavuo\",\"@id\":\"https:\\\/\\\/blogs.uef.fi\\\/ueflahettilaat\\\/#\\\/schema\\\/person\\\/26c89a05cd7e9f737cf540165a2b022c\"},\"headline\":\"Miten p\u00e4\u00e4dyin farmasialle?\",\"datePublished\":\"2020-11-11T15:39:17+00:00\",\"dateModified\":\"2021-08-02T12:38:10+00:00\",\"mainEntityOfPage\":{\"@id\":\"https:\\\/\\\/blogs.uef.fi\\\/ueflahettilaat\\\/2020\\\/11\\\/11\\\/miten-paadyin-farmasialle\\\/\"},\"wordCount\":1541,\"commentCount\":0,\"image\":{\"@id\":\"https:\\\/\\\/blogs.uef.fi\\\/ueflahettilaat\\\/2020\\\/11\\\/11\\\/miten-paadyin-farmasialle\\\/#primaryimage\"},\"thumbnailUrl\":\"https:\\\/\\\/blogs.uef.fi\\\/ueflahettilaat\\\/wp-content\\\/uploads\\\/sites\\\/7\\\/2020\\\/11\\\/FBC5707F-2CBA-4754-8E42-EA506DBFDFCB-scaled.jpg\",\"articleSection\":[\"Uncategorized\"],\"inLanguage\":\"fi\",\"potentialAction\":[{\"@type\":\"CommentAction\",\"name\":\"Comment\",\"target\":[\"https:\\\/\\\/blogs.uef.fi\\\/ueflahettilaat\\\/2020\\\/11\\\/11\\\/miten-paadyin-farmasialle\\\/#respond\"]}]},{\"@type\":\"WebPage\",\"@id\":\"https:\\\/\\\/blogs.uef.fi\\\/ueflahettilaat\\\/2020\\\/11\\\/11\\\/miten-paadyin-farmasialle\\\/\",\"url\":\"https:\\\/\\\/blogs.uef.fi\\\/ueflahettilaat\\\/2020\\\/11\\\/11\\\/miten-paadyin-farmasialle\\\/\",\"name\":\"Miten p\u00e4\u00e4dyin farmasialle? - UEF-l\u00e4hettil\u00e4\u00e4t\",\"isPartOf\":{\"@id\":\"https:\\\/\\\/blogs.uef.fi\\\/ueflahettilaat\\\/#website\"},\"primaryImageOfPage\":{\"@id\":\"https:\\\/\\\/blogs.uef.fi\\\/ueflahettilaat\\\/2020\\\/11\\\/11\\\/miten-paadyin-farmasialle\\\/#primaryimage\"},\"image\":{\"@id\":\"https:\\\/\\\/blogs.uef.fi\\\/ueflahettilaat\\\/2020\\\/11\\\/11\\\/miten-paadyin-farmasialle\\\/#primaryimage\"},\"thumbnailUrl\":\"https:\\\/\\\/blogs.uef.fi\\\/ueflahettilaat\\\/wp-content\\\/uploads\\\/sites\\\/7\\\/2020\\\/11\\\/FBC5707F-2CBA-4754-8E42-EA506DBFDFCB-scaled.jpg\",\"datePublished\":\"2020-11-11T15:39:17+00:00\",\"dateModified\":\"2021-08-02T12:38:10+00:00\",\"author\":{\"@id\":\"https:\\\/\\\/blogs.uef.fi\\\/ueflahettilaat\\\/#\\\/schema\\\/person\\\/26c89a05cd7e9f737cf540165a2b022c\"},\"breadcrumb\":{\"@id\":\"https:\\\/\\\/blogs.uef.fi\\\/ueflahettilaat\\\/2020\\\/11\\\/11\\\/miten-paadyin-farmasialle\\\/#breadcrumb\"},\"inLanguage\":\"fi\",\"potentialAction\":[{\"@type\":\"ReadAction\",\"target\":[\"https:\\\/\\\/blogs.uef.fi\\\/ueflahettilaat\\\/2020\\\/11\\\/11\\\/miten-paadyin-farmasialle\\\/\"]}]},{\"@type\":\"ImageObject\",\"inLanguage\":\"fi\",\"@id\":\"https:\\\/\\\/blogs.uef.fi\\\/ueflahettilaat\\\/2020\\\/11\\\/11\\\/miten-paadyin-farmasialle\\\/#primaryimage\",\"url\":\"https:\\\/\\\/blogs.uef.fi\\\/ueflahettilaat\\\/wp-content\\\/uploads\\\/sites\\\/7\\\/2020\\\/11\\\/FBC5707F-2CBA-4754-8E42-EA506DBFDFCB-scaled.jpg\",\"contentUrl\":\"https:\\\/\\\/blogs.uef.fi\\\/ueflahettilaat\\\/wp-content\\\/uploads\\\/sites\\\/7\\\/2020\\\/11\\\/FBC5707F-2CBA-4754-8E42-EA506DBFDFCB-scaled.jpg\",\"width\":2048,\"height\":2560,\"caption\":\"Processed with Rookie Cam\"},{\"@type\":\"BreadcrumbList\",\"@id\":\"https:\\\/\\\/blogs.uef.fi\\\/ueflahettilaat\\\/2020\\\/11\\\/11\\\/miten-paadyin-farmasialle\\\/#breadcrumb\",\"itemListElement\":[{\"@type\":\"ListItem\",\"position\":1,\"name\":\"Home\",\"item\":\"https:\\\/\\\/blogs.uef.fi\\\/ueflahettilaat\\\/\"},{\"@type\":\"ListItem\",\"position\":2,\"name\":\"Miten p\u00e4\u00e4dyin farmasialle?\"}]},{\"@type\":\"WebSite\",\"@id\":\"https:\\\/\\\/blogs.uef.fi\\\/ueflahettilaat\\\/#website\",\"url\":\"https:\\\/\\\/blogs.uef.fi\\\/ueflahettilaat\\\/\",\"name\":\"UEF-l\u00e4hettil\u00e4\u00e4t\",\"description\":\"\",\"potentialAction\":[{\"@type\":\"SearchAction\",\"target\":{\"@type\":\"EntryPoint\",\"urlTemplate\":\"https:\\\/\\\/blogs.uef.fi\\\/ueflahettilaat\\\/?s={search_term_string}\"},\"query-input\":{\"@type\":\"PropertyValueSpecification\",\"valueRequired\":true,\"valueName\":\"search_term_string\"}}],\"inLanguage\":\"fi\"},{\"@type\":\"Person\",\"@id\":\"https:\\\/\\\/blogs.uef.fi\\\/ueflahettilaat\\\/#\\\/schema\\\/person\\\/26c89a05cd7e9f737cf540165a2b022c\",\"name\":\"ninavuo\",\"url\":\"https:\\\/\\\/blogs.uef.fi\\\/ueflahettilaat\\\/author\\\/ninavuo\\\/\"}]}<\/script>\n<!-- \/ Yoast SEO plugin. -->","yoast_head_json":{"title":"Miten p\u00e4\u00e4dyin farmasialle? - UEF-l\u00e4hettil\u00e4\u00e4t","robots":{"index":"index","follow":"follow","max-snippet":"max-snippet:-1","max-image-preview":"max-image-preview:large","max-video-preview":"max-video-preview:-1"},"canonical":"https:\/\/blogs.uef.fi\/ueflahettilaat\/2020\/11\/11\/miten-paadyin-farmasialle\/","og_locale":"fi_FI","og_type":"article","og_title":"Miten p\u00e4\u00e4dyin farmasialle? - UEF-l\u00e4hettil\u00e4\u00e4t","og_description":"Heippa! T\u00e4\u00e4ll\u00e4 kirjottelee UEF-l\u00e4hettil\u00e4s Nina, ja oon toisen vuoden farmasian opiskelija It\u00e4-Suomen yliopistossa Kuopion kampuksella. Oon syntyny vuonna 1997, eli t\u00e4ll\u00e4 hetkell\u00e4 oon 23-vuotta nuori (meid\u00e4n l\u00e4hettil\u00e4ist\u00e4 Jenina sanoi n\u00e4in Instagramissa, ja nyt haluun itekin sanoa olevani nuori enk\u00e4 vanha! :D). Oon kotoisin Helsingist\u00e4, ja siell\u00e4 oon varttunu ihanassa Oulunkyl\u00e4ss\u00e4. Peruskoulun ja lukion oon suorittanu [&hellip;]","og_url":"https:\/\/blogs.uef.fi\/ueflahettilaat\/2020\/11\/11\/miten-paadyin-farmasialle\/","og_site_name":"UEF-l\u00e4hettil\u00e4\u00e4t","article_published_time":"2020-11-11T15:39:17+00:00","article_modified_time":"2021-08-02T12:38:10+00:00","og_image":[{"url":"https:\/\/blogs.uef.fi\/ueflahettilaat\/wp-content\/uploads\/sites\/7\/2020\/11\/FBC5707F-2CBA-4754-8E42-EA506DBFDFCB-scaled.jpg","type":"","width":"","height":""}],"author":"ninavuo","twitter_card":"summary_large_image","twitter_misc":{"Kirjoittanut":"ninavuo","Arvioitu lukuaika":"8 minuuttia"},"schema":{"@context":"https:\/\/schema.org","@graph":[{"@type":"Article","@id":"https:\/\/blogs.uef.fi\/ueflahettilaat\/2020\/11\/11\/miten-paadyin-farmasialle\/#article","isPartOf":{"@id":"https:\/\/blogs.uef.fi\/ueflahettilaat\/2020\/11\/11\/miten-paadyin-farmasialle\/"},"author":{"name":"ninavuo","@id":"https:\/\/blogs.uef.fi\/ueflahettilaat\/#\/schema\/person\/26c89a05cd7e9f737cf540165a2b022c"},"headline":"Miten p\u00e4\u00e4dyin farmasialle?","datePublished":"2020-11-11T15:39:17+00:00","dateModified":"2021-08-02T12:38:10+00:00","mainEntityOfPage":{"@id":"https:\/\/blogs.uef.fi\/ueflahettilaat\/2020\/11\/11\/miten-paadyin-farmasialle\/"},"wordCount":1541,"commentCount":0,"image":{"@id":"https:\/\/blogs.uef.fi\/ueflahettilaat\/2020\/11\/11\/miten-paadyin-farmasialle\/#primaryimage"},"thumbnailUrl":"https:\/\/blogs.uef.fi\/ueflahettilaat\/wp-content\/uploads\/sites\/7\/2020\/11\/FBC5707F-2CBA-4754-8E42-EA506DBFDFCB-scaled.jpg","articleSection":["Uncategorized"],"inLanguage":"fi","potentialAction":[{"@type":"CommentAction","name":"Comment","target":["https:\/\/blogs.uef.fi\/ueflahettilaat\/2020\/11\/11\/miten-paadyin-farmasialle\/#respond"]}]},{"@type":"WebPage","@id":"https:\/\/blogs.uef.fi\/ueflahettilaat\/2020\/11\/11\/miten-paadyin-farmasialle\/","url":"https:\/\/blogs.uef.fi\/ueflahettilaat\/2020\/11\/11\/miten-paadyin-farmasialle\/","name":"Miten p\u00e4\u00e4dyin farmasialle? - UEF-l\u00e4hettil\u00e4\u00e4t","isPartOf":{"@id":"https:\/\/blogs.uef.fi\/ueflahettilaat\/#website"},"primaryImageOfPage":{"@id":"https:\/\/blogs.uef.fi\/ueflahettilaat\/2020\/11\/11\/miten-paadyin-farmasialle\/#primaryimage"},"image":{"@id":"https:\/\/blogs.uef.fi\/ueflahettilaat\/2020\/11\/11\/miten-paadyin-farmasialle\/#primaryimage"},"thumbnailUrl":"https:\/\/blogs.uef.fi\/ueflahettilaat\/wp-content\/uploads\/sites\/7\/2020\/11\/FBC5707F-2CBA-4754-8E42-EA506DBFDFCB-scaled.jpg","datePublished":"2020-11-11T15:39:17+00:00","dateModified":"2021-08-02T12:38:10+00:00","author":{"@id":"https:\/\/blogs.uef.fi\/ueflahettilaat\/#\/schema\/person\/26c89a05cd7e9f737cf540165a2b022c"},"breadcrumb":{"@id":"https:\/\/blogs.uef.fi\/ueflahettilaat\/2020\/11\/11\/miten-paadyin-farmasialle\/#breadcrumb"},"inLanguage":"fi","potentialAction":[{"@type":"ReadAction","target":["https:\/\/blogs.uef.fi\/ueflahettilaat\/2020\/11\/11\/miten-paadyin-farmasialle\/"]}]},{"@type":"ImageObject","inLanguage":"fi","@id":"https:\/\/blogs.uef.fi\/ueflahettilaat\/2020\/11\/11\/miten-paadyin-farmasialle\/#primaryimage","url":"https:\/\/blogs.uef.fi\/ueflahettilaat\/wp-content\/uploads\/sites\/7\/2020\/11\/FBC5707F-2CBA-4754-8E42-EA506DBFDFCB-scaled.jpg","contentUrl":"https:\/\/blogs.uef.fi\/ueflahettilaat\/wp-content\/uploads\/sites\/7\/2020\/11\/FBC5707F-2CBA-4754-8E42-EA506DBFDFCB-scaled.jpg","width":2048,"height":2560,"caption":"Processed with Rookie Cam"},{"@type":"BreadcrumbList","@id":"https:\/\/blogs.uef.fi\/ueflahettilaat\/2020\/11\/11\/miten-paadyin-farmasialle\/#breadcrumb","itemListElement":[{"@type":"ListItem","position":1,"name":"Home","item":"https:\/\/blogs.uef.fi\/ueflahettilaat\/"},{"@type":"ListItem","position":2,"name":"Miten p\u00e4\u00e4dyin farmasialle?"}]},{"@type":"WebSite","@id":"https:\/\/blogs.uef.fi\/ueflahettilaat\/#website","url":"https:\/\/blogs.uef.fi\/ueflahettilaat\/","name":"UEF-l\u00e4hettil\u00e4\u00e4t","description":"","potentialAction":[{"@type":"SearchAction","target":{"@type":"EntryPoint","urlTemplate":"https:\/\/blogs.uef.fi\/ueflahettilaat\/?s={search_term_string}"},"query-input":{"@type":"PropertyValueSpecification","valueRequired":true,"valueName":"search_term_string"}}],"inLanguage":"fi"},{"@type":"Person","@id":"https:\/\/blogs.uef.fi\/ueflahettilaat\/#\/schema\/person\/26c89a05cd7e9f737cf540165a2b022c","name":"ninavuo","url":"https:\/\/blogs.uef.fi\/ueflahettilaat\/author\/ninavuo\/"}]}},"_links":{"self":[{"href":"https:\/\/blogs.uef.fi\/ueflahettilaat\/wp-json\/wp\/v2\/posts\/4431","targetHints":{"allow":["GET"]}}],"collection":[{"href":"https:\/\/blogs.uef.fi\/ueflahettilaat\/wp-json\/wp\/v2\/posts"}],"about":[{"href":"https:\/\/blogs.uef.fi\/ueflahettilaat\/wp-json\/wp\/v2\/types\/post"}],"author":[{"embeddable":true,"href":"https:\/\/blogs.uef.fi\/ueflahettilaat\/wp-json\/wp\/v2\/users\/375"}],"replies":[{"embeddable":true,"href":"https:\/\/blogs.uef.fi\/ueflahettilaat\/wp-json\/wp\/v2\/comments?post=4431"}],"version-history":[{"count":3,"href":"https:\/\/blogs.uef.fi\/ueflahettilaat\/wp-json\/wp\/v2\/posts\/4431\/revisions"}],"predecessor-version":[{"id":4929,"href":"https:\/\/blogs.uef.fi\/ueflahettilaat\/wp-json\/wp\/v2\/posts\/4431\/revisions\/4929"}],"wp:attachment":[{"href":"https:\/\/blogs.uef.fi\/ueflahettilaat\/wp-json\/wp\/v2\/media?parent=4431"}],"wp:term":[{"taxonomy":"category","embeddable":true,"href":"https:\/\/blogs.uef.fi\/ueflahettilaat\/wp-json\/wp\/v2\/categories?post=4431"},{"taxonomy":"post_tag","embeddable":true,"href":"https:\/\/blogs.uef.fi\/ueflahettilaat\/wp-json\/wp\/v2\/tags?post=4431"}],"curies":[{"name":"wp","href":"https:\/\/api.w.org\/{rel}","templated":true}]}}