{"id":4116,"date":"2020-08-22T16:45:59","date_gmt":"2020-08-22T13:45:59","guid":{"rendered":"https:\/\/blogs.uef.fi\/ueflahettilaat\/?p=4116"},"modified":"2020-08-22T16:54:03","modified_gmt":"2020-08-22T13:54:03","slug":"evaita-etaopintoihin","status":"publish","type":"post","link":"https:\/\/blogs.uef.fi\/ueflahettilaat\/2020\/08\/22\/evaita-etaopintoihin\/","title":{"rendered":"Ev\u00e4it\u00e4 et\u00e4opintoihin"},"content":{"rendered":"<p>Syksyn l\u00e4hestyess\u00e4 useampia opintojaksoja on ilmoitettu pidett\u00e4v\u00e4n et\u00e4n\u00e4. Mit\u00e4 tehd\u00e4, kun opintojen alku ei n\u00e4yt\u00e4k\u00e4\u00e4n mieless\u00e4 kuvitellulta tai tutulta kampuksella ty\u00f6skentelylt\u00e4?<\/p>\n<p>Ainakin minulle lohtua tuo ajatus siit\u00e4, ett\u00e4 et\u00e4opintoja suoritetaan nyt kautta maan ja maailman. T\u00e4ss\u00e4 tilanteessa kukaan ei siis ole yksin, ja vertaistukea onkin helpottavan helppo l\u00f6yt\u00e4\u00e4. Viime kev\u00e4t opetti varmasti my\u00f6s itse kullekin taitoja sopeutua ja hy\u00f6dynt\u00e4\u00e4 elektroniikkaa opinnoissaan, mik\u00e4 on huippua.<\/p>\n<p>Toiseksi tilanteen voi n\u00e4hd\u00e4 hienona <em>itsens\u00e4 johtamisen kehityspolkuna<\/em>. Koitankin selviyty\u00e4 syksyst\u00e4 olemalla oma johtajani. Sit\u00e4 olen toki muutenkin, mutta t\u00e4ll\u00e4 kertaa pyrin keskittym\u00e4\u00e4n ajatukseen erityisesti. Asioissa p\u00e4rj\u00e4\u00e4minen l\u00e4htee kuitenkin aina omasta p\u00e4\u00e4st\u00e4, ja johtaja-asenteesta ei varmasti ole haittaa my\u00f6s t\u00e4llaisena syksyn\u00e4. Kannustan sinua tekem\u00e4\u00e4n samoin! \u2764\ufe0f<\/p>\n<h4>1. Boss miettii tavoitteet<\/h4>\n<p>Ty\u00f6 ei oikein suju ilman m\u00e4\u00e4r\u00e4tietoisia ajatuksia. Omana pomonani haluan tiet\u00e4\u00e4 tavoitteeni ja pit\u00e4\u00e4 niist\u00e4 kiinni. Se onnistunee parhaiten vahvistamalla suunnitelmaani viikoittain. Esimerkiksi tietty p\u00e4iv\u00e4 tai illat ylip\u00e4\u00e4ns\u00e4 voivat olla hetki\u00e4, kun voi pys\u00e4hty\u00e4 miettim\u00e4\u00e4n mit\u00e4 asioita haluaa saavuttaa ja mihin huomenna olisi opinnoissa hyv\u00e4 keskitty\u00e4. Voin esimerkiksi mietti\u00e4, mitk\u00e4 k\u00e4sitteet haluan oppia huomisen aikana tai mink\u00e4 luvun yrit\u00e4n sis\u00e4ist\u00e4\u00e4.<\/p>\n<p>Ennen uuden opintojakson alkua kannattaa my\u00f6s perehty\u00e4 kurssin kuvaukseen Weboodissa ja pohtia, mik\u00e4 aihealueesta tuntuu itsest\u00e4 erityisen t\u00e4rke\u00e4lt\u00e4, tai mihin haluaisi erityisesti panostaa. Ymm\u00e4rrys ja kurssin merkityksen perustelu voi motivoida sukeltamaan kurssin pariin.<\/p>\n<p>Hyv\u00e4 johtaja pilkkoo osiin ja delegoi. Kun tavoitteet rajaa itse\u00e4\u00e4n aidosti motivoiviin osiin, on kurssimateriaalien ja opiskelun kimppuun helpompi k\u00e4yd\u00e4.<\/p>\n<h4>2. Aseta omia aikatauluja<\/h4>\n<p>Omien aikataulujen on hyv\u00e4 tukea opiskelurytmi\u00e4 ja olla itselle muutenkin sopivat. Jos arjessa on mahdollisuutta joustaa aikatauluista, niin joustoa saa ja kannattaa tehd\u00e4 omalla tyylill\u00e4 ja j\u00e4rkev\u00e4sti. Et\u00e4opiskelu auttaakin tekem\u00e4\u00e4n asioita itselle luontaisimpiin aikoihin, jos niin haluaa. Kun ymm\u00e4rt\u00e4\u00e4 oman sis\u00e4isen rytmin, niin sit\u00e4 on helpompi kunnioittaa.<\/p>\n<p>Voisi olla hyv\u00e4 hahmottaa itselleen opiskeluun k\u00e4ytett\u00e4v\u00e4t kellonajat. Sopiva hetki on silloin, kun opiskelu ja oma fokus sujuu timanttisimmin. Tuolle ajalle annetaan oikeus ja vapaus olla varta vasten itsens\u00e4 kehitt\u00e4miselle varattua aikaa. Muihin aikoihin voi sopia jotain kivaa tekemist\u00e4, mik\u00e4 innostaa ja tukee jaksamista.<\/p>\n<p>Haluan my\u00f6s muistuttaa, ett\u00e4 opiskelu voi olla raskasta. Itse olen esimerkiksi huomannut, ett\u00e4 seitsem\u00e4n tunnin sijaan pystyn opiskelemaan tehokkaasti ja tavoitteellisesti vain noin 4 tuntia p\u00e4iv\u00e4ss\u00e4. On hyv\u00e4 olla realistinen ja armollinen itse\u00e4 kohtaan. T\u00e4rke\u00e4\u00e4 on huomioida my\u00f6s se, ett\u00e4 varaa p\u00e4iv\u00e4\u00e4n reilusti luppoaikaa &#8211; aivot tarvitsevat tylsyytt\u00e4 palautuakseen ja kokeakseen luovuutta!<\/p>\n<h4>3. Laita aamu k\u00e4yntiin kunnolla<\/h4>\n<p>Kun illalla on luotu seuraavan p\u00e4iv\u00e4n ja pidemm\u00e4n t\u00e4ht\u00e4imen tavoitteet ja mieli on ehtinyt lev\u00e4t\u00e4, niin aamuilla on parempi mahdollisuus onnistua.<\/p>\n<p>Siksi pyyd\u00e4n sinua miettim\u00e4\u00e4n, ett\u00e4 kuinka saisit itsesi parhaimmalla tuulella yl\u00f6s? Auttaako her\u00e4\u00e4misess\u00e4 esimerkiksi suihku, kiva aamupala tai kahvi, jota odottaa, aamuliikunta, lukeminen, podcastin tai musiikin kuuntelu tai ehk\u00e4 k\u00e4velylenkki? Kun olo on lev\u00e4nnyt ja her\u00e4nnyt, on p\u00e4iv\u00e4\u00e4 kohti kevyempi l\u00e4hte\u00e4.<\/p>\n<p>Kotona opiskellessa voi olla my\u00f6s j\u00e4rkev\u00e4\u00e4 esitt\u00e4\u00e4, ett\u00e4 l\u00e4htisit muualle. Laittaudu normaalisti ja tee pieni &#8221;ty\u00f6matka&#8221;, niin mielesi tajuaa, ett\u00e4 jotain tapahtuu. Kannattaa my\u00f6s valita itselleen mahdollisuuksien mukaan parhain paikka opiskella, on se sitten vaikka kirjasto, koti tai kahvila.<\/p>\n<p>Itse hy\u00f6dyin kes\u00e4ll\u00e4 siit\u00e4, ett\u00e4 minun t\u00e4ytyi olla aamuysilt\u00e4 ty\u00f6palaverissa. Ei kai olisi hullumpi idea asettaa itselleen &#8221;aamupalaveriaika&#8221;, jolloin pyrkii olemaan joko kalenterin, p\u00e4iv\u00e4kirjan sivujen, et\u00e4luennon, kirjan tai kirjastop\u00f6yd\u00e4n \u00e4\u00e4rell\u00e4. Se vaatii itsekuria ja monia muitakin taitoja, mutta kaikkea sellaista tuleva syksy varmasti meiss\u00e4 kehitt\u00e4\u00e4kin. Ja se on hienoa! Yhdess\u00e4 me p\u00e4rj\u00e4\u00e4mme.<\/p>\n<h4>+ Ilo irti yst\u00e4vist\u00e4<\/h4>\n<p>Ota ilo irti yst\u00e4vist\u00e4 ja tutustu uusiin tyyppeihin! Vaikkei kampukselle p\u00e4\u00e4sisik\u00e4\u00e4n, niin kasvoja voi silti n\u00e4hd\u00e4. Voit sopiva esimerkiksi kurssikaverisi kanssa et\u00e4tapaamisia tai opiskella yhteisen kurssin aiheita kaksin tai porukalla. Juttelemalla ja eri ihmisten kanssa keskustelemalla vaikeatkin asiat voivat aueta yll\u00e4tt\u00e4en. Vinkit vaihtuvat ja asiat on helpompi sis\u00e4ist\u00e4\u00e4.<\/p>\n<p>Yhteydenotto ja opintopiirist\u00e4 kysyminen voi vaatia hieman rohkeutta, etenkin jos kyseess\u00e4 on vieraita ihmisi\u00e4. Yhden rohkaistuneen tekem\u00e4st\u00e4 eleest\u00e4 olisi varmasti kuitenkin moni kiitollinen. Kiitos sinulle, joka vinkkasit Instagramissa t\u00e4st\u00e4 ideasta!<\/p>\n<p>Tavoitteellinen ja itselle sopiva aikataulu auttaa pit\u00e4m\u00e4\u00e4n kiinni rutiineista, jotka ovat t\u00e4rkeit\u00e4 oppimisen, jaksamisen sek\u00e4 mielen ja kehon palautumisen kannalta. Voimaa sinun syksyyn, opiskele antaumuksella ja itsellesi sopivia m\u00e4\u00e4ri\u00e4. Pystyt siihen kyll\u00e4!<\/p>\n<p><em>Kerttuli \/\/ kulttuurintutkimus<\/em><\/p>\n","protected":false},"excerpt":{"rendered":"<p>Syksyn l\u00e4hestyess\u00e4 useampia opintojaksoja on ilmoitettu pidett\u00e4v\u00e4n et\u00e4n\u00e4. Mit\u00e4 tehd\u00e4, kun opintojen alku ei n\u00e4yt\u00e4k\u00e4\u00e4n mieless\u00e4 kuvitellulta tai tutulta kampuksella ty\u00f6skentelylt\u00e4? Ainakin minulle lohtua tuo ajatus siit\u00e4, ett\u00e4 et\u00e4opintoja suoritetaan nyt kautta maan ja maailman. T\u00e4ss\u00e4 tilanteessa kukaan ei siis ole yksin, ja vertaistukea onkin helpottavan helppo l\u00f6yt\u00e4\u00e4. Viime kev\u00e4t opetti varmasti my\u00f6s itse kullekin [&hellip;]<\/p>\n","protected":false},"author":275,"featured_media":4241,"comment_status":"open","ping_status":"closed","sticky":false,"template":"","format":"standard","meta":{"_acf_changed":false,"footnotes":""},"categories":[1],"tags":[],"class_list":["post-4116","post","type-post","status-publish","format-standard","has-post-thumbnail","hentry","category-uncategorized"],"acf":[],"yoast_head":"<!-- This site is optimized with the Yoast SEO plugin v27.3 - https:\/\/yoast.com\/product\/yoast-seo-wordpress\/ -->\n<title>Ev\u00e4it\u00e4 et\u00e4opintoihin - UEF-l\u00e4hettil\u00e4\u00e4t<\/title>\n<meta name=\"robots\" content=\"index, follow, max-snippet:-1, max-image-preview:large, max-video-preview:-1\" \/>\n<link rel=\"canonical\" href=\"https:\/\/blogs.uef.fi\/ueflahettilaat\/2020\/08\/22\/evaita-etaopintoihin\/\" \/>\n<meta property=\"og:locale\" content=\"fi_FI\" \/>\n<meta property=\"og:type\" content=\"article\" \/>\n<meta property=\"og:title\" content=\"Ev\u00e4it\u00e4 et\u00e4opintoihin - UEF-l\u00e4hettil\u00e4\u00e4t\" \/>\n<meta property=\"og:description\" content=\"Syksyn l\u00e4hestyess\u00e4 useampia opintojaksoja on ilmoitettu pidett\u00e4v\u00e4n et\u00e4n\u00e4. Mit\u00e4 tehd\u00e4, kun opintojen alku ei n\u00e4yt\u00e4k\u00e4\u00e4n mieless\u00e4 kuvitellulta tai tutulta kampuksella ty\u00f6skentelylt\u00e4? Ainakin minulle lohtua tuo ajatus siit\u00e4, ett\u00e4 et\u00e4opintoja suoritetaan nyt kautta maan ja maailman. T\u00e4ss\u00e4 tilanteessa kukaan ei siis ole yksin, ja vertaistukea onkin helpottavan helppo l\u00f6yt\u00e4\u00e4. Viime kev\u00e4t opetti varmasti my\u00f6s itse kullekin [&hellip;]\" \/>\n<meta property=\"og:url\" content=\"https:\/\/blogs.uef.fi\/ueflahettilaat\/2020\/08\/22\/evaita-etaopintoihin\/\" \/>\n<meta property=\"og:site_name\" content=\"UEF-l\u00e4hettil\u00e4\u00e4t\" \/>\n<meta property=\"article:published_time\" content=\"2020-08-22T13:45:59+00:00\" \/>\n<meta property=\"article:modified_time\" content=\"2020-08-22T13:54:03+00:00\" \/>\n<meta property=\"og:image\" content=\"https:\/\/blogs.uef.fi\/ueflahettilaat\/wp-content\/uploads\/sites\/7\/2020\/08\/P8071704.jpg\" \/>\n\t<meta property=\"og:image:width\" content=\"1024\" \/>\n\t<meta property=\"og:image:height\" content=\"410\" \/>\n\t<meta property=\"og:image:type\" content=\"image\/jpeg\" \/>\n<meta name=\"author\" content=\"kerttuka\" \/>\n<meta name=\"twitter:card\" content=\"summary_large_image\" \/>\n<meta name=\"twitter:label1\" content=\"Kirjoittanut\" \/>\n\t<meta name=\"twitter:data1\" content=\"kerttuka\" \/>\n\t<meta name=\"twitter:label2\" content=\"Arvioitu lukuaika\" \/>\n\t<meta name=\"twitter:data2\" content=\"4 minuuttia\" \/>\n<script type=\"application\/ld+json\" class=\"yoast-schema-graph\">{\"@context\":\"https:\\\/\\\/schema.org\",\"@graph\":[{\"@type\":\"Article\",\"@id\":\"https:\\\/\\\/blogs.uef.fi\\\/ueflahettilaat\\\/2020\\\/08\\\/22\\\/evaita-etaopintoihin\\\/#article\",\"isPartOf\":{\"@id\":\"https:\\\/\\\/blogs.uef.fi\\\/ueflahettilaat\\\/2020\\\/08\\\/22\\\/evaita-etaopintoihin\\\/\"},\"author\":{\"name\":\"kerttuka\",\"@id\":\"https:\\\/\\\/blogs.uef.fi\\\/ueflahettilaat\\\/#\\\/schema\\\/person\\\/d7208ba1c9401f97dc37c036911d0216\"},\"headline\":\"Ev\u00e4it\u00e4 et\u00e4opintoihin\",\"datePublished\":\"2020-08-22T13:45:59+00:00\",\"dateModified\":\"2020-08-22T13:54:03+00:00\",\"mainEntityOfPage\":{\"@id\":\"https:\\\/\\\/blogs.uef.fi\\\/ueflahettilaat\\\/2020\\\/08\\\/22\\\/evaita-etaopintoihin\\\/\"},\"wordCount\":751,\"commentCount\":0,\"image\":{\"@id\":\"https:\\\/\\\/blogs.uef.fi\\\/ueflahettilaat\\\/2020\\\/08\\\/22\\\/evaita-etaopintoihin\\\/#primaryimage\"},\"thumbnailUrl\":\"https:\\\/\\\/blogs.uef.fi\\\/ueflahettilaat\\\/wp-content\\\/uploads\\\/sites\\\/7\\\/2020\\\/08\\\/P8071704.jpg\",\"articleSection\":[\"Uncategorized\"],\"inLanguage\":\"fi\",\"potentialAction\":[{\"@type\":\"CommentAction\",\"name\":\"Comment\",\"target\":[\"https:\\\/\\\/blogs.uef.fi\\\/ueflahettilaat\\\/2020\\\/08\\\/22\\\/evaita-etaopintoihin\\\/#respond\"]}]},{\"@type\":\"WebPage\",\"@id\":\"https:\\\/\\\/blogs.uef.fi\\\/ueflahettilaat\\\/2020\\\/08\\\/22\\\/evaita-etaopintoihin\\\/\",\"url\":\"https:\\\/\\\/blogs.uef.fi\\\/ueflahettilaat\\\/2020\\\/08\\\/22\\\/evaita-etaopintoihin\\\/\",\"name\":\"Ev\u00e4it\u00e4 et\u00e4opintoihin - UEF-l\u00e4hettil\u00e4\u00e4t\",\"isPartOf\":{\"@id\":\"https:\\\/\\\/blogs.uef.fi\\\/ueflahettilaat\\\/#website\"},\"primaryImageOfPage\":{\"@id\":\"https:\\\/\\\/blogs.uef.fi\\\/ueflahettilaat\\\/2020\\\/08\\\/22\\\/evaita-etaopintoihin\\\/#primaryimage\"},\"image\":{\"@id\":\"https:\\\/\\\/blogs.uef.fi\\\/ueflahettilaat\\\/2020\\\/08\\\/22\\\/evaita-etaopintoihin\\\/#primaryimage\"},\"thumbnailUrl\":\"https:\\\/\\\/blogs.uef.fi\\\/ueflahettilaat\\\/wp-content\\\/uploads\\\/sites\\\/7\\\/2020\\\/08\\\/P8071704.jpg\",\"datePublished\":\"2020-08-22T13:45:59+00:00\",\"dateModified\":\"2020-08-22T13:54:03+00:00\",\"author\":{\"@id\":\"https:\\\/\\\/blogs.uef.fi\\\/ueflahettilaat\\\/#\\\/schema\\\/person\\\/d7208ba1c9401f97dc37c036911d0216\"},\"breadcrumb\":{\"@id\":\"https:\\\/\\\/blogs.uef.fi\\\/ueflahettilaat\\\/2020\\\/08\\\/22\\\/evaita-etaopintoihin\\\/#breadcrumb\"},\"inLanguage\":\"fi\",\"potentialAction\":[{\"@type\":\"ReadAction\",\"target\":[\"https:\\\/\\\/blogs.uef.fi\\\/ueflahettilaat\\\/2020\\\/08\\\/22\\\/evaita-etaopintoihin\\\/\"]}]},{\"@type\":\"ImageObject\",\"inLanguage\":\"fi\",\"@id\":\"https:\\\/\\\/blogs.uef.fi\\\/ueflahettilaat\\\/2020\\\/08\\\/22\\\/evaita-etaopintoihin\\\/#primaryimage\",\"url\":\"https:\\\/\\\/blogs.uef.fi\\\/ueflahettilaat\\\/wp-content\\\/uploads\\\/sites\\\/7\\\/2020\\\/08\\\/P8071704.jpg\",\"contentUrl\":\"https:\\\/\\\/blogs.uef.fi\\\/ueflahettilaat\\\/wp-content\\\/uploads\\\/sites\\\/7\\\/2020\\\/08\\\/P8071704.jpg\",\"width\":1024,\"height\":410,\"caption\":\"OLYMPUS DIGITAL CAMERA\"},{\"@type\":\"BreadcrumbList\",\"@id\":\"https:\\\/\\\/blogs.uef.fi\\\/ueflahettilaat\\\/2020\\\/08\\\/22\\\/evaita-etaopintoihin\\\/#breadcrumb\",\"itemListElement\":[{\"@type\":\"ListItem\",\"position\":1,\"name\":\"Home\",\"item\":\"https:\\\/\\\/blogs.uef.fi\\\/ueflahettilaat\\\/\"},{\"@type\":\"ListItem\",\"position\":2,\"name\":\"Ev\u00e4it\u00e4 et\u00e4opintoihin\"}]},{\"@type\":\"WebSite\",\"@id\":\"https:\\\/\\\/blogs.uef.fi\\\/ueflahettilaat\\\/#website\",\"url\":\"https:\\\/\\\/blogs.uef.fi\\\/ueflahettilaat\\\/\",\"name\":\"UEF-l\u00e4hettil\u00e4\u00e4t\",\"description\":\"\",\"potentialAction\":[{\"@type\":\"SearchAction\",\"target\":{\"@type\":\"EntryPoint\",\"urlTemplate\":\"https:\\\/\\\/blogs.uef.fi\\\/ueflahettilaat\\\/?s={search_term_string}\"},\"query-input\":{\"@type\":\"PropertyValueSpecification\",\"valueRequired\":true,\"valueName\":\"search_term_string\"}}],\"inLanguage\":\"fi\"},{\"@type\":\"Person\",\"@id\":\"https:\\\/\\\/blogs.uef.fi\\\/ueflahettilaat\\\/#\\\/schema\\\/person\\\/d7208ba1c9401f97dc37c036911d0216\",\"name\":\"kerttuka\",\"url\":\"https:\\\/\\\/blogs.uef.fi\\\/ueflahettilaat\\\/author\\\/kerttuka\\\/\"}]}<\/script>\n<!-- \/ Yoast SEO plugin. -->","yoast_head_json":{"title":"Ev\u00e4it\u00e4 et\u00e4opintoihin - UEF-l\u00e4hettil\u00e4\u00e4t","robots":{"index":"index","follow":"follow","max-snippet":"max-snippet:-1","max-image-preview":"max-image-preview:large","max-video-preview":"max-video-preview:-1"},"canonical":"https:\/\/blogs.uef.fi\/ueflahettilaat\/2020\/08\/22\/evaita-etaopintoihin\/","og_locale":"fi_FI","og_type":"article","og_title":"Ev\u00e4it\u00e4 et\u00e4opintoihin - UEF-l\u00e4hettil\u00e4\u00e4t","og_description":"Syksyn l\u00e4hestyess\u00e4 useampia opintojaksoja on ilmoitettu pidett\u00e4v\u00e4n et\u00e4n\u00e4. Mit\u00e4 tehd\u00e4, kun opintojen alku ei n\u00e4yt\u00e4k\u00e4\u00e4n mieless\u00e4 kuvitellulta tai tutulta kampuksella ty\u00f6skentelylt\u00e4? Ainakin minulle lohtua tuo ajatus siit\u00e4, ett\u00e4 et\u00e4opintoja suoritetaan nyt kautta maan ja maailman. T\u00e4ss\u00e4 tilanteessa kukaan ei siis ole yksin, ja vertaistukea onkin helpottavan helppo l\u00f6yt\u00e4\u00e4. Viime kev\u00e4t opetti varmasti my\u00f6s itse kullekin [&hellip;]","og_url":"https:\/\/blogs.uef.fi\/ueflahettilaat\/2020\/08\/22\/evaita-etaopintoihin\/","og_site_name":"UEF-l\u00e4hettil\u00e4\u00e4t","article_published_time":"2020-08-22T13:45:59+00:00","article_modified_time":"2020-08-22T13:54:03+00:00","og_image":[{"width":1024,"height":410,"url":"https:\/\/blogs.uef.fi\/ueflahettilaat\/wp-content\/uploads\/sites\/7\/2020\/08\/P8071704.jpg","type":"image\/jpeg"}],"author":"kerttuka","twitter_card":"summary_large_image","twitter_misc":{"Kirjoittanut":"kerttuka","Arvioitu lukuaika":"4 minuuttia"},"schema":{"@context":"https:\/\/schema.org","@graph":[{"@type":"Article","@id":"https:\/\/blogs.uef.fi\/ueflahettilaat\/2020\/08\/22\/evaita-etaopintoihin\/#article","isPartOf":{"@id":"https:\/\/blogs.uef.fi\/ueflahettilaat\/2020\/08\/22\/evaita-etaopintoihin\/"},"author":{"name":"kerttuka","@id":"https:\/\/blogs.uef.fi\/ueflahettilaat\/#\/schema\/person\/d7208ba1c9401f97dc37c036911d0216"},"headline":"Ev\u00e4it\u00e4 et\u00e4opintoihin","datePublished":"2020-08-22T13:45:59+00:00","dateModified":"2020-08-22T13:54:03+00:00","mainEntityOfPage":{"@id":"https:\/\/blogs.uef.fi\/ueflahettilaat\/2020\/08\/22\/evaita-etaopintoihin\/"},"wordCount":751,"commentCount":0,"image":{"@id":"https:\/\/blogs.uef.fi\/ueflahettilaat\/2020\/08\/22\/evaita-etaopintoihin\/#primaryimage"},"thumbnailUrl":"https:\/\/blogs.uef.fi\/ueflahettilaat\/wp-content\/uploads\/sites\/7\/2020\/08\/P8071704.jpg","articleSection":["Uncategorized"],"inLanguage":"fi","potentialAction":[{"@type":"CommentAction","name":"Comment","target":["https:\/\/blogs.uef.fi\/ueflahettilaat\/2020\/08\/22\/evaita-etaopintoihin\/#respond"]}]},{"@type":"WebPage","@id":"https:\/\/blogs.uef.fi\/ueflahettilaat\/2020\/08\/22\/evaita-etaopintoihin\/","url":"https:\/\/blogs.uef.fi\/ueflahettilaat\/2020\/08\/22\/evaita-etaopintoihin\/","name":"Ev\u00e4it\u00e4 et\u00e4opintoihin - UEF-l\u00e4hettil\u00e4\u00e4t","isPartOf":{"@id":"https:\/\/blogs.uef.fi\/ueflahettilaat\/#website"},"primaryImageOfPage":{"@id":"https:\/\/blogs.uef.fi\/ueflahettilaat\/2020\/08\/22\/evaita-etaopintoihin\/#primaryimage"},"image":{"@id":"https:\/\/blogs.uef.fi\/ueflahettilaat\/2020\/08\/22\/evaita-etaopintoihin\/#primaryimage"},"thumbnailUrl":"https:\/\/blogs.uef.fi\/ueflahettilaat\/wp-content\/uploads\/sites\/7\/2020\/08\/P8071704.jpg","datePublished":"2020-08-22T13:45:59+00:00","dateModified":"2020-08-22T13:54:03+00:00","author":{"@id":"https:\/\/blogs.uef.fi\/ueflahettilaat\/#\/schema\/person\/d7208ba1c9401f97dc37c036911d0216"},"breadcrumb":{"@id":"https:\/\/blogs.uef.fi\/ueflahettilaat\/2020\/08\/22\/evaita-etaopintoihin\/#breadcrumb"},"inLanguage":"fi","potentialAction":[{"@type":"ReadAction","target":["https:\/\/blogs.uef.fi\/ueflahettilaat\/2020\/08\/22\/evaita-etaopintoihin\/"]}]},{"@type":"ImageObject","inLanguage":"fi","@id":"https:\/\/blogs.uef.fi\/ueflahettilaat\/2020\/08\/22\/evaita-etaopintoihin\/#primaryimage","url":"https:\/\/blogs.uef.fi\/ueflahettilaat\/wp-content\/uploads\/sites\/7\/2020\/08\/P8071704.jpg","contentUrl":"https:\/\/blogs.uef.fi\/ueflahettilaat\/wp-content\/uploads\/sites\/7\/2020\/08\/P8071704.jpg","width":1024,"height":410,"caption":"OLYMPUS DIGITAL CAMERA"},{"@type":"BreadcrumbList","@id":"https:\/\/blogs.uef.fi\/ueflahettilaat\/2020\/08\/22\/evaita-etaopintoihin\/#breadcrumb","itemListElement":[{"@type":"ListItem","position":1,"name":"Home","item":"https:\/\/blogs.uef.fi\/ueflahettilaat\/"},{"@type":"ListItem","position":2,"name":"Ev\u00e4it\u00e4 et\u00e4opintoihin"}]},{"@type":"WebSite","@id":"https:\/\/blogs.uef.fi\/ueflahettilaat\/#website","url":"https:\/\/blogs.uef.fi\/ueflahettilaat\/","name":"UEF-l\u00e4hettil\u00e4\u00e4t","description":"","potentialAction":[{"@type":"SearchAction","target":{"@type":"EntryPoint","urlTemplate":"https:\/\/blogs.uef.fi\/ueflahettilaat\/?s={search_term_string}"},"query-input":{"@type":"PropertyValueSpecification","valueRequired":true,"valueName":"search_term_string"}}],"inLanguage":"fi"},{"@type":"Person","@id":"https:\/\/blogs.uef.fi\/ueflahettilaat\/#\/schema\/person\/d7208ba1c9401f97dc37c036911d0216","name":"kerttuka","url":"https:\/\/blogs.uef.fi\/ueflahettilaat\/author\/kerttuka\/"}]}},"_links":{"self":[{"href":"https:\/\/blogs.uef.fi\/ueflahettilaat\/wp-json\/wp\/v2\/posts\/4116","targetHints":{"allow":["GET"]}}],"collection":[{"href":"https:\/\/blogs.uef.fi\/ueflahettilaat\/wp-json\/wp\/v2\/posts"}],"about":[{"href":"https:\/\/blogs.uef.fi\/ueflahettilaat\/wp-json\/wp\/v2\/types\/post"}],"author":[{"embeddable":true,"href":"https:\/\/blogs.uef.fi\/ueflahettilaat\/wp-json\/wp\/v2\/users\/275"}],"replies":[{"embeddable":true,"href":"https:\/\/blogs.uef.fi\/ueflahettilaat\/wp-json\/wp\/v2\/comments?post=4116"}],"version-history":[{"count":2,"href":"https:\/\/blogs.uef.fi\/ueflahettilaat\/wp-json\/wp\/v2\/posts\/4116\/revisions"}],"predecessor-version":[{"id":4277,"href":"https:\/\/blogs.uef.fi\/ueflahettilaat\/wp-json\/wp\/v2\/posts\/4116\/revisions\/4277"}],"wp:featuredmedia":[{"embeddable":true,"href":"https:\/\/blogs.uef.fi\/ueflahettilaat\/wp-json\/wp\/v2\/media\/4241"}],"wp:attachment":[{"href":"https:\/\/blogs.uef.fi\/ueflahettilaat\/wp-json\/wp\/v2\/media?parent=4116"}],"wp:term":[{"taxonomy":"category","embeddable":true,"href":"https:\/\/blogs.uef.fi\/ueflahettilaat\/wp-json\/wp\/v2\/categories?post=4116"},{"taxonomy":"post_tag","embeddable":true,"href":"https:\/\/blogs.uef.fi\/ueflahettilaat\/wp-json\/wp\/v2\/tags?post=4116"}],"curies":[{"name":"wp","href":"https:\/\/api.w.org\/{rel}","templated":true}]}}