{"id":3835,"date":"2020-08-24T13:45:14","date_gmt":"2020-08-24T10:45:14","guid":{"rendered":"https:\/\/blogs.uef.fi\/ueflahettilaat\/?p=3835"},"modified":"2020-08-24T13:45:14","modified_gmt":"2020-08-24T10:45:14","slug":"kirjastoista-puhtia-opiskeluun","status":"publish","type":"post","link":"https:\/\/blogs.uef.fi\/ueflahettilaat\/2020\/08\/24\/kirjastoista-puhtia-opiskeluun\/","title":{"rendered":"Kirjastoista puhtia opiskeluun"},"content":{"rendered":"<p>K\u00e4si yl\u00f6s, jolle tuotti hankaluuksia opiskella kotoa k\u00e4sin kev\u00e4\u00e4ll\u00e4! \u270b<\/p>\n<p>Ainakin allekirjoittanut kaipasi kovasti mahdollisuutta vaihtaa ymp\u00e4rist\u00f6\u00e4, l\u00e4hte\u00e4 p\u00e4iv\u00e4n aikana ulos ja eriytt\u00e4\u00e4 opiskeluymp\u00e4rist\u00f6 kodista. Olen asunut kes\u00e4n poikayst\u00e4v\u00e4n nurkissa ja meill\u00e4 on yhteens\u00e4 34 neli\u00f6t\u00e4 tilaa, eli yksi\u00f6ss\u00e4 asustellaan. T\u00e4m\u00e4kin tuotti omat haasteensa sopivan opiskeluymp\u00e4rist\u00f6n luomiselle kotiin.<\/p>\n<p>Olenkin nauttinut hurjasti nyt, kun kirjastot ovat auenneet! Vaikka yliopistojen tilat ovat viel\u00e4 vaihtelevasti auki, olen hy\u00f6dynt\u00e4nyt kaupunginkirjaston tiloja. On onni, ett\u00e4 Turussa on suuri, valoisa ja todella viihtyis\u00e4 kaupunginkirjasto, jossa on todella inspiroivaa opiskella. P\u00e4ivin\u00e4, jolloin aamut ovat tuntuneet takkuisilta, viimeist\u00e4\u00e4n kirjaston ovilla on iskenyt inspis opiskeluun.<\/p>\n<p><img loading=\"lazy\" decoding=\"async\" class=\"alignnone size-full wp-image-3847\" src=\"https:\/\/blogs.uef.fi\/ueflahettilaat\/wp-content\/uploads\/sites\/7\/2020\/07\/IMG_20200717_095931-scaled.jpg\" alt=\"\" width=\"1920\" height=\"2560\" srcset=\"https:\/\/blogs.uef.fi\/ueflahettilaat\/wp-content\/uploads\/sites\/7\/2020\/07\/IMG_20200717_095931-scaled.jpg 1920w, https:\/\/blogs.uef.fi\/ueflahettilaat\/wp-content\/uploads\/sites\/7\/2020\/07\/IMG_20200717_095931-768x1024.jpg 768w, https:\/\/blogs.uef.fi\/ueflahettilaat\/wp-content\/uploads\/sites\/7\/2020\/07\/IMG_20200717_095931-1152x1536.jpg 1152w, https:\/\/blogs.uef.fi\/ueflahettilaat\/wp-content\/uploads\/sites\/7\/2020\/07\/IMG_20200717_095931-1536x2048.jpg 1536w\" sizes=\"auto, (max-width: 1920px) 100vw, 1920px\" \/><\/p>\n<h4>Kirjaston hyv\u00e4t puolet<\/h4>\n<p>Kirjastoissa on monta hyv\u00e4\u00e4 puolta. Ymp\u00e4rist\u00f6 on sopivan hiljainen tai sanoisinko ennemminkin rauhallinen. En kaipaa t\u00e4ydellist\u00e4 hiljaisuutta ymp\u00e4rilleni voidakseni keskitty\u00e4, keskityn jopa paremmin, kun ymp\u00e4rill\u00e4 on pient\u00e4 h\u00e4ly\u00e4 ja el\u00e4misen \u00e4\u00e4ni\u00e4. T\u00e4ydellist\u00e4 hiljaisuutta haluaville on kuitenkin tarjolla my\u00f6s hiljaisia lukusaleja. Lis\u00e4ksi kes\u00e4n aikana kirjastoissa on ollut ilahduttava m\u00e4\u00e4r\u00e4 muita opiskelijoita, joiden kanssa on voinut v\u00e4lill\u00e4 vaihtaa muutaman sanan esimerkiksi tuskastuttavasta graduprojektista. My\u00f6s se, ett\u00e4 muut tekev\u00e4t ymp\u00e4rill\u00e4 keskittyneesti hommia, auttaa itse\u00e4nikin keskittym\u00e4\u00e4n.<\/p>\n<p><img loading=\"lazy\" decoding=\"async\" class=\"alignnone size-full wp-image-3844\" src=\"https:\/\/blogs.uef.fi\/ueflahettilaat\/wp-content\/uploads\/sites\/7\/2020\/07\/IMG_20200717_095908-scaled.jpg\" alt=\"\" width=\"1920\" height=\"2560\" srcset=\"https:\/\/blogs.uef.fi\/ueflahettilaat\/wp-content\/uploads\/sites\/7\/2020\/07\/IMG_20200717_095908-scaled.jpg 1920w, https:\/\/blogs.uef.fi\/ueflahettilaat\/wp-content\/uploads\/sites\/7\/2020\/07\/IMG_20200717_095908-768x1024.jpg 768w, https:\/\/blogs.uef.fi\/ueflahettilaat\/wp-content\/uploads\/sites\/7\/2020\/07\/IMG_20200717_095908-1152x1536.jpg 1152w, https:\/\/blogs.uef.fi\/ueflahettilaat\/wp-content\/uploads\/sites\/7\/2020\/07\/IMG_20200717_095908-1536x2048.jpg 1536w\" sizes=\"auto, (max-width: 1920px) 100vw, 1920px\" \/><\/p>\n<p>Lis\u00e4ksi kirjastoista on k\u00e4tev\u00e4 napata aineistokirjallisuutta ty\u00f6h\u00f6n, eik\u00e4 kirjoja v\u00e4ltt\u00e4m\u00e4tt\u00e4 tarvitse kantaa edes takaisin kodin ja kirjaston v\u00e4lill\u00e4. Pit\u00e4isi viel\u00e4 selvitt\u00e4\u00e4, onko kirjastossa mahdollisuutta varata lukittua lokeroa, jonne lainatut kirjat voisi j\u00e4tt\u00e4\u00e4 odottamaan seuraavaa p\u00e4iv\u00e4\u00e4. Reppu on aika nopeasti t\u00e4ynn\u00e4, kun kantaa ev\u00e4it\u00e4, tietokonetta ja juomapulloa sek\u00e4 lis\u00e4ksi esimerkiksi 900 sivuista Endokrinologian kirjaa.<\/p>\n<p><img loading=\"lazy\" decoding=\"async\" class=\"alignnone size-full wp-image-3841\" src=\"https:\/\/blogs.uef.fi\/ueflahettilaat\/wp-content\/uploads\/sites\/7\/2020\/07\/IMG_20200717_095856-scaled.jpg\" alt=\"\" width=\"1920\" height=\"2560\" srcset=\"https:\/\/blogs.uef.fi\/ueflahettilaat\/wp-content\/uploads\/sites\/7\/2020\/07\/IMG_20200717_095856-scaled.jpg 1920w, https:\/\/blogs.uef.fi\/ueflahettilaat\/wp-content\/uploads\/sites\/7\/2020\/07\/IMG_20200717_095856-768x1024.jpg 768w, https:\/\/blogs.uef.fi\/ueflahettilaat\/wp-content\/uploads\/sites\/7\/2020\/07\/IMG_20200717_095856-1152x1536.jpg 1152w, https:\/\/blogs.uef.fi\/ueflahettilaat\/wp-content\/uploads\/sites\/7\/2020\/07\/IMG_20200717_095856-1536x2048.jpg 1536w\" sizes=\"auto, (max-width: 1920px) 100vw, 1920px\" \/><\/p>\n<p>Lis\u00e4ksi kirjastosta l\u00f6ytyy vessat ja yleens\u00e4 paikka, jossa voi sy\u00f6d\u00e4 ev\u00e4it\u00e4. Kauniina kes\u00e4p\u00e4ivin\u00e4 olen mennyt sy\u00f6m\u00e4\u00e4n ev\u00e4it\u00e4 my\u00f6s ulos jokirantaan. Vaikka kirjasto on keskustassa, ei oma talous kest\u00e4 joka p\u00e4iv\u00e4 ulkona sy\u00f6ty\u00e4 lounasta. Olen siis kantanut ev\u00e4it\u00e4 mukana useimpina p\u00e4ivin\u00e4. Silloin t\u00e4ll\u00f6in on toki kiva piipahtaa my\u00f6s jossain lounasravintolassa, jos kotona j\u00e4\u00e4kaappi on ammottanut tyhjyytt\u00e4\u00e4n.<\/p>\n<h4><img loading=\"lazy\" decoding=\"async\" class=\"alignnone size-full wp-image-3838\" src=\"https:\/\/blogs.uef.fi\/ueflahettilaat\/wp-content\/uploads\/sites\/7\/2020\/07\/IMG_20200713_112654__01-scaled.jpg\" alt=\"\" width=\"1920\" height=\"2560\" srcset=\"https:\/\/blogs.uef.fi\/ueflahettilaat\/wp-content\/uploads\/sites\/7\/2020\/07\/IMG_20200713_112654__01-scaled.jpg 1920w, https:\/\/blogs.uef.fi\/ueflahettilaat\/wp-content\/uploads\/sites\/7\/2020\/07\/IMG_20200713_112654__01-768x1024.jpg 768w, https:\/\/blogs.uef.fi\/ueflahettilaat\/wp-content\/uploads\/sites\/7\/2020\/07\/IMG_20200713_112654__01-1152x1536.jpg 1152w, https:\/\/blogs.uef.fi\/ueflahettilaat\/wp-content\/uploads\/sites\/7\/2020\/07\/IMG_20200713_112654__01-1536x2048.jpg 1536w\" sizes=\"auto, (max-width: 1920px) 100vw, 1920px\" \/><\/h4>\n<h4>Her\u00e4isk\u00f6 ajatuksia?<\/h4>\n<p>T\u00e4llaisia ajatuksia her\u00e4si kirjastoissa opiskelusta. Vaikka aamulla laiskottaisi, ja tekisi mieli j\u00e4\u00e4d\u00e4 kotiin, saan ainakin itse paljon enemm\u00e4n aikaiseksi opiskellessani jossain muualla. Olisi hauska kuulla teid\u00e4n kokemuksianne kotona tai kirjastoissa opiskelusta! J\u00e4t\u00e4 kommenttia, niin jaetaan ajatuksia!<\/p>\n<p><em>Maija \/\/ ravitsemustiede<\/em><\/p>\n","protected":false},"excerpt":{"rendered":"<p>K\u00e4si yl\u00f6s, jolle tuotti hankaluuksia opiskella kotoa k\u00e4sin kev\u00e4\u00e4ll\u00e4! \u270b Ainakin allekirjoittanut kaipasi kovasti mahdollisuutta vaihtaa ymp\u00e4rist\u00f6\u00e4, l\u00e4hte\u00e4 p\u00e4iv\u00e4n aikana ulos ja eriytt\u00e4\u00e4 opiskeluymp\u00e4rist\u00f6 kodista. Olen asunut kes\u00e4n poikayst\u00e4v\u00e4n nurkissa ja meill\u00e4 on yhteens\u00e4 34 neli\u00f6t\u00e4 tilaa, eli yksi\u00f6ss\u00e4 asustellaan. T\u00e4m\u00e4kin tuotti omat haasteensa sopivan opiskeluymp\u00e4rist\u00f6n luomiselle kotiin. Olenkin nauttinut hurjasti nyt, kun kirjastot ovat [&hellip;]<\/p>\n","protected":false},"author":283,"featured_media":3844,"comment_status":"open","ping_status":"closed","sticky":false,"template":"","format":"standard","meta":{"_acf_changed":false,"footnotes":""},"categories":[1],"tags":[],"class_list":["post-3835","post","type-post","status-publish","format-standard","has-post-thumbnail","hentry","category-uncategorized"],"acf":[],"yoast_head":"<!-- This site is optimized with the Yoast SEO plugin v27.3 - https:\/\/yoast.com\/product\/yoast-seo-wordpress\/ -->\n<title>Kirjastoista puhtia opiskeluun - UEF-l\u00e4hettil\u00e4\u00e4t<\/title>\n<meta name=\"robots\" content=\"index, follow, max-snippet:-1, max-image-preview:large, max-video-preview:-1\" \/>\n<link rel=\"canonical\" href=\"https:\/\/blogs.uef.fi\/ueflahettilaat\/2020\/08\/24\/kirjastoista-puhtia-opiskeluun\/\" \/>\n<meta property=\"og:locale\" content=\"fi_FI\" \/>\n<meta property=\"og:type\" content=\"article\" \/>\n<meta property=\"og:title\" content=\"Kirjastoista puhtia opiskeluun - UEF-l\u00e4hettil\u00e4\u00e4t\" \/>\n<meta property=\"og:description\" content=\"K\u00e4si yl\u00f6s, jolle tuotti hankaluuksia opiskella kotoa k\u00e4sin kev\u00e4\u00e4ll\u00e4! \u270b Ainakin allekirjoittanut kaipasi kovasti mahdollisuutta vaihtaa ymp\u00e4rist\u00f6\u00e4, l\u00e4hte\u00e4 p\u00e4iv\u00e4n aikana ulos ja eriytt\u00e4\u00e4 opiskeluymp\u00e4rist\u00f6 kodista. Olen asunut kes\u00e4n poikayst\u00e4v\u00e4n nurkissa ja meill\u00e4 on yhteens\u00e4 34 neli\u00f6t\u00e4 tilaa, eli yksi\u00f6ss\u00e4 asustellaan. T\u00e4m\u00e4kin tuotti omat haasteensa sopivan opiskeluymp\u00e4rist\u00f6n luomiselle kotiin. Olenkin nauttinut hurjasti nyt, kun kirjastot ovat [&hellip;]\" \/>\n<meta property=\"og:url\" content=\"https:\/\/blogs.uef.fi\/ueflahettilaat\/2020\/08\/24\/kirjastoista-puhtia-opiskeluun\/\" \/>\n<meta property=\"og:site_name\" content=\"UEF-l\u00e4hettil\u00e4\u00e4t\" \/>\n<meta property=\"article:published_time\" content=\"2020-08-24T10:45:14+00:00\" \/>\n<meta property=\"og:image\" content=\"https:\/\/blogs.uef.fi\/ueflahettilaat\/wp-content\/uploads\/sites\/7\/2020\/07\/IMG_20200717_095908-scaled.jpg\" \/>\n\t<meta property=\"og:image:width\" content=\"1920\" \/>\n\t<meta property=\"og:image:height\" content=\"2560\" \/>\n\t<meta property=\"og:image:type\" content=\"image\/jpeg\" \/>\n<meta name=\"author\" content=\"maijari\" \/>\n<meta name=\"twitter:card\" content=\"summary_large_image\" \/>\n<meta name=\"twitter:label1\" content=\"Kirjoittanut\" \/>\n\t<meta name=\"twitter:data1\" content=\"maijari\" \/>\n\t<meta name=\"twitter:label2\" content=\"Arvioitu lukuaika\" \/>\n\t<meta name=\"twitter:data2\" content=\"2 minuuttia\" \/>\n<script type=\"application\/ld+json\" class=\"yoast-schema-graph\">{\"@context\":\"https:\\\/\\\/schema.org\",\"@graph\":[{\"@type\":\"Article\",\"@id\":\"https:\\\/\\\/blogs.uef.fi\\\/ueflahettilaat\\\/2020\\\/08\\\/24\\\/kirjastoista-puhtia-opiskeluun\\\/#article\",\"isPartOf\":{\"@id\":\"https:\\\/\\\/blogs.uef.fi\\\/ueflahettilaat\\\/2020\\\/08\\\/24\\\/kirjastoista-puhtia-opiskeluun\\\/\"},\"author\":{\"name\":\"maijari\",\"@id\":\"https:\\\/\\\/blogs.uef.fi\\\/ueflahettilaat\\\/#\\\/schema\\\/person\\\/0326ec4f1ec45d8f326e9d745b35eae0\"},\"headline\":\"Kirjastoista puhtia opiskeluun\",\"datePublished\":\"2020-08-24T10:45:14+00:00\",\"mainEntityOfPage\":{\"@id\":\"https:\\\/\\\/blogs.uef.fi\\\/ueflahettilaat\\\/2020\\\/08\\\/24\\\/kirjastoista-puhtia-opiskeluun\\\/\"},\"wordCount\":399,\"commentCount\":0,\"image\":{\"@id\":\"https:\\\/\\\/blogs.uef.fi\\\/ueflahettilaat\\\/2020\\\/08\\\/24\\\/kirjastoista-puhtia-opiskeluun\\\/#primaryimage\"},\"thumbnailUrl\":\"https:\\\/\\\/blogs.uef.fi\\\/ueflahettilaat\\\/wp-content\\\/uploads\\\/sites\\\/7\\\/2020\\\/07\\\/IMG_20200717_095908-scaled.jpg\",\"articleSection\":[\"Uncategorized\"],\"inLanguage\":\"fi\",\"potentialAction\":[{\"@type\":\"CommentAction\",\"name\":\"Comment\",\"target\":[\"https:\\\/\\\/blogs.uef.fi\\\/ueflahettilaat\\\/2020\\\/08\\\/24\\\/kirjastoista-puhtia-opiskeluun\\\/#respond\"]}]},{\"@type\":\"WebPage\",\"@id\":\"https:\\\/\\\/blogs.uef.fi\\\/ueflahettilaat\\\/2020\\\/08\\\/24\\\/kirjastoista-puhtia-opiskeluun\\\/\",\"url\":\"https:\\\/\\\/blogs.uef.fi\\\/ueflahettilaat\\\/2020\\\/08\\\/24\\\/kirjastoista-puhtia-opiskeluun\\\/\",\"name\":\"Kirjastoista puhtia opiskeluun - UEF-l\u00e4hettil\u00e4\u00e4t\",\"isPartOf\":{\"@id\":\"https:\\\/\\\/blogs.uef.fi\\\/ueflahettilaat\\\/#website\"},\"primaryImageOfPage\":{\"@id\":\"https:\\\/\\\/blogs.uef.fi\\\/ueflahettilaat\\\/2020\\\/08\\\/24\\\/kirjastoista-puhtia-opiskeluun\\\/#primaryimage\"},\"image\":{\"@id\":\"https:\\\/\\\/blogs.uef.fi\\\/ueflahettilaat\\\/2020\\\/08\\\/24\\\/kirjastoista-puhtia-opiskeluun\\\/#primaryimage\"},\"thumbnailUrl\":\"https:\\\/\\\/blogs.uef.fi\\\/ueflahettilaat\\\/wp-content\\\/uploads\\\/sites\\\/7\\\/2020\\\/07\\\/IMG_20200717_095908-scaled.jpg\",\"datePublished\":\"2020-08-24T10:45:14+00:00\",\"author\":{\"@id\":\"https:\\\/\\\/blogs.uef.fi\\\/ueflahettilaat\\\/#\\\/schema\\\/person\\\/0326ec4f1ec45d8f326e9d745b35eae0\"},\"breadcrumb\":{\"@id\":\"https:\\\/\\\/blogs.uef.fi\\\/ueflahettilaat\\\/2020\\\/08\\\/24\\\/kirjastoista-puhtia-opiskeluun\\\/#breadcrumb\"},\"inLanguage\":\"fi\",\"potentialAction\":[{\"@type\":\"ReadAction\",\"target\":[\"https:\\\/\\\/blogs.uef.fi\\\/ueflahettilaat\\\/2020\\\/08\\\/24\\\/kirjastoista-puhtia-opiskeluun\\\/\"]}]},{\"@type\":\"ImageObject\",\"inLanguage\":\"fi\",\"@id\":\"https:\\\/\\\/blogs.uef.fi\\\/ueflahettilaat\\\/2020\\\/08\\\/24\\\/kirjastoista-puhtia-opiskeluun\\\/#primaryimage\",\"url\":\"https:\\\/\\\/blogs.uef.fi\\\/ueflahettilaat\\\/wp-content\\\/uploads\\\/sites\\\/7\\\/2020\\\/07\\\/IMG_20200717_095908-scaled.jpg\",\"contentUrl\":\"https:\\\/\\\/blogs.uef.fi\\\/ueflahettilaat\\\/wp-content\\\/uploads\\\/sites\\\/7\\\/2020\\\/07\\\/IMG_20200717_095908-scaled.jpg\",\"width\":1920,\"height\":2560},{\"@type\":\"BreadcrumbList\",\"@id\":\"https:\\\/\\\/blogs.uef.fi\\\/ueflahettilaat\\\/2020\\\/08\\\/24\\\/kirjastoista-puhtia-opiskeluun\\\/#breadcrumb\",\"itemListElement\":[{\"@type\":\"ListItem\",\"position\":1,\"name\":\"Home\",\"item\":\"https:\\\/\\\/blogs.uef.fi\\\/ueflahettilaat\\\/\"},{\"@type\":\"ListItem\",\"position\":2,\"name\":\"Kirjastoista puhtia opiskeluun\"}]},{\"@type\":\"WebSite\",\"@id\":\"https:\\\/\\\/blogs.uef.fi\\\/ueflahettilaat\\\/#website\",\"url\":\"https:\\\/\\\/blogs.uef.fi\\\/ueflahettilaat\\\/\",\"name\":\"UEF-l\u00e4hettil\u00e4\u00e4t\",\"description\":\"\",\"potentialAction\":[{\"@type\":\"SearchAction\",\"target\":{\"@type\":\"EntryPoint\",\"urlTemplate\":\"https:\\\/\\\/blogs.uef.fi\\\/ueflahettilaat\\\/?s={search_term_string}\"},\"query-input\":{\"@type\":\"PropertyValueSpecification\",\"valueRequired\":true,\"valueName\":\"search_term_string\"}}],\"inLanguage\":\"fi\"},{\"@type\":\"Person\",\"@id\":\"https:\\\/\\\/blogs.uef.fi\\\/ueflahettilaat\\\/#\\\/schema\\\/person\\\/0326ec4f1ec45d8f326e9d745b35eae0\",\"name\":\"maijari\",\"url\":\"https:\\\/\\\/blogs.uef.fi\\\/ueflahettilaat\\\/author\\\/maijari\\\/\"}]}<\/script>\n<!-- \/ Yoast SEO plugin. -->","yoast_head_json":{"title":"Kirjastoista puhtia opiskeluun - UEF-l\u00e4hettil\u00e4\u00e4t","robots":{"index":"index","follow":"follow","max-snippet":"max-snippet:-1","max-image-preview":"max-image-preview:large","max-video-preview":"max-video-preview:-1"},"canonical":"https:\/\/blogs.uef.fi\/ueflahettilaat\/2020\/08\/24\/kirjastoista-puhtia-opiskeluun\/","og_locale":"fi_FI","og_type":"article","og_title":"Kirjastoista puhtia opiskeluun - UEF-l\u00e4hettil\u00e4\u00e4t","og_description":"K\u00e4si yl\u00f6s, jolle tuotti hankaluuksia opiskella kotoa k\u00e4sin kev\u00e4\u00e4ll\u00e4! \u270b Ainakin allekirjoittanut kaipasi kovasti mahdollisuutta vaihtaa ymp\u00e4rist\u00f6\u00e4, l\u00e4hte\u00e4 p\u00e4iv\u00e4n aikana ulos ja eriytt\u00e4\u00e4 opiskeluymp\u00e4rist\u00f6 kodista. Olen asunut kes\u00e4n poikayst\u00e4v\u00e4n nurkissa ja meill\u00e4 on yhteens\u00e4 34 neli\u00f6t\u00e4 tilaa, eli yksi\u00f6ss\u00e4 asustellaan. T\u00e4m\u00e4kin tuotti omat haasteensa sopivan opiskeluymp\u00e4rist\u00f6n luomiselle kotiin. Olenkin nauttinut hurjasti nyt, kun kirjastot ovat [&hellip;]","og_url":"https:\/\/blogs.uef.fi\/ueflahettilaat\/2020\/08\/24\/kirjastoista-puhtia-opiskeluun\/","og_site_name":"UEF-l\u00e4hettil\u00e4\u00e4t","article_published_time":"2020-08-24T10:45:14+00:00","og_image":[{"width":1920,"height":2560,"url":"https:\/\/blogs.uef.fi\/ueflahettilaat\/wp-content\/uploads\/sites\/7\/2020\/07\/IMG_20200717_095908-scaled.jpg","type":"image\/jpeg"}],"author":"maijari","twitter_card":"summary_large_image","twitter_misc":{"Kirjoittanut":"maijari","Arvioitu lukuaika":"2 minuuttia"},"schema":{"@context":"https:\/\/schema.org","@graph":[{"@type":"Article","@id":"https:\/\/blogs.uef.fi\/ueflahettilaat\/2020\/08\/24\/kirjastoista-puhtia-opiskeluun\/#article","isPartOf":{"@id":"https:\/\/blogs.uef.fi\/ueflahettilaat\/2020\/08\/24\/kirjastoista-puhtia-opiskeluun\/"},"author":{"name":"maijari","@id":"https:\/\/blogs.uef.fi\/ueflahettilaat\/#\/schema\/person\/0326ec4f1ec45d8f326e9d745b35eae0"},"headline":"Kirjastoista puhtia opiskeluun","datePublished":"2020-08-24T10:45:14+00:00","mainEntityOfPage":{"@id":"https:\/\/blogs.uef.fi\/ueflahettilaat\/2020\/08\/24\/kirjastoista-puhtia-opiskeluun\/"},"wordCount":399,"commentCount":0,"image":{"@id":"https:\/\/blogs.uef.fi\/ueflahettilaat\/2020\/08\/24\/kirjastoista-puhtia-opiskeluun\/#primaryimage"},"thumbnailUrl":"https:\/\/blogs.uef.fi\/ueflahettilaat\/wp-content\/uploads\/sites\/7\/2020\/07\/IMG_20200717_095908-scaled.jpg","articleSection":["Uncategorized"],"inLanguage":"fi","potentialAction":[{"@type":"CommentAction","name":"Comment","target":["https:\/\/blogs.uef.fi\/ueflahettilaat\/2020\/08\/24\/kirjastoista-puhtia-opiskeluun\/#respond"]}]},{"@type":"WebPage","@id":"https:\/\/blogs.uef.fi\/ueflahettilaat\/2020\/08\/24\/kirjastoista-puhtia-opiskeluun\/","url":"https:\/\/blogs.uef.fi\/ueflahettilaat\/2020\/08\/24\/kirjastoista-puhtia-opiskeluun\/","name":"Kirjastoista puhtia opiskeluun - UEF-l\u00e4hettil\u00e4\u00e4t","isPartOf":{"@id":"https:\/\/blogs.uef.fi\/ueflahettilaat\/#website"},"primaryImageOfPage":{"@id":"https:\/\/blogs.uef.fi\/ueflahettilaat\/2020\/08\/24\/kirjastoista-puhtia-opiskeluun\/#primaryimage"},"image":{"@id":"https:\/\/blogs.uef.fi\/ueflahettilaat\/2020\/08\/24\/kirjastoista-puhtia-opiskeluun\/#primaryimage"},"thumbnailUrl":"https:\/\/blogs.uef.fi\/ueflahettilaat\/wp-content\/uploads\/sites\/7\/2020\/07\/IMG_20200717_095908-scaled.jpg","datePublished":"2020-08-24T10:45:14+00:00","author":{"@id":"https:\/\/blogs.uef.fi\/ueflahettilaat\/#\/schema\/person\/0326ec4f1ec45d8f326e9d745b35eae0"},"breadcrumb":{"@id":"https:\/\/blogs.uef.fi\/ueflahettilaat\/2020\/08\/24\/kirjastoista-puhtia-opiskeluun\/#breadcrumb"},"inLanguage":"fi","potentialAction":[{"@type":"ReadAction","target":["https:\/\/blogs.uef.fi\/ueflahettilaat\/2020\/08\/24\/kirjastoista-puhtia-opiskeluun\/"]}]},{"@type":"ImageObject","inLanguage":"fi","@id":"https:\/\/blogs.uef.fi\/ueflahettilaat\/2020\/08\/24\/kirjastoista-puhtia-opiskeluun\/#primaryimage","url":"https:\/\/blogs.uef.fi\/ueflahettilaat\/wp-content\/uploads\/sites\/7\/2020\/07\/IMG_20200717_095908-scaled.jpg","contentUrl":"https:\/\/blogs.uef.fi\/ueflahettilaat\/wp-content\/uploads\/sites\/7\/2020\/07\/IMG_20200717_095908-scaled.jpg","width":1920,"height":2560},{"@type":"BreadcrumbList","@id":"https:\/\/blogs.uef.fi\/ueflahettilaat\/2020\/08\/24\/kirjastoista-puhtia-opiskeluun\/#breadcrumb","itemListElement":[{"@type":"ListItem","position":1,"name":"Home","item":"https:\/\/blogs.uef.fi\/ueflahettilaat\/"},{"@type":"ListItem","position":2,"name":"Kirjastoista puhtia opiskeluun"}]},{"@type":"WebSite","@id":"https:\/\/blogs.uef.fi\/ueflahettilaat\/#website","url":"https:\/\/blogs.uef.fi\/ueflahettilaat\/","name":"UEF-l\u00e4hettil\u00e4\u00e4t","description":"","potentialAction":[{"@type":"SearchAction","target":{"@type":"EntryPoint","urlTemplate":"https:\/\/blogs.uef.fi\/ueflahettilaat\/?s={search_term_string}"},"query-input":{"@type":"PropertyValueSpecification","valueRequired":true,"valueName":"search_term_string"}}],"inLanguage":"fi"},{"@type":"Person","@id":"https:\/\/blogs.uef.fi\/ueflahettilaat\/#\/schema\/person\/0326ec4f1ec45d8f326e9d745b35eae0","name":"maijari","url":"https:\/\/blogs.uef.fi\/ueflahettilaat\/author\/maijari\/"}]}},"_links":{"self":[{"href":"https:\/\/blogs.uef.fi\/ueflahettilaat\/wp-json\/wp\/v2\/posts\/3835","targetHints":{"allow":["GET"]}}],"collection":[{"href":"https:\/\/blogs.uef.fi\/ueflahettilaat\/wp-json\/wp\/v2\/posts"}],"about":[{"href":"https:\/\/blogs.uef.fi\/ueflahettilaat\/wp-json\/wp\/v2\/types\/post"}],"author":[{"embeddable":true,"href":"https:\/\/blogs.uef.fi\/ueflahettilaat\/wp-json\/wp\/v2\/users\/283"}],"replies":[{"embeddable":true,"href":"https:\/\/blogs.uef.fi\/ueflahettilaat\/wp-json\/wp\/v2\/comments?post=3835"}],"version-history":[{"count":2,"href":"https:\/\/blogs.uef.fi\/ueflahettilaat\/wp-json\/wp\/v2\/posts\/3835\/revisions"}],"predecessor-version":[{"id":4283,"href":"https:\/\/blogs.uef.fi\/ueflahettilaat\/wp-json\/wp\/v2\/posts\/3835\/revisions\/4283"}],"wp:featuredmedia":[{"embeddable":true,"href":"https:\/\/blogs.uef.fi\/ueflahettilaat\/wp-json\/wp\/v2\/media\/3844"}],"wp:attachment":[{"href":"https:\/\/blogs.uef.fi\/ueflahettilaat\/wp-json\/wp\/v2\/media?parent=3835"}],"wp:term":[{"taxonomy":"category","embeddable":true,"href":"https:\/\/blogs.uef.fi\/ueflahettilaat\/wp-json\/wp\/v2\/categories?post=3835"},{"taxonomy":"post_tag","embeddable":true,"href":"https:\/\/blogs.uef.fi\/ueflahettilaat\/wp-json\/wp\/v2\/tags?post=3835"}],"curies":[{"name":"wp","href":"https:\/\/api.w.org\/{rel}","templated":true}]}}