{"id":3553,"date":"2020-08-09T17:36:37","date_gmt":"2020-08-09T14:36:37","guid":{"rendered":"https:\/\/blogs.uef.fi\/ueflahettilaat\/?p=3553"},"modified":"2020-08-09T17:36:37","modified_gmt":"2020-08-09T14:36:37","slug":"opiskelijatkesalaitumilla","status":"publish","type":"post","link":"https:\/\/blogs.uef.fi\/ueflahettilaat\/2020\/08\/09\/opiskelijatkesalaitumilla\/","title":{"rendered":"Opiskelijat kes\u00e4laitumilla"},"content":{"rendered":"<p>&#8230;eli opiskelijoiden menneit\u00e4 ja tulevia kes\u00e4suunnitelmia!<\/p>\n<h4>Kamut hei, mit\u00e4 puuhaatte kes\u00e4ll\u00e4?!<\/h4>\n<p>Kyselin kavereilta, millaisia kes\u00e4suunnitelmia heill\u00e4 on ja sain liudan vastauksia, jotka kokosin yhteen t\u00e4h\u00e4n postaukseen.\u00a0Musta on aina kiva lueskella, mit\u00e4 tyypit puuhailee kes\u00e4ll\u00e4. Erityisesti opiskelijoiden kes\u00e4suunnitelmat vaihtelevat kovasti. Varsinkin t\u00e4n\u00e4 kev\u00e4\u00e4n\u00e4 my\u00f6s poikkeustila on vaikuttanut monen ty\u00f6- tai harjoittelusuunnitelmiin, mutta onneksi asiat ovat tuntuneet monella j\u00e4rjestyneen tavalla tai toisella. Ja kuuluu sit\u00e4 opiskelijan kes\u00e4\u00e4n my\u00f6s paljon muuta, kuten lomailua, uimista ja marjojen poimintaa. Lue t\u00e4st\u00e4 lis\u00e4\u00e4, mit\u00e4 eri alojen opiskelijat kes\u00e4ll\u00e4 puuhailevat!<\/p>\n<p><img loading=\"lazy\" decoding=\"async\" class=\"alignnone size-full wp-image-3744\" src=\"https:\/\/blogs.uef.fi\/ueflahettilaat\/wp-content\/uploads\/sites\/7\/2020\/07\/ethan-robertson-SYx3UCHZJlo-unsplash-scaled.jpg\" alt=\"\" width=\"2560\" height=\"1707\" srcset=\"https:\/\/blogs.uef.fi\/ueflahettilaat\/wp-content\/uploads\/sites\/7\/2020\/07\/ethan-robertson-SYx3UCHZJlo-unsplash-scaled.jpg 2560w, https:\/\/blogs.uef.fi\/ueflahettilaat\/wp-content\/uploads\/sites\/7\/2020\/07\/ethan-robertson-SYx3UCHZJlo-unsplash-768x512.jpg 768w, https:\/\/blogs.uef.fi\/ueflahettilaat\/wp-content\/uploads\/sites\/7\/2020\/07\/ethan-robertson-SYx3UCHZJlo-unsplash-1536x1024.jpg 1536w, https:\/\/blogs.uef.fi\/ueflahettilaat\/wp-content\/uploads\/sites\/7\/2020\/07\/ethan-robertson-SYx3UCHZJlo-unsplash-2048x1365.jpg 2048w\" sizes=\"auto, (max-width: 2560px) 100vw, 2560px\" \/><\/p>\n<h5>Tietojenk\u00e4sittelytieteen opiskelija Jenni:<\/h5>\n<p>Koronakev\u00e4t sotki kes\u00e4ty\u00f6suunnitelmat totaalisesti. Oman ja muiden alojen rekryt tyss\u00e4siv\u00e4t aika pitk\u00e4lti huhtikuussa, jolloin oli ryhdytt\u00e4v\u00e4 peliliikkeisiin. Alkuun ty\u00f6tt\u00f6m\u00e4ksi j\u00e4\u00e4minen oli kamala shokki, enh\u00e4n ole sitten vuoden 2013 ollut vailla ty\u00f6paikkaa. CV ja ty\u00f6todistukset olivat kiitett\u00e4vi\u00e4 ja t\u00e4st\u00e4 syyst\u00e4 itsetunto otti kolauksen. Onnekseni opintotukikuukausia minulla on viel\u00e4 riitt\u00e4v\u00e4sti ja Suomen yliopistot tarjosivat paljon kursseja kaikille tutkinto-opiskelijoille. T\u00e4st\u00e4 syyst\u00e4 sain koottua kes\u00e4lle upean kombon opintoja yli yliopistorajojen.<\/p>\n<p>Kes\u00e4kuun ensimm\u00e4iset kaksi viikkoa lomailin. Vuoden opinnot, riitt\u00e4m\u00e4tt\u00f6myyden tunne ty\u00f6nhaussa, ainej\u00e4rjest\u00f6toiminta ja tulevan syksyn tutorointi uuvuttivat. Loma teki hyv\u00e4\u00e4 ja opin n\u00e4kem\u00e4\u00e4n asioiden valoisat puolet, tulin sinuiksi sen kanssa, ett\u00e4 kes\u00e4 menee opiskellessa. N\u00e4in yst\u00e4vi\u00e4ni ja perhett\u00e4ni ja m\u00f6kkeilin. Pienen tauon j\u00e4lkeen opinnotkin alkoivat taas maistua, eteenkin kun valitsemani kurssit olivat todella mielenkiintoisia.<\/p>\n<p>Kes\u00e4opinnoissa n\u00e4en ehdottomasti parhaana puolena joustavuuden. Jos haluan nukkua pitk\u00e4\u00e4n, voin nukkua pitk\u00e4\u00e4n. Jos haluan opiskella ulkona, voin tehd\u00e4 niin. Jos haluan l\u00e4hte\u00e4 kavereiden kanssa illalla puistoon istumaan ja tulla kotiin aamu seitsem\u00e4lt\u00e4, mik\u00e4\u00e4n ei est\u00e4 minua! Pystyn nauttimaan uskomattomista s\u00e4ist\u00e4 ja samalla l\u00e4hestyn kandidaatin tutkintoani. Voin tehd\u00e4 suunnitelmia avopuolisoni ja yst\u00e4vieni kanssa murehtimatta ty\u00f6vuoroista ja levosta. Olen mennyt oman jaksamiseni mukaan kuitenkin niin, ett\u00e4 p\u00e4\u00e4tt\u00e4m\u00e4ni aikataulut pysyv\u00e4t. Toistaiseksi se on tarkoittanut muutaman osa-alueen huolellisesti l\u00e4pik\u00e4ymist\u00e4 viikossa. N\u00e4in aikaa j\u00e4\u00e4 kaikelle muullekin.<\/p>\n<p>T\u00e4n\u00e4 kes\u00e4n\u00e4 suunnitelmissa on viel\u00e4 l\u00e4hte\u00e4 maakuntamatkailulle paremman puoliskoni kanssa, m\u00f6kkeill\u00e4 Pielisen rannalla ja hemmotella itse\u00e4ni pitkill\u00e4 y\u00f6unilla ja hyv\u00e4ll\u00e4 ruoalla.<\/p>\n<p>Ihanaa kes\u00e4\u00e4 kaikille\u2763\ufe0f<\/p>\n<p><img loading=\"lazy\" decoding=\"async\" class=\"alignnone size-full wp-image-3556\" src=\"https:\/\/blogs.uef.fi\/ueflahettilaat\/wp-content\/uploads\/sites\/7\/2020\/07\/WhatsApp-Image-2020-07-03-at-15.29.32.jpeg\" alt=\"\" width=\"1440\" height=\"1520\" srcset=\"https:\/\/blogs.uef.fi\/ueflahettilaat\/wp-content\/uploads\/sites\/7\/2020\/07\/WhatsApp-Image-2020-07-03-at-15.29.32.jpeg 1440w, https:\/\/blogs.uef.fi\/ueflahettilaat\/wp-content\/uploads\/sites\/7\/2020\/07\/WhatsApp-Image-2020-07-03-at-15.29.32-768x811.jpeg 768w\" sizes=\"auto, (max-width: 1440px) 100vw, 1440px\" \/><\/p>\n<h5>Psykologian opiskelija Riikka:<\/h5>\n<p>Terveiset \u00c4ht\u00e4rist\u00e4! Olen viett\u00e4nyt suurimman osan kes\u00e4st\u00e4 t\u00e4\u00e4ll\u00e4 vanhempieni luona. Kes\u00e4\u00e4ni on kuulunut muun muassa m\u00f6kkeily\u00e4, kavereita, lukemista, herkuttelua ja paljon uimista.<\/p>\n<p>Suurin ja t\u00e4rkein projektini t\u00e4n\u00e4 kes\u00e4n\u00e4 on ollut gradun tekeminen. Lukuvuoden aikana minua (UEF-l\u00e4hettil\u00e4\u00e4n\u00e4) seuranneet saattavat ehk\u00e4 muistaa, ett\u00e4 gradun tekeminen oli silloinkin to do-listallani. Syksy ja alkukev\u00e4t olivat kuitenkin sen verran hektisi\u00e4, ett\u00e4 kalenterini t\u00e4yttyi kaikesta muusta kuin gradun tekemisest\u00e4. Nyt olen uppoutunut t\u00e4ysill\u00e4 artikkeleiden, analyysien ja muistiinpanojen maailmaan. Gradun tekeminen on ollut opettavainen ja mielek\u00e4s \u201dkes\u00e4ty\u00f6\u201d.<\/p>\n<p><img loading=\"lazy\" decoding=\"async\" class=\"alignnone size-full wp-image-3536\" src=\"https:\/\/blogs.uef.fi\/ueflahettilaat\/wp-content\/uploads\/sites\/7\/2020\/06\/lukas-blazek-GnvurwJsKaY-unsplash-scaled.jpg\" alt=\"\" width=\"2560\" height=\"1695\" srcset=\"https:\/\/blogs.uef.fi\/ueflahettilaat\/wp-content\/uploads\/sites\/7\/2020\/06\/lukas-blazek-GnvurwJsKaY-unsplash-scaled.jpg 2560w, https:\/\/blogs.uef.fi\/ueflahettilaat\/wp-content\/uploads\/sites\/7\/2020\/06\/lukas-blazek-GnvurwJsKaY-unsplash-768x509.jpg 768w, https:\/\/blogs.uef.fi\/ueflahettilaat\/wp-content\/uploads\/sites\/7\/2020\/06\/lukas-blazek-GnvurwJsKaY-unsplash-1536x1017.jpg 1536w, https:\/\/blogs.uef.fi\/ueflahettilaat\/wp-content\/uploads\/sites\/7\/2020\/06\/lukas-blazek-GnvurwJsKaY-unsplash-2048x1356.jpg 2048w\" sizes=\"auto, (max-width: 2560px) 100vw, 2560px\" \/><\/p>\n<h5>Ravitsemustieteen opiskelijat Henna, Tuuli ja Marika<\/h5>\n<p><strong>Henna:<\/strong> Mun kes\u00e4suunnitelmiin kuuluu gradun tekemist\u00e4 ja jonkin verran lomailua. Toivon mukaan p\u00e4\u00e4st\u00e4\u00e4n my\u00f6s muuttamaan uuteen asuntoon kes\u00e4n aikana! Viet\u00e4n kes\u00e4n p\u00e4\u00e4kaupunkiseudulla, mist\u00e4 olen kotoisin. Kes\u00e4kuussa suoritin perusterveydenhuollon harjoittelun Vantaan kaupungilla.<\/p>\n<p><strong>Tuuli:\u00a0<\/strong>Kes\u00e4\u00e4n kuuluu gradun kirjoitusta, t\u00f6it\u00e4, fiilispohjaista urheilua ja Suomen kes\u00e4st\u00e4 nauttimista yst\u00e4vien ja perheen kanssa. Vaikka p\u00e4iv\u00e4t saisi kulumaan kokonaan gradun parissa ja ty\u00f6vuoroja olisi tarjolla vaikka kuinka, niin koen my\u00f6s t\u00e4rke\u00e4n\u00e4, ett\u00e4 on p\u00e4ivi\u00e4 jolloin ei oo mit\u00e4\u00e4n suunnitelmia! Edess\u00e4 on viel\u00e4 kiireinen viimeinen vuosi yliopistossa, joten sit\u00e4 varten pit\u00e4\u00e4 my\u00f6s v\u00e4h\u00e4n ker\u00e4t\u00e4 voimia.<\/p>\n<p><strong>Marika:<\/strong> Kes\u00e4suunnitelmina on gradun kirjottamisen lomassa Norjan luonnossa kertely\u00e4. Kes\u00e4n aikana on my\u00f6s tullut ryhdytty\u00e4 kevytyritt\u00e4j\u00e4ksi ja suunniteltua omaa uraa eteenp\u00e4in. Vaikka nyt ei reissailu samalla tavalla olekaan mahdollista, on kuitenkin onni pysty\u00e4 kiertelem\u00e4\u00e4n pohjoisen luontoa ja hienoja maisemia. Loppukes\u00e4 menee harjoittelun merkeiss\u00e4 terveydenhuollossa, joten aika opiskelupainotteiset suunnitelmat. Kuitenkin kes\u00e4\u00e4n mahtuu my\u00f6s uimista, mustikoiden poimimista ja herkuttelua.<\/p>\n<p><img loading=\"lazy\" decoding=\"async\" class=\"alignnone size-full wp-image-3750\" src=\"https:\/\/blogs.uef.fi\/ueflahettilaat\/wp-content\/uploads\/sites\/7\/2020\/07\/andrew-welch-i5Crg4KLblY-unsplash-scaled.jpg\" alt=\"\" width=\"2560\" height=\"1697\" srcset=\"https:\/\/blogs.uef.fi\/ueflahettilaat\/wp-content\/uploads\/sites\/7\/2020\/07\/andrew-welch-i5Crg4KLblY-unsplash-scaled.jpg 2560w, https:\/\/blogs.uef.fi\/ueflahettilaat\/wp-content\/uploads\/sites\/7\/2020\/07\/andrew-welch-i5Crg4KLblY-unsplash-768x509.jpg 768w, https:\/\/blogs.uef.fi\/ueflahettilaat\/wp-content\/uploads\/sites\/7\/2020\/07\/andrew-welch-i5Crg4KLblY-unsplash-1536x1018.jpg 1536w, https:\/\/blogs.uef.fi\/ueflahettilaat\/wp-content\/uploads\/sites\/7\/2020\/07\/andrew-welch-i5Crg4KLblY-unsplash-2048x1358.jpg 2048w\" sizes=\"auto, (max-width: 2560px) 100vw, 2560px\" \/><\/p>\n<h4>Kauppatieteiden opiskelija Jannariina:<\/h4>\n<p>Poikkeuksellinen kev\u00e4t muutti monen opiskelijan kev\u00e4\u00e4n ja kes\u00e4n suunnitelmat t\u00e4ysin. Meid\u00e4n ainej\u00e4rjest\u00f6n vuosijuhlien peruunnuttua maaliskuussa nopeasti peruuntuivat my\u00f6s muut tapahtumat, kes\u00e4ty\u00f6t ja kes\u00e4suunnitelmat. Olin itse kuitenkin onnekas, sill\u00e4 minun maaliskuussa varmistuneet kes\u00e4ty\u00f6ni eiv\u00e4t peruuntuneet ja aloitinkin toukokuussa ty\u00f6t Verohallinnolla, jossa toimin verosihteerin\u00e4. Opiskelen p\u00e4\u00e4aineenani laskentatoimea ja verotusta, joten ty\u00f6n voisikin katsoa sopivan alaani varsin hyvin.<\/p>\n<p>Ty\u00f6 Verohallinnolla on tuonut minulle kultaakin kalliimpaa kokemusta teht\u00e4vist\u00e4, jotka liittyv\u00e4t omaan koulutukseen. Oli hurjaa ajatella, kuinka perehdytt\u00e4minen ja ty\u00f6nteko sujuisi, kun k\u00e4ynniss\u00e4 oli viel\u00e4 toukokuussa vahva et\u00e4ty\u00f6suositus. Mekin Verohallinnolla ty\u00f6skentelimme kotona, joka sujuikin itseasiassa todella hyvin. Et\u00e4ty\u00f6 on tuntunut luontevalle ja joustavalle, vaikkakin hyvin erilaiselle, kuin mihin aikaisemmissa ty\u00f6paikoissani olen tottunut. Videopuhelut ja muut digitaalinen kommunikaatio tulivat tutuiksi, ja uskonkin, ett\u00e4 t\u00e4st\u00e4 kev\u00e4\u00e4st\u00e4 ja kes\u00e4st\u00e4 j\u00e4\u00e4 k\u00e4teen uusia toimintatapoja ja oppeja pysyv\u00e4sti k\u00e4ytt\u00f6\u00f6n eri organisaatioille. On my\u00f6s ollut hienoa huomata, kuinka niin ty\u00f6nantajat kuin ty\u00f6ntekij\u00e4tkin ovat sopeutuneet poikkeukselliseen ajanjaksoon ja pyrkiv\u00e4t omalla toiminnallaan tekem\u00e4\u00e4n ty\u00f6nteosta mahdollisimman turvallista mutta samalla my\u00f6s mielek\u00e4st\u00e4 ja tehokasta.<\/p>\n<p>Kes\u00e4suunnitelmista peruuntuivat toki festarit ja muut tapahtumat, mutta toisaalta mit\u00e4\u00e4n ei kuitenkaan j\u00e4\u00e4nyt kokematta &#8211; p\u00e4in vastoin. Spontaanit kes\u00e4illat yst\u00e4v\u00e4porukan kesken, roadtripit Suomen sis\u00e4ll\u00e4 ja opettavainen kes\u00e4ty\u00f6 ovat pit\u00e4neet kiireisen\u00e4 unohtamatta luotuja upeita, uusia muistoja, joita t\u00e4st\u00e4kin poikkeuksellisesta kes\u00e4st\u00e4 j\u00e4\u00e4 k\u00e4teen.<\/p>\n<p><img loading=\"lazy\" decoding=\"async\" class=\"alignnone size-full wp-image-3970\" src=\"https:\/\/blogs.uef.fi\/ueflahettilaat\/wp-content\/uploads\/sites\/7\/2020\/08\/WhatsApp-Image-2020-08-05-at-10.51.59.jpeg\" alt=\"\" width=\"828\" height=\"1472\" srcset=\"https:\/\/blogs.uef.fi\/ueflahettilaat\/wp-content\/uploads\/sites\/7\/2020\/08\/WhatsApp-Image-2020-08-05-at-10.51.59.jpeg 828w, https:\/\/blogs.uef.fi\/ueflahettilaat\/wp-content\/uploads\/sites\/7\/2020\/08\/WhatsApp-Image-2020-08-05-at-10.51.59-768x1365.jpeg 768w\" sizes=\"auto, (max-width: 828px) 100vw, 828px\" \/><\/p>\n<p>&nbsp;<\/p>\n<p><em>Maija \/\/ ravitsemustiede<\/em><\/p>\n","protected":false},"excerpt":{"rendered":"<p>&#8230;eli opiskelijoiden menneit\u00e4 ja tulevia kes\u00e4suunnitelmia! Kamut hei, mit\u00e4 puuhaatte kes\u00e4ll\u00e4?! Kyselin kavereilta, millaisia kes\u00e4suunnitelmia heill\u00e4 on ja sain liudan vastauksia, jotka kokosin yhteen t\u00e4h\u00e4n postaukseen.\u00a0Musta on aina kiva lueskella, mit\u00e4 tyypit puuhailee kes\u00e4ll\u00e4. Erityisesti opiskelijoiden kes\u00e4suunnitelmat vaihtelevat kovasti. Varsinkin t\u00e4n\u00e4 kev\u00e4\u00e4n\u00e4 my\u00f6s poikkeustila on vaikuttanut monen ty\u00f6- tai harjoittelusuunnitelmiin, mutta onneksi asiat ovat tuntuneet [&hellip;]<\/p>\n","protected":false},"author":283,"featured_media":3750,"comment_status":"open","ping_status":"closed","sticky":false,"template":"","format":"standard","meta":{"_acf_changed":false,"footnotes":""},"categories":[1],"tags":[],"class_list":["post-3553","post","type-post","status-publish","format-standard","has-post-thumbnail","hentry","category-uncategorized"],"acf":[],"yoast_head":"<!-- This site is optimized with the Yoast SEO plugin v27.3 - https:\/\/yoast.com\/product\/yoast-seo-wordpress\/ -->\n<title>Opiskelijat kes\u00e4laitumilla - UEF-l\u00e4hettil\u00e4\u00e4t<\/title>\n<meta name=\"robots\" content=\"index, follow, max-snippet:-1, max-image-preview:large, max-video-preview:-1\" \/>\n<link rel=\"canonical\" href=\"https:\/\/blogs.uef.fi\/ueflahettilaat\/2020\/08\/09\/opiskelijatkesalaitumilla\/\" \/>\n<meta property=\"og:locale\" content=\"fi_FI\" \/>\n<meta property=\"og:type\" content=\"article\" \/>\n<meta property=\"og:title\" content=\"Opiskelijat kes\u00e4laitumilla - UEF-l\u00e4hettil\u00e4\u00e4t\" \/>\n<meta property=\"og:description\" content=\"&#8230;eli opiskelijoiden menneit\u00e4 ja tulevia kes\u00e4suunnitelmia! Kamut hei, mit\u00e4 puuhaatte kes\u00e4ll\u00e4?! Kyselin kavereilta, millaisia kes\u00e4suunnitelmia heill\u00e4 on ja sain liudan vastauksia, jotka kokosin yhteen t\u00e4h\u00e4n postaukseen.\u00a0Musta on aina kiva lueskella, mit\u00e4 tyypit puuhailee kes\u00e4ll\u00e4. Erityisesti opiskelijoiden kes\u00e4suunnitelmat vaihtelevat kovasti. Varsinkin t\u00e4n\u00e4 kev\u00e4\u00e4n\u00e4 my\u00f6s poikkeustila on vaikuttanut monen ty\u00f6- tai harjoittelusuunnitelmiin, mutta onneksi asiat ovat tuntuneet [&hellip;]\" \/>\n<meta property=\"og:url\" content=\"https:\/\/blogs.uef.fi\/ueflahettilaat\/2020\/08\/09\/opiskelijatkesalaitumilla\/\" \/>\n<meta property=\"og:site_name\" content=\"UEF-l\u00e4hettil\u00e4\u00e4t\" \/>\n<meta property=\"article:published_time\" content=\"2020-08-09T14:36:37+00:00\" \/>\n<meta property=\"og:image\" content=\"https:\/\/blogs.uef.fi\/ueflahettilaat\/wp-content\/uploads\/sites\/7\/2020\/07\/andrew-welch-i5Crg4KLblY-unsplash-scaled.jpg\" \/>\n\t<meta property=\"og:image:width\" content=\"2560\" \/>\n\t<meta property=\"og:image:height\" content=\"1697\" \/>\n\t<meta property=\"og:image:type\" content=\"image\/jpeg\" \/>\n<meta name=\"author\" content=\"maijari\" \/>\n<meta name=\"twitter:card\" content=\"summary_large_image\" \/>\n<meta name=\"twitter:label1\" content=\"Kirjoittanut\" \/>\n\t<meta name=\"twitter:data1\" content=\"maijari\" \/>\n\t<meta name=\"twitter:label2\" content=\"Arvioitu lukuaika\" \/>\n\t<meta name=\"twitter:data2\" content=\"5 minuuttia\" \/>\n<script type=\"application\/ld+json\" class=\"yoast-schema-graph\">{\"@context\":\"https:\\\/\\\/schema.org\",\"@graph\":[{\"@type\":\"Article\",\"@id\":\"https:\\\/\\\/blogs.uef.fi\\\/ueflahettilaat\\\/2020\\\/08\\\/09\\\/opiskelijatkesalaitumilla\\\/#article\",\"isPartOf\":{\"@id\":\"https:\\\/\\\/blogs.uef.fi\\\/ueflahettilaat\\\/2020\\\/08\\\/09\\\/opiskelijatkesalaitumilla\\\/\"},\"author\":{\"name\":\"maijari\",\"@id\":\"https:\\\/\\\/blogs.uef.fi\\\/ueflahettilaat\\\/#\\\/schema\\\/person\\\/0326ec4f1ec45d8f326e9d745b35eae0\"},\"headline\":\"Opiskelijat kes\u00e4laitumilla\",\"datePublished\":\"2020-08-09T14:36:37+00:00\",\"mainEntityOfPage\":{\"@id\":\"https:\\\/\\\/blogs.uef.fi\\\/ueflahettilaat\\\/2020\\\/08\\\/09\\\/opiskelijatkesalaitumilla\\\/\"},\"wordCount\":938,\"commentCount\":0,\"image\":{\"@id\":\"https:\\\/\\\/blogs.uef.fi\\\/ueflahettilaat\\\/2020\\\/08\\\/09\\\/opiskelijatkesalaitumilla\\\/#primaryimage\"},\"thumbnailUrl\":\"https:\\\/\\\/blogs.uef.fi\\\/ueflahettilaat\\\/wp-content\\\/uploads\\\/sites\\\/7\\\/2020\\\/07\\\/andrew-welch-i5Crg4KLblY-unsplash-scaled.jpg\",\"articleSection\":[\"Uncategorized\"],\"inLanguage\":\"fi\",\"potentialAction\":[{\"@type\":\"CommentAction\",\"name\":\"Comment\",\"target\":[\"https:\\\/\\\/blogs.uef.fi\\\/ueflahettilaat\\\/2020\\\/08\\\/09\\\/opiskelijatkesalaitumilla\\\/#respond\"]}]},{\"@type\":\"WebPage\",\"@id\":\"https:\\\/\\\/blogs.uef.fi\\\/ueflahettilaat\\\/2020\\\/08\\\/09\\\/opiskelijatkesalaitumilla\\\/\",\"url\":\"https:\\\/\\\/blogs.uef.fi\\\/ueflahettilaat\\\/2020\\\/08\\\/09\\\/opiskelijatkesalaitumilla\\\/\",\"name\":\"Opiskelijat kes\u00e4laitumilla - UEF-l\u00e4hettil\u00e4\u00e4t\",\"isPartOf\":{\"@id\":\"https:\\\/\\\/blogs.uef.fi\\\/ueflahettilaat\\\/#website\"},\"primaryImageOfPage\":{\"@id\":\"https:\\\/\\\/blogs.uef.fi\\\/ueflahettilaat\\\/2020\\\/08\\\/09\\\/opiskelijatkesalaitumilla\\\/#primaryimage\"},\"image\":{\"@id\":\"https:\\\/\\\/blogs.uef.fi\\\/ueflahettilaat\\\/2020\\\/08\\\/09\\\/opiskelijatkesalaitumilla\\\/#primaryimage\"},\"thumbnailUrl\":\"https:\\\/\\\/blogs.uef.fi\\\/ueflahettilaat\\\/wp-content\\\/uploads\\\/sites\\\/7\\\/2020\\\/07\\\/andrew-welch-i5Crg4KLblY-unsplash-scaled.jpg\",\"datePublished\":\"2020-08-09T14:36:37+00:00\",\"author\":{\"@id\":\"https:\\\/\\\/blogs.uef.fi\\\/ueflahettilaat\\\/#\\\/schema\\\/person\\\/0326ec4f1ec45d8f326e9d745b35eae0\"},\"breadcrumb\":{\"@id\":\"https:\\\/\\\/blogs.uef.fi\\\/ueflahettilaat\\\/2020\\\/08\\\/09\\\/opiskelijatkesalaitumilla\\\/#breadcrumb\"},\"inLanguage\":\"fi\",\"potentialAction\":[{\"@type\":\"ReadAction\",\"target\":[\"https:\\\/\\\/blogs.uef.fi\\\/ueflahettilaat\\\/2020\\\/08\\\/09\\\/opiskelijatkesalaitumilla\\\/\"]}]},{\"@type\":\"ImageObject\",\"inLanguage\":\"fi\",\"@id\":\"https:\\\/\\\/blogs.uef.fi\\\/ueflahettilaat\\\/2020\\\/08\\\/09\\\/opiskelijatkesalaitumilla\\\/#primaryimage\",\"url\":\"https:\\\/\\\/blogs.uef.fi\\\/ueflahettilaat\\\/wp-content\\\/uploads\\\/sites\\\/7\\\/2020\\\/07\\\/andrew-welch-i5Crg4KLblY-unsplash-scaled.jpg\",\"contentUrl\":\"https:\\\/\\\/blogs.uef.fi\\\/ueflahettilaat\\\/wp-content\\\/uploads\\\/sites\\\/7\\\/2020\\\/07\\\/andrew-welch-i5Crg4KLblY-unsplash-scaled.jpg\",\"width\":2560,\"height\":1697},{\"@type\":\"BreadcrumbList\",\"@id\":\"https:\\\/\\\/blogs.uef.fi\\\/ueflahettilaat\\\/2020\\\/08\\\/09\\\/opiskelijatkesalaitumilla\\\/#breadcrumb\",\"itemListElement\":[{\"@type\":\"ListItem\",\"position\":1,\"name\":\"Home\",\"item\":\"https:\\\/\\\/blogs.uef.fi\\\/ueflahettilaat\\\/\"},{\"@type\":\"ListItem\",\"position\":2,\"name\":\"Opiskelijat kes\u00e4laitumilla\"}]},{\"@type\":\"WebSite\",\"@id\":\"https:\\\/\\\/blogs.uef.fi\\\/ueflahettilaat\\\/#website\",\"url\":\"https:\\\/\\\/blogs.uef.fi\\\/ueflahettilaat\\\/\",\"name\":\"UEF-l\u00e4hettil\u00e4\u00e4t\",\"description\":\"\",\"potentialAction\":[{\"@type\":\"SearchAction\",\"target\":{\"@type\":\"EntryPoint\",\"urlTemplate\":\"https:\\\/\\\/blogs.uef.fi\\\/ueflahettilaat\\\/?s={search_term_string}\"},\"query-input\":{\"@type\":\"PropertyValueSpecification\",\"valueRequired\":true,\"valueName\":\"search_term_string\"}}],\"inLanguage\":\"fi\"},{\"@type\":\"Person\",\"@id\":\"https:\\\/\\\/blogs.uef.fi\\\/ueflahettilaat\\\/#\\\/schema\\\/person\\\/0326ec4f1ec45d8f326e9d745b35eae0\",\"name\":\"maijari\",\"url\":\"https:\\\/\\\/blogs.uef.fi\\\/ueflahettilaat\\\/author\\\/maijari\\\/\"}]}<\/script>\n<!-- \/ Yoast SEO plugin. -->","yoast_head_json":{"title":"Opiskelijat kes\u00e4laitumilla - UEF-l\u00e4hettil\u00e4\u00e4t","robots":{"index":"index","follow":"follow","max-snippet":"max-snippet:-1","max-image-preview":"max-image-preview:large","max-video-preview":"max-video-preview:-1"},"canonical":"https:\/\/blogs.uef.fi\/ueflahettilaat\/2020\/08\/09\/opiskelijatkesalaitumilla\/","og_locale":"fi_FI","og_type":"article","og_title":"Opiskelijat kes\u00e4laitumilla - UEF-l\u00e4hettil\u00e4\u00e4t","og_description":"&#8230;eli opiskelijoiden menneit\u00e4 ja tulevia kes\u00e4suunnitelmia! Kamut hei, mit\u00e4 puuhaatte kes\u00e4ll\u00e4?! Kyselin kavereilta, millaisia kes\u00e4suunnitelmia heill\u00e4 on ja sain liudan vastauksia, jotka kokosin yhteen t\u00e4h\u00e4n postaukseen.\u00a0Musta on aina kiva lueskella, mit\u00e4 tyypit puuhailee kes\u00e4ll\u00e4. Erityisesti opiskelijoiden kes\u00e4suunnitelmat vaihtelevat kovasti. Varsinkin t\u00e4n\u00e4 kev\u00e4\u00e4n\u00e4 my\u00f6s poikkeustila on vaikuttanut monen ty\u00f6- tai harjoittelusuunnitelmiin, mutta onneksi asiat ovat tuntuneet [&hellip;]","og_url":"https:\/\/blogs.uef.fi\/ueflahettilaat\/2020\/08\/09\/opiskelijatkesalaitumilla\/","og_site_name":"UEF-l\u00e4hettil\u00e4\u00e4t","article_published_time":"2020-08-09T14:36:37+00:00","og_image":[{"width":2560,"height":1697,"url":"https:\/\/blogs.uef.fi\/ueflahettilaat\/wp-content\/uploads\/sites\/7\/2020\/07\/andrew-welch-i5Crg4KLblY-unsplash-scaled.jpg","type":"image\/jpeg"}],"author":"maijari","twitter_card":"summary_large_image","twitter_misc":{"Kirjoittanut":"maijari","Arvioitu lukuaika":"5 minuuttia"},"schema":{"@context":"https:\/\/schema.org","@graph":[{"@type":"Article","@id":"https:\/\/blogs.uef.fi\/ueflahettilaat\/2020\/08\/09\/opiskelijatkesalaitumilla\/#article","isPartOf":{"@id":"https:\/\/blogs.uef.fi\/ueflahettilaat\/2020\/08\/09\/opiskelijatkesalaitumilla\/"},"author":{"name":"maijari","@id":"https:\/\/blogs.uef.fi\/ueflahettilaat\/#\/schema\/person\/0326ec4f1ec45d8f326e9d745b35eae0"},"headline":"Opiskelijat kes\u00e4laitumilla","datePublished":"2020-08-09T14:36:37+00:00","mainEntityOfPage":{"@id":"https:\/\/blogs.uef.fi\/ueflahettilaat\/2020\/08\/09\/opiskelijatkesalaitumilla\/"},"wordCount":938,"commentCount":0,"image":{"@id":"https:\/\/blogs.uef.fi\/ueflahettilaat\/2020\/08\/09\/opiskelijatkesalaitumilla\/#primaryimage"},"thumbnailUrl":"https:\/\/blogs.uef.fi\/ueflahettilaat\/wp-content\/uploads\/sites\/7\/2020\/07\/andrew-welch-i5Crg4KLblY-unsplash-scaled.jpg","articleSection":["Uncategorized"],"inLanguage":"fi","potentialAction":[{"@type":"CommentAction","name":"Comment","target":["https:\/\/blogs.uef.fi\/ueflahettilaat\/2020\/08\/09\/opiskelijatkesalaitumilla\/#respond"]}]},{"@type":"WebPage","@id":"https:\/\/blogs.uef.fi\/ueflahettilaat\/2020\/08\/09\/opiskelijatkesalaitumilla\/","url":"https:\/\/blogs.uef.fi\/ueflahettilaat\/2020\/08\/09\/opiskelijatkesalaitumilla\/","name":"Opiskelijat kes\u00e4laitumilla - UEF-l\u00e4hettil\u00e4\u00e4t","isPartOf":{"@id":"https:\/\/blogs.uef.fi\/ueflahettilaat\/#website"},"primaryImageOfPage":{"@id":"https:\/\/blogs.uef.fi\/ueflahettilaat\/2020\/08\/09\/opiskelijatkesalaitumilla\/#primaryimage"},"image":{"@id":"https:\/\/blogs.uef.fi\/ueflahettilaat\/2020\/08\/09\/opiskelijatkesalaitumilla\/#primaryimage"},"thumbnailUrl":"https:\/\/blogs.uef.fi\/ueflahettilaat\/wp-content\/uploads\/sites\/7\/2020\/07\/andrew-welch-i5Crg4KLblY-unsplash-scaled.jpg","datePublished":"2020-08-09T14:36:37+00:00","author":{"@id":"https:\/\/blogs.uef.fi\/ueflahettilaat\/#\/schema\/person\/0326ec4f1ec45d8f326e9d745b35eae0"},"breadcrumb":{"@id":"https:\/\/blogs.uef.fi\/ueflahettilaat\/2020\/08\/09\/opiskelijatkesalaitumilla\/#breadcrumb"},"inLanguage":"fi","potentialAction":[{"@type":"ReadAction","target":["https:\/\/blogs.uef.fi\/ueflahettilaat\/2020\/08\/09\/opiskelijatkesalaitumilla\/"]}]},{"@type":"ImageObject","inLanguage":"fi","@id":"https:\/\/blogs.uef.fi\/ueflahettilaat\/2020\/08\/09\/opiskelijatkesalaitumilla\/#primaryimage","url":"https:\/\/blogs.uef.fi\/ueflahettilaat\/wp-content\/uploads\/sites\/7\/2020\/07\/andrew-welch-i5Crg4KLblY-unsplash-scaled.jpg","contentUrl":"https:\/\/blogs.uef.fi\/ueflahettilaat\/wp-content\/uploads\/sites\/7\/2020\/07\/andrew-welch-i5Crg4KLblY-unsplash-scaled.jpg","width":2560,"height":1697},{"@type":"BreadcrumbList","@id":"https:\/\/blogs.uef.fi\/ueflahettilaat\/2020\/08\/09\/opiskelijatkesalaitumilla\/#breadcrumb","itemListElement":[{"@type":"ListItem","position":1,"name":"Home","item":"https:\/\/blogs.uef.fi\/ueflahettilaat\/"},{"@type":"ListItem","position":2,"name":"Opiskelijat kes\u00e4laitumilla"}]},{"@type":"WebSite","@id":"https:\/\/blogs.uef.fi\/ueflahettilaat\/#website","url":"https:\/\/blogs.uef.fi\/ueflahettilaat\/","name":"UEF-l\u00e4hettil\u00e4\u00e4t","description":"","potentialAction":[{"@type":"SearchAction","target":{"@type":"EntryPoint","urlTemplate":"https:\/\/blogs.uef.fi\/ueflahettilaat\/?s={search_term_string}"},"query-input":{"@type":"PropertyValueSpecification","valueRequired":true,"valueName":"search_term_string"}}],"inLanguage":"fi"},{"@type":"Person","@id":"https:\/\/blogs.uef.fi\/ueflahettilaat\/#\/schema\/person\/0326ec4f1ec45d8f326e9d745b35eae0","name":"maijari","url":"https:\/\/blogs.uef.fi\/ueflahettilaat\/author\/maijari\/"}]}},"_links":{"self":[{"href":"https:\/\/blogs.uef.fi\/ueflahettilaat\/wp-json\/wp\/v2\/posts\/3553","targetHints":{"allow":["GET"]}}],"collection":[{"href":"https:\/\/blogs.uef.fi\/ueflahettilaat\/wp-json\/wp\/v2\/posts"}],"about":[{"href":"https:\/\/blogs.uef.fi\/ueflahettilaat\/wp-json\/wp\/v2\/types\/post"}],"author":[{"embeddable":true,"href":"https:\/\/blogs.uef.fi\/ueflahettilaat\/wp-json\/wp\/v2\/users\/283"}],"replies":[{"embeddable":true,"href":"https:\/\/blogs.uef.fi\/ueflahettilaat\/wp-json\/wp\/v2\/comments?post=3553"}],"version-history":[{"count":2,"href":"https:\/\/blogs.uef.fi\/ueflahettilaat\/wp-json\/wp\/v2\/posts\/3553\/revisions"}],"predecessor-version":[{"id":4000,"href":"https:\/\/blogs.uef.fi\/ueflahettilaat\/wp-json\/wp\/v2\/posts\/3553\/revisions\/4000"}],"wp:featuredmedia":[{"embeddable":true,"href":"https:\/\/blogs.uef.fi\/ueflahettilaat\/wp-json\/wp\/v2\/media\/3750"}],"wp:attachment":[{"href":"https:\/\/blogs.uef.fi\/ueflahettilaat\/wp-json\/wp\/v2\/media?parent=3553"}],"wp:term":[{"taxonomy":"category","embeddable":true,"href":"https:\/\/blogs.uef.fi\/ueflahettilaat\/wp-json\/wp\/v2\/categories?post=3553"},{"taxonomy":"post_tag","embeddable":true,"href":"https:\/\/blogs.uef.fi\/ueflahettilaat\/wp-json\/wp\/v2\/tags?post=3553"}],"curies":[{"name":"wp","href":"https:\/\/api.w.org\/{rel}","templated":true}]}}