{"id":3495,"date":"2020-04-29T12:01:21","date_gmt":"2020-04-29T09:01:21","guid":{"rendered":"https:\/\/blogs.uef.fi\/ueflahettilaat\/?p=3495"},"modified":"2020-04-29T12:01:21","modified_gmt":"2020-04-29T09:01:21","slug":"oman-alan-valinta-mika-minusta-tulee-isona","status":"publish","type":"post","link":"https:\/\/blogs.uef.fi\/ueflahettilaat\/2020\/04\/29\/oman-alan-valinta-mika-minusta-tulee-isona\/","title":{"rendered":"Oman alan valinta &#8211; mik\u00e4 minusta tulee isona?"},"content":{"rendered":"<p>Viimeist\u00e4\u00e4n lukion tai ammattikoulun loppupuolella jokaiselle opiskelijalle nousee esiin kysymys siit\u00e4, mik\u00e4 se oma ala tulevaisuudessa on. Painetta voi tulla koulun tai ymp\u00e4rist\u00f6n puolelta, eik\u00e4 silti mieless\u00e4 ole v\u00e4ltt\u00e4m\u00e4tt\u00e4 mit\u00e4\u00e4n tietty\u00e4 alaa tai ammattia. Miten l\u00e4hte\u00e4 liikkeelle, kun oma ala ei ole tiedossa?<\/p>\n<p>Oman kokemukseni mukaan alkuun kannattaa keskitty\u00e4 omiin mielenkiinnonkohteisiin: mitk\u00e4 aineet lukiossa tai muussa koulussa ovat kiinnostaneet, mit\u00e4 tykk\u00e4\u00e4 tehd\u00e4 vapaa-ajalla, millaiset arvot ovat t\u00e4rkeit\u00e4 ja mihin haluaisi panostaa. Onko intohimo ihmisten auttamisessa, teknologiassa, taiteessa, luonnossa tai vaikkapa kieliss\u00e4? Kiinnostaako kulttuuri, erilaiset ihmiskohtalot tai vaikka maaper\u00e4 ja ilmasto? Kuvittele itsesi erilaisissa tilanteissa. Mitk\u00e4 hetket ovat olleet sinulle t\u00e4rkeit\u00e4, miten toimit niiss\u00e4? Ehk\u00e4 olet erityisen empaattinen, tietoteknisesti taitava, kielellisesti lahjakas tai innoissasi aina, kun p\u00e4\u00e4set selitt\u00e4m\u00e4\u00e4n asioita yst\u00e4villesi.<br \/>\n<img loading=\"lazy\" decoding=\"async\" class=\"alignnone size-medium wp-image-3504\" src=\"https:\/\/blogs.uef.fi\/ueflahettilaat\/wp-content\/uploads\/sites\/7\/2020\/04\/IMG_20200429_114110-scaled.jpg\" alt=\"\" width=\"2560\" height=\"1920\" srcset=\"https:\/\/blogs.uef.fi\/ueflahettilaat\/wp-content\/uploads\/sites\/7\/2020\/04\/IMG_20200429_114110-scaled.jpg 2560w, https:\/\/blogs.uef.fi\/ueflahettilaat\/wp-content\/uploads\/sites\/7\/2020\/04\/IMG_20200429_114110-768x576.jpg 768w, https:\/\/blogs.uef.fi\/ueflahettilaat\/wp-content\/uploads\/sites\/7\/2020\/04\/IMG_20200429_114110-1536x1152.jpg 1536w, https:\/\/blogs.uef.fi\/ueflahettilaat\/wp-content\/uploads\/sites\/7\/2020\/04\/IMG_20200429_114110-2048x1536.jpg 2048w\" sizes=\"auto, (max-width: 2560px) 100vw, 2560px\" \/><\/p>\n<p>Omia kiinnostuksenkohteita ja erityistaitoja kannattaa ajatella laajasti ja kirjata yl\u00f6s. Kirjaa yl\u00f6s nekin asiat, jotka eiv\u00e4t tunnu liittyv\u00e4n mitenk\u00e4\u00e4n koulutukseen: kukkien hoito ja isovanhempien auttaminen. Omien arvojen tarkastelun ja kirjaamisen j\u00e4lkeen kannattaa avata listaukset eri koulutusmahdollisuuksista, tarkastella niit\u00e4 rauhassa ja pohtia \u00e4\u00e4neen kavereiden tai opinto-ohjaajan kanssa. Kun l\u00f6yt\u00e4\u00e4 kiinnostavan koulutuksen, kannattaa se kirjata yl\u00f6s. It\u00e4-Suomen yliopiston tarjonnan l\u00f6yt\u00e4\u00e4 esimerkiksi <a href=\"https:\/\/haeyliopistoon.fi\/\">t\u00e4\u00e4lt\u00e4.\u00a0<\/a><\/p>\n<p>Kun kiinnostava koulutusvaihtoehto l\u00f6ytyy, kannattaa panostaa tiedonhakuun. L\u00e4hes jokaisesta koulutusalasta l\u00f6ytyy joku opiskelija tai opettaja, johon voi saada yhteyden yliopiston hakupalveluiden kautta. On t\u00e4ysin ok kysell\u00e4 vaikka kymmenenkin alan opiskelijoiden kokemuksia, koska vain n\u00e4in voi l\u00f6yt\u00e4\u00e4 sen itselleen sopivimman! Opiskelijoilta, l\u00e4hettil\u00e4ilt\u00e4 ja opetuskunnalta kannattaa kysell\u00e4 ty\u00f6llistymisest\u00e4, opiskelun etenemisest\u00e4, kursseista ja opetustyyleist\u00e4. Suurimman osan tutkinnoista kurssikuvaukset l\u00f6ytyv\u00e4n netist\u00e4 kokonaisuudessaan, jolloin saa jo selv\u00e4n kuvan siit\u00e4, mit\u00e4 opinnot pit\u00e4v\u00e4t sis\u00e4ll\u00e4\u00e4n.<br \/>\n<img loading=\"lazy\" decoding=\"async\" class=\"alignnone size-medium wp-image-3507\" src=\"https:\/\/blogs.uef.fi\/ueflahettilaat\/wp-content\/uploads\/sites\/7\/2020\/04\/IMG_20200429_114014-scaled.jpg\" alt=\"\" width=\"2560\" height=\"1920\" srcset=\"https:\/\/blogs.uef.fi\/ueflahettilaat\/wp-content\/uploads\/sites\/7\/2020\/04\/IMG_20200429_114014-scaled.jpg 2560w, https:\/\/blogs.uef.fi\/ueflahettilaat\/wp-content\/uploads\/sites\/7\/2020\/04\/IMG_20200429_114014-768x576.jpg 768w, https:\/\/blogs.uef.fi\/ueflahettilaat\/wp-content\/uploads\/sites\/7\/2020\/04\/IMG_20200429_114014-1536x1152.jpg 1536w, https:\/\/blogs.uef.fi\/ueflahettilaat\/wp-content\/uploads\/sites\/7\/2020\/04\/IMG_20200429_114014-2048x1536.jpg 2048w\" sizes=\"auto, (max-width: 2560px) 100vw, 2560px\" \/><\/p>\n<p>T\u00e4rkeint\u00e4 on kuitenkin muistaa rentous ja se, ett\u00e4 mik\u00e4\u00e4n ei ole lopullista. Mik\u00e4li opiskelupaikka ei ensimm\u00e4isen\u00e4 vuonna t\u00e4rpp\u00e4\u00e4, voi asian n\u00e4hd\u00e4 mahdollisuutena: nyt on vuosi lis\u00e4\u00e4 aikaa tunnustella fiiliksi\u00e4, kartuttaa el\u00e4m\u00e4nkokemusta ja n\u00e4hd\u00e4 maailmaa. Mik\u00e4li taas koulupaikan valinnassa tulee huti, on sekin t\u00e4ysin korjattavissa seuraavana vuonna. Oman tiens\u00e4 voi l\u00f6yt\u00e4\u00e4 my\u00f6s oman koulutusalansa sis\u00e4lt\u00e4, sivuainevaihtoehdoilla ja suuntautumisella moni opiskelupolku on muokattavissa jo paljon. It\u00e4-Suomen yliopistolla on vapaa sivuainemahdollisuus, joka tarjoaa jo merkitt\u00e4v\u00e4sti lis\u00e4\u00e4 muokattavuutta opintoihin. Mik\u00e4li taas mieless\u00e4si on jo selke\u00e4 tavoite omasta tulevaisuudenalasta, ty\u00f6skentele johdonmukaisesti kohti sit\u00e4. Yksi, kaksi tai kolmekaan ep\u00e4onnistunutta yrityst\u00e4 eiv\u00e4t tarkoita, etteik\u00f6 sis\u00e4\u00e4np\u00e4\u00e4sy olisi edelleen t\u00e4ysin mahdollista seuraavana vuonna!<\/p>\n<p>Tsemppi\u00e4 kaikille kev\u00e4\u00e4n p\u00e4\u00e4sykokeisiin, erityisesti n\u00e4in\u00e4 erityisin\u00e4 aikoina.<\/p>\n<div id=\"attachment_3501\" style=\"width: 2570px\" class=\"wp-caption alignleft\"><img loading=\"lazy\" decoding=\"async\" aria-describedby=\"caption-attachment-3501\" class=\"size-full wp-image-3501\" src=\"https:\/\/blogs.uef.fi\/ueflahettilaat\/wp-content\/uploads\/sites\/7\/2020\/04\/IMG_20190626_211557-scaled.jpg\" alt=\"\" width=\"2560\" height=\"1797\" srcset=\"https:\/\/blogs.uef.fi\/ueflahettilaat\/wp-content\/uploads\/sites\/7\/2020\/04\/IMG_20190626_211557-scaled.jpg 2560w, https:\/\/blogs.uef.fi\/ueflahettilaat\/wp-content\/uploads\/sites\/7\/2020\/04\/IMG_20190626_211557-768x539.jpg 768w, https:\/\/blogs.uef.fi\/ueflahettilaat\/wp-content\/uploads\/sites\/7\/2020\/04\/IMG_20190626_211557-1536x1078.jpg 1536w, https:\/\/blogs.uef.fi\/ueflahettilaat\/wp-content\/uploads\/sites\/7\/2020\/04\/IMG_20190626_211557-2048x1437.jpg 2048w\" sizes=\"auto, (max-width: 2560px) 100vw, 2560px\" \/><p id=\"caption-attachment-3501\" class=\"wp-caption-text\"><span style=\"color: #2b2b2b;font-size: 16px\">Muista seurata intohimo<\/span><span style=\"color: #2b2b2b;font-size: 16px\">asi, vaikka muut eiv\u00e4t uskoisi siihen. Polku voi olla varsin koukeroinen, mutta lopulta jokainen l\u00f6yt\u00e4\u00e4 kyll\u00e4 paikkansa.\u00a0<\/span><\/p><\/div>\n<p><em><span style=\"color: #2b2b2b;font-size: 16px\">Reetta\/mets\u00e4tiede<\/span><\/em><\/p>\n","protected":false},"excerpt":{"rendered":"<p>Viimeist\u00e4\u00e4n lukion tai ammattikoulun loppupuolella jokaiselle opiskelijalle nousee esiin kysymys siit\u00e4, mik\u00e4 se oma ala tulevaisuudessa on. Painetta voi tulla koulun tai ymp\u00e4rist\u00f6n puolelta, eik\u00e4 silti mieless\u00e4 ole v\u00e4ltt\u00e4m\u00e4tt\u00e4 mit\u00e4\u00e4n tietty\u00e4 alaa tai ammattia. Miten l\u00e4hte\u00e4 liikkeelle, kun oma ala ei ole tiedossa? Oman kokemukseni mukaan alkuun kannattaa keskitty\u00e4 omiin mielenkiinnonkohteisiin: mitk\u00e4 aineet lukiossa tai [&hellip;]<\/p>\n","protected":false},"author":271,"featured_media":0,"comment_status":"open","ping_status":"closed","sticky":false,"template":"","format":"standard","meta":{"_acf_changed":false,"footnotes":""},"categories":[1],"tags":[],"class_list":["post-3495","post","type-post","status-publish","format-standard","hentry","category-uncategorized"],"acf":[],"yoast_head":"<!-- This site is optimized with the Yoast SEO plugin v27.3 - https:\/\/yoast.com\/product\/yoast-seo-wordpress\/ -->\n<title>Oman alan valinta - mik\u00e4 minusta tulee isona? - UEF-l\u00e4hettil\u00e4\u00e4t<\/title>\n<meta name=\"robots\" content=\"index, follow, max-snippet:-1, max-image-preview:large, max-video-preview:-1\" \/>\n<link rel=\"canonical\" href=\"https:\/\/blogs.uef.fi\/ueflahettilaat\/2020\/04\/29\/oman-alan-valinta-mika-minusta-tulee-isona\/\" \/>\n<meta property=\"og:locale\" content=\"fi_FI\" \/>\n<meta property=\"og:type\" content=\"article\" \/>\n<meta property=\"og:title\" content=\"Oman alan valinta - mik\u00e4 minusta tulee isona? - UEF-l\u00e4hettil\u00e4\u00e4t\" \/>\n<meta property=\"og:description\" content=\"Viimeist\u00e4\u00e4n lukion tai ammattikoulun loppupuolella jokaiselle opiskelijalle nousee esiin kysymys siit\u00e4, mik\u00e4 se oma ala tulevaisuudessa on. Painetta voi tulla koulun tai ymp\u00e4rist\u00f6n puolelta, eik\u00e4 silti mieless\u00e4 ole v\u00e4ltt\u00e4m\u00e4tt\u00e4 mit\u00e4\u00e4n tietty\u00e4 alaa tai ammattia. Miten l\u00e4hte\u00e4 liikkeelle, kun oma ala ei ole tiedossa? Oman kokemukseni mukaan alkuun kannattaa keskitty\u00e4 omiin mielenkiinnonkohteisiin: mitk\u00e4 aineet lukiossa tai [&hellip;]\" \/>\n<meta property=\"og:url\" content=\"https:\/\/blogs.uef.fi\/ueflahettilaat\/2020\/04\/29\/oman-alan-valinta-mika-minusta-tulee-isona\/\" \/>\n<meta property=\"og:site_name\" content=\"UEF-l\u00e4hettil\u00e4\u00e4t\" \/>\n<meta property=\"article:published_time\" content=\"2020-04-29T09:01:21+00:00\" \/>\n<meta property=\"og:image\" content=\"https:\/\/blogs.uef.fi\/ueflahettilaat\/wp-content\/uploads\/sites\/7\/2020\/04\/IMG_20200429_114110-scaled.jpg\" \/>\n<meta name=\"author\" content=\"reetkan\" \/>\n<meta name=\"twitter:card\" content=\"summary_large_image\" \/>\n<meta name=\"twitter:label1\" content=\"Kirjoittanut\" \/>\n\t<meta name=\"twitter:data1\" content=\"reetkan\" \/>\n\t<meta name=\"twitter:label2\" content=\"Arvioitu lukuaika\" \/>\n\t<meta name=\"twitter:data2\" content=\"2 minuuttia\" \/>\n<script type=\"application\/ld+json\" class=\"yoast-schema-graph\">{\"@context\":\"https:\\\/\\\/schema.org\",\"@graph\":[{\"@type\":\"Article\",\"@id\":\"https:\\\/\\\/blogs.uef.fi\\\/ueflahettilaat\\\/2020\\\/04\\\/29\\\/oman-alan-valinta-mika-minusta-tulee-isona\\\/#article\",\"isPartOf\":{\"@id\":\"https:\\\/\\\/blogs.uef.fi\\\/ueflahettilaat\\\/2020\\\/04\\\/29\\\/oman-alan-valinta-mika-minusta-tulee-isona\\\/\"},\"author\":{\"name\":\"reetkan\",\"@id\":\"https:\\\/\\\/blogs.uef.fi\\\/ueflahettilaat\\\/#\\\/schema\\\/person\\\/3707775bd9cde6fa6ec67fb1d0b95d7f\"},\"headline\":\"Oman alan valinta &#8211; mik\u00e4 minusta tulee isona?\",\"datePublished\":\"2020-04-29T09:01:21+00:00\",\"mainEntityOfPage\":{\"@id\":\"https:\\\/\\\/blogs.uef.fi\\\/ueflahettilaat\\\/2020\\\/04\\\/29\\\/oman-alan-valinta-mika-minusta-tulee-isona\\\/\"},\"wordCount\":468,\"commentCount\":0,\"image\":{\"@id\":\"https:\\\/\\\/blogs.uef.fi\\\/ueflahettilaat\\\/2020\\\/04\\\/29\\\/oman-alan-valinta-mika-minusta-tulee-isona\\\/#primaryimage\"},\"thumbnailUrl\":\"https:\\\/\\\/blogs.uef.fi\\\/ueflahettilaat\\\/wp-content\\\/uploads\\\/sites\\\/7\\\/2020\\\/04\\\/IMG_20200429_114110-scaled.jpg\",\"articleSection\":[\"Uncategorized\"],\"inLanguage\":\"fi\",\"potentialAction\":[{\"@type\":\"CommentAction\",\"name\":\"Comment\",\"target\":[\"https:\\\/\\\/blogs.uef.fi\\\/ueflahettilaat\\\/2020\\\/04\\\/29\\\/oman-alan-valinta-mika-minusta-tulee-isona\\\/#respond\"]}]},{\"@type\":\"WebPage\",\"@id\":\"https:\\\/\\\/blogs.uef.fi\\\/ueflahettilaat\\\/2020\\\/04\\\/29\\\/oman-alan-valinta-mika-minusta-tulee-isona\\\/\",\"url\":\"https:\\\/\\\/blogs.uef.fi\\\/ueflahettilaat\\\/2020\\\/04\\\/29\\\/oman-alan-valinta-mika-minusta-tulee-isona\\\/\",\"name\":\"Oman alan valinta - mik\u00e4 minusta tulee isona? - UEF-l\u00e4hettil\u00e4\u00e4t\",\"isPartOf\":{\"@id\":\"https:\\\/\\\/blogs.uef.fi\\\/ueflahettilaat\\\/#website\"},\"primaryImageOfPage\":{\"@id\":\"https:\\\/\\\/blogs.uef.fi\\\/ueflahettilaat\\\/2020\\\/04\\\/29\\\/oman-alan-valinta-mika-minusta-tulee-isona\\\/#primaryimage\"},\"image\":{\"@id\":\"https:\\\/\\\/blogs.uef.fi\\\/ueflahettilaat\\\/2020\\\/04\\\/29\\\/oman-alan-valinta-mika-minusta-tulee-isona\\\/#primaryimage\"},\"thumbnailUrl\":\"https:\\\/\\\/blogs.uef.fi\\\/ueflahettilaat\\\/wp-content\\\/uploads\\\/sites\\\/7\\\/2020\\\/04\\\/IMG_20200429_114110-scaled.jpg\",\"datePublished\":\"2020-04-29T09:01:21+00:00\",\"author\":{\"@id\":\"https:\\\/\\\/blogs.uef.fi\\\/ueflahettilaat\\\/#\\\/schema\\\/person\\\/3707775bd9cde6fa6ec67fb1d0b95d7f\"},\"breadcrumb\":{\"@id\":\"https:\\\/\\\/blogs.uef.fi\\\/ueflahettilaat\\\/2020\\\/04\\\/29\\\/oman-alan-valinta-mika-minusta-tulee-isona\\\/#breadcrumb\"},\"inLanguage\":\"fi\",\"potentialAction\":[{\"@type\":\"ReadAction\",\"target\":[\"https:\\\/\\\/blogs.uef.fi\\\/ueflahettilaat\\\/2020\\\/04\\\/29\\\/oman-alan-valinta-mika-minusta-tulee-isona\\\/\"]}]},{\"@type\":\"ImageObject\",\"inLanguage\":\"fi\",\"@id\":\"https:\\\/\\\/blogs.uef.fi\\\/ueflahettilaat\\\/2020\\\/04\\\/29\\\/oman-alan-valinta-mika-minusta-tulee-isona\\\/#primaryimage\",\"url\":\"https:\\\/\\\/blogs.uef.fi\\\/ueflahettilaat\\\/wp-content\\\/uploads\\\/sites\\\/7\\\/2020\\\/04\\\/IMG_20200429_114110-scaled.jpg\",\"contentUrl\":\"https:\\\/\\\/blogs.uef.fi\\\/ueflahettilaat\\\/wp-content\\\/uploads\\\/sites\\\/7\\\/2020\\\/04\\\/IMG_20200429_114110-scaled.jpg\",\"width\":2560,\"height\":1920},{\"@type\":\"BreadcrumbList\",\"@id\":\"https:\\\/\\\/blogs.uef.fi\\\/ueflahettilaat\\\/2020\\\/04\\\/29\\\/oman-alan-valinta-mika-minusta-tulee-isona\\\/#breadcrumb\",\"itemListElement\":[{\"@type\":\"ListItem\",\"position\":1,\"name\":\"Home\",\"item\":\"https:\\\/\\\/blogs.uef.fi\\\/ueflahettilaat\\\/\"},{\"@type\":\"ListItem\",\"position\":2,\"name\":\"Oman alan valinta &#8211; mik\u00e4 minusta tulee isona?\"}]},{\"@type\":\"WebSite\",\"@id\":\"https:\\\/\\\/blogs.uef.fi\\\/ueflahettilaat\\\/#website\",\"url\":\"https:\\\/\\\/blogs.uef.fi\\\/ueflahettilaat\\\/\",\"name\":\"UEF-l\u00e4hettil\u00e4\u00e4t\",\"description\":\"\",\"potentialAction\":[{\"@type\":\"SearchAction\",\"target\":{\"@type\":\"EntryPoint\",\"urlTemplate\":\"https:\\\/\\\/blogs.uef.fi\\\/ueflahettilaat\\\/?s={search_term_string}\"},\"query-input\":{\"@type\":\"PropertyValueSpecification\",\"valueRequired\":true,\"valueName\":\"search_term_string\"}}],\"inLanguage\":\"fi\"},{\"@type\":\"Person\",\"@id\":\"https:\\\/\\\/blogs.uef.fi\\\/ueflahettilaat\\\/#\\\/schema\\\/person\\\/3707775bd9cde6fa6ec67fb1d0b95d7f\",\"name\":\"reetkan\",\"url\":\"https:\\\/\\\/blogs.uef.fi\\\/ueflahettilaat\\\/author\\\/reetkan\\\/\"}]}<\/script>\n<!-- \/ Yoast SEO plugin. -->","yoast_head_json":{"title":"Oman alan valinta - mik\u00e4 minusta tulee isona? - UEF-l\u00e4hettil\u00e4\u00e4t","robots":{"index":"index","follow":"follow","max-snippet":"max-snippet:-1","max-image-preview":"max-image-preview:large","max-video-preview":"max-video-preview:-1"},"canonical":"https:\/\/blogs.uef.fi\/ueflahettilaat\/2020\/04\/29\/oman-alan-valinta-mika-minusta-tulee-isona\/","og_locale":"fi_FI","og_type":"article","og_title":"Oman alan valinta - mik\u00e4 minusta tulee isona? - UEF-l\u00e4hettil\u00e4\u00e4t","og_description":"Viimeist\u00e4\u00e4n lukion tai ammattikoulun loppupuolella jokaiselle opiskelijalle nousee esiin kysymys siit\u00e4, mik\u00e4 se oma ala tulevaisuudessa on. Painetta voi tulla koulun tai ymp\u00e4rist\u00f6n puolelta, eik\u00e4 silti mieless\u00e4 ole v\u00e4ltt\u00e4m\u00e4tt\u00e4 mit\u00e4\u00e4n tietty\u00e4 alaa tai ammattia. Miten l\u00e4hte\u00e4 liikkeelle, kun oma ala ei ole tiedossa? Oman kokemukseni mukaan alkuun kannattaa keskitty\u00e4 omiin mielenkiinnonkohteisiin: mitk\u00e4 aineet lukiossa tai [&hellip;]","og_url":"https:\/\/blogs.uef.fi\/ueflahettilaat\/2020\/04\/29\/oman-alan-valinta-mika-minusta-tulee-isona\/","og_site_name":"UEF-l\u00e4hettil\u00e4\u00e4t","article_published_time":"2020-04-29T09:01:21+00:00","og_image":[{"url":"https:\/\/blogs.uef.fi\/ueflahettilaat\/wp-content\/uploads\/sites\/7\/2020\/04\/IMG_20200429_114110-scaled.jpg","type":"","width":"","height":""}],"author":"reetkan","twitter_card":"summary_large_image","twitter_misc":{"Kirjoittanut":"reetkan","Arvioitu lukuaika":"2 minuuttia"},"schema":{"@context":"https:\/\/schema.org","@graph":[{"@type":"Article","@id":"https:\/\/blogs.uef.fi\/ueflahettilaat\/2020\/04\/29\/oman-alan-valinta-mika-minusta-tulee-isona\/#article","isPartOf":{"@id":"https:\/\/blogs.uef.fi\/ueflahettilaat\/2020\/04\/29\/oman-alan-valinta-mika-minusta-tulee-isona\/"},"author":{"name":"reetkan","@id":"https:\/\/blogs.uef.fi\/ueflahettilaat\/#\/schema\/person\/3707775bd9cde6fa6ec67fb1d0b95d7f"},"headline":"Oman alan valinta &#8211; mik\u00e4 minusta tulee isona?","datePublished":"2020-04-29T09:01:21+00:00","mainEntityOfPage":{"@id":"https:\/\/blogs.uef.fi\/ueflahettilaat\/2020\/04\/29\/oman-alan-valinta-mika-minusta-tulee-isona\/"},"wordCount":468,"commentCount":0,"image":{"@id":"https:\/\/blogs.uef.fi\/ueflahettilaat\/2020\/04\/29\/oman-alan-valinta-mika-minusta-tulee-isona\/#primaryimage"},"thumbnailUrl":"https:\/\/blogs.uef.fi\/ueflahettilaat\/wp-content\/uploads\/sites\/7\/2020\/04\/IMG_20200429_114110-scaled.jpg","articleSection":["Uncategorized"],"inLanguage":"fi","potentialAction":[{"@type":"CommentAction","name":"Comment","target":["https:\/\/blogs.uef.fi\/ueflahettilaat\/2020\/04\/29\/oman-alan-valinta-mika-minusta-tulee-isona\/#respond"]}]},{"@type":"WebPage","@id":"https:\/\/blogs.uef.fi\/ueflahettilaat\/2020\/04\/29\/oman-alan-valinta-mika-minusta-tulee-isona\/","url":"https:\/\/blogs.uef.fi\/ueflahettilaat\/2020\/04\/29\/oman-alan-valinta-mika-minusta-tulee-isona\/","name":"Oman alan valinta - mik\u00e4 minusta tulee isona? - UEF-l\u00e4hettil\u00e4\u00e4t","isPartOf":{"@id":"https:\/\/blogs.uef.fi\/ueflahettilaat\/#website"},"primaryImageOfPage":{"@id":"https:\/\/blogs.uef.fi\/ueflahettilaat\/2020\/04\/29\/oman-alan-valinta-mika-minusta-tulee-isona\/#primaryimage"},"image":{"@id":"https:\/\/blogs.uef.fi\/ueflahettilaat\/2020\/04\/29\/oman-alan-valinta-mika-minusta-tulee-isona\/#primaryimage"},"thumbnailUrl":"https:\/\/blogs.uef.fi\/ueflahettilaat\/wp-content\/uploads\/sites\/7\/2020\/04\/IMG_20200429_114110-scaled.jpg","datePublished":"2020-04-29T09:01:21+00:00","author":{"@id":"https:\/\/blogs.uef.fi\/ueflahettilaat\/#\/schema\/person\/3707775bd9cde6fa6ec67fb1d0b95d7f"},"breadcrumb":{"@id":"https:\/\/blogs.uef.fi\/ueflahettilaat\/2020\/04\/29\/oman-alan-valinta-mika-minusta-tulee-isona\/#breadcrumb"},"inLanguage":"fi","potentialAction":[{"@type":"ReadAction","target":["https:\/\/blogs.uef.fi\/ueflahettilaat\/2020\/04\/29\/oman-alan-valinta-mika-minusta-tulee-isona\/"]}]},{"@type":"ImageObject","inLanguage":"fi","@id":"https:\/\/blogs.uef.fi\/ueflahettilaat\/2020\/04\/29\/oman-alan-valinta-mika-minusta-tulee-isona\/#primaryimage","url":"https:\/\/blogs.uef.fi\/ueflahettilaat\/wp-content\/uploads\/sites\/7\/2020\/04\/IMG_20200429_114110-scaled.jpg","contentUrl":"https:\/\/blogs.uef.fi\/ueflahettilaat\/wp-content\/uploads\/sites\/7\/2020\/04\/IMG_20200429_114110-scaled.jpg","width":2560,"height":1920},{"@type":"BreadcrumbList","@id":"https:\/\/blogs.uef.fi\/ueflahettilaat\/2020\/04\/29\/oman-alan-valinta-mika-minusta-tulee-isona\/#breadcrumb","itemListElement":[{"@type":"ListItem","position":1,"name":"Home","item":"https:\/\/blogs.uef.fi\/ueflahettilaat\/"},{"@type":"ListItem","position":2,"name":"Oman alan valinta &#8211; mik\u00e4 minusta tulee isona?"}]},{"@type":"WebSite","@id":"https:\/\/blogs.uef.fi\/ueflahettilaat\/#website","url":"https:\/\/blogs.uef.fi\/ueflahettilaat\/","name":"UEF-l\u00e4hettil\u00e4\u00e4t","description":"","potentialAction":[{"@type":"SearchAction","target":{"@type":"EntryPoint","urlTemplate":"https:\/\/blogs.uef.fi\/ueflahettilaat\/?s={search_term_string}"},"query-input":{"@type":"PropertyValueSpecification","valueRequired":true,"valueName":"search_term_string"}}],"inLanguage":"fi"},{"@type":"Person","@id":"https:\/\/blogs.uef.fi\/ueflahettilaat\/#\/schema\/person\/3707775bd9cde6fa6ec67fb1d0b95d7f","name":"reetkan","url":"https:\/\/blogs.uef.fi\/ueflahettilaat\/author\/reetkan\/"}]}},"_links":{"self":[{"href":"https:\/\/blogs.uef.fi\/ueflahettilaat\/wp-json\/wp\/v2\/posts\/3495","targetHints":{"allow":["GET"]}}],"collection":[{"href":"https:\/\/blogs.uef.fi\/ueflahettilaat\/wp-json\/wp\/v2\/posts"}],"about":[{"href":"https:\/\/blogs.uef.fi\/ueflahettilaat\/wp-json\/wp\/v2\/types\/post"}],"author":[{"embeddable":true,"href":"https:\/\/blogs.uef.fi\/ueflahettilaat\/wp-json\/wp\/v2\/users\/271"}],"replies":[{"embeddable":true,"href":"https:\/\/blogs.uef.fi\/ueflahettilaat\/wp-json\/wp\/v2\/comments?post=3495"}],"version-history":[{"count":1,"href":"https:\/\/blogs.uef.fi\/ueflahettilaat\/wp-json\/wp\/v2\/posts\/3495\/revisions"}],"predecessor-version":[{"id":3510,"href":"https:\/\/blogs.uef.fi\/ueflahettilaat\/wp-json\/wp\/v2\/posts\/3495\/revisions\/3510"}],"wp:attachment":[{"href":"https:\/\/blogs.uef.fi\/ueflahettilaat\/wp-json\/wp\/v2\/media?parent=3495"}],"wp:term":[{"taxonomy":"category","embeddable":true,"href":"https:\/\/blogs.uef.fi\/ueflahettilaat\/wp-json\/wp\/v2\/categories?post=3495"},{"taxonomy":"post_tag","embeddable":true,"href":"https:\/\/blogs.uef.fi\/ueflahettilaat\/wp-json\/wp\/v2\/tags?post=3495"}],"curies":[{"name":"wp","href":"https:\/\/api.w.org\/{rel}","templated":true}]}}