{"id":3029,"date":"2020-02-04T15:35:18","date_gmt":"2020-02-04T13:35:18","guid":{"rendered":"https:\/\/blogs.uef.fi\/ueflahettilaat\/?p=3029"},"modified":"2020-02-04T15:35:18","modified_gmt":"2020-02-04T13:35:18","slug":"hammaslaaketieteen-opetustilat-kuopiossa","status":"publish","type":"post","link":"https:\/\/blogs.uef.fi\/ueflahettilaat\/2020\/02\/04\/hammaslaaketieteen-opetustilat-kuopiossa\/","title":{"rendered":"Hammasl\u00e4\u00e4ketieteen opetustilat Kuopiossa"},"content":{"rendered":"<p>Terveystieteiden tiedekunnan l\u00e4hettil\u00e4\u00e4t k\u00e4viv\u00e4t tutustumassa hammasl\u00e4\u00e4ketieteen opetustiloihin.\u00a0Kuopion kampuksella Canthialla sijaitsee taitopaja ja\u00a0opetusklinikka, jotka ovat valmistuneet vuonna 2013. My\u00f6s Savonia ammattikorkeakoulun suuhygienistiopiskelijat harjoittelevat samoissa tiloissa.<img loading=\"lazy\" decoding=\"async\" class=\"alignnone size-medium wp-image-3051\" src=\"https:\/\/blogs.uef.fi\/ueflahettilaat\/wp-content\/uploads\/sites\/7\/2020\/02\/IMG_20200124_112105.jpg\" alt=\"\" width=\"4608\" height=\"3456\" srcset=\"https:\/\/blogs.uef.fi\/ueflahettilaat\/wp-content\/uploads\/sites\/7\/2020\/02\/IMG_20200124_112105.jpg 4608w, https:\/\/blogs.uef.fi\/ueflahettilaat\/wp-content\/uploads\/sites\/7\/2020\/02\/IMG_20200124_112105-768x576.jpg 768w\" sizes=\"auto, (max-width: 4608px) 100vw, 4608px\" \/><\/p>\n<p><b>SIMULA ELI TAITOPAJA<\/b><\/p>\n<p>Hammasl\u00e4\u00e4ketieteen opiskelijat p\u00e4\u00e4sev\u00e4t harjoittelemaan\u00a0Simulaan\u00a0jo ensimm\u00e4isen\u00e4 vuonna omilla kursseillaan.\u00a0Kliinisen vaiheen alkaessa eli kolmannen vuoden syksyll\u00e4 opiskelijat siirtyv\u00e4t\u00a0Simulaan\u00a0harjoittelemaan\u00a0toimenpiteit\u00e4\u00a0ennen oikeiden potilaiden kohtaamista opetusklinikan puolella.<\/p>\n<p><img loading=\"lazy\" decoding=\"async\" class=\"alignnone size-full wp-image-3039\" src=\"https:\/\/blogs.uef.fi\/ueflahettilaat\/wp-content\/uploads\/sites\/7\/2020\/02\/IMG_20200124_112430.jpg\" alt=\"\" width=\"4608\" height=\"3456\" srcset=\"https:\/\/blogs.uef.fi\/ueflahettilaat\/wp-content\/uploads\/sites\/7\/2020\/02\/IMG_20200124_112430.jpg 4608w, https:\/\/blogs.uef.fi\/ueflahettilaat\/wp-content\/uploads\/sites\/7\/2020\/02\/IMG_20200124_112430-768x576.jpg 768w\" sizes=\"auto, (max-width: 4608px) 100vw, 4608px\" \/><\/p>\n<p>Hoitoyksik\u00f6t ovat identtisi\u00e4\u00a0opetusklinikan\u00a0kanssa\u00a0mutta potilaana on kurssikaveri\u00a0tai\u00a0anatominen\u00a0harjoitusnukke.\u00a0Jokainen hammasl\u00e4\u00e4ketieteen opiskelija saa\u00a0omat nukelle vaihdettavat harjoitusleuat.\u00a0Simulaan\u00a0p\u00e4\u00e4see harjoittelemaan my\u00f6s opetuksen ulkopuolella.<\/p>\n<p><img loading=\"lazy\" decoding=\"async\" class=\"alignnone size-full wp-image-3033\" src=\"https:\/\/blogs.uef.fi\/ueflahettilaat\/wp-content\/uploads\/sites\/7\/2020\/02\/IMG_20200124_113012.jpg\" alt=\"\" width=\"4608\" height=\"3456\" srcset=\"https:\/\/blogs.uef.fi\/ueflahettilaat\/wp-content\/uploads\/sites\/7\/2020\/02\/IMG_20200124_113012.jpg 4608w, https:\/\/blogs.uef.fi\/ueflahettilaat\/wp-content\/uploads\/sites\/7\/2020\/02\/IMG_20200124_113012-768x576.jpg 768w\" sizes=\"auto, (max-width: 4608px) 100vw, 4608px\" \/><\/p>\n<p>Kuopio on ainoa\u00a0kaupunki Suomessa, jossa harjoitusnuket ovat hoitoyksikk\u00f6\u00e4 vastaavassa tilassa, mik\u00e4\u00a0tekee harjoittelusta oikeaa tilannetta vastaavaa. My\u00f6s esimerkiksi ergonomiaa saadaan yhdistetty\u00e4 harjoitteluun jo alusta alkaen ainutlaatuisella tavalla.<\/p>\n<p><img loading=\"lazy\" decoding=\"async\" class=\"alignnone size-full wp-image-3035\" src=\"https:\/\/blogs.uef.fi\/ueflahettilaat\/wp-content\/uploads\/sites\/7\/2020\/02\/IMG_20200124_112810.jpg\" alt=\"\" width=\"4608\" height=\"3456\" srcset=\"https:\/\/blogs.uef.fi\/ueflahettilaat\/wp-content\/uploads\/sites\/7\/2020\/02\/IMG_20200124_112810.jpg 4608w, https:\/\/blogs.uef.fi\/ueflahettilaat\/wp-content\/uploads\/sites\/7\/2020\/02\/IMG_20200124_112810-768x576.jpg 768w\" sizes=\"auto, (max-width: 4608px) 100vw, 4608px\" \/><\/p>\n<p><b>OPETUSKLINIKKA<\/b><\/p>\n<p>Klinikalla k\u00e4y potilaita Pohjois-Savon sairaanhoitopiirin alueelta. Kun toimenpiteit\u00e4 on harjoiteltu\u00a0Simulan\u00a0puolella, samoja toimenpiteit\u00e4 p\u00e4\u00e4st\u00e4\u00e4n tekem\u00e4\u00e4n klinikan puolelle.\u00a0Kolmannen vuoden kev\u00e4\u00e4ll\u00e4 opiskelijat siirtyv\u00e4t opetusklinikalle, mutta uusia toimenpiteit\u00e4 harjoitellaan opintojen loppuun saakka my\u00f6s\u00a0Simulassa.<\/p>\n<p><img loading=\"lazy\" decoding=\"async\" class=\"alignnone size-full wp-image-3043\" src=\"https:\/\/blogs.uef.fi\/ueflahettilaat\/wp-content\/uploads\/sites\/7\/2020\/02\/IMG_20200124_112259.jpg\" alt=\"\" width=\"4608\" height=\"3456\" srcset=\"https:\/\/blogs.uef.fi\/ueflahettilaat\/wp-content\/uploads\/sites\/7\/2020\/02\/IMG_20200124_112259.jpg 4608w, https:\/\/blogs.uef.fi\/ueflahettilaat\/wp-content\/uploads\/sites\/7\/2020\/02\/IMG_20200124_112259-768x576.jpg 768w\" sizes=\"auto, (max-width: 4608px) 100vw, 4608px\" \/><\/p>\n<p><img loading=\"lazy\" decoding=\"async\" class=\"alignnone size-full wp-image-3049\" src=\"https:\/\/blogs.uef.fi\/ueflahettilaat\/wp-content\/uploads\/sites\/7\/2020\/02\/IMG_20200124_112145.jpg\" alt=\"\" width=\"4608\" height=\"3456\" srcset=\"https:\/\/blogs.uef.fi\/ueflahettilaat\/wp-content\/uploads\/sites\/7\/2020\/02\/IMG_20200124_112145.jpg 4608w, https:\/\/blogs.uef.fi\/ueflahettilaat\/wp-content\/uploads\/sites\/7\/2020\/02\/IMG_20200124_112145-768x576.jpg 768w\" sizes=\"auto, (max-width: 4608px) 100vw, 4608px\" \/><i>Klinikalta l\u00f6ytyy my\u00f6s yksitt\u00e4isi\u00e4 hoitohuoneita, joissa mm. erikoisl\u00e4\u00e4k\u00e4rit tekev\u00e4t toimenpiteit\u00e4 opiskelijoiden avustuksella.<\/i><\/p>\n<p><b>Klinikka ja\u00a0<\/b><b>simula<\/b><b>\u00a0<\/b><b>yleisl\u00e4\u00e4kiksen<\/b><b>\u00a0opiskelijan n\u00e4k\u00f6kulmasta?<\/b><\/p>\n<p>Klinikka oli hieno, moderni ja viihtyis\u00e4!\u00a0Hoitoyksik\u00f6t olivat v\u00e4rikk\u00e4it\u00e4 ja itseasiassa opiskelijat ovat valinneet\u00a0v\u00e4rit\u00a0sek\u00e4\u00a0Simulaan\u00a0ett\u00e4 klinikalle!<\/p>\n<p><img loading=\"lazy\" decoding=\"async\" class=\"alignnone size-full wp-image-3037\" src=\"https:\/\/blogs.uef.fi\/ueflahettilaat\/wp-content\/uploads\/sites\/7\/2020\/02\/IMG_20200124_112542.jpg\" alt=\"\" width=\"4608\" height=\"3456\" srcset=\"https:\/\/blogs.uef.fi\/ueflahettilaat\/wp-content\/uploads\/sites\/7\/2020\/02\/IMG_20200124_112542.jpg 4608w, https:\/\/blogs.uef.fi\/ueflahettilaat\/wp-content\/uploads\/sites\/7\/2020\/02\/IMG_20200124_112542-768x576.jpg 768w\" sizes=\"auto, (max-width: 4608px) 100vw, 4608px\" \/><\/p>\n<p>Tilat olivat todella isot! Hampaalla opiskelijoita on huomattavasti v\u00e4hemm\u00e4n kuin\u00a0yleisl\u00e4\u00e4kiksess\u00e4\u00a0(esim. 2020 haussa\u00a0yleisell\u00e4 aloituspaikkoja 155 ja hampaalla 40), joten\u00a0kuvittelin, ett\u00e4\u00a0harjoitustilat olisivat olleet\u00a0pienemm\u00e4t.\u00a0T\u00e4m\u00e4 oli ehdottomasti positiivinen yll\u00e4tys,\u00a0sill\u00e4 on hienoa, ett\u00e4 my\u00f6s muilla aloilla on\u00a0otettu hyvin\u00a0huomioon\u00a0opiskelijoiden tarpeet!<\/p>\n<p><img loading=\"lazy\" decoding=\"async\" class=\"alignnone size-full wp-image-3045\" src=\"https:\/\/blogs.uef.fi\/ueflahettilaat\/wp-content\/uploads\/sites\/7\/2020\/02\/IMG_20200124_112250.jpg\" alt=\"\" width=\"4608\" height=\"3456\" srcset=\"https:\/\/blogs.uef.fi\/ueflahettilaat\/wp-content\/uploads\/sites\/7\/2020\/02\/IMG_20200124_112250.jpg 4608w, https:\/\/blogs.uef.fi\/ueflahettilaat\/wp-content\/uploads\/sites\/7\/2020\/02\/IMG_20200124_112250-768x576.jpg 768w\" sizes=\"auto, (max-width: 4608px) 100vw, 4608px\" \/><\/p>\n<p>Melkein iski kateus mutta onneksi meid\u00e4nkin\u00a0tiloihin\u00a0saa olla enemm\u00e4n kuin tyytyv\u00e4inen! Kev\u00e4\u00e4n aikana onkin luvassa viel\u00e4 postausta\u00a0l\u00e4\u00e4kiksen\u00a0simulaatio-opetustiloista sek\u00e4\u00a0hammasl\u00e4\u00e4kiksen,\u00a0biol\u00e4\u00e4kiksen\u00a0ja\u00a0l\u00e4\u00e4kiksen\u00a0itseopiskelutiloista<\/p>\n<p>Viivi \/\/ l\u00e4\u00e4ketiede<\/p>\n","protected":false},"excerpt":{"rendered":"<p>Terveystieteiden tiedekunnan l\u00e4hettil\u00e4\u00e4t k\u00e4viv\u00e4t tutustumassa hammasl\u00e4\u00e4ketieteen opetustiloihin.\u00a0Kuopion kampuksella Canthialla sijaitsee taitopaja ja\u00a0opetusklinikka, jotka ovat valmistuneet vuonna 2013. My\u00f6s Savonia ammattikorkeakoulun suuhygienistiopiskelijat harjoittelevat samoissa tiloissa. SIMULA ELI TAITOPAJA Hammasl\u00e4\u00e4ketieteen opiskelijat p\u00e4\u00e4sev\u00e4t harjoittelemaan\u00a0Simulaan\u00a0jo ensimm\u00e4isen\u00e4 vuonna omilla kursseillaan.\u00a0Kliinisen vaiheen alkaessa eli kolmannen vuoden syksyll\u00e4 opiskelijat siirtyv\u00e4t\u00a0Simulaan\u00a0harjoittelemaan\u00a0toimenpiteit\u00e4\u00a0ennen oikeiden potilaiden kohtaamista opetusklinikan puolella. Hoitoyksik\u00f6t ovat identtisi\u00e4\u00a0opetusklinikan\u00a0kanssa\u00a0mutta potilaana on kurssikaveri\u00a0tai\u00a0anatominen\u00a0harjoitusnukke.\u00a0Jokainen hammasl\u00e4\u00e4ketieteen [&hellip;]<\/p>\n","protected":false},"author":317,"featured_media":0,"comment_status":"open","ping_status":"closed","sticky":false,"template":"","format":"standard","meta":{"_acf_changed":false,"footnotes":""},"categories":[1],"tags":[],"class_list":["post-3029","post","type-post","status-publish","format-standard","hentry","category-uncategorized"],"acf":[],"yoast_head":"<!-- This site is optimized with the Yoast SEO plugin v27.3 - https:\/\/yoast.com\/product\/yoast-seo-wordpress\/ -->\n<title>Hammasl\u00e4\u00e4ketieteen opetustilat Kuopiossa - UEF-l\u00e4hettil\u00e4\u00e4t<\/title>\n<meta name=\"robots\" content=\"index, follow, max-snippet:-1, max-image-preview:large, max-video-preview:-1\" \/>\n<link rel=\"canonical\" href=\"https:\/\/blogs.uef.fi\/ueflahettilaat\/2020\/02\/04\/hammaslaaketieteen-opetustilat-kuopiossa\/\" \/>\n<meta property=\"og:locale\" content=\"fi_FI\" \/>\n<meta property=\"og:type\" content=\"article\" \/>\n<meta property=\"og:title\" content=\"Hammasl\u00e4\u00e4ketieteen opetustilat Kuopiossa - UEF-l\u00e4hettil\u00e4\u00e4t\" \/>\n<meta property=\"og:description\" content=\"Terveystieteiden tiedekunnan l\u00e4hettil\u00e4\u00e4t k\u00e4viv\u00e4t tutustumassa hammasl\u00e4\u00e4ketieteen opetustiloihin.\u00a0Kuopion kampuksella Canthialla sijaitsee taitopaja ja\u00a0opetusklinikka, jotka ovat valmistuneet vuonna 2013. My\u00f6s Savonia ammattikorkeakoulun suuhygienistiopiskelijat harjoittelevat samoissa tiloissa. SIMULA ELI TAITOPAJA Hammasl\u00e4\u00e4ketieteen opiskelijat p\u00e4\u00e4sev\u00e4t harjoittelemaan\u00a0Simulaan\u00a0jo ensimm\u00e4isen\u00e4 vuonna omilla kursseillaan.\u00a0Kliinisen vaiheen alkaessa eli kolmannen vuoden syksyll\u00e4 opiskelijat siirtyv\u00e4t\u00a0Simulaan\u00a0harjoittelemaan\u00a0toimenpiteit\u00e4\u00a0ennen oikeiden potilaiden kohtaamista opetusklinikan puolella. Hoitoyksik\u00f6t ovat identtisi\u00e4\u00a0opetusklinikan\u00a0kanssa\u00a0mutta potilaana on kurssikaveri\u00a0tai\u00a0anatominen\u00a0harjoitusnukke.\u00a0Jokainen hammasl\u00e4\u00e4ketieteen [&hellip;]\" \/>\n<meta property=\"og:url\" content=\"https:\/\/blogs.uef.fi\/ueflahettilaat\/2020\/02\/04\/hammaslaaketieteen-opetustilat-kuopiossa\/\" \/>\n<meta property=\"og:site_name\" content=\"UEF-l\u00e4hettil\u00e4\u00e4t\" \/>\n<meta property=\"article:published_time\" content=\"2020-02-04T13:35:18+00:00\" \/>\n<meta property=\"og:image\" content=\"https:\/\/blogs.uef.fi\/ueflahettilaat\/wp-content\/uploads\/sites\/7\/2020\/02\/IMG_20200124_112105.jpg\" \/>\n<meta name=\"author\" content=\"viivikaa\" \/>\n<meta name=\"twitter:card\" content=\"summary_large_image\" \/>\n<meta name=\"twitter:label1\" content=\"Kirjoittanut\" \/>\n\t<meta name=\"twitter:data1\" content=\"viivikaa\" \/>\n\t<meta name=\"twitter:label2\" content=\"Arvioitu lukuaika\" \/>\n\t<meta name=\"twitter:data2\" content=\"2 minuuttia\" \/>\n<script type=\"application\/ld+json\" class=\"yoast-schema-graph\">{\"@context\":\"https:\\\/\\\/schema.org\",\"@graph\":[{\"@type\":\"Article\",\"@id\":\"https:\\\/\\\/blogs.uef.fi\\\/ueflahettilaat\\\/2020\\\/02\\\/04\\\/hammaslaaketieteen-opetustilat-kuopiossa\\\/#article\",\"isPartOf\":{\"@id\":\"https:\\\/\\\/blogs.uef.fi\\\/ueflahettilaat\\\/2020\\\/02\\\/04\\\/hammaslaaketieteen-opetustilat-kuopiossa\\\/\"},\"author\":{\"name\":\"viivikaa\",\"@id\":\"https:\\\/\\\/blogs.uef.fi\\\/ueflahettilaat\\\/#\\\/schema\\\/person\\\/cf2276ce300ae1b447701238eae8bd1b\"},\"headline\":\"Hammasl\u00e4\u00e4ketieteen opetustilat Kuopiossa\",\"datePublished\":\"2020-02-04T13:35:18+00:00\",\"mainEntityOfPage\":{\"@id\":\"https:\\\/\\\/blogs.uef.fi\\\/ueflahettilaat\\\/2020\\\/02\\\/04\\\/hammaslaaketieteen-opetustilat-kuopiossa\\\/\"},\"wordCount\":307,\"commentCount\":0,\"image\":{\"@id\":\"https:\\\/\\\/blogs.uef.fi\\\/ueflahettilaat\\\/2020\\\/02\\\/04\\\/hammaslaaketieteen-opetustilat-kuopiossa\\\/#primaryimage\"},\"thumbnailUrl\":\"https:\\\/\\\/blogs.uef.fi\\\/ueflahettilaat\\\/wp-content\\\/uploads\\\/sites\\\/7\\\/2020\\\/02\\\/IMG_20200124_112105.jpg\",\"articleSection\":[\"Uncategorized\"],\"inLanguage\":\"fi\",\"potentialAction\":[{\"@type\":\"CommentAction\",\"name\":\"Comment\",\"target\":[\"https:\\\/\\\/blogs.uef.fi\\\/ueflahettilaat\\\/2020\\\/02\\\/04\\\/hammaslaaketieteen-opetustilat-kuopiossa\\\/#respond\"]}]},{\"@type\":\"WebPage\",\"@id\":\"https:\\\/\\\/blogs.uef.fi\\\/ueflahettilaat\\\/2020\\\/02\\\/04\\\/hammaslaaketieteen-opetustilat-kuopiossa\\\/\",\"url\":\"https:\\\/\\\/blogs.uef.fi\\\/ueflahettilaat\\\/2020\\\/02\\\/04\\\/hammaslaaketieteen-opetustilat-kuopiossa\\\/\",\"name\":\"Hammasl\u00e4\u00e4ketieteen opetustilat Kuopiossa - UEF-l\u00e4hettil\u00e4\u00e4t\",\"isPartOf\":{\"@id\":\"https:\\\/\\\/blogs.uef.fi\\\/ueflahettilaat\\\/#website\"},\"primaryImageOfPage\":{\"@id\":\"https:\\\/\\\/blogs.uef.fi\\\/ueflahettilaat\\\/2020\\\/02\\\/04\\\/hammaslaaketieteen-opetustilat-kuopiossa\\\/#primaryimage\"},\"image\":{\"@id\":\"https:\\\/\\\/blogs.uef.fi\\\/ueflahettilaat\\\/2020\\\/02\\\/04\\\/hammaslaaketieteen-opetustilat-kuopiossa\\\/#primaryimage\"},\"thumbnailUrl\":\"https:\\\/\\\/blogs.uef.fi\\\/ueflahettilaat\\\/wp-content\\\/uploads\\\/sites\\\/7\\\/2020\\\/02\\\/IMG_20200124_112105.jpg\",\"datePublished\":\"2020-02-04T13:35:18+00:00\",\"author\":{\"@id\":\"https:\\\/\\\/blogs.uef.fi\\\/ueflahettilaat\\\/#\\\/schema\\\/person\\\/cf2276ce300ae1b447701238eae8bd1b\"},\"breadcrumb\":{\"@id\":\"https:\\\/\\\/blogs.uef.fi\\\/ueflahettilaat\\\/2020\\\/02\\\/04\\\/hammaslaaketieteen-opetustilat-kuopiossa\\\/#breadcrumb\"},\"inLanguage\":\"fi\",\"potentialAction\":[{\"@type\":\"ReadAction\",\"target\":[\"https:\\\/\\\/blogs.uef.fi\\\/ueflahettilaat\\\/2020\\\/02\\\/04\\\/hammaslaaketieteen-opetustilat-kuopiossa\\\/\"]}]},{\"@type\":\"ImageObject\",\"inLanguage\":\"fi\",\"@id\":\"https:\\\/\\\/blogs.uef.fi\\\/ueflahettilaat\\\/2020\\\/02\\\/04\\\/hammaslaaketieteen-opetustilat-kuopiossa\\\/#primaryimage\",\"url\":\"https:\\\/\\\/blogs.uef.fi\\\/ueflahettilaat\\\/wp-content\\\/uploads\\\/sites\\\/7\\\/2020\\\/02\\\/IMG_20200124_112105.jpg\",\"contentUrl\":\"https:\\\/\\\/blogs.uef.fi\\\/ueflahettilaat\\\/wp-content\\\/uploads\\\/sites\\\/7\\\/2020\\\/02\\\/IMG_20200124_112105.jpg\",\"width\":4608,\"height\":3456},{\"@type\":\"BreadcrumbList\",\"@id\":\"https:\\\/\\\/blogs.uef.fi\\\/ueflahettilaat\\\/2020\\\/02\\\/04\\\/hammaslaaketieteen-opetustilat-kuopiossa\\\/#breadcrumb\",\"itemListElement\":[{\"@type\":\"ListItem\",\"position\":1,\"name\":\"Home\",\"item\":\"https:\\\/\\\/blogs.uef.fi\\\/ueflahettilaat\\\/\"},{\"@type\":\"ListItem\",\"position\":2,\"name\":\"Hammasl\u00e4\u00e4ketieteen opetustilat Kuopiossa\"}]},{\"@type\":\"WebSite\",\"@id\":\"https:\\\/\\\/blogs.uef.fi\\\/ueflahettilaat\\\/#website\",\"url\":\"https:\\\/\\\/blogs.uef.fi\\\/ueflahettilaat\\\/\",\"name\":\"UEF-l\u00e4hettil\u00e4\u00e4t\",\"description\":\"\",\"potentialAction\":[{\"@type\":\"SearchAction\",\"target\":{\"@type\":\"EntryPoint\",\"urlTemplate\":\"https:\\\/\\\/blogs.uef.fi\\\/ueflahettilaat\\\/?s={search_term_string}\"},\"query-input\":{\"@type\":\"PropertyValueSpecification\",\"valueRequired\":true,\"valueName\":\"search_term_string\"}}],\"inLanguage\":\"fi\"},{\"@type\":\"Person\",\"@id\":\"https:\\\/\\\/blogs.uef.fi\\\/ueflahettilaat\\\/#\\\/schema\\\/person\\\/cf2276ce300ae1b447701238eae8bd1b\",\"name\":\"viivikaa\",\"url\":\"https:\\\/\\\/blogs.uef.fi\\\/ueflahettilaat\\\/author\\\/viivikaa\\\/\"}]}<\/script>\n<!-- \/ Yoast SEO plugin. -->","yoast_head_json":{"title":"Hammasl\u00e4\u00e4ketieteen opetustilat Kuopiossa - UEF-l\u00e4hettil\u00e4\u00e4t","robots":{"index":"index","follow":"follow","max-snippet":"max-snippet:-1","max-image-preview":"max-image-preview:large","max-video-preview":"max-video-preview:-1"},"canonical":"https:\/\/blogs.uef.fi\/ueflahettilaat\/2020\/02\/04\/hammaslaaketieteen-opetustilat-kuopiossa\/","og_locale":"fi_FI","og_type":"article","og_title":"Hammasl\u00e4\u00e4ketieteen opetustilat Kuopiossa - UEF-l\u00e4hettil\u00e4\u00e4t","og_description":"Terveystieteiden tiedekunnan l\u00e4hettil\u00e4\u00e4t k\u00e4viv\u00e4t tutustumassa hammasl\u00e4\u00e4ketieteen opetustiloihin.\u00a0Kuopion kampuksella Canthialla sijaitsee taitopaja ja\u00a0opetusklinikka, jotka ovat valmistuneet vuonna 2013. My\u00f6s Savonia ammattikorkeakoulun suuhygienistiopiskelijat harjoittelevat samoissa tiloissa. SIMULA ELI TAITOPAJA Hammasl\u00e4\u00e4ketieteen opiskelijat p\u00e4\u00e4sev\u00e4t harjoittelemaan\u00a0Simulaan\u00a0jo ensimm\u00e4isen\u00e4 vuonna omilla kursseillaan.\u00a0Kliinisen vaiheen alkaessa eli kolmannen vuoden syksyll\u00e4 opiskelijat siirtyv\u00e4t\u00a0Simulaan\u00a0harjoittelemaan\u00a0toimenpiteit\u00e4\u00a0ennen oikeiden potilaiden kohtaamista opetusklinikan puolella. Hoitoyksik\u00f6t ovat identtisi\u00e4\u00a0opetusklinikan\u00a0kanssa\u00a0mutta potilaana on kurssikaveri\u00a0tai\u00a0anatominen\u00a0harjoitusnukke.\u00a0Jokainen hammasl\u00e4\u00e4ketieteen [&hellip;]","og_url":"https:\/\/blogs.uef.fi\/ueflahettilaat\/2020\/02\/04\/hammaslaaketieteen-opetustilat-kuopiossa\/","og_site_name":"UEF-l\u00e4hettil\u00e4\u00e4t","article_published_time":"2020-02-04T13:35:18+00:00","og_image":[{"url":"https:\/\/blogs.uef.fi\/ueflahettilaat\/wp-content\/uploads\/sites\/7\/2020\/02\/IMG_20200124_112105.jpg","type":"","width":"","height":""}],"author":"viivikaa","twitter_card":"summary_large_image","twitter_misc":{"Kirjoittanut":"viivikaa","Arvioitu lukuaika":"2 minuuttia"},"schema":{"@context":"https:\/\/schema.org","@graph":[{"@type":"Article","@id":"https:\/\/blogs.uef.fi\/ueflahettilaat\/2020\/02\/04\/hammaslaaketieteen-opetustilat-kuopiossa\/#article","isPartOf":{"@id":"https:\/\/blogs.uef.fi\/ueflahettilaat\/2020\/02\/04\/hammaslaaketieteen-opetustilat-kuopiossa\/"},"author":{"name":"viivikaa","@id":"https:\/\/blogs.uef.fi\/ueflahettilaat\/#\/schema\/person\/cf2276ce300ae1b447701238eae8bd1b"},"headline":"Hammasl\u00e4\u00e4ketieteen opetustilat Kuopiossa","datePublished":"2020-02-04T13:35:18+00:00","mainEntityOfPage":{"@id":"https:\/\/blogs.uef.fi\/ueflahettilaat\/2020\/02\/04\/hammaslaaketieteen-opetustilat-kuopiossa\/"},"wordCount":307,"commentCount":0,"image":{"@id":"https:\/\/blogs.uef.fi\/ueflahettilaat\/2020\/02\/04\/hammaslaaketieteen-opetustilat-kuopiossa\/#primaryimage"},"thumbnailUrl":"https:\/\/blogs.uef.fi\/ueflahettilaat\/wp-content\/uploads\/sites\/7\/2020\/02\/IMG_20200124_112105.jpg","articleSection":["Uncategorized"],"inLanguage":"fi","potentialAction":[{"@type":"CommentAction","name":"Comment","target":["https:\/\/blogs.uef.fi\/ueflahettilaat\/2020\/02\/04\/hammaslaaketieteen-opetustilat-kuopiossa\/#respond"]}]},{"@type":"WebPage","@id":"https:\/\/blogs.uef.fi\/ueflahettilaat\/2020\/02\/04\/hammaslaaketieteen-opetustilat-kuopiossa\/","url":"https:\/\/blogs.uef.fi\/ueflahettilaat\/2020\/02\/04\/hammaslaaketieteen-opetustilat-kuopiossa\/","name":"Hammasl\u00e4\u00e4ketieteen opetustilat Kuopiossa - UEF-l\u00e4hettil\u00e4\u00e4t","isPartOf":{"@id":"https:\/\/blogs.uef.fi\/ueflahettilaat\/#website"},"primaryImageOfPage":{"@id":"https:\/\/blogs.uef.fi\/ueflahettilaat\/2020\/02\/04\/hammaslaaketieteen-opetustilat-kuopiossa\/#primaryimage"},"image":{"@id":"https:\/\/blogs.uef.fi\/ueflahettilaat\/2020\/02\/04\/hammaslaaketieteen-opetustilat-kuopiossa\/#primaryimage"},"thumbnailUrl":"https:\/\/blogs.uef.fi\/ueflahettilaat\/wp-content\/uploads\/sites\/7\/2020\/02\/IMG_20200124_112105.jpg","datePublished":"2020-02-04T13:35:18+00:00","author":{"@id":"https:\/\/blogs.uef.fi\/ueflahettilaat\/#\/schema\/person\/cf2276ce300ae1b447701238eae8bd1b"},"breadcrumb":{"@id":"https:\/\/blogs.uef.fi\/ueflahettilaat\/2020\/02\/04\/hammaslaaketieteen-opetustilat-kuopiossa\/#breadcrumb"},"inLanguage":"fi","potentialAction":[{"@type":"ReadAction","target":["https:\/\/blogs.uef.fi\/ueflahettilaat\/2020\/02\/04\/hammaslaaketieteen-opetustilat-kuopiossa\/"]}]},{"@type":"ImageObject","inLanguage":"fi","@id":"https:\/\/blogs.uef.fi\/ueflahettilaat\/2020\/02\/04\/hammaslaaketieteen-opetustilat-kuopiossa\/#primaryimage","url":"https:\/\/blogs.uef.fi\/ueflahettilaat\/wp-content\/uploads\/sites\/7\/2020\/02\/IMG_20200124_112105.jpg","contentUrl":"https:\/\/blogs.uef.fi\/ueflahettilaat\/wp-content\/uploads\/sites\/7\/2020\/02\/IMG_20200124_112105.jpg","width":4608,"height":3456},{"@type":"BreadcrumbList","@id":"https:\/\/blogs.uef.fi\/ueflahettilaat\/2020\/02\/04\/hammaslaaketieteen-opetustilat-kuopiossa\/#breadcrumb","itemListElement":[{"@type":"ListItem","position":1,"name":"Home","item":"https:\/\/blogs.uef.fi\/ueflahettilaat\/"},{"@type":"ListItem","position":2,"name":"Hammasl\u00e4\u00e4ketieteen opetustilat Kuopiossa"}]},{"@type":"WebSite","@id":"https:\/\/blogs.uef.fi\/ueflahettilaat\/#website","url":"https:\/\/blogs.uef.fi\/ueflahettilaat\/","name":"UEF-l\u00e4hettil\u00e4\u00e4t","description":"","potentialAction":[{"@type":"SearchAction","target":{"@type":"EntryPoint","urlTemplate":"https:\/\/blogs.uef.fi\/ueflahettilaat\/?s={search_term_string}"},"query-input":{"@type":"PropertyValueSpecification","valueRequired":true,"valueName":"search_term_string"}}],"inLanguage":"fi"},{"@type":"Person","@id":"https:\/\/blogs.uef.fi\/ueflahettilaat\/#\/schema\/person\/cf2276ce300ae1b447701238eae8bd1b","name":"viivikaa","url":"https:\/\/blogs.uef.fi\/ueflahettilaat\/author\/viivikaa\/"}]}},"_links":{"self":[{"href":"https:\/\/blogs.uef.fi\/ueflahettilaat\/wp-json\/wp\/v2\/posts\/3029","targetHints":{"allow":["GET"]}}],"collection":[{"href":"https:\/\/blogs.uef.fi\/ueflahettilaat\/wp-json\/wp\/v2\/posts"}],"about":[{"href":"https:\/\/blogs.uef.fi\/ueflahettilaat\/wp-json\/wp\/v2\/types\/post"}],"author":[{"embeddable":true,"href":"https:\/\/blogs.uef.fi\/ueflahettilaat\/wp-json\/wp\/v2\/users\/317"}],"replies":[{"embeddable":true,"href":"https:\/\/blogs.uef.fi\/ueflahettilaat\/wp-json\/wp\/v2\/comments?post=3029"}],"version-history":[{"count":2,"href":"https:\/\/blogs.uef.fi\/ueflahettilaat\/wp-json\/wp\/v2\/posts\/3029\/revisions"}],"predecessor-version":[{"id":3059,"href":"https:\/\/blogs.uef.fi\/ueflahettilaat\/wp-json\/wp\/v2\/posts\/3029\/revisions\/3059"}],"wp:attachment":[{"href":"https:\/\/blogs.uef.fi\/ueflahettilaat\/wp-json\/wp\/v2\/media?parent=3029"}],"wp:term":[{"taxonomy":"category","embeddable":true,"href":"https:\/\/blogs.uef.fi\/ueflahettilaat\/wp-json\/wp\/v2\/categories?post=3029"},{"taxonomy":"post_tag","embeddable":true,"href":"https:\/\/blogs.uef.fi\/ueflahettilaat\/wp-json\/wp\/v2\/tags?post=3029"}],"curies":[{"name":"wp","href":"https:\/\/api.w.org\/{rel}","templated":true}]}}