{"id":226,"date":"2021-06-24T05:16:11","date_gmt":"2021-06-24T05:16:11","guid":{"rendered":"https:\/\/blogs.uef.fi\/uef-erikoislaakari\/?p=226"},"modified":"2023-12-08T10:30:39","modified_gmt":"2023-12-08T10:30:39","slug":"koulutusvayla-mika-se-on-ja-miten-se-tehdaan","status":"publish","type":"post","link":"https:\/\/blogs.uef.fi\/uef-erikoislaakari\/2021\/06\/24\/koulutusvayla-mika-se-on-ja-miten-se-tehdaan\/","title":{"rendered":"Koulutusv\u00e4yl\u00e4 \u2013 mik\u00e4 se on ja miten se tehd\u00e4\u00e4n?"},"content":{"rendered":"\n<p>Sain koordinaattorihommissa valtakunnalliselle erityisvastuulleni kaksi asiaa: erikoisl\u00e4\u00e4k\u00e4rikoulutuksen laadun ja koulutusv\u00e4ylien edist\u00e4misen. Eiv\u00e4t ole ihan pieni\u00e4 kakkuja \u2013 mutta pala kerrallaan etenev\u00e4t uudistuksen edetess\u00e4. T\u00e4ss\u00e4 kirjoituksessa jatkan aiemman blogini aihepiirist\u00e4 eteenp\u00e4in hieman konkreettisemalla esityksell\u00e4 koulutusv\u00e4ylien alkuun saattamiseksi.<\/p>\n\n\n\n<p><span style=\"color: #008000\">Aiempi blogini t\u00e4ss\u00e4:<a style=\"color: #008000\" href=\"https:\/\/blogs.uef.fi\/uef-erikoislaakari\/2020\/02\/\">https:\/\/blogs.uef.fi\/uef-erikoislaakari\/2020\/02\/<\/a><\/span><\/p>\n\n\n\n<p><strong>Erikoistuminen on akateeminen oppisopimuskoulutus<\/strong><\/p>\n\n\n\n<p>Erikoistumiskoulutus tapahtuu p\u00e4\u00e4osin ty\u00f6ss\u00e4 oppimalla (\u201doppisopimuskoulutus\u201d). Opintosis\u00e4ll\u00f6t m\u00e4\u00e4ritt\u00e4\u00e4 erikoisala itse ja yliopistot vastaavat sis\u00e4ll\u00f6ist\u00e4 (valtakunnalliset opinto-oppaat). Koulutus puolestaan annetaan p\u00e4\u00e4osin terveydenhuollon palveluj\u00e4rjestelm\u00e4ss\u00e4 eli tuttavallisemmin ty\u00f6paikoilla.<\/p>\n\n\n\n<p><span style=\"color: #008000\">Opinto-oppaat l\u00f6yd\u00e4t t\u00e4\u00e4lt\u00e4 (uudet p\u00e4ivittyv\u00e4t 1.8.2021) <a style=\"color: #008000\" href=\"https:\/\/www.laaketieteelliset.fi\/ammatillinen-jatkokoulutus\/opinto-oppaat\/\">https:\/\/www.laaketieteelliset.fi\/ammatillinen-jatkokoulutus\/opinto-oppaat\/<\/a><\/span><\/p>\n\n\n\n<p>Koulutusv\u00e4yl\u00e4 puolestaan on aikalailla abstrakti k\u00e4site, jolla kuvataan kunkin erikoisalan sis\u00e4ist\u00e4 tapaa hoitaa erikoistuvan koulutus ty\u00f6paikkojen ja yliopiston v\u00e4lill\u00e4 niin, ett\u00e4 erikoistuvasta l\u00e4\u00e4k\u00e4rist\u00e4 koulutetaan mahdollisimman sujuvasti ja oikea-aikaisesti ja laadukkaasti valmis, ty\u00f6ns\u00e4 osaava ja hallitseva erikoisl\u00e4\u00e4k\u00e4ri. V\u00e4yl\u00e4ajatus kuvaa \u201dvet\u00e4v\u00e4\u00e4 ja sujuvaa\u201d jatkumoa erikoistumisen eri osa-alueiden v\u00e4lill\u00e4.<\/p>\n\n\n\n<p><strong>Odotukset ovat korkealla<\/strong><\/p>\n\n\n\n<p>Koulutusv\u00e4yl\u00e4lt\u00e4 odotetaan koulutusta ty\u00f6paikan ohessa, lis\u00e4ksi l\u00e4pin\u00e4kyvyytt\u00e4 eri koulutus \u2013 ja ty\u00f6paikkojen jaossa ja toivotaan my\u00f6s koulutuksen tasalaatuisuutta ja jonojen puutetta. V\u00e4yl\u00e4ll\u00e4 ei saisi olla pahoja kapeikkoja eik\u00e4 ruuhkia.<\/p>\n\n\n\n<p>Lis\u00e4ksi v\u00e4yl\u00e4lt\u00e4 toivotaan valtakunnallisuutta, mutta toisaalta paikallisuutta, jotta maakunta tai hyvinvointialue voisi jatkossa j\u00e4rjest\u00e4\u00e4 asiat niin, ett\u00e4 muuttaminen ja lyhyiden ty\u00f6suhteiden aiheuttamat ongelmat eiv\u00e4t korostuisi (esimerkiksi jatkuva vuosilomien palaminen ty\u00f6paikkoja vaihtaessa). V\u00e4yl\u00e4lt\u00e4 odotetaan my\u00f6s vapautta valita ja joustoa muuttuvissa tilanteissa, kun esimerkiksi perhe kasvaa tai tutkimusty\u00f6 tulee osaksi el\u00e4m\u00e4\u00e4. Ty\u00f6nantajan osalta v\u00e4yl\u00e4lt\u00e4 odotetaan mahdollisuutta ennakoida koulutettavien liikett\u00e4 ja pit\u00e4\u00e4 huolta siit\u00e4 ett\u00e4 ty\u00f6ntekij\u00f6it\u00e4 on riitt\u00e4v\u00e4sti kussakin koulutuspaikassa alueen tarpeisiin n\u00e4hden.<\/p>\n\n\n\n<p><strong>Muutakin kuin ty\u00f6t\u00e4?<\/strong><\/p>\n\n\n\n<p>Uuden erikoistumiskoulutuksen ty\u00f6ss\u00e4oppimisen tulisi olla rakenteista, suunnitelmallista ja osaamisperustaista, sis\u00e4lt\u00e4en koulutuksen, arvioinnin ja palautteen. Erikoistumiskoulutuksen muut osat: teoreettinen kurssimuotoinen koulutus, johtamisopinnot (10 op), erikoisl\u00e4\u00e4k\u00e4rikuulustelu ja siihen valmistautuminen tulisi my\u00f6s huomioida v\u00e4yl\u00e4\u00e4 suunniteltaessa, jotta kaikki asiat eiv\u00e4t olen samanaikaisia ja yhden koulutuspaikan varassa.<\/p>\n\n\n\n<p><span style=\"color: #008000\">Koulutuspaikat ja niihin liittyv\u00e4t sopimukset l\u00f6yd\u00e4t t\u00e4st <a style=\"color: #008000\" href=\"https:\/\/www.laaketieteelliset.fi\/ammatillinen-jatkokoulutus\/koulutuspaikat\">https:\/\/www.laaketieteelliset.fi\/ammatillinen-jatkokoulutus\/koulutuspaikat<\/a><\/span><\/p>\n\n\n\n<p><strong>Alat ovat erilaisia<\/strong><\/p>\n\n\n\n<p>Meill\u00e4 on kaikkiaan 50 erikoisalaa ja hammasl\u00e4\u00e4ketieteell\u00e4 lis\u00e4\u00e4. Kaikki alat poikkeavat hyvinkin paljon toisistaan koulutusv\u00e4yl\u00e4n vinkkelist\u00e4. Geneerist\u00e4 kaikille sopivaa v\u00e4yl\u00e4\u00e4 on hankala suunnitella ja siksi vastuu homman sujuvuudesta j\u00e4\u00e4kin pitk\u00e4lle erikoisalan omalle vastuulle ja viel\u00e4 p\u00e4\u00e4osin yliopistokohtaisesti. T\u00e4ll\u00e4 er\u00e4\u00e4 meilt\u00e4 puuttuu my\u00f6s olennaisia ty\u00f6kaluja v\u00e4yl\u00e4n hallinnointiin, mutta t\u00e4ll\u00e4kin hetkell\u00e4 erikoistuvat liikkuvat ja valmistuvat, joten mahdollisuuksia on. Hyvi\u00e4 ty\u00f6kaluja ovat opintohallinnon tiedot erikoistuvien opinto-oikeuksista, koulutuspaikkojen kriteerit, jatkossa visitaatio-ohjeet ja v. 2022 ELSA &#8211; j\u00e4rjestelm\u00e4. Rahoituksesta voi kirjoittaa syksymm\u00e4ll\u00e4: sen voi <span style=\"color: #000000\">sanoa, ett\u00e4 sit\u00e4kin olisi tarpeen uudistaa ja asia on vireill\u00e4 STM koordinaatiojaoston ty\u00f6ryhm\u00e4ss\u00e4. Paremman puutteessa seuraavassa esit\u00e4n ns. savolaisen mallin koulutusv\u00e4ylien &#8221;beta-versioksi&#8221;, viisi vinkki\u00e4 koulutuksen vastuuhenkil\u00f6lle, kuinka p\u00e4\u00e4st\u00e4 alkuun.&nbsp;<\/span><\/p>\n\n\n\n<p><span style=\"color: #008000\"><a style=\"color: #008000\" href=\"https:\/\/www.laaketieteelliset.fi\/ammatillinen-jatkokoulutus\/el-koulutus\/\">Erikoisl\u00e4\u00e4k\u00e4rikoulutus | L\u00e4\u00e4ketieteelliset.fi (laaketieteelliset.fi)<\/a><i><\/i><\/span><\/p>\n\n\n\n<p><span style=\"color: #008000\"><a style=\"color: #008000\" href=\"https:\/\/www.laaketieteelliset.fi\/ammatillinen-jatkokoulutus\/ehl-koulutus\/\">Erikoishammasl\u00e4\u00e4k\u00e4rikoulutus | L\u00e4\u00e4ketieteelliset.fi (laaketieteelliset.fi)<\/a><\/span><\/p>\n\n\n\n<p><span style=\"color: #ff0000\"><strong>5 vinkki\u00e4 koulutusv\u00e4yl\u00e4n rakentamiseen koulutuksen vastuuhenkil\u00f6ille (ja ty\u00f6tovereilleen)<\/strong><\/span><\/p>\n\n\n\n<ol class=\"wp-block-list\">\n<li><span style=\"color: #ff0000\"><strong>Sovitaan tapaaminen<\/strong><\/span><\/li>\n<\/ol>\n\n\n\n<p>Proffa tai muu koulutuksen vastuuhenkil\u00f6 yliopistolla<\/p>\n\n\n\n<ul class=\"wp-block-list\">\n<li>Laita email tai soita alueesi koulutuspaikkojen vastuukouluttajille (eli sairaaloiden ylil\u00e4\u00e4k\u00e4reille)<\/li>\n\n\n\n<li>&nbsp;Kerro ett\u00e4 nyt aletaan tekem\u00e4\u00e4n koulutusv\u00e4yl\u00e4\u00e4 meid\u00e4n alalle meid\u00e4n yliopiston alueella ja sovi tapaaminen \u2013 LIVE tai TEAMS.<\/li>\n\n\n\n<li>Ennen tapaamista selvit\u00e4 opintotoimiston antamasta listauksesta joko itse tai KOVA[1]l\u00e4\u00e4k\u00e4rin tai kliinisen open kanssa aktiiviset opinto-oikeudet ja miss\u00e4 erikoistuvat t\u00e4ll\u00e4 er\u00e4\u00e4 ovat. Poista ei aktiiviset (suostumuksella).<\/li>\n<\/ul>\n\n\n\n<ol class=\"wp-block-list\" start=\"2\">\n<li><span style=\"color: #ff0000\"><strong> Mit\u00e4 tapaamisessa tehd\u00e4\u00e4n?<\/strong><\/span><\/li>\n<\/ol>\n\n\n\n<ul class=\"wp-block-list\">\n<li>Tapaamisen aluksi kertaa opinto-oppaan tekstit ja m\u00e4\u00e4r\u00e4ykset (uusi ja vanha) ja koulutusv\u00e4yl\u00e4n ja uudistuksen perusidea (joustava, yksil\u00f6llinen)<\/li>\n\n\n\n<li>K\u00e4yk\u00e4\u00e4 l\u00e4pi koulutuspaikkasopimuksesta koulutuspaikan kriteerit. T\u00e4yttyyk\u00f6 joka paikassa, ellei, mit\u00e4 voidaan tehd\u00e4 ett\u00e4 t\u00e4yttyisi?<\/li>\n\n\n\n<li>Sopikaa visitaatiot: (kyl\u00e4ss\u00e4 k\u00e4ynti) arvioidaan kevyesti alan koulutuspaikat (my\u00f6s erikoistuvan silmin) \u2013 ohjeet visitaatiosta tulevat opintohallintojen sivuille syksyll\u00e4 2021. My\u00f6s yliopistoklinikat pit\u00e4\u00e4 arvioida.<\/li>\n\n\n\n<li>Sovitaan mit\u00e4 asioista erikoistumisesta voidaan suorittaa miss\u00e4kin (asiat, joskus my\u00f6s aikam\u00e4\u00e4reet edell\u00e4). Sopikaa teoreettisen koulutuksen ja johtamiskoulutuksen pelis\u00e4\u00e4nn\u00f6ist\u00e4.<\/li>\n\n\n\n<li>K\u00e4yk\u00e4\u00e4 l\u00e4pi nykyinen tapa hoitaa erikoistuvan liike ERVAssa.<\/li>\n\n\n\n<li>Mitk\u00e4 asiat on hyvin = pid\u00e4 ne \u2022 Mitk\u00e4 asiat eiv\u00e4t toimi = diskaa ne tai korjaa<\/li>\n<\/ul>\n\n\n\n<ol class=\"wp-block-list\" start=\"3\">\n<li><span style=\"color: #ff0000\"><strong> Erikoistuvien ja opinto-oikeuksien kartoitus<\/strong><\/span><\/li>\n<\/ol>\n\n\n\n<ul class=\"wp-block-list\">\n<li>Sopikaa kaikkien erikoistuvien kanssa teht\u00e4v\u00e4st\u00e4 henkil\u00f6kohtaisesta koulutussuunnitelmasta. Sopikaa mentorin \/ tuutorin valinnasta. Jatkossa uusien opinto-oikeuksien my\u00f6t\u00e4 suunnitelkaa jo hakumenettelyn j\u00e4lkeen koulutussuunnitelma ja koejakson suorittamispaikka \u2013 ja aika uusille valituille.<\/li>\n<\/ul>\n\n\n\n<ol class=\"wp-block-list\" start=\"4\">\n<li><span style=\"color: #ff0000\"><strong> Miten vapaat koulutuspaikat\/virat\/ muut ty\u00f6mahdollisuudet ilmoitetaan erikoistuville?<\/strong><\/span><\/li>\n<\/ol>\n\n\n\n<ul class=\"wp-block-list\">\n<li>Sopikaa kuinka saatte n\u00e4kyviin ja vapaaseen hakuun kaikki alueenne erikoistuvan vakanssit\/ty\u00f6sijaisuudet =l\u00e4pin\u00e4kyvyys.<\/li>\n<\/ul>\n\n\n\n<ol class=\"wp-block-list\" start=\"5\">\n<li><strong><span style=\"color: #ff0000\">&nbsp;Puhukaa toisillenne<\/span> <\/strong><\/li>\n<\/ol>\n\n\n\n<ul class=\"wp-block-list\">\n<li>Tavatkaa s\u00e4\u00e4nn\u00f6llisesti 1\/kk. Ja aina kun erikoistuva vaihtaa yksik\u00f6st\u00e4 toiseen, j\u00e4rjest\u00e4k\u00e4\u00e4 v\u00e4liarvio ja saattaen vaihto esim. KOVA-l\u00e4\u00e4k\u00e4rin ohjaamana tai l\u00e4hikouluttajana toimivien erikoisl\u00e4\u00e4k\u00e4rien kesken.<\/li>\n<\/ul>\n\n\n\n<p><em>Kyll\u00e4 t\u00e4m\u00e4 kuulkaa t\u00e4st\u00e4 pikkuhiljaa lutviutuu. T\u00e4rke\u00e4\u00e4 on ett\u00e4 koulutuksen vastuuhenkil\u00f6 saa rinnalleen riitt\u00e4v\u00e4sti toimijoita tekem\u00e4\u00e4n asiaa yhdess\u00e4. Yksin t\u00e4t\u00e4 ei kukaan voi tehd\u00e4. Ilmiantakaa minulle toimivia koulutusv\u00e4yli\u00e4 tai niiden osia, niin tehd\u00e4\u00e4n niist\u00e4 malleja muille!<\/em><\/p>\n\n\n\n<p>Iloista kes\u00e4\u00e4 kaikille<\/p>\n\n\n\n<p>Anne-Mari<\/p>\n","protected":false},"excerpt":{"rendered":"<p>Sain koordinaattorihommissa valtakunnalliselle erityisvastuulleni kaksi asiaa: erikoisl\u00e4\u00e4k\u00e4rikoulutuksen laadun ja koulutusv\u00e4ylien edist\u00e4misen. Eiv\u00e4t ole ihan pieni\u00e4 kakkuja \u2013 mutta pala kerrallaan etenev\u00e4t uudistuksen edetess\u00e4. T\u00e4ss\u00e4 kirjoituksessa jatkan aiemman blogini aihepiirist\u00e4 eteenp\u00e4in hieman konkreettisemalla esityksell\u00e4 koulutusv\u00e4ylien alkuun saattamiseksi. Aiempi blogini t\u00e4ss\u00e4:https:\/\/blogs.uef.fi\/uef-erikoislaakari\/2020\/02\/ Erikoistuminen on akateeminen oppisopimuskoulutus Erikoistumiskoulutus tapahtuu p\u00e4\u00e4osin ty\u00f6ss\u00e4 oppimalla (\u201doppisopimuskoulutus\u201d). Opintosis\u00e4ll\u00f6t m\u00e4\u00e4ritt\u00e4\u00e4 erikoisala itse ja yliopistot [&hellip;]<\/p>\n","protected":false},"author":331,"featured_media":0,"comment_status":"open","ping_status":"open","sticky":false,"template":"","format":"standard","meta":{"_acf_changed":false,"footnotes":""},"categories":[1],"tags":[],"class_list":["post-226","post","type-post","status-publish","format-standard","hentry","category-uncategorized-fi"],"acf":[],"yoast_head":"<!-- This site is optimized with the Yoast SEO plugin v27.3 - https:\/\/yoast.com\/product\/yoast-seo-wordpress\/ -->\n<title>Koulutusv\u00e4yl\u00e4 \u2013 mik\u00e4 se on ja miten se tehd\u00e4\u00e4n? - UEF-erikoisl\u00e4\u00e4k\u00e4ri<\/title>\n<meta name=\"robots\" content=\"index, follow, max-snippet:-1, max-image-preview:large, max-video-preview:-1\" \/>\n<link rel=\"canonical\" href=\"https:\/\/blogs.uef.fi\/uef-erikoislaakari\/2021\/06\/24\/koulutusvayla-mika-se-on-ja-miten-se-tehdaan\/\" \/>\n<meta property=\"og:locale\" content=\"fi_FI\" \/>\n<meta property=\"og:type\" content=\"article\" \/>\n<meta property=\"og:title\" content=\"Koulutusv\u00e4yl\u00e4 \u2013 mik\u00e4 se on ja miten se tehd\u00e4\u00e4n? - UEF-erikoisl\u00e4\u00e4k\u00e4ri\" \/>\n<meta property=\"og:description\" content=\"Sain koordinaattorihommissa valtakunnalliselle erityisvastuulleni kaksi asiaa: erikoisl\u00e4\u00e4k\u00e4rikoulutuksen laadun ja koulutusv\u00e4ylien edist\u00e4misen. Eiv\u00e4t ole ihan pieni\u00e4 kakkuja \u2013 mutta pala kerrallaan etenev\u00e4t uudistuksen edetess\u00e4. T\u00e4ss\u00e4 kirjoituksessa jatkan aiemman blogini aihepiirist\u00e4 eteenp\u00e4in hieman konkreettisemalla esityksell\u00e4 koulutusv\u00e4ylien alkuun saattamiseksi. Aiempi blogini t\u00e4ss\u00e4:https:\/\/blogs.uef.fi\/uef-erikoislaakari\/2020\/02\/ Erikoistuminen on akateeminen oppisopimuskoulutus Erikoistumiskoulutus tapahtuu p\u00e4\u00e4osin ty\u00f6ss\u00e4 oppimalla (\u201doppisopimuskoulutus\u201d). Opintosis\u00e4ll\u00f6t m\u00e4\u00e4ritt\u00e4\u00e4 erikoisala itse ja yliopistot [&hellip;]\" \/>\n<meta property=\"og:url\" content=\"https:\/\/blogs.uef.fi\/uef-erikoislaakari\/2021\/06\/24\/koulutusvayla-mika-se-on-ja-miten-se-tehdaan\/\" \/>\n<meta property=\"og:site_name\" content=\"UEF-erikoisl\u00e4\u00e4k\u00e4ri\" \/>\n<meta property=\"article:published_time\" content=\"2021-06-24T05:16:11+00:00\" \/>\n<meta property=\"article:modified_time\" content=\"2023-12-08T10:30:39+00:00\" \/>\n<meta name=\"author\" content=\"annemka\" \/>\n<meta name=\"twitter:card\" content=\"summary_large_image\" \/>\n<meta name=\"twitter:label1\" content=\"Kirjoittanut\" \/>\n\t<meta name=\"twitter:data1\" content=\"annemka\" \/>\n\t<meta name=\"twitter:label2\" content=\"Arvioitu lukuaika\" \/>\n\t<meta name=\"twitter:data2\" content=\"3 minuuttia\" \/>\n<script type=\"application\/ld+json\" class=\"yoast-schema-graph\">{\"@context\":\"https:\\\/\\\/schema.org\",\"@graph\":[{\"@type\":\"Article\",\"@id\":\"https:\\\/\\\/blogs.uef.fi\\\/uef-erikoislaakari\\\/2021\\\/06\\\/24\\\/koulutusvayla-mika-se-on-ja-miten-se-tehdaan\\\/#article\",\"isPartOf\":{\"@id\":\"https:\\\/\\\/blogs.uef.fi\\\/uef-erikoislaakari\\\/2021\\\/06\\\/24\\\/koulutusvayla-mika-se-on-ja-miten-se-tehdaan\\\/\"},\"author\":{\"name\":\"annemka\",\"@id\":\"https:\\\/\\\/blogs.uef.fi\\\/uef-erikoislaakari\\\/#\\\/schema\\\/person\\\/58c024b042d329979ae7706ed4b70aaf\"},\"headline\":\"Koulutusv\u00e4yl\u00e4 \u2013 mik\u00e4 se on ja miten se tehd\u00e4\u00e4n?\",\"datePublished\":\"2021-06-24T05:16:11+00:00\",\"dateModified\":\"2023-12-08T10:30:39+00:00\",\"mainEntityOfPage\":{\"@id\":\"https:\\\/\\\/blogs.uef.fi\\\/uef-erikoislaakari\\\/2021\\\/06\\\/24\\\/koulutusvayla-mika-se-on-ja-miten-se-tehdaan\\\/\"},\"wordCount\":878,\"commentCount\":0,\"articleSection\":[\"Uncategorized @fi\"],\"inLanguage\":\"fi\",\"potentialAction\":[{\"@type\":\"CommentAction\",\"name\":\"Comment\",\"target\":[\"https:\\\/\\\/blogs.uef.fi\\\/uef-erikoislaakari\\\/2021\\\/06\\\/24\\\/koulutusvayla-mika-se-on-ja-miten-se-tehdaan\\\/#respond\"]}]},{\"@type\":\"WebPage\",\"@id\":\"https:\\\/\\\/blogs.uef.fi\\\/uef-erikoislaakari\\\/2021\\\/06\\\/24\\\/koulutusvayla-mika-se-on-ja-miten-se-tehdaan\\\/\",\"url\":\"https:\\\/\\\/blogs.uef.fi\\\/uef-erikoislaakari\\\/2021\\\/06\\\/24\\\/koulutusvayla-mika-se-on-ja-miten-se-tehdaan\\\/\",\"name\":\"Koulutusv\u00e4yl\u00e4 \u2013 mik\u00e4 se on ja miten se tehd\u00e4\u00e4n? - UEF-erikoisl\u00e4\u00e4k\u00e4ri\",\"isPartOf\":{\"@id\":\"https:\\\/\\\/blogs.uef.fi\\\/uef-erikoislaakari\\\/#website\"},\"datePublished\":\"2021-06-24T05:16:11+00:00\",\"dateModified\":\"2023-12-08T10:30:39+00:00\",\"author\":{\"@id\":\"https:\\\/\\\/blogs.uef.fi\\\/uef-erikoislaakari\\\/#\\\/schema\\\/person\\\/58c024b042d329979ae7706ed4b70aaf\"},\"breadcrumb\":{\"@id\":\"https:\\\/\\\/blogs.uef.fi\\\/uef-erikoislaakari\\\/2021\\\/06\\\/24\\\/koulutusvayla-mika-se-on-ja-miten-se-tehdaan\\\/#breadcrumb\"},\"inLanguage\":\"fi\",\"potentialAction\":[{\"@type\":\"ReadAction\",\"target\":[\"https:\\\/\\\/blogs.uef.fi\\\/uef-erikoislaakari\\\/2021\\\/06\\\/24\\\/koulutusvayla-mika-se-on-ja-miten-se-tehdaan\\\/\"]}]},{\"@type\":\"BreadcrumbList\",\"@id\":\"https:\\\/\\\/blogs.uef.fi\\\/uef-erikoislaakari\\\/2021\\\/06\\\/24\\\/koulutusvayla-mika-se-on-ja-miten-se-tehdaan\\\/#breadcrumb\",\"itemListElement\":[{\"@type\":\"ListItem\",\"position\":1,\"name\":\"Home\",\"item\":\"https:\\\/\\\/blogs.uef.fi\\\/uef-erikoislaakari\\\/\"},{\"@type\":\"ListItem\",\"position\":2,\"name\":\"Koulutusv\u00e4yl\u00e4 \u2013 mik\u00e4 se on ja miten se tehd\u00e4\u00e4n?\"}]},{\"@type\":\"WebSite\",\"@id\":\"https:\\\/\\\/blogs.uef.fi\\\/uef-erikoislaakari\\\/#website\",\"url\":\"https:\\\/\\\/blogs.uef.fi\\\/uef-erikoislaakari\\\/\",\"name\":\"UEF-erikoisl\u00e4\u00e4k\u00e4ri\",\"description\":\"\",\"potentialAction\":[{\"@type\":\"SearchAction\",\"target\":{\"@type\":\"EntryPoint\",\"urlTemplate\":\"https:\\\/\\\/blogs.uef.fi\\\/uef-erikoislaakari\\\/?s={search_term_string}\"},\"query-input\":{\"@type\":\"PropertyValueSpecification\",\"valueRequired\":true,\"valueName\":\"search_term_string\"}}],\"inLanguage\":\"fi\"},{\"@type\":\"Person\",\"@id\":\"https:\\\/\\\/blogs.uef.fi\\\/uef-erikoislaakari\\\/#\\\/schema\\\/person\\\/58c024b042d329979ae7706ed4b70aaf\",\"name\":\"annemka\",\"image\":{\"@type\":\"ImageObject\",\"inLanguage\":\"fi\",\"@id\":\"https:\\\/\\\/secure.gravatar.com\\\/avatar\\\/279bfa516a1042e0de21d52ef45c64881ca72e234f04fc50863445f0915f61ba?s=96&d=mm&r=g\",\"url\":\"https:\\\/\\\/secure.gravatar.com\\\/avatar\\\/279bfa516a1042e0de21d52ef45c64881ca72e234f04fc50863445f0915f61ba?s=96&d=mm&r=g\",\"contentUrl\":\"https:\\\/\\\/secure.gravatar.com\\\/avatar\\\/279bfa516a1042e0de21d52ef45c64881ca72e234f04fc50863445f0915f61ba?s=96&d=mm&r=g\",\"caption\":\"annemka\"},\"url\":\"https:\\\/\\\/blogs.uef.fi\\\/uef-erikoislaakari\\\/author\\\/annemka\\\/\"}]}<\/script>\n<!-- \/ Yoast SEO plugin. -->","yoast_head_json":{"title":"Koulutusv\u00e4yl\u00e4 \u2013 mik\u00e4 se on ja miten se tehd\u00e4\u00e4n? - UEF-erikoisl\u00e4\u00e4k\u00e4ri","robots":{"index":"index","follow":"follow","max-snippet":"max-snippet:-1","max-image-preview":"max-image-preview:large","max-video-preview":"max-video-preview:-1"},"canonical":"https:\/\/blogs.uef.fi\/uef-erikoislaakari\/2021\/06\/24\/koulutusvayla-mika-se-on-ja-miten-se-tehdaan\/","og_locale":"fi_FI","og_type":"article","og_title":"Koulutusv\u00e4yl\u00e4 \u2013 mik\u00e4 se on ja miten se tehd\u00e4\u00e4n? - UEF-erikoisl\u00e4\u00e4k\u00e4ri","og_description":"Sain koordinaattorihommissa valtakunnalliselle erityisvastuulleni kaksi asiaa: erikoisl\u00e4\u00e4k\u00e4rikoulutuksen laadun ja koulutusv\u00e4ylien edist\u00e4misen. Eiv\u00e4t ole ihan pieni\u00e4 kakkuja \u2013 mutta pala kerrallaan etenev\u00e4t uudistuksen edetess\u00e4. T\u00e4ss\u00e4 kirjoituksessa jatkan aiemman blogini aihepiirist\u00e4 eteenp\u00e4in hieman konkreettisemalla esityksell\u00e4 koulutusv\u00e4ylien alkuun saattamiseksi. Aiempi blogini t\u00e4ss\u00e4:https:\/\/blogs.uef.fi\/uef-erikoislaakari\/2020\/02\/ Erikoistuminen on akateeminen oppisopimuskoulutus Erikoistumiskoulutus tapahtuu p\u00e4\u00e4osin ty\u00f6ss\u00e4 oppimalla (\u201doppisopimuskoulutus\u201d). Opintosis\u00e4ll\u00f6t m\u00e4\u00e4ritt\u00e4\u00e4 erikoisala itse ja yliopistot [&hellip;]","og_url":"https:\/\/blogs.uef.fi\/uef-erikoislaakari\/2021\/06\/24\/koulutusvayla-mika-se-on-ja-miten-se-tehdaan\/","og_site_name":"UEF-erikoisl\u00e4\u00e4k\u00e4ri","article_published_time":"2021-06-24T05:16:11+00:00","article_modified_time":"2023-12-08T10:30:39+00:00","author":"annemka","twitter_card":"summary_large_image","twitter_misc":{"Kirjoittanut":"annemka","Arvioitu lukuaika":"3 minuuttia"},"schema":{"@context":"https:\/\/schema.org","@graph":[{"@type":"Article","@id":"https:\/\/blogs.uef.fi\/uef-erikoislaakari\/2021\/06\/24\/koulutusvayla-mika-se-on-ja-miten-se-tehdaan\/#article","isPartOf":{"@id":"https:\/\/blogs.uef.fi\/uef-erikoislaakari\/2021\/06\/24\/koulutusvayla-mika-se-on-ja-miten-se-tehdaan\/"},"author":{"name":"annemka","@id":"https:\/\/blogs.uef.fi\/uef-erikoislaakari\/#\/schema\/person\/58c024b042d329979ae7706ed4b70aaf"},"headline":"Koulutusv\u00e4yl\u00e4 \u2013 mik\u00e4 se on ja miten se tehd\u00e4\u00e4n?","datePublished":"2021-06-24T05:16:11+00:00","dateModified":"2023-12-08T10:30:39+00:00","mainEntityOfPage":{"@id":"https:\/\/blogs.uef.fi\/uef-erikoislaakari\/2021\/06\/24\/koulutusvayla-mika-se-on-ja-miten-se-tehdaan\/"},"wordCount":878,"commentCount":0,"articleSection":["Uncategorized @fi"],"inLanguage":"fi","potentialAction":[{"@type":"CommentAction","name":"Comment","target":["https:\/\/blogs.uef.fi\/uef-erikoislaakari\/2021\/06\/24\/koulutusvayla-mika-se-on-ja-miten-se-tehdaan\/#respond"]}]},{"@type":"WebPage","@id":"https:\/\/blogs.uef.fi\/uef-erikoislaakari\/2021\/06\/24\/koulutusvayla-mika-se-on-ja-miten-se-tehdaan\/","url":"https:\/\/blogs.uef.fi\/uef-erikoislaakari\/2021\/06\/24\/koulutusvayla-mika-se-on-ja-miten-se-tehdaan\/","name":"Koulutusv\u00e4yl\u00e4 \u2013 mik\u00e4 se on ja miten se tehd\u00e4\u00e4n? - UEF-erikoisl\u00e4\u00e4k\u00e4ri","isPartOf":{"@id":"https:\/\/blogs.uef.fi\/uef-erikoislaakari\/#website"},"datePublished":"2021-06-24T05:16:11+00:00","dateModified":"2023-12-08T10:30:39+00:00","author":{"@id":"https:\/\/blogs.uef.fi\/uef-erikoislaakari\/#\/schema\/person\/58c024b042d329979ae7706ed4b70aaf"},"breadcrumb":{"@id":"https:\/\/blogs.uef.fi\/uef-erikoislaakari\/2021\/06\/24\/koulutusvayla-mika-se-on-ja-miten-se-tehdaan\/#breadcrumb"},"inLanguage":"fi","potentialAction":[{"@type":"ReadAction","target":["https:\/\/blogs.uef.fi\/uef-erikoislaakari\/2021\/06\/24\/koulutusvayla-mika-se-on-ja-miten-se-tehdaan\/"]}]},{"@type":"BreadcrumbList","@id":"https:\/\/blogs.uef.fi\/uef-erikoislaakari\/2021\/06\/24\/koulutusvayla-mika-se-on-ja-miten-se-tehdaan\/#breadcrumb","itemListElement":[{"@type":"ListItem","position":1,"name":"Home","item":"https:\/\/blogs.uef.fi\/uef-erikoislaakari\/"},{"@type":"ListItem","position":2,"name":"Koulutusv\u00e4yl\u00e4 \u2013 mik\u00e4 se on ja miten se tehd\u00e4\u00e4n?"}]},{"@type":"WebSite","@id":"https:\/\/blogs.uef.fi\/uef-erikoislaakari\/#website","url":"https:\/\/blogs.uef.fi\/uef-erikoislaakari\/","name":"UEF-erikoisl\u00e4\u00e4k\u00e4ri","description":"","potentialAction":[{"@type":"SearchAction","target":{"@type":"EntryPoint","urlTemplate":"https:\/\/blogs.uef.fi\/uef-erikoislaakari\/?s={search_term_string}"},"query-input":{"@type":"PropertyValueSpecification","valueRequired":true,"valueName":"search_term_string"}}],"inLanguage":"fi"},{"@type":"Person","@id":"https:\/\/blogs.uef.fi\/uef-erikoislaakari\/#\/schema\/person\/58c024b042d329979ae7706ed4b70aaf","name":"annemka","image":{"@type":"ImageObject","inLanguage":"fi","@id":"https:\/\/secure.gravatar.com\/avatar\/279bfa516a1042e0de21d52ef45c64881ca72e234f04fc50863445f0915f61ba?s=96&d=mm&r=g","url":"https:\/\/secure.gravatar.com\/avatar\/279bfa516a1042e0de21d52ef45c64881ca72e234f04fc50863445f0915f61ba?s=96&d=mm&r=g","contentUrl":"https:\/\/secure.gravatar.com\/avatar\/279bfa516a1042e0de21d52ef45c64881ca72e234f04fc50863445f0915f61ba?s=96&d=mm&r=g","caption":"annemka"},"url":"https:\/\/blogs.uef.fi\/uef-erikoislaakari\/author\/annemka\/"}]}},"_links":{"self":[{"href":"https:\/\/blogs.uef.fi\/uef-erikoislaakari\/wp-json\/wp\/v2\/posts\/226","targetHints":{"allow":["GET"]}}],"collection":[{"href":"https:\/\/blogs.uef.fi\/uef-erikoislaakari\/wp-json\/wp\/v2\/posts"}],"about":[{"href":"https:\/\/blogs.uef.fi\/uef-erikoislaakari\/wp-json\/wp\/v2\/types\/post"}],"author":[{"embeddable":true,"href":"https:\/\/blogs.uef.fi\/uef-erikoislaakari\/wp-json\/wp\/v2\/users\/331"}],"replies":[{"embeddable":true,"href":"https:\/\/blogs.uef.fi\/uef-erikoislaakari\/wp-json\/wp\/v2\/comments?post=226"}],"version-history":[{"count":2,"href":"https:\/\/blogs.uef.fi\/uef-erikoislaakari\/wp-json\/wp\/v2\/posts\/226\/revisions"}],"predecessor-version":[{"id":510,"href":"https:\/\/blogs.uef.fi\/uef-erikoislaakari\/wp-json\/wp\/v2\/posts\/226\/revisions\/510"}],"wp:attachment":[{"href":"https:\/\/blogs.uef.fi\/uef-erikoislaakari\/wp-json\/wp\/v2\/media?parent=226"}],"wp:term":[{"taxonomy":"category","embeddable":true,"href":"https:\/\/blogs.uef.fi\/uef-erikoislaakari\/wp-json\/wp\/v2\/categories?post=226"},{"taxonomy":"post_tag","embeddable":true,"href":"https:\/\/blogs.uef.fi\/uef-erikoislaakari\/wp-json\/wp\/v2\/tags?post=226"}],"curies":[{"name":"wp","href":"https:\/\/api.w.org\/{rel}","templated":true}]}}