{"id":126,"date":"2020-04-06T08:17:44","date_gmt":"2020-04-06T08:17:44","guid":{"rendered":"https:\/\/blogs.uef.fi\/uef-erikoislaakari\/?p=126"},"modified":"2023-12-08T10:33:40","modified_gmt":"2023-12-08T10:33:40","slug":"erikoistumista-ja-ohjausta-poikkeusoloissa","status":"publish","type":"post","link":"https:\/\/blogs.uef.fi\/uef-erikoislaakari\/2020\/04\/06\/erikoistumista-ja-ohjausta-poikkeusoloissa\/","title":{"rendered":"Erikoistumista ja ohjausta poikkeusoloissa!"},"content":{"rendered":"\n<p>El\u00e4mme aikaa, jolloin Suomessa on valmiustilalains\u00e4\u00e4d\u00e4nt\u00f6, liikkuminen rajoitettua, Uusimaa suljettu. Vihdoin kansakunta pesee k\u00e4si\u00e4\u00e4n ja k\u00e4sidesin kulutus terveydenhuollossa on sill\u00e4 tasolla kuin sen infektiokaudella pit\u00e4\u00e4kin olla.<\/p>\n\n\n\n<p>L\u00e4\u00e4k\u00e4rill\u00e4 on ty\u00f6velvoite, kuten kuvioon kuuluu: toki my\u00f6s halu tehd\u00e4 se mit\u00e4 ikin\u00e4 voimme t\u00e4m\u00e4n tilanteen hallitsemiseksi ja kukistamiseksi. Ty\u00f6nantaja k\u00e4ytt\u00e4\u00e4 my\u00f6s tasapuolisuuden nimiss\u00e4 m\u00e4\u00e4r\u00e4ysvaltaansa. Ammattimme puolesta olemme epidemian ytimess\u00e4. Alttiina omalle sairastumiselle ja perheemme ja l\u00e4heistemme sairastuttamiselle. Jotta voimme ty\u00f6skennell\u00e4, meill\u00e4 pit\u00e4\u00e4 olla tieto siit\u00e4, ett\u00e4 meist\u00e4 pidet\u00e4\u00e4n huoli my\u00f6s t\u00e4m\u00e4n j\u00e4lkeen ja t\u00e4m\u00e4n prosessin aikana.<\/p>\n\n\n\n<p>Ajatuksia asiasta kollegojen silmin: <a href=\"https:\/\/yle.fi\/uutiset\/3-11288278\">https:\/\/yle.fi\/uutiset\/3-11288278<\/a><\/p>\n\n\n\n<p><strong>Mit\u00e4 kaikkea taphtuukaan?<\/strong><\/p>\n\n\n\n<p>Erilaisia p\u00e4ivystysrinkej\u00e4 perustetaan lis\u00e4\u00e4, sairastumisia ja karanteeneja ajatellen vahvistetaan joukkoja. Osastoja ja p\u00e4ivystyksi\u00e4 kohortoidaan, sairaaloissa lis\u00e4t\u00e4\u00e4n tehohoidon kapasiteettia. Ty\u00f6yksik\u00f6iss\u00e4 opetellaan suojapukeutumista ja koulutetaan hengitystieinfektiopotilaan hoitoa. Osalle on t\u00e4rke\u00e4\u00e4 jatkaa oman erikoisosaamisensa k\u00e4ytt\u00f6\u00e4, sill\u00e4 muutkin kuin infektiopotilaat on hoidettava &#8211; COVID+ tai ei. Osalla taas on aika kuoria esiin se LL, l\u00e4\u00e4ketieteen lisensiaatti ja yleisammattilainen, josta saadaan nopealla kertauksella osaaja juuri siihen toimintaan, mit\u00e4 nyt tarvitaan. Et\u00e4ty\u00f6t\u00e4 on opittava hy\u00f6dynt\u00e4m\u00e4\u00e4n niille, joiden pit\u00e4\u00e4 pysy\u00e4 hetki poissa karanteenin vuoksi. Jokaisen pit\u00e4\u00e4 pysty\u00e4 joustamaan tavalla tai toisella.<\/p>\n\n\n\n<p><strong>Erikoistuminen ja epidemia?<\/strong><\/p>\n\n\n\n<p>Tavoite on, ettei kenenk\u00e4\u00e4n erikoistuminen ja valmistuminen kohtuuttomasti viiv\u00e4sty. Yliopistot ovat suljettuna ja ty\u00f6ntekij\u00e4t opintohallinnossa ja perusopetuksessa ovat tehneet et\u00e4ty\u00f6st\u00e4 uuden normin, hyvin lyhyess\u00e4 ajassa. Erikoisl\u00e4\u00e4k\u00e4rikuulustelut j\u00e4rjestet\u00e4\u00e4n, tosin hieman viiv\u00e4stettyn\u00e4: aikataulut n\u00e4et t\u00e4st\u00e4 <a href=\"https:\/\/sites.utu.fi\/valtakunnallinenkuulustelu\/\">https:\/\/sites.utu.fi\/valtakunnallinenkuulustelu\/<\/a>.<\/p>\n\n\n\n<p>Osa viiv\u00e4st\u00e4\u00e4 suunnitelmaansa omastakin l\u00e4ht\u00f6kohdastaan: nyt keskityt\u00e4\u00e4n tekem\u00e4\u00e4n ty\u00f6st\u00e4 ja huolehtimaan perheest\u00e4 eik\u00e4 haluta kuormittaa omaa ajatusmaailmaa yht\u00e4\u00e4n enemp\u00e4\u00e4 kuin on pakko. Osa erikoistumisjaksoista on ollut pakko muuttaa ja siirt\u00e4\u00e4: elektiivisen toiminnan alasajo on aiheuttanut sen, ett\u00e4 kaikkea sit\u00e4 mit\u00e4 tarvetta olisi oppia, ei ole nyt tarjolla. Palvelujen osalta pyrit\u00e4\u00e4n asiat ratkaisemaan parhain p\u00e4in ja j\u00e4rjell\u00e4, kunhan n\u00e4hd\u00e4\u00e4n mihin t\u00e4m\u00e4 johtaa. Koronasta aiheutuvista poissaoloista muodostetaan valtakunnallisia linjauksia, jotta asiat saadaan sujumaan mahdollisimman hyvin. Edelleen tavoite on valmis erikoisl\u00e4\u00e4k\u00e4ri oikeassa ajassa poikkeusolojenkin keskell\u00e4. Nyt fokus toki on p\u00e4iv\u00e4 kerrallaan eteenp\u00e4inmenossa, siell\u00e4 miss\u00e4 meit\u00e4 tarvitaan.<\/p>\n\n\n\n<p><strong>Miten t\u00e4m\u00e4 meit\u00e4 opettaa?<\/strong><\/p>\n\n\n\n<p>T\u00e4m\u00e4 aika on niit\u00e4 el\u00e4m\u00e4n korkeakouluja. Opimme t\u00e4ss\u00e4 ajassa hurjasti uutta yhteisty\u00f6st\u00e4, nopeasta p\u00e4\u00e4t\u00f6ksenteosta, teemme ison digiloikan ja p\u00e4ivyst\u00e4mme todenn\u00e4k\u00f6isesti enemm\u00e4n kuin koskaan. Huomaamme my\u00f6s asioita, jotka voisivat pysyv\u00e4stikin olla toisin. Jos minulta kysyt\u00e4\u00e4n, opimme enemm\u00e4n kuin normiarjessa kaikesta siit\u00e4, mik\u00e4 ymp\u00e4r\u00f6i medisiinan ydint\u00e4. Opimme ehk\u00e4 my\u00f6s sen, miten t\u00e4rke\u00e4\u00e4 on suomalainen yhteiskuntaj\u00e4rjestys ja sosiaalinen oikeudenmukaisuus. Kiit\u00e4mme toimintakykyisest\u00e4 julkisesta terveydenhuollostamme, kouluj\u00e4rjestelm\u00e4st\u00e4 ja p\u00e4iv\u00e4hoidosta. Huolestumme yritt\u00e4jien puolesta. Yhteiskunta tulee n\u00e4kyv\u00e4ksi ja oma roolimme siin\u00e4 mukana.<\/p>\n\n\n\n<p>Itse olen oppinut sen, ett\u00e4 olen oikeasti onnellinen ammatistani: siit\u00e4 ett\u00e4 minua tarvitaan erikoisalallani, mutta my\u00f6s siit\u00e4 lisurista, joka sen alla viel\u00e4 on. Olen my\u00f6s iloinen ett\u00e4 muita ominaisuuksiani voi nyt hy\u00f6dynt\u00e4\u00e4. Koordinaattorinhommia voi tehd\u00e4 ohessa my\u00f6s, p\u00e4\u00e4paino kuitenkin hetken muualla.<\/p>\n\n\n\n<p>Toivon kaikille kollegoille jaksamista ja erikoistuville uskoa tulevaan. Asiat j\u00e4rjestyv\u00e4t.<\/p>\n\n\n\n<p>Yst Anne-Mari<\/p>\n","protected":false},"excerpt":{"rendered":"<p>El\u00e4mme aikaa, jolloin Suomessa on valmiustilalains\u00e4\u00e4d\u00e4nt\u00f6, liikkuminen rajoitettua, Uusimaa suljettu. Vihdoin kansakunta pesee k\u00e4si\u00e4\u00e4n ja k\u00e4sidesin kulutus terveydenhuollossa on sill\u00e4 tasolla kuin sen infektiokaudella pit\u00e4\u00e4kin olla. L\u00e4\u00e4k\u00e4rill\u00e4 on ty\u00f6velvoite, kuten kuvioon kuuluu: toki my\u00f6s halu tehd\u00e4 se mit\u00e4 ikin\u00e4 voimme t\u00e4m\u00e4n tilanteen hallitsemiseksi ja kukistamiseksi. Ty\u00f6nantaja k\u00e4ytt\u00e4\u00e4 my\u00f6s tasapuolisuuden nimiss\u00e4 m\u00e4\u00e4r\u00e4ysvaltaansa. Ammattimme puolesta olemme epidemian [&hellip;]<\/p>\n","protected":false},"author":331,"featured_media":0,"comment_status":"open","ping_status":"open","sticky":false,"template":"","format":"standard","meta":{"_acf_changed":false,"footnotes":""},"categories":[1],"tags":[],"class_list":["post-126","post","type-post","status-publish","format-standard","hentry","category-uncategorized-fi"],"acf":[],"yoast_head":"<!-- This site is optimized with the Yoast SEO plugin v27.3 - https:\/\/yoast.com\/product\/yoast-seo-wordpress\/ -->\n<title>Erikoistumista ja ohjausta poikkeusoloissa! - UEF-erikoisl\u00e4\u00e4k\u00e4ri<\/title>\n<meta name=\"robots\" content=\"index, follow, max-snippet:-1, max-image-preview:large, max-video-preview:-1\" \/>\n<link rel=\"canonical\" href=\"https:\/\/blogs.uef.fi\/uef-erikoislaakari\/2020\/04\/06\/erikoistumista-ja-ohjausta-poikkeusoloissa\/\" \/>\n<meta property=\"og:locale\" content=\"fi_FI\" \/>\n<meta property=\"og:type\" content=\"article\" \/>\n<meta property=\"og:title\" content=\"Erikoistumista ja ohjausta poikkeusoloissa! - UEF-erikoisl\u00e4\u00e4k\u00e4ri\" \/>\n<meta property=\"og:description\" content=\"El\u00e4mme aikaa, jolloin Suomessa on valmiustilalains\u00e4\u00e4d\u00e4nt\u00f6, liikkuminen rajoitettua, Uusimaa suljettu. Vihdoin kansakunta pesee k\u00e4si\u00e4\u00e4n ja k\u00e4sidesin kulutus terveydenhuollossa on sill\u00e4 tasolla kuin sen infektiokaudella pit\u00e4\u00e4kin olla. L\u00e4\u00e4k\u00e4rill\u00e4 on ty\u00f6velvoite, kuten kuvioon kuuluu: toki my\u00f6s halu tehd\u00e4 se mit\u00e4 ikin\u00e4 voimme t\u00e4m\u00e4n tilanteen hallitsemiseksi ja kukistamiseksi. Ty\u00f6nantaja k\u00e4ytt\u00e4\u00e4 my\u00f6s tasapuolisuuden nimiss\u00e4 m\u00e4\u00e4r\u00e4ysvaltaansa. Ammattimme puolesta olemme epidemian [&hellip;]\" \/>\n<meta property=\"og:url\" content=\"https:\/\/blogs.uef.fi\/uef-erikoislaakari\/2020\/04\/06\/erikoistumista-ja-ohjausta-poikkeusoloissa\/\" \/>\n<meta property=\"og:site_name\" content=\"UEF-erikoisl\u00e4\u00e4k\u00e4ri\" \/>\n<meta property=\"article:published_time\" content=\"2020-04-06T08:17:44+00:00\" \/>\n<meta property=\"article:modified_time\" content=\"2023-12-08T10:33:40+00:00\" \/>\n<meta name=\"author\" content=\"annemka\" \/>\n<meta name=\"twitter:card\" content=\"summary_large_image\" \/>\n<meta name=\"twitter:label1\" content=\"Kirjoittanut\" \/>\n\t<meta name=\"twitter:data1\" content=\"annemka\" \/>\n\t<meta name=\"twitter:label2\" content=\"Arvioitu lukuaika\" \/>\n\t<meta name=\"twitter:data2\" content=\"2 minuuttia\" \/>\n<script type=\"application\/ld+json\" class=\"yoast-schema-graph\">{\"@context\":\"https:\\\/\\\/schema.org\",\"@graph\":[{\"@type\":\"Article\",\"@id\":\"https:\\\/\\\/blogs.uef.fi\\\/uef-erikoislaakari\\\/2020\\\/04\\\/06\\\/erikoistumista-ja-ohjausta-poikkeusoloissa\\\/#article\",\"isPartOf\":{\"@id\":\"https:\\\/\\\/blogs.uef.fi\\\/uef-erikoislaakari\\\/2020\\\/04\\\/06\\\/erikoistumista-ja-ohjausta-poikkeusoloissa\\\/\"},\"author\":{\"name\":\"annemka\",\"@id\":\"https:\\\/\\\/blogs.uef.fi\\\/uef-erikoislaakari\\\/#\\\/schema\\\/person\\\/58c024b042d329979ae7706ed4b70aaf\"},\"headline\":\"Erikoistumista ja ohjausta poikkeusoloissa!\",\"datePublished\":\"2020-04-06T08:17:44+00:00\",\"dateModified\":\"2023-12-08T10:33:40+00:00\",\"mainEntityOfPage\":{\"@id\":\"https:\\\/\\\/blogs.uef.fi\\\/uef-erikoislaakari\\\/2020\\\/04\\\/06\\\/erikoistumista-ja-ohjausta-poikkeusoloissa\\\/\"},\"wordCount\":556,\"commentCount\":0,\"articleSection\":[\"Uncategorized @fi\"],\"inLanguage\":\"fi\",\"potentialAction\":[{\"@type\":\"CommentAction\",\"name\":\"Comment\",\"target\":[\"https:\\\/\\\/blogs.uef.fi\\\/uef-erikoislaakari\\\/2020\\\/04\\\/06\\\/erikoistumista-ja-ohjausta-poikkeusoloissa\\\/#respond\"]}]},{\"@type\":\"WebPage\",\"@id\":\"https:\\\/\\\/blogs.uef.fi\\\/uef-erikoislaakari\\\/2020\\\/04\\\/06\\\/erikoistumista-ja-ohjausta-poikkeusoloissa\\\/\",\"url\":\"https:\\\/\\\/blogs.uef.fi\\\/uef-erikoislaakari\\\/2020\\\/04\\\/06\\\/erikoistumista-ja-ohjausta-poikkeusoloissa\\\/\",\"name\":\"Erikoistumista ja ohjausta poikkeusoloissa! - UEF-erikoisl\u00e4\u00e4k\u00e4ri\",\"isPartOf\":{\"@id\":\"https:\\\/\\\/blogs.uef.fi\\\/uef-erikoislaakari\\\/#website\"},\"datePublished\":\"2020-04-06T08:17:44+00:00\",\"dateModified\":\"2023-12-08T10:33:40+00:00\",\"author\":{\"@id\":\"https:\\\/\\\/blogs.uef.fi\\\/uef-erikoislaakari\\\/#\\\/schema\\\/person\\\/58c024b042d329979ae7706ed4b70aaf\"},\"breadcrumb\":{\"@id\":\"https:\\\/\\\/blogs.uef.fi\\\/uef-erikoislaakari\\\/2020\\\/04\\\/06\\\/erikoistumista-ja-ohjausta-poikkeusoloissa\\\/#breadcrumb\"},\"inLanguage\":\"fi\",\"potentialAction\":[{\"@type\":\"ReadAction\",\"target\":[\"https:\\\/\\\/blogs.uef.fi\\\/uef-erikoislaakari\\\/2020\\\/04\\\/06\\\/erikoistumista-ja-ohjausta-poikkeusoloissa\\\/\"]}]},{\"@type\":\"BreadcrumbList\",\"@id\":\"https:\\\/\\\/blogs.uef.fi\\\/uef-erikoislaakari\\\/2020\\\/04\\\/06\\\/erikoistumista-ja-ohjausta-poikkeusoloissa\\\/#breadcrumb\",\"itemListElement\":[{\"@type\":\"ListItem\",\"position\":1,\"name\":\"Home\",\"item\":\"https:\\\/\\\/blogs.uef.fi\\\/uef-erikoislaakari\\\/\"},{\"@type\":\"ListItem\",\"position\":2,\"name\":\"Erikoistumista ja ohjausta poikkeusoloissa!\"}]},{\"@type\":\"WebSite\",\"@id\":\"https:\\\/\\\/blogs.uef.fi\\\/uef-erikoislaakari\\\/#website\",\"url\":\"https:\\\/\\\/blogs.uef.fi\\\/uef-erikoislaakari\\\/\",\"name\":\"UEF-erikoisl\u00e4\u00e4k\u00e4ri\",\"description\":\"\",\"potentialAction\":[{\"@type\":\"SearchAction\",\"target\":{\"@type\":\"EntryPoint\",\"urlTemplate\":\"https:\\\/\\\/blogs.uef.fi\\\/uef-erikoislaakari\\\/?s={search_term_string}\"},\"query-input\":{\"@type\":\"PropertyValueSpecification\",\"valueRequired\":true,\"valueName\":\"search_term_string\"}}],\"inLanguage\":\"fi\"},{\"@type\":\"Person\",\"@id\":\"https:\\\/\\\/blogs.uef.fi\\\/uef-erikoislaakari\\\/#\\\/schema\\\/person\\\/58c024b042d329979ae7706ed4b70aaf\",\"name\":\"annemka\",\"image\":{\"@type\":\"ImageObject\",\"inLanguage\":\"fi\",\"@id\":\"https:\\\/\\\/secure.gravatar.com\\\/avatar\\\/279bfa516a1042e0de21d52ef45c64881ca72e234f04fc50863445f0915f61ba?s=96&d=mm&r=g\",\"url\":\"https:\\\/\\\/secure.gravatar.com\\\/avatar\\\/279bfa516a1042e0de21d52ef45c64881ca72e234f04fc50863445f0915f61ba?s=96&d=mm&r=g\",\"contentUrl\":\"https:\\\/\\\/secure.gravatar.com\\\/avatar\\\/279bfa516a1042e0de21d52ef45c64881ca72e234f04fc50863445f0915f61ba?s=96&d=mm&r=g\",\"caption\":\"annemka\"},\"url\":\"https:\\\/\\\/blogs.uef.fi\\\/uef-erikoislaakari\\\/author\\\/annemka\\\/\"}]}<\/script>\n<!-- \/ Yoast SEO plugin. -->","yoast_head_json":{"title":"Erikoistumista ja ohjausta poikkeusoloissa! - UEF-erikoisl\u00e4\u00e4k\u00e4ri","robots":{"index":"index","follow":"follow","max-snippet":"max-snippet:-1","max-image-preview":"max-image-preview:large","max-video-preview":"max-video-preview:-1"},"canonical":"https:\/\/blogs.uef.fi\/uef-erikoislaakari\/2020\/04\/06\/erikoistumista-ja-ohjausta-poikkeusoloissa\/","og_locale":"fi_FI","og_type":"article","og_title":"Erikoistumista ja ohjausta poikkeusoloissa! - UEF-erikoisl\u00e4\u00e4k\u00e4ri","og_description":"El\u00e4mme aikaa, jolloin Suomessa on valmiustilalains\u00e4\u00e4d\u00e4nt\u00f6, liikkuminen rajoitettua, Uusimaa suljettu. Vihdoin kansakunta pesee k\u00e4si\u00e4\u00e4n ja k\u00e4sidesin kulutus terveydenhuollossa on sill\u00e4 tasolla kuin sen infektiokaudella pit\u00e4\u00e4kin olla. L\u00e4\u00e4k\u00e4rill\u00e4 on ty\u00f6velvoite, kuten kuvioon kuuluu: toki my\u00f6s halu tehd\u00e4 se mit\u00e4 ikin\u00e4 voimme t\u00e4m\u00e4n tilanteen hallitsemiseksi ja kukistamiseksi. Ty\u00f6nantaja k\u00e4ytt\u00e4\u00e4 my\u00f6s tasapuolisuuden nimiss\u00e4 m\u00e4\u00e4r\u00e4ysvaltaansa. Ammattimme puolesta olemme epidemian [&hellip;]","og_url":"https:\/\/blogs.uef.fi\/uef-erikoislaakari\/2020\/04\/06\/erikoistumista-ja-ohjausta-poikkeusoloissa\/","og_site_name":"UEF-erikoisl\u00e4\u00e4k\u00e4ri","article_published_time":"2020-04-06T08:17:44+00:00","article_modified_time":"2023-12-08T10:33:40+00:00","author":"annemka","twitter_card":"summary_large_image","twitter_misc":{"Kirjoittanut":"annemka","Arvioitu lukuaika":"2 minuuttia"},"schema":{"@context":"https:\/\/schema.org","@graph":[{"@type":"Article","@id":"https:\/\/blogs.uef.fi\/uef-erikoislaakari\/2020\/04\/06\/erikoistumista-ja-ohjausta-poikkeusoloissa\/#article","isPartOf":{"@id":"https:\/\/blogs.uef.fi\/uef-erikoislaakari\/2020\/04\/06\/erikoistumista-ja-ohjausta-poikkeusoloissa\/"},"author":{"name":"annemka","@id":"https:\/\/blogs.uef.fi\/uef-erikoislaakari\/#\/schema\/person\/58c024b042d329979ae7706ed4b70aaf"},"headline":"Erikoistumista ja ohjausta poikkeusoloissa!","datePublished":"2020-04-06T08:17:44+00:00","dateModified":"2023-12-08T10:33:40+00:00","mainEntityOfPage":{"@id":"https:\/\/blogs.uef.fi\/uef-erikoislaakari\/2020\/04\/06\/erikoistumista-ja-ohjausta-poikkeusoloissa\/"},"wordCount":556,"commentCount":0,"articleSection":["Uncategorized @fi"],"inLanguage":"fi","potentialAction":[{"@type":"CommentAction","name":"Comment","target":["https:\/\/blogs.uef.fi\/uef-erikoislaakari\/2020\/04\/06\/erikoistumista-ja-ohjausta-poikkeusoloissa\/#respond"]}]},{"@type":"WebPage","@id":"https:\/\/blogs.uef.fi\/uef-erikoislaakari\/2020\/04\/06\/erikoistumista-ja-ohjausta-poikkeusoloissa\/","url":"https:\/\/blogs.uef.fi\/uef-erikoislaakari\/2020\/04\/06\/erikoistumista-ja-ohjausta-poikkeusoloissa\/","name":"Erikoistumista ja ohjausta poikkeusoloissa! - UEF-erikoisl\u00e4\u00e4k\u00e4ri","isPartOf":{"@id":"https:\/\/blogs.uef.fi\/uef-erikoislaakari\/#website"},"datePublished":"2020-04-06T08:17:44+00:00","dateModified":"2023-12-08T10:33:40+00:00","author":{"@id":"https:\/\/blogs.uef.fi\/uef-erikoislaakari\/#\/schema\/person\/58c024b042d329979ae7706ed4b70aaf"},"breadcrumb":{"@id":"https:\/\/blogs.uef.fi\/uef-erikoislaakari\/2020\/04\/06\/erikoistumista-ja-ohjausta-poikkeusoloissa\/#breadcrumb"},"inLanguage":"fi","potentialAction":[{"@type":"ReadAction","target":["https:\/\/blogs.uef.fi\/uef-erikoislaakari\/2020\/04\/06\/erikoistumista-ja-ohjausta-poikkeusoloissa\/"]}]},{"@type":"BreadcrumbList","@id":"https:\/\/blogs.uef.fi\/uef-erikoislaakari\/2020\/04\/06\/erikoistumista-ja-ohjausta-poikkeusoloissa\/#breadcrumb","itemListElement":[{"@type":"ListItem","position":1,"name":"Home","item":"https:\/\/blogs.uef.fi\/uef-erikoislaakari\/"},{"@type":"ListItem","position":2,"name":"Erikoistumista ja ohjausta poikkeusoloissa!"}]},{"@type":"WebSite","@id":"https:\/\/blogs.uef.fi\/uef-erikoislaakari\/#website","url":"https:\/\/blogs.uef.fi\/uef-erikoislaakari\/","name":"UEF-erikoisl\u00e4\u00e4k\u00e4ri","description":"","potentialAction":[{"@type":"SearchAction","target":{"@type":"EntryPoint","urlTemplate":"https:\/\/blogs.uef.fi\/uef-erikoislaakari\/?s={search_term_string}"},"query-input":{"@type":"PropertyValueSpecification","valueRequired":true,"valueName":"search_term_string"}}],"inLanguage":"fi"},{"@type":"Person","@id":"https:\/\/blogs.uef.fi\/uef-erikoislaakari\/#\/schema\/person\/58c024b042d329979ae7706ed4b70aaf","name":"annemka","image":{"@type":"ImageObject","inLanguage":"fi","@id":"https:\/\/secure.gravatar.com\/avatar\/279bfa516a1042e0de21d52ef45c64881ca72e234f04fc50863445f0915f61ba?s=96&d=mm&r=g","url":"https:\/\/secure.gravatar.com\/avatar\/279bfa516a1042e0de21d52ef45c64881ca72e234f04fc50863445f0915f61ba?s=96&d=mm&r=g","contentUrl":"https:\/\/secure.gravatar.com\/avatar\/279bfa516a1042e0de21d52ef45c64881ca72e234f04fc50863445f0915f61ba?s=96&d=mm&r=g","caption":"annemka"},"url":"https:\/\/blogs.uef.fi\/uef-erikoislaakari\/author\/annemka\/"}]}},"_links":{"self":[{"href":"https:\/\/blogs.uef.fi\/uef-erikoislaakari\/wp-json\/wp\/v2\/posts\/126","targetHints":{"allow":["GET"]}}],"collection":[{"href":"https:\/\/blogs.uef.fi\/uef-erikoislaakari\/wp-json\/wp\/v2\/posts"}],"about":[{"href":"https:\/\/blogs.uef.fi\/uef-erikoislaakari\/wp-json\/wp\/v2\/types\/post"}],"author":[{"embeddable":true,"href":"https:\/\/blogs.uef.fi\/uef-erikoislaakari\/wp-json\/wp\/v2\/users\/331"}],"replies":[{"embeddable":true,"href":"https:\/\/blogs.uef.fi\/uef-erikoislaakari\/wp-json\/wp\/v2\/comments?post=126"}],"version-history":[{"count":2,"href":"https:\/\/blogs.uef.fi\/uef-erikoislaakari\/wp-json\/wp\/v2\/posts\/126\/revisions"}],"predecessor-version":[{"id":525,"href":"https:\/\/blogs.uef.fi\/uef-erikoislaakari\/wp-json\/wp\/v2\/posts\/126\/revisions\/525"}],"wp:attachment":[{"href":"https:\/\/blogs.uef.fi\/uef-erikoislaakari\/wp-json\/wp\/v2\/media?parent=126"}],"wp:term":[{"taxonomy":"category","embeddable":true,"href":"https:\/\/blogs.uef.fi\/uef-erikoislaakari\/wp-json\/wp\/v2\/categories?post=126"},{"taxonomy":"post_tag","embeddable":true,"href":"https:\/\/blogs.uef.fi\/uef-erikoislaakari\/wp-json\/wp\/v2\/tags?post=126"}],"curies":[{"name":"wp","href":"https:\/\/api.w.org\/{rel}","templated":true}]}}