{"id":151,"date":"2026-04-23T07:47:33","date_gmt":"2026-04-23T04:47:33","guid":{"rendered":"https:\/\/blogs.uef.fi\/sulle\/?p=151"},"modified":"2026-04-23T08:24:14","modified_gmt":"2026-04-23T05:24:14","slug":"supporting-the-well-being-of-children-and-families","status":"publish","type":"post","link":"https:\/\/blogs.uef.fi\/sulle\/2026\/04\/23\/supporting-the-well-being-of-children-and-families\/?lang=en","title":{"rendered":"Supporting the Well-being of Children and Families"},"content":{"rendered":"\n<p>It has been a privilege for me to engage in long-term research collaboration with <strong>Professor Emeritus Juha H\u00e4m\u00e4l\u00e4inen<\/strong> (<a href=\"https:\/\/uefconnect.uef.fi\/juha.hamalainen\/\">Juha H\u00e4m\u00e4l\u00e4inen &#8211; UEFConnect<\/a>) and <strong>Professor Riitta Vornanen<\/strong> (<a href=\"https:\/\/uefconnect.uef.fi\/riitta.vornanen\/\">Riitta Vornanen &#8211; UEFConnect<\/a>) on themes that are both academically and societally significant: children\u2019s and families\u2019 well-being and sustainable development. Our collaboration has been based on a shared interest in examining well-being from a broad perspective \u2014 not merely as a matter of service systems, but as an integral component of a socially and morally sustainable society.<\/p>\n\n\n\n<p>Our joint research has resulted in several co-authored publications, including<a href=\"https:\/\/www.mdpi.com\/2071-1050\/12\/21\/8844\">Parents\u2019 Views on Family Resiliency in Sustainable Remote Schooling during the COVID-19 Outbreak in Finland<\/a> and <a href=\"https:\/\/www.mdpi.com\/2071-1050\/12\/21\/9112\">Sustainable Family Life and Child Welfare: A Conceptual Framework<\/a>. In particular, emergency remote schooling during the COVID-19 pandemic provided a unique research context in which families\u2019 everyday resilience, support structures, and risks of inequality became visible in new and revealing ways.<\/p>\n\n\n\n<p>We continued this collaboration by co-authoring a book chapter for the volume edited by Mutsuko Tendo and Riitta Vornanen, <a href=\"https:\/\/www.amazon.com\/Holistic-Well-being-Empowerment-Children-Women-ebook\/dp\/B0GTPVVGMS\">Holistic Well-being and the Empowerment of Children and Women \u2013 Case Studies of Care, Resilience, Sustainability from Finland and Japan<\/a>. In this chapter, we analyse the principles underpinning the support of children\u2019s and families\u2019 well-being in Finland and examine how these principles are connected to the goal of sustainability.<\/p>\n\n\n\n<p>Our analysis is grounded in Finland\u2019s position as a Nordic welfare state and in key normative foundations, particularly children\u2019s rights and the primacy of the best interests of the child. Based on these principles, the Finnish family service system has been built around preventative support and progressively intensified assistance according to need. In my research, I have been especially interested in how these policy aspirations are realised in practice, and in identifying the points at which the system\u2019s resilience is put to the test.<\/p>\n\n\n\n<p>In the chapter, we critically examine what sustainability means within the family services system, the structural and professional tensions associated with it, and how support can be targeted in ways that ensure that children, young people, and families in vulnerable situations do not become invisible. I consider supporting these groups to be essential for safeguarding children\u2019s participation, well-being, and equal conditions for growth.<\/p>\n\n\n\n<p>Based on our research, we argue that promoting the well-being of children and families requires continuous evaluation and development of both the service system and professional practices. This is not merely an administrative or economic issue, but part of a broader commitment to strengthening a socially and morally sustainable society for future generations.<\/p>\n\n\n\n<p>Kaisa Pihlainen<\/p>\n\n\n\n<p>Reference: H\u00e4m\u00e4l\u00e4inen, J., Pihlainen, K., &amp; Vornanen, R. (2026). Supporting families \u2013 preventive orientation and gradually strengthening support. The case of Finland.&nbsp;Teoksessa M. Tendo &amp; R. Vornanen (Toim.), Holistic well-being and empowerment of children and women &#8211; Case studies of care, resilience, sustainability from Finland and Japan.&nbsp;Gakubunsha&nbsp;Co., 40\u201359.&nbsp;<\/p>\n\n\n\n<figure class=\"wp-block-image size-large\"><img loading=\"lazy\" decoding=\"async\" width=\"768\" height=\"1024\" src=\"https:\/\/blogs.uef.fi\/sulle\/wp-content\/uploads\/sites\/240\/2026\/04\/Holistic-well-being-kirja-1-768x1024.jpg\" alt=\"Cover of the Holistic Well-being and the Empowerment of Children and Women book\" class=\"wp-image-152\" srcset=\"https:\/\/blogs.uef.fi\/sulle\/wp-content\/uploads\/sites\/240\/2026\/04\/Holistic-well-being-kirja-1-768x1024.jpg 768w, https:\/\/blogs.uef.fi\/sulle\/wp-content\/uploads\/sites\/240\/2026\/04\/Holistic-well-being-kirja-1-225x300.jpg 225w, https:\/\/blogs.uef.fi\/sulle\/wp-content\/uploads\/sites\/240\/2026\/04\/Holistic-well-being-kirja-1-1152x1536.jpg 1152w, https:\/\/blogs.uef.fi\/sulle\/wp-content\/uploads\/sites\/240\/2026\/04\/Holistic-well-being-kirja-1-1536x2048.jpg 1536w, https:\/\/blogs.uef.fi\/sulle\/wp-content\/uploads\/sites\/240\/2026\/04\/Holistic-well-being-kirja-1-scaled.jpg 1920w\" sizes=\"auto, (max-width: 768px) 100vw, 768px\" \/><\/figure>\n","protected":false},"excerpt":{"rendered":"<p>It has been a privilege for me to engage in long-term research collaboration with Professor Emeritus Juha H\u00e4m\u00e4l\u00e4inen (Juha H\u00e4m\u00e4l\u00e4inen &#8211; UEFConnect) and Professor Riitta Vornanen (Riitta Vornanen &#8211; UEFConnect) on themes that are both academically and societally significant: children\u2019s and families\u2019 well-being and sustainable development. Our collaboration has been based on a shared interest [&hellip;]<\/p>\n","protected":false},"author":781,"featured_media":0,"comment_status":"open","ping_status":"open","sticky":false,"template":"","format":"standard","meta":{"_acf_changed":false,"footnotes":""},"categories":[2],"tags":[40,41,42,23],"class_list":["post-151","post","type-post","status-publish","format-standard","hentry","category-uncategorized","tag-children","tag-families","tag-sustainable-development","tag-well-being"],"acf":[],"yoast_head":"<!-- This site is optimized with the Yoast SEO plugin v27.3 - https:\/\/yoast.com\/product\/yoast-seo-wordpress\/ -->\n<title>Supporting the Well-being of Children and Families - Elinik\u00e4isen oppimisen tuki -tutkimusryhm\u00e4n blogi<\/title>\n<meta name=\"robots\" content=\"index, follow, max-snippet:-1, max-image-preview:large, max-video-preview:-1\" \/>\n<link rel=\"canonical\" href=\"https:\/\/blogs.uef.fi\/sulle\/2026\/04\/23\/supporting-the-well-being-of-children-and-families\/\" \/>\n<meta property=\"og:locale\" content=\"fi_FI\" \/>\n<meta property=\"og:type\" content=\"article\" \/>\n<meta property=\"og:title\" content=\"Supporting the Well-being of Children and Families - Elinik\u00e4isen oppimisen tuki -tutkimusryhm\u00e4n blogi\" \/>\n<meta property=\"og:description\" content=\"It has been a privilege for me to engage in long-term research collaboration with Professor Emeritus Juha H\u00e4m\u00e4l\u00e4inen (Juha H\u00e4m\u00e4l\u00e4inen &#8211; UEFConnect) and Professor Riitta Vornanen (Riitta Vornanen &#8211; UEFConnect) on themes that are both academically and societally significant: children\u2019s and families\u2019 well-being and sustainable development. Our collaboration has been based on a shared interest [&hellip;]\" \/>\n<meta property=\"og:url\" content=\"https:\/\/blogs.uef.fi\/sulle\/2026\/04\/23\/supporting-the-well-being-of-children-and-families\/?lang=en\" \/>\n<meta property=\"og:site_name\" content=\"Elinik\u00e4isen oppimisen tuki -tutkimusryhm\u00e4n blogi\" \/>\n<meta property=\"article:published_time\" content=\"2026-04-23T04:47:33+00:00\" \/>\n<meta property=\"article:modified_time\" content=\"2026-04-23T05:24:14+00:00\" \/>\n<meta property=\"og:image\" content=\"https:\/\/blogs.uef.fi\/sulle\/wp-content\/uploads\/sites\/240\/2026\/04\/Holistic-well-being-kirja-1-scaled.jpg\" \/>\n\t<meta property=\"og:image:width\" content=\"1920\" \/>\n\t<meta property=\"og:image:height\" content=\"2560\" \/>\n\t<meta property=\"og:image:type\" content=\"image\/jpeg\" \/>\n<meta name=\"author\" content=\"pihlaine\" \/>\n<meta name=\"twitter:card\" content=\"summary_large_image\" \/>\n<meta name=\"twitter:label1\" content=\"Kirjoittanut\" \/>\n\t<meta name=\"twitter:data1\" content=\"pihlaine\" \/>\n\t<meta name=\"twitter:label2\" content=\"Arvioitu lukuaika\" \/>\n\t<meta name=\"twitter:data2\" content=\"4 minuuttia\" \/>\n<script type=\"application\/ld+json\" class=\"yoast-schema-graph\">{\"@context\":\"https:\\\/\\\/schema.org\",\"@graph\":[{\"@type\":\"Article\",\"@id\":\"https:\\\/\\\/blogs.uef.fi\\\/sulle\\\/2026\\\/04\\\/23\\\/supporting-the-well-being-of-children-and-families\\\/?lang=en#article\",\"isPartOf\":{\"@id\":\"https:\\\/\\\/blogs.uef.fi\\\/sulle\\\/2026\\\/04\\\/23\\\/supporting-the-well-being-of-children-and-families\\\/?lang=en\"},\"author\":{\"name\":\"pihlaine\",\"@id\":\"https:\\\/\\\/blogs.uef.fi\\\/sulle\\\/?lang=fi\\\/#\\\/schema\\\/person\\\/316ba8a4840ba4c84e355111fa4f99b7\"},\"headline\":\"Supporting the Well-being of Children and Families\",\"datePublished\":\"2026-04-23T04:47:33+00:00\",\"dateModified\":\"2026-04-23T05:24:14+00:00\",\"mainEntityOfPage\":{\"@id\":\"https:\\\/\\\/blogs.uef.fi\\\/sulle\\\/2026\\\/04\\\/23\\\/supporting-the-well-being-of-children-and-families\\\/?lang=en\"},\"wordCount\":491,\"commentCount\":0,\"image\":{\"@id\":\"https:\\\/\\\/blogs.uef.fi\\\/sulle\\\/2026\\\/04\\\/23\\\/supporting-the-well-being-of-children-and-families\\\/?lang=en#primaryimage\"},\"thumbnailUrl\":\"https:\\\/\\\/blogs.uef.fi\\\/sulle\\\/wp-content\\\/uploads\\\/sites\\\/240\\\/2026\\\/04\\\/Holistic-well-being-kirja-1-768x1024.jpg\",\"keywords\":[\"children\",\"families\",\"sustainable development\",\"well-being\"],\"articleSection\":[\"Uncategorized\"],\"inLanguage\":\"fi\",\"potentialAction\":[{\"@type\":\"CommentAction\",\"name\":\"Comment\",\"target\":[\"https:\\\/\\\/blogs.uef.fi\\\/sulle\\\/2026\\\/04\\\/23\\\/supporting-the-well-being-of-children-and-families\\\/?lang=en#respond\"]}]},{\"@type\":\"WebPage\",\"@id\":\"https:\\\/\\\/blogs.uef.fi\\\/sulle\\\/2026\\\/04\\\/23\\\/supporting-the-well-being-of-children-and-families\\\/?lang=en\",\"url\":\"https:\\\/\\\/blogs.uef.fi\\\/sulle\\\/2026\\\/04\\\/23\\\/supporting-the-well-being-of-children-and-families\\\/?lang=en\",\"name\":\"Supporting the Well-being of Children and Families - Elinik\u00e4isen oppimisen tuki -tutkimusryhm\u00e4n blogi\",\"isPartOf\":{\"@id\":\"https:\\\/\\\/blogs.uef.fi\\\/sulle\\\/?lang=fi\\\/#website\"},\"primaryImageOfPage\":{\"@id\":\"https:\\\/\\\/blogs.uef.fi\\\/sulle\\\/2026\\\/04\\\/23\\\/supporting-the-well-being-of-children-and-families\\\/?lang=en#primaryimage\"},\"image\":{\"@id\":\"https:\\\/\\\/blogs.uef.fi\\\/sulle\\\/2026\\\/04\\\/23\\\/supporting-the-well-being-of-children-and-families\\\/?lang=en#primaryimage\"},\"thumbnailUrl\":\"https:\\\/\\\/blogs.uef.fi\\\/sulle\\\/wp-content\\\/uploads\\\/sites\\\/240\\\/2026\\\/04\\\/Holistic-well-being-kirja-1-768x1024.jpg\",\"datePublished\":\"2026-04-23T04:47:33+00:00\",\"dateModified\":\"2026-04-23T05:24:14+00:00\",\"author\":{\"@id\":\"https:\\\/\\\/blogs.uef.fi\\\/sulle\\\/?lang=fi\\\/#\\\/schema\\\/person\\\/316ba8a4840ba4c84e355111fa4f99b7\"},\"breadcrumb\":{\"@id\":\"https:\\\/\\\/blogs.uef.fi\\\/sulle\\\/2026\\\/04\\\/23\\\/supporting-the-well-being-of-children-and-families\\\/?lang=en#breadcrumb\"},\"inLanguage\":\"fi\",\"potentialAction\":[{\"@type\":\"ReadAction\",\"target\":[\"https:\\\/\\\/blogs.uef.fi\\\/sulle\\\/2026\\\/04\\\/23\\\/supporting-the-well-being-of-children-and-families\\\/?lang=en\"]}]},{\"@type\":\"ImageObject\",\"inLanguage\":\"fi\",\"@id\":\"https:\\\/\\\/blogs.uef.fi\\\/sulle\\\/2026\\\/04\\\/23\\\/supporting-the-well-being-of-children-and-families\\\/?lang=en#primaryimage\",\"url\":\"https:\\\/\\\/blogs.uef.fi\\\/sulle\\\/wp-content\\\/uploads\\\/sites\\\/240\\\/2026\\\/04\\\/Holistic-well-being-kirja-1-scaled.jpg\",\"contentUrl\":\"https:\\\/\\\/blogs.uef.fi\\\/sulle\\\/wp-content\\\/uploads\\\/sites\\\/240\\\/2026\\\/04\\\/Holistic-well-being-kirja-1-scaled.jpg\",\"width\":1920,\"height\":2560},{\"@type\":\"BreadcrumbList\",\"@id\":\"https:\\\/\\\/blogs.uef.fi\\\/sulle\\\/2026\\\/04\\\/23\\\/supporting-the-well-being-of-children-and-families\\\/?lang=en#breadcrumb\",\"itemListElement\":[{\"@type\":\"ListItem\",\"position\":1,\"name\":\"Etusivu\",\"item\":\"https:\\\/\\\/blogs.uef.fi\\\/sulle\\\/?lang=fi\\\/\"},{\"@type\":\"ListItem\",\"position\":2,\"name\":\"Supporting the Well-being of Children and Families\"}]},{\"@type\":\"WebSite\",\"@id\":\"https:\\\/\\\/blogs.uef.fi\\\/sulle\\\/?lang=fi\\\/#website\",\"url\":\"https:\\\/\\\/blogs.uef.fi\\\/sulle\\\/?lang=fi\\\/\",\"name\":\"Elinik\u00e4isen oppimisen tuki -tutkimusryhm\u00e4n blogi\",\"description\":\"\",\"potentialAction\":[{\"@type\":\"SearchAction\",\"target\":{\"@type\":\"EntryPoint\",\"urlTemplate\":\"https:\\\/\\\/blogs.uef.fi\\\/sulle\\\/?lang=fi\\\/?s={search_term_string}\"},\"query-input\":{\"@type\":\"PropertyValueSpecification\",\"valueRequired\":true,\"valueName\":\"search_term_string\"}}],\"inLanguage\":\"fi\"},{\"@type\":\"Person\",\"@id\":\"https:\\\/\\\/blogs.uef.fi\\\/sulle\\\/?lang=fi\\\/#\\\/schema\\\/person\\\/316ba8a4840ba4c84e355111fa4f99b7\",\"name\":\"pihlaine\",\"image\":{\"@type\":\"ImageObject\",\"inLanguage\":\"fi\",\"@id\":\"https:\\\/\\\/secure.gravatar.com\\\/avatar\\\/3a0cae7dd4ad9f8f8d4e4020a6235c8e0a837edf349b78337a0ca943b968a55a?s=96&d=mm&r=g\",\"url\":\"https:\\\/\\\/secure.gravatar.com\\\/avatar\\\/3a0cae7dd4ad9f8f8d4e4020a6235c8e0a837edf349b78337a0ca943b968a55a?s=96&d=mm&r=g\",\"contentUrl\":\"https:\\\/\\\/secure.gravatar.com\\\/avatar\\\/3a0cae7dd4ad9f8f8d4e4020a6235c8e0a837edf349b78337a0ca943b968a55a?s=96&d=mm&r=g\",\"caption\":\"pihlaine\"},\"url\":\"https:\\\/\\\/blogs.uef.fi\\\/sulle\\\/author\\\/pihlaine\\\/\"}]}<\/script>\n<!-- \/ Yoast SEO plugin. -->","yoast_head_json":{"title":"Supporting the Well-being of Children and Families - Elinik\u00e4isen oppimisen tuki -tutkimusryhm\u00e4n blogi","robots":{"index":"index","follow":"follow","max-snippet":"max-snippet:-1","max-image-preview":"max-image-preview:large","max-video-preview":"max-video-preview:-1"},"canonical":"https:\/\/blogs.uef.fi\/sulle\/2026\/04\/23\/supporting-the-well-being-of-children-and-families\/","og_locale":"fi_FI","og_type":"article","og_title":"Supporting the Well-being of Children and Families - Elinik\u00e4isen oppimisen tuki -tutkimusryhm\u00e4n blogi","og_description":"It has been a privilege for me to engage in long-term research collaboration with Professor Emeritus Juha H\u00e4m\u00e4l\u00e4inen (Juha H\u00e4m\u00e4l\u00e4inen &#8211; UEFConnect) and Professor Riitta Vornanen (Riitta Vornanen &#8211; UEFConnect) on themes that are both academically and societally significant: children\u2019s and families\u2019 well-being and sustainable development. Our collaboration has been based on a shared interest [&hellip;]","og_url":"https:\/\/blogs.uef.fi\/sulle\/2026\/04\/23\/supporting-the-well-being-of-children-and-families\/?lang=en","og_site_name":"Elinik\u00e4isen oppimisen tuki -tutkimusryhm\u00e4n blogi","article_published_time":"2026-04-23T04:47:33+00:00","article_modified_time":"2026-04-23T05:24:14+00:00","og_image":[{"width":1920,"height":2560,"url":"https:\/\/blogs.uef.fi\/sulle\/wp-content\/uploads\/sites\/240\/2026\/04\/Holistic-well-being-kirja-1-scaled.jpg","type":"image\/jpeg"}],"author":"pihlaine","twitter_card":"summary_large_image","twitter_misc":{"Kirjoittanut":"pihlaine","Arvioitu lukuaika":"4 minuuttia"},"schema":{"@context":"https:\/\/schema.org","@graph":[{"@type":"Article","@id":"https:\/\/blogs.uef.fi\/sulle\/2026\/04\/23\/supporting-the-well-being-of-children-and-families\/?lang=en#article","isPartOf":{"@id":"https:\/\/blogs.uef.fi\/sulle\/2026\/04\/23\/supporting-the-well-being-of-children-and-families\/?lang=en"},"author":{"name":"pihlaine","@id":"https:\/\/blogs.uef.fi\/sulle\/?lang=fi\/#\/schema\/person\/316ba8a4840ba4c84e355111fa4f99b7"},"headline":"Supporting the Well-being of Children and Families","datePublished":"2026-04-23T04:47:33+00:00","dateModified":"2026-04-23T05:24:14+00:00","mainEntityOfPage":{"@id":"https:\/\/blogs.uef.fi\/sulle\/2026\/04\/23\/supporting-the-well-being-of-children-and-families\/?lang=en"},"wordCount":491,"commentCount":0,"image":{"@id":"https:\/\/blogs.uef.fi\/sulle\/2026\/04\/23\/supporting-the-well-being-of-children-and-families\/?lang=en#primaryimage"},"thumbnailUrl":"https:\/\/blogs.uef.fi\/sulle\/wp-content\/uploads\/sites\/240\/2026\/04\/Holistic-well-being-kirja-1-768x1024.jpg","keywords":["children","families","sustainable development","well-being"],"articleSection":["Uncategorized"],"inLanguage":"fi","potentialAction":[{"@type":"CommentAction","name":"Comment","target":["https:\/\/blogs.uef.fi\/sulle\/2026\/04\/23\/supporting-the-well-being-of-children-and-families\/?lang=en#respond"]}]},{"@type":"WebPage","@id":"https:\/\/blogs.uef.fi\/sulle\/2026\/04\/23\/supporting-the-well-being-of-children-and-families\/?lang=en","url":"https:\/\/blogs.uef.fi\/sulle\/2026\/04\/23\/supporting-the-well-being-of-children-and-families\/?lang=en","name":"Supporting the Well-being of Children and Families - Elinik\u00e4isen oppimisen tuki -tutkimusryhm\u00e4n blogi","isPartOf":{"@id":"https:\/\/blogs.uef.fi\/sulle\/?lang=fi\/#website"},"primaryImageOfPage":{"@id":"https:\/\/blogs.uef.fi\/sulle\/2026\/04\/23\/supporting-the-well-being-of-children-and-families\/?lang=en#primaryimage"},"image":{"@id":"https:\/\/blogs.uef.fi\/sulle\/2026\/04\/23\/supporting-the-well-being-of-children-and-families\/?lang=en#primaryimage"},"thumbnailUrl":"https:\/\/blogs.uef.fi\/sulle\/wp-content\/uploads\/sites\/240\/2026\/04\/Holistic-well-being-kirja-1-768x1024.jpg","datePublished":"2026-04-23T04:47:33+00:00","dateModified":"2026-04-23T05:24:14+00:00","author":{"@id":"https:\/\/blogs.uef.fi\/sulle\/?lang=fi\/#\/schema\/person\/316ba8a4840ba4c84e355111fa4f99b7"},"breadcrumb":{"@id":"https:\/\/blogs.uef.fi\/sulle\/2026\/04\/23\/supporting-the-well-being-of-children-and-families\/?lang=en#breadcrumb"},"inLanguage":"fi","potentialAction":[{"@type":"ReadAction","target":["https:\/\/blogs.uef.fi\/sulle\/2026\/04\/23\/supporting-the-well-being-of-children-and-families\/?lang=en"]}]},{"@type":"ImageObject","inLanguage":"fi","@id":"https:\/\/blogs.uef.fi\/sulle\/2026\/04\/23\/supporting-the-well-being-of-children-and-families\/?lang=en#primaryimage","url":"https:\/\/blogs.uef.fi\/sulle\/wp-content\/uploads\/sites\/240\/2026\/04\/Holistic-well-being-kirja-1-scaled.jpg","contentUrl":"https:\/\/blogs.uef.fi\/sulle\/wp-content\/uploads\/sites\/240\/2026\/04\/Holistic-well-being-kirja-1-scaled.jpg","width":1920,"height":2560},{"@type":"BreadcrumbList","@id":"https:\/\/blogs.uef.fi\/sulle\/2026\/04\/23\/supporting-the-well-being-of-children-and-families\/?lang=en#breadcrumb","itemListElement":[{"@type":"ListItem","position":1,"name":"Etusivu","item":"https:\/\/blogs.uef.fi\/sulle\/?lang=fi\/"},{"@type":"ListItem","position":2,"name":"Supporting the Well-being of Children and Families"}]},{"@type":"WebSite","@id":"https:\/\/blogs.uef.fi\/sulle\/?lang=fi\/#website","url":"https:\/\/blogs.uef.fi\/sulle\/?lang=fi\/","name":"Elinik\u00e4isen oppimisen tuki -tutkimusryhm\u00e4n blogi","description":"","potentialAction":[{"@type":"SearchAction","target":{"@type":"EntryPoint","urlTemplate":"https:\/\/blogs.uef.fi\/sulle\/?lang=fi\/?s={search_term_string}"},"query-input":{"@type":"PropertyValueSpecification","valueRequired":true,"valueName":"search_term_string"}}],"inLanguage":"fi"},{"@type":"Person","@id":"https:\/\/blogs.uef.fi\/sulle\/?lang=fi\/#\/schema\/person\/316ba8a4840ba4c84e355111fa4f99b7","name":"pihlaine","image":{"@type":"ImageObject","inLanguage":"fi","@id":"https:\/\/secure.gravatar.com\/avatar\/3a0cae7dd4ad9f8f8d4e4020a6235c8e0a837edf349b78337a0ca943b968a55a?s=96&d=mm&r=g","url":"https:\/\/secure.gravatar.com\/avatar\/3a0cae7dd4ad9f8f8d4e4020a6235c8e0a837edf349b78337a0ca943b968a55a?s=96&d=mm&r=g","contentUrl":"https:\/\/secure.gravatar.com\/avatar\/3a0cae7dd4ad9f8f8d4e4020a6235c8e0a837edf349b78337a0ca943b968a55a?s=96&d=mm&r=g","caption":"pihlaine"},"url":"https:\/\/blogs.uef.fi\/sulle\/author\/pihlaine\/"}]}},"_links":{"self":[{"href":"https:\/\/blogs.uef.fi\/sulle\/wp-json\/wp\/v2\/posts\/151","targetHints":{"allow":["GET"]}}],"collection":[{"href":"https:\/\/blogs.uef.fi\/sulle\/wp-json\/wp\/v2\/posts"}],"about":[{"href":"https:\/\/blogs.uef.fi\/sulle\/wp-json\/wp\/v2\/types\/post"}],"author":[{"embeddable":true,"href":"https:\/\/blogs.uef.fi\/sulle\/wp-json\/wp\/v2\/users\/781"}],"replies":[{"embeddable":true,"href":"https:\/\/blogs.uef.fi\/sulle\/wp-json\/wp\/v2\/comments?post=151"}],"version-history":[{"count":2,"href":"https:\/\/blogs.uef.fi\/sulle\/wp-json\/wp\/v2\/posts\/151\/revisions"}],"predecessor-version":[{"id":158,"href":"https:\/\/blogs.uef.fi\/sulle\/wp-json\/wp\/v2\/posts\/151\/revisions\/158"}],"wp:attachment":[{"href":"https:\/\/blogs.uef.fi\/sulle\/wp-json\/wp\/v2\/media?parent=151"}],"wp:term":[{"taxonomy":"category","embeddable":true,"href":"https:\/\/blogs.uef.fi\/sulle\/wp-json\/wp\/v2\/categories?post=151"},{"taxonomy":"post_tag","embeddable":true,"href":"https:\/\/blogs.uef.fi\/sulle\/wp-json\/wp\/v2\/tags?post=151"}],"curies":[{"name":"wp","href":"https:\/\/api.w.org\/{rel}","templated":true}]}}