{"id":147,"date":"2026-04-23T07:47:33","date_gmt":"2026-04-23T04:47:33","guid":{"rendered":"https:\/\/blogs.uef.fi\/sulle\/?p=147"},"modified":"2026-04-23T08:25:29","modified_gmt":"2026-04-23T05:25:29","slug":"lasten-ja-perheiden-hyvinvointia-edistamassa","status":"publish","type":"post","link":"https:\/\/blogs.uef.fi\/sulle\/2026\/04\/23\/lasten-ja-perheiden-hyvinvointia-edistamassa\/","title":{"rendered":"Lasten ja perheiden hyvinvointia edist\u00e4m\u00e4ss\u00e4"},"content":{"rendered":"\n<p>Minulla on ollut etuoikeus tehd\u00e4 pitk\u00e4j\u00e4nteist\u00e4 tutkimusyhteisty\u00f6t\u00e4 sosiaality\u00f6n emeritusprofessori Juha H\u00e4m\u00e4l\u00e4isen (<a href=\"https:\/\/uefconnect.uef.fi\/juha.hamalainen\/\">Juha H\u00e4m\u00e4l\u00e4inen &#8211; UEFConnect<\/a>) &nbsp;ja professori Riitta Vornasen (<a href=\"https:\/\/uefconnect.uef.fi\/riitta.vornanen\/\">Riitta Vornanen &#8211; UEFConnect<\/a>) kanssa teemojen parissa, jotka ovat sek\u00e4 tutkimuksellisesti ett\u00e4 yhteiskunnallisesti keskeisi\u00e4: lasten ja perheiden hyvinvointi sek\u00e4 kest\u00e4v\u00e4 kehitys. Yhteisty\u00f6mme on syntynyt yhteisest\u00e4 kiinnostuksesta tarkastella hyvinvointia laaja-alaisesti \u2013 ei vain palveluj\u00e4rjestelm\u00e4n kysymyksen\u00e4, vaan osana sosiaalisesti ja moraalisesti kest\u00e4v\u00e4\u00e4 yhteiskuntaa.<\/p>\n\n\n\n<p>Tutkimusty\u00f6mme on konkretisoitunut useissa yhteisjulkaisuissa, kuten <a href=\"https:\/\/www.mdpi.com\/2071-1050\/12\/21\/8844\">Parents\u2019 Views on Family Resiliency in Sustainable Remote Schooling during the COVID-19 Outbreak in Finland<\/a> ja <a href=\"https:\/\/www.mdpi.com\/2071-1050\/12\/21\/9112\">Sustainable Family Life and Child Welfare: A Conceptual Framework<\/a>. Erityisesti COVID-19-pandemian aikainen et\u00e4koulutus tarjosi ainutlaatuisen tutkimuskontekstin, jossa perheiden arjen resilienssi, tukirakenteet ja eriarvoistumisen riskit tulivat n\u00e4kyviksi uudella tavalla.<\/p>\n\n\n\n<p>Jatkoimme t\u00e4t\u00e4 yhteisty\u00f6t\u00e4 kirjoittamalla yhdess\u00e4 kirjan luvun Mutsuko Tendon ja Riitta Vornasen toimittamaan teokseen <a href=\"https:\/\/www.amazon.com\/Holistic-Well-being-Empowerment-Children-Women-ebook\/dp\/B0GTPVVGMS\">Holistic Well-being and the Empowerment of Children and Women \u2013 Case Studies of Care, Resilience, Sustainability from Finland and Japan<\/a>. Luvussa analysoimme, millaisille periaatteille lasten ja perheiden hyvinvoinnin tukeminen Suomessa rakentuu ja miten n\u00e4m\u00e4 periaatteet kytkeytyv\u00e4t kest\u00e4vyyden tavoitteeseen.<\/p>\n\n\n\n<p>Tarkastelumme pohjautuu Suomen asemaan pohjoismaisena hyvinvointivaltiona sek\u00e4 keskeisiin normatiivisiin l\u00e4ht\u00f6kohtiin, erityisesti lapsen oikeuksiin ja lapsen edun ensisijaisuuteen. N\u00e4iden periaatteiden pohjalta suomalainen perhepalveluj\u00e4rjestelm\u00e4 on rakentunut ennaltaehk\u00e4isev\u00e4n ja tarpeen mukaan asteittain vahvistuvan tuen varaan. Tutkimusty\u00f6ss\u00e4mme minua on erityisesti kiinnostanut se, miten n\u00e4m\u00e4 tavoitteet toteutuvat k\u00e4yt\u00e4nn\u00f6ss\u00e4 \u2013 ja miss\u00e4 kohdin j\u00e4rjestelm\u00e4n kestokyky\u00e4 koetellaan.<\/p>\n\n\n\n<p>Luvussa tarkastelemme kriittisesti, mit\u00e4 kest\u00e4vyys merkitsee perhepalvelujen j\u00e4rjestelm\u00e4ss\u00e4, millaisia rakenteellisia ja ammatillisia j\u00e4nnitteit\u00e4 siihen liittyy ja miten tukea voidaan kohdentaa niin, ett\u00e4 heikommassa asemassa olevat lapset, nuoret ja perheet eiv\u00e4t j\u00e4\u00e4 n\u00e4kym\u00e4tt\u00f6miksi. N\u00e4en, ett\u00e4 juuri heid\u00e4n tukemisensa on keskeist\u00e4 lasten osallisuuden, hyvinvoinnin ja yhdenvertaisten kasvuedellytysten turvaamisessa.<\/p>\n\n\n\n<p>Tutkimuksemme perusteella katsomme, ett\u00e4 lasten ja perheiden hyvinvoinnin edist\u00e4minen edellytt\u00e4\u00e4 jatkuvaa palveluj\u00e4rjestelm\u00e4n ja k\u00e4yt\u00e4nteiden arviointia ja kehitt\u00e4mist\u00e4. T\u00e4m\u00e4 ei ole vain hallinnollinen tai taloudellinen kysymys, vaan osa laajempaa pyrkimyst\u00e4 vahvistaa sosiaalisesti ja moraalisesti kest\u00e4v\u00e4\u00e4 yhteiskuntaa my\u00f6s tuleville sukupolville.<\/p>\n\n\n\n<p>Kaisa Pihlainen<\/p>\n\n\n\n<p>Viite: H\u00e4m\u00e4l\u00e4inen, J., Pihlainen, K., &amp; Vornanen, R. (2026). Supporting families \u2013 preventive orientation and gradually strengthening support. The case of Finland.&nbsp;Teoksessa M. Tendo &amp; R. Vornanen (Toim.), Holistic well-being and empowerment of children and women &#8211; Case studies of care, resilience, sustainability from Finland and Japan.&nbsp;Gakubunsha&nbsp;Co., 40\u201359.&nbsp;<\/p>\n\n\n\n<figure class=\"wp-block-image size-large\"><img loading=\"lazy\" decoding=\"async\" width=\"768\" height=\"1024\" src=\"https:\/\/blogs.uef.fi\/sulle\/wp-content\/uploads\/sites\/240\/2026\/04\/Holistic-well-being-kirja-768x1024.jpg\" alt=\"Holistic Well-being and the Empowerment of Children adn Women -kirjan kansi\" class=\"wp-image-148\" srcset=\"https:\/\/blogs.uef.fi\/sulle\/wp-content\/uploads\/sites\/240\/2026\/04\/Holistic-well-being-kirja-768x1024.jpg 768w, https:\/\/blogs.uef.fi\/sulle\/wp-content\/uploads\/sites\/240\/2026\/04\/Holistic-well-being-kirja-225x300.jpg 225w, https:\/\/blogs.uef.fi\/sulle\/wp-content\/uploads\/sites\/240\/2026\/04\/Holistic-well-being-kirja-1152x1536.jpg 1152w, https:\/\/blogs.uef.fi\/sulle\/wp-content\/uploads\/sites\/240\/2026\/04\/Holistic-well-being-kirja-1536x2048.jpg 1536w, https:\/\/blogs.uef.fi\/sulle\/wp-content\/uploads\/sites\/240\/2026\/04\/Holistic-well-being-kirja-scaled.jpg 1920w\" sizes=\"auto, (max-width: 768px) 100vw, 768px\" \/><\/figure>\n","protected":false},"excerpt":{"rendered":"<p>Minulla on ollut etuoikeus tehd\u00e4 pitk\u00e4j\u00e4nteist\u00e4 tutkimusyhteisty\u00f6t\u00e4 sosiaality\u00f6n emeritusprofessori Juha H\u00e4m\u00e4l\u00e4isen (Juha H\u00e4m\u00e4l\u00e4inen &#8211; UEFConnect) &nbsp;ja professori Riitta Vornasen (Riitta Vornanen &#8211; UEFConnect) kanssa teemojen parissa, jotka ovat sek\u00e4 tutkimuksellisesti ett\u00e4 yhteiskunnallisesti keskeisi\u00e4: lasten ja perheiden hyvinvointi sek\u00e4 kest\u00e4v\u00e4 kehitys. Yhteisty\u00f6mme on syntynyt yhteisest\u00e4 kiinnostuksesta tarkastella hyvinvointia laaja-alaisesti \u2013 ei vain palveluj\u00e4rjestelm\u00e4n kysymyksen\u00e4, vaan osana [&hellip;]<\/p>\n","protected":false},"author":781,"featured_media":0,"comment_status":"open","ping_status":"open","sticky":false,"template":"","format":"standard","meta":{"_acf_changed":false,"footnotes":""},"categories":[1],"tags":[29,39,37,38],"class_list":["post-147","post","type-post","status-publish","format-standard","hentry","category-uncategorized-fi","tag-hyvinvointi","tag-kestava-kehitys","tag-lapset","tag-perheet"],"acf":[],"yoast_head":"<!-- This site is optimized with the Yoast SEO plugin v27.3 - https:\/\/yoast.com\/product\/yoast-seo-wordpress\/ -->\n<title>Lasten ja perheiden hyvinvointia edist\u00e4m\u00e4ss\u00e4 - Elinik\u00e4isen oppimisen tuki -tutkimusryhm\u00e4n blogi<\/title>\n<meta name=\"robots\" content=\"index, follow, max-snippet:-1, max-image-preview:large, max-video-preview:-1\" \/>\n<link rel=\"canonical\" href=\"https:\/\/blogs.uef.fi\/sulle\/2026\/04\/23\/lasten-ja-perheiden-hyvinvointia-edistamassa\/\" \/>\n<meta property=\"og:locale\" content=\"fi_FI\" \/>\n<meta property=\"og:type\" content=\"article\" \/>\n<meta property=\"og:title\" content=\"Lasten ja perheiden hyvinvointia edist\u00e4m\u00e4ss\u00e4 - Elinik\u00e4isen oppimisen tuki -tutkimusryhm\u00e4n blogi\" \/>\n<meta property=\"og:description\" content=\"Minulla on ollut etuoikeus tehd\u00e4 pitk\u00e4j\u00e4nteist\u00e4 tutkimusyhteisty\u00f6t\u00e4 sosiaality\u00f6n emeritusprofessori Juha H\u00e4m\u00e4l\u00e4isen (Juha H\u00e4m\u00e4l\u00e4inen &#8211; UEFConnect) &nbsp;ja professori Riitta Vornasen (Riitta Vornanen &#8211; UEFConnect) kanssa teemojen parissa, jotka ovat sek\u00e4 tutkimuksellisesti ett\u00e4 yhteiskunnallisesti keskeisi\u00e4: lasten ja perheiden hyvinvointi sek\u00e4 kest\u00e4v\u00e4 kehitys. Yhteisty\u00f6mme on syntynyt yhteisest\u00e4 kiinnostuksesta tarkastella hyvinvointia laaja-alaisesti \u2013 ei vain palveluj\u00e4rjestelm\u00e4n kysymyksen\u00e4, vaan osana [&hellip;]\" \/>\n<meta property=\"og:url\" content=\"https:\/\/blogs.uef.fi\/sulle\/2026\/04\/23\/lasten-ja-perheiden-hyvinvointia-edistamassa\/\" \/>\n<meta property=\"og:site_name\" content=\"Elinik\u00e4isen oppimisen tuki -tutkimusryhm\u00e4n blogi\" \/>\n<meta property=\"article:published_time\" content=\"2026-04-23T04:47:33+00:00\" \/>\n<meta property=\"article:modified_time\" content=\"2026-04-23T05:25:29+00:00\" \/>\n<meta property=\"og:image\" content=\"https:\/\/blogs.uef.fi\/sulle\/wp-content\/uploads\/sites\/240\/2026\/04\/Holistic-well-being-kirja-scaled.jpg\" \/>\n\t<meta property=\"og:image:width\" content=\"1920\" \/>\n\t<meta property=\"og:image:height\" content=\"2560\" \/>\n\t<meta property=\"og:image:type\" content=\"image\/jpeg\" \/>\n<meta name=\"author\" content=\"pihlaine\" \/>\n<meta name=\"twitter:card\" content=\"summary_large_image\" \/>\n<meta name=\"twitter:label1\" content=\"Kirjoittanut\" \/>\n\t<meta name=\"twitter:data1\" content=\"pihlaine\" \/>\n\t<meta name=\"twitter:label2\" content=\"Arvioitu lukuaika\" \/>\n\t<meta name=\"twitter:data2\" content=\"3 minuuttia\" \/>\n<script type=\"application\/ld+json\" class=\"yoast-schema-graph\">{\"@context\":\"https:\\\/\\\/schema.org\",\"@graph\":[{\"@type\":\"Article\",\"@id\":\"https:\\\/\\\/blogs.uef.fi\\\/sulle\\\/2026\\\/04\\\/23\\\/lasten-ja-perheiden-hyvinvointia-edistamassa\\\/#article\",\"isPartOf\":{\"@id\":\"https:\\\/\\\/blogs.uef.fi\\\/sulle\\\/2026\\\/04\\\/23\\\/lasten-ja-perheiden-hyvinvointia-edistamassa\\\/\"},\"author\":{\"name\":\"pihlaine\",\"@id\":\"https:\\\/\\\/blogs.uef.fi\\\/sulle\\\/?lang=fi\\\/#\\\/schema\\\/person\\\/316ba8a4840ba4c84e355111fa4f99b7\"},\"headline\":\"Lasten ja perheiden hyvinvointia edist\u00e4m\u00e4ss\u00e4\",\"datePublished\":\"2026-04-23T04:47:33+00:00\",\"dateModified\":\"2026-04-23T05:25:29+00:00\",\"mainEntityOfPage\":{\"@id\":\"https:\\\/\\\/blogs.uef.fi\\\/sulle\\\/2026\\\/04\\\/23\\\/lasten-ja-perheiden-hyvinvointia-edistamassa\\\/\"},\"wordCount\":415,\"commentCount\":0,\"image\":{\"@id\":\"https:\\\/\\\/blogs.uef.fi\\\/sulle\\\/2026\\\/04\\\/23\\\/lasten-ja-perheiden-hyvinvointia-edistamassa\\\/#primaryimage\"},\"thumbnailUrl\":\"https:\\\/\\\/blogs.uef.fi\\\/sulle\\\/wp-content\\\/uploads\\\/sites\\\/240\\\/2026\\\/04\\\/Holistic-well-being-kirja-768x1024.jpg\",\"keywords\":[\"hyvinvointi\",\"kest\u00e4v\u00e4 kehitys\",\"lapset\",\"perheet\"],\"articleSection\":[\"Uncategorized @fi\"],\"inLanguage\":\"fi\",\"potentialAction\":[{\"@type\":\"CommentAction\",\"name\":\"Comment\",\"target\":[\"https:\\\/\\\/blogs.uef.fi\\\/sulle\\\/2026\\\/04\\\/23\\\/lasten-ja-perheiden-hyvinvointia-edistamassa\\\/#respond\"]}]},{\"@type\":\"WebPage\",\"@id\":\"https:\\\/\\\/blogs.uef.fi\\\/sulle\\\/2026\\\/04\\\/23\\\/lasten-ja-perheiden-hyvinvointia-edistamassa\\\/\",\"url\":\"https:\\\/\\\/blogs.uef.fi\\\/sulle\\\/2026\\\/04\\\/23\\\/lasten-ja-perheiden-hyvinvointia-edistamassa\\\/\",\"name\":\"Lasten ja perheiden hyvinvointia edist\u00e4m\u00e4ss\u00e4 - Elinik\u00e4isen oppimisen tuki -tutkimusryhm\u00e4n blogi\",\"isPartOf\":{\"@id\":\"https:\\\/\\\/blogs.uef.fi\\\/sulle\\\/?lang=fi\\\/#website\"},\"primaryImageOfPage\":{\"@id\":\"https:\\\/\\\/blogs.uef.fi\\\/sulle\\\/2026\\\/04\\\/23\\\/lasten-ja-perheiden-hyvinvointia-edistamassa\\\/#primaryimage\"},\"image\":{\"@id\":\"https:\\\/\\\/blogs.uef.fi\\\/sulle\\\/2026\\\/04\\\/23\\\/lasten-ja-perheiden-hyvinvointia-edistamassa\\\/#primaryimage\"},\"thumbnailUrl\":\"https:\\\/\\\/blogs.uef.fi\\\/sulle\\\/wp-content\\\/uploads\\\/sites\\\/240\\\/2026\\\/04\\\/Holistic-well-being-kirja-768x1024.jpg\",\"datePublished\":\"2026-04-23T04:47:33+00:00\",\"dateModified\":\"2026-04-23T05:25:29+00:00\",\"author\":{\"@id\":\"https:\\\/\\\/blogs.uef.fi\\\/sulle\\\/?lang=fi\\\/#\\\/schema\\\/person\\\/316ba8a4840ba4c84e355111fa4f99b7\"},\"breadcrumb\":{\"@id\":\"https:\\\/\\\/blogs.uef.fi\\\/sulle\\\/2026\\\/04\\\/23\\\/lasten-ja-perheiden-hyvinvointia-edistamassa\\\/#breadcrumb\"},\"inLanguage\":\"fi\",\"potentialAction\":[{\"@type\":\"ReadAction\",\"target\":[\"https:\\\/\\\/blogs.uef.fi\\\/sulle\\\/2026\\\/04\\\/23\\\/lasten-ja-perheiden-hyvinvointia-edistamassa\\\/\"]}]},{\"@type\":\"ImageObject\",\"inLanguage\":\"fi\",\"@id\":\"https:\\\/\\\/blogs.uef.fi\\\/sulle\\\/2026\\\/04\\\/23\\\/lasten-ja-perheiden-hyvinvointia-edistamassa\\\/#primaryimage\",\"url\":\"https:\\\/\\\/blogs.uef.fi\\\/sulle\\\/wp-content\\\/uploads\\\/sites\\\/240\\\/2026\\\/04\\\/Holistic-well-being-kirja-scaled.jpg\",\"contentUrl\":\"https:\\\/\\\/blogs.uef.fi\\\/sulle\\\/wp-content\\\/uploads\\\/sites\\\/240\\\/2026\\\/04\\\/Holistic-well-being-kirja-scaled.jpg\",\"width\":1920,\"height\":2560},{\"@type\":\"BreadcrumbList\",\"@id\":\"https:\\\/\\\/blogs.uef.fi\\\/sulle\\\/2026\\\/04\\\/23\\\/lasten-ja-perheiden-hyvinvointia-edistamassa\\\/#breadcrumb\",\"itemListElement\":[{\"@type\":\"ListItem\",\"position\":1,\"name\":\"Etusivu\",\"item\":\"https:\\\/\\\/blogs.uef.fi\\\/sulle\\\/?lang=fi\\\/\"},{\"@type\":\"ListItem\",\"position\":2,\"name\":\"Lasten ja perheiden hyvinvointia edist\u00e4m\u00e4ss\u00e4\"}]},{\"@type\":\"WebSite\",\"@id\":\"https:\\\/\\\/blogs.uef.fi\\\/sulle\\\/?lang=fi\\\/#website\",\"url\":\"https:\\\/\\\/blogs.uef.fi\\\/sulle\\\/?lang=fi\\\/\",\"name\":\"Elinik\u00e4isen oppimisen tuki -tutkimusryhm\u00e4n blogi\",\"description\":\"\",\"potentialAction\":[{\"@type\":\"SearchAction\",\"target\":{\"@type\":\"EntryPoint\",\"urlTemplate\":\"https:\\\/\\\/blogs.uef.fi\\\/sulle\\\/?lang=fi\\\/?s={search_term_string}\"},\"query-input\":{\"@type\":\"PropertyValueSpecification\",\"valueRequired\":true,\"valueName\":\"search_term_string\"}}],\"inLanguage\":\"fi\"},{\"@type\":\"Person\",\"@id\":\"https:\\\/\\\/blogs.uef.fi\\\/sulle\\\/?lang=fi\\\/#\\\/schema\\\/person\\\/316ba8a4840ba4c84e355111fa4f99b7\",\"name\":\"pihlaine\",\"image\":{\"@type\":\"ImageObject\",\"inLanguage\":\"fi\",\"@id\":\"https:\\\/\\\/secure.gravatar.com\\\/avatar\\\/3a0cae7dd4ad9f8f8d4e4020a6235c8e0a837edf349b78337a0ca943b968a55a?s=96&d=mm&r=g\",\"url\":\"https:\\\/\\\/secure.gravatar.com\\\/avatar\\\/3a0cae7dd4ad9f8f8d4e4020a6235c8e0a837edf349b78337a0ca943b968a55a?s=96&d=mm&r=g\",\"contentUrl\":\"https:\\\/\\\/secure.gravatar.com\\\/avatar\\\/3a0cae7dd4ad9f8f8d4e4020a6235c8e0a837edf349b78337a0ca943b968a55a?s=96&d=mm&r=g\",\"caption\":\"pihlaine\"},\"url\":\"https:\\\/\\\/blogs.uef.fi\\\/sulle\\\/author\\\/pihlaine\\\/\"}]}<\/script>\n<!-- \/ Yoast SEO plugin. -->","yoast_head_json":{"title":"Lasten ja perheiden hyvinvointia edist\u00e4m\u00e4ss\u00e4 - Elinik\u00e4isen oppimisen tuki -tutkimusryhm\u00e4n blogi","robots":{"index":"index","follow":"follow","max-snippet":"max-snippet:-1","max-image-preview":"max-image-preview:large","max-video-preview":"max-video-preview:-1"},"canonical":"https:\/\/blogs.uef.fi\/sulle\/2026\/04\/23\/lasten-ja-perheiden-hyvinvointia-edistamassa\/","og_locale":"fi_FI","og_type":"article","og_title":"Lasten ja perheiden hyvinvointia edist\u00e4m\u00e4ss\u00e4 - Elinik\u00e4isen oppimisen tuki -tutkimusryhm\u00e4n blogi","og_description":"Minulla on ollut etuoikeus tehd\u00e4 pitk\u00e4j\u00e4nteist\u00e4 tutkimusyhteisty\u00f6t\u00e4 sosiaality\u00f6n emeritusprofessori Juha H\u00e4m\u00e4l\u00e4isen (Juha H\u00e4m\u00e4l\u00e4inen &#8211; UEFConnect) &nbsp;ja professori Riitta Vornasen (Riitta Vornanen &#8211; UEFConnect) kanssa teemojen parissa, jotka ovat sek\u00e4 tutkimuksellisesti ett\u00e4 yhteiskunnallisesti keskeisi\u00e4: lasten ja perheiden hyvinvointi sek\u00e4 kest\u00e4v\u00e4 kehitys. Yhteisty\u00f6mme on syntynyt yhteisest\u00e4 kiinnostuksesta tarkastella hyvinvointia laaja-alaisesti \u2013 ei vain palveluj\u00e4rjestelm\u00e4n kysymyksen\u00e4, vaan osana [&hellip;]","og_url":"https:\/\/blogs.uef.fi\/sulle\/2026\/04\/23\/lasten-ja-perheiden-hyvinvointia-edistamassa\/","og_site_name":"Elinik\u00e4isen oppimisen tuki -tutkimusryhm\u00e4n blogi","article_published_time":"2026-04-23T04:47:33+00:00","article_modified_time":"2026-04-23T05:25:29+00:00","og_image":[{"width":1920,"height":2560,"url":"https:\/\/blogs.uef.fi\/sulle\/wp-content\/uploads\/sites\/240\/2026\/04\/Holistic-well-being-kirja-scaled.jpg","type":"image\/jpeg"}],"author":"pihlaine","twitter_card":"summary_large_image","twitter_misc":{"Kirjoittanut":"pihlaine","Arvioitu lukuaika":"3 minuuttia"},"schema":{"@context":"https:\/\/schema.org","@graph":[{"@type":"Article","@id":"https:\/\/blogs.uef.fi\/sulle\/2026\/04\/23\/lasten-ja-perheiden-hyvinvointia-edistamassa\/#article","isPartOf":{"@id":"https:\/\/blogs.uef.fi\/sulle\/2026\/04\/23\/lasten-ja-perheiden-hyvinvointia-edistamassa\/"},"author":{"name":"pihlaine","@id":"https:\/\/blogs.uef.fi\/sulle\/?lang=fi\/#\/schema\/person\/316ba8a4840ba4c84e355111fa4f99b7"},"headline":"Lasten ja perheiden hyvinvointia edist\u00e4m\u00e4ss\u00e4","datePublished":"2026-04-23T04:47:33+00:00","dateModified":"2026-04-23T05:25:29+00:00","mainEntityOfPage":{"@id":"https:\/\/blogs.uef.fi\/sulle\/2026\/04\/23\/lasten-ja-perheiden-hyvinvointia-edistamassa\/"},"wordCount":415,"commentCount":0,"image":{"@id":"https:\/\/blogs.uef.fi\/sulle\/2026\/04\/23\/lasten-ja-perheiden-hyvinvointia-edistamassa\/#primaryimage"},"thumbnailUrl":"https:\/\/blogs.uef.fi\/sulle\/wp-content\/uploads\/sites\/240\/2026\/04\/Holistic-well-being-kirja-768x1024.jpg","keywords":["hyvinvointi","kest\u00e4v\u00e4 kehitys","lapset","perheet"],"articleSection":["Uncategorized @fi"],"inLanguage":"fi","potentialAction":[{"@type":"CommentAction","name":"Comment","target":["https:\/\/blogs.uef.fi\/sulle\/2026\/04\/23\/lasten-ja-perheiden-hyvinvointia-edistamassa\/#respond"]}]},{"@type":"WebPage","@id":"https:\/\/blogs.uef.fi\/sulle\/2026\/04\/23\/lasten-ja-perheiden-hyvinvointia-edistamassa\/","url":"https:\/\/blogs.uef.fi\/sulle\/2026\/04\/23\/lasten-ja-perheiden-hyvinvointia-edistamassa\/","name":"Lasten ja perheiden hyvinvointia edist\u00e4m\u00e4ss\u00e4 - Elinik\u00e4isen oppimisen tuki -tutkimusryhm\u00e4n blogi","isPartOf":{"@id":"https:\/\/blogs.uef.fi\/sulle\/?lang=fi\/#website"},"primaryImageOfPage":{"@id":"https:\/\/blogs.uef.fi\/sulle\/2026\/04\/23\/lasten-ja-perheiden-hyvinvointia-edistamassa\/#primaryimage"},"image":{"@id":"https:\/\/blogs.uef.fi\/sulle\/2026\/04\/23\/lasten-ja-perheiden-hyvinvointia-edistamassa\/#primaryimage"},"thumbnailUrl":"https:\/\/blogs.uef.fi\/sulle\/wp-content\/uploads\/sites\/240\/2026\/04\/Holistic-well-being-kirja-768x1024.jpg","datePublished":"2026-04-23T04:47:33+00:00","dateModified":"2026-04-23T05:25:29+00:00","author":{"@id":"https:\/\/blogs.uef.fi\/sulle\/?lang=fi\/#\/schema\/person\/316ba8a4840ba4c84e355111fa4f99b7"},"breadcrumb":{"@id":"https:\/\/blogs.uef.fi\/sulle\/2026\/04\/23\/lasten-ja-perheiden-hyvinvointia-edistamassa\/#breadcrumb"},"inLanguage":"fi","potentialAction":[{"@type":"ReadAction","target":["https:\/\/blogs.uef.fi\/sulle\/2026\/04\/23\/lasten-ja-perheiden-hyvinvointia-edistamassa\/"]}]},{"@type":"ImageObject","inLanguage":"fi","@id":"https:\/\/blogs.uef.fi\/sulle\/2026\/04\/23\/lasten-ja-perheiden-hyvinvointia-edistamassa\/#primaryimage","url":"https:\/\/blogs.uef.fi\/sulle\/wp-content\/uploads\/sites\/240\/2026\/04\/Holistic-well-being-kirja-scaled.jpg","contentUrl":"https:\/\/blogs.uef.fi\/sulle\/wp-content\/uploads\/sites\/240\/2026\/04\/Holistic-well-being-kirja-scaled.jpg","width":1920,"height":2560},{"@type":"BreadcrumbList","@id":"https:\/\/blogs.uef.fi\/sulle\/2026\/04\/23\/lasten-ja-perheiden-hyvinvointia-edistamassa\/#breadcrumb","itemListElement":[{"@type":"ListItem","position":1,"name":"Etusivu","item":"https:\/\/blogs.uef.fi\/sulle\/?lang=fi\/"},{"@type":"ListItem","position":2,"name":"Lasten ja perheiden hyvinvointia edist\u00e4m\u00e4ss\u00e4"}]},{"@type":"WebSite","@id":"https:\/\/blogs.uef.fi\/sulle\/?lang=fi\/#website","url":"https:\/\/blogs.uef.fi\/sulle\/?lang=fi\/","name":"Elinik\u00e4isen oppimisen tuki -tutkimusryhm\u00e4n blogi","description":"","potentialAction":[{"@type":"SearchAction","target":{"@type":"EntryPoint","urlTemplate":"https:\/\/blogs.uef.fi\/sulle\/?lang=fi\/?s={search_term_string}"},"query-input":{"@type":"PropertyValueSpecification","valueRequired":true,"valueName":"search_term_string"}}],"inLanguage":"fi"},{"@type":"Person","@id":"https:\/\/blogs.uef.fi\/sulle\/?lang=fi\/#\/schema\/person\/316ba8a4840ba4c84e355111fa4f99b7","name":"pihlaine","image":{"@type":"ImageObject","inLanguage":"fi","@id":"https:\/\/secure.gravatar.com\/avatar\/3a0cae7dd4ad9f8f8d4e4020a6235c8e0a837edf349b78337a0ca943b968a55a?s=96&d=mm&r=g","url":"https:\/\/secure.gravatar.com\/avatar\/3a0cae7dd4ad9f8f8d4e4020a6235c8e0a837edf349b78337a0ca943b968a55a?s=96&d=mm&r=g","contentUrl":"https:\/\/secure.gravatar.com\/avatar\/3a0cae7dd4ad9f8f8d4e4020a6235c8e0a837edf349b78337a0ca943b968a55a?s=96&d=mm&r=g","caption":"pihlaine"},"url":"https:\/\/blogs.uef.fi\/sulle\/author\/pihlaine\/"}]}},"_links":{"self":[{"href":"https:\/\/blogs.uef.fi\/sulle\/wp-json\/wp\/v2\/posts\/147","targetHints":{"allow":["GET"]}}],"collection":[{"href":"https:\/\/blogs.uef.fi\/sulle\/wp-json\/wp\/v2\/posts"}],"about":[{"href":"https:\/\/blogs.uef.fi\/sulle\/wp-json\/wp\/v2\/types\/post"}],"author":[{"embeddable":true,"href":"https:\/\/blogs.uef.fi\/sulle\/wp-json\/wp\/v2\/users\/781"}],"replies":[{"embeddable":true,"href":"https:\/\/blogs.uef.fi\/sulle\/wp-json\/wp\/v2\/comments?post=147"}],"version-history":[{"count":2,"href":"https:\/\/blogs.uef.fi\/sulle\/wp-json\/wp\/v2\/posts\/147\/revisions"}],"predecessor-version":[{"id":159,"href":"https:\/\/blogs.uef.fi\/sulle\/wp-json\/wp\/v2\/posts\/147\/revisions\/159"}],"wp:attachment":[{"href":"https:\/\/blogs.uef.fi\/sulle\/wp-json\/wp\/v2\/media?parent=147"}],"wp:term":[{"taxonomy":"category","embeddable":true,"href":"https:\/\/blogs.uef.fi\/sulle\/wp-json\/wp\/v2\/categories?post=147"},{"taxonomy":"post_tag","embeddable":true,"href":"https:\/\/blogs.uef.fi\/sulle\/wp-json\/wp\/v2\/tags?post=147"}],"curies":[{"name":"wp","href":"https:\/\/api.w.org\/{rel}","templated":true}]}}