{"id":135,"date":"2026-04-15T15:05:55","date_gmt":"2026-04-15T12:05:55","guid":{"rendered":"https:\/\/blogs.uef.fi\/sulle\/?p=135"},"modified":"2026-04-15T15:05:57","modified_gmt":"2026-04-15T12:05:57","slug":"globaalit-nakokulmat-osallisuuteen-vammaisoikeudet-palaute-ja-koko-kouluyhteison-kattavat-lahestymistavat","status":"publish","type":"post","link":"https:\/\/blogs.uef.fi\/sulle\/2026\/04\/15\/globaalit-nakokulmat-osallisuuteen-vammaisoikeudet-palaute-ja-koko-kouluyhteison-kattavat-lahestymistavat\/","title":{"rendered":"Globaalit n\u00e4k\u00f6kulmat osallisuuteen: Vammaisoikeudet, palaute ja koko kouluyhteis\u00f6n kattavat l\u00e4hestymistavat"},"content":{"rendered":"\n<p>Minulla oli 12.\u201313. maaliskuuta etuoikeus osallistua Touro Law Universityn (New York) j\u00e4rjest\u00e4m\u00e4\u00e4n kolmanteen vuosittaiseen <a href=\"https:\/\/www.tourolaw.edu\/academics\/disability-rights-conference\" id=\"https:\/\/www.tourolaw.edu\/academics\/disability-rights-conference\">Disability Rights &amp; Inclusion \u2011konferenssiin<\/a>. Konferenssi kokosi yhteen poikkeuksellisen joukon kansallisia ja kansainv\u00e4lisi\u00e4 asiantuntijoita k\u00e4sittelem\u00e4\u00e4n ajankohtaisia kysymyksi\u00e4, jotka koskettavat vammaisyhteis\u00f6\u00e4 ty\u00f6el\u00e4m\u00e4ss\u00e4, koulutuksessa, oikeudellisista n\u00e4k\u00f6kulmista sek\u00e4 kansainv\u00e4lisiss\u00e4 konteksteissa. Paluu t\u00e4lle foorumille jo toistamiseen oli sek\u00e4 merkityksellist\u00e4 ett\u00e4 inspiroivaa.<\/p>\n\n\n\n<p>Pidin esitelm\u00e4n konferenssin kahdessa eri sessiossa, jotka tarkastelivat osallisuutta eri ulottuvuuksista. Ensimm\u00e4isess\u00e4 esityksess\u00e4 esittelin, miten palaute suomalaisessa ammatillisessa koulutuksessa voidaan ymm\u00e4rt\u00e4\u00e4 paitsi pedagogisena v\u00e4lineen\u00e4 my\u00f6s opiskelijan oikeutena. T\u00e4m\u00e4 tutkimus on osa SuLLe-tutkimusryhm\u00e4n k\u00e4ynniss\u00e4 olevaa hanketta, jossa tarkastellaan palautek\u00e4yt\u00e4nt\u00f6j\u00e4 suomalaisessa ammatillisessa koulutuksessa. Ammatillisessa koulutuksessa j\u00e4rjestelm\u00e4llinen ja vaikuttava palaute on keskeist\u00e4 sen varmistamisessa, ett\u00e4 erilaisten oppijoiden tarpeet tunnistetaan, heid\u00e4t huomioidaan ja he osallistuvat aktiivisesti omien oppimispolkujensa muovaamiseen.<\/p>\n\n\n\n<p>Toinen esitys keskittyi koko kouluyhteis\u00f6n kattaviin inklusiivisiin toimintatapoihin kansainv\u00e4lisi\u00e4 vertailuja hy\u00f6dynt\u00e4en. Keskustelu vahvisti k\u00e4sityst\u00e4 siit\u00e4, ett\u00e4 kest\u00e4v\u00e4 osallisuus ei ole pelk\u00e4st\u00e4\u00e4n luokkahuonety\u00f6h\u00f6n liittyv\u00e4 kysymys, vaan se edellytt\u00e4\u00e4 yhteensopivuutta oppilaitosten rakenteiden, poliittisten linjausten ja tuen kulttuuristen ymm\u00e4rrysten v\u00e4lill\u00e4. Yhteisty\u00f6 opettajien, p\u00e4\u00e4tt\u00e4jien ja yhteis\u00f6jen kesken on v\u00e4ltt\u00e4m\u00e4t\u00f6nt\u00e4.<\/p>\n\n\n\n<p>Molempien sessioiden keskusteluissa nousi esiin useita selkeit\u00e4 teemoja: osallisuus toteutuu parhaiten jaettuna vastuuna, palaute on keskeinen oikeudenmukaisuuden ja osallistumisen mekanismi, ja kansainv\u00e4linen vuoropuhelu tarjoaa korvaamattomia n\u00e4k\u00f6kulmia sek\u00e4 haasteisiin ett\u00e4 ratkaisuihin. Olen kiitollinen It\u00e4-Suomen yliopiston erityispedagogiikan osastolle sek\u00e4 Joensuun yliopistos\u00e4\u00e4ti\u00f6lle ty\u00f6ni tukemisesta. L\u00e4mmin kiitos my\u00f6s konferenssin j\u00e4rjest\u00e4jille, erityisesti professori Samuel Levinelle, Touro Law Centerin Jewish Law Instituten johtajalle ja oikeustieteen professorille, tilan luomisesta n\u00e4in moninaisille n\u00e4k\u00f6kulmille vammaisoikeuksiin ja inklusiiviseen koulutukseen liittyen.<\/p>\n\n\n\n<p>Lis\u00e4tietoa konferenssista on saatavilla <a href=\"https:\/\/www.tourolaw.edu\/academics\/disability-rights-conference\" id=\"https:\/\/www.tourolaw.edu\/academics\/disability-rights-conference\">Touro Law Centerin<\/a> verkkosivuilla.<\/p>\n\n\n\n<p><a href=\"https:\/\/uefconnect.uef.fi\/evelyn.karkkulainen\/#information\" id=\"https:\/\/uefconnect.uef.fi\/evelyn.karkkulainen\/#information\">Evelyn Karkkulainen<\/a><\/p>\n\n\n\n<figure class=\"wp-block-image size-full\"><img loading=\"lazy\" decoding=\"async\" width=\"416\" height=\"925\" src=\"https:\/\/blogs.uef.fi\/sulle\/wp-content\/uploads\/sites\/240\/2026\/04\/Picture1-Evelyn.png\" alt=\"Evelyn Karkkulainen\" class=\"wp-image-136\" srcset=\"https:\/\/blogs.uef.fi\/sulle\/wp-content\/uploads\/sites\/240\/2026\/04\/Picture1-Evelyn.png 416w, https:\/\/blogs.uef.fi\/sulle\/wp-content\/uploads\/sites\/240\/2026\/04\/Picture1-Evelyn-135x300.png 135w\" sizes=\"auto, (max-width: 416px) 100vw, 416px\" \/><\/figure>\n","protected":false},"excerpt":{"rendered":"<p>Minulla oli 12.\u201313. maaliskuuta etuoikeus osallistua Touro Law Universityn (New York) j\u00e4rjest\u00e4m\u00e4\u00e4n kolmanteen vuosittaiseen Disability Rights &amp; Inclusion \u2011konferenssiin. Konferenssi kokosi yhteen poikkeuksellisen joukon kansallisia ja kansainv\u00e4lisi\u00e4 asiantuntijoita k\u00e4sittelem\u00e4\u00e4n ajankohtaisia kysymyksi\u00e4, jotka koskettavat vammaisyhteis\u00f6\u00e4 ty\u00f6el\u00e4m\u00e4ss\u00e4, koulutuksessa, oikeudellisista n\u00e4k\u00f6kulmista sek\u00e4 kansainv\u00e4lisiss\u00e4 konteksteissa. Paluu t\u00e4lle foorumille jo toistamiseen oli sek\u00e4 merkityksellist\u00e4 ett\u00e4 inspiroivaa. Pidin esitelm\u00e4n konferenssin kahdessa [&hellip;]<\/p>\n","protected":false},"author":781,"featured_media":0,"comment_status":"open","ping_status":"open","sticky":false,"template":"","format":"standard","meta":{"_acf_changed":false,"footnotes":""},"categories":[1],"tags":[32,30,28,31],"class_list":["post-135","post","type-post","status-publish","format-standard","hentry","category-uncategorized-fi","tag-ammatillinen-koulutus","tag-konferenssi","tag-osallisuus","tag-yhdysvallat"],"acf":[],"yoast_head":"<!-- This site is optimized with the Yoast SEO plugin v27.3 - https:\/\/yoast.com\/product\/yoast-seo-wordpress\/ -->\n<title>Globaalit n\u00e4k\u00f6kulmat osallisuuteen: Vammaisoikeudet, palaute ja koko kouluyhteis\u00f6n kattavat l\u00e4hestymistavat - Elinik\u00e4isen oppimisen tuki -tutkimusryhm\u00e4n blogi<\/title>\n<meta name=\"robots\" content=\"index, follow, max-snippet:-1, max-image-preview:large, max-video-preview:-1\" \/>\n<link rel=\"canonical\" href=\"https:\/\/blogs.uef.fi\/sulle\/2026\/04\/15\/globaalit-nakokulmat-osallisuuteen-vammaisoikeudet-palaute-ja-koko-kouluyhteison-kattavat-lahestymistavat\/\" \/>\n<meta property=\"og:locale\" content=\"fi_FI\" \/>\n<meta property=\"og:type\" content=\"article\" \/>\n<meta property=\"og:title\" content=\"Globaalit n\u00e4k\u00f6kulmat osallisuuteen: Vammaisoikeudet, palaute ja koko kouluyhteis\u00f6n kattavat l\u00e4hestymistavat - Elinik\u00e4isen oppimisen tuki -tutkimusryhm\u00e4n blogi\" \/>\n<meta property=\"og:description\" content=\"Minulla oli 12.\u201313. maaliskuuta etuoikeus osallistua Touro Law Universityn (New York) j\u00e4rjest\u00e4m\u00e4\u00e4n kolmanteen vuosittaiseen Disability Rights &amp; Inclusion \u2011konferenssiin. Konferenssi kokosi yhteen poikkeuksellisen joukon kansallisia ja kansainv\u00e4lisi\u00e4 asiantuntijoita k\u00e4sittelem\u00e4\u00e4n ajankohtaisia kysymyksi\u00e4, jotka koskettavat vammaisyhteis\u00f6\u00e4 ty\u00f6el\u00e4m\u00e4ss\u00e4, koulutuksessa, oikeudellisista n\u00e4k\u00f6kulmista sek\u00e4 kansainv\u00e4lisiss\u00e4 konteksteissa. Paluu t\u00e4lle foorumille jo toistamiseen oli sek\u00e4 merkityksellist\u00e4 ett\u00e4 inspiroivaa. Pidin esitelm\u00e4n konferenssin kahdessa [&hellip;]\" \/>\n<meta property=\"og:url\" content=\"https:\/\/blogs.uef.fi\/sulle\/2026\/04\/15\/globaalit-nakokulmat-osallisuuteen-vammaisoikeudet-palaute-ja-koko-kouluyhteison-kattavat-lahestymistavat\/\" \/>\n<meta property=\"og:site_name\" content=\"Elinik\u00e4isen oppimisen tuki -tutkimusryhm\u00e4n blogi\" \/>\n<meta property=\"article:published_time\" content=\"2026-04-15T12:05:55+00:00\" \/>\n<meta property=\"article:modified_time\" content=\"2026-04-15T12:05:57+00:00\" \/>\n<meta property=\"og:image\" content=\"https:\/\/blogs.uef.fi\/sulle\/wp-content\/uploads\/sites\/240\/2026\/04\/Picture1-Evelyn.png\" \/>\n\t<meta property=\"og:image:width\" content=\"416\" \/>\n\t<meta property=\"og:image:height\" content=\"925\" \/>\n\t<meta property=\"og:image:type\" content=\"image\/png\" \/>\n<meta name=\"author\" content=\"pihlaine\" \/>\n<meta name=\"twitter:card\" content=\"summary_large_image\" \/>\n<meta name=\"twitter:label1\" content=\"Kirjoittanut\" \/>\n\t<meta name=\"twitter:data1\" content=\"pihlaine\" \/>\n\t<meta name=\"twitter:label2\" content=\"Arvioitu lukuaika\" \/>\n\t<meta name=\"twitter:data2\" content=\"2 minuuttia\" \/>\n<script type=\"application\/ld+json\" class=\"yoast-schema-graph\">{\"@context\":\"https:\\\/\\\/schema.org\",\"@graph\":[{\"@type\":\"Article\",\"@id\":\"https:\\\/\\\/blogs.uef.fi\\\/sulle\\\/2026\\\/04\\\/15\\\/globaalit-nakokulmat-osallisuuteen-vammaisoikeudet-palaute-ja-koko-kouluyhteison-kattavat-lahestymistavat\\\/#article\",\"isPartOf\":{\"@id\":\"https:\\\/\\\/blogs.uef.fi\\\/sulle\\\/2026\\\/04\\\/15\\\/globaalit-nakokulmat-osallisuuteen-vammaisoikeudet-palaute-ja-koko-kouluyhteison-kattavat-lahestymistavat\\\/\"},\"author\":{\"name\":\"pihlaine\",\"@id\":\"https:\\\/\\\/blogs.uef.fi\\\/sulle\\\/?lang=fi\\\/#\\\/schema\\\/person\\\/316ba8a4840ba4c84e355111fa4f99b7\"},\"headline\":\"Globaalit n\u00e4k\u00f6kulmat osallisuuteen: Vammaisoikeudet, palaute ja koko kouluyhteis\u00f6n kattavat l\u00e4hestymistavat\",\"datePublished\":\"2026-04-15T12:05:55+00:00\",\"dateModified\":\"2026-04-15T12:05:57+00:00\",\"mainEntityOfPage\":{\"@id\":\"https:\\\/\\\/blogs.uef.fi\\\/sulle\\\/2026\\\/04\\\/15\\\/globaalit-nakokulmat-osallisuuteen-vammaisoikeudet-palaute-ja-koko-kouluyhteison-kattavat-lahestymistavat\\\/\"},\"wordCount\":315,\"commentCount\":0,\"image\":{\"@id\":\"https:\\\/\\\/blogs.uef.fi\\\/sulle\\\/2026\\\/04\\\/15\\\/globaalit-nakokulmat-osallisuuteen-vammaisoikeudet-palaute-ja-koko-kouluyhteison-kattavat-lahestymistavat\\\/#primaryimage\"},\"thumbnailUrl\":\"https:\\\/\\\/blogs.uef.fi\\\/sulle\\\/wp-content\\\/uploads\\\/sites\\\/240\\\/2026\\\/04\\\/Picture1-Evelyn.png\",\"keywords\":[\"ammatillinen koulutus\",\"konferenssi\",\"osallisuus\",\"Yhdysvallat\"],\"articleSection\":[\"Uncategorized @fi\"],\"inLanguage\":\"fi\",\"potentialAction\":[{\"@type\":\"CommentAction\",\"name\":\"Comment\",\"target\":[\"https:\\\/\\\/blogs.uef.fi\\\/sulle\\\/2026\\\/04\\\/15\\\/globaalit-nakokulmat-osallisuuteen-vammaisoikeudet-palaute-ja-koko-kouluyhteison-kattavat-lahestymistavat\\\/#respond\"]}]},{\"@type\":\"WebPage\",\"@id\":\"https:\\\/\\\/blogs.uef.fi\\\/sulle\\\/2026\\\/04\\\/15\\\/globaalit-nakokulmat-osallisuuteen-vammaisoikeudet-palaute-ja-koko-kouluyhteison-kattavat-lahestymistavat\\\/\",\"url\":\"https:\\\/\\\/blogs.uef.fi\\\/sulle\\\/2026\\\/04\\\/15\\\/globaalit-nakokulmat-osallisuuteen-vammaisoikeudet-palaute-ja-koko-kouluyhteison-kattavat-lahestymistavat\\\/\",\"name\":\"Globaalit n\u00e4k\u00f6kulmat osallisuuteen: Vammaisoikeudet, palaute ja koko kouluyhteis\u00f6n kattavat l\u00e4hestymistavat - Elinik\u00e4isen oppimisen tuki -tutkimusryhm\u00e4n blogi\",\"isPartOf\":{\"@id\":\"https:\\\/\\\/blogs.uef.fi\\\/sulle\\\/?lang=fi\\\/#website\"},\"primaryImageOfPage\":{\"@id\":\"https:\\\/\\\/blogs.uef.fi\\\/sulle\\\/2026\\\/04\\\/15\\\/globaalit-nakokulmat-osallisuuteen-vammaisoikeudet-palaute-ja-koko-kouluyhteison-kattavat-lahestymistavat\\\/#primaryimage\"},\"image\":{\"@id\":\"https:\\\/\\\/blogs.uef.fi\\\/sulle\\\/2026\\\/04\\\/15\\\/globaalit-nakokulmat-osallisuuteen-vammaisoikeudet-palaute-ja-koko-kouluyhteison-kattavat-lahestymistavat\\\/#primaryimage\"},\"thumbnailUrl\":\"https:\\\/\\\/blogs.uef.fi\\\/sulle\\\/wp-content\\\/uploads\\\/sites\\\/240\\\/2026\\\/04\\\/Picture1-Evelyn.png\",\"datePublished\":\"2026-04-15T12:05:55+00:00\",\"dateModified\":\"2026-04-15T12:05:57+00:00\",\"author\":{\"@id\":\"https:\\\/\\\/blogs.uef.fi\\\/sulle\\\/?lang=fi\\\/#\\\/schema\\\/person\\\/316ba8a4840ba4c84e355111fa4f99b7\"},\"breadcrumb\":{\"@id\":\"https:\\\/\\\/blogs.uef.fi\\\/sulle\\\/2026\\\/04\\\/15\\\/globaalit-nakokulmat-osallisuuteen-vammaisoikeudet-palaute-ja-koko-kouluyhteison-kattavat-lahestymistavat\\\/#breadcrumb\"},\"inLanguage\":\"fi\",\"potentialAction\":[{\"@type\":\"ReadAction\",\"target\":[\"https:\\\/\\\/blogs.uef.fi\\\/sulle\\\/2026\\\/04\\\/15\\\/globaalit-nakokulmat-osallisuuteen-vammaisoikeudet-palaute-ja-koko-kouluyhteison-kattavat-lahestymistavat\\\/\"]}]},{\"@type\":\"ImageObject\",\"inLanguage\":\"fi\",\"@id\":\"https:\\\/\\\/blogs.uef.fi\\\/sulle\\\/2026\\\/04\\\/15\\\/globaalit-nakokulmat-osallisuuteen-vammaisoikeudet-palaute-ja-koko-kouluyhteison-kattavat-lahestymistavat\\\/#primaryimage\",\"url\":\"https:\\\/\\\/blogs.uef.fi\\\/sulle\\\/wp-content\\\/uploads\\\/sites\\\/240\\\/2026\\\/04\\\/Picture1-Evelyn.png\",\"contentUrl\":\"https:\\\/\\\/blogs.uef.fi\\\/sulle\\\/wp-content\\\/uploads\\\/sites\\\/240\\\/2026\\\/04\\\/Picture1-Evelyn.png\",\"width\":416,\"height\":925},{\"@type\":\"BreadcrumbList\",\"@id\":\"https:\\\/\\\/blogs.uef.fi\\\/sulle\\\/2026\\\/04\\\/15\\\/globaalit-nakokulmat-osallisuuteen-vammaisoikeudet-palaute-ja-koko-kouluyhteison-kattavat-lahestymistavat\\\/#breadcrumb\",\"itemListElement\":[{\"@type\":\"ListItem\",\"position\":1,\"name\":\"Etusivu\",\"item\":\"https:\\\/\\\/blogs.uef.fi\\\/sulle\\\/?lang=fi\\\/\"},{\"@type\":\"ListItem\",\"position\":2,\"name\":\"Globaalit n\u00e4k\u00f6kulmat osallisuuteen: Vammaisoikeudet, palaute ja koko kouluyhteis\u00f6n kattavat l\u00e4hestymistavat\"}]},{\"@type\":\"WebSite\",\"@id\":\"https:\\\/\\\/blogs.uef.fi\\\/sulle\\\/?lang=fi\\\/#website\",\"url\":\"https:\\\/\\\/blogs.uef.fi\\\/sulle\\\/?lang=fi\\\/\",\"name\":\"Elinik\u00e4isen oppimisen tuki -tutkimusryhm\u00e4n blogi\",\"description\":\"\",\"potentialAction\":[{\"@type\":\"SearchAction\",\"target\":{\"@type\":\"EntryPoint\",\"urlTemplate\":\"https:\\\/\\\/blogs.uef.fi\\\/sulle\\\/?lang=fi\\\/?s={search_term_string}\"},\"query-input\":{\"@type\":\"PropertyValueSpecification\",\"valueRequired\":true,\"valueName\":\"search_term_string\"}}],\"inLanguage\":\"fi\"},{\"@type\":\"Person\",\"@id\":\"https:\\\/\\\/blogs.uef.fi\\\/sulle\\\/?lang=fi\\\/#\\\/schema\\\/person\\\/316ba8a4840ba4c84e355111fa4f99b7\",\"name\":\"pihlaine\",\"image\":{\"@type\":\"ImageObject\",\"inLanguage\":\"fi\",\"@id\":\"https:\\\/\\\/secure.gravatar.com\\\/avatar\\\/3a0cae7dd4ad9f8f8d4e4020a6235c8e0a837edf349b78337a0ca943b968a55a?s=96&d=mm&r=g\",\"url\":\"https:\\\/\\\/secure.gravatar.com\\\/avatar\\\/3a0cae7dd4ad9f8f8d4e4020a6235c8e0a837edf349b78337a0ca943b968a55a?s=96&d=mm&r=g\",\"contentUrl\":\"https:\\\/\\\/secure.gravatar.com\\\/avatar\\\/3a0cae7dd4ad9f8f8d4e4020a6235c8e0a837edf349b78337a0ca943b968a55a?s=96&d=mm&r=g\",\"caption\":\"pihlaine\"},\"url\":\"https:\\\/\\\/blogs.uef.fi\\\/sulle\\\/author\\\/pihlaine\\\/\"}]}<\/script>\n<!-- \/ Yoast SEO plugin. -->","yoast_head_json":{"title":"Globaalit n\u00e4k\u00f6kulmat osallisuuteen: Vammaisoikeudet, palaute ja koko kouluyhteis\u00f6n kattavat l\u00e4hestymistavat - Elinik\u00e4isen oppimisen tuki -tutkimusryhm\u00e4n blogi","robots":{"index":"index","follow":"follow","max-snippet":"max-snippet:-1","max-image-preview":"max-image-preview:large","max-video-preview":"max-video-preview:-1"},"canonical":"https:\/\/blogs.uef.fi\/sulle\/2026\/04\/15\/globaalit-nakokulmat-osallisuuteen-vammaisoikeudet-palaute-ja-koko-kouluyhteison-kattavat-lahestymistavat\/","og_locale":"fi_FI","og_type":"article","og_title":"Globaalit n\u00e4k\u00f6kulmat osallisuuteen: Vammaisoikeudet, palaute ja koko kouluyhteis\u00f6n kattavat l\u00e4hestymistavat - Elinik\u00e4isen oppimisen tuki -tutkimusryhm\u00e4n blogi","og_description":"Minulla oli 12.\u201313. maaliskuuta etuoikeus osallistua Touro Law Universityn (New York) j\u00e4rjest\u00e4m\u00e4\u00e4n kolmanteen vuosittaiseen Disability Rights &amp; Inclusion \u2011konferenssiin. Konferenssi kokosi yhteen poikkeuksellisen joukon kansallisia ja kansainv\u00e4lisi\u00e4 asiantuntijoita k\u00e4sittelem\u00e4\u00e4n ajankohtaisia kysymyksi\u00e4, jotka koskettavat vammaisyhteis\u00f6\u00e4 ty\u00f6el\u00e4m\u00e4ss\u00e4, koulutuksessa, oikeudellisista n\u00e4k\u00f6kulmista sek\u00e4 kansainv\u00e4lisiss\u00e4 konteksteissa. Paluu t\u00e4lle foorumille jo toistamiseen oli sek\u00e4 merkityksellist\u00e4 ett\u00e4 inspiroivaa. Pidin esitelm\u00e4n konferenssin kahdessa [&hellip;]","og_url":"https:\/\/blogs.uef.fi\/sulle\/2026\/04\/15\/globaalit-nakokulmat-osallisuuteen-vammaisoikeudet-palaute-ja-koko-kouluyhteison-kattavat-lahestymistavat\/","og_site_name":"Elinik\u00e4isen oppimisen tuki -tutkimusryhm\u00e4n blogi","article_published_time":"2026-04-15T12:05:55+00:00","article_modified_time":"2026-04-15T12:05:57+00:00","og_image":[{"width":416,"height":925,"url":"https:\/\/blogs.uef.fi\/sulle\/wp-content\/uploads\/sites\/240\/2026\/04\/Picture1-Evelyn.png","type":"image\/png"}],"author":"pihlaine","twitter_card":"summary_large_image","twitter_misc":{"Kirjoittanut":"pihlaine","Arvioitu lukuaika":"2 minuuttia"},"schema":{"@context":"https:\/\/schema.org","@graph":[{"@type":"Article","@id":"https:\/\/blogs.uef.fi\/sulle\/2026\/04\/15\/globaalit-nakokulmat-osallisuuteen-vammaisoikeudet-palaute-ja-koko-kouluyhteison-kattavat-lahestymistavat\/#article","isPartOf":{"@id":"https:\/\/blogs.uef.fi\/sulle\/2026\/04\/15\/globaalit-nakokulmat-osallisuuteen-vammaisoikeudet-palaute-ja-koko-kouluyhteison-kattavat-lahestymistavat\/"},"author":{"name":"pihlaine","@id":"https:\/\/blogs.uef.fi\/sulle\/?lang=fi\/#\/schema\/person\/316ba8a4840ba4c84e355111fa4f99b7"},"headline":"Globaalit n\u00e4k\u00f6kulmat osallisuuteen: Vammaisoikeudet, palaute ja koko kouluyhteis\u00f6n kattavat l\u00e4hestymistavat","datePublished":"2026-04-15T12:05:55+00:00","dateModified":"2026-04-15T12:05:57+00:00","mainEntityOfPage":{"@id":"https:\/\/blogs.uef.fi\/sulle\/2026\/04\/15\/globaalit-nakokulmat-osallisuuteen-vammaisoikeudet-palaute-ja-koko-kouluyhteison-kattavat-lahestymistavat\/"},"wordCount":315,"commentCount":0,"image":{"@id":"https:\/\/blogs.uef.fi\/sulle\/2026\/04\/15\/globaalit-nakokulmat-osallisuuteen-vammaisoikeudet-palaute-ja-koko-kouluyhteison-kattavat-lahestymistavat\/#primaryimage"},"thumbnailUrl":"https:\/\/blogs.uef.fi\/sulle\/wp-content\/uploads\/sites\/240\/2026\/04\/Picture1-Evelyn.png","keywords":["ammatillinen koulutus","konferenssi","osallisuus","Yhdysvallat"],"articleSection":["Uncategorized @fi"],"inLanguage":"fi","potentialAction":[{"@type":"CommentAction","name":"Comment","target":["https:\/\/blogs.uef.fi\/sulle\/2026\/04\/15\/globaalit-nakokulmat-osallisuuteen-vammaisoikeudet-palaute-ja-koko-kouluyhteison-kattavat-lahestymistavat\/#respond"]}]},{"@type":"WebPage","@id":"https:\/\/blogs.uef.fi\/sulle\/2026\/04\/15\/globaalit-nakokulmat-osallisuuteen-vammaisoikeudet-palaute-ja-koko-kouluyhteison-kattavat-lahestymistavat\/","url":"https:\/\/blogs.uef.fi\/sulle\/2026\/04\/15\/globaalit-nakokulmat-osallisuuteen-vammaisoikeudet-palaute-ja-koko-kouluyhteison-kattavat-lahestymistavat\/","name":"Globaalit n\u00e4k\u00f6kulmat osallisuuteen: Vammaisoikeudet, palaute ja koko kouluyhteis\u00f6n kattavat l\u00e4hestymistavat - Elinik\u00e4isen oppimisen tuki -tutkimusryhm\u00e4n blogi","isPartOf":{"@id":"https:\/\/blogs.uef.fi\/sulle\/?lang=fi\/#website"},"primaryImageOfPage":{"@id":"https:\/\/blogs.uef.fi\/sulle\/2026\/04\/15\/globaalit-nakokulmat-osallisuuteen-vammaisoikeudet-palaute-ja-koko-kouluyhteison-kattavat-lahestymistavat\/#primaryimage"},"image":{"@id":"https:\/\/blogs.uef.fi\/sulle\/2026\/04\/15\/globaalit-nakokulmat-osallisuuteen-vammaisoikeudet-palaute-ja-koko-kouluyhteison-kattavat-lahestymistavat\/#primaryimage"},"thumbnailUrl":"https:\/\/blogs.uef.fi\/sulle\/wp-content\/uploads\/sites\/240\/2026\/04\/Picture1-Evelyn.png","datePublished":"2026-04-15T12:05:55+00:00","dateModified":"2026-04-15T12:05:57+00:00","author":{"@id":"https:\/\/blogs.uef.fi\/sulle\/?lang=fi\/#\/schema\/person\/316ba8a4840ba4c84e355111fa4f99b7"},"breadcrumb":{"@id":"https:\/\/blogs.uef.fi\/sulle\/2026\/04\/15\/globaalit-nakokulmat-osallisuuteen-vammaisoikeudet-palaute-ja-koko-kouluyhteison-kattavat-lahestymistavat\/#breadcrumb"},"inLanguage":"fi","potentialAction":[{"@type":"ReadAction","target":["https:\/\/blogs.uef.fi\/sulle\/2026\/04\/15\/globaalit-nakokulmat-osallisuuteen-vammaisoikeudet-palaute-ja-koko-kouluyhteison-kattavat-lahestymistavat\/"]}]},{"@type":"ImageObject","inLanguage":"fi","@id":"https:\/\/blogs.uef.fi\/sulle\/2026\/04\/15\/globaalit-nakokulmat-osallisuuteen-vammaisoikeudet-palaute-ja-koko-kouluyhteison-kattavat-lahestymistavat\/#primaryimage","url":"https:\/\/blogs.uef.fi\/sulle\/wp-content\/uploads\/sites\/240\/2026\/04\/Picture1-Evelyn.png","contentUrl":"https:\/\/blogs.uef.fi\/sulle\/wp-content\/uploads\/sites\/240\/2026\/04\/Picture1-Evelyn.png","width":416,"height":925},{"@type":"BreadcrumbList","@id":"https:\/\/blogs.uef.fi\/sulle\/2026\/04\/15\/globaalit-nakokulmat-osallisuuteen-vammaisoikeudet-palaute-ja-koko-kouluyhteison-kattavat-lahestymistavat\/#breadcrumb","itemListElement":[{"@type":"ListItem","position":1,"name":"Etusivu","item":"https:\/\/blogs.uef.fi\/sulle\/?lang=fi\/"},{"@type":"ListItem","position":2,"name":"Globaalit n\u00e4k\u00f6kulmat osallisuuteen: Vammaisoikeudet, palaute ja koko kouluyhteis\u00f6n kattavat l\u00e4hestymistavat"}]},{"@type":"WebSite","@id":"https:\/\/blogs.uef.fi\/sulle\/?lang=fi\/#website","url":"https:\/\/blogs.uef.fi\/sulle\/?lang=fi\/","name":"Elinik\u00e4isen oppimisen tuki -tutkimusryhm\u00e4n blogi","description":"","potentialAction":[{"@type":"SearchAction","target":{"@type":"EntryPoint","urlTemplate":"https:\/\/blogs.uef.fi\/sulle\/?lang=fi\/?s={search_term_string}"},"query-input":{"@type":"PropertyValueSpecification","valueRequired":true,"valueName":"search_term_string"}}],"inLanguage":"fi"},{"@type":"Person","@id":"https:\/\/blogs.uef.fi\/sulle\/?lang=fi\/#\/schema\/person\/316ba8a4840ba4c84e355111fa4f99b7","name":"pihlaine","image":{"@type":"ImageObject","inLanguage":"fi","@id":"https:\/\/secure.gravatar.com\/avatar\/3a0cae7dd4ad9f8f8d4e4020a6235c8e0a837edf349b78337a0ca943b968a55a?s=96&d=mm&r=g","url":"https:\/\/secure.gravatar.com\/avatar\/3a0cae7dd4ad9f8f8d4e4020a6235c8e0a837edf349b78337a0ca943b968a55a?s=96&d=mm&r=g","contentUrl":"https:\/\/secure.gravatar.com\/avatar\/3a0cae7dd4ad9f8f8d4e4020a6235c8e0a837edf349b78337a0ca943b968a55a?s=96&d=mm&r=g","caption":"pihlaine"},"url":"https:\/\/blogs.uef.fi\/sulle\/author\/pihlaine\/"}]}},"_links":{"self":[{"href":"https:\/\/blogs.uef.fi\/sulle\/wp-json\/wp\/v2\/posts\/135","targetHints":{"allow":["GET"]}}],"collection":[{"href":"https:\/\/blogs.uef.fi\/sulle\/wp-json\/wp\/v2\/posts"}],"about":[{"href":"https:\/\/blogs.uef.fi\/sulle\/wp-json\/wp\/v2\/types\/post"}],"author":[{"embeddable":true,"href":"https:\/\/blogs.uef.fi\/sulle\/wp-json\/wp\/v2\/users\/781"}],"replies":[{"embeddable":true,"href":"https:\/\/blogs.uef.fi\/sulle\/wp-json\/wp\/v2\/comments?post=135"}],"version-history":[{"count":1,"href":"https:\/\/blogs.uef.fi\/sulle\/wp-json\/wp\/v2\/posts\/135\/revisions"}],"predecessor-version":[{"id":137,"href":"https:\/\/blogs.uef.fi\/sulle\/wp-json\/wp\/v2\/posts\/135\/revisions\/137"}],"wp:attachment":[{"href":"https:\/\/blogs.uef.fi\/sulle\/wp-json\/wp\/v2\/media?parent=135"}],"wp:term":[{"taxonomy":"category","embeddable":true,"href":"https:\/\/blogs.uef.fi\/sulle\/wp-json\/wp\/v2\/categories?post=135"},{"taxonomy":"post_tag","embeddable":true,"href":"https:\/\/blogs.uef.fi\/sulle\/wp-json\/wp\/v2\/tags?post=135"}],"curies":[{"name":"wp","href":"https:\/\/api.w.org\/{rel}","templated":true}]}}