{"id":111,"date":"2026-03-25T12:41:58","date_gmt":"2026-03-25T10:41:58","guid":{"rendered":"https:\/\/blogs.uef.fi\/sulle\/?p=111"},"modified":"2026-04-10T17:03:20","modified_gmt":"2026-04-10T14:03:20","slug":"sulle-tutkimusryhman-perustaminen","status":"publish","type":"post","link":"https:\/\/blogs.uef.fi\/sulle\/2026\/03\/25\/sulle-tutkimusryhman-perustaminen\/","title":{"rendered":"SuLLe-tutkimusryhm\u00e4n perustaminen"},"content":{"rendered":"\n<p>Perustimme tutkimusryhm\u00e4n, sill\u00e4 jaamme kiinnostuksen tutkia ja tukea oppimista, osallisuutta ja hyvinvointia. Tarkastelemme n\u00e4it\u00e4 teemoja laajasti el\u00e4m\u00e4nkulun eri vaiheissa ja ymp\u00e4rist\u00f6iss\u00e4, kattaen formaalit sek\u00e4 vapaa-ajan oppimisymp\u00e4rist\u00f6t.<\/p>\n\n\n\n<p>Tutkimuksellisena kiinnostuksenkohteena on kaikkien oppimisen, osallisuuden ja hyvinvoinnin tukeminen, mutta erityisesti niiden henkil\u00f6iden, jotka tarvitsevat muita enemm\u00e4n tukea vamman, sairauden, oppimisvaikeuden tai vaikka haastavan el\u00e4m\u00e4ntilanteen takia.<\/p>\n\n\n\n<p>Tarkoituksenamme on vahvistaa yhdenvertaisia mahdollisuuksia oppia ja osallistua sek\u00e4 vahvistaa kaikkien hyvinvointia tutkimuksen ja kehitt\u00e4mistoiminnan kautta.<\/p>\n\n\n\n<p>Jatkossa tulemme p\u00e4ivitt\u00e4m\u00e4\u00e4n tutkimusryhm\u00e4n nettisivuille tietoja julkaisuista, esityksist\u00e4, tutkimusvierailuista, tutkimushankkeista, verkostotapaamisista ja muista tutkimusryhm\u00e4n toiminnoista. Lis\u00e4tietoja tutkimusryhm\u00e4st\u00e4 saat apulaisprofessori Kaisa Pihlaiselta.<\/p>\n","protected":false},"excerpt":{"rendered":"<p>Perustimme tutkimusryhm\u00e4n, sill\u00e4 jaamme kiinnostuksen tutkia ja tukea oppimista, osallisuutta ja hyvinvointia. Tarkastelemme n\u00e4it\u00e4 teemoja laajasti el\u00e4m\u00e4nkulun eri vaiheissa ja ymp\u00e4rist\u00f6iss\u00e4, kattaen formaalit sek\u00e4 vapaa-ajan oppimisymp\u00e4rist\u00f6t. Tutkimuksellisena kiinnostuksenkohteena on kaikkien oppimisen, osallisuuden ja hyvinvoinnin tukeminen, mutta erityisesti niiden henkil\u00f6iden, jotka tarvitsevat muita enemm\u00e4n tukea vamman, sairauden, oppimisvaikeuden tai vaikka haastavan el\u00e4m\u00e4ntilanteen takia. Tarkoituksenamme on vahvistaa [&hellip;]<\/p>\n","protected":false},"author":7,"featured_media":102,"comment_status":"open","ping_status":"open","sticky":false,"template":"","format":"standard","meta":{"_acf_changed":false,"footnotes":""},"categories":[1],"tags":[27,29,17,26,28],"class_list":["post-111","post","type-post","status-publish","format-standard","has-post-thumbnail","hentry","category-uncategorized-fi","tag-elamankulku","tag-hyvinvointi","tag-oppiminen","tag-oppimisymparistot","tag-osallisuus"],"acf":[],"yoast_head":"<!-- This site is optimized with the Yoast SEO plugin v27.3 - https:\/\/yoast.com\/product\/yoast-seo-wordpress\/ -->\n<title>SuLLe-tutkimusryhm\u00e4n perustaminen - Elinik\u00e4isen oppimisen tuki -tutkimusryhm\u00e4n blogi<\/title>\n<meta name=\"robots\" content=\"index, follow, max-snippet:-1, max-image-preview:large, max-video-preview:-1\" \/>\n<link rel=\"canonical\" href=\"https:\/\/blogs.uef.fi\/sulle\/2026\/03\/25\/sulle-tutkimusryhman-perustaminen\/\" \/>\n<meta property=\"og:locale\" content=\"fi_FI\" \/>\n<meta property=\"og:type\" content=\"article\" \/>\n<meta property=\"og:title\" content=\"SuLLe-tutkimusryhm\u00e4n perustaminen - Elinik\u00e4isen oppimisen tuki -tutkimusryhm\u00e4n blogi\" \/>\n<meta property=\"og:description\" content=\"Perustimme tutkimusryhm\u00e4n, sill\u00e4 jaamme kiinnostuksen tutkia ja tukea oppimista, osallisuutta ja hyvinvointia. Tarkastelemme n\u00e4it\u00e4 teemoja laajasti el\u00e4m\u00e4nkulun eri vaiheissa ja ymp\u00e4rist\u00f6iss\u00e4, kattaen formaalit sek\u00e4 vapaa-ajan oppimisymp\u00e4rist\u00f6t. Tutkimuksellisena kiinnostuksenkohteena on kaikkien oppimisen, osallisuuden ja hyvinvoinnin tukeminen, mutta erityisesti niiden henkil\u00f6iden, jotka tarvitsevat muita enemm\u00e4n tukea vamman, sairauden, oppimisvaikeuden tai vaikka haastavan el\u00e4m\u00e4ntilanteen takia. Tarkoituksenamme on vahvistaa [&hellip;]\" \/>\n<meta property=\"og:url\" content=\"https:\/\/blogs.uef.fi\/sulle\/2026\/03\/25\/sulle-tutkimusryhman-perustaminen\/\" \/>\n<meta property=\"og:site_name\" content=\"Elinik\u00e4isen oppimisen tuki -tutkimusryhm\u00e4n blogi\" \/>\n<meta property=\"article:published_time\" content=\"2026-03-25T10:41:58+00:00\" \/>\n<meta property=\"article:modified_time\" content=\"2026-04-10T14:03:20+00:00\" \/>\n<meta property=\"og:image\" content=\"https:\/\/blogs.uef.fi\/sulle\/wp-content\/uploads\/sites\/240\/2026\/03\/uef-liput-4998-1.jpg\" \/>\n\t<meta property=\"og:image:width\" content=\"1920\" \/>\n\t<meta property=\"og:image:height\" content=\"1280\" \/>\n\t<meta property=\"og:image:type\" content=\"image\/jpeg\" \/>\n<meta name=\"author\" content=\"Viestint\u00e4\" \/>\n<meta name=\"twitter:card\" content=\"summary_large_image\" \/>\n<meta name=\"twitter:label1\" content=\"Kirjoittanut\" \/>\n\t<meta name=\"twitter:data1\" content=\"Viestint\u00e4\" \/>\n\t<meta name=\"twitter:label2\" content=\"Arvioitu lukuaika\" \/>\n\t<meta name=\"twitter:data2\" content=\"1 minuutti\" \/>\n<script type=\"application\/ld+json\" class=\"yoast-schema-graph\">{\"@context\":\"https:\\\/\\\/schema.org\",\"@graph\":[{\"@type\":\"Article\",\"@id\":\"https:\\\/\\\/blogs.uef.fi\\\/sulle\\\/2026\\\/03\\\/25\\\/sulle-tutkimusryhman-perustaminen\\\/#article\",\"isPartOf\":{\"@id\":\"https:\\\/\\\/blogs.uef.fi\\\/sulle\\\/2026\\\/03\\\/25\\\/sulle-tutkimusryhman-perustaminen\\\/\"},\"author\":{\"name\":\"Viestint\u00e4\",\"@id\":\"https:\\\/\\\/blogs.uef.fi\\\/sulle\\\/?lang=fi\\\/#\\\/schema\\\/person\\\/23b326ec5bb0d7bd395b6ddbbded3497\"},\"headline\":\"SuLLe-tutkimusryhm\u00e4n perustaminen\",\"datePublished\":\"2026-03-25T10:41:58+00:00\",\"dateModified\":\"2026-04-10T14:03:20+00:00\",\"mainEntityOfPage\":{\"@id\":\"https:\\\/\\\/blogs.uef.fi\\\/sulle\\\/2026\\\/03\\\/25\\\/sulle-tutkimusryhman-perustaminen\\\/\"},\"wordCount\":112,\"commentCount\":0,\"image\":{\"@id\":\"https:\\\/\\\/blogs.uef.fi\\\/sulle\\\/2026\\\/03\\\/25\\\/sulle-tutkimusryhman-perustaminen\\\/#primaryimage\"},\"thumbnailUrl\":\"https:\\\/\\\/blogs.uef.fi\\\/sulle\\\/wp-content\\\/uploads\\\/sites\\\/240\\\/2026\\\/03\\\/uef-liput-4998-1.jpg\",\"keywords\":[\"el\u00e4m\u00e4nkulku\",\"hyvinvointi\",\"oppiminen\",\"oppimisymp\u00e4rist\u00f6t\",\"osallisuus\"],\"articleSection\":[\"Uncategorized @fi\"],\"inLanguage\":\"fi\",\"potentialAction\":[{\"@type\":\"CommentAction\",\"name\":\"Comment\",\"target\":[\"https:\\\/\\\/blogs.uef.fi\\\/sulle\\\/2026\\\/03\\\/25\\\/sulle-tutkimusryhman-perustaminen\\\/#respond\"]}]},{\"@type\":\"WebPage\",\"@id\":\"https:\\\/\\\/blogs.uef.fi\\\/sulle\\\/2026\\\/03\\\/25\\\/sulle-tutkimusryhman-perustaminen\\\/\",\"url\":\"https:\\\/\\\/blogs.uef.fi\\\/sulle\\\/2026\\\/03\\\/25\\\/sulle-tutkimusryhman-perustaminen\\\/\",\"name\":\"SuLLe-tutkimusryhm\u00e4n perustaminen - Elinik\u00e4isen oppimisen tuki -tutkimusryhm\u00e4n blogi\",\"isPartOf\":{\"@id\":\"https:\\\/\\\/blogs.uef.fi\\\/sulle\\\/?lang=fi\\\/#website\"},\"primaryImageOfPage\":{\"@id\":\"https:\\\/\\\/blogs.uef.fi\\\/sulle\\\/2026\\\/03\\\/25\\\/sulle-tutkimusryhman-perustaminen\\\/#primaryimage\"},\"image\":{\"@id\":\"https:\\\/\\\/blogs.uef.fi\\\/sulle\\\/2026\\\/03\\\/25\\\/sulle-tutkimusryhman-perustaminen\\\/#primaryimage\"},\"thumbnailUrl\":\"https:\\\/\\\/blogs.uef.fi\\\/sulle\\\/wp-content\\\/uploads\\\/sites\\\/240\\\/2026\\\/03\\\/uef-liput-4998-1.jpg\",\"datePublished\":\"2026-03-25T10:41:58+00:00\",\"dateModified\":\"2026-04-10T14:03:20+00:00\",\"author\":{\"@id\":\"https:\\\/\\\/blogs.uef.fi\\\/sulle\\\/?lang=fi\\\/#\\\/schema\\\/person\\\/23b326ec5bb0d7bd395b6ddbbded3497\"},\"breadcrumb\":{\"@id\":\"https:\\\/\\\/blogs.uef.fi\\\/sulle\\\/2026\\\/03\\\/25\\\/sulle-tutkimusryhman-perustaminen\\\/#breadcrumb\"},\"inLanguage\":\"fi\",\"potentialAction\":[{\"@type\":\"ReadAction\",\"target\":[\"https:\\\/\\\/blogs.uef.fi\\\/sulle\\\/2026\\\/03\\\/25\\\/sulle-tutkimusryhman-perustaminen\\\/\"]}]},{\"@type\":\"ImageObject\",\"inLanguage\":\"fi\",\"@id\":\"https:\\\/\\\/blogs.uef.fi\\\/sulle\\\/2026\\\/03\\\/25\\\/sulle-tutkimusryhman-perustaminen\\\/#primaryimage\",\"url\":\"https:\\\/\\\/blogs.uef.fi\\\/sulle\\\/wp-content\\\/uploads\\\/sites\\\/240\\\/2026\\\/03\\\/uef-liput-4998-1.jpg\",\"contentUrl\":\"https:\\\/\\\/blogs.uef.fi\\\/sulle\\\/wp-content\\\/uploads\\\/sites\\\/240\\\/2026\\\/03\\\/uef-liput-4998-1.jpg\",\"width\":1920,\"height\":1280},{\"@type\":\"BreadcrumbList\",\"@id\":\"https:\\\/\\\/blogs.uef.fi\\\/sulle\\\/2026\\\/03\\\/25\\\/sulle-tutkimusryhman-perustaminen\\\/#breadcrumb\",\"itemListElement\":[{\"@type\":\"ListItem\",\"position\":1,\"name\":\"Etusivu\",\"item\":\"https:\\\/\\\/blogs.uef.fi\\\/sulle\\\/?lang=fi\\\/\"},{\"@type\":\"ListItem\",\"position\":2,\"name\":\"SuLLe-tutkimusryhm\u00e4n perustaminen\"}]},{\"@type\":\"WebSite\",\"@id\":\"https:\\\/\\\/blogs.uef.fi\\\/sulle\\\/?lang=fi\\\/#website\",\"url\":\"https:\\\/\\\/blogs.uef.fi\\\/sulle\\\/?lang=fi\\\/\",\"name\":\"Elinik\u00e4isen oppimisen tuki -tutkimusryhm\u00e4n blogi\",\"description\":\"\",\"potentialAction\":[{\"@type\":\"SearchAction\",\"target\":{\"@type\":\"EntryPoint\",\"urlTemplate\":\"https:\\\/\\\/blogs.uef.fi\\\/sulle\\\/?lang=fi\\\/?s={search_term_string}\"},\"query-input\":{\"@type\":\"PropertyValueSpecification\",\"valueRequired\":true,\"valueName\":\"search_term_string\"}}],\"inLanguage\":\"fi\"},{\"@type\":\"Person\",\"@id\":\"https:\\\/\\\/blogs.uef.fi\\\/sulle\\\/?lang=fi\\\/#\\\/schema\\\/person\\\/23b326ec5bb0d7bd395b6ddbbded3497\",\"name\":\"Viestint\u00e4\",\"image\":{\"@type\":\"ImageObject\",\"inLanguage\":\"fi\",\"@id\":\"https:\\\/\\\/secure.gravatar.com\\\/avatar\\\/484544d548437f18749ad2d45f1ad6c093777c86ace4fda3b786ba7a6b00d542?s=96&d=mm&r=g\",\"url\":\"https:\\\/\\\/secure.gravatar.com\\\/avatar\\\/484544d548437f18749ad2d45f1ad6c093777c86ace4fda3b786ba7a6b00d542?s=96&d=mm&r=g\",\"contentUrl\":\"https:\\\/\\\/secure.gravatar.com\\\/avatar\\\/484544d548437f18749ad2d45f1ad6c093777c86ace4fda3b786ba7a6b00d542?s=96&d=mm&r=g\",\"caption\":\"Viestint\u00e4\"},\"url\":\"https:\\\/\\\/blogs.uef.fi\\\/sulle\\\/author\\\/viestinta\\\/\"}]}<\/script>\n<!-- \/ Yoast SEO plugin. -->","yoast_head_json":{"title":"SuLLe-tutkimusryhm\u00e4n perustaminen - Elinik\u00e4isen oppimisen tuki -tutkimusryhm\u00e4n blogi","robots":{"index":"index","follow":"follow","max-snippet":"max-snippet:-1","max-image-preview":"max-image-preview:large","max-video-preview":"max-video-preview:-1"},"canonical":"https:\/\/blogs.uef.fi\/sulle\/2026\/03\/25\/sulle-tutkimusryhman-perustaminen\/","og_locale":"fi_FI","og_type":"article","og_title":"SuLLe-tutkimusryhm\u00e4n perustaminen - Elinik\u00e4isen oppimisen tuki -tutkimusryhm\u00e4n blogi","og_description":"Perustimme tutkimusryhm\u00e4n, sill\u00e4 jaamme kiinnostuksen tutkia ja tukea oppimista, osallisuutta ja hyvinvointia. Tarkastelemme n\u00e4it\u00e4 teemoja laajasti el\u00e4m\u00e4nkulun eri vaiheissa ja ymp\u00e4rist\u00f6iss\u00e4, kattaen formaalit sek\u00e4 vapaa-ajan oppimisymp\u00e4rist\u00f6t. Tutkimuksellisena kiinnostuksenkohteena on kaikkien oppimisen, osallisuuden ja hyvinvoinnin tukeminen, mutta erityisesti niiden henkil\u00f6iden, jotka tarvitsevat muita enemm\u00e4n tukea vamman, sairauden, oppimisvaikeuden tai vaikka haastavan el\u00e4m\u00e4ntilanteen takia. Tarkoituksenamme on vahvistaa [&hellip;]","og_url":"https:\/\/blogs.uef.fi\/sulle\/2026\/03\/25\/sulle-tutkimusryhman-perustaminen\/","og_site_name":"Elinik\u00e4isen oppimisen tuki -tutkimusryhm\u00e4n blogi","article_published_time":"2026-03-25T10:41:58+00:00","article_modified_time":"2026-04-10T14:03:20+00:00","og_image":[{"width":1920,"height":1280,"url":"https:\/\/blogs.uef.fi\/sulle\/wp-content\/uploads\/sites\/240\/2026\/03\/uef-liput-4998-1.jpg","type":"image\/jpeg"}],"author":"Viestint\u00e4","twitter_card":"summary_large_image","twitter_misc":{"Kirjoittanut":"Viestint\u00e4","Arvioitu lukuaika":"1 minuutti"},"schema":{"@context":"https:\/\/schema.org","@graph":[{"@type":"Article","@id":"https:\/\/blogs.uef.fi\/sulle\/2026\/03\/25\/sulle-tutkimusryhman-perustaminen\/#article","isPartOf":{"@id":"https:\/\/blogs.uef.fi\/sulle\/2026\/03\/25\/sulle-tutkimusryhman-perustaminen\/"},"author":{"name":"Viestint\u00e4","@id":"https:\/\/blogs.uef.fi\/sulle\/?lang=fi\/#\/schema\/person\/23b326ec5bb0d7bd395b6ddbbded3497"},"headline":"SuLLe-tutkimusryhm\u00e4n perustaminen","datePublished":"2026-03-25T10:41:58+00:00","dateModified":"2026-04-10T14:03:20+00:00","mainEntityOfPage":{"@id":"https:\/\/blogs.uef.fi\/sulle\/2026\/03\/25\/sulle-tutkimusryhman-perustaminen\/"},"wordCount":112,"commentCount":0,"image":{"@id":"https:\/\/blogs.uef.fi\/sulle\/2026\/03\/25\/sulle-tutkimusryhman-perustaminen\/#primaryimage"},"thumbnailUrl":"https:\/\/blogs.uef.fi\/sulle\/wp-content\/uploads\/sites\/240\/2026\/03\/uef-liput-4998-1.jpg","keywords":["el\u00e4m\u00e4nkulku","hyvinvointi","oppiminen","oppimisymp\u00e4rist\u00f6t","osallisuus"],"articleSection":["Uncategorized @fi"],"inLanguage":"fi","potentialAction":[{"@type":"CommentAction","name":"Comment","target":["https:\/\/blogs.uef.fi\/sulle\/2026\/03\/25\/sulle-tutkimusryhman-perustaminen\/#respond"]}]},{"@type":"WebPage","@id":"https:\/\/blogs.uef.fi\/sulle\/2026\/03\/25\/sulle-tutkimusryhman-perustaminen\/","url":"https:\/\/blogs.uef.fi\/sulle\/2026\/03\/25\/sulle-tutkimusryhman-perustaminen\/","name":"SuLLe-tutkimusryhm\u00e4n perustaminen - Elinik\u00e4isen oppimisen tuki -tutkimusryhm\u00e4n blogi","isPartOf":{"@id":"https:\/\/blogs.uef.fi\/sulle\/?lang=fi\/#website"},"primaryImageOfPage":{"@id":"https:\/\/blogs.uef.fi\/sulle\/2026\/03\/25\/sulle-tutkimusryhman-perustaminen\/#primaryimage"},"image":{"@id":"https:\/\/blogs.uef.fi\/sulle\/2026\/03\/25\/sulle-tutkimusryhman-perustaminen\/#primaryimage"},"thumbnailUrl":"https:\/\/blogs.uef.fi\/sulle\/wp-content\/uploads\/sites\/240\/2026\/03\/uef-liput-4998-1.jpg","datePublished":"2026-03-25T10:41:58+00:00","dateModified":"2026-04-10T14:03:20+00:00","author":{"@id":"https:\/\/blogs.uef.fi\/sulle\/?lang=fi\/#\/schema\/person\/23b326ec5bb0d7bd395b6ddbbded3497"},"breadcrumb":{"@id":"https:\/\/blogs.uef.fi\/sulle\/2026\/03\/25\/sulle-tutkimusryhman-perustaminen\/#breadcrumb"},"inLanguage":"fi","potentialAction":[{"@type":"ReadAction","target":["https:\/\/blogs.uef.fi\/sulle\/2026\/03\/25\/sulle-tutkimusryhman-perustaminen\/"]}]},{"@type":"ImageObject","inLanguage":"fi","@id":"https:\/\/blogs.uef.fi\/sulle\/2026\/03\/25\/sulle-tutkimusryhman-perustaminen\/#primaryimage","url":"https:\/\/blogs.uef.fi\/sulle\/wp-content\/uploads\/sites\/240\/2026\/03\/uef-liput-4998-1.jpg","contentUrl":"https:\/\/blogs.uef.fi\/sulle\/wp-content\/uploads\/sites\/240\/2026\/03\/uef-liput-4998-1.jpg","width":1920,"height":1280},{"@type":"BreadcrumbList","@id":"https:\/\/blogs.uef.fi\/sulle\/2026\/03\/25\/sulle-tutkimusryhman-perustaminen\/#breadcrumb","itemListElement":[{"@type":"ListItem","position":1,"name":"Etusivu","item":"https:\/\/blogs.uef.fi\/sulle\/?lang=fi\/"},{"@type":"ListItem","position":2,"name":"SuLLe-tutkimusryhm\u00e4n perustaminen"}]},{"@type":"WebSite","@id":"https:\/\/blogs.uef.fi\/sulle\/?lang=fi\/#website","url":"https:\/\/blogs.uef.fi\/sulle\/?lang=fi\/","name":"Elinik\u00e4isen oppimisen tuki -tutkimusryhm\u00e4n blogi","description":"","potentialAction":[{"@type":"SearchAction","target":{"@type":"EntryPoint","urlTemplate":"https:\/\/blogs.uef.fi\/sulle\/?lang=fi\/?s={search_term_string}"},"query-input":{"@type":"PropertyValueSpecification","valueRequired":true,"valueName":"search_term_string"}}],"inLanguage":"fi"},{"@type":"Person","@id":"https:\/\/blogs.uef.fi\/sulle\/?lang=fi\/#\/schema\/person\/23b326ec5bb0d7bd395b6ddbbded3497","name":"Viestint\u00e4","image":{"@type":"ImageObject","inLanguage":"fi","@id":"https:\/\/secure.gravatar.com\/avatar\/484544d548437f18749ad2d45f1ad6c093777c86ace4fda3b786ba7a6b00d542?s=96&d=mm&r=g","url":"https:\/\/secure.gravatar.com\/avatar\/484544d548437f18749ad2d45f1ad6c093777c86ace4fda3b786ba7a6b00d542?s=96&d=mm&r=g","contentUrl":"https:\/\/secure.gravatar.com\/avatar\/484544d548437f18749ad2d45f1ad6c093777c86ace4fda3b786ba7a6b00d542?s=96&d=mm&r=g","caption":"Viestint\u00e4"},"url":"https:\/\/blogs.uef.fi\/sulle\/author\/viestinta\/"}]}},"_links":{"self":[{"href":"https:\/\/blogs.uef.fi\/sulle\/wp-json\/wp\/v2\/posts\/111","targetHints":{"allow":["GET"]}}],"collection":[{"href":"https:\/\/blogs.uef.fi\/sulle\/wp-json\/wp\/v2\/posts"}],"about":[{"href":"https:\/\/blogs.uef.fi\/sulle\/wp-json\/wp\/v2\/types\/post"}],"author":[{"embeddable":true,"href":"https:\/\/blogs.uef.fi\/sulle\/wp-json\/wp\/v2\/users\/7"}],"replies":[{"embeddable":true,"href":"https:\/\/blogs.uef.fi\/sulle\/wp-json\/wp\/v2\/comments?post=111"}],"version-history":[{"count":1,"href":"https:\/\/blogs.uef.fi\/sulle\/wp-json\/wp\/v2\/posts\/111\/revisions"}],"predecessor-version":[{"id":112,"href":"https:\/\/blogs.uef.fi\/sulle\/wp-json\/wp\/v2\/posts\/111\/revisions\/112"}],"wp:featuredmedia":[{"embeddable":true,"href":"https:\/\/blogs.uef.fi\/sulle\/wp-json\/wp\/v2\/media\/102"}],"wp:attachment":[{"href":"https:\/\/blogs.uef.fi\/sulle\/wp-json\/wp\/v2\/media?parent=111"}],"wp:term":[{"taxonomy":"category","embeddable":true,"href":"https:\/\/blogs.uef.fi\/sulle\/wp-json\/wp\/v2\/categories?post=111"},{"taxonomy":"post_tag","embeddable":true,"href":"https:\/\/blogs.uef.fi\/sulle\/wp-json\/wp\/v2\/tags?post=111"}],"curies":[{"name":"wp","href":"https:\/\/api.w.org\/{rel}","templated":true}]}}