{"id":605,"date":"2026-04-15T08:34:22","date_gmt":"2026-04-15T06:34:22","guid":{"rendered":"https:\/\/blogs.uef.fi\/suhteellista\/?p=605"},"modified":"2026-04-15T08:36:01","modified_gmt":"2026-04-15T06:36:01","slug":"yhteison-tukea-hyvinvoinnille-ei-voi-hyodyntaa-jos-kokemusta-yhteisosta-ei-ole","status":"publish","type":"post","link":"https:\/\/blogs.uef.fi\/suhteellista\/2026\/04\/15\/yhteison-tukea-hyvinvoinnille-ei-voi-hyodyntaa-jos-kokemusta-yhteisosta-ei-ole\/","title":{"rendered":"Yhteis\u00f6n\u00a0tukea\u00a0hyvinvoinnille\u00a0ei voi\u00a0hy\u00f6dynt\u00e4\u00e4,\u00a0jos\u00a0kokemusta\u00a0yhteis\u00f6st\u00e4\u00a0ei\u00a0ole\u00a0"},"content":{"rendered":"\n<p>Yli puolet nuorista aikuisista kertoo <a href=\"https:\/\/www.punainenristi.fi\/uutiset\/2026\/punaisen-ristin-yksinaisyysbarometri-2026\/\" target=\"_blank\" rel=\"noreferrer noopener\">Punaisen Ristin tuoreessa Yksin\u00e4isyysbarometriss\u00e4<\/a> kokevansa yksin\u00e4isyytt\u00e4 s\u00e4\u00e4nn\u00f6llisesti eli joitain kertoja kuukaudessa tai useammin. Ulkopuolisuuden ja erilaisuuden kokemukset ovat yleisi\u00e4, ja erityisen yleisi\u00e4 ne ovat Yksin\u00e4isyysbarometrin mukaan muuta kuin suomea tai ruotsia \u00e4idinkielen\u00e4\u00e4n puhuvilla. Erot eiv\u00e4t ole suurensuuria, mutta noudattelevat trendi\u00e4, joka tutkimuksessa tunnetaan hyvin: v\u00e4hemmist\u00f6ihin kuuluvat kohtaavat arjessaan syrjint\u00e4\u00e4 ja ulossulkemista, mik\u00e4 vaikuttaa heid\u00e4n hyvinvointiinsa.<\/p>\n\n\n\n<p>Valmistelemme aineistonkeruuta&nbsp;<a href=\"https:\/\/uefconnect.uef.fi\/ylisukupolvinen-ulkopuolisuus\/\" target=\"_blank\" rel=\"noreferrer noopener\">tutkimushankkeessa<\/a>, jossa tarkastelemme ulkopuolisuuden kokemusten ylisukupolvista v\u00e4littymist\u00e4 ruotsinsuomalaisissa perheiss\u00e4. L\u00e4hdemme liikkeelle ulkopuolisuuden kokemuksista, koska tied\u00e4mme niiden olevan v\u00e4hemmist\u00f6iss\u00e4 yleisi\u00e4. Yhten\u00e4 tavoitteena tutkimuksessamme on kuitenkin my\u00f6s kartoittaa sit\u00e4, miten yleisi\u00e4 ulkopuolisuuden kokemukset ruotsinsuomalaisissa perheiss\u00e4 ovat. Ulkopuolisuudella tarkoitamme hankkeessa heikkoa yhteytt\u00e4 sek\u00e4 kansallisiin identiteetteihin ett\u00e4 omien vanhempien edustamiin v\u00e4hemmist\u00f6ryhmiin \u2013 siis my\u00f6s ulkopuolisuutta suhteessa omaan perheeseen ja muille perheenj\u00e4senille t\u00e4rkeisiin identiteetteihin.<\/p>\n\n\n\n<h2 class=\"wp-block-heading\"><strong>Kuulumisen\u00a0kokemukset\u00a0ruotsinsuomalaisissa\u00a0perheiss\u00e4<\/strong>\u00a0<\/h2>\n\n\n\n<p>Ruotsinsuomalaisilla tarkoitetaan Suomesta Ruotsiin muuttaneita ihmisi\u00e4. Erilaisten v\u00e4hemmist\u00f6jen tiedet\u00e4\u00e4n olevan suhteellisesti yliedustettuina maahan muuttaneiden joukossa. My\u00f6s osalla ruotsinsuomalaisista tai heid\u00e4n perheenj\u00e4senill\u00e4\u00e4n on aiempia kokemuksia v\u00e4hemmist\u00f6asemasta tai ylirajaisista (pakko)muutoista.&nbsp;<\/p>\n\n\n\n<p>Suomesta Ruotsiin muuttaneita on eri arvioiden mukaan ainakin 700 000 ja kutakuinkin sama m\u00e4\u00e4r\u00e4 suomalaistaustaisia asuu t\u00e4t\u00e4 nyky\u00e4 Ruotsissa. Jopa noin puolet Ruotsiin muuttaneista ja heid\u00e4n j\u00e4lkel\u00e4isist\u00e4\u00e4n on palannut Suomeen. On my\u00f6s hyv\u00e4 muistaa, ett\u00e4 osalle paluumuutto ei ole ollut mahdollista esimerkiksi poliittisista, taloudellisista tai sosiaalisista syist\u00e4.<\/p>\n\n\n\n<p>Virallisen v\u00e4hemmist\u00f6aseman saaneiden ruotsinsuomalaisten asema ja status ovat viime vuosina kohonneet Ruotsissa, ja ruotsinsuomalaisuus kiinnittyy my\u00f6s osaksi laajempaa v\u00e4hemmist\u00f6aktivismin nousua. Suomalaisten Ruotsissa kokeman syrjinn\u00e4n, ep\u00e4oikeudenmukaisen kohtelun ja alemmuudentunteiden rinnalle on nostettu uudemmassa tutkimuksessa ja julkisessa keskustelussa ruotsinsuomalaisten j\u00e4lkel\u00e4isten ylpeytt\u00e4 suomalaistaustastaan sek\u00e4 my\u00f6nteisi\u00e4 tarinoita psykologisesta selviytymisest\u00e4 ja materiaalisesta menestymisest\u00e4.<\/p>\n\n\n\n<p>Ruotsinsuomalaisuus voi olla joillekin suomalaistaustaisille henkil\u00f6kohtaisesti merkityksellinen identiteetin osa, kun taas osa ei koe sit\u00e4 omakseen ja m\u00e4\u00e4rittelee itsens\u00e4 mieluummin esimerkiksi ruotsalaiseksi, suomalaiseksi tai karjalaiseksi. Kaikkiaan ruotsinsuomalaisuus on v\u00e4hemmist\u00f6kategoriana muuttuva ja moninainen. Ruotsinsuomalaisiin voidaan laskea kuuluvan my\u00f6s useita v\u00e4hemmist\u00f6ryhmi\u00e4, kuten romaneja, saamelaisia ja inkerinsuomalaisia, joiden kansallisissa itsem\u00e4\u00e4rittelyn tavoissa on usein vaihtelua ja kerroksellisuutta. Tarkastelemalla eri ryhmiin kuuluvien valtav\u00e4est\u00f6st\u00e4 poikkeavaa historiaa ja siihen liittyvi\u00e4 ryhm\u00e4n sis\u00e4ll\u00e4 jaettuja, mutta my\u00f6s vaiettuja kokemuksia, muistoja ja tunteita, voimme lis\u00e4t\u00e4 ymm\u00e4rryst\u00e4 siit\u00e4, mit\u00e4 merkitsee kuulua v\u00e4hemmist\u00f6\u00f6n v\u00e4hemmist\u00f6ryhm\u00e4n sis\u00e4ll\u00e4.&nbsp;<\/p>\n\n\n\n<h2 class=\"wp-block-heading\"><strong>Ylisukupolvinen&nbsp;n\u00e4k\u00f6kulma&nbsp;hyvinvointiin<\/strong>&nbsp;<\/h2>\n\n\n\n<p>Vanhempien kokemat vastoink\u00e4ymiset ja ulkopuolisuus muovaavat perheiden sis\u00e4ist\u00e4 vuorovaikutusta ja t\u00e4t\u00e4 kautta my\u00f6s j\u00e4lkel\u00e4isten hyvinvointia. Kun vanhempien kielteiset kokemukset heijastuvat heikent\u00e4v\u00e4sti my\u00f6s j\u00e4lkel\u00e4isten hyvinvointiin, puhutaan taakkasiirtymist\u00e4. Tutkimuksessa ylisukupolvisista taakkasiirtymist\u00e4 on nostettu esiin, ett\u00e4 j\u00e4lkel\u00e4isten hyvinvoinnin n\u00e4k\u00f6kulmasta keskeist\u00e4 ei v\u00e4ltt\u00e4m\u00e4tt\u00e4 ole se, mit\u00e4 vanhemmat sukupolvet ovat tosiallisesti kokeneet, vaan se, miten tapahtumia on my\u00f6hemmin kyetty j\u00e4sent\u00e4m\u00e4\u00e4n ja miten ne ovat vaikuttaneet heid\u00e4n mielenterveyteens\u00e4.&nbsp;<\/p>\n\n\n\n<p>V\u00e4hemmist\u00f6asemaan liittyv\u00e4t kielteiset kokemukset ja valmiudet j\u00e4sent\u00e4\u00e4 niit\u00e4 vaihtelevat yksil\u00f6- ja ryhm\u00e4tasolla. Tutkimuksessamme oletamme, ett\u00e4 ulkopuolisuuden kokemukset, syrjint\u00e4kokemusten k\u00e4sittely ja v\u00e4hemmist\u00f6\u00f6n kuulumisen kokemus ylip\u00e4\u00e4t\u00e4\u00e4n voivat poiketa huomattavasti toisistaan eri taustaisissa, samaan v\u00e4hemmist\u00f6ryhm\u00e4\u00e4n kuuluvissa yksil\u00f6iss\u00e4 ja ryhmiss\u00e4.<\/p>\n\n\n\n<p>Se, miten ylisukupolvisia kokemuksia on kyetty j\u00e4sent\u00e4m\u00e4\u00e4n niin yksil\u00f6tasolla kuin perheess\u00e4 on merkitt\u00e4v\u00e4 tekij\u00e4 hyvinvointivaikutusten ylisukupolvisissa siirtymiss\u00e4. Esimerkiksi perheen sis\u00e4isen kommunikaation ja menneisyydest\u00e4 puhumisen merkitys taakkasiirtymien est\u00e4misess\u00e4 on noussut esiin sosiaalipsykologisessa tutkimuksessa. Kommunikaation my\u00f6t\u00e4 perheess\u00e4 koettu ulkopuolisuus voi taakan sijaan kehkeyty\u00e4 yksil\u00f6n voimavaraksi ja v\u00e4hemmist\u00f6narratiiveista voi rakentua yhteis\u00f6n resursseja.<\/p>\n\n\n\n<p>Toisaalta v\u00e4h\u00e4inen kokemusten j\u00e4sent\u00e4minen, joka voi n\u00e4ky\u00e4 esimerkiksi perheen vaikenemisena ylisukupolvisesta ulkopuolisuudesta tai vanhempien mielenterveysoireiluna, saattaa edist\u00e4\u00e4 taakkojen siirtymist\u00e4 j\u00e4lkel\u00e4isille. Sosiaalisella identiteetill\u00e4 eli ryhm\u00e4\u00e4n, kuten v\u00e4hemmist\u00f6ryhm\u00e4\u00e4n tai perheeseen, kuulumisen kokemuksella voi olla kuitenkin hyvinvointia tukeva vaikutus riippuen saatavilla olevista identiteettiresursseista. Identiteettiresursseja ovat yhteyden, merkityksellisyyden, vertaistuen sek\u00e4 kollektiivisen toimijuuden kokemukset. N\u00e4it\u00e4 kokemuksia voi saada esimerkiksi rakentavasta vuorovaikutuksesta sek\u00e4 voimaannuttavista v\u00e4hemmist\u00f6narratiiveista.<\/p>\n\n\n\n<p>Ylisukupolvisia siirtymi\u00e4 tutkiessa sosiaalisen identiteetin merkityksen huomioon ottaminen syvent\u00e4\u00e4 ymm\u00e4rryst\u00e4 siit\u00e4, miten vanhempien kokemukset ja perheen sis\u00e4inen vuorovaikutus muovaavat paitsi j\u00e4lkel\u00e4isten v\u00e4hemmist\u00f6identiteetin kehittymist\u00e4, my\u00f6s sen merkityst\u00e4 hyvinvoinnille.&nbsp;<\/p>\n\n\n\n<h2 class=\"wp-block-heading\"><strong>Kohti sosiaalisten&nbsp;yhteyksien&nbsp;rakentamista<\/strong>&nbsp;<\/h2>\n\n\n\n<p>Sosiaalipsykologinen tutkimus on tuonut esiin, ett\u00e4 kokemus ryhm\u00e4\u00e4n kuulumisesta ja ryhm\u00e4lt\u00e4 saatu sosiaalinen tuki vahvistavat yksil\u00f6n hyvinvointia silloinkin, kun ryhm\u00e4 on heikossa asemassa yhteiskunnassa. Historiallisesti stigmatisoitujen ryhmien mahdollisuudet hy\u00f6dynt\u00e4\u00e4 ryhm\u00e4j\u00e4senyyksi\u00e4\u00e4n hyvinvointinsa tukena eroavat kuitenkin enemmist\u00f6ryhmien mahdollisuuksista.&nbsp;<\/p>\n\n\n\n<p>Tiettyyn ryhm\u00e4j\u00e4senyyteen perustuva syrjint\u00e4 vaikuttaa ryhm\u00e4n itseymm\u00e4rrykseen ja siihen, kuinka avoimesti ryhm\u00e4\u00e4n kuulumista voidaan osoittaa. Ryhm\u00e4n menneisyydess\u00e4 koetuilla v\u00e4\u00e4ryyksill\u00e4 voi niin ik\u00e4\u00e4n olla vaikutusta ryhm\u00e4st\u00e4 saatavalle tuelle: ryhm\u00e4n historiallisesti muotoutuneeseen asemaan liittyy usein ep\u00e4oikeudenmukaisuuden kokemuksia, hallintaa tai jopa vainoa. N\u00e4m\u00e4 kokemukset tulevat monin eri tavoin jaetuiksi perheiss\u00e4 ja yhteis\u00f6iss\u00e4, mutta niit\u00e4 voi olla vaikea hy\u00f6dynt\u00e4\u00e4 psykologisena voimavarana. Lis\u00e4ksi v\u00e4hemmist\u00f6jen j\u00e4senet kuuluvat usein samanaikaisesti muihin v\u00e4hemmist\u00f6ihin, mik\u00e4 voi tuottaa ulkopuolisuuden kokemuksia useissa eri ryhmiss\u00e4. <\/p>\n\n\n\n<p>V\u00e4hemmist\u00f6iss\u00e4 koettuja ulkopuolisuuden kokemuksia ja niiden ylisukupolvisia vaikutuksia analysoimalla pyrimme avaamaan my\u00f6s yleisemm\u00e4ll\u00e4 tasolla sit\u00e4, miten ulkopuolisuuden kokemus muodostuu suhteessa omaan perheeseen, l\u00e4hiyhteis\u00f6ihin ja yhteiskuntaan. V\u00e4hemmist\u00f6ihin kuuluvien j\u00e4lkel\u00e4iset voivat kokea oman suhteensa sek\u00e4 ymp\u00e4r\u00f6iv\u00e4\u00e4n yhteiskuntaan ett\u00e4 vanhempiensa yhteis\u00f6ihin l\u00e4heisen\u00e4, ristiriitaisena tai kaukaisena. Siirtolaisperheiss\u00e4 tehty perhemuistelu, identiteetti- ja hyvinvointity\u00f6 avaavat n\u00e4k\u00f6kulmia sille, millaiset tekij\u00e4t tukevat merkityksellisten sosiaalisten yhteyksien rakentamista ja hyvinvointia.&nbsp;<\/p>\n\n\n\n<p><strong>Tekstin kirjoittajat:<\/strong> <a href=\"https:\/\/uefconnect.uef.fi\/elina.turjanmaa\/\">Elina Turjanmaa<\/a>, Outi K\u00e4h\u00e4ri &amp;&nbsp;<a href=\"https:\/\/uefconnect.uef.fi\/mai.korhonen\/\">Mai&nbsp;Korhonen<\/a>&nbsp;<\/p>\n\n\n\n<p><strong>Valokuva:<\/strong> Mostphotos<\/p>\n\n\n\n<p><strong>L\u00e4hteet:<\/strong><\/p>\n\n\n\n<p><bdo lang=\"En\" dir=\"ltr\">Jetten, J., Haslam, S. A., Cruwys, T., Greenaway, K. H., Haslam, C. &amp; Steffens, N. K. (2017). Advancing the social identity approach to health and well\u2010being: Progressing the social cure research agenda. <em>European Journal of Social Psychology, 47<\/em>(7), 789\u2013802.<\/bdo><\/p>\n\n\n\n<p>Korkiasaari, J. &amp; Tarkiainen, K. (2000). <em>Suomalaiset Ruotsissa<\/em>. Siirtolaisuusinstituutti.<\/p>\n\n\n\n<p>K\u00e4h\u00e4ri, O. (2025). Postmemorial work of moral valence: A study of the resistance practices of Ingrian descendants. <em>Memory Studies, 18<\/em>(1), 288-304.<\/p>\n\n\n\n<p>Liimatainen, T. (2022). <em>Finnishnesses in Sweden: The Discursive Construction of Ethnicity in the Landscape of Social Media<\/em>. Helsingin yliopisto.<\/p>\n\n\n\n<p>Tervonen, M. &amp; Leinonen, J. (2021). Johdanto: muuttoliikehistorian k\u00e4tketty monimuotoisuus. Teoksessa M. Tervonen &amp; Leinonen, J. (toim.), <em>V\u00e4hemmist\u00f6t muuttajina<\/em> (s. 11\u201322). Siirtolaisuusinstituutti.<\/p>\n\n\n\n<p>Turjanmaa, E., Finell, E. &amp; Tolvanen, A. (2025). Ethnic Identity as Social Curse: Intergenerational Transmission of Historical Trauma. <em>Journal of Community &amp; Applied Social Psychology, 35<\/em>: e70094<\/p>\n\n\n\n<p>Turjanmaa, E. &amp; K\u00e4h\u00e4ri, O. (2026). Hidden family history and sense of coherence among second- and third-generation displaced ingrians. Teoksessa J. Leinonen, S. Jalagin, O. K\u00e4h\u00e4ri, I. Leppihalme, H.-L. M\u00e4\u00e4tt\u00e4 &amp; E. Turjanmaa (toim.), <em>Displaced Families, Dispersed Memories<\/em> (s. 165\u2013184). Helsinki University Press.<\/p>\n\n\n\n<p>Weckstr\u00f6m, L. (2011). <em>Suomalaisuus on kuin vahakangas: ruotsinsuomalaiset nuoret kertovat suomalaisuudestaan<\/em>. Siirtolaisuusinstituutti.<\/p>\n\n\n\n<p>Weststrate, N. M., McLean, K. C. &amp; Fivush, R. (2024). Intergenerational storytelling and positive psychosocial development: Stories as developmental resources for marginalized groups. <em>Personality and Social Psychology Review, 28<\/em>(4), 351\u2013371.&nbsp;<\/p>\n\n\n\n<p><\/p>\n","protected":false},"excerpt":{"rendered":"<p>Yli puolet nuorista aikuisista kertoo Punaisen Ristin tuoreessa Yksin\u00e4isyysbarometriss\u00e4 kokevansa yksin\u00e4isyytt\u00e4 s\u00e4\u00e4nn\u00f6llisesti eli joitain kertoja kuukaudessa tai useammin. Ulkopuolisuuden ja erilaisuuden kokemukset ovat yleisi\u00e4, ja erityisen yleisi\u00e4 ne ovat Yksin\u00e4isyysbarometrin mukaan muuta kuin suomea tai ruotsia \u00e4idinkielen\u00e4\u00e4n puhuvilla. Erot eiv\u00e4t ole suurensuuria, mutta noudattelevat trendi\u00e4, joka tutkimuksessa tunnetaan hyvin: v\u00e4hemmist\u00f6ihin kuuluvat kohtaavat arjessaan syrjint\u00e4\u00e4 ja [&hellip;]<\/p>\n","protected":false},"author":773,"featured_media":606,"comment_status":"closed","ping_status":"open","sticky":false,"template":"","format":"standard","meta":{"_acf_changed":false,"footnotes":""},"categories":[1],"tags":[19,76,77,78],"class_list":["post-605","post","type-post","status-publish","format-standard","has-post-thumbnail","hentry","category-uncategorized","tag-hyvinvointi","tag-ruotsinsuomalaiset","tag-vahemmistoidentiteetit","tag-ylisukupolvinen"],"acf":[],"yoast_head":"<!-- This site is optimized with the Yoast SEO plugin v27.3 - https:\/\/yoast.com\/product\/yoast-seo-wordpress\/ -->\n<title>Yhteis\u00f6n\u00a0tukea\u00a0hyvinvoinnille\u00a0ei voi\u00a0hy\u00f6dynt\u00e4\u00e4,\u00a0jos\u00a0kokemusta\u00a0yhteis\u00f6st\u00e4\u00a0ei\u00a0ole\u00a0 - Suhteellista<\/title>\n<meta name=\"robots\" content=\"index, follow, max-snippet:-1, max-image-preview:large, max-video-preview:-1\" \/>\n<link rel=\"canonical\" href=\"https:\/\/blogs.uef.fi\/suhteellista\/2026\/04\/15\/yhteison-tukea-hyvinvoinnille-ei-voi-hyodyntaa-jos-kokemusta-yhteisosta-ei-ole\/\" \/>\n<meta property=\"og:locale\" content=\"fi_FI\" \/>\n<meta property=\"og:type\" content=\"article\" \/>\n<meta property=\"og:title\" content=\"Yhteis\u00f6n\u00a0tukea\u00a0hyvinvoinnille\u00a0ei voi\u00a0hy\u00f6dynt\u00e4\u00e4,\u00a0jos\u00a0kokemusta\u00a0yhteis\u00f6st\u00e4\u00a0ei\u00a0ole\u00a0 - Suhteellista\" \/>\n<meta property=\"og:description\" content=\"Yli puolet nuorista aikuisista kertoo Punaisen Ristin tuoreessa Yksin\u00e4isyysbarometriss\u00e4 kokevansa yksin\u00e4isyytt\u00e4 s\u00e4\u00e4nn\u00f6llisesti eli joitain kertoja kuukaudessa tai useammin. Ulkopuolisuuden ja erilaisuuden kokemukset ovat yleisi\u00e4, ja erityisen yleisi\u00e4 ne ovat Yksin\u00e4isyysbarometrin mukaan muuta kuin suomea tai ruotsia \u00e4idinkielen\u00e4\u00e4n puhuvilla. Erot eiv\u00e4t ole suurensuuria, mutta noudattelevat trendi\u00e4, joka tutkimuksessa tunnetaan hyvin: v\u00e4hemmist\u00f6ihin kuuluvat kohtaavat arjessaan syrjint\u00e4\u00e4 ja [&hellip;]\" \/>\n<meta property=\"og:url\" content=\"https:\/\/blogs.uef.fi\/suhteellista\/2026\/04\/15\/yhteison-tukea-hyvinvoinnille-ei-voi-hyodyntaa-jos-kokemusta-yhteisosta-ei-ole\/\" \/>\n<meta property=\"og:site_name\" content=\"Suhteellista\" \/>\n<meta property=\"article:published_time\" content=\"2026-04-15T06:34:22+00:00\" \/>\n<meta property=\"article:modified_time\" content=\"2026-04-15T06:36:01+00:00\" \/>\n<meta property=\"og:image\" content=\"https:\/\/blogs.uef.fi\/suhteellista\/wp-content\/uploads\/sites\/225\/2026\/04\/yhka_Suhteellista-blogi_mp15463361-people-walking.jpg\" \/>\n\t<meta property=\"og:image:width\" content=\"2500\" \/>\n\t<meta property=\"og:image:height\" content=\"1666\" \/>\n\t<meta property=\"og:image:type\" content=\"image\/jpeg\" \/>\n<meta name=\"author\" content=\"marlen\" \/>\n<meta name=\"twitter:card\" content=\"summary_large_image\" \/>\n<meta name=\"twitter:label1\" content=\"Kirjoittanut\" \/>\n\t<meta name=\"twitter:data1\" content=\"marlen\" \/>\n\t<meta name=\"twitter:label2\" content=\"Arvioitu lukuaika\" \/>\n\t<meta name=\"twitter:data2\" content=\"7 minuuttia\" \/>\n<script type=\"application\/ld+json\" class=\"yoast-schema-graph\">{\"@context\":\"https:\\\/\\\/schema.org\",\"@graph\":[{\"@type\":\"Article\",\"@id\":\"https:\\\/\\\/blogs.uef.fi\\\/suhteellista\\\/2026\\\/04\\\/15\\\/yhteison-tukea-hyvinvoinnille-ei-voi-hyodyntaa-jos-kokemusta-yhteisosta-ei-ole\\\/#article\",\"isPartOf\":{\"@id\":\"https:\\\/\\\/blogs.uef.fi\\\/suhteellista\\\/2026\\\/04\\\/15\\\/yhteison-tukea-hyvinvoinnille-ei-voi-hyodyntaa-jos-kokemusta-yhteisosta-ei-ole\\\/\"},\"author\":{\"name\":\"marlen\",\"@id\":\"https:\\\/\\\/blogs.uef.fi\\\/suhteellista\\\/#\\\/schema\\\/person\\\/d2e339d519d2ad3dcbb0baf21cb8adf1\"},\"headline\":\"Yhteis\u00f6n\u00a0tukea\u00a0hyvinvoinnille\u00a0ei voi\u00a0hy\u00f6dynt\u00e4\u00e4,\u00a0jos\u00a0kokemusta\u00a0yhteis\u00f6st\u00e4\u00a0ei\u00a0ole\u00a0\",\"datePublished\":\"2026-04-15T06:34:22+00:00\",\"dateModified\":\"2026-04-15T06:36:01+00:00\",\"mainEntityOfPage\":{\"@id\":\"https:\\\/\\\/blogs.uef.fi\\\/suhteellista\\\/2026\\\/04\\\/15\\\/yhteison-tukea-hyvinvoinnille-ei-voi-hyodyntaa-jos-kokemusta-yhteisosta-ei-ole\\\/\"},\"wordCount\":1190,\"image\":{\"@id\":\"https:\\\/\\\/blogs.uef.fi\\\/suhteellista\\\/2026\\\/04\\\/15\\\/yhteison-tukea-hyvinvoinnille-ei-voi-hyodyntaa-jos-kokemusta-yhteisosta-ei-ole\\\/#primaryimage\"},\"thumbnailUrl\":\"https:\\\/\\\/blogs.uef.fi\\\/suhteellista\\\/wp-content\\\/uploads\\\/sites\\\/225\\\/2026\\\/04\\\/yhka_Suhteellista-blogi_mp15463361-people-walking.jpg\",\"keywords\":[\"Hyvinvointi\",\"ruotsinsuomalaiset\",\"v\u00e4hemmist\u00f6identiteetit\",\"ylisukupolvinen\"],\"articleSection\":[\"Uncategorized\"],\"inLanguage\":\"fi\"},{\"@type\":\"WebPage\",\"@id\":\"https:\\\/\\\/blogs.uef.fi\\\/suhteellista\\\/2026\\\/04\\\/15\\\/yhteison-tukea-hyvinvoinnille-ei-voi-hyodyntaa-jos-kokemusta-yhteisosta-ei-ole\\\/\",\"url\":\"https:\\\/\\\/blogs.uef.fi\\\/suhteellista\\\/2026\\\/04\\\/15\\\/yhteison-tukea-hyvinvoinnille-ei-voi-hyodyntaa-jos-kokemusta-yhteisosta-ei-ole\\\/\",\"name\":\"Yhteis\u00f6n\u00a0tukea\u00a0hyvinvoinnille\u00a0ei voi\u00a0hy\u00f6dynt\u00e4\u00e4,\u00a0jos\u00a0kokemusta\u00a0yhteis\u00f6st\u00e4\u00a0ei\u00a0ole\u00a0 - Suhteellista\",\"isPartOf\":{\"@id\":\"https:\\\/\\\/blogs.uef.fi\\\/suhteellista\\\/#website\"},\"primaryImageOfPage\":{\"@id\":\"https:\\\/\\\/blogs.uef.fi\\\/suhteellista\\\/2026\\\/04\\\/15\\\/yhteison-tukea-hyvinvoinnille-ei-voi-hyodyntaa-jos-kokemusta-yhteisosta-ei-ole\\\/#primaryimage\"},\"image\":{\"@id\":\"https:\\\/\\\/blogs.uef.fi\\\/suhteellista\\\/2026\\\/04\\\/15\\\/yhteison-tukea-hyvinvoinnille-ei-voi-hyodyntaa-jos-kokemusta-yhteisosta-ei-ole\\\/#primaryimage\"},\"thumbnailUrl\":\"https:\\\/\\\/blogs.uef.fi\\\/suhteellista\\\/wp-content\\\/uploads\\\/sites\\\/225\\\/2026\\\/04\\\/yhka_Suhteellista-blogi_mp15463361-people-walking.jpg\",\"datePublished\":\"2026-04-15T06:34:22+00:00\",\"dateModified\":\"2026-04-15T06:36:01+00:00\",\"author\":{\"@id\":\"https:\\\/\\\/blogs.uef.fi\\\/suhteellista\\\/#\\\/schema\\\/person\\\/d2e339d519d2ad3dcbb0baf21cb8adf1\"},\"breadcrumb\":{\"@id\":\"https:\\\/\\\/blogs.uef.fi\\\/suhteellista\\\/2026\\\/04\\\/15\\\/yhteison-tukea-hyvinvoinnille-ei-voi-hyodyntaa-jos-kokemusta-yhteisosta-ei-ole\\\/#breadcrumb\"},\"inLanguage\":\"fi\",\"potentialAction\":[{\"@type\":\"ReadAction\",\"target\":[\"https:\\\/\\\/blogs.uef.fi\\\/suhteellista\\\/2026\\\/04\\\/15\\\/yhteison-tukea-hyvinvoinnille-ei-voi-hyodyntaa-jos-kokemusta-yhteisosta-ei-ole\\\/\"]}]},{\"@type\":\"ImageObject\",\"inLanguage\":\"fi\",\"@id\":\"https:\\\/\\\/blogs.uef.fi\\\/suhteellista\\\/2026\\\/04\\\/15\\\/yhteison-tukea-hyvinvoinnille-ei-voi-hyodyntaa-jos-kokemusta-yhteisosta-ei-ole\\\/#primaryimage\",\"url\":\"https:\\\/\\\/blogs.uef.fi\\\/suhteellista\\\/wp-content\\\/uploads\\\/sites\\\/225\\\/2026\\\/04\\\/yhka_Suhteellista-blogi_mp15463361-people-walking.jpg\",\"contentUrl\":\"https:\\\/\\\/blogs.uef.fi\\\/suhteellista\\\/wp-content\\\/uploads\\\/sites\\\/225\\\/2026\\\/04\\\/yhka_Suhteellista-blogi_mp15463361-people-walking.jpg\",\"width\":2500,\"height\":1666,\"caption\":\"Crowd of people walking on the busy city street.\"},{\"@type\":\"BreadcrumbList\",\"@id\":\"https:\\\/\\\/blogs.uef.fi\\\/suhteellista\\\/2026\\\/04\\\/15\\\/yhteison-tukea-hyvinvoinnille-ei-voi-hyodyntaa-jos-kokemusta-yhteisosta-ei-ole\\\/#breadcrumb\",\"itemListElement\":[{\"@type\":\"ListItem\",\"position\":1,\"name\":\"Home\",\"item\":\"https:\\\/\\\/blogs.uef.fi\\\/suhteellista\\\/\"},{\"@type\":\"ListItem\",\"position\":2,\"name\":\"Yhteis\u00f6n\u00a0tukea\u00a0hyvinvoinnille\u00a0ei voi\u00a0hy\u00f6dynt\u00e4\u00e4,\u00a0jos\u00a0kokemusta\u00a0yhteis\u00f6st\u00e4\u00a0ei\u00a0ole\u00a0\"}]},{\"@type\":\"WebSite\",\"@id\":\"https:\\\/\\\/blogs.uef.fi\\\/suhteellista\\\/#website\",\"url\":\"https:\\\/\\\/blogs.uef.fi\\\/suhteellista\\\/\",\"name\":\"Suhteellista\",\"description\":\"\",\"potentialAction\":[{\"@type\":\"SearchAction\",\"target\":{\"@type\":\"EntryPoint\",\"urlTemplate\":\"https:\\\/\\\/blogs.uef.fi\\\/suhteellista\\\/?s={search_term_string}\"},\"query-input\":{\"@type\":\"PropertyValueSpecification\",\"valueRequired\":true,\"valueName\":\"search_term_string\"}}],\"inLanguage\":\"fi\"},{\"@type\":\"Person\",\"@id\":\"https:\\\/\\\/blogs.uef.fi\\\/suhteellista\\\/#\\\/schema\\\/person\\\/d2e339d519d2ad3dcbb0baf21cb8adf1\",\"name\":\"marlen\",\"image\":{\"@type\":\"ImageObject\",\"inLanguage\":\"fi\",\"@id\":\"https:\\\/\\\/secure.gravatar.com\\\/avatar\\\/5bcde8e7829ef47f1e300687eb33bb57757aef0b54eaea1409f837ef6d45f974?s=96&d=mm&r=g\",\"url\":\"https:\\\/\\\/secure.gravatar.com\\\/avatar\\\/5bcde8e7829ef47f1e300687eb33bb57757aef0b54eaea1409f837ef6d45f974?s=96&d=mm&r=g\",\"contentUrl\":\"https:\\\/\\\/secure.gravatar.com\\\/avatar\\\/5bcde8e7829ef47f1e300687eb33bb57757aef0b54eaea1409f837ef6d45f974?s=96&d=mm&r=g\",\"caption\":\"marlen\"},\"url\":\"https:\\\/\\\/blogs.uef.fi\\\/suhteellista\\\/author\\\/marlen\\\/\"}]}<\/script>\n<!-- \/ Yoast SEO plugin. -->","yoast_head_json":{"title":"Yhteis\u00f6n\u00a0tukea\u00a0hyvinvoinnille\u00a0ei voi\u00a0hy\u00f6dynt\u00e4\u00e4,\u00a0jos\u00a0kokemusta\u00a0yhteis\u00f6st\u00e4\u00a0ei\u00a0ole\u00a0 - Suhteellista","robots":{"index":"index","follow":"follow","max-snippet":"max-snippet:-1","max-image-preview":"max-image-preview:large","max-video-preview":"max-video-preview:-1"},"canonical":"https:\/\/blogs.uef.fi\/suhteellista\/2026\/04\/15\/yhteison-tukea-hyvinvoinnille-ei-voi-hyodyntaa-jos-kokemusta-yhteisosta-ei-ole\/","og_locale":"fi_FI","og_type":"article","og_title":"Yhteis\u00f6n\u00a0tukea\u00a0hyvinvoinnille\u00a0ei voi\u00a0hy\u00f6dynt\u00e4\u00e4,\u00a0jos\u00a0kokemusta\u00a0yhteis\u00f6st\u00e4\u00a0ei\u00a0ole\u00a0 - Suhteellista","og_description":"Yli puolet nuorista aikuisista kertoo Punaisen Ristin tuoreessa Yksin\u00e4isyysbarometriss\u00e4 kokevansa yksin\u00e4isyytt\u00e4 s\u00e4\u00e4nn\u00f6llisesti eli joitain kertoja kuukaudessa tai useammin. Ulkopuolisuuden ja erilaisuuden kokemukset ovat yleisi\u00e4, ja erityisen yleisi\u00e4 ne ovat Yksin\u00e4isyysbarometrin mukaan muuta kuin suomea tai ruotsia \u00e4idinkielen\u00e4\u00e4n puhuvilla. Erot eiv\u00e4t ole suurensuuria, mutta noudattelevat trendi\u00e4, joka tutkimuksessa tunnetaan hyvin: v\u00e4hemmist\u00f6ihin kuuluvat kohtaavat arjessaan syrjint\u00e4\u00e4 ja [&hellip;]","og_url":"https:\/\/blogs.uef.fi\/suhteellista\/2026\/04\/15\/yhteison-tukea-hyvinvoinnille-ei-voi-hyodyntaa-jos-kokemusta-yhteisosta-ei-ole\/","og_site_name":"Suhteellista","article_published_time":"2026-04-15T06:34:22+00:00","article_modified_time":"2026-04-15T06:36:01+00:00","og_image":[{"width":2500,"height":1666,"url":"https:\/\/blogs.uef.fi\/suhteellista\/wp-content\/uploads\/sites\/225\/2026\/04\/yhka_Suhteellista-blogi_mp15463361-people-walking.jpg","type":"image\/jpeg"}],"author":"marlen","twitter_card":"summary_large_image","twitter_misc":{"Kirjoittanut":"marlen","Arvioitu lukuaika":"7 minuuttia"},"schema":{"@context":"https:\/\/schema.org","@graph":[{"@type":"Article","@id":"https:\/\/blogs.uef.fi\/suhteellista\/2026\/04\/15\/yhteison-tukea-hyvinvoinnille-ei-voi-hyodyntaa-jos-kokemusta-yhteisosta-ei-ole\/#article","isPartOf":{"@id":"https:\/\/blogs.uef.fi\/suhteellista\/2026\/04\/15\/yhteison-tukea-hyvinvoinnille-ei-voi-hyodyntaa-jos-kokemusta-yhteisosta-ei-ole\/"},"author":{"name":"marlen","@id":"https:\/\/blogs.uef.fi\/suhteellista\/#\/schema\/person\/d2e339d519d2ad3dcbb0baf21cb8adf1"},"headline":"Yhteis\u00f6n\u00a0tukea\u00a0hyvinvoinnille\u00a0ei voi\u00a0hy\u00f6dynt\u00e4\u00e4,\u00a0jos\u00a0kokemusta\u00a0yhteis\u00f6st\u00e4\u00a0ei\u00a0ole\u00a0","datePublished":"2026-04-15T06:34:22+00:00","dateModified":"2026-04-15T06:36:01+00:00","mainEntityOfPage":{"@id":"https:\/\/blogs.uef.fi\/suhteellista\/2026\/04\/15\/yhteison-tukea-hyvinvoinnille-ei-voi-hyodyntaa-jos-kokemusta-yhteisosta-ei-ole\/"},"wordCount":1190,"image":{"@id":"https:\/\/blogs.uef.fi\/suhteellista\/2026\/04\/15\/yhteison-tukea-hyvinvoinnille-ei-voi-hyodyntaa-jos-kokemusta-yhteisosta-ei-ole\/#primaryimage"},"thumbnailUrl":"https:\/\/blogs.uef.fi\/suhteellista\/wp-content\/uploads\/sites\/225\/2026\/04\/yhka_Suhteellista-blogi_mp15463361-people-walking.jpg","keywords":["Hyvinvointi","ruotsinsuomalaiset","v\u00e4hemmist\u00f6identiteetit","ylisukupolvinen"],"articleSection":["Uncategorized"],"inLanguage":"fi"},{"@type":"WebPage","@id":"https:\/\/blogs.uef.fi\/suhteellista\/2026\/04\/15\/yhteison-tukea-hyvinvoinnille-ei-voi-hyodyntaa-jos-kokemusta-yhteisosta-ei-ole\/","url":"https:\/\/blogs.uef.fi\/suhteellista\/2026\/04\/15\/yhteison-tukea-hyvinvoinnille-ei-voi-hyodyntaa-jos-kokemusta-yhteisosta-ei-ole\/","name":"Yhteis\u00f6n\u00a0tukea\u00a0hyvinvoinnille\u00a0ei voi\u00a0hy\u00f6dynt\u00e4\u00e4,\u00a0jos\u00a0kokemusta\u00a0yhteis\u00f6st\u00e4\u00a0ei\u00a0ole\u00a0 - Suhteellista","isPartOf":{"@id":"https:\/\/blogs.uef.fi\/suhteellista\/#website"},"primaryImageOfPage":{"@id":"https:\/\/blogs.uef.fi\/suhteellista\/2026\/04\/15\/yhteison-tukea-hyvinvoinnille-ei-voi-hyodyntaa-jos-kokemusta-yhteisosta-ei-ole\/#primaryimage"},"image":{"@id":"https:\/\/blogs.uef.fi\/suhteellista\/2026\/04\/15\/yhteison-tukea-hyvinvoinnille-ei-voi-hyodyntaa-jos-kokemusta-yhteisosta-ei-ole\/#primaryimage"},"thumbnailUrl":"https:\/\/blogs.uef.fi\/suhteellista\/wp-content\/uploads\/sites\/225\/2026\/04\/yhka_Suhteellista-blogi_mp15463361-people-walking.jpg","datePublished":"2026-04-15T06:34:22+00:00","dateModified":"2026-04-15T06:36:01+00:00","author":{"@id":"https:\/\/blogs.uef.fi\/suhteellista\/#\/schema\/person\/d2e339d519d2ad3dcbb0baf21cb8adf1"},"breadcrumb":{"@id":"https:\/\/blogs.uef.fi\/suhteellista\/2026\/04\/15\/yhteison-tukea-hyvinvoinnille-ei-voi-hyodyntaa-jos-kokemusta-yhteisosta-ei-ole\/#breadcrumb"},"inLanguage":"fi","potentialAction":[{"@type":"ReadAction","target":["https:\/\/blogs.uef.fi\/suhteellista\/2026\/04\/15\/yhteison-tukea-hyvinvoinnille-ei-voi-hyodyntaa-jos-kokemusta-yhteisosta-ei-ole\/"]}]},{"@type":"ImageObject","inLanguage":"fi","@id":"https:\/\/blogs.uef.fi\/suhteellista\/2026\/04\/15\/yhteison-tukea-hyvinvoinnille-ei-voi-hyodyntaa-jos-kokemusta-yhteisosta-ei-ole\/#primaryimage","url":"https:\/\/blogs.uef.fi\/suhteellista\/wp-content\/uploads\/sites\/225\/2026\/04\/yhka_Suhteellista-blogi_mp15463361-people-walking.jpg","contentUrl":"https:\/\/blogs.uef.fi\/suhteellista\/wp-content\/uploads\/sites\/225\/2026\/04\/yhka_Suhteellista-blogi_mp15463361-people-walking.jpg","width":2500,"height":1666,"caption":"Crowd of people walking on the busy city street."},{"@type":"BreadcrumbList","@id":"https:\/\/blogs.uef.fi\/suhteellista\/2026\/04\/15\/yhteison-tukea-hyvinvoinnille-ei-voi-hyodyntaa-jos-kokemusta-yhteisosta-ei-ole\/#breadcrumb","itemListElement":[{"@type":"ListItem","position":1,"name":"Home","item":"https:\/\/blogs.uef.fi\/suhteellista\/"},{"@type":"ListItem","position":2,"name":"Yhteis\u00f6n\u00a0tukea\u00a0hyvinvoinnille\u00a0ei voi\u00a0hy\u00f6dynt\u00e4\u00e4,\u00a0jos\u00a0kokemusta\u00a0yhteis\u00f6st\u00e4\u00a0ei\u00a0ole\u00a0"}]},{"@type":"WebSite","@id":"https:\/\/blogs.uef.fi\/suhteellista\/#website","url":"https:\/\/blogs.uef.fi\/suhteellista\/","name":"Suhteellista","description":"","potentialAction":[{"@type":"SearchAction","target":{"@type":"EntryPoint","urlTemplate":"https:\/\/blogs.uef.fi\/suhteellista\/?s={search_term_string}"},"query-input":{"@type":"PropertyValueSpecification","valueRequired":true,"valueName":"search_term_string"}}],"inLanguage":"fi"},{"@type":"Person","@id":"https:\/\/blogs.uef.fi\/suhteellista\/#\/schema\/person\/d2e339d519d2ad3dcbb0baf21cb8adf1","name":"marlen","image":{"@type":"ImageObject","inLanguage":"fi","@id":"https:\/\/secure.gravatar.com\/avatar\/5bcde8e7829ef47f1e300687eb33bb57757aef0b54eaea1409f837ef6d45f974?s=96&d=mm&r=g","url":"https:\/\/secure.gravatar.com\/avatar\/5bcde8e7829ef47f1e300687eb33bb57757aef0b54eaea1409f837ef6d45f974?s=96&d=mm&r=g","contentUrl":"https:\/\/secure.gravatar.com\/avatar\/5bcde8e7829ef47f1e300687eb33bb57757aef0b54eaea1409f837ef6d45f974?s=96&d=mm&r=g","caption":"marlen"},"url":"https:\/\/blogs.uef.fi\/suhteellista\/author\/marlen\/"}]}},"_links":{"self":[{"href":"https:\/\/blogs.uef.fi\/suhteellista\/wp-json\/wp\/v2\/posts\/605","targetHints":{"allow":["GET"]}}],"collection":[{"href":"https:\/\/blogs.uef.fi\/suhteellista\/wp-json\/wp\/v2\/posts"}],"about":[{"href":"https:\/\/blogs.uef.fi\/suhteellista\/wp-json\/wp\/v2\/types\/post"}],"author":[{"embeddable":true,"href":"https:\/\/blogs.uef.fi\/suhteellista\/wp-json\/wp\/v2\/users\/773"}],"replies":[{"embeddable":true,"href":"https:\/\/blogs.uef.fi\/suhteellista\/wp-json\/wp\/v2\/comments?post=605"}],"version-history":[{"count":2,"href":"https:\/\/blogs.uef.fi\/suhteellista\/wp-json\/wp\/v2\/posts\/605\/revisions"}],"predecessor-version":[{"id":609,"href":"https:\/\/blogs.uef.fi\/suhteellista\/wp-json\/wp\/v2\/posts\/605\/revisions\/609"}],"wp:featuredmedia":[{"embeddable":true,"href":"https:\/\/blogs.uef.fi\/suhteellista\/wp-json\/wp\/v2\/media\/606"}],"wp:attachment":[{"href":"https:\/\/blogs.uef.fi\/suhteellista\/wp-json\/wp\/v2\/media?parent=605"}],"wp:term":[{"taxonomy":"category","embeddable":true,"href":"https:\/\/blogs.uef.fi\/suhteellista\/wp-json\/wp\/v2\/categories?post=605"},{"taxonomy":"post_tag","embeddable":true,"href":"https:\/\/blogs.uef.fi\/suhteellista\/wp-json\/wp\/v2\/tags?post=605"}],"curies":[{"name":"wp","href":"https:\/\/api.w.org\/{rel}","templated":true}]}}