{"id":496,"date":"2025-04-23T09:10:21","date_gmt":"2025-04-23T07:10:21","guid":{"rendered":"https:\/\/blogs.uef.fi\/suhteellista\/?p=496"},"modified":"2025-06-17T09:54:51","modified_gmt":"2025-06-17T07:54:51","slug":"tunteet-sosiaalipsykologiassa-kiinnostavia-esityksia-odotettavissa-sosiaalipsykologian-paivilla","status":"publish","type":"post","link":"https:\/\/blogs.uef.fi\/suhteellista\/2025\/04\/23\/tunteet-sosiaalipsykologiassa-kiinnostavia-esityksia-odotettavissa-sosiaalipsykologian-paivilla\/","title":{"rendered":"Tunteet sosiaalipsykologiassa: kiinnostavia esityksi\u00e4 odotettavissa Sosiaalipsykologian p\u00e4ivill\u00e4"},"content":{"rendered":"\n<p>Tunteet ja niiden rooli ihmisten toiminnassa on kiehtova aihe, johon Kuopion kampuksella 14.\u201316.5.2025 j\u00e4rjestett\u00e4vill\u00e4 Sosiaalipsykologian p\u00e4ivill\u00e4 paneudutaan monien esitysten ja ty\u00f6ryhmien voimin. Konferenssin ohjelman ja aikataulun p\u00e4\u00e4see kokonaisuudessaan lukemaan <a href=\"https:\/\/sites.uef.fi\/socialpsychologyconference\/program\/\">t\u00e4\u00e4lt\u00e4<\/a>.<\/p>\n\n\n\n<p><strong><em>Miten tutkia tunteita?<\/em><\/strong><\/p>\n\n\n\n<p>Tunteiden tutkiminen on dilemma, joka on askarruttanut jo vuosikymmeni\u00e4. Miss\u00e4 tunteet syntyv\u00e4t ja sijaitsevat: ovatko ne yksil\u00f6iden mieless\u00e4 ja kehossa \u2013 vai sittenkin ihmisten v\u00e4lisess\u00e4 toiminnassa? Miten tunteita voisi systemaattisesti havainnoida ja analysoida? Kiistattomasti tunteilla on merkityksens\u00e4 ihmisten yhteistoiminnalle, ja arkiel\u00e4m\u00e4n vuorovaikutustilanteissa osaammekin usein tunnistaa tunteita varsin pienist\u00e4kin vihjeist\u00e4.<\/p>\n\n\n\n<p>Konferenssin toisena p\u00e4iv\u00e4n\u00e4 kuullaan professori Jonathan Potterin keynote-esitelm\u00e4, jossa perehdyt\u00e4\u00e4n vihaan: miten havaitsemme vihaisuutta tiettyjen piirteiden avulla, ja miten n\u00e4it\u00e4 piirteit\u00e4 voidaan hy\u00f6dynt\u00e4\u00e4 my\u00f6s vuorovaikutustilanteiden analyysissa.<\/p>\n\n\n\n<p>Esitelm\u00e4ss\u00e4\u00e4n Potter havainnollistaa uudenlaista n\u00e4k\u00f6kulmaa tunteiden systemaattiseen tutkimukseen, joka voi olennaisesti lis\u00e4t\u00e4 sosiaalipsykologista ymm\u00e4rryst\u00e4 siit\u00e4, mit\u00e4 tunteet ovat ja mink\u00e4lainen merkitys niill\u00e4 vuorovaikutuksessa on.<\/p>\n\n\n\n<p><strong><em>Tunteet eiv\u00e4t ole yksityisasia<\/em><\/strong><\/p>\n\n\n\n<p>Tunteet ovat l\u00e4sn\u00e4 monenlaisissa arkiel\u00e4m\u00e4n tilanteissa. Joissakin tilanteissa on aivan odotuksen mukaista kokea ja osoittaa tunteita, joissakin toisissa taas odotetaan kyky\u00e4 sivuuttaa ja hillit\u00e4 tunteita. Tunteet kiinnittyv\u00e4t tilanteisiin ja paikkoihin \u2013 tuttuna esimerkkin\u00e4 voidaan pit\u00e4\u00e4 hautausmaalla k\u00e4ymist\u00e4, mik\u00e4 on yhteiskunnassamme odotuksenmukainen surun ja kaipauksen maamerkki. Olga Jungin esityksess\u00e4 pohditaan hautausmaalla k\u00e4ymisen sosiaalisia k\u00e4yt\u00e4nteit\u00e4 osana kollektiivista muistamista ja sen esitt\u00e4mist\u00e4. Outi Hakolan esityksess\u00e4 taas tutkitaan tunteiden merkityst\u00e4 osana sosiaalisten k\u00e4sitysten muotoutumista ja muuttamista. Analysoimalla dokumenttielokuvien keinoja her\u00e4tt\u00e4\u00e4 tunteita, Hakola pohtii elokuvien voimaa muuttaa ajattelua.<\/p>\n\n\n\n<p>Tunteet voivat nousta pintaan my\u00f6s kriisitilanteissa, kuten sairastuessa. Johanna Ruusuvuori analysoi potilaiden l\u00e4\u00e4k\u00e4rinvastaanotoilla n\u00e4ytt\u00e4mi\u00e4 tunteita ja l\u00e4\u00e4k\u00e4rien kehollista empatiaa vastauksena potilaiden tunteisiin. Haastavaa el\u00e4m\u00e4ntilannetta tai sairautta l\u00e4pik\u00e4yvien henkil\u00f6iden luomia tanssiteoksia k\u00e4ytettiin tutkimusaineistona Hanna Pohjolan tutkimuksessa, jossa analysoidaan teosten katsomiseen liittyvi\u00e4 tunteita ja niiden linkittymist\u00e4 tulkintaan.<\/p>\n\n\n\n<p>My\u00f6s yhteiskunnalliset kriisit, kuten ilmastonmuutos, her\u00e4tt\u00e4v\u00e4t tunteita. T\u00e4h\u00e4n teemaan perehtyy esityksess\u00e4\u00e4n Christian Palacios Haugestad, joka tutkii ilmastonmuutokseen liittyv\u00e4\u00e4 ahdistusta ja sen k\u00e4sittely\u00e4 mediassa. Ilmastoahdistus voidaan esimerkiksi leimata julkisuudessa ylimitoitetuksi, ja siten sivuuttaa aktivistien argumentteja. Toivon ja ep\u00e4toivon ristivetoa ja niiden merkityst\u00e4 aktivismia eteenp\u00e4in viev\u00e4n\u00e4 voimana pohtii esityksess\u00e4\u00e4n Simon Magnusson.<\/p>\n\n\n\n<p>Ty\u00f6el\u00e4m\u00e4ss\u00e4 on tyypillisesti pidetty sopimattomana ilmaista voimakkaasti tunteita, mutta se ei suinkaan merkitse sit\u00e4, etteik\u00f6 tunteita koettaisi ty\u00f6ss\u00e4. H\u00e4pe\u00e4n, n\u00f6yryytyksen ja ep\u00e4oikeudenmukaisuuden tunteisiin paneudutaan Mia Silfverin vet\u00e4m\u00e4ss\u00e4 ty\u00f6ryhm\u00e4ss\u00e4 kolmen esityksen my\u00f6t\u00e4. My\u00f6s muun muassa luottamuksen ja haavoittuvuuden tunteita sek\u00e4 kiusaamiskokemuksia tutkitaan <a href=\"https:\/\/blogs.uef.fi\/suhteellista\/2025\/04\/17\/tyoelaman-sosiaalipsykologiaa-kiinnostavia-esityksia-odotettavissa-sosiaalipsykologian-paivilla\/\">konferenssin ty\u00f6el\u00e4m\u00e4aiheisissa esityksiss\u00e4<\/a>.<\/p>\n\n\n\n<p><strong><em>Ent\u00e4 tutkijan tunteet?<\/em><\/strong><\/p>\n\n\n\n<p>Tutkijakaan ei ole immuuni tunteille, vaikka tutkijakoulutuksessa ei olekaan tyypillisesti kiinnitetty huomiota tutkimusaiheen ja aineistojen synnytt\u00e4mille tunteille. Usein tutkimuksen kohteena voi olla hyvinkin raskaita aiheita, jolloin tutkimusaineistojen ja l\u00e4hdekirjallisuuden l\u00e4pik\u00e4yminen voi k\u00e4yd\u00e4 kuormittavaksi, tai tutkimuskohteesta irrottautuminen tuntuu vaikealta. Sosiaalipsykologian p\u00e4ivien yhteydess\u00e4 j\u00e4rjestet\u00e4\u00e4n Alexa Hepburnin, Elina Turjanmaan ja Sisko Piipon johdolla tutkijaty\u00f6paja, jossa keskustellaan tutkimusaiheen her\u00e4tt\u00e4mist\u00e4 tunteista ja emotionaalisesta kiinnittymisest\u00e4 tutkimuksen kohteeseen. Ty\u00f6paja tarjoaa ty\u00f6nohjausta raskaiden aiheiden ja aineistojen parissa ty\u00f6skenteleville tutkijoille.<\/p>\n\n\n\n<p><strong>Tekstin kirjoittaja<\/strong>:&nbsp;<a href=\"https:\/\/uefconnect.uef.fi\/aija.logren\/\">Aija Logren<\/a>, sosiaalipsykologian yliopistonlehtori, It\u00e4-Suomen yliopisto<\/p>\n\n\n\n<p><strong>Valokuva<\/strong>: Elena Elisseeva<\/p>\n","protected":false},"excerpt":{"rendered":"<p>Tunteet ja niiden rooli ihmisten toiminnassa on kiehtova aihe, johon Kuopion kampuksella 14.\u201316.5.2025 j\u00e4rjestett\u00e4vill\u00e4 Sosiaalipsykologian p\u00e4ivill\u00e4 paneudutaan monien esitysten ja ty\u00f6ryhmien voimin. <\/p>\n","protected":false},"author":714,"featured_media":498,"comment_status":"closed","ping_status":"open","sticky":false,"template":"","format":"standard","meta":{"_acf_changed":false,"footnotes":""},"categories":[1],"tags":[55,52],"class_list":["post-496","post","type-post","status-publish","format-standard","has-post-thumbnail","hentry","category-uncategorized","tag-sosiaalipsykologian-paivat","tag-tunteet"],"acf":[],"yoast_head":"<!-- This site is optimized with the Yoast SEO plugin v27.3 - https:\/\/yoast.com\/product\/yoast-seo-wordpress\/ -->\n<title>Tunteet sosiaalipsykologiassa: kiinnostavia esityksi\u00e4 odotettavissa Sosiaalipsykologian p\u00e4ivill\u00e4 - Suhteellista<\/title>\n<meta name=\"robots\" content=\"index, follow, max-snippet:-1, max-image-preview:large, max-video-preview:-1\" \/>\n<link rel=\"canonical\" href=\"https:\/\/blogs.uef.fi\/suhteellista\/2025\/04\/23\/tunteet-sosiaalipsykologiassa-kiinnostavia-esityksia-odotettavissa-sosiaalipsykologian-paivilla\/\" \/>\n<meta property=\"og:locale\" content=\"fi_FI\" \/>\n<meta property=\"og:type\" content=\"article\" \/>\n<meta property=\"og:title\" content=\"Tunteet sosiaalipsykologiassa: kiinnostavia esityksi\u00e4 odotettavissa Sosiaalipsykologian p\u00e4ivill\u00e4 - Suhteellista\" \/>\n<meta property=\"og:description\" content=\"Tunteet ja niiden rooli ihmisten toiminnassa on kiehtova aihe, johon Kuopion kampuksella 14.\u201316.5.2025 j\u00e4rjestett\u00e4vill\u00e4 Sosiaalipsykologian p\u00e4ivill\u00e4 paneudutaan monien esitysten ja ty\u00f6ryhmien voimin.\" \/>\n<meta property=\"og:url\" content=\"https:\/\/blogs.uef.fi\/suhteellista\/2025\/04\/23\/tunteet-sosiaalipsykologiassa-kiinnostavia-esityksia-odotettavissa-sosiaalipsykologian-paivilla\/\" \/>\n<meta property=\"og:site_name\" content=\"Suhteellista\" \/>\n<meta property=\"article:published_time\" content=\"2025-04-23T07:10:21+00:00\" \/>\n<meta property=\"article:modified_time\" content=\"2025-06-17T07:54:51+00:00\" \/>\n<meta property=\"og:image\" content=\"https:\/\/blogs.uef.fi\/suhteellista\/wp-content\/uploads\/sites\/225\/2025\/04\/mp10399214-window-view-of-four-seasons.jpg\" \/>\n\t<meta property=\"og:image:width\" content=\"2500\" \/>\n\t<meta property=\"og:image:height\" content=\"1666\" \/>\n\t<meta property=\"og:image:type\" content=\"image\/jpeg\" \/>\n<meta name=\"author\" content=\"saralii\" \/>\n<meta name=\"twitter:card\" content=\"summary_large_image\" \/>\n<meta name=\"twitter:label1\" content=\"Kirjoittanut\" \/>\n\t<meta name=\"twitter:data1\" content=\"saralii\" \/>\n\t<meta name=\"twitter:label2\" content=\"Arvioitu lukuaika\" \/>\n\t<meta name=\"twitter:data2\" content=\"3 minuuttia\" \/>\n<script type=\"application\/ld+json\" class=\"yoast-schema-graph\">{\"@context\":\"https:\\\/\\\/schema.org\",\"@graph\":[{\"@type\":\"Article\",\"@id\":\"https:\\\/\\\/blogs.uef.fi\\\/suhteellista\\\/2025\\\/04\\\/23\\\/tunteet-sosiaalipsykologiassa-kiinnostavia-esityksia-odotettavissa-sosiaalipsykologian-paivilla\\\/#article\",\"isPartOf\":{\"@id\":\"https:\\\/\\\/blogs.uef.fi\\\/suhteellista\\\/2025\\\/04\\\/23\\\/tunteet-sosiaalipsykologiassa-kiinnostavia-esityksia-odotettavissa-sosiaalipsykologian-paivilla\\\/\"},\"author\":{\"name\":\"saralii\",\"@id\":\"https:\\\/\\\/blogs.uef.fi\\\/suhteellista\\\/#\\\/schema\\\/person\\\/34e9bc0854143939e5860f43204a5dfd\"},\"headline\":\"Tunteet sosiaalipsykologiassa: kiinnostavia esityksi\u00e4 odotettavissa Sosiaalipsykologian p\u00e4ivill\u00e4\",\"datePublished\":\"2025-04-23T07:10:21+00:00\",\"dateModified\":\"2025-06-17T07:54:51+00:00\",\"mainEntityOfPage\":{\"@id\":\"https:\\\/\\\/blogs.uef.fi\\\/suhteellista\\\/2025\\\/04\\\/23\\\/tunteet-sosiaalipsykologiassa-kiinnostavia-esityksia-odotettavissa-sosiaalipsykologian-paivilla\\\/\"},\"wordCount\":542,\"image\":{\"@id\":\"https:\\\/\\\/blogs.uef.fi\\\/suhteellista\\\/2025\\\/04\\\/23\\\/tunteet-sosiaalipsykologiassa-kiinnostavia-esityksia-odotettavissa-sosiaalipsykologian-paivilla\\\/#primaryimage\"},\"thumbnailUrl\":\"https:\\\/\\\/blogs.uef.fi\\\/suhteellista\\\/wp-content\\\/uploads\\\/sites\\\/225\\\/2025\\\/04\\\/mp10399214-window-view-of-four-seasons.jpg\",\"keywords\":[\"Sosiaalipsykologian p\u00e4iv\u00e4t\",\"Tunteet\"],\"articleSection\":[\"Uncategorized\"],\"inLanguage\":\"fi\"},{\"@type\":\"WebPage\",\"@id\":\"https:\\\/\\\/blogs.uef.fi\\\/suhteellista\\\/2025\\\/04\\\/23\\\/tunteet-sosiaalipsykologiassa-kiinnostavia-esityksia-odotettavissa-sosiaalipsykologian-paivilla\\\/\",\"url\":\"https:\\\/\\\/blogs.uef.fi\\\/suhteellista\\\/2025\\\/04\\\/23\\\/tunteet-sosiaalipsykologiassa-kiinnostavia-esityksia-odotettavissa-sosiaalipsykologian-paivilla\\\/\",\"name\":\"Tunteet sosiaalipsykologiassa: kiinnostavia esityksi\u00e4 odotettavissa Sosiaalipsykologian p\u00e4ivill\u00e4 - Suhteellista\",\"isPartOf\":{\"@id\":\"https:\\\/\\\/blogs.uef.fi\\\/suhteellista\\\/#website\"},\"primaryImageOfPage\":{\"@id\":\"https:\\\/\\\/blogs.uef.fi\\\/suhteellista\\\/2025\\\/04\\\/23\\\/tunteet-sosiaalipsykologiassa-kiinnostavia-esityksia-odotettavissa-sosiaalipsykologian-paivilla\\\/#primaryimage\"},\"image\":{\"@id\":\"https:\\\/\\\/blogs.uef.fi\\\/suhteellista\\\/2025\\\/04\\\/23\\\/tunteet-sosiaalipsykologiassa-kiinnostavia-esityksia-odotettavissa-sosiaalipsykologian-paivilla\\\/#primaryimage\"},\"thumbnailUrl\":\"https:\\\/\\\/blogs.uef.fi\\\/suhteellista\\\/wp-content\\\/uploads\\\/sites\\\/225\\\/2025\\\/04\\\/mp10399214-window-view-of-four-seasons.jpg\",\"datePublished\":\"2025-04-23T07:10:21+00:00\",\"dateModified\":\"2025-06-17T07:54:51+00:00\",\"author\":{\"@id\":\"https:\\\/\\\/blogs.uef.fi\\\/suhteellista\\\/#\\\/schema\\\/person\\\/34e9bc0854143939e5860f43204a5dfd\"},\"breadcrumb\":{\"@id\":\"https:\\\/\\\/blogs.uef.fi\\\/suhteellista\\\/2025\\\/04\\\/23\\\/tunteet-sosiaalipsykologiassa-kiinnostavia-esityksia-odotettavissa-sosiaalipsykologian-paivilla\\\/#breadcrumb\"},\"inLanguage\":\"fi\",\"potentialAction\":[{\"@type\":\"ReadAction\",\"target\":[\"https:\\\/\\\/blogs.uef.fi\\\/suhteellista\\\/2025\\\/04\\\/23\\\/tunteet-sosiaalipsykologiassa-kiinnostavia-esityksia-odotettavissa-sosiaalipsykologian-paivilla\\\/\"]}]},{\"@type\":\"ImageObject\",\"inLanguage\":\"fi\",\"@id\":\"https:\\\/\\\/blogs.uef.fi\\\/suhteellista\\\/2025\\\/04\\\/23\\\/tunteet-sosiaalipsykologiassa-kiinnostavia-esityksia-odotettavissa-sosiaalipsykologian-paivilla\\\/#primaryimage\",\"url\":\"https:\\\/\\\/blogs.uef.fi\\\/suhteellista\\\/wp-content\\\/uploads\\\/sites\\\/225\\\/2025\\\/04\\\/mp10399214-window-view-of-four-seasons.jpg\",\"contentUrl\":\"https:\\\/\\\/blogs.uef.fi\\\/suhteellista\\\/wp-content\\\/uploads\\\/sites\\\/225\\\/2025\\\/04\\\/mp10399214-window-view-of-four-seasons.jpg\",\"width\":2500,\"height\":1666,\"caption\":\"Window in home interior with view of four seasons\"},{\"@type\":\"BreadcrumbList\",\"@id\":\"https:\\\/\\\/blogs.uef.fi\\\/suhteellista\\\/2025\\\/04\\\/23\\\/tunteet-sosiaalipsykologiassa-kiinnostavia-esityksia-odotettavissa-sosiaalipsykologian-paivilla\\\/#breadcrumb\",\"itemListElement\":[{\"@type\":\"ListItem\",\"position\":1,\"name\":\"Home\",\"item\":\"https:\\\/\\\/blogs.uef.fi\\\/suhteellista\\\/\"},{\"@type\":\"ListItem\",\"position\":2,\"name\":\"Tunteet sosiaalipsykologiassa: kiinnostavia esityksi\u00e4 odotettavissa Sosiaalipsykologian p\u00e4ivill\u00e4\"}]},{\"@type\":\"WebSite\",\"@id\":\"https:\\\/\\\/blogs.uef.fi\\\/suhteellista\\\/#website\",\"url\":\"https:\\\/\\\/blogs.uef.fi\\\/suhteellista\\\/\",\"name\":\"Suhteellista\",\"description\":\"\",\"potentialAction\":[{\"@type\":\"SearchAction\",\"target\":{\"@type\":\"EntryPoint\",\"urlTemplate\":\"https:\\\/\\\/blogs.uef.fi\\\/suhteellista\\\/?s={search_term_string}\"},\"query-input\":{\"@type\":\"PropertyValueSpecification\",\"valueRequired\":true,\"valueName\":\"search_term_string\"}}],\"inLanguage\":\"fi\"},{\"@type\":\"Person\",\"@id\":\"https:\\\/\\\/blogs.uef.fi\\\/suhteellista\\\/#\\\/schema\\\/person\\\/34e9bc0854143939e5860f43204a5dfd\",\"name\":\"saralii\",\"image\":{\"@type\":\"ImageObject\",\"inLanguage\":\"fi\",\"@id\":\"https:\\\/\\\/secure.gravatar.com\\\/avatar\\\/5b376473c842317fac9b486e22f7090ca90fc8e9243e7c60a90b23d35678a9e8?s=96&d=mm&r=g\",\"url\":\"https:\\\/\\\/secure.gravatar.com\\\/avatar\\\/5b376473c842317fac9b486e22f7090ca90fc8e9243e7c60a90b23d35678a9e8?s=96&d=mm&r=g\",\"contentUrl\":\"https:\\\/\\\/secure.gravatar.com\\\/avatar\\\/5b376473c842317fac9b486e22f7090ca90fc8e9243e7c60a90b23d35678a9e8?s=96&d=mm&r=g\",\"caption\":\"saralii\"},\"url\":\"https:\\\/\\\/blogs.uef.fi\\\/suhteellista\\\/author\\\/saralii\\\/\"}]}<\/script>\n<!-- \/ Yoast SEO plugin. -->","yoast_head_json":{"title":"Tunteet sosiaalipsykologiassa: kiinnostavia esityksi\u00e4 odotettavissa Sosiaalipsykologian p\u00e4ivill\u00e4 - Suhteellista","robots":{"index":"index","follow":"follow","max-snippet":"max-snippet:-1","max-image-preview":"max-image-preview:large","max-video-preview":"max-video-preview:-1"},"canonical":"https:\/\/blogs.uef.fi\/suhteellista\/2025\/04\/23\/tunteet-sosiaalipsykologiassa-kiinnostavia-esityksia-odotettavissa-sosiaalipsykologian-paivilla\/","og_locale":"fi_FI","og_type":"article","og_title":"Tunteet sosiaalipsykologiassa: kiinnostavia esityksi\u00e4 odotettavissa Sosiaalipsykologian p\u00e4ivill\u00e4 - Suhteellista","og_description":"Tunteet ja niiden rooli ihmisten toiminnassa on kiehtova aihe, johon Kuopion kampuksella 14.\u201316.5.2025 j\u00e4rjestett\u00e4vill\u00e4 Sosiaalipsykologian p\u00e4ivill\u00e4 paneudutaan monien esitysten ja ty\u00f6ryhmien voimin.","og_url":"https:\/\/blogs.uef.fi\/suhteellista\/2025\/04\/23\/tunteet-sosiaalipsykologiassa-kiinnostavia-esityksia-odotettavissa-sosiaalipsykologian-paivilla\/","og_site_name":"Suhteellista","article_published_time":"2025-04-23T07:10:21+00:00","article_modified_time":"2025-06-17T07:54:51+00:00","og_image":[{"width":2500,"height":1666,"url":"https:\/\/blogs.uef.fi\/suhteellista\/wp-content\/uploads\/sites\/225\/2025\/04\/mp10399214-window-view-of-four-seasons.jpg","type":"image\/jpeg"}],"author":"saralii","twitter_card":"summary_large_image","twitter_misc":{"Kirjoittanut":"saralii","Arvioitu lukuaika":"3 minuuttia"},"schema":{"@context":"https:\/\/schema.org","@graph":[{"@type":"Article","@id":"https:\/\/blogs.uef.fi\/suhteellista\/2025\/04\/23\/tunteet-sosiaalipsykologiassa-kiinnostavia-esityksia-odotettavissa-sosiaalipsykologian-paivilla\/#article","isPartOf":{"@id":"https:\/\/blogs.uef.fi\/suhteellista\/2025\/04\/23\/tunteet-sosiaalipsykologiassa-kiinnostavia-esityksia-odotettavissa-sosiaalipsykologian-paivilla\/"},"author":{"name":"saralii","@id":"https:\/\/blogs.uef.fi\/suhteellista\/#\/schema\/person\/34e9bc0854143939e5860f43204a5dfd"},"headline":"Tunteet sosiaalipsykologiassa: kiinnostavia esityksi\u00e4 odotettavissa Sosiaalipsykologian p\u00e4ivill\u00e4","datePublished":"2025-04-23T07:10:21+00:00","dateModified":"2025-06-17T07:54:51+00:00","mainEntityOfPage":{"@id":"https:\/\/blogs.uef.fi\/suhteellista\/2025\/04\/23\/tunteet-sosiaalipsykologiassa-kiinnostavia-esityksia-odotettavissa-sosiaalipsykologian-paivilla\/"},"wordCount":542,"image":{"@id":"https:\/\/blogs.uef.fi\/suhteellista\/2025\/04\/23\/tunteet-sosiaalipsykologiassa-kiinnostavia-esityksia-odotettavissa-sosiaalipsykologian-paivilla\/#primaryimage"},"thumbnailUrl":"https:\/\/blogs.uef.fi\/suhteellista\/wp-content\/uploads\/sites\/225\/2025\/04\/mp10399214-window-view-of-four-seasons.jpg","keywords":["Sosiaalipsykologian p\u00e4iv\u00e4t","Tunteet"],"articleSection":["Uncategorized"],"inLanguage":"fi"},{"@type":"WebPage","@id":"https:\/\/blogs.uef.fi\/suhteellista\/2025\/04\/23\/tunteet-sosiaalipsykologiassa-kiinnostavia-esityksia-odotettavissa-sosiaalipsykologian-paivilla\/","url":"https:\/\/blogs.uef.fi\/suhteellista\/2025\/04\/23\/tunteet-sosiaalipsykologiassa-kiinnostavia-esityksia-odotettavissa-sosiaalipsykologian-paivilla\/","name":"Tunteet sosiaalipsykologiassa: kiinnostavia esityksi\u00e4 odotettavissa Sosiaalipsykologian p\u00e4ivill\u00e4 - Suhteellista","isPartOf":{"@id":"https:\/\/blogs.uef.fi\/suhteellista\/#website"},"primaryImageOfPage":{"@id":"https:\/\/blogs.uef.fi\/suhteellista\/2025\/04\/23\/tunteet-sosiaalipsykologiassa-kiinnostavia-esityksia-odotettavissa-sosiaalipsykologian-paivilla\/#primaryimage"},"image":{"@id":"https:\/\/blogs.uef.fi\/suhteellista\/2025\/04\/23\/tunteet-sosiaalipsykologiassa-kiinnostavia-esityksia-odotettavissa-sosiaalipsykologian-paivilla\/#primaryimage"},"thumbnailUrl":"https:\/\/blogs.uef.fi\/suhteellista\/wp-content\/uploads\/sites\/225\/2025\/04\/mp10399214-window-view-of-four-seasons.jpg","datePublished":"2025-04-23T07:10:21+00:00","dateModified":"2025-06-17T07:54:51+00:00","author":{"@id":"https:\/\/blogs.uef.fi\/suhteellista\/#\/schema\/person\/34e9bc0854143939e5860f43204a5dfd"},"breadcrumb":{"@id":"https:\/\/blogs.uef.fi\/suhteellista\/2025\/04\/23\/tunteet-sosiaalipsykologiassa-kiinnostavia-esityksia-odotettavissa-sosiaalipsykologian-paivilla\/#breadcrumb"},"inLanguage":"fi","potentialAction":[{"@type":"ReadAction","target":["https:\/\/blogs.uef.fi\/suhteellista\/2025\/04\/23\/tunteet-sosiaalipsykologiassa-kiinnostavia-esityksia-odotettavissa-sosiaalipsykologian-paivilla\/"]}]},{"@type":"ImageObject","inLanguage":"fi","@id":"https:\/\/blogs.uef.fi\/suhteellista\/2025\/04\/23\/tunteet-sosiaalipsykologiassa-kiinnostavia-esityksia-odotettavissa-sosiaalipsykologian-paivilla\/#primaryimage","url":"https:\/\/blogs.uef.fi\/suhteellista\/wp-content\/uploads\/sites\/225\/2025\/04\/mp10399214-window-view-of-four-seasons.jpg","contentUrl":"https:\/\/blogs.uef.fi\/suhteellista\/wp-content\/uploads\/sites\/225\/2025\/04\/mp10399214-window-view-of-four-seasons.jpg","width":2500,"height":1666,"caption":"Window in home interior with view of four seasons"},{"@type":"BreadcrumbList","@id":"https:\/\/blogs.uef.fi\/suhteellista\/2025\/04\/23\/tunteet-sosiaalipsykologiassa-kiinnostavia-esityksia-odotettavissa-sosiaalipsykologian-paivilla\/#breadcrumb","itemListElement":[{"@type":"ListItem","position":1,"name":"Home","item":"https:\/\/blogs.uef.fi\/suhteellista\/"},{"@type":"ListItem","position":2,"name":"Tunteet sosiaalipsykologiassa: kiinnostavia esityksi\u00e4 odotettavissa Sosiaalipsykologian p\u00e4ivill\u00e4"}]},{"@type":"WebSite","@id":"https:\/\/blogs.uef.fi\/suhteellista\/#website","url":"https:\/\/blogs.uef.fi\/suhteellista\/","name":"Suhteellista","description":"","potentialAction":[{"@type":"SearchAction","target":{"@type":"EntryPoint","urlTemplate":"https:\/\/blogs.uef.fi\/suhteellista\/?s={search_term_string}"},"query-input":{"@type":"PropertyValueSpecification","valueRequired":true,"valueName":"search_term_string"}}],"inLanguage":"fi"},{"@type":"Person","@id":"https:\/\/blogs.uef.fi\/suhteellista\/#\/schema\/person\/34e9bc0854143939e5860f43204a5dfd","name":"saralii","image":{"@type":"ImageObject","inLanguage":"fi","@id":"https:\/\/secure.gravatar.com\/avatar\/5b376473c842317fac9b486e22f7090ca90fc8e9243e7c60a90b23d35678a9e8?s=96&d=mm&r=g","url":"https:\/\/secure.gravatar.com\/avatar\/5b376473c842317fac9b486e22f7090ca90fc8e9243e7c60a90b23d35678a9e8?s=96&d=mm&r=g","contentUrl":"https:\/\/secure.gravatar.com\/avatar\/5b376473c842317fac9b486e22f7090ca90fc8e9243e7c60a90b23d35678a9e8?s=96&d=mm&r=g","caption":"saralii"},"url":"https:\/\/blogs.uef.fi\/suhteellista\/author\/saralii\/"}]}},"_links":{"self":[{"href":"https:\/\/blogs.uef.fi\/suhteellista\/wp-json\/wp\/v2\/posts\/496","targetHints":{"allow":["GET"]}}],"collection":[{"href":"https:\/\/blogs.uef.fi\/suhteellista\/wp-json\/wp\/v2\/posts"}],"about":[{"href":"https:\/\/blogs.uef.fi\/suhteellista\/wp-json\/wp\/v2\/types\/post"}],"author":[{"embeddable":true,"href":"https:\/\/blogs.uef.fi\/suhteellista\/wp-json\/wp\/v2\/users\/714"}],"replies":[{"embeddable":true,"href":"https:\/\/blogs.uef.fi\/suhteellista\/wp-json\/wp\/v2\/comments?post=496"}],"version-history":[{"count":1,"href":"https:\/\/blogs.uef.fi\/suhteellista\/wp-json\/wp\/v2\/posts\/496\/revisions"}],"predecessor-version":[{"id":544,"href":"https:\/\/blogs.uef.fi\/suhteellista\/wp-json\/wp\/v2\/posts\/496\/revisions\/544"}],"wp:featuredmedia":[{"embeddable":true,"href":"https:\/\/blogs.uef.fi\/suhteellista\/wp-json\/wp\/v2\/media\/498"}],"wp:attachment":[{"href":"https:\/\/blogs.uef.fi\/suhteellista\/wp-json\/wp\/v2\/media?parent=496"}],"wp:term":[{"taxonomy":"category","embeddable":true,"href":"https:\/\/blogs.uef.fi\/suhteellista\/wp-json\/wp\/v2\/categories?post=496"},{"taxonomy":"post_tag","embeddable":true,"href":"https:\/\/blogs.uef.fi\/suhteellista\/wp-json\/wp\/v2\/tags?post=496"}],"curies":[{"name":"wp","href":"https:\/\/api.w.org\/{rel}","templated":true}]}}