{"id":45,"date":"2018-08-28T11:22:04","date_gmt":"2018-08-28T11:22:04","guid":{"rendered":"https:\/\/blogs.uef.fi\/sensotra\/?p=45"},"modified":"2021-10-11T12:11:13","modified_gmt":"2021-10-11T12:11:13","slug":"sensotra-visits-brazil-encounters-from-the-coast-to-the-mountains-july-2018","status":"publish","type":"post","link":"https:\/\/blogs.uef.fi\/sensotra\/2018\/08\/28\/sensotra-visits-brazil-encounters-from-the-coast-to-the-mountains-july-2018\/","title":{"rendered":"SENSOTRA VISITS BRAZIL \u2013 Part One"},"content":{"rendered":"<p>Encounters from the coast to the mountains, July 2018<\/p>\n<p><span style=\"font-family: Calibri, sans-serif\"><i>by Inkeri Aula<\/i><\/span><span style=\"font-family: Calibri, sans-serif\"><a href=\"https:\/\/blogs.uef.fi\/sensotra\/wp-content\/uploads\/sites\/75\/2018\/08\/floripa.jpg\"><img loading=\"lazy\" decoding=\"async\" class=\"wp-image-73 alignright\" src=\"https:\/\/blogs.uef.fi\/sensotra\/wp-content\/uploads\/sites\/75\/2018\/08\/floripa-300x225.jpg\" alt=\"\" width=\"211\" height=\"158\" srcset=\"https:\/\/blogs.uef.fi\/sensotra\/wp-content\/uploads\/sites\/75\/2018\/08\/floripa-300x225.jpg 300w, https:\/\/blogs.uef.fi\/sensotra\/wp-content\/uploads\/sites\/75\/2018\/08\/floripa-768x576.jpg 768w, https:\/\/blogs.uef.fi\/sensotra\/wp-content\/uploads\/sites\/75\/2018\/08\/floripa-1024x768.jpg 1024w, https:\/\/blogs.uef.fi\/sensotra\/wp-content\/uploads\/sites\/75\/2018\/08\/floripa.jpg 1889w\" sizes=\"auto, (max-width: 211px) 100vw, 211px\" \/><\/a><\/span><\/p>\n<p align=\"center\"><span style=\"font-family: Calibri, sans-serif\"><b>Anthropological encounters: sharing insights in IUAES, Florian\u00f3polis (Santa Catarina), 16\/07 \u2013 20\/07\/2018<\/b><\/span><\/p>\n<p align=\"justify\"><span style=\"font-family: Calibri, sans-serif\">The International Union of Anthropological and Ethnological Sciences IUAES organizes a big conference every five years. SENSOTRA participated on an intense conference week 2018 hosted by the Federal University of Santa Catarina, UFSC, in Florian\u00f3polis, Brazil. <\/span><\/p>\n<div id=\"attachment_75\" style=\"width: 474px\" class=\"wp-caption aligncenter\"><a href=\"https:\/\/blogs.uef.fi\/sensotra\/wp-content\/uploads\/sites\/75\/2018\/08\/ufsc.jpg\"><img loading=\"lazy\" decoding=\"async\" aria-describedby=\"caption-attachment-75\" class=\"wp-image-75\" src=\"https:\/\/blogs.uef.fi\/sensotra\/wp-content\/uploads\/sites\/75\/2018\/08\/ufsc-300x225.jpg\" alt=\"Campus landscape.\" width=\"464\" height=\"348\" srcset=\"https:\/\/blogs.uef.fi\/sensotra\/wp-content\/uploads\/sites\/75\/2018\/08\/ufsc-300x225.jpg 300w, https:\/\/blogs.uef.fi\/sensotra\/wp-content\/uploads\/sites\/75\/2018\/08\/ufsc-768x576.jpg 768w, https:\/\/blogs.uef.fi\/sensotra\/wp-content\/uploads\/sites\/75\/2018\/08\/ufsc-1024x768.jpg 1024w, https:\/\/blogs.uef.fi\/sensotra\/wp-content\/uploads\/sites\/75\/2018\/08\/ufsc.jpg 1433w\" sizes=\"auto, (max-width: 464px) 100vw, 464px\" \/><\/a><p id=\"caption-attachment-75\" class=\"wp-caption-text\">18th IUAES World Congress \u201cWorld (of) Encounters: The Past, Present and Future of Anthropological Knowledge\u201d. https:\/\/www.iuaes2018.org\/<\/p><\/div>\n<p align=\"justify\"><span style=\"font-family: Calibri, sans-serif\">The conference counted with ca. 2000 participants from different continents taking part in 200 open panels, in addition to keynote lectures, plenaries, closed panels, book launches, workshops, exhibitions and excursions (\u201danthropological experiences\u201d) to different destinations. <\/span><\/p>\n<div id=\"attachment_93\" style=\"width: 189px\" class=\"wp-caption alignright\"><a href=\"https:\/\/blogs.uef.fi\/sensotra\/wp-content\/uploads\/sites\/75\/2018\/08\/ufsc2-1.jpg\"><img loading=\"lazy\" decoding=\"async\" aria-describedby=\"caption-attachment-93\" class=\"wp-image-93\" src=\"https:\/\/blogs.uef.fi\/sensotra\/wp-content\/uploads\/sites\/75\/2018\/08\/ufsc2-1-300x231.jpg\" alt=\"Campus, graffiti with indigenous topics.\" width=\"179\" height=\"128\" \/><\/a><p id=\"caption-attachment-93\" class=\"wp-caption-text\">UFSC campus is a renown center of anthropological knowledge. In Brazil, anthropology is much involved in the difficult processes of recognizing the rights of indigenous minorities.<\/p><\/div>\n<p align=\"justify\"><span style=\"font-family: Calibri, sans-serif\">SENSOTRA was officially presented in two panels. <\/span><span style=\"font-family: Calibri, sans-serif\"><span style=\"font-size: medium\">In an open panel, \u201cCirculation of body techniques and cultural and artistic performances in a context of human mobility\u201d, I presented how I&#8217;ve developed my previous research about the Afro-Brazilian fight-game-art of capoeira with the theoretical elaborations of a nonrepresentational approach to the concept of mediation in SENSOTRA, under the title \u201cSensory mediation of ancestrality\u201d. It was truly a privilege to join a panel of senior researchers who know the same field thoroughly.<\/span><\/span><\/p>\n<p align=\"justify\"><span style=\"font-family: Calibri, sans-serif\"><span style=\"font-size: medium\">Open panel no 156, \u201dSensorial ethnography and digital worlds: music practices in real and virtual spaces\u201d was convened by SENSOTRA. The panel had around 25 spectators who engaged in active discussion on, among other things, the situationality of sensory perception, embodiment of memories and multisensory methods. <\/span><\/span><span style=\"font-family: Calibri, sans-serif\"><span style=\"font-size: medium\">With the dictatorial powers of the only convenor present, I took the first presentation slot to myself for presenting the project, our theoretical approaches and the sensobiographic methodology. After questions from the audience, Dr. Ikbal Hamzaoui from the Institut Sup\u00e9rieur de Musique de Tunis, led us to a world of sound affinities shared by Mexican and Tunisian musicians: artists from continents apart expressed sensing an intense similarity (or as our researcher Sonja P\u00f6ll\u00e4nen would call it, \u2019likeness\u2019) with each others music. Last, Dr. Mihai Leaha presented his novel research at the University of S\u00e3o Paulo, with similar key approaches as those embraced by SENSOTRA, on how multisensory interactions situationally form embodied experiences of local participation. In this case, the context was a multisensory ethnography in both actual and virtual environments of a <span style=\"color: #000000\">Do-it-Yourself music <\/span><span style=\"color: #000000\">and club <\/span><span style=\"color: #000000\">scene<\/span><span style=\"color: #000000\">.<\/span><\/span><\/span><\/p>\n<p align=\"justify\"><span style=\"font-family: Calibri, sans-serif\"><span style=\"font-size: medium\"><span lang=\"en-GB\">Some other panels <\/span><\/span><\/span><span style=\"font-family: Calibri, sans-serif\"><span style=\"font-size: medium\"><span lang=\"en-GB\">also related to our themes<\/span><\/span><\/span><span style=\"font-family: Calibri, sans-serif\"><span style=\"font-size: medium\"><span lang=\"en-GB\">, such as \u201cSensing Difference: urban ethnographies os familiarity and estrangement\u201d. <\/span><\/span><\/span><span style=\"font-family: Calibri, sans-serif\"><span style=\"font-size: medium\"><span lang=\"en-GB\">During <\/span><\/span><\/span><span style=\"font-family: Calibri, sans-serif\"><span style=\"font-size: medium\"><span lang=\"en-GB\">all the<\/span><\/span><\/span><span style=\"font-family: Calibri, sans-serif\"><span style=\"font-size: medium\"><span lang=\"en-GB\"> week, encounters with different scholars of cultural research once again demonstrated the wide relevance of studying sensory transformations in the contemporary relationships with the environment. <\/span><\/span><\/span><span style=\"font-family: Calibri, sans-serif\"><span style=\"font-size: medium\"><span lang=\"en-GB\">Many<\/span><\/span><\/span><span style=\"font-family: Calibri, sans-serif\"><span style=\"font-size: medium\"><span lang=\"en-GB\"> intriguing discussions on the human body <\/span><\/span><\/span><span style=\"font-family: Calibri, sans-serif\"><span style=\"font-size: medium\"><span lang=\"en-GB\">and<\/span><\/span><\/span><span style=\"font-family: Calibri, sans-serif\"><span style=\"font-size: medium\"><span lang=\"en-GB\"> movement, sound of language, endangered sustainability of livelihoods, <\/span><\/span><\/span><span style=\"font-family: Calibri, sans-serif\"><span style=\"font-size: medium\"><span lang=\"en-GB\">and<\/span><\/span><\/span><span style=\"font-family: Calibri, sans-serif\"><span style=\"font-size: medium\"><span lang=\"en-GB\"> urban histor<\/span><\/span><\/span><span style=\"font-family: Calibri, sans-serif\"><span style=\"font-size: medium\"><span lang=\"en-GB\">ies<\/span><\/span><\/span><span style=\"font-family: Calibri, sans-serif\"><span style=\"font-size: medium\"><span lang=\"en-GB\">.<\/span><\/span><\/span><\/p>\n<div id=\"attachment_71\" style=\"width: 482px\" class=\"wp-caption aligncenter\"><a href=\"https:\/\/blogs.uef.fi\/sensotra\/wp-content\/uploads\/sites\/75\/2018\/08\/quilombo.jpg\"><img loading=\"lazy\" decoding=\"async\" aria-describedby=\"caption-attachment-71\" class=\"wp-image-71\" src=\"https:\/\/blogs.uef.fi\/sensotra\/wp-content\/uploads\/sites\/75\/2018\/08\/quilombo-300x225.jpg\" alt=\"Vegetable garden with mountain landscape at the back.\" width=\"472\" height=\"354\" srcset=\"https:\/\/blogs.uef.fi\/sensotra\/wp-content\/uploads\/sites\/75\/2018\/08\/quilombo-300x225.jpg 300w, https:\/\/blogs.uef.fi\/sensotra\/wp-content\/uploads\/sites\/75\/2018\/08\/quilombo-768x576.jpg 768w, https:\/\/blogs.uef.fi\/sensotra\/wp-content\/uploads\/sites\/75\/2018\/08\/quilombo-1024x768.jpg 1024w\" sizes=\"auto, (max-width: 472px) 100vw, 472px\" \/><\/a><p id=\"caption-attachment-71\" class=\"wp-caption-text\">Rural black quilombola communities date to times of resistance against slavery. Most of them suffer on land grabbing and severe discrimination \u2013 quilombolas are on world top of murdered environmental activists. In Quilombo do Fortunato (SC), visited by IUAES, the situation is peaceful and the community produces organic goods in a sustainable toxic-free manner.<\/p><\/div>\n<p>&nbsp;<\/p>\n<div id=\"attachment_79\" style=\"width: 484px\" class=\"wp-caption aligncenter\"><a href=\"https:\/\/blogs.uef.fi\/sensotra\/wp-content\/uploads\/sites\/75\/2018\/08\/iuaes-end.jpg\"><img loading=\"lazy\" decoding=\"async\" aria-describedby=\"caption-attachment-79\" class=\"wp-image-79\" src=\"https:\/\/blogs.uef.fi\/sensotra\/wp-content\/uploads\/sites\/75\/2018\/08\/iuaes-end-300x225.jpg\" alt=\"People doing circle dances.\" width=\"474\" height=\"356\" srcset=\"https:\/\/blogs.uef.fi\/sensotra\/wp-content\/uploads\/sites\/75\/2018\/08\/iuaes-end-300x225.jpg 300w, https:\/\/blogs.uef.fi\/sensotra\/wp-content\/uploads\/sites\/75\/2018\/08\/iuaes-end-768x576.jpg 768w, https:\/\/blogs.uef.fi\/sensotra\/wp-content\/uploads\/sites\/75\/2018\/08\/iuaes-end-1024x768.jpg 1024w, https:\/\/blogs.uef.fi\/sensotra\/wp-content\/uploads\/sites\/75\/2018\/08\/iuaes-end.jpg 1448w\" sizes=\"auto, (max-width: 474px) 100vw, 474px\" \/><\/a><p id=\"caption-attachment-79\" class=\"wp-caption-text\">After the official closing ceremony of the 18th IUAES congress, participants were called for circle dances, one to my amusement performed to a Finnish song \u201cSuvetar\u201d by Gjallarhorn.<\/p><\/div>\n<p align=\"justify\"><span style=\"font-family: Calibri, sans-serif\"><span style=\"font-size: medium\">\u00a0<\/span><\/span><\/p>\n<p align=\"center\"><span style=\"font-family: Calibri, sans-serif\"><span style=\"font-size: medium\"><b>RESEARCH COOPERATION AND SENSORY MEMORIES: <\/b><\/span><\/span><span style=\"font-family: Calibri, sans-serif\"><span style=\"font-size: medium\"><b>ARRIVING IN BELO HORIZONTE (MINAS GERAIS)<\/b><\/span><\/span><\/p>\n<h2><a href=\"https:\/\/blogs.uef.fi\/sensotra\/wp-content\/uploads\/sites\/75\/2018\/08\/20180721_174428-e1535444233329.jpg\"><img loading=\"lazy\" decoding=\"async\" class=\"aligncenter wp-image-53\" src=\"https:\/\/blogs.uef.fi\/sensotra\/wp-content\/uploads\/sites\/75\/2018\/08\/20180721_174428-300x169.jpg\" alt=\"\" width=\"639\" height=\"360\" \/><\/a><\/h2>\n<p align=\"justify\"><span style=\"font-family: Calibri, sans-serif\"><span style=\"font-size: medium\">Memory has a curious relationship with place. When you return to a place that has been significant to you years before, past moods and experiences, entangled with the environment, suddenly become active in the present moment. This is a key reason for Helmi J\u00e4rviluoma\u2019s method of sensobiographic walks, that brings interviewees to walk routes of their youth. I travelled to Belo Horizonte for cooperating with local researchers in the UFMG university and to introduce the sensobiographic walking method in Brazil, but it was also a journey to personal memories. I lived in Belo Horizonte as a student in 1995-96, and since have returned there twice. It is a city of 2,5 million inhabitants amidst the mountains full of minerals and gems, in the state named consequently Minas Gerais, &#8216;general mines&#8217;. The landscape I had not seen for eight years looked and felt powerfully like home, although it is as different as can be from the flat archipelago of Turku. <\/span><\/span><\/p>\n<p align=\"justify\"><span style=\"font-family: Calibri, sans-serif\"><span style=\"font-size: medium\">Received by the director of the department of Information Sciences, Terezinha Carvalho de Souza, I began to learn about Brazilian research in the federal university of UFMG. Otherwise the university staff was still on winter holiday, and the political situation continues very difficult for all social research following the coup d\u2019etat by a non-elected government introducing severe cuts in all levels of education. The excursions that I had planned for introducing the sensobiographic walking ethnography in rural communities affected by mining industries around the city had be cancelled, as the receiving project in media studies had ran out of funds to do anything at all. In the beginning of August was given a new decision on cutting down completely the funding system for post-graduate studies in the country, threatening the very existence of the majority of ongoing research project and doctoral programs. This is very alarming in a country, where the most popular candidate for October\u2019s presidential elections is in prison for contested charges, his main rivals praises military dictatorship, and already underfunded education has suffered severe cuts.<\/span><\/span><\/p>\n<p align=\"justify\"><span style=\"font-family: Calibri, sans-serif\"><span style=\"font-size: medium\">The transformations of lived environment affect local people\u2019s memory everywhere. In 2015 the fifth major river of South America, the sweet Rio Doce was devastated by a mining dam collapse, killing people and all life in the river, and destroying livelihoods of a number of communities, including the indigenous Krenak people. I learned that the population of the destroyed village Bento Rodrigues have themselves initiated monthly \u201csensory memory walks\u201d to the site. They ring the alarm that was not ringing when the poisonous flood came down on the town, and having lost all their material belongings, tell stories to each other to remember their past drowned by the worst environmental disaster in Brazilian history. <\/span><\/span><\/p>\n<p align=\"justify\"><span style=\"font-family: Calibri, sans-serif\"><span style=\"font-size: medium\">Places that guard their natural beauty also require attention. In the beautiful mountains full of rock crystals in the Serra do Cip\u00f3 I got acquainted with not only local village life but also collective endeavours of reclaiming what was called \u201cmystical cartographies\u201d: the mapping of sacred walking paths between waterfalls and other marveillous sites in the national reserve.<\/span><\/span><\/p>\n<p style=\"text-align: center\"><strong><span style=\"font-family: Calibri, sans-serif\"><span style=\"font-size: medium\">SENSORY WALKING<\/span><\/span><\/strong><\/p>\n<p align=\"justify\"><span style=\"font-family: Calibri, sans-serif\"><span style=\"font-size: medium\">In cooperation with a research network <a href=\"http:\/\/neppamcs.eci.ufmg.br\/\">NEPPAMCS \u2013 N\u00facleo de Estudos Sobre Performance, Patrim\u00f4nio e Media\u00e7\u00f5es Culturais da UFMG<\/a> I organized a Sensory walk workshop in a public park near to the state\u2019s federal university. The Lagoa do Nado has a history as a private colonial estate that became a recreational area, defended by a local population\u2019s movement against municipal plans of constructing condominiums. The movement was victorious and today the park is a breathing hole amidst busy roads, with 4 km of walking paths, a little lake, a cultural center and sports areas.<\/span><\/span><\/p>\n<p align=\"justify\"><span style=\"font-family: Calibri, sans-serif\"><span style=\"font-size: medium\">With a small group of students and researchers we walked a route I had previously chosen in the park. We met first in the second floor on a cultural center, functioning as an exhibition space, and returned there after the walk. The park was full of kids engaged in \u201choliday school\u201d activities on a Friday afternoon. In the following compilation you can get a glimpse of the colorful atmosphere we encountered in the park. I was holding the camera in my hand and the fisheye effect distorts the image, but it also allows you to see better around. The instruction was not to talk or take photographs, but simply to concentrate on sensory perceptions of the environment.<\/span><\/span><\/p>\n<p><iframe loading=\"lazy\" title=\"SENSORY WALK BH 2018 sample\" width=\"500\" height=\"281\" src=\"https:\/\/www.youtube.com\/embed\/ZEVI6EaQLdg?feature=oembed\" frameborder=\"0\" allow=\"accelerometer; autoplay; clipboard-write; encrypted-media; gyroscope; picture-in-picture; web-share\" referrerpolicy=\"strict-origin-when-cross-origin\" allowfullscreen><\/iframe><\/p>\n<p align=\"justify\"><span style=\"font-family: Calibri, sans-serif\"><span style=\"font-size: medium\">After the walk the experience was discussed in a talking circle. The environment was so busy that many of us had a hard time in concentrating on the sensory observation. We discussed relationship with places, nature, urban green areas and sensory memories. Prof. Rubens Alves da Silva shared many insights on the diverse levels and interaction between observation, participation, relating with the locality and performing a group activity as an anthropologist. A student participant told us that she had never taken a step on the forest path before, as she had always been taught there\u2019s dangerous. The workshop, thus, literally opened new paths of experience.<\/span><\/span><\/p>\n<p><span style=\"font-family: Calibri, sans-serif\"><span style=\"font-size: medium\">\u00a0<\/span><\/span><\/p>\n<p>&nbsp;<\/p>\n","protected":false},"excerpt":{"rendered":"<p>Encounters from the coast to the mountains, July 2018 by Inkeri Aula Anthropological encounters: sharing insights in IUAES, Florian\u00f3polis (Santa Catarina), 16\/07 \u2013 20\/07\/2018 The International Union of Anthropological and Ethnological Sciences IUAES organizes a big conference every five years. SENSOTRA participated on an intense conference week 2018 hosted by the Federal University of Santa [&hellip;]<\/p>\n","protected":false},"author":203,"featured_media":0,"comment_status":"closed","ping_status":"closed","sticky":false,"template":"","format":"standard","meta":{"_acf_changed":false,"footnotes":""},"categories":[25],"tags":[],"class_list":["post-45","post","type-post","status-publish","format-standard","hentry","category-inkeri-aula"],"acf":[],"yoast_head":"<!-- This site is optimized with the Yoast SEO plugin v27.3 - https:\/\/yoast.com\/product\/yoast-seo-wordpress\/ -->\n<title>SENSOTRA VISITS BRAZIL \u2013 Part One - Sensory transformations - SENSOTRA<\/title>\n<meta name=\"robots\" content=\"index, follow, max-snippet:-1, max-image-preview:large, max-video-preview:-1\" \/>\n<link rel=\"canonical\" href=\"https:\/\/blogs.uef.fi\/sensotra\/2018\/08\/28\/sensotra-visits-brazil-encounters-from-the-coast-to-the-mountains-july-2018\/\" \/>\n<meta property=\"og:locale\" content=\"en_US\" \/>\n<meta property=\"og:type\" content=\"article\" \/>\n<meta property=\"og:title\" content=\"SENSOTRA VISITS BRAZIL \u2013 Part One - Sensory transformations - SENSOTRA\" \/>\n<meta property=\"og:description\" content=\"Encounters from the coast to the mountains, July 2018 by Inkeri Aula Anthropological encounters: sharing insights in IUAES, Florian\u00f3polis (Santa Catarina), 16\/07 \u2013 20\/07\/2018 The International Union of Anthropological and Ethnological Sciences IUAES organizes a big conference every five years. SENSOTRA participated on an intense conference week 2018 hosted by the Federal University of Santa [&hellip;]\" \/>\n<meta property=\"og:url\" content=\"https:\/\/blogs.uef.fi\/sensotra\/2018\/08\/28\/sensotra-visits-brazil-encounters-from-the-coast-to-the-mountains-july-2018\/\" \/>\n<meta property=\"og:site_name\" content=\"Sensory transformations - SENSOTRA\" \/>\n<meta property=\"article:published_time\" content=\"2018-08-28T11:22:04+00:00\" \/>\n<meta property=\"article:modified_time\" content=\"2021-10-11T12:11:13+00:00\" \/>\n<meta property=\"og:image\" content=\"https:\/\/blogs.uef.fi\/sensotra\/wp-content\/uploads\/sites\/75\/2018\/08\/floripa-300x225.jpg\" \/>\n<meta name=\"author\" content=\"Inkeri\" \/>\n<meta name=\"twitter:card\" content=\"summary_large_image\" \/>\n<meta name=\"twitter:label1\" content=\"Written by\" \/>\n\t<meta name=\"twitter:data1\" content=\"Inkeri\" \/>\n\t<meta name=\"twitter:label2\" content=\"Est. reading time\" \/>\n\t<meta name=\"twitter:data2\" content=\"7 minutes\" \/>\n<script type=\"application\/ld+json\" class=\"yoast-schema-graph\">{\"@context\":\"https:\\\/\\\/schema.org\",\"@graph\":[{\"@type\":\"Article\",\"@id\":\"https:\\\/\\\/blogs.uef.fi\\\/sensotra\\\/2018\\\/08\\\/28\\\/sensotra-visits-brazil-encounters-from-the-coast-to-the-mountains-july-2018\\\/#article\",\"isPartOf\":{\"@id\":\"https:\\\/\\\/blogs.uef.fi\\\/sensotra\\\/2018\\\/08\\\/28\\\/sensotra-visits-brazil-encounters-from-the-coast-to-the-mountains-july-2018\\\/\"},\"author\":{\"name\":\"Inkeri\",\"@id\":\"https:\\\/\\\/blogs.uef.fi\\\/sensotra\\\/#\\\/schema\\\/person\\\/f10bb17be1fc799f01de893274ccbc12\"},\"headline\":\"SENSOTRA VISITS BRAZIL \u2013 Part One\",\"datePublished\":\"2018-08-28T11:22:04+00:00\",\"dateModified\":\"2021-10-11T12:11:13+00:00\",\"mainEntityOfPage\":{\"@id\":\"https:\\\/\\\/blogs.uef.fi\\\/sensotra\\\/2018\\\/08\\\/28\\\/sensotra-visits-brazil-encounters-from-the-coast-to-the-mountains-july-2018\\\/\"},\"wordCount\":1438,\"image\":{\"@id\":\"https:\\\/\\\/blogs.uef.fi\\\/sensotra\\\/2018\\\/08\\\/28\\\/sensotra-visits-brazil-encounters-from-the-coast-to-the-mountains-july-2018\\\/#primaryimage\"},\"thumbnailUrl\":\"https:\\\/\\\/blogs.uef.fi\\\/sensotra\\\/wp-content\\\/uploads\\\/sites\\\/75\\\/2018\\\/08\\\/floripa-300x225.jpg\",\"articleSection\":[\"Inkeri Aula\"],\"inLanguage\":\"en-US\"},{\"@type\":\"WebPage\",\"@id\":\"https:\\\/\\\/blogs.uef.fi\\\/sensotra\\\/2018\\\/08\\\/28\\\/sensotra-visits-brazil-encounters-from-the-coast-to-the-mountains-july-2018\\\/\",\"url\":\"https:\\\/\\\/blogs.uef.fi\\\/sensotra\\\/2018\\\/08\\\/28\\\/sensotra-visits-brazil-encounters-from-the-coast-to-the-mountains-july-2018\\\/\",\"name\":\"SENSOTRA VISITS BRAZIL \u2013 Part One - Sensory transformations - SENSOTRA\",\"isPartOf\":{\"@id\":\"https:\\\/\\\/blogs.uef.fi\\\/sensotra\\\/#website\"},\"primaryImageOfPage\":{\"@id\":\"https:\\\/\\\/blogs.uef.fi\\\/sensotra\\\/2018\\\/08\\\/28\\\/sensotra-visits-brazil-encounters-from-the-coast-to-the-mountains-july-2018\\\/#primaryimage\"},\"image\":{\"@id\":\"https:\\\/\\\/blogs.uef.fi\\\/sensotra\\\/2018\\\/08\\\/28\\\/sensotra-visits-brazil-encounters-from-the-coast-to-the-mountains-july-2018\\\/#primaryimage\"},\"thumbnailUrl\":\"https:\\\/\\\/blogs.uef.fi\\\/sensotra\\\/wp-content\\\/uploads\\\/sites\\\/75\\\/2018\\\/08\\\/floripa-300x225.jpg\",\"datePublished\":\"2018-08-28T11:22:04+00:00\",\"dateModified\":\"2021-10-11T12:11:13+00:00\",\"author\":{\"@id\":\"https:\\\/\\\/blogs.uef.fi\\\/sensotra\\\/#\\\/schema\\\/person\\\/f10bb17be1fc799f01de893274ccbc12\"},\"breadcrumb\":{\"@id\":\"https:\\\/\\\/blogs.uef.fi\\\/sensotra\\\/2018\\\/08\\\/28\\\/sensotra-visits-brazil-encounters-from-the-coast-to-the-mountains-july-2018\\\/#breadcrumb\"},\"inLanguage\":\"en-US\",\"potentialAction\":[{\"@type\":\"ReadAction\",\"target\":[\"https:\\\/\\\/blogs.uef.fi\\\/sensotra\\\/2018\\\/08\\\/28\\\/sensotra-visits-brazil-encounters-from-the-coast-to-the-mountains-july-2018\\\/\"]}]},{\"@type\":\"ImageObject\",\"inLanguage\":\"en-US\",\"@id\":\"https:\\\/\\\/blogs.uef.fi\\\/sensotra\\\/2018\\\/08\\\/28\\\/sensotra-visits-brazil-encounters-from-the-coast-to-the-mountains-july-2018\\\/#primaryimage\",\"url\":\"https:\\\/\\\/blogs.uef.fi\\\/sensotra\\\/wp-content\\\/uploads\\\/sites\\\/75\\\/2018\\\/08\\\/floripa.jpg\",\"contentUrl\":\"https:\\\/\\\/blogs.uef.fi\\\/sensotra\\\/wp-content\\\/uploads\\\/sites\\\/75\\\/2018\\\/08\\\/floripa.jpg\",\"width\":1889,\"height\":1417},{\"@type\":\"BreadcrumbList\",\"@id\":\"https:\\\/\\\/blogs.uef.fi\\\/sensotra\\\/2018\\\/08\\\/28\\\/sensotra-visits-brazil-encounters-from-the-coast-to-the-mountains-july-2018\\\/#breadcrumb\",\"itemListElement\":[{\"@type\":\"ListItem\",\"position\":1,\"name\":\"Home\",\"item\":\"https:\\\/\\\/blogs.uef.fi\\\/sensotra\\\/\"},{\"@type\":\"ListItem\",\"position\":2,\"name\":\"SENSOTRA VISITS BRAZIL \u2013 Part One\"}]},{\"@type\":\"WebSite\",\"@id\":\"https:\\\/\\\/blogs.uef.fi\\\/sensotra\\\/#website\",\"url\":\"https:\\\/\\\/blogs.uef.fi\\\/sensotra\\\/\",\"name\":\"Sensory transformations - SENSOTRA\",\"description\":\"\",\"potentialAction\":[{\"@type\":\"SearchAction\",\"target\":{\"@type\":\"EntryPoint\",\"urlTemplate\":\"https:\\\/\\\/blogs.uef.fi\\\/sensotra\\\/?s={search_term_string}\"},\"query-input\":{\"@type\":\"PropertyValueSpecification\",\"valueRequired\":true,\"valueName\":\"search_term_string\"}}],\"inLanguage\":\"en-US\"},{\"@type\":\"Person\",\"@id\":\"https:\\\/\\\/blogs.uef.fi\\\/sensotra\\\/#\\\/schema\\\/person\\\/f10bb17be1fc799f01de893274ccbc12\",\"name\":\"Inkeri\",\"sameAs\":[\"http:\\\/\\\/www.uef.fi\\\/en\\\/web\\\/sensotra\\\/home\"],\"url\":\"https:\\\/\\\/blogs.uef.fi\\\/sensotra\\\/author\\\/inkeria\\\/\"}]}<\/script>\n<!-- \/ Yoast SEO plugin. -->","yoast_head_json":{"title":"SENSOTRA VISITS BRAZIL \u2013 Part One - Sensory transformations - SENSOTRA","robots":{"index":"index","follow":"follow","max-snippet":"max-snippet:-1","max-image-preview":"max-image-preview:large","max-video-preview":"max-video-preview:-1"},"canonical":"https:\/\/blogs.uef.fi\/sensotra\/2018\/08\/28\/sensotra-visits-brazil-encounters-from-the-coast-to-the-mountains-july-2018\/","og_locale":"en_US","og_type":"article","og_title":"SENSOTRA VISITS BRAZIL \u2013 Part One - Sensory transformations - SENSOTRA","og_description":"Encounters from the coast to the mountains, July 2018 by Inkeri Aula Anthropological encounters: sharing insights in IUAES, Florian\u00f3polis (Santa Catarina), 16\/07 \u2013 20\/07\/2018 The International Union of Anthropological and Ethnological Sciences IUAES organizes a big conference every five years. SENSOTRA participated on an intense conference week 2018 hosted by the Federal University of Santa [&hellip;]","og_url":"https:\/\/blogs.uef.fi\/sensotra\/2018\/08\/28\/sensotra-visits-brazil-encounters-from-the-coast-to-the-mountains-july-2018\/","og_site_name":"Sensory transformations - SENSOTRA","article_published_time":"2018-08-28T11:22:04+00:00","article_modified_time":"2021-10-11T12:11:13+00:00","og_image":[{"url":"https:\/\/blogs.uef.fi\/sensotra\/wp-content\/uploads\/sites\/75\/2018\/08\/floripa-300x225.jpg","type":"","width":"","height":""}],"author":"Inkeri","twitter_card":"summary_large_image","twitter_misc":{"Written by":"Inkeri","Est. reading time":"7 minutes"},"schema":{"@context":"https:\/\/schema.org","@graph":[{"@type":"Article","@id":"https:\/\/blogs.uef.fi\/sensotra\/2018\/08\/28\/sensotra-visits-brazil-encounters-from-the-coast-to-the-mountains-july-2018\/#article","isPartOf":{"@id":"https:\/\/blogs.uef.fi\/sensotra\/2018\/08\/28\/sensotra-visits-brazil-encounters-from-the-coast-to-the-mountains-july-2018\/"},"author":{"name":"Inkeri","@id":"https:\/\/blogs.uef.fi\/sensotra\/#\/schema\/person\/f10bb17be1fc799f01de893274ccbc12"},"headline":"SENSOTRA VISITS BRAZIL \u2013 Part One","datePublished":"2018-08-28T11:22:04+00:00","dateModified":"2021-10-11T12:11:13+00:00","mainEntityOfPage":{"@id":"https:\/\/blogs.uef.fi\/sensotra\/2018\/08\/28\/sensotra-visits-brazil-encounters-from-the-coast-to-the-mountains-july-2018\/"},"wordCount":1438,"image":{"@id":"https:\/\/blogs.uef.fi\/sensotra\/2018\/08\/28\/sensotra-visits-brazil-encounters-from-the-coast-to-the-mountains-july-2018\/#primaryimage"},"thumbnailUrl":"https:\/\/blogs.uef.fi\/sensotra\/wp-content\/uploads\/sites\/75\/2018\/08\/floripa-300x225.jpg","articleSection":["Inkeri Aula"],"inLanguage":"en-US"},{"@type":"WebPage","@id":"https:\/\/blogs.uef.fi\/sensotra\/2018\/08\/28\/sensotra-visits-brazil-encounters-from-the-coast-to-the-mountains-july-2018\/","url":"https:\/\/blogs.uef.fi\/sensotra\/2018\/08\/28\/sensotra-visits-brazil-encounters-from-the-coast-to-the-mountains-july-2018\/","name":"SENSOTRA VISITS BRAZIL \u2013 Part One - Sensory transformations - SENSOTRA","isPartOf":{"@id":"https:\/\/blogs.uef.fi\/sensotra\/#website"},"primaryImageOfPage":{"@id":"https:\/\/blogs.uef.fi\/sensotra\/2018\/08\/28\/sensotra-visits-brazil-encounters-from-the-coast-to-the-mountains-july-2018\/#primaryimage"},"image":{"@id":"https:\/\/blogs.uef.fi\/sensotra\/2018\/08\/28\/sensotra-visits-brazil-encounters-from-the-coast-to-the-mountains-july-2018\/#primaryimage"},"thumbnailUrl":"https:\/\/blogs.uef.fi\/sensotra\/wp-content\/uploads\/sites\/75\/2018\/08\/floripa-300x225.jpg","datePublished":"2018-08-28T11:22:04+00:00","dateModified":"2021-10-11T12:11:13+00:00","author":{"@id":"https:\/\/blogs.uef.fi\/sensotra\/#\/schema\/person\/f10bb17be1fc799f01de893274ccbc12"},"breadcrumb":{"@id":"https:\/\/blogs.uef.fi\/sensotra\/2018\/08\/28\/sensotra-visits-brazil-encounters-from-the-coast-to-the-mountains-july-2018\/#breadcrumb"},"inLanguage":"en-US","potentialAction":[{"@type":"ReadAction","target":["https:\/\/blogs.uef.fi\/sensotra\/2018\/08\/28\/sensotra-visits-brazil-encounters-from-the-coast-to-the-mountains-july-2018\/"]}]},{"@type":"ImageObject","inLanguage":"en-US","@id":"https:\/\/blogs.uef.fi\/sensotra\/2018\/08\/28\/sensotra-visits-brazil-encounters-from-the-coast-to-the-mountains-july-2018\/#primaryimage","url":"https:\/\/blogs.uef.fi\/sensotra\/wp-content\/uploads\/sites\/75\/2018\/08\/floripa.jpg","contentUrl":"https:\/\/blogs.uef.fi\/sensotra\/wp-content\/uploads\/sites\/75\/2018\/08\/floripa.jpg","width":1889,"height":1417},{"@type":"BreadcrumbList","@id":"https:\/\/blogs.uef.fi\/sensotra\/2018\/08\/28\/sensotra-visits-brazil-encounters-from-the-coast-to-the-mountains-july-2018\/#breadcrumb","itemListElement":[{"@type":"ListItem","position":1,"name":"Home","item":"https:\/\/blogs.uef.fi\/sensotra\/"},{"@type":"ListItem","position":2,"name":"SENSOTRA VISITS BRAZIL \u2013 Part One"}]},{"@type":"WebSite","@id":"https:\/\/blogs.uef.fi\/sensotra\/#website","url":"https:\/\/blogs.uef.fi\/sensotra\/","name":"Sensory transformations - SENSOTRA","description":"","potentialAction":[{"@type":"SearchAction","target":{"@type":"EntryPoint","urlTemplate":"https:\/\/blogs.uef.fi\/sensotra\/?s={search_term_string}"},"query-input":{"@type":"PropertyValueSpecification","valueRequired":true,"valueName":"search_term_string"}}],"inLanguage":"en-US"},{"@type":"Person","@id":"https:\/\/blogs.uef.fi\/sensotra\/#\/schema\/person\/f10bb17be1fc799f01de893274ccbc12","name":"Inkeri","sameAs":["http:\/\/www.uef.fi\/en\/web\/sensotra\/home"],"url":"https:\/\/blogs.uef.fi\/sensotra\/author\/inkeria\/"}]}},"_links":{"self":[{"href":"https:\/\/blogs.uef.fi\/sensotra\/wp-json\/wp\/v2\/posts\/45","targetHints":{"allow":["GET"]}}],"collection":[{"href":"https:\/\/blogs.uef.fi\/sensotra\/wp-json\/wp\/v2\/posts"}],"about":[{"href":"https:\/\/blogs.uef.fi\/sensotra\/wp-json\/wp\/v2\/types\/post"}],"author":[{"embeddable":true,"href":"https:\/\/blogs.uef.fi\/sensotra\/wp-json\/wp\/v2\/users\/203"}],"replies":[{"embeddable":true,"href":"https:\/\/blogs.uef.fi\/sensotra\/wp-json\/wp\/v2\/comments?post=45"}],"version-history":[{"count":3,"href":"https:\/\/blogs.uef.fi\/sensotra\/wp-json\/wp\/v2\/posts\/45\/revisions"}],"predecessor-version":[{"id":1006,"href":"https:\/\/blogs.uef.fi\/sensotra\/wp-json\/wp\/v2\/posts\/45\/revisions\/1006"}],"wp:attachment":[{"href":"https:\/\/blogs.uef.fi\/sensotra\/wp-json\/wp\/v2\/media?parent=45"}],"wp:term":[{"taxonomy":"category","embeddable":true,"href":"https:\/\/blogs.uef.fi\/sensotra\/wp-json\/wp\/v2\/categories?post=45"},{"taxonomy":"post_tag","embeddable":true,"href":"https:\/\/blogs.uef.fi\/sensotra\/wp-json\/wp\/v2\/tags?post=45"}],"curies":[{"name":"wp","href":"https:\/\/api.w.org\/{rel}","templated":true}]}}