{"id":430,"date":"2020-03-24T15:01:52","date_gmt":"2020-03-24T15:01:52","guid":{"rendered":"https:\/\/blogs.uef.fi\/sensotra\/?p=430"},"modified":"2021-10-04T11:20:10","modified_gmt":"2021-10-04T11:20:10","slug":"art-and-activism-constructing-urban-sensory-environments","status":"publish","type":"post","link":"https:\/\/blogs.uef.fi\/sensotra\/2020\/03\/24\/art-and-activism-constructing-urban-sensory-environments\/","title":{"rendered":"Art and Activism Constructing Urban Sensory Environments"},"content":{"rendered":"<p>During a sensobiographic walk urban experiences are composed of sensed environment, individual and collective memories and remembering, which are then shared with the fellow walkers participating to research.<\/p>\n<p>With this in mind two walks were carried out in Spring 2018 in Turku, Finland, with two participants and a researcher documenting the discussion. Both walkers had a background in artistic work, artistic interventions and activism related to political decision-making, especially in the context of accessibility of art and how this all relates to issues such as sharing of public funds and how they are channelled not only locally and nationally but also within the European community.<\/p>\n<p>The participants tackled themes such as artistic interventions and how EU-subsidized and grassroots artistic interventions were constructing common urban environment \u2013 and how certain political and artistic views tended to collide. Also, topobiographical descriptions referring to the walkers\u2019 life-courses as it relates to lived places enabled transfer of knowledge on traditions, beliefs and behaviours from one generation to another thus contributing to transgenerational nature of the walks.<\/p>\n<p>An aging informant described the acts of activism in the 1960s taking place in local park, next to the Turku Art Museum. Turku activists called themselves <em>situationists<\/em> after their French contemporaries. <em>Situationists International<\/em> was a transnational organization of social revolutionaries, a collective of avant-garde artists and intellectuals prominent in Europe from 1957 to 1972. Their goal was to change society by provocations and mainly artistic interventions, that a group of people could experience in a given place at a given time.<\/p>\n<div id=\"attachment_433\" style=\"width: 457px\" class=\"wp-caption alignnone\"><img loading=\"lazy\" decoding=\"async\" aria-describedby=\"caption-attachment-433\" class=\"wp-image-433\" src=\"https:\/\/blogs.uef.fi\/sensotra\/wp-content\/uploads\/sites\/75\/2020\/03\/kuva-Heikin-blogipostaus-300x236.png\" alt=\"A picture from a research walk video showing the research participants hands and Turku Art Museum.\" width=\"447\" height=\"352\" srcset=\"https:\/\/blogs.uef.fi\/sensotra\/wp-content\/uploads\/sites\/75\/2020\/03\/kuva-Heikin-blogipostaus-300x236.png 300w, https:\/\/blogs.uef.fi\/sensotra\/wp-content\/uploads\/sites\/75\/2020\/03\/kuva-Heikin-blogipostaus-1024x806.png 1024w, https:\/\/blogs.uef.fi\/sensotra\/wp-content\/uploads\/sites\/75\/2020\/03\/kuva-Heikin-blogipostaus-768x604.png 768w, https:\/\/blogs.uef.fi\/sensotra\/wp-content\/uploads\/sites\/75\/2020\/03\/kuva-Heikin-blogipostaus.png 1280w\" sizes=\"auto, (max-width: 447px) 100vw, 447px\" \/><p id=\"caption-attachment-433\" class=\"wp-caption-text\">Sensobioraphic view to Turku Arts Museum<\/p><\/div>\n<p>To some extent this took place in Turku, too. According to a Sensotra participant the Turku situationists had puzzling slogans such as \u201cHooray for what?\u2019 [El\u00e4k\u00f6\u00f6n mimmoinen?] and \u201cIf you go somewhere, you can expect anything\u201d. [Jos menet jonnekin, voit odottaa mit\u00e4 tahansa.] The act of repainting signs in the park was described as follows: \u201cThen we painted \u00b4Please keep off the grass\u2019 signs. We collected them at night and with a couple of artists painted new slogans and then brought the signs back again. It didn\u2019t have much effect, though. City workers collected them in the Autumn and brought them back the next Spring. They practically circulated the ones we had painted!\u201d<\/p>\n<p><em>Situationist International<\/em> was a movement, which was afraid of recuperation. Their fundamental fear was that the situationists\u2019 ideas would be first trivialized and sterilized, and then they\u2019d be safely incorporated\u00a0back within mainstream society, where they can be exploited to add new flavours to old dominant ideas. In retrospect, it looks like that Turku situationists were not necessarily afraid of recuperation, but perhaps slightly amused of it.<\/p>\n<p>The act of remembering occurred in given places meaningful to sensobiographic walkers. In this specific context multifaceted definitions of place could benefit from Edward Casey\u2019s ideas, which make the relationship to physical places utterly dynamic: culture is carried into places by bodies. Thus, memories of individuals are connected to factual events and places become layered ethnographic histories of a given urban environment.<\/p>\n<p>Furthermore, as part of the data analysis and in support of sensobiographic research, it is possible to combine the information generated by walking method with the social and cultural history of a particular place and area.<br \/>\n&#8212;<br \/>\n<strong>Dr. Heikki Uimonen,<\/strong> Principal investigator (ACMESOCS) and Project researcher (SENSOTRA), University of Eastern Finland<\/p>\n","protected":false},"excerpt":{"rendered":"<p>During a sensobiographic walk urban experiences are composed of sensed environment, individual and collective memories and remembering, which are then shared with the fellow walkers participating to research. With this in mind two walks were carried out in Spring 2018 in Turku, Finland, with two participants and a researcher documenting the discussion. Both walkers had [&hellip;]<\/p>\n","protected":false},"author":205,"featured_media":0,"comment_status":"closed","ping_status":"closed","sticky":false,"template":"","format":"standard","meta":{"_acf_changed":false,"footnotes":""},"categories":[28],"tags":[],"class_list":["post-430","post","type-post","status-publish","format-standard","hentry","category-heikki-uimonen"],"acf":[],"yoast_head":"<!-- This site is optimized with the Yoast SEO plugin v27.3 - https:\/\/yoast.com\/product\/yoast-seo-wordpress\/ -->\n<title>Art and Activism Constructing Urban Sensory Environments - Sensory transformations - SENSOTRA<\/title>\n<meta name=\"robots\" content=\"index, follow, max-snippet:-1, max-image-preview:large, max-video-preview:-1\" \/>\n<link rel=\"canonical\" href=\"https:\/\/blogs.uef.fi\/sensotra\/2020\/03\/24\/art-and-activism-constructing-urban-sensory-environments\/\" \/>\n<meta property=\"og:locale\" content=\"en_US\" \/>\n<meta property=\"og:type\" content=\"article\" \/>\n<meta property=\"og:title\" content=\"Art and Activism Constructing Urban Sensory Environments - Sensory transformations - SENSOTRA\" \/>\n<meta property=\"og:description\" content=\"During a sensobiographic walk urban experiences are composed of sensed environment, individual and collective memories and remembering, which are then shared with the fellow walkers participating to research. With this in mind two walks were carried out in Spring 2018 in Turku, Finland, with two participants and a researcher documenting the discussion. Both walkers had [&hellip;]\" \/>\n<meta property=\"og:url\" content=\"https:\/\/blogs.uef.fi\/sensotra\/2020\/03\/24\/art-and-activism-constructing-urban-sensory-environments\/\" \/>\n<meta property=\"og:site_name\" content=\"Sensory transformations - SENSOTRA\" \/>\n<meta property=\"article:published_time\" content=\"2020-03-24T15:01:52+00:00\" \/>\n<meta property=\"article:modified_time\" content=\"2021-10-04T11:20:10+00:00\" \/>\n<meta property=\"og:image\" content=\"https:\/\/blogs.uef.fi\/sensotra\/wp-content\/uploads\/sites\/75\/2020\/03\/kuva-Heikin-blogipostaus-300x236.png\" \/>\n<meta name=\"author\" content=\"eevap\" \/>\n<meta name=\"twitter:card\" content=\"summary_large_image\" \/>\n<meta name=\"twitter:label1\" content=\"Written by\" \/>\n\t<meta name=\"twitter:data1\" content=\"eevap\" \/>\n\t<meta name=\"twitter:label2\" content=\"Est. reading time\" \/>\n\t<meta name=\"twitter:data2\" content=\"3 minutes\" \/>\n<script type=\"application\/ld+json\" class=\"yoast-schema-graph\">{\"@context\":\"https:\\\/\\\/schema.org\",\"@graph\":[{\"@type\":\"Article\",\"@id\":\"https:\\\/\\\/blogs.uef.fi\\\/sensotra\\\/2020\\\/03\\\/24\\\/art-and-activism-constructing-urban-sensory-environments\\\/#article\",\"isPartOf\":{\"@id\":\"https:\\\/\\\/blogs.uef.fi\\\/sensotra\\\/2020\\\/03\\\/24\\\/art-and-activism-constructing-urban-sensory-environments\\\/\"},\"author\":{\"name\":\"eevap\",\"@id\":\"https:\\\/\\\/blogs.uef.fi\\\/sensotra\\\/#\\\/schema\\\/person\\\/15887185459753b9819cbbea8ea4a75e\"},\"headline\":\"Art and Activism Constructing Urban Sensory Environments\",\"datePublished\":\"2020-03-24T15:01:52+00:00\",\"dateModified\":\"2021-10-04T11:20:10+00:00\",\"mainEntityOfPage\":{\"@id\":\"https:\\\/\\\/blogs.uef.fi\\\/sensotra\\\/2020\\\/03\\\/24\\\/art-and-activism-constructing-urban-sensory-environments\\\/\"},\"wordCount\":567,\"image\":{\"@id\":\"https:\\\/\\\/blogs.uef.fi\\\/sensotra\\\/2020\\\/03\\\/24\\\/art-and-activism-constructing-urban-sensory-environments\\\/#primaryimage\"},\"thumbnailUrl\":\"https:\\\/\\\/blogs.uef.fi\\\/sensotra\\\/wp-content\\\/uploads\\\/sites\\\/75\\\/2020\\\/03\\\/kuva-Heikin-blogipostaus-300x236.png\",\"articleSection\":[\"Heikki Uimonen\"],\"inLanguage\":\"en-US\"},{\"@type\":\"WebPage\",\"@id\":\"https:\\\/\\\/blogs.uef.fi\\\/sensotra\\\/2020\\\/03\\\/24\\\/art-and-activism-constructing-urban-sensory-environments\\\/\",\"url\":\"https:\\\/\\\/blogs.uef.fi\\\/sensotra\\\/2020\\\/03\\\/24\\\/art-and-activism-constructing-urban-sensory-environments\\\/\",\"name\":\"Art and Activism Constructing Urban Sensory Environments - Sensory transformations - SENSOTRA\",\"isPartOf\":{\"@id\":\"https:\\\/\\\/blogs.uef.fi\\\/sensotra\\\/#website\"},\"primaryImageOfPage\":{\"@id\":\"https:\\\/\\\/blogs.uef.fi\\\/sensotra\\\/2020\\\/03\\\/24\\\/art-and-activism-constructing-urban-sensory-environments\\\/#primaryimage\"},\"image\":{\"@id\":\"https:\\\/\\\/blogs.uef.fi\\\/sensotra\\\/2020\\\/03\\\/24\\\/art-and-activism-constructing-urban-sensory-environments\\\/#primaryimage\"},\"thumbnailUrl\":\"https:\\\/\\\/blogs.uef.fi\\\/sensotra\\\/wp-content\\\/uploads\\\/sites\\\/75\\\/2020\\\/03\\\/kuva-Heikin-blogipostaus-300x236.png\",\"datePublished\":\"2020-03-24T15:01:52+00:00\",\"dateModified\":\"2021-10-04T11:20:10+00:00\",\"author\":{\"@id\":\"https:\\\/\\\/blogs.uef.fi\\\/sensotra\\\/#\\\/schema\\\/person\\\/15887185459753b9819cbbea8ea4a75e\"},\"breadcrumb\":{\"@id\":\"https:\\\/\\\/blogs.uef.fi\\\/sensotra\\\/2020\\\/03\\\/24\\\/art-and-activism-constructing-urban-sensory-environments\\\/#breadcrumb\"},\"inLanguage\":\"en-US\",\"potentialAction\":[{\"@type\":\"ReadAction\",\"target\":[\"https:\\\/\\\/blogs.uef.fi\\\/sensotra\\\/2020\\\/03\\\/24\\\/art-and-activism-constructing-urban-sensory-environments\\\/\"]}]},{\"@type\":\"ImageObject\",\"inLanguage\":\"en-US\",\"@id\":\"https:\\\/\\\/blogs.uef.fi\\\/sensotra\\\/2020\\\/03\\\/24\\\/art-and-activism-constructing-urban-sensory-environments\\\/#primaryimage\",\"url\":\"https:\\\/\\\/blogs.uef.fi\\\/sensotra\\\/wp-content\\\/uploads\\\/sites\\\/75\\\/2020\\\/03\\\/kuva-Heikin-blogipostaus.png\",\"contentUrl\":\"https:\\\/\\\/blogs.uef.fi\\\/sensotra\\\/wp-content\\\/uploads\\\/sites\\\/75\\\/2020\\\/03\\\/kuva-Heikin-blogipostaus.png\",\"width\":1280,\"height\":1007},{\"@type\":\"BreadcrumbList\",\"@id\":\"https:\\\/\\\/blogs.uef.fi\\\/sensotra\\\/2020\\\/03\\\/24\\\/art-and-activism-constructing-urban-sensory-environments\\\/#breadcrumb\",\"itemListElement\":[{\"@type\":\"ListItem\",\"position\":1,\"name\":\"Home\",\"item\":\"https:\\\/\\\/blogs.uef.fi\\\/sensotra\\\/\"},{\"@type\":\"ListItem\",\"position\":2,\"name\":\"Art and Activism Constructing Urban Sensory Environments\"}]},{\"@type\":\"WebSite\",\"@id\":\"https:\\\/\\\/blogs.uef.fi\\\/sensotra\\\/#website\",\"url\":\"https:\\\/\\\/blogs.uef.fi\\\/sensotra\\\/\",\"name\":\"Sensory transformations - SENSOTRA\",\"description\":\"\",\"potentialAction\":[{\"@type\":\"SearchAction\",\"target\":{\"@type\":\"EntryPoint\",\"urlTemplate\":\"https:\\\/\\\/blogs.uef.fi\\\/sensotra\\\/?s={search_term_string}\"},\"query-input\":{\"@type\":\"PropertyValueSpecification\",\"valueRequired\":true,\"valueName\":\"search_term_string\"}}],\"inLanguage\":\"en-US\"},{\"@type\":\"Person\",\"@id\":\"https:\\\/\\\/blogs.uef.fi\\\/sensotra\\\/#\\\/schema\\\/person\\\/15887185459753b9819cbbea8ea4a75e\",\"name\":\"eevap\",\"url\":\"https:\\\/\\\/blogs.uef.fi\\\/sensotra\\\/author\\\/eevap\\\/\"}]}<\/script>\n<!-- \/ Yoast SEO plugin. -->","yoast_head_json":{"title":"Art and Activism Constructing Urban Sensory Environments - Sensory transformations - SENSOTRA","robots":{"index":"index","follow":"follow","max-snippet":"max-snippet:-1","max-image-preview":"max-image-preview:large","max-video-preview":"max-video-preview:-1"},"canonical":"https:\/\/blogs.uef.fi\/sensotra\/2020\/03\/24\/art-and-activism-constructing-urban-sensory-environments\/","og_locale":"en_US","og_type":"article","og_title":"Art and Activism Constructing Urban Sensory Environments - Sensory transformations - SENSOTRA","og_description":"During a sensobiographic walk urban experiences are composed of sensed environment, individual and collective memories and remembering, which are then shared with the fellow walkers participating to research. With this in mind two walks were carried out in Spring 2018 in Turku, Finland, with two participants and a researcher documenting the discussion. Both walkers had [&hellip;]","og_url":"https:\/\/blogs.uef.fi\/sensotra\/2020\/03\/24\/art-and-activism-constructing-urban-sensory-environments\/","og_site_name":"Sensory transformations - SENSOTRA","article_published_time":"2020-03-24T15:01:52+00:00","article_modified_time":"2021-10-04T11:20:10+00:00","og_image":[{"url":"https:\/\/blogs.uef.fi\/sensotra\/wp-content\/uploads\/sites\/75\/2020\/03\/kuva-Heikin-blogipostaus-300x236.png","type":"","width":"","height":""}],"author":"eevap","twitter_card":"summary_large_image","twitter_misc":{"Written by":"eevap","Est. reading time":"3 minutes"},"schema":{"@context":"https:\/\/schema.org","@graph":[{"@type":"Article","@id":"https:\/\/blogs.uef.fi\/sensotra\/2020\/03\/24\/art-and-activism-constructing-urban-sensory-environments\/#article","isPartOf":{"@id":"https:\/\/blogs.uef.fi\/sensotra\/2020\/03\/24\/art-and-activism-constructing-urban-sensory-environments\/"},"author":{"name":"eevap","@id":"https:\/\/blogs.uef.fi\/sensotra\/#\/schema\/person\/15887185459753b9819cbbea8ea4a75e"},"headline":"Art and Activism Constructing Urban Sensory Environments","datePublished":"2020-03-24T15:01:52+00:00","dateModified":"2021-10-04T11:20:10+00:00","mainEntityOfPage":{"@id":"https:\/\/blogs.uef.fi\/sensotra\/2020\/03\/24\/art-and-activism-constructing-urban-sensory-environments\/"},"wordCount":567,"image":{"@id":"https:\/\/blogs.uef.fi\/sensotra\/2020\/03\/24\/art-and-activism-constructing-urban-sensory-environments\/#primaryimage"},"thumbnailUrl":"https:\/\/blogs.uef.fi\/sensotra\/wp-content\/uploads\/sites\/75\/2020\/03\/kuva-Heikin-blogipostaus-300x236.png","articleSection":["Heikki Uimonen"],"inLanguage":"en-US"},{"@type":"WebPage","@id":"https:\/\/blogs.uef.fi\/sensotra\/2020\/03\/24\/art-and-activism-constructing-urban-sensory-environments\/","url":"https:\/\/blogs.uef.fi\/sensotra\/2020\/03\/24\/art-and-activism-constructing-urban-sensory-environments\/","name":"Art and Activism Constructing Urban Sensory Environments - Sensory transformations - SENSOTRA","isPartOf":{"@id":"https:\/\/blogs.uef.fi\/sensotra\/#website"},"primaryImageOfPage":{"@id":"https:\/\/blogs.uef.fi\/sensotra\/2020\/03\/24\/art-and-activism-constructing-urban-sensory-environments\/#primaryimage"},"image":{"@id":"https:\/\/blogs.uef.fi\/sensotra\/2020\/03\/24\/art-and-activism-constructing-urban-sensory-environments\/#primaryimage"},"thumbnailUrl":"https:\/\/blogs.uef.fi\/sensotra\/wp-content\/uploads\/sites\/75\/2020\/03\/kuva-Heikin-blogipostaus-300x236.png","datePublished":"2020-03-24T15:01:52+00:00","dateModified":"2021-10-04T11:20:10+00:00","author":{"@id":"https:\/\/blogs.uef.fi\/sensotra\/#\/schema\/person\/15887185459753b9819cbbea8ea4a75e"},"breadcrumb":{"@id":"https:\/\/blogs.uef.fi\/sensotra\/2020\/03\/24\/art-and-activism-constructing-urban-sensory-environments\/#breadcrumb"},"inLanguage":"en-US","potentialAction":[{"@type":"ReadAction","target":["https:\/\/blogs.uef.fi\/sensotra\/2020\/03\/24\/art-and-activism-constructing-urban-sensory-environments\/"]}]},{"@type":"ImageObject","inLanguage":"en-US","@id":"https:\/\/blogs.uef.fi\/sensotra\/2020\/03\/24\/art-and-activism-constructing-urban-sensory-environments\/#primaryimage","url":"https:\/\/blogs.uef.fi\/sensotra\/wp-content\/uploads\/sites\/75\/2020\/03\/kuva-Heikin-blogipostaus.png","contentUrl":"https:\/\/blogs.uef.fi\/sensotra\/wp-content\/uploads\/sites\/75\/2020\/03\/kuva-Heikin-blogipostaus.png","width":1280,"height":1007},{"@type":"BreadcrumbList","@id":"https:\/\/blogs.uef.fi\/sensotra\/2020\/03\/24\/art-and-activism-constructing-urban-sensory-environments\/#breadcrumb","itemListElement":[{"@type":"ListItem","position":1,"name":"Home","item":"https:\/\/blogs.uef.fi\/sensotra\/"},{"@type":"ListItem","position":2,"name":"Art and Activism Constructing Urban Sensory Environments"}]},{"@type":"WebSite","@id":"https:\/\/blogs.uef.fi\/sensotra\/#website","url":"https:\/\/blogs.uef.fi\/sensotra\/","name":"Sensory transformations - SENSOTRA","description":"","potentialAction":[{"@type":"SearchAction","target":{"@type":"EntryPoint","urlTemplate":"https:\/\/blogs.uef.fi\/sensotra\/?s={search_term_string}"},"query-input":{"@type":"PropertyValueSpecification","valueRequired":true,"valueName":"search_term_string"}}],"inLanguage":"en-US"},{"@type":"Person","@id":"https:\/\/blogs.uef.fi\/sensotra\/#\/schema\/person\/15887185459753b9819cbbea8ea4a75e","name":"eevap","url":"https:\/\/blogs.uef.fi\/sensotra\/author\/eevap\/"}]}},"_links":{"self":[{"href":"https:\/\/blogs.uef.fi\/sensotra\/wp-json\/wp\/v2\/posts\/430","targetHints":{"allow":["GET"]}}],"collection":[{"href":"https:\/\/blogs.uef.fi\/sensotra\/wp-json\/wp\/v2\/posts"}],"about":[{"href":"https:\/\/blogs.uef.fi\/sensotra\/wp-json\/wp\/v2\/types\/post"}],"author":[{"embeddable":true,"href":"https:\/\/blogs.uef.fi\/sensotra\/wp-json\/wp\/v2\/users\/205"}],"replies":[{"embeddable":true,"href":"https:\/\/blogs.uef.fi\/sensotra\/wp-json\/wp\/v2\/comments?post=430"}],"version-history":[{"count":2,"href":"https:\/\/blogs.uef.fi\/sensotra\/wp-json\/wp\/v2\/posts\/430\/revisions"}],"predecessor-version":[{"id":979,"href":"https:\/\/blogs.uef.fi\/sensotra\/wp-json\/wp\/v2\/posts\/430\/revisions\/979"}],"wp:attachment":[{"href":"https:\/\/blogs.uef.fi\/sensotra\/wp-json\/wp\/v2\/media?parent=430"}],"wp:term":[{"taxonomy":"category","embeddable":true,"href":"https:\/\/blogs.uef.fi\/sensotra\/wp-json\/wp\/v2\/categories?post=430"},{"taxonomy":"post_tag","embeddable":true,"href":"https:\/\/blogs.uef.fi\/sensotra\/wp-json\/wp\/v2\/tags?post=430"}],"curies":[{"name":"wp","href":"https:\/\/api.w.org\/{rel}","templated":true}]}}