{"id":217,"date":"2018-09-17T09:42:48","date_gmt":"2018-09-17T09:42:48","guid":{"rendered":"https:\/\/blogs.uef.fi\/sensotra\/?p=217"},"modified":"2021-10-11T12:12:03","modified_gmt":"2021-10-11T12:12:03","slug":"sensotra-visits-brazil-part-two","status":"publish","type":"post","link":"https:\/\/blogs.uef.fi\/sensotra\/2018\/09\/17\/sensotra-visits-brazil-part-two\/","title":{"rendered":"SENSOTRA VISITS BRAZIL \u2013 Part Two"},"content":{"rendered":"<p><span style=\"font-family: Calibri, sans-serif\">ENCOUNTERS FROM THE COAST TO THE MOUNTAINS IN JULY 2018<\/span><\/p>\n<p><span style=\"font-family: Calibri, sans-serif\"> by Inkeri Aula<\/span><\/p>\n<p><span style=\"font-family: Calibri, sans-serif\"><span style=\"font-size: large\"><b>S\u00e3o Gon\u00e7alo de Ba\u00e7\u00e3o, Itabirito<\/b><\/span><\/span><\/p>\n<p align=\"justify\"><span style=\"font-family: Calibri, sans-serif\"><span style=\"font-size: medium\"><span lang=\"en-GB\">In Brazil as elsewhere the pollution and disappearance of sweet waters and aquifers is a growing problem. In the surroundings on metropolitan Belo Horizonte I visited S\u00e3o Gon\u00e7alo de Ba\u00e7\u00e3o, located in Itabirito. The village lays between mountains rich in iron and other minerals, eucalyptus plantations of the region providing wood for iron smelts. The village is rich in fountains and mineral sweet water sources, that are now severely threatened by advancing iron industry. <\/span><\/span><\/span><\/p>\n<p><iframe loading=\"lazy\" title=\"SENSOTRA: Sensobiografia em S\u00e3o Gon\u00e7alo de Ba\u00e7\u00e3o, Itabirito, MG\" width=\"500\" height=\"281\" src=\"https:\/\/www.youtube.com\/embed\/D_0ZPyzx4qo?feature=oembed\" frameborder=\"0\" allow=\"accelerometer; autoplay; clipboard-write; encrypted-media; gyroscope; picture-in-picture; web-share\" referrerpolicy=\"strict-origin-when-cross-origin\" allowfullscreen><\/iframe><\/p>\n<p align=\"justify\"><span style=\"font-family: Calibri, sans-serif\"><span lang=\"en-GB\">I conducted an open sensobiographic interview with a local geographer Icaro Brito, who introduced a plan for revitalization of antique water points, <\/span><\/span><span style=\"font-family: Calibri, sans-serif\"><span lang=\"en-GB\"><i>chafarizes<\/i><\/span><\/span><span style=\"font-family: Calibri, sans-serif\"><span lang=\"en-GB\">, that have provided the population with fresh spring water since the beginning of the 20<\/span><\/span><sup><span style=\"font-family: Calibri, sans-serif\"><span lang=\"en-GB\">th<\/span><\/span><\/sup> <span style=\"font-family: Calibri, sans-serif\"><span lang=\"en-GB\">century. Six of these are still functioning in S\u00e3o Gon\u00e7alo. As the habit is, we drove around by car, stopping once in a while to greet family, friends and neighbors through the window. <\/span><\/span><strong><span style=\"font-family: Calibri, sans-serif\"><span lang=\"en-GB\">The video shows bits of the interview and presents the sensobiographic method in Portuguese. <\/span><\/span><\/strong><span style=\"font-family: Calibri, sans-serif\"><span lang=\"en-GB\">(Publication permission granted by the participants.)<\/span><\/span><\/p>\n<p>&nbsp;<\/p>\n<p style=\"text-align: left\"><strong><span style=\"font-family: Calibri, sans-serif\"><span style=\"font-size: large\">Urban cartographies in Belo Horizonte<\/span><\/span><\/strong><\/p>\n<p align=\"justify\"><span style=\"font-family: Calibri, sans-serif\"><span style=\"font-size: medium\"><span lang=\"en-GB\">How can a city be mapped sensorially? Professor Regina Helena Alves da Silva from the Centre for researching the convergence of new media (Centro de converg\u00eancia de novas m\u00eddias) in UFMG has some answers for this question. We had the pleasure of hosting her in our fieldwork in Turku in June, where she got familiarized with our method, walking with local people in their city with us. Regina Helena has conducted urban sensory mapping workshops with different groupd of people around Brazil. Participants have learnt to map their urban surroundings by writing, filming, recording and sketching. The stories and perceptions produced bring out both imaginaries and a lived environment so often excluded from the master narratives that municipal planning is used to listening to. Besides discussing our common interests and the significance and impact of digital media technologies in contemporary lives, Regina Helena took me to sense the Central market of Belo Horizonte, a colourful fair of world famous artesanal cheese, local food, handicraft and spices: a kind of sensorium of Minas Gerais. <\/span><\/span><\/span><\/p>\n<p align=\"justify\"><a href=\"https:\/\/ccnm.fafich.ufmg.br\/dossies\/cartografias-urbanas\/\"><span style=\"font-family: Calibri, sans-serif\"><span style=\"font-size: medium\">https:\/\/ccnm.fafich.ufmg.br\/dossies\/cartografias-urbanas\/<\/span><\/span><\/a><\/p>\n<p>&nbsp;<\/p>\n<p style=\"text-align: left\"><strong>The voice of the slum hills: Radio Favela<br \/>\n<\/strong><\/p>\n<p align=\"justify\"><span style=\"font-family: Calibri, sans-serif\"><span style=\"font-size: medium\"><img loading=\"lazy\" decoding=\"async\" class=\"aligncenter wp-image-223\" src=\"https:\/\/blogs.uef.fi\/sensotra\/wp-content\/uploads\/sites\/75\/2018\/09\/20180731_212958-300x169.jpg\" alt=\"Inkeri at Radio Favela studio.\" width=\"334\" height=\"188\" srcset=\"https:\/\/blogs.uef.fi\/sensotra\/wp-content\/uploads\/sites\/75\/2018\/09\/20180731_212958-300x169.jpg 300w, https:\/\/blogs.uef.fi\/sensotra\/wp-content\/uploads\/sites\/75\/2018\/09\/20180731_212958-768x432.jpg 768w, https:\/\/blogs.uef.fi\/sensotra\/wp-content\/uploads\/sites\/75\/2018\/09\/20180731_212958-1024x576.jpg 1024w\" sizes=\"auto, (max-width: 334px) 100vw, 334px\" \/><\/span><\/span><\/p>\n<p align=\"justify\"><span style=\"font-family: Calibri, sans-serif\"><span style=\"font-size: medium\">Radio Aut\u00eantica Favela is a channel for the marginalized, predominantly black and poor population residing in favelas. The radio station is placed on top of the hill of Serra, a conjunction of different favela slums with tens of thousands of inhabitants. The founder Misael Avelino and his crew have kept the radio on the air already for 40 years, despit<\/span><\/span><span style=\"font-family: Calibri, sans-serif\"><span style=\"font-size: medium\">e police persecution, especially during the military dictatorship, and financial difficulties. The radio brings out the voice of the local population and their problems that remains unspoken by other channels.<\/span><\/span><span style=\"font-family: Calibri, sans-serif\"><img loading=\"lazy\" decoding=\"async\" class=\"alignright wp-image-225\" src=\"https:\/\/blogs.uef.fi\/sensotra\/wp-content\/uploads\/sites\/75\/2018\/09\/20180731_224525-e1537175865431-169x300.jpg\" alt=\"Dark street view.\" width=\"124\" height=\"220\" srcset=\"https:\/\/blogs.uef.fi\/sensotra\/wp-content\/uploads\/sites\/75\/2018\/09\/20180731_224525-e1537175865431-169x300.jpg 169w, https:\/\/blogs.uef.fi\/sensotra\/wp-content\/uploads\/sites\/75\/2018\/09\/20180731_224525-e1537175865431-768x1365.jpg 768w, https:\/\/blogs.uef.fi\/sensotra\/wp-content\/uploads\/sites\/75\/2018\/09\/20180731_224525-e1537175865431-576x1024.jpg 576w\" sizes=\"auto, (max-width: 124px) 100vw, 124px\" \/><\/span><\/p>\n<p align=\"justify\"><span style=\"font-family: Calibri, sans-serif\">In the picture, a breezy winter night in Favela da Serra glows in moonlight. Amazing views over the city combine with precarious living conditions for most inhabitants in a neighborhood where main routes are marked by the constant presence of drug dealers.<br \/>\n<\/span><\/p>\n<p style=\"text-align: left\" align=\"center\"><strong><span style=\"font-family: Calibri, sans-serif\"><span style=\"font-size: large\"><span lang=\"en-GB\">Santa Luzia &#8211; sensobiographic walk with three generations<\/span><\/span><\/span><\/strong><\/p>\n<p align=\"justify\"><span style=\"font-family: Calibri, sans-serif\"><span style=\"font-size: medium\">In the town of Santa Luzia in metropolitan Belo Horizonte, I conducted a sensobiographic walk with a family of friends of three generations. The walk was led by dona Izabel, 77, one of the first inhabitants of the newly built habitational area Cristina in 1981, with her family of six. She agreed to walk shortly around the nearby street, supported by myself, her older daughter, and one of the three grandchildren accompanying the walk, of whom the oldest, 17, was holding the camera. A striking feature of the walk for me was familiar from the many times during past decades of walking in the area with members of the family: the stories. Histories of local people, the often dramatic twists in their lives, or just the simple perceptions of who lived where and what had happened to them, their houses, their trees. A central sensorium of living becomes defined by the inhabitants and neighbor relations, adequate to a habitational area that had acquired intimate history during the decades of living.<\/span><\/span><\/p>\n<p align=\"justify\"><img loading=\"lazy\" decoding=\"async\" class=\"aligncenter wp-image-245\" src=\"https:\/\/blogs.uef.fi\/sensotra\/wp-content\/uploads\/sites\/75\/2018\/09\/Santa-Luzia-300x134.jpg\" alt=\"Street view.\" width=\"462\" height=\"206\" srcset=\"https:\/\/blogs.uef.fi\/sensotra\/wp-content\/uploads\/sites\/75\/2018\/09\/Santa-Luzia-300x134.jpg 300w, https:\/\/blogs.uef.fi\/sensotra\/wp-content\/uploads\/sites\/75\/2018\/09\/Santa-Luzia-768x344.jpg 768w, https:\/\/blogs.uef.fi\/sensotra\/wp-content\/uploads\/sites\/75\/2018\/09\/Santa-Luzia.jpg 924w\" sizes=\"auto, (max-width: 462px) 100vw, 462px\" \/><\/p>\n<p align=\"justify\">\n","protected":false},"excerpt":{"rendered":"<p>ENCOUNTERS FROM THE COAST TO THE MOUNTAINS IN JULY 2018 by Inkeri Aula S\u00e3o Gon\u00e7alo de Ba\u00e7\u00e3o, Itabirito In Brazil as elsewhere the pollution and disappearance of sweet waters and aquifers is a growing problem. In the surroundings on metropolitan Belo Horizonte I visited S\u00e3o Gon\u00e7alo de Ba\u00e7\u00e3o, located in Itabirito. The village lays between [&hellip;]<\/p>\n","protected":false},"author":203,"featured_media":0,"comment_status":"closed","ping_status":"closed","sticky":false,"template":"","format":"standard","meta":{"_acf_changed":false,"footnotes":""},"categories":[25],"tags":[],"class_list":["post-217","post","type-post","status-publish","format-standard","hentry","category-inkeri-aula"],"acf":[],"yoast_head":"<!-- This site is optimized with the Yoast SEO plugin v27.3 - https:\/\/yoast.com\/product\/yoast-seo-wordpress\/ -->\n<title>SENSOTRA VISITS BRAZIL \u2013 Part Two - Sensory transformations - SENSOTRA<\/title>\n<meta name=\"robots\" content=\"index, follow, max-snippet:-1, max-image-preview:large, max-video-preview:-1\" \/>\n<link rel=\"canonical\" href=\"https:\/\/blogs.uef.fi\/sensotra\/2018\/09\/17\/sensotra-visits-brazil-part-two\/\" \/>\n<meta property=\"og:locale\" content=\"en_US\" \/>\n<meta property=\"og:type\" content=\"article\" \/>\n<meta property=\"og:title\" content=\"SENSOTRA VISITS BRAZIL \u2013 Part Two - Sensory transformations - SENSOTRA\" \/>\n<meta property=\"og:description\" content=\"ENCOUNTERS FROM THE COAST TO THE MOUNTAINS IN JULY 2018 by Inkeri Aula S\u00e3o Gon\u00e7alo de Ba\u00e7\u00e3o, Itabirito In Brazil as elsewhere the pollution and disappearance of sweet waters and aquifers is a growing problem. In the surroundings on metropolitan Belo Horizonte I visited S\u00e3o Gon\u00e7alo de Ba\u00e7\u00e3o, located in Itabirito. The village lays between [&hellip;]\" \/>\n<meta property=\"og:url\" content=\"https:\/\/blogs.uef.fi\/sensotra\/2018\/09\/17\/sensotra-visits-brazil-part-two\/\" \/>\n<meta property=\"og:site_name\" content=\"Sensory transformations - SENSOTRA\" \/>\n<meta property=\"article:published_time\" content=\"2018-09-17T09:42:48+00:00\" \/>\n<meta property=\"article:modified_time\" content=\"2021-10-11T12:12:03+00:00\" \/>\n<meta property=\"og:image\" content=\"https:\/\/blogs.uef.fi\/sensotra\/wp-content\/uploads\/sites\/75\/2018\/09\/20180731_212958-300x169.jpg\" \/>\n<meta name=\"author\" content=\"Inkeri\" \/>\n<meta name=\"twitter:card\" content=\"summary_large_image\" \/>\n<meta name=\"twitter:label1\" content=\"Written by\" \/>\n\t<meta name=\"twitter:data1\" content=\"Inkeri\" \/>\n\t<meta name=\"twitter:label2\" content=\"Est. reading time\" \/>\n\t<meta name=\"twitter:data2\" content=\"4 minutes\" \/>\n<script type=\"application\/ld+json\" class=\"yoast-schema-graph\">{\"@context\":\"https:\\\/\\\/schema.org\",\"@graph\":[{\"@type\":\"Article\",\"@id\":\"https:\\\/\\\/blogs.uef.fi\\\/sensotra\\\/2018\\\/09\\\/17\\\/sensotra-visits-brazil-part-two\\\/#article\",\"isPartOf\":{\"@id\":\"https:\\\/\\\/blogs.uef.fi\\\/sensotra\\\/2018\\\/09\\\/17\\\/sensotra-visits-brazil-part-two\\\/\"},\"author\":{\"name\":\"Inkeri\",\"@id\":\"https:\\\/\\\/blogs.uef.fi\\\/sensotra\\\/#\\\/schema\\\/person\\\/f10bb17be1fc799f01de893274ccbc12\"},\"headline\":\"SENSOTRA VISITS BRAZIL \u2013 Part Two\",\"datePublished\":\"2018-09-17T09:42:48+00:00\",\"dateModified\":\"2021-10-11T12:12:03+00:00\",\"mainEntityOfPage\":{\"@id\":\"https:\\\/\\\/blogs.uef.fi\\\/sensotra\\\/2018\\\/09\\\/17\\\/sensotra-visits-brazil-part-two\\\/\"},\"wordCount\":710,\"image\":{\"@id\":\"https:\\\/\\\/blogs.uef.fi\\\/sensotra\\\/2018\\\/09\\\/17\\\/sensotra-visits-brazil-part-two\\\/#primaryimage\"},\"thumbnailUrl\":\"https:\\\/\\\/blogs.uef.fi\\\/sensotra\\\/wp-content\\\/uploads\\\/sites\\\/75\\\/2018\\\/09\\\/20180731_212958-300x169.jpg\",\"articleSection\":[\"Inkeri Aula\"],\"inLanguage\":\"en-US\"},{\"@type\":\"WebPage\",\"@id\":\"https:\\\/\\\/blogs.uef.fi\\\/sensotra\\\/2018\\\/09\\\/17\\\/sensotra-visits-brazil-part-two\\\/\",\"url\":\"https:\\\/\\\/blogs.uef.fi\\\/sensotra\\\/2018\\\/09\\\/17\\\/sensotra-visits-brazil-part-two\\\/\",\"name\":\"SENSOTRA VISITS BRAZIL \u2013 Part Two - Sensory transformations - SENSOTRA\",\"isPartOf\":{\"@id\":\"https:\\\/\\\/blogs.uef.fi\\\/sensotra\\\/#website\"},\"primaryImageOfPage\":{\"@id\":\"https:\\\/\\\/blogs.uef.fi\\\/sensotra\\\/2018\\\/09\\\/17\\\/sensotra-visits-brazil-part-two\\\/#primaryimage\"},\"image\":{\"@id\":\"https:\\\/\\\/blogs.uef.fi\\\/sensotra\\\/2018\\\/09\\\/17\\\/sensotra-visits-brazil-part-two\\\/#primaryimage\"},\"thumbnailUrl\":\"https:\\\/\\\/blogs.uef.fi\\\/sensotra\\\/wp-content\\\/uploads\\\/sites\\\/75\\\/2018\\\/09\\\/20180731_212958-300x169.jpg\",\"datePublished\":\"2018-09-17T09:42:48+00:00\",\"dateModified\":\"2021-10-11T12:12:03+00:00\",\"author\":{\"@id\":\"https:\\\/\\\/blogs.uef.fi\\\/sensotra\\\/#\\\/schema\\\/person\\\/f10bb17be1fc799f01de893274ccbc12\"},\"breadcrumb\":{\"@id\":\"https:\\\/\\\/blogs.uef.fi\\\/sensotra\\\/2018\\\/09\\\/17\\\/sensotra-visits-brazil-part-two\\\/#breadcrumb\"},\"inLanguage\":\"en-US\",\"potentialAction\":[{\"@type\":\"ReadAction\",\"target\":[\"https:\\\/\\\/blogs.uef.fi\\\/sensotra\\\/2018\\\/09\\\/17\\\/sensotra-visits-brazil-part-two\\\/\"]}]},{\"@type\":\"ImageObject\",\"inLanguage\":\"en-US\",\"@id\":\"https:\\\/\\\/blogs.uef.fi\\\/sensotra\\\/2018\\\/09\\\/17\\\/sensotra-visits-brazil-part-two\\\/#primaryimage\",\"url\":\"https:\\\/\\\/blogs.uef.fi\\\/sensotra\\\/wp-content\\\/uploads\\\/sites\\\/75\\\/2018\\\/09\\\/20180731_212958.jpg\",\"contentUrl\":\"https:\\\/\\\/blogs.uef.fi\\\/sensotra\\\/wp-content\\\/uploads\\\/sites\\\/75\\\/2018\\\/09\\\/20180731_212958.jpg\",\"width\":4608,\"height\":2592},{\"@type\":\"BreadcrumbList\",\"@id\":\"https:\\\/\\\/blogs.uef.fi\\\/sensotra\\\/2018\\\/09\\\/17\\\/sensotra-visits-brazil-part-two\\\/#breadcrumb\",\"itemListElement\":[{\"@type\":\"ListItem\",\"position\":1,\"name\":\"Home\",\"item\":\"https:\\\/\\\/blogs.uef.fi\\\/sensotra\\\/\"},{\"@type\":\"ListItem\",\"position\":2,\"name\":\"SENSOTRA VISITS BRAZIL \u2013 Part Two\"}]},{\"@type\":\"WebSite\",\"@id\":\"https:\\\/\\\/blogs.uef.fi\\\/sensotra\\\/#website\",\"url\":\"https:\\\/\\\/blogs.uef.fi\\\/sensotra\\\/\",\"name\":\"Sensory transformations - SENSOTRA\",\"description\":\"\",\"potentialAction\":[{\"@type\":\"SearchAction\",\"target\":{\"@type\":\"EntryPoint\",\"urlTemplate\":\"https:\\\/\\\/blogs.uef.fi\\\/sensotra\\\/?s={search_term_string}\"},\"query-input\":{\"@type\":\"PropertyValueSpecification\",\"valueRequired\":true,\"valueName\":\"search_term_string\"}}],\"inLanguage\":\"en-US\"},{\"@type\":\"Person\",\"@id\":\"https:\\\/\\\/blogs.uef.fi\\\/sensotra\\\/#\\\/schema\\\/person\\\/f10bb17be1fc799f01de893274ccbc12\",\"name\":\"Inkeri\",\"sameAs\":[\"http:\\\/\\\/www.uef.fi\\\/en\\\/web\\\/sensotra\\\/home\"],\"url\":\"https:\\\/\\\/blogs.uef.fi\\\/sensotra\\\/author\\\/inkeria\\\/\"}]}<\/script>\n<!-- \/ Yoast SEO plugin. -->","yoast_head_json":{"title":"SENSOTRA VISITS BRAZIL \u2013 Part Two - Sensory transformations - SENSOTRA","robots":{"index":"index","follow":"follow","max-snippet":"max-snippet:-1","max-image-preview":"max-image-preview:large","max-video-preview":"max-video-preview:-1"},"canonical":"https:\/\/blogs.uef.fi\/sensotra\/2018\/09\/17\/sensotra-visits-brazil-part-two\/","og_locale":"en_US","og_type":"article","og_title":"SENSOTRA VISITS BRAZIL \u2013 Part Two - Sensory transformations - SENSOTRA","og_description":"ENCOUNTERS FROM THE COAST TO THE MOUNTAINS IN JULY 2018 by Inkeri Aula S\u00e3o Gon\u00e7alo de Ba\u00e7\u00e3o, Itabirito In Brazil as elsewhere the pollution and disappearance of sweet waters and aquifers is a growing problem. In the surroundings on metropolitan Belo Horizonte I visited S\u00e3o Gon\u00e7alo de Ba\u00e7\u00e3o, located in Itabirito. The village lays between [&hellip;]","og_url":"https:\/\/blogs.uef.fi\/sensotra\/2018\/09\/17\/sensotra-visits-brazil-part-two\/","og_site_name":"Sensory transformations - SENSOTRA","article_published_time":"2018-09-17T09:42:48+00:00","article_modified_time":"2021-10-11T12:12:03+00:00","og_image":[{"url":"https:\/\/blogs.uef.fi\/sensotra\/wp-content\/uploads\/sites\/75\/2018\/09\/20180731_212958-300x169.jpg","type":"","width":"","height":""}],"author":"Inkeri","twitter_card":"summary_large_image","twitter_misc":{"Written by":"Inkeri","Est. reading time":"4 minutes"},"schema":{"@context":"https:\/\/schema.org","@graph":[{"@type":"Article","@id":"https:\/\/blogs.uef.fi\/sensotra\/2018\/09\/17\/sensotra-visits-brazil-part-two\/#article","isPartOf":{"@id":"https:\/\/blogs.uef.fi\/sensotra\/2018\/09\/17\/sensotra-visits-brazil-part-two\/"},"author":{"name":"Inkeri","@id":"https:\/\/blogs.uef.fi\/sensotra\/#\/schema\/person\/f10bb17be1fc799f01de893274ccbc12"},"headline":"SENSOTRA VISITS BRAZIL \u2013 Part Two","datePublished":"2018-09-17T09:42:48+00:00","dateModified":"2021-10-11T12:12:03+00:00","mainEntityOfPage":{"@id":"https:\/\/blogs.uef.fi\/sensotra\/2018\/09\/17\/sensotra-visits-brazil-part-two\/"},"wordCount":710,"image":{"@id":"https:\/\/blogs.uef.fi\/sensotra\/2018\/09\/17\/sensotra-visits-brazil-part-two\/#primaryimage"},"thumbnailUrl":"https:\/\/blogs.uef.fi\/sensotra\/wp-content\/uploads\/sites\/75\/2018\/09\/20180731_212958-300x169.jpg","articleSection":["Inkeri Aula"],"inLanguage":"en-US"},{"@type":"WebPage","@id":"https:\/\/blogs.uef.fi\/sensotra\/2018\/09\/17\/sensotra-visits-brazil-part-two\/","url":"https:\/\/blogs.uef.fi\/sensotra\/2018\/09\/17\/sensotra-visits-brazil-part-two\/","name":"SENSOTRA VISITS BRAZIL \u2013 Part Two - Sensory transformations - SENSOTRA","isPartOf":{"@id":"https:\/\/blogs.uef.fi\/sensotra\/#website"},"primaryImageOfPage":{"@id":"https:\/\/blogs.uef.fi\/sensotra\/2018\/09\/17\/sensotra-visits-brazil-part-two\/#primaryimage"},"image":{"@id":"https:\/\/blogs.uef.fi\/sensotra\/2018\/09\/17\/sensotra-visits-brazil-part-two\/#primaryimage"},"thumbnailUrl":"https:\/\/blogs.uef.fi\/sensotra\/wp-content\/uploads\/sites\/75\/2018\/09\/20180731_212958-300x169.jpg","datePublished":"2018-09-17T09:42:48+00:00","dateModified":"2021-10-11T12:12:03+00:00","author":{"@id":"https:\/\/blogs.uef.fi\/sensotra\/#\/schema\/person\/f10bb17be1fc799f01de893274ccbc12"},"breadcrumb":{"@id":"https:\/\/blogs.uef.fi\/sensotra\/2018\/09\/17\/sensotra-visits-brazil-part-two\/#breadcrumb"},"inLanguage":"en-US","potentialAction":[{"@type":"ReadAction","target":["https:\/\/blogs.uef.fi\/sensotra\/2018\/09\/17\/sensotra-visits-brazil-part-two\/"]}]},{"@type":"ImageObject","inLanguage":"en-US","@id":"https:\/\/blogs.uef.fi\/sensotra\/2018\/09\/17\/sensotra-visits-brazil-part-two\/#primaryimage","url":"https:\/\/blogs.uef.fi\/sensotra\/wp-content\/uploads\/sites\/75\/2018\/09\/20180731_212958.jpg","contentUrl":"https:\/\/blogs.uef.fi\/sensotra\/wp-content\/uploads\/sites\/75\/2018\/09\/20180731_212958.jpg","width":4608,"height":2592},{"@type":"BreadcrumbList","@id":"https:\/\/blogs.uef.fi\/sensotra\/2018\/09\/17\/sensotra-visits-brazil-part-two\/#breadcrumb","itemListElement":[{"@type":"ListItem","position":1,"name":"Home","item":"https:\/\/blogs.uef.fi\/sensotra\/"},{"@type":"ListItem","position":2,"name":"SENSOTRA VISITS BRAZIL \u2013 Part Two"}]},{"@type":"WebSite","@id":"https:\/\/blogs.uef.fi\/sensotra\/#website","url":"https:\/\/blogs.uef.fi\/sensotra\/","name":"Sensory transformations - SENSOTRA","description":"","potentialAction":[{"@type":"SearchAction","target":{"@type":"EntryPoint","urlTemplate":"https:\/\/blogs.uef.fi\/sensotra\/?s={search_term_string}"},"query-input":{"@type":"PropertyValueSpecification","valueRequired":true,"valueName":"search_term_string"}}],"inLanguage":"en-US"},{"@type":"Person","@id":"https:\/\/blogs.uef.fi\/sensotra\/#\/schema\/person\/f10bb17be1fc799f01de893274ccbc12","name":"Inkeri","sameAs":["http:\/\/www.uef.fi\/en\/web\/sensotra\/home"],"url":"https:\/\/blogs.uef.fi\/sensotra\/author\/inkeria\/"}]}},"_links":{"self":[{"href":"https:\/\/blogs.uef.fi\/sensotra\/wp-json\/wp\/v2\/posts\/217","targetHints":{"allow":["GET"]}}],"collection":[{"href":"https:\/\/blogs.uef.fi\/sensotra\/wp-json\/wp\/v2\/posts"}],"about":[{"href":"https:\/\/blogs.uef.fi\/sensotra\/wp-json\/wp\/v2\/types\/post"}],"author":[{"embeddable":true,"href":"https:\/\/blogs.uef.fi\/sensotra\/wp-json\/wp\/v2\/users\/203"}],"replies":[{"embeddable":true,"href":"https:\/\/blogs.uef.fi\/sensotra\/wp-json\/wp\/v2\/comments?post=217"}],"version-history":[{"count":3,"href":"https:\/\/blogs.uef.fi\/sensotra\/wp-json\/wp\/v2\/posts\/217\/revisions"}],"predecessor-version":[{"id":1009,"href":"https:\/\/blogs.uef.fi\/sensotra\/wp-json\/wp\/v2\/posts\/217\/revisions\/1009"}],"wp:attachment":[{"href":"https:\/\/blogs.uef.fi\/sensotra\/wp-json\/wp\/v2\/media?parent=217"}],"wp:term":[{"taxonomy":"category","embeddable":true,"href":"https:\/\/blogs.uef.fi\/sensotra\/wp-json\/wp\/v2\/categories?post=217"},{"taxonomy":"post_tag","embeddable":true,"href":"https:\/\/blogs.uef.fi\/sensotra\/wp-json\/wp\/v2\/tags?post=217"}],"curies":[{"name":"wp","href":"https:\/\/api.w.org\/{rel}","templated":true}]}}