{"id":884,"date":"2023-03-08T10:45:47","date_gmt":"2023-03-08T10:45:47","guid":{"rendered":"https:\/\/blogs.uef.fi\/puutlahellamme\/?p=884"},"modified":"2023-03-08T10:45:50","modified_gmt":"2023-03-08T10:45:50","slug":"katajainen-kansa","status":"publish","type":"post","link":"https:\/\/blogs.uef.fi\/puutlahellamme\/2023\/03\/08\/katajainen-kansa\/","title":{"rendered":"Katajainen kansa"},"content":{"rendered":"\n<p><\/p>\n\n\n\n<p>Suomessa ei ole koskaan ollut pulaa puista. Mets\u00e4 on ollut t\u00e4rke\u00e4 paikka uskonnon harjoittamiseen, sielt\u00e4 on pyydetty ja ker\u00e4tty ruokaa ja my\u00f6hemmin puusta on tullut t\u00e4rke\u00e4 taloudellinen hy\u00f6dyke. Miten puut kietoutuvat osaksi arkeamme?<\/p>\n\n\n\n<p>Miten puut kietoutuvat osaksi arkeamme t\u00e4n\u00e4 p\u00e4iv\u00e4n\u00e4? Antropologi Kaisa Vainio kertoo ihmisten ja yksitt\u00e4isen puiden v\u00e4lisiin suhteisiin kohdistuvasta tutkimuksestaan ja Suomen Mets\u00e4museo Luston amanuenssi Tuomas Juva valottaa suomalaisten monipuolista mets\u00e4historiaa.<\/p>\n\n\n\n<figure class=\"wp-block-pullquote\"><blockquote><p>Kuuntele podcast Radio antrossa! Radio Antron l\u00f6yd\u00e4t mm. Spotifysta ja iTunesista<br><a href=\"https:\/\/antroblogi.fi\/2022\/09\/katajainen-kansa\/\" target=\"_blank\" rel=\"noreferrer noopener\">https:\/\/antroblogi.fi\/radio-antro\/radio-antro-an<\/a><a href=\"https:\/\/antroblogi.fi\/radio-antro\/radio-antro-antropodi\/\" target=\"_blank\" rel=\"noreferrer noopener\">tropodi\/<\/a><\/p><\/blockquote><\/figure>\n\n\n\n<figure class=\"wp-block-embed is-type-wp-embed is-provider-antroblogi wp-block-embed-antroblogi\"><div class=\"wp-block-embed__wrapper\">\n<blockquote class=\"wp-embedded-content\" data-secret=\"D1AlTH2GG6\"><a href=\"https:\/\/antroblogi.fi\/radio-antro\/radio-antro-antropodi\/\">Antropodi<\/a><\/blockquote><iframe loading=\"lazy\" class=\"wp-embedded-content\" sandbox=\"allow-scripts\" security=\"restricted\" style=\"position: absolute; clip: rect(1px, 1px, 1px, 1px);\" title=\"&#8221;Antropodi&#8221; &#8212; AntroBlogi\" src=\"https:\/\/antroblogi.fi\/radio-antro\/radio-antro-antropodi\/embed\/#?secret=B7vRfg60XI#?secret=D1AlTH2GG6\" data-secret=\"D1AlTH2GG6\" width=\"500\" height=\"282\" frameborder=\"0\" marginwidth=\"0\" marginheight=\"0\" scrolling=\"no\"><\/iframe>\n<\/div><\/figure>\n","protected":false},"excerpt":{"rendered":"<p>Suomessa ei ole koskaan ollut pulaa puista. Mets\u00e4 on ollut t\u00e4rke\u00e4 paikka uskonnon harjoittamiseen, sielt\u00e4 on pyydetty ja ker\u00e4tty ruokaa ja my\u00f6hemmin puusta on tullut t\u00e4rke\u00e4 taloudellinen hy\u00f6dyke. Miten puut kietoutuvat osaksi arkeamme? Miten puut kietoutuvat osaksi arkeamme t\u00e4n\u00e4 p\u00e4iv\u00e4n\u00e4? Antropologi Kaisa Vainio kertoo ihmisten ja yksitt\u00e4isen puiden v\u00e4lisiin suhteisiin kohdistuvasta tutkimuksestaan ja Suomen Mets\u00e4museo [&hellip;]<\/p>\n","protected":false},"author":265,"featured_media":887,"comment_status":"open","ping_status":"open","sticky":false,"template":"","format":"standard","meta":{"_acf_changed":false,"footnotes":""},"categories":[43,21],"tags":[44,47,5],"class_list":["post-884","post","type-post","status-publish","format-standard","has-post-thumbnail","hentry","category-podcast","category-tutkimus","tag-antropologia","tag-metsasuhde","tag-tutkimus"],"acf":[],"yoast_head":"<!-- This site is optimized with the Yoast SEO plugin v27.3 - https:\/\/yoast.com\/product\/yoast-seo-wordpress\/ -->\n<title>Katajainen kansa | Trees Near Us - Puut l\u00e4hell\u00e4mme - Bomen Naast Ons<\/title>\n<meta name=\"description\" content=\"Miten puut kietoutuvat osaksi arkeamme t\u00e4n\u00e4 p\u00e4iv\u00e4n\u00e4? Antropologi Kaisa Vainio kertoo ihmisten ja yksitt\u00e4isen puiden v\u00e4lisiin suhteisiin kohdistuvasta tutkimuksestaan ja Suomen Mets\u00e4museo Luston amanuenssi Tuomas Juva valottaa suomalaisten monipuolista mets\u00e4historiaa.\" \/>\n<meta name=\"robots\" content=\"index, follow, max-snippet:-1, max-image-preview:large, max-video-preview:-1\" \/>\n<link rel=\"canonical\" href=\"https:\/\/blogs.uef.fi\/puutlahellamme\/2023\/03\/08\/katajainen-kansa\/\" \/>\n<meta property=\"og:locale\" content=\"fi_FI\" \/>\n<meta property=\"og:type\" content=\"article\" \/>\n<meta property=\"og:title\" content=\"Katajainen kansa | Trees Near Us - Puut l\u00e4hell\u00e4mme - Bomen Naast Ons\" \/>\n<meta property=\"og:description\" content=\"Miten puut kietoutuvat osaksi arkeamme t\u00e4n\u00e4 p\u00e4iv\u00e4n\u00e4? Antropologi Kaisa Vainio kertoo ihmisten ja yksitt\u00e4isen puiden v\u00e4lisiin suhteisiin kohdistuvasta tutkimuksestaan ja Suomen Mets\u00e4museo Luston amanuenssi Tuomas Juva valottaa suomalaisten monipuolista mets\u00e4historiaa.\" \/>\n<meta property=\"og:url\" content=\"https:\/\/blogs.uef.fi\/puutlahellamme\/2023\/03\/08\/katajainen-kansa\/\" \/>\n<meta property=\"og:site_name\" content=\"Trees Near Us - Puut l\u00e4hell\u00e4mme - Bomen Naast Ons\" \/>\n<meta property=\"article:published_time\" content=\"2023-03-08T10:45:47+00:00\" \/>\n<meta property=\"article:modified_time\" content=\"2023-03-08T10:45:50+00:00\" \/>\n<meta property=\"og:image\" content=\"https:\/\/blogs.uef.fi\/puutlahellamme\/wp-content\/uploads\/sites\/109\/2023\/03\/Screenshot-2023-03-08-at-12-44-00-Antropodi-Katajainen-kansa-AntroBlogi.png\" \/>\n\t<meta property=\"og:image:width\" content=\"1893\" \/>\n\t<meta property=\"og:image:height\" content=\"600\" \/>\n\t<meta property=\"og:image:type\" content=\"image\/png\" \/>\n<meta name=\"author\" content=\"kvainio\" \/>\n<meta name=\"twitter:card\" content=\"summary_large_image\" \/>\n<meta name=\"twitter:label1\" content=\"Kirjoittanut\" \/>\n\t<meta name=\"twitter:data1\" content=\"kvainio\" \/>\n\t<meta name=\"twitter:label2\" content=\"Arvioitu lukuaika\" \/>\n\t<meta name=\"twitter:data2\" content=\"1 minuutti\" \/>\n<script type=\"application\/ld+json\" class=\"yoast-schema-graph\">{\"@context\":\"https:\\\/\\\/schema.org\",\"@graph\":[{\"@type\":\"Article\",\"@id\":\"https:\\\/\\\/blogs.uef.fi\\\/puutlahellamme\\\/2023\\\/03\\\/08\\\/katajainen-kansa\\\/#article\",\"isPartOf\":{\"@id\":\"https:\\\/\\\/blogs.uef.fi\\\/puutlahellamme\\\/2023\\\/03\\\/08\\\/katajainen-kansa\\\/\"},\"author\":{\"name\":\"kvainio\",\"@id\":\"https:\\\/\\\/blogs.uef.fi\\\/puutlahellamme\\\/#\\\/schema\\\/person\\\/d6f755ffe6b4816b6949b4f362371fee\"},\"headline\":\"Katajainen kansa\",\"datePublished\":\"2023-03-08T10:45:47+00:00\",\"dateModified\":\"2023-03-08T10:45:50+00:00\",\"mainEntityOfPage\":{\"@id\":\"https:\\\/\\\/blogs.uef.fi\\\/puutlahellamme\\\/2023\\\/03\\\/08\\\/katajainen-kansa\\\/\"},\"wordCount\":101,\"commentCount\":0,\"publisher\":{\"@id\":\"https:\\\/\\\/blogs.uef.fi\\\/puutlahellamme\\\/#organization\"},\"image\":{\"@id\":\"https:\\\/\\\/blogs.uef.fi\\\/puutlahellamme\\\/2023\\\/03\\\/08\\\/katajainen-kansa\\\/#primaryimage\"},\"thumbnailUrl\":\"https:\\\/\\\/blogs.uef.fi\\\/puutlahellamme\\\/wp-content\\\/uploads\\\/sites\\\/109\\\/2023\\\/03\\\/Screenshot-2023-03-08-at-12-44-00-Antropodi-Katajainen-kansa-AntroBlogi.png\",\"keywords\":[\"antropologia\",\"mets\u00e4suhde\",\"tutkimus\"],\"articleSection\":[\"Podcast\",\"Tutkimus\"],\"inLanguage\":\"fi\",\"potentialAction\":[{\"@type\":\"CommentAction\",\"name\":\"Comment\",\"target\":[\"https:\\\/\\\/blogs.uef.fi\\\/puutlahellamme\\\/2023\\\/03\\\/08\\\/katajainen-kansa\\\/#respond\"]}]},{\"@type\":\"WebPage\",\"@id\":\"https:\\\/\\\/blogs.uef.fi\\\/puutlahellamme\\\/2023\\\/03\\\/08\\\/katajainen-kansa\\\/\",\"url\":\"https:\\\/\\\/blogs.uef.fi\\\/puutlahellamme\\\/2023\\\/03\\\/08\\\/katajainen-kansa\\\/\",\"name\":\"Katajainen kansa | Trees Near Us - Puut l\u00e4hell\u00e4mme - Bomen Naast Ons\",\"isPartOf\":{\"@id\":\"https:\\\/\\\/blogs.uef.fi\\\/puutlahellamme\\\/#website\"},\"primaryImageOfPage\":{\"@id\":\"https:\\\/\\\/blogs.uef.fi\\\/puutlahellamme\\\/2023\\\/03\\\/08\\\/katajainen-kansa\\\/#primaryimage\"},\"image\":{\"@id\":\"https:\\\/\\\/blogs.uef.fi\\\/puutlahellamme\\\/2023\\\/03\\\/08\\\/katajainen-kansa\\\/#primaryimage\"},\"thumbnailUrl\":\"https:\\\/\\\/blogs.uef.fi\\\/puutlahellamme\\\/wp-content\\\/uploads\\\/sites\\\/109\\\/2023\\\/03\\\/Screenshot-2023-03-08-at-12-44-00-Antropodi-Katajainen-kansa-AntroBlogi.png\",\"datePublished\":\"2023-03-08T10:45:47+00:00\",\"dateModified\":\"2023-03-08T10:45:50+00:00\",\"description\":\"Miten puut kietoutuvat osaksi arkeamme t\u00e4n\u00e4 p\u00e4iv\u00e4n\u00e4? Antropologi Kaisa Vainio kertoo ihmisten ja yksitt\u00e4isen puiden v\u00e4lisiin suhteisiin kohdistuvasta tutkimuksestaan ja Suomen Mets\u00e4museo Luston amanuenssi Tuomas Juva valottaa suomalaisten monipuolista mets\u00e4historiaa.\",\"breadcrumb\":{\"@id\":\"https:\\\/\\\/blogs.uef.fi\\\/puutlahellamme\\\/2023\\\/03\\\/08\\\/katajainen-kansa\\\/#breadcrumb\"},\"inLanguage\":\"fi\",\"potentialAction\":[{\"@type\":\"ReadAction\",\"target\":[\"https:\\\/\\\/blogs.uef.fi\\\/puutlahellamme\\\/2023\\\/03\\\/08\\\/katajainen-kansa\\\/\"]}]},{\"@type\":\"ImageObject\",\"inLanguage\":\"fi\",\"@id\":\"https:\\\/\\\/blogs.uef.fi\\\/puutlahellamme\\\/2023\\\/03\\\/08\\\/katajainen-kansa\\\/#primaryimage\",\"url\":\"https:\\\/\\\/blogs.uef.fi\\\/puutlahellamme\\\/wp-content\\\/uploads\\\/sites\\\/109\\\/2023\\\/03\\\/Screenshot-2023-03-08-at-12-44-00-Antropodi-Katajainen-kansa-AntroBlogi.png\",\"contentUrl\":\"https:\\\/\\\/blogs.uef.fi\\\/puutlahellamme\\\/wp-content\\\/uploads\\\/sites\\\/109\\\/2023\\\/03\\\/Screenshot-2023-03-08-at-12-44-00-Antropodi-Katajainen-kansa-AntroBlogi.png\",\"width\":1893,\"height\":600,\"caption\":\"Teksti: Antropodi: Katajainen kansa. Taustalla kuva puistomaisemasta\"},{\"@type\":\"BreadcrumbList\",\"@id\":\"https:\\\/\\\/blogs.uef.fi\\\/puutlahellamme\\\/2023\\\/03\\\/08\\\/katajainen-kansa\\\/#breadcrumb\",\"itemListElement\":[{\"@type\":\"ListItem\",\"position\":1,\"name\":\"Home\",\"item\":\"https:\\\/\\\/blogs.uef.fi\\\/puutlahellamme\\\/\"},{\"@type\":\"ListItem\",\"position\":2,\"name\":\"Katajainen kansa\"}]},{\"@type\":\"WebSite\",\"@id\":\"https:\\\/\\\/blogs.uef.fi\\\/puutlahellamme\\\/#website\",\"url\":\"https:\\\/\\\/blogs.uef.fi\\\/puutlahellamme\\\/\",\"name\":\"Puut l\u00e4hell\u00e4mme - tutkimushanke\",\"description\":\"\",\"publisher\":{\"@id\":\"https:\\\/\\\/blogs.uef.fi\\\/puutlahellamme\\\/#organization\"},\"potentialAction\":[{\"@type\":\"SearchAction\",\"target\":{\"@type\":\"EntryPoint\",\"urlTemplate\":\"https:\\\/\\\/blogs.uef.fi\\\/puutlahellamme\\\/?s={search_term_string}\"},\"query-input\":{\"@type\":\"PropertyValueSpecification\",\"valueRequired\":true,\"valueName\":\"search_term_string\"}}],\"inLanguage\":\"fi\"},{\"@type\":\"Organization\",\"@id\":\"https:\\\/\\\/blogs.uef.fi\\\/puutlahellamme\\\/#organization\",\"name\":\"Puut l\u00e4hell\u00e4mme-tutkimushanke\",\"url\":\"https:\\\/\\\/blogs.uef.fi\\\/puutlahellamme\\\/\",\"logo\":{\"@type\":\"ImageObject\",\"inLanguage\":\"fi\",\"@id\":\"https:\\\/\\\/blogs.uef.fi\\\/puutlahellamme\\\/#\\\/schema\\\/logo\\\/image\\\/\",\"url\":\"https:\\\/\\\/blogs.uef.fi\\\/puutlahellamme\\\/wp-content\\\/uploads\\\/sites\\\/109\\\/2019\\\/09\\\/profiilikuva.jpg\",\"contentUrl\":\"https:\\\/\\\/blogs.uef.fi\\\/puutlahellamme\\\/wp-content\\\/uploads\\\/sites\\\/109\\\/2019\\\/09\\\/profiilikuva.jpg\",\"width\":663,\"height\":546,\"caption\":\"Puut l\u00e4hell\u00e4mme-tutkimushanke\"},\"image\":{\"@id\":\"https:\\\/\\\/blogs.uef.fi\\\/puutlahellamme\\\/#\\\/schema\\\/logo\\\/image\\\/\"}},{\"@type\":\"Person\",\"@id\":\"https:\\\/\\\/blogs.uef.fi\\\/puutlahellamme\\\/#\\\/schema\\\/person\\\/d6f755ffe6b4816b6949b4f362371fee\",\"name\":\"kvainio\",\"image\":{\"@type\":\"ImageObject\",\"inLanguage\":\"fi\",\"@id\":\"https:\\\/\\\/secure.gravatar.com\\\/avatar\\\/786caac7cf4a435f2e85373cefd2f6e97e8ec2d77482bdfe50e1d7352a44e2a0?s=96&d=mm&r=g\",\"url\":\"https:\\\/\\\/secure.gravatar.com\\\/avatar\\\/786caac7cf4a435f2e85373cefd2f6e97e8ec2d77482bdfe50e1d7352a44e2a0?s=96&d=mm&r=g\",\"contentUrl\":\"https:\\\/\\\/secure.gravatar.com\\\/avatar\\\/786caac7cf4a435f2e85373cefd2f6e97e8ec2d77482bdfe50e1d7352a44e2a0?s=96&d=mm&r=g\",\"caption\":\"kvainio\"},\"url\":\"https:\\\/\\\/blogs.uef.fi\\\/puutlahellamme\\\/author\\\/kvainio\\\/\"}]}<\/script>\n<!-- \/ Yoast SEO plugin. -->","yoast_head_json":{"title":"Katajainen kansa | Trees Near Us - Puut l\u00e4hell\u00e4mme - Bomen Naast Ons","description":"Miten puut kietoutuvat osaksi arkeamme t\u00e4n\u00e4 p\u00e4iv\u00e4n\u00e4? Antropologi Kaisa Vainio kertoo ihmisten ja yksitt\u00e4isen puiden v\u00e4lisiin suhteisiin kohdistuvasta tutkimuksestaan ja Suomen Mets\u00e4museo Luston amanuenssi Tuomas Juva valottaa suomalaisten monipuolista mets\u00e4historiaa.","robots":{"index":"index","follow":"follow","max-snippet":"max-snippet:-1","max-image-preview":"max-image-preview:large","max-video-preview":"max-video-preview:-1"},"canonical":"https:\/\/blogs.uef.fi\/puutlahellamme\/2023\/03\/08\/katajainen-kansa\/","og_locale":"fi_FI","og_type":"article","og_title":"Katajainen kansa | Trees Near Us - Puut l\u00e4hell\u00e4mme - Bomen Naast Ons","og_description":"Miten puut kietoutuvat osaksi arkeamme t\u00e4n\u00e4 p\u00e4iv\u00e4n\u00e4? Antropologi Kaisa Vainio kertoo ihmisten ja yksitt\u00e4isen puiden v\u00e4lisiin suhteisiin kohdistuvasta tutkimuksestaan ja Suomen Mets\u00e4museo Luston amanuenssi Tuomas Juva valottaa suomalaisten monipuolista mets\u00e4historiaa.","og_url":"https:\/\/blogs.uef.fi\/puutlahellamme\/2023\/03\/08\/katajainen-kansa\/","og_site_name":"Trees Near Us - Puut l\u00e4hell\u00e4mme - Bomen Naast Ons","article_published_time":"2023-03-08T10:45:47+00:00","article_modified_time":"2023-03-08T10:45:50+00:00","og_image":[{"width":1893,"height":600,"url":"https:\/\/blogs.uef.fi\/puutlahellamme\/wp-content\/uploads\/sites\/109\/2023\/03\/Screenshot-2023-03-08-at-12-44-00-Antropodi-Katajainen-kansa-AntroBlogi.png","type":"image\/png"}],"author":"kvainio","twitter_card":"summary_large_image","twitter_misc":{"Kirjoittanut":"kvainio","Arvioitu lukuaika":"1 minuutti"},"schema":{"@context":"https:\/\/schema.org","@graph":[{"@type":"Article","@id":"https:\/\/blogs.uef.fi\/puutlahellamme\/2023\/03\/08\/katajainen-kansa\/#article","isPartOf":{"@id":"https:\/\/blogs.uef.fi\/puutlahellamme\/2023\/03\/08\/katajainen-kansa\/"},"author":{"name":"kvainio","@id":"https:\/\/blogs.uef.fi\/puutlahellamme\/#\/schema\/person\/d6f755ffe6b4816b6949b4f362371fee"},"headline":"Katajainen kansa","datePublished":"2023-03-08T10:45:47+00:00","dateModified":"2023-03-08T10:45:50+00:00","mainEntityOfPage":{"@id":"https:\/\/blogs.uef.fi\/puutlahellamme\/2023\/03\/08\/katajainen-kansa\/"},"wordCount":101,"commentCount":0,"publisher":{"@id":"https:\/\/blogs.uef.fi\/puutlahellamme\/#organization"},"image":{"@id":"https:\/\/blogs.uef.fi\/puutlahellamme\/2023\/03\/08\/katajainen-kansa\/#primaryimage"},"thumbnailUrl":"https:\/\/blogs.uef.fi\/puutlahellamme\/wp-content\/uploads\/sites\/109\/2023\/03\/Screenshot-2023-03-08-at-12-44-00-Antropodi-Katajainen-kansa-AntroBlogi.png","keywords":["antropologia","mets\u00e4suhde","tutkimus"],"articleSection":["Podcast","Tutkimus"],"inLanguage":"fi","potentialAction":[{"@type":"CommentAction","name":"Comment","target":["https:\/\/blogs.uef.fi\/puutlahellamme\/2023\/03\/08\/katajainen-kansa\/#respond"]}]},{"@type":"WebPage","@id":"https:\/\/blogs.uef.fi\/puutlahellamme\/2023\/03\/08\/katajainen-kansa\/","url":"https:\/\/blogs.uef.fi\/puutlahellamme\/2023\/03\/08\/katajainen-kansa\/","name":"Katajainen kansa | Trees Near Us - Puut l\u00e4hell\u00e4mme - Bomen Naast Ons","isPartOf":{"@id":"https:\/\/blogs.uef.fi\/puutlahellamme\/#website"},"primaryImageOfPage":{"@id":"https:\/\/blogs.uef.fi\/puutlahellamme\/2023\/03\/08\/katajainen-kansa\/#primaryimage"},"image":{"@id":"https:\/\/blogs.uef.fi\/puutlahellamme\/2023\/03\/08\/katajainen-kansa\/#primaryimage"},"thumbnailUrl":"https:\/\/blogs.uef.fi\/puutlahellamme\/wp-content\/uploads\/sites\/109\/2023\/03\/Screenshot-2023-03-08-at-12-44-00-Antropodi-Katajainen-kansa-AntroBlogi.png","datePublished":"2023-03-08T10:45:47+00:00","dateModified":"2023-03-08T10:45:50+00:00","description":"Miten puut kietoutuvat osaksi arkeamme t\u00e4n\u00e4 p\u00e4iv\u00e4n\u00e4? Antropologi Kaisa Vainio kertoo ihmisten ja yksitt\u00e4isen puiden v\u00e4lisiin suhteisiin kohdistuvasta tutkimuksestaan ja Suomen Mets\u00e4museo Luston amanuenssi Tuomas Juva valottaa suomalaisten monipuolista mets\u00e4historiaa.","breadcrumb":{"@id":"https:\/\/blogs.uef.fi\/puutlahellamme\/2023\/03\/08\/katajainen-kansa\/#breadcrumb"},"inLanguage":"fi","potentialAction":[{"@type":"ReadAction","target":["https:\/\/blogs.uef.fi\/puutlahellamme\/2023\/03\/08\/katajainen-kansa\/"]}]},{"@type":"ImageObject","inLanguage":"fi","@id":"https:\/\/blogs.uef.fi\/puutlahellamme\/2023\/03\/08\/katajainen-kansa\/#primaryimage","url":"https:\/\/blogs.uef.fi\/puutlahellamme\/wp-content\/uploads\/sites\/109\/2023\/03\/Screenshot-2023-03-08-at-12-44-00-Antropodi-Katajainen-kansa-AntroBlogi.png","contentUrl":"https:\/\/blogs.uef.fi\/puutlahellamme\/wp-content\/uploads\/sites\/109\/2023\/03\/Screenshot-2023-03-08-at-12-44-00-Antropodi-Katajainen-kansa-AntroBlogi.png","width":1893,"height":600,"caption":"Teksti: Antropodi: Katajainen kansa. Taustalla kuva puistomaisemasta"},{"@type":"BreadcrumbList","@id":"https:\/\/blogs.uef.fi\/puutlahellamme\/2023\/03\/08\/katajainen-kansa\/#breadcrumb","itemListElement":[{"@type":"ListItem","position":1,"name":"Home","item":"https:\/\/blogs.uef.fi\/puutlahellamme\/"},{"@type":"ListItem","position":2,"name":"Katajainen kansa"}]},{"@type":"WebSite","@id":"https:\/\/blogs.uef.fi\/puutlahellamme\/#website","url":"https:\/\/blogs.uef.fi\/puutlahellamme\/","name":"Puut l\u00e4hell\u00e4mme - tutkimushanke","description":"","publisher":{"@id":"https:\/\/blogs.uef.fi\/puutlahellamme\/#organization"},"potentialAction":[{"@type":"SearchAction","target":{"@type":"EntryPoint","urlTemplate":"https:\/\/blogs.uef.fi\/puutlahellamme\/?s={search_term_string}"},"query-input":{"@type":"PropertyValueSpecification","valueRequired":true,"valueName":"search_term_string"}}],"inLanguage":"fi"},{"@type":"Organization","@id":"https:\/\/blogs.uef.fi\/puutlahellamme\/#organization","name":"Puut l\u00e4hell\u00e4mme-tutkimushanke","url":"https:\/\/blogs.uef.fi\/puutlahellamme\/","logo":{"@type":"ImageObject","inLanguage":"fi","@id":"https:\/\/blogs.uef.fi\/puutlahellamme\/#\/schema\/logo\/image\/","url":"https:\/\/blogs.uef.fi\/puutlahellamme\/wp-content\/uploads\/sites\/109\/2019\/09\/profiilikuva.jpg","contentUrl":"https:\/\/blogs.uef.fi\/puutlahellamme\/wp-content\/uploads\/sites\/109\/2019\/09\/profiilikuva.jpg","width":663,"height":546,"caption":"Puut l\u00e4hell\u00e4mme-tutkimushanke"},"image":{"@id":"https:\/\/blogs.uef.fi\/puutlahellamme\/#\/schema\/logo\/image\/"}},{"@type":"Person","@id":"https:\/\/blogs.uef.fi\/puutlahellamme\/#\/schema\/person\/d6f755ffe6b4816b6949b4f362371fee","name":"kvainio","image":{"@type":"ImageObject","inLanguage":"fi","@id":"https:\/\/secure.gravatar.com\/avatar\/786caac7cf4a435f2e85373cefd2f6e97e8ec2d77482bdfe50e1d7352a44e2a0?s=96&d=mm&r=g","url":"https:\/\/secure.gravatar.com\/avatar\/786caac7cf4a435f2e85373cefd2f6e97e8ec2d77482bdfe50e1d7352a44e2a0?s=96&d=mm&r=g","contentUrl":"https:\/\/secure.gravatar.com\/avatar\/786caac7cf4a435f2e85373cefd2f6e97e8ec2d77482bdfe50e1d7352a44e2a0?s=96&d=mm&r=g","caption":"kvainio"},"url":"https:\/\/blogs.uef.fi\/puutlahellamme\/author\/kvainio\/"}]}},"_links":{"self":[{"href":"https:\/\/blogs.uef.fi\/puutlahellamme\/wp-json\/wp\/v2\/posts\/884","targetHints":{"allow":["GET"]}}],"collection":[{"href":"https:\/\/blogs.uef.fi\/puutlahellamme\/wp-json\/wp\/v2\/posts"}],"about":[{"href":"https:\/\/blogs.uef.fi\/puutlahellamme\/wp-json\/wp\/v2\/types\/post"}],"author":[{"embeddable":true,"href":"https:\/\/blogs.uef.fi\/puutlahellamme\/wp-json\/wp\/v2\/users\/265"}],"replies":[{"embeddable":true,"href":"https:\/\/blogs.uef.fi\/puutlahellamme\/wp-json\/wp\/v2\/comments?post=884"}],"version-history":[{"count":1,"href":"https:\/\/blogs.uef.fi\/puutlahellamme\/wp-json\/wp\/v2\/posts\/884\/revisions"}],"predecessor-version":[{"id":890,"href":"https:\/\/blogs.uef.fi\/puutlahellamme\/wp-json\/wp\/v2\/posts\/884\/revisions\/890"}],"wp:featuredmedia":[{"embeddable":true,"href":"https:\/\/blogs.uef.fi\/puutlahellamme\/wp-json\/wp\/v2\/media\/887"}],"wp:attachment":[{"href":"https:\/\/blogs.uef.fi\/puutlahellamme\/wp-json\/wp\/v2\/media?parent=884"}],"wp:term":[{"taxonomy":"category","embeddable":true,"href":"https:\/\/blogs.uef.fi\/puutlahellamme\/wp-json\/wp\/v2\/categories?post=884"},{"taxonomy":"post_tag","embeddable":true,"href":"https:\/\/blogs.uef.fi\/puutlahellamme\/wp-json\/wp\/v2\/tags?post=884"}],"curies":[{"name":"wp","href":"https:\/\/api.w.org\/{rel}","templated":true}]}}