{"id":845,"date":"2023-01-31T22:51:58","date_gmt":"2023-01-31T22:51:58","guid":{"rendered":"https:\/\/blogs.uef.fi\/puutlahellamme\/?p=845"},"modified":"2023-01-31T22:52:19","modified_gmt":"2023-01-31T22:52:19","slug":"tieteidenpaivat","status":"publish","type":"post","link":"https:\/\/blogs.uef.fi\/puutlahellamme\/2023\/01\/31\/tieteidenpaivat\/","title":{"rendered":"Ymp\u00e4rist\u00f6kulttuuria Tieteiden p\u00e4ivill\u00e4"},"content":{"rendered":"\n<p>Tieteen p\u00e4iv\u00e4t | 11.\u201315.1.2023 Helsingin yliopiston Porthaniassa ja Tiedekulmassa. Tutustu tapahtumaan osoitteessa www.tieteenpaivat.fi.<\/p>\n\n\n\n<p>Tutkijamme Karoliina Lummaa ja Kaisa Vainio olivat p\u00e4ivill\u00e4 mukana puhumassa luontokulttuurista, ihmisen yhteydest\u00e4 luontoon ja puiden merkityksest\u00e4 ihmisille.<\/p>\n\n\n\n<h2 class=\"wp-block-heading\">Enemm\u00e4n kuin ihminen?<\/h2>\n\n\n\n<p>Ilmasto- ja ymp\u00e4rist\u00f6kriisin ytimess\u00e4 on teollistuneissa yhteiskunnissa syv\u00e4\u00e4n juurtunut k\u00e4sitys ihmisest\u00e4 muusta luonnosta erillisen\u00e4 toimijana. Yksil\u00f6keskeinen, ihmisen erillisyytt\u00e4 ja erityisyytt\u00e4 korostava ihmiskuva ohjaa sek\u00e4 politiikkatoimia ett\u00e4 totuttuja tapojamme olla, kuluttaa ja el\u00e4\u00e4 suhteessa muuhun elonkeh\u00e4\u00e4n. Ilmastonmuutos ja luontokato ovatkin paitsi ekologisia my\u00f6s syvi\u00e4 yhteiskunnallisia ja kulttuurisia ongelmia.<\/p>\n\n\n\n<p>Sessio l\u00e4hestyy ei-inhimillisi\u00e4 olioita ja ilmi\u00f6it\u00e4 aktiivisina toimijoina, jotka haastavat erillisyyteen perustuvaa ihmiskuvaa. Kuinka ihmisten, el\u00e4inten ja kasvien el\u00e4m\u00e4t limittyv\u00e4t toisiinsa? Millaisia vaihtoehtoisia k\u00e4sityksi\u00e4 ihmisyhteis\u00f6ill\u00e4 on ymp\u00e4rist\u00f6st\u00e4\u00e4n? Kuinka ekologiset ongelmat murentavat erottelua luonnon ja kulttuurin v\u00e4lill\u00e4?<\/p>\n\n\n\n<p>Puheenjohtaja: tutkijatohtori Jelena Salmi (Jyv\u00e4skyl\u00e4n yliopisto)<br>tutkija Sanna Lillbro\u00e4nda-Annala (\u00c5bo Akademi): Mit\u00e4 punkit voivat opettaa meille? Punkit ihmiskeskeisen maailman valokeilassa<br>yliopistotutkija Anu Lounela (Helsingin yliopisto): Borneon dajakkien vaihtelevat suhteet ei-inhimillisiin toimijoihin ja luontokappaleisiin nopeasti muuttuvassa jokiymp\u00e4rist\u00f6ss\u00e4<br>v\u00e4it\u00f6skirjatutkija Kaisa Vainio (It\u00e4-Suomen yliopisto): Ihmisen puusuhteet yhteyten\u00e4 \u201djohonkin ihmist\u00e4 suurempaan\u201d<\/p>\n\n\n\n<p><a href=\"https:\/\/www.youtube.com\/watch?v=mvMMacG8LtM\">Katso luento TiedeTVss\u00e4<\/a><\/p>\n\n\n\n<h2 class=\"wp-block-heading\">Ymp\u00e4rist\u00f6n kaksi kulttuuria -paneeli<\/h2>\n\n\n\n<p><\/p>\n\n\n\n<p>Monialaista ymp\u00e4rist\u00f6- ja kest\u00e4vyystutkimusta hallitsee yh\u00e4 pitk\u00e4lti luonnontieteellisen tutkimusparadigman m\u00e4\u00e4ritt\u00e4m\u00e4 k\u00e4sitys siit\u00e4, miten ymp\u00e4rist\u00f6 m\u00e4\u00e4ritell\u00e4\u00e4n ja mik\u00e4 on ihmisen rooli suhteessa siihen.<\/p>\n\n\n\n<p>Paneelissa tarkastellaan ihmisen ja muun luonnon v\u00e4list\u00e4 vuorovaikutusta ymp\u00e4rist\u00f6ekologian, filosofisen ymp\u00e4rist\u00f6estetiikan sek\u00e4 laajemmin humanistisen ymp\u00e4rist\u00f6- ja taiteentutkimuksen n\u00e4k\u00f6kulmista. Rakennamme siltaa ja yhteist\u00e4 ymm\u00e4rryst\u00e4 luonnontieteellisen ja humanistis-filosofisen ymp\u00e4rist\u00f6tutkimuksen v\u00e4lille. Pohdimme, miten ymp\u00e4rist\u00f6- ja kest\u00e4vyystutkimuksessa p\u00e4\u00e4st\u00e4\u00e4n vastakkainasettelujen sijaan yhdess\u00e4 eteenp\u00e4in yh\u00e4 monimutkaisempien ymp\u00e4rist\u00f6ongelmien aikakaudella.<\/p>\n\n\n\n<p>Puheenjohtaja: tutkija Sanna Lehtinen (Aalto-yliopisto)<br>Panelistit: johtaja Susanna Lehv\u00e4virta (Kest\u00e4vyystieteen instituutti, Helsingin yliopisto), tutkija Karoliina Lummaa (Turun yliopisto ja BIOS-tutkimusyksikk\u00f6), professori emeritus Yrj\u00f6 Sep\u00e4nmaa (It\u00e4-Suomen yliopisto)<\/p>\n\n\n\n<p><a href=\"https:\/\/www.youtube.com\/watch?v=1T5nNQ51-Eo\">Katso paneeli TiedeTVss\u00e4<\/a><\/p>\n","protected":false},"excerpt":{"rendered":"<p>Tieteen p\u00e4iv\u00e4t | 11.\u201315.1.2023 Helsingin yliopiston Porthaniassa ja Tiedekulmassa. Tutustu tapahtumaan osoitteessa www.tieteenpaivat.fi. Tutkijamme Karoliina Lummaa ja Kaisa Vainio olivat p\u00e4ivill\u00e4 mukana puhumassa luontokulttuurista, ihmisen yhteydest\u00e4 luontoon ja puiden merkityksest\u00e4 ihmisille. Enemm\u00e4n kuin ihminen? Ilmasto- ja ymp\u00e4rist\u00f6kriisin ytimess\u00e4 on teollistuneissa yhteiskunnissa syv\u00e4\u00e4n juurtunut k\u00e4sitys ihmisest\u00e4 muusta luonnosta erillisen\u00e4 toimijana. Yksil\u00f6keskeinen, ihmisen erillisyytt\u00e4 ja erityisyytt\u00e4 korostava [&hellip;]<\/p>\n","protected":false},"author":265,"featured_media":558,"comment_status":"open","ping_status":"open","sticky":false,"template":"","format":"standard","meta":{"_acf_changed":false,"footnotes":""},"categories":[21],"tags":[],"class_list":["post-845","post","type-post","status-publish","format-standard","has-post-thumbnail","hentry","category-tutkimus"],"acf":[],"yoast_head":"<!-- This site is optimized with the Yoast SEO plugin v27.3 - https:\/\/yoast.com\/product\/yoast-seo-wordpress\/ -->\n<title>Ymp\u00e4rist\u00f6kulttuuria Tieteiden p\u00e4ivill\u00e4 | Trees Near Us - Puut l\u00e4hell\u00e4mme - Bomen Naast Ons<\/title>\n<meta name=\"description\" content=\"Hankkeemme tutkijat olivat n\u00e4kyv\u00e4sti esill\u00e4 Helsingin Yliopiston Tieteiden p\u00e4ivill\u00e4 2023\" \/>\n<meta name=\"robots\" content=\"index, follow, max-snippet:-1, max-image-preview:large, max-video-preview:-1\" \/>\n<link rel=\"canonical\" href=\"https:\/\/blogs.uef.fi\/puutlahellamme\/2023\/01\/31\/tieteidenpaivat\/\" \/>\n<meta property=\"og:locale\" content=\"fi_FI\" \/>\n<meta property=\"og:type\" content=\"article\" \/>\n<meta property=\"og:title\" content=\"Ymp\u00e4rist\u00f6kulttuuria Tieteiden p\u00e4ivill\u00e4 | Trees Near Us - Puut l\u00e4hell\u00e4mme - Bomen Naast Ons\" \/>\n<meta property=\"og:description\" content=\"Hankkeemme tutkijat olivat n\u00e4kyv\u00e4sti esill\u00e4 Helsingin Yliopiston Tieteiden p\u00e4ivill\u00e4 2023\" \/>\n<meta property=\"og:url\" content=\"https:\/\/blogs.uef.fi\/puutlahellamme\/2023\/01\/31\/tieteidenpaivat\/\" \/>\n<meta property=\"og:site_name\" content=\"Trees Near Us - Puut l\u00e4hell\u00e4mme - Bomen Naast Ons\" \/>\n<meta property=\"article:published_time\" content=\"2023-01-31T22:51:58+00:00\" \/>\n<meta property=\"article:modified_time\" content=\"2023-01-31T22:52:19+00:00\" \/>\n<meta property=\"og:image\" content=\"https:\/\/blogs.uef.fi\/puutlahellamme\/wp-content\/uploads\/sites\/109\/2020\/10\/DSC1561.jpg\" \/>\n\t<meta property=\"og:image:width\" content=\"1200\" \/>\n\t<meta property=\"og:image:height\" content=\"798\" \/>\n\t<meta property=\"og:image:type\" content=\"image\/jpeg\" \/>\n<meta name=\"author\" content=\"kvainio\" \/>\n<meta name=\"twitter:card\" content=\"summary_large_image\" \/>\n<meta name=\"twitter:label1\" content=\"Kirjoittanut\" \/>\n\t<meta name=\"twitter:data1\" content=\"kvainio\" \/>\n\t<meta name=\"twitter:label2\" content=\"Arvioitu lukuaika\" \/>\n\t<meta name=\"twitter:data2\" content=\"2 minuuttia\" \/>\n<script type=\"application\/ld+json\" class=\"yoast-schema-graph\">{\"@context\":\"https:\\\/\\\/schema.org\",\"@graph\":[{\"@type\":\"Article\",\"@id\":\"https:\\\/\\\/blogs.uef.fi\\\/puutlahellamme\\\/2023\\\/01\\\/31\\\/tieteidenpaivat\\\/#article\",\"isPartOf\":{\"@id\":\"https:\\\/\\\/blogs.uef.fi\\\/puutlahellamme\\\/2023\\\/01\\\/31\\\/tieteidenpaivat\\\/\"},\"author\":{\"name\":\"kvainio\",\"@id\":\"https:\\\/\\\/blogs.uef.fi\\\/puutlahellamme\\\/#\\\/schema\\\/person\\\/d6f755ffe6b4816b6949b4f362371fee\"},\"headline\":\"Ymp\u00e4rist\u00f6kulttuuria Tieteiden p\u00e4ivill\u00e4\",\"datePublished\":\"2023-01-31T22:51:58+00:00\",\"dateModified\":\"2023-01-31T22:52:19+00:00\",\"mainEntityOfPage\":{\"@id\":\"https:\\\/\\\/blogs.uef.fi\\\/puutlahellamme\\\/2023\\\/01\\\/31\\\/tieteidenpaivat\\\/\"},\"wordCount\":337,\"commentCount\":1,\"publisher\":{\"@id\":\"https:\\\/\\\/blogs.uef.fi\\\/puutlahellamme\\\/#organization\"},\"image\":{\"@id\":\"https:\\\/\\\/blogs.uef.fi\\\/puutlahellamme\\\/2023\\\/01\\\/31\\\/tieteidenpaivat\\\/#primaryimage\"},\"thumbnailUrl\":\"https:\\\/\\\/blogs.uef.fi\\\/puutlahellamme\\\/wp-content\\\/uploads\\\/sites\\\/109\\\/2020\\\/10\\\/DSC1561.jpg\",\"articleSection\":[\"Tutkimus\"],\"inLanguage\":\"fi\",\"potentialAction\":[{\"@type\":\"CommentAction\",\"name\":\"Comment\",\"target\":[\"https:\\\/\\\/blogs.uef.fi\\\/puutlahellamme\\\/2023\\\/01\\\/31\\\/tieteidenpaivat\\\/#respond\"]}]},{\"@type\":\"WebPage\",\"@id\":\"https:\\\/\\\/blogs.uef.fi\\\/puutlahellamme\\\/2023\\\/01\\\/31\\\/tieteidenpaivat\\\/\",\"url\":\"https:\\\/\\\/blogs.uef.fi\\\/puutlahellamme\\\/2023\\\/01\\\/31\\\/tieteidenpaivat\\\/\",\"name\":\"Ymp\u00e4rist\u00f6kulttuuria Tieteiden p\u00e4ivill\u00e4 | Trees Near Us - Puut l\u00e4hell\u00e4mme - Bomen Naast Ons\",\"isPartOf\":{\"@id\":\"https:\\\/\\\/blogs.uef.fi\\\/puutlahellamme\\\/#website\"},\"primaryImageOfPage\":{\"@id\":\"https:\\\/\\\/blogs.uef.fi\\\/puutlahellamme\\\/2023\\\/01\\\/31\\\/tieteidenpaivat\\\/#primaryimage\"},\"image\":{\"@id\":\"https:\\\/\\\/blogs.uef.fi\\\/puutlahellamme\\\/2023\\\/01\\\/31\\\/tieteidenpaivat\\\/#primaryimage\"},\"thumbnailUrl\":\"https:\\\/\\\/blogs.uef.fi\\\/puutlahellamme\\\/wp-content\\\/uploads\\\/sites\\\/109\\\/2020\\\/10\\\/DSC1561.jpg\",\"datePublished\":\"2023-01-31T22:51:58+00:00\",\"dateModified\":\"2023-01-31T22:52:19+00:00\",\"description\":\"Hankkeemme tutkijat olivat n\u00e4kyv\u00e4sti esill\u00e4 Helsingin Yliopiston Tieteiden p\u00e4ivill\u00e4 2023\",\"breadcrumb\":{\"@id\":\"https:\\\/\\\/blogs.uef.fi\\\/puutlahellamme\\\/2023\\\/01\\\/31\\\/tieteidenpaivat\\\/#breadcrumb\"},\"inLanguage\":\"fi\",\"potentialAction\":[{\"@type\":\"ReadAction\",\"target\":[\"https:\\\/\\\/blogs.uef.fi\\\/puutlahellamme\\\/2023\\\/01\\\/31\\\/tieteidenpaivat\\\/\"]}]},{\"@type\":\"ImageObject\",\"inLanguage\":\"fi\",\"@id\":\"https:\\\/\\\/blogs.uef.fi\\\/puutlahellamme\\\/2023\\\/01\\\/31\\\/tieteidenpaivat\\\/#primaryimage\",\"url\":\"https:\\\/\\\/blogs.uef.fi\\\/puutlahellamme\\\/wp-content\\\/uploads\\\/sites\\\/109\\\/2020\\\/10\\\/DSC1561.jpg\",\"contentUrl\":\"https:\\\/\\\/blogs.uef.fi\\\/puutlahellamme\\\/wp-content\\\/uploads\\\/sites\\\/109\\\/2020\\\/10\\\/DSC1561.jpg\",\"width\":1200,\"height\":798,\"caption\":\"Kaksi tutkijaa ja puun runko\"},{\"@type\":\"BreadcrumbList\",\"@id\":\"https:\\\/\\\/blogs.uef.fi\\\/puutlahellamme\\\/2023\\\/01\\\/31\\\/tieteidenpaivat\\\/#breadcrumb\",\"itemListElement\":[{\"@type\":\"ListItem\",\"position\":1,\"name\":\"Home\",\"item\":\"https:\\\/\\\/blogs.uef.fi\\\/puutlahellamme\\\/\"},{\"@type\":\"ListItem\",\"position\":2,\"name\":\"Ymp\u00e4rist\u00f6kulttuuria Tieteiden p\u00e4ivill\u00e4\"}]},{\"@type\":\"WebSite\",\"@id\":\"https:\\\/\\\/blogs.uef.fi\\\/puutlahellamme\\\/#website\",\"url\":\"https:\\\/\\\/blogs.uef.fi\\\/puutlahellamme\\\/\",\"name\":\"Puut l\u00e4hell\u00e4mme - tutkimushanke\",\"description\":\"\",\"publisher\":{\"@id\":\"https:\\\/\\\/blogs.uef.fi\\\/puutlahellamme\\\/#organization\"},\"potentialAction\":[{\"@type\":\"SearchAction\",\"target\":{\"@type\":\"EntryPoint\",\"urlTemplate\":\"https:\\\/\\\/blogs.uef.fi\\\/puutlahellamme\\\/?s={search_term_string}\"},\"query-input\":{\"@type\":\"PropertyValueSpecification\",\"valueRequired\":true,\"valueName\":\"search_term_string\"}}],\"inLanguage\":\"fi\"},{\"@type\":\"Organization\",\"@id\":\"https:\\\/\\\/blogs.uef.fi\\\/puutlahellamme\\\/#organization\",\"name\":\"Puut l\u00e4hell\u00e4mme-tutkimushanke\",\"url\":\"https:\\\/\\\/blogs.uef.fi\\\/puutlahellamme\\\/\",\"logo\":{\"@type\":\"ImageObject\",\"inLanguage\":\"fi\",\"@id\":\"https:\\\/\\\/blogs.uef.fi\\\/puutlahellamme\\\/#\\\/schema\\\/logo\\\/image\\\/\",\"url\":\"https:\\\/\\\/blogs.uef.fi\\\/puutlahellamme\\\/wp-content\\\/uploads\\\/sites\\\/109\\\/2019\\\/09\\\/profiilikuva.jpg\",\"contentUrl\":\"https:\\\/\\\/blogs.uef.fi\\\/puutlahellamme\\\/wp-content\\\/uploads\\\/sites\\\/109\\\/2019\\\/09\\\/profiilikuva.jpg\",\"width\":663,\"height\":546,\"caption\":\"Puut l\u00e4hell\u00e4mme-tutkimushanke\"},\"image\":{\"@id\":\"https:\\\/\\\/blogs.uef.fi\\\/puutlahellamme\\\/#\\\/schema\\\/logo\\\/image\\\/\"}},{\"@type\":\"Person\",\"@id\":\"https:\\\/\\\/blogs.uef.fi\\\/puutlahellamme\\\/#\\\/schema\\\/person\\\/d6f755ffe6b4816b6949b4f362371fee\",\"name\":\"kvainio\",\"image\":{\"@type\":\"ImageObject\",\"inLanguage\":\"fi\",\"@id\":\"https:\\\/\\\/secure.gravatar.com\\\/avatar\\\/786caac7cf4a435f2e85373cefd2f6e97e8ec2d77482bdfe50e1d7352a44e2a0?s=96&d=mm&r=g\",\"url\":\"https:\\\/\\\/secure.gravatar.com\\\/avatar\\\/786caac7cf4a435f2e85373cefd2f6e97e8ec2d77482bdfe50e1d7352a44e2a0?s=96&d=mm&r=g\",\"contentUrl\":\"https:\\\/\\\/secure.gravatar.com\\\/avatar\\\/786caac7cf4a435f2e85373cefd2f6e97e8ec2d77482bdfe50e1d7352a44e2a0?s=96&d=mm&r=g\",\"caption\":\"kvainio\"},\"url\":\"https:\\\/\\\/blogs.uef.fi\\\/puutlahellamme\\\/author\\\/kvainio\\\/\"}]}<\/script>\n<!-- \/ Yoast SEO plugin. -->","yoast_head_json":{"title":"Ymp\u00e4rist\u00f6kulttuuria Tieteiden p\u00e4ivill\u00e4 | Trees Near Us - Puut l\u00e4hell\u00e4mme - Bomen Naast Ons","description":"Hankkeemme tutkijat olivat n\u00e4kyv\u00e4sti esill\u00e4 Helsingin Yliopiston Tieteiden p\u00e4ivill\u00e4 2023","robots":{"index":"index","follow":"follow","max-snippet":"max-snippet:-1","max-image-preview":"max-image-preview:large","max-video-preview":"max-video-preview:-1"},"canonical":"https:\/\/blogs.uef.fi\/puutlahellamme\/2023\/01\/31\/tieteidenpaivat\/","og_locale":"fi_FI","og_type":"article","og_title":"Ymp\u00e4rist\u00f6kulttuuria Tieteiden p\u00e4ivill\u00e4 | Trees Near Us - Puut l\u00e4hell\u00e4mme - Bomen Naast Ons","og_description":"Hankkeemme tutkijat olivat n\u00e4kyv\u00e4sti esill\u00e4 Helsingin Yliopiston Tieteiden p\u00e4ivill\u00e4 2023","og_url":"https:\/\/blogs.uef.fi\/puutlahellamme\/2023\/01\/31\/tieteidenpaivat\/","og_site_name":"Trees Near Us - Puut l\u00e4hell\u00e4mme - Bomen Naast Ons","article_published_time":"2023-01-31T22:51:58+00:00","article_modified_time":"2023-01-31T22:52:19+00:00","og_image":[{"width":1200,"height":798,"url":"https:\/\/blogs.uef.fi\/puutlahellamme\/wp-content\/uploads\/sites\/109\/2020\/10\/DSC1561.jpg","type":"image\/jpeg"}],"author":"kvainio","twitter_card":"summary_large_image","twitter_misc":{"Kirjoittanut":"kvainio","Arvioitu lukuaika":"2 minuuttia"},"schema":{"@context":"https:\/\/schema.org","@graph":[{"@type":"Article","@id":"https:\/\/blogs.uef.fi\/puutlahellamme\/2023\/01\/31\/tieteidenpaivat\/#article","isPartOf":{"@id":"https:\/\/blogs.uef.fi\/puutlahellamme\/2023\/01\/31\/tieteidenpaivat\/"},"author":{"name":"kvainio","@id":"https:\/\/blogs.uef.fi\/puutlahellamme\/#\/schema\/person\/d6f755ffe6b4816b6949b4f362371fee"},"headline":"Ymp\u00e4rist\u00f6kulttuuria Tieteiden p\u00e4ivill\u00e4","datePublished":"2023-01-31T22:51:58+00:00","dateModified":"2023-01-31T22:52:19+00:00","mainEntityOfPage":{"@id":"https:\/\/blogs.uef.fi\/puutlahellamme\/2023\/01\/31\/tieteidenpaivat\/"},"wordCount":337,"commentCount":1,"publisher":{"@id":"https:\/\/blogs.uef.fi\/puutlahellamme\/#organization"},"image":{"@id":"https:\/\/blogs.uef.fi\/puutlahellamme\/2023\/01\/31\/tieteidenpaivat\/#primaryimage"},"thumbnailUrl":"https:\/\/blogs.uef.fi\/puutlahellamme\/wp-content\/uploads\/sites\/109\/2020\/10\/DSC1561.jpg","articleSection":["Tutkimus"],"inLanguage":"fi","potentialAction":[{"@type":"CommentAction","name":"Comment","target":["https:\/\/blogs.uef.fi\/puutlahellamme\/2023\/01\/31\/tieteidenpaivat\/#respond"]}]},{"@type":"WebPage","@id":"https:\/\/blogs.uef.fi\/puutlahellamme\/2023\/01\/31\/tieteidenpaivat\/","url":"https:\/\/blogs.uef.fi\/puutlahellamme\/2023\/01\/31\/tieteidenpaivat\/","name":"Ymp\u00e4rist\u00f6kulttuuria Tieteiden p\u00e4ivill\u00e4 | Trees Near Us - Puut l\u00e4hell\u00e4mme - Bomen Naast Ons","isPartOf":{"@id":"https:\/\/blogs.uef.fi\/puutlahellamme\/#website"},"primaryImageOfPage":{"@id":"https:\/\/blogs.uef.fi\/puutlahellamme\/2023\/01\/31\/tieteidenpaivat\/#primaryimage"},"image":{"@id":"https:\/\/blogs.uef.fi\/puutlahellamme\/2023\/01\/31\/tieteidenpaivat\/#primaryimage"},"thumbnailUrl":"https:\/\/blogs.uef.fi\/puutlahellamme\/wp-content\/uploads\/sites\/109\/2020\/10\/DSC1561.jpg","datePublished":"2023-01-31T22:51:58+00:00","dateModified":"2023-01-31T22:52:19+00:00","description":"Hankkeemme tutkijat olivat n\u00e4kyv\u00e4sti esill\u00e4 Helsingin Yliopiston Tieteiden p\u00e4ivill\u00e4 2023","breadcrumb":{"@id":"https:\/\/blogs.uef.fi\/puutlahellamme\/2023\/01\/31\/tieteidenpaivat\/#breadcrumb"},"inLanguage":"fi","potentialAction":[{"@type":"ReadAction","target":["https:\/\/blogs.uef.fi\/puutlahellamme\/2023\/01\/31\/tieteidenpaivat\/"]}]},{"@type":"ImageObject","inLanguage":"fi","@id":"https:\/\/blogs.uef.fi\/puutlahellamme\/2023\/01\/31\/tieteidenpaivat\/#primaryimage","url":"https:\/\/blogs.uef.fi\/puutlahellamme\/wp-content\/uploads\/sites\/109\/2020\/10\/DSC1561.jpg","contentUrl":"https:\/\/blogs.uef.fi\/puutlahellamme\/wp-content\/uploads\/sites\/109\/2020\/10\/DSC1561.jpg","width":1200,"height":798,"caption":"Kaksi tutkijaa ja puun runko"},{"@type":"BreadcrumbList","@id":"https:\/\/blogs.uef.fi\/puutlahellamme\/2023\/01\/31\/tieteidenpaivat\/#breadcrumb","itemListElement":[{"@type":"ListItem","position":1,"name":"Home","item":"https:\/\/blogs.uef.fi\/puutlahellamme\/"},{"@type":"ListItem","position":2,"name":"Ymp\u00e4rist\u00f6kulttuuria Tieteiden p\u00e4ivill\u00e4"}]},{"@type":"WebSite","@id":"https:\/\/blogs.uef.fi\/puutlahellamme\/#website","url":"https:\/\/blogs.uef.fi\/puutlahellamme\/","name":"Puut l\u00e4hell\u00e4mme - tutkimushanke","description":"","publisher":{"@id":"https:\/\/blogs.uef.fi\/puutlahellamme\/#organization"},"potentialAction":[{"@type":"SearchAction","target":{"@type":"EntryPoint","urlTemplate":"https:\/\/blogs.uef.fi\/puutlahellamme\/?s={search_term_string}"},"query-input":{"@type":"PropertyValueSpecification","valueRequired":true,"valueName":"search_term_string"}}],"inLanguage":"fi"},{"@type":"Organization","@id":"https:\/\/blogs.uef.fi\/puutlahellamme\/#organization","name":"Puut l\u00e4hell\u00e4mme-tutkimushanke","url":"https:\/\/blogs.uef.fi\/puutlahellamme\/","logo":{"@type":"ImageObject","inLanguage":"fi","@id":"https:\/\/blogs.uef.fi\/puutlahellamme\/#\/schema\/logo\/image\/","url":"https:\/\/blogs.uef.fi\/puutlahellamme\/wp-content\/uploads\/sites\/109\/2019\/09\/profiilikuva.jpg","contentUrl":"https:\/\/blogs.uef.fi\/puutlahellamme\/wp-content\/uploads\/sites\/109\/2019\/09\/profiilikuva.jpg","width":663,"height":546,"caption":"Puut l\u00e4hell\u00e4mme-tutkimushanke"},"image":{"@id":"https:\/\/blogs.uef.fi\/puutlahellamme\/#\/schema\/logo\/image\/"}},{"@type":"Person","@id":"https:\/\/blogs.uef.fi\/puutlahellamme\/#\/schema\/person\/d6f755ffe6b4816b6949b4f362371fee","name":"kvainio","image":{"@type":"ImageObject","inLanguage":"fi","@id":"https:\/\/secure.gravatar.com\/avatar\/786caac7cf4a435f2e85373cefd2f6e97e8ec2d77482bdfe50e1d7352a44e2a0?s=96&d=mm&r=g","url":"https:\/\/secure.gravatar.com\/avatar\/786caac7cf4a435f2e85373cefd2f6e97e8ec2d77482bdfe50e1d7352a44e2a0?s=96&d=mm&r=g","contentUrl":"https:\/\/secure.gravatar.com\/avatar\/786caac7cf4a435f2e85373cefd2f6e97e8ec2d77482bdfe50e1d7352a44e2a0?s=96&d=mm&r=g","caption":"kvainio"},"url":"https:\/\/blogs.uef.fi\/puutlahellamme\/author\/kvainio\/"}]}},"_links":{"self":[{"href":"https:\/\/blogs.uef.fi\/puutlahellamme\/wp-json\/wp\/v2\/posts\/845","targetHints":{"allow":["GET"]}}],"collection":[{"href":"https:\/\/blogs.uef.fi\/puutlahellamme\/wp-json\/wp\/v2\/posts"}],"about":[{"href":"https:\/\/blogs.uef.fi\/puutlahellamme\/wp-json\/wp\/v2\/types\/post"}],"author":[{"embeddable":true,"href":"https:\/\/blogs.uef.fi\/puutlahellamme\/wp-json\/wp\/v2\/users\/265"}],"replies":[{"embeddable":true,"href":"https:\/\/blogs.uef.fi\/puutlahellamme\/wp-json\/wp\/v2\/comments?post=845"}],"version-history":[{"count":1,"href":"https:\/\/blogs.uef.fi\/puutlahellamme\/wp-json\/wp\/v2\/posts\/845\/revisions"}],"predecessor-version":[{"id":848,"href":"https:\/\/blogs.uef.fi\/puutlahellamme\/wp-json\/wp\/v2\/posts\/845\/revisions\/848"}],"wp:featuredmedia":[{"embeddable":true,"href":"https:\/\/blogs.uef.fi\/puutlahellamme\/wp-json\/wp\/v2\/media\/558"}],"wp:attachment":[{"href":"https:\/\/blogs.uef.fi\/puutlahellamme\/wp-json\/wp\/v2\/media?parent=845"}],"wp:term":[{"taxonomy":"category","embeddable":true,"href":"https:\/\/blogs.uef.fi\/puutlahellamme\/wp-json\/wp\/v2\/categories?post=845"},{"taxonomy":"post_tag","embeddable":true,"href":"https:\/\/blogs.uef.fi\/puutlahellamme\/wp-json\/wp\/v2\/tags?post=845"}],"curies":[{"name":"wp","href":"https:\/\/api.w.org\/{rel}","templated":true}]}}