{"id":171,"date":"2019-12-20T12:28:11","date_gmt":"2019-12-20T12:28:11","guid":{"rendered":"https:\/\/blogs.uef.fi\/puutlahellamme\/?p=171"},"modified":"2019-12-20T12:28:11","modified_gmt":"2019-12-20T12:28:11","slug":"elamamme-tarkeat-puut-nostavat-tunteet-pintaan","status":"publish","type":"post","link":"https:\/\/blogs.uef.fi\/puutlahellamme\/2019\/12\/20\/elamamme-tarkeat-puut-nostavat-tunteet-pintaan\/","title":{"rendered":"El\u00e4m\u00e4mme t\u00e4rke\u00e4t puut nostavat tunteet pintaan"},"content":{"rendered":"<p>T\u00e4m\u00e4 teksti on julkaistu ensimm\u00e4isen kerran Suomen Mets\u00e4museo Luston Mets\u00e4suhteita -blogissa (20.12.2019):\u00a0<a href=\"https:\/\/metsasuhteita.fi\/elamamme-tarkeat-puut-nostavat-tunteet-pintaan\/\" target=\"_blank\" rel=\"noopener\">https:\/\/metsasuhteita.fi\/elamamme-tarkeat-puut-nostavat-tunteet-pintaan\/<\/a><\/p>\n<p><b><span>Millaisia ovat suomalaisten puusuhteet? Sit\u00e4 tutkitaan nyt<\/span><\/b><b><span>\u00a0<\/span><\/b><b><span>kasviekologien, kulttuurintutkijoiden ja taiteilijoiden voimin<\/span><\/b><b><span>\u00a0It\u00e4-Suomen Yliopiston monitieteiss\u00e4 hankkeessa<\/span><\/b><b><span>\u00a0\u201dPuut l\u00e4hell\u00e4mme\u201d.<\/span><\/b><span>\u00a0<\/span><\/p>\n<p><span>Ihmisen suhde luontoon\u00a0<\/span><span>on osa jokap\u00e4iv\u00e4ist\u00e4 el\u00e4m\u00e4\u00e4mme.\u00a0<\/span><span>Tunnistamme\u00a0<\/span><span>mets\u00e4suhteemme,<\/span><span>\u00a0kun l\u00e4hdemme<\/span><span>\u00a0<\/span><span>mets\u00e4\u00e4n.\u00a0<\/span><span>Puusuhde\u00a0<\/span><span>on\u00a0<\/span><span>jollain tavalla ehk\u00e4 viel\u00e4 henkil\u00f6kohtaisempi, intiimimpi\u00a0<\/span><span>\u2013 ja toisaalta my\u00f6s arkisempi\u00a0<\/span><span>asia. Suhde puuhun voi kehitty\u00e4 huomaamatta<\/span><span>\u00a0arkisen el\u00e4m\u00e4mme sivussa<\/span><span>.<\/span><span>\u00a0<\/span><span>Puut eiv\u00e4t ole ihmisi\u00e4, mutta kiintymys johonkin puuhun voi olla jopa elinik\u00e4inen<\/span><span>.\u00a0<\/span><span>Suomessa ei tarvitse menn\u00e4 mets\u00e4\u00e4n tavatakseen puun. Ne ovat kaikkialla ymp\u00e4rill\u00e4mme.<\/span><span>\u00a0Me kiinnit\u00e4mme huomioita ymp\u00e4rist\u00f6ss\u00e4<\/span><span>mme kuitenkin vain<\/span><span>\u00a0joihinkin puihin, emme<\/span><span>\u00a0suinkaan<\/span><span>\u00a0kaikkiin. Joitakin puita tarkkailemme ymp\u00e4ri vuoden \u2013 lehtien v\u00e4rin vaihtumista, siin\u00e4 el\u00e4vi\u00e4 lintuja ja hy\u00f6nteisi\u00e4. Joitakin puita me hoidamme<\/span><span>\u00a0rakkaudella<\/span><span>\u00a0ja\u00a0<\/span><span>joitakin\u00a0<\/span><span>p\u00e4\u00e4t\u00e4mme siet\u00e4\u00e4<\/span><span>, vaikka ne aiheuttaisivat meille\u00a0<\/span><span>paljon\u00a0<\/span><span>vaivaa. Saatamme istuttaa puun itse ja seurata sen kasvua lastemme kanssa.<\/span><span>\u00a0<\/span><span>Joku hakee voimaa koskettamalla puun kaarnaa tai jakaa ajatuksensa hiljaiselle yst\u00e4v\u00e4lle.<\/span><span>\u00a0<\/span><span>Tee<\/span><span>mme p\u00e4\u00e4t\u00f6ksi\u00e4 elinpiirimme puiden kohtaloista.<\/span><span>\u00a0<\/span><span>Pihasta kaadettu puu l\u00e4mmitt\u00e4\u00e4\u00a0<\/span><span>meit\u00e4 talven paukkupakkasilla tai\u00a0<\/span><span>jatkaa<\/span><span>\u00a0el\u00e4m\u00e4<\/span><span>\u00e4ns\u00e4<\/span><span>\u00a0pirtinp\u00f6yt\u00e4n\u00e4.<\/span><span>\u00a0<\/span><\/p>\n<p><span>Puuhun voi kiinnitty\u00e4 syvi\u00e4kin tunteita, jotka ovat toisaalta arkisia, toisaalta yksityisi\u00e4. N\u00e4kyv\u00e4ksi ne tulevat usein vasta silloin, kun puu on jollakin tavalla uhattuna. Kaupungeissa asuvat ihmiset saavat huomata puiston isojen puiden kaatamisen j\u00e4rkytt\u00e4v\u00e4n\u00a0<\/span><span>tunteita rajustikin<\/span><span>.<\/span><span>\u00a0<\/span><span>Kaupunkip<\/span><span>uiden kohtaloi<\/span><span>ta puolustetaan\u00a0<\/span><span>voimallisestikin<\/span><span>, mutta\u00a0<\/span><span>puista<\/span><span>\u00a0neuvotellaan jatkuvasti my\u00f6s<\/span><span>\u00a0taloyhti\u00f6nkokouksissa tai perhepiiriss\u00e4.\u00a0<\/span><span>\u00a0<\/span><\/p>\n<p><span>Millaiset puut her\u00e4tt\u00e4v\u00e4t ihmisten empatian ja toisaalta, mit\u00e4 t\u00e4llaisen lajienv\u00e4lisen suhteen muodostuminen vaatii? Kiintyv\u00e4tk\u00f6 tietynlaiset ihmiset puihin, vai vaatiko kiintymys jonkin tietyn olosuhteen<\/span><span>\u00a0tai tietynlaisen persoonallisuuden<\/span><span>?<\/span><span>\u00a0Mi<\/span><span>ten meid\u00e4n kiintymyksemme\u00a0<\/span><span>vaikuttaa n\u00e4ihin puihin?<\/span><span>\u00a0<\/span><\/p>\n<p><span>Kun tutkitaan tunteita, asian ymm\u00e4rt\u00e4miseen tarvitaan muutakin kuin kyselyj\u00e4 ja analyysej\u00e4. Taide pystyy usein ilmaisemaan tunteita paljon<\/span><span>\u00a0tiedett\u00e4<\/span><span>\u00a0paremmin. Siksi olemme koonneet tutkimusryhm\u00e4n miss\u00e4\u00a0<\/span><span>mets\u00e4tieteilij\u00e4t, kulttuurintutkijat ja taiteilijat yhdess\u00e4 tarttuvat n\u00e4ihin kysymyksiin ja yritt\u00e4v\u00e4t ymm\u00e4rt\u00e4\u00e4 niit\u00e4. Tutkimme<\/span><span>\u00a0suomalaista<\/span><span>\u00a0kirjallisu<\/span><span>uden\u00a0<\/span><span>kuvaa puista<\/span><span>, ihmisten ottamia valokuvia<\/span><span>,<\/span><span>\u00a0teemme kyselyj\u00e4 ja haastatteluja ja ennen kaikkea, yrit\u00e4mme ymm\u00e4rt\u00e4\u00e4 erilaisia puusuhteita ja niiden muodostumista.\u00a0<\/span><span>\u00a0<\/span><\/p>\n<p><span>Kun aloitimme tutkimuksen teon, uskoimme suomalaisten tunteiden puita kohtaan olevan hyvin k\u00e4yt\u00e4nn\u00f6nl\u00e4heisi\u00e4. Nyt\u00a0<\/span><span>kun\u00a0<\/span><span>ihmisten kokemuksia on ker\u00e4tty jonkin aikaa, n\u00e4ytt\u00e4\u00e4 silt\u00e4, ett\u00e4 yll\u00e4tt\u00e4v\u00e4n moni pit\u00e4\u00e4 sis\u00e4ll\u00e4\u00e4n hyvin voimakkaita tunteita puita kohtaan.\u00a0<\/span><span>Mit\u00e4 sin\u00e4 olisit valmis tekem\u00e4\u00e4n\u00a0<\/span><span>sinulle t\u00e4rke\u00e4n puun hyv\u00e4ksi?<\/span><span>\u00a0<\/span><\/p>\n<p><span>Tervetuloa mukaan jakamaan\u00a0<\/span><span>kokemuksesi henkil\u00f6kohtaisesti t\u00e4rkeist\u00e4 puista\u00a0<\/span><span>ja seuraamaan tutkimustamme:\u00a0<\/span><a href=\"http:\/\/www.uef.fi\/puutlahellamme\"><span>http:\/\/www.uef.fi\/puutla<\/span><span>h<\/span><span>ellamme<\/span><\/a><span>\u00a0<\/span><\/p>\n<p><span>\u00a0<img loading=\"lazy\" decoding=\"async\" class=\"alignnone size-medium wp-image-173\" src=\"https:\/\/blogs.uef.fi\/puutlahellamme\/wp-content\/uploads\/sites\/109\/2019\/12\/Kaisa_DSC1445_blogi-300x147.jpg\" alt=\"\" width=\"300\" height=\"147\" srcset=\"https:\/\/blogs.uef.fi\/puutlahellamme\/wp-content\/uploads\/sites\/109\/2019\/12\/Kaisa_DSC1445_blogi-300x147.jpg 300w, https:\/\/blogs.uef.fi\/puutlahellamme\/wp-content\/uploads\/sites\/109\/2019\/12\/Kaisa_DSC1445_blogi.jpg 672w\" sizes=\"auto, (max-width: 300px) 100vw, 300px\" \/><\/span><\/p>\n<p><span>Kaisa Vainio\u00a0<\/span><span>on tohtorikoulutettava It\u00e4-Suomen Yliopiston mets\u00e4tieteiden osastolla<\/span><span>. Tutkimusta h\u00e4n tekee Puut l\u00e4hell\u00e4mme-hankkeessa.\u00a0<\/span><span>Uuteen kotikaupunkiinsa Joensuuhun h\u00e4n tutustuu puiden kautta \u2013 alkaen oman pihan\u00a0<\/span><span>hedelm\u00e4puiden hoidosta<\/span><span>\u00a0ja vaahteran lehtien haravoinnista.<\/span><span>\u00a0<\/span><\/p>\n","protected":false},"excerpt":{"rendered":"<p>T\u00e4m\u00e4 teksti on julkaistu ensimm\u00e4isen kerran Suomen Mets\u00e4museo Luston Mets\u00e4suhteita -blogissa (20.12.2019):\u00a0https:\/\/metsasuhteita.fi\/elamamme-tarkeat-puut-nostavat-tunteet-pintaan\/ Millaisia ovat suomalaisten puusuhteet? Sit\u00e4 tutkitaan nyt\u00a0kasviekologien, kulttuurintutkijoiden ja taiteilijoiden voimin\u00a0It\u00e4-Suomen Yliopiston monitieteiss\u00e4 hankkeessa\u00a0\u201dPuut l\u00e4hell\u00e4mme\u201d.\u00a0 Ihmisen suhde luontoon\u00a0on osa jokap\u00e4iv\u00e4ist\u00e4 el\u00e4m\u00e4\u00e4mme.\u00a0Tunnistamme\u00a0mets\u00e4suhteemme,\u00a0kun l\u00e4hdemme\u00a0mets\u00e4\u00e4n.\u00a0Puusuhde\u00a0on\u00a0jollain tavalla ehk\u00e4 viel\u00e4 henkil\u00f6kohtaisempi, intiimimpi\u00a0\u2013 ja toisaalta my\u00f6s arkisempi\u00a0asia. Suhde puuhun voi kehitty\u00e4 huomaamatta\u00a0arkisen el\u00e4m\u00e4mme sivussa.\u00a0Puut eiv\u00e4t ole ihmisi\u00e4, mutta kiintymys [&hellip;]<\/p>\n","protected":false},"author":265,"featured_media":175,"comment_status":"open","ping_status":"open","sticky":false,"template":"","format":"standard","meta":{"_acf_changed":false,"footnotes":""},"categories":[19,13,21],"tags":[31,17,5],"class_list":["post-171","post","type-post","status-publish","format-standard","has-post-thumbnail","hentry","category-muistot","category-puutarinat","category-tutkimus","tag-puut","tag-tunteet","tag-tutkimus"],"acf":[],"yoast_head":"<!-- This site is optimized with the Yoast SEO plugin v27.3 - https:\/\/yoast.com\/product\/yoast-seo-wordpress\/ -->\n<title>El\u00e4m\u00e4mme t\u00e4rke\u00e4t puut nostavat tunteet pintaan | Trees Near Us - Puut l\u00e4hell\u00e4mme - Bomen Naast Ons<\/title>\n<meta name=\"robots\" content=\"index, follow, max-snippet:-1, max-image-preview:large, max-video-preview:-1\" \/>\n<link rel=\"canonical\" href=\"https:\/\/blogs.uef.fi\/puutlahellamme\/2019\/12\/20\/elamamme-tarkeat-puut-nostavat-tunteet-pintaan\/\" \/>\n<meta property=\"og:locale\" content=\"fi_FI\" \/>\n<meta property=\"og:type\" content=\"article\" \/>\n<meta property=\"og:title\" content=\"El\u00e4m\u00e4mme t\u00e4rke\u00e4t puut nostavat tunteet pintaan | Trees Near Us - Puut l\u00e4hell\u00e4mme - Bomen Naast Ons\" \/>\n<meta property=\"og:description\" content=\"T\u00e4m\u00e4 teksti on julkaistu ensimm\u00e4isen kerran Suomen Mets\u00e4museo Luston Mets\u00e4suhteita -blogissa (20.12.2019):\u00a0https:\/\/metsasuhteita.fi\/elamamme-tarkeat-puut-nostavat-tunteet-pintaan\/ Millaisia ovat suomalaisten puusuhteet? Sit\u00e4 tutkitaan nyt\u00a0kasviekologien, kulttuurintutkijoiden ja taiteilijoiden voimin\u00a0It\u00e4-Suomen Yliopiston monitieteiss\u00e4 hankkeessa\u00a0\u201dPuut l\u00e4hell\u00e4mme\u201d.\u00a0 Ihmisen suhde luontoon\u00a0on osa jokap\u00e4iv\u00e4ist\u00e4 el\u00e4m\u00e4\u00e4mme.\u00a0Tunnistamme\u00a0mets\u00e4suhteemme,\u00a0kun l\u00e4hdemme\u00a0mets\u00e4\u00e4n.\u00a0Puusuhde\u00a0on\u00a0jollain tavalla ehk\u00e4 viel\u00e4 henkil\u00f6kohtaisempi, intiimimpi\u00a0\u2013 ja toisaalta my\u00f6s arkisempi\u00a0asia. Suhde puuhun voi kehitty\u00e4 huomaamatta\u00a0arkisen el\u00e4m\u00e4mme sivussa.\u00a0Puut eiv\u00e4t ole ihmisi\u00e4, mutta kiintymys [&hellip;]\" \/>\n<meta property=\"og:url\" content=\"https:\/\/blogs.uef.fi\/puutlahellamme\/2019\/12\/20\/elamamme-tarkeat-puut-nostavat-tunteet-pintaan\/\" \/>\n<meta property=\"og:site_name\" content=\"Trees Near Us - Puut l\u00e4hell\u00e4mme - Bomen Naast Ons\" \/>\n<meta property=\"article:published_time\" content=\"2019-12-20T12:28:11+00:00\" \/>\n<meta property=\"og:image\" content=\"https:\/\/blogs.uef.fi\/puutlahellamme\/wp-content\/uploads\/sites\/109\/2019\/12\/AdobeStock_61710325.jpg\" \/>\n\t<meta property=\"og:image:width\" content=\"1030\" \/>\n\t<meta property=\"og:image:height\" content=\"385\" \/>\n\t<meta property=\"og:image:type\" content=\"image\/jpeg\" \/>\n<meta name=\"author\" content=\"kvainio\" \/>\n<meta name=\"twitter:card\" content=\"summary_large_image\" \/>\n<meta name=\"twitter:label1\" content=\"Kirjoittanut\" \/>\n\t<meta name=\"twitter:data1\" content=\"kvainio\" \/>\n\t<meta name=\"twitter:label2\" content=\"Arvioitu lukuaika\" \/>\n\t<meta name=\"twitter:data2\" content=\"2 minuuttia\" \/>\n<script type=\"application\/ld+json\" class=\"yoast-schema-graph\">{\"@context\":\"https:\\\/\\\/schema.org\",\"@graph\":[{\"@type\":\"Article\",\"@id\":\"https:\\\/\\\/blogs.uef.fi\\\/puutlahellamme\\\/2019\\\/12\\\/20\\\/elamamme-tarkeat-puut-nostavat-tunteet-pintaan\\\/#article\",\"isPartOf\":{\"@id\":\"https:\\\/\\\/blogs.uef.fi\\\/puutlahellamme\\\/2019\\\/12\\\/20\\\/elamamme-tarkeat-puut-nostavat-tunteet-pintaan\\\/\"},\"author\":{\"name\":\"kvainio\",\"@id\":\"https:\\\/\\\/blogs.uef.fi\\\/puutlahellamme\\\/#\\\/schema\\\/person\\\/d6f755ffe6b4816b6949b4f362371fee\"},\"headline\":\"El\u00e4m\u00e4mme t\u00e4rke\u00e4t puut nostavat tunteet pintaan\",\"datePublished\":\"2019-12-20T12:28:11+00:00\",\"mainEntityOfPage\":{\"@id\":\"https:\\\/\\\/blogs.uef.fi\\\/puutlahellamme\\\/2019\\\/12\\\/20\\\/elamamme-tarkeat-puut-nostavat-tunteet-pintaan\\\/\"},\"wordCount\":497,\"commentCount\":0,\"publisher\":{\"@id\":\"https:\\\/\\\/blogs.uef.fi\\\/puutlahellamme\\\/#organization\"},\"image\":{\"@id\":\"https:\\\/\\\/blogs.uef.fi\\\/puutlahellamme\\\/2019\\\/12\\\/20\\\/elamamme-tarkeat-puut-nostavat-tunteet-pintaan\\\/#primaryimage\"},\"thumbnailUrl\":\"https:\\\/\\\/blogs.uef.fi\\\/puutlahellamme\\\/wp-content\\\/uploads\\\/sites\\\/109\\\/2019\\\/12\\\/AdobeStock_61710325.jpg\",\"keywords\":[\"puut\",\"tunteet\",\"tutkimus\"],\"articleSection\":[\"Muistot\",\"Puutarinat\",\"Tutkimus\"],\"inLanguage\":\"fi\",\"potentialAction\":[{\"@type\":\"CommentAction\",\"name\":\"Comment\",\"target\":[\"https:\\\/\\\/blogs.uef.fi\\\/puutlahellamme\\\/2019\\\/12\\\/20\\\/elamamme-tarkeat-puut-nostavat-tunteet-pintaan\\\/#respond\"]}]},{\"@type\":\"WebPage\",\"@id\":\"https:\\\/\\\/blogs.uef.fi\\\/puutlahellamme\\\/2019\\\/12\\\/20\\\/elamamme-tarkeat-puut-nostavat-tunteet-pintaan\\\/\",\"url\":\"https:\\\/\\\/blogs.uef.fi\\\/puutlahellamme\\\/2019\\\/12\\\/20\\\/elamamme-tarkeat-puut-nostavat-tunteet-pintaan\\\/\",\"name\":\"El\u00e4m\u00e4mme t\u00e4rke\u00e4t puut nostavat tunteet pintaan | Trees Near Us - Puut l\u00e4hell\u00e4mme - Bomen Naast Ons\",\"isPartOf\":{\"@id\":\"https:\\\/\\\/blogs.uef.fi\\\/puutlahellamme\\\/#website\"},\"primaryImageOfPage\":{\"@id\":\"https:\\\/\\\/blogs.uef.fi\\\/puutlahellamme\\\/2019\\\/12\\\/20\\\/elamamme-tarkeat-puut-nostavat-tunteet-pintaan\\\/#primaryimage\"},\"image\":{\"@id\":\"https:\\\/\\\/blogs.uef.fi\\\/puutlahellamme\\\/2019\\\/12\\\/20\\\/elamamme-tarkeat-puut-nostavat-tunteet-pintaan\\\/#primaryimage\"},\"thumbnailUrl\":\"https:\\\/\\\/blogs.uef.fi\\\/puutlahellamme\\\/wp-content\\\/uploads\\\/sites\\\/109\\\/2019\\\/12\\\/AdobeStock_61710325.jpg\",\"datePublished\":\"2019-12-20T12:28:11+00:00\",\"breadcrumb\":{\"@id\":\"https:\\\/\\\/blogs.uef.fi\\\/puutlahellamme\\\/2019\\\/12\\\/20\\\/elamamme-tarkeat-puut-nostavat-tunteet-pintaan\\\/#breadcrumb\"},\"inLanguage\":\"fi\",\"potentialAction\":[{\"@type\":\"ReadAction\",\"target\":[\"https:\\\/\\\/blogs.uef.fi\\\/puutlahellamme\\\/2019\\\/12\\\/20\\\/elamamme-tarkeat-puut-nostavat-tunteet-pintaan\\\/\"]}]},{\"@type\":\"ImageObject\",\"inLanguage\":\"fi\",\"@id\":\"https:\\\/\\\/blogs.uef.fi\\\/puutlahellamme\\\/2019\\\/12\\\/20\\\/elamamme-tarkeat-puut-nostavat-tunteet-pintaan\\\/#primaryimage\",\"url\":\"https:\\\/\\\/blogs.uef.fi\\\/puutlahellamme\\\/wp-content\\\/uploads\\\/sites\\\/109\\\/2019\\\/12\\\/AdobeStock_61710325.jpg\",\"contentUrl\":\"https:\\\/\\\/blogs.uef.fi\\\/puutlahellamme\\\/wp-content\\\/uploads\\\/sites\\\/109\\\/2019\\\/12\\\/AdobeStock_61710325.jpg\",\"width\":1030,\"height\":385,\"caption\":\"Nainen halaa puuta\"},{\"@type\":\"BreadcrumbList\",\"@id\":\"https:\\\/\\\/blogs.uef.fi\\\/puutlahellamme\\\/2019\\\/12\\\/20\\\/elamamme-tarkeat-puut-nostavat-tunteet-pintaan\\\/#breadcrumb\",\"itemListElement\":[{\"@type\":\"ListItem\",\"position\":1,\"name\":\"Home\",\"item\":\"https:\\\/\\\/blogs.uef.fi\\\/puutlahellamme\\\/\"},{\"@type\":\"ListItem\",\"position\":2,\"name\":\"El\u00e4m\u00e4mme t\u00e4rke\u00e4t puut nostavat tunteet pintaan\"}]},{\"@type\":\"WebSite\",\"@id\":\"https:\\\/\\\/blogs.uef.fi\\\/puutlahellamme\\\/#website\",\"url\":\"https:\\\/\\\/blogs.uef.fi\\\/puutlahellamme\\\/\",\"name\":\"Puut l\u00e4hell\u00e4mme - tutkimushanke\",\"description\":\"\",\"publisher\":{\"@id\":\"https:\\\/\\\/blogs.uef.fi\\\/puutlahellamme\\\/#organization\"},\"potentialAction\":[{\"@type\":\"SearchAction\",\"target\":{\"@type\":\"EntryPoint\",\"urlTemplate\":\"https:\\\/\\\/blogs.uef.fi\\\/puutlahellamme\\\/?s={search_term_string}\"},\"query-input\":{\"@type\":\"PropertyValueSpecification\",\"valueRequired\":true,\"valueName\":\"search_term_string\"}}],\"inLanguage\":\"fi\"},{\"@type\":\"Organization\",\"@id\":\"https:\\\/\\\/blogs.uef.fi\\\/puutlahellamme\\\/#organization\",\"name\":\"Puut l\u00e4hell\u00e4mme-tutkimushanke\",\"url\":\"https:\\\/\\\/blogs.uef.fi\\\/puutlahellamme\\\/\",\"logo\":{\"@type\":\"ImageObject\",\"inLanguage\":\"fi\",\"@id\":\"https:\\\/\\\/blogs.uef.fi\\\/puutlahellamme\\\/#\\\/schema\\\/logo\\\/image\\\/\",\"url\":\"https:\\\/\\\/blogs.uef.fi\\\/puutlahellamme\\\/wp-content\\\/uploads\\\/sites\\\/109\\\/2019\\\/09\\\/profiilikuva.jpg\",\"contentUrl\":\"https:\\\/\\\/blogs.uef.fi\\\/puutlahellamme\\\/wp-content\\\/uploads\\\/sites\\\/109\\\/2019\\\/09\\\/profiilikuva.jpg\",\"width\":663,\"height\":546,\"caption\":\"Puut l\u00e4hell\u00e4mme-tutkimushanke\"},\"image\":{\"@id\":\"https:\\\/\\\/blogs.uef.fi\\\/puutlahellamme\\\/#\\\/schema\\\/logo\\\/image\\\/\"}},{\"@type\":\"Person\",\"@id\":\"https:\\\/\\\/blogs.uef.fi\\\/puutlahellamme\\\/#\\\/schema\\\/person\\\/d6f755ffe6b4816b6949b4f362371fee\",\"name\":\"kvainio\",\"image\":{\"@type\":\"ImageObject\",\"inLanguage\":\"fi\",\"@id\":\"https:\\\/\\\/secure.gravatar.com\\\/avatar\\\/786caac7cf4a435f2e85373cefd2f6e97e8ec2d77482bdfe50e1d7352a44e2a0?s=96&d=mm&r=g\",\"url\":\"https:\\\/\\\/secure.gravatar.com\\\/avatar\\\/786caac7cf4a435f2e85373cefd2f6e97e8ec2d77482bdfe50e1d7352a44e2a0?s=96&d=mm&r=g\",\"contentUrl\":\"https:\\\/\\\/secure.gravatar.com\\\/avatar\\\/786caac7cf4a435f2e85373cefd2f6e97e8ec2d77482bdfe50e1d7352a44e2a0?s=96&d=mm&r=g\",\"caption\":\"kvainio\"},\"url\":\"https:\\\/\\\/blogs.uef.fi\\\/puutlahellamme\\\/author\\\/kvainio\\\/\"}]}<\/script>\n<!-- \/ Yoast SEO plugin. -->","yoast_head_json":{"title":"El\u00e4m\u00e4mme t\u00e4rke\u00e4t puut nostavat tunteet pintaan | Trees Near Us - Puut l\u00e4hell\u00e4mme - Bomen Naast Ons","robots":{"index":"index","follow":"follow","max-snippet":"max-snippet:-1","max-image-preview":"max-image-preview:large","max-video-preview":"max-video-preview:-1"},"canonical":"https:\/\/blogs.uef.fi\/puutlahellamme\/2019\/12\/20\/elamamme-tarkeat-puut-nostavat-tunteet-pintaan\/","og_locale":"fi_FI","og_type":"article","og_title":"El\u00e4m\u00e4mme t\u00e4rke\u00e4t puut nostavat tunteet pintaan | Trees Near Us - Puut l\u00e4hell\u00e4mme - Bomen Naast Ons","og_description":"T\u00e4m\u00e4 teksti on julkaistu ensimm\u00e4isen kerran Suomen Mets\u00e4museo Luston Mets\u00e4suhteita -blogissa (20.12.2019):\u00a0https:\/\/metsasuhteita.fi\/elamamme-tarkeat-puut-nostavat-tunteet-pintaan\/ Millaisia ovat suomalaisten puusuhteet? Sit\u00e4 tutkitaan nyt\u00a0kasviekologien, kulttuurintutkijoiden ja taiteilijoiden voimin\u00a0It\u00e4-Suomen Yliopiston monitieteiss\u00e4 hankkeessa\u00a0\u201dPuut l\u00e4hell\u00e4mme\u201d.\u00a0 Ihmisen suhde luontoon\u00a0on osa jokap\u00e4iv\u00e4ist\u00e4 el\u00e4m\u00e4\u00e4mme.\u00a0Tunnistamme\u00a0mets\u00e4suhteemme,\u00a0kun l\u00e4hdemme\u00a0mets\u00e4\u00e4n.\u00a0Puusuhde\u00a0on\u00a0jollain tavalla ehk\u00e4 viel\u00e4 henkil\u00f6kohtaisempi, intiimimpi\u00a0\u2013 ja toisaalta my\u00f6s arkisempi\u00a0asia. Suhde puuhun voi kehitty\u00e4 huomaamatta\u00a0arkisen el\u00e4m\u00e4mme sivussa.\u00a0Puut eiv\u00e4t ole ihmisi\u00e4, mutta kiintymys [&hellip;]","og_url":"https:\/\/blogs.uef.fi\/puutlahellamme\/2019\/12\/20\/elamamme-tarkeat-puut-nostavat-tunteet-pintaan\/","og_site_name":"Trees Near Us - Puut l\u00e4hell\u00e4mme - Bomen Naast Ons","article_published_time":"2019-12-20T12:28:11+00:00","og_image":[{"width":1030,"height":385,"url":"https:\/\/blogs.uef.fi\/puutlahellamme\/wp-content\/uploads\/sites\/109\/2019\/12\/AdobeStock_61710325.jpg","type":"image\/jpeg"}],"author":"kvainio","twitter_card":"summary_large_image","twitter_misc":{"Kirjoittanut":"kvainio","Arvioitu lukuaika":"2 minuuttia"},"schema":{"@context":"https:\/\/schema.org","@graph":[{"@type":"Article","@id":"https:\/\/blogs.uef.fi\/puutlahellamme\/2019\/12\/20\/elamamme-tarkeat-puut-nostavat-tunteet-pintaan\/#article","isPartOf":{"@id":"https:\/\/blogs.uef.fi\/puutlahellamme\/2019\/12\/20\/elamamme-tarkeat-puut-nostavat-tunteet-pintaan\/"},"author":{"name":"kvainio","@id":"https:\/\/blogs.uef.fi\/puutlahellamme\/#\/schema\/person\/d6f755ffe6b4816b6949b4f362371fee"},"headline":"El\u00e4m\u00e4mme t\u00e4rke\u00e4t puut nostavat tunteet pintaan","datePublished":"2019-12-20T12:28:11+00:00","mainEntityOfPage":{"@id":"https:\/\/blogs.uef.fi\/puutlahellamme\/2019\/12\/20\/elamamme-tarkeat-puut-nostavat-tunteet-pintaan\/"},"wordCount":497,"commentCount":0,"publisher":{"@id":"https:\/\/blogs.uef.fi\/puutlahellamme\/#organization"},"image":{"@id":"https:\/\/blogs.uef.fi\/puutlahellamme\/2019\/12\/20\/elamamme-tarkeat-puut-nostavat-tunteet-pintaan\/#primaryimage"},"thumbnailUrl":"https:\/\/blogs.uef.fi\/puutlahellamme\/wp-content\/uploads\/sites\/109\/2019\/12\/AdobeStock_61710325.jpg","keywords":["puut","tunteet","tutkimus"],"articleSection":["Muistot","Puutarinat","Tutkimus"],"inLanguage":"fi","potentialAction":[{"@type":"CommentAction","name":"Comment","target":["https:\/\/blogs.uef.fi\/puutlahellamme\/2019\/12\/20\/elamamme-tarkeat-puut-nostavat-tunteet-pintaan\/#respond"]}]},{"@type":"WebPage","@id":"https:\/\/blogs.uef.fi\/puutlahellamme\/2019\/12\/20\/elamamme-tarkeat-puut-nostavat-tunteet-pintaan\/","url":"https:\/\/blogs.uef.fi\/puutlahellamme\/2019\/12\/20\/elamamme-tarkeat-puut-nostavat-tunteet-pintaan\/","name":"El\u00e4m\u00e4mme t\u00e4rke\u00e4t puut nostavat tunteet pintaan | Trees Near Us - Puut l\u00e4hell\u00e4mme - Bomen Naast Ons","isPartOf":{"@id":"https:\/\/blogs.uef.fi\/puutlahellamme\/#website"},"primaryImageOfPage":{"@id":"https:\/\/blogs.uef.fi\/puutlahellamme\/2019\/12\/20\/elamamme-tarkeat-puut-nostavat-tunteet-pintaan\/#primaryimage"},"image":{"@id":"https:\/\/blogs.uef.fi\/puutlahellamme\/2019\/12\/20\/elamamme-tarkeat-puut-nostavat-tunteet-pintaan\/#primaryimage"},"thumbnailUrl":"https:\/\/blogs.uef.fi\/puutlahellamme\/wp-content\/uploads\/sites\/109\/2019\/12\/AdobeStock_61710325.jpg","datePublished":"2019-12-20T12:28:11+00:00","breadcrumb":{"@id":"https:\/\/blogs.uef.fi\/puutlahellamme\/2019\/12\/20\/elamamme-tarkeat-puut-nostavat-tunteet-pintaan\/#breadcrumb"},"inLanguage":"fi","potentialAction":[{"@type":"ReadAction","target":["https:\/\/blogs.uef.fi\/puutlahellamme\/2019\/12\/20\/elamamme-tarkeat-puut-nostavat-tunteet-pintaan\/"]}]},{"@type":"ImageObject","inLanguage":"fi","@id":"https:\/\/blogs.uef.fi\/puutlahellamme\/2019\/12\/20\/elamamme-tarkeat-puut-nostavat-tunteet-pintaan\/#primaryimage","url":"https:\/\/blogs.uef.fi\/puutlahellamme\/wp-content\/uploads\/sites\/109\/2019\/12\/AdobeStock_61710325.jpg","contentUrl":"https:\/\/blogs.uef.fi\/puutlahellamme\/wp-content\/uploads\/sites\/109\/2019\/12\/AdobeStock_61710325.jpg","width":1030,"height":385,"caption":"Nainen halaa puuta"},{"@type":"BreadcrumbList","@id":"https:\/\/blogs.uef.fi\/puutlahellamme\/2019\/12\/20\/elamamme-tarkeat-puut-nostavat-tunteet-pintaan\/#breadcrumb","itemListElement":[{"@type":"ListItem","position":1,"name":"Home","item":"https:\/\/blogs.uef.fi\/puutlahellamme\/"},{"@type":"ListItem","position":2,"name":"El\u00e4m\u00e4mme t\u00e4rke\u00e4t puut nostavat tunteet pintaan"}]},{"@type":"WebSite","@id":"https:\/\/blogs.uef.fi\/puutlahellamme\/#website","url":"https:\/\/blogs.uef.fi\/puutlahellamme\/","name":"Puut l\u00e4hell\u00e4mme - tutkimushanke","description":"","publisher":{"@id":"https:\/\/blogs.uef.fi\/puutlahellamme\/#organization"},"potentialAction":[{"@type":"SearchAction","target":{"@type":"EntryPoint","urlTemplate":"https:\/\/blogs.uef.fi\/puutlahellamme\/?s={search_term_string}"},"query-input":{"@type":"PropertyValueSpecification","valueRequired":true,"valueName":"search_term_string"}}],"inLanguage":"fi"},{"@type":"Organization","@id":"https:\/\/blogs.uef.fi\/puutlahellamme\/#organization","name":"Puut l\u00e4hell\u00e4mme-tutkimushanke","url":"https:\/\/blogs.uef.fi\/puutlahellamme\/","logo":{"@type":"ImageObject","inLanguage":"fi","@id":"https:\/\/blogs.uef.fi\/puutlahellamme\/#\/schema\/logo\/image\/","url":"https:\/\/blogs.uef.fi\/puutlahellamme\/wp-content\/uploads\/sites\/109\/2019\/09\/profiilikuva.jpg","contentUrl":"https:\/\/blogs.uef.fi\/puutlahellamme\/wp-content\/uploads\/sites\/109\/2019\/09\/profiilikuva.jpg","width":663,"height":546,"caption":"Puut l\u00e4hell\u00e4mme-tutkimushanke"},"image":{"@id":"https:\/\/blogs.uef.fi\/puutlahellamme\/#\/schema\/logo\/image\/"}},{"@type":"Person","@id":"https:\/\/blogs.uef.fi\/puutlahellamme\/#\/schema\/person\/d6f755ffe6b4816b6949b4f362371fee","name":"kvainio","image":{"@type":"ImageObject","inLanguage":"fi","@id":"https:\/\/secure.gravatar.com\/avatar\/786caac7cf4a435f2e85373cefd2f6e97e8ec2d77482bdfe50e1d7352a44e2a0?s=96&d=mm&r=g","url":"https:\/\/secure.gravatar.com\/avatar\/786caac7cf4a435f2e85373cefd2f6e97e8ec2d77482bdfe50e1d7352a44e2a0?s=96&d=mm&r=g","contentUrl":"https:\/\/secure.gravatar.com\/avatar\/786caac7cf4a435f2e85373cefd2f6e97e8ec2d77482bdfe50e1d7352a44e2a0?s=96&d=mm&r=g","caption":"kvainio"},"url":"https:\/\/blogs.uef.fi\/puutlahellamme\/author\/kvainio\/"}]}},"_links":{"self":[{"href":"https:\/\/blogs.uef.fi\/puutlahellamme\/wp-json\/wp\/v2\/posts\/171","targetHints":{"allow":["GET"]}}],"collection":[{"href":"https:\/\/blogs.uef.fi\/puutlahellamme\/wp-json\/wp\/v2\/posts"}],"about":[{"href":"https:\/\/blogs.uef.fi\/puutlahellamme\/wp-json\/wp\/v2\/types\/post"}],"author":[{"embeddable":true,"href":"https:\/\/blogs.uef.fi\/puutlahellamme\/wp-json\/wp\/v2\/users\/265"}],"replies":[{"embeddable":true,"href":"https:\/\/blogs.uef.fi\/puutlahellamme\/wp-json\/wp\/v2\/comments?post=171"}],"version-history":[{"count":1,"href":"https:\/\/blogs.uef.fi\/puutlahellamme\/wp-json\/wp\/v2\/posts\/171\/revisions"}],"predecessor-version":[{"id":177,"href":"https:\/\/blogs.uef.fi\/puutlahellamme\/wp-json\/wp\/v2\/posts\/171\/revisions\/177"}],"wp:featuredmedia":[{"embeddable":true,"href":"https:\/\/blogs.uef.fi\/puutlahellamme\/wp-json\/wp\/v2\/media\/175"}],"wp:attachment":[{"href":"https:\/\/blogs.uef.fi\/puutlahellamme\/wp-json\/wp\/v2\/media?parent=171"}],"wp:term":[{"taxonomy":"category","embeddable":true,"href":"https:\/\/blogs.uef.fi\/puutlahellamme\/wp-json\/wp\/v2\/categories?post=171"},{"taxonomy":"post_tag","embeddable":true,"href":"https:\/\/blogs.uef.fi\/puutlahellamme\/wp-json\/wp\/v2\/tags?post=171"}],"curies":[{"name":"wp","href":"https:\/\/api.w.org\/{rel}","templated":true}]}}