{"id":1201,"date":"2024-01-31T00:48:28","date_gmt":"2024-01-31T00:48:28","guid":{"rendered":"https:\/\/blogs.uef.fi\/puutlahellamme\/?p=1201"},"modified":"2024-01-31T00:52:30","modified_gmt":"2024-01-31T00:52:30","slug":"suhde-puihin-jasentaa-ihmisten-elamantarinoita","status":"publish","type":"post","link":"https:\/\/blogs.uef.fi\/puutlahellamme\/2024\/01\/31\/suhde-puihin-jasentaa-ihmisten-elamantarinoita\/","title":{"rendered":"Suhde puihin j\u00e4sent\u00e4\u00e4 ihmisten el\u00e4m\u00e4ntarinoita\u202f\u00a0"},"content":{"rendered":"\n<p>\u202f&nbsp;<\/p>\n\n\n\n<p><strong>It\u00e4-Suomen yliopistossa toteutettavassa hankkeessa tutkittiin suomalaisten puihin liittyvi\u00e4 el\u00e4m\u00e4ntarinoita. Tutkimuksen mukaan puut antavat ihmisille v\u00e4lineit\u00e4 j\u00e4sent\u00e4\u00e4 ja sanoittaa ihmisel\u00e4m\u00e4n perustavimpia vaiheita sek\u00e4 ihmisen omaksumia arvoja ja identiteetti\u00e4. Monitieteisess\u00e4 tutkimushankkeessa selvitettiin, kuinka suomalainen kaunokirjallisuus ja ihmisten kertomukset kuvaavat puuyksil\u00f6it\u00e4 ja puusuhteita nykyp\u00e4iv\u00e4ss\u00e4.<\/strong>&nbsp;<\/p>\n\n\n\n<p>Puut miellytt\u00e4v\u00e4t aisteja, tarjoavat turvaa, ankkuroivat muistoja ja symboloivat inhimillisen kokemusmaailman ylitt\u00e4v\u00e4\u00e4 todellisuutta. Puussa ihminen voi n\u00e4hd\u00e4 my\u00f6s itsens\u00e4, oman kasvunsa ja muutoksensa. Minuutta j\u00e4sennet\u00e4\u00e4n suhteessa tiettyyn puuhun tai puihin yleens\u00e4 esimerkiksi keskeisten puun kasvupaikkaan liittyvien muistojen, sek\u00e4 merkityksellisten kokemusten ja el\u00e4mysten perusteella. Puut voivat olla my\u00f6s merkitt\u00e4vi\u00e4 el\u00e4m\u00e4nkatsomuksen, maailmankuvan ja arvomaailman kannalta, jolloin puusuhde kytkeytyy identiteettiin.&nbsp;&nbsp;<\/p>\n\n\n\n<p>Aineistona tutkimuksessa k\u00e4ytettiin Suomessa viime vuosina julkaistua puu- ja mets\u00e4aiheista runoutta, sek\u00e4 \u2019Puut L\u00e4hell\u00e4mme-hankkeessa\u2019 ker\u00e4tyn tutkimuskyselyn tekstivastauksia. Tutkimuskyselyyn on osallistunut noin 1700 suomalaista vuosina 2019\u20132020. Runoudessa on viime vuosina runsaasti kuvattu puusuhteita, lempipuita ja kokemusta puiden l\u00e4hell\u00e4. Tutkimuksessa havaittiin, ett\u00e4 verratut puuaiheiset tekstiaineistot (runot ja kertoma-aineisto) liittyv\u00e4t vahvasti itseilmaisuun ja omien tuntemusten ja kokemusten sanoittamiseen. Tutkijat havaitsivat, runoudessa ja omaa puusuhdetta koskevissa kertomuksissa on yleist\u00e4 inhimillist\u00e4\u00e4 puuta ja samalla kielikuvallisesti samaistua puun el\u00e4m\u00e4\u00e4n. Kertoma-aineiston ja nykyrunouden perusteella puusuhteissa on havaittavissa vaihtelua sen mukaan, suhteudutaanko puuhun puul\u00e4ht\u00f6isesti vai ihmisl\u00e4ht\u00f6isesti, eli keskityt\u00e4\u00e4nk\u00f6 puussa sen ominaisuuksiin ja toimintaan vai puihin liittyviin muistoihin ja maailmankatsomuksellisiin merkityksiin.&nbsp;<\/p>\n\n\n\n<p>Puusuhteiden tutkimisessa olennaista on huomata luontokokemusten, erityisesti puiden havainnoimisen ja puiden kanssa toimimisen rikkaat, monimutkaiset kytkenn\u00e4t muistoihin, arvoihin, ajatuksiin ja k\u00e4sityksiin, sek\u00e4 kielellisen itseilmaisun tapoihin.&nbsp;&nbsp;<\/p>\n\n\n\n<p>\u2013 Puut antavat v\u00e4lineit\u00e4 j\u00e4sent\u00e4\u00e4 ja sanoittaa ihmisel\u00e4m\u00e4n perustavimpia kokemuksia ja vaiheita: varttumista, kukkaan puhkeamista, vanhojen lehtien varistamista, pystyss\u00e4 pysymist\u00e4 tai kaatumista myrskyss\u00e4. T\u00e4llaisissa metaforissa ja niille perustuvissa kertomuksissa ihminen inhimillist\u00e4\u00e4 puuta ja samalla puullistaa omaa ihmisyytt\u00e4\u00e4n, kertoo kirjallisuuden dosentti <strong>Karoliina Lummaa <\/strong>Turun yliopistosta.&nbsp;<\/p>\n\n\n\n<p>Tutkimustulokset ja artikkeli <em>Itseksi puiden kanssa \u2013 identiteetti\u00e4 j\u00e4sent\u00e4v\u00e4t puut suomalaisessa nykyrunoudessa ja lempipuuaiheisessa verkkokyselyss\u00e4<\/em> julkaistiin suomalaisessa kansantietouden tutkimuksen Eloressa. Suomenkielinen artikkeli on verkossa vapaasti saatavilla julkaisussa Elore Vol 30 Nro 1 (2023).\u00a0<\/p>\n\n\n\n<p><a href=\"https:\/\/journal.fi\/elore\/article\/view\/126754\" target=\"_blank\" rel=\"noreferrer noopener\">https:\/\/journal.fi\/elore\/article\/view\/126754<\/a>\u00a0<\/p>\n","protected":false},"excerpt":{"rendered":"<p>\u202f&nbsp; It\u00e4-Suomen yliopistossa toteutettavassa hankkeessa tutkittiin suomalaisten puihin liittyvi\u00e4 el\u00e4m\u00e4ntarinoita. Tutkimuksen mukaan puut antavat ihmisille v\u00e4lineit\u00e4 j\u00e4sent\u00e4\u00e4 ja sanoittaa ihmisel\u00e4m\u00e4n perustavimpia vaiheita sek\u00e4 ihmisen omaksumia arvoja ja identiteetti\u00e4. Monitieteisess\u00e4 tutkimushankkeessa selvitettiin, kuinka suomalainen kaunokirjallisuus ja ihmisten kertomukset kuvaavat puuyksil\u00f6it\u00e4 ja puusuhteita nykyp\u00e4iv\u00e4ss\u00e4.&nbsp; Puut miellytt\u00e4v\u00e4t aisteja, tarjoavat turvaa, ankkuroivat muistoja ja symboloivat inhimillisen kokemusmaailman ylitt\u00e4v\u00e4\u00e4 todellisuutta. [&hellip;]<\/p>\n","protected":false},"author":265,"featured_media":1210,"comment_status":"open","ping_status":"open","sticky":false,"template":"","format":"standard","meta":{"_acf_changed":false,"footnotes":""},"categories":[19,13,21,1],"tags":[58,15,5],"class_list":["post-1201","post","type-post","status-publish","format-standard","has-post-thumbnail","hentry","category-muistot","category-puutarinat","category-tutkimus","category-yleista","tag-elamantarina","tag-muistot","tag-tutkimus"],"acf":[],"yoast_head":"<!-- This site is optimized with the Yoast SEO plugin v27.3 - https:\/\/yoast.com\/product\/yoast-seo-wordpress\/ -->\n<title>Suhde puihin j\u00e4sent\u00e4\u00e4 ihmisten el\u00e4m\u00e4ntarinoita\u202f\u00a0 | Trees Near Us - Puut l\u00e4hell\u00e4mme - Bomen Naast Ons<\/title>\n<meta name=\"robots\" content=\"index, follow, max-snippet:-1, max-image-preview:large, max-video-preview:-1\" \/>\n<link rel=\"canonical\" href=\"https:\/\/blogs.uef.fi\/puutlahellamme\/2024\/01\/31\/suhde-puihin-jasentaa-ihmisten-elamantarinoita\/\" \/>\n<meta property=\"og:locale\" content=\"fi_FI\" \/>\n<meta property=\"og:type\" content=\"article\" \/>\n<meta property=\"og:title\" content=\"Suhde puihin j\u00e4sent\u00e4\u00e4 ihmisten el\u00e4m\u00e4ntarinoita\u202f\u00a0 | Trees Near Us - Puut l\u00e4hell\u00e4mme - Bomen Naast Ons\" \/>\n<meta property=\"og:description\" content=\"\u202f&nbsp; It\u00e4-Suomen yliopistossa toteutettavassa hankkeessa tutkittiin suomalaisten puihin liittyvi\u00e4 el\u00e4m\u00e4ntarinoita. Tutkimuksen mukaan puut antavat ihmisille v\u00e4lineit\u00e4 j\u00e4sent\u00e4\u00e4 ja sanoittaa ihmisel\u00e4m\u00e4n perustavimpia vaiheita sek\u00e4 ihmisen omaksumia arvoja ja identiteetti\u00e4. Monitieteisess\u00e4 tutkimushankkeessa selvitettiin, kuinka suomalainen kaunokirjallisuus ja ihmisten kertomukset kuvaavat puuyksil\u00f6it\u00e4 ja puusuhteita nykyp\u00e4iv\u00e4ss\u00e4.&nbsp; Puut miellytt\u00e4v\u00e4t aisteja, tarjoavat turvaa, ankkuroivat muistoja ja symboloivat inhimillisen kokemusmaailman ylitt\u00e4v\u00e4\u00e4 todellisuutta. [&hellip;]\" \/>\n<meta property=\"og:url\" content=\"https:\/\/blogs.uef.fi\/puutlahellamme\/2024\/01\/31\/suhde-puihin-jasentaa-ihmisten-elamantarinoita\/\" \/>\n<meta property=\"og:site_name\" content=\"Trees Near Us - Puut l\u00e4hell\u00e4mme - Bomen Naast Ons\" \/>\n<meta property=\"article:published_time\" content=\"2024-01-31T00:48:28+00:00\" \/>\n<meta property=\"article:modified_time\" content=\"2024-01-31T00:52:30+00:00\" \/>\n<meta property=\"og:image\" content=\"https:\/\/blogs.uef.fi\/puutlahellamme\/wp-content\/uploads\/sites\/109\/2024\/01\/2022_puutlahellamme_mariapirinen-3-of-5-1024x819.jpg\" \/>\n\t<meta property=\"og:image:width\" content=\"1024\" \/>\n\t<meta property=\"og:image:height\" content=\"819\" \/>\n\t<meta property=\"og:image:type\" content=\"image\/jpeg\" \/>\n<meta name=\"author\" content=\"kvainio\" \/>\n<meta name=\"twitter:card\" content=\"summary_large_image\" \/>\n<meta name=\"twitter:label1\" content=\"Kirjoittanut\" \/>\n\t<meta name=\"twitter:data1\" content=\"kvainio\" \/>\n\t<meta name=\"twitter:label2\" content=\"Arvioitu lukuaika\" \/>\n\t<meta name=\"twitter:data2\" content=\"3 minuuttia\" \/>\n<script type=\"application\/ld+json\" class=\"yoast-schema-graph\">{\"@context\":\"https:\\\/\\\/schema.org\",\"@graph\":[{\"@type\":\"Article\",\"@id\":\"https:\\\/\\\/blogs.uef.fi\\\/puutlahellamme\\\/2024\\\/01\\\/31\\\/suhde-puihin-jasentaa-ihmisten-elamantarinoita\\\/#article\",\"isPartOf\":{\"@id\":\"https:\\\/\\\/blogs.uef.fi\\\/puutlahellamme\\\/2024\\\/01\\\/31\\\/suhde-puihin-jasentaa-ihmisten-elamantarinoita\\\/\"},\"author\":{\"name\":\"kvainio\",\"@id\":\"https:\\\/\\\/blogs.uef.fi\\\/puutlahellamme\\\/#\\\/schema\\\/person\\\/d6f755ffe6b4816b6949b4f362371fee\"},\"headline\":\"Suhde puihin j\u00e4sent\u00e4\u00e4 ihmisten el\u00e4m\u00e4ntarinoita\u202f\u00a0\",\"datePublished\":\"2024-01-31T00:48:28+00:00\",\"dateModified\":\"2024-01-31T00:52:30+00:00\",\"mainEntityOfPage\":{\"@id\":\"https:\\\/\\\/blogs.uef.fi\\\/puutlahellamme\\\/2024\\\/01\\\/31\\\/suhde-puihin-jasentaa-ihmisten-elamantarinoita\\\/\"},\"wordCount\":364,\"commentCount\":0,\"publisher\":{\"@id\":\"https:\\\/\\\/blogs.uef.fi\\\/puutlahellamme\\\/#organization\"},\"image\":{\"@id\":\"https:\\\/\\\/blogs.uef.fi\\\/puutlahellamme\\\/2024\\\/01\\\/31\\\/suhde-puihin-jasentaa-ihmisten-elamantarinoita\\\/#primaryimage\"},\"thumbnailUrl\":\"https:\\\/\\\/blogs.uef.fi\\\/puutlahellamme\\\/wp-content\\\/uploads\\\/sites\\\/109\\\/2024\\\/01\\\/2022_puutlahellamme_mariapirinen-3-of-5.jpg\",\"keywords\":[\"el\u00e4m\u00e4ntarina\",\"muistot\",\"tutkimus\"],\"articleSection\":[\"Muistot\",\"Puutarinat\",\"Tutkimus\",\"Yleist\u00e4\"],\"inLanguage\":\"fi\",\"potentialAction\":[{\"@type\":\"CommentAction\",\"name\":\"Comment\",\"target\":[\"https:\\\/\\\/blogs.uef.fi\\\/puutlahellamme\\\/2024\\\/01\\\/31\\\/suhde-puihin-jasentaa-ihmisten-elamantarinoita\\\/#respond\"]}]},{\"@type\":\"WebPage\",\"@id\":\"https:\\\/\\\/blogs.uef.fi\\\/puutlahellamme\\\/2024\\\/01\\\/31\\\/suhde-puihin-jasentaa-ihmisten-elamantarinoita\\\/\",\"url\":\"https:\\\/\\\/blogs.uef.fi\\\/puutlahellamme\\\/2024\\\/01\\\/31\\\/suhde-puihin-jasentaa-ihmisten-elamantarinoita\\\/\",\"name\":\"Suhde puihin j\u00e4sent\u00e4\u00e4 ihmisten el\u00e4m\u00e4ntarinoita\u202f\u00a0 | Trees Near Us - Puut l\u00e4hell\u00e4mme - Bomen Naast Ons\",\"isPartOf\":{\"@id\":\"https:\\\/\\\/blogs.uef.fi\\\/puutlahellamme\\\/#website\"},\"primaryImageOfPage\":{\"@id\":\"https:\\\/\\\/blogs.uef.fi\\\/puutlahellamme\\\/2024\\\/01\\\/31\\\/suhde-puihin-jasentaa-ihmisten-elamantarinoita\\\/#primaryimage\"},\"image\":{\"@id\":\"https:\\\/\\\/blogs.uef.fi\\\/puutlahellamme\\\/2024\\\/01\\\/31\\\/suhde-puihin-jasentaa-ihmisten-elamantarinoita\\\/#primaryimage\"},\"thumbnailUrl\":\"https:\\\/\\\/blogs.uef.fi\\\/puutlahellamme\\\/wp-content\\\/uploads\\\/sites\\\/109\\\/2024\\\/01\\\/2022_puutlahellamme_mariapirinen-3-of-5.jpg\",\"datePublished\":\"2024-01-31T00:48:28+00:00\",\"dateModified\":\"2024-01-31T00:52:30+00:00\",\"breadcrumb\":{\"@id\":\"https:\\\/\\\/blogs.uef.fi\\\/puutlahellamme\\\/2024\\\/01\\\/31\\\/suhde-puihin-jasentaa-ihmisten-elamantarinoita\\\/#breadcrumb\"},\"inLanguage\":\"fi\",\"potentialAction\":[{\"@type\":\"ReadAction\",\"target\":[\"https:\\\/\\\/blogs.uef.fi\\\/puutlahellamme\\\/2024\\\/01\\\/31\\\/suhde-puihin-jasentaa-ihmisten-elamantarinoita\\\/\"]}]},{\"@type\":\"ImageObject\",\"inLanguage\":\"fi\",\"@id\":\"https:\\\/\\\/blogs.uef.fi\\\/puutlahellamme\\\/2024\\\/01\\\/31\\\/suhde-puihin-jasentaa-ihmisten-elamantarinoita\\\/#primaryimage\",\"url\":\"https:\\\/\\\/blogs.uef.fi\\\/puutlahellamme\\\/wp-content\\\/uploads\\\/sites\\\/109\\\/2024\\\/01\\\/2022_puutlahellamme_mariapirinen-3-of-5.jpg\",\"contentUrl\":\"https:\\\/\\\/blogs.uef.fi\\\/puutlahellamme\\\/wp-content\\\/uploads\\\/sites\\\/109\\\/2024\\\/01\\\/2022_puutlahellamme_mariapirinen-3-of-5.jpg\",\"width\":2500,\"height\":2000,\"caption\":\"Maria Pirinen perheineen kuvattu kotipihallaan Vihdiss\u00e4 2.7.2022.\"},{\"@type\":\"BreadcrumbList\",\"@id\":\"https:\\\/\\\/blogs.uef.fi\\\/puutlahellamme\\\/2024\\\/01\\\/31\\\/suhde-puihin-jasentaa-ihmisten-elamantarinoita\\\/#breadcrumb\",\"itemListElement\":[{\"@type\":\"ListItem\",\"position\":1,\"name\":\"Home\",\"item\":\"https:\\\/\\\/blogs.uef.fi\\\/puutlahellamme\\\/\"},{\"@type\":\"ListItem\",\"position\":2,\"name\":\"Suhde puihin j\u00e4sent\u00e4\u00e4 ihmisten el\u00e4m\u00e4ntarinoita\u202f\u00a0\"}]},{\"@type\":\"WebSite\",\"@id\":\"https:\\\/\\\/blogs.uef.fi\\\/puutlahellamme\\\/#website\",\"url\":\"https:\\\/\\\/blogs.uef.fi\\\/puutlahellamme\\\/\",\"name\":\"Puut l\u00e4hell\u00e4mme - tutkimushanke\",\"description\":\"\",\"publisher\":{\"@id\":\"https:\\\/\\\/blogs.uef.fi\\\/puutlahellamme\\\/#organization\"},\"potentialAction\":[{\"@type\":\"SearchAction\",\"target\":{\"@type\":\"EntryPoint\",\"urlTemplate\":\"https:\\\/\\\/blogs.uef.fi\\\/puutlahellamme\\\/?s={search_term_string}\"},\"query-input\":{\"@type\":\"PropertyValueSpecification\",\"valueRequired\":true,\"valueName\":\"search_term_string\"}}],\"inLanguage\":\"fi\"},{\"@type\":\"Organization\",\"@id\":\"https:\\\/\\\/blogs.uef.fi\\\/puutlahellamme\\\/#organization\",\"name\":\"Puut l\u00e4hell\u00e4mme-tutkimushanke\",\"url\":\"https:\\\/\\\/blogs.uef.fi\\\/puutlahellamme\\\/\",\"logo\":{\"@type\":\"ImageObject\",\"inLanguage\":\"fi\",\"@id\":\"https:\\\/\\\/blogs.uef.fi\\\/puutlahellamme\\\/#\\\/schema\\\/logo\\\/image\\\/\",\"url\":\"https:\\\/\\\/blogs.uef.fi\\\/puutlahellamme\\\/wp-content\\\/uploads\\\/sites\\\/109\\\/2019\\\/09\\\/profiilikuva.jpg\",\"contentUrl\":\"https:\\\/\\\/blogs.uef.fi\\\/puutlahellamme\\\/wp-content\\\/uploads\\\/sites\\\/109\\\/2019\\\/09\\\/profiilikuva.jpg\",\"width\":663,\"height\":546,\"caption\":\"Puut l\u00e4hell\u00e4mme-tutkimushanke\"},\"image\":{\"@id\":\"https:\\\/\\\/blogs.uef.fi\\\/puutlahellamme\\\/#\\\/schema\\\/logo\\\/image\\\/\"}},{\"@type\":\"Person\",\"@id\":\"https:\\\/\\\/blogs.uef.fi\\\/puutlahellamme\\\/#\\\/schema\\\/person\\\/d6f755ffe6b4816b6949b4f362371fee\",\"name\":\"kvainio\",\"image\":{\"@type\":\"ImageObject\",\"inLanguage\":\"fi\",\"@id\":\"https:\\\/\\\/secure.gravatar.com\\\/avatar\\\/786caac7cf4a435f2e85373cefd2f6e97e8ec2d77482bdfe50e1d7352a44e2a0?s=96&d=mm&r=g\",\"url\":\"https:\\\/\\\/secure.gravatar.com\\\/avatar\\\/786caac7cf4a435f2e85373cefd2f6e97e8ec2d77482bdfe50e1d7352a44e2a0?s=96&d=mm&r=g\",\"contentUrl\":\"https:\\\/\\\/secure.gravatar.com\\\/avatar\\\/786caac7cf4a435f2e85373cefd2f6e97e8ec2d77482bdfe50e1d7352a44e2a0?s=96&d=mm&r=g\",\"caption\":\"kvainio\"},\"url\":\"https:\\\/\\\/blogs.uef.fi\\\/puutlahellamme\\\/author\\\/kvainio\\\/\"}]}<\/script>\n<!-- \/ Yoast SEO plugin. -->","yoast_head_json":{"title":"Suhde puihin j\u00e4sent\u00e4\u00e4 ihmisten el\u00e4m\u00e4ntarinoita\u202f\u00a0 | Trees Near Us - Puut l\u00e4hell\u00e4mme - Bomen Naast Ons","robots":{"index":"index","follow":"follow","max-snippet":"max-snippet:-1","max-image-preview":"max-image-preview:large","max-video-preview":"max-video-preview:-1"},"canonical":"https:\/\/blogs.uef.fi\/puutlahellamme\/2024\/01\/31\/suhde-puihin-jasentaa-ihmisten-elamantarinoita\/","og_locale":"fi_FI","og_type":"article","og_title":"Suhde puihin j\u00e4sent\u00e4\u00e4 ihmisten el\u00e4m\u00e4ntarinoita\u202f\u00a0 | Trees Near Us - Puut l\u00e4hell\u00e4mme - Bomen Naast Ons","og_description":"\u202f&nbsp; It\u00e4-Suomen yliopistossa toteutettavassa hankkeessa tutkittiin suomalaisten puihin liittyvi\u00e4 el\u00e4m\u00e4ntarinoita. Tutkimuksen mukaan puut antavat ihmisille v\u00e4lineit\u00e4 j\u00e4sent\u00e4\u00e4 ja sanoittaa ihmisel\u00e4m\u00e4n perustavimpia vaiheita sek\u00e4 ihmisen omaksumia arvoja ja identiteetti\u00e4. Monitieteisess\u00e4 tutkimushankkeessa selvitettiin, kuinka suomalainen kaunokirjallisuus ja ihmisten kertomukset kuvaavat puuyksil\u00f6it\u00e4 ja puusuhteita nykyp\u00e4iv\u00e4ss\u00e4.&nbsp; Puut miellytt\u00e4v\u00e4t aisteja, tarjoavat turvaa, ankkuroivat muistoja ja symboloivat inhimillisen kokemusmaailman ylitt\u00e4v\u00e4\u00e4 todellisuutta. [&hellip;]","og_url":"https:\/\/blogs.uef.fi\/puutlahellamme\/2024\/01\/31\/suhde-puihin-jasentaa-ihmisten-elamantarinoita\/","og_site_name":"Trees Near Us - Puut l\u00e4hell\u00e4mme - Bomen Naast Ons","article_published_time":"2024-01-31T00:48:28+00:00","article_modified_time":"2024-01-31T00:52:30+00:00","og_image":[{"width":1024,"height":819,"url":"https:\/\/blogs.uef.fi\/puutlahellamme\/wp-content\/uploads\/sites\/109\/2024\/01\/2022_puutlahellamme_mariapirinen-3-of-5-1024x819.jpg","type":"image\/jpeg"}],"author":"kvainio","twitter_card":"summary_large_image","twitter_misc":{"Kirjoittanut":"kvainio","Arvioitu lukuaika":"3 minuuttia"},"schema":{"@context":"https:\/\/schema.org","@graph":[{"@type":"Article","@id":"https:\/\/blogs.uef.fi\/puutlahellamme\/2024\/01\/31\/suhde-puihin-jasentaa-ihmisten-elamantarinoita\/#article","isPartOf":{"@id":"https:\/\/blogs.uef.fi\/puutlahellamme\/2024\/01\/31\/suhde-puihin-jasentaa-ihmisten-elamantarinoita\/"},"author":{"name":"kvainio","@id":"https:\/\/blogs.uef.fi\/puutlahellamme\/#\/schema\/person\/d6f755ffe6b4816b6949b4f362371fee"},"headline":"Suhde puihin j\u00e4sent\u00e4\u00e4 ihmisten el\u00e4m\u00e4ntarinoita\u202f\u00a0","datePublished":"2024-01-31T00:48:28+00:00","dateModified":"2024-01-31T00:52:30+00:00","mainEntityOfPage":{"@id":"https:\/\/blogs.uef.fi\/puutlahellamme\/2024\/01\/31\/suhde-puihin-jasentaa-ihmisten-elamantarinoita\/"},"wordCount":364,"commentCount":0,"publisher":{"@id":"https:\/\/blogs.uef.fi\/puutlahellamme\/#organization"},"image":{"@id":"https:\/\/blogs.uef.fi\/puutlahellamme\/2024\/01\/31\/suhde-puihin-jasentaa-ihmisten-elamantarinoita\/#primaryimage"},"thumbnailUrl":"https:\/\/blogs.uef.fi\/puutlahellamme\/wp-content\/uploads\/sites\/109\/2024\/01\/2022_puutlahellamme_mariapirinen-3-of-5.jpg","keywords":["el\u00e4m\u00e4ntarina","muistot","tutkimus"],"articleSection":["Muistot","Puutarinat","Tutkimus","Yleist\u00e4"],"inLanguage":"fi","potentialAction":[{"@type":"CommentAction","name":"Comment","target":["https:\/\/blogs.uef.fi\/puutlahellamme\/2024\/01\/31\/suhde-puihin-jasentaa-ihmisten-elamantarinoita\/#respond"]}]},{"@type":"WebPage","@id":"https:\/\/blogs.uef.fi\/puutlahellamme\/2024\/01\/31\/suhde-puihin-jasentaa-ihmisten-elamantarinoita\/","url":"https:\/\/blogs.uef.fi\/puutlahellamme\/2024\/01\/31\/suhde-puihin-jasentaa-ihmisten-elamantarinoita\/","name":"Suhde puihin j\u00e4sent\u00e4\u00e4 ihmisten el\u00e4m\u00e4ntarinoita\u202f\u00a0 | Trees Near Us - Puut l\u00e4hell\u00e4mme - Bomen Naast Ons","isPartOf":{"@id":"https:\/\/blogs.uef.fi\/puutlahellamme\/#website"},"primaryImageOfPage":{"@id":"https:\/\/blogs.uef.fi\/puutlahellamme\/2024\/01\/31\/suhde-puihin-jasentaa-ihmisten-elamantarinoita\/#primaryimage"},"image":{"@id":"https:\/\/blogs.uef.fi\/puutlahellamme\/2024\/01\/31\/suhde-puihin-jasentaa-ihmisten-elamantarinoita\/#primaryimage"},"thumbnailUrl":"https:\/\/blogs.uef.fi\/puutlahellamme\/wp-content\/uploads\/sites\/109\/2024\/01\/2022_puutlahellamme_mariapirinen-3-of-5.jpg","datePublished":"2024-01-31T00:48:28+00:00","dateModified":"2024-01-31T00:52:30+00:00","breadcrumb":{"@id":"https:\/\/blogs.uef.fi\/puutlahellamme\/2024\/01\/31\/suhde-puihin-jasentaa-ihmisten-elamantarinoita\/#breadcrumb"},"inLanguage":"fi","potentialAction":[{"@type":"ReadAction","target":["https:\/\/blogs.uef.fi\/puutlahellamme\/2024\/01\/31\/suhde-puihin-jasentaa-ihmisten-elamantarinoita\/"]}]},{"@type":"ImageObject","inLanguage":"fi","@id":"https:\/\/blogs.uef.fi\/puutlahellamme\/2024\/01\/31\/suhde-puihin-jasentaa-ihmisten-elamantarinoita\/#primaryimage","url":"https:\/\/blogs.uef.fi\/puutlahellamme\/wp-content\/uploads\/sites\/109\/2024\/01\/2022_puutlahellamme_mariapirinen-3-of-5.jpg","contentUrl":"https:\/\/blogs.uef.fi\/puutlahellamme\/wp-content\/uploads\/sites\/109\/2024\/01\/2022_puutlahellamme_mariapirinen-3-of-5.jpg","width":2500,"height":2000,"caption":"Maria Pirinen perheineen kuvattu kotipihallaan Vihdiss\u00e4 2.7.2022."},{"@type":"BreadcrumbList","@id":"https:\/\/blogs.uef.fi\/puutlahellamme\/2024\/01\/31\/suhde-puihin-jasentaa-ihmisten-elamantarinoita\/#breadcrumb","itemListElement":[{"@type":"ListItem","position":1,"name":"Home","item":"https:\/\/blogs.uef.fi\/puutlahellamme\/"},{"@type":"ListItem","position":2,"name":"Suhde puihin j\u00e4sent\u00e4\u00e4 ihmisten el\u00e4m\u00e4ntarinoita\u202f\u00a0"}]},{"@type":"WebSite","@id":"https:\/\/blogs.uef.fi\/puutlahellamme\/#website","url":"https:\/\/blogs.uef.fi\/puutlahellamme\/","name":"Puut l\u00e4hell\u00e4mme - tutkimushanke","description":"","publisher":{"@id":"https:\/\/blogs.uef.fi\/puutlahellamme\/#organization"},"potentialAction":[{"@type":"SearchAction","target":{"@type":"EntryPoint","urlTemplate":"https:\/\/blogs.uef.fi\/puutlahellamme\/?s={search_term_string}"},"query-input":{"@type":"PropertyValueSpecification","valueRequired":true,"valueName":"search_term_string"}}],"inLanguage":"fi"},{"@type":"Organization","@id":"https:\/\/blogs.uef.fi\/puutlahellamme\/#organization","name":"Puut l\u00e4hell\u00e4mme-tutkimushanke","url":"https:\/\/blogs.uef.fi\/puutlahellamme\/","logo":{"@type":"ImageObject","inLanguage":"fi","@id":"https:\/\/blogs.uef.fi\/puutlahellamme\/#\/schema\/logo\/image\/","url":"https:\/\/blogs.uef.fi\/puutlahellamme\/wp-content\/uploads\/sites\/109\/2019\/09\/profiilikuva.jpg","contentUrl":"https:\/\/blogs.uef.fi\/puutlahellamme\/wp-content\/uploads\/sites\/109\/2019\/09\/profiilikuva.jpg","width":663,"height":546,"caption":"Puut l\u00e4hell\u00e4mme-tutkimushanke"},"image":{"@id":"https:\/\/blogs.uef.fi\/puutlahellamme\/#\/schema\/logo\/image\/"}},{"@type":"Person","@id":"https:\/\/blogs.uef.fi\/puutlahellamme\/#\/schema\/person\/d6f755ffe6b4816b6949b4f362371fee","name":"kvainio","image":{"@type":"ImageObject","inLanguage":"fi","@id":"https:\/\/secure.gravatar.com\/avatar\/786caac7cf4a435f2e85373cefd2f6e97e8ec2d77482bdfe50e1d7352a44e2a0?s=96&d=mm&r=g","url":"https:\/\/secure.gravatar.com\/avatar\/786caac7cf4a435f2e85373cefd2f6e97e8ec2d77482bdfe50e1d7352a44e2a0?s=96&d=mm&r=g","contentUrl":"https:\/\/secure.gravatar.com\/avatar\/786caac7cf4a435f2e85373cefd2f6e97e8ec2d77482bdfe50e1d7352a44e2a0?s=96&d=mm&r=g","caption":"kvainio"},"url":"https:\/\/blogs.uef.fi\/puutlahellamme\/author\/kvainio\/"}]}},"_links":{"self":[{"href":"https:\/\/blogs.uef.fi\/puutlahellamme\/wp-json\/wp\/v2\/posts\/1201","targetHints":{"allow":["GET"]}}],"collection":[{"href":"https:\/\/blogs.uef.fi\/puutlahellamme\/wp-json\/wp\/v2\/posts"}],"about":[{"href":"https:\/\/blogs.uef.fi\/puutlahellamme\/wp-json\/wp\/v2\/types\/post"}],"author":[{"embeddable":true,"href":"https:\/\/blogs.uef.fi\/puutlahellamme\/wp-json\/wp\/v2\/users\/265"}],"replies":[{"embeddable":true,"href":"https:\/\/blogs.uef.fi\/puutlahellamme\/wp-json\/wp\/v2\/comments?post=1201"}],"version-history":[{"count":1,"href":"https:\/\/blogs.uef.fi\/puutlahellamme\/wp-json\/wp\/v2\/posts\/1201\/revisions"}],"predecessor-version":[{"id":1204,"href":"https:\/\/blogs.uef.fi\/puutlahellamme\/wp-json\/wp\/v2\/posts\/1201\/revisions\/1204"}],"wp:featuredmedia":[{"embeddable":true,"href":"https:\/\/blogs.uef.fi\/puutlahellamme\/wp-json\/wp\/v2\/media\/1210"}],"wp:attachment":[{"href":"https:\/\/blogs.uef.fi\/puutlahellamme\/wp-json\/wp\/v2\/media?parent=1201"}],"wp:term":[{"taxonomy":"category","embeddable":true,"href":"https:\/\/blogs.uef.fi\/puutlahellamme\/wp-json\/wp\/v2\/categories?post=1201"},{"taxonomy":"post_tag","embeddable":true,"href":"https:\/\/blogs.uef.fi\/puutlahellamme\/wp-json\/wp\/v2\/tags?post=1201"}],"curies":[{"name":"wp","href":"https:\/\/api.w.org\/{rel}","templated":true}]}}