{"id":961,"date":"2021-02-19T16:41:39","date_gmt":"2021-02-19T14:41:39","guid":{"rendered":"https:\/\/blogs.uef.fi\/puheenvuoroja\/?p=961"},"modified":"2025-05-13T12:25:00","modified_gmt":"2025-05-13T09:25:00","slug":"kuka-huolehtii-koululaisten-valipaloista","status":"publish","type":"post","link":"https:\/\/blogs.uef.fi\/puheenvuoroja\/2021\/02\/19\/kuka-huolehtii-koululaisten-valipaloista\/","title":{"rendered":"Kuka huolehtii koululaisten v\u00e4lipaloista?"},"content":{"rendered":"\n<p>\u201dMeill\u00e4p\u00e4 oli t\u00e4n\u00e4\u00e4n parkouria koulussa. Et arvaa, mit\u00e4 opin! Sopiiko, jos n\u00e4yt\u00e4n ruuan j\u00e4lkeen\u201d, kysyy koululainen silm\u00e4t innosta hehkuen p\u00e4iv\u00e4llisp\u00f6yd\u00e4ss\u00e4.<\/p>\n\n\n\n<p>T\u00e4m\u00e4 on varmasti asia, jonka moni vanhempi mielell\u00e4\u00e4n kuulisi lapsensa suusta. Opetus- ja kulttuuriministeri\u00f6n Koululaiskyselyn mukaan juuri parkour on harrastus, jota monet koululaiset toivoivat p\u00e4\u00e4sev\u00e4ns\u00e4 harrastamaan koulup\u00e4iv\u00e4n yhteydess\u00e4, jos harrastamisen Suomen malli rantautuu peruskoulujen arkeen.<\/p>\n\n\n\n<p>Parkour, kuten muutkin harrastukset, vaativat tiukkaa keskittymist\u00e4, tasapainoa ja tekniikkaa, jotta esteilt\u00e4 laskeudutaan maahan turvallisesti ilman loukkaantumisia. Kyn\u00e4 ei my\u00f6sk\u00e4\u00e4n kulje paperilla tai sormet kitaran kielill\u00e4, jos n\u00e4lk\u00e4 kurnii vatsassa. T\u00e4m\u00e4n takia on eritt\u00e4in t\u00e4rke\u00e4\u00e4, ett\u00e4 parkouria sek\u00e4 muita harrastuksia treenataan siten, ett\u00e4 vatsa on t\u00e4ytetty hyv\u00e4ll\u00e4 ja ravitsevalla v\u00e4lipalalla. T\u00e4ll\u00f6in energiatasot ovat koholla, jolloin keskittyminen s\u00e4ilyy, loukkaantumisten riski pienenee ja kotiin on taas viemiseksi jotain uutta opittua esitelt\u00e4v\u00e4ksi.<\/p>\n\n\n\n<p><strong>Mist\u00e4 energia parkouriin?<\/strong><\/p>\n\n\n\n<p>Koululaiset saavat tutkimusten mukaan koululounaasta usein suunniteltua v\u00e4hemm\u00e4n energiaa. T\u00e4ll\u00f6in korostuu erityisesti iltap\u00e4iv\u00e4n v\u00e4lipalojen merkitys.<\/p>\n\n\n\n<p>Jotta v\u00e4lipalan turvin jaksaa harrastaa, koululaisen v\u00e4lipala on hyv\u00e4 koota lautasmallin mukaisesti. Tarjolla on hyv\u00e4 olla aina jotain kasvista, hedelm\u00e4\u00e4 tai marjaa, jotain hiilihydraattia yhdistettyn\u00e4 pehme\u00e4\u00e4n rasvaan, kuten t\u00e4ysjyv\u00e4leip\u00e4\u00e4 margariinilla sek\u00e4 jotain proteiinia, kuten maitoa, juustoa tai soijavalmistetta.<\/p>\n\n\n\n<p>Jos v\u00e4lipala toteutettaisiinkin ev\u00e4sruokailuna, toteutuisiko ravitsemuksellisesti kattava v\u00e4lipala t\u00e4ll\u00f6in perheiden v\u00e4lill\u00e4?<\/p>\n\n\n\n<p><strong>Koululaisten terveyteen panostaminen on tasa-arvoisen hyvinvointivaltion kulmakivi<\/strong><\/p>\n\n\n\n<p>Kouluruokailu on maassamme eritt\u00e4in t\u00e4rke\u00e4 tasa-arvon ja yhdenvertaisuuden edist\u00e4j\u00e4.<\/p>\n\n\n\n<p>Tutkimuksemme mukaan osassa kouluista on tarjolla maksuton v\u00e4lipala, osassa maksullinen ja osassa ei tarjota v\u00e4lipalaa lainkaan, jolloin yhdenvertaisuus kaikkien Suomen koululaisten kesken ei t\u00e4ll\u00e4k\u00e4\u00e4n hetkell\u00e4 toteudu.<\/p>\n\n\n\n<p>Mik\u00e4li ev\u00e4sv\u00e4lipala olisi perheiden vastuulla, tasa-arvo koululaisten v\u00e4lill\u00e4 v\u00e4henisi, p\u00e4iv\u00e4n energiansaanti saattaisi j\u00e4\u00e4d\u00e4 varsin niukaksi ja ravitsemuksellinen laatu voisi k\u00e4rsi\u00e4.<\/p>\n\n\n\n<p><strong>Terveist\u00e4 koululaisista kasvaa terveit\u00e4 aikuisia<\/strong><\/p>\n\n\n\n<p>T\u00e4m\u00e4nhetkisten kouluruokailusuositusten mukaan kouluruuan voi jakaa lounaaksi ja v\u00e4lipalaksi, mik\u00e4 parantaisi my\u00f6s ateriarytmi\u00e4 p\u00e4iv\u00e4ll\u00e4.<\/p>\n\n\n\n<p>Jos harrastamisen Suomen malli toteutuu, t\u00e4m\u00e4 jako voisi auttaa koululaisia jaksamaan koko koulup\u00e4iv\u00e4n oppitunteineen ja harrastuksineen. Se toimisi lis\u00e4ksi hyv\u00e4n\u00e4 ruokakasvatuskeinona terveytt\u00e4 edist\u00e4v\u00e4n v\u00e4lipalan kokoamisessa ja ateriarytmin turvaamisessa.<\/p>\n\n\n\n<p>V\u00e4lipalan tarjoamista varten tulisi kuitenkin laatia ruokapalveluille selke\u00e4t suositukset v\u00e4lipalan toteuttamiseksi ja ravitsemuksellisen laadun varmistamiseksi. Sen lis\u00e4ksi kunnille tulisi osoittaa riitt\u00e4v\u00e4t resurssit niin raaka-ainekustannusten kuin henkil\u00f6kunnan, tilojen ja laitteidenkin puolesta, jotta suositusten mukainen v\u00e4lipala voitaisiin tarjota koululaisille.<\/p>\n\n\n\n<p>Henna Jalkanen<br>Projektitutkija, Kattava koululounas ja v\u00e4lkyt v\u00e4lipalat -hanke<br>It\u00e4-Suomen yliopiston l\u00e4\u00e4ketieteen laitos, kansanterveystieteen ja kliinisen ravitsemustieteen yksikk\u00f6<\/p>\n\n\n\n<p>Kattava koululounas ja v\u00e4lkyt v\u00e4lipalat -hanketta toteuttaa It\u00e4-Suomen yliopisto yhdess\u00e4 Kaakkois-Suomen ammattikorkeakoulun, Ammattikeitti\u00f6osaajat ry:n sek\u00e4 Terveyden ja hyvinvoinnin laitoksen kanssa. Lue lis\u00e4\u00e4: <a href=\"http:\/\/sites.uef.fi\/kattava-koululounas\/\">sites.uef.fi\/kattava-koululounas\/<\/a><\/p>\n","protected":false},"excerpt":{"rendered":"<p>\u201dMeill\u00e4p\u00e4 oli t\u00e4n\u00e4\u00e4n parkouria koulussa. Et arvaa, mit\u00e4 opin! Sopiiko, jos n\u00e4yt\u00e4n ruuan j\u00e4lkeen\u201d, kysyy koululainen silm\u00e4t innosta hehkuen p\u00e4iv\u00e4llisp\u00f6yd\u00e4ss\u00e4. T\u00e4m\u00e4 on varmasti asia, jonka moni vanhempi mielell\u00e4\u00e4n kuulisi lapsensa suusta. Opetus- ja kulttuuriministeri\u00f6n Koululaiskyselyn mukaan juuri parkour on harrastus, jota monet koululaiset toivoivat p\u00e4\u00e4sev\u00e4ns\u00e4 harrastamaan koulup\u00e4iv\u00e4n yhteydess\u00e4, jos harrastamisen Suomen malli rantautuu peruskoulujen arkeen. [&hellip;]<\/p>\n","protected":false},"author":7,"featured_media":0,"comment_status":"open","ping_status":"closed","sticky":false,"template":"","format":"standard","meta":{"_acf_changed":false,"footnotes":""},"categories":[733],"tags":[110,739,359,736],"class_list":["post-961","post","type-post","status-publish","format-standard","hentry","category-henna-jalkanen","tag-kansanterveys","tag-kouluruokailu","tag-lasten-liikunta-ja-ravitsemus","tag-ravitsemustiede"],"acf":[],"yoast_head":"<!-- This site is optimized with the Yoast SEO plugin v27.3 - https:\/\/yoast.com\/product\/yoast-seo-wordpress\/ -->\n<title>Kuka huolehtii koululaisten v\u00e4lipaloista? - Puheenvuoroja<\/title>\n<meta name=\"robots\" content=\"index, follow, max-snippet:-1, max-image-preview:large, max-video-preview:-1\" \/>\n<link rel=\"canonical\" href=\"https:\/\/blogs.uef.fi\/puheenvuoroja\/2021\/02\/19\/kuka-huolehtii-koululaisten-valipaloista\/\" \/>\n<meta property=\"og:locale\" content=\"fi_FI\" \/>\n<meta property=\"og:type\" content=\"article\" \/>\n<meta property=\"og:title\" content=\"Kuka huolehtii koululaisten v\u00e4lipaloista? - Puheenvuoroja\" \/>\n<meta property=\"og:description\" content=\"\u201dMeill\u00e4p\u00e4 oli t\u00e4n\u00e4\u00e4n parkouria koulussa. Et arvaa, mit\u00e4 opin! Sopiiko, jos n\u00e4yt\u00e4n ruuan j\u00e4lkeen\u201d, kysyy koululainen silm\u00e4t innosta hehkuen p\u00e4iv\u00e4llisp\u00f6yd\u00e4ss\u00e4. T\u00e4m\u00e4 on varmasti asia, jonka moni vanhempi mielell\u00e4\u00e4n kuulisi lapsensa suusta. Opetus- ja kulttuuriministeri\u00f6n Koululaiskyselyn mukaan juuri parkour on harrastus, jota monet koululaiset toivoivat p\u00e4\u00e4sev\u00e4ns\u00e4 harrastamaan koulup\u00e4iv\u00e4n yhteydess\u00e4, jos harrastamisen Suomen malli rantautuu peruskoulujen arkeen. [&hellip;]\" \/>\n<meta property=\"og:url\" content=\"https:\/\/blogs.uef.fi\/puheenvuoroja\/2021\/02\/19\/kuka-huolehtii-koululaisten-valipaloista\/\" \/>\n<meta property=\"og:site_name\" content=\"Puheenvuoroja\" \/>\n<meta property=\"article:published_time\" content=\"2021-02-19T14:41:39+00:00\" \/>\n<meta property=\"article:modified_time\" content=\"2025-05-13T09:25:00+00:00\" \/>\n<meta name=\"author\" content=\"Viestint\u00e4\" \/>\n<meta name=\"twitter:card\" content=\"summary_large_image\" \/>\n<meta name=\"twitter:label1\" content=\"Kirjoittanut\" \/>\n\t<meta name=\"twitter:data1\" content=\"Viestint\u00e4\" \/>\n\t<meta name=\"twitter:label2\" content=\"Arvioitu lukuaika\" \/>\n\t<meta name=\"twitter:data2\" content=\"3 minuuttia\" \/>\n<script type=\"application\/ld+json\" class=\"yoast-schema-graph\">{\"@context\":\"https:\\\/\\\/schema.org\",\"@graph\":[{\"@type\":\"Article\",\"@id\":\"https:\\\/\\\/blogs.uef.fi\\\/puheenvuoroja\\\/2021\\\/02\\\/19\\\/kuka-huolehtii-koululaisten-valipaloista\\\/#article\",\"isPartOf\":{\"@id\":\"https:\\\/\\\/blogs.uef.fi\\\/puheenvuoroja\\\/2021\\\/02\\\/19\\\/kuka-huolehtii-koululaisten-valipaloista\\\/\"},\"author\":{\"name\":\"Viestint\u00e4\",\"@id\":\"https:\\\/\\\/blogs.uef.fi\\\/puheenvuoroja\\\/#\\\/schema\\\/person\\\/23b326ec5bb0d7bd395b6ddbbded3497\"},\"headline\":\"Kuka huolehtii koululaisten v\u00e4lipaloista?\",\"datePublished\":\"2021-02-19T14:41:39+00:00\",\"dateModified\":\"2025-05-13T09:25:00+00:00\",\"mainEntityOfPage\":{\"@id\":\"https:\\\/\\\/blogs.uef.fi\\\/puheenvuoroja\\\/2021\\\/02\\\/19\\\/kuka-huolehtii-koululaisten-valipaloista\\\/\"},\"wordCount\":483,\"commentCount\":0,\"keywords\":[\"kansanterveys\",\"kouluruokailu\",\"Lasten liikunta ja ravitsemus\",\"ravitsemustiede\"],\"articleSection\":[\"Henna Jalkanen\"],\"inLanguage\":\"fi\",\"potentialAction\":[{\"@type\":\"CommentAction\",\"name\":\"Comment\",\"target\":[\"https:\\\/\\\/blogs.uef.fi\\\/puheenvuoroja\\\/2021\\\/02\\\/19\\\/kuka-huolehtii-koululaisten-valipaloista\\\/#respond\"]}]},{\"@type\":\"WebPage\",\"@id\":\"https:\\\/\\\/blogs.uef.fi\\\/puheenvuoroja\\\/2021\\\/02\\\/19\\\/kuka-huolehtii-koululaisten-valipaloista\\\/\",\"url\":\"https:\\\/\\\/blogs.uef.fi\\\/puheenvuoroja\\\/2021\\\/02\\\/19\\\/kuka-huolehtii-koululaisten-valipaloista\\\/\",\"name\":\"Kuka huolehtii koululaisten v\u00e4lipaloista? - Puheenvuoroja\",\"isPartOf\":{\"@id\":\"https:\\\/\\\/blogs.uef.fi\\\/puheenvuoroja\\\/#website\"},\"datePublished\":\"2021-02-19T14:41:39+00:00\",\"dateModified\":\"2025-05-13T09:25:00+00:00\",\"author\":{\"@id\":\"https:\\\/\\\/blogs.uef.fi\\\/puheenvuoroja\\\/#\\\/schema\\\/person\\\/23b326ec5bb0d7bd395b6ddbbded3497\"},\"breadcrumb\":{\"@id\":\"https:\\\/\\\/blogs.uef.fi\\\/puheenvuoroja\\\/2021\\\/02\\\/19\\\/kuka-huolehtii-koululaisten-valipaloista\\\/#breadcrumb\"},\"inLanguage\":\"fi\",\"potentialAction\":[{\"@type\":\"ReadAction\",\"target\":[\"https:\\\/\\\/blogs.uef.fi\\\/puheenvuoroja\\\/2021\\\/02\\\/19\\\/kuka-huolehtii-koululaisten-valipaloista\\\/\"]}]},{\"@type\":\"BreadcrumbList\",\"@id\":\"https:\\\/\\\/blogs.uef.fi\\\/puheenvuoroja\\\/2021\\\/02\\\/19\\\/kuka-huolehtii-koululaisten-valipaloista\\\/#breadcrumb\",\"itemListElement\":[{\"@type\":\"ListItem\",\"position\":1,\"name\":\"Home\",\"item\":\"https:\\\/\\\/blogs.uef.fi\\\/puheenvuoroja\\\/\"},{\"@type\":\"ListItem\",\"position\":2,\"name\":\"Kuka huolehtii koululaisten v\u00e4lipaloista?\"}]},{\"@type\":\"WebSite\",\"@id\":\"https:\\\/\\\/blogs.uef.fi\\\/puheenvuoroja\\\/#website\",\"url\":\"https:\\\/\\\/blogs.uef.fi\\\/puheenvuoroja\\\/\",\"name\":\"Puheenvuoroja\",\"description\":\"\",\"potentialAction\":[{\"@type\":\"SearchAction\",\"target\":{\"@type\":\"EntryPoint\",\"urlTemplate\":\"https:\\\/\\\/blogs.uef.fi\\\/puheenvuoroja\\\/?s={search_term_string}\"},\"query-input\":{\"@type\":\"PropertyValueSpecification\",\"valueRequired\":true,\"valueName\":\"search_term_string\"}}],\"inLanguage\":\"fi\"},{\"@type\":\"Person\",\"@id\":\"https:\\\/\\\/blogs.uef.fi\\\/puheenvuoroja\\\/#\\\/schema\\\/person\\\/23b326ec5bb0d7bd395b6ddbbded3497\",\"name\":\"Viestint\u00e4\",\"url\":\"https:\\\/\\\/blogs.uef.fi\\\/puheenvuoroja\\\/author\\\/viestinta\\\/\"}]}<\/script>\n<!-- \/ Yoast SEO plugin. -->","yoast_head_json":{"title":"Kuka huolehtii koululaisten v\u00e4lipaloista? - Puheenvuoroja","robots":{"index":"index","follow":"follow","max-snippet":"max-snippet:-1","max-image-preview":"max-image-preview:large","max-video-preview":"max-video-preview:-1"},"canonical":"https:\/\/blogs.uef.fi\/puheenvuoroja\/2021\/02\/19\/kuka-huolehtii-koululaisten-valipaloista\/","og_locale":"fi_FI","og_type":"article","og_title":"Kuka huolehtii koululaisten v\u00e4lipaloista? - Puheenvuoroja","og_description":"\u201dMeill\u00e4p\u00e4 oli t\u00e4n\u00e4\u00e4n parkouria koulussa. Et arvaa, mit\u00e4 opin! Sopiiko, jos n\u00e4yt\u00e4n ruuan j\u00e4lkeen\u201d, kysyy koululainen silm\u00e4t innosta hehkuen p\u00e4iv\u00e4llisp\u00f6yd\u00e4ss\u00e4. T\u00e4m\u00e4 on varmasti asia, jonka moni vanhempi mielell\u00e4\u00e4n kuulisi lapsensa suusta. Opetus- ja kulttuuriministeri\u00f6n Koululaiskyselyn mukaan juuri parkour on harrastus, jota monet koululaiset toivoivat p\u00e4\u00e4sev\u00e4ns\u00e4 harrastamaan koulup\u00e4iv\u00e4n yhteydess\u00e4, jos harrastamisen Suomen malli rantautuu peruskoulujen arkeen. [&hellip;]","og_url":"https:\/\/blogs.uef.fi\/puheenvuoroja\/2021\/02\/19\/kuka-huolehtii-koululaisten-valipaloista\/","og_site_name":"Puheenvuoroja","article_published_time":"2021-02-19T14:41:39+00:00","article_modified_time":"2025-05-13T09:25:00+00:00","author":"Viestint\u00e4","twitter_card":"summary_large_image","twitter_misc":{"Kirjoittanut":"Viestint\u00e4","Arvioitu lukuaika":"3 minuuttia"},"schema":{"@context":"https:\/\/schema.org","@graph":[{"@type":"Article","@id":"https:\/\/blogs.uef.fi\/puheenvuoroja\/2021\/02\/19\/kuka-huolehtii-koululaisten-valipaloista\/#article","isPartOf":{"@id":"https:\/\/blogs.uef.fi\/puheenvuoroja\/2021\/02\/19\/kuka-huolehtii-koululaisten-valipaloista\/"},"author":{"name":"Viestint\u00e4","@id":"https:\/\/blogs.uef.fi\/puheenvuoroja\/#\/schema\/person\/23b326ec5bb0d7bd395b6ddbbded3497"},"headline":"Kuka huolehtii koululaisten v\u00e4lipaloista?","datePublished":"2021-02-19T14:41:39+00:00","dateModified":"2025-05-13T09:25:00+00:00","mainEntityOfPage":{"@id":"https:\/\/blogs.uef.fi\/puheenvuoroja\/2021\/02\/19\/kuka-huolehtii-koululaisten-valipaloista\/"},"wordCount":483,"commentCount":0,"keywords":["kansanterveys","kouluruokailu","Lasten liikunta ja ravitsemus","ravitsemustiede"],"articleSection":["Henna Jalkanen"],"inLanguage":"fi","potentialAction":[{"@type":"CommentAction","name":"Comment","target":["https:\/\/blogs.uef.fi\/puheenvuoroja\/2021\/02\/19\/kuka-huolehtii-koululaisten-valipaloista\/#respond"]}]},{"@type":"WebPage","@id":"https:\/\/blogs.uef.fi\/puheenvuoroja\/2021\/02\/19\/kuka-huolehtii-koululaisten-valipaloista\/","url":"https:\/\/blogs.uef.fi\/puheenvuoroja\/2021\/02\/19\/kuka-huolehtii-koululaisten-valipaloista\/","name":"Kuka huolehtii koululaisten v\u00e4lipaloista? - Puheenvuoroja","isPartOf":{"@id":"https:\/\/blogs.uef.fi\/puheenvuoroja\/#website"},"datePublished":"2021-02-19T14:41:39+00:00","dateModified":"2025-05-13T09:25:00+00:00","author":{"@id":"https:\/\/blogs.uef.fi\/puheenvuoroja\/#\/schema\/person\/23b326ec5bb0d7bd395b6ddbbded3497"},"breadcrumb":{"@id":"https:\/\/blogs.uef.fi\/puheenvuoroja\/2021\/02\/19\/kuka-huolehtii-koululaisten-valipaloista\/#breadcrumb"},"inLanguage":"fi","potentialAction":[{"@type":"ReadAction","target":["https:\/\/blogs.uef.fi\/puheenvuoroja\/2021\/02\/19\/kuka-huolehtii-koululaisten-valipaloista\/"]}]},{"@type":"BreadcrumbList","@id":"https:\/\/blogs.uef.fi\/puheenvuoroja\/2021\/02\/19\/kuka-huolehtii-koululaisten-valipaloista\/#breadcrumb","itemListElement":[{"@type":"ListItem","position":1,"name":"Home","item":"https:\/\/blogs.uef.fi\/puheenvuoroja\/"},{"@type":"ListItem","position":2,"name":"Kuka huolehtii koululaisten v\u00e4lipaloista?"}]},{"@type":"WebSite","@id":"https:\/\/blogs.uef.fi\/puheenvuoroja\/#website","url":"https:\/\/blogs.uef.fi\/puheenvuoroja\/","name":"Puheenvuoroja","description":"","potentialAction":[{"@type":"SearchAction","target":{"@type":"EntryPoint","urlTemplate":"https:\/\/blogs.uef.fi\/puheenvuoroja\/?s={search_term_string}"},"query-input":{"@type":"PropertyValueSpecification","valueRequired":true,"valueName":"search_term_string"}}],"inLanguage":"fi"},{"@type":"Person","@id":"https:\/\/blogs.uef.fi\/puheenvuoroja\/#\/schema\/person\/23b326ec5bb0d7bd395b6ddbbded3497","name":"Viestint\u00e4","url":"https:\/\/blogs.uef.fi\/puheenvuoroja\/author\/viestinta\/"}]}},"_links":{"self":[{"href":"https:\/\/blogs.uef.fi\/puheenvuoroja\/wp-json\/wp\/v2\/posts\/961","targetHints":{"allow":["GET"]}}],"collection":[{"href":"https:\/\/blogs.uef.fi\/puheenvuoroja\/wp-json\/wp\/v2\/posts"}],"about":[{"href":"https:\/\/blogs.uef.fi\/puheenvuoroja\/wp-json\/wp\/v2\/types\/post"}],"author":[{"embeddable":true,"href":"https:\/\/blogs.uef.fi\/puheenvuoroja\/wp-json\/wp\/v2\/users\/7"}],"replies":[{"embeddable":true,"href":"https:\/\/blogs.uef.fi\/puheenvuoroja\/wp-json\/wp\/v2\/comments?post=961"}],"version-history":[{"count":2,"href":"https:\/\/blogs.uef.fi\/puheenvuoroja\/wp-json\/wp\/v2\/posts\/961\/revisions"}],"predecessor-version":[{"id":3282,"href":"https:\/\/blogs.uef.fi\/puheenvuoroja\/wp-json\/wp\/v2\/posts\/961\/revisions\/3282"}],"wp:attachment":[{"href":"https:\/\/blogs.uef.fi\/puheenvuoroja\/wp-json\/wp\/v2\/media?parent=961"}],"wp:term":[{"taxonomy":"category","embeddable":true,"href":"https:\/\/blogs.uef.fi\/puheenvuoroja\/wp-json\/wp\/v2\/categories?post=961"},{"taxonomy":"post_tag","embeddable":true,"href":"https:\/\/blogs.uef.fi\/puheenvuoroja\/wp-json\/wp\/v2\/tags?post=961"}],"curies":[{"name":"wp","href":"https:\/\/api.w.org\/{rel}","templated":true}]}}