{"id":868,"date":"2020-10-22T15:15:58","date_gmt":"2020-10-22T12:15:58","guid":{"rendered":"https:\/\/blogs.uef.fi\/puheenvuoroja\/?p=868"},"modified":"2025-05-12T15:50:23","modified_gmt":"2025-05-12T12:50:23","slug":"laajennetun-oppivelvollisuuskeskustelun-unohdettu-kysymys","status":"publish","type":"post","link":"https:\/\/blogs.uef.fi\/puheenvuoroja\/2020\/10\/22\/laajennetun-oppivelvollisuuskeskustelun-unohdettu-kysymys\/","title":{"rendered":"Laajennetun oppivelvollisuuskeskustelun unohdettu kysymys"},"content":{"rendered":"\n<p>Oppivelvollisuuden laajentamista k\u00e4sitelev\u00e4 lakiuudistus on keskusteluttanut paljon. Kritiikki on kohdistunut etenkin uudistuksen kalleuteen, toteuttamisaikatauluun sek\u00e4 kohdentamisen j\u00e4rkevyyteen. Monet tutkijat ja ammattilaiset ovat puoltaneet satsauksen kohdistamista peruskoulun kehitt\u00e4miseen sek\u00e4 opinto-ohjauksen, erityisen tuen ja oppilashuoltopalveluiden vahvistamiseen.<\/p>\n\n\n\n<p>Ottamatta kantaa uudistukseen puolesta tai vastaan, olen ihmetellyt, kuinka v\u00e4h\u00e4n keskustelu on kohdentunut toisen asteen oppilaitoksiin ja siihen, millaisen kasvuymp\u00e4rist\u00f6n ne nuorille tarjoavat. Allekirjoitan toki sen, ett\u00e4 monilla toisen asteen opiskelijoiden kohtaamilla haasteilla on aiemmat taustansa, mutta tutkimusten mukaan kehitett\u00e4v\u00e4\u00e4 riitt\u00e4\u00e4 my\u00f6s lukioissa ja ammatillisissa oppilaitoksissa. Lis\u00e4ksi v\u00e4it\u00e4n, ett\u00e4 aikuistumisen problematiikka nyky-yhteiskunnassa ei tule tuetuksi vain korostamalla varhaisempiin vuosiin kohdistuvaa ennalta ehk\u00e4isev\u00e4\u00e4 ty\u00f6t\u00e4, vaan se vaatii my\u00f6s omanlaistaan huomiota ja pedagogiikkaa. Nyt kun lakiuudistus on nytk\u00e4ht\u00e4nyt eteenp\u00e4in, toivon, ett\u00e4 huomiota kohdistettaisiin toisen asteen oppilaitoksiin juuri nuorisopedagogisina ymp\u00e4rist\u00f6in\u00e4 \u2013 meni laki l\u00e4pi tai sitten ei.<\/p>\n\n\n\n<p>Ammatillisen koulutuksen keskeytt\u00e4mist\u00e4 k\u00e4sitelleess\u00e4 tutkimuksessani osoitin, kuinka ty\u00f6el\u00e4m\u00e4l\u00e4ht\u00f6isyyden korostuminen ammatillisessa koulutuksessa asettaa toissijaiseksi kysymykset kasvatuksesta ja siten my\u00f6s sukupolvien v\u00e4lisen dialogin tukemisesta \u2013 eli opettajien kyvyst\u00e4 kohdata aikuistuva nuori. Pahimmillaan nuoren tukitarpeet n\u00e4ytt\u00e4ytyv\u00e4t opettajien puheessa hyys\u00e4yksen\u00e4: \u201d<em>ei siell\u00e4 ty\u00f6el\u00e4m\u00e4ss\u00e4k\u00e4\u00e4n per\u00e4\u00e4n soitella<\/em>\u201d. Vastaavia havaintoja siit\u00e4, ett\u00e4 oppiainekeskeisyys korostuu nuorten ja nuorten kulttuureiden kohtaamisen sijaan, olemme saaneet my\u00f6s johtamassani <em>Suuntaa Lukiopolulle<\/em> -hankkeessa, jossa lukiolaiset ovat arvioineet saavansa v\u00e4hiten tukea ja ohjausta juuri opettajiltaan verrattuna muihin koulun ammattilaisiin.<\/p>\n\n\n\n<p>Koulutuksen keskeytt\u00e4misen tarkastelulle on ollut Suomessa tyypillist\u00e4, ett\u00e4 sit\u00e4 l\u00e4hestyt\u00e4\u00e4n yksil\u00f6n ongelmallisuutena, ongelmina ja jopa allergiana. Oppivelvollisuuden laajentaminen vaatii katseen k\u00e4\u00e4nt\u00e4misen my\u00f6s koulutuksen rakenteisiin ja arjen pedagogisiin sek\u00e4 mukaan ottaviin ett\u00e4 ulosty\u00f6nt\u00e4viin k\u00e4yt\u00e4nteisiin, paitsi peruskoulussa my\u00f6s toisella asteella.<\/p>\n\n\n\n<p>Anne-Mari Souto<br>Yliopistonlehtori, opinto- ja uraohjaus<\/p>\n","protected":false},"excerpt":{"rendered":"<p>Oppivelvollisuuden laajentamista k\u00e4sitelev\u00e4 lakiuudistus on keskusteluttanut paljon. Kritiikki on kohdistunut etenkin uudistuksen kalleuteen, toteuttamisaikatauluun sek\u00e4 kohdentamisen j\u00e4rkevyyteen. Monet tutkijat ja ammattilaiset ovat puoltaneet satsauksen kohdistamista peruskoulun kehitt\u00e4miseen sek\u00e4 opinto-ohjauksen, erityisen tuen ja oppilashuoltopalveluiden vahvistamiseen. Ottamatta kantaa uudistukseen puolesta tai vastaan, olen ihmetellyt, kuinka v\u00e4h\u00e4n keskustelu on kohdentunut toisen asteen oppilaitoksiin ja siihen, millaisen kasvuymp\u00e4rist\u00f6n ne [&hellip;]<\/p>\n","protected":false},"author":7,"featured_media":0,"comment_status":"open","ping_status":"closed","sticky":false,"template":"","format":"standard","meta":{"_acf_changed":false,"footnotes":""},"categories":[1],"tags":[],"class_list":["post-868","post","type-post","status-publish","format-standard","hentry","category-uncategorized"],"acf":[],"yoast_head":"<!-- This site is optimized with the Yoast SEO plugin v27.3 - https:\/\/yoast.com\/product\/yoast-seo-wordpress\/ -->\n<title>Laajennetun oppivelvollisuuskeskustelun unohdettu kysymys - Puheenvuoroja<\/title>\n<meta name=\"robots\" content=\"index, follow, max-snippet:-1, max-image-preview:large, max-video-preview:-1\" \/>\n<link rel=\"canonical\" href=\"https:\/\/blogs.uef.fi\/puheenvuoroja\/2020\/10\/22\/laajennetun-oppivelvollisuuskeskustelun-unohdettu-kysymys\/\" \/>\n<meta property=\"og:locale\" content=\"fi_FI\" \/>\n<meta property=\"og:type\" content=\"article\" \/>\n<meta property=\"og:title\" content=\"Laajennetun oppivelvollisuuskeskustelun unohdettu kysymys - Puheenvuoroja\" \/>\n<meta property=\"og:description\" content=\"Oppivelvollisuuden laajentamista k\u00e4sitelev\u00e4 lakiuudistus on keskusteluttanut paljon. Kritiikki on kohdistunut etenkin uudistuksen kalleuteen, toteuttamisaikatauluun sek\u00e4 kohdentamisen j\u00e4rkevyyteen. Monet tutkijat ja ammattilaiset ovat puoltaneet satsauksen kohdistamista peruskoulun kehitt\u00e4miseen sek\u00e4 opinto-ohjauksen, erityisen tuen ja oppilashuoltopalveluiden vahvistamiseen. Ottamatta kantaa uudistukseen puolesta tai vastaan, olen ihmetellyt, kuinka v\u00e4h\u00e4n keskustelu on kohdentunut toisen asteen oppilaitoksiin ja siihen, millaisen kasvuymp\u00e4rist\u00f6n ne [&hellip;]\" \/>\n<meta property=\"og:url\" content=\"https:\/\/blogs.uef.fi\/puheenvuoroja\/2020\/10\/22\/laajennetun-oppivelvollisuuskeskustelun-unohdettu-kysymys\/\" \/>\n<meta property=\"og:site_name\" content=\"Puheenvuoroja\" \/>\n<meta property=\"article:published_time\" content=\"2020-10-22T12:15:58+00:00\" \/>\n<meta property=\"article:modified_time\" content=\"2025-05-12T12:50:23+00:00\" \/>\n<meta name=\"author\" content=\"Viestint\u00e4\" \/>\n<meta name=\"twitter:card\" content=\"summary_large_image\" \/>\n<meta name=\"twitter:label1\" content=\"Kirjoittanut\" \/>\n\t<meta name=\"twitter:data1\" content=\"Viestint\u00e4\" \/>\n\t<meta name=\"twitter:label2\" content=\"Arvioitu lukuaika\" \/>\n\t<meta name=\"twitter:data2\" content=\"2 minuuttia\" \/>\n<script type=\"application\/ld+json\" class=\"yoast-schema-graph\">{\"@context\":\"https:\\\/\\\/schema.org\",\"@graph\":[{\"@type\":\"Article\",\"@id\":\"https:\\\/\\\/blogs.uef.fi\\\/puheenvuoroja\\\/2020\\\/10\\\/22\\\/laajennetun-oppivelvollisuuskeskustelun-unohdettu-kysymys\\\/#article\",\"isPartOf\":{\"@id\":\"https:\\\/\\\/blogs.uef.fi\\\/puheenvuoroja\\\/2020\\\/10\\\/22\\\/laajennetun-oppivelvollisuuskeskustelun-unohdettu-kysymys\\\/\"},\"author\":{\"name\":\"Viestint\u00e4\",\"@id\":\"https:\\\/\\\/blogs.uef.fi\\\/puheenvuoroja\\\/#\\\/schema\\\/person\\\/23b326ec5bb0d7bd395b6ddbbded3497\"},\"headline\":\"Laajennetun oppivelvollisuuskeskustelun unohdettu kysymys\",\"datePublished\":\"2020-10-22T12:15:58+00:00\",\"dateModified\":\"2025-05-12T12:50:23+00:00\",\"mainEntityOfPage\":{\"@id\":\"https:\\\/\\\/blogs.uef.fi\\\/puheenvuoroja\\\/2020\\\/10\\\/22\\\/laajennetun-oppivelvollisuuskeskustelun-unohdettu-kysymys\\\/\"},\"wordCount\":302,\"commentCount\":0,\"articleSection\":[\"Uncategorized\"],\"inLanguage\":\"fi\",\"potentialAction\":[{\"@type\":\"CommentAction\",\"name\":\"Comment\",\"target\":[\"https:\\\/\\\/blogs.uef.fi\\\/puheenvuoroja\\\/2020\\\/10\\\/22\\\/laajennetun-oppivelvollisuuskeskustelun-unohdettu-kysymys\\\/#respond\"]}]},{\"@type\":\"WebPage\",\"@id\":\"https:\\\/\\\/blogs.uef.fi\\\/puheenvuoroja\\\/2020\\\/10\\\/22\\\/laajennetun-oppivelvollisuuskeskustelun-unohdettu-kysymys\\\/\",\"url\":\"https:\\\/\\\/blogs.uef.fi\\\/puheenvuoroja\\\/2020\\\/10\\\/22\\\/laajennetun-oppivelvollisuuskeskustelun-unohdettu-kysymys\\\/\",\"name\":\"Laajennetun oppivelvollisuuskeskustelun unohdettu kysymys - Puheenvuoroja\",\"isPartOf\":{\"@id\":\"https:\\\/\\\/blogs.uef.fi\\\/puheenvuoroja\\\/#website\"},\"datePublished\":\"2020-10-22T12:15:58+00:00\",\"dateModified\":\"2025-05-12T12:50:23+00:00\",\"author\":{\"@id\":\"https:\\\/\\\/blogs.uef.fi\\\/puheenvuoroja\\\/#\\\/schema\\\/person\\\/23b326ec5bb0d7bd395b6ddbbded3497\"},\"breadcrumb\":{\"@id\":\"https:\\\/\\\/blogs.uef.fi\\\/puheenvuoroja\\\/2020\\\/10\\\/22\\\/laajennetun-oppivelvollisuuskeskustelun-unohdettu-kysymys\\\/#breadcrumb\"},\"inLanguage\":\"fi\",\"potentialAction\":[{\"@type\":\"ReadAction\",\"target\":[\"https:\\\/\\\/blogs.uef.fi\\\/puheenvuoroja\\\/2020\\\/10\\\/22\\\/laajennetun-oppivelvollisuuskeskustelun-unohdettu-kysymys\\\/\"]}]},{\"@type\":\"BreadcrumbList\",\"@id\":\"https:\\\/\\\/blogs.uef.fi\\\/puheenvuoroja\\\/2020\\\/10\\\/22\\\/laajennetun-oppivelvollisuuskeskustelun-unohdettu-kysymys\\\/#breadcrumb\",\"itemListElement\":[{\"@type\":\"ListItem\",\"position\":1,\"name\":\"Home\",\"item\":\"https:\\\/\\\/blogs.uef.fi\\\/puheenvuoroja\\\/\"},{\"@type\":\"ListItem\",\"position\":2,\"name\":\"Laajennetun oppivelvollisuuskeskustelun unohdettu kysymys\"}]},{\"@type\":\"WebSite\",\"@id\":\"https:\\\/\\\/blogs.uef.fi\\\/puheenvuoroja\\\/#website\",\"url\":\"https:\\\/\\\/blogs.uef.fi\\\/puheenvuoroja\\\/\",\"name\":\"Puheenvuoroja\",\"description\":\"\",\"potentialAction\":[{\"@type\":\"SearchAction\",\"target\":{\"@type\":\"EntryPoint\",\"urlTemplate\":\"https:\\\/\\\/blogs.uef.fi\\\/puheenvuoroja\\\/?s={search_term_string}\"},\"query-input\":{\"@type\":\"PropertyValueSpecification\",\"valueRequired\":true,\"valueName\":\"search_term_string\"}}],\"inLanguage\":\"fi\"},{\"@type\":\"Person\",\"@id\":\"https:\\\/\\\/blogs.uef.fi\\\/puheenvuoroja\\\/#\\\/schema\\\/person\\\/23b326ec5bb0d7bd395b6ddbbded3497\",\"name\":\"Viestint\u00e4\",\"url\":\"https:\\\/\\\/blogs.uef.fi\\\/puheenvuoroja\\\/author\\\/viestinta\\\/\"}]}<\/script>\n<!-- \/ Yoast SEO plugin. -->","yoast_head_json":{"title":"Laajennetun oppivelvollisuuskeskustelun unohdettu kysymys - Puheenvuoroja","robots":{"index":"index","follow":"follow","max-snippet":"max-snippet:-1","max-image-preview":"max-image-preview:large","max-video-preview":"max-video-preview:-1"},"canonical":"https:\/\/blogs.uef.fi\/puheenvuoroja\/2020\/10\/22\/laajennetun-oppivelvollisuuskeskustelun-unohdettu-kysymys\/","og_locale":"fi_FI","og_type":"article","og_title":"Laajennetun oppivelvollisuuskeskustelun unohdettu kysymys - Puheenvuoroja","og_description":"Oppivelvollisuuden laajentamista k\u00e4sitelev\u00e4 lakiuudistus on keskusteluttanut paljon. Kritiikki on kohdistunut etenkin uudistuksen kalleuteen, toteuttamisaikatauluun sek\u00e4 kohdentamisen j\u00e4rkevyyteen. Monet tutkijat ja ammattilaiset ovat puoltaneet satsauksen kohdistamista peruskoulun kehitt\u00e4miseen sek\u00e4 opinto-ohjauksen, erityisen tuen ja oppilashuoltopalveluiden vahvistamiseen. Ottamatta kantaa uudistukseen puolesta tai vastaan, olen ihmetellyt, kuinka v\u00e4h\u00e4n keskustelu on kohdentunut toisen asteen oppilaitoksiin ja siihen, millaisen kasvuymp\u00e4rist\u00f6n ne [&hellip;]","og_url":"https:\/\/blogs.uef.fi\/puheenvuoroja\/2020\/10\/22\/laajennetun-oppivelvollisuuskeskustelun-unohdettu-kysymys\/","og_site_name":"Puheenvuoroja","article_published_time":"2020-10-22T12:15:58+00:00","article_modified_time":"2025-05-12T12:50:23+00:00","author":"Viestint\u00e4","twitter_card":"summary_large_image","twitter_misc":{"Kirjoittanut":"Viestint\u00e4","Arvioitu lukuaika":"2 minuuttia"},"schema":{"@context":"https:\/\/schema.org","@graph":[{"@type":"Article","@id":"https:\/\/blogs.uef.fi\/puheenvuoroja\/2020\/10\/22\/laajennetun-oppivelvollisuuskeskustelun-unohdettu-kysymys\/#article","isPartOf":{"@id":"https:\/\/blogs.uef.fi\/puheenvuoroja\/2020\/10\/22\/laajennetun-oppivelvollisuuskeskustelun-unohdettu-kysymys\/"},"author":{"name":"Viestint\u00e4","@id":"https:\/\/blogs.uef.fi\/puheenvuoroja\/#\/schema\/person\/23b326ec5bb0d7bd395b6ddbbded3497"},"headline":"Laajennetun oppivelvollisuuskeskustelun unohdettu kysymys","datePublished":"2020-10-22T12:15:58+00:00","dateModified":"2025-05-12T12:50:23+00:00","mainEntityOfPage":{"@id":"https:\/\/blogs.uef.fi\/puheenvuoroja\/2020\/10\/22\/laajennetun-oppivelvollisuuskeskustelun-unohdettu-kysymys\/"},"wordCount":302,"commentCount":0,"articleSection":["Uncategorized"],"inLanguage":"fi","potentialAction":[{"@type":"CommentAction","name":"Comment","target":["https:\/\/blogs.uef.fi\/puheenvuoroja\/2020\/10\/22\/laajennetun-oppivelvollisuuskeskustelun-unohdettu-kysymys\/#respond"]}]},{"@type":"WebPage","@id":"https:\/\/blogs.uef.fi\/puheenvuoroja\/2020\/10\/22\/laajennetun-oppivelvollisuuskeskustelun-unohdettu-kysymys\/","url":"https:\/\/blogs.uef.fi\/puheenvuoroja\/2020\/10\/22\/laajennetun-oppivelvollisuuskeskustelun-unohdettu-kysymys\/","name":"Laajennetun oppivelvollisuuskeskustelun unohdettu kysymys - Puheenvuoroja","isPartOf":{"@id":"https:\/\/blogs.uef.fi\/puheenvuoroja\/#website"},"datePublished":"2020-10-22T12:15:58+00:00","dateModified":"2025-05-12T12:50:23+00:00","author":{"@id":"https:\/\/blogs.uef.fi\/puheenvuoroja\/#\/schema\/person\/23b326ec5bb0d7bd395b6ddbbded3497"},"breadcrumb":{"@id":"https:\/\/blogs.uef.fi\/puheenvuoroja\/2020\/10\/22\/laajennetun-oppivelvollisuuskeskustelun-unohdettu-kysymys\/#breadcrumb"},"inLanguage":"fi","potentialAction":[{"@type":"ReadAction","target":["https:\/\/blogs.uef.fi\/puheenvuoroja\/2020\/10\/22\/laajennetun-oppivelvollisuuskeskustelun-unohdettu-kysymys\/"]}]},{"@type":"BreadcrumbList","@id":"https:\/\/blogs.uef.fi\/puheenvuoroja\/2020\/10\/22\/laajennetun-oppivelvollisuuskeskustelun-unohdettu-kysymys\/#breadcrumb","itemListElement":[{"@type":"ListItem","position":1,"name":"Home","item":"https:\/\/blogs.uef.fi\/puheenvuoroja\/"},{"@type":"ListItem","position":2,"name":"Laajennetun oppivelvollisuuskeskustelun unohdettu kysymys"}]},{"@type":"WebSite","@id":"https:\/\/blogs.uef.fi\/puheenvuoroja\/#website","url":"https:\/\/blogs.uef.fi\/puheenvuoroja\/","name":"Puheenvuoroja","description":"","potentialAction":[{"@type":"SearchAction","target":{"@type":"EntryPoint","urlTemplate":"https:\/\/blogs.uef.fi\/puheenvuoroja\/?s={search_term_string}"},"query-input":{"@type":"PropertyValueSpecification","valueRequired":true,"valueName":"search_term_string"}}],"inLanguage":"fi"},{"@type":"Person","@id":"https:\/\/blogs.uef.fi\/puheenvuoroja\/#\/schema\/person\/23b326ec5bb0d7bd395b6ddbbded3497","name":"Viestint\u00e4","url":"https:\/\/blogs.uef.fi\/puheenvuoroja\/author\/viestinta\/"}]}},"_links":{"self":[{"href":"https:\/\/blogs.uef.fi\/puheenvuoroja\/wp-json\/wp\/v2\/posts\/868","targetHints":{"allow":["GET"]}}],"collection":[{"href":"https:\/\/blogs.uef.fi\/puheenvuoroja\/wp-json\/wp\/v2\/posts"}],"about":[{"href":"https:\/\/blogs.uef.fi\/puheenvuoroja\/wp-json\/wp\/v2\/types\/post"}],"author":[{"embeddable":true,"href":"https:\/\/blogs.uef.fi\/puheenvuoroja\/wp-json\/wp\/v2\/users\/7"}],"replies":[{"embeddable":true,"href":"https:\/\/blogs.uef.fi\/puheenvuoroja\/wp-json\/wp\/v2\/comments?post=868"}],"version-history":[{"count":2,"href":"https:\/\/blogs.uef.fi\/puheenvuoroja\/wp-json\/wp\/v2\/posts\/868\/revisions"}],"predecessor-version":[{"id":3256,"href":"https:\/\/blogs.uef.fi\/puheenvuoroja\/wp-json\/wp\/v2\/posts\/868\/revisions\/3256"}],"wp:attachment":[{"href":"https:\/\/blogs.uef.fi\/puheenvuoroja\/wp-json\/wp\/v2\/media?parent=868"}],"wp:term":[{"taxonomy":"category","embeddable":true,"href":"https:\/\/blogs.uef.fi\/puheenvuoroja\/wp-json\/wp\/v2\/categories?post=868"},{"taxonomy":"post_tag","embeddable":true,"href":"https:\/\/blogs.uef.fi\/puheenvuoroja\/wp-json\/wp\/v2\/tags?post=868"}],"curies":[{"name":"wp","href":"https:\/\/api.w.org\/{rel}","templated":true}]}}