{"id":63,"date":"2015-08-18T10:33:24","date_gmt":"2015-08-18T07:33:24","guid":{"rendered":"https:\/\/blogs.uef.fi\/puheenvuoroja\/?p=63"},"modified":"2024-12-31T10:18:22","modified_gmt":"2024-12-31T08:18:22","slug":"tilanne-on-kestamaton-onneksi-on-tulossa-muutos","status":"publish","type":"post","link":"https:\/\/blogs.uef.fi\/puheenvuoroja\/2015\/08\/18\/tilanne-on-kestamaton-onneksi-on-tulossa-muutos\/","title":{"rendered":"Tilanne on kest\u00e4m\u00e4t\u00f6n \u2013 onneksi on tulossa muutos!"},"content":{"rendered":"\n<p>Ulkomailla saamme v\u00e4syksiin asti hehkuttaa koulutusj\u00e4rjestelm\u00e4mme pitk\u00e4kestoista kehitt\u00e4misty\u00f6t\u00e4, mahtavia opettajia, jotka tarjoavat kaikille laadukasta opetusta, ja tasokasta opettajien peruskoulutusta muun muassa. Tilanne on k\u00e4ym\u00e4ss\u00e4 kest\u00e4m\u00e4tt\u00f6m\u00e4ksi \u2013 parrasvaloissa oleminen on eritt\u00e4in kiusallista vaatimattoman luonteemme takia, jota voisi aikamme kulttuuriseksi tuotteeksi kutsua.<\/p>\n\n\n\n<p>T\u00e4h\u00e4n on onneksi tulossa muutos \u2013 p\u00e4\u00e4tt\u00e4j\u00e4t ovat huomanneet tuskamme ja ovat tehneet hartiavoimin t\u00f6it\u00e4 t\u00e4m\u00e4n asian eteen. P\u00e4\u00e4tt\u00e4ji\u00e4 on moitittu usein siit\u00e4, ett\u00e4 he eiv\u00e4t k\u00e4yt\u00e4 p\u00e4\u00e4t\u00f6stens\u00e4 tueksi tutkittua tietoa vaan ett\u00e4 he tekev\u00e4t p\u00e4\u00e4t\u00f6ksens\u00e4 puhtaan mielivallan varassa. P\u00e4\u00e4tt\u00e4j\u00e4t ovat kuitenkin olleet varsin kaukon\u00e4k\u00f6isi\u00e4 \u201dmielivaltaisesti\u201d.<\/p>\n\n\n\n<p>N\u00e4ytt\u00e4\u00e4 nimitt\u00e4in silt\u00e4, ett\u00e4 supistukset ovat alkaneet vaikuttaa, sill\u00e4 nuorten osaaminen on laskussa ja koulujen v\u00e4liset erot ovat kasvussa, joten kaikille ei ole en\u00e4\u00e4 tarjolla LIIAN laadukasta opetusta. Tulosta on siis syntynyt ja t\u00e4st\u00e4 tietoisina p\u00e4\u00e4tt\u00e4j\u00e4t jatkavat hyv\u00e4ksi todettua linjausta eli koulutusleikkauksien tekemist\u00e4.<\/p>\n\n\n\n<p>P\u00e4\u00e4tt\u00e4j\u00e4t ovat ottaneet tietoisen riskin jatkaen supistuksia koulutussektorilla vaarantamalla talouskasvun, sill\u00e4 OECD:n tuoreen raportin mukaan koulutus on sijoitus tulevaisuuteen. Luulen kuitenkin, ett\u00e4 p\u00e4\u00e4tt\u00e4j\u00e4t ja talouden asiantuntijat eiv\u00e4t halua samaan julkisuusrumbaan kuin koulutuksen parissa ty\u00f6skentelev\u00e4t. Koulutuksessa teht\u00e4v\u00e4t leikkaukset on vain helpompi perustella talouskasvun nojalla. Pian Suomi taas kukoistaa omassa vaatimattomuudessaan &#8211; koulutus ja talous kuralla, onnellisuuspisteiss\u00e4 h\u00e4nn\u00e4n huippuna, mutta vastineena oma rauha ja hiljaisuus.<\/p>\n\n\n\n<figure class=\"wp-block-image\"><a href=\"https:\/\/blogs.uef.fi\/puheenvuoroja\/wp-content\/uploads\/sites\/6\/2015\/08\/kati.makitalo-siegl@uef.fi_.jpg\"><img loading=\"lazy\" decoding=\"async\" width=\"100\" height=\"130\" src=\"https:\/\/blogs.uef.fi\/puheenvuoroja\/wp-content\/uploads\/sites\/6\/2015\/08\/kati.makitalo-siegl@uef.fi_.jpg\" alt=\"kati.makitalo-siegl@uef.fi\" class=\"wp-image-64\" \/><\/a><\/figure>\n\n\n\n<p>Kati M\u00e4kitalo-Siegl<br>professori, kasvatustiede, erityisesti opetus ja oppimisymp\u00e4rist\u00f6t<\/p>\n","protected":false},"excerpt":{"rendered":"<p>Ulkomailla saamme v\u00e4syksiin asti hehkuttaa koulutusj\u00e4rjestelm\u00e4mme pitk\u00e4kestoista kehitt\u00e4misty\u00f6t\u00e4, mahtavia opettajia, jotka tarjoavat kaikille laadukasta opetusta, ja tasokasta opettajien peruskoulutusta muun muassa. Tilanne on k\u00e4ym\u00e4ss\u00e4 kest\u00e4m\u00e4tt\u00f6m\u00e4ksi \u2013 parrasvaloissa oleminen on eritt\u00e4in kiusallista vaatimattoman luonteemme takia, jota voisi aikamme kulttuuriseksi tuotteeksi kutsua. T\u00e4h\u00e4n on onneksi tulossa muutos \u2013 p\u00e4\u00e4tt\u00e4j\u00e4t ovat huomanneet tuskamme ja ovat tehneet hartiavoimin t\u00f6it\u00e4 [&hellip;]<\/p>\n","protected":false},"author":7,"featured_media":0,"comment_status":"closed","ping_status":"closed","sticky":false,"template":"","format":"standard","meta":{"_acf_changed":false,"footnotes":""},"categories":[32],"tags":[34,37,39,36,35,38],"class_list":["post-63","post","type-post","status-publish","format-standard","hentry","category-kati-makitalo-siegl","tag-koulutus","tag-laatu","tag-leikkaukset","tag-opettajankoulutus","tag-rahoitus","tag-tulevaisuus"],"acf":[],"yoast_head":"<!-- This site is optimized with the Yoast SEO plugin v27.3 - https:\/\/yoast.com\/product\/yoast-seo-wordpress\/ -->\n<title>Tilanne on kest\u00e4m\u00e4t\u00f6n \u2013 onneksi on tulossa muutos! - Puheenvuoroja<\/title>\n<meta name=\"robots\" content=\"index, follow, max-snippet:-1, max-image-preview:large, max-video-preview:-1\" \/>\n<link rel=\"canonical\" href=\"https:\/\/blogs.uef.fi\/puheenvuoroja\/2015\/08\/18\/tilanne-on-kestamaton-onneksi-on-tulossa-muutos\/\" \/>\n<meta property=\"og:locale\" content=\"fi_FI\" \/>\n<meta property=\"og:type\" content=\"article\" \/>\n<meta property=\"og:title\" content=\"Tilanne on kest\u00e4m\u00e4t\u00f6n \u2013 onneksi on tulossa muutos! - Puheenvuoroja\" \/>\n<meta property=\"og:description\" content=\"Ulkomailla saamme v\u00e4syksiin asti hehkuttaa koulutusj\u00e4rjestelm\u00e4mme pitk\u00e4kestoista kehitt\u00e4misty\u00f6t\u00e4, mahtavia opettajia, jotka tarjoavat kaikille laadukasta opetusta, ja tasokasta opettajien peruskoulutusta muun muassa. Tilanne on k\u00e4ym\u00e4ss\u00e4 kest\u00e4m\u00e4tt\u00f6m\u00e4ksi \u2013 parrasvaloissa oleminen on eritt\u00e4in kiusallista vaatimattoman luonteemme takia, jota voisi aikamme kulttuuriseksi tuotteeksi kutsua. T\u00e4h\u00e4n on onneksi tulossa muutos \u2013 p\u00e4\u00e4tt\u00e4j\u00e4t ovat huomanneet tuskamme ja ovat tehneet hartiavoimin t\u00f6it\u00e4 [&hellip;]\" \/>\n<meta property=\"og:url\" content=\"https:\/\/blogs.uef.fi\/puheenvuoroja\/2015\/08\/18\/tilanne-on-kestamaton-onneksi-on-tulossa-muutos\/\" \/>\n<meta property=\"og:site_name\" content=\"Puheenvuoroja\" \/>\n<meta property=\"article:published_time\" content=\"2015-08-18T07:33:24+00:00\" \/>\n<meta property=\"article:modified_time\" content=\"2024-12-31T08:18:22+00:00\" \/>\n<meta property=\"og:image\" content=\"https:\/\/blogs.uef.fi\/puheenvuoroja\/wp-content\/uploads\/sites\/6\/2015\/08\/kati.makitalo-siegl@uef.fi_.jpg\" \/>\n\t<meta property=\"og:image:width\" content=\"100\" \/>\n\t<meta property=\"og:image:height\" content=\"130\" \/>\n\t<meta property=\"og:image:type\" content=\"image\/jpeg\" \/>\n<meta name=\"author\" content=\"Viestint\u00e4\" \/>\n<meta name=\"twitter:card\" content=\"summary_large_image\" \/>\n<meta name=\"twitter:label1\" content=\"Kirjoittanut\" \/>\n\t<meta name=\"twitter:data1\" content=\"Viestint\u00e4\" \/>\n\t<meta name=\"twitter:label2\" content=\"Arvioitu lukuaika\" \/>\n\t<meta name=\"twitter:data2\" content=\"2 minuuttia\" \/>\n<script type=\"application\/ld+json\" class=\"yoast-schema-graph\">{\"@context\":\"https:\\\/\\\/schema.org\",\"@graph\":[{\"@type\":\"Article\",\"@id\":\"https:\\\/\\\/blogs.uef.fi\\\/puheenvuoroja\\\/2015\\\/08\\\/18\\\/tilanne-on-kestamaton-onneksi-on-tulossa-muutos\\\/#article\",\"isPartOf\":{\"@id\":\"https:\\\/\\\/blogs.uef.fi\\\/puheenvuoroja\\\/2015\\\/08\\\/18\\\/tilanne-on-kestamaton-onneksi-on-tulossa-muutos\\\/\"},\"author\":{\"name\":\"Viestint\u00e4\",\"@id\":\"https:\\\/\\\/blogs.uef.fi\\\/puheenvuoroja\\\/#\\\/schema\\\/person\\\/23b326ec5bb0d7bd395b6ddbbded3497\"},\"headline\":\"Tilanne on kest\u00e4m\u00e4t\u00f6n \u2013 onneksi on tulossa muutos!\",\"datePublished\":\"2015-08-18T07:33:24+00:00\",\"dateModified\":\"2024-12-31T08:18:22+00:00\",\"mainEntityOfPage\":{\"@id\":\"https:\\\/\\\/blogs.uef.fi\\\/puheenvuoroja\\\/2015\\\/08\\\/18\\\/tilanne-on-kestamaton-onneksi-on-tulossa-muutos\\\/\"},\"wordCount\":267,\"image\":{\"@id\":\"https:\\\/\\\/blogs.uef.fi\\\/puheenvuoroja\\\/2015\\\/08\\\/18\\\/tilanne-on-kestamaton-onneksi-on-tulossa-muutos\\\/#primaryimage\"},\"thumbnailUrl\":\"https:\\\/\\\/blogs.uef.fi\\\/puheenvuoroja\\\/wp-content\\\/uploads\\\/sites\\\/6\\\/2015\\\/08\\\/kati.makitalo-siegl@uef.fi_.jpg\",\"keywords\":[\"koulutus\",\"laatu\",\"leikkaukset\",\"opettajankoulutus\",\"rahoitus\",\"tulevaisuus\"],\"articleSection\":[\"Kati M\u00e4kitalo-Siegl\"],\"inLanguage\":\"fi\"},{\"@type\":\"WebPage\",\"@id\":\"https:\\\/\\\/blogs.uef.fi\\\/puheenvuoroja\\\/2015\\\/08\\\/18\\\/tilanne-on-kestamaton-onneksi-on-tulossa-muutos\\\/\",\"url\":\"https:\\\/\\\/blogs.uef.fi\\\/puheenvuoroja\\\/2015\\\/08\\\/18\\\/tilanne-on-kestamaton-onneksi-on-tulossa-muutos\\\/\",\"name\":\"Tilanne on kest\u00e4m\u00e4t\u00f6n \u2013 onneksi on tulossa muutos! - Puheenvuoroja\",\"isPartOf\":{\"@id\":\"https:\\\/\\\/blogs.uef.fi\\\/puheenvuoroja\\\/#website\"},\"primaryImageOfPage\":{\"@id\":\"https:\\\/\\\/blogs.uef.fi\\\/puheenvuoroja\\\/2015\\\/08\\\/18\\\/tilanne-on-kestamaton-onneksi-on-tulossa-muutos\\\/#primaryimage\"},\"image\":{\"@id\":\"https:\\\/\\\/blogs.uef.fi\\\/puheenvuoroja\\\/2015\\\/08\\\/18\\\/tilanne-on-kestamaton-onneksi-on-tulossa-muutos\\\/#primaryimage\"},\"thumbnailUrl\":\"https:\\\/\\\/blogs.uef.fi\\\/puheenvuoroja\\\/wp-content\\\/uploads\\\/sites\\\/6\\\/2015\\\/08\\\/kati.makitalo-siegl@uef.fi_.jpg\",\"datePublished\":\"2015-08-18T07:33:24+00:00\",\"dateModified\":\"2024-12-31T08:18:22+00:00\",\"author\":{\"@id\":\"https:\\\/\\\/blogs.uef.fi\\\/puheenvuoroja\\\/#\\\/schema\\\/person\\\/23b326ec5bb0d7bd395b6ddbbded3497\"},\"breadcrumb\":{\"@id\":\"https:\\\/\\\/blogs.uef.fi\\\/puheenvuoroja\\\/2015\\\/08\\\/18\\\/tilanne-on-kestamaton-onneksi-on-tulossa-muutos\\\/#breadcrumb\"},\"inLanguage\":\"fi\",\"potentialAction\":[{\"@type\":\"ReadAction\",\"target\":[\"https:\\\/\\\/blogs.uef.fi\\\/puheenvuoroja\\\/2015\\\/08\\\/18\\\/tilanne-on-kestamaton-onneksi-on-tulossa-muutos\\\/\"]}]},{\"@type\":\"ImageObject\",\"inLanguage\":\"fi\",\"@id\":\"https:\\\/\\\/blogs.uef.fi\\\/puheenvuoroja\\\/2015\\\/08\\\/18\\\/tilanne-on-kestamaton-onneksi-on-tulossa-muutos\\\/#primaryimage\",\"url\":\"https:\\\/\\\/blogs.uef.fi\\\/puheenvuoroja\\\/wp-content\\\/uploads\\\/sites\\\/6\\\/2015\\\/08\\\/kati.makitalo-siegl@uef.fi_.jpg\",\"contentUrl\":\"https:\\\/\\\/blogs.uef.fi\\\/puheenvuoroja\\\/wp-content\\\/uploads\\\/sites\\\/6\\\/2015\\\/08\\\/kati.makitalo-siegl@uef.fi_.jpg\"},{\"@type\":\"BreadcrumbList\",\"@id\":\"https:\\\/\\\/blogs.uef.fi\\\/puheenvuoroja\\\/2015\\\/08\\\/18\\\/tilanne-on-kestamaton-onneksi-on-tulossa-muutos\\\/#breadcrumb\",\"itemListElement\":[{\"@type\":\"ListItem\",\"position\":1,\"name\":\"Home\",\"item\":\"https:\\\/\\\/blogs.uef.fi\\\/puheenvuoroja\\\/\"},{\"@type\":\"ListItem\",\"position\":2,\"name\":\"Tilanne on kest\u00e4m\u00e4t\u00f6n \u2013 onneksi on tulossa muutos!\"}]},{\"@type\":\"WebSite\",\"@id\":\"https:\\\/\\\/blogs.uef.fi\\\/puheenvuoroja\\\/#website\",\"url\":\"https:\\\/\\\/blogs.uef.fi\\\/puheenvuoroja\\\/\",\"name\":\"Puheenvuoroja\",\"description\":\"\",\"potentialAction\":[{\"@type\":\"SearchAction\",\"target\":{\"@type\":\"EntryPoint\",\"urlTemplate\":\"https:\\\/\\\/blogs.uef.fi\\\/puheenvuoroja\\\/?s={search_term_string}\"},\"query-input\":{\"@type\":\"PropertyValueSpecification\",\"valueRequired\":true,\"valueName\":\"search_term_string\"}}],\"inLanguage\":\"fi\"},{\"@type\":\"Person\",\"@id\":\"https:\\\/\\\/blogs.uef.fi\\\/puheenvuoroja\\\/#\\\/schema\\\/person\\\/23b326ec5bb0d7bd395b6ddbbded3497\",\"name\":\"Viestint\u00e4\",\"url\":\"https:\\\/\\\/blogs.uef.fi\\\/puheenvuoroja\\\/author\\\/viestinta\\\/\"}]}<\/script>\n<!-- \/ Yoast SEO plugin. -->","yoast_head_json":{"title":"Tilanne on kest\u00e4m\u00e4t\u00f6n \u2013 onneksi on tulossa muutos! - Puheenvuoroja","robots":{"index":"index","follow":"follow","max-snippet":"max-snippet:-1","max-image-preview":"max-image-preview:large","max-video-preview":"max-video-preview:-1"},"canonical":"https:\/\/blogs.uef.fi\/puheenvuoroja\/2015\/08\/18\/tilanne-on-kestamaton-onneksi-on-tulossa-muutos\/","og_locale":"fi_FI","og_type":"article","og_title":"Tilanne on kest\u00e4m\u00e4t\u00f6n \u2013 onneksi on tulossa muutos! - Puheenvuoroja","og_description":"Ulkomailla saamme v\u00e4syksiin asti hehkuttaa koulutusj\u00e4rjestelm\u00e4mme pitk\u00e4kestoista kehitt\u00e4misty\u00f6t\u00e4, mahtavia opettajia, jotka tarjoavat kaikille laadukasta opetusta, ja tasokasta opettajien peruskoulutusta muun muassa. Tilanne on k\u00e4ym\u00e4ss\u00e4 kest\u00e4m\u00e4tt\u00f6m\u00e4ksi \u2013 parrasvaloissa oleminen on eritt\u00e4in kiusallista vaatimattoman luonteemme takia, jota voisi aikamme kulttuuriseksi tuotteeksi kutsua. T\u00e4h\u00e4n on onneksi tulossa muutos \u2013 p\u00e4\u00e4tt\u00e4j\u00e4t ovat huomanneet tuskamme ja ovat tehneet hartiavoimin t\u00f6it\u00e4 [&hellip;]","og_url":"https:\/\/blogs.uef.fi\/puheenvuoroja\/2015\/08\/18\/tilanne-on-kestamaton-onneksi-on-tulossa-muutos\/","og_site_name":"Puheenvuoroja","article_published_time":"2015-08-18T07:33:24+00:00","article_modified_time":"2024-12-31T08:18:22+00:00","og_image":[{"width":100,"height":130,"url":"https:\/\/blogs.uef.fi\/puheenvuoroja\/wp-content\/uploads\/sites\/6\/2015\/08\/kati.makitalo-siegl@uef.fi_.jpg","type":"image\/jpeg"}],"author":"Viestint\u00e4","twitter_card":"summary_large_image","twitter_misc":{"Kirjoittanut":"Viestint\u00e4","Arvioitu lukuaika":"2 minuuttia"},"schema":{"@context":"https:\/\/schema.org","@graph":[{"@type":"Article","@id":"https:\/\/blogs.uef.fi\/puheenvuoroja\/2015\/08\/18\/tilanne-on-kestamaton-onneksi-on-tulossa-muutos\/#article","isPartOf":{"@id":"https:\/\/blogs.uef.fi\/puheenvuoroja\/2015\/08\/18\/tilanne-on-kestamaton-onneksi-on-tulossa-muutos\/"},"author":{"name":"Viestint\u00e4","@id":"https:\/\/blogs.uef.fi\/puheenvuoroja\/#\/schema\/person\/23b326ec5bb0d7bd395b6ddbbded3497"},"headline":"Tilanne on kest\u00e4m\u00e4t\u00f6n \u2013 onneksi on tulossa muutos!","datePublished":"2015-08-18T07:33:24+00:00","dateModified":"2024-12-31T08:18:22+00:00","mainEntityOfPage":{"@id":"https:\/\/blogs.uef.fi\/puheenvuoroja\/2015\/08\/18\/tilanne-on-kestamaton-onneksi-on-tulossa-muutos\/"},"wordCount":267,"image":{"@id":"https:\/\/blogs.uef.fi\/puheenvuoroja\/2015\/08\/18\/tilanne-on-kestamaton-onneksi-on-tulossa-muutos\/#primaryimage"},"thumbnailUrl":"https:\/\/blogs.uef.fi\/puheenvuoroja\/wp-content\/uploads\/sites\/6\/2015\/08\/kati.makitalo-siegl@uef.fi_.jpg","keywords":["koulutus","laatu","leikkaukset","opettajankoulutus","rahoitus","tulevaisuus"],"articleSection":["Kati M\u00e4kitalo-Siegl"],"inLanguage":"fi"},{"@type":"WebPage","@id":"https:\/\/blogs.uef.fi\/puheenvuoroja\/2015\/08\/18\/tilanne-on-kestamaton-onneksi-on-tulossa-muutos\/","url":"https:\/\/blogs.uef.fi\/puheenvuoroja\/2015\/08\/18\/tilanne-on-kestamaton-onneksi-on-tulossa-muutos\/","name":"Tilanne on kest\u00e4m\u00e4t\u00f6n \u2013 onneksi on tulossa muutos! - Puheenvuoroja","isPartOf":{"@id":"https:\/\/blogs.uef.fi\/puheenvuoroja\/#website"},"primaryImageOfPage":{"@id":"https:\/\/blogs.uef.fi\/puheenvuoroja\/2015\/08\/18\/tilanne-on-kestamaton-onneksi-on-tulossa-muutos\/#primaryimage"},"image":{"@id":"https:\/\/blogs.uef.fi\/puheenvuoroja\/2015\/08\/18\/tilanne-on-kestamaton-onneksi-on-tulossa-muutos\/#primaryimage"},"thumbnailUrl":"https:\/\/blogs.uef.fi\/puheenvuoroja\/wp-content\/uploads\/sites\/6\/2015\/08\/kati.makitalo-siegl@uef.fi_.jpg","datePublished":"2015-08-18T07:33:24+00:00","dateModified":"2024-12-31T08:18:22+00:00","author":{"@id":"https:\/\/blogs.uef.fi\/puheenvuoroja\/#\/schema\/person\/23b326ec5bb0d7bd395b6ddbbded3497"},"breadcrumb":{"@id":"https:\/\/blogs.uef.fi\/puheenvuoroja\/2015\/08\/18\/tilanne-on-kestamaton-onneksi-on-tulossa-muutos\/#breadcrumb"},"inLanguage":"fi","potentialAction":[{"@type":"ReadAction","target":["https:\/\/blogs.uef.fi\/puheenvuoroja\/2015\/08\/18\/tilanne-on-kestamaton-onneksi-on-tulossa-muutos\/"]}]},{"@type":"ImageObject","inLanguage":"fi","@id":"https:\/\/blogs.uef.fi\/puheenvuoroja\/2015\/08\/18\/tilanne-on-kestamaton-onneksi-on-tulossa-muutos\/#primaryimage","url":"https:\/\/blogs.uef.fi\/puheenvuoroja\/wp-content\/uploads\/sites\/6\/2015\/08\/kati.makitalo-siegl@uef.fi_.jpg","contentUrl":"https:\/\/blogs.uef.fi\/puheenvuoroja\/wp-content\/uploads\/sites\/6\/2015\/08\/kati.makitalo-siegl@uef.fi_.jpg"},{"@type":"BreadcrumbList","@id":"https:\/\/blogs.uef.fi\/puheenvuoroja\/2015\/08\/18\/tilanne-on-kestamaton-onneksi-on-tulossa-muutos\/#breadcrumb","itemListElement":[{"@type":"ListItem","position":1,"name":"Home","item":"https:\/\/blogs.uef.fi\/puheenvuoroja\/"},{"@type":"ListItem","position":2,"name":"Tilanne on kest\u00e4m\u00e4t\u00f6n \u2013 onneksi on tulossa muutos!"}]},{"@type":"WebSite","@id":"https:\/\/blogs.uef.fi\/puheenvuoroja\/#website","url":"https:\/\/blogs.uef.fi\/puheenvuoroja\/","name":"Puheenvuoroja","description":"","potentialAction":[{"@type":"SearchAction","target":{"@type":"EntryPoint","urlTemplate":"https:\/\/blogs.uef.fi\/puheenvuoroja\/?s={search_term_string}"},"query-input":{"@type":"PropertyValueSpecification","valueRequired":true,"valueName":"search_term_string"}}],"inLanguage":"fi"},{"@type":"Person","@id":"https:\/\/blogs.uef.fi\/puheenvuoroja\/#\/schema\/person\/23b326ec5bb0d7bd395b6ddbbded3497","name":"Viestint\u00e4","url":"https:\/\/blogs.uef.fi\/puheenvuoroja\/author\/viestinta\/"}]}},"_links":{"self":[{"href":"https:\/\/blogs.uef.fi\/puheenvuoroja\/wp-json\/wp\/v2\/posts\/63","targetHints":{"allow":["GET"]}}],"collection":[{"href":"https:\/\/blogs.uef.fi\/puheenvuoroja\/wp-json\/wp\/v2\/posts"}],"about":[{"href":"https:\/\/blogs.uef.fi\/puheenvuoroja\/wp-json\/wp\/v2\/types\/post"}],"author":[{"embeddable":true,"href":"https:\/\/blogs.uef.fi\/puheenvuoroja\/wp-json\/wp\/v2\/users\/7"}],"replies":[{"embeddable":true,"href":"https:\/\/blogs.uef.fi\/puheenvuoroja\/wp-json\/wp\/v2\/comments?post=63"}],"version-history":[{"count":2,"href":"https:\/\/blogs.uef.fi\/puheenvuoroja\/wp-json\/wp\/v2\/posts\/63\/revisions"}],"predecessor-version":[{"id":3014,"href":"https:\/\/blogs.uef.fi\/puheenvuoroja\/wp-json\/wp\/v2\/posts\/63\/revisions\/3014"}],"wp:attachment":[{"href":"https:\/\/blogs.uef.fi\/puheenvuoroja\/wp-json\/wp\/v2\/media?parent=63"}],"wp:term":[{"taxonomy":"category","embeddable":true,"href":"https:\/\/blogs.uef.fi\/puheenvuoroja\/wp-json\/wp\/v2\/categories?post=63"},{"taxonomy":"post_tag","embeddable":true,"href":"https:\/\/blogs.uef.fi\/puheenvuoroja\/wp-json\/wp\/v2\/tags?post=63"}],"curies":[{"name":"wp","href":"https:\/\/api.w.org\/{rel}","templated":true}]}}