{"id":625,"date":"2020-03-17T08:30:15","date_gmt":"2020-03-17T06:30:15","guid":{"rendered":"https:\/\/blogs.uef.fi\/puheenvuoroja\/?p=625"},"modified":"2025-05-12T15:45:18","modified_gmt":"2025-05-12T12:45:18","slug":"rasismia-yliopistossako","status":"publish","type":"post","link":"https:\/\/blogs.uef.fi\/puheenvuoroja\/2020\/03\/17\/rasismia-yliopistossako\/","title":{"rendered":"Rasismia yliopistossako?"},"content":{"rendered":"\n<p>Yle uutisoi alkuvuodesta opiskelijoiden kokemuksista rasismista yliopistossa. T\u00e4m\u00e4 tuli monelle yliopistolaiselle yll\u00e4tyksen\u00e4, muttei valitettavasti kaikille. T\u00e4st\u00e4 kertoo esimerkiksi se, ett\u00e4 Helsingin yliopistoon on perustettu uusi opiskelijaj\u00e4rjest\u00f6 Students Of Colour. SOCOn tarkoituksena on toimia voimauttavana yhteis\u00f6n\u00e4 etniseen tai n\u00e4kyv\u00e4\u00e4n v\u00e4hemmist\u00f6\u00f6n kuuluville opiskelijoille.<\/p>\n\n\n\n<p>Vastaavia kokemuksia kuulimme my\u00f6s, kun haastattelimme <strong>Marina Cafaron<\/strong> kanssa It\u00e4-Suomen yliopiston suomenkielisten koulutusohjelmien opiskelijoita, jotka ovat Suomeen muualta muuttaneita, mutta t\u00e4\u00e4ll\u00e4 jo pitk\u00e4\u00e4n asuneita. Ulkopuolisuuden, toiseuttamisen ja rasismin kokemusten suhteen yliopisto on aineistomme perusteella \u201dpienempi paha\u201d kuin esimerkiksi perus- ja etenkin yl\u00e4koulu, joka on useiden tutkimusten mukaan yksi yleisimmist\u00e4 rasismin kohtaamisen ymp\u00e4rist\u00f6ist\u00e4 Suomessa.<\/p>\n\n\n\n<p>Toisaalta moni haastatelluista uskoi yliopisto-opinnot aloittaessaan, ettei kohtaisi siell\u00e4 en\u00e4\u00e4 erilaisuudesta muistuttavia katseita, i\u00e4nikuisia \u201dmist\u00e4 olet kotoisin\u201d -kysymyksi\u00e4, saati ihmettelyj\u00e4 siit\u00e4, kuinka kaltaisesi voi opiskella t\u00e4\u00e4ll\u00e4 tai kuinka kaltaisellasi voi olla suomalainen nimi. N\u00e4it\u00e4 toiveita vasten hyv\u00e4\u00e4kin tarkoittavat teot \u2013 esimerkiksi englanninkielinen puhuttelu tai kansainv\u00e4liseksi vaihto-opiskelijaksi luuleminen \u2013 muistuttavat toistuessaan erilaisuudesta, ei-suomalaisuudesta ja \u201dv\u00e4\u00e4r\u00e4ss\u00e4 paikassa\u201d olemisesta. N\u00e4m\u00e4 kokemukset n\u00e4ytt\u00e4v\u00e4t olevan yhteydess\u00e4 my\u00f6s siihen, ett\u00e4 moni haastattelemistamme opiskelijoista harkitsee muuttavansa ulkomaille valmistumisensa j\u00e4lkeen.<\/p>\n\n\n\n<p>Ulkomaille muuttamisen pakko ja vaikeus ty\u00f6llisty\u00e4 Suomessa ovat nousseet esiin my\u00f6s kansainv\u00e4listen opiskelijoiden kohdalla. N\u00e4m\u00e4 haasteet on tunnistettu It\u00e4-Suomen korkeakoulujen strategisessa ty\u00f6ss\u00e4. N\u00e4in rasismin vastaisella viikolla toivon, ett\u00e4 t\u00e4ss\u00e4 ty\u00f6ss\u00e4 huomioitaisiin kaikki yliopistoyhteis\u00f6mme j\u00e4senet, jotka kohtaavat toiseuttamista tai rasismia. Yliopistojen sis\u00e4ll\u00e4 kulttuurinen ja muu moninaisuus vahvistuu viel\u00e4 tulevaisuudessa.<\/p>\n\n\n\n<figure class=\"wp-block-image\"><a href=\"https:\/\/blogs.uef.fi\/puheenvuoroja\/wp-content\/uploads\/sites\/6\/2020\/01\/Souto-Anne-Mari_3666.jpg\"><img loading=\"lazy\" decoding=\"async\" width=\"105\" height=\"155\" src=\"https:\/\/blogs.uef.fi\/puheenvuoroja\/wp-content\/uploads\/sites\/6\/2020\/01\/Souto-Anne-Mari_3666.jpg\" alt=\"Anne-Mari Souto\" class=\"wp-image-555\" \/><\/a><\/figure>\n\n\n\n<p>Anne-Mari Souto<\/p>\n\n\n\n<p>yliopistonlehtori, opinto- ja uraohjaus<\/p>\n","protected":false},"excerpt":{"rendered":"<p>Yle uutisoi alkuvuodesta opiskelijoiden kokemuksista rasismista yliopistossa. T\u00e4m\u00e4 tuli monelle yliopistolaiselle yll\u00e4tyksen\u00e4, muttei valitettavasti kaikille. T\u00e4st\u00e4 kertoo esimerkiksi se, ett\u00e4 Helsingin yliopistoon on perustettu uusi opiskelijaj\u00e4rjest\u00f6 Students Of Colour. SOCOn tarkoituksena on toimia voimauttavana yhteis\u00f6n\u00e4 etniseen tai n\u00e4kyv\u00e4\u00e4n v\u00e4hemmist\u00f6\u00f6n kuuluville opiskelijoille. Vastaavia kokemuksia kuulimme my\u00f6s, kun haastattelimme Marina Cafaron kanssa It\u00e4-Suomen yliopiston suomenkielisten koulutusohjelmien opiskelijoita, [&hellip;]<\/p>\n","protected":false},"author":7,"featured_media":0,"comment_status":"open","ping_status":"closed","sticky":false,"template":"","format":"standard","meta":{"_acf_changed":false,"footnotes":""},"categories":[509],"tags":[559,31,562,36,556,72,389],"class_list":["post-625","post","type-post","status-publish","format-standard","hentry","category-anne-mari-souto","tag-filosofinen-tiedekunta","tag-ita-suomen-yliopisto","tag-ohjauksen-koulutus","tag-opettajankoulutus","tag-rasismi","tag-uef","tag-yliopistonlehtori"],"acf":[],"yoast_head":"<!-- This site is optimized with the Yoast SEO plugin v27.3 - https:\/\/yoast.com\/product\/yoast-seo-wordpress\/ -->\n<title>Rasismia yliopistossako? - Puheenvuoroja<\/title>\n<meta name=\"robots\" content=\"index, follow, max-snippet:-1, max-image-preview:large, max-video-preview:-1\" \/>\n<link rel=\"canonical\" href=\"https:\/\/blogs.uef.fi\/puheenvuoroja\/2020\/03\/17\/rasismia-yliopistossako\/\" \/>\n<meta property=\"og:locale\" content=\"fi_FI\" \/>\n<meta property=\"og:type\" content=\"article\" \/>\n<meta property=\"og:title\" content=\"Rasismia yliopistossako? - Puheenvuoroja\" \/>\n<meta property=\"og:description\" content=\"Yle uutisoi alkuvuodesta opiskelijoiden kokemuksista rasismista yliopistossa. T\u00e4m\u00e4 tuli monelle yliopistolaiselle yll\u00e4tyksen\u00e4, muttei valitettavasti kaikille. T\u00e4st\u00e4 kertoo esimerkiksi se, ett\u00e4 Helsingin yliopistoon on perustettu uusi opiskelijaj\u00e4rjest\u00f6 Students Of Colour. SOCOn tarkoituksena on toimia voimauttavana yhteis\u00f6n\u00e4 etniseen tai n\u00e4kyv\u00e4\u00e4n v\u00e4hemmist\u00f6\u00f6n kuuluville opiskelijoille. Vastaavia kokemuksia kuulimme my\u00f6s, kun haastattelimme Marina Cafaron kanssa It\u00e4-Suomen yliopiston suomenkielisten koulutusohjelmien opiskelijoita, [&hellip;]\" \/>\n<meta property=\"og:url\" content=\"https:\/\/blogs.uef.fi\/puheenvuoroja\/2020\/03\/17\/rasismia-yliopistossako\/\" \/>\n<meta property=\"og:site_name\" content=\"Puheenvuoroja\" \/>\n<meta property=\"article:published_time\" content=\"2020-03-17T06:30:15+00:00\" \/>\n<meta property=\"article:modified_time\" content=\"2025-05-12T12:45:18+00:00\" \/>\n<meta property=\"og:image\" content=\"https:\/\/blogs.uef.fi\/puheenvuoroja\/wp-content\/uploads\/sites\/6\/2020\/01\/Souto-Anne-Mari_3666.jpg\" \/>\n\t<meta property=\"og:image:width\" content=\"105\" \/>\n\t<meta property=\"og:image:height\" content=\"155\" \/>\n\t<meta property=\"og:image:type\" content=\"image\/jpeg\" \/>\n<meta name=\"author\" content=\"Viestint\u00e4\" \/>\n<meta name=\"twitter:card\" content=\"summary_large_image\" \/>\n<meta name=\"twitter:label1\" content=\"Kirjoittanut\" \/>\n\t<meta name=\"twitter:data1\" content=\"Viestint\u00e4\" \/>\n\t<meta name=\"twitter:label2\" content=\"Arvioitu lukuaika\" \/>\n\t<meta name=\"twitter:data2\" content=\"2 minuuttia\" \/>\n<script type=\"application\/ld+json\" class=\"yoast-schema-graph\">{\"@context\":\"https:\\\/\\\/schema.org\",\"@graph\":[{\"@type\":\"Article\",\"@id\":\"https:\\\/\\\/blogs.uef.fi\\\/puheenvuoroja\\\/2020\\\/03\\\/17\\\/rasismia-yliopistossako\\\/#article\",\"isPartOf\":{\"@id\":\"https:\\\/\\\/blogs.uef.fi\\\/puheenvuoroja\\\/2020\\\/03\\\/17\\\/rasismia-yliopistossako\\\/\"},\"author\":{\"name\":\"Viestint\u00e4\",\"@id\":\"https:\\\/\\\/blogs.uef.fi\\\/puheenvuoroja\\\/#\\\/schema\\\/person\\\/23b326ec5bb0d7bd395b6ddbbded3497\"},\"headline\":\"Rasismia yliopistossako?\",\"datePublished\":\"2020-03-17T06:30:15+00:00\",\"dateModified\":\"2025-05-12T12:45:18+00:00\",\"mainEntityOfPage\":{\"@id\":\"https:\\\/\\\/blogs.uef.fi\\\/puheenvuoroja\\\/2020\\\/03\\\/17\\\/rasismia-yliopistossako\\\/\"},\"wordCount\":261,\"commentCount\":0,\"image\":{\"@id\":\"https:\\\/\\\/blogs.uef.fi\\\/puheenvuoroja\\\/2020\\\/03\\\/17\\\/rasismia-yliopistossako\\\/#primaryimage\"},\"thumbnailUrl\":\"https:\\\/\\\/blogs.uef.fi\\\/puheenvuoroja\\\/wp-content\\\/uploads\\\/sites\\\/6\\\/2020\\\/01\\\/Souto-Anne-Mari_3666.jpg\",\"keywords\":[\"filosofinen tiedekunta\",\"It\u00e4-Suomen yliopisto\",\"ohjauksen koulutus\",\"opettajankoulutus\",\"rasismi\",\"UEF\",\"yliopistonlehtori\"],\"articleSection\":[\"Anne-Mari Souto\"],\"inLanguage\":\"fi\",\"potentialAction\":[{\"@type\":\"CommentAction\",\"name\":\"Comment\",\"target\":[\"https:\\\/\\\/blogs.uef.fi\\\/puheenvuoroja\\\/2020\\\/03\\\/17\\\/rasismia-yliopistossako\\\/#respond\"]}]},{\"@type\":\"WebPage\",\"@id\":\"https:\\\/\\\/blogs.uef.fi\\\/puheenvuoroja\\\/2020\\\/03\\\/17\\\/rasismia-yliopistossako\\\/\",\"url\":\"https:\\\/\\\/blogs.uef.fi\\\/puheenvuoroja\\\/2020\\\/03\\\/17\\\/rasismia-yliopistossako\\\/\",\"name\":\"Rasismia yliopistossako? - Puheenvuoroja\",\"isPartOf\":{\"@id\":\"https:\\\/\\\/blogs.uef.fi\\\/puheenvuoroja\\\/#website\"},\"primaryImageOfPage\":{\"@id\":\"https:\\\/\\\/blogs.uef.fi\\\/puheenvuoroja\\\/2020\\\/03\\\/17\\\/rasismia-yliopistossako\\\/#primaryimage\"},\"image\":{\"@id\":\"https:\\\/\\\/blogs.uef.fi\\\/puheenvuoroja\\\/2020\\\/03\\\/17\\\/rasismia-yliopistossako\\\/#primaryimage\"},\"thumbnailUrl\":\"https:\\\/\\\/blogs.uef.fi\\\/puheenvuoroja\\\/wp-content\\\/uploads\\\/sites\\\/6\\\/2020\\\/01\\\/Souto-Anne-Mari_3666.jpg\",\"datePublished\":\"2020-03-17T06:30:15+00:00\",\"dateModified\":\"2025-05-12T12:45:18+00:00\",\"author\":{\"@id\":\"https:\\\/\\\/blogs.uef.fi\\\/puheenvuoroja\\\/#\\\/schema\\\/person\\\/23b326ec5bb0d7bd395b6ddbbded3497\"},\"breadcrumb\":{\"@id\":\"https:\\\/\\\/blogs.uef.fi\\\/puheenvuoroja\\\/2020\\\/03\\\/17\\\/rasismia-yliopistossako\\\/#breadcrumb\"},\"inLanguage\":\"fi\",\"potentialAction\":[{\"@type\":\"ReadAction\",\"target\":[\"https:\\\/\\\/blogs.uef.fi\\\/puheenvuoroja\\\/2020\\\/03\\\/17\\\/rasismia-yliopistossako\\\/\"]}]},{\"@type\":\"ImageObject\",\"inLanguage\":\"fi\",\"@id\":\"https:\\\/\\\/blogs.uef.fi\\\/puheenvuoroja\\\/2020\\\/03\\\/17\\\/rasismia-yliopistossako\\\/#primaryimage\",\"url\":\"https:\\\/\\\/blogs.uef.fi\\\/puheenvuoroja\\\/wp-content\\\/uploads\\\/sites\\\/6\\\/2020\\\/01\\\/Souto-Anne-Mari_3666.jpg\",\"contentUrl\":\"https:\\\/\\\/blogs.uef.fi\\\/puheenvuoroja\\\/wp-content\\\/uploads\\\/sites\\\/6\\\/2020\\\/01\\\/Souto-Anne-Mari_3666.jpg\",\"width\":105,\"height\":155,\"caption\":\"Anne-Mari Souto\"},{\"@type\":\"BreadcrumbList\",\"@id\":\"https:\\\/\\\/blogs.uef.fi\\\/puheenvuoroja\\\/2020\\\/03\\\/17\\\/rasismia-yliopistossako\\\/#breadcrumb\",\"itemListElement\":[{\"@type\":\"ListItem\",\"position\":1,\"name\":\"Home\",\"item\":\"https:\\\/\\\/blogs.uef.fi\\\/puheenvuoroja\\\/\"},{\"@type\":\"ListItem\",\"position\":2,\"name\":\"Rasismia yliopistossako?\"}]},{\"@type\":\"WebSite\",\"@id\":\"https:\\\/\\\/blogs.uef.fi\\\/puheenvuoroja\\\/#website\",\"url\":\"https:\\\/\\\/blogs.uef.fi\\\/puheenvuoroja\\\/\",\"name\":\"Puheenvuoroja\",\"description\":\"\",\"potentialAction\":[{\"@type\":\"SearchAction\",\"target\":{\"@type\":\"EntryPoint\",\"urlTemplate\":\"https:\\\/\\\/blogs.uef.fi\\\/puheenvuoroja\\\/?s={search_term_string}\"},\"query-input\":{\"@type\":\"PropertyValueSpecification\",\"valueRequired\":true,\"valueName\":\"search_term_string\"}}],\"inLanguage\":\"fi\"},{\"@type\":\"Person\",\"@id\":\"https:\\\/\\\/blogs.uef.fi\\\/puheenvuoroja\\\/#\\\/schema\\\/person\\\/23b326ec5bb0d7bd395b6ddbbded3497\",\"name\":\"Viestint\u00e4\",\"url\":\"https:\\\/\\\/blogs.uef.fi\\\/puheenvuoroja\\\/author\\\/viestinta\\\/\"}]}<\/script>\n<!-- \/ Yoast SEO plugin. -->","yoast_head_json":{"title":"Rasismia yliopistossako? - Puheenvuoroja","robots":{"index":"index","follow":"follow","max-snippet":"max-snippet:-1","max-image-preview":"max-image-preview:large","max-video-preview":"max-video-preview:-1"},"canonical":"https:\/\/blogs.uef.fi\/puheenvuoroja\/2020\/03\/17\/rasismia-yliopistossako\/","og_locale":"fi_FI","og_type":"article","og_title":"Rasismia yliopistossako? - Puheenvuoroja","og_description":"Yle uutisoi alkuvuodesta opiskelijoiden kokemuksista rasismista yliopistossa. T\u00e4m\u00e4 tuli monelle yliopistolaiselle yll\u00e4tyksen\u00e4, muttei valitettavasti kaikille. T\u00e4st\u00e4 kertoo esimerkiksi se, ett\u00e4 Helsingin yliopistoon on perustettu uusi opiskelijaj\u00e4rjest\u00f6 Students Of Colour. SOCOn tarkoituksena on toimia voimauttavana yhteis\u00f6n\u00e4 etniseen tai n\u00e4kyv\u00e4\u00e4n v\u00e4hemmist\u00f6\u00f6n kuuluville opiskelijoille. Vastaavia kokemuksia kuulimme my\u00f6s, kun haastattelimme Marina Cafaron kanssa It\u00e4-Suomen yliopiston suomenkielisten koulutusohjelmien opiskelijoita, [&hellip;]","og_url":"https:\/\/blogs.uef.fi\/puheenvuoroja\/2020\/03\/17\/rasismia-yliopistossako\/","og_site_name":"Puheenvuoroja","article_published_time":"2020-03-17T06:30:15+00:00","article_modified_time":"2025-05-12T12:45:18+00:00","og_image":[{"width":105,"height":155,"url":"https:\/\/blogs.uef.fi\/puheenvuoroja\/wp-content\/uploads\/sites\/6\/2020\/01\/Souto-Anne-Mari_3666.jpg","type":"image\/jpeg"}],"author":"Viestint\u00e4","twitter_card":"summary_large_image","twitter_misc":{"Kirjoittanut":"Viestint\u00e4","Arvioitu lukuaika":"2 minuuttia"},"schema":{"@context":"https:\/\/schema.org","@graph":[{"@type":"Article","@id":"https:\/\/blogs.uef.fi\/puheenvuoroja\/2020\/03\/17\/rasismia-yliopistossako\/#article","isPartOf":{"@id":"https:\/\/blogs.uef.fi\/puheenvuoroja\/2020\/03\/17\/rasismia-yliopistossako\/"},"author":{"name":"Viestint\u00e4","@id":"https:\/\/blogs.uef.fi\/puheenvuoroja\/#\/schema\/person\/23b326ec5bb0d7bd395b6ddbbded3497"},"headline":"Rasismia yliopistossako?","datePublished":"2020-03-17T06:30:15+00:00","dateModified":"2025-05-12T12:45:18+00:00","mainEntityOfPage":{"@id":"https:\/\/blogs.uef.fi\/puheenvuoroja\/2020\/03\/17\/rasismia-yliopistossako\/"},"wordCount":261,"commentCount":0,"image":{"@id":"https:\/\/blogs.uef.fi\/puheenvuoroja\/2020\/03\/17\/rasismia-yliopistossako\/#primaryimage"},"thumbnailUrl":"https:\/\/blogs.uef.fi\/puheenvuoroja\/wp-content\/uploads\/sites\/6\/2020\/01\/Souto-Anne-Mari_3666.jpg","keywords":["filosofinen tiedekunta","It\u00e4-Suomen yliopisto","ohjauksen koulutus","opettajankoulutus","rasismi","UEF","yliopistonlehtori"],"articleSection":["Anne-Mari Souto"],"inLanguage":"fi","potentialAction":[{"@type":"CommentAction","name":"Comment","target":["https:\/\/blogs.uef.fi\/puheenvuoroja\/2020\/03\/17\/rasismia-yliopistossako\/#respond"]}]},{"@type":"WebPage","@id":"https:\/\/blogs.uef.fi\/puheenvuoroja\/2020\/03\/17\/rasismia-yliopistossako\/","url":"https:\/\/blogs.uef.fi\/puheenvuoroja\/2020\/03\/17\/rasismia-yliopistossako\/","name":"Rasismia yliopistossako? - Puheenvuoroja","isPartOf":{"@id":"https:\/\/blogs.uef.fi\/puheenvuoroja\/#website"},"primaryImageOfPage":{"@id":"https:\/\/blogs.uef.fi\/puheenvuoroja\/2020\/03\/17\/rasismia-yliopistossako\/#primaryimage"},"image":{"@id":"https:\/\/blogs.uef.fi\/puheenvuoroja\/2020\/03\/17\/rasismia-yliopistossako\/#primaryimage"},"thumbnailUrl":"https:\/\/blogs.uef.fi\/puheenvuoroja\/wp-content\/uploads\/sites\/6\/2020\/01\/Souto-Anne-Mari_3666.jpg","datePublished":"2020-03-17T06:30:15+00:00","dateModified":"2025-05-12T12:45:18+00:00","author":{"@id":"https:\/\/blogs.uef.fi\/puheenvuoroja\/#\/schema\/person\/23b326ec5bb0d7bd395b6ddbbded3497"},"breadcrumb":{"@id":"https:\/\/blogs.uef.fi\/puheenvuoroja\/2020\/03\/17\/rasismia-yliopistossako\/#breadcrumb"},"inLanguage":"fi","potentialAction":[{"@type":"ReadAction","target":["https:\/\/blogs.uef.fi\/puheenvuoroja\/2020\/03\/17\/rasismia-yliopistossako\/"]}]},{"@type":"ImageObject","inLanguage":"fi","@id":"https:\/\/blogs.uef.fi\/puheenvuoroja\/2020\/03\/17\/rasismia-yliopistossako\/#primaryimage","url":"https:\/\/blogs.uef.fi\/puheenvuoroja\/wp-content\/uploads\/sites\/6\/2020\/01\/Souto-Anne-Mari_3666.jpg","contentUrl":"https:\/\/blogs.uef.fi\/puheenvuoroja\/wp-content\/uploads\/sites\/6\/2020\/01\/Souto-Anne-Mari_3666.jpg","width":105,"height":155,"caption":"Anne-Mari Souto"},{"@type":"BreadcrumbList","@id":"https:\/\/blogs.uef.fi\/puheenvuoroja\/2020\/03\/17\/rasismia-yliopistossako\/#breadcrumb","itemListElement":[{"@type":"ListItem","position":1,"name":"Home","item":"https:\/\/blogs.uef.fi\/puheenvuoroja\/"},{"@type":"ListItem","position":2,"name":"Rasismia yliopistossako?"}]},{"@type":"WebSite","@id":"https:\/\/blogs.uef.fi\/puheenvuoroja\/#website","url":"https:\/\/blogs.uef.fi\/puheenvuoroja\/","name":"Puheenvuoroja","description":"","potentialAction":[{"@type":"SearchAction","target":{"@type":"EntryPoint","urlTemplate":"https:\/\/blogs.uef.fi\/puheenvuoroja\/?s={search_term_string}"},"query-input":{"@type":"PropertyValueSpecification","valueRequired":true,"valueName":"search_term_string"}}],"inLanguage":"fi"},{"@type":"Person","@id":"https:\/\/blogs.uef.fi\/puheenvuoroja\/#\/schema\/person\/23b326ec5bb0d7bd395b6ddbbded3497","name":"Viestint\u00e4","url":"https:\/\/blogs.uef.fi\/puheenvuoroja\/author\/viestinta\/"}]}},"_links":{"self":[{"href":"https:\/\/blogs.uef.fi\/puheenvuoroja\/wp-json\/wp\/v2\/posts\/625","targetHints":{"allow":["GET"]}}],"collection":[{"href":"https:\/\/blogs.uef.fi\/puheenvuoroja\/wp-json\/wp\/v2\/posts"}],"about":[{"href":"https:\/\/blogs.uef.fi\/puheenvuoroja\/wp-json\/wp\/v2\/types\/post"}],"author":[{"embeddable":true,"href":"https:\/\/blogs.uef.fi\/puheenvuoroja\/wp-json\/wp\/v2\/users\/7"}],"replies":[{"embeddable":true,"href":"https:\/\/blogs.uef.fi\/puheenvuoroja\/wp-json\/wp\/v2\/comments?post=625"}],"version-history":[{"count":2,"href":"https:\/\/blogs.uef.fi\/puheenvuoroja\/wp-json\/wp\/v2\/posts\/625\/revisions"}],"predecessor-version":[{"id":3240,"href":"https:\/\/blogs.uef.fi\/puheenvuoroja\/wp-json\/wp\/v2\/posts\/625\/revisions\/3240"}],"wp:attachment":[{"href":"https:\/\/blogs.uef.fi\/puheenvuoroja\/wp-json\/wp\/v2\/media?parent=625"}],"wp:term":[{"taxonomy":"category","embeddable":true,"href":"https:\/\/blogs.uef.fi\/puheenvuoroja\/wp-json\/wp\/v2\/categories?post=625"},{"taxonomy":"post_tag","embeddable":true,"href":"https:\/\/blogs.uef.fi\/puheenvuoroja\/wp-json\/wp\/v2\/tags?post=625"}],"curies":[{"name":"wp","href":"https:\/\/api.w.org\/{rel}","templated":true}]}}