{"id":547,"date":"2020-01-30T14:24:34","date_gmt":"2020-01-30T12:24:34","guid":{"rendered":"https:\/\/blogs.uef.fi\/puheenvuoroja\/?p=547"},"modified":"2025-05-12T15:44:12","modified_gmt":"2025-05-12T12:44:12","slug":"planetaarinen-sivistys-on-vastaus-aikamme-ongelmiin","status":"publish","type":"post","link":"https:\/\/blogs.uef.fi\/puheenvuoroja\/2020\/01\/30\/planetaarinen-sivistys-on-vastaus-aikamme-ongelmiin\/","title":{"rendered":"Planetaarinen sivistys on vastaus aikamme ongelmiin"},"content":{"rendered":"\n<p>Planetaarinen sivistyminen on vastaus nykyajan haasteisiin, joissa ylisukupolvisuus, paikallinen ja globaali sek\u00e4 ihminen ja luonnon ekosysteemit kietoutuvat toisiinsa.<\/p>\n\n\n\n<p>Sivistymisess\u00e4 on kyse siit\u00e4, ett\u00e4 el\u00e4m\u00e4\u00e4 ankkuroidaan pit\u00e4viin todellisuuden tulkintoihin. Koska uusi tieto korvaa vanhaa, muuttuu my\u00f6s k\u00e4sitys siit\u00e4, mit\u00e4 edistymisell\u00e4 ymm\u00e4rret\u00e4\u00e4n.<\/p>\n\n\n\n<p>My\u00f6nteisell\u00e4 kehityksell\u00e4 on kaksi luovuttamatonta periaatetta, jotka varmistavat (a) ihmisen olemassaolon ja (b) ihmisten v\u00e4lisen reilun kanssak\u00e4ymisen.<\/p>\n\n\n\n<p>Molemmat n\u00e4ist\u00e4 luovuttamattomista periaatteista toteutuvat vaillinaisesti. Homo sapiensin j\u00e4lkeens\u00e4 j\u00e4tt\u00e4m\u00e4 maailma haastaa kysym\u00e4\u00e4n, mit\u00e4 nykyajan sivistys on tai mit\u00e4 sen pit\u00e4isi olla.<\/p>\n\n\n\n<p>Sivistym\u00e4tt\u00f6myyteen viittaa se, ett\u00e4 luonnonvarat hupenevat, ilmaston l\u00e4mpenemisen nopeus h\u00e4kellytt\u00e4\u00e4 ja sukupuuttoaalto pyyhkii yli sinisen planeetan.<\/p>\n\n\n\n<p>Muutama maapallon vauraimmista ihmisist\u00e4 omistaa yht\u00e4 paljon kuin puolet maailman k\u00f6yhimmist\u00e4 ihmisist\u00e4. Eriarvoistumisen seurauksena ihmisten v\u00e4linen luottamus heikkenee ja yhteiskuntien eheys murenee.<\/p>\n\n\n\n<p>Planetaarinen sivistyminen ilmenee niin, ett\u00e4 ihminen toimii jokap\u00e4iv\u00e4isess\u00e4 el\u00e4m\u00e4ss\u00e4\u00e4n siten, ett\u00e4 h\u00e4n (a) hahmottaa menneisyyden, nykyisyyden ja tulevaisuuden jatkumon, (b) huomioi oman toimintansa paikalliset ja globaalit seuraukset, sek\u00e4 (c) sis\u00e4llytt\u00e4\u00e4 huolenpidon piiriins\u00e4 ihmiset ja muun luonnon.<\/p>\n\n\n\n<figure class=\"wp-block-image\"><a href=\"https:\/\/blogs.uef.fi\/puheenvuoroja\/wp-content\/uploads\/sites\/6\/2020\/01\/Kuva_Arto_O_Salonen_30012020.png\"><img loading=\"lazy\" decoding=\"async\" width=\"799\" height=\"705\" src=\"https:\/\/blogs.uef.fi\/puheenvuoroja\/wp-content\/uploads\/sites\/6\/2020\/01\/Kuva_Arto_O_Salonen_30012020.png\" alt=\"\" class=\"wp-image-549\" srcset=\"https:\/\/blogs.uef.fi\/puheenvuoroja\/wp-content\/uploads\/sites\/6\/2020\/01\/Kuva_Arto_O_Salonen_30012020.png 799w, https:\/\/blogs.uef.fi\/puheenvuoroja\/wp-content\/uploads\/sites\/6\/2020\/01\/Kuva_Arto_O_Salonen_30012020-300x265.png 300w, https:\/\/blogs.uef.fi\/puheenvuoroja\/wp-content\/uploads\/sites\/6\/2020\/01\/Kuva_Arto_O_Salonen_30012020-768x678.png 768w\" sizes=\"auto, (max-width: 799px) 100vw, 799px\" \/><\/a><\/figure>\n\n\n\n<p><\/p>\n\n\n\n<p>Menneisyys m\u00e4\u00e4ritt\u00e4\u00e4 nykyisyytt\u00e4, mutta tulevaisuus ei rakennu pelk\u00e4st\u00e4\u00e4n menneisyyden lineaariseksi jatkumoksi. Huomisesta voidaan tehd\u00e4 menneisyyden jatkumosta poikkeavaa. Mutta se vaatii kuvitteellisen n\u00e4kym\u00e4n siit\u00e4, mit\u00e4 el\u00e4m\u00e4 kaikessa t\u00e4yteydess\u00e4\u00e4n voisi olla. Vision lis\u00e4ksi tarvitaan tahtoa, jonka avulla n\u00e4kemys muutetaan todellisuudeksi.<\/p>\n\n\n\n<p>Planetaarisen sivistymisen my\u00f6t\u00e4 ihmisen huolenpidon piiri laajentuu omasta l\u00e4hipiirist\u00e4 kattamaan ne ihmiset, joiden el\u00e4m\u00e4\u00e4n oma el\u00e4m\u00e4 on kytk\u00f6ksess\u00e4. Kyse on esimerkiksi siit\u00e4, mit\u00e4 puemme p\u00e4\u00e4llemme, mill\u00e4 pid\u00e4mme kotimme l\u00e4mpim\u00e4n\u00e4 ja kuinka saamme ruoan p\u00f6yt\u00e4\u00e4n.<\/p>\n\n\n\n<p>Planetaarinen sivistys ilmenee huolenpitona, joka ei rajoitu vain ihmisiin. Se kattaa my\u00f6s ei-inhimillisen todellisuuden: el\u00e4imet, kasvit, ilmakeh\u00e4n ja maaper\u00e4n sek\u00e4 n\u00e4iden muodostamat ekosysteemit, joista el\u00e4m\u00e4 maapallolla on t\u00e4ysin riippuvaista.<\/p>\n\n\n\n<p>Planetaarinen sivistys lis\u00e4\u00e4 tulevaisuuden toivoa. Siksi sen toteutumismahdollisuuksien tutkiminen on jo itsess\u00e4\u00e4n ratkaisuksi asettumista eli hyv\u00e4n tulevaisuuden muotoilemista.<\/p>\n\n\n\n<p>Sosiaalipedagoginen tutkimusorientaatio uskoo ihmisen mahdollisuuksiin oppia uutta ja rakentaa sellaista sivistysyhteiskuntaa, josta tulevat sukupolvet voivat olla ylpeit\u00e4.<\/p>\n\n\n\n<figure class=\"wp-block-image\"><a href=\"https:\/\/blogs.uef.fi\/puheenvuoroja\/wp-content\/uploads\/sites\/6\/2020\/01\/Salonen-Arto-105x155.jpg\"><img loading=\"lazy\" decoding=\"async\" width=\"105\" height=\"155\" src=\"https:\/\/blogs.uef.fi\/puheenvuoroja\/wp-content\/uploads\/sites\/6\/2020\/01\/Salonen-Arto-105x155.jpg\" alt=\"\" class=\"wp-image-551\" \/><\/a><\/figure>\n\n\n\n<p>Arto O. Salonen<\/p>\n\n\n\n<p>Apulaisprofessori, Suomen kest\u00e4v\u00e4n kehityksen asiantuntijapaneelin j\u00e4sen<\/p>\n\n\n\n<p>Yhteiskuntatieteiden laitos<\/p>\n\n\n\n<p>Salosen kotisivut ovat osoitteessa <a href=\"http:\/\/www.artosalonen.com\">www.artosalonen.com<\/a><\/p>\n","protected":false},"excerpt":{"rendered":"<p>Planetaarinen sivistyminen on vastaus nykyajan haasteisiin, joissa ylisukupolvisuus, paikallinen ja globaali sek\u00e4 ihminen ja luonnon ekosysteemit kietoutuvat toisiinsa. Sivistymisess\u00e4 on kyse siit\u00e4, ett\u00e4 el\u00e4m\u00e4\u00e4 ankkuroidaan pit\u00e4viin todellisuuden tulkintoihin. Koska uusi tieto korvaa vanhaa, muuttuu my\u00f6s k\u00e4sitys siit\u00e4, mit\u00e4 edistymisell\u00e4 ymm\u00e4rret\u00e4\u00e4n. My\u00f6nteisell\u00e4 kehityksell\u00e4 on kaksi luovuttamatonta periaatetta, jotka varmistavat (a) ihmisen olemassaolon ja (b) ihmisten v\u00e4lisen [&hellip;]<\/p>\n","protected":false},"author":7,"featured_media":0,"comment_status":"open","ping_status":"closed","sticky":false,"template":"","format":"standard","meta":{"_acf_changed":false,"footnotes":""},"categories":[495],"tags":[497,505,129,31,503,501,499,72],"class_list":["post-547","post","type-post","status-publish","format-standard","hentry","category-arto-o-salonen","tag-apulaisprofessori","tag-eriarvoistuminen","tag-ilmastonmuutos","tag-ita-suomen-yliopisto","tag-kestava-kehitys","tag-planetaarinen-sivistys","tag-sivistys","tag-uef"],"acf":[],"yoast_head":"<!-- This site is optimized with the Yoast SEO plugin v27.3 - https:\/\/yoast.com\/product\/yoast-seo-wordpress\/ -->\n<title>Planetaarinen sivistys on vastaus aikamme ongelmiin - Puheenvuoroja<\/title>\n<meta name=\"robots\" content=\"index, follow, max-snippet:-1, max-image-preview:large, max-video-preview:-1\" \/>\n<link rel=\"canonical\" href=\"https:\/\/blogs.uef.fi\/puheenvuoroja\/2020\/01\/30\/planetaarinen-sivistys-on-vastaus-aikamme-ongelmiin\/\" \/>\n<meta property=\"og:locale\" content=\"fi_FI\" \/>\n<meta property=\"og:type\" content=\"article\" \/>\n<meta property=\"og:title\" content=\"Planetaarinen sivistys on vastaus aikamme ongelmiin - Puheenvuoroja\" \/>\n<meta property=\"og:description\" content=\"Planetaarinen sivistyminen on vastaus nykyajan haasteisiin, joissa ylisukupolvisuus, paikallinen ja globaali sek\u00e4 ihminen ja luonnon ekosysteemit kietoutuvat toisiinsa. Sivistymisess\u00e4 on kyse siit\u00e4, ett\u00e4 el\u00e4m\u00e4\u00e4 ankkuroidaan pit\u00e4viin todellisuuden tulkintoihin. Koska uusi tieto korvaa vanhaa, muuttuu my\u00f6s k\u00e4sitys siit\u00e4, mit\u00e4 edistymisell\u00e4 ymm\u00e4rret\u00e4\u00e4n. My\u00f6nteisell\u00e4 kehityksell\u00e4 on kaksi luovuttamatonta periaatetta, jotka varmistavat (a) ihmisen olemassaolon ja (b) ihmisten v\u00e4lisen [&hellip;]\" \/>\n<meta property=\"og:url\" content=\"https:\/\/blogs.uef.fi\/puheenvuoroja\/2020\/01\/30\/planetaarinen-sivistys-on-vastaus-aikamme-ongelmiin\/\" \/>\n<meta property=\"og:site_name\" content=\"Puheenvuoroja\" \/>\n<meta property=\"article:published_time\" content=\"2020-01-30T12:24:34+00:00\" \/>\n<meta property=\"article:modified_time\" content=\"2025-05-12T12:44:12+00:00\" \/>\n<meta property=\"og:image\" content=\"https:\/\/blogs.uef.fi\/puheenvuoroja\/wp-content\/uploads\/sites\/6\/2020\/01\/Kuva_Arto_O_Salonen_30012020.png\" \/>\n\t<meta property=\"og:image:width\" content=\"799\" \/>\n\t<meta property=\"og:image:height\" content=\"705\" \/>\n\t<meta property=\"og:image:type\" content=\"image\/png\" \/>\n<meta name=\"author\" content=\"Viestint\u00e4\" \/>\n<meta name=\"twitter:card\" content=\"summary_large_image\" \/>\n<meta name=\"twitter:label1\" content=\"Kirjoittanut\" \/>\n\t<meta name=\"twitter:data1\" content=\"Viestint\u00e4\" \/>\n\t<meta name=\"twitter:label2\" content=\"Arvioitu lukuaika\" \/>\n\t<meta name=\"twitter:data2\" content=\"3 minuuttia\" \/>\n<script type=\"application\/ld+json\" class=\"yoast-schema-graph\">{\"@context\":\"https:\\\/\\\/schema.org\",\"@graph\":[{\"@type\":\"Article\",\"@id\":\"https:\\\/\\\/blogs.uef.fi\\\/puheenvuoroja\\\/2020\\\/01\\\/30\\\/planetaarinen-sivistys-on-vastaus-aikamme-ongelmiin\\\/#article\",\"isPartOf\":{\"@id\":\"https:\\\/\\\/blogs.uef.fi\\\/puheenvuoroja\\\/2020\\\/01\\\/30\\\/planetaarinen-sivistys-on-vastaus-aikamme-ongelmiin\\\/\"},\"author\":{\"name\":\"Viestint\u00e4\",\"@id\":\"https:\\\/\\\/blogs.uef.fi\\\/puheenvuoroja\\\/#\\\/schema\\\/person\\\/23b326ec5bb0d7bd395b6ddbbded3497\"},\"headline\":\"Planetaarinen sivistys on vastaus aikamme ongelmiin\",\"datePublished\":\"2020-01-30T12:24:34+00:00\",\"dateModified\":\"2025-05-12T12:44:12+00:00\",\"mainEntityOfPage\":{\"@id\":\"https:\\\/\\\/blogs.uef.fi\\\/puheenvuoroja\\\/2020\\\/01\\\/30\\\/planetaarinen-sivistys-on-vastaus-aikamme-ongelmiin\\\/\"},\"wordCount\":375,\"commentCount\":0,\"image\":{\"@id\":\"https:\\\/\\\/blogs.uef.fi\\\/puheenvuoroja\\\/2020\\\/01\\\/30\\\/planetaarinen-sivistys-on-vastaus-aikamme-ongelmiin\\\/#primaryimage\"},\"thumbnailUrl\":\"https:\\\/\\\/blogs.uef.fi\\\/puheenvuoroja\\\/wp-content\\\/uploads\\\/sites\\\/6\\\/2020\\\/01\\\/Kuva_Arto_O_Salonen_30012020.png\",\"keywords\":[\"apulaisprofessori\",\"eriarvoistuminen\",\"ilmastonmuutos\",\"It\u00e4-Suomen yliopisto\",\"kest\u00e4v\u00e4 kehitys\",\"planetaarinen sivistys\",\"sivistys\",\"UEF\"],\"articleSection\":[\"Arto O. Salonen\"],\"inLanguage\":\"fi\",\"potentialAction\":[{\"@type\":\"CommentAction\",\"name\":\"Comment\",\"target\":[\"https:\\\/\\\/blogs.uef.fi\\\/puheenvuoroja\\\/2020\\\/01\\\/30\\\/planetaarinen-sivistys-on-vastaus-aikamme-ongelmiin\\\/#respond\"]}]},{\"@type\":\"WebPage\",\"@id\":\"https:\\\/\\\/blogs.uef.fi\\\/puheenvuoroja\\\/2020\\\/01\\\/30\\\/planetaarinen-sivistys-on-vastaus-aikamme-ongelmiin\\\/\",\"url\":\"https:\\\/\\\/blogs.uef.fi\\\/puheenvuoroja\\\/2020\\\/01\\\/30\\\/planetaarinen-sivistys-on-vastaus-aikamme-ongelmiin\\\/\",\"name\":\"Planetaarinen sivistys on vastaus aikamme ongelmiin - Puheenvuoroja\",\"isPartOf\":{\"@id\":\"https:\\\/\\\/blogs.uef.fi\\\/puheenvuoroja\\\/#website\"},\"primaryImageOfPage\":{\"@id\":\"https:\\\/\\\/blogs.uef.fi\\\/puheenvuoroja\\\/2020\\\/01\\\/30\\\/planetaarinen-sivistys-on-vastaus-aikamme-ongelmiin\\\/#primaryimage\"},\"image\":{\"@id\":\"https:\\\/\\\/blogs.uef.fi\\\/puheenvuoroja\\\/2020\\\/01\\\/30\\\/planetaarinen-sivistys-on-vastaus-aikamme-ongelmiin\\\/#primaryimage\"},\"thumbnailUrl\":\"https:\\\/\\\/blogs.uef.fi\\\/puheenvuoroja\\\/wp-content\\\/uploads\\\/sites\\\/6\\\/2020\\\/01\\\/Kuva_Arto_O_Salonen_30012020.png\",\"datePublished\":\"2020-01-30T12:24:34+00:00\",\"dateModified\":\"2025-05-12T12:44:12+00:00\",\"author\":{\"@id\":\"https:\\\/\\\/blogs.uef.fi\\\/puheenvuoroja\\\/#\\\/schema\\\/person\\\/23b326ec5bb0d7bd395b6ddbbded3497\"},\"breadcrumb\":{\"@id\":\"https:\\\/\\\/blogs.uef.fi\\\/puheenvuoroja\\\/2020\\\/01\\\/30\\\/planetaarinen-sivistys-on-vastaus-aikamme-ongelmiin\\\/#breadcrumb\"},\"inLanguage\":\"fi\",\"potentialAction\":[{\"@type\":\"ReadAction\",\"target\":[\"https:\\\/\\\/blogs.uef.fi\\\/puheenvuoroja\\\/2020\\\/01\\\/30\\\/planetaarinen-sivistys-on-vastaus-aikamme-ongelmiin\\\/\"]}]},{\"@type\":\"ImageObject\",\"inLanguage\":\"fi\",\"@id\":\"https:\\\/\\\/blogs.uef.fi\\\/puheenvuoroja\\\/2020\\\/01\\\/30\\\/planetaarinen-sivistys-on-vastaus-aikamme-ongelmiin\\\/#primaryimage\",\"url\":\"https:\\\/\\\/blogs.uef.fi\\\/puheenvuoroja\\\/wp-content\\\/uploads\\\/sites\\\/6\\\/2020\\\/01\\\/Kuva_Arto_O_Salonen_30012020.png\",\"contentUrl\":\"https:\\\/\\\/blogs.uef.fi\\\/puheenvuoroja\\\/wp-content\\\/uploads\\\/sites\\\/6\\\/2020\\\/01\\\/Kuva_Arto_O_Salonen_30012020.png\"},{\"@type\":\"BreadcrumbList\",\"@id\":\"https:\\\/\\\/blogs.uef.fi\\\/puheenvuoroja\\\/2020\\\/01\\\/30\\\/planetaarinen-sivistys-on-vastaus-aikamme-ongelmiin\\\/#breadcrumb\",\"itemListElement\":[{\"@type\":\"ListItem\",\"position\":1,\"name\":\"Home\",\"item\":\"https:\\\/\\\/blogs.uef.fi\\\/puheenvuoroja\\\/\"},{\"@type\":\"ListItem\",\"position\":2,\"name\":\"Planetaarinen sivistys on vastaus aikamme ongelmiin\"}]},{\"@type\":\"WebSite\",\"@id\":\"https:\\\/\\\/blogs.uef.fi\\\/puheenvuoroja\\\/#website\",\"url\":\"https:\\\/\\\/blogs.uef.fi\\\/puheenvuoroja\\\/\",\"name\":\"Puheenvuoroja\",\"description\":\"\",\"potentialAction\":[{\"@type\":\"SearchAction\",\"target\":{\"@type\":\"EntryPoint\",\"urlTemplate\":\"https:\\\/\\\/blogs.uef.fi\\\/puheenvuoroja\\\/?s={search_term_string}\"},\"query-input\":{\"@type\":\"PropertyValueSpecification\",\"valueRequired\":true,\"valueName\":\"search_term_string\"}}],\"inLanguage\":\"fi\"},{\"@type\":\"Person\",\"@id\":\"https:\\\/\\\/blogs.uef.fi\\\/puheenvuoroja\\\/#\\\/schema\\\/person\\\/23b326ec5bb0d7bd395b6ddbbded3497\",\"name\":\"Viestint\u00e4\",\"url\":\"https:\\\/\\\/blogs.uef.fi\\\/puheenvuoroja\\\/author\\\/viestinta\\\/\"}]}<\/script>\n<!-- \/ Yoast SEO plugin. -->","yoast_head_json":{"title":"Planetaarinen sivistys on vastaus aikamme ongelmiin - Puheenvuoroja","robots":{"index":"index","follow":"follow","max-snippet":"max-snippet:-1","max-image-preview":"max-image-preview:large","max-video-preview":"max-video-preview:-1"},"canonical":"https:\/\/blogs.uef.fi\/puheenvuoroja\/2020\/01\/30\/planetaarinen-sivistys-on-vastaus-aikamme-ongelmiin\/","og_locale":"fi_FI","og_type":"article","og_title":"Planetaarinen sivistys on vastaus aikamme ongelmiin - Puheenvuoroja","og_description":"Planetaarinen sivistyminen on vastaus nykyajan haasteisiin, joissa ylisukupolvisuus, paikallinen ja globaali sek\u00e4 ihminen ja luonnon ekosysteemit kietoutuvat toisiinsa. Sivistymisess\u00e4 on kyse siit\u00e4, ett\u00e4 el\u00e4m\u00e4\u00e4 ankkuroidaan pit\u00e4viin todellisuuden tulkintoihin. Koska uusi tieto korvaa vanhaa, muuttuu my\u00f6s k\u00e4sitys siit\u00e4, mit\u00e4 edistymisell\u00e4 ymm\u00e4rret\u00e4\u00e4n. My\u00f6nteisell\u00e4 kehityksell\u00e4 on kaksi luovuttamatonta periaatetta, jotka varmistavat (a) ihmisen olemassaolon ja (b) ihmisten v\u00e4lisen [&hellip;]","og_url":"https:\/\/blogs.uef.fi\/puheenvuoroja\/2020\/01\/30\/planetaarinen-sivistys-on-vastaus-aikamme-ongelmiin\/","og_site_name":"Puheenvuoroja","article_published_time":"2020-01-30T12:24:34+00:00","article_modified_time":"2025-05-12T12:44:12+00:00","og_image":[{"width":799,"height":705,"url":"https:\/\/blogs.uef.fi\/puheenvuoroja\/wp-content\/uploads\/sites\/6\/2020\/01\/Kuva_Arto_O_Salonen_30012020.png","type":"image\/png"}],"author":"Viestint\u00e4","twitter_card":"summary_large_image","twitter_misc":{"Kirjoittanut":"Viestint\u00e4","Arvioitu lukuaika":"3 minuuttia"},"schema":{"@context":"https:\/\/schema.org","@graph":[{"@type":"Article","@id":"https:\/\/blogs.uef.fi\/puheenvuoroja\/2020\/01\/30\/planetaarinen-sivistys-on-vastaus-aikamme-ongelmiin\/#article","isPartOf":{"@id":"https:\/\/blogs.uef.fi\/puheenvuoroja\/2020\/01\/30\/planetaarinen-sivistys-on-vastaus-aikamme-ongelmiin\/"},"author":{"name":"Viestint\u00e4","@id":"https:\/\/blogs.uef.fi\/puheenvuoroja\/#\/schema\/person\/23b326ec5bb0d7bd395b6ddbbded3497"},"headline":"Planetaarinen sivistys on vastaus aikamme ongelmiin","datePublished":"2020-01-30T12:24:34+00:00","dateModified":"2025-05-12T12:44:12+00:00","mainEntityOfPage":{"@id":"https:\/\/blogs.uef.fi\/puheenvuoroja\/2020\/01\/30\/planetaarinen-sivistys-on-vastaus-aikamme-ongelmiin\/"},"wordCount":375,"commentCount":0,"image":{"@id":"https:\/\/blogs.uef.fi\/puheenvuoroja\/2020\/01\/30\/planetaarinen-sivistys-on-vastaus-aikamme-ongelmiin\/#primaryimage"},"thumbnailUrl":"https:\/\/blogs.uef.fi\/puheenvuoroja\/wp-content\/uploads\/sites\/6\/2020\/01\/Kuva_Arto_O_Salonen_30012020.png","keywords":["apulaisprofessori","eriarvoistuminen","ilmastonmuutos","It\u00e4-Suomen yliopisto","kest\u00e4v\u00e4 kehitys","planetaarinen sivistys","sivistys","UEF"],"articleSection":["Arto O. Salonen"],"inLanguage":"fi","potentialAction":[{"@type":"CommentAction","name":"Comment","target":["https:\/\/blogs.uef.fi\/puheenvuoroja\/2020\/01\/30\/planetaarinen-sivistys-on-vastaus-aikamme-ongelmiin\/#respond"]}]},{"@type":"WebPage","@id":"https:\/\/blogs.uef.fi\/puheenvuoroja\/2020\/01\/30\/planetaarinen-sivistys-on-vastaus-aikamme-ongelmiin\/","url":"https:\/\/blogs.uef.fi\/puheenvuoroja\/2020\/01\/30\/planetaarinen-sivistys-on-vastaus-aikamme-ongelmiin\/","name":"Planetaarinen sivistys on vastaus aikamme ongelmiin - Puheenvuoroja","isPartOf":{"@id":"https:\/\/blogs.uef.fi\/puheenvuoroja\/#website"},"primaryImageOfPage":{"@id":"https:\/\/blogs.uef.fi\/puheenvuoroja\/2020\/01\/30\/planetaarinen-sivistys-on-vastaus-aikamme-ongelmiin\/#primaryimage"},"image":{"@id":"https:\/\/blogs.uef.fi\/puheenvuoroja\/2020\/01\/30\/planetaarinen-sivistys-on-vastaus-aikamme-ongelmiin\/#primaryimage"},"thumbnailUrl":"https:\/\/blogs.uef.fi\/puheenvuoroja\/wp-content\/uploads\/sites\/6\/2020\/01\/Kuva_Arto_O_Salonen_30012020.png","datePublished":"2020-01-30T12:24:34+00:00","dateModified":"2025-05-12T12:44:12+00:00","author":{"@id":"https:\/\/blogs.uef.fi\/puheenvuoroja\/#\/schema\/person\/23b326ec5bb0d7bd395b6ddbbded3497"},"breadcrumb":{"@id":"https:\/\/blogs.uef.fi\/puheenvuoroja\/2020\/01\/30\/planetaarinen-sivistys-on-vastaus-aikamme-ongelmiin\/#breadcrumb"},"inLanguage":"fi","potentialAction":[{"@type":"ReadAction","target":["https:\/\/blogs.uef.fi\/puheenvuoroja\/2020\/01\/30\/planetaarinen-sivistys-on-vastaus-aikamme-ongelmiin\/"]}]},{"@type":"ImageObject","inLanguage":"fi","@id":"https:\/\/blogs.uef.fi\/puheenvuoroja\/2020\/01\/30\/planetaarinen-sivistys-on-vastaus-aikamme-ongelmiin\/#primaryimage","url":"https:\/\/blogs.uef.fi\/puheenvuoroja\/wp-content\/uploads\/sites\/6\/2020\/01\/Kuva_Arto_O_Salonen_30012020.png","contentUrl":"https:\/\/blogs.uef.fi\/puheenvuoroja\/wp-content\/uploads\/sites\/6\/2020\/01\/Kuva_Arto_O_Salonen_30012020.png"},{"@type":"BreadcrumbList","@id":"https:\/\/blogs.uef.fi\/puheenvuoroja\/2020\/01\/30\/planetaarinen-sivistys-on-vastaus-aikamme-ongelmiin\/#breadcrumb","itemListElement":[{"@type":"ListItem","position":1,"name":"Home","item":"https:\/\/blogs.uef.fi\/puheenvuoroja\/"},{"@type":"ListItem","position":2,"name":"Planetaarinen sivistys on vastaus aikamme ongelmiin"}]},{"@type":"WebSite","@id":"https:\/\/blogs.uef.fi\/puheenvuoroja\/#website","url":"https:\/\/blogs.uef.fi\/puheenvuoroja\/","name":"Puheenvuoroja","description":"","potentialAction":[{"@type":"SearchAction","target":{"@type":"EntryPoint","urlTemplate":"https:\/\/blogs.uef.fi\/puheenvuoroja\/?s={search_term_string}"},"query-input":{"@type":"PropertyValueSpecification","valueRequired":true,"valueName":"search_term_string"}}],"inLanguage":"fi"},{"@type":"Person","@id":"https:\/\/blogs.uef.fi\/puheenvuoroja\/#\/schema\/person\/23b326ec5bb0d7bd395b6ddbbded3497","name":"Viestint\u00e4","url":"https:\/\/blogs.uef.fi\/puheenvuoroja\/author\/viestinta\/"}]}},"_links":{"self":[{"href":"https:\/\/blogs.uef.fi\/puheenvuoroja\/wp-json\/wp\/v2\/posts\/547","targetHints":{"allow":["GET"]}}],"collection":[{"href":"https:\/\/blogs.uef.fi\/puheenvuoroja\/wp-json\/wp\/v2\/posts"}],"about":[{"href":"https:\/\/blogs.uef.fi\/puheenvuoroja\/wp-json\/wp\/v2\/types\/post"}],"author":[{"embeddable":true,"href":"https:\/\/blogs.uef.fi\/puheenvuoroja\/wp-json\/wp\/v2\/users\/7"}],"replies":[{"embeddable":true,"href":"https:\/\/blogs.uef.fi\/puheenvuoroja\/wp-json\/wp\/v2\/comments?post=547"}],"version-history":[{"count":2,"href":"https:\/\/blogs.uef.fi\/puheenvuoroja\/wp-json\/wp\/v2\/posts\/547\/revisions"}],"predecessor-version":[{"id":3236,"href":"https:\/\/blogs.uef.fi\/puheenvuoroja\/wp-json\/wp\/v2\/posts\/547\/revisions\/3236"}],"wp:attachment":[{"href":"https:\/\/blogs.uef.fi\/puheenvuoroja\/wp-json\/wp\/v2\/media?parent=547"}],"wp:term":[{"taxonomy":"category","embeddable":true,"href":"https:\/\/blogs.uef.fi\/puheenvuoroja\/wp-json\/wp\/v2\/categories?post=547"},{"taxonomy":"post_tag","embeddable":true,"href":"https:\/\/blogs.uef.fi\/puheenvuoroja\/wp-json\/wp\/v2\/tags?post=547"}],"curies":[{"name":"wp","href":"https:\/\/api.w.org\/{rel}","templated":true}]}}