{"id":329,"date":"2018-05-22T12:00:39","date_gmt":"2018-05-22T09:00:39","guid":{"rendered":"https:\/\/blogs.uef.fi\/puheenvuoroja\/?p=329"},"modified":"2025-05-12T15:41:28","modified_gmt":"2025-05-12T12:41:28","slug":"tulevaisuus-on-nuorissa-afrikassakin","status":"publish","type":"post","link":"https:\/\/blogs.uef.fi\/puheenvuoroja\/2018\/05\/22\/tulevaisuus-on-nuorissa-afrikassakin\/","title":{"rendered":"Tulevaisuus on nuorissa \u2013 Afrikassakin"},"content":{"rendered":"\n<p>It\u00e4-Suomen yliopisto osallistuu <a href=\"http:\/\/www.allyouthstn.fi\/\">ALL-YOUTH<\/a>-tutkimushankkeeseen, joka&nbsp; tekee yhteisty\u00f6t\u00e4 kansainv\u00e4lisen ENO-verkkokoulun kanssa. <a href=\"https:\/\/sites.google.com\/a\/enoprogramme.org\/eno-verkkokoulun-tuki-ry\/Home\">ENO-verkkokoulu (Environment Online)<\/a> on kest\u00e4v\u00e4n kehityksen verkkokoulu, joka perustettiin Enon kunnan alakoulussa vuonna 2000. ENO-kouluja on nykyisin yli 150 valtion alueella ja verkoston toimintaan osallistuu l\u00e4hes 10000 koulua.<\/p>\n\n\n\n<figure class=\"wp-block-image\"><a href=\"https:\/\/blogs.uef.fi\/puheenvuoroja\/wp-content\/uploads\/sites\/6\/2018\/05\/Blogi_ryhmakuva1_Antti_Erkkila.jpg\"><img loading=\"lazy\" decoding=\"async\" width=\"1024\" height=\"512\" src=\"https:\/\/blogs.uef.fi\/puheenvuoroja\/wp-content\/uploads\/sites\/6\/2018\/05\/Blogi_ryhmakuva1_Antti_Erkkila-1024x512.jpg\" alt=\"\" class=\"wp-image-333\" srcset=\"https:\/\/blogs.uef.fi\/puheenvuoroja\/wp-content\/uploads\/sites\/6\/2018\/05\/Blogi_ryhmakuva1_Antti_Erkkila-1024x512.jpg 1024w, https:\/\/blogs.uef.fi\/puheenvuoroja\/wp-content\/uploads\/sites\/6\/2018\/05\/Blogi_ryhmakuva1_Antti_Erkkila-300x150.jpg 300w, https:\/\/blogs.uef.fi\/puheenvuoroja\/wp-content\/uploads\/sites\/6\/2018\/05\/Blogi_ryhmakuva1_Antti_Erkkila-768x384.jpg 768w, https:\/\/blogs.uef.fi\/puheenvuoroja\/wp-content\/uploads\/sites\/6\/2018\/05\/Blogi_ryhmakuva1_Antti_Erkkila.jpg 1500w\" sizes=\"auto, (max-width: 1024px) 100vw, 1024px\" \/><\/a><figcaption class=\"wp-element-caption\">Njegea-alakoulun 4H-kerholaisia huhtikuussa 2018. Kuva: Antti Erkkil\u00e4<\/figcaption><\/figure>\n\n\n\n<p>ENO-verkkokoulun ja Tansanian 4H-yhdistyksen kolmivuotinen kehitysyhteisty\u00f6hanke p\u00e4\u00e4ttyi huhtikuussa 2018. Hankkeen tavoitteena oli tukea koulujen ymp\u00e4rist\u00f6kasvatusta 4H-periaatteiden mukaisesti eli parhaiten oppii itse tekem\u00e4ll\u00e4. Hankkeessa oli mukana 94 ala- ja yl\u00e4koulua nelj\u00e4n maakunnan alueella Tansaniassa. 4H-arvomaailma on sama Suomessa ja Tansaniassa: harkinta \u2013 head, harjaannus \u2013 hands, hyvyys \u2013 heart, hyvinvointi \u2013 health.<\/p>\n\n\n\n<figure class=\"wp-block-image\"><a href=\"https:\/\/blogs.uef.fi\/puheenvuoroja\/wp-content\/uploads\/sites\/6\/2018\/05\/Blogi_kuva2_4H_kerholaisia_Antti_Erkkila.jpg\"><img loading=\"lazy\" decoding=\"async\" width=\"1024\" height=\"512\" src=\"https:\/\/blogs.uef.fi\/puheenvuoroja\/wp-content\/uploads\/sites\/6\/2018\/05\/Blogi_kuva2_4H_kerholaisia_Antti_Erkkila-1024x512.jpg\" alt=\"\" class=\"wp-image-335\" srcset=\"https:\/\/blogs.uef.fi\/puheenvuoroja\/wp-content\/uploads\/sites\/6\/2018\/05\/Blogi_kuva2_4H_kerholaisia_Antti_Erkkila-1024x512.jpg 1024w, https:\/\/blogs.uef.fi\/puheenvuoroja\/wp-content\/uploads\/sites\/6\/2018\/05\/Blogi_kuva2_4H_kerholaisia_Antti_Erkkila-300x150.jpg 300w, https:\/\/blogs.uef.fi\/puheenvuoroja\/wp-content\/uploads\/sites\/6\/2018\/05\/Blogi_kuva2_4H_kerholaisia_Antti_Erkkila-768x384.jpg 768w, https:\/\/blogs.uef.fi\/puheenvuoroja\/wp-content\/uploads\/sites\/6\/2018\/05\/Blogi_kuva2_4H_kerholaisia_Antti_Erkkila.jpg 1500w\" sizes=\"auto, (max-width: 1024px) 100vw, 1024px\" \/><\/a><figcaption class=\"wp-element-caption\">4H-kerholaiset taimitarhaty\u00f6ss\u00e4. Kuva: Antti Erkkil\u00e4<\/figcaption><\/figure>\n\n\n\n<p>It\u00e4-Suomen yliopiston nuorempi tutkija ja ENO-verkkokoulun opettaja <strong>Ville Tahvanainen<\/strong> sek\u00e4 <strong>Antti Erkkil\u00e4<\/strong> ja <strong>John Donald Maziku<\/strong> It\u00e4-Suomen yliopistosta tekiv\u00e4t ENO-verkkokoulun ja Tansanian 4H-yhdistyksen toteuttaman hankkeen loppukatselmuksen. Kentt\u00e4matkaan osallistuivat my\u00f6s toiminnanjohtaja <strong>Susan Naburi<\/strong> ja hankekoordinaattori <strong>Joseph Desideri<\/strong> Tansanian 4H-yhdistyksen Tangan p\u00e4\u00e4toimipaikasta.<\/p>\n\n\n\n<p>Kaikkiaan vierailtiin kahdessatoista koulussa. Kaikki kohteet olivat alakouluja. Kouluvierailujen aikana haastateltiin yleens\u00e4 johtajaopettajaa ja 4H-kerhojen tukihenkil\u00f6in\u00e4 toimivia opettajia sek\u00e4 jututettiin 7\u201315-vuotiaita kerholaisia.<\/p>\n\n\n\n<figure class=\"wp-block-image\"><a href=\"https:\/\/blogs.uef.fi\/puheenvuoroja\/wp-content\/uploads\/sites\/6\/2018\/05\/Blogi_kuva3_haastattelu_Antti_Erkkila.jpg\"><img loading=\"lazy\" decoding=\"async\" width=\"1024\" height=\"512\" src=\"https:\/\/blogs.uef.fi\/puheenvuoroja\/wp-content\/uploads\/sites\/6\/2018\/05\/Blogi_kuva3_haastattelu_Antti_Erkkila-1024x512.jpg\" alt=\"\" class=\"wp-image-337\" srcset=\"https:\/\/blogs.uef.fi\/puheenvuoroja\/wp-content\/uploads\/sites\/6\/2018\/05\/Blogi_kuva3_haastattelu_Antti_Erkkila-1024x512.jpg 1024w, https:\/\/blogs.uef.fi\/puheenvuoroja\/wp-content\/uploads\/sites\/6\/2018\/05\/Blogi_kuva3_haastattelu_Antti_Erkkila-300x150.jpg 300w, https:\/\/blogs.uef.fi\/puheenvuoroja\/wp-content\/uploads\/sites\/6\/2018\/05\/Blogi_kuva3_haastattelu_Antti_Erkkila-768x384.jpg 768w, https:\/\/blogs.uef.fi\/puheenvuoroja\/wp-content\/uploads\/sites\/6\/2018\/05\/Blogi_kuva3_haastattelu_Antti_Erkkila.jpg 1500w\" sizes=\"auto, (max-width: 1024px) 100vw, 1024px\" \/><\/a><figcaption class=\"wp-element-caption\">4H-kerhon ohjaajaopettaja Hidaya Iddi (vas.), John Maziku, Ville Tahvanainen, johtajaopettaja Anna Lema ja 4H-koordinaattori Anna Lupiano. Kuva: Antti Erkkil\u00e4<\/figcaption><\/figure>\n\n\n\n<p>Matka alkoi Tansanian p\u00e4\u00e4kaupungista Dar es Salaamista ja p\u00e4\u00e4ttyi my\u00f6s sinne. Ajomatkaa kymmenen retkip\u00e4iv\u00e4n aikana kertyi 2500 kilometri\u00e4. Matkalaukkuja purettiin ja pakattiin matkan aikana kuudessa majoituskohteessa. Pisin p\u00e4iv\u00e4matka oli 600 kilometri\u00e4. Retkemme osui sadekauteen, jolloin asfalttitielt\u00e4 poikkeaminen ei pikkuautolla tullut kysymykseen.<\/p>\n\n\n\n<p>Kaikissa vierailukohteissa 4H-kerhot olivat perustaneet tukihenkil\u00f6in\u00e4 toimivien opettajien avulla taimitarhan ja kasvimaan. Kerholaisten tuli my\u00f6s perustaa oma kotiprojekti, joka saattoi kasvinviljelyn tai puuntaimien istutuksen lis\u00e4ksi olla my\u00f6s kanojen tai kanien kasvatusta.<\/p>\n\n\n\n<p>Puuntaimia kasvatetaan myyntiin, istutettavaksi koulumaalle ja kotiin. Puuntaimia 4H-kerholaiset ovat antaneet ilmaiseksi muun muassa seurakunnille. Koulujen kasvimailla tuotetaan esimerkiksi lehtisalaattia, kaalia, pinaattia, tomaattia ja revonh\u00e4nt\u00e4\u00e4.<\/p>\n\n\n\n<p>Perheiss\u00e4 puita kasvatetaan my\u00f6s yhteisen\u00e4 harrastuksena. Jotkut nuoret ovat saaneet puuntaimien myynnist\u00e4 sen verran tuloja, ett\u00e4 he ovat pystyneet ostamaan itselleen jopa koulupukuja ja kirjoja.<\/p>\n\n\n\n<figure class=\"wp-block-image\"><a href=\"https:\/\/blogs.uef.fi\/puheenvuoroja\/wp-content\/uploads\/sites\/6\/2018\/05\/Blogi_kuva4_John_haastattelee_Antti_Erkkila.jpg\"><img loading=\"lazy\" decoding=\"async\" width=\"1024\" height=\"512\" src=\"https:\/\/blogs.uef.fi\/puheenvuoroja\/wp-content\/uploads\/sites\/6\/2018\/05\/Blogi_kuva4_John_haastattelee_Antti_Erkkila-1024x512.jpg\" alt=\"\" class=\"wp-image-339\" srcset=\"https:\/\/blogs.uef.fi\/puheenvuoroja\/wp-content\/uploads\/sites\/6\/2018\/05\/Blogi_kuva4_John_haastattelee_Antti_Erkkila-1024x512.jpg 1024w, https:\/\/blogs.uef.fi\/puheenvuoroja\/wp-content\/uploads\/sites\/6\/2018\/05\/Blogi_kuva4_John_haastattelee_Antti_Erkkila-300x150.jpg 300w, https:\/\/blogs.uef.fi\/puheenvuoroja\/wp-content\/uploads\/sites\/6\/2018\/05\/Blogi_kuva4_John_haastattelee_Antti_Erkkila-768x384.jpg 768w, https:\/\/blogs.uef.fi\/puheenvuoroja\/wp-content\/uploads\/sites\/6\/2018\/05\/Blogi_kuva4_John_haastattelee_Antti_Erkkila.jpg 1500w\" sizes=\"auto, (max-width: 1024px) 100vw, 1024px\" \/><\/a><figcaption class=\"wp-element-caption\">4H-kerholaiset John Mazikun haastateltavana. Kuva: Antti Erkkil\u00e4<\/figcaption><\/figure>\n\n\n\n<p>Useat 4H-kerhot ovat p\u00e4\u00e4tt\u00e4neet tuottaa avokadon taimia. Erityisen suosittuja ne olivat kaupunkikouluissa. Hedelm\u00e4puita varttamalla saadaan sy\u00f6t\u00e4v\u00e4\u00e4 tai myyt\u00e4v\u00e4\u00e4 jo kolmen vuoden kuluttua istuttamisesta. Kouluissa erityisesti avokado on oppilaiden suosiossa.<\/p>\n\n\n\n<p>Tansania tuottaa avokadon hedelmi\u00e4 my\u00f6s vientiin. Hedelm\u00e4t vied\u00e4\u00e4n ensin pakattaviksi Keniaan, josta ne lenn\u00e4tet\u00e4\u00e4n Euroopan vaativille markkinoille. Terveystietoisten kuluttajien ansioista avokadosta on nyt maailmalla kova kysynt\u00e4. Suomalaisissa marketeissa tansanialaiset avokadot ilmoitetaan tuoduiksi Keniasta.<\/p>\n\n\n\n<figure class=\"wp-block-image\"><a href=\"https:\/\/blogs.uef.fi\/puheenvuoroja\/wp-content\/uploads\/sites\/6\/2018\/05\/Blogi_kuva5_Charles_ja_avocado_Antti_Erkkila.jpg\"><img loading=\"lazy\" decoding=\"async\" width=\"1024\" height=\"512\" src=\"https:\/\/blogs.uef.fi\/puheenvuoroja\/wp-content\/uploads\/sites\/6\/2018\/05\/Blogi_kuva5_Charles_ja_avocado_Antti_Erkkila-1024x512.jpg\" alt=\"\" class=\"wp-image-341\" srcset=\"https:\/\/blogs.uef.fi\/puheenvuoroja\/wp-content\/uploads\/sites\/6\/2018\/05\/Blogi_kuva5_Charles_ja_avocado_Antti_Erkkila-1024x512.jpg 1024w, https:\/\/blogs.uef.fi\/puheenvuoroja\/wp-content\/uploads\/sites\/6\/2018\/05\/Blogi_kuva5_Charles_ja_avocado_Antti_Erkkila-300x150.jpg 300w, https:\/\/blogs.uef.fi\/puheenvuoroja\/wp-content\/uploads\/sites\/6\/2018\/05\/Blogi_kuva5_Charles_ja_avocado_Antti_Erkkila-768x384.jpg 768w, https:\/\/blogs.uef.fi\/puheenvuoroja\/wp-content\/uploads\/sites\/6\/2018\/05\/Blogi_kuva5_Charles_ja_avocado_Antti_Erkkila.jpg 1500w\" sizes=\"auto, (max-width: 1024px) 100vw, 1024px\" \/><\/a><figcaption class=\"wp-element-caption\">Tansanian 4H-yhdistyksen aluekoordinaattori Charles Mwantepele esittelee varttamaansa avokadoa. Kuva: Antti Erkkil\u00e4<\/figcaption><\/figure>\n\n\n\n<p>Tansanian etel\u00e4isell\u00e4 yl\u00e4nk\u00f6alueilla kyl\u00e4l\u00e4iset ovat viime vuosina havahtuneet huomaamaan, ett\u00e4 kylien hallinnoimalla maaomaisuudella voidaan tuottaa arvopuita. Aiemmin ainoastaan valtiolla oli istutusmetsi\u00e4.<\/p>\n\n\n\n<p>Tansanian etel\u00e4isill\u00e4 yl\u00e4mailla suosittuja viljelypuita ovat erityisesti meksikonriippam\u00e4nty (<em>Pinus patula<\/em>) ja Australiasta per\u00e4isin oleva eukalyptus (<em>Eucalyptus grandis<\/em>). N\u00e4iden puulajien jalostettua siement\u00e4 saadaan Zimbabwen ja Etel\u00e4-Afrikan siemenviljelmilt\u00e4. Molemmat puulajit tuottavat kaupallisesti arvokasta sahapuuta ja pylv\u00e4it\u00e4.<\/p>\n\n\n\n<figure class=\"wp-block-image\"><a href=\"https:\/\/blogs.uef.fi\/puheenvuoroja\/wp-content\/uploads\/sites\/6\/2018\/05\/Blogi_kuva6_mannyn_taimia_Antti_Erkkila.jpg\"><img loading=\"lazy\" decoding=\"async\" width=\"1024\" height=\"512\" src=\"https:\/\/blogs.uef.fi\/puheenvuoroja\/wp-content\/uploads\/sites\/6\/2018\/05\/Blogi_kuva6_mannyn_taimia_Antti_Erkkila-1024x512.jpg\" alt=\"\" class=\"wp-image-343\" srcset=\"https:\/\/blogs.uef.fi\/puheenvuoroja\/wp-content\/uploads\/sites\/6\/2018\/05\/Blogi_kuva6_mannyn_taimia_Antti_Erkkila-1024x512.jpg 1024w, https:\/\/blogs.uef.fi\/puheenvuoroja\/wp-content\/uploads\/sites\/6\/2018\/05\/Blogi_kuva6_mannyn_taimia_Antti_Erkkila-300x150.jpg 300w, https:\/\/blogs.uef.fi\/puheenvuoroja\/wp-content\/uploads\/sites\/6\/2018\/05\/Blogi_kuva6_mannyn_taimia_Antti_Erkkila-768x384.jpg 768w, https:\/\/blogs.uef.fi\/puheenvuoroja\/wp-content\/uploads\/sites\/6\/2018\/05\/Blogi_kuva6_mannyn_taimia_Antti_Erkkila.jpg 1500w\" sizes=\"auto, (max-width: 1024px) 100vw, 1024px\" \/><\/a><figcaption class=\"wp-element-caption\">M\u00e4nnyn taimia. Kuva: Antti Erkkil\u00e4<\/figcaption><\/figure>\n\n\n\n<p>Norjalainen Green Resources -mets\u00e4yritys alkoi 15 vuotta sitten hankkia kyl\u00e4l\u00e4isilt\u00e4 maata viljelymetsien perustamiseksi. V\u00e4hitellen my\u00f6s tansanialaiset innostuivat viljelymets\u00e4taloudesta. Nykyisin yksityisill\u00e4 tansanialaisilla on enemm\u00e4n viljelymets\u00e4\u00e4 kuin valtiolla. Enenev\u00e4ss\u00e4 m\u00e4\u00e4rin mets\u00e4omistajat ovat kaupunkilaisia, jotka ovat hankkineet kylilt\u00e4 maaomaisuutta mets\u00e4nistutukseen.<\/p>\n\n\n\n<p>Yl\u00e4nk\u00f6alueilla monella kyl\u00e4koululla on runsaasti maaomaisuutta, mik\u00e4 mahdollistaa viljelymetsik\u00f6iden perustamisen. Eukalyptus kasvaa hyv\u00e4ll\u00e4 maalla 8\u201310 vuodessa pylv\u00e4spuuksi ja m\u00e4nty tukkipuun mittoihin 15 vuodessa.<\/p>\n\n\n\n<p>Kouluissa rahareiki\u00e4 riitt\u00e4\u00e4. Rakennuksia on korjattava ja vesimaksuista huolehdittava. Kuivan kauden aikana useimmassa koulussa on vesipula. Katoilta valuvan sadeveden ker\u00e4ysj\u00e4rjestelmien rakentaminen helpottaisi tilannetta.<\/p>\n\n\n\n<figure class=\"wp-block-image\"><a href=\"https:\/\/blogs.uef.fi\/puheenvuoroja\/wp-content\/uploads\/sites\/6\/2018\/05\/Blogi_kuva7_lapset_ja_puurivi_Antti_Erkkila.jpg\"><img loading=\"lazy\" decoding=\"async\" width=\"1024\" height=\"512\" src=\"https:\/\/blogs.uef.fi\/puheenvuoroja\/wp-content\/uploads\/sites\/6\/2018\/05\/Blogi_kuva7_lapset_ja_puurivi_Antti_Erkkila-1024x512.jpg\" alt=\"\" class=\"wp-image-345\" srcset=\"https:\/\/blogs.uef.fi\/puheenvuoroja\/wp-content\/uploads\/sites\/6\/2018\/05\/Blogi_kuva7_lapset_ja_puurivi_Antti_Erkkila-1024x512.jpg 1024w, https:\/\/blogs.uef.fi\/puheenvuoroja\/wp-content\/uploads\/sites\/6\/2018\/05\/Blogi_kuva7_lapset_ja_puurivi_Antti_Erkkila-300x150.jpg 300w, https:\/\/blogs.uef.fi\/puheenvuoroja\/wp-content\/uploads\/sites\/6\/2018\/05\/Blogi_kuva7_lapset_ja_puurivi_Antti_Erkkila-768x384.jpg 768w, https:\/\/blogs.uef.fi\/puheenvuoroja\/wp-content\/uploads\/sites\/6\/2018\/05\/Blogi_kuva7_lapset_ja_puurivi_Antti_Erkkila.jpg 1500w\" sizes=\"auto, (max-width: 1024px) 100vw, 1024px\" \/><\/a><figcaption class=\"wp-element-caption\">4H-kerholaiset moringa-puiden lomassa. Kuva: Antti Erkkil\u00e4<\/figcaption><\/figure>\n\n\n\n<p>Intiasta kotoisin olevan <em>Moringa oleifera<\/em> -puun pistokastaimi tuottaa korkealaatuista ravintoa jopa alle vuodessa. Lehdet, palot ja siemenet ovat sy\u00f6t\u00e4vi\u00e4 ja sis\u00e4lt\u00e4v\u00e4t muun muassa rautaa, kalsiumia ja muita el\u00e4m\u00e4n eliksiirej\u00e4 \u2013 siis varsinainen ihmepuu. Puulaji tunnetaan Tansaniassa nimell\u00e4 <em>mlonge<\/em>, ja se soveltuu kasvatettavaksi alavilla mailla, alle 500 metri\u00e4 merenpinnasta. Morogoron kaupunkikouluissa meille kerrottiin, ett\u00e4 puulajia istutetaan erityisesti sen l\u00e4\u00e4kinn\u00e4llisten vaikutusten takia.<\/p>\n\n\n\n<figure class=\"wp-block-image\"><a href=\"https:\/\/blogs.uef.fi\/puheenvuoroja\/wp-content\/uploads\/sites\/6\/2018\/05\/Blogi_kuva8_Ville_ja_taulu_Antti_Erkkila.jpg\"><img loading=\"lazy\" decoding=\"async\" width=\"1024\" height=\"512\" src=\"https:\/\/blogs.uef.fi\/puheenvuoroja\/wp-content\/uploads\/sites\/6\/2018\/05\/Blogi_kuva8_Ville_ja_taulu_Antti_Erkkila-1024x512.jpg\" alt=\"\" class=\"wp-image-347\" srcset=\"https:\/\/blogs.uef.fi\/puheenvuoroja\/wp-content\/uploads\/sites\/6\/2018\/05\/Blogi_kuva8_Ville_ja_taulu_Antti_Erkkila-1024x512.jpg 1024w, https:\/\/blogs.uef.fi\/puheenvuoroja\/wp-content\/uploads\/sites\/6\/2018\/05\/Blogi_kuva8_Ville_ja_taulu_Antti_Erkkila-300x150.jpg 300w, https:\/\/blogs.uef.fi\/puheenvuoroja\/wp-content\/uploads\/sites\/6\/2018\/05\/Blogi_kuva8_Ville_ja_taulu_Antti_Erkkila-768x384.jpg 768w, https:\/\/blogs.uef.fi\/puheenvuoroja\/wp-content\/uploads\/sites\/6\/2018\/05\/Blogi_kuva8_Ville_ja_taulu_Antti_Erkkila.jpg 1500w\" sizes=\"auto, (max-width: 1024px) 100vw, 1024px\" \/><\/a><figcaption class=\"wp-element-caption\">Ville Tahvanainen tarkastelee oppilasm\u00e4\u00e4ri\u00e4. Kuva: Antti Erkkil\u00e4<\/figcaption><\/figure>\n\n\n\n<p>Tansaniassa on 59 miljoona asukasta, joista l\u00e4hes puolet on alle 15-vuotiaita. Noin 80 prosenttia v\u00e4est\u00f6st\u00e4 asuu maalla. Alakoulu on kaikille pakollinen, mutta jatkokoulutukseen siirtyy vain kolmannes ik\u00e4luokasta. Nuorten tulevaisuus pohjaa valtaosaltaan alakoulussa opittuihin ja omaksuttuihin taitoihin.<\/p>\n\n\n\n<p>Yritt\u00e4j\u00e4taitojen oppiminen 4H-perinteiden mukaisesti ja ymp\u00e4rist\u00f6kasvatus ENO-verkkokoulun antaman mallin mukaan antavat nuorelle ev\u00e4it\u00e4 kasvaa vastuulliseksi kansalaiseksi Tansaniassa, Suomessa ja muualla maailmassa.<\/p>\n\n\n\n<figure class=\"wp-block-image is-resized\"><a href=\"https:\/\/blogs.uef.fi\/puheenvuoroja\/wp-content\/uploads\/sites\/6\/2018\/05\/AnttiErkkila.jpg\"><img loading=\"lazy\" decoding=\"async\" width=\"100\" height=\"145\" src=\"https:\/\/blogs.uef.fi\/puheenvuoroja\/wp-content\/uploads\/sites\/6\/2018\/05\/AnttiErkkila.jpg\" alt=\"\" class=\"wp-image-351\" style=\"width:106px;height:auto\" \/><\/a><\/figure>\n\n\n\n<p>Antti Erkkil\u00e4<\/p>\n\n\n\n<p>Projektitutkija, historia- ja maantieteiden laitos<\/p>\n\n\n\n<p>&nbsp;<\/p>\n\n\n\n<figure class=\"wp-block-image is-resized\"><a href=\"https:\/\/blogs.uef.fi\/puheenvuoroja\/wp-content\/uploads\/sites\/6\/2018\/05\/Ville_Tahvanainen-1.jpg\"><img loading=\"lazy\" decoding=\"async\" width=\"177\" height=\"257\" src=\"https:\/\/blogs.uef.fi\/puheenvuoroja\/wp-content\/uploads\/sites\/6\/2018\/05\/Ville_Tahvanainen-1.jpg\" alt=\"\" class=\"wp-image-355\" style=\"width:110px;height:auto\" \/><\/a><\/figure>\n\n\n\n<p>Ville Tahvanainen<\/p>\n\n\n\n<p>Nuorempi tutkija, historia- ja maantieteiden laitos<strong><br><\/strong><\/p>\n","protected":false},"excerpt":{"rendered":"<p>It\u00e4-Suomen yliopisto osallistuu ALL-YOUTH-tutkimushankkeeseen, joka&nbsp; tekee yhteisty\u00f6t\u00e4 kansainv\u00e4lisen ENO-verkkokoulun kanssa. ENO-verkkokoulu (Environment Online) on kest\u00e4v\u00e4n kehityksen verkkokoulu, joka perustettiin Enon kunnan alakoulussa vuonna 2000. ENO-kouluja on nykyisin yli 150 valtion alueella ja verkoston toimintaan osallistuu l\u00e4hes 10000 koulua. ENO-verkkokoulun ja Tansanian 4H-yhdistyksen kolmivuotinen kehitysyhteisty\u00f6hanke p\u00e4\u00e4ttyi huhtikuussa 2018. Hankkeen tavoitteena oli tukea koulujen ymp\u00e4rist\u00f6kasvatusta 4H-periaatteiden mukaisesti [&hellip;]<\/p>\n","protected":false},"author":7,"featured_media":0,"comment_status":"open","ping_status":"closed","sticky":false,"template":"","format":"standard","meta":{"_acf_changed":false,"footnotes":""},"categories":[323,325],"tags":[335,333,139,331,329,337],"class_list":["post-329","post","type-post","status-publish","format-standard","hentry","category-antti-erkkila","category-ville-tahvanainen","tag-kehitysyhteistyo","tag-kestavakehitys","tag-metsabiotalous","tag-tutkija","tag-ville-tahvanainen","tag-ymparistokasvatus"],"acf":[],"yoast_head":"<!-- This site is optimized with the Yoast SEO plugin v27.3 - https:\/\/yoast.com\/product\/yoast-seo-wordpress\/ -->\n<title>Tulevaisuus on nuorissa \u2013 Afrikassakin - Puheenvuoroja<\/title>\n<meta name=\"robots\" content=\"index, follow, max-snippet:-1, max-image-preview:large, max-video-preview:-1\" \/>\n<link rel=\"canonical\" href=\"https:\/\/blogs.uef.fi\/puheenvuoroja\/2018\/05\/22\/tulevaisuus-on-nuorissa-afrikassakin\/\" \/>\n<meta property=\"og:locale\" content=\"fi_FI\" \/>\n<meta property=\"og:type\" content=\"article\" \/>\n<meta property=\"og:title\" content=\"Tulevaisuus on nuorissa \u2013 Afrikassakin - Puheenvuoroja\" \/>\n<meta property=\"og:description\" content=\"It\u00e4-Suomen yliopisto osallistuu ALL-YOUTH-tutkimushankkeeseen, joka&nbsp; tekee yhteisty\u00f6t\u00e4 kansainv\u00e4lisen ENO-verkkokoulun kanssa. ENO-verkkokoulu (Environment Online) on kest\u00e4v\u00e4n kehityksen verkkokoulu, joka perustettiin Enon kunnan alakoulussa vuonna 2000. ENO-kouluja on nykyisin yli 150 valtion alueella ja verkoston toimintaan osallistuu l\u00e4hes 10000 koulua. ENO-verkkokoulun ja Tansanian 4H-yhdistyksen kolmivuotinen kehitysyhteisty\u00f6hanke p\u00e4\u00e4ttyi huhtikuussa 2018. Hankkeen tavoitteena oli tukea koulujen ymp\u00e4rist\u00f6kasvatusta 4H-periaatteiden mukaisesti [&hellip;]\" \/>\n<meta property=\"og:url\" content=\"https:\/\/blogs.uef.fi\/puheenvuoroja\/2018\/05\/22\/tulevaisuus-on-nuorissa-afrikassakin\/\" \/>\n<meta property=\"og:site_name\" content=\"Puheenvuoroja\" \/>\n<meta property=\"article:published_time\" content=\"2018-05-22T09:00:39+00:00\" \/>\n<meta property=\"article:modified_time\" content=\"2025-05-12T12:41:28+00:00\" \/>\n<meta property=\"og:image\" content=\"https:\/\/blogs.uef.fi\/puheenvuoroja\/wp-content\/uploads\/sites\/6\/2018\/05\/Blogi_ryhmakuva1_Antti_Erkkila.jpg\" \/>\n\t<meta property=\"og:image:width\" content=\"1500\" \/>\n\t<meta property=\"og:image:height\" content=\"750\" \/>\n\t<meta property=\"og:image:type\" content=\"image\/jpeg\" \/>\n<meta name=\"author\" content=\"Viestint\u00e4\" \/>\n<meta name=\"twitter:card\" content=\"summary_large_image\" \/>\n<meta name=\"twitter:label1\" content=\"Kirjoittanut\" \/>\n\t<meta name=\"twitter:data1\" content=\"Viestint\u00e4\" \/>\n\t<meta name=\"twitter:label2\" content=\"Arvioitu lukuaika\" \/>\n\t<meta name=\"twitter:data2\" content=\"7 minuuttia\" \/>\n<script type=\"application\/ld+json\" class=\"yoast-schema-graph\">{\"@context\":\"https:\\\/\\\/schema.org\",\"@graph\":[{\"@type\":\"Article\",\"@id\":\"https:\\\/\\\/blogs.uef.fi\\\/puheenvuoroja\\\/2018\\\/05\\\/22\\\/tulevaisuus-on-nuorissa-afrikassakin\\\/#article\",\"isPartOf\":{\"@id\":\"https:\\\/\\\/blogs.uef.fi\\\/puheenvuoroja\\\/2018\\\/05\\\/22\\\/tulevaisuus-on-nuorissa-afrikassakin\\\/\"},\"author\":{\"name\":\"Viestint\u00e4\",\"@id\":\"https:\\\/\\\/blogs.uef.fi\\\/puheenvuoroja\\\/#\\\/schema\\\/person\\\/23b326ec5bb0d7bd395b6ddbbded3497\"},\"headline\":\"Tulevaisuus on nuorissa \u2013 Afrikassakin\",\"datePublished\":\"2018-05-22T09:00:39+00:00\",\"dateModified\":\"2025-05-12T12:41:28+00:00\",\"mainEntityOfPage\":{\"@id\":\"https:\\\/\\\/blogs.uef.fi\\\/puheenvuoroja\\\/2018\\\/05\\\/22\\\/tulevaisuus-on-nuorissa-afrikassakin\\\/\"},\"wordCount\":756,\"commentCount\":0,\"image\":{\"@id\":\"https:\\\/\\\/blogs.uef.fi\\\/puheenvuoroja\\\/2018\\\/05\\\/22\\\/tulevaisuus-on-nuorissa-afrikassakin\\\/#primaryimage\"},\"thumbnailUrl\":\"https:\\\/\\\/blogs.uef.fi\\\/puheenvuoroja\\\/wp-content\\\/uploads\\\/sites\\\/6\\\/2018\\\/05\\\/Blogi_ryhmakuva1_Antti_Erkkila-1024x512.jpg\",\"keywords\":[\"kehitysyhteisty\u00f6\",\"kest\u00e4v\u00e4kehitys\",\"mets\u00e4biotalous\",\"tutkija\",\"Ville Tahvanainen\",\"ymp\u00e4rist\u00f6kasvatus\"],\"articleSection\":[\"Antti Erkkil\u00e4\",\"Ville Tahvanainen\"],\"inLanguage\":\"fi\",\"potentialAction\":[{\"@type\":\"CommentAction\",\"name\":\"Comment\",\"target\":[\"https:\\\/\\\/blogs.uef.fi\\\/puheenvuoroja\\\/2018\\\/05\\\/22\\\/tulevaisuus-on-nuorissa-afrikassakin\\\/#respond\"]}]},{\"@type\":\"WebPage\",\"@id\":\"https:\\\/\\\/blogs.uef.fi\\\/puheenvuoroja\\\/2018\\\/05\\\/22\\\/tulevaisuus-on-nuorissa-afrikassakin\\\/\",\"url\":\"https:\\\/\\\/blogs.uef.fi\\\/puheenvuoroja\\\/2018\\\/05\\\/22\\\/tulevaisuus-on-nuorissa-afrikassakin\\\/\",\"name\":\"Tulevaisuus on nuorissa \u2013 Afrikassakin - Puheenvuoroja\",\"isPartOf\":{\"@id\":\"https:\\\/\\\/blogs.uef.fi\\\/puheenvuoroja\\\/#website\"},\"primaryImageOfPage\":{\"@id\":\"https:\\\/\\\/blogs.uef.fi\\\/puheenvuoroja\\\/2018\\\/05\\\/22\\\/tulevaisuus-on-nuorissa-afrikassakin\\\/#primaryimage\"},\"image\":{\"@id\":\"https:\\\/\\\/blogs.uef.fi\\\/puheenvuoroja\\\/2018\\\/05\\\/22\\\/tulevaisuus-on-nuorissa-afrikassakin\\\/#primaryimage\"},\"thumbnailUrl\":\"https:\\\/\\\/blogs.uef.fi\\\/puheenvuoroja\\\/wp-content\\\/uploads\\\/sites\\\/6\\\/2018\\\/05\\\/Blogi_ryhmakuva1_Antti_Erkkila-1024x512.jpg\",\"datePublished\":\"2018-05-22T09:00:39+00:00\",\"dateModified\":\"2025-05-12T12:41:28+00:00\",\"author\":{\"@id\":\"https:\\\/\\\/blogs.uef.fi\\\/puheenvuoroja\\\/#\\\/schema\\\/person\\\/23b326ec5bb0d7bd395b6ddbbded3497\"},\"breadcrumb\":{\"@id\":\"https:\\\/\\\/blogs.uef.fi\\\/puheenvuoroja\\\/2018\\\/05\\\/22\\\/tulevaisuus-on-nuorissa-afrikassakin\\\/#breadcrumb\"},\"inLanguage\":\"fi\",\"potentialAction\":[{\"@type\":\"ReadAction\",\"target\":[\"https:\\\/\\\/blogs.uef.fi\\\/puheenvuoroja\\\/2018\\\/05\\\/22\\\/tulevaisuus-on-nuorissa-afrikassakin\\\/\"]}]},{\"@type\":\"ImageObject\",\"inLanguage\":\"fi\",\"@id\":\"https:\\\/\\\/blogs.uef.fi\\\/puheenvuoroja\\\/2018\\\/05\\\/22\\\/tulevaisuus-on-nuorissa-afrikassakin\\\/#primaryimage\",\"url\":\"https:\\\/\\\/blogs.uef.fi\\\/puheenvuoroja\\\/wp-content\\\/uploads\\\/sites\\\/6\\\/2018\\\/05\\\/Blogi_ryhmakuva1_Antti_Erkkila.jpg\",\"contentUrl\":\"https:\\\/\\\/blogs.uef.fi\\\/puheenvuoroja\\\/wp-content\\\/uploads\\\/sites\\\/6\\\/2018\\\/05\\\/Blogi_ryhmakuva1_Antti_Erkkila.jpg\",\"width\":1500,\"height\":750},{\"@type\":\"BreadcrumbList\",\"@id\":\"https:\\\/\\\/blogs.uef.fi\\\/puheenvuoroja\\\/2018\\\/05\\\/22\\\/tulevaisuus-on-nuorissa-afrikassakin\\\/#breadcrumb\",\"itemListElement\":[{\"@type\":\"ListItem\",\"position\":1,\"name\":\"Home\",\"item\":\"https:\\\/\\\/blogs.uef.fi\\\/puheenvuoroja\\\/\"},{\"@type\":\"ListItem\",\"position\":2,\"name\":\"Tulevaisuus on nuorissa \u2013 Afrikassakin\"}]},{\"@type\":\"WebSite\",\"@id\":\"https:\\\/\\\/blogs.uef.fi\\\/puheenvuoroja\\\/#website\",\"url\":\"https:\\\/\\\/blogs.uef.fi\\\/puheenvuoroja\\\/\",\"name\":\"Puheenvuoroja\",\"description\":\"\",\"potentialAction\":[{\"@type\":\"SearchAction\",\"target\":{\"@type\":\"EntryPoint\",\"urlTemplate\":\"https:\\\/\\\/blogs.uef.fi\\\/puheenvuoroja\\\/?s={search_term_string}\"},\"query-input\":{\"@type\":\"PropertyValueSpecification\",\"valueRequired\":true,\"valueName\":\"search_term_string\"}}],\"inLanguage\":\"fi\"},{\"@type\":\"Person\",\"@id\":\"https:\\\/\\\/blogs.uef.fi\\\/puheenvuoroja\\\/#\\\/schema\\\/person\\\/23b326ec5bb0d7bd395b6ddbbded3497\",\"name\":\"Viestint\u00e4\",\"url\":\"https:\\\/\\\/blogs.uef.fi\\\/puheenvuoroja\\\/author\\\/viestinta\\\/\"}]}<\/script>\n<!-- \/ Yoast SEO plugin. -->","yoast_head_json":{"title":"Tulevaisuus on nuorissa \u2013 Afrikassakin - Puheenvuoroja","robots":{"index":"index","follow":"follow","max-snippet":"max-snippet:-1","max-image-preview":"max-image-preview:large","max-video-preview":"max-video-preview:-1"},"canonical":"https:\/\/blogs.uef.fi\/puheenvuoroja\/2018\/05\/22\/tulevaisuus-on-nuorissa-afrikassakin\/","og_locale":"fi_FI","og_type":"article","og_title":"Tulevaisuus on nuorissa \u2013 Afrikassakin - Puheenvuoroja","og_description":"It\u00e4-Suomen yliopisto osallistuu ALL-YOUTH-tutkimushankkeeseen, joka&nbsp; tekee yhteisty\u00f6t\u00e4 kansainv\u00e4lisen ENO-verkkokoulun kanssa. ENO-verkkokoulu (Environment Online) on kest\u00e4v\u00e4n kehityksen verkkokoulu, joka perustettiin Enon kunnan alakoulussa vuonna 2000. ENO-kouluja on nykyisin yli 150 valtion alueella ja verkoston toimintaan osallistuu l\u00e4hes 10000 koulua. ENO-verkkokoulun ja Tansanian 4H-yhdistyksen kolmivuotinen kehitysyhteisty\u00f6hanke p\u00e4\u00e4ttyi huhtikuussa 2018. Hankkeen tavoitteena oli tukea koulujen ymp\u00e4rist\u00f6kasvatusta 4H-periaatteiden mukaisesti [&hellip;]","og_url":"https:\/\/blogs.uef.fi\/puheenvuoroja\/2018\/05\/22\/tulevaisuus-on-nuorissa-afrikassakin\/","og_site_name":"Puheenvuoroja","article_published_time":"2018-05-22T09:00:39+00:00","article_modified_time":"2025-05-12T12:41:28+00:00","og_image":[{"width":1500,"height":750,"url":"https:\/\/blogs.uef.fi\/puheenvuoroja\/wp-content\/uploads\/sites\/6\/2018\/05\/Blogi_ryhmakuva1_Antti_Erkkila.jpg","type":"image\/jpeg"}],"author":"Viestint\u00e4","twitter_card":"summary_large_image","twitter_misc":{"Kirjoittanut":"Viestint\u00e4","Arvioitu lukuaika":"7 minuuttia"},"schema":{"@context":"https:\/\/schema.org","@graph":[{"@type":"Article","@id":"https:\/\/blogs.uef.fi\/puheenvuoroja\/2018\/05\/22\/tulevaisuus-on-nuorissa-afrikassakin\/#article","isPartOf":{"@id":"https:\/\/blogs.uef.fi\/puheenvuoroja\/2018\/05\/22\/tulevaisuus-on-nuorissa-afrikassakin\/"},"author":{"name":"Viestint\u00e4","@id":"https:\/\/blogs.uef.fi\/puheenvuoroja\/#\/schema\/person\/23b326ec5bb0d7bd395b6ddbbded3497"},"headline":"Tulevaisuus on nuorissa \u2013 Afrikassakin","datePublished":"2018-05-22T09:00:39+00:00","dateModified":"2025-05-12T12:41:28+00:00","mainEntityOfPage":{"@id":"https:\/\/blogs.uef.fi\/puheenvuoroja\/2018\/05\/22\/tulevaisuus-on-nuorissa-afrikassakin\/"},"wordCount":756,"commentCount":0,"image":{"@id":"https:\/\/blogs.uef.fi\/puheenvuoroja\/2018\/05\/22\/tulevaisuus-on-nuorissa-afrikassakin\/#primaryimage"},"thumbnailUrl":"https:\/\/blogs.uef.fi\/puheenvuoroja\/wp-content\/uploads\/sites\/6\/2018\/05\/Blogi_ryhmakuva1_Antti_Erkkila-1024x512.jpg","keywords":["kehitysyhteisty\u00f6","kest\u00e4v\u00e4kehitys","mets\u00e4biotalous","tutkija","Ville Tahvanainen","ymp\u00e4rist\u00f6kasvatus"],"articleSection":["Antti Erkkil\u00e4","Ville Tahvanainen"],"inLanguage":"fi","potentialAction":[{"@type":"CommentAction","name":"Comment","target":["https:\/\/blogs.uef.fi\/puheenvuoroja\/2018\/05\/22\/tulevaisuus-on-nuorissa-afrikassakin\/#respond"]}]},{"@type":"WebPage","@id":"https:\/\/blogs.uef.fi\/puheenvuoroja\/2018\/05\/22\/tulevaisuus-on-nuorissa-afrikassakin\/","url":"https:\/\/blogs.uef.fi\/puheenvuoroja\/2018\/05\/22\/tulevaisuus-on-nuorissa-afrikassakin\/","name":"Tulevaisuus on nuorissa \u2013 Afrikassakin - Puheenvuoroja","isPartOf":{"@id":"https:\/\/blogs.uef.fi\/puheenvuoroja\/#website"},"primaryImageOfPage":{"@id":"https:\/\/blogs.uef.fi\/puheenvuoroja\/2018\/05\/22\/tulevaisuus-on-nuorissa-afrikassakin\/#primaryimage"},"image":{"@id":"https:\/\/blogs.uef.fi\/puheenvuoroja\/2018\/05\/22\/tulevaisuus-on-nuorissa-afrikassakin\/#primaryimage"},"thumbnailUrl":"https:\/\/blogs.uef.fi\/puheenvuoroja\/wp-content\/uploads\/sites\/6\/2018\/05\/Blogi_ryhmakuva1_Antti_Erkkila-1024x512.jpg","datePublished":"2018-05-22T09:00:39+00:00","dateModified":"2025-05-12T12:41:28+00:00","author":{"@id":"https:\/\/blogs.uef.fi\/puheenvuoroja\/#\/schema\/person\/23b326ec5bb0d7bd395b6ddbbded3497"},"breadcrumb":{"@id":"https:\/\/blogs.uef.fi\/puheenvuoroja\/2018\/05\/22\/tulevaisuus-on-nuorissa-afrikassakin\/#breadcrumb"},"inLanguage":"fi","potentialAction":[{"@type":"ReadAction","target":["https:\/\/blogs.uef.fi\/puheenvuoroja\/2018\/05\/22\/tulevaisuus-on-nuorissa-afrikassakin\/"]}]},{"@type":"ImageObject","inLanguage":"fi","@id":"https:\/\/blogs.uef.fi\/puheenvuoroja\/2018\/05\/22\/tulevaisuus-on-nuorissa-afrikassakin\/#primaryimage","url":"https:\/\/blogs.uef.fi\/puheenvuoroja\/wp-content\/uploads\/sites\/6\/2018\/05\/Blogi_ryhmakuva1_Antti_Erkkila.jpg","contentUrl":"https:\/\/blogs.uef.fi\/puheenvuoroja\/wp-content\/uploads\/sites\/6\/2018\/05\/Blogi_ryhmakuva1_Antti_Erkkila.jpg","width":1500,"height":750},{"@type":"BreadcrumbList","@id":"https:\/\/blogs.uef.fi\/puheenvuoroja\/2018\/05\/22\/tulevaisuus-on-nuorissa-afrikassakin\/#breadcrumb","itemListElement":[{"@type":"ListItem","position":1,"name":"Home","item":"https:\/\/blogs.uef.fi\/puheenvuoroja\/"},{"@type":"ListItem","position":2,"name":"Tulevaisuus on nuorissa \u2013 Afrikassakin"}]},{"@type":"WebSite","@id":"https:\/\/blogs.uef.fi\/puheenvuoroja\/#website","url":"https:\/\/blogs.uef.fi\/puheenvuoroja\/","name":"Puheenvuoroja","description":"","potentialAction":[{"@type":"SearchAction","target":{"@type":"EntryPoint","urlTemplate":"https:\/\/blogs.uef.fi\/puheenvuoroja\/?s={search_term_string}"},"query-input":{"@type":"PropertyValueSpecification","valueRequired":true,"valueName":"search_term_string"}}],"inLanguage":"fi"},{"@type":"Person","@id":"https:\/\/blogs.uef.fi\/puheenvuoroja\/#\/schema\/person\/23b326ec5bb0d7bd395b6ddbbded3497","name":"Viestint\u00e4","url":"https:\/\/blogs.uef.fi\/puheenvuoroja\/author\/viestinta\/"}]}},"_links":{"self":[{"href":"https:\/\/blogs.uef.fi\/puheenvuoroja\/wp-json\/wp\/v2\/posts\/329","targetHints":{"allow":["GET"]}}],"collection":[{"href":"https:\/\/blogs.uef.fi\/puheenvuoroja\/wp-json\/wp\/v2\/posts"}],"about":[{"href":"https:\/\/blogs.uef.fi\/puheenvuoroja\/wp-json\/wp\/v2\/types\/post"}],"author":[{"embeddable":true,"href":"https:\/\/blogs.uef.fi\/puheenvuoroja\/wp-json\/wp\/v2\/users\/7"}],"replies":[{"embeddable":true,"href":"https:\/\/blogs.uef.fi\/puheenvuoroja\/wp-json\/wp\/v2\/comments?post=329"}],"version-history":[{"count":2,"href":"https:\/\/blogs.uef.fi\/puheenvuoroja\/wp-json\/wp\/v2\/posts\/329\/revisions"}],"predecessor-version":[{"id":3234,"href":"https:\/\/blogs.uef.fi\/puheenvuoroja\/wp-json\/wp\/v2\/posts\/329\/revisions\/3234"}],"wp:attachment":[{"href":"https:\/\/blogs.uef.fi\/puheenvuoroja\/wp-json\/wp\/v2\/media?parent=329"}],"wp:term":[{"taxonomy":"category","embeddable":true,"href":"https:\/\/blogs.uef.fi\/puheenvuoroja\/wp-json\/wp\/v2\/categories?post=329"},{"taxonomy":"post_tag","embeddable":true,"href":"https:\/\/blogs.uef.fi\/puheenvuoroja\/wp-json\/wp\/v2\/tags?post=329"}],"curies":[{"name":"wp","href":"https:\/\/api.w.org\/{rel}","templated":true}]}}