{"id":2881,"date":"2024-09-16T11:46:42","date_gmt":"2024-09-16T08:46:42","guid":{"rendered":"https:\/\/blogs.uef.fi\/puheenvuoroja\/?p=2881"},"modified":"2024-09-16T13:44:18","modified_gmt":"2024-09-16T10:44:18","slug":"kotihoito-on-jo-nykyisellaan-riittamatonta-ikaantyvien-palveluista-saastaminen-lisaa-inhimillisia-kustannuksia","status":"publish","type":"post","link":"https:\/\/blogs.uef.fi\/puheenvuoroja\/2024\/09\/16\/kotihoito-on-jo-nykyisellaan-riittamatonta-ikaantyvien-palveluista-saastaminen-lisaa-inhimillisia-kustannuksia\/","title":{"rendered":"Kotihoito on jo nykyisell\u00e4\u00e4n riitt\u00e4m\u00e4t\u00f6nt\u00e4 \u2013 ik\u00e4\u00e4ntyvien palveluista s\u00e4\u00e4st\u00e4minen lis\u00e4\u00e4 inhimillisi\u00e4 kustannuksia"},"content":{"rendered":"\n<figure class=\"wp-block-image size-large\"><a href=\"https:\/\/blogs.uef.fi\/puheenvuoroja\/wp-content\/uploads\/sites\/6\/2024\/09\/mp64939272-ikaantyvien-palvelut.jpg\"><img loading=\"lazy\" decoding=\"async\" width=\"1024\" height=\"682\" src=\"https:\/\/blogs.uef.fi\/puheenvuoroja\/wp-content\/uploads\/sites\/6\/2024\/09\/mp64939272-ikaantyvien-palvelut-1024x682.jpg\" alt=\"Ik\u00e4\u00e4ntynyt mies auttaa ik\u00e4\u00e4ntynytt\u00e4 naista arjen askareissa.\" class=\"wp-image-2884\" srcset=\"https:\/\/blogs.uef.fi\/puheenvuoroja\/wp-content\/uploads\/sites\/6\/2024\/09\/mp64939272-ikaantyvien-palvelut-1024x682.jpg 1024w, https:\/\/blogs.uef.fi\/puheenvuoroja\/wp-content\/uploads\/sites\/6\/2024\/09\/mp64939272-ikaantyvien-palvelut-300x200.jpg 300w, https:\/\/blogs.uef.fi\/puheenvuoroja\/wp-content\/uploads\/sites\/6\/2024\/09\/mp64939272-ikaantyvien-palvelut-768x512.jpg 768w, https:\/\/blogs.uef.fi\/puheenvuoroja\/wp-content\/uploads\/sites\/6\/2024\/09\/mp64939272-ikaantyvien-palvelut-1536x1024.jpg 1536w, https:\/\/blogs.uef.fi\/puheenvuoroja\/wp-content\/uploads\/sites\/6\/2024\/09\/mp64939272-ikaantyvien-palvelut.jpg 2000w\" sizes=\"auto, (max-width: 1024px) 100vw, 1024px\" \/><\/a><\/figure>\n\n\n\n<p>Suomessa ik\u00e4\u00e4ntymispolitiikkaa on jo pitk\u00e4\u00e4n ohjannut tavoite siit\u00e4, ett\u00e4 yh\u00e4 useampi ik\u00e4ihminen el\u00e4\u00e4 itsen\u00e4isesti ja omassa yksityiskodissaan l\u00e4pi el\u00e4m\u00e4n. Ymp\u00e4rivuorokautista hoivaa on merkitt\u00e4v\u00e4sti v\u00e4hennetty ja kriteerit sen saamiseksi ovat tiukkoja. Lis\u00e4ksi muuta pitk\u00e4aikaista laitoshoitoa on mahdollista saada vain terveydellisin tai turvallisuuteen liittyvin perustein. Moni i\u00e4k\u00e4s j\u00e4\u00e4 haasteista huolimatta n\u00e4iden kriteerien ulkopuolelle ja samalla ilman riitt\u00e4v\u00e4\u00e4 apua kotona p\u00e4rj\u00e4\u00e4miseksi. T\u00e4ll\u00f6in el\u00e4m\u00e4n loppuvaihe on usein turvattomuuden, yksin\u00e4isyyden ja arvottomuuden kokemusten v\u00e4ritt\u00e4m\u00e4\u00e4.<\/p>\n\n\n\n<p>Tutkimusten pohjalta tiedet\u00e4\u00e4n, ett\u00e4 el\u00e4minen itselle tutussa ymp\u00e4rist\u00f6ss\u00e4 luo merkityksellisyytt\u00e4 ja turvallisuuden tunnetta sek\u00e4 edist\u00e4\u00e4 siten hyvinvointia vanhuuden el\u00e4m\u00e4nvaiheessa. Tutusta kodista voi kuitenkin muodostua my\u00f6s kielteisten kokemusten paikka, jossa hyvinvointi ja turvallisuuden tunne tulevat haastetuksi eri tavoin. Pelk\u00e4t sein\u00e4t eiv\u00e4t kotonakaan riit\u00e4, mik\u00e4li tukea ja apua ei ole riitt\u00e4v\u00e4sti tarjolla. Puutteellinen hoiva on vahvasti yhteydess\u00e4 sek\u00e4 yksin\u00e4isyyden ett\u00e4 eristyneisyyden kokemuksiin, joiden on havaittu heikent\u00e4v\u00e4n terveytt\u00e4 ja hyvinvointia sek\u00e4 lis\u00e4\u00e4v\u00e4n muiden sosiaali- ja terveyspalvelujen k\u00e4ytt\u00f6\u00e4.<\/p>\n\n\n\n<p>V\u00e4est\u00f6n ik\u00e4\u00e4ntymisest\u00e4 ja lis\u00e4\u00e4ntyneest\u00e4 hoivan tarpeesta huolimatta kotihoidon resurssointi on Suomessa ollut v\u00e4h\u00e4ist\u00e4, ja kotihoidon k\u00e4ynnit ovat jopa v\u00e4hentyneet. Samanaikaisesti s\u00e4\u00e4nn\u00f6llist\u00e4 kotihoitoa saavat i\u00e4kk\u00e4\u00e4t ovat entist\u00e4 huonokuntoisempia, ja heill\u00e4 on moninaisia tuen tarpeita p\u00e4ivitt\u00e4isess\u00e4 arjessaan. K\u00e4yt\u00e4nn\u00f6ss\u00e4 t\u00e4m\u00e4 tarkoittaa esimerkiksi pitk\u00e4lle edennytt\u00e4 muistisairautta, jonka my\u00f6t\u00e4 i\u00e4k\u00e4s ei muista sy\u00f6d\u00e4 ateriapalvelun tuomaa ruoka-annostaan. Tai omassa s\u00e4ngyss\u00e4\u00e4n makaavaa vanhaa ihmist\u00e4, joka p\u00e4\u00e4see yl\u00f6s vain toisen ihmisen avustamana ja joutuu odottamaan vessassa k\u00e4ynti\u00e4 ep\u00e4inhimillisen kauan.<\/p>\n\n\n\n<p>Ratkaisuja lis\u00e4\u00e4ntyneeseen hoivan tarpeeseen etsit\u00e4\u00e4n nyt niin sanotusta yhteis\u00f6llisest\u00e4 asumisesta ja digitalisaatiosta, jonka my\u00f6t\u00e4 kotihoidon k\u00e4yntej\u00e4 ja p\u00e4iv\u00e4toimintaa tarjotaan et\u00e4yhteyksill\u00e4. Samanaikaisesti useilla hyvinvointialueilla muut kuin lakis\u00e4\u00e4teiset palvelut, kuten i\u00e4kk\u00e4ille suunnatut toimintakeskukset ja omaishoitajien tukipalvelut ovat olleet lakkautusuhan alla. My\u00f6s sosiaali- ja terveysalan j\u00e4rjest\u00f6ihin kohdistuneet leikkaukset tulevat osumaan kipe\u00e4sti juuri i\u00e4kk\u00e4iden toimintakyvyn ja kotona asumisen tukemiseen. Ik\u00e4\u00e4ntyvien palveluita koskeva p\u00e4\u00e4t\u00f6ksenteko on lyhytn\u00e4k\u00f6ist\u00e4, ja asioiden v\u00e4lisi\u00e4 yhteyksi\u00e4 ei tunnisteta tai haluta tunnistaa.<\/p>\n\n\n\n<p>Viime vuonna voimaan astuneen vanhuspalvelulain uudistuksen tavoitteena on ollut varmistaa, ett\u00e4 i\u00e4kk\u00e4\u00e4t ihmiset voivat el\u00e4\u00e4 kodissaan turvallisesti ja saavat tarpeidensa mukaiset kotiin annettavat palvelut. Uudistuksella on pyritty parantamaan my\u00f6s kotihoidon henkil\u00f6st\u00f6n riitt\u00e4vyytt\u00e4 ja alan houkuttelevuutta. S\u00e4\u00e4st\u00f6toimenpiteiden my\u00f6t\u00e4 on vaikea n\u00e4hd\u00e4, miten n\u00e4m\u00e4 tavoitteet tullaan saavuttamaan, kun jo nykyisell\u00e4\u00e4n kotihoidossa kamppaillaan resurssien riitt\u00e4m\u00e4tt\u00f6myyden ja merkitt\u00e4v\u00e4n eettisen kuorman kanssa. Hyv\u00e4t aikeet ja lakikirjaukset eiv\u00e4t itsess\u00e4\u00e4n paranna vanhojen ihmisten asemaa ja riitt\u00e4vien palvelujen saantia. Todellisuus osoittaa, etteiv\u00e4t p\u00e4\u00e4t\u00f6ksentekij\u00e4t n\u00e4e el\u00e4m\u00e4n loppuvaihetta panostamisen arvoisena.<\/p>\n\n\n\n<p>Vanhojen ihmisten hoivasta s\u00e4\u00e4st\u00e4minen aiheuttaa merkitt\u00e4vi\u00e4 inhimillisi\u00e4 kustannuksia, jotka eiv\u00e4t poistu kotona asumisen ensisijaisuutta korostamalla. Elini\u00e4n pidentyess\u00e4 on selv\u00e4\u00e4, ett\u00e4 ymp\u00e4rivuorokautista hoivaa tullaan tulevaisuudessakin tarvitsemaan entist\u00e4 enemm\u00e4n, eik\u00e4 omassa kodissaan asuminen ole kaikille mahdollista tai tarpeiden ja hyv\u00e4n el\u00e4m\u00e4n mukaista. Merkitt\u00e4vi\u00e4 lis\u00e4panostuksia tarvitaan my\u00f6s kotihoitoon, jotta se t\u00e4ytt\u00e4\u00e4 lains\u00e4\u00e4d\u00e4nn\u00f6ss\u00e4 m\u00e4\u00e4ritellyn teht\u00e4v\u00e4ns\u00e4.<\/p>\n\n\n\n<p>Vanhuspalvelulain mukaisesti pitk\u00e4aikainen hoiva ja huolenpito tulisi toteuttaa niin, ett\u00e4 i\u00e4k\u00e4s henkil\u00f6 voi kokea el\u00e4m\u00e4ns\u00e4 turvalliseksi, merkitykselliseksi ja arvokkaaksi ja ett\u00e4 h\u00e4n voi yll\u00e4pit\u00e4\u00e4 sosiaalista vuorovaikutusta sek\u00e4 osallistua mielekk\u00e4\u00e4seen, hyvinvointia, terveytt\u00e4 ja toimintakyky\u00e4 edist\u00e4v\u00e4\u00e4n ja yll\u00e4pit\u00e4v\u00e4\u00e4n toimintaan. Ilman riitt\u00e4v\u00e4\u00e4 tukea ja apua, koti on ik\u00e4\u00e4ntyneelle syrj\u00e4ytymisen paikka.<\/p>\n\n\n\n<div class=\"person-card\">\n        <h2>Kirjoittajat<\/h2>\n    \n                    <a href=\"https:\/\/uefconnect.uef.fi\/henkilo\/elisa.tiilikainen\/\" class=\"person-card-link hover-scale-down\">\n                            <div class=\"person-card-item\">\n                    <div class=\"person-card-column-left\">\n                                                    <img decoding=\"async\" class=\"person-card-image\" src=\"https:\/\/blogs.uef.fi\/puheenvuoroja\/wp-content\/uploads\/sites\/6\/2024\/09\/Elisa_Tiilikainen_profile_file-500x500-1.jpg\" alt=\"Elisa Tiilikainen\" \/>\n                                            <\/div>\n\n                    <div class=\"person-card-column-right\">\n                                                <p class=\"person-card-name\">Elisa Tiilikainen<\/p>\n                        \n                                                <p class=\"person-card-position\">Apulaisprofessori (sosiaality\u00f6)<\/p>\n                        \n                                                <p class=\"person-card-organisation\">Yhteiskuntatieteiden laitos, It\u00e4-Suomen yliopisto<\/p>\n                        \n                                                <p class=\"person-card-text\">Kirjoittaja toimii Vanhuusi\u00e4n syrj\u00e4ytyminen kotihoidossa &#8211; yleisyys, merkitykset &amp; interventio (SOLDEX) -hankkeen johtajana.<\/p>\n                        \n                                                    <div>\n\t\t\t\t\t\t\t<svg xmlns=\"http:\/\/www.w3.org\/2000\/svg\" height=\"25px\" viewBox=\"0 -960 960 960\" width=\"24px\" ><path fill=\"currentColor\" d=\"M200-120q-33 0-56.5-23.5T120-200v-560q0-33 23.5-56.5T200-840h280v80H200v560h560v-280h80v280q0 33-23.5 56.5T760-120H200Zm188-212-56-56 372-372H560v-80h280v280h-80v-144L388-332Z\"\/><\/svg>\t\t\t\t\t\t\t<\/div>\n                                            <\/div>\n                <\/div>\n                            <\/a>\n                                        <a href=\"https:\/\/uefconnect.uef.fi\/henkilo\/hanna.ristolainen\/\" class=\"person-card-link hover-scale-down\">\n                            <div class=\"person-card-item\">\n                    <div class=\"person-card-column-left\">\n                                                    <img decoding=\"async\" class=\"person-card-image\" src=\"https:\/\/blogs.uef.fi\/puheenvuoroja\/wp-content\/uploads\/sites\/6\/2024\/09\/Hanna_Ristolainen_profile_file.jpg\" alt=\"Hanna Ristolainen\" \/>\n                                            <\/div>\n\n                    <div class=\"person-card-column-right\">\n                                                <p class=\"person-card-name\">Hanna Ristolainen<\/p>\n                        \n                                                <p class=\"person-card-position\">Tutkijatohtori<\/p>\n                        \n                                                <p class=\"person-card-organisation\">Yhteiskuntatieteiden laitos, It\u00e4-Suomen yliopisto<\/p>\n                        \n                                                <p class=\"person-card-text\">Kirjoittaja toimii Vanhuusi\u00e4n syrj\u00e4ytyminen kotihoidossa &#8211; yleisyys, merkitykset &amp; interventio (SOLDEX) -hankkeen tutkijatohtorina.<\/p>\n                        \n                                                    <div>\n\t\t\t\t\t\t\t<svg xmlns=\"http:\/\/www.w3.org\/2000\/svg\" height=\"25px\" viewBox=\"0 -960 960 960\" width=\"24px\" ><path fill=\"currentColor\" d=\"M200-120q-33 0-56.5-23.5T120-200v-560q0-33 23.5-56.5T200-840h280v80H200v560h560v-280h80v280q0 33-23.5 56.5T760-120H200Zm188-212-56-56 372-372H560v-80h280v280h-80v-144L388-332Z\"\/><\/svg>\t\t\t\t\t\t\t<\/div>\n                                            <\/div>\n                <\/div>\n                            <\/a>\n                            <\/div>\n\n\n\n<h2 class=\"wp-block-heading\">Lis\u00e4tietoja<\/h2>\n\n\n\n<p>Suomen Akatemian rahoittamasta <a href=\"https:\/\/uefconnect.uef.fi\/tutkimusryhma\/vanhuusian-syrjaytyminen-kotihoidossa-yleisyys-merkitykset-interventio-soldex\/#people\">Vanhuusi\u00e4n syrj\u00e4ytyminen kotihoidossa &#8211; yleisyys, merkitykset &amp; interventio (SOLDEX) -hankkeesta<\/a> kerrotaan lis\u00e4\u00e4 UEF Connect -verkkopalvelussa.<\/p>\n","protected":false},"excerpt":{"rendered":"<p>Suomessa ik\u00e4\u00e4ntymispolitiikkaa on jo pitk\u00e4\u00e4n ohjannut tavoite siit\u00e4, ett\u00e4 yh\u00e4 useampi ik\u00e4ihminen el\u00e4\u00e4 itsen\u00e4isesti ja omassa yksityiskodissaan l\u00e4pi el\u00e4m\u00e4n. Ymp\u00e4rivuorokautista hoivaa on merkitt\u00e4v\u00e4sti v\u00e4hennetty ja kriteerit sen saamiseksi ovat tiukkoja. Lis\u00e4ksi muuta pitk\u00e4aikaista laitoshoitoa on mahdollista saada vain terveydellisin tai turvallisuuteen liittyvin perustein. Moni i\u00e4k\u00e4s j\u00e4\u00e4 haasteista huolimatta n\u00e4iden kriteerien ulkopuolelle ja samalla ilman riitt\u00e4v\u00e4\u00e4 [&hellip;]<\/p>\n","protected":false},"author":192,"featured_media":0,"comment_status":"open","ping_status":"closed","sticky":false,"template":"","format":"standard","meta":{"_acf_changed":false,"footnotes":""},"categories":[971,1576],"tags":[1213,1579,974,1582],"class_list":["post-2881","post","type-post","status-publish","format-standard","hentry","category-elisa-tiilikainen","category-hanna-ristolainen","tag-hoiva","tag-ikaantyminen","tag-kotihoito","tag-sosiaali-ja-terveyspalvelut"],"acf":[],"yoast_head":"<!-- This site is optimized with the Yoast SEO plugin v27.3 - https:\/\/yoast.com\/product\/yoast-seo-wordpress\/ -->\n<title>Kotihoito on jo nykyisell\u00e4\u00e4n riitt\u00e4m\u00e4t\u00f6nt\u00e4 \u2013 ik\u00e4\u00e4ntyvien palveluista s\u00e4\u00e4st\u00e4minen lis\u00e4\u00e4 inhimillisi\u00e4 kustannuksia - Puheenvuoroja<\/title>\n<meta name=\"robots\" content=\"index, follow, max-snippet:-1, max-image-preview:large, max-video-preview:-1\" \/>\n<link rel=\"canonical\" href=\"https:\/\/blogs.uef.fi\/puheenvuoroja\/2024\/09\/16\/kotihoito-on-jo-nykyisellaan-riittamatonta-ikaantyvien-palveluista-saastaminen-lisaa-inhimillisia-kustannuksia\/\" \/>\n<meta property=\"og:locale\" content=\"fi_FI\" \/>\n<meta property=\"og:type\" content=\"article\" \/>\n<meta property=\"og:title\" content=\"Kotihoito on jo nykyisell\u00e4\u00e4n riitt\u00e4m\u00e4t\u00f6nt\u00e4 \u2013 ik\u00e4\u00e4ntyvien palveluista s\u00e4\u00e4st\u00e4minen lis\u00e4\u00e4 inhimillisi\u00e4 kustannuksia - Puheenvuoroja\" \/>\n<meta property=\"og:description\" content=\"Suomessa ik\u00e4\u00e4ntymispolitiikkaa on jo pitk\u00e4\u00e4n ohjannut tavoite siit\u00e4, ett\u00e4 yh\u00e4 useampi ik\u00e4ihminen el\u00e4\u00e4 itsen\u00e4isesti ja omassa yksityiskodissaan l\u00e4pi el\u00e4m\u00e4n. Ymp\u00e4rivuorokautista hoivaa on merkitt\u00e4v\u00e4sti v\u00e4hennetty ja kriteerit sen saamiseksi ovat tiukkoja. Lis\u00e4ksi muuta pitk\u00e4aikaista laitoshoitoa on mahdollista saada vain terveydellisin tai turvallisuuteen liittyvin perustein. Moni i\u00e4k\u00e4s j\u00e4\u00e4 haasteista huolimatta n\u00e4iden kriteerien ulkopuolelle ja samalla ilman riitt\u00e4v\u00e4\u00e4 [&hellip;]\" \/>\n<meta property=\"og:url\" content=\"https:\/\/blogs.uef.fi\/puheenvuoroja\/2024\/09\/16\/kotihoito-on-jo-nykyisellaan-riittamatonta-ikaantyvien-palveluista-saastaminen-lisaa-inhimillisia-kustannuksia\/\" \/>\n<meta property=\"og:site_name\" content=\"Puheenvuoroja\" \/>\n<meta property=\"article:published_time\" content=\"2024-09-16T08:46:42+00:00\" \/>\n<meta property=\"article:modified_time\" content=\"2024-09-16T10:44:18+00:00\" \/>\n<meta property=\"og:image\" content=\"https:\/\/blogs.uef.fi\/puheenvuoroja\/wp-content\/uploads\/sites\/6\/2024\/09\/mp64939272-ikaantyvien-palvelut-1024x682.jpg\" \/>\n<meta name=\"author\" content=\"Viestint\u00e4\" \/>\n<meta name=\"twitter:card\" content=\"summary_large_image\" \/>\n<meta name=\"twitter:label1\" content=\"Kirjoittanut\" \/>\n\t<meta name=\"twitter:data1\" content=\"Viestint\u00e4\" \/>\n\t<meta name=\"twitter:label2\" content=\"Arvioitu lukuaika\" \/>\n\t<meta name=\"twitter:data2\" content=\"4 minuuttia\" \/>\n<script type=\"application\/ld+json\" class=\"yoast-schema-graph\">{\"@context\":\"https:\\\/\\\/schema.org\",\"@graph\":[{\"@type\":\"Article\",\"@id\":\"https:\\\/\\\/blogs.uef.fi\\\/puheenvuoroja\\\/2024\\\/09\\\/16\\\/kotihoito-on-jo-nykyisellaan-riittamatonta-ikaantyvien-palveluista-saastaminen-lisaa-inhimillisia-kustannuksia\\\/#article\",\"isPartOf\":{\"@id\":\"https:\\\/\\\/blogs.uef.fi\\\/puheenvuoroja\\\/2024\\\/09\\\/16\\\/kotihoito-on-jo-nykyisellaan-riittamatonta-ikaantyvien-palveluista-saastaminen-lisaa-inhimillisia-kustannuksia\\\/\"},\"author\":{\"name\":\"Viestint\u00e4\",\"@id\":\"https:\\\/\\\/blogs.uef.fi\\\/puheenvuoroja\\\/#\\\/schema\\\/person\\\/e561f7cf950913045543e3bbd3efa957\"},\"headline\":\"Kotihoito on jo nykyisell\u00e4\u00e4n riitt\u00e4m\u00e4t\u00f6nt\u00e4 \u2013 ik\u00e4\u00e4ntyvien palveluista s\u00e4\u00e4st\u00e4minen lis\u00e4\u00e4 inhimillisi\u00e4 kustannuksia\",\"datePublished\":\"2024-09-16T08:46:42+00:00\",\"dateModified\":\"2024-09-16T10:44:18+00:00\",\"mainEntityOfPage\":{\"@id\":\"https:\\\/\\\/blogs.uef.fi\\\/puheenvuoroja\\\/2024\\\/09\\\/16\\\/kotihoito-on-jo-nykyisellaan-riittamatonta-ikaantyvien-palveluista-saastaminen-lisaa-inhimillisia-kustannuksia\\\/\"},\"wordCount\":663,\"commentCount\":0,\"image\":{\"@id\":\"https:\\\/\\\/blogs.uef.fi\\\/puheenvuoroja\\\/2024\\\/09\\\/16\\\/kotihoito-on-jo-nykyisellaan-riittamatonta-ikaantyvien-palveluista-saastaminen-lisaa-inhimillisia-kustannuksia\\\/#primaryimage\"},\"thumbnailUrl\":\"https:\\\/\\\/blogs.uef.fi\\\/puheenvuoroja\\\/wp-content\\\/uploads\\\/sites\\\/6\\\/2024\\\/09\\\/mp64939272-ikaantyvien-palvelut-1024x682.jpg\",\"keywords\":[\"hoiva\",\"ik\u00e4\u00e4ntyminen\",\"kotihoito\",\"sosiaali- ja terveyspalvelut\"],\"articleSection\":[\"Elisa Tiilikainen\",\"Hanna Ristolainen\"],\"inLanguage\":\"fi\",\"potentialAction\":[{\"@type\":\"CommentAction\",\"name\":\"Comment\",\"target\":[\"https:\\\/\\\/blogs.uef.fi\\\/puheenvuoroja\\\/2024\\\/09\\\/16\\\/kotihoito-on-jo-nykyisellaan-riittamatonta-ikaantyvien-palveluista-saastaminen-lisaa-inhimillisia-kustannuksia\\\/#respond\"]}]},{\"@type\":\"WebPage\",\"@id\":\"https:\\\/\\\/blogs.uef.fi\\\/puheenvuoroja\\\/2024\\\/09\\\/16\\\/kotihoito-on-jo-nykyisellaan-riittamatonta-ikaantyvien-palveluista-saastaminen-lisaa-inhimillisia-kustannuksia\\\/\",\"url\":\"https:\\\/\\\/blogs.uef.fi\\\/puheenvuoroja\\\/2024\\\/09\\\/16\\\/kotihoito-on-jo-nykyisellaan-riittamatonta-ikaantyvien-palveluista-saastaminen-lisaa-inhimillisia-kustannuksia\\\/\",\"name\":\"Kotihoito on jo nykyisell\u00e4\u00e4n riitt\u00e4m\u00e4t\u00f6nt\u00e4 \u2013 ik\u00e4\u00e4ntyvien palveluista s\u00e4\u00e4st\u00e4minen lis\u00e4\u00e4 inhimillisi\u00e4 kustannuksia - Puheenvuoroja\",\"isPartOf\":{\"@id\":\"https:\\\/\\\/blogs.uef.fi\\\/puheenvuoroja\\\/#website\"},\"primaryImageOfPage\":{\"@id\":\"https:\\\/\\\/blogs.uef.fi\\\/puheenvuoroja\\\/2024\\\/09\\\/16\\\/kotihoito-on-jo-nykyisellaan-riittamatonta-ikaantyvien-palveluista-saastaminen-lisaa-inhimillisia-kustannuksia\\\/#primaryimage\"},\"image\":{\"@id\":\"https:\\\/\\\/blogs.uef.fi\\\/puheenvuoroja\\\/2024\\\/09\\\/16\\\/kotihoito-on-jo-nykyisellaan-riittamatonta-ikaantyvien-palveluista-saastaminen-lisaa-inhimillisia-kustannuksia\\\/#primaryimage\"},\"thumbnailUrl\":\"https:\\\/\\\/blogs.uef.fi\\\/puheenvuoroja\\\/wp-content\\\/uploads\\\/sites\\\/6\\\/2024\\\/09\\\/mp64939272-ikaantyvien-palvelut-1024x682.jpg\",\"datePublished\":\"2024-09-16T08:46:42+00:00\",\"dateModified\":\"2024-09-16T10:44:18+00:00\",\"author\":{\"@id\":\"https:\\\/\\\/blogs.uef.fi\\\/puheenvuoroja\\\/#\\\/schema\\\/person\\\/e561f7cf950913045543e3bbd3efa957\"},\"breadcrumb\":{\"@id\":\"https:\\\/\\\/blogs.uef.fi\\\/puheenvuoroja\\\/2024\\\/09\\\/16\\\/kotihoito-on-jo-nykyisellaan-riittamatonta-ikaantyvien-palveluista-saastaminen-lisaa-inhimillisia-kustannuksia\\\/#breadcrumb\"},\"inLanguage\":\"fi\",\"potentialAction\":[{\"@type\":\"ReadAction\",\"target\":[\"https:\\\/\\\/blogs.uef.fi\\\/puheenvuoroja\\\/2024\\\/09\\\/16\\\/kotihoito-on-jo-nykyisellaan-riittamatonta-ikaantyvien-palveluista-saastaminen-lisaa-inhimillisia-kustannuksia\\\/\"]}]},{\"@type\":\"ImageObject\",\"inLanguage\":\"fi\",\"@id\":\"https:\\\/\\\/blogs.uef.fi\\\/puheenvuoroja\\\/2024\\\/09\\\/16\\\/kotihoito-on-jo-nykyisellaan-riittamatonta-ikaantyvien-palveluista-saastaminen-lisaa-inhimillisia-kustannuksia\\\/#primaryimage\",\"url\":\"https:\\\/\\\/blogs.uef.fi\\\/puheenvuoroja\\\/wp-content\\\/uploads\\\/sites\\\/6\\\/2024\\\/09\\\/mp64939272-ikaantyvien-palvelut.jpg\",\"contentUrl\":\"https:\\\/\\\/blogs.uef.fi\\\/puheenvuoroja\\\/wp-content\\\/uploads\\\/sites\\\/6\\\/2024\\\/09\\\/mp64939272-ikaantyvien-palvelut.jpg\",\"width\":2000,\"height\":1333,\"caption\":\"Ik\u00e4\u00e4ntynyt mies auttaa ik\u00e4\u00e4ntynytt\u00e4 naista arjen askareissa.\"},{\"@type\":\"BreadcrumbList\",\"@id\":\"https:\\\/\\\/blogs.uef.fi\\\/puheenvuoroja\\\/2024\\\/09\\\/16\\\/kotihoito-on-jo-nykyisellaan-riittamatonta-ikaantyvien-palveluista-saastaminen-lisaa-inhimillisia-kustannuksia\\\/#breadcrumb\",\"itemListElement\":[{\"@type\":\"ListItem\",\"position\":1,\"name\":\"Home\",\"item\":\"https:\\\/\\\/blogs.uef.fi\\\/puheenvuoroja\\\/\"},{\"@type\":\"ListItem\",\"position\":2,\"name\":\"Kotihoito on jo nykyisell\u00e4\u00e4n riitt\u00e4m\u00e4t\u00f6nt\u00e4 \u2013 ik\u00e4\u00e4ntyvien palveluista s\u00e4\u00e4st\u00e4minen lis\u00e4\u00e4 inhimillisi\u00e4 kustannuksia\"}]},{\"@type\":\"WebSite\",\"@id\":\"https:\\\/\\\/blogs.uef.fi\\\/puheenvuoroja\\\/#website\",\"url\":\"https:\\\/\\\/blogs.uef.fi\\\/puheenvuoroja\\\/\",\"name\":\"Puheenvuoroja\",\"description\":\"\",\"potentialAction\":[{\"@type\":\"SearchAction\",\"target\":{\"@type\":\"EntryPoint\",\"urlTemplate\":\"https:\\\/\\\/blogs.uef.fi\\\/puheenvuoroja\\\/?s={search_term_string}\"},\"query-input\":{\"@type\":\"PropertyValueSpecification\",\"valueRequired\":true,\"valueName\":\"search_term_string\"}}],\"inLanguage\":\"fi\"},{\"@type\":\"Person\",\"@id\":\"https:\\\/\\\/blogs.uef.fi\\\/puheenvuoroja\\\/#\\\/schema\\\/person\\\/e561f7cf950913045543e3bbd3efa957\",\"name\":\"Viestint\u00e4\",\"url\":\"https:\\\/\\\/blogs.uef.fi\\\/puheenvuoroja\\\/author\\\/ristol\\\/\"}]}<\/script>\n<!-- \/ Yoast SEO plugin. -->","yoast_head_json":{"title":"Kotihoito on jo nykyisell\u00e4\u00e4n riitt\u00e4m\u00e4t\u00f6nt\u00e4 \u2013 ik\u00e4\u00e4ntyvien palveluista s\u00e4\u00e4st\u00e4minen lis\u00e4\u00e4 inhimillisi\u00e4 kustannuksia - Puheenvuoroja","robots":{"index":"index","follow":"follow","max-snippet":"max-snippet:-1","max-image-preview":"max-image-preview:large","max-video-preview":"max-video-preview:-1"},"canonical":"https:\/\/blogs.uef.fi\/puheenvuoroja\/2024\/09\/16\/kotihoito-on-jo-nykyisellaan-riittamatonta-ikaantyvien-palveluista-saastaminen-lisaa-inhimillisia-kustannuksia\/","og_locale":"fi_FI","og_type":"article","og_title":"Kotihoito on jo nykyisell\u00e4\u00e4n riitt\u00e4m\u00e4t\u00f6nt\u00e4 \u2013 ik\u00e4\u00e4ntyvien palveluista s\u00e4\u00e4st\u00e4minen lis\u00e4\u00e4 inhimillisi\u00e4 kustannuksia - Puheenvuoroja","og_description":"Suomessa ik\u00e4\u00e4ntymispolitiikkaa on jo pitk\u00e4\u00e4n ohjannut tavoite siit\u00e4, ett\u00e4 yh\u00e4 useampi ik\u00e4ihminen el\u00e4\u00e4 itsen\u00e4isesti ja omassa yksityiskodissaan l\u00e4pi el\u00e4m\u00e4n. Ymp\u00e4rivuorokautista hoivaa on merkitt\u00e4v\u00e4sti v\u00e4hennetty ja kriteerit sen saamiseksi ovat tiukkoja. Lis\u00e4ksi muuta pitk\u00e4aikaista laitoshoitoa on mahdollista saada vain terveydellisin tai turvallisuuteen liittyvin perustein. Moni i\u00e4k\u00e4s j\u00e4\u00e4 haasteista huolimatta n\u00e4iden kriteerien ulkopuolelle ja samalla ilman riitt\u00e4v\u00e4\u00e4 [&hellip;]","og_url":"https:\/\/blogs.uef.fi\/puheenvuoroja\/2024\/09\/16\/kotihoito-on-jo-nykyisellaan-riittamatonta-ikaantyvien-palveluista-saastaminen-lisaa-inhimillisia-kustannuksia\/","og_site_name":"Puheenvuoroja","article_published_time":"2024-09-16T08:46:42+00:00","article_modified_time":"2024-09-16T10:44:18+00:00","og_image":[{"url":"https:\/\/blogs.uef.fi\/puheenvuoroja\/wp-content\/uploads\/sites\/6\/2024\/09\/mp64939272-ikaantyvien-palvelut-1024x682.jpg","type":"","width":"","height":""}],"author":"Viestint\u00e4","twitter_card":"summary_large_image","twitter_misc":{"Kirjoittanut":"Viestint\u00e4","Arvioitu lukuaika":"4 minuuttia"},"schema":{"@context":"https:\/\/schema.org","@graph":[{"@type":"Article","@id":"https:\/\/blogs.uef.fi\/puheenvuoroja\/2024\/09\/16\/kotihoito-on-jo-nykyisellaan-riittamatonta-ikaantyvien-palveluista-saastaminen-lisaa-inhimillisia-kustannuksia\/#article","isPartOf":{"@id":"https:\/\/blogs.uef.fi\/puheenvuoroja\/2024\/09\/16\/kotihoito-on-jo-nykyisellaan-riittamatonta-ikaantyvien-palveluista-saastaminen-lisaa-inhimillisia-kustannuksia\/"},"author":{"name":"Viestint\u00e4","@id":"https:\/\/blogs.uef.fi\/puheenvuoroja\/#\/schema\/person\/e561f7cf950913045543e3bbd3efa957"},"headline":"Kotihoito on jo nykyisell\u00e4\u00e4n riitt\u00e4m\u00e4t\u00f6nt\u00e4 \u2013 ik\u00e4\u00e4ntyvien palveluista s\u00e4\u00e4st\u00e4minen lis\u00e4\u00e4 inhimillisi\u00e4 kustannuksia","datePublished":"2024-09-16T08:46:42+00:00","dateModified":"2024-09-16T10:44:18+00:00","mainEntityOfPage":{"@id":"https:\/\/blogs.uef.fi\/puheenvuoroja\/2024\/09\/16\/kotihoito-on-jo-nykyisellaan-riittamatonta-ikaantyvien-palveluista-saastaminen-lisaa-inhimillisia-kustannuksia\/"},"wordCount":663,"commentCount":0,"image":{"@id":"https:\/\/blogs.uef.fi\/puheenvuoroja\/2024\/09\/16\/kotihoito-on-jo-nykyisellaan-riittamatonta-ikaantyvien-palveluista-saastaminen-lisaa-inhimillisia-kustannuksia\/#primaryimage"},"thumbnailUrl":"https:\/\/blogs.uef.fi\/puheenvuoroja\/wp-content\/uploads\/sites\/6\/2024\/09\/mp64939272-ikaantyvien-palvelut-1024x682.jpg","keywords":["hoiva","ik\u00e4\u00e4ntyminen","kotihoito","sosiaali- ja terveyspalvelut"],"articleSection":["Elisa Tiilikainen","Hanna Ristolainen"],"inLanguage":"fi","potentialAction":[{"@type":"CommentAction","name":"Comment","target":["https:\/\/blogs.uef.fi\/puheenvuoroja\/2024\/09\/16\/kotihoito-on-jo-nykyisellaan-riittamatonta-ikaantyvien-palveluista-saastaminen-lisaa-inhimillisia-kustannuksia\/#respond"]}]},{"@type":"WebPage","@id":"https:\/\/blogs.uef.fi\/puheenvuoroja\/2024\/09\/16\/kotihoito-on-jo-nykyisellaan-riittamatonta-ikaantyvien-palveluista-saastaminen-lisaa-inhimillisia-kustannuksia\/","url":"https:\/\/blogs.uef.fi\/puheenvuoroja\/2024\/09\/16\/kotihoito-on-jo-nykyisellaan-riittamatonta-ikaantyvien-palveluista-saastaminen-lisaa-inhimillisia-kustannuksia\/","name":"Kotihoito on jo nykyisell\u00e4\u00e4n riitt\u00e4m\u00e4t\u00f6nt\u00e4 \u2013 ik\u00e4\u00e4ntyvien palveluista s\u00e4\u00e4st\u00e4minen lis\u00e4\u00e4 inhimillisi\u00e4 kustannuksia - Puheenvuoroja","isPartOf":{"@id":"https:\/\/blogs.uef.fi\/puheenvuoroja\/#website"},"primaryImageOfPage":{"@id":"https:\/\/blogs.uef.fi\/puheenvuoroja\/2024\/09\/16\/kotihoito-on-jo-nykyisellaan-riittamatonta-ikaantyvien-palveluista-saastaminen-lisaa-inhimillisia-kustannuksia\/#primaryimage"},"image":{"@id":"https:\/\/blogs.uef.fi\/puheenvuoroja\/2024\/09\/16\/kotihoito-on-jo-nykyisellaan-riittamatonta-ikaantyvien-palveluista-saastaminen-lisaa-inhimillisia-kustannuksia\/#primaryimage"},"thumbnailUrl":"https:\/\/blogs.uef.fi\/puheenvuoroja\/wp-content\/uploads\/sites\/6\/2024\/09\/mp64939272-ikaantyvien-palvelut-1024x682.jpg","datePublished":"2024-09-16T08:46:42+00:00","dateModified":"2024-09-16T10:44:18+00:00","author":{"@id":"https:\/\/blogs.uef.fi\/puheenvuoroja\/#\/schema\/person\/e561f7cf950913045543e3bbd3efa957"},"breadcrumb":{"@id":"https:\/\/blogs.uef.fi\/puheenvuoroja\/2024\/09\/16\/kotihoito-on-jo-nykyisellaan-riittamatonta-ikaantyvien-palveluista-saastaminen-lisaa-inhimillisia-kustannuksia\/#breadcrumb"},"inLanguage":"fi","potentialAction":[{"@type":"ReadAction","target":["https:\/\/blogs.uef.fi\/puheenvuoroja\/2024\/09\/16\/kotihoito-on-jo-nykyisellaan-riittamatonta-ikaantyvien-palveluista-saastaminen-lisaa-inhimillisia-kustannuksia\/"]}]},{"@type":"ImageObject","inLanguage":"fi","@id":"https:\/\/blogs.uef.fi\/puheenvuoroja\/2024\/09\/16\/kotihoito-on-jo-nykyisellaan-riittamatonta-ikaantyvien-palveluista-saastaminen-lisaa-inhimillisia-kustannuksia\/#primaryimage","url":"https:\/\/blogs.uef.fi\/puheenvuoroja\/wp-content\/uploads\/sites\/6\/2024\/09\/mp64939272-ikaantyvien-palvelut.jpg","contentUrl":"https:\/\/blogs.uef.fi\/puheenvuoroja\/wp-content\/uploads\/sites\/6\/2024\/09\/mp64939272-ikaantyvien-palvelut.jpg","width":2000,"height":1333,"caption":"Ik\u00e4\u00e4ntynyt mies auttaa ik\u00e4\u00e4ntynytt\u00e4 naista arjen askareissa."},{"@type":"BreadcrumbList","@id":"https:\/\/blogs.uef.fi\/puheenvuoroja\/2024\/09\/16\/kotihoito-on-jo-nykyisellaan-riittamatonta-ikaantyvien-palveluista-saastaminen-lisaa-inhimillisia-kustannuksia\/#breadcrumb","itemListElement":[{"@type":"ListItem","position":1,"name":"Home","item":"https:\/\/blogs.uef.fi\/puheenvuoroja\/"},{"@type":"ListItem","position":2,"name":"Kotihoito on jo nykyisell\u00e4\u00e4n riitt\u00e4m\u00e4t\u00f6nt\u00e4 \u2013 ik\u00e4\u00e4ntyvien palveluista s\u00e4\u00e4st\u00e4minen lis\u00e4\u00e4 inhimillisi\u00e4 kustannuksia"}]},{"@type":"WebSite","@id":"https:\/\/blogs.uef.fi\/puheenvuoroja\/#website","url":"https:\/\/blogs.uef.fi\/puheenvuoroja\/","name":"Puheenvuoroja","description":"","potentialAction":[{"@type":"SearchAction","target":{"@type":"EntryPoint","urlTemplate":"https:\/\/blogs.uef.fi\/puheenvuoroja\/?s={search_term_string}"},"query-input":{"@type":"PropertyValueSpecification","valueRequired":true,"valueName":"search_term_string"}}],"inLanguage":"fi"},{"@type":"Person","@id":"https:\/\/blogs.uef.fi\/puheenvuoroja\/#\/schema\/person\/e561f7cf950913045543e3bbd3efa957","name":"Viestint\u00e4","url":"https:\/\/blogs.uef.fi\/puheenvuoroja\/author\/ristol\/"}]}},"_links":{"self":[{"href":"https:\/\/blogs.uef.fi\/puheenvuoroja\/wp-json\/wp\/v2\/posts\/2881","targetHints":{"allow":["GET"]}}],"collection":[{"href":"https:\/\/blogs.uef.fi\/puheenvuoroja\/wp-json\/wp\/v2\/posts"}],"about":[{"href":"https:\/\/blogs.uef.fi\/puheenvuoroja\/wp-json\/wp\/v2\/types\/post"}],"author":[{"embeddable":true,"href":"https:\/\/blogs.uef.fi\/puheenvuoroja\/wp-json\/wp\/v2\/users\/192"}],"replies":[{"embeddable":true,"href":"https:\/\/blogs.uef.fi\/puheenvuoroja\/wp-json\/wp\/v2\/comments?post=2881"}],"version-history":[{"count":2,"href":"https:\/\/blogs.uef.fi\/puheenvuoroja\/wp-json\/wp\/v2\/posts\/2881\/revisions"}],"predecessor-version":[{"id":2897,"href":"https:\/\/blogs.uef.fi\/puheenvuoroja\/wp-json\/wp\/v2\/posts\/2881\/revisions\/2897"}],"wp:attachment":[{"href":"https:\/\/blogs.uef.fi\/puheenvuoroja\/wp-json\/wp\/v2\/media?parent=2881"}],"wp:term":[{"taxonomy":"category","embeddable":true,"href":"https:\/\/blogs.uef.fi\/puheenvuoroja\/wp-json\/wp\/v2\/categories?post=2881"},{"taxonomy":"post_tag","embeddable":true,"href":"https:\/\/blogs.uef.fi\/puheenvuoroja\/wp-json\/wp\/v2\/tags?post=2881"}],"curies":[{"name":"wp","href":"https:\/\/api.w.org\/{rel}","templated":true}]}}