{"id":2714,"date":"2024-04-16T09:04:05","date_gmt":"2024-04-16T06:04:05","guid":{"rendered":"https:\/\/blogs.uef.fi\/puheenvuoroja\/?p=2714"},"modified":"2024-04-16T09:04:06","modified_gmt":"2024-04-16T06:04:06","slug":"koulujen-iso-haaste-miten-saada-eriytyneiden-alueiden-oppilaat-yhdenvertaiseen-asemaan","status":"publish","type":"post","link":"https:\/\/blogs.uef.fi\/puheenvuoroja\/2024\/04\/16\/koulujen-iso-haaste-miten-saada-eriytyneiden-alueiden-oppilaat-yhdenvertaiseen-asemaan\/","title":{"rendered":"Koulujen iso haaste: Miten saada eriytyneiden alueiden oppilaat yhdenvertaiseen asemaan?"},"content":{"rendered":"\n<p><a href=\"https:\/\/www.gaudeamus.fi\/teos\/koulu-ja-eriarvoisuus\/\">Haastattelimme<\/a> 22 yl\u00e4kouluik\u00e4ist\u00e4 nuorta p\u00e4\u00e4kaupunkiseudulla huono-osaisella asuinalueella ja kysyimme heid\u00e4n haaveistaan ja tavoitteistaan.<\/p>\n\n\n\n<p>13-vuotias Hannah kuvaa vaikeuttaan \u201dpysy\u00e4 maailmassa\u201d. H\u00e4n kertoo perheens\u00e4 taloudellisista haasteista ja p\u00e4ihdeongelmista. H\u00e4n kuvailee ahdistustaan ja ep\u00e4s\u00e4\u00e4nn\u00f6llist\u00e4 el\u00e4m\u00e4nrytmi\u00e4\u00e4n huono-osaisella asuinalueella: Aamuisin on vaikea p\u00e4\u00e4st\u00e4 s\u00e4ngyst\u00e4 yl\u00f6s.<\/p>\n\n\n\n<p>Yrit\u00e4 asettua Hannahin asemaan. Millaisia tulevaisuuden haaveita sinulla olisi?<\/p>\n\n\n\n<p>Peruskoulun teht\u00e4v\u00e4n\u00e4 on mahdollistaa monenlaisia tulevaisuuksia lapsille ja nuorille. Kaupungit kuitenkin eriytyv\u00e4t hyv\u00e4- ja huono-osaisiin alueisiin kiihtyv\u00e4ll\u00e4 tahdilla, mik\u00e4 vaikuttaa kouluissa teht\u00e4v\u00e4\u00e4n ty\u00f6h\u00f6n ja lis\u00e4\u00e4 eriarvoisuutta.<\/p>\n\n\n\n<p>Eriarvoisuus syntyy ja etenee noidankeh\u00e4n tavoin. Kaupunkien eriytyess\u00e4 my\u00f6s koulut eriytyv\u00e4t. T\u00e4m\u00e4 lis\u00e4\u00e4 lasten koulunk\u00e4yntiin liittyvi\u00e4 muuttop\u00e4\u00e4t\u00f6ksi\u00e4 ja kouluvalintoja sek\u00e4 kiihdytt\u00e4\u00e4 asuinalueiden eriytymist\u00e4.<\/p>\n\n\n\n<p>Kasautuvat haasteet tuottavat joihinkin perheisiin huono-osaisuutta. T\u00e4m\u00e4 puolestaan vaikuttaa nuorten oppimiseen ja tulevaisuuden toiveisiin. Nuoret eiv\u00e4t kohtaa kehityskulkuja yhdenvertaisesti, vaan ne osuvat toisiin voimakkaammin kuin toisiin.<\/p>\n\n\n\n<h2 class=\"wp-block-heading\">\u201dEt mun ei tarviis asua t\u00e4llaisella alueella\u201d<\/h2>\n\n\n\n<p>Mill\u00e4 tavoilla perheen asema, koulu ja asuinalue muovaavat nuorten tulevaisuuden tavoitteita ja toiveita? Ent\u00e4 miten kouluissa voidaan tukea nuoria heid\u00e4n omista l\u00e4ht\u00f6kohdistaan k\u00e4sin?<\/p>\n\n\n\n<p>Yl\u00e4kouluik\u00e4isten nuorten tulevaisuuden toiveissa n\u00e4kyv\u00e4t varsin keskiluokkaiseksi miellett\u00e4v\u00e4t asiat. Nuoret haluavat mukavan ty\u00f6n, perheen ja omakoti- tai rivitaloasunnon. Toiveissa on asua joko p\u00e4\u00e4kaupunkiseudulla tai ulkomailla vailla huolta toimeentulosta.<\/p>\n\n\n\n<p>Vaikka nuorten toiveissa on paljon yhteist\u00e4, l\u00f6ytyy niist\u00e4 my\u00f6s eroja, jotka kiinnittyv\u00e4t perheiden yhteiskunnalliseen asemaan.<\/p>\n\n\n\n<p>Osa nuorista uskoo, ett\u00e4 he saattavat kohdata ennakkoluuloja tulevaisuudessa, koska asuvat tietyll\u00e4 alueella. T\u00e4m\u00e4 siit\u00e4 huolimatta, ett\u00e4 he viihtyv\u00e4t siell\u00e4.<\/p>\n\n\n\n<p>Ruotsalaisen <strong>Nihad<\/strong> <strong>Bunarin<\/strong> <a href=\"https:\/\/www.researchgate.net\/publication\/5097744_Urban_Schools_in_Sweden_-_Between_Social_Predicaments_the_Power_of_Stigma_and_Relational_Dilemmas\">tutkimuksissa<\/a> ilmi\u00f6 on tullut n\u00e4kyv\u00e4ksi esimerkiksi siten, ett\u00e4 tietyill\u00e4 alueilla asuvilla nuorilla on vaikeuksia saada kes\u00e4t\u00f6it\u00e4. Ty\u00f6nantajat eiv\u00e4t palkkaa mielest\u00e4\u00e4n ep\u00e4ilytt\u00e4v\u00e4ll\u00e4 asuinalueella asuvia nuoria. Jos alueen maine on huono, her\u00e4\u00e4 ulkopuolisissa arvailuja asukkaiden \u201dkunnollisuudesta\u201d ja koulujen laadusta.<\/p>\n\n\n\n<p>Maine perustuu usein varsin <a href=\"https:\/\/www.cogitatiopress.com\/socialinclusion\/article\/view\/3838\">ep\u00e4reiluille oletuksille<\/a>. Koulut voivat toimia hyvin niin henkil\u00f6st\u00f6n, perheiden ja oppilaiden mielest\u00e4 kuin oppimistuloksillakin mitattuna&nbsp;\u2013 mutta her\u00e4tt\u00e4v\u00e4t silti ulkopuolisissa alueen maineeseen liittyvi\u00e4 ep\u00e4ilyksi\u00e4.<\/p>\n\n\n\n<p>Nuoret tunnistavat, miten heid\u00e4n asuinpaikkaansa arvotetaan. Huonomaineisilla alueilla asuvat nuoret joutuvat perustelemaan ja puolustautumaan suhteessa ulkopuolisten arvosteluihin. Karuimmillaan ulkopuoliset saattavat ep\u00e4ill\u00e4 heit\u00e4 heikosta koulumenestyksest\u00e4 tai p\u00e4ihteiden k\u00e4yt\u00f6st\u00e4. Monilla onkin haave asua tulevaisuudessa jossain muualla kuin nykyisess\u00e4 asuinpaikassa.<\/p>\n\n\n\n<p>Eri kotitaustoista tulevien nuorten haaveissa on kuitenkin eroja. Keskiluokkaisten perheiden nuorten puheessa tulevaisuuden asuinpaikka on jokin muu. He my\u00f6s tekev\u00e4t pes\u00e4eroa nykyisen asuinalueensa huonoihin puoliin. T\u00e4m\u00e4 onnistuu, koska he eiv\u00e4t asu kaikkein huonomaineisimmissa kortteleissa.<\/p>\n\n\n\n<p>Huono-osaisten nuorten suhde alueeseen ja sen huono-osaisuuteen on erilainen. Toisaalta he viett\u00e4v\u00e4t aikaa, hengaavat alueella ja kokevat sen enemm\u00e4n omakseen kuin keskiluokkaiset ik\u00e4toverinsa. Toisaalta he arvelevat j\u00e4\u00e4v\u00e4ns\u00e4 sinne silloinkin, kun toive olisi jostain muusta.<\/p>\n\n\n\n<h2 class=\"wp-block-heading\">\u201dNobodies kuten min\u00e4, jolla ei ole mit\u00e4\u00e4n merkityst t\u00e4h\u00e4n maailmaan\u201d<\/h2>\n\n\n\n<p>Nuoret tuntevat oman asemansa sosiaalisissa hierarkioissa. He tunnistavat piirit, joihin kuuluvat tai vastaavasti eiv\u00e4t tunne kuuluvansa.<\/p>\n\n\n\n<p>He my\u00f6s tunnistavat rahan merkityksen erilaisten el\u00e4m\u00e4ntyylien rakentumisessa. T\u00e4m\u00e4 n\u00e4kyy sek\u00e4 siin\u00e4 mist\u00e4 uskalletaan haaveilla ett\u00e4 siin\u00e4 mit\u00e4 pidet\u00e4\u00e4n mahdollisena.<\/p>\n\n\n\n<p>Usein esteet ovat n\u00e4kym\u00e4tt\u00f6mi\u00e4. Huono-osaisilta nuorilta puuttuu:<\/p>\n\n\n\n<ul class=\"wp-block-list\">\n<li>koulutusj\u00e4rjestelm\u00e4n tuntemusta,<\/li>\n\n\n\n<li>l\u00e4hipiirin my\u00f6nteisi\u00e4 esimerkkej\u00e4 ja<\/li>\n\n\n\n<li>taloudellisesta hyv\u00e4osaisuudesta muodostuva turvaverkko, joka kannattelee keskiluokkaisia nuoria my\u00f6s huono-osaisilla alueilla.<\/li>\n<\/ul>\n\n\n\n<p>Lis\u00e4ksi he joutuvat kamppailemaan merkityksett\u00f6myyden ja sen tunteen kanssa, ett\u00e4 ovat huonompia kuin parempiosaiset ik\u00e4toverinsa.<\/p>\n\n\n\n<p>Esimerkkin\u00e4 toisenlaisesta todellisuudesta toimii 14-vuotias Elsa. H\u00e4n haaveilee hakeutuvansa lukion j\u00e4lkeen yliopistoon joko l\u00e4\u00e4k\u00e4riksi tai jurstiksi. Is\u00e4 toivoo Elsasta l\u00e4\u00e4k\u00e4ri\u00e4, mutta t\u00e4m\u00e4 olisi itse mieluummin juristi. Haaveissa siint\u00e4\u00e4 asuminen perheen kanssa ulkomailla paikassa, jossa kokee vuodenajat.<\/p>\n\n\n\n<p>Elsan ja muiden keskiluokkaisten nuorten tulevaisuuden toiveet johtavat lukion kautta yliopistoon ja n\u00e4ytt\u00e4v\u00e4t selkeilt\u00e4 jo yl\u00e4koulun ensimm\u00e4isill\u00e4 luokilla. Vaikka heist\u00e4 ei tulisikaan juuri l\u00e4\u00e4k\u00e4reit\u00e4 tai lakimiehi\u00e4, tavoitteet asetetaan pitk\u00e4lle tulevaisuuteen. He my\u00f6s puhuvat tulevaisuudestaan varmemmin ja rohkeammin kuin muut nuoret.<\/p>\n\n\n\n<p><a href=\"https:\/\/academic.oup.com\/esr\/article\/36\/5\/700\/5864517\">Tilastollisesti<\/a> ylemm\u00e4n yhteiskuntaluokan perheist\u00e4 p\u00e4\u00e4dyt\u00e4\u00e4n muita useammin lukio- ja korkeakouluopintoihin. Perheet v\u00e4litt\u00e4v\u00e4t kulttuurista p\u00e4\u00e4omaansa sukupolvelta toiselle; on helpompaa kannustaa koulutuspolulle, josta itsell\u00e4 on omakohtaista kokemusta.<\/p>\n\n\n\n<p>Samaa ik\u00e4vaihetta el\u00e4v\u00e4t ty\u00f6v\u00e4enluokkaiset nuoret pohtivat valintaa lukion ja ammatillisen opetuksen v\u00e4lill\u00e4.<\/p>\n\n\n\n<p>Kaikkein huono-osaisimmassa asemassa olevien nuorten tulevaisuuden toiveet eroavat kuitenkin sek\u00e4 keskiluokkaisten ett\u00e4 parempiosaisten ty\u00f6v\u00e4enluokkaisten nuorten haaveista. Ne ulottuvat pahimmillaan vain seuraavaan p\u00e4iv\u00e4\u00e4n. Puheessa on paljon \u201djoutumista\u201d, pyrkimisen ja p\u00e4\u00e4semisen sijaan. Toiveet ovat lyhytj\u00e4nteisi\u00e4 ja ep\u00e4varmoja.<\/p>\n\n\n\n<h2 class=\"wp-block-heading\">Kouluissa voidaan tehd\u00e4 paljon \u2013 mutta ei mahdottomia<\/h2>\n\n\n\n<p>Suomalainen peruskoulu on perinteisesti onnistunut tukemaan sek\u00e4 keskiluokkaisia ett\u00e4 ty\u00f6v\u00e4enluokkaisia lapsia ja nuoria. Kasautunut huono-osaisuus haastaa kuitenkin koulujen ty\u00f6t\u00e4 uusilla tavoilla.<\/p>\n\n\n\n<p>Kaupunkien eriytyminen vaikuttaa kouluissa teht\u00e4v\u00e4\u00e4n ty\u00f6h\u00f6n. Ty\u00f6 on haastavinta alueilla, joilla koulujen teht\u00e4v\u00e4 on oppilaiden el\u00e4m\u00e4nkulkujen n\u00e4k\u00f6kulmasta erityisen merkityksellinen. Kun haasteet lis\u00e4\u00e4ntyv\u00e4t mutta luokkakoot pysyv\u00e4t samana, opettajien ty\u00f6m\u00e4\u00e4r\u00e4 kasvaa. Uhkana on opetustason lasku ja koulun henkil\u00f6kunnan uupuminen. <a href=\"https:\/\/julkaisut.valtioneuvosto.fi\/bitstream\/handle\/10024\/162857\/VN_2021_7.pdf?sequence=4\">Lis\u00e4resursointi<\/a> on elinehto.<\/p>\n\n\n\n<p>Jos koulut osaavat toimia taitavasti, ne voivat laajentaa mahdollisuuksien kirjoa kaikkien nuorten tulevaisuudessa.<\/p>\n\n\n\n<p><a href=\"https:\/\/helda.helsinki.fi\/server\/api\/core\/bitstreams\/19e3bfa0-f4c2-46ad-89b5-faf25a291ba3\/content\">Hyvin toimivissa kouluissa<\/a> opettajat uskovat oppilaisiin. Arjen k\u00e4yt\u00e4nt\u00f6j\u00e4 rakennetaan siten, ett\u00e4 ne tukevat my\u00f6s hankalimmissa tilanteissa olevia oppilaita. Pelkill\u00e4 koulun toimilla voidaan parantaa ainakin niiden ty\u00f6v\u00e4enluokkaisten tai taloudellisesti huono-osaisten nuorten asemaa, jotka eiv\u00e4t erityisesti k\u00e4rsi sosiaalisista ongelmista.<\/p>\n\n\n\n<p><a href=\"https:\/\/www.gaudeamus.fi\/teos\/koulu-ja-eriarvoisuus\/\">Koulun sis\u00e4iset toimet<\/a> eiv\u00e4t kuitenkaan yksin riit\u00e4 tukemaan huono-osaisimmista taustoista tulevia nuoria. Tarvitaan sosiaalitoimen sek\u00e4 nuoriso-, sosiaali- ja terveyspolitiikan toimien kohdistamista kaikkein heikoimmassa asemassa oleviin nuoriin ja n\u00e4iden perheisiin.<\/p>\n\n\n\n<p>Kun perheiden haasteet kasaantuvat ja kaupungit eriytyv\u00e4t, tarvitaan monien alojen yhteisty\u00f6t\u00e4. T\u00e4m\u00e4 palvelisi nuorten hyvinvointia ja yhdenvertaistaisi koulupolkuja.<\/p>\n\n\n\n<p><strong>Heidi Huilla<\/strong><br>Tutkijatohtori<br>Kasvatustieteiden ja psykologian osasto, It\u00e4-Suomen yliopisto<br><br><em><a href=\"https:\/\/www.mustread.fi\/artikkelit\/koulujen-iso-haaste-miten-saada-eriytyneiden-alueiden-oppilaat-yhdenvertaiseen-asemaan\/\">Artikkeli on julkaistu alunperin MustRead Akatemia -verkkomediassa.<\/a><\/em><\/p>\n","protected":false},"excerpt":{"rendered":"<p>Haastattelimme 22 yl\u00e4kouluik\u00e4ist\u00e4 nuorta p\u00e4\u00e4kaupunkiseudulla huono-osaisella asuinalueella ja kysyimme heid\u00e4n haaveistaan ja tavoitteistaan. 13-vuotias Hannah kuvaa vaikeuttaan \u201dpysy\u00e4 maailmassa\u201d. H\u00e4n kertoo perheens\u00e4 taloudellisista haasteista ja p\u00e4ihdeongelmista. H\u00e4n kuvailee ahdistustaan ja ep\u00e4s\u00e4\u00e4nn\u00f6llist\u00e4 el\u00e4m\u00e4nrytmi\u00e4\u00e4n huono-osaisella asuinalueella: Aamuisin on vaikea p\u00e4\u00e4st\u00e4 s\u00e4ngyst\u00e4 yl\u00f6s. Yrit\u00e4 asettua Hannahin asemaan. Millaisia tulevaisuuden haaveita sinulla olisi? Peruskoulun teht\u00e4v\u00e4n\u00e4 on mahdollistaa monenlaisia tulevaisuuksia [&hellip;]<\/p>\n","protected":false},"author":192,"featured_media":0,"comment_status":"open","ping_status":"closed","sticky":false,"template":"","format":"standard","meta":{"_acf_changed":false,"footnotes":""},"categories":[1514],"tags":[1517,1520,401],"class_list":["post-2714","post","type-post","status-publish","format-standard","hentry","category-heidi-huilla","tag-eriarvoisuus","tag-huono-osaisuus","tag-koulu"],"acf":[],"yoast_head":"<!-- This site is optimized with the Yoast SEO plugin v27.3 - https:\/\/yoast.com\/product\/yoast-seo-wordpress\/ -->\n<title>Koulujen iso haaste: Miten saada eriytyneiden alueiden oppilaat yhdenvertaiseen asemaan? - Puheenvuoroja<\/title>\n<meta name=\"robots\" content=\"index, follow, max-snippet:-1, max-image-preview:large, max-video-preview:-1\" \/>\n<link rel=\"canonical\" href=\"https:\/\/blogs.uef.fi\/puheenvuoroja\/2024\/04\/16\/koulujen-iso-haaste-miten-saada-eriytyneiden-alueiden-oppilaat-yhdenvertaiseen-asemaan\/\" \/>\n<meta property=\"og:locale\" content=\"fi_FI\" \/>\n<meta property=\"og:type\" content=\"article\" \/>\n<meta property=\"og:title\" content=\"Koulujen iso haaste: Miten saada eriytyneiden alueiden oppilaat yhdenvertaiseen asemaan? - Puheenvuoroja\" \/>\n<meta property=\"og:description\" content=\"Haastattelimme 22 yl\u00e4kouluik\u00e4ist\u00e4 nuorta p\u00e4\u00e4kaupunkiseudulla huono-osaisella asuinalueella ja kysyimme heid\u00e4n haaveistaan ja tavoitteistaan. 13-vuotias Hannah kuvaa vaikeuttaan \u201dpysy\u00e4 maailmassa\u201d. H\u00e4n kertoo perheens\u00e4 taloudellisista haasteista ja p\u00e4ihdeongelmista. H\u00e4n kuvailee ahdistustaan ja ep\u00e4s\u00e4\u00e4nn\u00f6llist\u00e4 el\u00e4m\u00e4nrytmi\u00e4\u00e4n huono-osaisella asuinalueella: Aamuisin on vaikea p\u00e4\u00e4st\u00e4 s\u00e4ngyst\u00e4 yl\u00f6s. Yrit\u00e4 asettua Hannahin asemaan. Millaisia tulevaisuuden haaveita sinulla olisi? Peruskoulun teht\u00e4v\u00e4n\u00e4 on mahdollistaa monenlaisia tulevaisuuksia [&hellip;]\" \/>\n<meta property=\"og:url\" content=\"https:\/\/blogs.uef.fi\/puheenvuoroja\/2024\/04\/16\/koulujen-iso-haaste-miten-saada-eriytyneiden-alueiden-oppilaat-yhdenvertaiseen-asemaan\/\" \/>\n<meta property=\"og:site_name\" content=\"Puheenvuoroja\" \/>\n<meta property=\"article:published_time\" content=\"2024-04-16T06:04:05+00:00\" \/>\n<meta property=\"article:modified_time\" content=\"2024-04-16T06:04:06+00:00\" \/>\n<meta name=\"author\" content=\"Viestint\u00e4\" \/>\n<meta name=\"twitter:card\" content=\"summary_large_image\" \/>\n<meta name=\"twitter:label1\" content=\"Kirjoittanut\" \/>\n\t<meta name=\"twitter:data1\" content=\"Viestint\u00e4\" \/>\n\t<meta name=\"twitter:label2\" content=\"Arvioitu lukuaika\" \/>\n\t<meta name=\"twitter:data2\" content=\"5 minuuttia\" \/>\n<script type=\"application\/ld+json\" class=\"yoast-schema-graph\">{\"@context\":\"https:\\\/\\\/schema.org\",\"@graph\":[{\"@type\":\"Article\",\"@id\":\"https:\\\/\\\/blogs.uef.fi\\\/puheenvuoroja\\\/2024\\\/04\\\/16\\\/koulujen-iso-haaste-miten-saada-eriytyneiden-alueiden-oppilaat-yhdenvertaiseen-asemaan\\\/#article\",\"isPartOf\":{\"@id\":\"https:\\\/\\\/blogs.uef.fi\\\/puheenvuoroja\\\/2024\\\/04\\\/16\\\/koulujen-iso-haaste-miten-saada-eriytyneiden-alueiden-oppilaat-yhdenvertaiseen-asemaan\\\/\"},\"author\":{\"name\":\"Viestint\u00e4\",\"@id\":\"https:\\\/\\\/blogs.uef.fi\\\/puheenvuoroja\\\/#\\\/schema\\\/person\\\/e561f7cf950913045543e3bbd3efa957\"},\"headline\":\"Koulujen iso haaste: Miten saada eriytyneiden alueiden oppilaat yhdenvertaiseen asemaan?\",\"datePublished\":\"2024-04-16T06:04:05+00:00\",\"dateModified\":\"2024-04-16T06:04:06+00:00\",\"mainEntityOfPage\":{\"@id\":\"https:\\\/\\\/blogs.uef.fi\\\/puheenvuoroja\\\/2024\\\/04\\\/16\\\/koulujen-iso-haaste-miten-saada-eriytyneiden-alueiden-oppilaat-yhdenvertaiseen-asemaan\\\/\"},\"wordCount\":989,\"commentCount\":0,\"keywords\":[\"eriarvoisuus\",\"huono-osaisuus\",\"koulu\"],\"articleSection\":[\"Heidi Huilla\"],\"inLanguage\":\"fi\",\"potentialAction\":[{\"@type\":\"CommentAction\",\"name\":\"Comment\",\"target\":[\"https:\\\/\\\/blogs.uef.fi\\\/puheenvuoroja\\\/2024\\\/04\\\/16\\\/koulujen-iso-haaste-miten-saada-eriytyneiden-alueiden-oppilaat-yhdenvertaiseen-asemaan\\\/#respond\"]}]},{\"@type\":\"WebPage\",\"@id\":\"https:\\\/\\\/blogs.uef.fi\\\/puheenvuoroja\\\/2024\\\/04\\\/16\\\/koulujen-iso-haaste-miten-saada-eriytyneiden-alueiden-oppilaat-yhdenvertaiseen-asemaan\\\/\",\"url\":\"https:\\\/\\\/blogs.uef.fi\\\/puheenvuoroja\\\/2024\\\/04\\\/16\\\/koulujen-iso-haaste-miten-saada-eriytyneiden-alueiden-oppilaat-yhdenvertaiseen-asemaan\\\/\",\"name\":\"Koulujen iso haaste: Miten saada eriytyneiden alueiden oppilaat yhdenvertaiseen asemaan? - Puheenvuoroja\",\"isPartOf\":{\"@id\":\"https:\\\/\\\/blogs.uef.fi\\\/puheenvuoroja\\\/#website\"},\"datePublished\":\"2024-04-16T06:04:05+00:00\",\"dateModified\":\"2024-04-16T06:04:06+00:00\",\"author\":{\"@id\":\"https:\\\/\\\/blogs.uef.fi\\\/puheenvuoroja\\\/#\\\/schema\\\/person\\\/e561f7cf950913045543e3bbd3efa957\"},\"breadcrumb\":{\"@id\":\"https:\\\/\\\/blogs.uef.fi\\\/puheenvuoroja\\\/2024\\\/04\\\/16\\\/koulujen-iso-haaste-miten-saada-eriytyneiden-alueiden-oppilaat-yhdenvertaiseen-asemaan\\\/#breadcrumb\"},\"inLanguage\":\"fi\",\"potentialAction\":[{\"@type\":\"ReadAction\",\"target\":[\"https:\\\/\\\/blogs.uef.fi\\\/puheenvuoroja\\\/2024\\\/04\\\/16\\\/koulujen-iso-haaste-miten-saada-eriytyneiden-alueiden-oppilaat-yhdenvertaiseen-asemaan\\\/\"]}]},{\"@type\":\"BreadcrumbList\",\"@id\":\"https:\\\/\\\/blogs.uef.fi\\\/puheenvuoroja\\\/2024\\\/04\\\/16\\\/koulujen-iso-haaste-miten-saada-eriytyneiden-alueiden-oppilaat-yhdenvertaiseen-asemaan\\\/#breadcrumb\",\"itemListElement\":[{\"@type\":\"ListItem\",\"position\":1,\"name\":\"Home\",\"item\":\"https:\\\/\\\/blogs.uef.fi\\\/puheenvuoroja\\\/\"},{\"@type\":\"ListItem\",\"position\":2,\"name\":\"Koulujen iso haaste: Miten saada eriytyneiden alueiden oppilaat yhdenvertaiseen asemaan?\"}]},{\"@type\":\"WebSite\",\"@id\":\"https:\\\/\\\/blogs.uef.fi\\\/puheenvuoroja\\\/#website\",\"url\":\"https:\\\/\\\/blogs.uef.fi\\\/puheenvuoroja\\\/\",\"name\":\"Puheenvuoroja\",\"description\":\"\",\"potentialAction\":[{\"@type\":\"SearchAction\",\"target\":{\"@type\":\"EntryPoint\",\"urlTemplate\":\"https:\\\/\\\/blogs.uef.fi\\\/puheenvuoroja\\\/?s={search_term_string}\"},\"query-input\":{\"@type\":\"PropertyValueSpecification\",\"valueRequired\":true,\"valueName\":\"search_term_string\"}}],\"inLanguage\":\"fi\"},{\"@type\":\"Person\",\"@id\":\"https:\\\/\\\/blogs.uef.fi\\\/puheenvuoroja\\\/#\\\/schema\\\/person\\\/e561f7cf950913045543e3bbd3efa957\",\"name\":\"Viestint\u00e4\",\"url\":\"https:\\\/\\\/blogs.uef.fi\\\/puheenvuoroja\\\/author\\\/ristol\\\/\"}]}<\/script>\n<!-- \/ Yoast SEO plugin. -->","yoast_head_json":{"title":"Koulujen iso haaste: Miten saada eriytyneiden alueiden oppilaat yhdenvertaiseen asemaan? - Puheenvuoroja","robots":{"index":"index","follow":"follow","max-snippet":"max-snippet:-1","max-image-preview":"max-image-preview:large","max-video-preview":"max-video-preview:-1"},"canonical":"https:\/\/blogs.uef.fi\/puheenvuoroja\/2024\/04\/16\/koulujen-iso-haaste-miten-saada-eriytyneiden-alueiden-oppilaat-yhdenvertaiseen-asemaan\/","og_locale":"fi_FI","og_type":"article","og_title":"Koulujen iso haaste: Miten saada eriytyneiden alueiden oppilaat yhdenvertaiseen asemaan? - Puheenvuoroja","og_description":"Haastattelimme 22 yl\u00e4kouluik\u00e4ist\u00e4 nuorta p\u00e4\u00e4kaupunkiseudulla huono-osaisella asuinalueella ja kysyimme heid\u00e4n haaveistaan ja tavoitteistaan. 13-vuotias Hannah kuvaa vaikeuttaan \u201dpysy\u00e4 maailmassa\u201d. H\u00e4n kertoo perheens\u00e4 taloudellisista haasteista ja p\u00e4ihdeongelmista. H\u00e4n kuvailee ahdistustaan ja ep\u00e4s\u00e4\u00e4nn\u00f6llist\u00e4 el\u00e4m\u00e4nrytmi\u00e4\u00e4n huono-osaisella asuinalueella: Aamuisin on vaikea p\u00e4\u00e4st\u00e4 s\u00e4ngyst\u00e4 yl\u00f6s. Yrit\u00e4 asettua Hannahin asemaan. Millaisia tulevaisuuden haaveita sinulla olisi? Peruskoulun teht\u00e4v\u00e4n\u00e4 on mahdollistaa monenlaisia tulevaisuuksia [&hellip;]","og_url":"https:\/\/blogs.uef.fi\/puheenvuoroja\/2024\/04\/16\/koulujen-iso-haaste-miten-saada-eriytyneiden-alueiden-oppilaat-yhdenvertaiseen-asemaan\/","og_site_name":"Puheenvuoroja","article_published_time":"2024-04-16T06:04:05+00:00","article_modified_time":"2024-04-16T06:04:06+00:00","author":"Viestint\u00e4","twitter_card":"summary_large_image","twitter_misc":{"Kirjoittanut":"Viestint\u00e4","Arvioitu lukuaika":"5 minuuttia"},"schema":{"@context":"https:\/\/schema.org","@graph":[{"@type":"Article","@id":"https:\/\/blogs.uef.fi\/puheenvuoroja\/2024\/04\/16\/koulujen-iso-haaste-miten-saada-eriytyneiden-alueiden-oppilaat-yhdenvertaiseen-asemaan\/#article","isPartOf":{"@id":"https:\/\/blogs.uef.fi\/puheenvuoroja\/2024\/04\/16\/koulujen-iso-haaste-miten-saada-eriytyneiden-alueiden-oppilaat-yhdenvertaiseen-asemaan\/"},"author":{"name":"Viestint\u00e4","@id":"https:\/\/blogs.uef.fi\/puheenvuoroja\/#\/schema\/person\/e561f7cf950913045543e3bbd3efa957"},"headline":"Koulujen iso haaste: Miten saada eriytyneiden alueiden oppilaat yhdenvertaiseen asemaan?","datePublished":"2024-04-16T06:04:05+00:00","dateModified":"2024-04-16T06:04:06+00:00","mainEntityOfPage":{"@id":"https:\/\/blogs.uef.fi\/puheenvuoroja\/2024\/04\/16\/koulujen-iso-haaste-miten-saada-eriytyneiden-alueiden-oppilaat-yhdenvertaiseen-asemaan\/"},"wordCount":989,"commentCount":0,"keywords":["eriarvoisuus","huono-osaisuus","koulu"],"articleSection":["Heidi Huilla"],"inLanguage":"fi","potentialAction":[{"@type":"CommentAction","name":"Comment","target":["https:\/\/blogs.uef.fi\/puheenvuoroja\/2024\/04\/16\/koulujen-iso-haaste-miten-saada-eriytyneiden-alueiden-oppilaat-yhdenvertaiseen-asemaan\/#respond"]}]},{"@type":"WebPage","@id":"https:\/\/blogs.uef.fi\/puheenvuoroja\/2024\/04\/16\/koulujen-iso-haaste-miten-saada-eriytyneiden-alueiden-oppilaat-yhdenvertaiseen-asemaan\/","url":"https:\/\/blogs.uef.fi\/puheenvuoroja\/2024\/04\/16\/koulujen-iso-haaste-miten-saada-eriytyneiden-alueiden-oppilaat-yhdenvertaiseen-asemaan\/","name":"Koulujen iso haaste: Miten saada eriytyneiden alueiden oppilaat yhdenvertaiseen asemaan? - Puheenvuoroja","isPartOf":{"@id":"https:\/\/blogs.uef.fi\/puheenvuoroja\/#website"},"datePublished":"2024-04-16T06:04:05+00:00","dateModified":"2024-04-16T06:04:06+00:00","author":{"@id":"https:\/\/blogs.uef.fi\/puheenvuoroja\/#\/schema\/person\/e561f7cf950913045543e3bbd3efa957"},"breadcrumb":{"@id":"https:\/\/blogs.uef.fi\/puheenvuoroja\/2024\/04\/16\/koulujen-iso-haaste-miten-saada-eriytyneiden-alueiden-oppilaat-yhdenvertaiseen-asemaan\/#breadcrumb"},"inLanguage":"fi","potentialAction":[{"@type":"ReadAction","target":["https:\/\/blogs.uef.fi\/puheenvuoroja\/2024\/04\/16\/koulujen-iso-haaste-miten-saada-eriytyneiden-alueiden-oppilaat-yhdenvertaiseen-asemaan\/"]}]},{"@type":"BreadcrumbList","@id":"https:\/\/blogs.uef.fi\/puheenvuoroja\/2024\/04\/16\/koulujen-iso-haaste-miten-saada-eriytyneiden-alueiden-oppilaat-yhdenvertaiseen-asemaan\/#breadcrumb","itemListElement":[{"@type":"ListItem","position":1,"name":"Home","item":"https:\/\/blogs.uef.fi\/puheenvuoroja\/"},{"@type":"ListItem","position":2,"name":"Koulujen iso haaste: Miten saada eriytyneiden alueiden oppilaat yhdenvertaiseen asemaan?"}]},{"@type":"WebSite","@id":"https:\/\/blogs.uef.fi\/puheenvuoroja\/#website","url":"https:\/\/blogs.uef.fi\/puheenvuoroja\/","name":"Puheenvuoroja","description":"","potentialAction":[{"@type":"SearchAction","target":{"@type":"EntryPoint","urlTemplate":"https:\/\/blogs.uef.fi\/puheenvuoroja\/?s={search_term_string}"},"query-input":{"@type":"PropertyValueSpecification","valueRequired":true,"valueName":"search_term_string"}}],"inLanguage":"fi"},{"@type":"Person","@id":"https:\/\/blogs.uef.fi\/puheenvuoroja\/#\/schema\/person\/e561f7cf950913045543e3bbd3efa957","name":"Viestint\u00e4","url":"https:\/\/blogs.uef.fi\/puheenvuoroja\/author\/ristol\/"}]}},"_links":{"self":[{"href":"https:\/\/blogs.uef.fi\/puheenvuoroja\/wp-json\/wp\/v2\/posts\/2714","targetHints":{"allow":["GET"]}}],"collection":[{"href":"https:\/\/blogs.uef.fi\/puheenvuoroja\/wp-json\/wp\/v2\/posts"}],"about":[{"href":"https:\/\/blogs.uef.fi\/puheenvuoroja\/wp-json\/wp\/v2\/types\/post"}],"author":[{"embeddable":true,"href":"https:\/\/blogs.uef.fi\/puheenvuoroja\/wp-json\/wp\/v2\/users\/192"}],"replies":[{"embeddable":true,"href":"https:\/\/blogs.uef.fi\/puheenvuoroja\/wp-json\/wp\/v2\/comments?post=2714"}],"version-history":[{"count":1,"href":"https:\/\/blogs.uef.fi\/puheenvuoroja\/wp-json\/wp\/v2\/posts\/2714\/revisions"}],"predecessor-version":[{"id":2717,"href":"https:\/\/blogs.uef.fi\/puheenvuoroja\/wp-json\/wp\/v2\/posts\/2714\/revisions\/2717"}],"wp:attachment":[{"href":"https:\/\/blogs.uef.fi\/puheenvuoroja\/wp-json\/wp\/v2\/media?parent=2714"}],"wp:term":[{"taxonomy":"category","embeddable":true,"href":"https:\/\/blogs.uef.fi\/puheenvuoroja\/wp-json\/wp\/v2\/categories?post=2714"},{"taxonomy":"post_tag","embeddable":true,"href":"https:\/\/blogs.uef.fi\/puheenvuoroja\/wp-json\/wp\/v2\/tags?post=2714"}],"curies":[{"name":"wp","href":"https:\/\/api.w.org\/{rel}","templated":true}]}}