{"id":2129,"date":"2023-10-06T07:51:03","date_gmt":"2023-10-06T04:51:03","guid":{"rendered":"https:\/\/blogs.uef.fi\/puheenvuoroja\/?p=2129"},"modified":"2025-05-12T15:31:44","modified_gmt":"2025-05-12T12:31:44","slug":"vihrea-siirtyma-ei-onnistu-ilman-konfliktien-ennakointia-ja-hallintaa","status":"publish","type":"post","link":"https:\/\/blogs.uef.fi\/puheenvuoroja\/2023\/10\/06\/vihrea-siirtyma-ei-onnistu-ilman-konfliktien-ennakointia-ja-hallintaa\/","title":{"rendered":"Vihre\u00e4 siirtym\u00e4 ei onnistu ilman konfliktien ennakointia ja hallintaa"},"content":{"rendered":"\n<p>Vihre\u00e4 siirtym\u00e4 nousi EU-politiikan avaink\u00e4sitteeksi vuonna 2019 lanseeratun EU:n Green Deal -strategian my\u00f6t\u00e4. Strategia tavoittelee hiilineutraalisuutta 2050 menness\u00e4 ja 55 prosentin p\u00e4\u00e4st\u00f6v\u00e4hennyksi\u00e4 2030 menness\u00e4.<\/p>\n\n\n\n<p>Suomessa vihre\u00e4 siirtym\u00e4 n\u00e4hd\u00e4\u00e4n paitsi polkuna ilmastonmuutoksen hillint\u00e4\u00e4n, my\u00f6s yh\u00e4 selvemmin uudenlaisena kasvustrategiana.<\/p>\n\n\n\n<p>Siirtym\u00e4n vauhdissa kuitenkin unohtuu helposti, ett\u00e4 kyse ei ole vain uusien energiateknologioiden voitonmarssista. Olemme keskell\u00e4 laajempaa yhteiskunnallista muutosta monine seurauksineen ja ristiriitoineen.<\/p>\n\n\n\n<p>Ilman vaikutusten varhaista tunnistamista, riste\u00e4vien tavoitteiden yhteensovittamista ja konfliktien ennakointia siirtym\u00e4n vauhti voi hyyty\u00e4.<\/p>\n\n\n\n<h2 class=\"wp-block-heading\">Muutos vaikuttaa v\u00e4est\u00f6n, talouden ja alueiden kehitykseen<\/h2>\n\n\n\n<p>Tutkijat ovat pitk\u00e4\u00e4n tarkastelleet kest\u00e4vyyssiirtymi\u00e4 sosioteknisin\u00e4 ja systeemisin\u00e4 muutosprosesseina. Ajatuksena on, ett\u00e4 kest\u00e4v\u00e4n teknologian kehitys, markkinat ja innovaatiot kietoutuvat historiaan, yhteiskunnan arvostuksiin ja instituutioiden toimintaan.<\/p>\n\n\n\n<p><a href=\"https:\/\/www.sciencedirect.com\/science\/article\/abs\/pii\/S2210422418303332\">Kest\u00e4vyysmurrosten tutkijat<\/a> kutsuvat siirtym\u00e4n yhteiskunnallista tarkastelukehyst\u00e4 maisemaksi. Kymmenen viime vuoden aikana ilmastonmuutoksen hillitsemisest\u00e4 on muodostunut muutoksen maisema, \u201cuusi normaali\u201d, joka nyt kannattelee vihre\u00e4\u00e4 siirtym\u00e4\u00e4.<\/p>\n\n\n\n<p>Uudessa maisemassa sek\u00e4 innovaatiot ett\u00e4 instituutiot k\u00e4\u00e4ntyv\u00e4t uuteen suuntaan. Vihre\u00e4 siirtym\u00e4 ei ole vain teknologinen siirtym\u00e4 fossiilisista uusiutuviin energianl\u00e4hteisiin. Kyse on yhteiskunnallisesta muutoksesta, joka vaikuttaa eri tavoin eri v\u00e4est\u00f6ryhmiin, talouden toimialoihin, alueisiin ja niiden kehitykseen.<\/p>\n\n\n\n<p>Yll\u00e4tt\u00e4en jopa talouskasvun tavoite on ripustettu ilmastotavoitteisiin.<\/p>\n\n\n\n<p>Muiden yhteiskunnallisten muutosten tavoin vihre\u00e4 siirtym\u00e4 muuttaa valta-asetelmia ja siirtelee resursseja. Se synnytt\u00e4\u00e4 hy\u00f6tyj\u00e4 ja haittoja, jotka eiv\u00e4t jakaudu tasan, vaan muodostavat jakolinjoja \u201cvoittajiin ja h\u00e4vi\u00e4jiin\u201d.<\/p>\n\n\n\n<p>J\u00e4nnitteit\u00e4 ja konflikteja syntyy, vaikka siirtym\u00e4 toteutuessaan kasvattaisikin ihmisen ja luonnon hyvinvointia. Siirtym\u00e4 tuo mukanaan paitsi toivoa, my\u00f6s ep\u00e4varmuutta, kipuilua, kilpailua ja kiistoja.<\/p>\n\n\n\n<p>Taustalla on politiikan peruskysymys: kuka saa mit\u00e4, milloin ja miten?<\/p>\n\n\n\n<h2 class=\"wp-block-heading\">Elokapina ja EK yhteisell\u00e4 asialla<\/h2>\n\n\n\n<p>Vihre\u00e4n siirtym\u00e4n ristiriidat ja konfliktit ilmenev\u00e4t kahdella eri rintamalla. Ne kytkeytyv\u00e4t sek\u00e4 fossiilienergian alasajoon ett\u00e4 uusiutuvan energian kasvuun.<\/p>\n\n\n\n<p>Esimerkkej\u00e4 fossiilienergian konflikteista ovat mielenosoittajien marssit Saksan hiilikaivosten laajentamista vastaan, tai kun suomalaiset ilmastoaktivistit tukkivat Helsinki-Vantaan lentokent\u00e4n terminaalin muistuttaakseen matkustajia lent\u00e4misen ilmastovaikutuksista.<\/p>\n\n\n\n<p>Samaan aikaan uudet energiahankkeet, kuten tuulivoimalat ja s\u00e4hk\u00f6n siirtolinjat, aiheuttavat omia paikallisia konfliktejaan.<\/p>\n\n\n\n<p>Elokapina ja Elinkeinoel\u00e4m\u00e4n keskusliitto ovat tavallaan yhteisell\u00e4 asialla: ensimm\u00e4inen yritt\u00e4\u00e4 pys\u00e4ytt\u00e4\u00e4 fossiilisten polttamisen, toinen sujuvoittaa uusiutuvan energian voittokulkua.<\/p>\n\n\n\n<p>Vihre\u00e4n energian ratkaisujen edist\u00e4minen ja niiden vaikutukset voivat olla ristiriidassa kesken\u00e4\u00e4n.<\/p>\n\n\n\n<p>Esimerkiksi tuuli- ja aurinkovoimaloiden alta voidaan raivata mets\u00e4\u00e4 virkistys- ja maisema-arvoineen, eli\u00f6lajeineen ja hiilinieluineen. Vaikka ilmastonmuutoksen hillint\u00e4 on globaalissa mittakaavassa hyv\u00e4ksi luonnolle, voivat paikalliset ilmasto- ja energiahankkeet olla sille haitaksi.<\/p>\n\n\n\n<h2 class=\"wp-block-heading\">Paikallisten tarpeita kannattaa kuunnella<\/h2>\n\n\n\n<p>Kilpailevat maank\u00e4yt\u00f6n muodot ja maank\u00e4yt\u00f6n konfliktit ovat muodostumassa merkitt\u00e4v\u00e4ksi vihre\u00e4n siirtym\u00e4n haasteeksi. Puhtaan energian hankkeet tarvitsevat tilaa, ja tilan l\u00f6yt\u00e4minen k\u00e4y yh\u00e4 vaikeammaksi. Merituulivoiman kehitys on helppo n\u00e4hd\u00e4 yhten\u00e4 vastauksena maank\u00e4yt\u00f6n ongelmiin.<\/p>\n\n\n\n<p>Vihre\u00e4n siirtym\u00e4n hankkeissa on jotain samaa kuin yleishy\u00f6dyllisten laitosten ja infrarakentamisen konflikteissa. Yleinen hy\u00f6dyllisyys ymm\u00e4rret\u00e4\u00e4n isossa kuvassa, mutta hankkeiden sijoittelu paikallisine vaikutuksineen ja riskeineen muodostuu kiistakysymykseksi.<\/p>\n\n\n\n<p>Vihre\u00e4n siirtym\u00e4n yl\u00e4tasolla huomio kiinnittyy suureen kuvaan. Siin\u00e4 edistet\u00e4\u00e4n puhdasta ja p\u00e4\u00e4st\u00f6t\u00f6nt\u00e4 tulevaisuutta tai Suomen asemaa vihre\u00e4n siirtym\u00e4n kilpajuoksussa.<\/p>\n\n\n\n<p>Paikallisesti siirtym\u00e4 ilmenee konkreettisina hankkeina hy\u00f6tyineen ja haittoineen, kuten kunnan ja maanomistajien uusina vero- ja vuokratuloina sek\u00e4 maank\u00e4yt\u00f6n ja maiseman muutoksina vaikutuksineen. Paikallisia konflikteja on usein nimitetty nimby- eli ei meid\u00e4n takapihallemme! -kiistoiksi.<\/p>\n\n\n\n<p>Maank\u00e4yt\u00f6n ja ymp\u00e4rist\u00f6konfliktien tutkijat ovat kuitenkin hyl\u00e4nneet t\u00e4m\u00e4n termin kauan sitten. Se leimaa paikalliset, sivuuttaa heid\u00e4n huolenaiheensa ja lukee konfliktin asukkaiden uppiniskaisuuden syyksi. Nimby-nimittely pikemminkin vaikeuttaa konflikteja kuin auttaa ymm\u00e4rt\u00e4m\u00e4\u00e4n vastustuksen syit\u00e4.<\/p>\n\n\n\n<p>Kiistojen k\u00e4sittelyyn tarvitaankin leimaavien stereotypioiden sijaan osaamista ja laadukkaita prosesseja.<\/p>\n\n\n\n<p>Tuulivoiman hyv\u00e4ksytt\u00e4vyyden osatekij\u00f6in\u00e4 aihepiirin <a href=\"https:\/\/publications.jrc.ec.europa.eu\/repository\/handle\/JRC103743\">tutkimuksessa toistuvat<\/a><\/p>\n\n\n\n<ul class=\"wp-block-list\">\n<li>hankkeiden paikalliset hy\u00f6dyt ja haittojen minimointi<\/li>\n\n\n\n<li>paikallisen yhteis\u00f6n kunnioittava kohtaaminen ja tiivis vuorovaikutus<\/li>\n\n\n\n<li>tietoon perustuva vaikutusten arviointi.<\/li>\n<\/ul>\n\n\n\n<p>Hankkeen hyv\u00e4ksytt\u00e4vyyden ja vihre\u00e4n siirtym\u00e4n uskottavuuden kannalta on parempi, ett\u00e4 maanomistajien ja kunnan kiinnostus rakentuvat paikallisesti, kuin ett\u00e4 energiayhti\u00f6n projektip\u00e4\u00e4llikk\u00f6 puskee hanketta keinolla mill\u00e4 hyv\u00e4ns\u00e4.<\/p>\n\n\n\n<h2 class=\"wp-block-heading\">Kuntien p\u00e4\u00e4t\u00f6ksenteko koetuksella<\/h2>\n\n\n\n<p>Vihre\u00e4n siirtym\u00e4n politiikkatason ja paikallisen tason kuilua syvent\u00e4\u00e4 <a href=\"https:\/\/ec.europa.eu\/commission\/presscorner\/detail\/en\/ip_23_510\">EU:n tavoitteenasettelu<\/a>. Siin\u00e4 hiilineutraalin teollisuuden laajentaminen n\u00e4hd\u00e4\u00e4n koko Euroopan yhteisen\u00e4 etuna, jota halutaan vauhdittaa uusilla rahoitusinstrumenteilla ja s\u00e4\u00e4ntely\u00e4 sujuvoittamalla.<\/p>\n\n\n\n<p>Kysymys Euroopan keskus-periferia-akselista on viime aikoina noussut puheenaiheeksi erityisesti kaivoskysymyksiss\u00e4. Huomiota her\u00e4tt\u00e4nyt esimerkiksi on <a href=\"https:\/\/link.springer.com\/article\/10.1007\/s13563-023-00394-y\">EU:n kriittisten materiaalien asetus (CRMA)<\/a>, joka pyrkii nopeuttamaan kriittisten mineraalien hy\u00f6dynt\u00e4mist\u00e4 j\u00e4senmaiden strategisina hankkeina.<\/p>\n\n\n\n<p>J\u00e4nnite kunnianhimoisten tavoitteiden ja paikallisyhteis\u00f6jen tarpeiden ja oikeuksien v\u00e4lill\u00e4 voi viel\u00e4 kasvaa. Odotettavissa on keskustelua siit\u00e4, millaisia mahdollisuuksia paikallisyhteis\u00f6ill\u00e4 on vaikuttaa vihre\u00e4n siirtym\u00e4n hankkeisiin ja miten t\u00e4t\u00e4 valtaa pit\u00e4isi k\u00e4ytt\u00e4\u00e4.<\/p>\n\n\n\n<p>Suomessa kuntien p\u00e4\u00e4t\u00f6ksenteko ja maank\u00e4yt\u00f6n suunnittelu ovat t\u00e4ss\u00e4 avainasemassa. Hankkeet voivat jakaa paikallisyhteis\u00f6j\u00e4 hankkeen vastustajiin ja puolustajiin. Kunnat voivat silloin pys\u00e4ytt\u00e4\u00e4 hankkeita s\u00e4ilytt\u00e4\u00e4kseen rauhan kuntalaisten v\u00e4lill\u00e4.<\/p>\n\n\n\n<h2 class=\"wp-block-heading\">Oikeudenmukaisuus avain konfliktien ennakointiin<\/h2>\n\n\n\n<p>EU on nostanut oikeudenmukaisuuden vihre\u00e4n siirtym\u00e4n hyv\u00e4ksytt\u00e4vyystavoitteeksi. Green Deal -strategiaan on rakennettu oikeudenmukaisen siirtym\u00e4n mekanismi, joka tarjoaa miljardien eurojen tukia siihen.<\/p>\n\n\n\n<p>Ammattiyhdistysaktiivien alun perin muotoileman ja 1990-luvulla vakiintuneen <a href=\"https:\/\/www.sciencedirect.com\/science\/article\/abs\/pii\/S2214629621003832\">oikeudenmukaisen siirtym\u00e4n k\u00e4sitteen<\/a> pyrkimyksen\u00e4 on varmistaa, ett\u00e4 ty\u00f6ntekij\u00f6iden asema tunnistetaan, ket\u00e4\u00e4n ei j\u00e4tet\u00e4 j\u00e4lkeen, ja ett\u00e4 siirtym\u00e4n hy\u00f6dyt jakautuvat reilusti.<\/p>\n\n\n\n<p>K\u00e4site on sittemmin sis\u00e4llytetty <a href=\"https:\/\/ym.fi\/pariisin-ilmastosopimus\">Pariisin ilmastosopimukseen vuodelta 2015<\/a>. N\u00e4in se kytkeytyy kansainv\u00e4lisen ilmastopolitiikan periaatteisiin. Viime vuosina oikeudenmukaisen siirtym\u00e4n tutkimus on kasvanut voimakkaasti.<\/p>\n\n\n\n<p>Tutkijat ovat nostaneet esiin <a href=\"https:\/\/www.tandfonline.com\/doi\/abs\/10.1080\/09644016.2019.1595883\">kolme oikeudenmukaisen siirtym\u00e4n j\u00e4nnitett\u00e4<\/a>:<\/p>\n\n\n\n<ul class=\"wp-block-list\">\n<li>Ristiriita siirtym\u00e4n nopeuden ja sen inklusiivisuuden v\u00e4lill\u00e4. Mit\u00e4 nopeammin siirtym\u00e4 etenee, sen todenn\u00e4k\u00f6isemmin kaikki ryhm\u00e4t eiv\u00e4t pysy mukana eiv\u00e4tk\u00e4 saa \u00e4\u00e4nt\u00e4\u00e4n kuuluviin.<\/li>\n\n\n\n<li>Konfliktit siirtym\u00e4n tavoitteiden sek\u00e4 erilaisten arvol\u00e4ht\u00f6kohtien ja oikeuksien tunnustamisen v\u00e4lill\u00e4. Esimerkiksi energiahankkeiden t\u00f6rm\u00e4ys alkuper\u00e4iskansojen oikeuksiin saamelaisten kotiseutualueella.<\/li>\n\n\n\n<li>Ristiriita ilmastotavoitteiden ja niist\u00e4 syntyvien hy\u00f6tyjen ja haittojen tasapuolisen jakautumisen v\u00e4lill\u00e4. Jakolinjoja voi ilmet\u00e4 kansainv\u00e4lisell\u00e4 tai kansallisella tasolla. Voiko tuulivoiman kasautuminen L\u00e4nsi-Suomeen johtaa siihen, ett\u00e4 muutkin vihre\u00e4n siirtym\u00e4n investoinnit, ty\u00f6paikat ja aluetalouden hy\u00f6dyt seuraavat per\u00e4ss\u00e4?<\/li>\n<\/ul>\n\n\n\n<p>Konfliktien ennakointia ja hallintaa tarvitaan sek\u00e4 politiikan ja yhteiskunnallisten tavoitteiden ett\u00e4 paikallisella, vihre\u00e4n siirtym\u00e4n hankkeiden tasolla.<\/p>\n\n\n\n<p>Politiikkatasolla siirtym\u00e4n oikeudenmukaisuus on itsess\u00e4\u00e4n t\u00e4rke\u00e4 konfliktien hallintaa tukeva yhteiskunnallinen tavoite. On t\u00e4rke\u00e4\u00e4, ettei kuilu siirtym\u00e4n voittajien ja h\u00e4vi\u00e4jien v\u00e4lill\u00e4 repe\u00e4 liian suureksi.<\/p>\n\n\n\n<p>Oikeudenmukaisten menettelytapojen vaatimus puolestaan koskee kaikkia suunnittelun ja p\u00e4\u00e4t\u00f6ksenteon prosesseja, joilla vihre\u00e4n siirtym\u00e4n hankkeet etenev\u00e4t ideasta toteutukseen. Miten varmistetaan kansalaisten ja sidosryhmien reilu kuuleminen ja vaikutusmahdollisuudet?<\/p>\n\n\n\n<h2 class=\"wp-block-heading\">Jokainen hanke parantaa tai huonontaa vihre\u00e4n siirtym\u00e4n mainetta<\/h2>\n\n\n\n<p>Siirtym\u00e4n oikeudenmukaisuus ei voi olla vain kaunis tavoite. Se edellytt\u00e4\u00e4 my\u00f6s konkreettisia tekoja ja toimintatapoja.<\/p>\n\n\n\n<p>Vihre\u00e4n siirtym\u00e4n strategia ja sen k\u00e4yt\u00e4nn\u00f6n toimeenpano kietoutuvat toisiinsa. Mik\u00e4li siirtym\u00e4 n\u00e4hd\u00e4\u00e4n legitiimin\u00e4 poliittisena tavoitteena, on my\u00f6s paikallisia hankkeita vaikutuksineen helpompi tukea.<\/p>\n\n\n\n<p>Toisaalta yksitt\u00e4iset hankkeet voivat vaikutuksistaan ja prosesseistaan riippuen joko kasvattaa tai nakertaa siirtym\u00e4n hyv\u00e4ksytt\u00e4vyytt\u00e4, puhtautta ja vihreytt\u00e4. Jokainen hanke, jota vihre\u00e4n siirtym\u00e4n nimiss\u00e4 edistet\u00e4\u00e4n, vaikuttaa osaltaan vihre\u00e4n siirtym\u00e4n maineeseen.<\/p>\n\n\n\n<p>Yhteiskunnallinen hyv\u00e4ksytt\u00e4vyys on siirtym\u00e4n yksi toimintaedellytys. Erilaiset ristiriidat ja kiistat tulevat toimimaan vihre\u00e4n siirtym\u00e4n \u201cstressitestein\u00e4\u201d: Miten siirtym\u00e4n vihreys ja oikeudenmukaisuus varmistetaan? Miten siirtym\u00e4n uskottavuus ja liikevoima kest\u00e4\u00e4?<\/p>\n\n\n\n<p>Investointien ja hankekehityksen ohella vihre\u00e4\u00e4 siirtym\u00e4\u00e4 pit\u00e4isi pysty\u00e4 seuraamaan avoimesti paitsi ilmastovaikutusten my\u00f6s muiden vaikutusten, mahdollisten ristiriitojen ja konfliktien sek\u00e4 oikeudenmukaisuuden n\u00e4k\u00f6kulmista.<\/p>\n\n\n\n<p><strong>Lasse Peltonen<\/strong><br>Ymp\u00e4rist\u00f6konfliktien hallinnan professori<br>Historia- ja maantieteiden laitos, It\u00e4-Suomen yliopisto<\/p>\n\n\n\n<p><a href=\"https:\/\/www.mustread.fi\/artikkelit\/vihrea-siirtyma-ei-onnistu-ilman-konfliktien-ennakointia-ja-hallintaa\/\">Kirjoitus on julkaistu alunperin MustRead Akatemia -verkkopalvelussa.<\/a><\/p>\n","protected":false},"excerpt":{"rendered":"<p>Vihre\u00e4 siirtym\u00e4 nousi EU-politiikan avaink\u00e4sitteeksi vuonna 2019 lanseeratun EU:n Green Deal -strategian my\u00f6t\u00e4. Strategia tavoittelee hiilineutraalisuutta 2050 menness\u00e4 ja 55 prosentin p\u00e4\u00e4st\u00f6v\u00e4hennyksi\u00e4 2030 menness\u00e4. Suomessa vihre\u00e4 siirtym\u00e4 n\u00e4hd\u00e4\u00e4n paitsi polkuna ilmastonmuutoksen hillint\u00e4\u00e4n, my\u00f6s yh\u00e4 selvemmin uudenlaisena kasvustrategiana. Siirtym\u00e4n vauhdissa kuitenkin unohtuu helposti, ett\u00e4 kyse ei ole vain uusien energiateknologioiden voitonmarssista. Olemme keskell\u00e4 laajempaa yhteiskunnallista muutosta [&hellip;]<\/p>\n","protected":false},"author":192,"featured_media":0,"comment_status":"open","ping_status":"closed","sticky":false,"template":"","format":"standard","meta":{"_acf_changed":false,"footnotes":""},"categories":[1361],"tags":[1367,1364,1037],"class_list":["post-2129","post","type-post","status-publish","format-standard","hentry","category-lasse-peltonen","tag-vihrea-siirtyma","tag-ymparistokonfliktit","tag-ymparistopolitiikka"],"acf":[],"yoast_head":"<!-- This site is optimized with the Yoast SEO plugin v27.3 - https:\/\/yoast.com\/product\/yoast-seo-wordpress\/ -->\n<title>Vihre\u00e4 siirtym\u00e4 ei onnistu ilman konfliktien ennakointia ja hallintaa - Puheenvuoroja<\/title>\n<meta name=\"robots\" content=\"index, follow, max-snippet:-1, max-image-preview:large, max-video-preview:-1\" \/>\n<link rel=\"canonical\" href=\"https:\/\/blogs.uef.fi\/puheenvuoroja\/2023\/10\/06\/vihrea-siirtyma-ei-onnistu-ilman-konfliktien-ennakointia-ja-hallintaa\/\" \/>\n<meta property=\"og:locale\" content=\"fi_FI\" \/>\n<meta property=\"og:type\" content=\"article\" \/>\n<meta property=\"og:title\" content=\"Vihre\u00e4 siirtym\u00e4 ei onnistu ilman konfliktien ennakointia ja hallintaa - Puheenvuoroja\" \/>\n<meta property=\"og:description\" content=\"Vihre\u00e4 siirtym\u00e4 nousi EU-politiikan avaink\u00e4sitteeksi vuonna 2019 lanseeratun EU:n Green Deal -strategian my\u00f6t\u00e4. Strategia tavoittelee hiilineutraalisuutta 2050 menness\u00e4 ja 55 prosentin p\u00e4\u00e4st\u00f6v\u00e4hennyksi\u00e4 2030 menness\u00e4. Suomessa vihre\u00e4 siirtym\u00e4 n\u00e4hd\u00e4\u00e4n paitsi polkuna ilmastonmuutoksen hillint\u00e4\u00e4n, my\u00f6s yh\u00e4 selvemmin uudenlaisena kasvustrategiana. Siirtym\u00e4n vauhdissa kuitenkin unohtuu helposti, ett\u00e4 kyse ei ole vain uusien energiateknologioiden voitonmarssista. Olemme keskell\u00e4 laajempaa yhteiskunnallista muutosta [&hellip;]\" \/>\n<meta property=\"og:url\" content=\"https:\/\/blogs.uef.fi\/puheenvuoroja\/2023\/10\/06\/vihrea-siirtyma-ei-onnistu-ilman-konfliktien-ennakointia-ja-hallintaa\/\" \/>\n<meta property=\"og:site_name\" content=\"Puheenvuoroja\" \/>\n<meta property=\"article:published_time\" content=\"2023-10-06T04:51:03+00:00\" \/>\n<meta property=\"article:modified_time\" content=\"2025-05-12T12:31:44+00:00\" \/>\n<meta name=\"author\" content=\"Viestint\u00e4\" \/>\n<meta name=\"twitter:card\" content=\"summary_large_image\" \/>\n<meta name=\"twitter:label1\" content=\"Kirjoittanut\" \/>\n\t<meta name=\"twitter:data1\" content=\"Viestint\u00e4\" \/>\n\t<meta name=\"twitter:label2\" content=\"Arvioitu lukuaika\" \/>\n\t<meta name=\"twitter:data2\" content=\"7 minuuttia\" \/>\n<script type=\"application\/ld+json\" class=\"yoast-schema-graph\">{\"@context\":\"https:\\\/\\\/schema.org\",\"@graph\":[{\"@type\":\"Article\",\"@id\":\"https:\\\/\\\/blogs.uef.fi\\\/puheenvuoroja\\\/2023\\\/10\\\/06\\\/vihrea-siirtyma-ei-onnistu-ilman-konfliktien-ennakointia-ja-hallintaa\\\/#article\",\"isPartOf\":{\"@id\":\"https:\\\/\\\/blogs.uef.fi\\\/puheenvuoroja\\\/2023\\\/10\\\/06\\\/vihrea-siirtyma-ei-onnistu-ilman-konfliktien-ennakointia-ja-hallintaa\\\/\"},\"author\":{\"name\":\"Viestint\u00e4\",\"@id\":\"https:\\\/\\\/blogs.uef.fi\\\/puheenvuoroja\\\/#\\\/schema\\\/person\\\/e561f7cf950913045543e3bbd3efa957\"},\"headline\":\"Vihre\u00e4 siirtym\u00e4 ei onnistu ilman konfliktien ennakointia ja hallintaa\",\"datePublished\":\"2023-10-06T04:51:03+00:00\",\"dateModified\":\"2025-05-12T12:31:44+00:00\",\"mainEntityOfPage\":{\"@id\":\"https:\\\/\\\/blogs.uef.fi\\\/puheenvuoroja\\\/2023\\\/10\\\/06\\\/vihrea-siirtyma-ei-onnistu-ilman-konfliktien-ennakointia-ja-hallintaa\\\/\"},\"wordCount\":1268,\"commentCount\":0,\"keywords\":[\"vihre\u00e4 siirtym\u00e4\",\"ymp\u00e4rist\u00f6konfliktit\",\"ymp\u00e4rist\u00f6politiikka\"],\"articleSection\":[\"Lasse Peltonen\"],\"inLanguage\":\"fi\",\"potentialAction\":[{\"@type\":\"CommentAction\",\"name\":\"Comment\",\"target\":[\"https:\\\/\\\/blogs.uef.fi\\\/puheenvuoroja\\\/2023\\\/10\\\/06\\\/vihrea-siirtyma-ei-onnistu-ilman-konfliktien-ennakointia-ja-hallintaa\\\/#respond\"]}]},{\"@type\":\"WebPage\",\"@id\":\"https:\\\/\\\/blogs.uef.fi\\\/puheenvuoroja\\\/2023\\\/10\\\/06\\\/vihrea-siirtyma-ei-onnistu-ilman-konfliktien-ennakointia-ja-hallintaa\\\/\",\"url\":\"https:\\\/\\\/blogs.uef.fi\\\/puheenvuoroja\\\/2023\\\/10\\\/06\\\/vihrea-siirtyma-ei-onnistu-ilman-konfliktien-ennakointia-ja-hallintaa\\\/\",\"name\":\"Vihre\u00e4 siirtym\u00e4 ei onnistu ilman konfliktien ennakointia ja hallintaa - Puheenvuoroja\",\"isPartOf\":{\"@id\":\"https:\\\/\\\/blogs.uef.fi\\\/puheenvuoroja\\\/#website\"},\"datePublished\":\"2023-10-06T04:51:03+00:00\",\"dateModified\":\"2025-05-12T12:31:44+00:00\",\"author\":{\"@id\":\"https:\\\/\\\/blogs.uef.fi\\\/puheenvuoroja\\\/#\\\/schema\\\/person\\\/e561f7cf950913045543e3bbd3efa957\"},\"breadcrumb\":{\"@id\":\"https:\\\/\\\/blogs.uef.fi\\\/puheenvuoroja\\\/2023\\\/10\\\/06\\\/vihrea-siirtyma-ei-onnistu-ilman-konfliktien-ennakointia-ja-hallintaa\\\/#breadcrumb\"},\"inLanguage\":\"fi\",\"potentialAction\":[{\"@type\":\"ReadAction\",\"target\":[\"https:\\\/\\\/blogs.uef.fi\\\/puheenvuoroja\\\/2023\\\/10\\\/06\\\/vihrea-siirtyma-ei-onnistu-ilman-konfliktien-ennakointia-ja-hallintaa\\\/\"]}]},{\"@type\":\"BreadcrumbList\",\"@id\":\"https:\\\/\\\/blogs.uef.fi\\\/puheenvuoroja\\\/2023\\\/10\\\/06\\\/vihrea-siirtyma-ei-onnistu-ilman-konfliktien-ennakointia-ja-hallintaa\\\/#breadcrumb\",\"itemListElement\":[{\"@type\":\"ListItem\",\"position\":1,\"name\":\"Home\",\"item\":\"https:\\\/\\\/blogs.uef.fi\\\/puheenvuoroja\\\/\"},{\"@type\":\"ListItem\",\"position\":2,\"name\":\"Vihre\u00e4 siirtym\u00e4 ei onnistu ilman konfliktien ennakointia ja hallintaa\"}]},{\"@type\":\"WebSite\",\"@id\":\"https:\\\/\\\/blogs.uef.fi\\\/puheenvuoroja\\\/#website\",\"url\":\"https:\\\/\\\/blogs.uef.fi\\\/puheenvuoroja\\\/\",\"name\":\"Puheenvuoroja\",\"description\":\"\",\"potentialAction\":[{\"@type\":\"SearchAction\",\"target\":{\"@type\":\"EntryPoint\",\"urlTemplate\":\"https:\\\/\\\/blogs.uef.fi\\\/puheenvuoroja\\\/?s={search_term_string}\"},\"query-input\":{\"@type\":\"PropertyValueSpecification\",\"valueRequired\":true,\"valueName\":\"search_term_string\"}}],\"inLanguage\":\"fi\"},{\"@type\":\"Person\",\"@id\":\"https:\\\/\\\/blogs.uef.fi\\\/puheenvuoroja\\\/#\\\/schema\\\/person\\\/e561f7cf950913045543e3bbd3efa957\",\"name\":\"Viestint\u00e4\",\"url\":\"https:\\\/\\\/blogs.uef.fi\\\/puheenvuoroja\\\/author\\\/ristol\\\/\"}]}<\/script>\n<!-- \/ Yoast SEO plugin. -->","yoast_head_json":{"title":"Vihre\u00e4 siirtym\u00e4 ei onnistu ilman konfliktien ennakointia ja hallintaa - Puheenvuoroja","robots":{"index":"index","follow":"follow","max-snippet":"max-snippet:-1","max-image-preview":"max-image-preview:large","max-video-preview":"max-video-preview:-1"},"canonical":"https:\/\/blogs.uef.fi\/puheenvuoroja\/2023\/10\/06\/vihrea-siirtyma-ei-onnistu-ilman-konfliktien-ennakointia-ja-hallintaa\/","og_locale":"fi_FI","og_type":"article","og_title":"Vihre\u00e4 siirtym\u00e4 ei onnistu ilman konfliktien ennakointia ja hallintaa - Puheenvuoroja","og_description":"Vihre\u00e4 siirtym\u00e4 nousi EU-politiikan avaink\u00e4sitteeksi vuonna 2019 lanseeratun EU:n Green Deal -strategian my\u00f6t\u00e4. Strategia tavoittelee hiilineutraalisuutta 2050 menness\u00e4 ja 55 prosentin p\u00e4\u00e4st\u00f6v\u00e4hennyksi\u00e4 2030 menness\u00e4. Suomessa vihre\u00e4 siirtym\u00e4 n\u00e4hd\u00e4\u00e4n paitsi polkuna ilmastonmuutoksen hillint\u00e4\u00e4n, my\u00f6s yh\u00e4 selvemmin uudenlaisena kasvustrategiana. Siirtym\u00e4n vauhdissa kuitenkin unohtuu helposti, ett\u00e4 kyse ei ole vain uusien energiateknologioiden voitonmarssista. Olemme keskell\u00e4 laajempaa yhteiskunnallista muutosta [&hellip;]","og_url":"https:\/\/blogs.uef.fi\/puheenvuoroja\/2023\/10\/06\/vihrea-siirtyma-ei-onnistu-ilman-konfliktien-ennakointia-ja-hallintaa\/","og_site_name":"Puheenvuoroja","article_published_time":"2023-10-06T04:51:03+00:00","article_modified_time":"2025-05-12T12:31:44+00:00","author":"Viestint\u00e4","twitter_card":"summary_large_image","twitter_misc":{"Kirjoittanut":"Viestint\u00e4","Arvioitu lukuaika":"7 minuuttia"},"schema":{"@context":"https:\/\/schema.org","@graph":[{"@type":"Article","@id":"https:\/\/blogs.uef.fi\/puheenvuoroja\/2023\/10\/06\/vihrea-siirtyma-ei-onnistu-ilman-konfliktien-ennakointia-ja-hallintaa\/#article","isPartOf":{"@id":"https:\/\/blogs.uef.fi\/puheenvuoroja\/2023\/10\/06\/vihrea-siirtyma-ei-onnistu-ilman-konfliktien-ennakointia-ja-hallintaa\/"},"author":{"name":"Viestint\u00e4","@id":"https:\/\/blogs.uef.fi\/puheenvuoroja\/#\/schema\/person\/e561f7cf950913045543e3bbd3efa957"},"headline":"Vihre\u00e4 siirtym\u00e4 ei onnistu ilman konfliktien ennakointia ja hallintaa","datePublished":"2023-10-06T04:51:03+00:00","dateModified":"2025-05-12T12:31:44+00:00","mainEntityOfPage":{"@id":"https:\/\/blogs.uef.fi\/puheenvuoroja\/2023\/10\/06\/vihrea-siirtyma-ei-onnistu-ilman-konfliktien-ennakointia-ja-hallintaa\/"},"wordCount":1268,"commentCount":0,"keywords":["vihre\u00e4 siirtym\u00e4","ymp\u00e4rist\u00f6konfliktit","ymp\u00e4rist\u00f6politiikka"],"articleSection":["Lasse Peltonen"],"inLanguage":"fi","potentialAction":[{"@type":"CommentAction","name":"Comment","target":["https:\/\/blogs.uef.fi\/puheenvuoroja\/2023\/10\/06\/vihrea-siirtyma-ei-onnistu-ilman-konfliktien-ennakointia-ja-hallintaa\/#respond"]}]},{"@type":"WebPage","@id":"https:\/\/blogs.uef.fi\/puheenvuoroja\/2023\/10\/06\/vihrea-siirtyma-ei-onnistu-ilman-konfliktien-ennakointia-ja-hallintaa\/","url":"https:\/\/blogs.uef.fi\/puheenvuoroja\/2023\/10\/06\/vihrea-siirtyma-ei-onnistu-ilman-konfliktien-ennakointia-ja-hallintaa\/","name":"Vihre\u00e4 siirtym\u00e4 ei onnistu ilman konfliktien ennakointia ja hallintaa - Puheenvuoroja","isPartOf":{"@id":"https:\/\/blogs.uef.fi\/puheenvuoroja\/#website"},"datePublished":"2023-10-06T04:51:03+00:00","dateModified":"2025-05-12T12:31:44+00:00","author":{"@id":"https:\/\/blogs.uef.fi\/puheenvuoroja\/#\/schema\/person\/e561f7cf950913045543e3bbd3efa957"},"breadcrumb":{"@id":"https:\/\/blogs.uef.fi\/puheenvuoroja\/2023\/10\/06\/vihrea-siirtyma-ei-onnistu-ilman-konfliktien-ennakointia-ja-hallintaa\/#breadcrumb"},"inLanguage":"fi","potentialAction":[{"@type":"ReadAction","target":["https:\/\/blogs.uef.fi\/puheenvuoroja\/2023\/10\/06\/vihrea-siirtyma-ei-onnistu-ilman-konfliktien-ennakointia-ja-hallintaa\/"]}]},{"@type":"BreadcrumbList","@id":"https:\/\/blogs.uef.fi\/puheenvuoroja\/2023\/10\/06\/vihrea-siirtyma-ei-onnistu-ilman-konfliktien-ennakointia-ja-hallintaa\/#breadcrumb","itemListElement":[{"@type":"ListItem","position":1,"name":"Home","item":"https:\/\/blogs.uef.fi\/puheenvuoroja\/"},{"@type":"ListItem","position":2,"name":"Vihre\u00e4 siirtym\u00e4 ei onnistu ilman konfliktien ennakointia ja hallintaa"}]},{"@type":"WebSite","@id":"https:\/\/blogs.uef.fi\/puheenvuoroja\/#website","url":"https:\/\/blogs.uef.fi\/puheenvuoroja\/","name":"Puheenvuoroja","description":"","potentialAction":[{"@type":"SearchAction","target":{"@type":"EntryPoint","urlTemplate":"https:\/\/blogs.uef.fi\/puheenvuoroja\/?s={search_term_string}"},"query-input":{"@type":"PropertyValueSpecification","valueRequired":true,"valueName":"search_term_string"}}],"inLanguage":"fi"},{"@type":"Person","@id":"https:\/\/blogs.uef.fi\/puheenvuoroja\/#\/schema\/person\/e561f7cf950913045543e3bbd3efa957","name":"Viestint\u00e4","url":"https:\/\/blogs.uef.fi\/puheenvuoroja\/author\/ristol\/"}]}},"_links":{"self":[{"href":"https:\/\/blogs.uef.fi\/puheenvuoroja\/wp-json\/wp\/v2\/posts\/2129","targetHints":{"allow":["GET"]}}],"collection":[{"href":"https:\/\/blogs.uef.fi\/puheenvuoroja\/wp-json\/wp\/v2\/posts"}],"about":[{"href":"https:\/\/blogs.uef.fi\/puheenvuoroja\/wp-json\/wp\/v2\/types\/post"}],"author":[{"embeddable":true,"href":"https:\/\/blogs.uef.fi\/puheenvuoroja\/wp-json\/wp\/v2\/users\/192"}],"replies":[{"embeddable":true,"href":"https:\/\/blogs.uef.fi\/puheenvuoroja\/wp-json\/wp\/v2\/comments?post=2129"}],"version-history":[{"count":2,"href":"https:\/\/blogs.uef.fi\/puheenvuoroja\/wp-json\/wp\/v2\/posts\/2129\/revisions"}],"predecessor-version":[{"id":3223,"href":"https:\/\/blogs.uef.fi\/puheenvuoroja\/wp-json\/wp\/v2\/posts\/2129\/revisions\/3223"}],"wp:attachment":[{"href":"https:\/\/blogs.uef.fi\/puheenvuoroja\/wp-json\/wp\/v2\/media?parent=2129"}],"wp:term":[{"taxonomy":"category","embeddable":true,"href":"https:\/\/blogs.uef.fi\/puheenvuoroja\/wp-json\/wp\/v2\/categories?post=2129"},{"taxonomy":"post_tag","embeddable":true,"href":"https:\/\/blogs.uef.fi\/puheenvuoroja\/wp-json\/wp\/v2\/tags?post=2129"}],"curies":[{"name":"wp","href":"https:\/\/api.w.org\/{rel}","templated":true}]}}