{"id":1821,"date":"2023-01-03T15:51:09","date_gmt":"2023-01-03T13:51:09","guid":{"rendered":"https:\/\/blogs.uef.fi\/puheenvuoroja\/?p=1821"},"modified":"2025-05-12T14:03:29","modified_gmt":"2025-05-12T11:03:29","slug":"onko-ujoudesta-tullut-synti-josta-pitaa-tehda-parannus","status":"publish","type":"post","link":"https:\/\/blogs.uef.fi\/puheenvuoroja\/2023\/01\/03\/onko-ujoudesta-tullut-synti-josta-pitaa-tehda-parannus\/","title":{"rendered":"Onko ujoudesta tullut synti, josta pit\u00e4\u00e4 tehd\u00e4 parannus?"},"content":{"rendered":"\n<p>Ujoutta saatetaan pit\u00e4\u00e4 arkipuheessa harmittomana ja neutraalina ominaisuutena. Yksil\u00f6n kokemuksena ja luonteenpiirteen\u00e4 ujous on kuitenkin paljon problemaattisempi asia.<\/p>\n\n\n\n<p>Viime vuosien <a href=\"https:\/\/link.springer.com\/article\/10.1007\/s10212-019-00451-7\">korkeakoulututkimus<\/a> on antanut viitteit\u00e4, ett\u00e4 uudet opiskelijasukupolvet ovat yh\u00e4 huolestuneempia omasta arvostaan ja kyvyist\u00e4\u00e4n ty\u00f6markkinoilla. Samalla he ovat my\u00f6s hyvin tietoisia vallitsevista kyvykkyysideaaleista.<\/p>\n\n\n\n<p>K\u00e4sitys omasta ty\u00f6el\u00e4m\u00e4kyvykkyydest\u00e4 liitet\u00e4\u00e4n entist\u00e4 selvemmin tulkintaan omista persoonallisuuden piirteist\u00e4. Koettu ulosp\u00e4insuuntautuneisuus n\u00e4ytt\u00e4\u00e4 vahvistavan uskoa omaan kyvykkyyteen, kun taas introversioon linkittyv\u00e4t piirteet koetaan <a href=\"https:\/\/www.tandfonline.com\/doi\/epdf\/10.1080\/20020317.2018.1453221?needAccess=true&amp;role=button\">uhaksi omalle ty\u00f6markkina-arvolle<\/a>.<\/p>\n\n\n\n<p>Ujoudesta n\u00e4ytt\u00e4\u00e4 muodostuneen l\u00e4nsimaissa ominaisuus, joka altistaa negatiiviselle min\u00e4k\u00e4sitykselle.<\/p>\n\n\n\n<p>Markkinavetoisessa kilpailuyhteiskunnassa yksil\u00f6\u00f6n sidotut inhimilliset ominaisuudet ja kyvyt valjastetaan yh\u00e4 useammin tuottavuuden v\u00e4lineeksi. Samalla ihmisluonnon normit ja ideaalit muuttuvat. T\u00e4m\u00e4 realisoituu esimerkiksi kasvatusk\u00e4yt\u00e4nn\u00f6iss\u00e4 ja yksil\u00f6n tulkinnoissa omista mahdollisuuksistaan.<\/p>\n\n\n\n<p>Suhtautuminen ujouteen yksil\u00f6n piirteen\u00e4 vaihtelee paljon kulttuurista toiseen. N\u00e4iden erojen tarkastelu auttaa havainnoimaan ja tarvittaessa tarkistamaan ujouteen liitettyj\u00e4 huomaamattomia, mutta vahingollisia k\u00e4sityksi\u00e4 ja asenteita.<\/p>\n\n\n\n<h2 class=\"wp-block-heading\">Mit\u00e4 ujous on?<\/h2>\n\n\n\n<p>Ujoudesta yksil\u00f6n ominaisuutena kiinnostuttiin tieteellisen tutkimuksen saralla systemaattisemmin vasta 1970-luvulla. Tutkimusalue on ollut l\u00e4hinn\u00e4 psykologian ja l\u00e4\u00e4ketieteen dominoima.<\/p>\n\n\n\n<p>Viime vuosikymmennet ovat tuottaneet yh\u00e4 kasvavan m\u00e4\u00e4r\u00e4n alan tutkimuksia. Tavoitteena on ollut m\u00e4\u00e4ritell\u00e4 ujoutta ilmi\u00f6n\u00e4 sek\u00e4 tarkastella ujouden seurauksia yksil\u00f6n kehitykselle ja el\u00e4m\u00e4nkululle.<\/p>\n\n\n\n<p>Tutkimuksissa tehd\u00e4\u00e4n yleens\u00e4 ero ujouden ja introverttiuden v\u00e4lille, sill\u00e4 ne ovat erillisi\u00e4 ilmi\u00f6it\u00e4. Siin\u00e4 miss\u00e4 ujouteen liitet\u00e4\u00e4n yleens\u00e4 j\u00e4nnittyneisyys uusissa sosiaalisissa tilanteissa, introverttiudessa on kyse enemm\u00e4n omissa oloissa viihtymisest\u00e4.<\/p>\n\n\n\n<p>Nyky-ymm\u00e4rrys paikantaa ujouden biologiselle pohjalle rakentuvaksi temperamenttitaipumukseksi tai persoonallisuuden piirteeksi. Siis ihmisen synnynn\u00e4iseksi taipumukseksi. <a href=\"https:\/\/onlinelibrary.wiley.com\/doi\/epdf\/10.1111\/j.1467-9566.2006.00485.x\">Ujoustutkimuksen valtauoma<\/a> on kuitenkin j\u00e4tt\u00e4nyt usein huomiotta sen, ett\u00e4 ujous on my\u00f6s kulttuurisidonnainen sosiaalinen identiteetti, jota muovaavat ymp\u00e4r\u00f6iv\u00e4n ajan ja paikan ideaalit.<\/p>\n\n\n\n<p>Onkin huomionarvoista, ett\u00e4 yksil\u00f6n temperamenttiin kytk\u00f6ksiss\u00e4 oleva ujous on tunnistettu yhdeksi pysyvimmist\u00e4 ominaisuuksista. Toisaalta on havaittu, ett\u00e4 ujouden rooli yksil\u00f6n toimintaa ja kehityst\u00e4 muotoilevana piirteen\u00e4, on vahvasti sidoksissa sosiaalisesta ymp\u00e4rist\u00f6st\u00e4 saatuun palautteeseen.<\/p>\n\n\n\n<p>L\u00e4nsimaisessa kontekstissa ujous n\u00e4ytt\u00e4ytyy uhkana itsetoteutukselle ja el\u00e4m\u00e4ss\u00e4 menestymiselle. Ujouden implikoiminen kulttuurisesti ei-toivotuksi tilaksi n\u00e4ytt\u00e4\u00e4 paradoksaalisesti lis\u00e4nneen sosiaalisesti arkaa k\u00e4ytt\u00e4ytymist\u00e4. Sosiaalipsykologisten <a href=\"https:\/\/onlinelibrary.wiley.com\/doi\/epdf\/10.1111\/j.1467-9566.2006.00485.x\">min\u00e4teorioiden n\u00e4k\u00f6kulmasta<\/a> ujous tulkitaan yh\u00e4 useammin poikkeavuudeksi, koska ulosp\u00e4insuuntautuneisuuden ihanne kulttuurissamme on niin m\u00e4\u00e4r\u00e4\u00e4v\u00e4.<\/p>\n\n\n\n<h2 class=\"wp-block-heading\">Ujouden seuraukset ovat kulttuurisidonnaisia<\/h2>\n\n\n\n<p>Kussakin kulttuurissa tarjolla oleva sosiaalisen hyv\u00e4ksynn\u00e4n ja tuen m\u00e4\u00e4r\u00e4 vaikuttaa siihen, millaisia aikuisia ujoista lapsista kasvaa. T\u00e4m\u00e4 n\u00e4kyy erityisen selv\u00e4sti pitk\u00e4\u00e4n <a href=\"https:\/\/www.sciencedirect.com\/science\/article\/abs\/pii\/S0732118X17302313\">kumuloituneella tutkimussaralla<\/a>, jossa pitkitt\u00e4istutkimuksen keinoin on vertailtu Kiinassa ja Kanadassa varttuneita ujoja lapsia.<\/p>\n\n\n\n<p>Kulttuurierot suhtautumisessa ujouteen konkretisoituvat esimerkiksi vanhemmuustyyleiss\u00e4 ja vertaissuhteissa. L\u00e4nsimaissa ujouteen liitet\u00e4\u00e4n s\u00e4\u00e4nn\u00f6nmukaisemmin erilaisia negatiivisia kyvytt\u00f6myyden m\u00e4\u00e4reit\u00e4, kun taas Kiinassa ujous on pitk\u00e4\u00e4n n\u00e4hty sosiaalisesti hyv\u00e4ksyttyn\u00e4 piirteen\u00e4. N\u00e4ill\u00e4 suhtautumistapojen eroilla on seurauksia yksil\u00f6n min\u00e4k\u00e4sitykselle.<\/p>\n\n\n\n<p>Kiinassa ujoista lapsista on havaittu kasvavan useammin p\u00e4rj\u00e4\u00e4vi\u00e4 ja my\u00f6nteisesti itseens\u00e4 suhtautuvia aikuisia. Ujoutta ei problematisoida, mist\u00e4 johtuen ujojen lasten tunne osallisuudesta sek\u00e4 mahdollisuudet harjoittaa turvallisesti omia sosiaalisia taitoja lis\u00e4\u00e4ntyv\u00e4t.<\/p>\n\n\n\n<p>Kiinassakin on kuitenkin jo n\u00e4ht\u00e4viss\u00e4 kehityst\u00e4 l\u00e4nsimaisten ideaalien suuntaan. Asennemuutos n\u00e4kyy etenkin suurkaupungeissa el\u00e4vien nuorten aikuisten keskuudessa. Muutos on liitetty markkinatalouden muokkaamaan yhteiskuntaan.<\/p>\n\n\n\n<p>Meneill\u00e4\u00e4n oleva nopea kulttuurinen muutos ja uusien ideaalien globaali levi\u00e4minen haastavat ujouden piirteit\u00e4 omaavan yksil\u00f6n mahdollisuuksia rakentaa my\u00f6nteist\u00e4 min\u00e4k\u00e4sityst\u00e4.<\/p>\n\n\n\n<h2 class=\"wp-block-heading\">Tiedostamattomilla asenteilla on seurauksia ujoille ihmisille<\/h2>\n\n\n\n<p>Ujous realisoituu sosiaalisessa todellisuudessa. Ilman toisia ihmisi\u00e4 ujo ihminen tuskin tunnistaisi t\u00e4t\u00e4 ominaisuutta itsess\u00e4\u00e4n. Sosiaalipsykologisissa tutkimuksissa ujous onkin tunnistettu potentiaalisesti stigmaa tuottavaksi piirteeksi, johon liitet\u00e4\u00e4n samalla voimakkaita stereotypioita.<\/p>\n\n\n\n<p>On my\u00f6s havaittu, ett\u00e4 sosiaaliseen vet\u00e4ytymiseen liitetyt normatiiviset k\u00e4sitykset ja moraaliset lataukset vaihtelevat sen mukaan, miten sosiaalisen vet\u00e4ytymisen syyt\u00e4 tulkitaan.<\/p>\n\n\n\n<p>Sosiaalista vet\u00e4ytymist\u00e4 <a href=\"https:\/\/onlinelibrary.wiley.com\/doi\/epdf\/10.1111\/jora.12617\">pidet\u00e4\u00e4n helpommin hyv\u00e4ksytt\u00e4v\u00e4n\u00e4<\/a>, mik\u00e4li kyse n\u00e4ytt\u00e4\u00e4 olevan yksil\u00f6n vapaaehtoisesta valinnasta. Arkuudesta johtuvan j\u00e4nnityksen motivoima vet\u00e4ytyminen sen sijaan tulkitaan v\u00e4hemm\u00e4n hyv\u00e4ksytt\u00e4v\u00e4ksi, normista poikkeavaksi outoudeksi. Vieroksummeko siis arkuutta ja herkkyytt\u00e4?<\/p>\n\n\n\n<p>Ujoutta on my\u00f6s tarkasteltu niin sanottujen piilevien maallikkoteorioiden n\u00e4k\u00f6kulmasta. N\u00e4ill\u00e4 sis\u00e4istetyill\u00e4 selitysmalleilla on havaittu olevan vaikutusta siihen, miten suhtaudumme erilaisiin persoonallisuuksiin. J\u00e4yk\u00e4t, ujoutta muuttumattomana ominaisuutena pit\u00e4v\u00e4t <a href=\"https:\/\/www.sciencedirect.com\/science\/article\/abs\/pii\/S0092656621000568\">selitysmallit<\/a> n\u00e4ytt\u00e4v\u00e4t johtavan stereotyyppisempiin ja negatiiviss\u00e4vytteisempiin tulkintoihin ujoista ihmisist\u00e4.<\/p>\n\n\n\n<p>Ujoutta koskevat <a href=\"https:\/\/www.sciencedirect.com\/science\/article\/abs\/pii\/S0732118X17302313\">tulkinnat<\/a> ovat my\u00f6s selke\u00e4sti sukupuolittuneita. Isossa kuvassa miehille ujous on kulttuurisesti v\u00e4hemm\u00e4n hyv\u00e4ksytt\u00e4v\u00e4\u00e4. T\u00e4m\u00e4 on liitetty syv\u00e4ll\u00e4 kulttuurissa oleviin normeihin miehist\u00e4 autonomisina, assertiivisina ja dominoivina toimijoina.<\/p>\n\n\n\n<p>Ujous onkin arkik\u00e4sityksest\u00e4 poiketen melko huonosti tunnistettu ja ymm\u00e4rretty psyykkis-sosiaalinen piirre. Kenties t\u00e4st\u00e4 syyst\u00e4 ujouden motivoima toiminta, kuten hiljaisuus tai varovaisuus sosiaalisissa tilanteissa, tulkitaan niin usein v\u00e4\u00e4rin esimerkiksi passiivisuudeksi, v\u00e4linpit\u00e4m\u00e4tt\u00f6myydeksi tai kompetenssin puutteeksi. Ujon ihmisen n\u00e4k\u00f6kulmasta kysymys voi olla aktiivisesta pyrkimyksest\u00e4 hallita tilannetta ja v\u00e4ltt\u00e4\u00e4 virheit\u00e4.<\/p>\n\n\n\n<h2 class=\"wp-block-heading\">Mik\u00e4 on ujoutta, mik\u00e4 el\u00e4m\u00e4nhistorian j\u00e4tt\u00e4m\u00e4\u00e4 j\u00e4lke\u00e4?<\/h2>\n\n\n\n<p>Ujouteen liittyy kohonnut tietoisuus itsest\u00e4 sosiaalisissa tilanteissa. Ujoilla ihmisill\u00e4 on havaittu olevan taipumus tarkkailla itsest\u00e4 v\u00e4littyvi\u00e4 vaikutelmia vuorovaikutuksen kuluessa. T\u00e4h\u00e4n liittyy tavanomaista korostuneempi huoli negatiivisten arvioiden kohteeksi joutumisesta.<\/p>\n\n\n\n<p>Samaan aikaan monella ujoksi itsens\u00e4 tunnistavalla aikuisella on el\u00e4m\u00e4nhistoriallinen, toistuva kokemus joutumisesta muiden arvioimaksi. Ujous n\u00e4ytt\u00e4ytyy piirteen\u00e4, jota on lapsesta asti kommentoitu ja josta on huomauteltu l\u00e4pi koulupolun.<\/p>\n\n\n\n<p>Ei ole tavatonta, ett\u00e4 ujoudesta huomautellaan viel\u00e4 ty\u00f6el\u00e4m\u00e4ss\u00e4kin. Harmittomalta tuntuvat, joskus huumorinkin varjolla esitetyt heitot toisen ihmisen olemuksesta usein vain vahvistavat ujoutta kokevan ihmisen tuntua itsest\u00e4 erilaisena ja jollain tavalla puutteellisena.<\/p>\n\n\n\n<p>Voi kysy\u00e4, miss\u00e4 m\u00e4\u00e4rin ujouteen liitetty taipumus itsens\u00e4 tarkkailuun sosiaalisissa tilanteissa on sis\u00e4syntyinen piirre. Vai onko enemm\u00e4nkin kyse toisten katseiden vahvistamasta tunteesta itsest\u00e4 perustavasti erilaisena, usein parannusta tarvitsevana?<\/p>\n\n\n\n<p>Tasapainoilu normien ja ihanteiden v\u00e4lill\u00e4 muokkaa ujon ihmisen k\u00e4sityst\u00e4 itsest\u00e4\u00e4n ja mahdollisuuksistaan. Ujon sosiaaliseen identiteettiin kietoutuvat tunteet, kuten h\u00e4pe\u00e4\u0308, ep\u00e4onnistumisen pelko ja arvottomuuden tunne, eiva\u0308t ole ujouden oireita vaan kosketuksissa muihin syntyvia\u0308 oman itsen \u00e4\u00e4riviivoja.<\/p>\n\n\n\n<h2 class=\"wp-block-heading\">Mit\u00e4 voisimme tehd\u00e4 toisin?<\/h2>\n\n\n\n<p>On ilmeist\u00e4, ett\u00e4 kunkin ajan kulttuuriset ihanteet ja normit m\u00e4\u00e4ritt\u00e4v\u00e4t kulloisiakin el\u00e4m\u00e4n ehtoja. Esimerkiksi ty\u00f6markkinoilla kysytyt ominaisuudet ja kyvyt muokkautuvat yh\u00e4 vahvemmin globaalien trendien suuntaisesti. Kuinka usein itsevarma nappaa ty\u00f6paikan osaavamman mutta ujon edest\u00e4, vaikka organisaatio nimen omaan tarvitsisi osaajaa.<\/p>\n\n\n\n<p>Miten sitten voisimme vaikuttaa siihen, ett\u00e4 erilaisilla ihmisill\u00e4 olisi hieman tasaisemmat, tai edes riitt\u00e4v\u00e4t edellytykset l\u00f6yt\u00e4\u00e4 mielek\u00e4s paikka yhteiskunnassa?<\/p>\n\n\n\n<p>Kasvatus- ja koulutusinstituutioilla on t\u00e4ss\u00e4 suuri vastuu. Ammattikasvattajilla on eettinen velvollisuus tutkia ja tunnistaa omia k\u00e4sityksi\u00e4\u00e4n sek\u00e4 hankkia ajantasaista tietoa.<\/p>\n\n\n\n<p>Melko usein ujoutta koskevien tutkimusten loppup\u00e4\u00e4telmiss\u00e4 esiintyy suosituksia erilaisista keinoista, joilla ujot yksil\u00f6t voivat pyrki\u00e4 harjoittamaan omaa sosiaalista kompetenssiaan.<\/p>\n\n\n\n<p>Harvemmin esiintyy ehdotuksia siit\u00e4, miten kasvatus- ja koulutusinstituutioiden ammattilaiset voisivat auttaa ujoja yksil\u00f6it\u00e4 tunnistamaan omia vahvuuksiaan sek\u00e4 rakentamaan itseluottamustaan omien kykyjens\u00e4 varaan. T\u00e4m\u00e4 voisi olla ensimm\u00e4inen askel mietitt\u00e4ess\u00e4 vaihtoehtoisia tapoja tukea erilaisten yksil\u00f6iden osallisuutta ja mahdollisuuksia rakentaa my\u00f6nteist\u00e4 min\u00e4k\u00e4sityst\u00e4.<\/p>\n\n\n\n<p><strong>P\u00e4ivi H\u00e4kkinen<\/strong><br>Yliopisto-opettaja ja v\u00e4it\u00f6skirjatutkija<br>Kasvatustieteiden ja psykologian osasto, Ohjauksen koulutus, It\u00e4-Suomen yliopisto<\/p>\n\n\n\n<p><a href=\"https:\/\/www.mustread.fi\/artikkelit\/onko-ujoudesta-tullut-synti-josta-pitaa-tehda-parannus\/\">Artikkeli on julkaistu alunperin MustRead Akatemia -verkkopalvelussa.<\/a><\/p>\n","protected":false},"excerpt":{"rendered":"<p>Ujoutta saatetaan pit\u00e4\u00e4 arkipuheessa harmittomana ja neutraalina ominaisuutena. Yksil\u00f6n kokemuksena ja luonteenpiirteen\u00e4 ujous on kuitenkin paljon problemaattisempi asia. Viime vuosien korkeakoulututkimus on antanut viitteit\u00e4, ett\u00e4 uudet opiskelijasukupolvet ovat yh\u00e4 huolestuneempia omasta arvostaan ja kyvyist\u00e4\u00e4n ty\u00f6markkinoilla. Samalla he ovat my\u00f6s hyvin tietoisia vallitsevista kyvykkyysideaaleista. K\u00e4sitys omasta ty\u00f6el\u00e4m\u00e4kyvykkyydest\u00e4 liitet\u00e4\u00e4n entist\u00e4 selvemmin tulkintaan omista persoonallisuuden piirteist\u00e4. Koettu ulosp\u00e4insuuntautuneisuus [&hellip;]<\/p>\n","protected":false},"author":192,"featured_media":0,"comment_status":"open","ping_status":"closed","sticky":false,"template":"","format":"standard","meta":{"_acf_changed":false,"footnotes":""},"categories":[1191],"tags":[40,1197,101,1194],"class_list":["post-1821","post","type-post","status-publish","format-standard","hentry","category-paivi-hakkinen","tag-kasvatustiede","tag-psykologia","tag-tyoelama","tag-ujous"],"acf":[],"yoast_head":"<!-- This site is optimized with the Yoast SEO plugin v27.3 - https:\/\/yoast.com\/product\/yoast-seo-wordpress\/ -->\n<title>Onko ujoudesta tullut synti, josta pit\u00e4\u00e4 tehd\u00e4 parannus? - Puheenvuoroja<\/title>\n<meta name=\"robots\" content=\"index, follow, max-snippet:-1, max-image-preview:large, max-video-preview:-1\" \/>\n<link rel=\"canonical\" href=\"https:\/\/blogs.uef.fi\/puheenvuoroja\/2023\/01\/03\/onko-ujoudesta-tullut-synti-josta-pitaa-tehda-parannus\/\" \/>\n<meta property=\"og:locale\" content=\"fi_FI\" \/>\n<meta property=\"og:type\" content=\"article\" \/>\n<meta property=\"og:title\" content=\"Onko ujoudesta tullut synti, josta pit\u00e4\u00e4 tehd\u00e4 parannus? - Puheenvuoroja\" \/>\n<meta property=\"og:description\" content=\"Ujoutta saatetaan pit\u00e4\u00e4 arkipuheessa harmittomana ja neutraalina ominaisuutena. Yksil\u00f6n kokemuksena ja luonteenpiirteen\u00e4 ujous on kuitenkin paljon problemaattisempi asia. Viime vuosien korkeakoulututkimus on antanut viitteit\u00e4, ett\u00e4 uudet opiskelijasukupolvet ovat yh\u00e4 huolestuneempia omasta arvostaan ja kyvyist\u00e4\u00e4n ty\u00f6markkinoilla. Samalla he ovat my\u00f6s hyvin tietoisia vallitsevista kyvykkyysideaaleista. K\u00e4sitys omasta ty\u00f6el\u00e4m\u00e4kyvykkyydest\u00e4 liitet\u00e4\u00e4n entist\u00e4 selvemmin tulkintaan omista persoonallisuuden piirteist\u00e4. Koettu ulosp\u00e4insuuntautuneisuus [&hellip;]\" \/>\n<meta property=\"og:url\" content=\"https:\/\/blogs.uef.fi\/puheenvuoroja\/2023\/01\/03\/onko-ujoudesta-tullut-synti-josta-pitaa-tehda-parannus\/\" \/>\n<meta property=\"og:site_name\" content=\"Puheenvuoroja\" \/>\n<meta property=\"article:published_time\" content=\"2023-01-03T13:51:09+00:00\" \/>\n<meta property=\"article:modified_time\" content=\"2025-05-12T11:03:29+00:00\" \/>\n<meta name=\"author\" content=\"Viestint\u00e4\" \/>\n<meta name=\"twitter:card\" content=\"summary_large_image\" \/>\n<meta name=\"twitter:label1\" content=\"Kirjoittanut\" \/>\n\t<meta name=\"twitter:data1\" content=\"Viestint\u00e4\" \/>\n\t<meta name=\"twitter:label2\" content=\"Arvioitu lukuaika\" \/>\n\t<meta name=\"twitter:data2\" content=\"6 minuuttia\" \/>\n<script type=\"application\/ld+json\" class=\"yoast-schema-graph\">{\"@context\":\"https:\\\/\\\/schema.org\",\"@graph\":[{\"@type\":\"Article\",\"@id\":\"https:\\\/\\\/blogs.uef.fi\\\/puheenvuoroja\\\/2023\\\/01\\\/03\\\/onko-ujoudesta-tullut-synti-josta-pitaa-tehda-parannus\\\/#article\",\"isPartOf\":{\"@id\":\"https:\\\/\\\/blogs.uef.fi\\\/puheenvuoroja\\\/2023\\\/01\\\/03\\\/onko-ujoudesta-tullut-synti-josta-pitaa-tehda-parannus\\\/\"},\"author\":{\"name\":\"Viestint\u00e4\",\"@id\":\"https:\\\/\\\/blogs.uef.fi\\\/puheenvuoroja\\\/#\\\/schema\\\/person\\\/e561f7cf950913045543e3bbd3efa957\"},\"headline\":\"Onko ujoudesta tullut synti, josta pit\u00e4\u00e4 tehd\u00e4 parannus?\",\"datePublished\":\"2023-01-03T13:51:09+00:00\",\"dateModified\":\"2025-05-12T11:03:29+00:00\",\"mainEntityOfPage\":{\"@id\":\"https:\\\/\\\/blogs.uef.fi\\\/puheenvuoroja\\\/2023\\\/01\\\/03\\\/onko-ujoudesta-tullut-synti-josta-pitaa-tehda-parannus\\\/\"},\"wordCount\":1184,\"commentCount\":0,\"keywords\":[\"kasvatustiede\",\"psykologia\",\"ty\u00f6el\u00e4m\u00e4\",\"ujous\"],\"articleSection\":[\"P\u00e4ivi H\u00e4kkinen\"],\"inLanguage\":\"fi\",\"potentialAction\":[{\"@type\":\"CommentAction\",\"name\":\"Comment\",\"target\":[\"https:\\\/\\\/blogs.uef.fi\\\/puheenvuoroja\\\/2023\\\/01\\\/03\\\/onko-ujoudesta-tullut-synti-josta-pitaa-tehda-parannus\\\/#respond\"]}]},{\"@type\":\"WebPage\",\"@id\":\"https:\\\/\\\/blogs.uef.fi\\\/puheenvuoroja\\\/2023\\\/01\\\/03\\\/onko-ujoudesta-tullut-synti-josta-pitaa-tehda-parannus\\\/\",\"url\":\"https:\\\/\\\/blogs.uef.fi\\\/puheenvuoroja\\\/2023\\\/01\\\/03\\\/onko-ujoudesta-tullut-synti-josta-pitaa-tehda-parannus\\\/\",\"name\":\"Onko ujoudesta tullut synti, josta pit\u00e4\u00e4 tehd\u00e4 parannus? - Puheenvuoroja\",\"isPartOf\":{\"@id\":\"https:\\\/\\\/blogs.uef.fi\\\/puheenvuoroja\\\/#website\"},\"datePublished\":\"2023-01-03T13:51:09+00:00\",\"dateModified\":\"2025-05-12T11:03:29+00:00\",\"author\":{\"@id\":\"https:\\\/\\\/blogs.uef.fi\\\/puheenvuoroja\\\/#\\\/schema\\\/person\\\/e561f7cf950913045543e3bbd3efa957\"},\"breadcrumb\":{\"@id\":\"https:\\\/\\\/blogs.uef.fi\\\/puheenvuoroja\\\/2023\\\/01\\\/03\\\/onko-ujoudesta-tullut-synti-josta-pitaa-tehda-parannus\\\/#breadcrumb\"},\"inLanguage\":\"fi\",\"potentialAction\":[{\"@type\":\"ReadAction\",\"target\":[\"https:\\\/\\\/blogs.uef.fi\\\/puheenvuoroja\\\/2023\\\/01\\\/03\\\/onko-ujoudesta-tullut-synti-josta-pitaa-tehda-parannus\\\/\"]}]},{\"@type\":\"BreadcrumbList\",\"@id\":\"https:\\\/\\\/blogs.uef.fi\\\/puheenvuoroja\\\/2023\\\/01\\\/03\\\/onko-ujoudesta-tullut-synti-josta-pitaa-tehda-parannus\\\/#breadcrumb\",\"itemListElement\":[{\"@type\":\"ListItem\",\"position\":1,\"name\":\"Home\",\"item\":\"https:\\\/\\\/blogs.uef.fi\\\/puheenvuoroja\\\/\"},{\"@type\":\"ListItem\",\"position\":2,\"name\":\"Onko ujoudesta tullut synti, josta pit\u00e4\u00e4 tehd\u00e4 parannus?\"}]},{\"@type\":\"WebSite\",\"@id\":\"https:\\\/\\\/blogs.uef.fi\\\/puheenvuoroja\\\/#website\",\"url\":\"https:\\\/\\\/blogs.uef.fi\\\/puheenvuoroja\\\/\",\"name\":\"Puheenvuoroja\",\"description\":\"\",\"potentialAction\":[{\"@type\":\"SearchAction\",\"target\":{\"@type\":\"EntryPoint\",\"urlTemplate\":\"https:\\\/\\\/blogs.uef.fi\\\/puheenvuoroja\\\/?s={search_term_string}\"},\"query-input\":{\"@type\":\"PropertyValueSpecification\",\"valueRequired\":true,\"valueName\":\"search_term_string\"}}],\"inLanguage\":\"fi\"},{\"@type\":\"Person\",\"@id\":\"https:\\\/\\\/blogs.uef.fi\\\/puheenvuoroja\\\/#\\\/schema\\\/person\\\/e561f7cf950913045543e3bbd3efa957\",\"name\":\"Viestint\u00e4\",\"url\":\"https:\\\/\\\/blogs.uef.fi\\\/puheenvuoroja\\\/author\\\/ristol\\\/\"}]}<\/script>\n<!-- \/ Yoast SEO plugin. -->","yoast_head_json":{"title":"Onko ujoudesta tullut synti, josta pit\u00e4\u00e4 tehd\u00e4 parannus? - Puheenvuoroja","robots":{"index":"index","follow":"follow","max-snippet":"max-snippet:-1","max-image-preview":"max-image-preview:large","max-video-preview":"max-video-preview:-1"},"canonical":"https:\/\/blogs.uef.fi\/puheenvuoroja\/2023\/01\/03\/onko-ujoudesta-tullut-synti-josta-pitaa-tehda-parannus\/","og_locale":"fi_FI","og_type":"article","og_title":"Onko ujoudesta tullut synti, josta pit\u00e4\u00e4 tehd\u00e4 parannus? - Puheenvuoroja","og_description":"Ujoutta saatetaan pit\u00e4\u00e4 arkipuheessa harmittomana ja neutraalina ominaisuutena. Yksil\u00f6n kokemuksena ja luonteenpiirteen\u00e4 ujous on kuitenkin paljon problemaattisempi asia. Viime vuosien korkeakoulututkimus on antanut viitteit\u00e4, ett\u00e4 uudet opiskelijasukupolvet ovat yh\u00e4 huolestuneempia omasta arvostaan ja kyvyist\u00e4\u00e4n ty\u00f6markkinoilla. Samalla he ovat my\u00f6s hyvin tietoisia vallitsevista kyvykkyysideaaleista. K\u00e4sitys omasta ty\u00f6el\u00e4m\u00e4kyvykkyydest\u00e4 liitet\u00e4\u00e4n entist\u00e4 selvemmin tulkintaan omista persoonallisuuden piirteist\u00e4. Koettu ulosp\u00e4insuuntautuneisuus [&hellip;]","og_url":"https:\/\/blogs.uef.fi\/puheenvuoroja\/2023\/01\/03\/onko-ujoudesta-tullut-synti-josta-pitaa-tehda-parannus\/","og_site_name":"Puheenvuoroja","article_published_time":"2023-01-03T13:51:09+00:00","article_modified_time":"2025-05-12T11:03:29+00:00","author":"Viestint\u00e4","twitter_card":"summary_large_image","twitter_misc":{"Kirjoittanut":"Viestint\u00e4","Arvioitu lukuaika":"6 minuuttia"},"schema":{"@context":"https:\/\/schema.org","@graph":[{"@type":"Article","@id":"https:\/\/blogs.uef.fi\/puheenvuoroja\/2023\/01\/03\/onko-ujoudesta-tullut-synti-josta-pitaa-tehda-parannus\/#article","isPartOf":{"@id":"https:\/\/blogs.uef.fi\/puheenvuoroja\/2023\/01\/03\/onko-ujoudesta-tullut-synti-josta-pitaa-tehda-parannus\/"},"author":{"name":"Viestint\u00e4","@id":"https:\/\/blogs.uef.fi\/puheenvuoroja\/#\/schema\/person\/e561f7cf950913045543e3bbd3efa957"},"headline":"Onko ujoudesta tullut synti, josta pit\u00e4\u00e4 tehd\u00e4 parannus?","datePublished":"2023-01-03T13:51:09+00:00","dateModified":"2025-05-12T11:03:29+00:00","mainEntityOfPage":{"@id":"https:\/\/blogs.uef.fi\/puheenvuoroja\/2023\/01\/03\/onko-ujoudesta-tullut-synti-josta-pitaa-tehda-parannus\/"},"wordCount":1184,"commentCount":0,"keywords":["kasvatustiede","psykologia","ty\u00f6el\u00e4m\u00e4","ujous"],"articleSection":["P\u00e4ivi H\u00e4kkinen"],"inLanguage":"fi","potentialAction":[{"@type":"CommentAction","name":"Comment","target":["https:\/\/blogs.uef.fi\/puheenvuoroja\/2023\/01\/03\/onko-ujoudesta-tullut-synti-josta-pitaa-tehda-parannus\/#respond"]}]},{"@type":"WebPage","@id":"https:\/\/blogs.uef.fi\/puheenvuoroja\/2023\/01\/03\/onko-ujoudesta-tullut-synti-josta-pitaa-tehda-parannus\/","url":"https:\/\/blogs.uef.fi\/puheenvuoroja\/2023\/01\/03\/onko-ujoudesta-tullut-synti-josta-pitaa-tehda-parannus\/","name":"Onko ujoudesta tullut synti, josta pit\u00e4\u00e4 tehd\u00e4 parannus? - Puheenvuoroja","isPartOf":{"@id":"https:\/\/blogs.uef.fi\/puheenvuoroja\/#website"},"datePublished":"2023-01-03T13:51:09+00:00","dateModified":"2025-05-12T11:03:29+00:00","author":{"@id":"https:\/\/blogs.uef.fi\/puheenvuoroja\/#\/schema\/person\/e561f7cf950913045543e3bbd3efa957"},"breadcrumb":{"@id":"https:\/\/blogs.uef.fi\/puheenvuoroja\/2023\/01\/03\/onko-ujoudesta-tullut-synti-josta-pitaa-tehda-parannus\/#breadcrumb"},"inLanguage":"fi","potentialAction":[{"@type":"ReadAction","target":["https:\/\/blogs.uef.fi\/puheenvuoroja\/2023\/01\/03\/onko-ujoudesta-tullut-synti-josta-pitaa-tehda-parannus\/"]}]},{"@type":"BreadcrumbList","@id":"https:\/\/blogs.uef.fi\/puheenvuoroja\/2023\/01\/03\/onko-ujoudesta-tullut-synti-josta-pitaa-tehda-parannus\/#breadcrumb","itemListElement":[{"@type":"ListItem","position":1,"name":"Home","item":"https:\/\/blogs.uef.fi\/puheenvuoroja\/"},{"@type":"ListItem","position":2,"name":"Onko ujoudesta tullut synti, josta pit\u00e4\u00e4 tehd\u00e4 parannus?"}]},{"@type":"WebSite","@id":"https:\/\/blogs.uef.fi\/puheenvuoroja\/#website","url":"https:\/\/blogs.uef.fi\/puheenvuoroja\/","name":"Puheenvuoroja","description":"","potentialAction":[{"@type":"SearchAction","target":{"@type":"EntryPoint","urlTemplate":"https:\/\/blogs.uef.fi\/puheenvuoroja\/?s={search_term_string}"},"query-input":{"@type":"PropertyValueSpecification","valueRequired":true,"valueName":"search_term_string"}}],"inLanguage":"fi"},{"@type":"Person","@id":"https:\/\/blogs.uef.fi\/puheenvuoroja\/#\/schema\/person\/e561f7cf950913045543e3bbd3efa957","name":"Viestint\u00e4","url":"https:\/\/blogs.uef.fi\/puheenvuoroja\/author\/ristol\/"}]}},"_links":{"self":[{"href":"https:\/\/blogs.uef.fi\/puheenvuoroja\/wp-json\/wp\/v2\/posts\/1821","targetHints":{"allow":["GET"]}}],"collection":[{"href":"https:\/\/blogs.uef.fi\/puheenvuoroja\/wp-json\/wp\/v2\/posts"}],"about":[{"href":"https:\/\/blogs.uef.fi\/puheenvuoroja\/wp-json\/wp\/v2\/types\/post"}],"author":[{"embeddable":true,"href":"https:\/\/blogs.uef.fi\/puheenvuoroja\/wp-json\/wp\/v2\/users\/192"}],"replies":[{"embeddable":true,"href":"https:\/\/blogs.uef.fi\/puheenvuoroja\/wp-json\/wp\/v2\/comments?post=1821"}],"version-history":[{"count":1,"href":"https:\/\/blogs.uef.fi\/puheenvuoroja\/wp-json\/wp\/v2\/posts\/1821\/revisions"}],"predecessor-version":[{"id":3193,"href":"https:\/\/blogs.uef.fi\/puheenvuoroja\/wp-json\/wp\/v2\/posts\/1821\/revisions\/3193"}],"wp:attachment":[{"href":"https:\/\/blogs.uef.fi\/puheenvuoroja\/wp-json\/wp\/v2\/media?parent=1821"}],"wp:term":[{"taxonomy":"category","embeddable":true,"href":"https:\/\/blogs.uef.fi\/puheenvuoroja\/wp-json\/wp\/v2\/categories?post=1821"},{"taxonomy":"post_tag","embeddable":true,"href":"https:\/\/blogs.uef.fi\/puheenvuoroja\/wp-json\/wp\/v2\/tags?post=1821"}],"curies":[{"name":"wp","href":"https:\/\/api.w.org\/{rel}","templated":true}]}}