{"id":153,"date":"2017-03-03T13:33:48","date_gmt":"2017-03-03T11:33:48","guid":{"rendered":"https:\/\/blogs.uef.fi\/puheenvuoroja\/?p=153"},"modified":"2024-12-31T12:59:29","modified_gmt":"2024-12-31T10:59:29","slug":"auditointitapaa-testaamassa","status":"publish","type":"post","link":"https:\/\/blogs.uef.fi\/puheenvuoroja\/2017\/03\/03\/auditointitapaa-testaamassa\/","title":{"rendered":"Auditointitapaa testaamassa"},"content":{"rendered":"\n<p>It\u00e4-Suomen yliopistossa on koko sen olemassaolon ajan olleet k\u00e4yt\u00f6ss\u00e4 sis\u00e4iset auditoinnit. Niiden tarkoituksena on ollut valmistautua ulkoisiin auditointeihin ja parantaa laitosten ja yksik\u00f6iden laadunvarmistusty\u00f6t\u00e4.<\/p>\n\n\n\n<p>Perinteiseen tapaan auditoida on kuulunut ulkopuolisen johdolla toteutettu asiakirjojen l\u00e4pik\u00e4ynti ja jonkinlaisia keskusteluja laadun ilmenemisest\u00e4. N\u00e4ill\u00e4 on pyritty varmistamaan laatuj\u00e4rjestelm\u00e4n kattavuus, ja kuinka aidosti sit\u00e4 on toteutettu ja hy\u00f6dynnetty. Henkil\u00f6st\u00f6 on p\u00e4\u00e4ssyt osallistumaan auditointitilaisuuteen yleens\u00e4 kuulijan ja raportin lukijan roolissa.<\/p>\n\n\n\n<p>Viime vuoden marraskuussa p\u00e4\u00e4timme testata auditointiryhm\u00e4ss\u00e4mme enemm\u00e4n osallistavaa tapaa auditointiin. Varsinkin kun olimme auditoijina huomanneet, ett\u00e4 muutoksen aikaansaaminen my\u00f6s laatuajattelussa ja toiminnan kehitt\u00e4misess\u00e4 todenn\u00e4k\u00f6isesti vaatii jonkinlaisen henkil\u00f6kohtaisen kokemuksen ja laajemman puheeksi ottamisen. N\u00e4ytt\u00e4\u00e4 silt\u00e4, ett\u00e4 dokumenttil\u00e4ht\u00f6inen auditointitapa johtaa siihen, ett\u00e4 dokumentoinnista ja sen kehitt\u00e4misest\u00e4 tulee laatuty\u00f6n keskeinen tavoite, ei niink\u00e4\u00e4n toiminnan kehitt\u00e4misest\u00e4 ja jatkuvasta parantamisesta.<\/p>\n\n\n\n<p>Toki k\u00e4vimme perinteisesti laatuasiakirjat l\u00e4pi, mutta mielest\u00e4mme n\u00e4ytti silt\u00e4, ett\u00e4 niiden pohjalta laatuj\u00e4rjestelm\u00e4n kehitt\u00e4misen ajatuksen levitt\u00e4minen koko ty\u00f6yhteis\u00f6\u00f6n ei olisi onnistunut perinteisell\u00e4 auditoinnilla. Varsinkin kun totesimme, ett\u00e4 olisimme todenn\u00e4k\u00f6isesti tehneet samat kehitt\u00e4misehdotukset kuin jo edellisell\u00e4 kerralla: dokumentoinnin systematiikkaa ja laatua tulee kehitt\u00e4\u00e4.<\/p>\n\n\n\n<p>Auditointi alkoi lyhyell\u00e4, johdon ja keskeisten laatuj\u00e4rjestelm\u00e4n toimijoiden haastattelulla. T\u00e4m\u00e4n j\u00e4lkeen siirryimme koko henkil\u00f6st\u00f6n kanssa pohtimaan yhdess\u00e4 keskeisi\u00e4 teemoja, joita toiminnan kehitt\u00e4miseen ja kehitt\u00e4misty\u00f6n dokumentointiin heid\u00e4n mielest\u00e4\u00e4n liittyi. Otimme my\u00f6s sen riskin, ett\u00e4 emme siirt\u00e4neet henkil\u00f6st\u00f6\u00e4 yhteen paikkaan vaan k\u00e4ytimme hyv\u00e4ksemme videoneuvottelulaitteita.<\/p>\n\n\n\n<p>Keskustelua ohjasi ryhm\u00e4ty\u00f6skentely ja yleiskeskustelu. Saimme osallistujilta&nbsp;kirjallista aineistoa raporttiamme varten ja yhteisess\u00e4 pohdinnassa&nbsp;pyrimme yhdess\u00e4 l\u00f6yt\u00e4m\u00e4\u00e4n keskeiset kehitt\u00e4miskohteet.<\/p>\n\n\n\n<p>Mielest\u00e4mme tilaisuus onnistui hyvin, vaikka korjattavaakin menettelytapaamme l\u00f6ytyi. Auditoijan kannalta iloisinta oli havaita, ett\u00e4 laajalla mukaanottamisella paljastui runsaasti laadun ja toiminnan kehitt\u00e4miseen liittyvi\u00e4 sujuvia k\u00e4yt\u00e4nteit\u00e4 ja toimintoja. N\u00e4it\u00e4 ei kuitenkaan ollut tiedostettu yksik\u00f6n toiminnalle t\u00e4rkeiksi eik\u00e4 niit\u00e4 ollut nostettu laatuk\u00e4sikirjaan.<\/p>\n\n\n\n<p>Kokemuksemme perusteella n\u00e4ytt\u00e4isi siis silt\u00e4, ett\u00e4 t\u00e4llainen yhteis\u00f6llinen ja kaikkia kuuleva tapa on hyv\u00e4 keino paljastaa laajemmin laatuty\u00f6n tilannetta kuin dokumentointiin ja suppeiden ryhmien haastatteluun perustuva menettely. Laatuty\u00f6 ei ole vierasta mutta omien laadunvarmistuksen rutiinien mielt\u00e4minen yksik\u00f6lle t\u00e4rkeiksi ja hy\u00f6dyllisiksi n\u00e4ytt\u00e4\u00e4 edelleen vaikealta.<\/p>\n\n\n\n<p>Anne Kankkunen, laboratoriomestari<\/p>\n\n\n\n<p>Esko Ry\u00f6k\u00e4s, yliopistonlehtori<\/p>\n\n\n\n<p>Jarmo Saarti, kirjastonjohtaja<\/p>\n","protected":false},"excerpt":{"rendered":"<p>It\u00e4-Suomen yliopistossa on koko sen olemassaolon ajan olleet k\u00e4yt\u00f6ss\u00e4 sis\u00e4iset auditoinnit. Niiden tarkoituksena on ollut valmistautua ulkoisiin auditointeihin ja parantaa laitosten ja yksik\u00f6iden laadunvarmistusty\u00f6t\u00e4. Perinteiseen tapaan auditoida on kuulunut ulkopuolisen johdolla toteutettu asiakirjojen l\u00e4pik\u00e4ynti ja jonkinlaisia keskusteluja laadun ilmenemisest\u00e4. N\u00e4ill\u00e4 on pyritty varmistamaan laatuj\u00e4rjestelm\u00e4n kattavuus, ja kuinka aidosti sit\u00e4 on toteutettu ja hy\u00f6dynnetty. Henkil\u00f6st\u00f6 on [&hellip;]<\/p>\n","protected":false},"author":7,"featured_media":0,"comment_status":"open","ping_status":"closed","sticky":false,"template":"","format":"standard","meta":{"_acf_changed":false,"footnotes":""},"categories":[153],"tags":[155,159],"class_list":["post-153","post","type-post","status-publish","format-standard","hentry","category-jarmo-saarti","tag-auditointi","tag-kirjastonjohtaja"],"acf":[],"yoast_head":"<!-- This site is optimized with the Yoast SEO plugin v27.3 - https:\/\/yoast.com\/product\/yoast-seo-wordpress\/ -->\n<title>Auditointitapaa testaamassa - Puheenvuoroja<\/title>\n<meta name=\"robots\" content=\"index, follow, max-snippet:-1, max-image-preview:large, max-video-preview:-1\" \/>\n<link rel=\"canonical\" href=\"https:\/\/blogs.uef.fi\/puheenvuoroja\/2017\/03\/03\/auditointitapaa-testaamassa\/\" \/>\n<meta property=\"og:locale\" content=\"fi_FI\" \/>\n<meta property=\"og:type\" content=\"article\" \/>\n<meta property=\"og:title\" content=\"Auditointitapaa testaamassa - Puheenvuoroja\" \/>\n<meta property=\"og:description\" content=\"It\u00e4-Suomen yliopistossa on koko sen olemassaolon ajan olleet k\u00e4yt\u00f6ss\u00e4 sis\u00e4iset auditoinnit. Niiden tarkoituksena on ollut valmistautua ulkoisiin auditointeihin ja parantaa laitosten ja yksik\u00f6iden laadunvarmistusty\u00f6t\u00e4. Perinteiseen tapaan auditoida on kuulunut ulkopuolisen johdolla toteutettu asiakirjojen l\u00e4pik\u00e4ynti ja jonkinlaisia keskusteluja laadun ilmenemisest\u00e4. N\u00e4ill\u00e4 on pyritty varmistamaan laatuj\u00e4rjestelm\u00e4n kattavuus, ja kuinka aidosti sit\u00e4 on toteutettu ja hy\u00f6dynnetty. Henkil\u00f6st\u00f6 on [&hellip;]\" \/>\n<meta property=\"og:url\" content=\"https:\/\/blogs.uef.fi\/puheenvuoroja\/2017\/03\/03\/auditointitapaa-testaamassa\/\" \/>\n<meta property=\"og:site_name\" content=\"Puheenvuoroja\" \/>\n<meta property=\"article:published_time\" content=\"2017-03-03T11:33:48+00:00\" \/>\n<meta property=\"article:modified_time\" content=\"2024-12-31T10:59:29+00:00\" \/>\n<meta name=\"author\" content=\"Viestint\u00e4\" \/>\n<meta name=\"twitter:card\" content=\"summary_large_image\" \/>\n<meta name=\"twitter:label1\" content=\"Kirjoittanut\" \/>\n\t<meta name=\"twitter:data1\" content=\"Viestint\u00e4\" \/>\n\t<meta name=\"twitter:label2\" content=\"Arvioitu lukuaika\" \/>\n\t<meta name=\"twitter:data2\" content=\"2 minuuttia\" \/>\n<script type=\"application\/ld+json\" class=\"yoast-schema-graph\">{\"@context\":\"https:\\\/\\\/schema.org\",\"@graph\":[{\"@type\":\"Article\",\"@id\":\"https:\\\/\\\/blogs.uef.fi\\\/puheenvuoroja\\\/2017\\\/03\\\/03\\\/auditointitapaa-testaamassa\\\/#article\",\"isPartOf\":{\"@id\":\"https:\\\/\\\/blogs.uef.fi\\\/puheenvuoroja\\\/2017\\\/03\\\/03\\\/auditointitapaa-testaamassa\\\/\"},\"author\":{\"name\":\"Viestint\u00e4\",\"@id\":\"https:\\\/\\\/blogs.uef.fi\\\/puheenvuoroja\\\/#\\\/schema\\\/person\\\/23b326ec5bb0d7bd395b6ddbbded3497\"},\"headline\":\"Auditointitapaa testaamassa\",\"datePublished\":\"2017-03-03T11:33:48+00:00\",\"dateModified\":\"2024-12-31T10:59:29+00:00\",\"mainEntityOfPage\":{\"@id\":\"https:\\\/\\\/blogs.uef.fi\\\/puheenvuoroja\\\/2017\\\/03\\\/03\\\/auditointitapaa-testaamassa\\\/\"},\"wordCount\":405,\"commentCount\":0,\"keywords\":[\"auditointi\",\"kirjastonjohtaja\"],\"articleSection\":[\"Jarmo Saarti\"],\"inLanguage\":\"fi\",\"potentialAction\":[{\"@type\":\"CommentAction\",\"name\":\"Comment\",\"target\":[\"https:\\\/\\\/blogs.uef.fi\\\/puheenvuoroja\\\/2017\\\/03\\\/03\\\/auditointitapaa-testaamassa\\\/#respond\"]}]},{\"@type\":\"WebPage\",\"@id\":\"https:\\\/\\\/blogs.uef.fi\\\/puheenvuoroja\\\/2017\\\/03\\\/03\\\/auditointitapaa-testaamassa\\\/\",\"url\":\"https:\\\/\\\/blogs.uef.fi\\\/puheenvuoroja\\\/2017\\\/03\\\/03\\\/auditointitapaa-testaamassa\\\/\",\"name\":\"Auditointitapaa testaamassa - Puheenvuoroja\",\"isPartOf\":{\"@id\":\"https:\\\/\\\/blogs.uef.fi\\\/puheenvuoroja\\\/#website\"},\"datePublished\":\"2017-03-03T11:33:48+00:00\",\"dateModified\":\"2024-12-31T10:59:29+00:00\",\"author\":{\"@id\":\"https:\\\/\\\/blogs.uef.fi\\\/puheenvuoroja\\\/#\\\/schema\\\/person\\\/23b326ec5bb0d7bd395b6ddbbded3497\"},\"breadcrumb\":{\"@id\":\"https:\\\/\\\/blogs.uef.fi\\\/puheenvuoroja\\\/2017\\\/03\\\/03\\\/auditointitapaa-testaamassa\\\/#breadcrumb\"},\"inLanguage\":\"fi\",\"potentialAction\":[{\"@type\":\"ReadAction\",\"target\":[\"https:\\\/\\\/blogs.uef.fi\\\/puheenvuoroja\\\/2017\\\/03\\\/03\\\/auditointitapaa-testaamassa\\\/\"]}]},{\"@type\":\"BreadcrumbList\",\"@id\":\"https:\\\/\\\/blogs.uef.fi\\\/puheenvuoroja\\\/2017\\\/03\\\/03\\\/auditointitapaa-testaamassa\\\/#breadcrumb\",\"itemListElement\":[{\"@type\":\"ListItem\",\"position\":1,\"name\":\"Home\",\"item\":\"https:\\\/\\\/blogs.uef.fi\\\/puheenvuoroja\\\/\"},{\"@type\":\"ListItem\",\"position\":2,\"name\":\"Auditointitapaa testaamassa\"}]},{\"@type\":\"WebSite\",\"@id\":\"https:\\\/\\\/blogs.uef.fi\\\/puheenvuoroja\\\/#website\",\"url\":\"https:\\\/\\\/blogs.uef.fi\\\/puheenvuoroja\\\/\",\"name\":\"Puheenvuoroja\",\"description\":\"\",\"potentialAction\":[{\"@type\":\"SearchAction\",\"target\":{\"@type\":\"EntryPoint\",\"urlTemplate\":\"https:\\\/\\\/blogs.uef.fi\\\/puheenvuoroja\\\/?s={search_term_string}\"},\"query-input\":{\"@type\":\"PropertyValueSpecification\",\"valueRequired\":true,\"valueName\":\"search_term_string\"}}],\"inLanguage\":\"fi\"},{\"@type\":\"Person\",\"@id\":\"https:\\\/\\\/blogs.uef.fi\\\/puheenvuoroja\\\/#\\\/schema\\\/person\\\/23b326ec5bb0d7bd395b6ddbbded3497\",\"name\":\"Viestint\u00e4\",\"url\":\"https:\\\/\\\/blogs.uef.fi\\\/puheenvuoroja\\\/author\\\/viestinta\\\/\"}]}<\/script>\n<!-- \/ Yoast SEO plugin. -->","yoast_head_json":{"title":"Auditointitapaa testaamassa - Puheenvuoroja","robots":{"index":"index","follow":"follow","max-snippet":"max-snippet:-1","max-image-preview":"max-image-preview:large","max-video-preview":"max-video-preview:-1"},"canonical":"https:\/\/blogs.uef.fi\/puheenvuoroja\/2017\/03\/03\/auditointitapaa-testaamassa\/","og_locale":"fi_FI","og_type":"article","og_title":"Auditointitapaa testaamassa - Puheenvuoroja","og_description":"It\u00e4-Suomen yliopistossa on koko sen olemassaolon ajan olleet k\u00e4yt\u00f6ss\u00e4 sis\u00e4iset auditoinnit. Niiden tarkoituksena on ollut valmistautua ulkoisiin auditointeihin ja parantaa laitosten ja yksik\u00f6iden laadunvarmistusty\u00f6t\u00e4. Perinteiseen tapaan auditoida on kuulunut ulkopuolisen johdolla toteutettu asiakirjojen l\u00e4pik\u00e4ynti ja jonkinlaisia keskusteluja laadun ilmenemisest\u00e4. N\u00e4ill\u00e4 on pyritty varmistamaan laatuj\u00e4rjestelm\u00e4n kattavuus, ja kuinka aidosti sit\u00e4 on toteutettu ja hy\u00f6dynnetty. Henkil\u00f6st\u00f6 on [&hellip;]","og_url":"https:\/\/blogs.uef.fi\/puheenvuoroja\/2017\/03\/03\/auditointitapaa-testaamassa\/","og_site_name":"Puheenvuoroja","article_published_time":"2017-03-03T11:33:48+00:00","article_modified_time":"2024-12-31T10:59:29+00:00","author":"Viestint\u00e4","twitter_card":"summary_large_image","twitter_misc":{"Kirjoittanut":"Viestint\u00e4","Arvioitu lukuaika":"2 minuuttia"},"schema":{"@context":"https:\/\/schema.org","@graph":[{"@type":"Article","@id":"https:\/\/blogs.uef.fi\/puheenvuoroja\/2017\/03\/03\/auditointitapaa-testaamassa\/#article","isPartOf":{"@id":"https:\/\/blogs.uef.fi\/puheenvuoroja\/2017\/03\/03\/auditointitapaa-testaamassa\/"},"author":{"name":"Viestint\u00e4","@id":"https:\/\/blogs.uef.fi\/puheenvuoroja\/#\/schema\/person\/23b326ec5bb0d7bd395b6ddbbded3497"},"headline":"Auditointitapaa testaamassa","datePublished":"2017-03-03T11:33:48+00:00","dateModified":"2024-12-31T10:59:29+00:00","mainEntityOfPage":{"@id":"https:\/\/blogs.uef.fi\/puheenvuoroja\/2017\/03\/03\/auditointitapaa-testaamassa\/"},"wordCount":405,"commentCount":0,"keywords":["auditointi","kirjastonjohtaja"],"articleSection":["Jarmo Saarti"],"inLanguage":"fi","potentialAction":[{"@type":"CommentAction","name":"Comment","target":["https:\/\/blogs.uef.fi\/puheenvuoroja\/2017\/03\/03\/auditointitapaa-testaamassa\/#respond"]}]},{"@type":"WebPage","@id":"https:\/\/blogs.uef.fi\/puheenvuoroja\/2017\/03\/03\/auditointitapaa-testaamassa\/","url":"https:\/\/blogs.uef.fi\/puheenvuoroja\/2017\/03\/03\/auditointitapaa-testaamassa\/","name":"Auditointitapaa testaamassa - Puheenvuoroja","isPartOf":{"@id":"https:\/\/blogs.uef.fi\/puheenvuoroja\/#website"},"datePublished":"2017-03-03T11:33:48+00:00","dateModified":"2024-12-31T10:59:29+00:00","author":{"@id":"https:\/\/blogs.uef.fi\/puheenvuoroja\/#\/schema\/person\/23b326ec5bb0d7bd395b6ddbbded3497"},"breadcrumb":{"@id":"https:\/\/blogs.uef.fi\/puheenvuoroja\/2017\/03\/03\/auditointitapaa-testaamassa\/#breadcrumb"},"inLanguage":"fi","potentialAction":[{"@type":"ReadAction","target":["https:\/\/blogs.uef.fi\/puheenvuoroja\/2017\/03\/03\/auditointitapaa-testaamassa\/"]}]},{"@type":"BreadcrumbList","@id":"https:\/\/blogs.uef.fi\/puheenvuoroja\/2017\/03\/03\/auditointitapaa-testaamassa\/#breadcrumb","itemListElement":[{"@type":"ListItem","position":1,"name":"Home","item":"https:\/\/blogs.uef.fi\/puheenvuoroja\/"},{"@type":"ListItem","position":2,"name":"Auditointitapaa testaamassa"}]},{"@type":"WebSite","@id":"https:\/\/blogs.uef.fi\/puheenvuoroja\/#website","url":"https:\/\/blogs.uef.fi\/puheenvuoroja\/","name":"Puheenvuoroja","description":"","potentialAction":[{"@type":"SearchAction","target":{"@type":"EntryPoint","urlTemplate":"https:\/\/blogs.uef.fi\/puheenvuoroja\/?s={search_term_string}"},"query-input":{"@type":"PropertyValueSpecification","valueRequired":true,"valueName":"search_term_string"}}],"inLanguage":"fi"},{"@type":"Person","@id":"https:\/\/blogs.uef.fi\/puheenvuoroja\/#\/schema\/person\/23b326ec5bb0d7bd395b6ddbbded3497","name":"Viestint\u00e4","url":"https:\/\/blogs.uef.fi\/puheenvuoroja\/author\/viestinta\/"}]}},"_links":{"self":[{"href":"https:\/\/blogs.uef.fi\/puheenvuoroja\/wp-json\/wp\/v2\/posts\/153","targetHints":{"allow":["GET"]}}],"collection":[{"href":"https:\/\/blogs.uef.fi\/puheenvuoroja\/wp-json\/wp\/v2\/posts"}],"about":[{"href":"https:\/\/blogs.uef.fi\/puheenvuoroja\/wp-json\/wp\/v2\/types\/post"}],"author":[{"embeddable":true,"href":"https:\/\/blogs.uef.fi\/puheenvuoroja\/wp-json\/wp\/v2\/users\/7"}],"replies":[{"embeddable":true,"href":"https:\/\/blogs.uef.fi\/puheenvuoroja\/wp-json\/wp\/v2\/comments?post=153"}],"version-history":[{"count":1,"href":"https:\/\/blogs.uef.fi\/puheenvuoroja\/wp-json\/wp\/v2\/posts\/153\/revisions"}],"predecessor-version":[{"id":3042,"href":"https:\/\/blogs.uef.fi\/puheenvuoroja\/wp-json\/wp\/v2\/posts\/153\/revisions\/3042"}],"wp:attachment":[{"href":"https:\/\/blogs.uef.fi\/puheenvuoroja\/wp-json\/wp\/v2\/media?parent=153"}],"wp:term":[{"taxonomy":"category","embeddable":true,"href":"https:\/\/blogs.uef.fi\/puheenvuoroja\/wp-json\/wp\/v2\/categories?post=153"},{"taxonomy":"post_tag","embeddable":true,"href":"https:\/\/blogs.uef.fi\/puheenvuoroja\/wp-json\/wp\/v2\/tags?post=153"}],"curies":[{"name":"wp","href":"https:\/\/api.w.org\/{rel}","templated":true}]}}