{"id":1395,"date":"2022-02-01T12:38:13","date_gmt":"2022-02-01T10:38:13","guid":{"rendered":"https:\/\/blogs.uef.fi\/puheenvuoroja\/?p=1395"},"modified":"2025-03-20T10:15:49","modified_gmt":"2025-03-20T08:15:49","slug":"rajanylittajien-syvatuntija-pekka-nevalainen-1959-2021","status":"publish","type":"post","link":"https:\/\/blogs.uef.fi\/puheenvuoroja\/2022\/02\/01\/rajanylittajien-syvatuntija-pekka-nevalainen-1959-2021\/","title":{"rendered":"Rajanylitt\u00e4jien syv\u00e4tuntija \u2013 Pekka Nevalainen (1959\u20132021)"},"content":{"rendered":"\n<figure class=\"wp-block-image\"><a href=\"https:\/\/blogs.uef.fi\/puheenvuoroja\/wp-content\/uploads\/sites\/6\/2022\/02\/puheenvuoroja_Nevalainen_Pekka_4531-105x155-002.jpg\"><img loading=\"lazy\" decoding=\"async\" width=\"105\" height=\"155\" src=\"https:\/\/blogs.uef.fi\/puheenvuoroja\/wp-content\/uploads\/sites\/6\/2022\/02\/puheenvuoroja_Nevalainen_Pekka_4531-105x155-002.jpg\" alt=\"\" class=\"wp-image-1398\" \/><\/a><\/figure>\n\n\n\n<p>Historiantutkija, filosofian tohtori, Suomen historian dosentti <strong>Pekka Nevalainen<\/strong> kuoli Joensuussa 3.12.2021. H\u00e4n oli syntynyt Nurmeksen Salmenkyl\u00e4ss\u00e4 7.10.1959. Ylioppilaaksi h\u00e4n kirjoitti Nurmeksen lukiosta v. 1979. Varusmiespalveluksen j\u00e4lkeen opinnot alkoivat silloisen Joensuun korkeakoulun historian laitoksella syksyll\u00e4 1980.<\/p>\n\n\n\n<p>Opiskelutovereihinsa Pekka teki l\u00e4htem\u00e4tt\u00f6m\u00e4n vaikutuksen. H\u00e4net muistetaan opiskelijael\u00e4m\u00e4\u00e4 hieman syrj\u00e4ss\u00e4 tarkkailleena, mutta silti avuliaana, huumorintajuisena ja oman persoonallisen tyylins\u00e4 omanneena herrasmiehen\u00e4. P\u00e4\u00e4tt\u00e4v\u00e4isyys ja rohkeus, jolla h\u00e4n vei opintojaan eteenp\u00e4in, toimi esimerkkin\u00e4 muille. N\u00e4ist\u00e4 piirteist\u00e4 todisti jo ensimm\u00e4isten opinn\u00e4ytet\u00f6iden aiheenvalinta. Viron kautta Suomeen siirrettyjen inkeril\u00e4isten kohtalot jatkosodan ajan Suomessa ei ollut kaikista helpoin tutkimusaihe 1980-luvun alun ilmapiiriss\u00e4. V\u00e4it\u00f6skirja &#8217;Inkeril\u00e4inen siirtov\u00e4ki Suomessa 1940-luvulla&#8217; (1990) oli perusteellinen esitys vuosina 1943\u20131944 Inkerist\u00e4 kuljetettujen yli 63 000 ihmisen vaiheisiin.<\/p>\n\n\n\n<p>Glasnost ja ylip\u00e4\u00e4t\u00e4\u00e4n 1990-luvun alun vapaampi ilmapiiri antoi tilaa Inkerin ja Karjalan historian tutkimukselle. Pekan ja professori Hannes Sihvon toimittama &#8217;Inkeri: historia, kansa, kulttuuri&#8217; (SKS 1991) oli kokonaisesitys, jonka takana oli suuri joukko tutkijoita it\u00e4rajan molemmilta puolilta. Teos valittiin vuoden 1991 tietokirjaksi ja huomioitiin sek\u00e4 Tieto-Finlandian kunniamaininnalla ett\u00e4 Lauri J\u00e4ntin S\u00e4\u00e4ti\u00f6n palkinnolla.<\/p>\n\n\n\n<p>Ahkeraa kirjoittajaa kiinnostivat ihmiskohtalot Suomessa ja it\u00e4isill\u00e4 l\u00e4hialueilla. Laajan artikkelituotannon ohella Pekka oli kirjoittajana ja toimittajana mukana monissa merkitt\u00e4viss\u00e4 ja palkituissa kirjahankkeissa. Pekan, Hannes Sihvon ja professori Heikki Kirkisen toimittama &#8217;Karjalan kansan historia&#8217; (WSOY 1994) sai valtion tiedonjulkistamispalkinnon v. 1995. Tehopari Nevalainen ja Sihvo vastasi my\u00f6s v. 1998 ilmestyneen teoksen &#8217;Karjala: historia, kansa, kulttuuri&#8217; (SKS) toimittamisesta. Pekan sanallisia j\u00e4lki\u00e4 l\u00f6ytyy my\u00f6s Tieto-Finlandialla palkitusta &#8217;Jatkosodan pikkuj\u00e4ttil\u00e4isest\u00e4&#8217; kuin moniosaisesta Viipurin l\u00e4\u00e4nin historiasta.<\/p>\n\n\n\n<p>Yksin Pekan k\u00e4sialaa olivat muun muassa teokset &#8217;Rautaa Inkerin rajoilla. Inkerin kansalliset kamppailut ja Suomi 1918\u20131920&#8217; (Suomen Historiallinen Seura 1996) ja &#8217;Viskoi kuin Luoja kerj\u00e4l\u00e4ist\u00e4. Ven\u00e4j\u00e4n pakolaiset Suomessa 1918\u20131939&#8217; (SKS 1999). N\u00e4ist\u00e4 j\u00e4lkimm\u00e4inen sai Historian Yst\u00e4v\u00e4in Liiton kunniamaininnan vuonna 1999. &#8217;Punaisen myrskyn suomalaiset. Suomalaisten paot ja paluumuutot id\u00e4st\u00e4 1917\u20131939&#8217; (SKS 2002) nosti valokeilaan arkisen tason rajan yli tapahtuneessa kanssak\u00e4ymisess\u00e4 ja ihmisten liikkuvuuden kipe\u00e4n j\u00e4lkin\u00e4yt\u00f6ksen.<\/p>\n\n\n\n<p>Pekkaa ilahduttivat kirjallisuus, luonto ja l\u00e4heiset ihmiset. L\u00e4hipiiri sai nauttia h\u00e4nen oivallisista ruoanlaittotaidoistaan. Pekkaa j\u00e4iv\u00e4t kaipaamaan rakas Tuula sek\u00e4 suuri joukko tutkijakollegoita ja historian yst\u00e4vi\u00e4. Pekan loppuun asti jatkaman tutkimusty\u00f6n tuloksia on postuumisti luvassa painetussa muodossa.<\/p>\n\n\n\n<p><strong>Pekka Kauppinen<\/strong><br><strong>Jukka Kokkonen<\/strong><\/p>\n\n\n\n<p>Kirjoittajat ovat Pekka Nevalaisen opiskelutoveri ja tutkijakollega<\/p>\n","protected":false},"excerpt":{"rendered":"<p>Historiantutkija, filosofian tohtori, Suomen historian dosentti Pekka Nevalainen kuoli Joensuussa 3.12.2021. H\u00e4n oli syntynyt Nurmeksen Salmenkyl\u00e4ss\u00e4 7.10.1959. Ylioppilaaksi h\u00e4n kirjoitti Nurmeksen lukiosta v. 1979. Varusmiespalveluksen j\u00e4lkeen opinnot alkoivat silloisen Joensuun korkeakoulun historian laitoksella syksyll\u00e4 1980. Opiskelutovereihinsa Pekka teki l\u00e4htem\u00e4tt\u00f6m\u00e4n vaikutuksen. H\u00e4net muistetaan opiskelijael\u00e4m\u00e4\u00e4 hieman syrj\u00e4ss\u00e4 tarkkailleena, mutta silti avuliaana, huumorintajuisena ja oman persoonallisen tyylins\u00e4 omanneena [&hellip;]<\/p>\n","protected":false},"author":7,"featured_media":0,"comment_status":"open","ping_status":"closed","sticky":false,"template":"","format":"standard","meta":{"_acf_changed":false,"footnotes":""},"categories":[933,930],"tags":[939,31,936],"class_list":["post-1395","post","type-post","status-publish","format-standard","hentry","category-jukka-kokkonen","category-pekka-kauppinen","tag-historia-ja-maantieteiden-laitos","tag-ita-suomen-yliopisto","tag-muistokirjoitus"],"acf":[],"yoast_head":"<!-- This site is optimized with the Yoast SEO plugin v27.3 - https:\/\/yoast.com\/product\/yoast-seo-wordpress\/ -->\n<title>Rajanylitt\u00e4jien syv\u00e4tuntija \u2013 Pekka Nevalainen (1959\u20132021) - Puheenvuoroja<\/title>\n<meta name=\"robots\" content=\"index, follow, max-snippet:-1, max-image-preview:large, max-video-preview:-1\" \/>\n<link rel=\"canonical\" href=\"https:\/\/blogs.uef.fi\/puheenvuoroja\/2022\/02\/01\/rajanylittajien-syvatuntija-pekka-nevalainen-1959-2021\/\" \/>\n<meta property=\"og:locale\" content=\"fi_FI\" \/>\n<meta property=\"og:type\" content=\"article\" \/>\n<meta property=\"og:title\" content=\"Rajanylitt\u00e4jien syv\u00e4tuntija \u2013 Pekka Nevalainen (1959\u20132021) - Puheenvuoroja\" \/>\n<meta property=\"og:description\" content=\"Historiantutkija, filosofian tohtori, Suomen historian dosentti Pekka Nevalainen kuoli Joensuussa 3.12.2021. H\u00e4n oli syntynyt Nurmeksen Salmenkyl\u00e4ss\u00e4 7.10.1959. Ylioppilaaksi h\u00e4n kirjoitti Nurmeksen lukiosta v. 1979. Varusmiespalveluksen j\u00e4lkeen opinnot alkoivat silloisen Joensuun korkeakoulun historian laitoksella syksyll\u00e4 1980. Opiskelutovereihinsa Pekka teki l\u00e4htem\u00e4tt\u00f6m\u00e4n vaikutuksen. H\u00e4net muistetaan opiskelijael\u00e4m\u00e4\u00e4 hieman syrj\u00e4ss\u00e4 tarkkailleena, mutta silti avuliaana, huumorintajuisena ja oman persoonallisen tyylins\u00e4 omanneena [&hellip;]\" \/>\n<meta property=\"og:url\" content=\"https:\/\/blogs.uef.fi\/puheenvuoroja\/2022\/02\/01\/rajanylittajien-syvatuntija-pekka-nevalainen-1959-2021\/\" \/>\n<meta property=\"og:site_name\" content=\"Puheenvuoroja\" \/>\n<meta property=\"article:published_time\" content=\"2022-02-01T10:38:13+00:00\" \/>\n<meta property=\"article:modified_time\" content=\"2025-03-20T08:15:49+00:00\" \/>\n<meta property=\"og:image\" content=\"https:\/\/blogs.uef.fi\/puheenvuoroja\/wp-content\/uploads\/sites\/6\/2022\/02\/puheenvuoroja_Nevalainen_Pekka_4531-105x155-002.jpg\" \/>\n\t<meta property=\"og:image:width\" content=\"105\" \/>\n\t<meta property=\"og:image:height\" content=\"155\" \/>\n\t<meta property=\"og:image:type\" content=\"image\/jpeg\" \/>\n<meta name=\"author\" content=\"Viestint\u00e4\" \/>\n<meta name=\"twitter:card\" content=\"summary_large_image\" \/>\n<meta name=\"twitter:label1\" content=\"Kirjoittanut\" \/>\n\t<meta name=\"twitter:data1\" content=\"Viestint\u00e4\" \/>\n\t<meta name=\"twitter:label2\" content=\"Arvioitu lukuaika\" \/>\n\t<meta name=\"twitter:data2\" content=\"3 minuuttia\" \/>\n<script type=\"application\/ld+json\" class=\"yoast-schema-graph\">{\"@context\":\"https:\\\/\\\/schema.org\",\"@graph\":[{\"@type\":\"Article\",\"@id\":\"https:\\\/\\\/blogs.uef.fi\\\/puheenvuoroja\\\/2022\\\/02\\\/01\\\/rajanylittajien-syvatuntija-pekka-nevalainen-1959-2021\\\/#article\",\"isPartOf\":{\"@id\":\"https:\\\/\\\/blogs.uef.fi\\\/puheenvuoroja\\\/2022\\\/02\\\/01\\\/rajanylittajien-syvatuntija-pekka-nevalainen-1959-2021\\\/\"},\"author\":{\"name\":\"Viestint\u00e4\",\"@id\":\"https:\\\/\\\/blogs.uef.fi\\\/puheenvuoroja\\\/#\\\/schema\\\/person\\\/23b326ec5bb0d7bd395b6ddbbded3497\"},\"headline\":\"Rajanylitt\u00e4jien syv\u00e4tuntija \u2013 Pekka Nevalainen (1959\u20132021)\",\"datePublished\":\"2022-02-01T10:38:13+00:00\",\"dateModified\":\"2025-03-20T08:15:49+00:00\",\"mainEntityOfPage\":{\"@id\":\"https:\\\/\\\/blogs.uef.fi\\\/puheenvuoroja\\\/2022\\\/02\\\/01\\\/rajanylittajien-syvatuntija-pekka-nevalainen-1959-2021\\\/\"},\"wordCount\":392,\"commentCount\":0,\"image\":{\"@id\":\"https:\\\/\\\/blogs.uef.fi\\\/puheenvuoroja\\\/2022\\\/02\\\/01\\\/rajanylittajien-syvatuntija-pekka-nevalainen-1959-2021\\\/#primaryimage\"},\"thumbnailUrl\":\"https:\\\/\\\/blogs.uef.fi\\\/puheenvuoroja\\\/wp-content\\\/uploads\\\/sites\\\/6\\\/2022\\\/02\\\/puheenvuoroja_Nevalainen_Pekka_4531-105x155-002.jpg\",\"keywords\":[\"Historia- ja maantieteiden laitos\",\"It\u00e4-Suomen yliopisto\",\"Muistokirjoitus\"],\"articleSection\":[\"Jukka Kokkonen\",\"Pekka Kauppinen\"],\"inLanguage\":\"fi\",\"potentialAction\":[{\"@type\":\"CommentAction\",\"name\":\"Comment\",\"target\":[\"https:\\\/\\\/blogs.uef.fi\\\/puheenvuoroja\\\/2022\\\/02\\\/01\\\/rajanylittajien-syvatuntija-pekka-nevalainen-1959-2021\\\/#respond\"]}]},{\"@type\":\"WebPage\",\"@id\":\"https:\\\/\\\/blogs.uef.fi\\\/puheenvuoroja\\\/2022\\\/02\\\/01\\\/rajanylittajien-syvatuntija-pekka-nevalainen-1959-2021\\\/\",\"url\":\"https:\\\/\\\/blogs.uef.fi\\\/puheenvuoroja\\\/2022\\\/02\\\/01\\\/rajanylittajien-syvatuntija-pekka-nevalainen-1959-2021\\\/\",\"name\":\"Rajanylitt\u00e4jien syv\u00e4tuntija \u2013 Pekka Nevalainen (1959\u20132021) - Puheenvuoroja\",\"isPartOf\":{\"@id\":\"https:\\\/\\\/blogs.uef.fi\\\/puheenvuoroja\\\/#website\"},\"primaryImageOfPage\":{\"@id\":\"https:\\\/\\\/blogs.uef.fi\\\/puheenvuoroja\\\/2022\\\/02\\\/01\\\/rajanylittajien-syvatuntija-pekka-nevalainen-1959-2021\\\/#primaryimage\"},\"image\":{\"@id\":\"https:\\\/\\\/blogs.uef.fi\\\/puheenvuoroja\\\/2022\\\/02\\\/01\\\/rajanylittajien-syvatuntija-pekka-nevalainen-1959-2021\\\/#primaryimage\"},\"thumbnailUrl\":\"https:\\\/\\\/blogs.uef.fi\\\/puheenvuoroja\\\/wp-content\\\/uploads\\\/sites\\\/6\\\/2022\\\/02\\\/puheenvuoroja_Nevalainen_Pekka_4531-105x155-002.jpg\",\"datePublished\":\"2022-02-01T10:38:13+00:00\",\"dateModified\":\"2025-03-20T08:15:49+00:00\",\"author\":{\"@id\":\"https:\\\/\\\/blogs.uef.fi\\\/puheenvuoroja\\\/#\\\/schema\\\/person\\\/23b326ec5bb0d7bd395b6ddbbded3497\"},\"breadcrumb\":{\"@id\":\"https:\\\/\\\/blogs.uef.fi\\\/puheenvuoroja\\\/2022\\\/02\\\/01\\\/rajanylittajien-syvatuntija-pekka-nevalainen-1959-2021\\\/#breadcrumb\"},\"inLanguage\":\"fi\",\"potentialAction\":[{\"@type\":\"ReadAction\",\"target\":[\"https:\\\/\\\/blogs.uef.fi\\\/puheenvuoroja\\\/2022\\\/02\\\/01\\\/rajanylittajien-syvatuntija-pekka-nevalainen-1959-2021\\\/\"]}]},{\"@type\":\"ImageObject\",\"inLanguage\":\"fi\",\"@id\":\"https:\\\/\\\/blogs.uef.fi\\\/puheenvuoroja\\\/2022\\\/02\\\/01\\\/rajanylittajien-syvatuntija-pekka-nevalainen-1959-2021\\\/#primaryimage\",\"url\":\"https:\\\/\\\/blogs.uef.fi\\\/puheenvuoroja\\\/wp-content\\\/uploads\\\/sites\\\/6\\\/2022\\\/02\\\/puheenvuoroja_Nevalainen_Pekka_4531-105x155-002.jpg\",\"contentUrl\":\"https:\\\/\\\/blogs.uef.fi\\\/puheenvuoroja\\\/wp-content\\\/uploads\\\/sites\\\/6\\\/2022\\\/02\\\/puheenvuoroja_Nevalainen_Pekka_4531-105x155-002.jpg\",\"width\":105,\"height\":155},{\"@type\":\"BreadcrumbList\",\"@id\":\"https:\\\/\\\/blogs.uef.fi\\\/puheenvuoroja\\\/2022\\\/02\\\/01\\\/rajanylittajien-syvatuntija-pekka-nevalainen-1959-2021\\\/#breadcrumb\",\"itemListElement\":[{\"@type\":\"ListItem\",\"position\":1,\"name\":\"Home\",\"item\":\"https:\\\/\\\/blogs.uef.fi\\\/puheenvuoroja\\\/\"},{\"@type\":\"ListItem\",\"position\":2,\"name\":\"Rajanylitt\u00e4jien syv\u00e4tuntija \u2013 Pekka Nevalainen (1959\u20132021)\"}]},{\"@type\":\"WebSite\",\"@id\":\"https:\\\/\\\/blogs.uef.fi\\\/puheenvuoroja\\\/#website\",\"url\":\"https:\\\/\\\/blogs.uef.fi\\\/puheenvuoroja\\\/\",\"name\":\"Puheenvuoroja\",\"description\":\"\",\"potentialAction\":[{\"@type\":\"SearchAction\",\"target\":{\"@type\":\"EntryPoint\",\"urlTemplate\":\"https:\\\/\\\/blogs.uef.fi\\\/puheenvuoroja\\\/?s={search_term_string}\"},\"query-input\":{\"@type\":\"PropertyValueSpecification\",\"valueRequired\":true,\"valueName\":\"search_term_string\"}}],\"inLanguage\":\"fi\"},{\"@type\":\"Person\",\"@id\":\"https:\\\/\\\/blogs.uef.fi\\\/puheenvuoroja\\\/#\\\/schema\\\/person\\\/23b326ec5bb0d7bd395b6ddbbded3497\",\"name\":\"Viestint\u00e4\",\"url\":\"https:\\\/\\\/blogs.uef.fi\\\/puheenvuoroja\\\/author\\\/viestinta\\\/\"}]}<\/script>\n<!-- \/ Yoast SEO plugin. -->","yoast_head_json":{"title":"Rajanylitt\u00e4jien syv\u00e4tuntija \u2013 Pekka Nevalainen (1959\u20132021) - Puheenvuoroja","robots":{"index":"index","follow":"follow","max-snippet":"max-snippet:-1","max-image-preview":"max-image-preview:large","max-video-preview":"max-video-preview:-1"},"canonical":"https:\/\/blogs.uef.fi\/puheenvuoroja\/2022\/02\/01\/rajanylittajien-syvatuntija-pekka-nevalainen-1959-2021\/","og_locale":"fi_FI","og_type":"article","og_title":"Rajanylitt\u00e4jien syv\u00e4tuntija \u2013 Pekka Nevalainen (1959\u20132021) - Puheenvuoroja","og_description":"Historiantutkija, filosofian tohtori, Suomen historian dosentti Pekka Nevalainen kuoli Joensuussa 3.12.2021. H\u00e4n oli syntynyt Nurmeksen Salmenkyl\u00e4ss\u00e4 7.10.1959. Ylioppilaaksi h\u00e4n kirjoitti Nurmeksen lukiosta v. 1979. Varusmiespalveluksen j\u00e4lkeen opinnot alkoivat silloisen Joensuun korkeakoulun historian laitoksella syksyll\u00e4 1980. Opiskelutovereihinsa Pekka teki l\u00e4htem\u00e4tt\u00f6m\u00e4n vaikutuksen. H\u00e4net muistetaan opiskelijael\u00e4m\u00e4\u00e4 hieman syrj\u00e4ss\u00e4 tarkkailleena, mutta silti avuliaana, huumorintajuisena ja oman persoonallisen tyylins\u00e4 omanneena [&hellip;]","og_url":"https:\/\/blogs.uef.fi\/puheenvuoroja\/2022\/02\/01\/rajanylittajien-syvatuntija-pekka-nevalainen-1959-2021\/","og_site_name":"Puheenvuoroja","article_published_time":"2022-02-01T10:38:13+00:00","article_modified_time":"2025-03-20T08:15:49+00:00","og_image":[{"width":105,"height":155,"url":"https:\/\/blogs.uef.fi\/puheenvuoroja\/wp-content\/uploads\/sites\/6\/2022\/02\/puheenvuoroja_Nevalainen_Pekka_4531-105x155-002.jpg","type":"image\/jpeg"}],"author":"Viestint\u00e4","twitter_card":"summary_large_image","twitter_misc":{"Kirjoittanut":"Viestint\u00e4","Arvioitu lukuaika":"3 minuuttia"},"schema":{"@context":"https:\/\/schema.org","@graph":[{"@type":"Article","@id":"https:\/\/blogs.uef.fi\/puheenvuoroja\/2022\/02\/01\/rajanylittajien-syvatuntija-pekka-nevalainen-1959-2021\/#article","isPartOf":{"@id":"https:\/\/blogs.uef.fi\/puheenvuoroja\/2022\/02\/01\/rajanylittajien-syvatuntija-pekka-nevalainen-1959-2021\/"},"author":{"name":"Viestint\u00e4","@id":"https:\/\/blogs.uef.fi\/puheenvuoroja\/#\/schema\/person\/23b326ec5bb0d7bd395b6ddbbded3497"},"headline":"Rajanylitt\u00e4jien syv\u00e4tuntija \u2013 Pekka Nevalainen (1959\u20132021)","datePublished":"2022-02-01T10:38:13+00:00","dateModified":"2025-03-20T08:15:49+00:00","mainEntityOfPage":{"@id":"https:\/\/blogs.uef.fi\/puheenvuoroja\/2022\/02\/01\/rajanylittajien-syvatuntija-pekka-nevalainen-1959-2021\/"},"wordCount":392,"commentCount":0,"image":{"@id":"https:\/\/blogs.uef.fi\/puheenvuoroja\/2022\/02\/01\/rajanylittajien-syvatuntija-pekka-nevalainen-1959-2021\/#primaryimage"},"thumbnailUrl":"https:\/\/blogs.uef.fi\/puheenvuoroja\/wp-content\/uploads\/sites\/6\/2022\/02\/puheenvuoroja_Nevalainen_Pekka_4531-105x155-002.jpg","keywords":["Historia- ja maantieteiden laitos","It\u00e4-Suomen yliopisto","Muistokirjoitus"],"articleSection":["Jukka Kokkonen","Pekka Kauppinen"],"inLanguage":"fi","potentialAction":[{"@type":"CommentAction","name":"Comment","target":["https:\/\/blogs.uef.fi\/puheenvuoroja\/2022\/02\/01\/rajanylittajien-syvatuntija-pekka-nevalainen-1959-2021\/#respond"]}]},{"@type":"WebPage","@id":"https:\/\/blogs.uef.fi\/puheenvuoroja\/2022\/02\/01\/rajanylittajien-syvatuntija-pekka-nevalainen-1959-2021\/","url":"https:\/\/blogs.uef.fi\/puheenvuoroja\/2022\/02\/01\/rajanylittajien-syvatuntija-pekka-nevalainen-1959-2021\/","name":"Rajanylitt\u00e4jien syv\u00e4tuntija \u2013 Pekka Nevalainen (1959\u20132021) - Puheenvuoroja","isPartOf":{"@id":"https:\/\/blogs.uef.fi\/puheenvuoroja\/#website"},"primaryImageOfPage":{"@id":"https:\/\/blogs.uef.fi\/puheenvuoroja\/2022\/02\/01\/rajanylittajien-syvatuntija-pekka-nevalainen-1959-2021\/#primaryimage"},"image":{"@id":"https:\/\/blogs.uef.fi\/puheenvuoroja\/2022\/02\/01\/rajanylittajien-syvatuntija-pekka-nevalainen-1959-2021\/#primaryimage"},"thumbnailUrl":"https:\/\/blogs.uef.fi\/puheenvuoroja\/wp-content\/uploads\/sites\/6\/2022\/02\/puheenvuoroja_Nevalainen_Pekka_4531-105x155-002.jpg","datePublished":"2022-02-01T10:38:13+00:00","dateModified":"2025-03-20T08:15:49+00:00","author":{"@id":"https:\/\/blogs.uef.fi\/puheenvuoroja\/#\/schema\/person\/23b326ec5bb0d7bd395b6ddbbded3497"},"breadcrumb":{"@id":"https:\/\/blogs.uef.fi\/puheenvuoroja\/2022\/02\/01\/rajanylittajien-syvatuntija-pekka-nevalainen-1959-2021\/#breadcrumb"},"inLanguage":"fi","potentialAction":[{"@type":"ReadAction","target":["https:\/\/blogs.uef.fi\/puheenvuoroja\/2022\/02\/01\/rajanylittajien-syvatuntija-pekka-nevalainen-1959-2021\/"]}]},{"@type":"ImageObject","inLanguage":"fi","@id":"https:\/\/blogs.uef.fi\/puheenvuoroja\/2022\/02\/01\/rajanylittajien-syvatuntija-pekka-nevalainen-1959-2021\/#primaryimage","url":"https:\/\/blogs.uef.fi\/puheenvuoroja\/wp-content\/uploads\/sites\/6\/2022\/02\/puheenvuoroja_Nevalainen_Pekka_4531-105x155-002.jpg","contentUrl":"https:\/\/blogs.uef.fi\/puheenvuoroja\/wp-content\/uploads\/sites\/6\/2022\/02\/puheenvuoroja_Nevalainen_Pekka_4531-105x155-002.jpg","width":105,"height":155},{"@type":"BreadcrumbList","@id":"https:\/\/blogs.uef.fi\/puheenvuoroja\/2022\/02\/01\/rajanylittajien-syvatuntija-pekka-nevalainen-1959-2021\/#breadcrumb","itemListElement":[{"@type":"ListItem","position":1,"name":"Home","item":"https:\/\/blogs.uef.fi\/puheenvuoroja\/"},{"@type":"ListItem","position":2,"name":"Rajanylitt\u00e4jien syv\u00e4tuntija \u2013 Pekka Nevalainen (1959\u20132021)"}]},{"@type":"WebSite","@id":"https:\/\/blogs.uef.fi\/puheenvuoroja\/#website","url":"https:\/\/blogs.uef.fi\/puheenvuoroja\/","name":"Puheenvuoroja","description":"","potentialAction":[{"@type":"SearchAction","target":{"@type":"EntryPoint","urlTemplate":"https:\/\/blogs.uef.fi\/puheenvuoroja\/?s={search_term_string}"},"query-input":{"@type":"PropertyValueSpecification","valueRequired":true,"valueName":"search_term_string"}}],"inLanguage":"fi"},{"@type":"Person","@id":"https:\/\/blogs.uef.fi\/puheenvuoroja\/#\/schema\/person\/23b326ec5bb0d7bd395b6ddbbded3497","name":"Viestint\u00e4","url":"https:\/\/blogs.uef.fi\/puheenvuoroja\/author\/viestinta\/"}]}},"_links":{"self":[{"href":"https:\/\/blogs.uef.fi\/puheenvuoroja\/wp-json\/wp\/v2\/posts\/1395","targetHints":{"allow":["GET"]}}],"collection":[{"href":"https:\/\/blogs.uef.fi\/puheenvuoroja\/wp-json\/wp\/v2\/posts"}],"about":[{"href":"https:\/\/blogs.uef.fi\/puheenvuoroja\/wp-json\/wp\/v2\/types\/post"}],"author":[{"embeddable":true,"href":"https:\/\/blogs.uef.fi\/puheenvuoroja\/wp-json\/wp\/v2\/users\/7"}],"replies":[{"embeddable":true,"href":"https:\/\/blogs.uef.fi\/puheenvuoroja\/wp-json\/wp\/v2\/comments?post=1395"}],"version-history":[{"count":2,"href":"https:\/\/blogs.uef.fi\/puheenvuoroja\/wp-json\/wp\/v2\/posts\/1395\/revisions"}],"predecessor-version":[{"id":3146,"href":"https:\/\/blogs.uef.fi\/puheenvuoroja\/wp-json\/wp\/v2\/posts\/1395\/revisions\/3146"}],"wp:attachment":[{"href":"https:\/\/blogs.uef.fi\/puheenvuoroja\/wp-json\/wp\/v2\/media?parent=1395"}],"wp:term":[{"taxonomy":"category","embeddable":true,"href":"https:\/\/blogs.uef.fi\/puheenvuoroja\/wp-json\/wp\/v2\/categories?post=1395"},{"taxonomy":"post_tag","embeddable":true,"href":"https:\/\/blogs.uef.fi\/puheenvuoroja\/wp-json\/wp\/v2\/tags?post=1395"}],"curies":[{"name":"wp","href":"https:\/\/api.w.org\/{rel}","templated":true}]}}