{"id":1380,"date":"2022-01-20T10:34:49","date_gmt":"2022-01-20T08:34:49","guid":{"rendered":"https:\/\/blogs.uef.fi\/puheenvuoroja\/?p=1380"},"modified":"2025-03-20T10:13:02","modified_gmt":"2025-03-20T08:13:02","slug":"esityslistalla-lopullinen-ratkaisu-mita-olemme-oppineet-80-vuodessa","status":"publish","type":"post","link":"https:\/\/blogs.uef.fi\/puheenvuoroja\/2022\/01\/20\/esityslistalla-lopullinen-ratkaisu-mita-olemme-oppineet-80-vuodessa\/","title":{"rendered":"Esityslistalla lopullinen ratkaisu: mit\u00e4 olemme oppineet 80 vuodessa?"},"content":{"rendered":"\n<p>T\u00e4n\u00e4\u00e4n, p\u00e4iv\u00e4lleen kahdeksankymment\u00e4 vuotta sitten, 20. tammikuuta 1942, Wannsee-huvilalla, Berliinin lounaiskolkassa, kokoontui joukko korkea-arvoisia natsipuolueen ja Saksan hallituksen edustajia. Kokouksen esityslistalla oli yksi asia: lopullisen ratkaisun \u2013 Euroopan juutalaisten tuhoamisen \u2013 toimeenpaneminen. P\u00e4\u00e4t\u00f6sten tekeminen kesti puolitoista tuntia.<\/p>\n\n\n\n<p>T\u00e4m\u00e4 Wannseen konferenssin nimell\u00e4 tunnettu tilaisuus oli historiallinen: kokouksen p\u00f6yt\u00e4kirja (tai pikemminkin p\u00e4\u00e4t\u00f6sasiakirja) on s\u00e4ilynyt meille sellaisenaan ja on ainutlaatuinen dokumentti p\u00e4\u00e4t\u00f6ksest\u00e4 panna toimeen miljoonien ihmisten systemaattinen murhaaminen. T\u00e4m\u00e4 viisitoistasivuinen, nopealukuinen asiakirja on t\u00e4ll\u00e4kin hetkell\u00e4 saatavissa <a href=\"https:\/\/www.ghwk.de\/\">Wannseen konferenssin museon internetsivuilta<\/a>. P\u00f6yt\u00e4kirjoja laadittiin vain kolmekymment\u00e4 kappaletta. Historian ivaa on, ett\u00e4 yksi n\u00e4ist\u00e4 on s\u00e4ilynyt meille ainoastaan siksi, ett\u00e4 er\u00e4s kokouksen osallistujista, ulkoministeri\u00f6n alivaltiosihteeri <strong>Martin Luther<\/strong>, ei p\u00e4\u00e4ssyt sodan lopussa tuhoamaan hallussaan olleita dokumentteja \u2013 kun oli n\u00e4et itse p\u00e4\u00e4tynyt muutama vuosi kokouksen j\u00e4lkeen keskitysleirivangiksi.<\/p>\n\n\n\n<p>Kokousta ei kuitenkaan voida pit\u00e4\u00e4 ainutkertaisena tai jonkinlaisena joukkotuhotoimenpiteiden alkul\u00e4hteen\u00e4. Laajamittaiset siviiliv\u00e4est\u00f6\u00f6n ja erityisesti juutalaisiin kohdistetut sortotoimenpiteet ja teloitukset oli aloitettu v\u00e4litt\u00f6m\u00e4sti sodan alettua, ja ne kiihtyiv\u00e4t Saksan Neuvostoliitolta valloittamilla alueilla. My\u00f6s Be\u0142\u017cecin tuhoamisleirin, ensimm\u00e4isen yksinomaan ihmisten tappamiseen tarkoitetun laitoksen rakentaminen oli aloitettu jo syksyll\u00e4 1941. Kokouksessa pyrittiinkin ennen kaikkea p\u00e4\u00e4sem\u00e4\u00e4n yhteisymm\u00e4rrykseen niist\u00e4 k\u00e4yt\u00e4nn\u00f6n toimenpiteist\u00e4, joilla jo aloitettua toimintaa voitaisiin koordinoida ja tehostaa. Wannseen konferenssin historiallisuus liittyy ennen kaikkea siihen byrokraattiseen ja systemaattiseen otteeseen, jolla kokouksen aihetta k\u00e4siteltiin: t\u00e4ss\u00e4 tilaisuudessa juutalaisten joukkotuho muuttui hallinnolliseksi haasteeksi.<\/p>\n\n\n\n<p>Ihmiskunnan historiasta l\u00f6ytyy paljon hirmutekoja, valitettavasti. Erityisen natsi-Saksan tapahtumista tekee se n\u00e4enn\u00e4istieteellinen byrokratia, jonka puitteissa rasistinen murhaaminen toteutettiin. Juuri t\u00e4st\u00e4 Wannseen konferenssi on konkreettinen esimerkki. Kokous ei ollut ainoastaan korkeatasoisesti organisoitu, vaan sen osallistujajoukko oli poikkeuksellisen sivistynytt\u00e4: yli puolella l\u00e4sn\u00e4olijoista oli tohtorin tutkinto.<\/p>\n\n\n\n<p>My\u00f6s kokouksen asiasis\u00e4lt\u00f6 oli abstraktiotasoltaan korkea: keskeisen\u00e4 kysymyksen\u00e4 oli \u201djuutalaisuuden\u201d m\u00e4\u00e4rittely, ja erityisesti \u201dsekarotuisten\u201d (Mischlinge) \u2013 juutalaisia isovanhempia omaavien henkil\u00f6iden \u2013 kohtelu. Hallinnolliseksi kysymykseksi k\u00e4\u00e4nnettyn\u00e4: keit\u00e4 kaikkia lopullinen ratkaisu koskee? P\u00e4\u00e4dymme rasistisen ideologian perusproblematiikkaan: kuinka m\u00e4\u00e4ritell\u00e4 \u201dme\u201d ja \u201dne\u201d, kun todellisuudessa olemme kaikki samaa jatkumoa? Historiallisen Wannseen konferenssista tekee se, ett\u00e4 t\u00e4m\u00e4 kysymys on siin\u00e4 konkreettisesti l\u00e4sn\u00e4 \u2013 ja tiett\u00e4v\u00e4sti siit\u00e4 jopa v\u00e4iteltiin.<\/p>\n\n\n\n<p>Samalla kokous on historiallinen sen suhteen, mink\u00e4lainen pannukakku sen johtop\u00e4\u00e4t\u00f6ksist\u00e4 tulee. Lopulta p\u00e4\u00e4dyt\u00e4\u00e4n toteamaan, ett\u00e4 \u201derityisen ep\u00e4edullisen rodullisen ulkon\u00e4\u00f6n\u201d omaavat \u201dsekarotuiset\u201d henkil\u00f6t lasketaan juutalaisiksi \u201dpuhtaasti ulkon\u00e4\u00f6n perusteella\u201d, ja samoin toimitaan, jos \u201derityisen negatiivinen lainvalvonnallinen tai poliittinen arvio\u201d osoittaa, ett\u00e4 henkil\u00f6 \u201dtuntuu ja k\u00e4ytt\u00e4ytyy kuten juutalainen\u201d. T\u00e4st\u00e4 on tieteellinen \u201drodunm\u00e4\u00e4ritys\u201d kaukana \u2013 lopulta p\u00e4\u00e4dyt\u00e4\u00e4n siihen, ett\u00e4 jokin ulkon\u00e4k\u00f6 tai k\u00e4ytt\u00e4ytymispiirre ei vain satu miellytt\u00e4m\u00e4\u00e4n.<\/p>\n\n\n\n<p>T\u00e4st\u00e4 on kahdeksankymment\u00e4 vuotta. Mit\u00e4 olemme oppineet? On helppo sanoa: emme mit\u00e4\u00e4n \u2013 populistinen rasismi, vihapuhe ja totalitarismin ihannointi voi kenties paremmin kuin koskaan sitten toisen maailmansodan p\u00e4\u00e4ttymisen. Itse olen kuitenkin optimistisempi. Oli t\u00e4llaisen poliittisen ajattelutavan yleisyydest\u00e4 mit\u00e4 mielt\u00e4 tahansa, yksi asia poikkeaa n\u00e4hd\u00e4kseni kahdeksankymmenen vuoden takaisesta: tiedeyhteis\u00f6 on sanoutunut sellaisesta selke\u00e4sti irti. Natsi-ideologialle oli oleellista pyrkimys asettaa se sopusointuun tuon ajan muotitieteiden kanssa \u2013 erityisesti sosiaalidarvinismin, perinn\u00f6llisyystieteen ja biologisen antropologian kanssa. Nyt on toisin: populistiset poliitikot ovat tyypillisesti avoimen tiedevastaisia \u2013 tai \u201dkriittisi\u00e4\u201d.<\/p>\n\n\n\n<p>Natsi-Saksan suhde aikansa tieteeseen ei tietenk\u00e4\u00e4n ole mitenk\u00e4\u00e4n yksioikoinen \u2013 monta tieteen- ja kulttuurinalaa vastaan my\u00f6s hy\u00f6k\u00e4ttiin. Eik\u00e4 toisaalta pid\u00e4 ajatella, ett\u00e4 tiede olisi nyt saavuttanut jonkun taianomaisen aseman, jossa se olisi t\u00e4ysin poliittisten ja kulttuuristen vaikutteiden ulottumattomissa. Mutta uskallan v\u00e4itt\u00e4\u00e4, ett\u00e4 jotakin on opittu: n\u00e4en vaikeana valjastaa tiedett\u00e4 samanlaisiin poliittisiin tarkoitusperiin kuin kahdeksankymment\u00e4 vuotta sitten \u2013 etenk\u00e4\u00e4n biologiaa ja l\u00e4\u00e4ketiedett\u00e4, joiden nykyinen eettinen s\u00e4\u00e4tely syntyi pitk\u00e4lle reaktiona siihen, mit\u00e4 tuolloin tapahtui. Tietysti uudet alat voivat tuoda uusia uhkia. Huolissaan en kuitenkaan juuri t\u00e4ll\u00e4 hetkell\u00e4 olisi \u2013 mutta valppaana on aina syyt\u00e4 olla.<\/p>\n\n\n\n<figure class=\"wp-block-image\"><a href=\"https:\/\/blogs.uef.fi\/puheenvuoroja\/wp-content\/uploads\/sites\/6\/2021\/04\/Tuomas_Pernu.jpg\"><img loading=\"lazy\" decoding=\"async\" width=\"155\" height=\"155\" src=\"https:\/\/blogs.uef.fi\/puheenvuoroja\/wp-content\/uploads\/sites\/6\/2021\/04\/Tuomas_Pernu.jpg\" alt=\"Tuomas Pernu.\" class=\"wp-image-1048\" srcset=\"https:\/\/blogs.uef.fi\/puheenvuoroja\/wp-content\/uploads\/sites\/6\/2021\/04\/Tuomas_Pernu.jpg 155w, https:\/\/blogs.uef.fi\/puheenvuoroja\/wp-content\/uploads\/sites\/6\/2021\/04\/Tuomas_Pernu-150x150.jpg 150w, https:\/\/blogs.uef.fi\/puheenvuoroja\/wp-content\/uploads\/sites\/6\/2021\/04\/Tuomas_Pernu-100x100.jpg 100w\" sizes=\"auto, (max-width: 155px) 100vw, 155px\" \/><\/a><\/figure>\n\n\n\n<p><strong>Tuomas K. Pernu<br><\/strong>Tieteenfilosofian ja tutkimusetiikan yliopistonlehtori<br>It\u00e4-Suomen yliopisto<\/p>\n\n\n\n<p>&nbsp;<\/p>\n\n\n\n<p>&nbsp;<\/p>\n","protected":false},"excerpt":{"rendered":"<p>T\u00e4n\u00e4\u00e4n, p\u00e4iv\u00e4lleen kahdeksankymment\u00e4 vuotta sitten, 20. tammikuuta 1942, Wannsee-huvilalla, Berliinin lounaiskolkassa, kokoontui joukko korkea-arvoisia natsipuolueen ja Saksan hallituksen edustajia. Kokouksen esityslistalla oli yksi asia: lopullisen ratkaisun \u2013 Euroopan juutalaisten tuhoamisen \u2013 toimeenpaneminen. P\u00e4\u00e4t\u00f6sten tekeminen kesti puolitoista tuntia. T\u00e4m\u00e4 Wannseen konferenssin nimell\u00e4 tunnettu tilaisuus oli historiallinen: kokouksen p\u00f6yt\u00e4kirja (tai pikemminkin p\u00e4\u00e4t\u00f6sasiakirja) on s\u00e4ilynyt meille sellaisenaan ja [&hellip;]<\/p>\n","protected":false},"author":192,"featured_media":0,"comment_status":"open","ping_status":"closed","sticky":false,"template":"","format":"standard","meta":{"_acf_changed":false,"footnotes":""},"categories":[781],"tags":[844,556,784],"class_list":["post-1380","post","type-post","status-publish","format-standard","hentry","category-tuomas-pernu","tag-historia","tag-rasismi","tag-tieteenfilosofia"],"acf":[],"yoast_head":"<!-- This site is optimized with the Yoast SEO plugin v27.3 - https:\/\/yoast.com\/product\/yoast-seo-wordpress\/ -->\n<title>Esityslistalla lopullinen ratkaisu: mit\u00e4 olemme oppineet 80 vuodessa? - Puheenvuoroja<\/title>\n<meta name=\"robots\" content=\"index, follow, max-snippet:-1, max-image-preview:large, max-video-preview:-1\" \/>\n<link rel=\"canonical\" href=\"https:\/\/blogs.uef.fi\/puheenvuoroja\/2022\/01\/20\/esityslistalla-lopullinen-ratkaisu-mita-olemme-oppineet-80-vuodessa\/\" \/>\n<meta property=\"og:locale\" content=\"fi_FI\" \/>\n<meta property=\"og:type\" content=\"article\" \/>\n<meta property=\"og:title\" content=\"Esityslistalla lopullinen ratkaisu: mit\u00e4 olemme oppineet 80 vuodessa? - Puheenvuoroja\" \/>\n<meta property=\"og:description\" content=\"T\u00e4n\u00e4\u00e4n, p\u00e4iv\u00e4lleen kahdeksankymment\u00e4 vuotta sitten, 20. tammikuuta 1942, Wannsee-huvilalla, Berliinin lounaiskolkassa, kokoontui joukko korkea-arvoisia natsipuolueen ja Saksan hallituksen edustajia. Kokouksen esityslistalla oli yksi asia: lopullisen ratkaisun \u2013 Euroopan juutalaisten tuhoamisen \u2013 toimeenpaneminen. P\u00e4\u00e4t\u00f6sten tekeminen kesti puolitoista tuntia. T\u00e4m\u00e4 Wannseen konferenssin nimell\u00e4 tunnettu tilaisuus oli historiallinen: kokouksen p\u00f6yt\u00e4kirja (tai pikemminkin p\u00e4\u00e4t\u00f6sasiakirja) on s\u00e4ilynyt meille sellaisenaan ja [&hellip;]\" \/>\n<meta property=\"og:url\" content=\"https:\/\/blogs.uef.fi\/puheenvuoroja\/2022\/01\/20\/esityslistalla-lopullinen-ratkaisu-mita-olemme-oppineet-80-vuodessa\/\" \/>\n<meta property=\"og:site_name\" content=\"Puheenvuoroja\" \/>\n<meta property=\"article:published_time\" content=\"2022-01-20T08:34:49+00:00\" \/>\n<meta property=\"article:modified_time\" content=\"2025-03-20T08:13:02+00:00\" \/>\n<meta property=\"og:image\" content=\"https:\/\/blogs.uef.fi\/puheenvuoroja\/wp-content\/uploads\/sites\/6\/2021\/04\/Tuomas_Pernu.jpg\" \/>\n\t<meta property=\"og:image:width\" content=\"155\" \/>\n\t<meta property=\"og:image:height\" content=\"155\" \/>\n\t<meta property=\"og:image:type\" content=\"image\/jpeg\" \/>\n<meta name=\"author\" content=\"Viestint\u00e4\" \/>\n<meta name=\"twitter:card\" content=\"summary_large_image\" \/>\n<meta name=\"twitter:label1\" content=\"Kirjoittanut\" \/>\n\t<meta name=\"twitter:data1\" content=\"Viestint\u00e4\" \/>\n\t<meta name=\"twitter:label2\" content=\"Arvioitu lukuaika\" \/>\n\t<meta name=\"twitter:data2\" content=\"4 minuuttia\" \/>\n<script type=\"application\/ld+json\" class=\"yoast-schema-graph\">{\"@context\":\"https:\\\/\\\/schema.org\",\"@graph\":[{\"@type\":\"Article\",\"@id\":\"https:\\\/\\\/blogs.uef.fi\\\/puheenvuoroja\\\/2022\\\/01\\\/20\\\/esityslistalla-lopullinen-ratkaisu-mita-olemme-oppineet-80-vuodessa\\\/#article\",\"isPartOf\":{\"@id\":\"https:\\\/\\\/blogs.uef.fi\\\/puheenvuoroja\\\/2022\\\/01\\\/20\\\/esityslistalla-lopullinen-ratkaisu-mita-olemme-oppineet-80-vuodessa\\\/\"},\"author\":{\"name\":\"Viestint\u00e4\",\"@id\":\"https:\\\/\\\/blogs.uef.fi\\\/puheenvuoroja\\\/#\\\/schema\\\/person\\\/e561f7cf950913045543e3bbd3efa957\"},\"headline\":\"Esityslistalla lopullinen ratkaisu: mit\u00e4 olemme oppineet 80 vuodessa?\",\"datePublished\":\"2022-01-20T08:34:49+00:00\",\"dateModified\":\"2025-03-20T08:13:02+00:00\",\"mainEntityOfPage\":{\"@id\":\"https:\\\/\\\/blogs.uef.fi\\\/puheenvuoroja\\\/2022\\\/01\\\/20\\\/esityslistalla-lopullinen-ratkaisu-mita-olemme-oppineet-80-vuodessa\\\/\"},\"wordCount\":657,\"commentCount\":0,\"image\":{\"@id\":\"https:\\\/\\\/blogs.uef.fi\\\/puheenvuoroja\\\/2022\\\/01\\\/20\\\/esityslistalla-lopullinen-ratkaisu-mita-olemme-oppineet-80-vuodessa\\\/#primaryimage\"},\"thumbnailUrl\":\"https:\\\/\\\/blogs.uef.fi\\\/puheenvuoroja\\\/wp-content\\\/uploads\\\/sites\\\/6\\\/2021\\\/04\\\/Tuomas_Pernu.jpg\",\"keywords\":[\"historia\",\"rasismi\",\"tieteenfilosofia\"],\"articleSection\":[\"Tuomas Pernu\"],\"inLanguage\":\"fi\",\"potentialAction\":[{\"@type\":\"CommentAction\",\"name\":\"Comment\",\"target\":[\"https:\\\/\\\/blogs.uef.fi\\\/puheenvuoroja\\\/2022\\\/01\\\/20\\\/esityslistalla-lopullinen-ratkaisu-mita-olemme-oppineet-80-vuodessa\\\/#respond\"]}]},{\"@type\":\"WebPage\",\"@id\":\"https:\\\/\\\/blogs.uef.fi\\\/puheenvuoroja\\\/2022\\\/01\\\/20\\\/esityslistalla-lopullinen-ratkaisu-mita-olemme-oppineet-80-vuodessa\\\/\",\"url\":\"https:\\\/\\\/blogs.uef.fi\\\/puheenvuoroja\\\/2022\\\/01\\\/20\\\/esityslistalla-lopullinen-ratkaisu-mita-olemme-oppineet-80-vuodessa\\\/\",\"name\":\"Esityslistalla lopullinen ratkaisu: mit\u00e4 olemme oppineet 80 vuodessa? - Puheenvuoroja\",\"isPartOf\":{\"@id\":\"https:\\\/\\\/blogs.uef.fi\\\/puheenvuoroja\\\/#website\"},\"primaryImageOfPage\":{\"@id\":\"https:\\\/\\\/blogs.uef.fi\\\/puheenvuoroja\\\/2022\\\/01\\\/20\\\/esityslistalla-lopullinen-ratkaisu-mita-olemme-oppineet-80-vuodessa\\\/#primaryimage\"},\"image\":{\"@id\":\"https:\\\/\\\/blogs.uef.fi\\\/puheenvuoroja\\\/2022\\\/01\\\/20\\\/esityslistalla-lopullinen-ratkaisu-mita-olemme-oppineet-80-vuodessa\\\/#primaryimage\"},\"thumbnailUrl\":\"https:\\\/\\\/blogs.uef.fi\\\/puheenvuoroja\\\/wp-content\\\/uploads\\\/sites\\\/6\\\/2021\\\/04\\\/Tuomas_Pernu.jpg\",\"datePublished\":\"2022-01-20T08:34:49+00:00\",\"dateModified\":\"2025-03-20T08:13:02+00:00\",\"author\":{\"@id\":\"https:\\\/\\\/blogs.uef.fi\\\/puheenvuoroja\\\/#\\\/schema\\\/person\\\/e561f7cf950913045543e3bbd3efa957\"},\"breadcrumb\":{\"@id\":\"https:\\\/\\\/blogs.uef.fi\\\/puheenvuoroja\\\/2022\\\/01\\\/20\\\/esityslistalla-lopullinen-ratkaisu-mita-olemme-oppineet-80-vuodessa\\\/#breadcrumb\"},\"inLanguage\":\"fi\",\"potentialAction\":[{\"@type\":\"ReadAction\",\"target\":[\"https:\\\/\\\/blogs.uef.fi\\\/puheenvuoroja\\\/2022\\\/01\\\/20\\\/esityslistalla-lopullinen-ratkaisu-mita-olemme-oppineet-80-vuodessa\\\/\"]}]},{\"@type\":\"ImageObject\",\"inLanguage\":\"fi\",\"@id\":\"https:\\\/\\\/blogs.uef.fi\\\/puheenvuoroja\\\/2022\\\/01\\\/20\\\/esityslistalla-lopullinen-ratkaisu-mita-olemme-oppineet-80-vuodessa\\\/#primaryimage\",\"url\":\"https:\\\/\\\/blogs.uef.fi\\\/puheenvuoroja\\\/wp-content\\\/uploads\\\/sites\\\/6\\\/2021\\\/04\\\/Tuomas_Pernu.jpg\",\"contentUrl\":\"https:\\\/\\\/blogs.uef.fi\\\/puheenvuoroja\\\/wp-content\\\/uploads\\\/sites\\\/6\\\/2021\\\/04\\\/Tuomas_Pernu.jpg\",\"width\":155,\"height\":155,\"caption\":\"Tuomas Pernu.\"},{\"@type\":\"BreadcrumbList\",\"@id\":\"https:\\\/\\\/blogs.uef.fi\\\/puheenvuoroja\\\/2022\\\/01\\\/20\\\/esityslistalla-lopullinen-ratkaisu-mita-olemme-oppineet-80-vuodessa\\\/#breadcrumb\",\"itemListElement\":[{\"@type\":\"ListItem\",\"position\":1,\"name\":\"Home\",\"item\":\"https:\\\/\\\/blogs.uef.fi\\\/puheenvuoroja\\\/\"},{\"@type\":\"ListItem\",\"position\":2,\"name\":\"Esityslistalla lopullinen ratkaisu: mit\u00e4 olemme oppineet 80 vuodessa?\"}]},{\"@type\":\"WebSite\",\"@id\":\"https:\\\/\\\/blogs.uef.fi\\\/puheenvuoroja\\\/#website\",\"url\":\"https:\\\/\\\/blogs.uef.fi\\\/puheenvuoroja\\\/\",\"name\":\"Puheenvuoroja\",\"description\":\"\",\"potentialAction\":[{\"@type\":\"SearchAction\",\"target\":{\"@type\":\"EntryPoint\",\"urlTemplate\":\"https:\\\/\\\/blogs.uef.fi\\\/puheenvuoroja\\\/?s={search_term_string}\"},\"query-input\":{\"@type\":\"PropertyValueSpecification\",\"valueRequired\":true,\"valueName\":\"search_term_string\"}}],\"inLanguage\":\"fi\"},{\"@type\":\"Person\",\"@id\":\"https:\\\/\\\/blogs.uef.fi\\\/puheenvuoroja\\\/#\\\/schema\\\/person\\\/e561f7cf950913045543e3bbd3efa957\",\"name\":\"Viestint\u00e4\",\"url\":\"https:\\\/\\\/blogs.uef.fi\\\/puheenvuoroja\\\/author\\\/ristol\\\/\"}]}<\/script>\n<!-- \/ Yoast SEO plugin. -->","yoast_head_json":{"title":"Esityslistalla lopullinen ratkaisu: mit\u00e4 olemme oppineet 80 vuodessa? - Puheenvuoroja","robots":{"index":"index","follow":"follow","max-snippet":"max-snippet:-1","max-image-preview":"max-image-preview:large","max-video-preview":"max-video-preview:-1"},"canonical":"https:\/\/blogs.uef.fi\/puheenvuoroja\/2022\/01\/20\/esityslistalla-lopullinen-ratkaisu-mita-olemme-oppineet-80-vuodessa\/","og_locale":"fi_FI","og_type":"article","og_title":"Esityslistalla lopullinen ratkaisu: mit\u00e4 olemme oppineet 80 vuodessa? - Puheenvuoroja","og_description":"T\u00e4n\u00e4\u00e4n, p\u00e4iv\u00e4lleen kahdeksankymment\u00e4 vuotta sitten, 20. tammikuuta 1942, Wannsee-huvilalla, Berliinin lounaiskolkassa, kokoontui joukko korkea-arvoisia natsipuolueen ja Saksan hallituksen edustajia. Kokouksen esityslistalla oli yksi asia: lopullisen ratkaisun \u2013 Euroopan juutalaisten tuhoamisen \u2013 toimeenpaneminen. P\u00e4\u00e4t\u00f6sten tekeminen kesti puolitoista tuntia. T\u00e4m\u00e4 Wannseen konferenssin nimell\u00e4 tunnettu tilaisuus oli historiallinen: kokouksen p\u00f6yt\u00e4kirja (tai pikemminkin p\u00e4\u00e4t\u00f6sasiakirja) on s\u00e4ilynyt meille sellaisenaan ja [&hellip;]","og_url":"https:\/\/blogs.uef.fi\/puheenvuoroja\/2022\/01\/20\/esityslistalla-lopullinen-ratkaisu-mita-olemme-oppineet-80-vuodessa\/","og_site_name":"Puheenvuoroja","article_published_time":"2022-01-20T08:34:49+00:00","article_modified_time":"2025-03-20T08:13:02+00:00","og_image":[{"width":155,"height":155,"url":"https:\/\/blogs.uef.fi\/puheenvuoroja\/wp-content\/uploads\/sites\/6\/2021\/04\/Tuomas_Pernu.jpg","type":"image\/jpeg"}],"author":"Viestint\u00e4","twitter_card":"summary_large_image","twitter_misc":{"Kirjoittanut":"Viestint\u00e4","Arvioitu lukuaika":"4 minuuttia"},"schema":{"@context":"https:\/\/schema.org","@graph":[{"@type":"Article","@id":"https:\/\/blogs.uef.fi\/puheenvuoroja\/2022\/01\/20\/esityslistalla-lopullinen-ratkaisu-mita-olemme-oppineet-80-vuodessa\/#article","isPartOf":{"@id":"https:\/\/blogs.uef.fi\/puheenvuoroja\/2022\/01\/20\/esityslistalla-lopullinen-ratkaisu-mita-olemme-oppineet-80-vuodessa\/"},"author":{"name":"Viestint\u00e4","@id":"https:\/\/blogs.uef.fi\/puheenvuoroja\/#\/schema\/person\/e561f7cf950913045543e3bbd3efa957"},"headline":"Esityslistalla lopullinen ratkaisu: mit\u00e4 olemme oppineet 80 vuodessa?","datePublished":"2022-01-20T08:34:49+00:00","dateModified":"2025-03-20T08:13:02+00:00","mainEntityOfPage":{"@id":"https:\/\/blogs.uef.fi\/puheenvuoroja\/2022\/01\/20\/esityslistalla-lopullinen-ratkaisu-mita-olemme-oppineet-80-vuodessa\/"},"wordCount":657,"commentCount":0,"image":{"@id":"https:\/\/blogs.uef.fi\/puheenvuoroja\/2022\/01\/20\/esityslistalla-lopullinen-ratkaisu-mita-olemme-oppineet-80-vuodessa\/#primaryimage"},"thumbnailUrl":"https:\/\/blogs.uef.fi\/puheenvuoroja\/wp-content\/uploads\/sites\/6\/2021\/04\/Tuomas_Pernu.jpg","keywords":["historia","rasismi","tieteenfilosofia"],"articleSection":["Tuomas Pernu"],"inLanguage":"fi","potentialAction":[{"@type":"CommentAction","name":"Comment","target":["https:\/\/blogs.uef.fi\/puheenvuoroja\/2022\/01\/20\/esityslistalla-lopullinen-ratkaisu-mita-olemme-oppineet-80-vuodessa\/#respond"]}]},{"@type":"WebPage","@id":"https:\/\/blogs.uef.fi\/puheenvuoroja\/2022\/01\/20\/esityslistalla-lopullinen-ratkaisu-mita-olemme-oppineet-80-vuodessa\/","url":"https:\/\/blogs.uef.fi\/puheenvuoroja\/2022\/01\/20\/esityslistalla-lopullinen-ratkaisu-mita-olemme-oppineet-80-vuodessa\/","name":"Esityslistalla lopullinen ratkaisu: mit\u00e4 olemme oppineet 80 vuodessa? - Puheenvuoroja","isPartOf":{"@id":"https:\/\/blogs.uef.fi\/puheenvuoroja\/#website"},"primaryImageOfPage":{"@id":"https:\/\/blogs.uef.fi\/puheenvuoroja\/2022\/01\/20\/esityslistalla-lopullinen-ratkaisu-mita-olemme-oppineet-80-vuodessa\/#primaryimage"},"image":{"@id":"https:\/\/blogs.uef.fi\/puheenvuoroja\/2022\/01\/20\/esityslistalla-lopullinen-ratkaisu-mita-olemme-oppineet-80-vuodessa\/#primaryimage"},"thumbnailUrl":"https:\/\/blogs.uef.fi\/puheenvuoroja\/wp-content\/uploads\/sites\/6\/2021\/04\/Tuomas_Pernu.jpg","datePublished":"2022-01-20T08:34:49+00:00","dateModified":"2025-03-20T08:13:02+00:00","author":{"@id":"https:\/\/blogs.uef.fi\/puheenvuoroja\/#\/schema\/person\/e561f7cf950913045543e3bbd3efa957"},"breadcrumb":{"@id":"https:\/\/blogs.uef.fi\/puheenvuoroja\/2022\/01\/20\/esityslistalla-lopullinen-ratkaisu-mita-olemme-oppineet-80-vuodessa\/#breadcrumb"},"inLanguage":"fi","potentialAction":[{"@type":"ReadAction","target":["https:\/\/blogs.uef.fi\/puheenvuoroja\/2022\/01\/20\/esityslistalla-lopullinen-ratkaisu-mita-olemme-oppineet-80-vuodessa\/"]}]},{"@type":"ImageObject","inLanguage":"fi","@id":"https:\/\/blogs.uef.fi\/puheenvuoroja\/2022\/01\/20\/esityslistalla-lopullinen-ratkaisu-mita-olemme-oppineet-80-vuodessa\/#primaryimage","url":"https:\/\/blogs.uef.fi\/puheenvuoroja\/wp-content\/uploads\/sites\/6\/2021\/04\/Tuomas_Pernu.jpg","contentUrl":"https:\/\/blogs.uef.fi\/puheenvuoroja\/wp-content\/uploads\/sites\/6\/2021\/04\/Tuomas_Pernu.jpg","width":155,"height":155,"caption":"Tuomas Pernu."},{"@type":"BreadcrumbList","@id":"https:\/\/blogs.uef.fi\/puheenvuoroja\/2022\/01\/20\/esityslistalla-lopullinen-ratkaisu-mita-olemme-oppineet-80-vuodessa\/#breadcrumb","itemListElement":[{"@type":"ListItem","position":1,"name":"Home","item":"https:\/\/blogs.uef.fi\/puheenvuoroja\/"},{"@type":"ListItem","position":2,"name":"Esityslistalla lopullinen ratkaisu: mit\u00e4 olemme oppineet 80 vuodessa?"}]},{"@type":"WebSite","@id":"https:\/\/blogs.uef.fi\/puheenvuoroja\/#website","url":"https:\/\/blogs.uef.fi\/puheenvuoroja\/","name":"Puheenvuoroja","description":"","potentialAction":[{"@type":"SearchAction","target":{"@type":"EntryPoint","urlTemplate":"https:\/\/blogs.uef.fi\/puheenvuoroja\/?s={search_term_string}"},"query-input":{"@type":"PropertyValueSpecification","valueRequired":true,"valueName":"search_term_string"}}],"inLanguage":"fi"},{"@type":"Person","@id":"https:\/\/blogs.uef.fi\/puheenvuoroja\/#\/schema\/person\/e561f7cf950913045543e3bbd3efa957","name":"Viestint\u00e4","url":"https:\/\/blogs.uef.fi\/puheenvuoroja\/author\/ristol\/"}]}},"_links":{"self":[{"href":"https:\/\/blogs.uef.fi\/puheenvuoroja\/wp-json\/wp\/v2\/posts\/1380","targetHints":{"allow":["GET"]}}],"collection":[{"href":"https:\/\/blogs.uef.fi\/puheenvuoroja\/wp-json\/wp\/v2\/posts"}],"about":[{"href":"https:\/\/blogs.uef.fi\/puheenvuoroja\/wp-json\/wp\/v2\/types\/post"}],"author":[{"embeddable":true,"href":"https:\/\/blogs.uef.fi\/puheenvuoroja\/wp-json\/wp\/v2\/users\/192"}],"replies":[{"embeddable":true,"href":"https:\/\/blogs.uef.fi\/puheenvuoroja\/wp-json\/wp\/v2\/comments?post=1380"}],"version-history":[{"count":2,"href":"https:\/\/blogs.uef.fi\/puheenvuoroja\/wp-json\/wp\/v2\/posts\/1380\/revisions"}],"predecessor-version":[{"id":3143,"href":"https:\/\/blogs.uef.fi\/puheenvuoroja\/wp-json\/wp\/v2\/posts\/1380\/revisions\/3143"}],"wp:attachment":[{"href":"https:\/\/blogs.uef.fi\/puheenvuoroja\/wp-json\/wp\/v2\/media?parent=1380"}],"wp:term":[{"taxonomy":"category","embeddable":true,"href":"https:\/\/blogs.uef.fi\/puheenvuoroja\/wp-json\/wp\/v2\/categories?post=1380"},{"taxonomy":"post_tag","embeddable":true,"href":"https:\/\/blogs.uef.fi\/puheenvuoroja\/wp-json\/wp\/v2\/tags?post=1380"}],"curies":[{"name":"wp","href":"https:\/\/api.w.org\/{rel}","templated":true}]}}