{"id":1333,"date":"2021-12-13T09:00:22","date_gmt":"2021-12-13T07:00:22","guid":{"rendered":"https:\/\/blogs.uef.fi\/puheenvuoroja\/?p=1333"},"modified":"2025-05-13T12:35:51","modified_gmt":"2025-05-13T09:35:51","slug":"varikasta-tutkimuselamaa","status":"publish","type":"post","link":"https:\/\/blogs.uef.fi\/puheenvuoroja\/2021\/12\/13\/varikasta-tutkimuselamaa\/","title":{"rendered":"V\u00e4rik\u00e4st\u00e4 tutkimusel\u00e4m\u00e4\u00e4"},"content":{"rendered":"\n<figure class=\"wp-block-image\"><a href=\"https:\/\/blogs.uef.fi\/puheenvuoroja\/wp-content\/uploads\/sites\/6\/2021\/12\/MostPhotos_10719012-pigment-copy.jpg\"><img loading=\"lazy\" decoding=\"async\" width=\"1024\" height=\"682\" src=\"https:\/\/blogs.uef.fi\/puheenvuoroja\/wp-content\/uploads\/sites\/6\/2021\/12\/MostPhotos_10719012-pigment-copy-1024x682.jpg\" alt=\"V\u00e4rien pigmenttej\u00e4.\" class=\"wp-image-1336\" srcset=\"https:\/\/blogs.uef.fi\/puheenvuoroja\/wp-content\/uploads\/sites\/6\/2021\/12\/MostPhotos_10719012-pigment-copy-1024x682.jpg 1024w, https:\/\/blogs.uef.fi\/puheenvuoroja\/wp-content\/uploads\/sites\/6\/2021\/12\/MostPhotos_10719012-pigment-copy-300x200.jpg 300w, https:\/\/blogs.uef.fi\/puheenvuoroja\/wp-content\/uploads\/sites\/6\/2021\/12\/MostPhotos_10719012-pigment-copy-768x512.jpg 768w, https:\/\/blogs.uef.fi\/puheenvuoroja\/wp-content\/uploads\/sites\/6\/2021\/12\/MostPhotos_10719012-pigment-copy-1536x1024.jpg 1536w, https:\/\/blogs.uef.fi\/puheenvuoroja\/wp-content\/uploads\/sites\/6\/2021\/12\/MostPhotos_10719012-pigment-copy.jpg 2000w\" sizes=\"auto, (max-width: 1024px) 100vw, 1024px\" \/><\/a><\/figure>\n\n\n\n<p>Mit\u00e4 yhteist\u00e4 on toksikologian tutkijalla, MoMan kokoelmiin kuuluvan installaation muotoilijalla, pohjoispohjanmaalaisella viljelij\u00e4yritt\u00e4j\u00e4ll\u00e4 ja pintakemian asiantuntijalla?<\/p>\n\n\n\n<p>Yhdist\u00e4v\u00e4 tekij\u00e4 on tietenkin <a href=\"https:\/\/biocolour.fi\/\">Biocolour \u2013 V\u00e4ripaletti biopohjaisille v\u00e4riaineille ja pigmenteille<\/a> -hankekokonaisuus, jota rahoittaa Suomen Akatemian Strategisen tutkimuksen neuvosto. It\u00e4-Suomen yliopistosta mukana ovat farmasian ja tietojenk\u00e4sittelytieteen laitokset.<\/p>\n\n\n\n<p>Ymp\u00e4rill\u00e4mme on paljon v\u00e4rej\u00e4, mutta harva meist\u00e4 tulee ajatelleeksi, mit\u00e4 v\u00e4rit ovat? Optinen illuusio vai jotain konkreettista, jota voi tuottaa, k\u00e4ytt\u00e4\u00e4 tuotteen valmistukseen ja per\u00e4ti ottaa kierr\u00e4tyksess\u00e4 talteen? V\u00e4rien n\u00e4kemisess\u00e4 on kysymys valo\u00e4rsykkeen silm\u00e4ss\u00e4 tuottamasta signaalista, jonka aivomme tulkitsevat v\u00e4riksi. V\u00e4riaineet taas ovat kemiallisia aineita ja yhdisteit\u00e4, jotka absorboivat osan valkoisesta valosta ja heijastavat tietyn v\u00e4rin aallonpituista valoa.<\/p>\n\n\n\n<p>V\u00e4riaineita on k\u00e4ytetty kautta ihmiskunnan historian muun muassa tekstiilien, nahan ja paperin v\u00e4rj\u00e4\u00e4miseen. V\u00e4riaineet, kuten sininen indigo ja punainen karmiini saatiin luonnosta. Nykyisin suurin osa v\u00e4riaineista valmistetaan kuitenkin synteettisesti, ja kyseess\u00e4 ei ole mik\u00e4\u00e4n pieni tuotantoala: v\u00e4riaineita valmistetaan maailmassa yli kaksi miljoona tonnia. Synteettisten v\u00e4riaineiden tuotanto on helppoa ja edullista, mutta siin\u00e4 syntyy ymp\u00e4rist\u00f6lle haitallisia kemikaaleja ja itse v\u00e4rj\u00e4ysprosesseissakin v\u00e4riaineita p\u00e4\u00e4see luontoon.<\/p>\n\n\n\n<p>Palaaminen luonnon uusiutuvista raaka-aineista saatavien v\u00e4riaineiden k\u00e4ytt\u00f6\u00f6n tarjoaisi ymp\u00e4rist\u00f6yst\u00e4v\u00e4llisemm\u00e4n vaihtoehdon synteettisille v\u00e4reille. Biocolour-hankkeessa v\u00e4riaineita saadaan muun muassa sienist\u00e4 ja sipulinkuorista sek\u00e4 niit\u00e4 tuotetaan bioteknologisesti bakteereissa. V\u00e4rikasveja voidaan my\u00f6s viljell\u00e4, mist\u00e4 esimerkkin\u00e4 sinisen indigov\u00e4rin l\u00e4hde v\u00e4rimorsinko. Luonnosta saatavat aineet voivat kuitenkin olla myrkyllisi\u00e4, ja siksi niiden haitallisuutta ihmiselle tai ymp\u00e4rist\u00f6lle on tutkittava.<\/p>\n\n\n\n<p>T\u00e4ll\u00e4 hetkell\u00e4 luonnonv\u00e4riaineille on kysynt\u00e4\u00e4 ja Biocolour-projekti kehitt\u00e4\u00e4 ja testaa v\u00e4riaineita yhteisty\u00f6ss\u00e4 suomalaisten yritysten kanssa. Monitieteist\u00e4 tutkimuskonsortiota tarvitaan, kun saman projektin puitteissa pyrit\u00e4\u00e4n tuottamaan kest\u00e4vi\u00e4 ja turvallisia luonnonv\u00e4rinaineita, parantamaan v\u00e4rj\u00e4ysmenetelmi\u00e4 ja v\u00e4rien ominaisuuksia sek\u00e4 skaalaamaan t\u00e4m\u00e4 kaikki teolliseen mittakaavaan sopivaksi, tuotteen k\u00e4ytt\u00e4j\u00e4\u00e4 unohtamatta. V\u00e4ri on t\u00e4rke\u00e4 ostop\u00e4\u00e4t\u00f6kseen vaikuttava tekij\u00e4 ja siksi luonnonv\u00e4riaineiden k\u00e4ytt\u00f6\u00f6n liittyvien kulttuuristen, sosiaalisten ja eettisten n\u00e4k\u00f6kulmien tunteminen auttaa biov\u00e4riaineisiin perustuvan liiketoiminnan kehitt\u00e4misess\u00e4.<\/p>\n\n\n\n<p>Kaiken kaikkiaan siis varsin v\u00e4rik\u00e4s projekti!<\/p>\n\n\n\n<figure class=\"wp-block-image\"><a href=\"https:\/\/blogs.uef.fi\/puheenvuoroja\/wp-content\/uploads\/sites\/6\/2021\/04\/Jaana_Rysa_105_155.jpg\"><img loading=\"lazy\" decoding=\"async\" width=\"105\" height=\"155\" src=\"https:\/\/blogs.uef.fi\/puheenvuoroja\/wp-content\/uploads\/sites\/6\/2021\/04\/Jaana_Rysa_105_155.jpg\" alt=\"Professori Jaana Rys\u00e4.\" class=\"wp-image-1012\" \/><\/a><\/figure>\n\n\n\n<p><strong>Jaana Rys\u00e4<\/strong><br>L\u00e4\u00e4keainetoksikologian professori<br>Farmasian laitos, It\u00e4-Suomen yliopisto<\/p>\n\n\n\n<p>&nbsp;<\/p>\n\n\n\n<p>&nbsp;<\/p>\n","protected":false},"excerpt":{"rendered":"<p>Mit\u00e4 yhteist\u00e4 on toksikologian tutkijalla, MoMan kokoelmiin kuuluvan installaation muotoilijalla, pohjoispohjanmaalaisella viljelij\u00e4yritt\u00e4j\u00e4ll\u00e4 ja pintakemian asiantuntijalla? Yhdist\u00e4v\u00e4 tekij\u00e4 on tietenkin Biocolour \u2013 V\u00e4ripaletti biopohjaisille v\u00e4riaineille ja pigmenteille -hankekokonaisuus, jota rahoittaa Suomen Akatemian Strategisen tutkimuksen neuvosto. It\u00e4-Suomen yliopistosta mukana ovat farmasian ja tietojenk\u00e4sittelytieteen laitokset. Ymp\u00e4rill\u00e4mme on paljon v\u00e4rej\u00e4, mutta harva meist\u00e4 tulee ajatelleeksi, mit\u00e4 v\u00e4rit ovat? Optinen [&hellip;]<\/p>\n","protected":false},"author":192,"featured_media":0,"comment_status":"open","ping_status":"closed","sticky":false,"template":"","format":"standard","meta":{"_acf_changed":false,"footnotes":""},"categories":[763],"tags":[539,766,904],"class_list":["post-1333","post","type-post","status-publish","format-standard","hentry","category-jaana-rysa","tag-kemia","tag-toksikologia","tag-variaineet"],"acf":[],"yoast_head":"<!-- This site is optimized with the Yoast SEO plugin v27.3 - https:\/\/yoast.com\/product\/yoast-seo-wordpress\/ -->\n<title>V\u00e4rik\u00e4st\u00e4 tutkimusel\u00e4m\u00e4\u00e4 - Puheenvuoroja<\/title>\n<meta name=\"robots\" content=\"index, follow, max-snippet:-1, max-image-preview:large, max-video-preview:-1\" \/>\n<link rel=\"canonical\" href=\"https:\/\/blogs.uef.fi\/puheenvuoroja\/2021\/12\/13\/varikasta-tutkimuselamaa\/\" \/>\n<meta property=\"og:locale\" content=\"fi_FI\" \/>\n<meta property=\"og:type\" content=\"article\" \/>\n<meta property=\"og:title\" content=\"V\u00e4rik\u00e4st\u00e4 tutkimusel\u00e4m\u00e4\u00e4 - Puheenvuoroja\" \/>\n<meta property=\"og:description\" content=\"Mit\u00e4 yhteist\u00e4 on toksikologian tutkijalla, MoMan kokoelmiin kuuluvan installaation muotoilijalla, pohjoispohjanmaalaisella viljelij\u00e4yritt\u00e4j\u00e4ll\u00e4 ja pintakemian asiantuntijalla? Yhdist\u00e4v\u00e4 tekij\u00e4 on tietenkin Biocolour \u2013 V\u00e4ripaletti biopohjaisille v\u00e4riaineille ja pigmenteille -hankekokonaisuus, jota rahoittaa Suomen Akatemian Strategisen tutkimuksen neuvosto. It\u00e4-Suomen yliopistosta mukana ovat farmasian ja tietojenk\u00e4sittelytieteen laitokset. Ymp\u00e4rill\u00e4mme on paljon v\u00e4rej\u00e4, mutta harva meist\u00e4 tulee ajatelleeksi, mit\u00e4 v\u00e4rit ovat? Optinen [&hellip;]\" \/>\n<meta property=\"og:url\" content=\"https:\/\/blogs.uef.fi\/puheenvuoroja\/2021\/12\/13\/varikasta-tutkimuselamaa\/\" \/>\n<meta property=\"og:site_name\" content=\"Puheenvuoroja\" \/>\n<meta property=\"article:published_time\" content=\"2021-12-13T07:00:22+00:00\" \/>\n<meta property=\"article:modified_time\" content=\"2025-05-13T09:35:51+00:00\" \/>\n<meta property=\"og:image\" content=\"https:\/\/blogs.uef.fi\/puheenvuoroja\/wp-content\/uploads\/sites\/6\/2021\/12\/MostPhotos_10719012-pigment-copy-1024x682.jpg\" \/>\n\t<meta property=\"og:image:width\" content=\"1024\" \/>\n\t<meta property=\"og:image:height\" content=\"682\" \/>\n\t<meta property=\"og:image:type\" content=\"image\/jpeg\" \/>\n<meta name=\"author\" content=\"Viestint\u00e4\" \/>\n<meta name=\"twitter:card\" content=\"summary_large_image\" \/>\n<meta name=\"twitter:label1\" content=\"Kirjoittanut\" \/>\n\t<meta name=\"twitter:data1\" content=\"Viestint\u00e4\" \/>\n\t<meta name=\"twitter:label2\" content=\"Arvioitu lukuaika\" \/>\n\t<meta name=\"twitter:data2\" content=\"3 minuuttia\" \/>\n<script type=\"application\/ld+json\" class=\"yoast-schema-graph\">{\"@context\":\"https:\\\/\\\/schema.org\",\"@graph\":[{\"@type\":\"Article\",\"@id\":\"https:\\\/\\\/blogs.uef.fi\\\/puheenvuoroja\\\/2021\\\/12\\\/13\\\/varikasta-tutkimuselamaa\\\/#article\",\"isPartOf\":{\"@id\":\"https:\\\/\\\/blogs.uef.fi\\\/puheenvuoroja\\\/2021\\\/12\\\/13\\\/varikasta-tutkimuselamaa\\\/\"},\"author\":{\"name\":\"Viestint\u00e4\",\"@id\":\"https:\\\/\\\/blogs.uef.fi\\\/puheenvuoroja\\\/#\\\/schema\\\/person\\\/e561f7cf950913045543e3bbd3efa957\"},\"headline\":\"V\u00e4rik\u00e4st\u00e4 tutkimusel\u00e4m\u00e4\u00e4\",\"datePublished\":\"2021-12-13T07:00:22+00:00\",\"dateModified\":\"2025-05-13T09:35:51+00:00\",\"mainEntityOfPage\":{\"@id\":\"https:\\\/\\\/blogs.uef.fi\\\/puheenvuoroja\\\/2021\\\/12\\\/13\\\/varikasta-tutkimuselamaa\\\/\"},\"wordCount\":379,\"commentCount\":0,\"image\":{\"@id\":\"https:\\\/\\\/blogs.uef.fi\\\/puheenvuoroja\\\/2021\\\/12\\\/13\\\/varikasta-tutkimuselamaa\\\/#primaryimage\"},\"thumbnailUrl\":\"https:\\\/\\\/blogs.uef.fi\\\/puheenvuoroja\\\/wp-content\\\/uploads\\\/sites\\\/6\\\/2021\\\/12\\\/MostPhotos_10719012-pigment-copy-1024x682.jpg\",\"keywords\":[\"kemia\",\"toksikologia\",\"v\u00e4riaineet\"],\"articleSection\":[\"Jaana Rys\u00e4\"],\"inLanguage\":\"fi\",\"potentialAction\":[{\"@type\":\"CommentAction\",\"name\":\"Comment\",\"target\":[\"https:\\\/\\\/blogs.uef.fi\\\/puheenvuoroja\\\/2021\\\/12\\\/13\\\/varikasta-tutkimuselamaa\\\/#respond\"]}]},{\"@type\":\"WebPage\",\"@id\":\"https:\\\/\\\/blogs.uef.fi\\\/puheenvuoroja\\\/2021\\\/12\\\/13\\\/varikasta-tutkimuselamaa\\\/\",\"url\":\"https:\\\/\\\/blogs.uef.fi\\\/puheenvuoroja\\\/2021\\\/12\\\/13\\\/varikasta-tutkimuselamaa\\\/\",\"name\":\"V\u00e4rik\u00e4st\u00e4 tutkimusel\u00e4m\u00e4\u00e4 - Puheenvuoroja\",\"isPartOf\":{\"@id\":\"https:\\\/\\\/blogs.uef.fi\\\/puheenvuoroja\\\/#website\"},\"primaryImageOfPage\":{\"@id\":\"https:\\\/\\\/blogs.uef.fi\\\/puheenvuoroja\\\/2021\\\/12\\\/13\\\/varikasta-tutkimuselamaa\\\/#primaryimage\"},\"image\":{\"@id\":\"https:\\\/\\\/blogs.uef.fi\\\/puheenvuoroja\\\/2021\\\/12\\\/13\\\/varikasta-tutkimuselamaa\\\/#primaryimage\"},\"thumbnailUrl\":\"https:\\\/\\\/blogs.uef.fi\\\/puheenvuoroja\\\/wp-content\\\/uploads\\\/sites\\\/6\\\/2021\\\/12\\\/MostPhotos_10719012-pigment-copy-1024x682.jpg\",\"datePublished\":\"2021-12-13T07:00:22+00:00\",\"dateModified\":\"2025-05-13T09:35:51+00:00\",\"author\":{\"@id\":\"https:\\\/\\\/blogs.uef.fi\\\/puheenvuoroja\\\/#\\\/schema\\\/person\\\/e561f7cf950913045543e3bbd3efa957\"},\"breadcrumb\":{\"@id\":\"https:\\\/\\\/blogs.uef.fi\\\/puheenvuoroja\\\/2021\\\/12\\\/13\\\/varikasta-tutkimuselamaa\\\/#breadcrumb\"},\"inLanguage\":\"fi\",\"potentialAction\":[{\"@type\":\"ReadAction\",\"target\":[\"https:\\\/\\\/blogs.uef.fi\\\/puheenvuoroja\\\/2021\\\/12\\\/13\\\/varikasta-tutkimuselamaa\\\/\"]}]},{\"@type\":\"ImageObject\",\"inLanguage\":\"fi\",\"@id\":\"https:\\\/\\\/blogs.uef.fi\\\/puheenvuoroja\\\/2021\\\/12\\\/13\\\/varikasta-tutkimuselamaa\\\/#primaryimage\",\"url\":\"https:\\\/\\\/blogs.uef.fi\\\/puheenvuoroja\\\/wp-content\\\/uploads\\\/sites\\\/6\\\/2021\\\/12\\\/MostPhotos_10719012-pigment-copy.jpg\",\"contentUrl\":\"https:\\\/\\\/blogs.uef.fi\\\/puheenvuoroja\\\/wp-content\\\/uploads\\\/sites\\\/6\\\/2021\\\/12\\\/MostPhotos_10719012-pigment-copy.jpg\",\"width\":2000,\"height\":1333,\"caption\":\"Pigment powder for sale at a market stall for artists\"},{\"@type\":\"BreadcrumbList\",\"@id\":\"https:\\\/\\\/blogs.uef.fi\\\/puheenvuoroja\\\/2021\\\/12\\\/13\\\/varikasta-tutkimuselamaa\\\/#breadcrumb\",\"itemListElement\":[{\"@type\":\"ListItem\",\"position\":1,\"name\":\"Home\",\"item\":\"https:\\\/\\\/blogs.uef.fi\\\/puheenvuoroja\\\/\"},{\"@type\":\"ListItem\",\"position\":2,\"name\":\"V\u00e4rik\u00e4st\u00e4 tutkimusel\u00e4m\u00e4\u00e4\"}]},{\"@type\":\"WebSite\",\"@id\":\"https:\\\/\\\/blogs.uef.fi\\\/puheenvuoroja\\\/#website\",\"url\":\"https:\\\/\\\/blogs.uef.fi\\\/puheenvuoroja\\\/\",\"name\":\"Puheenvuoroja\",\"description\":\"\",\"potentialAction\":[{\"@type\":\"SearchAction\",\"target\":{\"@type\":\"EntryPoint\",\"urlTemplate\":\"https:\\\/\\\/blogs.uef.fi\\\/puheenvuoroja\\\/?s={search_term_string}\"},\"query-input\":{\"@type\":\"PropertyValueSpecification\",\"valueRequired\":true,\"valueName\":\"search_term_string\"}}],\"inLanguage\":\"fi\"},{\"@type\":\"Person\",\"@id\":\"https:\\\/\\\/blogs.uef.fi\\\/puheenvuoroja\\\/#\\\/schema\\\/person\\\/e561f7cf950913045543e3bbd3efa957\",\"name\":\"Viestint\u00e4\",\"url\":\"https:\\\/\\\/blogs.uef.fi\\\/puheenvuoroja\\\/author\\\/ristol\\\/\"}]}<\/script>\n<!-- \/ Yoast SEO plugin. -->","yoast_head_json":{"title":"V\u00e4rik\u00e4st\u00e4 tutkimusel\u00e4m\u00e4\u00e4 - Puheenvuoroja","robots":{"index":"index","follow":"follow","max-snippet":"max-snippet:-1","max-image-preview":"max-image-preview:large","max-video-preview":"max-video-preview:-1"},"canonical":"https:\/\/blogs.uef.fi\/puheenvuoroja\/2021\/12\/13\/varikasta-tutkimuselamaa\/","og_locale":"fi_FI","og_type":"article","og_title":"V\u00e4rik\u00e4st\u00e4 tutkimusel\u00e4m\u00e4\u00e4 - Puheenvuoroja","og_description":"Mit\u00e4 yhteist\u00e4 on toksikologian tutkijalla, MoMan kokoelmiin kuuluvan installaation muotoilijalla, pohjoispohjanmaalaisella viljelij\u00e4yritt\u00e4j\u00e4ll\u00e4 ja pintakemian asiantuntijalla? Yhdist\u00e4v\u00e4 tekij\u00e4 on tietenkin Biocolour \u2013 V\u00e4ripaletti biopohjaisille v\u00e4riaineille ja pigmenteille -hankekokonaisuus, jota rahoittaa Suomen Akatemian Strategisen tutkimuksen neuvosto. It\u00e4-Suomen yliopistosta mukana ovat farmasian ja tietojenk\u00e4sittelytieteen laitokset. Ymp\u00e4rill\u00e4mme on paljon v\u00e4rej\u00e4, mutta harva meist\u00e4 tulee ajatelleeksi, mit\u00e4 v\u00e4rit ovat? Optinen [&hellip;]","og_url":"https:\/\/blogs.uef.fi\/puheenvuoroja\/2021\/12\/13\/varikasta-tutkimuselamaa\/","og_site_name":"Puheenvuoroja","article_published_time":"2021-12-13T07:00:22+00:00","article_modified_time":"2025-05-13T09:35:51+00:00","og_image":[{"width":1024,"height":682,"url":"https:\/\/blogs.uef.fi\/puheenvuoroja\/wp-content\/uploads\/sites\/6\/2021\/12\/MostPhotos_10719012-pigment-copy-1024x682.jpg","type":"image\/jpeg"}],"author":"Viestint\u00e4","twitter_card":"summary_large_image","twitter_misc":{"Kirjoittanut":"Viestint\u00e4","Arvioitu lukuaika":"3 minuuttia"},"schema":{"@context":"https:\/\/schema.org","@graph":[{"@type":"Article","@id":"https:\/\/blogs.uef.fi\/puheenvuoroja\/2021\/12\/13\/varikasta-tutkimuselamaa\/#article","isPartOf":{"@id":"https:\/\/blogs.uef.fi\/puheenvuoroja\/2021\/12\/13\/varikasta-tutkimuselamaa\/"},"author":{"name":"Viestint\u00e4","@id":"https:\/\/blogs.uef.fi\/puheenvuoroja\/#\/schema\/person\/e561f7cf950913045543e3bbd3efa957"},"headline":"V\u00e4rik\u00e4st\u00e4 tutkimusel\u00e4m\u00e4\u00e4","datePublished":"2021-12-13T07:00:22+00:00","dateModified":"2025-05-13T09:35:51+00:00","mainEntityOfPage":{"@id":"https:\/\/blogs.uef.fi\/puheenvuoroja\/2021\/12\/13\/varikasta-tutkimuselamaa\/"},"wordCount":379,"commentCount":0,"image":{"@id":"https:\/\/blogs.uef.fi\/puheenvuoroja\/2021\/12\/13\/varikasta-tutkimuselamaa\/#primaryimage"},"thumbnailUrl":"https:\/\/blogs.uef.fi\/puheenvuoroja\/wp-content\/uploads\/sites\/6\/2021\/12\/MostPhotos_10719012-pigment-copy-1024x682.jpg","keywords":["kemia","toksikologia","v\u00e4riaineet"],"articleSection":["Jaana Rys\u00e4"],"inLanguage":"fi","potentialAction":[{"@type":"CommentAction","name":"Comment","target":["https:\/\/blogs.uef.fi\/puheenvuoroja\/2021\/12\/13\/varikasta-tutkimuselamaa\/#respond"]}]},{"@type":"WebPage","@id":"https:\/\/blogs.uef.fi\/puheenvuoroja\/2021\/12\/13\/varikasta-tutkimuselamaa\/","url":"https:\/\/blogs.uef.fi\/puheenvuoroja\/2021\/12\/13\/varikasta-tutkimuselamaa\/","name":"V\u00e4rik\u00e4st\u00e4 tutkimusel\u00e4m\u00e4\u00e4 - Puheenvuoroja","isPartOf":{"@id":"https:\/\/blogs.uef.fi\/puheenvuoroja\/#website"},"primaryImageOfPage":{"@id":"https:\/\/blogs.uef.fi\/puheenvuoroja\/2021\/12\/13\/varikasta-tutkimuselamaa\/#primaryimage"},"image":{"@id":"https:\/\/blogs.uef.fi\/puheenvuoroja\/2021\/12\/13\/varikasta-tutkimuselamaa\/#primaryimage"},"thumbnailUrl":"https:\/\/blogs.uef.fi\/puheenvuoroja\/wp-content\/uploads\/sites\/6\/2021\/12\/MostPhotos_10719012-pigment-copy-1024x682.jpg","datePublished":"2021-12-13T07:00:22+00:00","dateModified":"2025-05-13T09:35:51+00:00","author":{"@id":"https:\/\/blogs.uef.fi\/puheenvuoroja\/#\/schema\/person\/e561f7cf950913045543e3bbd3efa957"},"breadcrumb":{"@id":"https:\/\/blogs.uef.fi\/puheenvuoroja\/2021\/12\/13\/varikasta-tutkimuselamaa\/#breadcrumb"},"inLanguage":"fi","potentialAction":[{"@type":"ReadAction","target":["https:\/\/blogs.uef.fi\/puheenvuoroja\/2021\/12\/13\/varikasta-tutkimuselamaa\/"]}]},{"@type":"ImageObject","inLanguage":"fi","@id":"https:\/\/blogs.uef.fi\/puheenvuoroja\/2021\/12\/13\/varikasta-tutkimuselamaa\/#primaryimage","url":"https:\/\/blogs.uef.fi\/puheenvuoroja\/wp-content\/uploads\/sites\/6\/2021\/12\/MostPhotos_10719012-pigment-copy.jpg","contentUrl":"https:\/\/blogs.uef.fi\/puheenvuoroja\/wp-content\/uploads\/sites\/6\/2021\/12\/MostPhotos_10719012-pigment-copy.jpg","width":2000,"height":1333,"caption":"Pigment powder for sale at a market stall for artists"},{"@type":"BreadcrumbList","@id":"https:\/\/blogs.uef.fi\/puheenvuoroja\/2021\/12\/13\/varikasta-tutkimuselamaa\/#breadcrumb","itemListElement":[{"@type":"ListItem","position":1,"name":"Home","item":"https:\/\/blogs.uef.fi\/puheenvuoroja\/"},{"@type":"ListItem","position":2,"name":"V\u00e4rik\u00e4st\u00e4 tutkimusel\u00e4m\u00e4\u00e4"}]},{"@type":"WebSite","@id":"https:\/\/blogs.uef.fi\/puheenvuoroja\/#website","url":"https:\/\/blogs.uef.fi\/puheenvuoroja\/","name":"Puheenvuoroja","description":"","potentialAction":[{"@type":"SearchAction","target":{"@type":"EntryPoint","urlTemplate":"https:\/\/blogs.uef.fi\/puheenvuoroja\/?s={search_term_string}"},"query-input":{"@type":"PropertyValueSpecification","valueRequired":true,"valueName":"search_term_string"}}],"inLanguage":"fi"},{"@type":"Person","@id":"https:\/\/blogs.uef.fi\/puheenvuoroja\/#\/schema\/person\/e561f7cf950913045543e3bbd3efa957","name":"Viestint\u00e4","url":"https:\/\/blogs.uef.fi\/puheenvuoroja\/author\/ristol\/"}]}},"_links":{"self":[{"href":"https:\/\/blogs.uef.fi\/puheenvuoroja\/wp-json\/wp\/v2\/posts\/1333","targetHints":{"allow":["GET"]}}],"collection":[{"href":"https:\/\/blogs.uef.fi\/puheenvuoroja\/wp-json\/wp\/v2\/posts"}],"about":[{"href":"https:\/\/blogs.uef.fi\/puheenvuoroja\/wp-json\/wp\/v2\/types\/post"}],"author":[{"embeddable":true,"href":"https:\/\/blogs.uef.fi\/puheenvuoroja\/wp-json\/wp\/v2\/users\/192"}],"replies":[{"embeddable":true,"href":"https:\/\/blogs.uef.fi\/puheenvuoroja\/wp-json\/wp\/v2\/comments?post=1333"}],"version-history":[{"count":2,"href":"https:\/\/blogs.uef.fi\/puheenvuoroja\/wp-json\/wp\/v2\/posts\/1333\/revisions"}],"predecessor-version":[{"id":3299,"href":"https:\/\/blogs.uef.fi\/puheenvuoroja\/wp-json\/wp\/v2\/posts\/1333\/revisions\/3299"}],"wp:attachment":[{"href":"https:\/\/blogs.uef.fi\/puheenvuoroja\/wp-json\/wp\/v2\/media?parent=1333"}],"wp:term":[{"taxonomy":"category","embeddable":true,"href":"https:\/\/blogs.uef.fi\/puheenvuoroja\/wp-json\/wp\/v2\/categories?post=1333"},{"taxonomy":"post_tag","embeddable":true,"href":"https:\/\/blogs.uef.fi\/puheenvuoroja\/wp-json\/wp\/v2\/tags?post=1333"}],"curies":[{"name":"wp","href":"https:\/\/api.w.org\/{rel}","templated":true}]}}