{"id":1275,"date":"2021-10-20T10:10:59","date_gmt":"2021-10-20T07:10:59","guid":{"rendered":"https:\/\/blogs.uef.fi\/puheenvuoroja\/?p=1275"},"modified":"2025-05-13T12:32:08","modified_gmt":"2025-05-13T09:32:08","slug":"elokapina-ja-haaste-yliopistolle","status":"publish","type":"post","link":"https:\/\/blogs.uef.fi\/puheenvuoroja\/2021\/10\/20\/elokapina-ja-haaste-yliopistolle\/","title":{"rendered":"Elokapina ja haaste yliopistolle"},"content":{"rendered":"\n<p>Elokapinan n\u00e4ytt\u00e4v\u00e4 toiminta on viime aikoina her\u00e4tt\u00e4nyt paljon keskustelua, onneksi my\u00f6s itse asiasta. Kansalaisliikkeiden yksi rooli p\u00e4\u00e4t\u00f6ksentekoon vaikuttamisen ohella on haastaa muita toimijoita pohtimaan omaa toimintaansa.<\/p>\n\n\n\n<p>Elokapinan eteenp\u00e4in tuuppima keskustelu ekologisesta kriisist\u00e4 liittyykin paitsi poliittisiin valintoihin, my\u00f6s yksitt\u00e4isten instituutioiden toimintaan. Yliopistot luonnollisesti kuuluvat t\u00e4llaisiin instituutioihin. Pohdinnan arvoisia asioita ovat erityisesti suhtautuminen ymp\u00e4rist\u00f6vastuuseen ja yliopistojen rooli kriittisen kansalaisuuden vaalijoina.<\/p>\n\n\n\n<p>Ymp\u00e4rist\u00f6vastuulla voidaan tarkoittaa monenlaisia kierr\u00e4tys- ja energians\u00e4\u00e4st\u00f6ohjelmia, mutta yliopistojen yhteydess\u00e4 ydinasia on koulutus: miten ekologisen kriisin tulisi heijastua koulutuksen sis\u00e4lt\u00f6ihin?<\/p>\n\n\n\n<p>T\u00e4ll\u00e4 hetkell\u00e4 kest\u00e4v\u00e4 kehitys on hitaasti mutta m\u00e4\u00e4r\u00e4tietoisesti l\u00e4p\u00e4isem\u00e4ss\u00e4 yliopistokoulutusta. Sit\u00e4 pyrit\u00e4\u00e4n jalkauttamaan poikkitieteellisesti osaksi mit\u00e4 erilaisimpia sis\u00e4lt\u00f6j\u00e4, ja joissain papereissa kest\u00e4v\u00e4n kehityksen tuntemus esiintyy jo \u201dgeneerisen\u00e4 taitona\u201d. L\u00e4hivuosina vaatii jo jonkinlaista kieroa lahjakkuutta taiteilla itselleen yliopistotutkinto perehtym\u00e4tt\u00e4 kest\u00e4v\u00e4n kehityksen tavoitteisiin. Hyv\u00e4 niin: yliopistolla ymm\u00e4rret\u00e4\u00e4n, mik\u00e4 ajassa on t\u00e4rke\u00e4\u00e4.<\/p>\n\n\n\n<p>Kest\u00e4v\u00e4 kehitys on kuitenkin vain yksi tapa ekokriisin k\u00e4sitteellist\u00e4miseen. Siihen on sis\u00e4\u00e4nkirjoitettu korostetun tekninen l\u00e4ht\u00f6kohta: ongelmia hallitaan sopivanlaisella politiikkasektoreiden v\u00e4lisell\u00e4 yhteisty\u00f6ll\u00e4 yhdistettyn\u00e4 ohjattuun innovaatiotoimintaan. Kest\u00e4v\u00e4 kehitys on suorastaan ylpe\u00e4sti hallinnollista ja poliittisesti puolueetonta. Samalla kest\u00e4v\u00e4 kehitys kuitenkin sivuuttaa merkitt\u00e4v\u00e4n jakolinjan suhteessa ekokriisiin reagoimiseen. Juuri t\u00e4m\u00e4 on n\u00e4hd\u00e4kseni elokapinan esitt\u00e4m\u00e4 t\u00e4rke\u00e4 haaste.<\/p>\n\n\n\n<p>Jokseenkin kaikki ymm\u00e4rt\u00e4v\u00e4t, ett\u00e4 erityisesti ilmastonmuutoksen kanssa on tosi kyseess\u00e4. Mutta reaktiot asiaan ovat hyvin erilaisia. Yhdet haluavat luottaa vallitsevan el\u00e4m\u00e4ntavan jatkuvuuksiin ja siihen, ett\u00e4 ongelmat voidaan hoitaa j\u00e4rkev\u00e4sti jossain taustalla, hallinnollisina ja teknologisina toimenpitein\u00e4. Toisille kyse on h\u00e4t\u00e4tilasta, kriisist\u00e4 ja katkoksesta. Elokapina edustaa nimenomaan j\u00e4lkimm\u00e4ist\u00e4 ajatustapaa. Liikenteen h\u00e4iri\u00f6kin voidaan ajatella symbolisena eleen\u00e4, joka kertoo, ett\u00e4 nykyisen el\u00e4m\u00e4ntavan n\u00e4k\u00f6kulmasta h\u00e4iri\u00f6it\u00e4 on joka tapauksessa edess\u00e4. Kahdenlaisista h\u00e4iri\u00f6ist\u00e4 voidaan viel\u00e4 valita, ja el\u00e4m\u00e4ntavan muutokset ovat se pienempi paha.<\/p>\n\n\n\n<p>\u201dEl\u00e4m\u00e4ntapa\u201d on toki ep\u00e4m\u00e4\u00e4r\u00e4inen k\u00e4site. On kuitenkin kysymisen arvoista, mihin yliopisto ajattelee ihmisi\u00e4 valmistavansa. On varmasti yliopiston teht\u00e4v\u00e4 pit\u00e4\u00e4 huolta siit\u00e4, ett\u00e4 koulutetut ihmiset osaavat hallinnoida pulassa olevaa maailmaa ymp\u00e4rist\u00f6politiikan ja laajemminkin yl\u00e4tason politiikkakoordinaation keinoin. Mutta eik\u00f6 tulevaisuuteen varautuessa pit\u00e4isi osata hahmottaa ja k\u00e4sitteellist\u00e4\u00e4 my\u00f6s \u00e4kkik\u00e4\u00e4nn\u00f6ksi\u00e4, kriiseiss\u00e4 ja katkoksissa navigointia, luopumistakin?<\/p>\n\n\n\n<p>\u201dIlmastoh\u00e4t\u00e4tilan\u201d k\u00e4site, jota Elokapina on pit\u00e4nyt paljon esill\u00e4, viittaa nimenomaan tarpeeseen ajatella poikkeusaikojen k\u00e4sitteill\u00e4. Onkin mielenkiintoista seurata, miten kest\u00e4v\u00e4n kehityksen ja h\u00e4t\u00e4tilan k\u00e4sitteellistykset kamppailevat julkisuudessa ja erilaisten organisaatioiden itseymm\u00e4rryksess\u00e4. Toisaalta on hyv\u00e4 seurata, miten h\u00e4t\u00e4tila-ajattelu konkretisoituu: julistus voi my\u00f6s olla aika kevyt toimi. Entinen ty\u00f6nantajani Jyv\u00e4skyl\u00e4n yliopisto julisti taannoin ilmastoh\u00e4t\u00e4tilan ensimm\u00e4isen\u00e4 yliopistona Suomessa, mutta oli aika ty\u00f6l\u00e4st\u00e4 saada selv\u00e4\u00e4, mihin se k\u00e4yt\u00e4nn\u00f6ss\u00e4 vaikutti.<\/p>\n\n\n\n<p>Hallinnollisen j\u00e4rjen yksipuolinen vaaliminen ei ole ongelma ainoastaan liiallisen jatkuvuuksiin luottamisen takia. Toinen ongelma on illuusio hallinnollisen j\u00e4rjen aloitteellisuudesta. Hallinto ja politiikan arki kun ei lopulta ole kovin osaavaa ongelmien itsen\u00e4isess\u00e4 tunnistamisessa. Pikemmin ne noudattavat kulloinkin hallitsevaa k\u00e4sityst\u00e4 siit\u00e4, mit\u00e4 yhteiskunnalliset ongelmat ovat ja mink\u00e4laisia mahdollisia ratkaisumalleja niihin on olemassa. Hallinnon j\u00e4rki on paljon vahvemmin kansalaisten luoman paineen ohjaama kuin sen itseymm\u00e4rrys my\u00f6nt\u00e4\u00e4. Yliopistojen onkin hyv\u00e4 kysy\u00e4 itselt\u00e4\u00e4n, valmistavatko ne ihmisi\u00e4 j\u00e4rkev\u00e4n poliittisen ohjauksen toteuttamisen lis\u00e4ksi toimimaan aktiivisina ja kriittisin\u00e4 subjekteina.<\/p>\n\n\n\n<p>Pedagogisen viisauden mukaan koulutuksen haaste on valmistaa maailmaan, jota ei viel\u00e4 ole. Mutta t\u00e4m\u00e4k\u00e4\u00e4n ei riit\u00e4: pit\u00e4isi opettaa ihmisi\u00e4 vaatimaan maailmaa itselleen elinkelpoiseksi. On merkillepantavaa, ett\u00e4 kest\u00e4v\u00e4n kehityksen politiikka kattaa l\u00e4hes kaikki kuviteltavissa olevat yhteiskunnalliset kysymykset, mutta osallisuus ja kansalaisena toimiminen loistavat poissaolollaan.<\/p>\n\n\n\n<p>Osallistuvan kansalaisuuden n\u00e4k\u00f6kulman laimeus on jo valmiiksi suomalaisen poliittisen kulttuurin piirre. Suomalainen protestikulttuuri on perinteisesti hiljaista ja j\u00e4rjest\u00e4ytynytt\u00e4, ja monilla ihmisill\u00e4 on taipumus ajatella protesteja j\u00e4rjestyksen h\u00e4iritsemisen kehikossa, kansalaisosallistumisen oikeuksien k\u00e4ytt\u00e4misen kehikon sijaan. T\u00e4llainen mentaliteetti on vihamielist\u00e4 aktiiviselle yhteiskunnalliselle osallisuudelle ja vierastaa ajatusta mielens\u00e4 osoittamisen oikeuksista arvokkaina, kaikille kuuluvina oikeuksina.<\/p>\n\n\n\n<p>Kyseess\u00e4 on kuitenkin my\u00f6s sukupolvikysymys. Tutkimusten mukaan keski-ik\u00e4isten ja sit\u00e4 vanhempien keskuudessa ymm\u00e4rrys poliittisista perusoikeuksista on selv\u00e4sti heikompaa kuin nuoren sukupolven keskuudessa. T\u00e4m\u00e4 k\u00e4y ilmi esimerkiksi selvitett\u00e4ess\u00e4, kuinka suuri osa satunnaisesti valitusta vastaajajoukosta uskoo, ett\u00e4 mielenosoitukseen tarvitaan Suomessa poliisin lupa.<\/p>\n\n\n\n<p>Keski-ik\u00e4isen\u00e4 pid\u00e4n t\u00e4t\u00e4 my\u00f6s arkikokemuksen mukaisena. Selv\u00e4stikin lasteni sukupolvi, nykyiset koululaiset, oppivat kansalaisoikeuksista ja osallisuudesta paljon enemm\u00e4n kuin meid\u00e4n 1980-luvulla alakoulua k\u00e4yneiden sukupolvi oppi. Nykyiset koululaiset j\u00e4sent\u00e4v\u00e4t luontevammin asioita vaikkapa lasten oikeuksien kautta ja ovat tottuneempia ajattelemaan itse\u00e4\u00e4n osallistuvina subjekteina omassa l\u00e4hiyhteis\u00f6ss\u00e4\u00e4n. Koko ajan kasvaa sukupolvia, jotka ovat p\u00e4tev\u00e4n suorittamisen ohella hyvi\u00e4 my\u00f6s vaatimaan.<\/p>\n\n\n\n<p>Kysymys on siit\u00e4, ymm\u00e4rret\u00e4\u00e4nk\u00f6 t\u00e4m\u00e4 pedagogisena onnistumisena my\u00f6s silloin, kun nuorison protestointi on pyk\u00e4l\u00e4n verran radikaalimpaa? Ja ymm\u00e4rret\u00e4\u00e4nk\u00f6 yliopistojen identiteettity\u00f6ss\u00e4 vaalia kriittisen kansalaisuuden ihanteita? Vai katsooko yliopisto tyytyv\u00e4isen\u00e4 kohti tulevaisuutta, jossa poikkihallinnollista kest\u00e4v\u00e4\u00e4 kehityst\u00e4 kyll\u00e4 edistet\u00e4\u00e4n, mutta osallisuuden tilat kaventuvat \u2013 ja uskotaanko kest\u00e4v\u00e4n kehityksen tavoitteiden edes toteutuvan sellaisessa maailmassa?<\/p>\n\n\n\n<figure class=\"wp-block-image\"><a href=\"https:\/\/blogs.uef.fi\/puheenvuoroja\/wp-content\/uploads\/sites\/6\/2021\/10\/Teppo-Eskelinen-scaled.jpg\"><img loading=\"lazy\" decoding=\"async\" width=\"150\" height=\"150\" src=\"https:\/\/blogs.uef.fi\/puheenvuoroja\/wp-content\/uploads\/sites\/6\/2021\/10\/Teppo-Eskelinen-150x150.jpg\" alt=\"Yliopistonlehtori Teppo Eskelinen\" class=\"wp-image-1272\" srcset=\"https:\/\/blogs.uef.fi\/puheenvuoroja\/wp-content\/uploads\/sites\/6\/2021\/10\/Teppo-Eskelinen-150x150.jpg 150w, https:\/\/blogs.uef.fi\/puheenvuoroja\/wp-content\/uploads\/sites\/6\/2021\/10\/Teppo-Eskelinen-100x100.jpg 100w\" sizes=\"auto, (max-width: 150px) 100vw, 150px\" \/><\/a><\/figure>\n\n\n\n<p><strong>Teppo Eskelinen<br><\/strong>Yliopistonlehtori<br>Yhteiskuntatieteiden laitos, It\u00e4-Suomen yliopisto<\/p>\n\n\n\n<p>&nbsp;<\/p>\n\n\n\n<p>&nbsp;<\/p>\n","protected":false},"excerpt":{"rendered":"<p>Elokapinan n\u00e4ytt\u00e4v\u00e4 toiminta on viime aikoina her\u00e4tt\u00e4nyt paljon keskustelua, onneksi my\u00f6s itse asiasta. Kansalaisliikkeiden yksi rooli p\u00e4\u00e4t\u00f6ksentekoon vaikuttamisen ohella on haastaa muita toimijoita pohtimaan omaa toimintaansa. Elokapinan eteenp\u00e4in tuuppima keskustelu ekologisesta kriisist\u00e4 liittyykin paitsi poliittisiin valintoihin, my\u00f6s yksitt\u00e4isten instituutioiden toimintaan. Yliopistot luonnollisesti kuuluvat t\u00e4llaisiin instituutioihin. Pohdinnan arvoisia asioita ovat erityisesti suhtautuminen ymp\u00e4rist\u00f6vastuuseen ja yliopistojen rooli [&hellip;]<\/p>\n","protected":false},"author":192,"featured_media":0,"comment_status":"open","ping_status":"closed","sticky":false,"template":"","format":"standard","meta":{"_acf_changed":false,"footnotes":""},"categories":[879],"tags":[882,885,503,810,163],"class_list":["post-1275","post","type-post","status-publish","format-standard","hentry","category-teppo-eskelinen","tag-elokapina","tag-kansalaisuus","tag-kestava-kehitys","tag-osallisuus","tag-vaikuttaminen"],"acf":[],"yoast_head":"<!-- This site is optimized with the Yoast SEO plugin v27.3 - https:\/\/yoast.com\/product\/yoast-seo-wordpress\/ -->\n<title>Elokapina ja haaste yliopistolle - Puheenvuoroja<\/title>\n<meta name=\"robots\" content=\"index, follow, max-snippet:-1, max-image-preview:large, max-video-preview:-1\" \/>\n<link rel=\"canonical\" href=\"https:\/\/blogs.uef.fi\/puheenvuoroja\/2021\/10\/20\/elokapina-ja-haaste-yliopistolle\/\" \/>\n<meta property=\"og:locale\" content=\"fi_FI\" \/>\n<meta property=\"og:type\" content=\"article\" \/>\n<meta property=\"og:title\" content=\"Elokapina ja haaste yliopistolle - Puheenvuoroja\" \/>\n<meta property=\"og:description\" content=\"Elokapinan n\u00e4ytt\u00e4v\u00e4 toiminta on viime aikoina her\u00e4tt\u00e4nyt paljon keskustelua, onneksi my\u00f6s itse asiasta. Kansalaisliikkeiden yksi rooli p\u00e4\u00e4t\u00f6ksentekoon vaikuttamisen ohella on haastaa muita toimijoita pohtimaan omaa toimintaansa. Elokapinan eteenp\u00e4in tuuppima keskustelu ekologisesta kriisist\u00e4 liittyykin paitsi poliittisiin valintoihin, my\u00f6s yksitt\u00e4isten instituutioiden toimintaan. Yliopistot luonnollisesti kuuluvat t\u00e4llaisiin instituutioihin. Pohdinnan arvoisia asioita ovat erityisesti suhtautuminen ymp\u00e4rist\u00f6vastuuseen ja yliopistojen rooli [&hellip;]\" \/>\n<meta property=\"og:url\" content=\"https:\/\/blogs.uef.fi\/puheenvuoroja\/2021\/10\/20\/elokapina-ja-haaste-yliopistolle\/\" \/>\n<meta property=\"og:site_name\" content=\"Puheenvuoroja\" \/>\n<meta property=\"article:published_time\" content=\"2021-10-20T07:10:59+00:00\" \/>\n<meta property=\"article:modified_time\" content=\"2025-05-13T09:32:08+00:00\" \/>\n<meta property=\"og:image\" content=\"https:\/\/blogs.uef.fi\/puheenvuoroja\/wp-content\/uploads\/sites\/6\/2021\/10\/Teppo-Eskelinen-scaled.jpg\" \/>\n\t<meta property=\"og:image:width\" content=\"1734\" \/>\n\t<meta property=\"og:image:height\" content=\"2560\" \/>\n\t<meta property=\"og:image:type\" content=\"image\/jpeg\" \/>\n<meta name=\"author\" content=\"Viestint\u00e4\" \/>\n<meta name=\"twitter:card\" content=\"summary_large_image\" \/>\n<meta name=\"twitter:label1\" content=\"Kirjoittanut\" \/>\n\t<meta name=\"twitter:data1\" content=\"Viestint\u00e4\" \/>\n\t<meta name=\"twitter:label2\" content=\"Arvioitu lukuaika\" \/>\n\t<meta name=\"twitter:data2\" content=\"5 minuuttia\" \/>\n<script type=\"application\/ld+json\" class=\"yoast-schema-graph\">{\"@context\":\"https:\\\/\\\/schema.org\",\"@graph\":[{\"@type\":\"Article\",\"@id\":\"https:\\\/\\\/blogs.uef.fi\\\/puheenvuoroja\\\/2021\\\/10\\\/20\\\/elokapina-ja-haaste-yliopistolle\\\/#article\",\"isPartOf\":{\"@id\":\"https:\\\/\\\/blogs.uef.fi\\\/puheenvuoroja\\\/2021\\\/10\\\/20\\\/elokapina-ja-haaste-yliopistolle\\\/\"},\"author\":{\"name\":\"Viestint\u00e4\",\"@id\":\"https:\\\/\\\/blogs.uef.fi\\\/puheenvuoroja\\\/#\\\/schema\\\/person\\\/e561f7cf950913045543e3bbd3efa957\"},\"headline\":\"Elokapina ja haaste yliopistolle\",\"datePublished\":\"2021-10-20T07:10:59+00:00\",\"dateModified\":\"2025-05-13T09:32:08+00:00\",\"mainEntityOfPage\":{\"@id\":\"https:\\\/\\\/blogs.uef.fi\\\/puheenvuoroja\\\/2021\\\/10\\\/20\\\/elokapina-ja-haaste-yliopistolle\\\/\"},\"wordCount\":885,\"commentCount\":1,\"image\":{\"@id\":\"https:\\\/\\\/blogs.uef.fi\\\/puheenvuoroja\\\/2021\\\/10\\\/20\\\/elokapina-ja-haaste-yliopistolle\\\/#primaryimage\"},\"thumbnailUrl\":\"https:\\\/\\\/blogs.uef.fi\\\/puheenvuoroja\\\/wp-content\\\/uploads\\\/sites\\\/6\\\/2021\\\/10\\\/Teppo-Eskelinen-150x150.jpg\",\"keywords\":[\"Elokapina\",\"kansalaisuus\",\"kest\u00e4v\u00e4 kehitys\",\"osallisuus\",\"vaikuttaminen\"],\"articleSection\":[\"Teppo Eskelinen\"],\"inLanguage\":\"fi\",\"potentialAction\":[{\"@type\":\"CommentAction\",\"name\":\"Comment\",\"target\":[\"https:\\\/\\\/blogs.uef.fi\\\/puheenvuoroja\\\/2021\\\/10\\\/20\\\/elokapina-ja-haaste-yliopistolle\\\/#respond\"]}]},{\"@type\":\"WebPage\",\"@id\":\"https:\\\/\\\/blogs.uef.fi\\\/puheenvuoroja\\\/2021\\\/10\\\/20\\\/elokapina-ja-haaste-yliopistolle\\\/\",\"url\":\"https:\\\/\\\/blogs.uef.fi\\\/puheenvuoroja\\\/2021\\\/10\\\/20\\\/elokapina-ja-haaste-yliopistolle\\\/\",\"name\":\"Elokapina ja haaste yliopistolle - Puheenvuoroja\",\"isPartOf\":{\"@id\":\"https:\\\/\\\/blogs.uef.fi\\\/puheenvuoroja\\\/#website\"},\"primaryImageOfPage\":{\"@id\":\"https:\\\/\\\/blogs.uef.fi\\\/puheenvuoroja\\\/2021\\\/10\\\/20\\\/elokapina-ja-haaste-yliopistolle\\\/#primaryimage\"},\"image\":{\"@id\":\"https:\\\/\\\/blogs.uef.fi\\\/puheenvuoroja\\\/2021\\\/10\\\/20\\\/elokapina-ja-haaste-yliopistolle\\\/#primaryimage\"},\"thumbnailUrl\":\"https:\\\/\\\/blogs.uef.fi\\\/puheenvuoroja\\\/wp-content\\\/uploads\\\/sites\\\/6\\\/2021\\\/10\\\/Teppo-Eskelinen-150x150.jpg\",\"datePublished\":\"2021-10-20T07:10:59+00:00\",\"dateModified\":\"2025-05-13T09:32:08+00:00\",\"author\":{\"@id\":\"https:\\\/\\\/blogs.uef.fi\\\/puheenvuoroja\\\/#\\\/schema\\\/person\\\/e561f7cf950913045543e3bbd3efa957\"},\"breadcrumb\":{\"@id\":\"https:\\\/\\\/blogs.uef.fi\\\/puheenvuoroja\\\/2021\\\/10\\\/20\\\/elokapina-ja-haaste-yliopistolle\\\/#breadcrumb\"},\"inLanguage\":\"fi\",\"potentialAction\":[{\"@type\":\"ReadAction\",\"target\":[\"https:\\\/\\\/blogs.uef.fi\\\/puheenvuoroja\\\/2021\\\/10\\\/20\\\/elokapina-ja-haaste-yliopistolle\\\/\"]}]},{\"@type\":\"ImageObject\",\"inLanguage\":\"fi\",\"@id\":\"https:\\\/\\\/blogs.uef.fi\\\/puheenvuoroja\\\/2021\\\/10\\\/20\\\/elokapina-ja-haaste-yliopistolle\\\/#primaryimage\",\"url\":\"https:\\\/\\\/blogs.uef.fi\\\/puheenvuoroja\\\/wp-content\\\/uploads\\\/sites\\\/6\\\/2021\\\/10\\\/Teppo-Eskelinen-scaled.jpg\",\"contentUrl\":\"https:\\\/\\\/blogs.uef.fi\\\/puheenvuoroja\\\/wp-content\\\/uploads\\\/sites\\\/6\\\/2021\\\/10\\\/Teppo-Eskelinen-scaled.jpg\",\"width\":1734,\"height\":2560,\"caption\":\"Yliopistonlehtori Teppo Eskelinen\"},{\"@type\":\"BreadcrumbList\",\"@id\":\"https:\\\/\\\/blogs.uef.fi\\\/puheenvuoroja\\\/2021\\\/10\\\/20\\\/elokapina-ja-haaste-yliopistolle\\\/#breadcrumb\",\"itemListElement\":[{\"@type\":\"ListItem\",\"position\":1,\"name\":\"Home\",\"item\":\"https:\\\/\\\/blogs.uef.fi\\\/puheenvuoroja\\\/\"},{\"@type\":\"ListItem\",\"position\":2,\"name\":\"Elokapina ja haaste yliopistolle\"}]},{\"@type\":\"WebSite\",\"@id\":\"https:\\\/\\\/blogs.uef.fi\\\/puheenvuoroja\\\/#website\",\"url\":\"https:\\\/\\\/blogs.uef.fi\\\/puheenvuoroja\\\/\",\"name\":\"Puheenvuoroja\",\"description\":\"\",\"potentialAction\":[{\"@type\":\"SearchAction\",\"target\":{\"@type\":\"EntryPoint\",\"urlTemplate\":\"https:\\\/\\\/blogs.uef.fi\\\/puheenvuoroja\\\/?s={search_term_string}\"},\"query-input\":{\"@type\":\"PropertyValueSpecification\",\"valueRequired\":true,\"valueName\":\"search_term_string\"}}],\"inLanguage\":\"fi\"},{\"@type\":\"Person\",\"@id\":\"https:\\\/\\\/blogs.uef.fi\\\/puheenvuoroja\\\/#\\\/schema\\\/person\\\/e561f7cf950913045543e3bbd3efa957\",\"name\":\"Viestint\u00e4\",\"url\":\"https:\\\/\\\/blogs.uef.fi\\\/puheenvuoroja\\\/author\\\/ristol\\\/\"}]}<\/script>\n<!-- \/ Yoast SEO plugin. -->","yoast_head_json":{"title":"Elokapina ja haaste yliopistolle - Puheenvuoroja","robots":{"index":"index","follow":"follow","max-snippet":"max-snippet:-1","max-image-preview":"max-image-preview:large","max-video-preview":"max-video-preview:-1"},"canonical":"https:\/\/blogs.uef.fi\/puheenvuoroja\/2021\/10\/20\/elokapina-ja-haaste-yliopistolle\/","og_locale":"fi_FI","og_type":"article","og_title":"Elokapina ja haaste yliopistolle - Puheenvuoroja","og_description":"Elokapinan n\u00e4ytt\u00e4v\u00e4 toiminta on viime aikoina her\u00e4tt\u00e4nyt paljon keskustelua, onneksi my\u00f6s itse asiasta. Kansalaisliikkeiden yksi rooli p\u00e4\u00e4t\u00f6ksentekoon vaikuttamisen ohella on haastaa muita toimijoita pohtimaan omaa toimintaansa. Elokapinan eteenp\u00e4in tuuppima keskustelu ekologisesta kriisist\u00e4 liittyykin paitsi poliittisiin valintoihin, my\u00f6s yksitt\u00e4isten instituutioiden toimintaan. Yliopistot luonnollisesti kuuluvat t\u00e4llaisiin instituutioihin. Pohdinnan arvoisia asioita ovat erityisesti suhtautuminen ymp\u00e4rist\u00f6vastuuseen ja yliopistojen rooli [&hellip;]","og_url":"https:\/\/blogs.uef.fi\/puheenvuoroja\/2021\/10\/20\/elokapina-ja-haaste-yliopistolle\/","og_site_name":"Puheenvuoroja","article_published_time":"2021-10-20T07:10:59+00:00","article_modified_time":"2025-05-13T09:32:08+00:00","og_image":[{"width":1734,"height":2560,"url":"https:\/\/blogs.uef.fi\/puheenvuoroja\/wp-content\/uploads\/sites\/6\/2021\/10\/Teppo-Eskelinen-scaled.jpg","type":"image\/jpeg"}],"author":"Viestint\u00e4","twitter_card":"summary_large_image","twitter_misc":{"Kirjoittanut":"Viestint\u00e4","Arvioitu lukuaika":"5 minuuttia"},"schema":{"@context":"https:\/\/schema.org","@graph":[{"@type":"Article","@id":"https:\/\/blogs.uef.fi\/puheenvuoroja\/2021\/10\/20\/elokapina-ja-haaste-yliopistolle\/#article","isPartOf":{"@id":"https:\/\/blogs.uef.fi\/puheenvuoroja\/2021\/10\/20\/elokapina-ja-haaste-yliopistolle\/"},"author":{"name":"Viestint\u00e4","@id":"https:\/\/blogs.uef.fi\/puheenvuoroja\/#\/schema\/person\/e561f7cf950913045543e3bbd3efa957"},"headline":"Elokapina ja haaste yliopistolle","datePublished":"2021-10-20T07:10:59+00:00","dateModified":"2025-05-13T09:32:08+00:00","mainEntityOfPage":{"@id":"https:\/\/blogs.uef.fi\/puheenvuoroja\/2021\/10\/20\/elokapina-ja-haaste-yliopistolle\/"},"wordCount":885,"commentCount":1,"image":{"@id":"https:\/\/blogs.uef.fi\/puheenvuoroja\/2021\/10\/20\/elokapina-ja-haaste-yliopistolle\/#primaryimage"},"thumbnailUrl":"https:\/\/blogs.uef.fi\/puheenvuoroja\/wp-content\/uploads\/sites\/6\/2021\/10\/Teppo-Eskelinen-150x150.jpg","keywords":["Elokapina","kansalaisuus","kest\u00e4v\u00e4 kehitys","osallisuus","vaikuttaminen"],"articleSection":["Teppo Eskelinen"],"inLanguage":"fi","potentialAction":[{"@type":"CommentAction","name":"Comment","target":["https:\/\/blogs.uef.fi\/puheenvuoroja\/2021\/10\/20\/elokapina-ja-haaste-yliopistolle\/#respond"]}]},{"@type":"WebPage","@id":"https:\/\/blogs.uef.fi\/puheenvuoroja\/2021\/10\/20\/elokapina-ja-haaste-yliopistolle\/","url":"https:\/\/blogs.uef.fi\/puheenvuoroja\/2021\/10\/20\/elokapina-ja-haaste-yliopistolle\/","name":"Elokapina ja haaste yliopistolle - Puheenvuoroja","isPartOf":{"@id":"https:\/\/blogs.uef.fi\/puheenvuoroja\/#website"},"primaryImageOfPage":{"@id":"https:\/\/blogs.uef.fi\/puheenvuoroja\/2021\/10\/20\/elokapina-ja-haaste-yliopistolle\/#primaryimage"},"image":{"@id":"https:\/\/blogs.uef.fi\/puheenvuoroja\/2021\/10\/20\/elokapina-ja-haaste-yliopistolle\/#primaryimage"},"thumbnailUrl":"https:\/\/blogs.uef.fi\/puheenvuoroja\/wp-content\/uploads\/sites\/6\/2021\/10\/Teppo-Eskelinen-150x150.jpg","datePublished":"2021-10-20T07:10:59+00:00","dateModified":"2025-05-13T09:32:08+00:00","author":{"@id":"https:\/\/blogs.uef.fi\/puheenvuoroja\/#\/schema\/person\/e561f7cf950913045543e3bbd3efa957"},"breadcrumb":{"@id":"https:\/\/blogs.uef.fi\/puheenvuoroja\/2021\/10\/20\/elokapina-ja-haaste-yliopistolle\/#breadcrumb"},"inLanguage":"fi","potentialAction":[{"@type":"ReadAction","target":["https:\/\/blogs.uef.fi\/puheenvuoroja\/2021\/10\/20\/elokapina-ja-haaste-yliopistolle\/"]}]},{"@type":"ImageObject","inLanguage":"fi","@id":"https:\/\/blogs.uef.fi\/puheenvuoroja\/2021\/10\/20\/elokapina-ja-haaste-yliopistolle\/#primaryimage","url":"https:\/\/blogs.uef.fi\/puheenvuoroja\/wp-content\/uploads\/sites\/6\/2021\/10\/Teppo-Eskelinen-scaled.jpg","contentUrl":"https:\/\/blogs.uef.fi\/puheenvuoroja\/wp-content\/uploads\/sites\/6\/2021\/10\/Teppo-Eskelinen-scaled.jpg","width":1734,"height":2560,"caption":"Yliopistonlehtori Teppo Eskelinen"},{"@type":"BreadcrumbList","@id":"https:\/\/blogs.uef.fi\/puheenvuoroja\/2021\/10\/20\/elokapina-ja-haaste-yliopistolle\/#breadcrumb","itemListElement":[{"@type":"ListItem","position":1,"name":"Home","item":"https:\/\/blogs.uef.fi\/puheenvuoroja\/"},{"@type":"ListItem","position":2,"name":"Elokapina ja haaste yliopistolle"}]},{"@type":"WebSite","@id":"https:\/\/blogs.uef.fi\/puheenvuoroja\/#website","url":"https:\/\/blogs.uef.fi\/puheenvuoroja\/","name":"Puheenvuoroja","description":"","potentialAction":[{"@type":"SearchAction","target":{"@type":"EntryPoint","urlTemplate":"https:\/\/blogs.uef.fi\/puheenvuoroja\/?s={search_term_string}"},"query-input":{"@type":"PropertyValueSpecification","valueRequired":true,"valueName":"search_term_string"}}],"inLanguage":"fi"},{"@type":"Person","@id":"https:\/\/blogs.uef.fi\/puheenvuoroja\/#\/schema\/person\/e561f7cf950913045543e3bbd3efa957","name":"Viestint\u00e4","url":"https:\/\/blogs.uef.fi\/puheenvuoroja\/author\/ristol\/"}]}},"_links":{"self":[{"href":"https:\/\/blogs.uef.fi\/puheenvuoroja\/wp-json\/wp\/v2\/posts\/1275","targetHints":{"allow":["GET"]}}],"collection":[{"href":"https:\/\/blogs.uef.fi\/puheenvuoroja\/wp-json\/wp\/v2\/posts"}],"about":[{"href":"https:\/\/blogs.uef.fi\/puheenvuoroja\/wp-json\/wp\/v2\/types\/post"}],"author":[{"embeddable":true,"href":"https:\/\/blogs.uef.fi\/puheenvuoroja\/wp-json\/wp\/v2\/users\/192"}],"replies":[{"embeddable":true,"href":"https:\/\/blogs.uef.fi\/puheenvuoroja\/wp-json\/wp\/v2\/comments?post=1275"}],"version-history":[{"count":2,"href":"https:\/\/blogs.uef.fi\/puheenvuoroja\/wp-json\/wp\/v2\/posts\/1275\/revisions"}],"predecessor-version":[{"id":3295,"href":"https:\/\/blogs.uef.fi\/puheenvuoroja\/wp-json\/wp\/v2\/posts\/1275\/revisions\/3295"}],"wp:attachment":[{"href":"https:\/\/blogs.uef.fi\/puheenvuoroja\/wp-json\/wp\/v2\/media?parent=1275"}],"wp:term":[{"taxonomy":"category","embeddable":true,"href":"https:\/\/blogs.uef.fi\/puheenvuoroja\/wp-json\/wp\/v2\/categories?post=1275"},{"taxonomy":"post_tag","embeddable":true,"href":"https:\/\/blogs.uef.fi\/puheenvuoroja\/wp-json\/wp\/v2\/tags?post=1275"}],"curies":[{"name":"wp","href":"https:\/\/api.w.org\/{rel}","templated":true}]}}